{"id":14479,"date":"2025-08-20T12:00:52","date_gmt":"2025-08-20T10:00:52","guid":{"rendered":"https:\/\/www.anovapeneira.gal\/?p=14479"},"modified":"2025-08-14T13:17:20","modified_gmt":"2025-08-14T11:17:20","slug":"pcp-denuncia-degradacion-da-ligazon-ferroviaria-porto-vigo-e-exixe-medidas-urxentes","status":"publish","type":"post","link":"https:\/\/www.anovapeneira.gal\/index.php\/2025\/08\/20\/pcp-denuncia-degradacion-da-ligazon-ferroviaria-porto-vigo-e-exixe-medidas-urxentes\/","title":{"rendered":"PCP denuncia degradaci\u00f3n da ligaz\u00f3n ferroviaria Porto\u2013Vigo e exixe medidas urxentes"},"content":{"rendered":"\n<p>O Partido Comunista Portugu\u00e9s considera inadmis\u00edbel o estado de desinvestimento e degradaci\u00f3n a que chegou a ferrovia en Portugal, denunciando en particular a situaci\u00f3n da ligaz\u00f3n internacional entre o Porto e Vigo, agora nun estado de completa deterioraci\u00f3n.<\/p>\n\n\n\n<p>O desenvolvemento econ\u00f3mico do pa\u00eds, o direito \u00e1 mobilidade, a cohesi\u00f3n territorial e a sustentabilidade exixen unha ferrov\u00eda modernizada, con capacidade e cualidade para responder \u00e1s necesidades das poboaci\u00f3ns. No caso das ligaz\u00f3ns internacionais, a pol\u00edtica do Goberno ten sido destru\u00edr para entregar \u00e1s multinacionais europeas, como se comproba nos casos das ligaz\u00f3ns a Vigo e a Madrid. O PCP reafirma que continuar\u00e1 a intervir, coa luita necesaria, para garantir unha ferrov\u00eda ao servizo dos traballadores e das poboaci\u00f3ns.<\/p>\n\n\n\n<p>A partir da s\u00faa Organizaci\u00f3n da Emigraci\u00f3n, o PCP subli\u00f1a que, frente \u00e1s decenas de miles de traslados diarios na fronteira desta eurorrexi\u00f3n, \u00e9 esencial estabelecer li\u00f1as regulares de trens e de<br>transporte por estrada que respondan efectivamente \u00e1s necesidades das traballadoras e dos traballadores, permitindo organizar traslados en condici\u00f3ns dignas e confort\u00e1beis. A actual infraestrutura est\u00e1 lonxe de corresponder aos padr\u00f3ns m\u00ednimos exix\u00edbeis o noso tempo, Imponse a<br>creaci\u00f3n de ligaz\u00f3ns \u00fatiles, planeadas para servir as clases traballadoras.<\/p>\n\n\n\n<p>As locomotoras que aseguran o percorrido entre o Porto e Vigo est\u00e1n a atinxir o l\u00edmite de quil\u00f3metros percorridos, o que obriga \u00e1 realizaci\u00f3n de grandes revisi\u00f3ns en Espa\u00f1a. Segundo informaci\u00f3n divulgada, non existe acordo entre a CP \u2013Trens de Portugal\u2013 e a RENFE canto ao pagamento desas revisi\u00f3ns. En canto o servizo ferroviario se degrada, o Goberno lim\u00edtase a suceder conferencias de imprensa \u00e1 resoluci\u00f3n dos problemas. Unha cuesti\u00f3n elemental, como a necesidade de material circulante \u2013sen o cal non hai ferrov\u00eda\u2013, parece escapar ao Executivo, que contin\u00faa a non asegurar a modernizaci\u00f3n indispens\u00e1bel do parque ferroviario nacional.<\/p>\n\n\n\n<p>Frente a esta situaci\u00f3n, o Grupo Parlamentar do PCP presentou na Asemblea da Rep\u00fablica unha iniciativa (adxunta a esta nota, en PDF) solicitando ao Goberno, a trav\u00e9s do Ministerio das Infraestruturas e da Vivenda, que esclareza o punto de situaci\u00f3n da ligaz\u00f3n ferroviaria<br>Porto\u2013Vigo.<\/p>\n\n\n\n<p>Na mesma iniciativa, o PCP exixe a\u00ednda que o Goberno informe que medidas ir\u00e1 adoptar para que a CP dispo\u00f1a da capacidade necesaria \u00e1 modernizaci\u00f3n do seu material circulante, para garantir a mellor\u00eda da oferta ferroviaria \u2014 nacional e internacional \u2014 e a acompa\u00f1ar os investimentos en curso na infraestrutura, a pesar da absurda lentitude provocada pola liberalizaci\u00f3n, que destru\u00edu gran parte do saber facer nacional.<\/p>\n","protected":false},"excerpt":{"rendered":"<div class=\"mh-excerpt\"><p>O Partido Comunista Portugu\u00e9s considera inadmis\u00edbel o estado de desinvestimento e degradaci\u00f3n a que chegou a ferrovia en Portugal, denunciando en particular a situaci\u00f3n da ligaz\u00f3n internacional entre o Porto e Vigo, agora nun estado de completa deterioraci\u00f3n <a class=\"mh-excerpt-more\" href=\"https:\/\/www.anovapeneira.gal\/index.php\/2025\/08\/20\/pcp-denuncia-degradacion-da-ligazon-ferroviaria-porto-vigo-e-exixe-medidas-urxentes\/\" title=\"PCP denuncia degradaci\u00f3n da ligaz\u00f3n ferroviaria Porto\u2013Vigo e exixe medidas urxentes\">[&#8230;]<\/a><\/p>\n<\/div>","protected":false},"author":3,"featured_media":14480,"comment_status":"open","ping_status":"open","sticky":false,"template":"","format":"standard","meta":{"_exactmetrics_skip_tracking":false,"_exactmetrics_sitenote_active":false,"_exactmetrics_sitenote_note":"","_exactmetrics_sitenote_category":0,"footnotes":""},"categories":[19],"tags":[227],"class_list":{"0":"post-14479","1":"post","2":"type-post","3":"status-publish","4":"format-standard","5":"has-post-thumbnail","7":"category-vigo","8":"tag-concello-de-vigo"},"yoast_head":"<!-- This site is optimized with the Yoast SEO plugin v27.4 - https:\/\/yoast.com\/product\/yoast-seo-wordpress\/ -->\n<title>PCP denuncia degradaci\u00f3n da ligaz\u00f3n ferroviaria Porto\u2013Vigo e exixe medidas urxentes -<\/title>\n<meta name=\"robots\" content=\"index, follow, max-snippet:-1, max-image-preview:large, max-video-preview:-1\" \/>\n<link rel=\"canonical\" href=\"https:\/\/www.anovapeneira.gal\/index.php\/2025\/08\/20\/pcp-denuncia-degradacion-da-ligazon-ferroviaria-porto-vigo-e-exixe-medidas-urxentes\/\" \/>\n<meta property=\"og:locale\" content=\"gl_ES\" \/>\n<meta property=\"og:type\" content=\"article\" \/>\n<meta property=\"og:title\" content=\"PCP denuncia degradaci\u00f3n da ligaz\u00f3n ferroviaria Porto\u2013Vigo e exixe medidas urxentes -\" \/>\n<meta property=\"og:description\" content=\"O Partido Comunista Portugu\u00e9s considera inadmis\u00edbel o estado de desinvestimento e degradaci\u00f3n a que chegou a ferrovia en Portugal, denunciando en particular a situaci\u00f3n da ligaz\u00f3n internacional entre o Porto e Vigo, agora nun estado de completa deterioraci\u00f3n [...]\" \/>\n<meta property=\"og:url\" content=\"https:\/\/www.anovapeneira.gal\/index.php\/2025\/08\/20\/pcp-denuncia-degradacion-da-ligazon-ferroviaria-porto-vigo-e-exixe-medidas-urxentes\/\" \/>\n<meta property=\"article:publisher\" content=\"https:\/\/www.facebook.com\/anovapeneira\" \/>\n<meta property=\"article:published_time\" content=\"2025-08-20T10:00:52+00:00\" \/>\n<meta property=\"og:image\" content=\"https:\/\/www.anovapeneira.gal\/wp-content\/uploads\/2025\/08\/pcp2.png\" \/>\n\t<meta property=\"og:image:width\" content=\"720\" \/>\n\t<meta property=\"og:image:height\" content=\"432\" \/>\n\t<meta property=\"og:image:type\" content=\"image\/png\" \/>\n<meta name=\"author\" content=\"Redacci\u00f3n A Nova Peneira\" \/>\n<meta name=\"twitter:card\" content=\"summary_large_image\" \/>\n<meta name=\"twitter:creator\" content=\"@APeneira\" \/>\n<meta name=\"twitter:site\" content=\"@APeneira\" \/>\n<meta name=\"twitter:label1\" content=\"Escrito por\" \/>\n\t<meta name=\"twitter:data1\" content=\"Redacci\u00f3n A Nova Peneira\" \/>\n\t<meta name=\"twitter:label2\" content=\"Tempo de lectura\" \/>\n\t<meta name=\"twitter:data2\" content=\"3 minutos\" \/>\n<script type=\"application\/ld+json\" class=\"yoast-schema-graph\">{\"@context\":\"https:\\\/\\\/schema.org\",\"@graph\":[{\"@type\":\"Article\",\"@id\":\"https:\\\/\\\/www.anovapeneira.gal\\\/index.php\\\/2025\\\/08\\\/20\\\/pcp-denuncia-degradacion-da-ligazon-ferroviaria-porto-vigo-e-exixe-medidas-urxentes\\\/#article\",\"isPartOf\":{\"@id\":\"https:\\\/\\\/www.anovapeneira.gal\\\/index.php\\\/2025\\\/08\\\/20\\\/pcp-denuncia-degradacion-da-ligazon-ferroviaria-porto-vigo-e-exixe-medidas-urxentes\\\/\"},\"author\":{\"name\":\"Redacci\u00f3n A Nova Peneira\",\"@id\":\"https:\\\/\\\/www.anovapeneira.gal\\\/#\\\/schema\\\/person\\\/b93e3f8932e3f8da96334607eb6ac6aa\"},\"headline\":\"PCP denuncia degradaci\u00f3n da ligaz\u00f3n ferroviaria Porto\u2013Vigo e exixe medidas urxentes\",\"datePublished\":\"2025-08-20T10:00:52+00:00\",\"mainEntityOfPage\":{\"@id\":\"https:\\\/\\\/www.anovapeneira.gal\\\/index.php\\\/2025\\\/08\\\/20\\\/pcp-denuncia-degradacion-da-ligazon-ferroviaria-porto-vigo-e-exixe-medidas-urxentes\\\/\"},\"wordCount\":467,\"commentCount\":0,\"publisher\":{\"@id\":\"https:\\\/\\\/www.anovapeneira.gal\\\/#organization\"},\"image\":{\"@id\":\"https:\\\/\\\/www.anovapeneira.gal\\\/index.php\\\/2025\\\/08\\\/20\\\/pcp-denuncia-degradacion-da-ligazon-ferroviaria-porto-vigo-e-exixe-medidas-urxentes\\\/#primaryimage\"},\"thumbnailUrl\":\"https:\\\/\\\/www.anovapeneira.gal\\\/wp-content\\\/uploads\\\/2025\\\/08\\\/pcp2.png\",\"keywords\":[\"Concello de Vigo\"],\"articleSection\":[\"Vigo\"],\"inLanguage\":\"gl-ES\",\"potentialAction\":[{\"@type\":\"CommentAction\",\"name\":\"Comment\",\"target\":[\"https:\\\/\\\/www.anovapeneira.gal\\\/index.php\\\/2025\\\/08\\\/20\\\/pcp-denuncia-degradacion-da-ligazon-ferroviaria-porto-vigo-e-exixe-medidas-urxentes\\\/#respond\"]}]},{\"@type\":\"WebPage\",\"@id\":\"https:\\\/\\\/www.anovapeneira.gal\\\/index.php\\\/2025\\\/08\\\/20\\\/pcp-denuncia-degradacion-da-ligazon-ferroviaria-porto-vigo-e-exixe-medidas-urxentes\\\/\",\"url\":\"https:\\\/\\\/www.anovapeneira.gal\\\/index.php\\\/2025\\\/08\\\/20\\\/pcp-denuncia-degradacion-da-ligazon-ferroviaria-porto-vigo-e-exixe-medidas-urxentes\\\/\",\"name\":\"PCP denuncia degradaci\u00f3n da ligaz\u00f3n ferroviaria Porto\u2013Vigo e exixe medidas urxentes -\",\"isPartOf\":{\"@id\":\"https:\\\/\\\/www.anovapeneira.gal\\\/#website\"},\"primaryImageOfPage\":{\"@id\":\"https:\\\/\\\/www.anovapeneira.gal\\\/index.php\\\/2025\\\/08\\\/20\\\/pcp-denuncia-degradacion-da-ligazon-ferroviaria-porto-vigo-e-exixe-medidas-urxentes\\\/#primaryimage\"},\"image\":{\"@id\":\"https:\\\/\\\/www.anovapeneira.gal\\\/index.php\\\/2025\\\/08\\\/20\\\/pcp-denuncia-degradacion-da-ligazon-ferroviaria-porto-vigo-e-exixe-medidas-urxentes\\\/#primaryimage\"},\"thumbnailUrl\":\"https:\\\/\\\/www.anovapeneira.gal\\\/wp-content\\\/uploads\\\/2025\\\/08\\\/pcp2.png\",\"datePublished\":\"2025-08-20T10:00:52+00:00\",\"breadcrumb\":{\"@id\":\"https:\\\/\\\/www.anovapeneira.gal\\\/index.php\\\/2025\\\/08\\\/20\\\/pcp-denuncia-degradacion-da-ligazon-ferroviaria-porto-vigo-e-exixe-medidas-urxentes\\\/#breadcrumb\"},\"inLanguage\":\"gl-ES\",\"potentialAction\":[{\"@type\":\"ReadAction\",\"target\":[\"https:\\\/\\\/www.anovapeneira.gal\\\/index.php\\\/2025\\\/08\\\/20\\\/pcp-denuncia-degradacion-da-ligazon-ferroviaria-porto-vigo-e-exixe-medidas-urxentes\\\/\"]}]},{\"@type\":\"ImageObject\",\"inLanguage\":\"gl-ES\",\"@id\":\"https:\\\/\\\/www.anovapeneira.gal\\\/index.php\\\/2025\\\/08\\\/20\\\/pcp-denuncia-degradacion-da-ligazon-ferroviaria-porto-vigo-e-exixe-medidas-urxentes\\\/#primaryimage\",\"url\":\"https:\\\/\\\/www.anovapeneira.gal\\\/wp-content\\\/uploads\\\/2025\\\/08\\\/pcp2.png\",\"contentUrl\":\"https:\\\/\\\/www.anovapeneira.gal\\\/wp-content\\\/uploads\\\/2025\\\/08\\\/pcp2.png\",\"width\":720,\"height\":432},{\"@type\":\"BreadcrumbList\",\"@id\":\"https:\\\/\\\/www.anovapeneira.gal\\\/index.php\\\/2025\\\/08\\\/20\\\/pcp-denuncia-degradacion-da-ligazon-ferroviaria-porto-vigo-e-exixe-medidas-urxentes\\\/#breadcrumb\",\"itemListElement\":[{\"@type\":\"ListItem\",\"position\":1,\"name\":\"Portada\",\"item\":\"https:\\\/\\\/www.anovapeneira.gal\\\/\"},{\"@type\":\"ListItem\",\"position\":2,\"name\":\"PCP denuncia degradaci\u00f3n da ligaz\u00f3n ferroviaria Porto\u2013Vigo e exixe medidas urxentes\"}]},{\"@type\":\"WebSite\",\"@id\":\"https:\\\/\\\/www.anovapeneira.gal\\\/#website\",\"url\":\"https:\\\/\\\/www.anovapeneira.gal\\\/\",\"name\":\"\",\"description\":\"Xornal galego de informaci\u00f3n xeral Publicaci\u00f3n mensual de novas de Galicia e en especial dos Concellos da sur da provincia de Pontevedra.\",\"publisher\":{\"@id\":\"https:\\\/\\\/www.anovapeneira.gal\\\/#organization\"},\"potentialAction\":[{\"@type\":\"SearchAction\",\"target\":{\"@type\":\"EntryPoint\",\"urlTemplate\":\"https:\\\/\\\/www.anovapeneira.gal\\\/?s={search_term_string}\"},\"query-input\":{\"@type\":\"PropertyValueSpecification\",\"valueRequired\":true,\"valueName\":\"search_term_string\"}}],\"inLanguage\":\"gl-ES\"},{\"@type\":\"Organization\",\"@id\":\"https:\\\/\\\/www.anovapeneira.gal\\\/#organization\",\"name\":\"A Nova Peneira\",\"url\":\"https:\\\/\\\/www.anovapeneira.gal\\\/\",\"logo\":{\"@type\":\"ImageObject\",\"inLanguage\":\"gl-ES\",\"@id\":\"https:\\\/\\\/www.anovapeneira.gal\\\/#\\\/schema\\\/logo\\\/image\\\/\",\"url\":\"http:\\\/\\\/www.anovapeneira.gal\\\/wp-content\\\/uploads\\\/2019\\\/06\\\/logo_a_nova_peneira_portal_web.png\",\"contentUrl\":\"http:\\\/\\\/www.anovapeneira.gal\\\/wp-content\\\/uploads\\\/2019\\\/06\\\/logo_a_nova_peneira_portal_web.png\",\"width\":300,\"height\":100,\"caption\":\"A Nova Peneira\"},\"image\":{\"@id\":\"https:\\\/\\\/www.anovapeneira.gal\\\/#\\\/schema\\\/logo\\\/image\\\/\"},\"sameAs\":[\"https:\\\/\\\/www.facebook.com\\\/anovapeneira\",\"https:\\\/\\\/x.com\\\/APeneira\"]},{\"@type\":\"Person\",\"@id\":\"https:\\\/\\\/www.anovapeneira.gal\\\/#\\\/schema\\\/person\\\/b93e3f8932e3f8da96334607eb6ac6aa\",\"name\":\"Redacci\u00f3n A Nova Peneira\",\"image\":{\"@type\":\"ImageObject\",\"inLanguage\":\"gl-ES\",\"@id\":\"https:\\\/\\\/secure.gravatar.com\\\/avatar\\\/c052a2551a06e23fac63626232eaa90abd78dbcf1700fc46a2b2c89fd27b735f?s=96&d=mm&r=g\",\"url\":\"https:\\\/\\\/secure.gravatar.com\\\/avatar\\\/c052a2551a06e23fac63626232eaa90abd78dbcf1700fc46a2b2c89fd27b735f?s=96&d=mm&r=g\",\"contentUrl\":\"https:\\\/\\\/secure.gravatar.com\\\/avatar\\\/c052a2551a06e23fac63626232eaa90abd78dbcf1700fc46a2b2c89fd27b735f?s=96&d=mm&r=g\",\"caption\":\"Redacci\u00f3n A Nova Peneira\"},\"sameAs\":[\"http:\\\/\\\/www.anovapeneira.gal\\\/\"],\"url\":\"https:\\\/\\\/www.anovapeneira.gal\\\/index.php\\\/author\\\/redactor\\\/\"}]}<\/script>\n<!-- \/ Yoast SEO plugin. -->","yoast_head_json":{"title":"PCP denuncia degradaci\u00f3n da ligaz\u00f3n ferroviaria Porto\u2013Vigo e exixe medidas urxentes -","robots":{"index":"index","follow":"follow","max-snippet":"max-snippet:-1","max-image-preview":"max-image-preview:large","max-video-preview":"max-video-preview:-1"},"canonical":"https:\/\/www.anovapeneira.gal\/index.php\/2025\/08\/20\/pcp-denuncia-degradacion-da-ligazon-ferroviaria-porto-vigo-e-exixe-medidas-urxentes\/","og_locale":"gl_ES","og_type":"article","og_title":"PCP denuncia degradaci\u00f3n da ligaz\u00f3n ferroviaria Porto\u2013Vigo e exixe medidas urxentes -","og_description":"O Partido Comunista Portugu\u00e9s considera inadmis\u00edbel o estado de desinvestimento e degradaci\u00f3n a que chegou a ferrovia en Portugal, denunciando en particular a situaci\u00f3n da ligaz\u00f3n internacional entre o Porto e Vigo, agora nun estado de completa deterioraci\u00f3n [...]","og_url":"https:\/\/www.anovapeneira.gal\/index.php\/2025\/08\/20\/pcp-denuncia-degradacion-da-ligazon-ferroviaria-porto-vigo-e-exixe-medidas-urxentes\/","article_publisher":"https:\/\/www.facebook.com\/anovapeneira","article_published_time":"2025-08-20T10:00:52+00:00","og_image":[{"width":720,"height":432,"url":"https:\/\/www.anovapeneira.gal\/wp-content\/uploads\/2025\/08\/pcp2.png","type":"image\/png"}],"author":"Redacci\u00f3n A Nova Peneira","twitter_card":"summary_large_image","twitter_creator":"@APeneira","twitter_site":"@APeneira","twitter_misc":{"Escrito por":"Redacci\u00f3n A Nova Peneira","Tempo de lectura":"3 minutos"},"schema":{"@context":"https:\/\/schema.org","@graph":[{"@type":"Article","@id":"https:\/\/www.anovapeneira.gal\/index.php\/2025\/08\/20\/pcp-denuncia-degradacion-da-ligazon-ferroviaria-porto-vigo-e-exixe-medidas-urxentes\/#article","isPartOf":{"@id":"https:\/\/www.anovapeneira.gal\/index.php\/2025\/08\/20\/pcp-denuncia-degradacion-da-ligazon-ferroviaria-porto-vigo-e-exixe-medidas-urxentes\/"},"author":{"name":"Redacci\u00f3n A Nova Peneira","@id":"https:\/\/www.anovapeneira.gal\/#\/schema\/person\/b93e3f8932e3f8da96334607eb6ac6aa"},"headline":"PCP denuncia degradaci\u00f3n da ligaz\u00f3n ferroviaria Porto\u2013Vigo e exixe medidas urxentes","datePublished":"2025-08-20T10:00:52+00:00","mainEntityOfPage":{"@id":"https:\/\/www.anovapeneira.gal\/index.php\/2025\/08\/20\/pcp-denuncia-degradacion-da-ligazon-ferroviaria-porto-vigo-e-exixe-medidas-urxentes\/"},"wordCount":467,"commentCount":0,"publisher":{"@id":"https:\/\/www.anovapeneira.gal\/#organization"},"image":{"@id":"https:\/\/www.anovapeneira.gal\/index.php\/2025\/08\/20\/pcp-denuncia-degradacion-da-ligazon-ferroviaria-porto-vigo-e-exixe-medidas-urxentes\/#primaryimage"},"thumbnailUrl":"https:\/\/www.anovapeneira.gal\/wp-content\/uploads\/2025\/08\/pcp2.png","keywords":["Concello de Vigo"],"articleSection":["Vigo"],"inLanguage":"gl-ES","potentialAction":[{"@type":"CommentAction","name":"Comment","target":["https:\/\/www.anovapeneira.gal\/index.php\/2025\/08\/20\/pcp-denuncia-degradacion-da-ligazon-ferroviaria-porto-vigo-e-exixe-medidas-urxentes\/#respond"]}]},{"@type":"WebPage","@id":"https:\/\/www.anovapeneira.gal\/index.php\/2025\/08\/20\/pcp-denuncia-degradacion-da-ligazon-ferroviaria-porto-vigo-e-exixe-medidas-urxentes\/","url":"https:\/\/www.anovapeneira.gal\/index.php\/2025\/08\/20\/pcp-denuncia-degradacion-da-ligazon-ferroviaria-porto-vigo-e-exixe-medidas-urxentes\/","name":"PCP denuncia degradaci\u00f3n da ligaz\u00f3n ferroviaria Porto\u2013Vigo e exixe medidas urxentes -","isPartOf":{"@id":"https:\/\/www.anovapeneira.gal\/#website"},"primaryImageOfPage":{"@id":"https:\/\/www.anovapeneira.gal\/index.php\/2025\/08\/20\/pcp-denuncia-degradacion-da-ligazon-ferroviaria-porto-vigo-e-exixe-medidas-urxentes\/#primaryimage"},"image":{"@id":"https:\/\/www.anovapeneira.gal\/index.php\/2025\/08\/20\/pcp-denuncia-degradacion-da-ligazon-ferroviaria-porto-vigo-e-exixe-medidas-urxentes\/#primaryimage"},"thumbnailUrl":"https:\/\/www.anovapeneira.gal\/wp-content\/uploads\/2025\/08\/pcp2.png","datePublished":"2025-08-20T10:00:52+00:00","breadcrumb":{"@id":"https:\/\/www.anovapeneira.gal\/index.php\/2025\/08\/20\/pcp-denuncia-degradacion-da-ligazon-ferroviaria-porto-vigo-e-exixe-medidas-urxentes\/#breadcrumb"},"inLanguage":"gl-ES","potentialAction":[{"@type":"ReadAction","target":["https:\/\/www.anovapeneira.gal\/index.php\/2025\/08\/20\/pcp-denuncia-degradacion-da-ligazon-ferroviaria-porto-vigo-e-exixe-medidas-urxentes\/"]}]},{"@type":"ImageObject","inLanguage":"gl-ES","@id":"https:\/\/www.anovapeneira.gal\/index.php\/2025\/08\/20\/pcp-denuncia-degradacion-da-ligazon-ferroviaria-porto-vigo-e-exixe-medidas-urxentes\/#primaryimage","url":"https:\/\/www.anovapeneira.gal\/wp-content\/uploads\/2025\/08\/pcp2.png","contentUrl":"https:\/\/www.anovapeneira.gal\/wp-content\/uploads\/2025\/08\/pcp2.png","width":720,"height":432},{"@type":"BreadcrumbList","@id":"https:\/\/www.anovapeneira.gal\/index.php\/2025\/08\/20\/pcp-denuncia-degradacion-da-ligazon-ferroviaria-porto-vigo-e-exixe-medidas-urxentes\/#breadcrumb","itemListElement":[{"@type":"ListItem","position":1,"name":"Portada","item":"https:\/\/www.anovapeneira.gal\/"},{"@type":"ListItem","position":2,"name":"PCP denuncia degradaci\u00f3n da ligaz\u00f3n ferroviaria Porto\u2013Vigo e exixe medidas urxentes"}]},{"@type":"WebSite","@id":"https:\/\/www.anovapeneira.gal\/#website","url":"https:\/\/www.anovapeneira.gal\/","name":"","description":"Xornal galego de informaci\u00f3n xeral Publicaci\u00f3n mensual de novas de Galicia e en especial dos Concellos da sur da provincia de Pontevedra.","publisher":{"@id":"https:\/\/www.anovapeneira.gal\/#organization"},"potentialAction":[{"@type":"SearchAction","target":{"@type":"EntryPoint","urlTemplate":"https:\/\/www.anovapeneira.gal\/?s={search_term_string}"},"query-input":{"@type":"PropertyValueSpecification","valueRequired":true,"valueName":"search_term_string"}}],"inLanguage":"gl-ES"},{"@type":"Organization","@id":"https:\/\/www.anovapeneira.gal\/#organization","name":"A Nova Peneira","url":"https:\/\/www.anovapeneira.gal\/","logo":{"@type":"ImageObject","inLanguage":"gl-ES","@id":"https:\/\/www.anovapeneira.gal\/#\/schema\/logo\/image\/","url":"http:\/\/www.anovapeneira.gal\/wp-content\/uploads\/2019\/06\/logo_a_nova_peneira_portal_web.png","contentUrl":"http:\/\/www.anovapeneira.gal\/wp-content\/uploads\/2019\/06\/logo_a_nova_peneira_portal_web.png","width":300,"height":100,"caption":"A Nova Peneira"},"image":{"@id":"https:\/\/www.anovapeneira.gal\/#\/schema\/logo\/image\/"},"sameAs":["https:\/\/www.facebook.com\/anovapeneira","https:\/\/x.com\/APeneira"]},{"@type":"Person","@id":"https:\/\/www.anovapeneira.gal\/#\/schema\/person\/b93e3f8932e3f8da96334607eb6ac6aa","name":"Redacci\u00f3n A Nova Peneira","image":{"@type":"ImageObject","inLanguage":"gl-ES","@id":"https:\/\/secure.gravatar.com\/avatar\/c052a2551a06e23fac63626232eaa90abd78dbcf1700fc46a2b2c89fd27b735f?s=96&d=mm&r=g","url":"https:\/\/secure.gravatar.com\/avatar\/c052a2551a06e23fac63626232eaa90abd78dbcf1700fc46a2b2c89fd27b735f?s=96&d=mm&r=g","contentUrl":"https:\/\/secure.gravatar.com\/avatar\/c052a2551a06e23fac63626232eaa90abd78dbcf1700fc46a2b2c89fd27b735f?s=96&d=mm&r=g","caption":"Redacci\u00f3n A Nova Peneira"},"sameAs":["http:\/\/www.anovapeneira.gal\/"],"url":"https:\/\/www.anovapeneira.gal\/index.php\/author\/redactor\/"}]}},"jetpack_featured_media_url":"https:\/\/www.anovapeneira.gal\/wp-content\/uploads\/2025\/08\/pcp2.png","_links":{"self":[{"href":"https:\/\/www.anovapeneira.gal\/index.php\/wp-json\/wp\/v2\/posts\/14479","targetHints":{"allow":["GET"]}}],"collection":[{"href":"https:\/\/www.anovapeneira.gal\/index.php\/wp-json\/wp\/v2\/posts"}],"about":[{"href":"https:\/\/www.anovapeneira.gal\/index.php\/wp-json\/wp\/v2\/types\/post"}],"author":[{"embeddable":true,"href":"https:\/\/www.anovapeneira.gal\/index.php\/wp-json\/wp\/v2\/users\/3"}],"replies":[{"embeddable":true,"href":"https:\/\/www.anovapeneira.gal\/index.php\/wp-json\/wp\/v2\/comments?post=14479"}],"version-history":[{"count":1,"href":"https:\/\/www.anovapeneira.gal\/index.php\/wp-json\/wp\/v2\/posts\/14479\/revisions"}],"predecessor-version":[{"id":14481,"href":"https:\/\/www.anovapeneira.gal\/index.php\/wp-json\/wp\/v2\/posts\/14479\/revisions\/14481"}],"wp:featuredmedia":[{"embeddable":true,"href":"https:\/\/www.anovapeneira.gal\/index.php\/wp-json\/wp\/v2\/media\/14480"}],"wp:attachment":[{"href":"https:\/\/www.anovapeneira.gal\/index.php\/wp-json\/wp\/v2\/media?parent=14479"}],"wp:term":[{"taxonomy":"category","embeddable":true,"href":"https:\/\/www.anovapeneira.gal\/index.php\/wp-json\/wp\/v2\/categories?post=14479"},{"taxonomy":"post_tag","embeddable":true,"href":"https:\/\/www.anovapeneira.gal\/index.php\/wp-json\/wp\/v2\/tags?post=14479"}],"curies":[{"name":"wp","href":"https:\/\/api.w.org\/{rel}","templated":true}]}}