{"id":14485,"date":"2025-08-21T12:00:09","date_gmt":"2025-08-21T10:00:09","guid":{"rendered":"https:\/\/www.anovapeneira.gal\/?p=14485"},"modified":"2025-08-21T08:57:30","modified_gmt":"2025-08-21T06:57:30","slug":"festa-virxe-dos-aflixidos-de-zamans-2025","status":"publish","type":"post","link":"https:\/\/www.anovapeneira.gal\/index.php\/2025\/08\/21\/festa-virxe-dos-aflixidos-de-zamans-2025\/","title":{"rendered":"Festa Virxe dos Aflixidos de Zam\u00e1ns 2025"},"content":{"rendered":"\n<h4 class=\"wp-block-heading\">Os vindeiros 5, 6, 7 e 8 de setembro cel\u00e9branse en Zam\u00e1ns, esta fermosa parroquia de Vigo, con pouco m\u00e1is de 800 veci\u00f1as e veci\u00f1os, as s\u00faas festas na Honra da Virxe dos Aflixidos. Estas festas son sentimento para as s\u00faas veci\u00f1as e veci\u00f1os, fin de semana de encontros con amigos da infancia, familiares e xentes doutras parroquias asiduas a vir gozar a este lugar onde non vai faltar o cheiro a cordeiro, marisco, polbo e vi\u00f1o do pa\u00eds e outros manxares da gastronom\u00eda do lugar, nuns d\u00edas de festas inesquecibles.<\/h4>\n\n\n\n<p>A comisi\u00f3n encargada este ano da organizaci\u00f3n da festa, que se celebra no Parque Forestal de Zam\u00e1ns, \u00e9 probablemente a m\u00e1is nova dos \u00faltimos tempos con quince persoas de entre 20 e 50 anos.Estas mozas e mozos son un grupo de amigos e amigas que decidiron que non quer\u00edan que a s\u00faa parroquia se quedase sen festas, pois estas son moi antigas, con m\u00e1is de setenta anos, son unha tradici\u00f3n que non se pode perder porque son motivo de reuni\u00f3ns familiares, amigos e amigas, veci\u00f1os e veci\u00f1as que durante estes catro d\u00edas de celebraci\u00f3ns x\u00fantanse para comer, beber, troulear e compartir experiencias. Estas once rapazas e catro rapaces de Zam\u00e1ns e unha achegada de Valadares, con Cristofer Cabreira Vila como presidente, decidiron coller as rendas da comisi\u00f3n sen ter ningunha experiencia neste campo, pero sen que isto lles impedira facelo con moit\u00edsima ilusi\u00f3n e pux\u00e9ronse de inmediato a dar ideas e traballar para organizar eventos durante todo o ano e as\u00ed poder sufragar os gastos da mesma, que ascenden a uns 110.000\u20ac. Para recadar este montante traballaron durante todo o ano o Bar da Comisi\u00f3n, situado no parque Forestal de Zam\u00e1ns. Estivo aberto de venres a domingo, festivos e v\u00e9speras de festivos. 3 domingos ao mes tiveron a concesi\u00f3n do Aparcadoiro da Feira de San Cosme.<\/p>\n\n\n\n<p>Fixeron bingo social os s\u00e1bados pola noite e despois do bingo tra\u00edan DJS asiduamente e organizaron festas para a xente m\u00e1is nova amante da m\u00fasica, celebraron o entroido de inverno e o de ver\u00e1n, fixeron unha Xuntanza Cabalar e unha Festa do Motor na que ata houbo un cami\u00f3n de carreiras, organizaron un Torneo de Petanca, unha Andaina Popular e tam\u00e9n tiveron festas infant\u00eds con inchables alg\u00fans domingos polas tardes para os m\u00e1is pequechos e pequechas da parroquia e da s\u00faa contorna.<\/p>\n\n\n\n<p>Prepararon tam\u00e9n algunha cena de carnes como a do xabaril e trouxeron un cantante para amenizar as mesmas que tiveron moi boa acollida. O que tam\u00e9n fixeron foi catro Bingos Er\u00f3ticos para maiores de idade e non deixaron de organizar a festa do patr\u00f3n da parroquia, San Mamede, que se celebrou o pasado 7 de Agosto na praza da igrexa. Este d\u00eda \u00e9 moi especial para a parroquia. Os grupos encargados de amenizalo son todos de Zam\u00e1ns, por isto \u00e9 un tempo de orgullo para os veci\u00f1os e veci\u00f1as. Este ano os actos comezaron \u00e1s oito da tarde coa celebraci\u00f3n da misa cantada pola Coral Polif\u00f3nica da AVCR San Mamede de Zam\u00e1ns. Ao rematar a misa actuou o grupo de pandeiretas Abeleira da AVCR e o grupo de gaitas Xinela, tam\u00e9n da asociaci\u00f3n veci\u00f1al. Todos estes actos e a sa\u00edda en procesi\u00f3n do santo foron ao redor da igrexa. Xa pola noiti\u00f1a foi o Tr\u00edo Bah\u00eda o encargado de po\u00f1erlle m\u00fasica \u00e1 verbena na praza da parroquia onde as persoas al\u00ed presentes, veci\u00f1os, veci\u00f1as e xentes doutras parroquias non deixaron de bailar e troulear ata ben entrada \u00e1 madrugada.<\/p>\n\n\n\n<p>Xa para a programaci\u00f3n dos d\u00edas grandes do primeiro fin de semana de setembro, festa que nos tomamos como despedida da \u00e9poca estival e volta ao cole e a rutina, non falta grupo nin orquestra das grandes que van vir a Zam\u00e1ns estes d\u00edas.<\/p>\n\n\n\n<p><em><u><strong>Programaci\u00f3n:<\/strong><\/u><\/em><\/p>\n\n\n\n<p>A festa comeza o <em><strong>venres 5<\/strong><\/em> \u00e1s 20:30h da tarde, ser\u00e1 o momento do preg\u00f3n, do que os integrantes da comisi\u00f3n non soltan palabra, pois queren que sexa unha sorpresa para a veci\u00f1anza da parroquia. A continuaci\u00f3n haber\u00e1 empanada gratis para os socios e socias e estar\u00e1 amenizada pola charanga Vai de Baile, ser\u00e1 no torreiro da festa.<\/p>\n\n\n\n<p>Como novidade esta ano a comisi\u00f3n organiza o festival de m\u00fasica Encoro Fest, este ser\u00e1 a partir das 23:00h da noite no Parque Forestal e a entrada ser\u00e1 de balde para todas as persoas que queiran pasar unha noite de festa e m\u00fasica.<\/p>\n\n\n\n<p>O <em><strong>s\u00e1bado 6<\/strong><\/em> \u00e1s 19:30h ser\u00e1 a tirada de fogos e, ao rematar, contaremos coa Banda de M\u00fasica de Tarragona. A verbena comezar\u00e1 \u00e1s 22:30h coas orquestras Charleston e Panam\u00e1 Band que ser\u00e1n as encargadas de po\u00f1er m\u00fasica no torreiro ata altas horas da madrugada.<\/p>\n\n\n\n<p>O <em><strong>domingo 7<\/strong><\/em> pola ma\u00f1\u00e1 ser\u00e1 a banda de m\u00fasica Agrupaci\u00f3n Musical Atl\u00e1ntida de Matam\u00e1 a que acompa\u00f1ar\u00e1 \u00e1 procesi\u00f3n da Santa \u00e1 sa\u00edda da misa, misa que ser\u00e1 cantada pola Coral polif\u00f3nica da AVCR San Mamede de Zam\u00e1ns \u00e1s 12.00h. Xa pola noite, ser\u00e1n as orquestras Funcao P\u00fablica e Saudade as encargadas de po\u00f1er a nota musical a partir das 22:00h no torreiro.<\/p>\n\n\n\n<p>O <em><strong>luns 8<\/strong><\/em>, \u00faltimo d\u00eda da festa, teremos \u00e1s 11:00h. misa e procesi\u00f3n acompa\u00f1ada pola Banda de M\u00fasica de Gul\u00e1ns. \u00c1s 12:30h poxas e concerto d\u00e1 citada banda de m\u00fasica no torreiro da festa. \u00c1s 17:00h as populares cuca\u00f1as, as tradicionais con xogos populares e xa pola noite, a partir das 22:00h. ser\u00e1n as orquestras Combo Dominicano e Cinema as encargadas de dar broche final a estes catro d\u00edas de festa.<\/p>\n\n\n\n<p>Os actos relixiosos que xiran ao redor desta gran celebraci\u00f3n l\u00fadica e relixiosa comezar\u00e1n o venres 29 de agosto \u00e1s 19:00h, este d\u00eda ser\u00e1 o inicio da novena.<\/p>\n\n\n\n<p>O s\u00e1bado 6 de setembro \u00e1s 17:30h haber\u00e1 ofrenda floral e misa.<\/p>\n\n\n\n<p>Para o domingo 7 as misas ser\u00e1n \u00e1s 9:00h, \u00e1s 10:00h, \u00e1s 11:00h, \u00e1s 12:00h (est\u00e1 ser\u00e1 a misa cantada coa procesi\u00f3n da virxe) e \u00e1s 18:00h da tarde a \u00faltima do d\u00eda.<\/p>\n\n\n\n<p>O luns 8 s\u00f3 haber\u00e1 a musa grande con procesi\u00f3n \u00e1s 11:00h da ma\u00f1\u00e1.<\/p>\n\n\n\n<figure class=\"wp-block-gallery has-nested-images columns-default is-cropped wp-block-gallery-1 is-layout-flex wp-block-gallery-is-layout-flex\">\n<figure class=\"wp-block-image size-large\"><img loading=\"lazy\" decoding=\"async\" width=\"727\" height=\"1024\" data-id=\"14487\" src=\"https:\/\/www.anovapeneira.gal\/wp-content\/uploads\/2025\/08\/Zamans-1-727x1024.jpeg\" alt=\"\" class=\"wp-image-14487\" srcset=\"https:\/\/www.anovapeneira.gal\/wp-content\/uploads\/2025\/08\/Zamans-1-727x1024.jpeg 727w, https:\/\/www.anovapeneira.gal\/wp-content\/uploads\/2025\/08\/Zamans-1-213x300.jpeg 213w, https:\/\/www.anovapeneira.gal\/wp-content\/uploads\/2025\/08\/Zamans-1-768x1082.jpeg 768w, https:\/\/www.anovapeneira.gal\/wp-content\/uploads\/2025\/08\/Zamans-1.jpeg 1041w\" sizes=\"auto, (max-width: 727px) 100vw, 727px\" \/><\/figure>\n\n\n\n<figure class=\"wp-block-image size-large\"><img loading=\"lazy\" decoding=\"async\" width=\"768\" height=\"1024\" data-id=\"14488\" src=\"https:\/\/www.anovapeneira.gal\/wp-content\/uploads\/2025\/08\/Zamans-2-768x1024.jpeg\" alt=\"\" class=\"wp-image-14488\" srcset=\"https:\/\/www.anovapeneira.gal\/wp-content\/uploads\/2025\/08\/Zamans-2-768x1024.jpeg 768w, https:\/\/www.anovapeneira.gal\/wp-content\/uploads\/2025\/08\/Zamans-2-225x300.jpeg 225w, https:\/\/www.anovapeneira.gal\/wp-content\/uploads\/2025\/08\/Zamans-2-1152x1536.jpeg 1152w, https:\/\/www.anovapeneira.gal\/wp-content\/uploads\/2025\/08\/Zamans-2.jpeg 1200w\" sizes=\"auto, (max-width: 768px) 100vw, 768px\" \/><\/figure>\n<\/figure>\n\n\n\n<p>Como vedes unha gran programaci\u00f3n coa que animar a veci\u00f1os, veci\u00f1as e xente que queira visitar esta fermosa parroquia da contorna de Vigo que se anime este ano a pasarse polas festas de Zam\u00e1ns, pois esta comisi\u00f3n de xente moi novi\u00f1a e sen experiencia traballou arreo durante todo o ano, cos seus erros e acertos pero sempre coa boa intenci\u00f3n de facer que a xente ve\u00f1a gozar esta primeira fin de semana de setembro a Zam\u00e1ns.<\/p>\n","protected":false},"excerpt":{"rendered":"<div class=\"mh-excerpt\"><p>Os vindeiros 5, 6, 7 e 8 de setembro cel\u00e9branse en Zam\u00e1ns, esta fermosa parroquia de Vigo, con pouco m\u00e1is de 800 veci\u00f1as e veci\u00f1os, as s\u00faas festas na Honra da Virxe dos Aflixidos. <a class=\"mh-excerpt-more\" href=\"https:\/\/www.anovapeneira.gal\/index.php\/2025\/08\/21\/festa-virxe-dos-aflixidos-de-zamans-2025\/\" title=\"Festa Virxe dos Aflixidos de Zam\u00e1ns 2025\">[&#8230;]<\/a><\/p>\n<\/div>","protected":false},"author":17,"featured_media":14486,"comment_status":"open","ping_status":"open","sticky":false,"template":"","format":"standard","meta":{"_exactmetrics_skip_tracking":false,"_exactmetrics_sitenote_active":false,"_exactmetrics_sitenote_note":"","_exactmetrics_sitenote_category":0,"footnotes":""},"categories":[19],"tags":[227],"class_list":{"0":"post-14485","1":"post","2":"type-post","3":"status-publish","4":"format-standard","5":"has-post-thumbnail","7":"category-vigo","8":"tag-concello-de-vigo"},"yoast_head":"<!-- This site is optimized with the Yoast SEO plugin v27.4 - https:\/\/yoast.com\/product\/yoast-seo-wordpress\/ -->\n<title>Festa Virxe dos Aflixidos de Zam\u00e1ns 2025 -<\/title>\n<meta name=\"robots\" content=\"index, follow, max-snippet:-1, max-image-preview:large, max-video-preview:-1\" \/>\n<link rel=\"canonical\" href=\"https:\/\/www.anovapeneira.gal\/index.php\/2025\/08\/21\/festa-virxe-dos-aflixidos-de-zamans-2025\/\" \/>\n<meta property=\"og:locale\" content=\"gl_ES\" \/>\n<meta property=\"og:type\" content=\"article\" \/>\n<meta property=\"og:title\" content=\"Festa Virxe dos Aflixidos de Zam\u00e1ns 2025 -\" \/>\n<meta property=\"og:description\" content=\"Os vindeiros 5, 6, 7 e 8 de setembro cel\u00e9branse en Zam\u00e1ns, esta fermosa parroquia de Vigo, con pouco m\u00e1is de 800 veci\u00f1as e veci\u00f1os, as s\u00faas festas na Honra da Virxe dos Aflixidos. [...]\" \/>\n<meta property=\"og:url\" content=\"https:\/\/www.anovapeneira.gal\/index.php\/2025\/08\/21\/festa-virxe-dos-aflixidos-de-zamans-2025\/\" \/>\n<meta property=\"article:publisher\" content=\"https:\/\/www.facebook.com\/anovapeneira\" \/>\n<meta property=\"article:published_time\" content=\"2025-08-21T10:00:09+00:00\" \/>\n<meta property=\"og:image\" content=\"https:\/\/www.anovapeneira.gal\/wp-content\/uploads\/2025\/08\/encoro_fest.jpg\" \/>\n\t<meta property=\"og:image:width\" content=\"1030\" \/>\n\t<meta property=\"og:image:height\" content=\"601\" \/>\n\t<meta property=\"og:image:type\" content=\"image\/jpeg\" \/>\n<meta name=\"author\" content=\"G. Figueiredo\" \/>\n<meta name=\"twitter:card\" content=\"summary_large_image\" \/>\n<meta name=\"twitter:creator\" content=\"@APeneira\" \/>\n<meta name=\"twitter:site\" content=\"@APeneira\" \/>\n<meta name=\"twitter:label1\" content=\"Escrito por\" \/>\n\t<meta name=\"twitter:data1\" content=\"G. Figueiredo\" \/>\n\t<meta name=\"twitter:label2\" content=\"Tempo de lectura\" \/>\n\t<meta name=\"twitter:data2\" content=\"7 minutos\" \/>\n<script type=\"application\/ld+json\" class=\"yoast-schema-graph\">{\"@context\":\"https:\\\/\\\/schema.org\",\"@graph\":[{\"@type\":\"Article\",\"@id\":\"https:\\\/\\\/www.anovapeneira.gal\\\/index.php\\\/2025\\\/08\\\/21\\\/festa-virxe-dos-aflixidos-de-zamans-2025\\\/#article\",\"isPartOf\":{\"@id\":\"https:\\\/\\\/www.anovapeneira.gal\\\/index.php\\\/2025\\\/08\\\/21\\\/festa-virxe-dos-aflixidos-de-zamans-2025\\\/\"},\"author\":{\"name\":\"G. Figueiredo\",\"@id\":\"https:\\\/\\\/www.anovapeneira.gal\\\/#\\\/schema\\\/person\\\/42f904d7cac80cf3f5a31494dd82a9b6\"},\"headline\":\"Festa Virxe dos Aflixidos de Zam\u00e1ns 2025\",\"datePublished\":\"2025-08-21T10:00:09+00:00\",\"mainEntityOfPage\":{\"@id\":\"https:\\\/\\\/www.anovapeneira.gal\\\/index.php\\\/2025\\\/08\\\/21\\\/festa-virxe-dos-aflixidos-de-zamans-2025\\\/\"},\"wordCount\":1175,\"commentCount\":0,\"publisher\":{\"@id\":\"https:\\\/\\\/www.anovapeneira.gal\\\/#organization\"},\"image\":{\"@id\":\"https:\\\/\\\/www.anovapeneira.gal\\\/index.php\\\/2025\\\/08\\\/21\\\/festa-virxe-dos-aflixidos-de-zamans-2025\\\/#primaryimage\"},\"thumbnailUrl\":\"https:\\\/\\\/www.anovapeneira.gal\\\/wp-content\\\/uploads\\\/2025\\\/08\\\/encoro_fest.jpg\",\"keywords\":[\"Concello de Vigo\"],\"articleSection\":[\"Vigo\"],\"inLanguage\":\"gl-ES\",\"potentialAction\":[{\"@type\":\"CommentAction\",\"name\":\"Comment\",\"target\":[\"https:\\\/\\\/www.anovapeneira.gal\\\/index.php\\\/2025\\\/08\\\/21\\\/festa-virxe-dos-aflixidos-de-zamans-2025\\\/#respond\"]}]},{\"@type\":\"WebPage\",\"@id\":\"https:\\\/\\\/www.anovapeneira.gal\\\/index.php\\\/2025\\\/08\\\/21\\\/festa-virxe-dos-aflixidos-de-zamans-2025\\\/\",\"url\":\"https:\\\/\\\/www.anovapeneira.gal\\\/index.php\\\/2025\\\/08\\\/21\\\/festa-virxe-dos-aflixidos-de-zamans-2025\\\/\",\"name\":\"Festa Virxe dos Aflixidos de Zam\u00e1ns 2025 -\",\"isPartOf\":{\"@id\":\"https:\\\/\\\/www.anovapeneira.gal\\\/#website\"},\"primaryImageOfPage\":{\"@id\":\"https:\\\/\\\/www.anovapeneira.gal\\\/index.php\\\/2025\\\/08\\\/21\\\/festa-virxe-dos-aflixidos-de-zamans-2025\\\/#primaryimage\"},\"image\":{\"@id\":\"https:\\\/\\\/www.anovapeneira.gal\\\/index.php\\\/2025\\\/08\\\/21\\\/festa-virxe-dos-aflixidos-de-zamans-2025\\\/#primaryimage\"},\"thumbnailUrl\":\"https:\\\/\\\/www.anovapeneira.gal\\\/wp-content\\\/uploads\\\/2025\\\/08\\\/encoro_fest.jpg\",\"datePublished\":\"2025-08-21T10:00:09+00:00\",\"breadcrumb\":{\"@id\":\"https:\\\/\\\/www.anovapeneira.gal\\\/index.php\\\/2025\\\/08\\\/21\\\/festa-virxe-dos-aflixidos-de-zamans-2025\\\/#breadcrumb\"},\"inLanguage\":\"gl-ES\",\"potentialAction\":[{\"@type\":\"ReadAction\",\"target\":[\"https:\\\/\\\/www.anovapeneira.gal\\\/index.php\\\/2025\\\/08\\\/21\\\/festa-virxe-dos-aflixidos-de-zamans-2025\\\/\"]}]},{\"@type\":\"ImageObject\",\"inLanguage\":\"gl-ES\",\"@id\":\"https:\\\/\\\/www.anovapeneira.gal\\\/index.php\\\/2025\\\/08\\\/21\\\/festa-virxe-dos-aflixidos-de-zamans-2025\\\/#primaryimage\",\"url\":\"https:\\\/\\\/www.anovapeneira.gal\\\/wp-content\\\/uploads\\\/2025\\\/08\\\/encoro_fest.jpg\",\"contentUrl\":\"https:\\\/\\\/www.anovapeneira.gal\\\/wp-content\\\/uploads\\\/2025\\\/08\\\/encoro_fest.jpg\",\"width\":1030,\"height\":601},{\"@type\":\"BreadcrumbList\",\"@id\":\"https:\\\/\\\/www.anovapeneira.gal\\\/index.php\\\/2025\\\/08\\\/21\\\/festa-virxe-dos-aflixidos-de-zamans-2025\\\/#breadcrumb\",\"itemListElement\":[{\"@type\":\"ListItem\",\"position\":1,\"name\":\"Portada\",\"item\":\"https:\\\/\\\/www.anovapeneira.gal\\\/\"},{\"@type\":\"ListItem\",\"position\":2,\"name\":\"Festa Virxe dos Aflixidos de Zam\u00e1ns 2025\"}]},{\"@type\":\"WebSite\",\"@id\":\"https:\\\/\\\/www.anovapeneira.gal\\\/#website\",\"url\":\"https:\\\/\\\/www.anovapeneira.gal\\\/\",\"name\":\"\",\"description\":\"Xornal galego de informaci\u00f3n xeral Publicaci\u00f3n mensual de novas de Galicia e en especial dos Concellos da sur da provincia de Pontevedra.\",\"publisher\":{\"@id\":\"https:\\\/\\\/www.anovapeneira.gal\\\/#organization\"},\"potentialAction\":[{\"@type\":\"SearchAction\",\"target\":{\"@type\":\"EntryPoint\",\"urlTemplate\":\"https:\\\/\\\/www.anovapeneira.gal\\\/?s={search_term_string}\"},\"query-input\":{\"@type\":\"PropertyValueSpecification\",\"valueRequired\":true,\"valueName\":\"search_term_string\"}}],\"inLanguage\":\"gl-ES\"},{\"@type\":\"Organization\",\"@id\":\"https:\\\/\\\/www.anovapeneira.gal\\\/#organization\",\"name\":\"A Nova Peneira\",\"url\":\"https:\\\/\\\/www.anovapeneira.gal\\\/\",\"logo\":{\"@type\":\"ImageObject\",\"inLanguage\":\"gl-ES\",\"@id\":\"https:\\\/\\\/www.anovapeneira.gal\\\/#\\\/schema\\\/logo\\\/image\\\/\",\"url\":\"http:\\\/\\\/www.anovapeneira.gal\\\/wp-content\\\/uploads\\\/2019\\\/06\\\/logo_a_nova_peneira_portal_web.png\",\"contentUrl\":\"http:\\\/\\\/www.anovapeneira.gal\\\/wp-content\\\/uploads\\\/2019\\\/06\\\/logo_a_nova_peneira_portal_web.png\",\"width\":300,\"height\":100,\"caption\":\"A Nova Peneira\"},\"image\":{\"@id\":\"https:\\\/\\\/www.anovapeneira.gal\\\/#\\\/schema\\\/logo\\\/image\\\/\"},\"sameAs\":[\"https:\\\/\\\/www.facebook.com\\\/anovapeneira\",\"https:\\\/\\\/x.com\\\/APeneira\"]},{\"@type\":\"Person\",\"@id\":\"https:\\\/\\\/www.anovapeneira.gal\\\/#\\\/schema\\\/person\\\/42f904d7cac80cf3f5a31494dd82a9b6\",\"name\":\"G. Figueiredo\",\"image\":{\"@type\":\"ImageObject\",\"inLanguage\":\"gl-ES\",\"@id\":\"https:\\\/\\\/secure.gravatar.com\\\/avatar\\\/2d970086688458e0398ef8b84f5cbb8cc1ec3ab115aeb8435135a9f556af97b3?s=96&d=mm&r=g\",\"url\":\"https:\\\/\\\/secure.gravatar.com\\\/avatar\\\/2d970086688458e0398ef8b84f5cbb8cc1ec3ab115aeb8435135a9f556af97b3?s=96&d=mm&r=g\",\"contentUrl\":\"https:\\\/\\\/secure.gravatar.com\\\/avatar\\\/2d970086688458e0398ef8b84f5cbb8cc1ec3ab115aeb8435135a9f556af97b3?s=96&d=mm&r=g\",\"caption\":\"G. Figueiredo\"},\"sameAs\":[\"http:\\\/\\\/www.anovapeneira.gal\\\/\"],\"url\":\"https:\\\/\\\/www.anovapeneira.gal\\\/index.php\\\/author\\\/g-figueiredo\\\/\"}]}<\/script>\n<!-- \/ Yoast SEO plugin. -->","yoast_head_json":{"title":"Festa Virxe dos Aflixidos de Zam\u00e1ns 2025 -","robots":{"index":"index","follow":"follow","max-snippet":"max-snippet:-1","max-image-preview":"max-image-preview:large","max-video-preview":"max-video-preview:-1"},"canonical":"https:\/\/www.anovapeneira.gal\/index.php\/2025\/08\/21\/festa-virxe-dos-aflixidos-de-zamans-2025\/","og_locale":"gl_ES","og_type":"article","og_title":"Festa Virxe dos Aflixidos de Zam\u00e1ns 2025 -","og_description":"Os vindeiros 5, 6, 7 e 8 de setembro cel\u00e9branse en Zam\u00e1ns, esta fermosa parroquia de Vigo, con pouco m\u00e1is de 800 veci\u00f1as e veci\u00f1os, as s\u00faas festas na Honra da Virxe dos Aflixidos. [...]","og_url":"https:\/\/www.anovapeneira.gal\/index.php\/2025\/08\/21\/festa-virxe-dos-aflixidos-de-zamans-2025\/","article_publisher":"https:\/\/www.facebook.com\/anovapeneira","article_published_time":"2025-08-21T10:00:09+00:00","og_image":[{"width":1030,"height":601,"url":"https:\/\/www.anovapeneira.gal\/wp-content\/uploads\/2025\/08\/encoro_fest.jpg","type":"image\/jpeg"}],"author":"G. Figueiredo","twitter_card":"summary_large_image","twitter_creator":"@APeneira","twitter_site":"@APeneira","twitter_misc":{"Escrito por":"G. Figueiredo","Tempo de lectura":"7 minutos"},"schema":{"@context":"https:\/\/schema.org","@graph":[{"@type":"Article","@id":"https:\/\/www.anovapeneira.gal\/index.php\/2025\/08\/21\/festa-virxe-dos-aflixidos-de-zamans-2025\/#article","isPartOf":{"@id":"https:\/\/www.anovapeneira.gal\/index.php\/2025\/08\/21\/festa-virxe-dos-aflixidos-de-zamans-2025\/"},"author":{"name":"G. Figueiredo","@id":"https:\/\/www.anovapeneira.gal\/#\/schema\/person\/42f904d7cac80cf3f5a31494dd82a9b6"},"headline":"Festa Virxe dos Aflixidos de Zam\u00e1ns 2025","datePublished":"2025-08-21T10:00:09+00:00","mainEntityOfPage":{"@id":"https:\/\/www.anovapeneira.gal\/index.php\/2025\/08\/21\/festa-virxe-dos-aflixidos-de-zamans-2025\/"},"wordCount":1175,"commentCount":0,"publisher":{"@id":"https:\/\/www.anovapeneira.gal\/#organization"},"image":{"@id":"https:\/\/www.anovapeneira.gal\/index.php\/2025\/08\/21\/festa-virxe-dos-aflixidos-de-zamans-2025\/#primaryimage"},"thumbnailUrl":"https:\/\/www.anovapeneira.gal\/wp-content\/uploads\/2025\/08\/encoro_fest.jpg","keywords":["Concello de Vigo"],"articleSection":["Vigo"],"inLanguage":"gl-ES","potentialAction":[{"@type":"CommentAction","name":"Comment","target":["https:\/\/www.anovapeneira.gal\/index.php\/2025\/08\/21\/festa-virxe-dos-aflixidos-de-zamans-2025\/#respond"]}]},{"@type":"WebPage","@id":"https:\/\/www.anovapeneira.gal\/index.php\/2025\/08\/21\/festa-virxe-dos-aflixidos-de-zamans-2025\/","url":"https:\/\/www.anovapeneira.gal\/index.php\/2025\/08\/21\/festa-virxe-dos-aflixidos-de-zamans-2025\/","name":"Festa Virxe dos Aflixidos de Zam\u00e1ns 2025 -","isPartOf":{"@id":"https:\/\/www.anovapeneira.gal\/#website"},"primaryImageOfPage":{"@id":"https:\/\/www.anovapeneira.gal\/index.php\/2025\/08\/21\/festa-virxe-dos-aflixidos-de-zamans-2025\/#primaryimage"},"image":{"@id":"https:\/\/www.anovapeneira.gal\/index.php\/2025\/08\/21\/festa-virxe-dos-aflixidos-de-zamans-2025\/#primaryimage"},"thumbnailUrl":"https:\/\/www.anovapeneira.gal\/wp-content\/uploads\/2025\/08\/encoro_fest.jpg","datePublished":"2025-08-21T10:00:09+00:00","breadcrumb":{"@id":"https:\/\/www.anovapeneira.gal\/index.php\/2025\/08\/21\/festa-virxe-dos-aflixidos-de-zamans-2025\/#breadcrumb"},"inLanguage":"gl-ES","potentialAction":[{"@type":"ReadAction","target":["https:\/\/www.anovapeneira.gal\/index.php\/2025\/08\/21\/festa-virxe-dos-aflixidos-de-zamans-2025\/"]}]},{"@type":"ImageObject","inLanguage":"gl-ES","@id":"https:\/\/www.anovapeneira.gal\/index.php\/2025\/08\/21\/festa-virxe-dos-aflixidos-de-zamans-2025\/#primaryimage","url":"https:\/\/www.anovapeneira.gal\/wp-content\/uploads\/2025\/08\/encoro_fest.jpg","contentUrl":"https:\/\/www.anovapeneira.gal\/wp-content\/uploads\/2025\/08\/encoro_fest.jpg","width":1030,"height":601},{"@type":"BreadcrumbList","@id":"https:\/\/www.anovapeneira.gal\/index.php\/2025\/08\/21\/festa-virxe-dos-aflixidos-de-zamans-2025\/#breadcrumb","itemListElement":[{"@type":"ListItem","position":1,"name":"Portada","item":"https:\/\/www.anovapeneira.gal\/"},{"@type":"ListItem","position":2,"name":"Festa Virxe dos Aflixidos de Zam\u00e1ns 2025"}]},{"@type":"WebSite","@id":"https:\/\/www.anovapeneira.gal\/#website","url":"https:\/\/www.anovapeneira.gal\/","name":"","description":"Xornal galego de informaci\u00f3n xeral Publicaci\u00f3n mensual de novas de Galicia e en especial dos Concellos da sur da provincia de Pontevedra.","publisher":{"@id":"https:\/\/www.anovapeneira.gal\/#organization"},"potentialAction":[{"@type":"SearchAction","target":{"@type":"EntryPoint","urlTemplate":"https:\/\/www.anovapeneira.gal\/?s={search_term_string}"},"query-input":{"@type":"PropertyValueSpecification","valueRequired":true,"valueName":"search_term_string"}}],"inLanguage":"gl-ES"},{"@type":"Organization","@id":"https:\/\/www.anovapeneira.gal\/#organization","name":"A Nova Peneira","url":"https:\/\/www.anovapeneira.gal\/","logo":{"@type":"ImageObject","inLanguage":"gl-ES","@id":"https:\/\/www.anovapeneira.gal\/#\/schema\/logo\/image\/","url":"http:\/\/www.anovapeneira.gal\/wp-content\/uploads\/2019\/06\/logo_a_nova_peneira_portal_web.png","contentUrl":"http:\/\/www.anovapeneira.gal\/wp-content\/uploads\/2019\/06\/logo_a_nova_peneira_portal_web.png","width":300,"height":100,"caption":"A Nova Peneira"},"image":{"@id":"https:\/\/www.anovapeneira.gal\/#\/schema\/logo\/image\/"},"sameAs":["https:\/\/www.facebook.com\/anovapeneira","https:\/\/x.com\/APeneira"]},{"@type":"Person","@id":"https:\/\/www.anovapeneira.gal\/#\/schema\/person\/42f904d7cac80cf3f5a31494dd82a9b6","name":"G. Figueiredo","image":{"@type":"ImageObject","inLanguage":"gl-ES","@id":"https:\/\/secure.gravatar.com\/avatar\/2d970086688458e0398ef8b84f5cbb8cc1ec3ab115aeb8435135a9f556af97b3?s=96&d=mm&r=g","url":"https:\/\/secure.gravatar.com\/avatar\/2d970086688458e0398ef8b84f5cbb8cc1ec3ab115aeb8435135a9f556af97b3?s=96&d=mm&r=g","contentUrl":"https:\/\/secure.gravatar.com\/avatar\/2d970086688458e0398ef8b84f5cbb8cc1ec3ab115aeb8435135a9f556af97b3?s=96&d=mm&r=g","caption":"G. Figueiredo"},"sameAs":["http:\/\/www.anovapeneira.gal\/"],"url":"https:\/\/www.anovapeneira.gal\/index.php\/author\/g-figueiredo\/"}]}},"jetpack_featured_media_url":"https:\/\/www.anovapeneira.gal\/wp-content\/uploads\/2025\/08\/encoro_fest.jpg","_links":{"self":[{"href":"https:\/\/www.anovapeneira.gal\/index.php\/wp-json\/wp\/v2\/posts\/14485","targetHints":{"allow":["GET"]}}],"collection":[{"href":"https:\/\/www.anovapeneira.gal\/index.php\/wp-json\/wp\/v2\/posts"}],"about":[{"href":"https:\/\/www.anovapeneira.gal\/index.php\/wp-json\/wp\/v2\/types\/post"}],"author":[{"embeddable":true,"href":"https:\/\/www.anovapeneira.gal\/index.php\/wp-json\/wp\/v2\/users\/17"}],"replies":[{"embeddable":true,"href":"https:\/\/www.anovapeneira.gal\/index.php\/wp-json\/wp\/v2\/comments?post=14485"}],"version-history":[{"count":2,"href":"https:\/\/www.anovapeneira.gal\/index.php\/wp-json\/wp\/v2\/posts\/14485\/revisions"}],"predecessor-version":[{"id":14490,"href":"https:\/\/www.anovapeneira.gal\/index.php\/wp-json\/wp\/v2\/posts\/14485\/revisions\/14490"}],"wp:featuredmedia":[{"embeddable":true,"href":"https:\/\/www.anovapeneira.gal\/index.php\/wp-json\/wp\/v2\/media\/14486"}],"wp:attachment":[{"href":"https:\/\/www.anovapeneira.gal\/index.php\/wp-json\/wp\/v2\/media?parent=14485"}],"wp:term":[{"taxonomy":"category","embeddable":true,"href":"https:\/\/www.anovapeneira.gal\/index.php\/wp-json\/wp\/v2\/categories?post=14485"},{"taxonomy":"post_tag","embeddable":true,"href":"https:\/\/www.anovapeneira.gal\/index.php\/wp-json\/wp\/v2\/tags?post=14485"}],"curies":[{"name":"wp","href":"https:\/\/api.w.org\/{rel}","templated":true}]}}