{"id":14494,"date":"2025-08-22T12:00:01","date_gmt":"2025-08-22T10:00:01","guid":{"rendered":"https:\/\/www.anovapeneira.gal\/?p=14494"},"modified":"2025-08-21T08:52:32","modified_gmt":"2025-08-21T06:52:32","slug":"cousas-de-salvaterra-forte-de-s-luis-gonzaga","status":"publish","type":"post","link":"https:\/\/www.anovapeneira.gal\/index.php\/2025\/08\/22\/cousas-de-salvaterra-forte-de-s-luis-gonzaga\/","title":{"rendered":"COUSAS DE SALVATERRA. Forte de S. Lu\u00eds Gonzaga"},"content":{"rendered":"\n<figure class=\"wp-block-image size-large is-resized\"><img loading=\"lazy\" decoding=\"async\" width=\"1024\" height=\"1024\" src=\"https:\/\/www.anovapeneira.gal\/wp-content\/uploads\/2025\/02\/xaque_p-1024x1024.jpg\" alt=\"Xaque\" class=\"wp-image-13386\" style=\"width:113px;height:auto\" srcset=\"https:\/\/www.anovapeneira.gal\/wp-content\/uploads\/2025\/02\/xaque_p-1024x1024.jpg 1024w, https:\/\/www.anovapeneira.gal\/wp-content\/uploads\/2025\/02\/xaque_p-300x300.jpg 300w, https:\/\/www.anovapeneira.gal\/wp-content\/uploads\/2025\/02\/xaque_p-150x150.jpg 150w, https:\/\/www.anovapeneira.gal\/wp-content\/uploads\/2025\/02\/xaque_p-768x768.jpg 768w, https:\/\/www.anovapeneira.gal\/wp-content\/uploads\/2025\/02\/xaque_p.jpg 1080w\" sizes=\"auto, (max-width: 1024px) 100vw, 1024px\" \/><figcaption class=\"wp-element-caption\">Ant\u00f3n Lourenzo, veci\u00f1o da Vila<\/figcaption><\/figure>\n\n\n\n<p>Salvaterra, 15 de agosto do 2025<\/p>\n\n\n\n<p>Ven do mes pasado&#8230;<\/p>\n\n\n\n<p>Andaban nestas discusi\u00f3ns, de si atacar ou non o ex\u00e9rcito do rei espa\u00f1ol, dic\u00edan uns que sen dilaci\u00f3n algunha se atacase, porque tra\u00eda tan pouca fronte na estreiteza do cami\u00f1o por onde marchaba, que logo que fose atacado, ser\u00eda infaliblemente desbaratado, que non solo este motivo ped\u00eda esta decisi\u00f3n, sen\u00f3n tam\u00e9n o feito de encami\u00f1\u00e1rense os inimigos deica Vila Nova de Cerveira, praza de grande importancia e con pouca defensa, outros, seguindo a opini\u00f3n contraria, consideraban temerario atacar dada a pouca instruci\u00f3n na arte militar das tropas as\u00ed como por tratarse de xente mal disciplinada, a pesares que eran a forza que ti\u00f1an para a conservaci\u00f3n de toda a Provincia, que si ben era estreita e \u00e1spera a estrada por onde avanzaban, esta mesma dificultade hab\u00edan de atopar os que atacasen \u00f3s castel\u00e1ns. O Vizconde entendendo que este parecer era o m\u00e1is prudente e o m\u00e1is seguro, mandou retirar os bateadores da Compa\u00f1\u00eda de Diogo Pereyra, que deran principio a unha escaramuza. Desta maneira foi como os soldados castel\u00e1ns (m\u00e1is ben galegos), chegaron a instalarse en San Pedro da Torre, lugar sobre o R\u00edo Mi\u00f1o, a d\u00faas leguas entre Valen\u00e7a e Vilanova de Cerveira, na fregues\u00eda de S. Pedro da Torre.<\/p>\n\n\n\n<p>Neste lugar franqueando o paso do R\u00edo Mi\u00f1o, levantaron os inimigos un forte capaz de aloxar mil Infantes, pareceu m\u00e1is f\u00e1cil edificar unha Praza que ga\u00f1ala. O paso que crec\u00eda esta obra diminu\u00eda o ex\u00e9rcito portugu\u00e9s xa que os soldados o estar sen ocupaci\u00f3n efectiva, por falta de disciplina, moitos abandonaban e volv\u00edan onde as s\u00faas familias e facendas.<\/p>\n\n\n\n<p>En poucos d\u00edas acabaron os Galegos o Forte, \u00f3 que deron o nome de S. Lu\u00eds Gonzaga. A guarnici\u00f3n que ocupou o Forte tratou de que os habitantes das aldeas de todo aquel Distrito do Sardal, (Cerdal), que eran os m\u00e1is pr\u00f3ximos, se avi\u00f1eran a suxeitarse o novo poder\u00edo local. Os paisanos, desprezando a vida por conservar a liberdade, ensin\u00e1ndolle \u00f3 perigo o cami\u00f1o de defendela, cercaron toda a campa\u00f1a con tantos e embarazosos fosos, que se sustentaron todo o tempo que durou a guerra, sen experimentar o pesado xugo con que os Galegos determinaban suxeitalos, pelexando varias veces, ordinariamente con felices sucesos.<\/p>\n\n\n\n<p>Don Vicente Gonzaga, querendo mellorar de t\u00f3dalas maneiras as operaci\u00f3ns orquestradas, mandou atacar Lindoso, onde gobernaba Manoel de Oliveyra Pimentel, por\u00e9n sendo descubertos os que deron o asalto, tiveron tan mala sorte que perderon douscentos homes, entre eles Oficiais de importancia e persoas destacadas. Volveron pola serra Amarela con seiscentos Infantes e alg\u00fans cabalos, fixeron unha gran campa\u00f1a naquel distrito, m\u00e1is acudiu xente de Lindoso tan a tempo, que derrotou a Infanter\u00eda e restoulle o \u00e9xito ga\u00f1ado. Antonio de Almeyda Carvalhaes, que gobernaba Salvaterra, tivo mellor sorte porque nun ataque que fixo, queimou doce lugares, sen recibir dano alg\u00fan. (Lembrar que Salvaterra estaba en poder dos portugueses).<\/p>\n\n\n\n<p>O Vizconde sosti\u00f1a o ex\u00e9rcito con gran traballo, pola dificultade da persistencia da xente nas filas do mesmo, mentres D. \u00c1lvaro de Abranches sufr\u00eda serios achaques de sorte que con repetidas instancias pediu a Rain\u00f1a o relevo. Considerando a Rai\u00f1a estas raz\u00f3ns, nomeou \u00f3 Conde de Castell-Melhor por segunda vez Gobernador das Armas de entre Douro e Mi\u00f1o. Na confianza do alborozo con que ser\u00eda recibido naquela Provincia, que conservaba a memoria dos felices sucesos do seu primeiro goberno. O Conde sempre disposto a empregarse na defensa da s\u00faa Patria, aceitou esta ocupaci\u00f3n, partiu de Lisboa coa s\u00faa familia, acompa\u00f1ado dos seus fillos Lu\u00eds de Sousa de Vasconcellos e Sima\u00f5 de Vasconcellos, ambos valentes e fervorosos. Chegado o Conde a entre Dourfo e Minho, foi recibido de todos aqueles pobos con gran aplauso. Cedeulle Don Alvaro de Abranches o goberno da Provincia e o Vizconde o do ex\u00e9rcito, sendo advertido da febleza estrat\u00e9xica na que se atopaban, xa que os Galegos ti\u00f1an maior poder e os medios da defensa eran poucos e inseguros. D. \u00c1lvaro de Abranches pasou a Lisboa con a aflici\u00f3n dos seus achaques e malas expectativas. O Vizconde retirouse os seus lugares e o Conde de Castell-Melhor, desexando que a Rai\u00f1a estivera enteiramente informada do acerto con que o Vizconde procedera na ocasi\u00f3n precedente, en dar forma ao ex\u00e9rcito que se opo\u00f1\u00eda \u00f3s Galegos, recrutando xente, socorrendo Valen\u00e7a e impedindo m\u00e1is entradas en cuanto durou a obra do Forte de S. Lu\u00eds, deulle conta extensa de todas estas particularidades. A Rai\u00f1a ficou moi agradecida \u00f3 Vizconde de todas estes desvelos executados en servizo de El Rey e en defensa do Reino.<\/p>\n\n\n\n<p>Entrando o Conde de Castell-Melhor en consideraci\u00f3n do gran dano que recib\u00eda aquela Provincia coa construci\u00f3n do Forte de S. Lu\u00eds, do que era moi dif\u00edcil defendela polas continuas incursi\u00f3ns dos Galegos, decidiu levantar un cuartel a tiro de can\u00f3n do Forte, guarneceuno con soldados que puido retirar de outras moitas prazas, inda sendo moi necesarios nestas, anim\u00e1ndoos coa asistencia da sua persoa e a dos seus fillos e de outros fidalgos que o acompa\u00f1aran dende Lisboa.<\/p>\n\n\n\n<p>A partires de ent\u00f3n principiou unha continua e porfiada guerra, que poucos d\u00edas pasaban sen haber escaramuzas, poucos sen mortos e feridos. E di a cr\u00f3nica,\u201d&#8230;m\u00e1is esta continuaci\u00f3n do traballo, este dispendio de sangue foi a escola da arte militar, o crisol do valor, en que se forxaron os gloriosos sucesos que despois conseguiran as nosas Armas naquela Provincia&#8230;\u201d<\/p>\n\n\n\n<p>O certo, na opini\u00f3n de este que transcribe, foi que a Provincia de Douro Minho, estaba mal defendida, falta de subministraci\u00f3n, pouco guarnecida, con soldados (en realidade labradores), que a mi\u00fado desertaban para volver onde \u00e1s familias por falta de disciplina. Tam\u00e9n as porf\u00edas e disputas entre o Vizconde de Vila Nova D. Diogo de Lima, que mandaba o ex\u00e9rcito e o Gobernador \u00c1lvaro de Abranches (doente), por manter \u00e1reas de poder e visi\u00f3ns diferentes na guerra. Estas conxunturas foron intelixentemente aproveitadas polo que foi Capit\u00e1n Xeral da Galiza, entre 1652 e 1658, D. Vicente Gonzaga Doria, militar italiano o servizo da coroa espa\u00f1ola, para atravesar o r\u00edo nunha manobra de distracci\u00f3n e atacar Valen\u00e7a e rapidamente volver cruzar o r\u00edo e situar, a medio cami\u00f1o entre esta vila e Vilanova de Cerveira, unha cabeza de ponte a car\u00f3n do r\u00edo, na fregues\u00eda de S. Pedro da Torre, un gran Forte terreiro chamado S. Lu\u00eds Gonzaga, unha posici\u00f3n fortificada en territorio inimigo que serviu como punto de partida para futuras e proveitosas operaci\u00f3ns militares como foron o asedio e ca\u00edda da torre fortificada de Lapela e seguidamente o asedio e ca\u00edda de Mon\u00e7\u00e3o, consecuentemente a recuperaci\u00f3n da praza forte de Salvaterra tras dezaseis anos en poder portugu\u00e9s.<\/p>\n\n\n\n<p>Continuar\u00e1&#8230;<\/p>\n\n\n\n<p>(Fontes: Historia do Portugal restaurado. Lu\u00eds de Meneses. Lisboa)<\/p>\n","protected":false},"excerpt":{"rendered":"<div class=\"mh-excerpt\"><p>Andaban nestas discusi\u00f3ns, de si atacar ou non o ex\u00e9rcito do rei espa\u00f1ol, dic\u00edan uns que sen dilaci\u00f3n algunha se atacase, porque tra\u00eda tan pouca fronte na estreiteza do cami\u00f1o por onde marchaba, que logo que fose atacado, ser\u00eda infaliblemente desbaratado, que non solo este motivo ped\u00eda esta decisi\u00f3n, sen\u00f3n tam\u00e9n o feito de encami\u00f1\u00e1rense os inimigos deica Vila Nova de Cerveira, <a class=\"mh-excerpt-more\" href=\"https:\/\/www.anovapeneira.gal\/index.php\/2025\/08\/22\/cousas-de-salvaterra-forte-de-s-luis-gonzaga\/\" title=\"COUSAS DE SALVATERRA. Forte de S. Lu\u00eds Gonzaga\">[&#8230;]<\/a><\/p>\n<\/div>","protected":false},"author":34,"featured_media":14495,"comment_status":"open","ping_status":"open","sticky":false,"template":"","format":"standard","meta":{"_exactmetrics_skip_tracking":false,"_exactmetrics_sitenote_active":false,"_exactmetrics_sitenote_note":"","_exactmetrics_sitenote_category":0,"footnotes":""},"categories":[7],"tags":[1300],"class_list":{"0":"post-14494","1":"post","2":"type-post","3":"status-publish","4":"format-standard","5":"has-post-thumbnail","7":"category-artigos-de-opinion","8":"tag-concello-de-salvaterra-de-mino"},"yoast_head":"<!-- This site is optimized with the Yoast SEO plugin v27.4 - https:\/\/yoast.com\/product\/yoast-seo-wordpress\/ -->\n<title>COUSAS DE SALVATERRA. Forte de S. Lu\u00eds Gonzaga -<\/title>\n<meta name=\"robots\" content=\"index, follow, max-snippet:-1, max-image-preview:large, max-video-preview:-1\" \/>\n<link rel=\"canonical\" href=\"https:\/\/www.anovapeneira.gal\/index.php\/2025\/08\/22\/cousas-de-salvaterra-forte-de-s-luis-gonzaga\/\" \/>\n<meta property=\"og:locale\" content=\"gl_ES\" \/>\n<meta property=\"og:type\" content=\"article\" \/>\n<meta property=\"og:title\" content=\"COUSAS DE SALVATERRA. Forte de S. Lu\u00eds Gonzaga -\" \/>\n<meta property=\"og:description\" content=\"Andaban nestas discusi\u00f3ns, de si atacar ou non o ex\u00e9rcito do rei espa\u00f1ol, dic\u00edan uns que sen dilaci\u00f3n algunha se atacase, porque tra\u00eda tan pouca fronte na estreiteza do cami\u00f1o por onde marchaba, que logo que fose atacado, ser\u00eda infaliblemente desbaratado, que non solo este motivo ped\u00eda esta decisi\u00f3n, sen\u00f3n tam\u00e9n o feito de encami\u00f1\u00e1rense os inimigos deica Vila Nova de Cerveira, [...]\" \/>\n<meta property=\"og:url\" content=\"https:\/\/www.anovapeneira.gal\/index.php\/2025\/08\/22\/cousas-de-salvaterra-forte-de-s-luis-gonzaga\/\" \/>\n<meta property=\"article:publisher\" content=\"https:\/\/www.facebook.com\/anovapeneira\" \/>\n<meta property=\"article:published_time\" content=\"2025-08-22T10:00:01+00:00\" \/>\n<meta property=\"og:image\" content=\"https:\/\/www.anovapeneira.gal\/wp-content\/uploads\/2025\/08\/fortaleza_salvaterra.jpg\" \/>\n\t<meta property=\"og:image:width\" content=\"1024\" \/>\n\t<meta property=\"og:image:height\" content=\"598\" \/>\n\t<meta property=\"og:image:type\" content=\"image\/jpeg\" \/>\n<meta name=\"author\" content=\"Ant\u00f3n Lorenzo Gonz\u00e1lez\" \/>\n<meta name=\"twitter:card\" content=\"summary_large_image\" \/>\n<meta name=\"twitter:creator\" content=\"@APeneira\" \/>\n<meta name=\"twitter:site\" content=\"@APeneira\" \/>\n<meta name=\"twitter:label1\" content=\"Escrito por\" \/>\n\t<meta name=\"twitter:data1\" content=\"Ant\u00f3n Lorenzo Gonz\u00e1lez\" \/>\n\t<meta name=\"twitter:label2\" content=\"Tempo de lectura\" \/>\n\t<meta name=\"twitter:data2\" content=\"7 minutos\" \/>\n<script type=\"application\/ld+json\" class=\"yoast-schema-graph\">{\"@context\":\"https:\\\/\\\/schema.org\",\"@graph\":[{\"@type\":\"Article\",\"@id\":\"https:\\\/\\\/www.anovapeneira.gal\\\/index.php\\\/2025\\\/08\\\/22\\\/cousas-de-salvaterra-forte-de-s-luis-gonzaga\\\/#article\",\"isPartOf\":{\"@id\":\"https:\\\/\\\/www.anovapeneira.gal\\\/index.php\\\/2025\\\/08\\\/22\\\/cousas-de-salvaterra-forte-de-s-luis-gonzaga\\\/\"},\"author\":{\"name\":\"Ant\u00f3n Lorenzo Gonz\u00e1lez\",\"@id\":\"https:\\\/\\\/www.anovapeneira.gal\\\/#\\\/schema\\\/person\\\/1bf91cd240796d05b6522e3d8a6e2d8e\"},\"headline\":\"COUSAS DE SALVATERRA. Forte de S. Lu\u00eds Gonzaga\",\"datePublished\":\"2025-08-22T10:00:01+00:00\",\"mainEntityOfPage\":{\"@id\":\"https:\\\/\\\/www.anovapeneira.gal\\\/index.php\\\/2025\\\/08\\\/22\\\/cousas-de-salvaterra-forte-de-s-luis-gonzaga\\\/\"},\"wordCount\":1241,\"commentCount\":0,\"publisher\":{\"@id\":\"https:\\\/\\\/www.anovapeneira.gal\\\/#organization\"},\"image\":{\"@id\":\"https:\\\/\\\/www.anovapeneira.gal\\\/index.php\\\/2025\\\/08\\\/22\\\/cousas-de-salvaterra-forte-de-s-luis-gonzaga\\\/#primaryimage\"},\"thumbnailUrl\":\"https:\\\/\\\/www.anovapeneira.gal\\\/wp-content\\\/uploads\\\/2025\\\/08\\\/fortaleza_salvaterra.jpg\",\"keywords\":[\"Concello de Salvaterra de Mi\u00f1o\"],\"articleSection\":[\"Artigos de opini\u00f3n\"],\"inLanguage\":\"gl-ES\",\"potentialAction\":[{\"@type\":\"CommentAction\",\"name\":\"Comment\",\"target\":[\"https:\\\/\\\/www.anovapeneira.gal\\\/index.php\\\/2025\\\/08\\\/22\\\/cousas-de-salvaterra-forte-de-s-luis-gonzaga\\\/#respond\"]}]},{\"@type\":\"WebPage\",\"@id\":\"https:\\\/\\\/www.anovapeneira.gal\\\/index.php\\\/2025\\\/08\\\/22\\\/cousas-de-salvaterra-forte-de-s-luis-gonzaga\\\/\",\"url\":\"https:\\\/\\\/www.anovapeneira.gal\\\/index.php\\\/2025\\\/08\\\/22\\\/cousas-de-salvaterra-forte-de-s-luis-gonzaga\\\/\",\"name\":\"COUSAS DE SALVATERRA. Forte de S. Lu\u00eds Gonzaga -\",\"isPartOf\":{\"@id\":\"https:\\\/\\\/www.anovapeneira.gal\\\/#website\"},\"primaryImageOfPage\":{\"@id\":\"https:\\\/\\\/www.anovapeneira.gal\\\/index.php\\\/2025\\\/08\\\/22\\\/cousas-de-salvaterra-forte-de-s-luis-gonzaga\\\/#primaryimage\"},\"image\":{\"@id\":\"https:\\\/\\\/www.anovapeneira.gal\\\/index.php\\\/2025\\\/08\\\/22\\\/cousas-de-salvaterra-forte-de-s-luis-gonzaga\\\/#primaryimage\"},\"thumbnailUrl\":\"https:\\\/\\\/www.anovapeneira.gal\\\/wp-content\\\/uploads\\\/2025\\\/08\\\/fortaleza_salvaterra.jpg\",\"datePublished\":\"2025-08-22T10:00:01+00:00\",\"breadcrumb\":{\"@id\":\"https:\\\/\\\/www.anovapeneira.gal\\\/index.php\\\/2025\\\/08\\\/22\\\/cousas-de-salvaterra-forte-de-s-luis-gonzaga\\\/#breadcrumb\"},\"inLanguage\":\"gl-ES\",\"potentialAction\":[{\"@type\":\"ReadAction\",\"target\":[\"https:\\\/\\\/www.anovapeneira.gal\\\/index.php\\\/2025\\\/08\\\/22\\\/cousas-de-salvaterra-forte-de-s-luis-gonzaga\\\/\"]}]},{\"@type\":\"ImageObject\",\"inLanguage\":\"gl-ES\",\"@id\":\"https:\\\/\\\/www.anovapeneira.gal\\\/index.php\\\/2025\\\/08\\\/22\\\/cousas-de-salvaterra-forte-de-s-luis-gonzaga\\\/#primaryimage\",\"url\":\"https:\\\/\\\/www.anovapeneira.gal\\\/wp-content\\\/uploads\\\/2025\\\/08\\\/fortaleza_salvaterra.jpg\",\"contentUrl\":\"https:\\\/\\\/www.anovapeneira.gal\\\/wp-content\\\/uploads\\\/2025\\\/08\\\/fortaleza_salvaterra.jpg\",\"width\":1024,\"height\":598,\"caption\":\"Situaci\u00f3n das Fortalezas da zona, S. Lu\u00eds Gonzaga no medio\"},{\"@type\":\"BreadcrumbList\",\"@id\":\"https:\\\/\\\/www.anovapeneira.gal\\\/index.php\\\/2025\\\/08\\\/22\\\/cousas-de-salvaterra-forte-de-s-luis-gonzaga\\\/#breadcrumb\",\"itemListElement\":[{\"@type\":\"ListItem\",\"position\":1,\"name\":\"Portada\",\"item\":\"https:\\\/\\\/www.anovapeneira.gal\\\/\"},{\"@type\":\"ListItem\",\"position\":2,\"name\":\"COUSAS DE SALVATERRA. Forte de S. Lu\u00eds Gonzaga\"}]},{\"@type\":\"WebSite\",\"@id\":\"https:\\\/\\\/www.anovapeneira.gal\\\/#website\",\"url\":\"https:\\\/\\\/www.anovapeneira.gal\\\/\",\"name\":\"\",\"description\":\"Xornal galego de informaci\u00f3n xeral Publicaci\u00f3n mensual de novas de Galicia e en especial dos Concellos da sur da provincia de Pontevedra.\",\"publisher\":{\"@id\":\"https:\\\/\\\/www.anovapeneira.gal\\\/#organization\"},\"potentialAction\":[{\"@type\":\"SearchAction\",\"target\":{\"@type\":\"EntryPoint\",\"urlTemplate\":\"https:\\\/\\\/www.anovapeneira.gal\\\/?s={search_term_string}\"},\"query-input\":{\"@type\":\"PropertyValueSpecification\",\"valueRequired\":true,\"valueName\":\"search_term_string\"}}],\"inLanguage\":\"gl-ES\"},{\"@type\":\"Organization\",\"@id\":\"https:\\\/\\\/www.anovapeneira.gal\\\/#organization\",\"name\":\"A Nova Peneira\",\"url\":\"https:\\\/\\\/www.anovapeneira.gal\\\/\",\"logo\":{\"@type\":\"ImageObject\",\"inLanguage\":\"gl-ES\",\"@id\":\"https:\\\/\\\/www.anovapeneira.gal\\\/#\\\/schema\\\/logo\\\/image\\\/\",\"url\":\"http:\\\/\\\/www.anovapeneira.gal\\\/wp-content\\\/uploads\\\/2019\\\/06\\\/logo_a_nova_peneira_portal_web.png\",\"contentUrl\":\"http:\\\/\\\/www.anovapeneira.gal\\\/wp-content\\\/uploads\\\/2019\\\/06\\\/logo_a_nova_peneira_portal_web.png\",\"width\":300,\"height\":100,\"caption\":\"A Nova Peneira\"},\"image\":{\"@id\":\"https:\\\/\\\/www.anovapeneira.gal\\\/#\\\/schema\\\/logo\\\/image\\\/\"},\"sameAs\":[\"https:\\\/\\\/www.facebook.com\\\/anovapeneira\",\"https:\\\/\\\/x.com\\\/APeneira\"]},{\"@type\":\"Person\",\"@id\":\"https:\\\/\\\/www.anovapeneira.gal\\\/#\\\/schema\\\/person\\\/1bf91cd240796d05b6522e3d8a6e2d8e\",\"name\":\"Ant\u00f3n Lorenzo Gonz\u00e1lez\",\"image\":{\"@type\":\"ImageObject\",\"inLanguage\":\"gl-ES\",\"@id\":\"https:\\\/\\\/secure.gravatar.com\\\/avatar\\\/dcd882e8f4338e07610336943426400d525673506eb37ce59442ba704e5cc971?s=96&d=mm&r=g\",\"url\":\"https:\\\/\\\/secure.gravatar.com\\\/avatar\\\/dcd882e8f4338e07610336943426400d525673506eb37ce59442ba704e5cc971?s=96&d=mm&r=g\",\"contentUrl\":\"https:\\\/\\\/secure.gravatar.com\\\/avatar\\\/dcd882e8f4338e07610336943426400d525673506eb37ce59442ba704e5cc971?s=96&d=mm&r=g\",\"caption\":\"Ant\u00f3n Lorenzo Gonz\u00e1lez\"},\"url\":\"https:\\\/\\\/www.anovapeneira.gal\\\/index.php\\\/author\\\/xaque\\\/\"}]}<\/script>\n<!-- \/ Yoast SEO plugin. -->","yoast_head_json":{"title":"COUSAS DE SALVATERRA. Forte de S. Lu\u00eds Gonzaga -","robots":{"index":"index","follow":"follow","max-snippet":"max-snippet:-1","max-image-preview":"max-image-preview:large","max-video-preview":"max-video-preview:-1"},"canonical":"https:\/\/www.anovapeneira.gal\/index.php\/2025\/08\/22\/cousas-de-salvaterra-forte-de-s-luis-gonzaga\/","og_locale":"gl_ES","og_type":"article","og_title":"COUSAS DE SALVATERRA. Forte de S. Lu\u00eds Gonzaga -","og_description":"Andaban nestas discusi\u00f3ns, de si atacar ou non o ex\u00e9rcito do rei espa\u00f1ol, dic\u00edan uns que sen dilaci\u00f3n algunha se atacase, porque tra\u00eda tan pouca fronte na estreiteza do cami\u00f1o por onde marchaba, que logo que fose atacado, ser\u00eda infaliblemente desbaratado, que non solo este motivo ped\u00eda esta decisi\u00f3n, sen\u00f3n tam\u00e9n o feito de encami\u00f1\u00e1rense os inimigos deica Vila Nova de Cerveira, [...]","og_url":"https:\/\/www.anovapeneira.gal\/index.php\/2025\/08\/22\/cousas-de-salvaterra-forte-de-s-luis-gonzaga\/","article_publisher":"https:\/\/www.facebook.com\/anovapeneira","article_published_time":"2025-08-22T10:00:01+00:00","og_image":[{"width":1024,"height":598,"url":"https:\/\/www.anovapeneira.gal\/wp-content\/uploads\/2025\/08\/fortaleza_salvaterra.jpg","type":"image\/jpeg"}],"author":"Ant\u00f3n Lorenzo Gonz\u00e1lez","twitter_card":"summary_large_image","twitter_creator":"@APeneira","twitter_site":"@APeneira","twitter_misc":{"Escrito por":"Ant\u00f3n Lorenzo Gonz\u00e1lez","Tempo de lectura":"7 minutos"},"schema":{"@context":"https:\/\/schema.org","@graph":[{"@type":"Article","@id":"https:\/\/www.anovapeneira.gal\/index.php\/2025\/08\/22\/cousas-de-salvaterra-forte-de-s-luis-gonzaga\/#article","isPartOf":{"@id":"https:\/\/www.anovapeneira.gal\/index.php\/2025\/08\/22\/cousas-de-salvaterra-forte-de-s-luis-gonzaga\/"},"author":{"name":"Ant\u00f3n Lorenzo Gonz\u00e1lez","@id":"https:\/\/www.anovapeneira.gal\/#\/schema\/person\/1bf91cd240796d05b6522e3d8a6e2d8e"},"headline":"COUSAS DE SALVATERRA. Forte de S. Lu\u00eds Gonzaga","datePublished":"2025-08-22T10:00:01+00:00","mainEntityOfPage":{"@id":"https:\/\/www.anovapeneira.gal\/index.php\/2025\/08\/22\/cousas-de-salvaterra-forte-de-s-luis-gonzaga\/"},"wordCount":1241,"commentCount":0,"publisher":{"@id":"https:\/\/www.anovapeneira.gal\/#organization"},"image":{"@id":"https:\/\/www.anovapeneira.gal\/index.php\/2025\/08\/22\/cousas-de-salvaterra-forte-de-s-luis-gonzaga\/#primaryimage"},"thumbnailUrl":"https:\/\/www.anovapeneira.gal\/wp-content\/uploads\/2025\/08\/fortaleza_salvaterra.jpg","keywords":["Concello de Salvaterra de Mi\u00f1o"],"articleSection":["Artigos de opini\u00f3n"],"inLanguage":"gl-ES","potentialAction":[{"@type":"CommentAction","name":"Comment","target":["https:\/\/www.anovapeneira.gal\/index.php\/2025\/08\/22\/cousas-de-salvaterra-forte-de-s-luis-gonzaga\/#respond"]}]},{"@type":"WebPage","@id":"https:\/\/www.anovapeneira.gal\/index.php\/2025\/08\/22\/cousas-de-salvaterra-forte-de-s-luis-gonzaga\/","url":"https:\/\/www.anovapeneira.gal\/index.php\/2025\/08\/22\/cousas-de-salvaterra-forte-de-s-luis-gonzaga\/","name":"COUSAS DE SALVATERRA. Forte de S. Lu\u00eds Gonzaga -","isPartOf":{"@id":"https:\/\/www.anovapeneira.gal\/#website"},"primaryImageOfPage":{"@id":"https:\/\/www.anovapeneira.gal\/index.php\/2025\/08\/22\/cousas-de-salvaterra-forte-de-s-luis-gonzaga\/#primaryimage"},"image":{"@id":"https:\/\/www.anovapeneira.gal\/index.php\/2025\/08\/22\/cousas-de-salvaterra-forte-de-s-luis-gonzaga\/#primaryimage"},"thumbnailUrl":"https:\/\/www.anovapeneira.gal\/wp-content\/uploads\/2025\/08\/fortaleza_salvaterra.jpg","datePublished":"2025-08-22T10:00:01+00:00","breadcrumb":{"@id":"https:\/\/www.anovapeneira.gal\/index.php\/2025\/08\/22\/cousas-de-salvaterra-forte-de-s-luis-gonzaga\/#breadcrumb"},"inLanguage":"gl-ES","potentialAction":[{"@type":"ReadAction","target":["https:\/\/www.anovapeneira.gal\/index.php\/2025\/08\/22\/cousas-de-salvaterra-forte-de-s-luis-gonzaga\/"]}]},{"@type":"ImageObject","inLanguage":"gl-ES","@id":"https:\/\/www.anovapeneira.gal\/index.php\/2025\/08\/22\/cousas-de-salvaterra-forte-de-s-luis-gonzaga\/#primaryimage","url":"https:\/\/www.anovapeneira.gal\/wp-content\/uploads\/2025\/08\/fortaleza_salvaterra.jpg","contentUrl":"https:\/\/www.anovapeneira.gal\/wp-content\/uploads\/2025\/08\/fortaleza_salvaterra.jpg","width":1024,"height":598,"caption":"Situaci\u00f3n das Fortalezas da zona, S. Lu\u00eds Gonzaga no medio"},{"@type":"BreadcrumbList","@id":"https:\/\/www.anovapeneira.gal\/index.php\/2025\/08\/22\/cousas-de-salvaterra-forte-de-s-luis-gonzaga\/#breadcrumb","itemListElement":[{"@type":"ListItem","position":1,"name":"Portada","item":"https:\/\/www.anovapeneira.gal\/"},{"@type":"ListItem","position":2,"name":"COUSAS DE SALVATERRA. Forte de S. Lu\u00eds Gonzaga"}]},{"@type":"WebSite","@id":"https:\/\/www.anovapeneira.gal\/#website","url":"https:\/\/www.anovapeneira.gal\/","name":"","description":"Xornal galego de informaci\u00f3n xeral Publicaci\u00f3n mensual de novas de Galicia e en especial dos Concellos da sur da provincia de Pontevedra.","publisher":{"@id":"https:\/\/www.anovapeneira.gal\/#organization"},"potentialAction":[{"@type":"SearchAction","target":{"@type":"EntryPoint","urlTemplate":"https:\/\/www.anovapeneira.gal\/?s={search_term_string}"},"query-input":{"@type":"PropertyValueSpecification","valueRequired":true,"valueName":"search_term_string"}}],"inLanguage":"gl-ES"},{"@type":"Organization","@id":"https:\/\/www.anovapeneira.gal\/#organization","name":"A Nova Peneira","url":"https:\/\/www.anovapeneira.gal\/","logo":{"@type":"ImageObject","inLanguage":"gl-ES","@id":"https:\/\/www.anovapeneira.gal\/#\/schema\/logo\/image\/","url":"http:\/\/www.anovapeneira.gal\/wp-content\/uploads\/2019\/06\/logo_a_nova_peneira_portal_web.png","contentUrl":"http:\/\/www.anovapeneira.gal\/wp-content\/uploads\/2019\/06\/logo_a_nova_peneira_portal_web.png","width":300,"height":100,"caption":"A Nova Peneira"},"image":{"@id":"https:\/\/www.anovapeneira.gal\/#\/schema\/logo\/image\/"},"sameAs":["https:\/\/www.facebook.com\/anovapeneira","https:\/\/x.com\/APeneira"]},{"@type":"Person","@id":"https:\/\/www.anovapeneira.gal\/#\/schema\/person\/1bf91cd240796d05b6522e3d8a6e2d8e","name":"Ant\u00f3n Lorenzo Gonz\u00e1lez","image":{"@type":"ImageObject","inLanguage":"gl-ES","@id":"https:\/\/secure.gravatar.com\/avatar\/dcd882e8f4338e07610336943426400d525673506eb37ce59442ba704e5cc971?s=96&d=mm&r=g","url":"https:\/\/secure.gravatar.com\/avatar\/dcd882e8f4338e07610336943426400d525673506eb37ce59442ba704e5cc971?s=96&d=mm&r=g","contentUrl":"https:\/\/secure.gravatar.com\/avatar\/dcd882e8f4338e07610336943426400d525673506eb37ce59442ba704e5cc971?s=96&d=mm&r=g","caption":"Ant\u00f3n Lorenzo Gonz\u00e1lez"},"url":"https:\/\/www.anovapeneira.gal\/index.php\/author\/xaque\/"}]}},"jetpack_featured_media_url":"https:\/\/www.anovapeneira.gal\/wp-content\/uploads\/2025\/08\/fortaleza_salvaterra.jpg","_links":{"self":[{"href":"https:\/\/www.anovapeneira.gal\/index.php\/wp-json\/wp\/v2\/posts\/14494","targetHints":{"allow":["GET"]}}],"collection":[{"href":"https:\/\/www.anovapeneira.gal\/index.php\/wp-json\/wp\/v2\/posts"}],"about":[{"href":"https:\/\/www.anovapeneira.gal\/index.php\/wp-json\/wp\/v2\/types\/post"}],"author":[{"embeddable":true,"href":"https:\/\/www.anovapeneira.gal\/index.php\/wp-json\/wp\/v2\/users\/34"}],"replies":[{"embeddable":true,"href":"https:\/\/www.anovapeneira.gal\/index.php\/wp-json\/wp\/v2\/comments?post=14494"}],"version-history":[{"count":1,"href":"https:\/\/www.anovapeneira.gal\/index.php\/wp-json\/wp\/v2\/posts\/14494\/revisions"}],"predecessor-version":[{"id":14496,"href":"https:\/\/www.anovapeneira.gal\/index.php\/wp-json\/wp\/v2\/posts\/14494\/revisions\/14496"}],"wp:featuredmedia":[{"embeddable":true,"href":"https:\/\/www.anovapeneira.gal\/index.php\/wp-json\/wp\/v2\/media\/14495"}],"wp:attachment":[{"href":"https:\/\/www.anovapeneira.gal\/index.php\/wp-json\/wp\/v2\/media?parent=14494"}],"wp:term":[{"taxonomy":"category","embeddable":true,"href":"https:\/\/www.anovapeneira.gal\/index.php\/wp-json\/wp\/v2\/categories?post=14494"},{"taxonomy":"post_tag","embeddable":true,"href":"https:\/\/www.anovapeneira.gal\/index.php\/wp-json\/wp\/v2\/tags?post=14494"}],"curies":[{"name":"wp","href":"https:\/\/api.w.org\/{rel}","templated":true}]}}