{"id":1452,"date":"2019-10-09T12:00:18","date_gmt":"2019-10-09T10:00:18","guid":{"rendered":"http:\/\/www.anovapeneira.gal\/?p=1452"},"modified":"2019-10-06T22:14:53","modified_gmt":"2019-10-06T20:14:53","slug":"o-bng-logra-un-acordo-do-parlamento-a-favor-da-permanencia-dos-empregos-de-r-na-coruna","status":"publish","type":"post","link":"https:\/\/www.anovapeneira.gal\/index.php\/2019\/10\/09\/o-bng-logra-un-acordo-do-parlamento-a-favor-da-permanencia-dos-empregos-de-r-na-coruna\/","title":{"rendered":"O BNG logra un acordo do parlamento a favor da permanencia dos empregos de R na Coru\u00f1a"},"content":{"rendered":"\n<h2 class=\"wp-block-heading\"><strong>Presas: \u201cA Xunta ten que facer os seus deberes porque est\u00e1n en xogo 1.000 empregos na \u00e1rea metropolitana da Coru\u00f1a\u201d<\/strong><\/h2>\n\n\n\n<p> <strong>Santiago de Compostela, 2 de Outubro 2019<\/strong><\/p>\n\n\n\n<p>O\nBNG logra un acordo un\u00e1nime dos grupos do Parlamento a favor das\ndemandas dos e das traballadoras de empresa R, para que todos os\nempregos permanezan en Galiza en lugar de ser deslocalizados a\nEuskadi como pretende Euskatel, actual propietaria da empresa de\ntelecomunicaci\u00f3ns.<\/p>\n\n\n\n<p>\nO\nacordo impulsado polo BNG insta \u00e1 Xunta a reunirse coa empresa e co\ncomit\u00e9 para mediar e buscar unha soluci\u00f3n que impida o traslado\ndestes postos de traballo, dunha empresa que naceu facendo gala de\ngaleguidade e que, a d\u00eda de hoxe, mesmo corre o risco de quedarse\nsen traballadores en Galiza.<\/p>\n\n\n\n<p>\n\u201cValoramos\npositivamente este acordo un\u00e1nime e entendemos que \u00e9 urxente que a\nXunta se sente coa empresa e cos traballadores e traballadoras para\nbuscar unha soluci\u00f3n, porque a \u00e1rea metropolitana da Coru\u00f1a non\npode permitirse que m\u00e1is de mil empregos estean en perigo e que\npodan acabar lev\u00e1ndose fora os servizos dunha empresa que, ademais,\nnaceu como galega. Continuaremos vixiantes e esixiremos que Xunta\nfaga os seus deberes\u201d, salientou a autora da iniciativa, a portavoz\nparlamentaria de Industria, Noa Presas.<\/p>\n","protected":false},"excerpt":{"rendered":"<div class=\"mh-excerpt\"><p>Presas: \u201cA Xunta ten que facer os seus deberes porque est\u00e1n en xogo 1.000 empregos na \u00e1rea metropolitana da Coru\u00f1a\u201d <a class=\"mh-excerpt-more\" href=\"https:\/\/www.anovapeneira.gal\/index.php\/2019\/10\/09\/o-bng-logra-un-acordo-do-parlamento-a-favor-da-permanencia-dos-empregos-de-r-na-coruna\/\" title=\"O BNG logra un acordo do parlamento a favor da permanencia dos empregos de R na Coru\u00f1a\">[&#8230;]<\/a><\/p>\n<\/div>","protected":false},"author":3,"featured_media":1453,"comment_status":"open","ping_status":"open","sticky":false,"template":"","format":"standard","meta":{"_exactmetrics_skip_tracking":false,"_exactmetrics_sitenote_active":false,"_exactmetrics_sitenote_note":"","_exactmetrics_sitenote_category":0,"footnotes":""},"categories":[263],"tags":[381,649,393],"class_list":{"0":"post-1452","1":"post","2":"type-post","3":"status-publish","4":"format-standard","5":"has-post-thumbnail","7":"category-novas","8":"tag-emprego","9":"tag-r","10":"tag-telefonia"},"yoast_head":"<!-- This site is optimized with the Yoast SEO plugin v27.4 - https:\/\/yoast.com\/product\/yoast-seo-wordpress\/ -->\n<title>O BNG logra un acordo do parlamento a favor da permanencia dos empregos de R na Coru\u00f1a -<\/title>\n<meta name=\"robots\" content=\"index, follow, max-snippet:-1, max-image-preview:large, max-video-preview:-1\" \/>\n<link rel=\"canonical\" href=\"https:\/\/www.anovapeneira.gal\/index.php\/2019\/10\/09\/o-bng-logra-un-acordo-do-parlamento-a-favor-da-permanencia-dos-empregos-de-r-na-coruna\/\" \/>\n<meta property=\"og:locale\" content=\"gl_ES\" \/>\n<meta property=\"og:type\" content=\"article\" \/>\n<meta property=\"og:title\" content=\"O BNG logra un acordo do parlamento a favor da permanencia dos empregos de R na Coru\u00f1a -\" \/>\n<meta property=\"og:description\" content=\"Presas: \u201cA Xunta ten que facer os seus deberes porque est\u00e1n en xogo 1.000 empregos na \u00e1rea metropolitana da Coru\u00f1a\u201d [...]\" \/>\n<meta property=\"og:url\" content=\"https:\/\/www.anovapeneira.gal\/index.php\/2019\/10\/09\/o-bng-logra-un-acordo-do-parlamento-a-favor-da-permanencia-dos-empregos-de-r-na-coruna\/\" \/>\n<meta property=\"article:publisher\" content=\"https:\/\/www.facebook.com\/anovapeneira\" \/>\n<meta property=\"article:published_time\" content=\"2019-10-09T10:00:18+00:00\" \/>\n<meta property=\"og:image\" content=\"https:\/\/www.anovapeneira.gal\/wp-content\/uploads\/2019\/10\/NOA_R_a_nova_peneira.jpg\" \/>\n\t<meta property=\"og:image:width\" content=\"720\" \/>\n\t<meta property=\"og:image:height\" content=\"473\" \/>\n\t<meta property=\"og:image:type\" content=\"image\/jpeg\" \/>\n<meta name=\"author\" content=\"Redacci\u00f3n A Nova Peneira\" \/>\n<meta name=\"twitter:card\" content=\"summary_large_image\" \/>\n<meta name=\"twitter:creator\" content=\"@APeneira\" \/>\n<meta name=\"twitter:site\" content=\"@APeneira\" \/>\n<meta name=\"twitter:label1\" content=\"Escrito por\" \/>\n\t<meta name=\"twitter:data1\" content=\"Redacci\u00f3n A Nova Peneira\" \/>\n\t<meta name=\"twitter:label2\" content=\"Tempo de lectura\" \/>\n\t<meta name=\"twitter:data2\" content=\"1 minuto\" \/>\n<script type=\"application\/ld+json\" class=\"yoast-schema-graph\">{\"@context\":\"https:\\\/\\\/schema.org\",\"@graph\":[{\"@type\":\"Article\",\"@id\":\"https:\\\/\\\/www.anovapeneira.gal\\\/index.php\\\/2019\\\/10\\\/09\\\/o-bng-logra-un-acordo-do-parlamento-a-favor-da-permanencia-dos-empregos-de-r-na-coruna\\\/#article\",\"isPartOf\":{\"@id\":\"https:\\\/\\\/www.anovapeneira.gal\\\/index.php\\\/2019\\\/10\\\/09\\\/o-bng-logra-un-acordo-do-parlamento-a-favor-da-permanencia-dos-empregos-de-r-na-coruna\\\/\"},\"author\":{\"name\":\"Redacci\u00f3n A Nova Peneira\",\"@id\":\"https:\\\/\\\/www.anovapeneira.gal\\\/#\\\/schema\\\/person\\\/b93e3f8932e3f8da96334607eb6ac6aa\"},\"headline\":\"O BNG logra un acordo do parlamento a favor da permanencia dos empregos de R na Coru\u00f1a\",\"datePublished\":\"2019-10-09T10:00:18+00:00\",\"mainEntityOfPage\":{\"@id\":\"https:\\\/\\\/www.anovapeneira.gal\\\/index.php\\\/2019\\\/10\\\/09\\\/o-bng-logra-un-acordo-do-parlamento-a-favor-da-permanencia-dos-empregos-de-r-na-coruna\\\/\"},\"wordCount\":229,\"commentCount\":0,\"publisher\":{\"@id\":\"https:\\\/\\\/www.anovapeneira.gal\\\/#organization\"},\"image\":{\"@id\":\"https:\\\/\\\/www.anovapeneira.gal\\\/index.php\\\/2019\\\/10\\\/09\\\/o-bng-logra-un-acordo-do-parlamento-a-favor-da-permanencia-dos-empregos-de-r-na-coruna\\\/#primaryimage\"},\"thumbnailUrl\":\"https:\\\/\\\/www.anovapeneira.gal\\\/wp-content\\\/uploads\\\/2019\\\/10\\\/NOA_R_a_nova_peneira.jpg\",\"keywords\":[\"Emprego\",\"R\",\"Telefon\u00eda\"],\"articleSection\":[\"Novas\"],\"inLanguage\":\"gl-ES\",\"potentialAction\":[{\"@type\":\"CommentAction\",\"name\":\"Comment\",\"target\":[\"https:\\\/\\\/www.anovapeneira.gal\\\/index.php\\\/2019\\\/10\\\/09\\\/o-bng-logra-un-acordo-do-parlamento-a-favor-da-permanencia-dos-empregos-de-r-na-coruna\\\/#respond\"]}]},{\"@type\":\"WebPage\",\"@id\":\"https:\\\/\\\/www.anovapeneira.gal\\\/index.php\\\/2019\\\/10\\\/09\\\/o-bng-logra-un-acordo-do-parlamento-a-favor-da-permanencia-dos-empregos-de-r-na-coruna\\\/\",\"url\":\"https:\\\/\\\/www.anovapeneira.gal\\\/index.php\\\/2019\\\/10\\\/09\\\/o-bng-logra-un-acordo-do-parlamento-a-favor-da-permanencia-dos-empregos-de-r-na-coruna\\\/\",\"name\":\"O BNG logra un acordo do parlamento a favor da permanencia dos empregos de R na Coru\u00f1a -\",\"isPartOf\":{\"@id\":\"https:\\\/\\\/www.anovapeneira.gal\\\/#website\"},\"primaryImageOfPage\":{\"@id\":\"https:\\\/\\\/www.anovapeneira.gal\\\/index.php\\\/2019\\\/10\\\/09\\\/o-bng-logra-un-acordo-do-parlamento-a-favor-da-permanencia-dos-empregos-de-r-na-coruna\\\/#primaryimage\"},\"image\":{\"@id\":\"https:\\\/\\\/www.anovapeneira.gal\\\/index.php\\\/2019\\\/10\\\/09\\\/o-bng-logra-un-acordo-do-parlamento-a-favor-da-permanencia-dos-empregos-de-r-na-coruna\\\/#primaryimage\"},\"thumbnailUrl\":\"https:\\\/\\\/www.anovapeneira.gal\\\/wp-content\\\/uploads\\\/2019\\\/10\\\/NOA_R_a_nova_peneira.jpg\",\"datePublished\":\"2019-10-09T10:00:18+00:00\",\"breadcrumb\":{\"@id\":\"https:\\\/\\\/www.anovapeneira.gal\\\/index.php\\\/2019\\\/10\\\/09\\\/o-bng-logra-un-acordo-do-parlamento-a-favor-da-permanencia-dos-empregos-de-r-na-coruna\\\/#breadcrumb\"},\"inLanguage\":\"gl-ES\",\"potentialAction\":[{\"@type\":\"ReadAction\",\"target\":[\"https:\\\/\\\/www.anovapeneira.gal\\\/index.php\\\/2019\\\/10\\\/09\\\/o-bng-logra-un-acordo-do-parlamento-a-favor-da-permanencia-dos-empregos-de-r-na-coruna\\\/\"]}]},{\"@type\":\"ImageObject\",\"inLanguage\":\"gl-ES\",\"@id\":\"https:\\\/\\\/www.anovapeneira.gal\\\/index.php\\\/2019\\\/10\\\/09\\\/o-bng-logra-un-acordo-do-parlamento-a-favor-da-permanencia-dos-empregos-de-r-na-coruna\\\/#primaryimage\",\"url\":\"https:\\\/\\\/www.anovapeneira.gal\\\/wp-content\\\/uploads\\\/2019\\\/10\\\/NOA_R_a_nova_peneira.jpg\",\"contentUrl\":\"https:\\\/\\\/www.anovapeneira.gal\\\/wp-content\\\/uploads\\\/2019\\\/10\\\/NOA_R_a_nova_peneira.jpg\",\"width\":720,\"height\":473,\"caption\":\"R Na Coru\u00f1a A Nova Peneira\"},{\"@type\":\"BreadcrumbList\",\"@id\":\"https:\\\/\\\/www.anovapeneira.gal\\\/index.php\\\/2019\\\/10\\\/09\\\/o-bng-logra-un-acordo-do-parlamento-a-favor-da-permanencia-dos-empregos-de-r-na-coruna\\\/#breadcrumb\",\"itemListElement\":[{\"@type\":\"ListItem\",\"position\":1,\"name\":\"Portada\",\"item\":\"https:\\\/\\\/www.anovapeneira.gal\\\/\"},{\"@type\":\"ListItem\",\"position\":2,\"name\":\"O BNG logra un acordo do parlamento a favor da permanencia dos empregos de R na Coru\u00f1a\"}]},{\"@type\":\"WebSite\",\"@id\":\"https:\\\/\\\/www.anovapeneira.gal\\\/#website\",\"url\":\"https:\\\/\\\/www.anovapeneira.gal\\\/\",\"name\":\"\",\"description\":\"Xornal galego de informaci\u00f3n xeral Publicaci\u00f3n mensual de novas de Galicia e en especial dos Concellos da sur da provincia de Pontevedra.\",\"publisher\":{\"@id\":\"https:\\\/\\\/www.anovapeneira.gal\\\/#organization\"},\"potentialAction\":[{\"@type\":\"SearchAction\",\"target\":{\"@type\":\"EntryPoint\",\"urlTemplate\":\"https:\\\/\\\/www.anovapeneira.gal\\\/?s={search_term_string}\"},\"query-input\":{\"@type\":\"PropertyValueSpecification\",\"valueRequired\":true,\"valueName\":\"search_term_string\"}}],\"inLanguage\":\"gl-ES\"},{\"@type\":\"Organization\",\"@id\":\"https:\\\/\\\/www.anovapeneira.gal\\\/#organization\",\"name\":\"A Nova Peneira\",\"url\":\"https:\\\/\\\/www.anovapeneira.gal\\\/\",\"logo\":{\"@type\":\"ImageObject\",\"inLanguage\":\"gl-ES\",\"@id\":\"https:\\\/\\\/www.anovapeneira.gal\\\/#\\\/schema\\\/logo\\\/image\\\/\",\"url\":\"http:\\\/\\\/www.anovapeneira.gal\\\/wp-content\\\/uploads\\\/2019\\\/06\\\/logo_a_nova_peneira_portal_web.png\",\"contentUrl\":\"http:\\\/\\\/www.anovapeneira.gal\\\/wp-content\\\/uploads\\\/2019\\\/06\\\/logo_a_nova_peneira_portal_web.png\",\"width\":300,\"height\":100,\"caption\":\"A Nova Peneira\"},\"image\":{\"@id\":\"https:\\\/\\\/www.anovapeneira.gal\\\/#\\\/schema\\\/logo\\\/image\\\/\"},\"sameAs\":[\"https:\\\/\\\/www.facebook.com\\\/anovapeneira\",\"https:\\\/\\\/x.com\\\/APeneira\"]},{\"@type\":\"Person\",\"@id\":\"https:\\\/\\\/www.anovapeneira.gal\\\/#\\\/schema\\\/person\\\/b93e3f8932e3f8da96334607eb6ac6aa\",\"name\":\"Redacci\u00f3n A Nova Peneira\",\"image\":{\"@type\":\"ImageObject\",\"inLanguage\":\"gl-ES\",\"@id\":\"https:\\\/\\\/secure.gravatar.com\\\/avatar\\\/c052a2551a06e23fac63626232eaa90abd78dbcf1700fc46a2b2c89fd27b735f?s=96&d=mm&r=g\",\"url\":\"https:\\\/\\\/secure.gravatar.com\\\/avatar\\\/c052a2551a06e23fac63626232eaa90abd78dbcf1700fc46a2b2c89fd27b735f?s=96&d=mm&r=g\",\"contentUrl\":\"https:\\\/\\\/secure.gravatar.com\\\/avatar\\\/c052a2551a06e23fac63626232eaa90abd78dbcf1700fc46a2b2c89fd27b735f?s=96&d=mm&r=g\",\"caption\":\"Redacci\u00f3n A Nova Peneira\"},\"sameAs\":[\"http:\\\/\\\/www.anovapeneira.gal\\\/\"],\"url\":\"https:\\\/\\\/www.anovapeneira.gal\\\/index.php\\\/author\\\/redactor\\\/\"}]}<\/script>\n<!-- \/ Yoast SEO plugin. -->","yoast_head_json":{"title":"O BNG logra un acordo do parlamento a favor da permanencia dos empregos de R na Coru\u00f1a -","robots":{"index":"index","follow":"follow","max-snippet":"max-snippet:-1","max-image-preview":"max-image-preview:large","max-video-preview":"max-video-preview:-1"},"canonical":"https:\/\/www.anovapeneira.gal\/index.php\/2019\/10\/09\/o-bng-logra-un-acordo-do-parlamento-a-favor-da-permanencia-dos-empregos-de-r-na-coruna\/","og_locale":"gl_ES","og_type":"article","og_title":"O BNG logra un acordo do parlamento a favor da permanencia dos empregos de R na Coru\u00f1a -","og_description":"Presas: \u201cA Xunta ten que facer os seus deberes porque est\u00e1n en xogo 1.000 empregos na \u00e1rea metropolitana da Coru\u00f1a\u201d [...]","og_url":"https:\/\/www.anovapeneira.gal\/index.php\/2019\/10\/09\/o-bng-logra-un-acordo-do-parlamento-a-favor-da-permanencia-dos-empregos-de-r-na-coruna\/","article_publisher":"https:\/\/www.facebook.com\/anovapeneira","article_published_time":"2019-10-09T10:00:18+00:00","og_image":[{"width":720,"height":473,"url":"https:\/\/www.anovapeneira.gal\/wp-content\/uploads\/2019\/10\/NOA_R_a_nova_peneira.jpg","type":"image\/jpeg"}],"author":"Redacci\u00f3n A Nova Peneira","twitter_card":"summary_large_image","twitter_creator":"@APeneira","twitter_site":"@APeneira","twitter_misc":{"Escrito por":"Redacci\u00f3n A Nova Peneira","Tempo de lectura":"1 minuto"},"schema":{"@context":"https:\/\/schema.org","@graph":[{"@type":"Article","@id":"https:\/\/www.anovapeneira.gal\/index.php\/2019\/10\/09\/o-bng-logra-un-acordo-do-parlamento-a-favor-da-permanencia-dos-empregos-de-r-na-coruna\/#article","isPartOf":{"@id":"https:\/\/www.anovapeneira.gal\/index.php\/2019\/10\/09\/o-bng-logra-un-acordo-do-parlamento-a-favor-da-permanencia-dos-empregos-de-r-na-coruna\/"},"author":{"name":"Redacci\u00f3n A Nova Peneira","@id":"https:\/\/www.anovapeneira.gal\/#\/schema\/person\/b93e3f8932e3f8da96334607eb6ac6aa"},"headline":"O BNG logra un acordo do parlamento a favor da permanencia dos empregos de R na Coru\u00f1a","datePublished":"2019-10-09T10:00:18+00:00","mainEntityOfPage":{"@id":"https:\/\/www.anovapeneira.gal\/index.php\/2019\/10\/09\/o-bng-logra-un-acordo-do-parlamento-a-favor-da-permanencia-dos-empregos-de-r-na-coruna\/"},"wordCount":229,"commentCount":0,"publisher":{"@id":"https:\/\/www.anovapeneira.gal\/#organization"},"image":{"@id":"https:\/\/www.anovapeneira.gal\/index.php\/2019\/10\/09\/o-bng-logra-un-acordo-do-parlamento-a-favor-da-permanencia-dos-empregos-de-r-na-coruna\/#primaryimage"},"thumbnailUrl":"https:\/\/www.anovapeneira.gal\/wp-content\/uploads\/2019\/10\/NOA_R_a_nova_peneira.jpg","keywords":["Emprego","R","Telefon\u00eda"],"articleSection":["Novas"],"inLanguage":"gl-ES","potentialAction":[{"@type":"CommentAction","name":"Comment","target":["https:\/\/www.anovapeneira.gal\/index.php\/2019\/10\/09\/o-bng-logra-un-acordo-do-parlamento-a-favor-da-permanencia-dos-empregos-de-r-na-coruna\/#respond"]}]},{"@type":"WebPage","@id":"https:\/\/www.anovapeneira.gal\/index.php\/2019\/10\/09\/o-bng-logra-un-acordo-do-parlamento-a-favor-da-permanencia-dos-empregos-de-r-na-coruna\/","url":"https:\/\/www.anovapeneira.gal\/index.php\/2019\/10\/09\/o-bng-logra-un-acordo-do-parlamento-a-favor-da-permanencia-dos-empregos-de-r-na-coruna\/","name":"O BNG logra un acordo do parlamento a favor da permanencia dos empregos de R na Coru\u00f1a -","isPartOf":{"@id":"https:\/\/www.anovapeneira.gal\/#website"},"primaryImageOfPage":{"@id":"https:\/\/www.anovapeneira.gal\/index.php\/2019\/10\/09\/o-bng-logra-un-acordo-do-parlamento-a-favor-da-permanencia-dos-empregos-de-r-na-coruna\/#primaryimage"},"image":{"@id":"https:\/\/www.anovapeneira.gal\/index.php\/2019\/10\/09\/o-bng-logra-un-acordo-do-parlamento-a-favor-da-permanencia-dos-empregos-de-r-na-coruna\/#primaryimage"},"thumbnailUrl":"https:\/\/www.anovapeneira.gal\/wp-content\/uploads\/2019\/10\/NOA_R_a_nova_peneira.jpg","datePublished":"2019-10-09T10:00:18+00:00","breadcrumb":{"@id":"https:\/\/www.anovapeneira.gal\/index.php\/2019\/10\/09\/o-bng-logra-un-acordo-do-parlamento-a-favor-da-permanencia-dos-empregos-de-r-na-coruna\/#breadcrumb"},"inLanguage":"gl-ES","potentialAction":[{"@type":"ReadAction","target":["https:\/\/www.anovapeneira.gal\/index.php\/2019\/10\/09\/o-bng-logra-un-acordo-do-parlamento-a-favor-da-permanencia-dos-empregos-de-r-na-coruna\/"]}]},{"@type":"ImageObject","inLanguage":"gl-ES","@id":"https:\/\/www.anovapeneira.gal\/index.php\/2019\/10\/09\/o-bng-logra-un-acordo-do-parlamento-a-favor-da-permanencia-dos-empregos-de-r-na-coruna\/#primaryimage","url":"https:\/\/www.anovapeneira.gal\/wp-content\/uploads\/2019\/10\/NOA_R_a_nova_peneira.jpg","contentUrl":"https:\/\/www.anovapeneira.gal\/wp-content\/uploads\/2019\/10\/NOA_R_a_nova_peneira.jpg","width":720,"height":473,"caption":"R Na Coru\u00f1a A Nova Peneira"},{"@type":"BreadcrumbList","@id":"https:\/\/www.anovapeneira.gal\/index.php\/2019\/10\/09\/o-bng-logra-un-acordo-do-parlamento-a-favor-da-permanencia-dos-empregos-de-r-na-coruna\/#breadcrumb","itemListElement":[{"@type":"ListItem","position":1,"name":"Portada","item":"https:\/\/www.anovapeneira.gal\/"},{"@type":"ListItem","position":2,"name":"O BNG logra un acordo do parlamento a favor da permanencia dos empregos de R na Coru\u00f1a"}]},{"@type":"WebSite","@id":"https:\/\/www.anovapeneira.gal\/#website","url":"https:\/\/www.anovapeneira.gal\/","name":"","description":"Xornal galego de informaci\u00f3n xeral Publicaci\u00f3n mensual de novas de Galicia e en especial dos Concellos da sur da provincia de Pontevedra.","publisher":{"@id":"https:\/\/www.anovapeneira.gal\/#organization"},"potentialAction":[{"@type":"SearchAction","target":{"@type":"EntryPoint","urlTemplate":"https:\/\/www.anovapeneira.gal\/?s={search_term_string}"},"query-input":{"@type":"PropertyValueSpecification","valueRequired":true,"valueName":"search_term_string"}}],"inLanguage":"gl-ES"},{"@type":"Organization","@id":"https:\/\/www.anovapeneira.gal\/#organization","name":"A Nova Peneira","url":"https:\/\/www.anovapeneira.gal\/","logo":{"@type":"ImageObject","inLanguage":"gl-ES","@id":"https:\/\/www.anovapeneira.gal\/#\/schema\/logo\/image\/","url":"http:\/\/www.anovapeneira.gal\/wp-content\/uploads\/2019\/06\/logo_a_nova_peneira_portal_web.png","contentUrl":"http:\/\/www.anovapeneira.gal\/wp-content\/uploads\/2019\/06\/logo_a_nova_peneira_portal_web.png","width":300,"height":100,"caption":"A Nova Peneira"},"image":{"@id":"https:\/\/www.anovapeneira.gal\/#\/schema\/logo\/image\/"},"sameAs":["https:\/\/www.facebook.com\/anovapeneira","https:\/\/x.com\/APeneira"]},{"@type":"Person","@id":"https:\/\/www.anovapeneira.gal\/#\/schema\/person\/b93e3f8932e3f8da96334607eb6ac6aa","name":"Redacci\u00f3n A Nova Peneira","image":{"@type":"ImageObject","inLanguage":"gl-ES","@id":"https:\/\/secure.gravatar.com\/avatar\/c052a2551a06e23fac63626232eaa90abd78dbcf1700fc46a2b2c89fd27b735f?s=96&d=mm&r=g","url":"https:\/\/secure.gravatar.com\/avatar\/c052a2551a06e23fac63626232eaa90abd78dbcf1700fc46a2b2c89fd27b735f?s=96&d=mm&r=g","contentUrl":"https:\/\/secure.gravatar.com\/avatar\/c052a2551a06e23fac63626232eaa90abd78dbcf1700fc46a2b2c89fd27b735f?s=96&d=mm&r=g","caption":"Redacci\u00f3n A Nova Peneira"},"sameAs":["http:\/\/www.anovapeneira.gal\/"],"url":"https:\/\/www.anovapeneira.gal\/index.php\/author\/redactor\/"}]}},"jetpack_featured_media_url":"https:\/\/www.anovapeneira.gal\/wp-content\/uploads\/2019\/10\/NOA_R_a_nova_peneira.jpg","_links":{"self":[{"href":"https:\/\/www.anovapeneira.gal\/index.php\/wp-json\/wp\/v2\/posts\/1452","targetHints":{"allow":["GET"]}}],"collection":[{"href":"https:\/\/www.anovapeneira.gal\/index.php\/wp-json\/wp\/v2\/posts"}],"about":[{"href":"https:\/\/www.anovapeneira.gal\/index.php\/wp-json\/wp\/v2\/types\/post"}],"author":[{"embeddable":true,"href":"https:\/\/www.anovapeneira.gal\/index.php\/wp-json\/wp\/v2\/users\/3"}],"replies":[{"embeddable":true,"href":"https:\/\/www.anovapeneira.gal\/index.php\/wp-json\/wp\/v2\/comments?post=1452"}],"version-history":[{"count":1,"href":"https:\/\/www.anovapeneira.gal\/index.php\/wp-json\/wp\/v2\/posts\/1452\/revisions"}],"predecessor-version":[{"id":1454,"href":"https:\/\/www.anovapeneira.gal\/index.php\/wp-json\/wp\/v2\/posts\/1452\/revisions\/1454"}],"wp:featuredmedia":[{"embeddable":true,"href":"https:\/\/www.anovapeneira.gal\/index.php\/wp-json\/wp\/v2\/media\/1453"}],"wp:attachment":[{"href":"https:\/\/www.anovapeneira.gal\/index.php\/wp-json\/wp\/v2\/media?parent=1452"}],"wp:term":[{"taxonomy":"category","embeddable":true,"href":"https:\/\/www.anovapeneira.gal\/index.php\/wp-json\/wp\/v2\/categories?post=1452"},{"taxonomy":"post_tag","embeddable":true,"href":"https:\/\/www.anovapeneira.gal\/index.php\/wp-json\/wp\/v2\/tags?post=1452"}],"curies":[{"name":"wp","href":"https:\/\/api.w.org\/{rel}","templated":true}]}}