{"id":14555,"date":"2025-09-01T10:00:54","date_gmt":"2025-09-01T08:00:54","guid":{"rendered":"https:\/\/www.anovapeneira.gal\/?p=14555"},"modified":"2025-08-31T09:46:39","modified_gmt":"2025-08-31T07:46:39","slug":"entroido-de-veran-unha-idea-brillante-que-ten-que-ser-reconducida","status":"publish","type":"post","link":"https:\/\/www.anovapeneira.gal\/index.php\/2025\/09\/01\/entroido-de-veran-unha-idea-brillante-que-ten-que-ser-reconducida\/","title":{"rendered":"Entroido de ver\u00e1n: unha idea brillante que ten que ser reconducida"},"content":{"rendered":"\n<ul class=\"wp-block-list\">\n<li>\u201c<strong>Gran n\u00famero dos contenedores instalados nin sequera chegaban a metade da s\u00faa capacidade cando, ao seu arredor, o chan estaba cheo de toneladas de lixo\u201d<\/strong><\/li>\n\n\n\n<li><strong>Esa festa ten que ser compatible cun comportamento moito m\u00e1is civilizado por parte dos asistentes<\/strong><\/li>\n<\/ul>\n\n\n\n<p><strong>26 de agosto de 2025. <\/strong><\/p>\n\n\n\n<p>O entroido de ver\u00e1n foi unha marabillosa iniciativa desenvolvida hai m\u00e1is de xx a\u00f1os por un grupo de xente de Redondela. A primeira edici\u00f3n so congregou a unhas poucas ducias de disfraces na praza da Constituci\u00f3n, pero foi unha idea tan boa que pouco a pouco foi sumando participantes ata chegar \u00e1 actualidade: un evento totalmente desproporcionado, que en boa parte conserva o esp\u00edrito inicial de festa alegre e desenfada pero que claramente ten un lado escuro que a Alcaldesa semella non querer ver.<\/p>\n\n\n\n<p>Ao contrario, dende hai anos \u00e9 o Concello quen organiza o Entroido de ver\u00e1n e a programaci\u00f3n fomenta que a festa se desenvolva ata altas horas da madrugada e se traduza nun macro-botell\u00f3n descontrolado. Ademais, Rivas celebra que asistan ao Entroido decenas de miles de persoas. Miden o \u00e9xito dun evento pola cantidade de xente que asiste sen reparar no reverso da moeda: a determinadas horas do entroido, Redondela v\u00f3lvese un territorio comanche onde todo vale.<\/p>\n\n\n\n<p><strong>Repensar o Entroido<\/strong><\/p>\n\n\n\n<p>AER volve facer un chamamento a todas as forzas pol\u00edticas para que, entre todos, se lle dea unha volta a esta Festa. Dende AER defendemos que hai que manter o Entroido de ver\u00e1n en Redondela, unha idea realmente enxe\u00f1osa onde se trasladan as esencias do entroido tradicional a unha \u00e9poca cun clima m\u00e1is favorable para o desfrute da festa e dos disfraces.<\/p>\n\n\n\n<p>Pero esa festa ten que ser compatible cun comportamento moito m\u00e1is civilizado por parte dos asistentes, que non xeren os gastos de limpeza, de reposici\u00f3n de mobiliario urbano, etc. e, se cadra m\u00e1is importante, que sexa compatible cos centos de persoas da nosa vila que queren descansar, que mesmo senten que son expulsados ese d\u00edas das s\u00faas r\u00faas e das s\u00faas prazas. Todo por mor do exceso en que se ten transformado o Entroido de ver\u00e1n.<\/p>\n\n\n\n<p>\u201c<strong>Ti mancha, que xa limpamos n\u00f3s\u201d<\/strong><\/p>\n\n\n\n<p>\u201c\u00c9 moi frustrante ver no que ten derivado o Entroido que poder\u00edamos resumir en \u201cti emporca, que xa limpamos n\u00f3s\u201d. Eu levo catro anos lidiando con esta festa e o que dixen no ano 2022 o volvo afirmar: as infraestruturas e o medio ambiente de Redondela non se pode permitir eventos coma este\u201d, comenta Roberto Villar, concelleiro de V\u00edas e Obras do Concello de Redondela.<\/p>\n\n\n\n<p>\u201cPo\u00f1o un pequeno exemplo, hai quen di que hai po\u00f1er m\u00e1is contedores para que os participantes te\u00f1an onde botar o lixo do botell\u00f3n. Pois ben, este ano houbo 130 contedores de lixo que foron revisados \u00e1s 4:30h da madrugada do domingo e a inmensa maior\u00edas estaban sen encher e, destes, un gran n\u00famero nin sequera chegaban a metade da s\u00faa capacidade. Cando ao seu arredor e por todo o chan estaba cheo de toneladas de lixo.<\/p>\n\n\n\n<p><strong>Este evento non se pode regular con m\u00e1is de todo<\/strong><\/p>\n\n\n\n<p>A evoluci\u00f3n do Entroido de Ver\u00e1n semella unha fuxida cara adiante. Cada vez asiste m\u00e1is xente e os organizadores cada ano gastan m\u00e1is: en grupos musicais que atraian m\u00e1is p\u00fablico, en m\u00e1is protecci\u00f3n do entorno (valados e rafias para o peche de r\u00faas parques, igrexas, etc.), en m\u00e1is polic\u00eda, m\u00e1is protecci\u00f3n civil, m\u00e1is m\u00e9dicos, m\u00e1is persoal e maquinaria de limpeza, m\u00e1is baldeos, m\u00e1is barreiras no r\u00edo, m\u00e1is contedores do lixo, m\u00e1is aseos e unha longa lista de m\u00e1is e m\u00e1is medidas.<\/p>\n\n\n\n<p>Dende AER defendemos queRedondela non pode seguir mantendo un evento que custa m\u00e1is de 100.000\u20ac de cartos p\u00fablicos, no que as r\u00faas son convertidas nunha macro discoteca ao aire libre chea de ducias de barras con DJs que serven bebidas alcoh\u00f3licas durante m\u00e1is de 12 horas e miles de persoas con bolsas de botell\u00f3n mercadas nos supermercados que acaban esparexidas por todo o casco urbano.<\/p>\n\n\n\n<p>Coidamos que tanto a parte pol\u00edtica como a propia veci\u00f1anza ten que facer unha reflexi\u00f3n seria para sermos quen manter esta festa marabillosa pro que ten que ser racionalizada.<\/p>\n","protected":false},"excerpt":{"rendered":"<div class=\"mh-excerpt\"><p>\u201cGran n\u00famero dos contenedores instalados nin sequera chegaban a metade da s\u00faa capacidade cando, ao seu arredor, o chan estaba cheo de toneladas de lixo\u201d <a class=\"mh-excerpt-more\" href=\"https:\/\/www.anovapeneira.gal\/index.php\/2025\/09\/01\/entroido-de-veran-unha-idea-brillante-que-ten-que-ser-reconducida\/\" title=\"Entroido de ver\u00e1n: unha idea brillante que ten que ser reconducida\">[&#8230;]<\/a><\/p>\n<\/div>","protected":false},"author":3,"featured_media":14556,"comment_status":"open","ping_status":"open","sticky":false,"template":"","format":"standard","meta":{"_exactmetrics_skip_tracking":false,"_exactmetrics_sitenote_active":false,"_exactmetrics_sitenote_note":"","_exactmetrics_sitenote_category":0,"footnotes":""},"categories":[24],"tags":[171],"class_list":{"0":"post-14555","1":"post","2":"type-post","3":"status-publish","4":"format-standard","5":"has-post-thumbnail","7":"category-redondela","8":"tag-concello-de-redondela"},"yoast_head":"<!-- This site is optimized with the Yoast SEO plugin v27.4 - https:\/\/yoast.com\/product\/yoast-seo-wordpress\/ -->\n<title>Entroido de ver\u00e1n: unha idea brillante que ten que ser reconducida -<\/title>\n<meta name=\"robots\" content=\"index, follow, max-snippet:-1, max-image-preview:large, max-video-preview:-1\" \/>\n<link rel=\"canonical\" href=\"https:\/\/www.anovapeneira.gal\/index.php\/2025\/09\/01\/entroido-de-veran-unha-idea-brillante-que-ten-que-ser-reconducida\/\" \/>\n<meta property=\"og:locale\" content=\"gl_ES\" \/>\n<meta property=\"og:type\" content=\"article\" \/>\n<meta property=\"og:title\" content=\"Entroido de ver\u00e1n: unha idea brillante que ten que ser reconducida -\" \/>\n<meta property=\"og:description\" content=\"\u201cGran n\u00famero dos contenedores instalados nin sequera chegaban a metade da s\u00faa capacidade cando, ao seu arredor, o chan estaba cheo de toneladas de lixo\u201d [...]\" \/>\n<meta property=\"og:url\" content=\"https:\/\/www.anovapeneira.gal\/index.php\/2025\/09\/01\/entroido-de-veran-unha-idea-brillante-que-ten-que-ser-reconducida\/\" \/>\n<meta property=\"article:publisher\" content=\"https:\/\/www.facebook.com\/anovapeneira\" \/>\n<meta property=\"article:published_time\" content=\"2025-09-01T08:00:54+00:00\" \/>\n<meta property=\"og:image\" content=\"https:\/\/www.anovapeneira.gal\/wp-content\/uploads\/2025\/08\/entroido_Veran.jpg\" \/>\n\t<meta property=\"og:image:width\" content=\"1536\" \/>\n\t<meta property=\"og:image:height\" content=\"922\" \/>\n\t<meta property=\"og:image:type\" content=\"image\/jpeg\" \/>\n<meta name=\"author\" content=\"Redacci\u00f3n A Nova Peneira\" \/>\n<meta name=\"twitter:card\" content=\"summary_large_image\" \/>\n<meta name=\"twitter:creator\" content=\"@APeneira\" \/>\n<meta name=\"twitter:site\" content=\"@APeneira\" \/>\n<meta name=\"twitter:label1\" content=\"Escrito por\" \/>\n\t<meta name=\"twitter:data1\" content=\"Redacci\u00f3n A Nova Peneira\" \/>\n\t<meta name=\"twitter:label2\" content=\"Tempo de lectura\" \/>\n\t<meta name=\"twitter:data2\" content=\"4 minutos\" \/>\n<script type=\"application\/ld+json\" class=\"yoast-schema-graph\">{\"@context\":\"https:\\\/\\\/schema.org\",\"@graph\":[{\"@type\":\"Article\",\"@id\":\"https:\\\/\\\/www.anovapeneira.gal\\\/index.php\\\/2025\\\/09\\\/01\\\/entroido-de-veran-unha-idea-brillante-que-ten-que-ser-reconducida\\\/#article\",\"isPartOf\":{\"@id\":\"https:\\\/\\\/www.anovapeneira.gal\\\/index.php\\\/2025\\\/09\\\/01\\\/entroido-de-veran-unha-idea-brillante-que-ten-que-ser-reconducida\\\/\"},\"author\":{\"name\":\"Redacci\u00f3n A Nova Peneira\",\"@id\":\"https:\\\/\\\/www.anovapeneira.gal\\\/#\\\/schema\\\/person\\\/b93e3f8932e3f8da96334607eb6ac6aa\"},\"headline\":\"Entroido de ver\u00e1n: unha idea brillante que ten que ser reconducida\",\"datePublished\":\"2025-09-01T08:00:54+00:00\",\"mainEntityOfPage\":{\"@id\":\"https:\\\/\\\/www.anovapeneira.gal\\\/index.php\\\/2025\\\/09\\\/01\\\/entroido-de-veran-unha-idea-brillante-que-ten-que-ser-reconducida\\\/\"},\"wordCount\":751,\"commentCount\":0,\"publisher\":{\"@id\":\"https:\\\/\\\/www.anovapeneira.gal\\\/#organization\"},\"image\":{\"@id\":\"https:\\\/\\\/www.anovapeneira.gal\\\/index.php\\\/2025\\\/09\\\/01\\\/entroido-de-veran-unha-idea-brillante-que-ten-que-ser-reconducida\\\/#primaryimage\"},\"thumbnailUrl\":\"https:\\\/\\\/www.anovapeneira.gal\\\/wp-content\\\/uploads\\\/2025\\\/08\\\/entroido_Veran.jpg\",\"keywords\":[\"Concello de Redondela\"],\"articleSection\":[\"Redondela\"],\"inLanguage\":\"gl-ES\",\"potentialAction\":[{\"@type\":\"CommentAction\",\"name\":\"Comment\",\"target\":[\"https:\\\/\\\/www.anovapeneira.gal\\\/index.php\\\/2025\\\/09\\\/01\\\/entroido-de-veran-unha-idea-brillante-que-ten-que-ser-reconducida\\\/#respond\"]}]},{\"@type\":\"WebPage\",\"@id\":\"https:\\\/\\\/www.anovapeneira.gal\\\/index.php\\\/2025\\\/09\\\/01\\\/entroido-de-veran-unha-idea-brillante-que-ten-que-ser-reconducida\\\/\",\"url\":\"https:\\\/\\\/www.anovapeneira.gal\\\/index.php\\\/2025\\\/09\\\/01\\\/entroido-de-veran-unha-idea-brillante-que-ten-que-ser-reconducida\\\/\",\"name\":\"Entroido de ver\u00e1n: unha idea brillante que ten que ser reconducida -\",\"isPartOf\":{\"@id\":\"https:\\\/\\\/www.anovapeneira.gal\\\/#website\"},\"primaryImageOfPage\":{\"@id\":\"https:\\\/\\\/www.anovapeneira.gal\\\/index.php\\\/2025\\\/09\\\/01\\\/entroido-de-veran-unha-idea-brillante-que-ten-que-ser-reconducida\\\/#primaryimage\"},\"image\":{\"@id\":\"https:\\\/\\\/www.anovapeneira.gal\\\/index.php\\\/2025\\\/09\\\/01\\\/entroido-de-veran-unha-idea-brillante-que-ten-que-ser-reconducida\\\/#primaryimage\"},\"thumbnailUrl\":\"https:\\\/\\\/www.anovapeneira.gal\\\/wp-content\\\/uploads\\\/2025\\\/08\\\/entroido_Veran.jpg\",\"datePublished\":\"2025-09-01T08:00:54+00:00\",\"breadcrumb\":{\"@id\":\"https:\\\/\\\/www.anovapeneira.gal\\\/index.php\\\/2025\\\/09\\\/01\\\/entroido-de-veran-unha-idea-brillante-que-ten-que-ser-reconducida\\\/#breadcrumb\"},\"inLanguage\":\"gl-ES\",\"potentialAction\":[{\"@type\":\"ReadAction\",\"target\":[\"https:\\\/\\\/www.anovapeneira.gal\\\/index.php\\\/2025\\\/09\\\/01\\\/entroido-de-veran-unha-idea-brillante-que-ten-que-ser-reconducida\\\/\"]}]},{\"@type\":\"ImageObject\",\"inLanguage\":\"gl-ES\",\"@id\":\"https:\\\/\\\/www.anovapeneira.gal\\\/index.php\\\/2025\\\/09\\\/01\\\/entroido-de-veran-unha-idea-brillante-que-ten-que-ser-reconducida\\\/#primaryimage\",\"url\":\"https:\\\/\\\/www.anovapeneira.gal\\\/wp-content\\\/uploads\\\/2025\\\/08\\\/entroido_Veran.jpg\",\"contentUrl\":\"https:\\\/\\\/www.anovapeneira.gal\\\/wp-content\\\/uploads\\\/2025\\\/08\\\/entroido_Veran.jpg\",\"width\":1536,\"height\":922},{\"@type\":\"BreadcrumbList\",\"@id\":\"https:\\\/\\\/www.anovapeneira.gal\\\/index.php\\\/2025\\\/09\\\/01\\\/entroido-de-veran-unha-idea-brillante-que-ten-que-ser-reconducida\\\/#breadcrumb\",\"itemListElement\":[{\"@type\":\"ListItem\",\"position\":1,\"name\":\"Portada\",\"item\":\"https:\\\/\\\/www.anovapeneira.gal\\\/\"},{\"@type\":\"ListItem\",\"position\":2,\"name\":\"Entroido de ver\u00e1n: unha idea brillante que ten que ser reconducida\"}]},{\"@type\":\"WebSite\",\"@id\":\"https:\\\/\\\/www.anovapeneira.gal\\\/#website\",\"url\":\"https:\\\/\\\/www.anovapeneira.gal\\\/\",\"name\":\"\",\"description\":\"Xornal galego de informaci\u00f3n xeral Publicaci\u00f3n mensual de novas de Galicia e en especial dos Concellos da sur da provincia de Pontevedra.\",\"publisher\":{\"@id\":\"https:\\\/\\\/www.anovapeneira.gal\\\/#organization\"},\"potentialAction\":[{\"@type\":\"SearchAction\",\"target\":{\"@type\":\"EntryPoint\",\"urlTemplate\":\"https:\\\/\\\/www.anovapeneira.gal\\\/?s={search_term_string}\"},\"query-input\":{\"@type\":\"PropertyValueSpecification\",\"valueRequired\":true,\"valueName\":\"search_term_string\"}}],\"inLanguage\":\"gl-ES\"},{\"@type\":\"Organization\",\"@id\":\"https:\\\/\\\/www.anovapeneira.gal\\\/#organization\",\"name\":\"A Nova Peneira\",\"url\":\"https:\\\/\\\/www.anovapeneira.gal\\\/\",\"logo\":{\"@type\":\"ImageObject\",\"inLanguage\":\"gl-ES\",\"@id\":\"https:\\\/\\\/www.anovapeneira.gal\\\/#\\\/schema\\\/logo\\\/image\\\/\",\"url\":\"http:\\\/\\\/www.anovapeneira.gal\\\/wp-content\\\/uploads\\\/2019\\\/06\\\/logo_a_nova_peneira_portal_web.png\",\"contentUrl\":\"http:\\\/\\\/www.anovapeneira.gal\\\/wp-content\\\/uploads\\\/2019\\\/06\\\/logo_a_nova_peneira_portal_web.png\",\"width\":300,\"height\":100,\"caption\":\"A Nova Peneira\"},\"image\":{\"@id\":\"https:\\\/\\\/www.anovapeneira.gal\\\/#\\\/schema\\\/logo\\\/image\\\/\"},\"sameAs\":[\"https:\\\/\\\/www.facebook.com\\\/anovapeneira\",\"https:\\\/\\\/x.com\\\/APeneira\"]},{\"@type\":\"Person\",\"@id\":\"https:\\\/\\\/www.anovapeneira.gal\\\/#\\\/schema\\\/person\\\/b93e3f8932e3f8da96334607eb6ac6aa\",\"name\":\"Redacci\u00f3n A Nova Peneira\",\"image\":{\"@type\":\"ImageObject\",\"inLanguage\":\"gl-ES\",\"@id\":\"https:\\\/\\\/secure.gravatar.com\\\/avatar\\\/c052a2551a06e23fac63626232eaa90abd78dbcf1700fc46a2b2c89fd27b735f?s=96&d=mm&r=g\",\"url\":\"https:\\\/\\\/secure.gravatar.com\\\/avatar\\\/c052a2551a06e23fac63626232eaa90abd78dbcf1700fc46a2b2c89fd27b735f?s=96&d=mm&r=g\",\"contentUrl\":\"https:\\\/\\\/secure.gravatar.com\\\/avatar\\\/c052a2551a06e23fac63626232eaa90abd78dbcf1700fc46a2b2c89fd27b735f?s=96&d=mm&r=g\",\"caption\":\"Redacci\u00f3n A Nova Peneira\"},\"sameAs\":[\"http:\\\/\\\/www.anovapeneira.gal\\\/\"],\"url\":\"https:\\\/\\\/www.anovapeneira.gal\\\/index.php\\\/author\\\/redactor\\\/\"}]}<\/script>\n<!-- \/ Yoast SEO plugin. -->","yoast_head_json":{"title":"Entroido de ver\u00e1n: unha idea brillante que ten que ser reconducida -","robots":{"index":"index","follow":"follow","max-snippet":"max-snippet:-1","max-image-preview":"max-image-preview:large","max-video-preview":"max-video-preview:-1"},"canonical":"https:\/\/www.anovapeneira.gal\/index.php\/2025\/09\/01\/entroido-de-veran-unha-idea-brillante-que-ten-que-ser-reconducida\/","og_locale":"gl_ES","og_type":"article","og_title":"Entroido de ver\u00e1n: unha idea brillante que ten que ser reconducida -","og_description":"\u201cGran n\u00famero dos contenedores instalados nin sequera chegaban a metade da s\u00faa capacidade cando, ao seu arredor, o chan estaba cheo de toneladas de lixo\u201d [...]","og_url":"https:\/\/www.anovapeneira.gal\/index.php\/2025\/09\/01\/entroido-de-veran-unha-idea-brillante-que-ten-que-ser-reconducida\/","article_publisher":"https:\/\/www.facebook.com\/anovapeneira","article_published_time":"2025-09-01T08:00:54+00:00","og_image":[{"width":1536,"height":922,"url":"https:\/\/www.anovapeneira.gal\/wp-content\/uploads\/2025\/08\/entroido_Veran.jpg","type":"image\/jpeg"}],"author":"Redacci\u00f3n A Nova Peneira","twitter_card":"summary_large_image","twitter_creator":"@APeneira","twitter_site":"@APeneira","twitter_misc":{"Escrito por":"Redacci\u00f3n A Nova Peneira","Tempo de lectura":"4 minutos"},"schema":{"@context":"https:\/\/schema.org","@graph":[{"@type":"Article","@id":"https:\/\/www.anovapeneira.gal\/index.php\/2025\/09\/01\/entroido-de-veran-unha-idea-brillante-que-ten-que-ser-reconducida\/#article","isPartOf":{"@id":"https:\/\/www.anovapeneira.gal\/index.php\/2025\/09\/01\/entroido-de-veran-unha-idea-brillante-que-ten-que-ser-reconducida\/"},"author":{"name":"Redacci\u00f3n A Nova Peneira","@id":"https:\/\/www.anovapeneira.gal\/#\/schema\/person\/b93e3f8932e3f8da96334607eb6ac6aa"},"headline":"Entroido de ver\u00e1n: unha idea brillante que ten que ser reconducida","datePublished":"2025-09-01T08:00:54+00:00","mainEntityOfPage":{"@id":"https:\/\/www.anovapeneira.gal\/index.php\/2025\/09\/01\/entroido-de-veran-unha-idea-brillante-que-ten-que-ser-reconducida\/"},"wordCount":751,"commentCount":0,"publisher":{"@id":"https:\/\/www.anovapeneira.gal\/#organization"},"image":{"@id":"https:\/\/www.anovapeneira.gal\/index.php\/2025\/09\/01\/entroido-de-veran-unha-idea-brillante-que-ten-que-ser-reconducida\/#primaryimage"},"thumbnailUrl":"https:\/\/www.anovapeneira.gal\/wp-content\/uploads\/2025\/08\/entroido_Veran.jpg","keywords":["Concello de Redondela"],"articleSection":["Redondela"],"inLanguage":"gl-ES","potentialAction":[{"@type":"CommentAction","name":"Comment","target":["https:\/\/www.anovapeneira.gal\/index.php\/2025\/09\/01\/entroido-de-veran-unha-idea-brillante-que-ten-que-ser-reconducida\/#respond"]}]},{"@type":"WebPage","@id":"https:\/\/www.anovapeneira.gal\/index.php\/2025\/09\/01\/entroido-de-veran-unha-idea-brillante-que-ten-que-ser-reconducida\/","url":"https:\/\/www.anovapeneira.gal\/index.php\/2025\/09\/01\/entroido-de-veran-unha-idea-brillante-que-ten-que-ser-reconducida\/","name":"Entroido de ver\u00e1n: unha idea brillante que ten que ser reconducida -","isPartOf":{"@id":"https:\/\/www.anovapeneira.gal\/#website"},"primaryImageOfPage":{"@id":"https:\/\/www.anovapeneira.gal\/index.php\/2025\/09\/01\/entroido-de-veran-unha-idea-brillante-que-ten-que-ser-reconducida\/#primaryimage"},"image":{"@id":"https:\/\/www.anovapeneira.gal\/index.php\/2025\/09\/01\/entroido-de-veran-unha-idea-brillante-que-ten-que-ser-reconducida\/#primaryimage"},"thumbnailUrl":"https:\/\/www.anovapeneira.gal\/wp-content\/uploads\/2025\/08\/entroido_Veran.jpg","datePublished":"2025-09-01T08:00:54+00:00","breadcrumb":{"@id":"https:\/\/www.anovapeneira.gal\/index.php\/2025\/09\/01\/entroido-de-veran-unha-idea-brillante-que-ten-que-ser-reconducida\/#breadcrumb"},"inLanguage":"gl-ES","potentialAction":[{"@type":"ReadAction","target":["https:\/\/www.anovapeneira.gal\/index.php\/2025\/09\/01\/entroido-de-veran-unha-idea-brillante-que-ten-que-ser-reconducida\/"]}]},{"@type":"ImageObject","inLanguage":"gl-ES","@id":"https:\/\/www.anovapeneira.gal\/index.php\/2025\/09\/01\/entroido-de-veran-unha-idea-brillante-que-ten-que-ser-reconducida\/#primaryimage","url":"https:\/\/www.anovapeneira.gal\/wp-content\/uploads\/2025\/08\/entroido_Veran.jpg","contentUrl":"https:\/\/www.anovapeneira.gal\/wp-content\/uploads\/2025\/08\/entroido_Veran.jpg","width":1536,"height":922},{"@type":"BreadcrumbList","@id":"https:\/\/www.anovapeneira.gal\/index.php\/2025\/09\/01\/entroido-de-veran-unha-idea-brillante-que-ten-que-ser-reconducida\/#breadcrumb","itemListElement":[{"@type":"ListItem","position":1,"name":"Portada","item":"https:\/\/www.anovapeneira.gal\/"},{"@type":"ListItem","position":2,"name":"Entroido de ver\u00e1n: unha idea brillante que ten que ser reconducida"}]},{"@type":"WebSite","@id":"https:\/\/www.anovapeneira.gal\/#website","url":"https:\/\/www.anovapeneira.gal\/","name":"","description":"Xornal galego de informaci\u00f3n xeral Publicaci\u00f3n mensual de novas de Galicia e en especial dos Concellos da sur da provincia de Pontevedra.","publisher":{"@id":"https:\/\/www.anovapeneira.gal\/#organization"},"potentialAction":[{"@type":"SearchAction","target":{"@type":"EntryPoint","urlTemplate":"https:\/\/www.anovapeneira.gal\/?s={search_term_string}"},"query-input":{"@type":"PropertyValueSpecification","valueRequired":true,"valueName":"search_term_string"}}],"inLanguage":"gl-ES"},{"@type":"Organization","@id":"https:\/\/www.anovapeneira.gal\/#organization","name":"A Nova Peneira","url":"https:\/\/www.anovapeneira.gal\/","logo":{"@type":"ImageObject","inLanguage":"gl-ES","@id":"https:\/\/www.anovapeneira.gal\/#\/schema\/logo\/image\/","url":"http:\/\/www.anovapeneira.gal\/wp-content\/uploads\/2019\/06\/logo_a_nova_peneira_portal_web.png","contentUrl":"http:\/\/www.anovapeneira.gal\/wp-content\/uploads\/2019\/06\/logo_a_nova_peneira_portal_web.png","width":300,"height":100,"caption":"A Nova Peneira"},"image":{"@id":"https:\/\/www.anovapeneira.gal\/#\/schema\/logo\/image\/"},"sameAs":["https:\/\/www.facebook.com\/anovapeneira","https:\/\/x.com\/APeneira"]},{"@type":"Person","@id":"https:\/\/www.anovapeneira.gal\/#\/schema\/person\/b93e3f8932e3f8da96334607eb6ac6aa","name":"Redacci\u00f3n A Nova Peneira","image":{"@type":"ImageObject","inLanguage":"gl-ES","@id":"https:\/\/secure.gravatar.com\/avatar\/c052a2551a06e23fac63626232eaa90abd78dbcf1700fc46a2b2c89fd27b735f?s=96&d=mm&r=g","url":"https:\/\/secure.gravatar.com\/avatar\/c052a2551a06e23fac63626232eaa90abd78dbcf1700fc46a2b2c89fd27b735f?s=96&d=mm&r=g","contentUrl":"https:\/\/secure.gravatar.com\/avatar\/c052a2551a06e23fac63626232eaa90abd78dbcf1700fc46a2b2c89fd27b735f?s=96&d=mm&r=g","caption":"Redacci\u00f3n A Nova Peneira"},"sameAs":["http:\/\/www.anovapeneira.gal\/"],"url":"https:\/\/www.anovapeneira.gal\/index.php\/author\/redactor\/"}]}},"jetpack_featured_media_url":"https:\/\/www.anovapeneira.gal\/wp-content\/uploads\/2025\/08\/entroido_Veran.jpg","_links":{"self":[{"href":"https:\/\/www.anovapeneira.gal\/index.php\/wp-json\/wp\/v2\/posts\/14555","targetHints":{"allow":["GET"]}}],"collection":[{"href":"https:\/\/www.anovapeneira.gal\/index.php\/wp-json\/wp\/v2\/posts"}],"about":[{"href":"https:\/\/www.anovapeneira.gal\/index.php\/wp-json\/wp\/v2\/types\/post"}],"author":[{"embeddable":true,"href":"https:\/\/www.anovapeneira.gal\/index.php\/wp-json\/wp\/v2\/users\/3"}],"replies":[{"embeddable":true,"href":"https:\/\/www.anovapeneira.gal\/index.php\/wp-json\/wp\/v2\/comments?post=14555"}],"version-history":[{"count":1,"href":"https:\/\/www.anovapeneira.gal\/index.php\/wp-json\/wp\/v2\/posts\/14555\/revisions"}],"predecessor-version":[{"id":14557,"href":"https:\/\/www.anovapeneira.gal\/index.php\/wp-json\/wp\/v2\/posts\/14555\/revisions\/14557"}],"wp:featuredmedia":[{"embeddable":true,"href":"https:\/\/www.anovapeneira.gal\/index.php\/wp-json\/wp\/v2\/media\/14556"}],"wp:attachment":[{"href":"https:\/\/www.anovapeneira.gal\/index.php\/wp-json\/wp\/v2\/media?parent=14555"}],"wp:term":[{"taxonomy":"category","embeddable":true,"href":"https:\/\/www.anovapeneira.gal\/index.php\/wp-json\/wp\/v2\/categories?post=14555"},{"taxonomy":"post_tag","embeddable":true,"href":"https:\/\/www.anovapeneira.gal\/index.php\/wp-json\/wp\/v2\/tags?post=14555"}],"curies":[{"name":"wp","href":"https:\/\/api.w.org\/{rel}","templated":true}]}}