{"id":14573,"date":"2025-09-04T10:00:50","date_gmt":"2025-09-04T08:00:50","guid":{"rendered":"https:\/\/www.anovapeneira.gal\/?p=14573"},"modified":"2025-08-31T10:51:23","modified_gmt":"2025-08-31T08:51:23","slug":"o-psdeg-psoe-de-mos-solicita-a-xunta-de-galicia-unha-cuberta-no-patio-exterior-do-ies-de-mos-e-poner-en-marcha-o-ciclo-medio-de-guia-no-medio-rurale-de-tempo-libre","status":"publish","type":"post","link":"https:\/\/www.anovapeneira.gal\/index.php\/2025\/09\/04\/o-psdeg-psoe-de-mos-solicita-a-xunta-de-galicia-unha-cuberta-no-patio-exterior-do-ies-de-mos-e-poner-en-marcha-o-ciclo-medio-de-guia-no-medio-rurale-de-tempo-libre\/","title":{"rendered":"O PSDEG-PSOE de Mos solicita \u00e1 xunta de galicia unha cuberta no patio exterior do ies de Mos e po\u00f1er en marcha o ciclo medio de gu\u00eda no medio rurale de tempo libre"},"content":{"rendered":"\n<p>A bancada socialista, a trav\u00e9s dos seus deputados e deputadas na Xunta de Galicia, presentou esta semana unha proposici\u00f3n non de lei para instalar unha cuberta e ofertar un ciclo medio no centro de educaci\u00f3n secundaria do Concello.<\/p>\n\n\n\n<p>Argumentan que os nenos, nenas e adolescentes, durante a s\u00faa vida escolar, pasan moitas horas no patio do seu instituto como espazo de xogo libre, \u00e1s que lle debemos sumar as horas de educaci\u00f3n f\u00edsica, as de actividades de aprendizaxe curricular que fan o aire libre e as das actividades extraescolares. Entre a comunidade educativa hai un claro consenso en que o espazo exterior do centro \u00e9 un espazo educativo moi relevante para a mellora da sa\u00fade e benestar.<\/p>\n\n\n\n<p>Promocionar a actividade f\u00edsica na contorna escolar, ademais de ser beneficiosa para a sa\u00fade, favorece o benestar ps\u00edquico e as relaci\u00f3ns interpersonais entre o alumnado. Ademais \u00e9 necesario que eses espazos exteriores ofrezan m\u00e1is diversidade de xogos e posibilidades, que poidan permitir o goce da natureza, o seu coidado, experimentaci\u00f3n e a aprendizaxe nela. Esta mellora permitir\u00eda poder ampliar os ciclos formativos orientados a esa especialidade<\/p>\n\n\n\n<p>Os socialistas manifestan que a necesidade dun patio cuberto \u00e9 unha realidade que \u00e9 co\u00f1ecida dende hai tempo e queren que se execute canto antes para mellorar as actividades do centro. Tam\u00e9n defenden a posta en marcha do ciclo medio de gu\u00eda no medio rural e de tempo libre, xa que o centro educativo de Mos \u00e9 o id\u00f3neo para albergar estes estudos por ser unha zona de alto valor natural, rural e paisax\u00edstico, ofrecendo m\u00e1is sa\u00eddas educativas \u00e1 mocidade de Mos e arredores.<\/p>\n","protected":false},"excerpt":{"rendered":"<div class=\"mh-excerpt\"><p>A bancada socialista, a trav\u00e9s dos seus deputados e deputadas na Xunta de Galicia, presentou esta semana unha proposici\u00f3n non de lei para instalar unha cuberta e ofertar un ciclo medio no centro de educaci\u00f3n secundaria do Concello <a class=\"mh-excerpt-more\" href=\"https:\/\/www.anovapeneira.gal\/index.php\/2025\/09\/04\/o-psdeg-psoe-de-mos-solicita-a-xunta-de-galicia-unha-cuberta-no-patio-exterior-do-ies-de-mos-e-poner-en-marcha-o-ciclo-medio-de-guia-no-medio-rurale-de-tempo-libre\/\" title=\"O PSDEG-PSOE de Mos solicita \u00e1 xunta de galicia unha cuberta no patio exterior do ies de Mos e po\u00f1er en marcha o ciclo medio de gu\u00eda no medio rurale de tempo libre\">[&#8230;]<\/a><\/p>\n<\/div>","protected":false},"author":3,"featured_media":14574,"comment_status":"open","ping_status":"open","sticky":false,"template":"","format":"standard","meta":{"_exactmetrics_skip_tracking":false,"_exactmetrics_sitenote_active":false,"_exactmetrics_sitenote_note":"","_exactmetrics_sitenote_category":0,"footnotes":""},"categories":[23],"tags":[218],"class_list":{"0":"post-14573","1":"post","2":"type-post","3":"status-publish","4":"format-standard","5":"has-post-thumbnail","7":"category-a-lourina","8":"tag-concello-de-mos"},"yoast_head":"<!-- This site is optimized with the Yoast SEO plugin v27.4 - https:\/\/yoast.com\/product\/yoast-seo-wordpress\/ -->\n<title>O PSDEG-PSOE de Mos solicita \u00e1 xunta de galicia unha cuberta no patio exterior do ies de Mos e po\u00f1er en marcha o ciclo medio de gu\u00eda no medio rurale de tempo libre -<\/title>\n<meta name=\"robots\" content=\"index, follow, max-snippet:-1, max-image-preview:large, max-video-preview:-1\" \/>\n<link rel=\"canonical\" href=\"https:\/\/www.anovapeneira.gal\/index.php\/2025\/09\/04\/o-psdeg-psoe-de-mos-solicita-a-xunta-de-galicia-unha-cuberta-no-patio-exterior-do-ies-de-mos-e-poner-en-marcha-o-ciclo-medio-de-guia-no-medio-rurale-de-tempo-libre\/\" \/>\n<meta property=\"og:locale\" content=\"gl_ES\" \/>\n<meta property=\"og:type\" content=\"article\" \/>\n<meta property=\"og:title\" content=\"O PSDEG-PSOE de Mos solicita \u00e1 xunta de galicia unha cuberta no patio exterior do ies de Mos e po\u00f1er en marcha o ciclo medio de gu\u00eda no medio rurale de tempo libre -\" \/>\n<meta property=\"og:description\" content=\"A bancada socialista, a trav\u00e9s dos seus deputados e deputadas na Xunta de Galicia, presentou esta semana unha proposici\u00f3n non de lei para instalar unha cuberta e ofertar un ciclo medio no centro de educaci\u00f3n secundaria do Concello [...]\" \/>\n<meta property=\"og:url\" content=\"https:\/\/www.anovapeneira.gal\/index.php\/2025\/09\/04\/o-psdeg-psoe-de-mos-solicita-a-xunta-de-galicia-unha-cuberta-no-patio-exterior-do-ies-de-mos-e-poner-en-marcha-o-ciclo-medio-de-guia-no-medio-rurale-de-tempo-libre\/\" \/>\n<meta property=\"article:publisher\" content=\"https:\/\/www.facebook.com\/anovapeneira\" \/>\n<meta property=\"article:published_time\" content=\"2025-09-04T08:00:50+00:00\" \/>\n<meta property=\"og:image\" content=\"https:\/\/www.anovapeneira.gal\/wp-content\/uploads\/2025\/08\/Foto_concelleiros.jpg\" \/>\n\t<meta property=\"og:image:width\" content=\"1119\" \/>\n\t<meta property=\"og:image:height\" content=\"671\" \/>\n\t<meta property=\"og:image:type\" content=\"image\/jpeg\" \/>\n<meta name=\"author\" content=\"Redacci\u00f3n A Nova Peneira\" \/>\n<meta name=\"twitter:card\" content=\"summary_large_image\" \/>\n<meta name=\"twitter:creator\" content=\"@APeneira\" \/>\n<meta name=\"twitter:site\" content=\"@APeneira\" \/>\n<meta name=\"twitter:label1\" content=\"Escrito por\" \/>\n\t<meta name=\"twitter:data1\" content=\"Redacci\u00f3n A Nova Peneira\" \/>\n\t<meta name=\"twitter:label2\" content=\"Tempo de lectura\" \/>\n\t<meta name=\"twitter:data2\" content=\"2 minutos\" \/>\n<script type=\"application\/ld+json\" class=\"yoast-schema-graph\">{\"@context\":\"https:\\\/\\\/schema.org\",\"@graph\":[{\"@type\":\"Article\",\"@id\":\"https:\\\/\\\/www.anovapeneira.gal\\\/index.php\\\/2025\\\/09\\\/04\\\/o-psdeg-psoe-de-mos-solicita-a-xunta-de-galicia-unha-cuberta-no-patio-exterior-do-ies-de-mos-e-poner-en-marcha-o-ciclo-medio-de-guia-no-medio-rurale-de-tempo-libre\\\/#article\",\"isPartOf\":{\"@id\":\"https:\\\/\\\/www.anovapeneira.gal\\\/index.php\\\/2025\\\/09\\\/04\\\/o-psdeg-psoe-de-mos-solicita-a-xunta-de-galicia-unha-cuberta-no-patio-exterior-do-ies-de-mos-e-poner-en-marcha-o-ciclo-medio-de-guia-no-medio-rurale-de-tempo-libre\\\/\"},\"author\":{\"name\":\"Redacci\u00f3n A Nova Peneira\",\"@id\":\"https:\\\/\\\/www.anovapeneira.gal\\\/#\\\/schema\\\/person\\\/b93e3f8932e3f8da96334607eb6ac6aa\"},\"headline\":\"O PSDEG-PSOE de Mos solicita \u00e1 xunta de galicia unha cuberta no patio exterior do ies de Mos e po\u00f1er en marcha o ciclo medio de gu\u00eda no medio rurale de tempo libre\",\"datePublished\":\"2025-09-04T08:00:50+00:00\",\"mainEntityOfPage\":{\"@id\":\"https:\\\/\\\/www.anovapeneira.gal\\\/index.php\\\/2025\\\/09\\\/04\\\/o-psdeg-psoe-de-mos-solicita-a-xunta-de-galicia-unha-cuberta-no-patio-exterior-do-ies-de-mos-e-poner-en-marcha-o-ciclo-medio-de-guia-no-medio-rurale-de-tempo-libre\\\/\"},\"wordCount\":316,\"commentCount\":0,\"publisher\":{\"@id\":\"https:\\\/\\\/www.anovapeneira.gal\\\/#organization\"},\"image\":{\"@id\":\"https:\\\/\\\/www.anovapeneira.gal\\\/index.php\\\/2025\\\/09\\\/04\\\/o-psdeg-psoe-de-mos-solicita-a-xunta-de-galicia-unha-cuberta-no-patio-exterior-do-ies-de-mos-e-poner-en-marcha-o-ciclo-medio-de-guia-no-medio-rurale-de-tempo-libre\\\/#primaryimage\"},\"thumbnailUrl\":\"https:\\\/\\\/www.anovapeneira.gal\\\/wp-content\\\/uploads\\\/2025\\\/08\\\/Foto_concelleiros.jpg\",\"keywords\":[\"Concello de Mos\"],\"articleSection\":[\"A Louri\u00f1a\"],\"inLanguage\":\"gl-ES\",\"potentialAction\":[{\"@type\":\"CommentAction\",\"name\":\"Comment\",\"target\":[\"https:\\\/\\\/www.anovapeneira.gal\\\/index.php\\\/2025\\\/09\\\/04\\\/o-psdeg-psoe-de-mos-solicita-a-xunta-de-galicia-unha-cuberta-no-patio-exterior-do-ies-de-mos-e-poner-en-marcha-o-ciclo-medio-de-guia-no-medio-rurale-de-tempo-libre\\\/#respond\"]}]},{\"@type\":\"WebPage\",\"@id\":\"https:\\\/\\\/www.anovapeneira.gal\\\/index.php\\\/2025\\\/09\\\/04\\\/o-psdeg-psoe-de-mos-solicita-a-xunta-de-galicia-unha-cuberta-no-patio-exterior-do-ies-de-mos-e-poner-en-marcha-o-ciclo-medio-de-guia-no-medio-rurale-de-tempo-libre\\\/\",\"url\":\"https:\\\/\\\/www.anovapeneira.gal\\\/index.php\\\/2025\\\/09\\\/04\\\/o-psdeg-psoe-de-mos-solicita-a-xunta-de-galicia-unha-cuberta-no-patio-exterior-do-ies-de-mos-e-poner-en-marcha-o-ciclo-medio-de-guia-no-medio-rurale-de-tempo-libre\\\/\",\"name\":\"O PSDEG-PSOE de Mos solicita \u00e1 xunta de galicia unha cuberta no patio exterior do ies de Mos e po\u00f1er en marcha o ciclo medio de gu\u00eda no medio rurale de tempo libre -\",\"isPartOf\":{\"@id\":\"https:\\\/\\\/www.anovapeneira.gal\\\/#website\"},\"primaryImageOfPage\":{\"@id\":\"https:\\\/\\\/www.anovapeneira.gal\\\/index.php\\\/2025\\\/09\\\/04\\\/o-psdeg-psoe-de-mos-solicita-a-xunta-de-galicia-unha-cuberta-no-patio-exterior-do-ies-de-mos-e-poner-en-marcha-o-ciclo-medio-de-guia-no-medio-rurale-de-tempo-libre\\\/#primaryimage\"},\"image\":{\"@id\":\"https:\\\/\\\/www.anovapeneira.gal\\\/index.php\\\/2025\\\/09\\\/04\\\/o-psdeg-psoe-de-mos-solicita-a-xunta-de-galicia-unha-cuberta-no-patio-exterior-do-ies-de-mos-e-poner-en-marcha-o-ciclo-medio-de-guia-no-medio-rurale-de-tempo-libre\\\/#primaryimage\"},\"thumbnailUrl\":\"https:\\\/\\\/www.anovapeneira.gal\\\/wp-content\\\/uploads\\\/2025\\\/08\\\/Foto_concelleiros.jpg\",\"datePublished\":\"2025-09-04T08:00:50+00:00\",\"breadcrumb\":{\"@id\":\"https:\\\/\\\/www.anovapeneira.gal\\\/index.php\\\/2025\\\/09\\\/04\\\/o-psdeg-psoe-de-mos-solicita-a-xunta-de-galicia-unha-cuberta-no-patio-exterior-do-ies-de-mos-e-poner-en-marcha-o-ciclo-medio-de-guia-no-medio-rurale-de-tempo-libre\\\/#breadcrumb\"},\"inLanguage\":\"gl-ES\",\"potentialAction\":[{\"@type\":\"ReadAction\",\"target\":[\"https:\\\/\\\/www.anovapeneira.gal\\\/index.php\\\/2025\\\/09\\\/04\\\/o-psdeg-psoe-de-mos-solicita-a-xunta-de-galicia-unha-cuberta-no-patio-exterior-do-ies-de-mos-e-poner-en-marcha-o-ciclo-medio-de-guia-no-medio-rurale-de-tempo-libre\\\/\"]}]},{\"@type\":\"ImageObject\",\"inLanguage\":\"gl-ES\",\"@id\":\"https:\\\/\\\/www.anovapeneira.gal\\\/index.php\\\/2025\\\/09\\\/04\\\/o-psdeg-psoe-de-mos-solicita-a-xunta-de-galicia-unha-cuberta-no-patio-exterior-do-ies-de-mos-e-poner-en-marcha-o-ciclo-medio-de-guia-no-medio-rurale-de-tempo-libre\\\/#primaryimage\",\"url\":\"https:\\\/\\\/www.anovapeneira.gal\\\/wp-content\\\/uploads\\\/2025\\\/08\\\/Foto_concelleiros.jpg\",\"contentUrl\":\"https:\\\/\\\/www.anovapeneira.gal\\\/wp-content\\\/uploads\\\/2025\\\/08\\\/Foto_concelleiros.jpg\",\"width\":1119,\"height\":671,\"caption\":\"PSDEG-PSOE de Mos\"},{\"@type\":\"BreadcrumbList\",\"@id\":\"https:\\\/\\\/www.anovapeneira.gal\\\/index.php\\\/2025\\\/09\\\/04\\\/o-psdeg-psoe-de-mos-solicita-a-xunta-de-galicia-unha-cuberta-no-patio-exterior-do-ies-de-mos-e-poner-en-marcha-o-ciclo-medio-de-guia-no-medio-rurale-de-tempo-libre\\\/#breadcrumb\",\"itemListElement\":[{\"@type\":\"ListItem\",\"position\":1,\"name\":\"Portada\",\"item\":\"https:\\\/\\\/www.anovapeneira.gal\\\/\"},{\"@type\":\"ListItem\",\"position\":2,\"name\":\"O PSDEG-PSOE de Mos solicita \u00e1 xunta de galicia unha cuberta no patio exterior do ies de Mos e po\u00f1er en marcha o ciclo medio de gu\u00eda no medio rurale de tempo libre\"}]},{\"@type\":\"WebSite\",\"@id\":\"https:\\\/\\\/www.anovapeneira.gal\\\/#website\",\"url\":\"https:\\\/\\\/www.anovapeneira.gal\\\/\",\"name\":\"\",\"description\":\"Xornal galego de informaci\u00f3n xeral Publicaci\u00f3n mensual de novas de Galicia e en especial dos Concellos da sur da provincia de Pontevedra.\",\"publisher\":{\"@id\":\"https:\\\/\\\/www.anovapeneira.gal\\\/#organization\"},\"potentialAction\":[{\"@type\":\"SearchAction\",\"target\":{\"@type\":\"EntryPoint\",\"urlTemplate\":\"https:\\\/\\\/www.anovapeneira.gal\\\/?s={search_term_string}\"},\"query-input\":{\"@type\":\"PropertyValueSpecification\",\"valueRequired\":true,\"valueName\":\"search_term_string\"}}],\"inLanguage\":\"gl-ES\"},{\"@type\":\"Organization\",\"@id\":\"https:\\\/\\\/www.anovapeneira.gal\\\/#organization\",\"name\":\"A Nova Peneira\",\"url\":\"https:\\\/\\\/www.anovapeneira.gal\\\/\",\"logo\":{\"@type\":\"ImageObject\",\"inLanguage\":\"gl-ES\",\"@id\":\"https:\\\/\\\/www.anovapeneira.gal\\\/#\\\/schema\\\/logo\\\/image\\\/\",\"url\":\"http:\\\/\\\/www.anovapeneira.gal\\\/wp-content\\\/uploads\\\/2019\\\/06\\\/logo_a_nova_peneira_portal_web.png\",\"contentUrl\":\"http:\\\/\\\/www.anovapeneira.gal\\\/wp-content\\\/uploads\\\/2019\\\/06\\\/logo_a_nova_peneira_portal_web.png\",\"width\":300,\"height\":100,\"caption\":\"A Nova Peneira\"},\"image\":{\"@id\":\"https:\\\/\\\/www.anovapeneira.gal\\\/#\\\/schema\\\/logo\\\/image\\\/\"},\"sameAs\":[\"https:\\\/\\\/www.facebook.com\\\/anovapeneira\",\"https:\\\/\\\/x.com\\\/APeneira\"]},{\"@type\":\"Person\",\"@id\":\"https:\\\/\\\/www.anovapeneira.gal\\\/#\\\/schema\\\/person\\\/b93e3f8932e3f8da96334607eb6ac6aa\",\"name\":\"Redacci\u00f3n A Nova Peneira\",\"image\":{\"@type\":\"ImageObject\",\"inLanguage\":\"gl-ES\",\"@id\":\"https:\\\/\\\/secure.gravatar.com\\\/avatar\\\/c052a2551a06e23fac63626232eaa90abd78dbcf1700fc46a2b2c89fd27b735f?s=96&d=mm&r=g\",\"url\":\"https:\\\/\\\/secure.gravatar.com\\\/avatar\\\/c052a2551a06e23fac63626232eaa90abd78dbcf1700fc46a2b2c89fd27b735f?s=96&d=mm&r=g\",\"contentUrl\":\"https:\\\/\\\/secure.gravatar.com\\\/avatar\\\/c052a2551a06e23fac63626232eaa90abd78dbcf1700fc46a2b2c89fd27b735f?s=96&d=mm&r=g\",\"caption\":\"Redacci\u00f3n A Nova Peneira\"},\"sameAs\":[\"http:\\\/\\\/www.anovapeneira.gal\\\/\"],\"url\":\"https:\\\/\\\/www.anovapeneira.gal\\\/index.php\\\/author\\\/redactor\\\/\"}]}<\/script>\n<!-- \/ Yoast SEO plugin. -->","yoast_head_json":{"title":"O PSDEG-PSOE de Mos solicita \u00e1 xunta de galicia unha cuberta no patio exterior do ies de Mos e po\u00f1er en marcha o ciclo medio de gu\u00eda no medio rurale de tempo libre -","robots":{"index":"index","follow":"follow","max-snippet":"max-snippet:-1","max-image-preview":"max-image-preview:large","max-video-preview":"max-video-preview:-1"},"canonical":"https:\/\/www.anovapeneira.gal\/index.php\/2025\/09\/04\/o-psdeg-psoe-de-mos-solicita-a-xunta-de-galicia-unha-cuberta-no-patio-exterior-do-ies-de-mos-e-poner-en-marcha-o-ciclo-medio-de-guia-no-medio-rurale-de-tempo-libre\/","og_locale":"gl_ES","og_type":"article","og_title":"O PSDEG-PSOE de Mos solicita \u00e1 xunta de galicia unha cuberta no patio exterior do ies de Mos e po\u00f1er en marcha o ciclo medio de gu\u00eda no medio rurale de tempo libre -","og_description":"A bancada socialista, a trav\u00e9s dos seus deputados e deputadas na Xunta de Galicia, presentou esta semana unha proposici\u00f3n non de lei para instalar unha cuberta e ofertar un ciclo medio no centro de educaci\u00f3n secundaria do Concello [...]","og_url":"https:\/\/www.anovapeneira.gal\/index.php\/2025\/09\/04\/o-psdeg-psoe-de-mos-solicita-a-xunta-de-galicia-unha-cuberta-no-patio-exterior-do-ies-de-mos-e-poner-en-marcha-o-ciclo-medio-de-guia-no-medio-rurale-de-tempo-libre\/","article_publisher":"https:\/\/www.facebook.com\/anovapeneira","article_published_time":"2025-09-04T08:00:50+00:00","og_image":[{"width":1119,"height":671,"url":"https:\/\/www.anovapeneira.gal\/wp-content\/uploads\/2025\/08\/Foto_concelleiros.jpg","type":"image\/jpeg"}],"author":"Redacci\u00f3n A Nova Peneira","twitter_card":"summary_large_image","twitter_creator":"@APeneira","twitter_site":"@APeneira","twitter_misc":{"Escrito por":"Redacci\u00f3n A Nova Peneira","Tempo de lectura":"2 minutos"},"schema":{"@context":"https:\/\/schema.org","@graph":[{"@type":"Article","@id":"https:\/\/www.anovapeneira.gal\/index.php\/2025\/09\/04\/o-psdeg-psoe-de-mos-solicita-a-xunta-de-galicia-unha-cuberta-no-patio-exterior-do-ies-de-mos-e-poner-en-marcha-o-ciclo-medio-de-guia-no-medio-rurale-de-tempo-libre\/#article","isPartOf":{"@id":"https:\/\/www.anovapeneira.gal\/index.php\/2025\/09\/04\/o-psdeg-psoe-de-mos-solicita-a-xunta-de-galicia-unha-cuberta-no-patio-exterior-do-ies-de-mos-e-poner-en-marcha-o-ciclo-medio-de-guia-no-medio-rurale-de-tempo-libre\/"},"author":{"name":"Redacci\u00f3n A Nova Peneira","@id":"https:\/\/www.anovapeneira.gal\/#\/schema\/person\/b93e3f8932e3f8da96334607eb6ac6aa"},"headline":"O PSDEG-PSOE de Mos solicita \u00e1 xunta de galicia unha cuberta no patio exterior do ies de Mos e po\u00f1er en marcha o ciclo medio de gu\u00eda no medio rurale de tempo libre","datePublished":"2025-09-04T08:00:50+00:00","mainEntityOfPage":{"@id":"https:\/\/www.anovapeneira.gal\/index.php\/2025\/09\/04\/o-psdeg-psoe-de-mos-solicita-a-xunta-de-galicia-unha-cuberta-no-patio-exterior-do-ies-de-mos-e-poner-en-marcha-o-ciclo-medio-de-guia-no-medio-rurale-de-tempo-libre\/"},"wordCount":316,"commentCount":0,"publisher":{"@id":"https:\/\/www.anovapeneira.gal\/#organization"},"image":{"@id":"https:\/\/www.anovapeneira.gal\/index.php\/2025\/09\/04\/o-psdeg-psoe-de-mos-solicita-a-xunta-de-galicia-unha-cuberta-no-patio-exterior-do-ies-de-mos-e-poner-en-marcha-o-ciclo-medio-de-guia-no-medio-rurale-de-tempo-libre\/#primaryimage"},"thumbnailUrl":"https:\/\/www.anovapeneira.gal\/wp-content\/uploads\/2025\/08\/Foto_concelleiros.jpg","keywords":["Concello de Mos"],"articleSection":["A Louri\u00f1a"],"inLanguage":"gl-ES","potentialAction":[{"@type":"CommentAction","name":"Comment","target":["https:\/\/www.anovapeneira.gal\/index.php\/2025\/09\/04\/o-psdeg-psoe-de-mos-solicita-a-xunta-de-galicia-unha-cuberta-no-patio-exterior-do-ies-de-mos-e-poner-en-marcha-o-ciclo-medio-de-guia-no-medio-rurale-de-tempo-libre\/#respond"]}]},{"@type":"WebPage","@id":"https:\/\/www.anovapeneira.gal\/index.php\/2025\/09\/04\/o-psdeg-psoe-de-mos-solicita-a-xunta-de-galicia-unha-cuberta-no-patio-exterior-do-ies-de-mos-e-poner-en-marcha-o-ciclo-medio-de-guia-no-medio-rurale-de-tempo-libre\/","url":"https:\/\/www.anovapeneira.gal\/index.php\/2025\/09\/04\/o-psdeg-psoe-de-mos-solicita-a-xunta-de-galicia-unha-cuberta-no-patio-exterior-do-ies-de-mos-e-poner-en-marcha-o-ciclo-medio-de-guia-no-medio-rurale-de-tempo-libre\/","name":"O PSDEG-PSOE de Mos solicita \u00e1 xunta de galicia unha cuberta no patio exterior do ies de Mos e po\u00f1er en marcha o ciclo medio de gu\u00eda no medio rurale de tempo libre -","isPartOf":{"@id":"https:\/\/www.anovapeneira.gal\/#website"},"primaryImageOfPage":{"@id":"https:\/\/www.anovapeneira.gal\/index.php\/2025\/09\/04\/o-psdeg-psoe-de-mos-solicita-a-xunta-de-galicia-unha-cuberta-no-patio-exterior-do-ies-de-mos-e-poner-en-marcha-o-ciclo-medio-de-guia-no-medio-rurale-de-tempo-libre\/#primaryimage"},"image":{"@id":"https:\/\/www.anovapeneira.gal\/index.php\/2025\/09\/04\/o-psdeg-psoe-de-mos-solicita-a-xunta-de-galicia-unha-cuberta-no-patio-exterior-do-ies-de-mos-e-poner-en-marcha-o-ciclo-medio-de-guia-no-medio-rurale-de-tempo-libre\/#primaryimage"},"thumbnailUrl":"https:\/\/www.anovapeneira.gal\/wp-content\/uploads\/2025\/08\/Foto_concelleiros.jpg","datePublished":"2025-09-04T08:00:50+00:00","breadcrumb":{"@id":"https:\/\/www.anovapeneira.gal\/index.php\/2025\/09\/04\/o-psdeg-psoe-de-mos-solicita-a-xunta-de-galicia-unha-cuberta-no-patio-exterior-do-ies-de-mos-e-poner-en-marcha-o-ciclo-medio-de-guia-no-medio-rurale-de-tempo-libre\/#breadcrumb"},"inLanguage":"gl-ES","potentialAction":[{"@type":"ReadAction","target":["https:\/\/www.anovapeneira.gal\/index.php\/2025\/09\/04\/o-psdeg-psoe-de-mos-solicita-a-xunta-de-galicia-unha-cuberta-no-patio-exterior-do-ies-de-mos-e-poner-en-marcha-o-ciclo-medio-de-guia-no-medio-rurale-de-tempo-libre\/"]}]},{"@type":"ImageObject","inLanguage":"gl-ES","@id":"https:\/\/www.anovapeneira.gal\/index.php\/2025\/09\/04\/o-psdeg-psoe-de-mos-solicita-a-xunta-de-galicia-unha-cuberta-no-patio-exterior-do-ies-de-mos-e-poner-en-marcha-o-ciclo-medio-de-guia-no-medio-rurale-de-tempo-libre\/#primaryimage","url":"https:\/\/www.anovapeneira.gal\/wp-content\/uploads\/2025\/08\/Foto_concelleiros.jpg","contentUrl":"https:\/\/www.anovapeneira.gal\/wp-content\/uploads\/2025\/08\/Foto_concelleiros.jpg","width":1119,"height":671,"caption":"PSDEG-PSOE de Mos"},{"@type":"BreadcrumbList","@id":"https:\/\/www.anovapeneira.gal\/index.php\/2025\/09\/04\/o-psdeg-psoe-de-mos-solicita-a-xunta-de-galicia-unha-cuberta-no-patio-exterior-do-ies-de-mos-e-poner-en-marcha-o-ciclo-medio-de-guia-no-medio-rurale-de-tempo-libre\/#breadcrumb","itemListElement":[{"@type":"ListItem","position":1,"name":"Portada","item":"https:\/\/www.anovapeneira.gal\/"},{"@type":"ListItem","position":2,"name":"O PSDEG-PSOE de Mos solicita \u00e1 xunta de galicia unha cuberta no patio exterior do ies de Mos e po\u00f1er en marcha o ciclo medio de gu\u00eda no medio rurale de tempo libre"}]},{"@type":"WebSite","@id":"https:\/\/www.anovapeneira.gal\/#website","url":"https:\/\/www.anovapeneira.gal\/","name":"","description":"Xornal galego de informaci\u00f3n xeral Publicaci\u00f3n mensual de novas de Galicia e en especial dos Concellos da sur da provincia de Pontevedra.","publisher":{"@id":"https:\/\/www.anovapeneira.gal\/#organization"},"potentialAction":[{"@type":"SearchAction","target":{"@type":"EntryPoint","urlTemplate":"https:\/\/www.anovapeneira.gal\/?s={search_term_string}"},"query-input":{"@type":"PropertyValueSpecification","valueRequired":true,"valueName":"search_term_string"}}],"inLanguage":"gl-ES"},{"@type":"Organization","@id":"https:\/\/www.anovapeneira.gal\/#organization","name":"A Nova Peneira","url":"https:\/\/www.anovapeneira.gal\/","logo":{"@type":"ImageObject","inLanguage":"gl-ES","@id":"https:\/\/www.anovapeneira.gal\/#\/schema\/logo\/image\/","url":"http:\/\/www.anovapeneira.gal\/wp-content\/uploads\/2019\/06\/logo_a_nova_peneira_portal_web.png","contentUrl":"http:\/\/www.anovapeneira.gal\/wp-content\/uploads\/2019\/06\/logo_a_nova_peneira_portal_web.png","width":300,"height":100,"caption":"A Nova Peneira"},"image":{"@id":"https:\/\/www.anovapeneira.gal\/#\/schema\/logo\/image\/"},"sameAs":["https:\/\/www.facebook.com\/anovapeneira","https:\/\/x.com\/APeneira"]},{"@type":"Person","@id":"https:\/\/www.anovapeneira.gal\/#\/schema\/person\/b93e3f8932e3f8da96334607eb6ac6aa","name":"Redacci\u00f3n A Nova Peneira","image":{"@type":"ImageObject","inLanguage":"gl-ES","@id":"https:\/\/secure.gravatar.com\/avatar\/c052a2551a06e23fac63626232eaa90abd78dbcf1700fc46a2b2c89fd27b735f?s=96&d=mm&r=g","url":"https:\/\/secure.gravatar.com\/avatar\/c052a2551a06e23fac63626232eaa90abd78dbcf1700fc46a2b2c89fd27b735f?s=96&d=mm&r=g","contentUrl":"https:\/\/secure.gravatar.com\/avatar\/c052a2551a06e23fac63626232eaa90abd78dbcf1700fc46a2b2c89fd27b735f?s=96&d=mm&r=g","caption":"Redacci\u00f3n A Nova Peneira"},"sameAs":["http:\/\/www.anovapeneira.gal\/"],"url":"https:\/\/www.anovapeneira.gal\/index.php\/author\/redactor\/"}]}},"jetpack_featured_media_url":"https:\/\/www.anovapeneira.gal\/wp-content\/uploads\/2025\/08\/Foto_concelleiros.jpg","_links":{"self":[{"href":"https:\/\/www.anovapeneira.gal\/index.php\/wp-json\/wp\/v2\/posts\/14573","targetHints":{"allow":["GET"]}}],"collection":[{"href":"https:\/\/www.anovapeneira.gal\/index.php\/wp-json\/wp\/v2\/posts"}],"about":[{"href":"https:\/\/www.anovapeneira.gal\/index.php\/wp-json\/wp\/v2\/types\/post"}],"author":[{"embeddable":true,"href":"https:\/\/www.anovapeneira.gal\/index.php\/wp-json\/wp\/v2\/users\/3"}],"replies":[{"embeddable":true,"href":"https:\/\/www.anovapeneira.gal\/index.php\/wp-json\/wp\/v2\/comments?post=14573"}],"version-history":[{"count":1,"href":"https:\/\/www.anovapeneira.gal\/index.php\/wp-json\/wp\/v2\/posts\/14573\/revisions"}],"predecessor-version":[{"id":14575,"href":"https:\/\/www.anovapeneira.gal\/index.php\/wp-json\/wp\/v2\/posts\/14573\/revisions\/14575"}],"wp:featuredmedia":[{"embeddable":true,"href":"https:\/\/www.anovapeneira.gal\/index.php\/wp-json\/wp\/v2\/media\/14574"}],"wp:attachment":[{"href":"https:\/\/www.anovapeneira.gal\/index.php\/wp-json\/wp\/v2\/media?parent=14573"}],"wp:term":[{"taxonomy":"category","embeddable":true,"href":"https:\/\/www.anovapeneira.gal\/index.php\/wp-json\/wp\/v2\/categories?post=14573"},{"taxonomy":"post_tag","embeddable":true,"href":"https:\/\/www.anovapeneira.gal\/index.php\/wp-json\/wp\/v2\/tags?post=14573"}],"curies":[{"name":"wp","href":"https:\/\/api.w.org\/{rel}","templated":true}]}}