{"id":14607,"date":"2025-09-08T10:00:45","date_gmt":"2025-09-08T08:00:45","guid":{"rendered":"https:\/\/www.anovapeneira.gal\/?p=14607"},"modified":"2025-09-06T11:53:32","modified_gmt":"2025-09-06T09:53:32","slug":"ponton-propon-un-plan-integral-con-mais-de-50-medidas-concretas-para-evitar-que-se-repitan-as-vagas-de-incendios-e-darlle-futuro-ao-rural","status":"publish","type":"post","link":"https:\/\/www.anovapeneira.gal\/index.php\/2025\/09\/08\/ponton-propon-un-plan-integral-con-mais-de-50-medidas-concretas-para-evitar-que-se-repitan-as-vagas-de-incendios-e-darlle-futuro-ao-rural\/","title":{"rendered":"Pont\u00f3n prop\u00f3n un plan integral con m\u00e1is de 50 medidas concretas para evitar que se repitan as vagas de incendios e darlle futuro ao rural"},"content":{"rendered":"\n<h2 class=\"wp-block-heading\"><strong>O plan \u2018<\/strong><em><strong>Da Cinza \u00e1 Vida\u2019<\/strong><\/em><strong> procura a atenci\u00f3n inmediata axs afectadxs, a recuperaci\u00f3n ambiental real, un novo modelo de monte multifuncional, unha prevenci\u00f3n estrutural e eficaz e a revitalizaci\u00f3n do medio rural<\/strong><\/h2>\n\n\n\n<p><strong>Urxe un fondo de recuperaci\u00f3n econ\u00f3mica, social e ambiental Xunta-Estado, aumentar as axudas a vivendas at\u00e9 os 200.000 \u20ac e crear unha achega directa de 6.000 \u20ac para aut\u00f3nomxs, pemes e econom\u00eda social \u201ccon burocracia cero\u201d<\/strong><\/p>\n\n\n\n<p><strong>Aposta por duplicar os fondos de prevenci\u00f3n en dous anos, aplicar unha moratoria \u00e1s novas plantaci\u00f3ns de eucalipto, un plan verde para limpeza e xesti\u00f3n forestal e aumentar a faixa de protecci\u00f3n a casas e n\u00facleos poboacionais<\/strong><\/p>\n\n\n\n<p><strong>Defende a proposta do BNG como base para un gran acordo de pa\u00eds a favor dun novo modelo forestal e de medidas efectivas para protexer Galiza ante os lumes<\/strong><\/p>\n\n\n\n<p>\u201c<strong>Galiza merece moito m\u00e1is que o uso pol\u00edtico partidista e <\/strong><em><strong>carro\u00f1eiro<\/strong><\/em><strong> que o PP quixo facer no medio dos peores incendios da nosa historia\u201d, alega<\/strong><\/p>\n\n\n\n<p><strong>Santiago de Compostela, 1 setembro 2025.<\/strong><\/p>\n\n\n\n<p>A portavoz nacional, Ana Pont\u00f3n, presentou en Ourense o plan integral <em>\u2018Da Cinza \u00e1 Vida\u2019<\/em> dese\u00f1ado polo goberno alternativo do BNG para evitar que se repitan as vagas de incendios e darlle futuro ao medio rural, logo dos desoladores lumes rexistrados este ver\u00e1n e que considerou \u201cdeben ser un punto de inflexi\u00f3n\u201d para cambiar de ra\u00edz as pol\u00edticas forestais, ambientais e de desenvolvemento rural de Galiza fronte ao \u201cmodelo fracasado do PP\u201d.<\/p>\n\n\n\n<p>\u201cO que vimos non pode volver a repetirse e para impedir que poidamos ter novas vagas de incendios coma estas, temos que deixar atr\u00e1s o modelo fracasado do Partido Popular\u201d, afirmou nunha comparecencia xunto a deputados e deputadas do Parlamento, da Deputaci\u00f3n de Ourense e alcaldes e alcaldesas nacionalistas dalg\u00fans dos concellos afectados polos lumes.<\/p>\n\n\n\n<p>\u201cGaliza merece moito m\u00e1is que as mentiras e a propaganda coas que se quixo tapar a falta de prevenci\u00f3n e a descoordinaci\u00f3n dos dispositivos contra o lume, merece moito m\u00e1is que o uso pol\u00edtico partidista e <em>carro\u00f1eiro<\/em> que fixo o PP no medio dos peores incendios da nosa historia\u201d, criticou para apostar a continuaci\u00f3n por un novo modelo forestal e de desenvolvemento rural.<\/p>\n\n\n\n<p>Pont\u00f3n explicou na s\u00faa comparecencia as principais li\u00f1as de actuaci\u00f3n propostas polo Bloque no plan <em>\u2018Da Cinza \u00e1 Vida\u2019<\/em>, unha \u201cproposta ambiciosa, realista, transformadora e comprometida co futuro do Pa\u00eds\u201d que incl\u00fae m\u00e1is dun cento de medidas concretas que te\u00f1en como obxectivo prestar atenci\u00f3n inmediata \u00e1s persoas afectadas, afrontar unha recuperaci\u00f3n ambiental real, cambiar a pol\u00edtica forestal e desenvolver un novo modelo de monte, revitalizar o rural e po\u00f1er en marcha unha pol\u00edtica de prevenci\u00f3n dos lumes estrutural e eficaz.<\/p>\n\n\n\n<p><em><strong>Prestar apoio inmediato axs afectadxs e recuperaci\u00f3n das zonas afectadas<\/strong><\/em><\/p>\n\n\n\n<p>Entre as medidas destinadas a prestar apoio inmediato \u00e1s persoas directamente afectadas polos lumes e \u00e1 reconstruci\u00f3n das zonas queimadas, a l\u00edder nacionalista avogou por crear un plan de restauraci\u00f3n hidrol\u00f3xico forestal e de control da erosi\u00f3n e un fondo de recuperaci\u00f3n econ\u00f3mico, social e ambiental por parte da Xunta e do Estado, cunha dotaci\u00f3n m\u00ednima inicial de 200 mill\u00f3ns de euros, ampliable en funci\u00f3n das necesidades que se detecten, e que vaia directamente \u00e1s zonas afectadas polo lume.<\/p>\n\n\n\n<p>As\u00ed mesmo, considerou necesario incrementar at\u00e9 os 200.000 euros as axudas destinadas a recuperar as vivendas queimadas e avogou por articular unha axuda directa e inmediata de 6.000 euros para persoas aut\u00f3nomas, Pemes e econom\u00eda social que permita sufragar gastos de dif\u00edcil xustificaci\u00f3n e necesidades perentorias. Axudas todas elas que, recalcou, deben ter garantida a \u201cburocracia cero\u201d. \u201cNon marear \u00e1 xente que sufriu estes lumes con <em>papeleo<\/em> innecesario e que estas axudas te\u00f1an unha resoluci\u00f3n \u00e1xil\u201d, reclamou.<\/p>\n\n\n\n<p><em><strong>Novo modelo forestal e desenvolvemento rural<\/strong><\/em><\/p>\n\n\n\n<p>No bloque das medidas encami\u00f1adas a acadar un novo modelo forestal e de desenvolvemento rural, considerou preciso mudar o actual modelo fracasado do PP e apostar por un monte produtivo porque, subli\u00f1ou, un monte produtivo nun rural onde vive xente \u201c\u00e9 un monte que ten menos posibilidades de arder\u201d.<\/p>\n\n\n\n<p>Nesta li\u00f1a, debullou algunhas das medidas propostas polo goberno alternativo do BNG, como a implantaci\u00f3n da obriga de que a estrutura forestal sexa en mosaico, alternado especies de distinta combustibilidade con devasas e pasteiros, o que permitir\u00eda promover a biodiversidade e tam\u00e9n como medida de seguridade, xa que ordenar as\u00ed o territorio facilitar a s\u00faa protecci\u00f3n e favorece os labores de extinci\u00f3n.<\/p>\n\n\n\n<p>\u201cTr\u00e1tase de apostar por que a forestaci\u00f3n que se faga sexa con madeiras de calidade con esa estrutura en mosaico e onde deixemos atr\u00e1s esas grandes masas de monocultivo de especies pir\u00f3fitas que sabemos que son un grave problema cada vez que se producen un incendio\u201d, afondou.<\/p>\n\n\n\n<p>De igual xeito, avogou por unha aplicaci\u00f3n efectiva dese principio de desenvolvemento multifuncional do monte, apostando por proxectos que incrementen os sistemas de pastoreo, a produci\u00f3n de madeiras de calidade para segundas transformaci\u00f3ns e tam\u00e9n o aproveitamento doutros produtos do monte.<\/p>\n\n\n\n<p>En terceiro lugar, defendeu a implantaci\u00f3n dunha moratoria a novas plantaci\u00f3ns de eucalipto, unha especie pir\u00f3fita que considerou \u201cunha aut\u00e9ntica temeridade\u201d continuar expandindo no territorio, o que significar\u00eda ademais ignorar o cambio clim\u00e1tico e as s\u00faas consecuencias.<\/p>\n\n\n\n<p>Co obxectivo de desenvolver un novo modelo forestal, avogou por \u00faltimo por recuperar as UXFOR (Unidades de Xesti\u00f3n Forestal) impulsadas desde o goberno do BNG nos anos 2005-2009 e que contribu\u00edan a ordenar os espazos, crear zonas silvopastor\u00eds, devasas, faixas de protecci\u00f3n e masas forestais ordenadas e discontinuas. \u201cPermitir\u00eda acaba cunha parte do abandono do noso monte, que sexa produtivo e que aemais estea ben ordenado para evitar que os incendios sexan un problema para todos e todas\u201d, remarcou.<\/p>\n\n\n\n<p><em><strong>Protecci\u00f3n das persoas e do territorio<\/strong><\/em><\/p>\n\n\n\n<p>Pont\u00f3n tam\u00e9n explicou algunhas das propostas do Bloque para garantir unha protecci\u00f3n efectiva das persoas, das s\u00faas vivendas e do seu territorio. Entre elas, apostou por duplicar os fondos destinados a prevenci\u00f3n nos pr\u00f3ximos dous anos e por crear un plan verde de emprego dotado con 50 mill\u00f3ns de euros para a contrataci\u00f3n de traballadores e empresas locais que fagan labores de limpeza, xesti\u00f3n forestal, reforestaci\u00f3n e proxectos de ordenaci\u00f3n e xesti\u00f3n do territorio.<\/p>\n\n\n\n<p>Por \u00faltimo, apelou a afrontar o debate sobre o funcionamento das franxas de protecci\u00f3n a casas e a n\u00facleos de poboaci\u00f3n. \u201c\u00c9 evidente que hai que incrementar estas faixas de protecci\u00f3n a 100 metros e que a Xunta debe crear un fondo extraordinario que permita executar esta medida porque unha lecci\u00f3n que nos deixa esta vaga de lumes \u00e9 que hai que po\u00f1er medidas efectivas para protexer as persoas, as vivendas e o territorio\u201d, defendeu.<\/p>\n\n\n\n<p>Estas son algunhas das principais medidas propostas polo goberno alternativo do BNG no plan <em>\u2018Da Cinza \u00e1 Vida\u2019 <\/em>que Pont\u00f3n considerou preciso someter a seguimento a trav\u00e9s da creaci\u00f3n dun comit\u00e9 galego de recuperaci\u00f3n para os incendios, no que participen diferentes estamentos da sociedade galega, para garantir a s\u00faa execuci\u00f3n e incorporar novas medidas no caso de ser preciso.<\/p>\n\n\n\n<p>\u201cEste plan nace do convencemento de que \u00e9 posible reconstru\u00edr, protexer e transformar, nace da convicci\u00f3n de que hai outra pol\u00edtica forestal posible e que debemos de tomar medidas que vaian \u00e1 ra\u00edz dos problemas e que eviten unha nova cat\u00e1strofe como a que acabamos de vivir este pasado mes de agosto\u201d, indicou fronte aos que pretenden responder con \u201csilencio, resignaci\u00f3n ou a rutina de promesas baleiras e propaganda\u201d.<\/p>\n\n\n\n<p>A portavoz nacional reco\u00f1eceu e agradeceu o esforzo de todas as persoas do dispositivo que loitaron contra os lumes, de toda a veci\u00f1anza, de todas as persoas voluntarias -\u201cverdadeiros heroes e hero\u00ednas no medio desta cat\u00e1strofe\u201d, subli\u00f1ou- e das alcaldesas e alcaldes \u201cde todas as cores pol\u00edticas que en moitos momentos traballaron en circunstancias moi adversas e sen a coordinaci\u00f3n necesaria\u201d. De igual xeito, enviou todo o cari\u00f1o e apoio do BNG aos tres brigadistas que contin\u00faan hospitalizados e aos que desexou unha pronta recuperaci\u00f3n.<\/p>\n\n\n\n<p>\u201cEsta vaga de lumes d\u00e9ixanos unha ferida aberta que afecta \u00e1 nosa econom\u00eda, que afecta ao noso medio natural, pero que tam\u00e9n nos deixa rabia, dor e indignaci\u00f3n ante unha cat\u00e1strofe que pod\u00eda terse evitado e a lecci\u00f3n e a certeza de que non podemos seguir como estabamos\u201d, denunciou para incidir na necesidade de tomar medidas que permitan deixar atr\u00e1s as pol\u00edticas fracasadas do PP.<\/p>\n\n\n\n<p>\u201cCremos que Galiza merece m\u00e1is que o que ofrece o Goberno do Partido Popular, merece un modelo diferente que dea futuro e vida o noso medio rural e que po\u00f1a en valor o noso monte\u201d, recalcou logo de presentar un plan integral sobre o que, conclu\u00edu, o BNG vai traballar para que \u201csexa a base dun gran acordo de Pa\u00eds\u201d a favor dun novo modelo forestal, de pol\u00edticas de desenvolvemento rural e de medidas efectivas para protexer Galiza fronte aos lumes.<\/p>\n","protected":false},"excerpt":{"rendered":"<div class=\"mh-excerpt\"><p>O plan \u2018Da Cinza \u00e1 Vida\u2019 procura a atenci\u00f3n inmediata axs afectadxs, a recuperaci\u00f3n ambiental real, un novo modelo de monte multifuncional, unha prevenci\u00f3n estrutural e eficaz e a revitalizaci\u00f3n do medio rural <a class=\"mh-excerpt-more\" href=\"https:\/\/www.anovapeneira.gal\/index.php\/2025\/09\/08\/ponton-propon-un-plan-integral-con-mais-de-50-medidas-concretas-para-evitar-que-se-repitan-as-vagas-de-incendios-e-darlle-futuro-ao-rural\/\" title=\"Pont\u00f3n prop\u00f3n un plan integral con m\u00e1is de 50 medidas concretas para evitar que se repitan as vagas de incendios e darlle futuro ao rural\">[&#8230;]<\/a><\/p>\n<\/div>","protected":false},"author":3,"featured_media":14608,"comment_status":"open","ping_status":"open","sticky":false,"template":"","format":"standard","meta":{"_exactmetrics_skip_tracking":false,"_exactmetrics_sitenote_active":false,"_exactmetrics_sitenote_note":"","_exactmetrics_sitenote_category":0,"footnotes":""},"categories":[263],"tags":[],"class_list":{"0":"post-14607","1":"post","2":"type-post","3":"status-publish","4":"format-standard","5":"has-post-thumbnail","7":"category-novas"},"yoast_head":"<!-- This site is optimized with the Yoast SEO plugin v27.4 - https:\/\/yoast.com\/product\/yoast-seo-wordpress\/ -->\n<title>Pont\u00f3n prop\u00f3n un plan integral con m\u00e1is de 50 medidas concretas para evitar que se repitan as vagas de incendios e darlle futuro ao rural -<\/title>\n<meta name=\"robots\" content=\"index, follow, max-snippet:-1, max-image-preview:large, max-video-preview:-1\" \/>\n<link rel=\"canonical\" href=\"https:\/\/www.anovapeneira.gal\/index.php\/2025\/09\/08\/ponton-propon-un-plan-integral-con-mais-de-50-medidas-concretas-para-evitar-que-se-repitan-as-vagas-de-incendios-e-darlle-futuro-ao-rural\/\" \/>\n<meta property=\"og:locale\" content=\"gl_ES\" \/>\n<meta property=\"og:type\" content=\"article\" \/>\n<meta property=\"og:title\" content=\"Pont\u00f3n prop\u00f3n un plan integral con m\u00e1is de 50 medidas concretas para evitar que se repitan as vagas de incendios e darlle futuro ao rural -\" \/>\n<meta property=\"og:description\" content=\"O plan \u2018Da Cinza \u00e1 Vida\u2019 procura a atenci\u00f3n inmediata axs afectadxs, a recuperaci\u00f3n ambiental real, un novo modelo de monte multifuncional, unha prevenci\u00f3n estrutural e eficaz e a revitalizaci\u00f3n do medio rural [...]\" \/>\n<meta property=\"og:url\" content=\"https:\/\/www.anovapeneira.gal\/index.php\/2025\/09\/08\/ponton-propon-un-plan-integral-con-mais-de-50-medidas-concretas-para-evitar-que-se-repitan-as-vagas-de-incendios-e-darlle-futuro-ao-rural\/\" \/>\n<meta property=\"article:publisher\" content=\"https:\/\/www.facebook.com\/anovapeneira\" \/>\n<meta property=\"article:published_time\" content=\"2025-09-08T08:00:45+00:00\" \/>\n<meta property=\"og:image\" content=\"https:\/\/www.anovapeneira.gal\/wp-content\/uploads\/2025\/09\/bng_mos.jpg\" \/>\n\t<meta property=\"og:image:width\" content=\"720\" \/>\n\t<meta property=\"og:image:height\" content=\"432\" \/>\n\t<meta property=\"og:image:type\" content=\"image\/jpeg\" \/>\n<meta name=\"author\" content=\"Redacci\u00f3n A Nova Peneira\" \/>\n<meta name=\"twitter:card\" content=\"summary_large_image\" \/>\n<meta name=\"twitter:creator\" content=\"@APeneira\" \/>\n<meta name=\"twitter:site\" content=\"@APeneira\" \/>\n<meta name=\"twitter:label1\" content=\"Escrito por\" \/>\n\t<meta name=\"twitter:data1\" content=\"Redacci\u00f3n A Nova Peneira\" \/>\n\t<meta name=\"twitter:label2\" content=\"Tempo de lectura\" \/>\n\t<meta name=\"twitter:data2\" content=\"9 minutos\" \/>\n<script type=\"application\/ld+json\" class=\"yoast-schema-graph\">{\"@context\":\"https:\\\/\\\/schema.org\",\"@graph\":[{\"@type\":\"Article\",\"@id\":\"https:\\\/\\\/www.anovapeneira.gal\\\/index.php\\\/2025\\\/09\\\/08\\\/ponton-propon-un-plan-integral-con-mais-de-50-medidas-concretas-para-evitar-que-se-repitan-as-vagas-de-incendios-e-darlle-futuro-ao-rural\\\/#article\",\"isPartOf\":{\"@id\":\"https:\\\/\\\/www.anovapeneira.gal\\\/index.php\\\/2025\\\/09\\\/08\\\/ponton-propon-un-plan-integral-con-mais-de-50-medidas-concretas-para-evitar-que-se-repitan-as-vagas-de-incendios-e-darlle-futuro-ao-rural\\\/\"},\"author\":{\"name\":\"Redacci\u00f3n A Nova Peneira\",\"@id\":\"https:\\\/\\\/www.anovapeneira.gal\\\/#\\\/schema\\\/person\\\/b93e3f8932e3f8da96334607eb6ac6aa\"},\"headline\":\"Pont\u00f3n prop\u00f3n un plan integral con m\u00e1is de 50 medidas concretas para evitar que se repitan as vagas de incendios e darlle futuro ao rural\",\"datePublished\":\"2025-09-08T08:00:45+00:00\",\"mainEntityOfPage\":{\"@id\":\"https:\\\/\\\/www.anovapeneira.gal\\\/index.php\\\/2025\\\/09\\\/08\\\/ponton-propon-un-plan-integral-con-mais-de-50-medidas-concretas-para-evitar-que-se-repitan-as-vagas-de-incendios-e-darlle-futuro-ao-rural\\\/\"},\"wordCount\":1591,\"commentCount\":0,\"publisher\":{\"@id\":\"https:\\\/\\\/www.anovapeneira.gal\\\/#organization\"},\"image\":{\"@id\":\"https:\\\/\\\/www.anovapeneira.gal\\\/index.php\\\/2025\\\/09\\\/08\\\/ponton-propon-un-plan-integral-con-mais-de-50-medidas-concretas-para-evitar-que-se-repitan-as-vagas-de-incendios-e-darlle-futuro-ao-rural\\\/#primaryimage\"},\"thumbnailUrl\":\"https:\\\/\\\/www.anovapeneira.gal\\\/wp-content\\\/uploads\\\/2025\\\/09\\\/bng_mos.jpg\",\"articleSection\":[\"Novas\"],\"inLanguage\":\"gl-ES\",\"potentialAction\":[{\"@type\":\"CommentAction\",\"name\":\"Comment\",\"target\":[\"https:\\\/\\\/www.anovapeneira.gal\\\/index.php\\\/2025\\\/09\\\/08\\\/ponton-propon-un-plan-integral-con-mais-de-50-medidas-concretas-para-evitar-que-se-repitan-as-vagas-de-incendios-e-darlle-futuro-ao-rural\\\/#respond\"]}]},{\"@type\":\"WebPage\",\"@id\":\"https:\\\/\\\/www.anovapeneira.gal\\\/index.php\\\/2025\\\/09\\\/08\\\/ponton-propon-un-plan-integral-con-mais-de-50-medidas-concretas-para-evitar-que-se-repitan-as-vagas-de-incendios-e-darlle-futuro-ao-rural\\\/\",\"url\":\"https:\\\/\\\/www.anovapeneira.gal\\\/index.php\\\/2025\\\/09\\\/08\\\/ponton-propon-un-plan-integral-con-mais-de-50-medidas-concretas-para-evitar-que-se-repitan-as-vagas-de-incendios-e-darlle-futuro-ao-rural\\\/\",\"name\":\"Pont\u00f3n prop\u00f3n un plan integral con m\u00e1is de 50 medidas concretas para evitar que se repitan as vagas de incendios e darlle futuro ao rural -\",\"isPartOf\":{\"@id\":\"https:\\\/\\\/www.anovapeneira.gal\\\/#website\"},\"primaryImageOfPage\":{\"@id\":\"https:\\\/\\\/www.anovapeneira.gal\\\/index.php\\\/2025\\\/09\\\/08\\\/ponton-propon-un-plan-integral-con-mais-de-50-medidas-concretas-para-evitar-que-se-repitan-as-vagas-de-incendios-e-darlle-futuro-ao-rural\\\/#primaryimage\"},\"image\":{\"@id\":\"https:\\\/\\\/www.anovapeneira.gal\\\/index.php\\\/2025\\\/09\\\/08\\\/ponton-propon-un-plan-integral-con-mais-de-50-medidas-concretas-para-evitar-que-se-repitan-as-vagas-de-incendios-e-darlle-futuro-ao-rural\\\/#primaryimage\"},\"thumbnailUrl\":\"https:\\\/\\\/www.anovapeneira.gal\\\/wp-content\\\/uploads\\\/2025\\\/09\\\/bng_mos.jpg\",\"datePublished\":\"2025-09-08T08:00:45+00:00\",\"breadcrumb\":{\"@id\":\"https:\\\/\\\/www.anovapeneira.gal\\\/index.php\\\/2025\\\/09\\\/08\\\/ponton-propon-un-plan-integral-con-mais-de-50-medidas-concretas-para-evitar-que-se-repitan-as-vagas-de-incendios-e-darlle-futuro-ao-rural\\\/#breadcrumb\"},\"inLanguage\":\"gl-ES\",\"potentialAction\":[{\"@type\":\"ReadAction\",\"target\":[\"https:\\\/\\\/www.anovapeneira.gal\\\/index.php\\\/2025\\\/09\\\/08\\\/ponton-propon-un-plan-integral-con-mais-de-50-medidas-concretas-para-evitar-que-se-repitan-as-vagas-de-incendios-e-darlle-futuro-ao-rural\\\/\"]}]},{\"@type\":\"ImageObject\",\"inLanguage\":\"gl-ES\",\"@id\":\"https:\\\/\\\/www.anovapeneira.gal\\\/index.php\\\/2025\\\/09\\\/08\\\/ponton-propon-un-plan-integral-con-mais-de-50-medidas-concretas-para-evitar-que-se-repitan-as-vagas-de-incendios-e-darlle-futuro-ao-rural\\\/#primaryimage\",\"url\":\"https:\\\/\\\/www.anovapeneira.gal\\\/wp-content\\\/uploads\\\/2025\\\/09\\\/bng_mos.jpg\",\"contentUrl\":\"https:\\\/\\\/www.anovapeneira.gal\\\/wp-content\\\/uploads\\\/2025\\\/09\\\/bng_mos.jpg\",\"width\":720,\"height\":432},{\"@type\":\"BreadcrumbList\",\"@id\":\"https:\\\/\\\/www.anovapeneira.gal\\\/index.php\\\/2025\\\/09\\\/08\\\/ponton-propon-un-plan-integral-con-mais-de-50-medidas-concretas-para-evitar-que-se-repitan-as-vagas-de-incendios-e-darlle-futuro-ao-rural\\\/#breadcrumb\",\"itemListElement\":[{\"@type\":\"ListItem\",\"position\":1,\"name\":\"Portada\",\"item\":\"https:\\\/\\\/www.anovapeneira.gal\\\/\"},{\"@type\":\"ListItem\",\"position\":2,\"name\":\"Pont\u00f3n prop\u00f3n un plan integral con m\u00e1is de 50 medidas concretas para evitar que se repitan as vagas de incendios e darlle futuro ao rural\"}]},{\"@type\":\"WebSite\",\"@id\":\"https:\\\/\\\/www.anovapeneira.gal\\\/#website\",\"url\":\"https:\\\/\\\/www.anovapeneira.gal\\\/\",\"name\":\"\",\"description\":\"Xornal galego de informaci\u00f3n xeral Publicaci\u00f3n mensual de novas de Galicia e en especial dos Concellos da sur da provincia de Pontevedra.\",\"publisher\":{\"@id\":\"https:\\\/\\\/www.anovapeneira.gal\\\/#organization\"},\"potentialAction\":[{\"@type\":\"SearchAction\",\"target\":{\"@type\":\"EntryPoint\",\"urlTemplate\":\"https:\\\/\\\/www.anovapeneira.gal\\\/?s={search_term_string}\"},\"query-input\":{\"@type\":\"PropertyValueSpecification\",\"valueRequired\":true,\"valueName\":\"search_term_string\"}}],\"inLanguage\":\"gl-ES\"},{\"@type\":\"Organization\",\"@id\":\"https:\\\/\\\/www.anovapeneira.gal\\\/#organization\",\"name\":\"A Nova Peneira\",\"url\":\"https:\\\/\\\/www.anovapeneira.gal\\\/\",\"logo\":{\"@type\":\"ImageObject\",\"inLanguage\":\"gl-ES\",\"@id\":\"https:\\\/\\\/www.anovapeneira.gal\\\/#\\\/schema\\\/logo\\\/image\\\/\",\"url\":\"http:\\\/\\\/www.anovapeneira.gal\\\/wp-content\\\/uploads\\\/2019\\\/06\\\/logo_a_nova_peneira_portal_web.png\",\"contentUrl\":\"http:\\\/\\\/www.anovapeneira.gal\\\/wp-content\\\/uploads\\\/2019\\\/06\\\/logo_a_nova_peneira_portal_web.png\",\"width\":300,\"height\":100,\"caption\":\"A Nova Peneira\"},\"image\":{\"@id\":\"https:\\\/\\\/www.anovapeneira.gal\\\/#\\\/schema\\\/logo\\\/image\\\/\"},\"sameAs\":[\"https:\\\/\\\/www.facebook.com\\\/anovapeneira\",\"https:\\\/\\\/x.com\\\/APeneira\"]},{\"@type\":\"Person\",\"@id\":\"https:\\\/\\\/www.anovapeneira.gal\\\/#\\\/schema\\\/person\\\/b93e3f8932e3f8da96334607eb6ac6aa\",\"name\":\"Redacci\u00f3n A Nova Peneira\",\"image\":{\"@type\":\"ImageObject\",\"inLanguage\":\"gl-ES\",\"@id\":\"https:\\\/\\\/secure.gravatar.com\\\/avatar\\\/c052a2551a06e23fac63626232eaa90abd78dbcf1700fc46a2b2c89fd27b735f?s=96&d=mm&r=g\",\"url\":\"https:\\\/\\\/secure.gravatar.com\\\/avatar\\\/c052a2551a06e23fac63626232eaa90abd78dbcf1700fc46a2b2c89fd27b735f?s=96&d=mm&r=g\",\"contentUrl\":\"https:\\\/\\\/secure.gravatar.com\\\/avatar\\\/c052a2551a06e23fac63626232eaa90abd78dbcf1700fc46a2b2c89fd27b735f?s=96&d=mm&r=g\",\"caption\":\"Redacci\u00f3n A Nova Peneira\"},\"sameAs\":[\"http:\\\/\\\/www.anovapeneira.gal\\\/\"],\"url\":\"https:\\\/\\\/www.anovapeneira.gal\\\/index.php\\\/author\\\/redactor\\\/\"}]}<\/script>\n<!-- \/ Yoast SEO plugin. -->","yoast_head_json":{"title":"Pont\u00f3n prop\u00f3n un plan integral con m\u00e1is de 50 medidas concretas para evitar que se repitan as vagas de incendios e darlle futuro ao rural -","robots":{"index":"index","follow":"follow","max-snippet":"max-snippet:-1","max-image-preview":"max-image-preview:large","max-video-preview":"max-video-preview:-1"},"canonical":"https:\/\/www.anovapeneira.gal\/index.php\/2025\/09\/08\/ponton-propon-un-plan-integral-con-mais-de-50-medidas-concretas-para-evitar-que-se-repitan-as-vagas-de-incendios-e-darlle-futuro-ao-rural\/","og_locale":"gl_ES","og_type":"article","og_title":"Pont\u00f3n prop\u00f3n un plan integral con m\u00e1is de 50 medidas concretas para evitar que se repitan as vagas de incendios e darlle futuro ao rural -","og_description":"O plan \u2018Da Cinza \u00e1 Vida\u2019 procura a atenci\u00f3n inmediata axs afectadxs, a recuperaci\u00f3n ambiental real, un novo modelo de monte multifuncional, unha prevenci\u00f3n estrutural e eficaz e a revitalizaci\u00f3n do medio rural [...]","og_url":"https:\/\/www.anovapeneira.gal\/index.php\/2025\/09\/08\/ponton-propon-un-plan-integral-con-mais-de-50-medidas-concretas-para-evitar-que-se-repitan-as-vagas-de-incendios-e-darlle-futuro-ao-rural\/","article_publisher":"https:\/\/www.facebook.com\/anovapeneira","article_published_time":"2025-09-08T08:00:45+00:00","og_image":[{"width":720,"height":432,"url":"https:\/\/www.anovapeneira.gal\/wp-content\/uploads\/2025\/09\/bng_mos.jpg","type":"image\/jpeg"}],"author":"Redacci\u00f3n A Nova Peneira","twitter_card":"summary_large_image","twitter_creator":"@APeneira","twitter_site":"@APeneira","twitter_misc":{"Escrito por":"Redacci\u00f3n A Nova Peneira","Tempo de lectura":"9 minutos"},"schema":{"@context":"https:\/\/schema.org","@graph":[{"@type":"Article","@id":"https:\/\/www.anovapeneira.gal\/index.php\/2025\/09\/08\/ponton-propon-un-plan-integral-con-mais-de-50-medidas-concretas-para-evitar-que-se-repitan-as-vagas-de-incendios-e-darlle-futuro-ao-rural\/#article","isPartOf":{"@id":"https:\/\/www.anovapeneira.gal\/index.php\/2025\/09\/08\/ponton-propon-un-plan-integral-con-mais-de-50-medidas-concretas-para-evitar-que-se-repitan-as-vagas-de-incendios-e-darlle-futuro-ao-rural\/"},"author":{"name":"Redacci\u00f3n A Nova Peneira","@id":"https:\/\/www.anovapeneira.gal\/#\/schema\/person\/b93e3f8932e3f8da96334607eb6ac6aa"},"headline":"Pont\u00f3n prop\u00f3n un plan integral con m\u00e1is de 50 medidas concretas para evitar que se repitan as vagas de incendios e darlle futuro ao rural","datePublished":"2025-09-08T08:00:45+00:00","mainEntityOfPage":{"@id":"https:\/\/www.anovapeneira.gal\/index.php\/2025\/09\/08\/ponton-propon-un-plan-integral-con-mais-de-50-medidas-concretas-para-evitar-que-se-repitan-as-vagas-de-incendios-e-darlle-futuro-ao-rural\/"},"wordCount":1591,"commentCount":0,"publisher":{"@id":"https:\/\/www.anovapeneira.gal\/#organization"},"image":{"@id":"https:\/\/www.anovapeneira.gal\/index.php\/2025\/09\/08\/ponton-propon-un-plan-integral-con-mais-de-50-medidas-concretas-para-evitar-que-se-repitan-as-vagas-de-incendios-e-darlle-futuro-ao-rural\/#primaryimage"},"thumbnailUrl":"https:\/\/www.anovapeneira.gal\/wp-content\/uploads\/2025\/09\/bng_mos.jpg","articleSection":["Novas"],"inLanguage":"gl-ES","potentialAction":[{"@type":"CommentAction","name":"Comment","target":["https:\/\/www.anovapeneira.gal\/index.php\/2025\/09\/08\/ponton-propon-un-plan-integral-con-mais-de-50-medidas-concretas-para-evitar-que-se-repitan-as-vagas-de-incendios-e-darlle-futuro-ao-rural\/#respond"]}]},{"@type":"WebPage","@id":"https:\/\/www.anovapeneira.gal\/index.php\/2025\/09\/08\/ponton-propon-un-plan-integral-con-mais-de-50-medidas-concretas-para-evitar-que-se-repitan-as-vagas-de-incendios-e-darlle-futuro-ao-rural\/","url":"https:\/\/www.anovapeneira.gal\/index.php\/2025\/09\/08\/ponton-propon-un-plan-integral-con-mais-de-50-medidas-concretas-para-evitar-que-se-repitan-as-vagas-de-incendios-e-darlle-futuro-ao-rural\/","name":"Pont\u00f3n prop\u00f3n un plan integral con m\u00e1is de 50 medidas concretas para evitar que se repitan as vagas de incendios e darlle futuro ao rural -","isPartOf":{"@id":"https:\/\/www.anovapeneira.gal\/#website"},"primaryImageOfPage":{"@id":"https:\/\/www.anovapeneira.gal\/index.php\/2025\/09\/08\/ponton-propon-un-plan-integral-con-mais-de-50-medidas-concretas-para-evitar-que-se-repitan-as-vagas-de-incendios-e-darlle-futuro-ao-rural\/#primaryimage"},"image":{"@id":"https:\/\/www.anovapeneira.gal\/index.php\/2025\/09\/08\/ponton-propon-un-plan-integral-con-mais-de-50-medidas-concretas-para-evitar-que-se-repitan-as-vagas-de-incendios-e-darlle-futuro-ao-rural\/#primaryimage"},"thumbnailUrl":"https:\/\/www.anovapeneira.gal\/wp-content\/uploads\/2025\/09\/bng_mos.jpg","datePublished":"2025-09-08T08:00:45+00:00","breadcrumb":{"@id":"https:\/\/www.anovapeneira.gal\/index.php\/2025\/09\/08\/ponton-propon-un-plan-integral-con-mais-de-50-medidas-concretas-para-evitar-que-se-repitan-as-vagas-de-incendios-e-darlle-futuro-ao-rural\/#breadcrumb"},"inLanguage":"gl-ES","potentialAction":[{"@type":"ReadAction","target":["https:\/\/www.anovapeneira.gal\/index.php\/2025\/09\/08\/ponton-propon-un-plan-integral-con-mais-de-50-medidas-concretas-para-evitar-que-se-repitan-as-vagas-de-incendios-e-darlle-futuro-ao-rural\/"]}]},{"@type":"ImageObject","inLanguage":"gl-ES","@id":"https:\/\/www.anovapeneira.gal\/index.php\/2025\/09\/08\/ponton-propon-un-plan-integral-con-mais-de-50-medidas-concretas-para-evitar-que-se-repitan-as-vagas-de-incendios-e-darlle-futuro-ao-rural\/#primaryimage","url":"https:\/\/www.anovapeneira.gal\/wp-content\/uploads\/2025\/09\/bng_mos.jpg","contentUrl":"https:\/\/www.anovapeneira.gal\/wp-content\/uploads\/2025\/09\/bng_mos.jpg","width":720,"height":432},{"@type":"BreadcrumbList","@id":"https:\/\/www.anovapeneira.gal\/index.php\/2025\/09\/08\/ponton-propon-un-plan-integral-con-mais-de-50-medidas-concretas-para-evitar-que-se-repitan-as-vagas-de-incendios-e-darlle-futuro-ao-rural\/#breadcrumb","itemListElement":[{"@type":"ListItem","position":1,"name":"Portada","item":"https:\/\/www.anovapeneira.gal\/"},{"@type":"ListItem","position":2,"name":"Pont\u00f3n prop\u00f3n un plan integral con m\u00e1is de 50 medidas concretas para evitar que se repitan as vagas de incendios e darlle futuro ao rural"}]},{"@type":"WebSite","@id":"https:\/\/www.anovapeneira.gal\/#website","url":"https:\/\/www.anovapeneira.gal\/","name":"","description":"Xornal galego de informaci\u00f3n xeral Publicaci\u00f3n mensual de novas de Galicia e en especial dos Concellos da sur da provincia de Pontevedra.","publisher":{"@id":"https:\/\/www.anovapeneira.gal\/#organization"},"potentialAction":[{"@type":"SearchAction","target":{"@type":"EntryPoint","urlTemplate":"https:\/\/www.anovapeneira.gal\/?s={search_term_string}"},"query-input":{"@type":"PropertyValueSpecification","valueRequired":true,"valueName":"search_term_string"}}],"inLanguage":"gl-ES"},{"@type":"Organization","@id":"https:\/\/www.anovapeneira.gal\/#organization","name":"A Nova Peneira","url":"https:\/\/www.anovapeneira.gal\/","logo":{"@type":"ImageObject","inLanguage":"gl-ES","@id":"https:\/\/www.anovapeneira.gal\/#\/schema\/logo\/image\/","url":"http:\/\/www.anovapeneira.gal\/wp-content\/uploads\/2019\/06\/logo_a_nova_peneira_portal_web.png","contentUrl":"http:\/\/www.anovapeneira.gal\/wp-content\/uploads\/2019\/06\/logo_a_nova_peneira_portal_web.png","width":300,"height":100,"caption":"A Nova Peneira"},"image":{"@id":"https:\/\/www.anovapeneira.gal\/#\/schema\/logo\/image\/"},"sameAs":["https:\/\/www.facebook.com\/anovapeneira","https:\/\/x.com\/APeneira"]},{"@type":"Person","@id":"https:\/\/www.anovapeneira.gal\/#\/schema\/person\/b93e3f8932e3f8da96334607eb6ac6aa","name":"Redacci\u00f3n A Nova Peneira","image":{"@type":"ImageObject","inLanguage":"gl-ES","@id":"https:\/\/secure.gravatar.com\/avatar\/c052a2551a06e23fac63626232eaa90abd78dbcf1700fc46a2b2c89fd27b735f?s=96&d=mm&r=g","url":"https:\/\/secure.gravatar.com\/avatar\/c052a2551a06e23fac63626232eaa90abd78dbcf1700fc46a2b2c89fd27b735f?s=96&d=mm&r=g","contentUrl":"https:\/\/secure.gravatar.com\/avatar\/c052a2551a06e23fac63626232eaa90abd78dbcf1700fc46a2b2c89fd27b735f?s=96&d=mm&r=g","caption":"Redacci\u00f3n A Nova Peneira"},"sameAs":["http:\/\/www.anovapeneira.gal\/"],"url":"https:\/\/www.anovapeneira.gal\/index.php\/author\/redactor\/"}]}},"jetpack_featured_media_url":"https:\/\/www.anovapeneira.gal\/wp-content\/uploads\/2025\/09\/bng_mos.jpg","_links":{"self":[{"href":"https:\/\/www.anovapeneira.gal\/index.php\/wp-json\/wp\/v2\/posts\/14607","targetHints":{"allow":["GET"]}}],"collection":[{"href":"https:\/\/www.anovapeneira.gal\/index.php\/wp-json\/wp\/v2\/posts"}],"about":[{"href":"https:\/\/www.anovapeneira.gal\/index.php\/wp-json\/wp\/v2\/types\/post"}],"author":[{"embeddable":true,"href":"https:\/\/www.anovapeneira.gal\/index.php\/wp-json\/wp\/v2\/users\/3"}],"replies":[{"embeddable":true,"href":"https:\/\/www.anovapeneira.gal\/index.php\/wp-json\/wp\/v2\/comments?post=14607"}],"version-history":[{"count":1,"href":"https:\/\/www.anovapeneira.gal\/index.php\/wp-json\/wp\/v2\/posts\/14607\/revisions"}],"predecessor-version":[{"id":14609,"href":"https:\/\/www.anovapeneira.gal\/index.php\/wp-json\/wp\/v2\/posts\/14607\/revisions\/14609"}],"wp:featuredmedia":[{"embeddable":true,"href":"https:\/\/www.anovapeneira.gal\/index.php\/wp-json\/wp\/v2\/media\/14608"}],"wp:attachment":[{"href":"https:\/\/www.anovapeneira.gal\/index.php\/wp-json\/wp\/v2\/media?parent=14607"}],"wp:term":[{"taxonomy":"category","embeddable":true,"href":"https:\/\/www.anovapeneira.gal\/index.php\/wp-json\/wp\/v2\/categories?post=14607"},{"taxonomy":"post_tag","embeddable":true,"href":"https:\/\/www.anovapeneira.gal\/index.php\/wp-json\/wp\/v2\/tags?post=14607"}],"curies":[{"name":"wp","href":"https:\/\/api.w.org\/{rel}","templated":true}]}}