{"id":1461,"date":"2019-10-10T12:00:27","date_gmt":"2019-10-10T10:00:27","guid":{"rendered":"http:\/\/www.anovapeneira.gal\/?p=1461"},"modified":"2019-10-06T22:38:47","modified_gmt":"2019-10-06T20:38:47","slug":"izaskun-bilbao-eurodeputada-do-pnv","status":"publish","type":"post","link":"https:\/\/www.anovapeneira.gal\/index.php\/2019\/10\/10\/izaskun-bilbao-eurodeputada-do-pnv\/","title":{"rendered":"Izaskun Bilbao eurodeputada do PNV"},"content":{"rendered":"\n<h2 class=\"wp-block-heading\"><strong>Izaskun Bilbao \u00e9 eurodeputada do PNV \u00e9 boa amiga de A Nova Peneira. Novamente tivemos a oportunidade de manter unha longa conversa con ela e como sempre foi un pracer falarmos cunha muller dunha lucidez extraordinaria. Vela\u00ed vai o que deu de si a nosa charla<\/strong><\/h2>\n\n\n\n<pre class=\"wp-block-verse\">\n<strong>G.Figueiredo<\/strong><\/pre>\n\n\n\n<p>\n\u201c<strong>A\nMAIOR PARTE DOS EURODEPUTADOS,CANDO LLES FALAS DE QUE AOS L\u00cdDERES DO\nINDEPENDENTISMO CATAL\u00c1N AC\u00daSANOS DE DAR UN GOLPE DE ESTADO,\nCONSID\u00c9RANO SIMPLEMENTE RID\u00cdCULO\u201d<\/strong><\/p>\n\n\n\n<p>\n<strong>-Acaba\nde iniciarse o curso pol\u00edtico no parlamento europeo, con que \u00e1nimos\nin\u00edcialo? E cales son os retos m\u00e1is significativos que afrontas\nneste mandato? <\/strong>\n<\/p>\n\n\n\n<blockquote class=\"wp-block-quote is-layout-flow wp-block-quote-is-layout-flow\"><p>Creo que no noso programa expresei claramente varias prioridades. a primeira converter a Europa nun axente activo e referente na loita contra o cambio clim\u00e1tico o que implica acelerar a descarbonizaci\u00f3n da econom\u00eda e a aposta pola econom\u00eda circular. Tam\u00e9n temos que tomarnos en serio converter a idea de mercado \u00fanico nunha realidade no sector financeiro, dixital e enerx\u00e9tico e acabar co dumping entre facendas dos estados membros que foi catastr\u00f3fico para o devir da recadaci\u00f3n en toda a Uni\u00f3n. Ademais, hai que profundar na democratizaci\u00f3n dos procedementos comunitarios, entender definitivamente que hai xa actores en mellor posici\u00f3n que os estados para apoiar a construci\u00f3n europea e obrar en consecuencia. E por suposto dedicar \u00e1 custodia da calidade do estado de dereito o mesmo entusiasmo e medios comparables aos que se dedican a garantir a estabilidade financeira. Alg\u00fans estados violan sistematicamente a Carta de dereitos Fundamentais. Non pode ser que a Uni\u00f3n se escude en que estas violaci\u00f3ns non se producen en execuci\u00f3n da lexislaci\u00f3n europea para evadir a s\u00faa responsabilidade e xustificar a s\u00faa pasividade. En Espa\u00f1a temos lamentables exemplos de problemas de independencia xudicial clamorosos e evidentes, ataques desde as m\u00e1is altas maxistraturas e instituci\u00f3ns ao pluralismo pol\u00edtico e institucional. O responsable do tema na Comisi\u00f3n Frank Timmermans aplicou unha dupla vara de medir clar\u00edsima. Se algunhas das cousas que ocorreron en Espa\u00f1a ocorresen en Hungr\u00eda abrir\u00edase un procedemento de infracci\u00f2n. En Espa\u00f1a o xefe da bancada dun grupo pol\u00edtico pode presumir de que manexaron o nomeamento da c\u00fapula do poder xudicial e Timmermans facer como que non viu o ocorrido.<\/p><\/blockquote>\n\n\n\n<p>\n <strong>-Non\npodemos entrevistar a unha euro parlamentaria sen falar do Brexit.\nQue escenario contemplas?: -Un Brexit resultado dun acordo negociado?\n-Un Brexit \u00e1s bravas e sen acordo? -Que consecuencias, ao teu xu\u00edzo,\ntraer\u00edan ambas as opci\u00f3ns para as cidad\u00e1s e cidad\u00e1ns da UE en\nxeral, e do estado espa\u00f1ol en particular? <\/strong>\n<\/p>\n\n\n\n<blockquote class=\"wp-block-quote is-layout-flow wp-block-quote-is-layout-flow\"><p> Ningu\u00e9n o sabe. Os \u00faltimos acontecementos  confirman unha cousa: a completa irresponsabilidade dos populistas mentireiros que meteron ao Reino Unido nesta crise, a s\u00faa baixa calidade como pol\u00edticos e a s\u00faa completa falta de escr\u00fapulos. Ese labirinto s\u00f3 p\u00f3deno resolver os brit\u00e1nicos deixando f\u00f3ra de xogo a l\u00edderes como Boris Johnson que acaba de sufrir un rev\u00e9s \u00e1 altura dos seus actos coa reapertura do parlamento brit\u00e1nico. Alg\u00fans acontecementos dos \u00faltimos d\u00edas son enormemente did\u00e1cticos para explicar con meridiana claridade que significa para o cidad\u00e1n medio un Brexit sen acordo. Pensemos na quebra de Thomas Cook. \u00c9 transnacional, afecta a clientes de toda a Uni\u00f3n que te\u00f1en garantidos os seus dereitos como clientes de operadores de turismo ou pasaxeiros de li\u00f1as a\u00e9reas por lexislaci\u00f3n europea. hai un fondo europeo de adaptaci\u00f3n \u00e1 globalizaci\u00f3n que pode axudar a recolocar aos empregados que quedan sen traballo&#8230; A empresa crebada est\u00e1 radicada en gran Breta\u00f1a. Imaxinemos quen garante que cun Brexit salvaxe nun caso como leste. Eu te\u00f1o unha resposta clar\u00edsima: desde logo Boris Johnson e as s\u00faas pol\u00edticas non.<\/p><\/blockquote>\n\n\n\n<p>\n<strong>\u00c1s\nveces a pol\u00edtica parece que queda un pouco lonxe para amplas capas\nda sociedade, e se cabe, este fen\u00f3meno signif\u00edcase m\u00e1is no que\nrespecta a a pol\u00edtica europea. Expl\u00edcanos a importancia que ten\nBruxelas no d\u00eda a d\u00eda de calquera cidad\u00e1n ou cidad\u00e1? <\/strong>\n<\/p>\n\n\n\n<blockquote class=\"wp-block-quote is-layout-flow wp-block-quote-is-layout-flow\"><p>Aqu\u00ed aprobamos regulamentos que son lei para todos os cidad\u00e1ns europeos en canto publ\u00edcanse  directivas que marcan o sentido da lexislaci\u00f3n estatal en moitas materias. Entre uns e outros practicamente o 80% da normativa que nos afecta faise aqu\u00ed.<\/p><\/blockquote>\n\n\n\n<p>\n <strong>-O\nrexurdir da ultradereita neo fascista en Europa \u00e9 imparable? <\/strong>\n<\/p>\n\n\n\n<blockquote class=\"wp-block-quote is-layout-flow wp-block-quote-is-layout-flow\"><p>Hai receitas clar\u00edsimas para evitalo: non normalizar o discurso do odio que estes grupos expo\u00f1en, demostrar que as respostas simples e fracasadas que propo\u00f1en estas forzas non serven para resolver problemas complexos como os que temos. En definitiva derrotar politicamente un discurso e unhas pol\u00edticas que foron a orixe das grandes guerras que sacudiron Europa o s\u00e9culo pasado. Quiz\u00e1 por iso a semana pasada aprobouse en Estrasburgo unha resoluci\u00f3n sobre a importancia da memoria europea. Lembrar o lugar ao que conduciron estas barbaridades \u00e9 unha boa maneira de evitar que se repitan. E facilitar verdade, xustiza e reparaci\u00f3n \u00e1s s\u00faas v\u00edtimas unha necesidade ineludible que en Espa\u00f1a est\u00e1 pendente.<\/p><\/blockquote>\n\n\n\n<p>\n <strong>-Supo\u00f1o\nque a organizaci\u00f3n dos grupos parlamentarios nun parlamento\nsupraestatal ser\u00e1 enormemente complexa, pero non logro entender por\nque o PNV comparte grupo cun partido ultra nacionalista espa\u00f1ol como\nC, S especialmente hostil contra aquelas visi\u00f3ns diferentes \u00e1 s\u00faa\nno que respecta \u00e1 arquitectura estatal?<\/strong><\/p>\n\n\n\n<blockquote class=\"wp-block-quote is-layout-flow wp-block-quote-is-layout-flow\"><p> As ideas que manexa Ciudadanos sobre por exemplo o concerto econ\u00f3mico, a diversidade ling\u00fc\u00edstica, ou o seu propio concepto nacionalista e decimon\u00f3nico do que \u00e9 un estado naci\u00f3n non son maioritarias no noso grupo. A internacional \u00e1 que pertencemos, o Partido Dem\u00f3crata Europeo est\u00e1 nas ant\u00edpodas desas posici\u00f3ns. Eles pertencen a outra internacional que tampouco entende as s\u00faas posici\u00f3ns nacionalistas e os seus conceptos identitarios espa\u00f1olistas moi pasados de moda. Baste dicir que na Internacional Liberal hai partidos que viven e operan en estados plurinacionais e non compran eses discursos. Por iso non se suscitan aqu\u00ed e non se abre ese debate. Logo noutros temas europeos podemos coincidir. En todo caso creo que esas explicaci\u00f3ns deber\u00edan  dalas eles que son os que vi\u00f1eron a este grupo no que estabamos n\u00f3s e non ao rev\u00e9s.<\/p><\/blockquote>\n\n\n\n<p>\n <strong>-En\nBruxelas, algunha vez reun\u00edcheste co President Puigdemont?<\/strong><\/p>\n\n\n\n<blockquote class=\"wp-block-quote is-layout-flow wp-block-quote-is-layout-flow\"><p>Estiven en varios actos nos que el participaba e conversamos nalgunhas ocasi\u00f3ns. Brindeille todo o meu apoio cando na mi\u00f1a opini\u00f3n de maneira arbitraria imped\u00eduselle acceder \u00e1 s\u00faa acta de deputado. Participo ademais na plataforma de dialogo Catalu\u00f1a Europa que avoga por unha sa\u00edda democr\u00e1tica a un conflito que non se vai a resolver a sentenciazos. A instruci\u00f3n do caso e a insistencia en aplicar a este asunto o tipo delituoso de rebeli\u00f3n \u00e9 un dos esc\u00e1ndalos m\u00e1is lamentables protagonizados nestas d\u00e9cadas pola c\u00fapula da xustiza espa\u00f1ola que parece que nin sequera se decatou de que os euro deputados se re\u00fanen en pleno en Estrasburgo. Os sete membros desa sala impediron tomar posesi\u00f3n do seu cargo a Junqueras entre outras raz\u00f3ns porque como ti\u00f1a que viaxar a Bruxelas para participar nese primeiro pleno pod\u00eda reunirse con Puigdemont. O argumento era de pacotilla, pero ademais a circunstancia que suscitaba imposible. Un erro semellante pon de relevo tanto a contumacia de quen o comete como os prexu\u00edzos que manexan e a moi deficiente calidade dos autos que escriben.  <\/p><\/blockquote>\n\n\n\n<p>\n<strong>-Entre\nos e as europarlamentari@s existe debate en relaci\u00f3n ao tema\ncatal\u00e1n?, ou como deixan entrever, en li\u00f1as xerais, os medios de\ncomunicaci\u00f3n espa\u00f1ois hai unha opini\u00f3n abafadora que sost\u00e9n que\nEspa\u00f1a \u00e9 un estado democr\u00e1tico e de dereito que se limitou a\naplicar a lei contra unhas persoas que supostamente non a cumpriron?<\/strong><\/p>\n\n\n\n<blockquote class=\"wp-block-quote is-layout-flow wp-block-quote-is-layout-flow\"><p>Aqu\u00ed eu at\u00f3pome con moi pouca xente que entenda os paus que se repartiron o un de outubro ou que leven xa dous anos en prisi\u00f3n pol\u00edticos, alg\u00fans moi co\u00f1ecidos aqu\u00ed polo seu talante democr\u00e1tico e pacifista. Cando lles falas de que lles acusan de dar un golpe de estado a maior parte consideran esa acusaci\u00f3n como simplemente rid\u00edcula. Non se permitiu tomar posesi\u00f3n a Junqueras porque os partidos estatais que est\u00e1n a apoiar esta infamia e especialmente os xu\u00edces que est\u00e1n a xulgar o asunto non se queren arriscar a perder unha votaci\u00f3n sobre a inmunidade de Junqueras. Nin as opini\u00f3ns p\u00fablicas, nin a administraci\u00f3n de xustiza nin boa parte da clase pol\u00edtica europea, como se demostrou en Su\u00edza, Escocia, B\u00e9lxica ou Alema\u00f1a entenden a \u201cpol\u00edtica\u201d que aplica Espa\u00f1a en Catalu\u00f1a. Ningu\u00e9n cre que esa v\u00eda vaia a resolver o problema que al\u00ed hai.<\/p><\/blockquote>\n\n\n\n<p>\n <strong>-Que\nsa\u00edda lle ves ti \u00e1 cuesti\u00f3n catal\u00e1? <\/strong>\n<\/p>\n\n\n\n<blockquote class=\"wp-block-quote is-layout-flow wp-block-quote-is-layout-flow\"><p>S\u00f3 unha, a pol\u00edtica. Hai que aplicar unha receita moi simple: non se pode impo\u00f1er unha posici\u00f3n e non se pode impedir o debate pol\u00edtico. Se se aplica esa norma tan simple hai obrigaci\u00f3n de po\u00f1er as cartas sobre a mesa e negociar unha sa\u00edda. O Brexit deber\u00eda de ensinar ao independentismo que ese tipo de procesos non se executan facilmente porque te\u00f1en unhas enormes implicaci\u00f3ns. Ademais, necesitan maior\u00edas sociais moito m\u00e1is s\u00f3lidas que as que te\u00f1en hoxe. Pero, do mesmo xeito o estado deber\u00eda de entender que perdeu a partida en Catalu\u00f1a por non entender que \u00e9 e que significa o principio de diversidade cultural e institucional no que se basea, sen ir m\u00e1is lonxe a Uni\u00f3n Europea. Creo que seguen sen decatarse de que por moito que retorzan a lei, que concerten poderes que deber\u00edan de ser independentes, por moito que encarceren inxustamente a pol\u00edticos que nin de lonxe cometeron delitos como o que se cometeu Antonio Tejero, non van resolver un problema que \u00e9 estritamente pol\u00edtico e seguen alimentando o independentismo m\u00e1is radical. \u00e9 un problema de incompetencia t\u00e9cnica e de nula capacidade para a xesti\u00f2n emocional. Nas relaci\u00f3ns humanas a seduci\u00f3n pode convencer, a dominaci\u00f2n xera rexeitamento. Seguen sen ser conscientes de que se un 60% de cidad\u00e1ns apoian a independencia ese proceso \u00e9 imparable<\/p><\/blockquote>\n\n\n\n<p><strong>-Unha\ndas comisi\u00f3ns das que formas parte \u00e9 a de pesca, un asunto moi\nrelevante para Galicia. Consideras que algunha vez as negociaci\u00f3ns\npara as cotas europeas no banco canario sahariano poderanse ter cos\naut\u00e9nticos donos desas augas, os saharau\u00eds?<\/strong><\/p>\n\n\n\n<blockquote class=\"wp-block-quote is-layout-flow wp-block-quote-is-layout-flow\"><p>Iso di o dereito internacional e iso din as sentenzas dos tribunais europeos. Unha das cousas que m\u00e1is dano faille ao prestixio da UE \u00e9 que \u00e1s veces antep\u00f3n os intereses aos valores.<\/p><\/blockquote>\n\n\n\n<p>\n<strong>-Seguindo\ncon Galicia, v\u00f3s tedes relaci\u00f3ns con <\/strong><strong>CXG<\/strong><strong>,\nde feito levastes a Europa varios temas que nos afectan, a pedimento\ndese partido, poder\u00edas dicirnos alg\u00fan dos m\u00e1is importantes?<\/strong><\/p>\n\n\n\n<blockquote class=\"wp-block-quote is-layout-flow wp-block-quote-is-layout-flow\"><p>Pois desde acordos de pesca cr\u00edticos para a frota galega, a posici\u00f3ns sobre pesca artesanal ou etiquetaxe dos produtos de pesca que son cr\u00edticos para os produtores galegos. traballamos sobre cuesti\u00f3ns de vida coti\u00e1 como os atascos nas autoestradas ou o control sobre a intervenci\u00f3n europea na crise dos incendios do ver\u00e1n pasado. Traballamos moito e ben tam\u00e9n en temas industriais, medio ambientais de consumo&#8230; O m\u00e1is importante  \u00e9 que dispo\u00f1emos dunha mec\u00e1nica de colaboraci\u00f3n frut\u00edfera.<\/p><\/blockquote>\n\n\n\n<p> <strong>-A\nestratexia do PNV en relaci\u00f3n co pa\u00eds <\/strong><strong>galego<\/strong><strong>\nvai seguir sendo ter a <\/strong><strong>CXG<\/strong><strong>\ncomo aliado preferente? Ou vistos os <\/strong><strong>mal\u00edsimos<\/strong><strong>\nresultados desa formaci\u00f3n pol\u00edtica considerastes algo diferente? <\/strong>\n<\/p>\n\n\n\n<blockquote class=\"wp-block-quote is-layout-flow wp-block-quote-is-layout-flow\"><p>O noso correspondente en Galicia hoxe \u00e9 Compromiso. hai un espazo para que o modelo PNV (crecemento econ\u00f3mico con modelo social) funcione en Galicia e estamos convencidos de que m\u00e1is pronto que tarde esa oferta pol\u00edtica frutificar\u00e1. No mapa galego ademais hai movementos como o impacto que vai ter o partido de Errejon que abren escenarios de colaboraci\u00f3n entre galeguistas que parec\u00edan impensables hai uns meses. Veremos como evolucionan as cousas, pero estamos seguros de que un modelo asentado no posibilismo, a honradez e a xesti\u00f3n e protagonizado por persoas que non estean a pensar en facer carreira en Madrid, acabar\u00e1 funcionando al\u00ed.<\/p><\/blockquote>\n\n\n\n<p>\n<strong>-Cando\nse publique esta entrevista xa saberemos se temos goberno no estado\nou imos a novas elecci\u00f3ns en novembro. Se como parece, mov\u00e9monos\nnesta hip\u00f3tese, para que fixestes a moci\u00f3n de censura?, non se vos\nqueda un pouco a cara de quen acaba de ser v\u00edtima dunha estafa? <\/strong>\n<\/p>\n\n\n\n<blockquote class=\"wp-block-quote is-layout-flow wp-block-quote-is-layout-flow\"><p>\u00c9 unha boa definici\u00f3n. N\u00f3s sempre apoiamos a non repetici\u00f3n das elecci\u00f3ns e a conformaci\u00f3n dun goberno ao redor de quen apoio aquela moci\u00f3n de censura. Os nosos deputados en Madrid, que se asomaron \u00e1s negociaci\u00f3ns e pux\u00e9ronse ao dispor dos implicados para axudar no posible din que as posici\u00f3ns de partida duns e outros non eran nin moito menos irreconciliables. Finalmente est\u00e1 claro que polo menos un dos dous actores non quer\u00eda o acordo. En Espa\u00f1a o bipartidismo segue na cabeza e o coraz\u00f3n dalg\u00fans l\u00edderes que consideran inconcibibles os gobernos de coalici\u00f3n. Pero todo andarase. Non imos volver en d\u00e9cadas ao escenario anterior as\u00ed que haber\u00e1 que ir empezando a entendelo.  <\/p><\/blockquote>\n\n\n\n<p><strong>-Ti\nes avogada <\/strong><strong>Izaskun<\/strong><strong>,\no dos mozos de <\/strong><strong>Altsasu<\/strong><strong>\ncondenados ata a 13 anos por unha pelexa de bar \u00e9 xur\u00eddica e\nmoralmente sustentable? <\/strong>\n<\/p>\n\n\n\n<blockquote class=\"wp-block-quote is-layout-flow wp-block-quote-is-layout-flow\"><p>Non o digo eu. A propia Comisi\u00f3n Europea considerou desproporcionado o castigo proposto. A definici\u00f3n europea de terrorismo non se pode aplicar ao caso e utilizouse nada menos que para privarlles do dereito ao xu\u00edz natural. Incumpr\u00edronse normas europeas como a directiva de dereitos dos procesados no proceso penal, os principios que regulan a asistencia letrada aos detidos&#8230;Ning\u00fan xu\u00edz preocupouse de que os acusados durante o xu\u00edzo non aparecesen como culpables&#8230;E hai casos id\u00e9nticos noutras zonas do estado con expresi\u00f3ns de odio organizado evidentes que se saldaron con condenas moito m\u00e1is leves. Eu non defendo a impunidade. creo que os autores do feito merecen un castigo. O que defendo \u00e9 a xustiza. e neste caso non a hai de ningunha maneira.<\/p><\/blockquote>\n\n\n\n<p>\n<strong>-Acabamos\nagradec\u00e9ndoche a t\u00faa atenci\u00f3n e como lle dixemos a un compa\u00f1eiro\nteu recentemente; gustar\u00edanos compartir contigo unha tapa de polbo e\nun albari\u00f1o esperamos verche pronto por Galicia?<\/strong><\/p>\n\n\n\n<blockquote class=\"wp-block-quote is-layout-flow wp-block-quote-is-layout-flow\"><p>En canto poida. Galicia enc\u00e1ntame. Terei un anticipo da raci\u00f3n de polbo o pr\u00f3ximo Alderdi Eguna, a festa do noso partido que se celebra o \u00faltimo domingo de setembro en Euskadi. A txozna (taberna) que organiza a comunidade galega al\u00ed \u00e9 famosa polo Polbo a feira. este ano, ademais, Compromiso ter\u00e1 tam\u00e9n al\u00ed unha txozna. Pero si, en canto poida irei a Galicia.<\/p><\/blockquote>\n","protected":false},"excerpt":{"rendered":"<div class=\"mh-excerpt\"><p>Izaskun Bilbao \u00e9 eurodeputada do PNV \u00e9 boa amiga de A Nova Peneira. Novamente tivemos a oportunidade de manter unha longa conversa con ela e como sempre foi un pracer falarmos cunha muller dunha lucidez extraordinaria <a class=\"mh-excerpt-more\" href=\"https:\/\/www.anovapeneira.gal\/index.php\/2019\/10\/10\/izaskun-bilbao-eurodeputada-do-pnv\/\" title=\"Izaskun Bilbao eurodeputada do PNV\">[&#8230;]<\/a><\/p>\n<\/div>","protected":false},"author":3,"featured_media":1462,"comment_status":"open","ping_status":"open","sticky":false,"template":"","format":"standard","meta":{"_exactmetrics_skip_tracking":false,"_exactmetrics_sitenote_active":false,"_exactmetrics_sitenote_note":"","_exactmetrics_sitenote_category":0,"footnotes":""},"categories":[583],"tags":[652,650,577,12],"class_list":{"0":"post-1461","1":"post","2":"type-post","3":"status-publish","4":"format-standard","5":"has-post-thumbnail","7":"category-entrevistas-espanha","8":"tag-eurodiputada","9":"tag-izaskun-bilbao","10":"tag-pnv","11":"tag-politica"},"yoast_head":"<!-- This site is optimized with the Yoast SEO plugin v27.5 - https:\/\/yoast.com\/product\/yoast-seo-wordpress\/ -->\n<title>Izaskun Bilbao eurodeputada do PNV -<\/title>\n<meta name=\"robots\" content=\"index, follow, max-snippet:-1, max-image-preview:large, max-video-preview:-1\" \/>\n<link rel=\"canonical\" href=\"https:\/\/www.anovapeneira.gal\/index.php\/2019\/10\/10\/izaskun-bilbao-eurodeputada-do-pnv\/\" \/>\n<meta property=\"og:locale\" content=\"gl_ES\" \/>\n<meta property=\"og:type\" content=\"article\" \/>\n<meta property=\"og:title\" content=\"Izaskun Bilbao eurodeputada do PNV -\" \/>\n<meta property=\"og:description\" content=\"Izaskun Bilbao \u00e9 eurodeputada do PNV \u00e9 boa amiga de A Nova Peneira. Novamente tivemos a oportunidade de manter unha longa conversa con ela e como sempre foi un pracer falarmos cunha muller dunha lucidez extraordinaria [...]\" \/>\n<meta property=\"og:url\" content=\"https:\/\/www.anovapeneira.gal\/index.php\/2019\/10\/10\/izaskun-bilbao-eurodeputada-do-pnv\/\" \/>\n<meta property=\"article:publisher\" content=\"https:\/\/www.facebook.com\/anovapeneira\" \/>\n<meta property=\"article:published_time\" content=\"2019-10-10T10:00:27+00:00\" \/>\n<meta property=\"og:image\" content=\"https:\/\/www.anovapeneira.gal\/wp-content\/uploads\/2019\/10\/IZASKUN_BILBAO_a_nova_peneira.jpg\" \/>\n\t<meta property=\"og:image:width\" content=\"720\" \/>\n\t<meta property=\"og:image:height\" content=\"473\" \/>\n\t<meta property=\"og:image:type\" content=\"image\/jpeg\" \/>\n<meta name=\"author\" content=\"Redacci\u00f3n A Nova Peneira\" \/>\n<meta name=\"twitter:card\" content=\"summary_large_image\" \/>\n<meta name=\"twitter:creator\" content=\"@APeneira\" \/>\n<meta name=\"twitter:site\" content=\"@APeneira\" \/>\n<meta name=\"twitter:label1\" content=\"Escrito por\" \/>\n\t<meta name=\"twitter:data1\" content=\"Redacci\u00f3n A Nova Peneira\" \/>\n\t<meta name=\"twitter:label2\" content=\"Tempo de lectura\" \/>\n\t<meta name=\"twitter:data2\" content=\"13 minutos\" \/>\n<script type=\"application\/ld+json\" class=\"yoast-schema-graph\">{\"@context\":\"https:\\\/\\\/schema.org\",\"@graph\":[{\"@type\":\"Article\",\"@id\":\"https:\\\/\\\/www.anovapeneira.gal\\\/index.php\\\/2019\\\/10\\\/10\\\/izaskun-bilbao-eurodeputada-do-pnv\\\/#article\",\"isPartOf\":{\"@id\":\"https:\\\/\\\/www.anovapeneira.gal\\\/index.php\\\/2019\\\/10\\\/10\\\/izaskun-bilbao-eurodeputada-do-pnv\\\/\"},\"author\":{\"name\":\"Redacci\u00f3n A Nova Peneira\",\"@id\":\"https:\\\/\\\/www.anovapeneira.gal\\\/#\\\/schema\\\/person\\\/b93e3f8932e3f8da96334607eb6ac6aa\"},\"headline\":\"Izaskun Bilbao eurodeputada do PNV\",\"datePublished\":\"2019-10-10T10:00:27+00:00\",\"mainEntityOfPage\":{\"@id\":\"https:\\\/\\\/www.anovapeneira.gal\\\/index.php\\\/2019\\\/10\\\/10\\\/izaskun-bilbao-eurodeputada-do-pnv\\\/\"},\"wordCount\":2538,\"commentCount\":0,\"publisher\":{\"@id\":\"https:\\\/\\\/www.anovapeneira.gal\\\/#organization\"},\"image\":{\"@id\":\"https:\\\/\\\/www.anovapeneira.gal\\\/index.php\\\/2019\\\/10\\\/10\\\/izaskun-bilbao-eurodeputada-do-pnv\\\/#primaryimage\"},\"thumbnailUrl\":\"https:\\\/\\\/www.anovapeneira.gal\\\/wp-content\\\/uploads\\\/2019\\\/10\\\/IZASKUN_BILBAO_a_nova_peneira.jpg\",\"keywords\":[\"Eurodiputada\",\"Izaskun Bilbao\",\"PNV\",\"Pol\u00edtica\"],\"articleSection\":[\"Entrevistas\"],\"inLanguage\":\"gl-ES\",\"potentialAction\":[{\"@type\":\"CommentAction\",\"name\":\"Comment\",\"target\":[\"https:\\\/\\\/www.anovapeneira.gal\\\/index.php\\\/2019\\\/10\\\/10\\\/izaskun-bilbao-eurodeputada-do-pnv\\\/#respond\"]}]},{\"@type\":\"WebPage\",\"@id\":\"https:\\\/\\\/www.anovapeneira.gal\\\/index.php\\\/2019\\\/10\\\/10\\\/izaskun-bilbao-eurodeputada-do-pnv\\\/\",\"url\":\"https:\\\/\\\/www.anovapeneira.gal\\\/index.php\\\/2019\\\/10\\\/10\\\/izaskun-bilbao-eurodeputada-do-pnv\\\/\",\"name\":\"Izaskun Bilbao eurodeputada do PNV -\",\"isPartOf\":{\"@id\":\"https:\\\/\\\/www.anovapeneira.gal\\\/#website\"},\"primaryImageOfPage\":{\"@id\":\"https:\\\/\\\/www.anovapeneira.gal\\\/index.php\\\/2019\\\/10\\\/10\\\/izaskun-bilbao-eurodeputada-do-pnv\\\/#primaryimage\"},\"image\":{\"@id\":\"https:\\\/\\\/www.anovapeneira.gal\\\/index.php\\\/2019\\\/10\\\/10\\\/izaskun-bilbao-eurodeputada-do-pnv\\\/#primaryimage\"},\"thumbnailUrl\":\"https:\\\/\\\/www.anovapeneira.gal\\\/wp-content\\\/uploads\\\/2019\\\/10\\\/IZASKUN_BILBAO_a_nova_peneira.jpg\",\"datePublished\":\"2019-10-10T10:00:27+00:00\",\"breadcrumb\":{\"@id\":\"https:\\\/\\\/www.anovapeneira.gal\\\/index.php\\\/2019\\\/10\\\/10\\\/izaskun-bilbao-eurodeputada-do-pnv\\\/#breadcrumb\"},\"inLanguage\":\"gl-ES\",\"potentialAction\":[{\"@type\":\"ReadAction\",\"target\":[\"https:\\\/\\\/www.anovapeneira.gal\\\/index.php\\\/2019\\\/10\\\/10\\\/izaskun-bilbao-eurodeputada-do-pnv\\\/\"]}]},{\"@type\":\"ImageObject\",\"inLanguage\":\"gl-ES\",\"@id\":\"https:\\\/\\\/www.anovapeneira.gal\\\/index.php\\\/2019\\\/10\\\/10\\\/izaskun-bilbao-eurodeputada-do-pnv\\\/#primaryimage\",\"url\":\"https:\\\/\\\/www.anovapeneira.gal\\\/wp-content\\\/uploads\\\/2019\\\/10\\\/IZASKUN_BILBAO_a_nova_peneira.jpg\",\"contentUrl\":\"https:\\\/\\\/www.anovapeneira.gal\\\/wp-content\\\/uploads\\\/2019\\\/10\\\/IZASKUN_BILBAO_a_nova_peneira.jpg\",\"width\":720,\"height\":473,\"caption\":\"Izaskun Bilbao A Nova Peneira\"},{\"@type\":\"BreadcrumbList\",\"@id\":\"https:\\\/\\\/www.anovapeneira.gal\\\/index.php\\\/2019\\\/10\\\/10\\\/izaskun-bilbao-eurodeputada-do-pnv\\\/#breadcrumb\",\"itemListElement\":[{\"@type\":\"ListItem\",\"position\":1,\"name\":\"Portada\",\"item\":\"https:\\\/\\\/www.anovapeneira.gal\\\/\"},{\"@type\":\"ListItem\",\"position\":2,\"name\":\"Izaskun Bilbao eurodeputada do PNV\"}]},{\"@type\":\"WebSite\",\"@id\":\"https:\\\/\\\/www.anovapeneira.gal\\\/#website\",\"url\":\"https:\\\/\\\/www.anovapeneira.gal\\\/\",\"name\":\"\",\"description\":\"Xornal galego de informaci\u00f3n xeral Publicaci\u00f3n mensual de novas de Galicia e en especial dos Concellos da sur da provincia de Pontevedra.\",\"publisher\":{\"@id\":\"https:\\\/\\\/www.anovapeneira.gal\\\/#organization\"},\"potentialAction\":[{\"@type\":\"SearchAction\",\"target\":{\"@type\":\"EntryPoint\",\"urlTemplate\":\"https:\\\/\\\/www.anovapeneira.gal\\\/?s={search_term_string}\"},\"query-input\":{\"@type\":\"PropertyValueSpecification\",\"valueRequired\":true,\"valueName\":\"search_term_string\"}}],\"inLanguage\":\"gl-ES\"},{\"@type\":\"Organization\",\"@id\":\"https:\\\/\\\/www.anovapeneira.gal\\\/#organization\",\"name\":\"A Nova Peneira\",\"url\":\"https:\\\/\\\/www.anovapeneira.gal\\\/\",\"logo\":{\"@type\":\"ImageObject\",\"inLanguage\":\"gl-ES\",\"@id\":\"https:\\\/\\\/www.anovapeneira.gal\\\/#\\\/schema\\\/logo\\\/image\\\/\",\"url\":\"http:\\\/\\\/www.anovapeneira.gal\\\/wp-content\\\/uploads\\\/2019\\\/06\\\/logo_a_nova_peneira_portal_web.png\",\"contentUrl\":\"http:\\\/\\\/www.anovapeneira.gal\\\/wp-content\\\/uploads\\\/2019\\\/06\\\/logo_a_nova_peneira_portal_web.png\",\"width\":300,\"height\":100,\"caption\":\"A Nova Peneira\"},\"image\":{\"@id\":\"https:\\\/\\\/www.anovapeneira.gal\\\/#\\\/schema\\\/logo\\\/image\\\/\"},\"sameAs\":[\"https:\\\/\\\/www.facebook.com\\\/anovapeneira\",\"https:\\\/\\\/x.com\\\/APeneira\"]},{\"@type\":\"Person\",\"@id\":\"https:\\\/\\\/www.anovapeneira.gal\\\/#\\\/schema\\\/person\\\/b93e3f8932e3f8da96334607eb6ac6aa\",\"name\":\"Redacci\u00f3n A Nova Peneira\",\"image\":{\"@type\":\"ImageObject\",\"inLanguage\":\"gl-ES\",\"@id\":\"https:\\\/\\\/secure.gravatar.com\\\/avatar\\\/c052a2551a06e23fac63626232eaa90abd78dbcf1700fc46a2b2c89fd27b735f?s=96&d=mm&r=g\",\"url\":\"https:\\\/\\\/secure.gravatar.com\\\/avatar\\\/c052a2551a06e23fac63626232eaa90abd78dbcf1700fc46a2b2c89fd27b735f?s=96&d=mm&r=g\",\"contentUrl\":\"https:\\\/\\\/secure.gravatar.com\\\/avatar\\\/c052a2551a06e23fac63626232eaa90abd78dbcf1700fc46a2b2c89fd27b735f?s=96&d=mm&r=g\",\"caption\":\"Redacci\u00f3n A Nova Peneira\"},\"sameAs\":[\"http:\\\/\\\/www.anovapeneira.gal\\\/\"],\"url\":\"https:\\\/\\\/www.anovapeneira.gal\\\/index.php\\\/author\\\/redactor\\\/\"}]}<\/script>\n<!-- \/ Yoast SEO plugin. -->","yoast_head_json":{"title":"Izaskun Bilbao eurodeputada do PNV -","robots":{"index":"index","follow":"follow","max-snippet":"max-snippet:-1","max-image-preview":"max-image-preview:large","max-video-preview":"max-video-preview:-1"},"canonical":"https:\/\/www.anovapeneira.gal\/index.php\/2019\/10\/10\/izaskun-bilbao-eurodeputada-do-pnv\/","og_locale":"gl_ES","og_type":"article","og_title":"Izaskun Bilbao eurodeputada do PNV -","og_description":"Izaskun Bilbao \u00e9 eurodeputada do PNV \u00e9 boa amiga de A Nova Peneira. Novamente tivemos a oportunidade de manter unha longa conversa con ela e como sempre foi un pracer falarmos cunha muller dunha lucidez extraordinaria [...]","og_url":"https:\/\/www.anovapeneira.gal\/index.php\/2019\/10\/10\/izaskun-bilbao-eurodeputada-do-pnv\/","article_publisher":"https:\/\/www.facebook.com\/anovapeneira","article_published_time":"2019-10-10T10:00:27+00:00","og_image":[{"width":720,"height":473,"url":"https:\/\/www.anovapeneira.gal\/wp-content\/uploads\/2019\/10\/IZASKUN_BILBAO_a_nova_peneira.jpg","type":"image\/jpeg"}],"author":"Redacci\u00f3n A Nova Peneira","twitter_card":"summary_large_image","twitter_creator":"@APeneira","twitter_site":"@APeneira","twitter_misc":{"Escrito por":"Redacci\u00f3n A Nova Peneira","Tempo de lectura":"13 minutos"},"schema":{"@context":"https:\/\/schema.org","@graph":[{"@type":"Article","@id":"https:\/\/www.anovapeneira.gal\/index.php\/2019\/10\/10\/izaskun-bilbao-eurodeputada-do-pnv\/#article","isPartOf":{"@id":"https:\/\/www.anovapeneira.gal\/index.php\/2019\/10\/10\/izaskun-bilbao-eurodeputada-do-pnv\/"},"author":{"name":"Redacci\u00f3n A Nova Peneira","@id":"https:\/\/www.anovapeneira.gal\/#\/schema\/person\/b93e3f8932e3f8da96334607eb6ac6aa"},"headline":"Izaskun Bilbao eurodeputada do PNV","datePublished":"2019-10-10T10:00:27+00:00","mainEntityOfPage":{"@id":"https:\/\/www.anovapeneira.gal\/index.php\/2019\/10\/10\/izaskun-bilbao-eurodeputada-do-pnv\/"},"wordCount":2538,"commentCount":0,"publisher":{"@id":"https:\/\/www.anovapeneira.gal\/#organization"},"image":{"@id":"https:\/\/www.anovapeneira.gal\/index.php\/2019\/10\/10\/izaskun-bilbao-eurodeputada-do-pnv\/#primaryimage"},"thumbnailUrl":"https:\/\/www.anovapeneira.gal\/wp-content\/uploads\/2019\/10\/IZASKUN_BILBAO_a_nova_peneira.jpg","keywords":["Eurodiputada","Izaskun Bilbao","PNV","Pol\u00edtica"],"articleSection":["Entrevistas"],"inLanguage":"gl-ES","potentialAction":[{"@type":"CommentAction","name":"Comment","target":["https:\/\/www.anovapeneira.gal\/index.php\/2019\/10\/10\/izaskun-bilbao-eurodeputada-do-pnv\/#respond"]}]},{"@type":"WebPage","@id":"https:\/\/www.anovapeneira.gal\/index.php\/2019\/10\/10\/izaskun-bilbao-eurodeputada-do-pnv\/","url":"https:\/\/www.anovapeneira.gal\/index.php\/2019\/10\/10\/izaskun-bilbao-eurodeputada-do-pnv\/","name":"Izaskun Bilbao eurodeputada do PNV -","isPartOf":{"@id":"https:\/\/www.anovapeneira.gal\/#website"},"primaryImageOfPage":{"@id":"https:\/\/www.anovapeneira.gal\/index.php\/2019\/10\/10\/izaskun-bilbao-eurodeputada-do-pnv\/#primaryimage"},"image":{"@id":"https:\/\/www.anovapeneira.gal\/index.php\/2019\/10\/10\/izaskun-bilbao-eurodeputada-do-pnv\/#primaryimage"},"thumbnailUrl":"https:\/\/www.anovapeneira.gal\/wp-content\/uploads\/2019\/10\/IZASKUN_BILBAO_a_nova_peneira.jpg","datePublished":"2019-10-10T10:00:27+00:00","breadcrumb":{"@id":"https:\/\/www.anovapeneira.gal\/index.php\/2019\/10\/10\/izaskun-bilbao-eurodeputada-do-pnv\/#breadcrumb"},"inLanguage":"gl-ES","potentialAction":[{"@type":"ReadAction","target":["https:\/\/www.anovapeneira.gal\/index.php\/2019\/10\/10\/izaskun-bilbao-eurodeputada-do-pnv\/"]}]},{"@type":"ImageObject","inLanguage":"gl-ES","@id":"https:\/\/www.anovapeneira.gal\/index.php\/2019\/10\/10\/izaskun-bilbao-eurodeputada-do-pnv\/#primaryimage","url":"https:\/\/www.anovapeneira.gal\/wp-content\/uploads\/2019\/10\/IZASKUN_BILBAO_a_nova_peneira.jpg","contentUrl":"https:\/\/www.anovapeneira.gal\/wp-content\/uploads\/2019\/10\/IZASKUN_BILBAO_a_nova_peneira.jpg","width":720,"height":473,"caption":"Izaskun Bilbao A Nova Peneira"},{"@type":"BreadcrumbList","@id":"https:\/\/www.anovapeneira.gal\/index.php\/2019\/10\/10\/izaskun-bilbao-eurodeputada-do-pnv\/#breadcrumb","itemListElement":[{"@type":"ListItem","position":1,"name":"Portada","item":"https:\/\/www.anovapeneira.gal\/"},{"@type":"ListItem","position":2,"name":"Izaskun Bilbao eurodeputada do PNV"}]},{"@type":"WebSite","@id":"https:\/\/www.anovapeneira.gal\/#website","url":"https:\/\/www.anovapeneira.gal\/","name":"","description":"Xornal galego de informaci\u00f3n xeral Publicaci\u00f3n mensual de novas de Galicia e en especial dos Concellos da sur da provincia de Pontevedra.","publisher":{"@id":"https:\/\/www.anovapeneira.gal\/#organization"},"potentialAction":[{"@type":"SearchAction","target":{"@type":"EntryPoint","urlTemplate":"https:\/\/www.anovapeneira.gal\/?s={search_term_string}"},"query-input":{"@type":"PropertyValueSpecification","valueRequired":true,"valueName":"search_term_string"}}],"inLanguage":"gl-ES"},{"@type":"Organization","@id":"https:\/\/www.anovapeneira.gal\/#organization","name":"A Nova Peneira","url":"https:\/\/www.anovapeneira.gal\/","logo":{"@type":"ImageObject","inLanguage":"gl-ES","@id":"https:\/\/www.anovapeneira.gal\/#\/schema\/logo\/image\/","url":"http:\/\/www.anovapeneira.gal\/wp-content\/uploads\/2019\/06\/logo_a_nova_peneira_portal_web.png","contentUrl":"http:\/\/www.anovapeneira.gal\/wp-content\/uploads\/2019\/06\/logo_a_nova_peneira_portal_web.png","width":300,"height":100,"caption":"A Nova Peneira"},"image":{"@id":"https:\/\/www.anovapeneira.gal\/#\/schema\/logo\/image\/"},"sameAs":["https:\/\/www.facebook.com\/anovapeneira","https:\/\/x.com\/APeneira"]},{"@type":"Person","@id":"https:\/\/www.anovapeneira.gal\/#\/schema\/person\/b93e3f8932e3f8da96334607eb6ac6aa","name":"Redacci\u00f3n A Nova Peneira","image":{"@type":"ImageObject","inLanguage":"gl-ES","@id":"https:\/\/secure.gravatar.com\/avatar\/c052a2551a06e23fac63626232eaa90abd78dbcf1700fc46a2b2c89fd27b735f?s=96&d=mm&r=g","url":"https:\/\/secure.gravatar.com\/avatar\/c052a2551a06e23fac63626232eaa90abd78dbcf1700fc46a2b2c89fd27b735f?s=96&d=mm&r=g","contentUrl":"https:\/\/secure.gravatar.com\/avatar\/c052a2551a06e23fac63626232eaa90abd78dbcf1700fc46a2b2c89fd27b735f?s=96&d=mm&r=g","caption":"Redacci\u00f3n A Nova Peneira"},"sameAs":["http:\/\/www.anovapeneira.gal\/"],"url":"https:\/\/www.anovapeneira.gal\/index.php\/author\/redactor\/"}]}},"jetpack_featured_media_url":"https:\/\/www.anovapeneira.gal\/wp-content\/uploads\/2019\/10\/IZASKUN_BILBAO_a_nova_peneira.jpg","_links":{"self":[{"href":"https:\/\/www.anovapeneira.gal\/index.php\/wp-json\/wp\/v2\/posts\/1461","targetHints":{"allow":["GET"]}}],"collection":[{"href":"https:\/\/www.anovapeneira.gal\/index.php\/wp-json\/wp\/v2\/posts"}],"about":[{"href":"https:\/\/www.anovapeneira.gal\/index.php\/wp-json\/wp\/v2\/types\/post"}],"author":[{"embeddable":true,"href":"https:\/\/www.anovapeneira.gal\/index.php\/wp-json\/wp\/v2\/users\/3"}],"replies":[{"embeddable":true,"href":"https:\/\/www.anovapeneira.gal\/index.php\/wp-json\/wp\/v2\/comments?post=1461"}],"version-history":[{"count":1,"href":"https:\/\/www.anovapeneira.gal\/index.php\/wp-json\/wp\/v2\/posts\/1461\/revisions"}],"predecessor-version":[{"id":1463,"href":"https:\/\/www.anovapeneira.gal\/index.php\/wp-json\/wp\/v2\/posts\/1461\/revisions\/1463"}],"wp:featuredmedia":[{"embeddable":true,"href":"https:\/\/www.anovapeneira.gal\/index.php\/wp-json\/wp\/v2\/media\/1462"}],"wp:attachment":[{"href":"https:\/\/www.anovapeneira.gal\/index.php\/wp-json\/wp\/v2\/media?parent=1461"}],"wp:term":[{"taxonomy":"category","embeddable":true,"href":"https:\/\/www.anovapeneira.gal\/index.php\/wp-json\/wp\/v2\/categories?post=1461"},{"taxonomy":"post_tag","embeddable":true,"href":"https:\/\/www.anovapeneira.gal\/index.php\/wp-json\/wp\/v2\/tags?post=1461"}],"curies":[{"name":"wp","href":"https:\/\/api.w.org\/{rel}","templated":true}]}}