{"id":14610,"date":"2025-09-08T12:00:09","date_gmt":"2025-09-08T10:00:09","guid":{"rendered":"https:\/\/www.anovapeneira.gal\/?p=14610"},"modified":"2025-09-08T18:26:46","modified_gmt":"2025-09-08T16:26:46","slug":"diriximonos-a-colexios-profesionais-sociedades-cientificas-conselleria-de-sanidade-servizo-galego-de-saude-xerencias-de-areas-sanitarias-galegas-asi-como-a-toda-entidade-de-goberno-do-territorio","status":"publish","type":"post","link":"https:\/\/www.anovapeneira.gal\/index.php\/2025\/09\/08\/diriximonos-a-colexios-profesionais-sociedades-cientificas-conselleria-de-sanidade-servizo-galego-de-saude-xerencias-de-areas-sanitarias-galegas-asi-como-a-toda-entidade-de-goberno-do-territorio\/","title":{"rendered":"Constit\u00faese a plataforma Sanidade Galega con Palestina"},"content":{"rendered":"\n<p>Dirix\u00edmonos a colexios profesionais, sociedades cient\u00edficas, Conseller\u00eda de Sanidade, Servizo Galego de Sa\u00fade, Xerencias de \u00c1reas Sanitarias Galegas, as\u00ed como a toda entidade de goberno do territorio galego que te\u00f1a competencias en materias de Sa\u00fade.<\/p>\n\n\n\n<p>Dirix\u00edmonos a Vd. como traballadores e traballadoras da sanidade galega, ante a dram\u00e1tica situaci\u00f3n do pobo palestino, para reclamar todas as acci\u00f3ns pos\u00edbeis destinadas a frear o xenocidio que est\u00e1 a acontecer en Palestina ante os ollos de toda a Humanidade.<\/p>\n\n\n\n<p>No momento de escribirmos esta carta, os datos oficiais indican que m\u00e1is de 62000 persoas, civ\u00eds en esmagadora maior\u00eda, crianzas m\u00e1is dun 30%, morreron como consecuencia dos ataques do ex\u00e9rcito israel\u00ed, pola destruci\u00f3n do sistema sanitario ou pola fame provocada polo sitio de Gaza. Diversas estimaci\u00f3ns independentes apuntan que as mortes reais son superiores polo menos nun 40%.<\/p>\n\n\n\n<p>A esperanza de vida ao nacer caeu 35 anos en 2024 en Gaza, que \u00e9 unha cifra superior \u00e1 rexistrada no xenocidio de Ruanda en 1993. Desde outubro de 2023, a taxa de nenos e nenas con amputaci\u00f3ns por persoa supera as calquera rexistro b\u00e9lico previo.<\/p>\n\n\n\n<p>O sistema sanitario gazat\u00ed foi arrasado deliberadamente, pacientes indefensos torturados, executados ou abandonados \u00e1 morte en hospitais. O persoal sanitario foi albo directo das operaci\u00f3ns de secuestro, tortura e aniquilaci\u00f3n por parte do ex\u00e9rcito israel\u00ed, na violaci\u00f3n m\u00e1is evidente e indisimulada do Dereito Internacional Humanitario (Convenci\u00f3n de Xenebra) desde a existencia do mesmo. A Organizaci\u00f3n Mundial da Sa\u00fade denunciou reiteradamente o bloqueo de todo tipo de axuda humanitaria e aparici\u00f3n de epidemias, e o Programa Mundial de Alimentos de Naci\u00f3ns Unidas ven de reco\u00f1ecer a situaci\u00f3n de m\u00e1xima gravidade de inseguridade alimentaria na que m\u00e1is de \u201c500.000 persoas est\u00e1n morrendo de fame\u201d.<\/p>\n\n\n\n<p>A funci\u00f3n das profesionais sanitarias responde a unha concepci\u00f3n humanista baseada en valores como a solidariedade, a fraternidade, a compaix\u00f3n e a lealdade aos e \u00e1s pacientes. Valores demostrados de maneira admir\u00e1bel e heroica polos profesionais da sa\u00fade de Palestina na m\u00e1is extrema das situaci\u00f3ns, e cuxo exemplo nos conmove.<\/p>\n\n\n\n<p>As organizaci\u00f3ns sanitarias, as sociedades cient\u00edficas e as profesi\u00f3ns ligadas \u00e1 atenci\u00f3n sanitaria \u00e1 enfermidade, e \u00e1 protecci\u00f3n e promoci\u00f3n da sa\u00fade, te\u00f1en unha responsabilidade moral que transcende ao coidado exclusivo da sa\u00fade dos nosos e as nosas pacientes, e deben estar presentes no debate social nunha situaci\u00f3n cr\u00edtica de dimensi\u00f3ns hist\u00f3ricas.<\/p>\n\n\n\n<p>\u00c9 por iso que un grupo de profesionais dos centros sanitarios galegos reclamamos que todas as instituci\u00f3ns das sociedade se impliquen na presi\u00f3n internacional ao goberno de Israel para que cesen as masacres, entre en Gaza a axuda humanitaria, e se faga efectivo o dereito do pobo palestino \u00e1 autodeterminaci\u00f3n, o dereito ao retorno das persoas refuxiadas, as\u00ed como \u00e1 descolonizaci\u00f3n da terra palestina.<\/p>\n\n\n\n<p>En consecuencia, asumindo un papel activo de acordo co movemento internacional de solidariedade con Palestina, demandamos que as entidades interpeladas se posicionen publicamente en consonancia coas declaraci\u00f3ns da Organizaci\u00f3n Mundial da Sa\u00fade e da Organizaci\u00f3n de Naci\u00f3ns Unidas, da Asociaci\u00f3n M\u00e9dica Mundial, das Organizaci\u00f3ns Non Gobernamentais que traballan no \u00e1mbito da cooperaci\u00f3n sanitaria e de moitas outras organizaci\u00f3ns da sociedade civil, esixindo:<\/p>\n\n\n\n<p>1. O inmediato alto-ao-fogo da agresi\u00f3n armada do ex\u00e9rcito israel\u00ed<\/p>\n\n\n\n<p>2. A finalizaci\u00f3n do bloqueo da axuda humanitaria \u00e1 franxa de Gaza<\/p>\n\n\n\n<p>3. A protecci\u00f3n e apoio a todo o persoal sanitario e a todas as estruturas sanitarias necesarias para garantir a asistencia \u00e1 sociedade gazat\u00ed<\/p>\n\n\n\n<p>4. Que se investigue e se persiga aos respons\u00e1beis das violaci\u00f3ns do dereito internacional e dos abusos contra os dereitos humanos, que impidan que o xenocidio palestino pase a ser un exemplo permis\u00edbel pola comunidade internacional<\/p>\n\n\n\n<p>5. Que se investigue e se condene ao persoal sanitario israel\u00ed que te\u00f1a cometido delitos contra os dereitos humanos e que te\u00f1a violado os principios internacionais sobre asistencia en conflitos b\u00e9licos<\/p>\n\n\n\n<p>6. Que se garanta unha soluci\u00f3n pol\u00edtica conforme \u00e1s numerosas resoluci\u00f3ns de Naci\u00f3ns Unidas sobre os dereitos do pobo palestino<\/p>\n\n\n\n<p>7. Revisar o cat\u00e1logo de compras de f\u00e1rmacos, exclu\u00edndo os producidos e comercializados pola multinacional farmac\u00e9utica TEVA ou as s\u00faas filiais (RATIOPHARM, BELMAC, TEVAGEN, DAVUR)<\/p>\n\n\n\n<p>8. Evitar a compra de material inform\u00e1tico de compa\u00f1\u00edas relacionadas coas pol\u00edticas de apartheid sionistas, ou a venda de material b\u00e9lico ao ex\u00e9rcito israel\u00ed, como HEWLETT PACKARD, INTELL, DELL e MICROSOFT<\/p>\n\n\n\n<p>9. Evitar a compra de tecnolox\u00eda sanitaria de compa\u00f1\u00edas relacionadas coas ocupaci\u00f3ns ilegais de territorio palestino, como SIEMENS<\/p>\n","protected":false},"excerpt":{"rendered":"<div class=\"mh-excerpt\"><p>Dirix\u00edmonos a Vd. como traballadores e traballadoras da sanidade galega, ante a dram\u00e1tica situaci\u00f3n do pobo palestino, para reclamar todas as acci\u00f3ns pos\u00edbeis destinadas a frear o xenocidio que est\u00e1 a acontecer en Palestina ante os ollos de toda a Humanidade. <a class=\"mh-excerpt-more\" href=\"https:\/\/www.anovapeneira.gal\/index.php\/2025\/09\/08\/diriximonos-a-colexios-profesionais-sociedades-cientificas-conselleria-de-sanidade-servizo-galego-de-saude-xerencias-de-areas-sanitarias-galegas-asi-como-a-toda-entidade-de-goberno-do-territorio\/\" title=\"Constit\u00faese a plataforma Sanidade Galega con Palestina\">[&#8230;]<\/a><\/p>\n<\/div>","protected":false},"author":1,"featured_media":14612,"comment_status":"open","ping_status":"open","sticky":false,"template":"","format":"standard","meta":{"_exactmetrics_skip_tracking":false,"_exactmetrics_sitenote_active":false,"_exactmetrics_sitenote_note":"","_exactmetrics_sitenote_category":0,"footnotes":""},"categories":[263],"tags":[306],"class_list":{"0":"post-14610","1":"post","2":"type-post","3":"status-publish","4":"format-standard","5":"has-post-thumbnail","7":"category-novas","8":"tag-palestina"},"yoast_head":"<!-- This site is optimized with the Yoast SEO plugin v27.4 - https:\/\/yoast.com\/product\/yoast-seo-wordpress\/ -->\n<title>Constit\u00faese a plataforma Sanidade Galega con Palestina -<\/title>\n<meta name=\"robots\" content=\"index, follow, max-snippet:-1, max-image-preview:large, max-video-preview:-1\" \/>\n<link rel=\"canonical\" href=\"https:\/\/www.anovapeneira.gal\/index.php\/2025\/09\/08\/diriximonos-a-colexios-profesionais-sociedades-cientificas-conselleria-de-sanidade-servizo-galego-de-saude-xerencias-de-areas-sanitarias-galegas-asi-como-a-toda-entidade-de-goberno-do-territorio\/\" \/>\n<meta property=\"og:locale\" content=\"gl_ES\" \/>\n<meta property=\"og:type\" content=\"article\" \/>\n<meta property=\"og:title\" content=\"Constit\u00faese a plataforma Sanidade Galega con Palestina -\" \/>\n<meta property=\"og:description\" content=\"Dirix\u00edmonos a Vd. como traballadores e traballadoras da sanidade galega, ante a dram\u00e1tica situaci\u00f3n do pobo palestino, para reclamar todas as acci\u00f3ns pos\u00edbeis destinadas a frear o xenocidio que est\u00e1 a acontecer en Palestina ante os ollos de toda a Humanidade. [...]\" \/>\n<meta property=\"og:url\" content=\"https:\/\/www.anovapeneira.gal\/index.php\/2025\/09\/08\/diriximonos-a-colexios-profesionais-sociedades-cientificas-conselleria-de-sanidade-servizo-galego-de-saude-xerencias-de-areas-sanitarias-galegas-asi-como-a-toda-entidade-de-goberno-do-territorio\/\" \/>\n<meta property=\"article:publisher\" content=\"https:\/\/www.facebook.com\/anovapeneira\" \/>\n<meta property=\"article:author\" content=\"https:\/\/www.facebook.com\/anovapeneira\/\" \/>\n<meta property=\"article:published_time\" content=\"2025-09-08T10:00:09+00:00\" \/>\n<meta property=\"article:modified_time\" content=\"2025-09-08T16:26:46+00:00\" \/>\n<meta property=\"og:image\" content=\"https:\/\/www.anovapeneira.gal\/wp-content\/uploads\/2025\/09\/sanidade_galega.jpg\" \/>\n\t<meta property=\"og:image:width\" content=\"720\" \/>\n\t<meta property=\"og:image:height\" content=\"432\" \/>\n\t<meta property=\"og:image:type\" content=\"image\/jpeg\" \/>\n<meta name=\"author\" content=\"admin\" \/>\n<meta name=\"twitter:card\" content=\"summary_large_image\" \/>\n<meta name=\"twitter:creator\" content=\"@APeneira\" \/>\n<meta name=\"twitter:site\" content=\"@APeneira\" \/>\n<meta name=\"twitter:label1\" content=\"Escrito por\" \/>\n\t<meta name=\"twitter:data1\" content=\"admin\" \/>\n\t<meta name=\"twitter:label2\" content=\"Tempo de lectura\" \/>\n\t<meta name=\"twitter:data2\" content=\"5 minutos\" \/>\n<script type=\"application\/ld+json\" class=\"yoast-schema-graph\">{\"@context\":\"https:\\\/\\\/schema.org\",\"@graph\":[{\"@type\":\"Article\",\"@id\":\"https:\\\/\\\/www.anovapeneira.gal\\\/index.php\\\/2025\\\/09\\\/08\\\/diriximonos-a-colexios-profesionais-sociedades-cientificas-conselleria-de-sanidade-servizo-galego-de-saude-xerencias-de-areas-sanitarias-galegas-asi-como-a-toda-entidade-de-goberno-do-territorio\\\/#article\",\"isPartOf\":{\"@id\":\"https:\\\/\\\/www.anovapeneira.gal\\\/index.php\\\/2025\\\/09\\\/08\\\/diriximonos-a-colexios-profesionais-sociedades-cientificas-conselleria-de-sanidade-servizo-galego-de-saude-xerencias-de-areas-sanitarias-galegas-asi-como-a-toda-entidade-de-goberno-do-territorio\\\/\"},\"author\":{\"name\":\"admin\",\"@id\":\"https:\\\/\\\/www.anovapeneira.gal\\\/#\\\/schema\\\/person\\\/fb77575328c93684dae4b0075f90c2cb\"},\"headline\":\"Constit\u00faese a plataforma Sanidade Galega con Palestina\",\"datePublished\":\"2025-09-08T10:00:09+00:00\",\"dateModified\":\"2025-09-08T16:26:46+00:00\",\"mainEntityOfPage\":{\"@id\":\"https:\\\/\\\/www.anovapeneira.gal\\\/index.php\\\/2025\\\/09\\\/08\\\/diriximonos-a-colexios-profesionais-sociedades-cientificas-conselleria-de-sanidade-servizo-galego-de-saude-xerencias-de-areas-sanitarias-galegas-asi-como-a-toda-entidade-de-goberno-do-territorio\\\/\"},\"wordCount\":793,\"commentCount\":0,\"publisher\":{\"@id\":\"https:\\\/\\\/www.anovapeneira.gal\\\/#organization\"},\"image\":{\"@id\":\"https:\\\/\\\/www.anovapeneira.gal\\\/index.php\\\/2025\\\/09\\\/08\\\/diriximonos-a-colexios-profesionais-sociedades-cientificas-conselleria-de-sanidade-servizo-galego-de-saude-xerencias-de-areas-sanitarias-galegas-asi-como-a-toda-entidade-de-goberno-do-territorio\\\/#primaryimage\"},\"thumbnailUrl\":\"https:\\\/\\\/www.anovapeneira.gal\\\/wp-content\\\/uploads\\\/2025\\\/09\\\/sanidade_galega.jpg\",\"keywords\":[\"Palestina\"],\"articleSection\":[\"Novas\"],\"inLanguage\":\"gl-ES\",\"potentialAction\":[{\"@type\":\"CommentAction\",\"name\":\"Comment\",\"target\":[\"https:\\\/\\\/www.anovapeneira.gal\\\/index.php\\\/2025\\\/09\\\/08\\\/diriximonos-a-colexios-profesionais-sociedades-cientificas-conselleria-de-sanidade-servizo-galego-de-saude-xerencias-de-areas-sanitarias-galegas-asi-como-a-toda-entidade-de-goberno-do-territorio\\\/#respond\"]}]},{\"@type\":\"WebPage\",\"@id\":\"https:\\\/\\\/www.anovapeneira.gal\\\/index.php\\\/2025\\\/09\\\/08\\\/diriximonos-a-colexios-profesionais-sociedades-cientificas-conselleria-de-sanidade-servizo-galego-de-saude-xerencias-de-areas-sanitarias-galegas-asi-como-a-toda-entidade-de-goberno-do-territorio\\\/\",\"url\":\"https:\\\/\\\/www.anovapeneira.gal\\\/index.php\\\/2025\\\/09\\\/08\\\/diriximonos-a-colexios-profesionais-sociedades-cientificas-conselleria-de-sanidade-servizo-galego-de-saude-xerencias-de-areas-sanitarias-galegas-asi-como-a-toda-entidade-de-goberno-do-territorio\\\/\",\"name\":\"Constit\u00faese a plataforma Sanidade Galega con Palestina -\",\"isPartOf\":{\"@id\":\"https:\\\/\\\/www.anovapeneira.gal\\\/#website\"},\"primaryImageOfPage\":{\"@id\":\"https:\\\/\\\/www.anovapeneira.gal\\\/index.php\\\/2025\\\/09\\\/08\\\/diriximonos-a-colexios-profesionais-sociedades-cientificas-conselleria-de-sanidade-servizo-galego-de-saude-xerencias-de-areas-sanitarias-galegas-asi-como-a-toda-entidade-de-goberno-do-territorio\\\/#primaryimage\"},\"image\":{\"@id\":\"https:\\\/\\\/www.anovapeneira.gal\\\/index.php\\\/2025\\\/09\\\/08\\\/diriximonos-a-colexios-profesionais-sociedades-cientificas-conselleria-de-sanidade-servizo-galego-de-saude-xerencias-de-areas-sanitarias-galegas-asi-como-a-toda-entidade-de-goberno-do-territorio\\\/#primaryimage\"},\"thumbnailUrl\":\"https:\\\/\\\/www.anovapeneira.gal\\\/wp-content\\\/uploads\\\/2025\\\/09\\\/sanidade_galega.jpg\",\"datePublished\":\"2025-09-08T10:00:09+00:00\",\"dateModified\":\"2025-09-08T16:26:46+00:00\",\"breadcrumb\":{\"@id\":\"https:\\\/\\\/www.anovapeneira.gal\\\/index.php\\\/2025\\\/09\\\/08\\\/diriximonos-a-colexios-profesionais-sociedades-cientificas-conselleria-de-sanidade-servizo-galego-de-saude-xerencias-de-areas-sanitarias-galegas-asi-como-a-toda-entidade-de-goberno-do-territorio\\\/#breadcrumb\"},\"inLanguage\":\"gl-ES\",\"potentialAction\":[{\"@type\":\"ReadAction\",\"target\":[\"https:\\\/\\\/www.anovapeneira.gal\\\/index.php\\\/2025\\\/09\\\/08\\\/diriximonos-a-colexios-profesionais-sociedades-cientificas-conselleria-de-sanidade-servizo-galego-de-saude-xerencias-de-areas-sanitarias-galegas-asi-como-a-toda-entidade-de-goberno-do-territorio\\\/\"]}]},{\"@type\":\"ImageObject\",\"inLanguage\":\"gl-ES\",\"@id\":\"https:\\\/\\\/www.anovapeneira.gal\\\/index.php\\\/2025\\\/09\\\/08\\\/diriximonos-a-colexios-profesionais-sociedades-cientificas-conselleria-de-sanidade-servizo-galego-de-saude-xerencias-de-areas-sanitarias-galegas-asi-como-a-toda-entidade-de-goberno-do-territorio\\\/#primaryimage\",\"url\":\"https:\\\/\\\/www.anovapeneira.gal\\\/wp-content\\\/uploads\\\/2025\\\/09\\\/sanidade_galega.jpg\",\"contentUrl\":\"https:\\\/\\\/www.anovapeneira.gal\\\/wp-content\\\/uploads\\\/2025\\\/09\\\/sanidade_galega.jpg\",\"width\":720,\"height\":432},{\"@type\":\"BreadcrumbList\",\"@id\":\"https:\\\/\\\/www.anovapeneira.gal\\\/index.php\\\/2025\\\/09\\\/08\\\/diriximonos-a-colexios-profesionais-sociedades-cientificas-conselleria-de-sanidade-servizo-galego-de-saude-xerencias-de-areas-sanitarias-galegas-asi-como-a-toda-entidade-de-goberno-do-territorio\\\/#breadcrumb\",\"itemListElement\":[{\"@type\":\"ListItem\",\"position\":1,\"name\":\"Portada\",\"item\":\"https:\\\/\\\/www.anovapeneira.gal\\\/\"},{\"@type\":\"ListItem\",\"position\":2,\"name\":\"Constit\u00faese a plataforma Sanidade Galega con Palestina\"}]},{\"@type\":\"WebSite\",\"@id\":\"https:\\\/\\\/www.anovapeneira.gal\\\/#website\",\"url\":\"https:\\\/\\\/www.anovapeneira.gal\\\/\",\"name\":\"\",\"description\":\"Xornal galego de informaci\u00f3n xeral Publicaci\u00f3n mensual de novas de Galicia e en especial dos Concellos da sur da provincia de Pontevedra.\",\"publisher\":{\"@id\":\"https:\\\/\\\/www.anovapeneira.gal\\\/#organization\"},\"potentialAction\":[{\"@type\":\"SearchAction\",\"target\":{\"@type\":\"EntryPoint\",\"urlTemplate\":\"https:\\\/\\\/www.anovapeneira.gal\\\/?s={search_term_string}\"},\"query-input\":{\"@type\":\"PropertyValueSpecification\",\"valueRequired\":true,\"valueName\":\"search_term_string\"}}],\"inLanguage\":\"gl-ES\"},{\"@type\":\"Organization\",\"@id\":\"https:\\\/\\\/www.anovapeneira.gal\\\/#organization\",\"name\":\"A Nova Peneira\",\"url\":\"https:\\\/\\\/www.anovapeneira.gal\\\/\",\"logo\":{\"@type\":\"ImageObject\",\"inLanguage\":\"gl-ES\",\"@id\":\"https:\\\/\\\/www.anovapeneira.gal\\\/#\\\/schema\\\/logo\\\/image\\\/\",\"url\":\"http:\\\/\\\/www.anovapeneira.gal\\\/wp-content\\\/uploads\\\/2019\\\/06\\\/logo_a_nova_peneira_portal_web.png\",\"contentUrl\":\"http:\\\/\\\/www.anovapeneira.gal\\\/wp-content\\\/uploads\\\/2019\\\/06\\\/logo_a_nova_peneira_portal_web.png\",\"width\":300,\"height\":100,\"caption\":\"A Nova Peneira\"},\"image\":{\"@id\":\"https:\\\/\\\/www.anovapeneira.gal\\\/#\\\/schema\\\/logo\\\/image\\\/\"},\"sameAs\":[\"https:\\\/\\\/www.facebook.com\\\/anovapeneira\",\"https:\\\/\\\/x.com\\\/APeneira\"]},{\"@type\":\"Person\",\"@id\":\"https:\\\/\\\/www.anovapeneira.gal\\\/#\\\/schema\\\/person\\\/fb77575328c93684dae4b0075f90c2cb\",\"name\":\"admin\",\"image\":{\"@type\":\"ImageObject\",\"inLanguage\":\"gl-ES\",\"@id\":\"https:\\\/\\\/secure.gravatar.com\\\/avatar\\\/df15c36ce375448325e0bc870e91bbee95947a002eb98dcfd6c2b053e18843e9?s=96&d=mm&r=g\",\"url\":\"https:\\\/\\\/secure.gravatar.com\\\/avatar\\\/df15c36ce375448325e0bc870e91bbee95947a002eb98dcfd6c2b053e18843e9?s=96&d=mm&r=g\",\"contentUrl\":\"https:\\\/\\\/secure.gravatar.com\\\/avatar\\\/df15c36ce375448325e0bc870e91bbee95947a002eb98dcfd6c2b053e18843e9?s=96&d=mm&r=g\",\"caption\":\"admin\"},\"description\":\"Xornal galego de informaci\u00f3n xeral Publicaci\u00f3n mensual de novas de Galicia e en especial dos Concellos da sur da provincia de Pontevedra.\",\"sameAs\":[\"http:\\\/\\\/www.anovapeneira.gal\\\/\",\"https:\\\/\\\/www.facebook.com\\\/anovapeneira\\\/\"],\"url\":\"https:\\\/\\\/www.anovapeneira.gal\\\/index.php\\\/author\\\/admin\\\/\"}]}<\/script>\n<!-- \/ Yoast SEO plugin. -->","yoast_head_json":{"title":"Constit\u00faese a plataforma Sanidade Galega con Palestina -","robots":{"index":"index","follow":"follow","max-snippet":"max-snippet:-1","max-image-preview":"max-image-preview:large","max-video-preview":"max-video-preview:-1"},"canonical":"https:\/\/www.anovapeneira.gal\/index.php\/2025\/09\/08\/diriximonos-a-colexios-profesionais-sociedades-cientificas-conselleria-de-sanidade-servizo-galego-de-saude-xerencias-de-areas-sanitarias-galegas-asi-como-a-toda-entidade-de-goberno-do-territorio\/","og_locale":"gl_ES","og_type":"article","og_title":"Constit\u00faese a plataforma Sanidade Galega con Palestina -","og_description":"Dirix\u00edmonos a Vd. como traballadores e traballadoras da sanidade galega, ante a dram\u00e1tica situaci\u00f3n do pobo palestino, para reclamar todas as acci\u00f3ns pos\u00edbeis destinadas a frear o xenocidio que est\u00e1 a acontecer en Palestina ante os ollos de toda a Humanidade. [...]","og_url":"https:\/\/www.anovapeneira.gal\/index.php\/2025\/09\/08\/diriximonos-a-colexios-profesionais-sociedades-cientificas-conselleria-de-sanidade-servizo-galego-de-saude-xerencias-de-areas-sanitarias-galegas-asi-como-a-toda-entidade-de-goberno-do-territorio\/","article_publisher":"https:\/\/www.facebook.com\/anovapeneira","article_author":"https:\/\/www.facebook.com\/anovapeneira\/","article_published_time":"2025-09-08T10:00:09+00:00","article_modified_time":"2025-09-08T16:26:46+00:00","og_image":[{"width":720,"height":432,"url":"https:\/\/www.anovapeneira.gal\/wp-content\/uploads\/2025\/09\/sanidade_galega.jpg","type":"image\/jpeg"}],"author":"admin","twitter_card":"summary_large_image","twitter_creator":"@APeneira","twitter_site":"@APeneira","twitter_misc":{"Escrito por":"admin","Tempo de lectura":"5 minutos"},"schema":{"@context":"https:\/\/schema.org","@graph":[{"@type":"Article","@id":"https:\/\/www.anovapeneira.gal\/index.php\/2025\/09\/08\/diriximonos-a-colexios-profesionais-sociedades-cientificas-conselleria-de-sanidade-servizo-galego-de-saude-xerencias-de-areas-sanitarias-galegas-asi-como-a-toda-entidade-de-goberno-do-territorio\/#article","isPartOf":{"@id":"https:\/\/www.anovapeneira.gal\/index.php\/2025\/09\/08\/diriximonos-a-colexios-profesionais-sociedades-cientificas-conselleria-de-sanidade-servizo-galego-de-saude-xerencias-de-areas-sanitarias-galegas-asi-como-a-toda-entidade-de-goberno-do-territorio\/"},"author":{"name":"admin","@id":"https:\/\/www.anovapeneira.gal\/#\/schema\/person\/fb77575328c93684dae4b0075f90c2cb"},"headline":"Constit\u00faese a plataforma Sanidade Galega con Palestina","datePublished":"2025-09-08T10:00:09+00:00","dateModified":"2025-09-08T16:26:46+00:00","mainEntityOfPage":{"@id":"https:\/\/www.anovapeneira.gal\/index.php\/2025\/09\/08\/diriximonos-a-colexios-profesionais-sociedades-cientificas-conselleria-de-sanidade-servizo-galego-de-saude-xerencias-de-areas-sanitarias-galegas-asi-como-a-toda-entidade-de-goberno-do-territorio\/"},"wordCount":793,"commentCount":0,"publisher":{"@id":"https:\/\/www.anovapeneira.gal\/#organization"},"image":{"@id":"https:\/\/www.anovapeneira.gal\/index.php\/2025\/09\/08\/diriximonos-a-colexios-profesionais-sociedades-cientificas-conselleria-de-sanidade-servizo-galego-de-saude-xerencias-de-areas-sanitarias-galegas-asi-como-a-toda-entidade-de-goberno-do-territorio\/#primaryimage"},"thumbnailUrl":"https:\/\/www.anovapeneira.gal\/wp-content\/uploads\/2025\/09\/sanidade_galega.jpg","keywords":["Palestina"],"articleSection":["Novas"],"inLanguage":"gl-ES","potentialAction":[{"@type":"CommentAction","name":"Comment","target":["https:\/\/www.anovapeneira.gal\/index.php\/2025\/09\/08\/diriximonos-a-colexios-profesionais-sociedades-cientificas-conselleria-de-sanidade-servizo-galego-de-saude-xerencias-de-areas-sanitarias-galegas-asi-como-a-toda-entidade-de-goberno-do-territorio\/#respond"]}]},{"@type":"WebPage","@id":"https:\/\/www.anovapeneira.gal\/index.php\/2025\/09\/08\/diriximonos-a-colexios-profesionais-sociedades-cientificas-conselleria-de-sanidade-servizo-galego-de-saude-xerencias-de-areas-sanitarias-galegas-asi-como-a-toda-entidade-de-goberno-do-territorio\/","url":"https:\/\/www.anovapeneira.gal\/index.php\/2025\/09\/08\/diriximonos-a-colexios-profesionais-sociedades-cientificas-conselleria-de-sanidade-servizo-galego-de-saude-xerencias-de-areas-sanitarias-galegas-asi-como-a-toda-entidade-de-goberno-do-territorio\/","name":"Constit\u00faese a plataforma Sanidade Galega con Palestina -","isPartOf":{"@id":"https:\/\/www.anovapeneira.gal\/#website"},"primaryImageOfPage":{"@id":"https:\/\/www.anovapeneira.gal\/index.php\/2025\/09\/08\/diriximonos-a-colexios-profesionais-sociedades-cientificas-conselleria-de-sanidade-servizo-galego-de-saude-xerencias-de-areas-sanitarias-galegas-asi-como-a-toda-entidade-de-goberno-do-territorio\/#primaryimage"},"image":{"@id":"https:\/\/www.anovapeneira.gal\/index.php\/2025\/09\/08\/diriximonos-a-colexios-profesionais-sociedades-cientificas-conselleria-de-sanidade-servizo-galego-de-saude-xerencias-de-areas-sanitarias-galegas-asi-como-a-toda-entidade-de-goberno-do-territorio\/#primaryimage"},"thumbnailUrl":"https:\/\/www.anovapeneira.gal\/wp-content\/uploads\/2025\/09\/sanidade_galega.jpg","datePublished":"2025-09-08T10:00:09+00:00","dateModified":"2025-09-08T16:26:46+00:00","breadcrumb":{"@id":"https:\/\/www.anovapeneira.gal\/index.php\/2025\/09\/08\/diriximonos-a-colexios-profesionais-sociedades-cientificas-conselleria-de-sanidade-servizo-galego-de-saude-xerencias-de-areas-sanitarias-galegas-asi-como-a-toda-entidade-de-goberno-do-territorio\/#breadcrumb"},"inLanguage":"gl-ES","potentialAction":[{"@type":"ReadAction","target":["https:\/\/www.anovapeneira.gal\/index.php\/2025\/09\/08\/diriximonos-a-colexios-profesionais-sociedades-cientificas-conselleria-de-sanidade-servizo-galego-de-saude-xerencias-de-areas-sanitarias-galegas-asi-como-a-toda-entidade-de-goberno-do-territorio\/"]}]},{"@type":"ImageObject","inLanguage":"gl-ES","@id":"https:\/\/www.anovapeneira.gal\/index.php\/2025\/09\/08\/diriximonos-a-colexios-profesionais-sociedades-cientificas-conselleria-de-sanidade-servizo-galego-de-saude-xerencias-de-areas-sanitarias-galegas-asi-como-a-toda-entidade-de-goberno-do-territorio\/#primaryimage","url":"https:\/\/www.anovapeneira.gal\/wp-content\/uploads\/2025\/09\/sanidade_galega.jpg","contentUrl":"https:\/\/www.anovapeneira.gal\/wp-content\/uploads\/2025\/09\/sanidade_galega.jpg","width":720,"height":432},{"@type":"BreadcrumbList","@id":"https:\/\/www.anovapeneira.gal\/index.php\/2025\/09\/08\/diriximonos-a-colexios-profesionais-sociedades-cientificas-conselleria-de-sanidade-servizo-galego-de-saude-xerencias-de-areas-sanitarias-galegas-asi-como-a-toda-entidade-de-goberno-do-territorio\/#breadcrumb","itemListElement":[{"@type":"ListItem","position":1,"name":"Portada","item":"https:\/\/www.anovapeneira.gal\/"},{"@type":"ListItem","position":2,"name":"Constit\u00faese a plataforma Sanidade Galega con Palestina"}]},{"@type":"WebSite","@id":"https:\/\/www.anovapeneira.gal\/#website","url":"https:\/\/www.anovapeneira.gal\/","name":"","description":"Xornal galego de informaci\u00f3n xeral Publicaci\u00f3n mensual de novas de Galicia e en especial dos Concellos da sur da provincia de Pontevedra.","publisher":{"@id":"https:\/\/www.anovapeneira.gal\/#organization"},"potentialAction":[{"@type":"SearchAction","target":{"@type":"EntryPoint","urlTemplate":"https:\/\/www.anovapeneira.gal\/?s={search_term_string}"},"query-input":{"@type":"PropertyValueSpecification","valueRequired":true,"valueName":"search_term_string"}}],"inLanguage":"gl-ES"},{"@type":"Organization","@id":"https:\/\/www.anovapeneira.gal\/#organization","name":"A Nova Peneira","url":"https:\/\/www.anovapeneira.gal\/","logo":{"@type":"ImageObject","inLanguage":"gl-ES","@id":"https:\/\/www.anovapeneira.gal\/#\/schema\/logo\/image\/","url":"http:\/\/www.anovapeneira.gal\/wp-content\/uploads\/2019\/06\/logo_a_nova_peneira_portal_web.png","contentUrl":"http:\/\/www.anovapeneira.gal\/wp-content\/uploads\/2019\/06\/logo_a_nova_peneira_portal_web.png","width":300,"height":100,"caption":"A Nova Peneira"},"image":{"@id":"https:\/\/www.anovapeneira.gal\/#\/schema\/logo\/image\/"},"sameAs":["https:\/\/www.facebook.com\/anovapeneira","https:\/\/x.com\/APeneira"]},{"@type":"Person","@id":"https:\/\/www.anovapeneira.gal\/#\/schema\/person\/fb77575328c93684dae4b0075f90c2cb","name":"admin","image":{"@type":"ImageObject","inLanguage":"gl-ES","@id":"https:\/\/secure.gravatar.com\/avatar\/df15c36ce375448325e0bc870e91bbee95947a002eb98dcfd6c2b053e18843e9?s=96&d=mm&r=g","url":"https:\/\/secure.gravatar.com\/avatar\/df15c36ce375448325e0bc870e91bbee95947a002eb98dcfd6c2b053e18843e9?s=96&d=mm&r=g","contentUrl":"https:\/\/secure.gravatar.com\/avatar\/df15c36ce375448325e0bc870e91bbee95947a002eb98dcfd6c2b053e18843e9?s=96&d=mm&r=g","caption":"admin"},"description":"Xornal galego de informaci\u00f3n xeral Publicaci\u00f3n mensual de novas de Galicia e en especial dos Concellos da sur da provincia de Pontevedra.","sameAs":["http:\/\/www.anovapeneira.gal\/","https:\/\/www.facebook.com\/anovapeneira\/"],"url":"https:\/\/www.anovapeneira.gal\/index.php\/author\/admin\/"}]}},"jetpack_featured_media_url":"https:\/\/www.anovapeneira.gal\/wp-content\/uploads\/2025\/09\/sanidade_galega.jpg","_links":{"self":[{"href":"https:\/\/www.anovapeneira.gal\/index.php\/wp-json\/wp\/v2\/posts\/14610","targetHints":{"allow":["GET"]}}],"collection":[{"href":"https:\/\/www.anovapeneira.gal\/index.php\/wp-json\/wp\/v2\/posts"}],"about":[{"href":"https:\/\/www.anovapeneira.gal\/index.php\/wp-json\/wp\/v2\/types\/post"}],"author":[{"embeddable":true,"href":"https:\/\/www.anovapeneira.gal\/index.php\/wp-json\/wp\/v2\/users\/1"}],"replies":[{"embeddable":true,"href":"https:\/\/www.anovapeneira.gal\/index.php\/wp-json\/wp\/v2\/comments?post=14610"}],"version-history":[{"count":3,"href":"https:\/\/www.anovapeneira.gal\/index.php\/wp-json\/wp\/v2\/posts\/14610\/revisions"}],"predecessor-version":[{"id":14635,"href":"https:\/\/www.anovapeneira.gal\/index.php\/wp-json\/wp\/v2\/posts\/14610\/revisions\/14635"}],"wp:featuredmedia":[{"embeddable":true,"href":"https:\/\/www.anovapeneira.gal\/index.php\/wp-json\/wp\/v2\/media\/14612"}],"wp:attachment":[{"href":"https:\/\/www.anovapeneira.gal\/index.php\/wp-json\/wp\/v2\/media?parent=14610"}],"wp:term":[{"taxonomy":"category","embeddable":true,"href":"https:\/\/www.anovapeneira.gal\/index.php\/wp-json\/wp\/v2\/categories?post=14610"},{"taxonomy":"post_tag","embeddable":true,"href":"https:\/\/www.anovapeneira.gal\/index.php\/wp-json\/wp\/v2\/tags?post=14610"}],"curies":[{"name":"wp","href":"https:\/\/api.w.org\/{rel}","templated":true}]}}