{"id":14621,"date":"2025-09-10T10:00:07","date_gmt":"2025-09-10T08:00:07","guid":{"rendered":"https:\/\/www.anovapeneira.gal\/?p=14621"},"modified":"2025-09-08T10:28:06","modified_gmt":"2025-09-08T08:28:06","slug":"privatizar-e-precarizar-outra-forma-de-roubar","status":"publish","type":"post","link":"https:\/\/www.anovapeneira.gal\/index.php\/2025\/09\/10\/privatizar-e-precarizar-outra-forma-de-roubar\/","title":{"rendered":"Privatizar e precarizar, outra forma de roubar"},"content":{"rendered":"\n<h2 class=\"wp-block-heading\">Unha familia. Clase traballadora. Nai e pai. Filla maior e fillo menor. Avoa e t\u00eda-avoa. Pode ser a t\u00faa, pode ser a mi\u00f1a, pode ser a do teu veci\u00f1o, pode ser calquera. Tanto ten.<\/h2>\n\n\n\n<p>O fillo menor cursa 1\u00ba de ESO nun IES p\u00fablico. Hai un ano quit\u00e1ronlles o servizo de comedor. Xa hai tempo que non conta tampouco co bono-libro nin hai servizo de pr\u00e9stamo de libros de texto. Este curso, na s\u00faa aula case cae o falso teito por mor das pingueiras dun d\u00eda de choiva. O patio tampouco est\u00e1 cuberto; a Xunta non o ten como prioridade. El quere ir a un colexio concertado coma o seu colega Kevin. Negocio privado, financiaci\u00f3n p\u00fablica. A\u00ed si que hai patio cuberto; pagouno a Xunta. Pero os seus pais non poden pagar o cole de Kevin.<\/p>\n\n\n\n<p>A nai ten un problema grande. Ten unha doenza xinecol\u00f3xica dende hai tempo. Pediu cita no Sergas e danlla para dentro dun ano e dous meses. Solicitou cita urxente e adiant\u00e1ronlla para dentro de dez meses. Non pode agardar tanto. Non lle queda outra que pedir cita nunha clinica privada. Na sanidade privada vai ter que pagar moito, pero moito, para que despois a deriven a instalaci\u00f3ns da sanidade p\u00fablica que te\u00f1en os medios t\u00e9cnicos cos que non conta a privada. Ademais, o xinec\u00f3logo da privada s\u00f3 atende polas tardes, porque polas ma\u00f1\u00e1s atende a s\u00faa praza na p\u00fablica.<\/p>\n\n\n\n<p>A filla maior vai na universidade. Quer\u00eda acceder a unha residencia universitaria p\u00fablica pero xa non quedan prazas. Vai ter que compartir piso con outras cinco rapazas. Cada unha vai pagar 500 euros nun piso con balor nas paredes e couza nas madeiras. Tampouco vai ter acceso \u00e1 bolsa e ter\u00e1 que pagar unha cantidade desorbitada pola matr\u00edcula. A s\u00faa compa\u00f1eira Marta rematou o ciclo e agora quere facer un mestrado, que dende que se considera m\u00e1ster, obriga a moitos estudantes a ter que compaxinar estudos e traballos precarios. Est\u00e1 en Glovo.<\/p>\n\n\n\n<p>A avoa traballou toda a vida limpando casas e chal\u00e9s, sen contratos, sen cotizar, sen seguro. Nunca tivo opci\u00f3n. Era o que hab\u00eda. Agora, xubilada, cobra unha pensi\u00f3n non contributiva que non lle d\u00e1 para vivir. Non chega a fin de mes case nunca. Escoitou na televisi\u00f3n, entre anuncios de seguridade privada anti-okupas, que hai unha empresa que lle pode dar unha paga vitalicia a cambio de quedar coa s\u00faa casa cando ela faleza. Ch\u00e1manlle hipoteca inversa. E \u00e9 legal. T\u00f3cate o carallo.<\/p>\n\n\n\n<p>O pai ten problemas graves coa s\u00faa dentadura que non cobre a seguridade social. Non sabe de onde aforrar para pagar a consulta do dentista. A\u00ed atr\u00e1s, nas elecci\u00f3ns municipais, unha candidatura levaba no seu programa implantar un servizo dental p\u00fablico. Dix\u00e9ronlle os seus colegas no bar que moi ben, pero que como ga\u00f1aran eses nas elecci\u00f3ns, iamos acabar coma en Cuba ou Venezuela, e madia leva que non votou por eles. Co ben que se vive aqu\u00ed, no sur de Europa.<\/p>\n\n\n\n<p>A t\u00eda-avoa emigrou hai anos a Su\u00edza e non tivo fillos. Hai anos retornou ao Pa\u00eds e mercou un piso cos seus aforros. Os aforros de toda a vida. Comeza a ter demencia e non poden atendela na casa. Non hai praza para ela nas residencias p\u00fablicas e van ter que metela nunha residencia privada. \u00c1 s\u00faa familia, que quedou ao seu cargo, non lle vai quedar outra que vender ese piso para pagar os 3.000 euros mensuais que exixe a residencia de anci\u00e1ns privada. Demencial.<\/p>\n\n\n\n<p>Noutra familias poden existir outras derivadas: algu\u00e9n alcoh\u00f3lico, un menor dependente, violencia machista, alg\u00fan caso de ludopat\u00eda, algu\u00e9n cunha enfermidade cr\u00f3nica ou con diversidade funcional, alg\u00fan adicto \u00e1s compras&#8230; Nada extraordinario, por outra parte, non?<\/p>\n\n\n\n<p>E as\u00ed todo. Ao capitalismo non lle abonda coa plusval\u00eda que nos furta cando traballamos, cando mal-vendemos a nosa forza de traballo a cambio dun salario. A cambio dun salario que despois imos gastar en cousas que non necesitamos pero que o capitalismo nos vai vender coma moi necesarias. Non. Necesita espremernos a\u00ednda m\u00e1is, quedar cos nosos aforros, co noso lecer, coa nosa sa\u00fade, coas nosas poucas posesi\u00f3ns ga\u00f1adas con moita suor. Necesita todo e facer negocio con todo.<\/p>\n\n\n\n<p>Privatizar e precarizar \u00e9, polo tanto, unha forma sutil de roubarmos, m\u00e1is e mellor. Ou acabamos coa besta ou a besta acabar\u00e1 con n\u00f3s.<\/p>\n","protected":false},"excerpt":{"rendered":"<div class=\"mh-excerpt\"><p>Unha familia. Clase traballadora. Nai e pai. Filla maior e fillo menor. Avoa e t\u00eda-avoa. Pode ser a t\u00faa, pode ser a mi\u00f1a, pode ser a do teu veci\u00f1o, pode ser calquera. Tanto ten <a class=\"mh-excerpt-more\" href=\"https:\/\/www.anovapeneira.gal\/index.php\/2025\/09\/10\/privatizar-e-precarizar-outra-forma-de-roubar\/\" title=\"Privatizar e precarizar, outra forma de roubar\">[&#8230;]<\/a><\/p>\n<\/div>","protected":false},"author":20,"featured_media":6779,"comment_status":"open","ping_status":"open","sticky":false,"template":"","format":"standard","meta":{"_exactmetrics_skip_tracking":false,"_exactmetrics_sitenote_active":false,"_exactmetrics_sitenote_note":"","_exactmetrics_sitenote_category":0,"footnotes":""},"categories":[7],"tags":[],"class_list":{"0":"post-14621","1":"post","2":"type-post","3":"status-publish","4":"format-standard","5":"has-post-thumbnail","7":"category-artigos-de-opinion"},"yoast_head":"<!-- This site is optimized with the Yoast SEO plugin v27.4 - https:\/\/yoast.com\/product\/yoast-seo-wordpress\/ -->\n<title>Privatizar e precarizar, outra forma de roubar -<\/title>\n<meta name=\"robots\" content=\"index, follow, max-snippet:-1, max-image-preview:large, max-video-preview:-1\" \/>\n<link rel=\"canonical\" href=\"https:\/\/www.anovapeneira.gal\/index.php\/2025\/09\/10\/privatizar-e-precarizar-outra-forma-de-roubar\/\" \/>\n<meta property=\"og:locale\" content=\"gl_ES\" \/>\n<meta property=\"og:type\" content=\"article\" \/>\n<meta property=\"og:title\" content=\"Privatizar e precarizar, outra forma de roubar -\" \/>\n<meta property=\"og:description\" content=\"Unha familia. Clase traballadora. Nai e pai. Filla maior e fillo menor. Avoa e t\u00eda-avoa. Pode ser a t\u00faa, pode ser a mi\u00f1a, pode ser a do teu veci\u00f1o, pode ser calquera. Tanto ten [...]\" \/>\n<meta property=\"og:url\" content=\"https:\/\/www.anovapeneira.gal\/index.php\/2025\/09\/10\/privatizar-e-precarizar-outra-forma-de-roubar\/\" \/>\n<meta property=\"article:publisher\" content=\"https:\/\/www.facebook.com\/anovapeneira\" \/>\n<meta property=\"article:published_time\" content=\"2025-09-10T08:00:07+00:00\" \/>\n<meta property=\"og:image\" content=\"https:\/\/www.anovapeneira.gal\/wp-content\/uploads\/2022\/01\/moncho_lareu.jpg\" \/>\n\t<meta property=\"og:image:width\" content=\"720\" \/>\n\t<meta property=\"og:image:height\" content=\"432\" \/>\n\t<meta property=\"og:image:type\" content=\"image\/jpeg\" \/>\n<meta name=\"author\" content=\"Moncho Lareu\" \/>\n<meta name=\"twitter:card\" content=\"summary_large_image\" \/>\n<meta name=\"twitter:creator\" content=\"@APeneira\" \/>\n<meta name=\"twitter:site\" content=\"@APeneira\" \/>\n<meta name=\"twitter:label1\" content=\"Escrito por\" \/>\n\t<meta name=\"twitter:data1\" content=\"Moncho Lareu\" \/>\n\t<meta name=\"twitter:label2\" content=\"Tempo de lectura\" \/>\n\t<meta name=\"twitter:data2\" content=\"5 minutos\" \/>\n<script type=\"application\/ld+json\" class=\"yoast-schema-graph\">{\"@context\":\"https:\\\/\\\/schema.org\",\"@graph\":[{\"@type\":\"Article\",\"@id\":\"https:\\\/\\\/www.anovapeneira.gal\\\/index.php\\\/2025\\\/09\\\/10\\\/privatizar-e-precarizar-outra-forma-de-roubar\\\/#article\",\"isPartOf\":{\"@id\":\"https:\\\/\\\/www.anovapeneira.gal\\\/index.php\\\/2025\\\/09\\\/10\\\/privatizar-e-precarizar-outra-forma-de-roubar\\\/\"},\"author\":{\"name\":\"Moncho Lareu\",\"@id\":\"https:\\\/\\\/www.anovapeneira.gal\\\/#\\\/schema\\\/person\\\/3df7d3e1f38ddcee2ddb9d0bee1a0628\"},\"headline\":\"Privatizar e precarizar, outra forma de roubar\",\"datePublished\":\"2025-09-10T08:00:07+00:00\",\"mainEntityOfPage\":{\"@id\":\"https:\\\/\\\/www.anovapeneira.gal\\\/index.php\\\/2025\\\/09\\\/10\\\/privatizar-e-precarizar-outra-forma-de-roubar\\\/\"},\"wordCount\":779,\"commentCount\":0,\"publisher\":{\"@id\":\"https:\\\/\\\/www.anovapeneira.gal\\\/#organization\"},\"image\":{\"@id\":\"https:\\\/\\\/www.anovapeneira.gal\\\/index.php\\\/2025\\\/09\\\/10\\\/privatizar-e-precarizar-outra-forma-de-roubar\\\/#primaryimage\"},\"thumbnailUrl\":\"https:\\\/\\\/www.anovapeneira.gal\\\/wp-content\\\/uploads\\\/2022\\\/01\\\/moncho_lareu.jpg\",\"articleSection\":[\"Artigos de opini\u00f3n\"],\"inLanguage\":\"gl-ES\",\"potentialAction\":[{\"@type\":\"CommentAction\",\"name\":\"Comment\",\"target\":[\"https:\\\/\\\/www.anovapeneira.gal\\\/index.php\\\/2025\\\/09\\\/10\\\/privatizar-e-precarizar-outra-forma-de-roubar\\\/#respond\"]}]},{\"@type\":\"WebPage\",\"@id\":\"https:\\\/\\\/www.anovapeneira.gal\\\/index.php\\\/2025\\\/09\\\/10\\\/privatizar-e-precarizar-outra-forma-de-roubar\\\/\",\"url\":\"https:\\\/\\\/www.anovapeneira.gal\\\/index.php\\\/2025\\\/09\\\/10\\\/privatizar-e-precarizar-outra-forma-de-roubar\\\/\",\"name\":\"Privatizar e precarizar, outra forma de roubar -\",\"isPartOf\":{\"@id\":\"https:\\\/\\\/www.anovapeneira.gal\\\/#website\"},\"primaryImageOfPage\":{\"@id\":\"https:\\\/\\\/www.anovapeneira.gal\\\/index.php\\\/2025\\\/09\\\/10\\\/privatizar-e-precarizar-outra-forma-de-roubar\\\/#primaryimage\"},\"image\":{\"@id\":\"https:\\\/\\\/www.anovapeneira.gal\\\/index.php\\\/2025\\\/09\\\/10\\\/privatizar-e-precarizar-outra-forma-de-roubar\\\/#primaryimage\"},\"thumbnailUrl\":\"https:\\\/\\\/www.anovapeneira.gal\\\/wp-content\\\/uploads\\\/2022\\\/01\\\/moncho_lareu.jpg\",\"datePublished\":\"2025-09-10T08:00:07+00:00\",\"breadcrumb\":{\"@id\":\"https:\\\/\\\/www.anovapeneira.gal\\\/index.php\\\/2025\\\/09\\\/10\\\/privatizar-e-precarizar-outra-forma-de-roubar\\\/#breadcrumb\"},\"inLanguage\":\"gl-ES\",\"potentialAction\":[{\"@type\":\"ReadAction\",\"target\":[\"https:\\\/\\\/www.anovapeneira.gal\\\/index.php\\\/2025\\\/09\\\/10\\\/privatizar-e-precarizar-outra-forma-de-roubar\\\/\"]}]},{\"@type\":\"ImageObject\",\"inLanguage\":\"gl-ES\",\"@id\":\"https:\\\/\\\/www.anovapeneira.gal\\\/index.php\\\/2025\\\/09\\\/10\\\/privatizar-e-precarizar-outra-forma-de-roubar\\\/#primaryimage\",\"url\":\"https:\\\/\\\/www.anovapeneira.gal\\\/wp-content\\\/uploads\\\/2022\\\/01\\\/moncho_lareu.jpg\",\"contentUrl\":\"https:\\\/\\\/www.anovapeneira.gal\\\/wp-content\\\/uploads\\\/2022\\\/01\\\/moncho_lareu.jpg\",\"width\":720,\"height\":432,\"caption\":\"Moncho Lareu, Profesor\"},{\"@type\":\"BreadcrumbList\",\"@id\":\"https:\\\/\\\/www.anovapeneira.gal\\\/index.php\\\/2025\\\/09\\\/10\\\/privatizar-e-precarizar-outra-forma-de-roubar\\\/#breadcrumb\",\"itemListElement\":[{\"@type\":\"ListItem\",\"position\":1,\"name\":\"Portada\",\"item\":\"https:\\\/\\\/www.anovapeneira.gal\\\/\"},{\"@type\":\"ListItem\",\"position\":2,\"name\":\"Privatizar e precarizar, outra forma de roubar\"}]},{\"@type\":\"WebSite\",\"@id\":\"https:\\\/\\\/www.anovapeneira.gal\\\/#website\",\"url\":\"https:\\\/\\\/www.anovapeneira.gal\\\/\",\"name\":\"\",\"description\":\"Xornal galego de informaci\u00f3n xeral Publicaci\u00f3n mensual de novas de Galicia e en especial dos Concellos da sur da provincia de Pontevedra.\",\"publisher\":{\"@id\":\"https:\\\/\\\/www.anovapeneira.gal\\\/#organization\"},\"potentialAction\":[{\"@type\":\"SearchAction\",\"target\":{\"@type\":\"EntryPoint\",\"urlTemplate\":\"https:\\\/\\\/www.anovapeneira.gal\\\/?s={search_term_string}\"},\"query-input\":{\"@type\":\"PropertyValueSpecification\",\"valueRequired\":true,\"valueName\":\"search_term_string\"}}],\"inLanguage\":\"gl-ES\"},{\"@type\":\"Organization\",\"@id\":\"https:\\\/\\\/www.anovapeneira.gal\\\/#organization\",\"name\":\"A Nova Peneira\",\"url\":\"https:\\\/\\\/www.anovapeneira.gal\\\/\",\"logo\":{\"@type\":\"ImageObject\",\"inLanguage\":\"gl-ES\",\"@id\":\"https:\\\/\\\/www.anovapeneira.gal\\\/#\\\/schema\\\/logo\\\/image\\\/\",\"url\":\"http:\\\/\\\/www.anovapeneira.gal\\\/wp-content\\\/uploads\\\/2019\\\/06\\\/logo_a_nova_peneira_portal_web.png\",\"contentUrl\":\"http:\\\/\\\/www.anovapeneira.gal\\\/wp-content\\\/uploads\\\/2019\\\/06\\\/logo_a_nova_peneira_portal_web.png\",\"width\":300,\"height\":100,\"caption\":\"A Nova Peneira\"},\"image\":{\"@id\":\"https:\\\/\\\/www.anovapeneira.gal\\\/#\\\/schema\\\/logo\\\/image\\\/\"},\"sameAs\":[\"https:\\\/\\\/www.facebook.com\\\/anovapeneira\",\"https:\\\/\\\/x.com\\\/APeneira\"]},{\"@type\":\"Person\",\"@id\":\"https:\\\/\\\/www.anovapeneira.gal\\\/#\\\/schema\\\/person\\\/3df7d3e1f38ddcee2ddb9d0bee1a0628\",\"name\":\"Moncho Lareu\",\"image\":{\"@type\":\"ImageObject\",\"inLanguage\":\"gl-ES\",\"@id\":\"https:\\\/\\\/secure.gravatar.com\\\/avatar\\\/47b1711433a3b83d9747992d63c05708f734f76ad2d588ae93638a06737a5471?s=96&d=mm&r=g\",\"url\":\"https:\\\/\\\/secure.gravatar.com\\\/avatar\\\/47b1711433a3b83d9747992d63c05708f734f76ad2d588ae93638a06737a5471?s=96&d=mm&r=g\",\"contentUrl\":\"https:\\\/\\\/secure.gravatar.com\\\/avatar\\\/47b1711433a3b83d9747992d63c05708f734f76ad2d588ae93638a06737a5471?s=96&d=mm&r=g\",\"caption\":\"Moncho Lareu\"},\"sameAs\":[\"http:\\\/\\\/www.anovapeneira.gal\\\/\"],\"url\":\"https:\\\/\\\/www.anovapeneira.gal\\\/index.php\\\/author\\\/moncho-lareu\\\/\"}]}<\/script>\n<!-- \/ Yoast SEO plugin. -->","yoast_head_json":{"title":"Privatizar e precarizar, outra forma de roubar -","robots":{"index":"index","follow":"follow","max-snippet":"max-snippet:-1","max-image-preview":"max-image-preview:large","max-video-preview":"max-video-preview:-1"},"canonical":"https:\/\/www.anovapeneira.gal\/index.php\/2025\/09\/10\/privatizar-e-precarizar-outra-forma-de-roubar\/","og_locale":"gl_ES","og_type":"article","og_title":"Privatizar e precarizar, outra forma de roubar -","og_description":"Unha familia. Clase traballadora. Nai e pai. Filla maior e fillo menor. Avoa e t\u00eda-avoa. Pode ser a t\u00faa, pode ser a mi\u00f1a, pode ser a do teu veci\u00f1o, pode ser calquera. Tanto ten [...]","og_url":"https:\/\/www.anovapeneira.gal\/index.php\/2025\/09\/10\/privatizar-e-precarizar-outra-forma-de-roubar\/","article_publisher":"https:\/\/www.facebook.com\/anovapeneira","article_published_time":"2025-09-10T08:00:07+00:00","og_image":[{"width":720,"height":432,"url":"https:\/\/www.anovapeneira.gal\/wp-content\/uploads\/2022\/01\/moncho_lareu.jpg","type":"image\/jpeg"}],"author":"Moncho Lareu","twitter_card":"summary_large_image","twitter_creator":"@APeneira","twitter_site":"@APeneira","twitter_misc":{"Escrito por":"Moncho Lareu","Tempo de lectura":"5 minutos"},"schema":{"@context":"https:\/\/schema.org","@graph":[{"@type":"Article","@id":"https:\/\/www.anovapeneira.gal\/index.php\/2025\/09\/10\/privatizar-e-precarizar-outra-forma-de-roubar\/#article","isPartOf":{"@id":"https:\/\/www.anovapeneira.gal\/index.php\/2025\/09\/10\/privatizar-e-precarizar-outra-forma-de-roubar\/"},"author":{"name":"Moncho Lareu","@id":"https:\/\/www.anovapeneira.gal\/#\/schema\/person\/3df7d3e1f38ddcee2ddb9d0bee1a0628"},"headline":"Privatizar e precarizar, outra forma de roubar","datePublished":"2025-09-10T08:00:07+00:00","mainEntityOfPage":{"@id":"https:\/\/www.anovapeneira.gal\/index.php\/2025\/09\/10\/privatizar-e-precarizar-outra-forma-de-roubar\/"},"wordCount":779,"commentCount":0,"publisher":{"@id":"https:\/\/www.anovapeneira.gal\/#organization"},"image":{"@id":"https:\/\/www.anovapeneira.gal\/index.php\/2025\/09\/10\/privatizar-e-precarizar-outra-forma-de-roubar\/#primaryimage"},"thumbnailUrl":"https:\/\/www.anovapeneira.gal\/wp-content\/uploads\/2022\/01\/moncho_lareu.jpg","articleSection":["Artigos de opini\u00f3n"],"inLanguage":"gl-ES","potentialAction":[{"@type":"CommentAction","name":"Comment","target":["https:\/\/www.anovapeneira.gal\/index.php\/2025\/09\/10\/privatizar-e-precarizar-outra-forma-de-roubar\/#respond"]}]},{"@type":"WebPage","@id":"https:\/\/www.anovapeneira.gal\/index.php\/2025\/09\/10\/privatizar-e-precarizar-outra-forma-de-roubar\/","url":"https:\/\/www.anovapeneira.gal\/index.php\/2025\/09\/10\/privatizar-e-precarizar-outra-forma-de-roubar\/","name":"Privatizar e precarizar, outra forma de roubar -","isPartOf":{"@id":"https:\/\/www.anovapeneira.gal\/#website"},"primaryImageOfPage":{"@id":"https:\/\/www.anovapeneira.gal\/index.php\/2025\/09\/10\/privatizar-e-precarizar-outra-forma-de-roubar\/#primaryimage"},"image":{"@id":"https:\/\/www.anovapeneira.gal\/index.php\/2025\/09\/10\/privatizar-e-precarizar-outra-forma-de-roubar\/#primaryimage"},"thumbnailUrl":"https:\/\/www.anovapeneira.gal\/wp-content\/uploads\/2022\/01\/moncho_lareu.jpg","datePublished":"2025-09-10T08:00:07+00:00","breadcrumb":{"@id":"https:\/\/www.anovapeneira.gal\/index.php\/2025\/09\/10\/privatizar-e-precarizar-outra-forma-de-roubar\/#breadcrumb"},"inLanguage":"gl-ES","potentialAction":[{"@type":"ReadAction","target":["https:\/\/www.anovapeneira.gal\/index.php\/2025\/09\/10\/privatizar-e-precarizar-outra-forma-de-roubar\/"]}]},{"@type":"ImageObject","inLanguage":"gl-ES","@id":"https:\/\/www.anovapeneira.gal\/index.php\/2025\/09\/10\/privatizar-e-precarizar-outra-forma-de-roubar\/#primaryimage","url":"https:\/\/www.anovapeneira.gal\/wp-content\/uploads\/2022\/01\/moncho_lareu.jpg","contentUrl":"https:\/\/www.anovapeneira.gal\/wp-content\/uploads\/2022\/01\/moncho_lareu.jpg","width":720,"height":432,"caption":"Moncho Lareu, Profesor"},{"@type":"BreadcrumbList","@id":"https:\/\/www.anovapeneira.gal\/index.php\/2025\/09\/10\/privatizar-e-precarizar-outra-forma-de-roubar\/#breadcrumb","itemListElement":[{"@type":"ListItem","position":1,"name":"Portada","item":"https:\/\/www.anovapeneira.gal\/"},{"@type":"ListItem","position":2,"name":"Privatizar e precarizar, outra forma de roubar"}]},{"@type":"WebSite","@id":"https:\/\/www.anovapeneira.gal\/#website","url":"https:\/\/www.anovapeneira.gal\/","name":"","description":"Xornal galego de informaci\u00f3n xeral Publicaci\u00f3n mensual de novas de Galicia e en especial dos Concellos da sur da provincia de Pontevedra.","publisher":{"@id":"https:\/\/www.anovapeneira.gal\/#organization"},"potentialAction":[{"@type":"SearchAction","target":{"@type":"EntryPoint","urlTemplate":"https:\/\/www.anovapeneira.gal\/?s={search_term_string}"},"query-input":{"@type":"PropertyValueSpecification","valueRequired":true,"valueName":"search_term_string"}}],"inLanguage":"gl-ES"},{"@type":"Organization","@id":"https:\/\/www.anovapeneira.gal\/#organization","name":"A Nova Peneira","url":"https:\/\/www.anovapeneira.gal\/","logo":{"@type":"ImageObject","inLanguage":"gl-ES","@id":"https:\/\/www.anovapeneira.gal\/#\/schema\/logo\/image\/","url":"http:\/\/www.anovapeneira.gal\/wp-content\/uploads\/2019\/06\/logo_a_nova_peneira_portal_web.png","contentUrl":"http:\/\/www.anovapeneira.gal\/wp-content\/uploads\/2019\/06\/logo_a_nova_peneira_portal_web.png","width":300,"height":100,"caption":"A Nova Peneira"},"image":{"@id":"https:\/\/www.anovapeneira.gal\/#\/schema\/logo\/image\/"},"sameAs":["https:\/\/www.facebook.com\/anovapeneira","https:\/\/x.com\/APeneira"]},{"@type":"Person","@id":"https:\/\/www.anovapeneira.gal\/#\/schema\/person\/3df7d3e1f38ddcee2ddb9d0bee1a0628","name":"Moncho Lareu","image":{"@type":"ImageObject","inLanguage":"gl-ES","@id":"https:\/\/secure.gravatar.com\/avatar\/47b1711433a3b83d9747992d63c05708f734f76ad2d588ae93638a06737a5471?s=96&d=mm&r=g","url":"https:\/\/secure.gravatar.com\/avatar\/47b1711433a3b83d9747992d63c05708f734f76ad2d588ae93638a06737a5471?s=96&d=mm&r=g","contentUrl":"https:\/\/secure.gravatar.com\/avatar\/47b1711433a3b83d9747992d63c05708f734f76ad2d588ae93638a06737a5471?s=96&d=mm&r=g","caption":"Moncho Lareu"},"sameAs":["http:\/\/www.anovapeneira.gal\/"],"url":"https:\/\/www.anovapeneira.gal\/index.php\/author\/moncho-lareu\/"}]}},"jetpack_featured_media_url":"https:\/\/www.anovapeneira.gal\/wp-content\/uploads\/2022\/01\/moncho_lareu.jpg","_links":{"self":[{"href":"https:\/\/www.anovapeneira.gal\/index.php\/wp-json\/wp\/v2\/posts\/14621","targetHints":{"allow":["GET"]}}],"collection":[{"href":"https:\/\/www.anovapeneira.gal\/index.php\/wp-json\/wp\/v2\/posts"}],"about":[{"href":"https:\/\/www.anovapeneira.gal\/index.php\/wp-json\/wp\/v2\/types\/post"}],"author":[{"embeddable":true,"href":"https:\/\/www.anovapeneira.gal\/index.php\/wp-json\/wp\/v2\/users\/20"}],"replies":[{"embeddable":true,"href":"https:\/\/www.anovapeneira.gal\/index.php\/wp-json\/wp\/v2\/comments?post=14621"}],"version-history":[{"count":1,"href":"https:\/\/www.anovapeneira.gal\/index.php\/wp-json\/wp\/v2\/posts\/14621\/revisions"}],"predecessor-version":[{"id":14622,"href":"https:\/\/www.anovapeneira.gal\/index.php\/wp-json\/wp\/v2\/posts\/14621\/revisions\/14622"}],"wp:featuredmedia":[{"embeddable":true,"href":"https:\/\/www.anovapeneira.gal\/index.php\/wp-json\/wp\/v2\/media\/6779"}],"wp:attachment":[{"href":"https:\/\/www.anovapeneira.gal\/index.php\/wp-json\/wp\/v2\/media?parent=14621"}],"wp:term":[{"taxonomy":"category","embeddable":true,"href":"https:\/\/www.anovapeneira.gal\/index.php\/wp-json\/wp\/v2\/categories?post=14621"},{"taxonomy":"post_tag","embeddable":true,"href":"https:\/\/www.anovapeneira.gal\/index.php\/wp-json\/wp\/v2\/tags?post=14621"}],"curies":[{"name":"wp","href":"https:\/\/api.w.org\/{rel}","templated":true}]}}