{"id":14623,"date":"2025-09-10T12:00:39","date_gmt":"2025-09-10T10:00:39","guid":{"rendered":"https:\/\/www.anovapeneira.gal\/?p=14623"},"modified":"2025-09-08T10:28:26","modified_gmt":"2025-09-08T08:28:26","slug":"cristina-fernandez-voceira-do-bng-de-ponteareas","status":"publish","type":"post","link":"https:\/\/www.anovapeneira.gal\/index.php\/2025\/09\/10\/cristina-fernandez-voceira-do-bng-de-ponteareas\/","title":{"rendered":"Cristina Fern\u00e1ndez, voceira do BNG de Ponteareas"},"content":{"rendered":"\n<p><strong>Xa consumida a primeira metade do actual mandato, acheg\u00e1monos ata Ponteareas para conversar coa ex alcaldesa e voceira do BNG, Cristina Fern\u00e1ndez, para co\u00f1ecer a s\u00faa valoraci\u00f3n sobre como est\u00e1 a realidade pol\u00edtica na capital da comarca do Condado. Vela\u00ed vai o que deu de si a nosa conversa.<\/strong><\/p>\n\n\n\n<h2 class=\"wp-block-heading\">\u201c <strong>O goberno de Ponteareas est\u00e1 centrado na propaganda. Non te\u00f1en capacidade para achegar soluci\u00f3ns efectivas aos problemas da veci\u00f1anza\u201d<\/strong><\/h2>\n\n\n\n<p><strong>Que valoraci\u00f3n pol\u00edtica fai o BNG da primeira metade do mandato da alcaldesa Nava Castro?<\/strong><\/p>\n\n\n\n<blockquote class=\"wp-block-quote is-layout-flow wp-block-quote-is-layout-flow\">\n<p>A nosa valoraci\u00f3n non pode ser outra que negativa. \u00c9 un goberno centrado na propaganda que carece tanto de modelo de vila como de soluci\u00f3ns efectivas e realistas aos problemas de Ponteareas. Non hai ning\u00fan plan de goberno marcado, nin obxectivos aos que chegar, nin cami\u00f1os definidos para percorrer. \u00c9 un absoluto desprop\u00f3sito. Lim\u00edtanse a xestionar o d\u00eda a d\u00eda como poden. Por outra parte de maneira inexplicable anulan moito do que avanzou Ponteareas nos anos do goberno do BNG.<\/p>\n<\/blockquote>\n\n\n\n<p><strong>Por que dis que \u00e9 un goberno de propaganda?<\/strong><\/p>\n\n\n\n<blockquote class=\"wp-block-quote is-layout-flow wp-block-quote-is-layout-flow\">\n<p>Hai numerosos exemplos que as\u00ed o amosan, pero co que vou dicir agora penso que queda absolutamente claro: O goberno contratou unha empresa de comunicaci\u00f3n por 100.000\u20ac ao ano, e \u00e9 o propio sobri\u00f1o da alcaldesa o que fai as fotograf\u00edas.<\/p>\n<\/blockquote>\n\n\n\n<blockquote class=\"wp-block-quote is-layout-flow wp-block-quote-is-layout-flow\">\n<p>Un concello como o noso non pode dilapidar esa enorme cantidade de cartos en propaganda mentres sobe os impostos de maneira brutal.<\/p>\n<\/blockquote>\n\n\n\n<p><strong>Ponteareas est\u00e1 en regresi\u00f3n?<\/strong><\/p>\n\n\n\n<blockquote class=\"wp-block-quote is-layout-flow wp-block-quote-is-layout-flow\">\n<p>Si, claramente si. E non s\u00f3 iso, tam\u00e9n est\u00e1 vivindo das rendas do traballo realizado nos gobernos do BNG. Se non fose pola aprobaci\u00f3n do plan urban\u00edstico e a ampliaci\u00f3n da depuradora nada do que est\u00e1n facendo en Ponteareas poder\u00eda ser.<\/p>\n<\/blockquote>\n\n\n\n<p><strong>O goberno actual l\u00e1iase de maneira recorrente da situaci\u00f3n econ\u00f3mica herdada, din que foi moi mala. E afirma que grazas \u00e1 s\u00faa xesti\u00f3n as finanzas do concello est\u00e1n moito mellor. Que tes que dicir ao respecto?<\/strong><\/p>\n\n\n\n<blockquote class=\"wp-block-quote is-layout-flow wp-block-quote-is-layout-flow\">\n<p>\u00c9 absolutamente falso. \u00c9 unha mentira flagrante e unha manipulaci\u00f3n interesada evidente. O que din as contas do 2024 \u00e9 que o gasto do Concello \u00e9 superior aos seus ingresos. N\u00f3s recuperamos unha xesti\u00f3n econ\u00f3mica nefasta, derivada de 40 anos de goberno das dereitas. E grazas ao noso traballo o Concello pode ter patrimonio, algo que nunca se fixera antes na historia de Ponteareas. A xesti\u00f3n econ\u00f3mica do goberno actual \u00e9 mala, e a xesti\u00f3n pol\u00edtica \u00e9 a t\u00edpica do PP.<\/p>\n<\/blockquote>\n\n\n\n<p><strong>A que te refires?<\/strong><\/p>\n\n\n\n<blockquote class=\"wp-block-quote is-layout-flow wp-block-quote-is-layout-flow\">\n<p>Ref\u00edrome a que os cartos non se invisten no ben com\u00fan, sen\u00f3n no de persoas e colectivos que o PP identifica como pr\u00f3ximos.<\/p>\n<\/blockquote>\n\n\n\n<p><strong>Aquel \u201c Cala parapl\u00e9jico\u201d do inicio do mandato apuntaba ao inicio dun per\u00edodo tenso nas relaci\u00f3ns do goberno coa oposici\u00f3n. Confirmouse?<\/strong><\/p>\n\n\n\n<blockquote class=\"wp-block-quote is-layout-flow wp-block-quote-is-layout-flow\">\n<p>O partido popular fai pol\u00edtica no lameiro. S\u00edntese c\u00f3modo nese terreo. N\u00f3s desde logo que nese contexto de agresividade e crispaci\u00f3n non imos entrar. Formulamos as nosas propostas para confrontar o noso modelo de Ponteareas coa falta de modelo do PP, e tratar de recuperar a confianza da maior\u00eda social de Ponteareas.<\/p>\n<\/blockquote>\n\n\n\n<p><strong>A transparencia do goberno \u00e9 adecuada e suficiente?<\/strong><\/p>\n\n\n\n<blockquote class=\"wp-block-quote is-layout-flow wp-block-quote-is-layout-flow\">\n<p>Non, non o \u00e9. Non te\u00f1en en conta nin \u00e1 veci\u00f1anza nin \u00e1 oposici\u00f3n. Manipulan a informaci\u00f3n, e incluso a s\u00faa xesti\u00f3n do regulamento dos plenos \u00e9 moi deficiente. Nos plenos as palabras non se dan ou se quitan segundo corresponda, sen\u00f3n que o criterio \u00e9 depende de quen sexa o que queira falar.<\/p>\n<\/blockquote>\n\n\n\n<p><strong>O cambio que acaba de haber no voso grupo municipal, a que foi debido?<\/strong><\/p>\n\n\n\n<blockquote class=\"wp-block-quote is-layout-flow wp-block-quote-is-layout-flow\">\n<p>Sae Fran Aparicio, un magn\u00edfico concelleiro, que nos achegou moitas cousas, e que vai seguir achegando, malia que xa non en primeira li\u00f1a. As circunstancias da s\u00faa vida imp\u00eddenlle seguir exercendo como concelleiro.<\/p>\n<\/blockquote>\n\n\n\n<blockquote class=\"wp-block-quote is-layout-flow wp-block-quote-is-layout-flow\">\n<p>Entra Mari\u00e1n Hermida ,unha persoa que ten unha moi importante implicaci\u00f3n no tecido social,e que pos\u00fae unha formaci\u00f3n dunha solidez moi dif\u00edcil de igualar. Estou segura de que vai ser unha excelente concelleira. Vai estar vinculada a \u00e1rea de servizos sociais e non me cabe d\u00fabida de que o seu traballo vai estar na excelencia.<\/p>\n<\/blockquote>\n\n\n\n<p><strong>Nos \u00faltimos d\u00edas de agosto o noso pa\u00eds viviu unha terrible vaga de lumes. Como afectou a Ponteareas e como valoras o traballo do goberno no eido da prevenci\u00f3n de incendios?<\/strong><\/p>\n\n\n\n<blockquote class=\"wp-block-quote is-layout-flow wp-block-quote-is-layout-flow\">\n<p>En Ponteareas houbo varios focos de lume que se atallaron r\u00e1pido. Fomos n\u00f3s cando gobernabamos os que fixamos un regulamento no que se refire ao papel que debe de ter o Concello na prevenci\u00f3n dos lumes. Este goberno por desgraza tam\u00e9n xestionou mal este asunto, tan importante para os noso territorio e para a seguridade das persoas. Tam\u00e9n \u00e9 necesario salientar que esta \u00e9 unha competencia da Xunta, e como \u00e9 habitual no PP miran para outro lado e p\u00e1sanlle \u00e1 xesti\u00f3n aos concellos sen dotalos de recursos suficientes.<\/p>\n<\/blockquote>\n\n\n\n<p><strong>Como est\u00e1 a situaci\u00f3n do centro de sa\u00fade?<\/strong><\/p>\n\n\n\n<blockquote class=\"wp-block-quote is-layout-flow wp-block-quote-is-layout-flow\">\n<p>Durante todo o ver\u00e1n estivemos sen matrona. Estivemos s\u00f3 con dous especialistas en pediatr\u00eda. Incluso houbo momentos nos que non houbo nin un s\u00f3 pediatra e que as crianzas eran atendidas directamente nas urxencias do Cunqueiro. A situaci\u00f3n da sanidade en Ponteareas \u00e9 mala, igual que en todo o pa\u00eds<\/p>\n<\/blockquote>\n\n\n\n<p><strong>A sanidade \u00e9 unha competencia auton\u00f3mica<\/strong><\/p>\n\n\n\n<blockquote class=\"wp-block-quote is-layout-flow wp-block-quote-is-layout-flow\">\n<p>Si, si que o \u00e9. Pero cando un dereito humano b\u00e1sico como a sa\u00fade non se atende de maneira adecuada pola administraci\u00f3n competente, o Concello debe reclamar con contundencia que se atenda de inmediato.<\/p>\n<\/blockquote>\n\n\n\n<p><strong>E recl\u00e1mao?<\/strong><\/p>\n\n\n\n<blockquote class=\"wp-block-quote is-layout-flow wp-block-quote-is-layout-flow\">\n<p>Non, de ningunha maneira.<\/p>\n<\/blockquote>\n\n\n\n<p><strong>En relaci\u00f3n \u00e1 situaci\u00f3n do saneamento e a limpeza dos cami\u00f1os, que nos dis?<\/strong><\/p>\n\n\n\n<blockquote class=\"wp-block-quote is-layout-flow wp-block-quote-is-layout-flow\">\n<p>En primeiro lugar salientar que a promesa electoral do PP de que nos dous primeiros anos de mandato todas as parroquias de Ponteareas \u00edan ter saneamento foi unha promesa incumprida. O tempo amosou que foi unha mentira m\u00e1is. Por outra parte te\u00f1o que reco\u00f1ecer que o noso goberno non<\/p>\n<\/blockquote>\n\n\n\n<blockquote class=\"wp-block-quote is-layout-flow wp-block-quote-is-layout-flow\">\n<p>foi suficientemente efectivo \u00e1 hora de rozar as parroquias. Malia termos limpado m\u00e1is de 400 quil\u00f3metros de estradas e cami\u00f1os, \u00e9 certo que puidemos telo feito mellor. Estamos traballando con profesionais para aprender e mellorar no futuro. O partido popular non o est\u00e1 facendo mellor nin moito menos. A situaci\u00f3n \u00e9 manifestamente mellorable.<\/p>\n<\/blockquote>\n\n\n\n<p><strong>No que se refire ao plan da Lomba cal \u00e9 a opini\u00f3n do BNG?<\/strong><\/p>\n\n\n\n<blockquote class=\"wp-block-quote is-layout-flow wp-block-quote-is-layout-flow\">\n<p>Para n\u00f3s era unha cuesti\u00f3n prioritaria. Estaba inclu\u00eddo no plan urban\u00edstico que agora eles modifican. Suprimen a zona dotacional verde, porque din que hai suficiente. Ter\u00e1n que xustificalo adecuadamente. N\u00f3s entendemos que \u00e9 necesario compensar \u00e1 veci\u00f1anza con servizos e terreos. O goberno ter\u00e1 que explicar por que iso non se vai cumprir. Na Lomba hai unha zona industrial e outra residencial. Non s\u00f3 hai que escoitar a opini\u00f3n dos empresarios, tam\u00e9n c\u00f3mpre escoitar \u00e1 veci\u00f1anza.<\/p>\n<\/blockquote>\n\n\n\n<p><strong>En menos de dous anos teremos o vindeiro proceso electoral municipal. Como est\u00e1n os \u00e1nimos e a sa\u00fade do BNG de Ponteareas?<\/strong><\/p>\n\n\n\n<blockquote class=\"wp-block-quote is-layout-flow wp-block-quote-is-layout-flow\">\n<p>A sa\u00fade do BNG local est\u00e1 na li\u00f1a da sa\u00fade do BNG de todo o pa\u00eds: Excelente. Con toda a humildade quero dicir que Ponteareas nunca mellorou nin avanzou tanto como o fixo nos anos do goberno do BNG. Estamos indo claramente cara atr\u00e1s. N\u00f3s traballamos con moita ilusi\u00f3n para tratar de recuperar a confianza da maior\u00eda social que nos apoiou no 2019.<\/p>\n<\/blockquote>\n\n\n\n<p><strong>\u00c9 unha aspiraci\u00f3n realista pensar en recuperar o goberno no 27?<\/strong><\/p>\n\n\n\n<blockquote class=\"wp-block-quote is-layout-flow wp-block-quote-is-layout-flow\">\n<p>Absolutamente si. As pulsi\u00f3ns que percibimos nas r\u00faas l\u00e9vanme \u00e1 convicci\u00f3n de que vai ser as\u00ed.<\/p>\n<\/blockquote>\n\n\n\n<p><strong>Rematamos Cristina: Que tal a t\u00faa experiencia como deputada?<\/strong><\/p>\n\n\n\n<blockquote class=\"wp-block-quote is-layout-flow wp-block-quote-is-layout-flow\">\n<p>Para min \u00e9 unha honra representar \u00e1 veci\u00f1anza de toda a comarca. Unha comarca que ten moit\u00edsimos problemas estruturais e que precisa m\u00e1is e mellor atenci\u00f3n do goberno auton\u00f3mico.<\/p>\n<\/blockquote>\n\n\n\n<p><strong>Dir\u00edas Cristina que a xesti\u00f3n pol\u00edtica do goberno galego \u00e9 responsable da terrible vaga de lumes que padeceu Galicia?<\/strong><\/p>\n\n\n\n<blockquote class=\"wp-block-quote is-layout-flow wp-block-quote-is-layout-flow\">\n<p>Con toda contundencia si. A ordenaci\u00f3n do territorio e a prevenci\u00f3n son as chaves para conter os lumes. Ambos aspectos son competencia da Xunta, e que se faga ben ou mal depende das decisi\u00f3ns pol\u00edticas que se tomen. \u00c9 a Xunta e as s\u00faas nefastas pol\u00edticas a que ten toda a responsabilidade no que aconteceu, e que volver\u00e1 acontecer unha e outra vez a non ser que se lle dea unha viraxe de 180 graos \u00e1 s\u00faa pol\u00edtica forestal.<\/p>\n<\/blockquote>\n","protected":false},"excerpt":{"rendered":"<div class=\"mh-excerpt\"><p>Xa consumida a primeira metade do actual mandato, acheg\u00e1monos ata Ponteareas para conversar coa ex alcaldesa e voceira do BNG, Cristina Fern\u00e1ndez, para co\u00f1ecer a s\u00faa valoraci\u00f3n sobre como est\u00e1 a realidade pol\u00edtica na capital da comarca do Condado <a class=\"mh-excerpt-more\" href=\"https:\/\/www.anovapeneira.gal\/index.php\/2025\/09\/10\/cristina-fernandez-voceira-do-bng-de-ponteareas\/\" title=\"Cristina Fern\u00e1ndez, voceira do BNG de Ponteareas\">[&#8230;]<\/a><\/p>\n<\/div>","protected":false},"author":2,"featured_media":14624,"comment_status":"open","ping_status":"open","sticky":false,"template":"","format":"standard","meta":{"_exactmetrics_skip_tracking":false,"_exactmetrics_sitenote_active":false,"_exactmetrics_sitenote_note":"","_exactmetrics_sitenote_category":0,"footnotes":""},"categories":[267],"tags":[208],"class_list":{"0":"post-14623","1":"post","2":"type-post","3":"status-publish","4":"format-standard","5":"has-post-thumbnail","7":"category-condado-entrevistas","8":"tag-concello-de-ponteareas"},"yoast_head":"<!-- This site is optimized with the Yoast SEO plugin v27.4 - https:\/\/yoast.com\/product\/yoast-seo-wordpress\/ -->\n<title>Cristina Fern\u00e1ndez, voceira do BNG de Ponteareas -<\/title>\n<meta name=\"robots\" content=\"index, follow, max-snippet:-1, max-image-preview:large, max-video-preview:-1\" \/>\n<link rel=\"canonical\" href=\"https:\/\/www.anovapeneira.gal\/index.php\/2025\/09\/10\/cristina-fernandez-voceira-do-bng-de-ponteareas\/\" \/>\n<meta property=\"og:locale\" content=\"gl_ES\" \/>\n<meta property=\"og:type\" content=\"article\" \/>\n<meta property=\"og:title\" content=\"Cristina Fern\u00e1ndez, voceira do BNG de Ponteareas -\" \/>\n<meta property=\"og:description\" content=\"Xa consumida a primeira metade do actual mandato, acheg\u00e1monos ata Ponteareas para conversar coa ex alcaldesa e voceira do BNG, Cristina Fern\u00e1ndez, para co\u00f1ecer a s\u00faa valoraci\u00f3n sobre como est\u00e1 a realidade pol\u00edtica na capital da comarca do Condado [...]\" \/>\n<meta property=\"og:url\" content=\"https:\/\/www.anovapeneira.gal\/index.php\/2025\/09\/10\/cristina-fernandez-voceira-do-bng-de-ponteareas\/\" \/>\n<meta property=\"article:publisher\" content=\"https:\/\/www.facebook.com\/anovapeneira\" \/>\n<meta property=\"article:published_time\" content=\"2025-09-10T10:00:39+00:00\" \/>\n<meta property=\"og:image\" content=\"https:\/\/www.anovapeneira.gal\/wp-content\/uploads\/2025\/09\/cristina_Bng.jpg\" \/>\n\t<meta property=\"og:image:width\" content=\"720\" \/>\n\t<meta property=\"og:image:height\" content=\"432\" \/>\n\t<meta property=\"og:image:type\" content=\"image\/jpeg\" \/>\n<meta name=\"author\" content=\"Tino Lago\" \/>\n<meta name=\"twitter:card\" content=\"summary_large_image\" \/>\n<meta name=\"twitter:creator\" content=\"@APeneira\" \/>\n<meta name=\"twitter:site\" content=\"@APeneira\" \/>\n<meta name=\"twitter:label1\" content=\"Escrito por\" \/>\n\t<meta name=\"twitter:data1\" content=\"Tino Lago\" \/>\n\t<meta name=\"twitter:label2\" content=\"Tempo de lectura\" \/>\n\t<meta name=\"twitter:data2\" content=\"2 minutos\" \/>\n<script type=\"application\/ld+json\" class=\"yoast-schema-graph\">{\"@context\":\"https:\\\/\\\/schema.org\",\"@graph\":[{\"@type\":\"Article\",\"@id\":\"https:\\\/\\\/www.anovapeneira.gal\\\/index.php\\\/2025\\\/09\\\/10\\\/cristina-fernandez-voceira-do-bng-de-ponteareas\\\/#article\",\"isPartOf\":{\"@id\":\"https:\\\/\\\/www.anovapeneira.gal\\\/index.php\\\/2025\\\/09\\\/10\\\/cristina-fernandez-voceira-do-bng-de-ponteareas\\\/\"},\"author\":{\"name\":\"Tino Lago\",\"@id\":\"https:\\\/\\\/www.anovapeneira.gal\\\/#\\\/schema\\\/person\\\/424dfe65e3070fd8a44d22d2c088762a\"},\"headline\":\"Cristina Fern\u00e1ndez, voceira do BNG de Ponteareas\",\"datePublished\":\"2025-09-10T10:00:39+00:00\",\"mainEntityOfPage\":{\"@id\":\"https:\\\/\\\/www.anovapeneira.gal\\\/index.php\\\/2025\\\/09\\\/10\\\/cristina-fernandez-voceira-do-bng-de-ponteareas\\\/\"},\"wordCount\":1451,\"commentCount\":0,\"publisher\":{\"@id\":\"https:\\\/\\\/www.anovapeneira.gal\\\/#organization\"},\"image\":{\"@id\":\"https:\\\/\\\/www.anovapeneira.gal\\\/index.php\\\/2025\\\/09\\\/10\\\/cristina-fernandez-voceira-do-bng-de-ponteareas\\\/#primaryimage\"},\"thumbnailUrl\":\"https:\\\/\\\/www.anovapeneira.gal\\\/wp-content\\\/uploads\\\/2025\\\/09\\\/cristina_Bng.jpg\",\"keywords\":[\"Concello de Ponteareas\"],\"articleSection\":[\"Condado\"],\"inLanguage\":\"gl-ES\",\"potentialAction\":[{\"@type\":\"CommentAction\",\"name\":\"Comment\",\"target\":[\"https:\\\/\\\/www.anovapeneira.gal\\\/index.php\\\/2025\\\/09\\\/10\\\/cristina-fernandez-voceira-do-bng-de-ponteareas\\\/#respond\"]}]},{\"@type\":\"WebPage\",\"@id\":\"https:\\\/\\\/www.anovapeneira.gal\\\/index.php\\\/2025\\\/09\\\/10\\\/cristina-fernandez-voceira-do-bng-de-ponteareas\\\/\",\"url\":\"https:\\\/\\\/www.anovapeneira.gal\\\/index.php\\\/2025\\\/09\\\/10\\\/cristina-fernandez-voceira-do-bng-de-ponteareas\\\/\",\"name\":\"Cristina Fern\u00e1ndez, voceira do BNG de Ponteareas -\",\"isPartOf\":{\"@id\":\"https:\\\/\\\/www.anovapeneira.gal\\\/#website\"},\"primaryImageOfPage\":{\"@id\":\"https:\\\/\\\/www.anovapeneira.gal\\\/index.php\\\/2025\\\/09\\\/10\\\/cristina-fernandez-voceira-do-bng-de-ponteareas\\\/#primaryimage\"},\"image\":{\"@id\":\"https:\\\/\\\/www.anovapeneira.gal\\\/index.php\\\/2025\\\/09\\\/10\\\/cristina-fernandez-voceira-do-bng-de-ponteareas\\\/#primaryimage\"},\"thumbnailUrl\":\"https:\\\/\\\/www.anovapeneira.gal\\\/wp-content\\\/uploads\\\/2025\\\/09\\\/cristina_Bng.jpg\",\"datePublished\":\"2025-09-10T10:00:39+00:00\",\"breadcrumb\":{\"@id\":\"https:\\\/\\\/www.anovapeneira.gal\\\/index.php\\\/2025\\\/09\\\/10\\\/cristina-fernandez-voceira-do-bng-de-ponteareas\\\/#breadcrumb\"},\"inLanguage\":\"gl-ES\",\"potentialAction\":[{\"@type\":\"ReadAction\",\"target\":[\"https:\\\/\\\/www.anovapeneira.gal\\\/index.php\\\/2025\\\/09\\\/10\\\/cristina-fernandez-voceira-do-bng-de-ponteareas\\\/\"]}]},{\"@type\":\"ImageObject\",\"inLanguage\":\"gl-ES\",\"@id\":\"https:\\\/\\\/www.anovapeneira.gal\\\/index.php\\\/2025\\\/09\\\/10\\\/cristina-fernandez-voceira-do-bng-de-ponteareas\\\/#primaryimage\",\"url\":\"https:\\\/\\\/www.anovapeneira.gal\\\/wp-content\\\/uploads\\\/2025\\\/09\\\/cristina_Bng.jpg\",\"contentUrl\":\"https:\\\/\\\/www.anovapeneira.gal\\\/wp-content\\\/uploads\\\/2025\\\/09\\\/cristina_Bng.jpg\",\"width\":720,\"height\":432},{\"@type\":\"BreadcrumbList\",\"@id\":\"https:\\\/\\\/www.anovapeneira.gal\\\/index.php\\\/2025\\\/09\\\/10\\\/cristina-fernandez-voceira-do-bng-de-ponteareas\\\/#breadcrumb\",\"itemListElement\":[{\"@type\":\"ListItem\",\"position\":1,\"name\":\"Portada\",\"item\":\"https:\\\/\\\/www.anovapeneira.gal\\\/\"},{\"@type\":\"ListItem\",\"position\":2,\"name\":\"Cristina Fern\u00e1ndez, voceira do BNG de Ponteareas\"}]},{\"@type\":\"WebSite\",\"@id\":\"https:\\\/\\\/www.anovapeneira.gal\\\/#website\",\"url\":\"https:\\\/\\\/www.anovapeneira.gal\\\/\",\"name\":\"\",\"description\":\"Xornal galego de informaci\u00f3n xeral Publicaci\u00f3n mensual de novas de Galicia e en especial dos Concellos da sur da provincia de Pontevedra.\",\"publisher\":{\"@id\":\"https:\\\/\\\/www.anovapeneira.gal\\\/#organization\"},\"potentialAction\":[{\"@type\":\"SearchAction\",\"target\":{\"@type\":\"EntryPoint\",\"urlTemplate\":\"https:\\\/\\\/www.anovapeneira.gal\\\/?s={search_term_string}\"},\"query-input\":{\"@type\":\"PropertyValueSpecification\",\"valueRequired\":true,\"valueName\":\"search_term_string\"}}],\"inLanguage\":\"gl-ES\"},{\"@type\":\"Organization\",\"@id\":\"https:\\\/\\\/www.anovapeneira.gal\\\/#organization\",\"name\":\"A Nova Peneira\",\"url\":\"https:\\\/\\\/www.anovapeneira.gal\\\/\",\"logo\":{\"@type\":\"ImageObject\",\"inLanguage\":\"gl-ES\",\"@id\":\"https:\\\/\\\/www.anovapeneira.gal\\\/#\\\/schema\\\/logo\\\/image\\\/\",\"url\":\"http:\\\/\\\/www.anovapeneira.gal\\\/wp-content\\\/uploads\\\/2019\\\/06\\\/logo_a_nova_peneira_portal_web.png\",\"contentUrl\":\"http:\\\/\\\/www.anovapeneira.gal\\\/wp-content\\\/uploads\\\/2019\\\/06\\\/logo_a_nova_peneira_portal_web.png\",\"width\":300,\"height\":100,\"caption\":\"A Nova Peneira\"},\"image\":{\"@id\":\"https:\\\/\\\/www.anovapeneira.gal\\\/#\\\/schema\\\/logo\\\/image\\\/\"},\"sameAs\":[\"https:\\\/\\\/www.facebook.com\\\/anovapeneira\",\"https:\\\/\\\/x.com\\\/APeneira\"]},{\"@type\":\"Person\",\"@id\":\"https:\\\/\\\/www.anovapeneira.gal\\\/#\\\/schema\\\/person\\\/424dfe65e3070fd8a44d22d2c088762a\",\"name\":\"Tino Lago\",\"image\":{\"@type\":\"ImageObject\",\"inLanguage\":\"gl-ES\",\"@id\":\"https:\\\/\\\/secure.gravatar.com\\\/avatar\\\/b3df6a06e44bab3111583b90f0f33a0379ee5e3d22cbadd232d39f21c30c62be?s=96&d=mm&r=g\",\"url\":\"https:\\\/\\\/secure.gravatar.com\\\/avatar\\\/b3df6a06e44bab3111583b90f0f33a0379ee5e3d22cbadd232d39f21c30c62be?s=96&d=mm&r=g\",\"contentUrl\":\"https:\\\/\\\/secure.gravatar.com\\\/avatar\\\/b3df6a06e44bab3111583b90f0f33a0379ee5e3d22cbadd232d39f21c30c62be?s=96&d=mm&r=g\",\"caption\":\"Tino Lago\"},\"sameAs\":[\"http:\\\/\\\/www.anovapeneira.gal\"],\"url\":\"https:\\\/\\\/www.anovapeneira.gal\\\/index.php\\\/author\\\/director\\\/\"}]}<\/script>\n<!-- \/ Yoast SEO plugin. -->","yoast_head_json":{"title":"Cristina Fern\u00e1ndez, voceira do BNG de Ponteareas -","robots":{"index":"index","follow":"follow","max-snippet":"max-snippet:-1","max-image-preview":"max-image-preview:large","max-video-preview":"max-video-preview:-1"},"canonical":"https:\/\/www.anovapeneira.gal\/index.php\/2025\/09\/10\/cristina-fernandez-voceira-do-bng-de-ponteareas\/","og_locale":"gl_ES","og_type":"article","og_title":"Cristina Fern\u00e1ndez, voceira do BNG de Ponteareas -","og_description":"Xa consumida a primeira metade do actual mandato, acheg\u00e1monos ata Ponteareas para conversar coa ex alcaldesa e voceira do BNG, Cristina Fern\u00e1ndez, para co\u00f1ecer a s\u00faa valoraci\u00f3n sobre como est\u00e1 a realidade pol\u00edtica na capital da comarca do Condado [...]","og_url":"https:\/\/www.anovapeneira.gal\/index.php\/2025\/09\/10\/cristina-fernandez-voceira-do-bng-de-ponteareas\/","article_publisher":"https:\/\/www.facebook.com\/anovapeneira","article_published_time":"2025-09-10T10:00:39+00:00","og_image":[{"width":720,"height":432,"url":"https:\/\/www.anovapeneira.gal\/wp-content\/uploads\/2025\/09\/cristina_Bng.jpg","type":"image\/jpeg"}],"author":"Tino Lago","twitter_card":"summary_large_image","twitter_creator":"@APeneira","twitter_site":"@APeneira","twitter_misc":{"Escrito por":"Tino Lago","Tempo de lectura":"2 minutos"},"schema":{"@context":"https:\/\/schema.org","@graph":[{"@type":"Article","@id":"https:\/\/www.anovapeneira.gal\/index.php\/2025\/09\/10\/cristina-fernandez-voceira-do-bng-de-ponteareas\/#article","isPartOf":{"@id":"https:\/\/www.anovapeneira.gal\/index.php\/2025\/09\/10\/cristina-fernandez-voceira-do-bng-de-ponteareas\/"},"author":{"name":"Tino Lago","@id":"https:\/\/www.anovapeneira.gal\/#\/schema\/person\/424dfe65e3070fd8a44d22d2c088762a"},"headline":"Cristina Fern\u00e1ndez, voceira do BNG de Ponteareas","datePublished":"2025-09-10T10:00:39+00:00","mainEntityOfPage":{"@id":"https:\/\/www.anovapeneira.gal\/index.php\/2025\/09\/10\/cristina-fernandez-voceira-do-bng-de-ponteareas\/"},"wordCount":1451,"commentCount":0,"publisher":{"@id":"https:\/\/www.anovapeneira.gal\/#organization"},"image":{"@id":"https:\/\/www.anovapeneira.gal\/index.php\/2025\/09\/10\/cristina-fernandez-voceira-do-bng-de-ponteareas\/#primaryimage"},"thumbnailUrl":"https:\/\/www.anovapeneira.gal\/wp-content\/uploads\/2025\/09\/cristina_Bng.jpg","keywords":["Concello de Ponteareas"],"articleSection":["Condado"],"inLanguage":"gl-ES","potentialAction":[{"@type":"CommentAction","name":"Comment","target":["https:\/\/www.anovapeneira.gal\/index.php\/2025\/09\/10\/cristina-fernandez-voceira-do-bng-de-ponteareas\/#respond"]}]},{"@type":"WebPage","@id":"https:\/\/www.anovapeneira.gal\/index.php\/2025\/09\/10\/cristina-fernandez-voceira-do-bng-de-ponteareas\/","url":"https:\/\/www.anovapeneira.gal\/index.php\/2025\/09\/10\/cristina-fernandez-voceira-do-bng-de-ponteareas\/","name":"Cristina Fern\u00e1ndez, voceira do BNG de Ponteareas -","isPartOf":{"@id":"https:\/\/www.anovapeneira.gal\/#website"},"primaryImageOfPage":{"@id":"https:\/\/www.anovapeneira.gal\/index.php\/2025\/09\/10\/cristina-fernandez-voceira-do-bng-de-ponteareas\/#primaryimage"},"image":{"@id":"https:\/\/www.anovapeneira.gal\/index.php\/2025\/09\/10\/cristina-fernandez-voceira-do-bng-de-ponteareas\/#primaryimage"},"thumbnailUrl":"https:\/\/www.anovapeneira.gal\/wp-content\/uploads\/2025\/09\/cristina_Bng.jpg","datePublished":"2025-09-10T10:00:39+00:00","breadcrumb":{"@id":"https:\/\/www.anovapeneira.gal\/index.php\/2025\/09\/10\/cristina-fernandez-voceira-do-bng-de-ponteareas\/#breadcrumb"},"inLanguage":"gl-ES","potentialAction":[{"@type":"ReadAction","target":["https:\/\/www.anovapeneira.gal\/index.php\/2025\/09\/10\/cristina-fernandez-voceira-do-bng-de-ponteareas\/"]}]},{"@type":"ImageObject","inLanguage":"gl-ES","@id":"https:\/\/www.anovapeneira.gal\/index.php\/2025\/09\/10\/cristina-fernandez-voceira-do-bng-de-ponteareas\/#primaryimage","url":"https:\/\/www.anovapeneira.gal\/wp-content\/uploads\/2025\/09\/cristina_Bng.jpg","contentUrl":"https:\/\/www.anovapeneira.gal\/wp-content\/uploads\/2025\/09\/cristina_Bng.jpg","width":720,"height":432},{"@type":"BreadcrumbList","@id":"https:\/\/www.anovapeneira.gal\/index.php\/2025\/09\/10\/cristina-fernandez-voceira-do-bng-de-ponteareas\/#breadcrumb","itemListElement":[{"@type":"ListItem","position":1,"name":"Portada","item":"https:\/\/www.anovapeneira.gal\/"},{"@type":"ListItem","position":2,"name":"Cristina Fern\u00e1ndez, voceira do BNG de Ponteareas"}]},{"@type":"WebSite","@id":"https:\/\/www.anovapeneira.gal\/#website","url":"https:\/\/www.anovapeneira.gal\/","name":"","description":"Xornal galego de informaci\u00f3n xeral Publicaci\u00f3n mensual de novas de Galicia e en especial dos Concellos da sur da provincia de Pontevedra.","publisher":{"@id":"https:\/\/www.anovapeneira.gal\/#organization"},"potentialAction":[{"@type":"SearchAction","target":{"@type":"EntryPoint","urlTemplate":"https:\/\/www.anovapeneira.gal\/?s={search_term_string}"},"query-input":{"@type":"PropertyValueSpecification","valueRequired":true,"valueName":"search_term_string"}}],"inLanguage":"gl-ES"},{"@type":"Organization","@id":"https:\/\/www.anovapeneira.gal\/#organization","name":"A Nova Peneira","url":"https:\/\/www.anovapeneira.gal\/","logo":{"@type":"ImageObject","inLanguage":"gl-ES","@id":"https:\/\/www.anovapeneira.gal\/#\/schema\/logo\/image\/","url":"http:\/\/www.anovapeneira.gal\/wp-content\/uploads\/2019\/06\/logo_a_nova_peneira_portal_web.png","contentUrl":"http:\/\/www.anovapeneira.gal\/wp-content\/uploads\/2019\/06\/logo_a_nova_peneira_portal_web.png","width":300,"height":100,"caption":"A Nova Peneira"},"image":{"@id":"https:\/\/www.anovapeneira.gal\/#\/schema\/logo\/image\/"},"sameAs":["https:\/\/www.facebook.com\/anovapeneira","https:\/\/x.com\/APeneira"]},{"@type":"Person","@id":"https:\/\/www.anovapeneira.gal\/#\/schema\/person\/424dfe65e3070fd8a44d22d2c088762a","name":"Tino Lago","image":{"@type":"ImageObject","inLanguage":"gl-ES","@id":"https:\/\/secure.gravatar.com\/avatar\/b3df6a06e44bab3111583b90f0f33a0379ee5e3d22cbadd232d39f21c30c62be?s=96&d=mm&r=g","url":"https:\/\/secure.gravatar.com\/avatar\/b3df6a06e44bab3111583b90f0f33a0379ee5e3d22cbadd232d39f21c30c62be?s=96&d=mm&r=g","contentUrl":"https:\/\/secure.gravatar.com\/avatar\/b3df6a06e44bab3111583b90f0f33a0379ee5e3d22cbadd232d39f21c30c62be?s=96&d=mm&r=g","caption":"Tino Lago"},"sameAs":["http:\/\/www.anovapeneira.gal"],"url":"https:\/\/www.anovapeneira.gal\/index.php\/author\/director\/"}]}},"jetpack_featured_media_url":"https:\/\/www.anovapeneira.gal\/wp-content\/uploads\/2025\/09\/cristina_Bng.jpg","_links":{"self":[{"href":"https:\/\/www.anovapeneira.gal\/index.php\/wp-json\/wp\/v2\/posts\/14623","targetHints":{"allow":["GET"]}}],"collection":[{"href":"https:\/\/www.anovapeneira.gal\/index.php\/wp-json\/wp\/v2\/posts"}],"about":[{"href":"https:\/\/www.anovapeneira.gal\/index.php\/wp-json\/wp\/v2\/types\/post"}],"author":[{"embeddable":true,"href":"https:\/\/www.anovapeneira.gal\/index.php\/wp-json\/wp\/v2\/users\/2"}],"replies":[{"embeddable":true,"href":"https:\/\/www.anovapeneira.gal\/index.php\/wp-json\/wp\/v2\/comments?post=14623"}],"version-history":[{"count":1,"href":"https:\/\/www.anovapeneira.gal\/index.php\/wp-json\/wp\/v2\/posts\/14623\/revisions"}],"predecessor-version":[{"id":14625,"href":"https:\/\/www.anovapeneira.gal\/index.php\/wp-json\/wp\/v2\/posts\/14623\/revisions\/14625"}],"wp:featuredmedia":[{"embeddable":true,"href":"https:\/\/www.anovapeneira.gal\/index.php\/wp-json\/wp\/v2\/media\/14624"}],"wp:attachment":[{"href":"https:\/\/www.anovapeneira.gal\/index.php\/wp-json\/wp\/v2\/media?parent=14623"}],"wp:term":[{"taxonomy":"category","embeddable":true,"href":"https:\/\/www.anovapeneira.gal\/index.php\/wp-json\/wp\/v2\/categories?post=14623"},{"taxonomy":"post_tag","embeddable":true,"href":"https:\/\/www.anovapeneira.gal\/index.php\/wp-json\/wp\/v2\/tags?post=14623"}],"curies":[{"name":"wp","href":"https:\/\/api.w.org\/{rel}","templated":true}]}}