{"id":14626,"date":"2025-09-11T10:00:36","date_gmt":"2025-09-11T08:00:36","guid":{"rendered":"https:\/\/www.anovapeneira.gal\/?p=14626"},"modified":"2025-09-08T10:36:57","modified_gmt":"2025-09-08T08:36:57","slug":"alejandro-figueroa-voceiro-municipal-do-psoe-de-mos","status":"publish","type":"post","link":"https:\/\/www.anovapeneira.gal\/index.php\/2025\/09\/11\/alejandro-figueroa-voceiro-municipal-do-psoe-de-mos\/","title":{"rendered":"Alejandro Figueroa, voceiro municipal do PSOE de Mos"},"content":{"rendered":"\n<p><strong>O pasado mes de xu\u00f1o a voceira socialista no concello de Mos, Victoria Alonso, presentaba a dimisi\u00f3n do seu cargo, renunciando ao seu posto de concelleira. Foi substitu\u00edda como portavoz dos socialistas mosenses por Alejandro Figueroa, un rapaz de Cela que vi\u00f1a acompa\u00f1ando a Victoria nos \u00faltimos tempos na corporaci\u00f3n. N\u00f3s quixemos co\u00f1ecer un pouco m\u00e1is ao que probablemente ser\u00e1 o candidato socialista nas municipais do 27, e acheg\u00e1monos ata o seu local de Sangui\u00f1eda para conversar con el.<\/strong><\/p>\n\n\n\n<h2 class=\"wp-block-heading\">\u201c <strong>O goberno de Mos segue na s\u00faa li\u00f1a: p\u00e9sima xesti\u00f3n econ\u00f3mica e peor que p\u00e9sima xesti\u00f3n pol\u00edtica\u201d<\/strong><\/h2>\n\n\n\n<p><strong>Ves de ser nomeado voceiro do grupo municipal. Cal foi o procedemento que seguistes para o teu nomeamento?<\/strong><\/p>\n\n\n\n<blockquote class=\"wp-block-quote is-layout-flow wp-block-quote-is-layout-flow\">\n<p>Decid\u00edmolo entre os catro compa\u00f1eiros do grupo municipal: Delfina, Beti, Bruno, o novo compa\u00f1eiro que entrou no sitio de Victoria, e eu mesmo.<\/p>\n<\/blockquote>\n\n\n\n<p><strong>Cando marchou Victoria?<\/strong><\/p>\n\n\n\n<blockquote class=\"wp-block-quote is-layout-flow wp-block-quote-is-layout-flow\">\n<p>No mes de xu\u00f1o deste ano.<\/p>\n<\/blockquote>\n\n\n\n<p><strong>Cal foi o motivo de que Victoria abandonara a s\u00faa responsabilidade no Concello?<\/strong><\/p>\n\n\n\n<blockquote class=\"wp-block-quote is-layout-flow wp-block-quote-is-layout-flow\">\n<p>As circunstancias persoais da s\u00faa vida non lle fan compatible poder dedicarlle todo o tempo que se necesita \u00e1 responsabilidade como concelleira. Como \u00e9 unha muller honesta decidiu presentar a s\u00faa dimisi\u00f3n e que outra persoa puidera estar ao 100 por 100 no cargo pol\u00edtico.<\/p>\n<\/blockquote>\n\n\n\n<p><strong>\u00c9 s\u00f3 iso?.Non houbo ning\u00fan problema pol\u00edtico interno?<\/strong><\/p>\n\n\n\n<blockquote class=\"wp-block-quote is-layout-flow wp-block-quote-is-layout-flow\">\n<p>Non, non houbo problema de ning\u00fan tipo. Foron, como che dixen, as circunstancias da s\u00faa vida persoal. C\u00f3nstame que foi unha decisi\u00f3n moi dura para ela. Ela non abandona o partido, s\u00f3 a primeira li\u00f1a. Imos seguir contando co seu apoio e co seu consello. E no futuro quen sabe ,a vida d\u00e1 moitas voltas.<\/p>\n<\/blockquote>\n\n\n\n<p><strong>Danos o perfil de Bruno, o concelleiro que entrou para substitu\u00edla?<\/strong><\/p>\n\n\n\n<blockquote class=\"wp-block-quote is-layout-flow wp-block-quote-is-layout-flow\">\n<p>Bruno \u00e9 un rapaz con formaci\u00f3n e participativo na vida social da s\u00faa parroquia e do concello. \u00c9 Enxe\u00f1eiro de Minas e traballa na Comunidade de Montes de Tameiga, forma parte da Asociaci\u00f3n de Veci\u00f1os de Petelos. Esta asociaci\u00f3n conformouse de novo hai pouco tempo, e el tivo un papel moi importante.<\/p>\n<\/blockquote>\n\n\n\n<p><strong>A asociaci\u00f3n de veci\u00f1os de Petelos est\u00e1 en contra do cambio de localizaci\u00f3n da Festa da Rosa. Cal \u00e9 a opini\u00f3n da PSOE de Mos, e por que?<\/strong><\/p>\n\n\n\n<blockquote class=\"wp-block-quote is-layout-flow wp-block-quote-is-layout-flow\">\n<p>N\u00f3s opinamos que a festa si que ten que medrar, este \u00e9 o argumento do Concello para movela para o Pazo, pero hai un claro espazo para onde ten que medrar a festa que \u00e9 a contorna do multiusos, instituto e onde vai ser o novo concello. Isto non \u00e9 que o diga o PSOE, sen\u00f3n \u00e9 o que di o PXOM e est\u00e1 aprobado polo actual goberno. Este \u00e9 un espazo que pode albergar todo, cunha gran Festa da Rosa.<\/p>\n<\/blockquote>\n\n\n\n<p><strong>Antes onde se celebraba esta festa?<\/strong><\/p>\n\n\n\n<blockquote class=\"wp-block-quote is-layout-flow wp-block-quote-is-layout-flow\">\n<p>Na contorna do Concello, onde se organizou a festa paralela estes dous \u00faltimos anos.<\/p>\n<\/blockquote>\n\n\n\n<p><strong>Quen organiza esta festa paralela?<\/strong><\/p>\n\n\n\n<blockquote class=\"wp-block-quote is-layout-flow wp-block-quote-is-layout-flow\">\n<p>A primeira vez foi algo espont\u00e1neo dos veci\u00f1os de Petelos que foron al\u00ed a reivindicar sen anuncialo antes. Esta segunda vez foi algo preparado pola Asociaci\u00f3n de Veci\u00f1os. N\u00f3s como partido decidimos ir primeiro a Mos, \u00e1 celebraci\u00f3n oficial porque somos representaci\u00f3n do Concello e van moitas asociaci\u00f3n da vila pero non estivemos na parte institucional do Concello, sen\u00f3n despois co pobo no Pazo de Mos. Despois do pazo fomos \u00e1 celebraci\u00f3n paralela na contorna do Concello que \u00e9 onde historicamente se celebrou sempre a Festa da Rosa.<\/p>\n<\/blockquote>\n\n\n\n<p><strong>Nun goberno hipot\u00e9tico do PSOE, onde se celebrar\u00eda a Festa da Rosa?<\/strong><\/p>\n\n\n\n<blockquote class=\"wp-block-quote is-layout-flow wp-block-quote-is-layout-flow\">\n<p>Na contorna do multiusos. En Petelos, que \u00e9 onde se fixo de sempre e onde vai ir o futuro Concello de Mos .<\/p>\n<\/blockquote>\n\n\n\n<p><strong>Val\u00f3rame o actual mandato?<\/strong><\/p>\n\n\n\n<blockquote class=\"wp-block-quote is-layout-flow wp-block-quote-is-layout-flow\">\n<p>O mesmo de sempre: p\u00e9sima xesti\u00f3n econ\u00f3mica, e peor que p\u00e9sima xesti\u00f3n pol\u00edtica. Os cartos dilap\u00eddanse en propaganda, a transparencia non existe, o despotismo e a mala educaci\u00f3n da alcaldesa son o pan noso de cada d\u00eda, a veci\u00f1anza recibe un trato moi diferente dependendo de se \u00e9 identificada como amigos ou non amigos, non hai un modelo de pobo, e o goberno carece de capacidade para achegar soluci\u00f3ns realistas aos numerosos problemas que padece Mos.<\/p>\n<\/blockquote>\n\n\n\n<p><strong>Hai anos que vimos falando dunha situaci\u00f3n econ\u00f3mica moi preocupante que incluso pod\u00eda facer perigar o gasto corrente. Seguimos igual ?<\/strong><\/p>\n\n\n\n<blockquote class=\"wp-block-quote is-layout-flow wp-block-quote-is-layout-flow\">\n<p>Si, seguimos igual .A nova interventora fala nos seus informes ata de contratos verbais, algo que as administraci\u00f3ns hai moito tempo que non poden facer.<\/p>\n<\/blockquote>\n\n\n\n<p><strong>Como \u00e9 a transparencia do Concello?<\/strong><\/p>\n\n\n\n<blockquote class=\"wp-block-quote is-layout-flow wp-block-quote-is-layout-flow\">\n<p>Non existe, os que estamos na oposici\u00f3n sabemos que se pides calquera documentaci\u00f3n nunca cumpren o tempo establecido .<\/p>\n<\/blockquote>\n\n\n\n<p><strong>O PSOE ten solicitado informaci\u00f3n sobre alg\u00fan expediente e encontrar a calada coma resposta e ter que insistir unha e outra vez?<\/strong><\/p>\n\n\n\n<blockquote class=\"wp-block-quote is-layout-flow wp-block-quote-is-layout-flow\">\n<p>Si.<\/p>\n<\/blockquote>\n\n\n\n<p><strong>Percibides que non hai unha vontade clara de ter informada \u00e1 oposici\u00f3n?<\/strong><\/p>\n\n\n\n<blockquote class=\"wp-block-quote is-layout-flow wp-block-quote-is-layout-flow\">\n<p>Si, claro. Non hai vontade de informar.<\/p>\n<\/blockquote>\n\n\n\n<p><strong>A alcaldesa de Mos sempre foi unha persoa moi d\u00e9spota e agresiva contra as persoas que identifica coma non amigas e das que d\u00e1 bicos e apertas \u00e1s que considera amigas. Seguimos na mesma li\u00f1a?<\/strong><\/p>\n\n\n\n<blockquote class=\"wp-block-quote is-layout-flow wp-block-quote-is-layout-flow\">\n<p>Segue igual ou peor, se a molestas perde os papeis. A min expulsoume unha vez do pleno por un debate, creo que na segunda vez que me chamou \u00e1 orde xa me expulsou e a lei di que ten que chamar \u00e1 orde tres veces para poder facelo.<\/p>\n<\/blockquote>\n\n\n\n<p><strong>Non formalizastes unha queixa por escrito?<\/strong><\/p>\n\n\n\n<blockquote class=\"wp-block-quote is-layout-flow wp-block-quote-is-layout-flow\">\n<p>Pecamos de inexperiencia, creo que foi no meu primeiro ano. Ela xogaba co noso nerviosismo porque entramos todos novos e eramos inexpertos.<\/p>\n<\/blockquote>\n\n\n\n<p><strong>Para o PSOE, o acordo asinado entre a Comunidade de Montes de Tameiga e o Celta, foi unha vitoria do Celta ou foi unha vitoria da Comunidade de Montes de Tameiga?<\/strong><\/p>\n\n\n\n<blockquote class=\"wp-block-quote is-layout-flow wp-block-quote-is-layout-flow\">\n<p>Penso que foi desgaste polas d\u00faas partes. O Celta de Mari\u00e1n non \u00e9 o Celta do seu pai. Ela deuse de conta que como se estaban facendo as cousas non \u00edan chegar a ningunha parte, sabe que ten que ter o apoio social e tratou de buscar unha posici\u00f3n de consenso. O acordo que chegou a Comunidade de Montes \u00e9 o mellor acordo para eles, non prexudica practicamente ao monte e non perden case nada, o que se vai a constru\u00edr xa \u00e9 terreo constru\u00eddo<\/p>\n<\/blockquote>\n\n\n\n<p><strong>No futuro inmediato o monte est\u00e1 salvado?<\/strong><\/p>\n\n\n\n<blockquote class=\"wp-block-quote is-layout-flow wp-block-quote-is-layout-flow\">\n<p>Si, no futuro inmediato, penso que si. Pero, ollo: A modificaci\u00f3n do PXOM segue estando a\u00ed. Non desboto que dentro dun tempo ve\u00f1a calquera grande superficie interesada en instalarse a\u00ed e haxa que defenderse de novo. N\u00f3s levabamos no programa a blindaxe do monte, que ser\u00eda facendo un parque forestal nesa zona.<\/p>\n<\/blockquote>\n\n\n\n<p><strong>O Concello de Mos obxectivamente necesita un cambio?<\/strong><\/p>\n\n\n\n<blockquote class=\"wp-block-quote is-layout-flow wp-block-quote-is-layout-flow\">\n<p>Si, claro. O Concello precisa un cambio de goberno como precisamos o aire para respirar. Un goberno que trata de maneira diferente \u00e1 veci\u00f1anza en funci\u00f3n de se son afectos ou non, est\u00e1 moralmente incapacitado para gobernar nin un d\u00eda m\u00e1is<\/p>\n<\/blockquote>\n\n\n\n<p><strong>O goberno de Mos \u00e9 un goberno nepotista?<\/strong><\/p>\n\n\n\n<blockquote class=\"wp-block-quote is-layout-flow wp-block-quote-is-layout-flow\">\n<p>Claramente.<\/p>\n<\/blockquote>\n\n\n\n<p><strong>Hai posibilidades reais de que se produza o cambio nas elecci\u00f3n do 27?<\/strong><\/p>\n\n\n\n<blockquote class=\"wp-block-quote is-layout-flow wp-block-quote-is-layout-flow\">\n<p>Estou convencid\u00edsimo de que si.<\/p>\n<\/blockquote>\n\n\n\n<p><strong>En li\u00f1as xerais que \u00e9 o que percibes da sociedade?<\/strong><\/p>\n\n\n\n<blockquote class=\"wp-block-quote is-layout-flow wp-block-quote-is-layout-flow\">\n<p>Eu convido \u00e1 sociedade a que deixe o conformismo e a desesperaci\u00f3n porque o cambio si que \u00e9 posible e como antes mencionei \u00e9 absolutamente necesario.<\/p>\n<\/blockquote>\n\n\n\n<p><strong>O PSOE est\u00e1 en condici\u00f3ns reais de liderar ese cambio que necesita o concello?<\/strong><\/p>\n\n\n\n<blockquote class=\"wp-block-quote is-layout-flow wp-block-quote-is-layout-flow\">\n<p>Si, por suposto. Creo que o noso programa \u00e9 ambicioso, pero realista. Estamos facendo cumprir partes do programa estando na oposici\u00f3n.<\/p>\n<\/blockquote>\n\n\n\n<p><strong>Por exemplo?<\/strong><\/p>\n\n\n\n<blockquote class=\"wp-block-quote is-layout-flow wp-block-quote-is-layout-flow\">\n<p>No tema dos presuposto. As emendas que mandamos, crear as partidas de cartos para os eventos coma o Son do Pazo, por exemplo.<\/p>\n<\/blockquote>\n\n\n\n<blockquote class=\"wp-block-quote is-layout-flow wp-block-quote-is-layout-flow\">\n<p>O PSOE infl\u00fae nas decisi\u00f3ns do goberno, noto que estamos conectados \u00e1 sociedade e entendo que estamos en posici\u00f3n real de liderar o cambio e \u00e9 obxectivamente posible.<\/p>\n<\/blockquote>\n\n\n\n<p><strong>Alex, ti es o voceiro, ser\u00e1s o candidato nas vindeiras elecci\u00f3ns?<\/strong><\/p>\n\n\n\n<blockquote class=\"wp-block-quote is-layout-flow wp-block-quote-is-layout-flow\">\n<p>Non sabemos a\u00ednda.<\/p>\n<\/blockquote>\n\n\n\n<p><strong>Queres selo?<\/strong><\/p>\n\n\n\n<blockquote class=\"wp-block-quote is-layout-flow wp-block-quote-is-layout-flow\">\n<p>Desde o grupo municipal seguiremos traballando arreo ata as vindeiras elecci\u00f3n e chegado o momento terei que tomar esa decisi\u00f3n. N\u00f3s dependemos dunha executiva e unha direcci\u00f3n provincial que por\u00e1 unhas datas para a escolla de candidaturas. Cando chegue o momento convocaremos \u00e1 militancia e decidiremos.<\/p>\n<\/blockquote>\n\n\n\n<p><strong>Se se da a situaci\u00f3n de que a maior\u00eda da militancia te escollera para ser o candidato, ti que vas facer?<\/strong><\/p>\n\n\n\n<blockquote class=\"wp-block-quote is-layout-flow wp-block-quote-is-layout-flow\">\n<p>A\u00ednda non pensei niso, son unha persoa co seu traballo e unha vida e ser candidato leva moit\u00edsima responsabilidade. Chegado o momento terei que decidir coa mi\u00f1a familia e o meu entorno e mirar\u00eda o que \u00e9 m\u00e1is conveniente para o partido e para min.<\/p>\n<\/blockquote>\n","protected":false},"excerpt":{"rendered":"<div class=\"mh-excerpt\"><p>O pasado mes de xu\u00f1o a voceira socialista no concello de Mos, Victoria Alonso, presentaba a dimisi\u00f3n do seu cargo ,renunciando ao seu posto de concelleira. <a class=\"mh-excerpt-more\" href=\"https:\/\/www.anovapeneira.gal\/index.php\/2025\/09\/11\/alejandro-figueroa-voceiro-municipal-do-psoe-de-mos\/\" title=\"Alejandro Figueroa, voceiro municipal do PSOE de Mos\">[&#8230;]<\/a><\/p>\n<\/div>","protected":false},"author":3,"featured_media":14627,"comment_status":"open","ping_status":"open","sticky":false,"template":"","format":"standard","meta":{"_exactmetrics_skip_tracking":false,"_exactmetrics_sitenote_active":false,"_exactmetrics_sitenote_note":"","_exactmetrics_sitenote_category":0,"footnotes":""},"categories":[265],"tags":[218],"class_list":{"0":"post-14626","1":"post","2":"type-post","3":"status-publish","4":"format-standard","5":"has-post-thumbnail","7":"category-a-lourina-entrevistas","8":"tag-concello-de-mos"},"yoast_head":"<!-- This site is optimized with the Yoast SEO plugin v27.4 - https:\/\/yoast.com\/product\/yoast-seo-wordpress\/ -->\n<title>Alejandro Figueroa, voceiro municipal do PSOE de Mos -<\/title>\n<meta name=\"robots\" content=\"index, follow, max-snippet:-1, max-image-preview:large, max-video-preview:-1\" \/>\n<link rel=\"canonical\" href=\"https:\/\/www.anovapeneira.gal\/index.php\/2025\/09\/11\/alejandro-figueroa-voceiro-municipal-do-psoe-de-mos\/\" \/>\n<meta property=\"og:locale\" content=\"gl_ES\" \/>\n<meta property=\"og:type\" content=\"article\" \/>\n<meta property=\"og:title\" content=\"Alejandro Figueroa, voceiro municipal do PSOE de Mos -\" \/>\n<meta property=\"og:description\" content=\"O pasado mes de xu\u00f1o a voceira socialista no concello de Mos, Victoria Alonso, presentaba a dimisi\u00f3n do seu cargo ,renunciando ao seu posto de concelleira. [...]\" \/>\n<meta property=\"og:url\" content=\"https:\/\/www.anovapeneira.gal\/index.php\/2025\/09\/11\/alejandro-figueroa-voceiro-municipal-do-psoe-de-mos\/\" \/>\n<meta property=\"article:publisher\" content=\"https:\/\/www.facebook.com\/anovapeneira\" \/>\n<meta property=\"article:published_time\" content=\"2025-09-11T08:00:36+00:00\" \/>\n<meta property=\"og:image\" content=\"https:\/\/www.anovapeneira.gal\/wp-content\/uploads\/2025\/09\/alejandro_psoe_mos.jpg\" \/>\n\t<meta property=\"og:image:width\" content=\"720\" \/>\n\t<meta property=\"og:image:height\" content=\"432\" \/>\n\t<meta property=\"og:image:type\" content=\"image\/jpeg\" \/>\n<meta name=\"author\" content=\"Redacci\u00f3n A Nova Peneira\" \/>\n<meta name=\"twitter:card\" content=\"summary_large_image\" \/>\n<meta name=\"twitter:creator\" content=\"@APeneira\" \/>\n<meta name=\"twitter:site\" content=\"@APeneira\" \/>\n<meta name=\"twitter:label1\" content=\"Escrito por\" \/>\n\t<meta name=\"twitter:data1\" content=\"Redacci\u00f3n A Nova Peneira\" \/>\n\t<meta name=\"twitter:label2\" content=\"Tempo de lectura\" \/>\n\t<meta name=\"twitter:data2\" content=\"3 minutos\" \/>\n<script type=\"application\/ld+json\" class=\"yoast-schema-graph\">{\"@context\":\"https:\\\/\\\/schema.org\",\"@graph\":[{\"@type\":\"Article\",\"@id\":\"https:\\\/\\\/www.anovapeneira.gal\\\/index.php\\\/2025\\\/09\\\/11\\\/alejandro-figueroa-voceiro-municipal-do-psoe-de-mos\\\/#article\",\"isPartOf\":{\"@id\":\"https:\\\/\\\/www.anovapeneira.gal\\\/index.php\\\/2025\\\/09\\\/11\\\/alejandro-figueroa-voceiro-municipal-do-psoe-de-mos\\\/\"},\"author\":{\"name\":\"Redacci\u00f3n A Nova Peneira\",\"@id\":\"https:\\\/\\\/www.anovapeneira.gal\\\/#\\\/schema\\\/person\\\/b93e3f8932e3f8da96334607eb6ac6aa\"},\"headline\":\"Alejandro Figueroa, voceiro municipal do PSOE de Mos\",\"datePublished\":\"2025-09-11T08:00:36+00:00\",\"mainEntityOfPage\":{\"@id\":\"https:\\\/\\\/www.anovapeneira.gal\\\/index.php\\\/2025\\\/09\\\/11\\\/alejandro-figueroa-voceiro-municipal-do-psoe-de-mos\\\/\"},\"wordCount\":1481,\"commentCount\":0,\"publisher\":{\"@id\":\"https:\\\/\\\/www.anovapeneira.gal\\\/#organization\"},\"image\":{\"@id\":\"https:\\\/\\\/www.anovapeneira.gal\\\/index.php\\\/2025\\\/09\\\/11\\\/alejandro-figueroa-voceiro-municipal-do-psoe-de-mos\\\/#primaryimage\"},\"thumbnailUrl\":\"https:\\\/\\\/www.anovapeneira.gal\\\/wp-content\\\/uploads\\\/2025\\\/09\\\/alejandro_psoe_mos.jpg\",\"keywords\":[\"Concello de Mos\"],\"articleSection\":[\"A Louri\u00f1a\"],\"inLanguage\":\"gl-ES\",\"potentialAction\":[{\"@type\":\"CommentAction\",\"name\":\"Comment\",\"target\":[\"https:\\\/\\\/www.anovapeneira.gal\\\/index.php\\\/2025\\\/09\\\/11\\\/alejandro-figueroa-voceiro-municipal-do-psoe-de-mos\\\/#respond\"]}]},{\"@type\":\"WebPage\",\"@id\":\"https:\\\/\\\/www.anovapeneira.gal\\\/index.php\\\/2025\\\/09\\\/11\\\/alejandro-figueroa-voceiro-municipal-do-psoe-de-mos\\\/\",\"url\":\"https:\\\/\\\/www.anovapeneira.gal\\\/index.php\\\/2025\\\/09\\\/11\\\/alejandro-figueroa-voceiro-municipal-do-psoe-de-mos\\\/\",\"name\":\"Alejandro Figueroa, voceiro municipal do PSOE de Mos -\",\"isPartOf\":{\"@id\":\"https:\\\/\\\/www.anovapeneira.gal\\\/#website\"},\"primaryImageOfPage\":{\"@id\":\"https:\\\/\\\/www.anovapeneira.gal\\\/index.php\\\/2025\\\/09\\\/11\\\/alejandro-figueroa-voceiro-municipal-do-psoe-de-mos\\\/#primaryimage\"},\"image\":{\"@id\":\"https:\\\/\\\/www.anovapeneira.gal\\\/index.php\\\/2025\\\/09\\\/11\\\/alejandro-figueroa-voceiro-municipal-do-psoe-de-mos\\\/#primaryimage\"},\"thumbnailUrl\":\"https:\\\/\\\/www.anovapeneira.gal\\\/wp-content\\\/uploads\\\/2025\\\/09\\\/alejandro_psoe_mos.jpg\",\"datePublished\":\"2025-09-11T08:00:36+00:00\",\"breadcrumb\":{\"@id\":\"https:\\\/\\\/www.anovapeneira.gal\\\/index.php\\\/2025\\\/09\\\/11\\\/alejandro-figueroa-voceiro-municipal-do-psoe-de-mos\\\/#breadcrumb\"},\"inLanguage\":\"gl-ES\",\"potentialAction\":[{\"@type\":\"ReadAction\",\"target\":[\"https:\\\/\\\/www.anovapeneira.gal\\\/index.php\\\/2025\\\/09\\\/11\\\/alejandro-figueroa-voceiro-municipal-do-psoe-de-mos\\\/\"]}]},{\"@type\":\"ImageObject\",\"inLanguage\":\"gl-ES\",\"@id\":\"https:\\\/\\\/www.anovapeneira.gal\\\/index.php\\\/2025\\\/09\\\/11\\\/alejandro-figueroa-voceiro-municipal-do-psoe-de-mos\\\/#primaryimage\",\"url\":\"https:\\\/\\\/www.anovapeneira.gal\\\/wp-content\\\/uploads\\\/2025\\\/09\\\/alejandro_psoe_mos.jpg\",\"contentUrl\":\"https:\\\/\\\/www.anovapeneira.gal\\\/wp-content\\\/uploads\\\/2025\\\/09\\\/alejandro_psoe_mos.jpg\",\"width\":720,\"height\":432},{\"@type\":\"BreadcrumbList\",\"@id\":\"https:\\\/\\\/www.anovapeneira.gal\\\/index.php\\\/2025\\\/09\\\/11\\\/alejandro-figueroa-voceiro-municipal-do-psoe-de-mos\\\/#breadcrumb\",\"itemListElement\":[{\"@type\":\"ListItem\",\"position\":1,\"name\":\"Portada\",\"item\":\"https:\\\/\\\/www.anovapeneira.gal\\\/\"},{\"@type\":\"ListItem\",\"position\":2,\"name\":\"Alejandro Figueroa, voceiro municipal do PSOE de Mos\"}]},{\"@type\":\"WebSite\",\"@id\":\"https:\\\/\\\/www.anovapeneira.gal\\\/#website\",\"url\":\"https:\\\/\\\/www.anovapeneira.gal\\\/\",\"name\":\"\",\"description\":\"Xornal galego de informaci\u00f3n xeral Publicaci\u00f3n mensual de novas de Galicia e en especial dos Concellos da sur da provincia de Pontevedra.\",\"publisher\":{\"@id\":\"https:\\\/\\\/www.anovapeneira.gal\\\/#organization\"},\"potentialAction\":[{\"@type\":\"SearchAction\",\"target\":{\"@type\":\"EntryPoint\",\"urlTemplate\":\"https:\\\/\\\/www.anovapeneira.gal\\\/?s={search_term_string}\"},\"query-input\":{\"@type\":\"PropertyValueSpecification\",\"valueRequired\":true,\"valueName\":\"search_term_string\"}}],\"inLanguage\":\"gl-ES\"},{\"@type\":\"Organization\",\"@id\":\"https:\\\/\\\/www.anovapeneira.gal\\\/#organization\",\"name\":\"A Nova Peneira\",\"url\":\"https:\\\/\\\/www.anovapeneira.gal\\\/\",\"logo\":{\"@type\":\"ImageObject\",\"inLanguage\":\"gl-ES\",\"@id\":\"https:\\\/\\\/www.anovapeneira.gal\\\/#\\\/schema\\\/logo\\\/image\\\/\",\"url\":\"http:\\\/\\\/www.anovapeneira.gal\\\/wp-content\\\/uploads\\\/2019\\\/06\\\/logo_a_nova_peneira_portal_web.png\",\"contentUrl\":\"http:\\\/\\\/www.anovapeneira.gal\\\/wp-content\\\/uploads\\\/2019\\\/06\\\/logo_a_nova_peneira_portal_web.png\",\"width\":300,\"height\":100,\"caption\":\"A Nova Peneira\"},\"image\":{\"@id\":\"https:\\\/\\\/www.anovapeneira.gal\\\/#\\\/schema\\\/logo\\\/image\\\/\"},\"sameAs\":[\"https:\\\/\\\/www.facebook.com\\\/anovapeneira\",\"https:\\\/\\\/x.com\\\/APeneira\"]},{\"@type\":\"Person\",\"@id\":\"https:\\\/\\\/www.anovapeneira.gal\\\/#\\\/schema\\\/person\\\/b93e3f8932e3f8da96334607eb6ac6aa\",\"name\":\"Redacci\u00f3n A Nova Peneira\",\"image\":{\"@type\":\"ImageObject\",\"inLanguage\":\"gl-ES\",\"@id\":\"https:\\\/\\\/secure.gravatar.com\\\/avatar\\\/c052a2551a06e23fac63626232eaa90abd78dbcf1700fc46a2b2c89fd27b735f?s=96&d=mm&r=g\",\"url\":\"https:\\\/\\\/secure.gravatar.com\\\/avatar\\\/c052a2551a06e23fac63626232eaa90abd78dbcf1700fc46a2b2c89fd27b735f?s=96&d=mm&r=g\",\"contentUrl\":\"https:\\\/\\\/secure.gravatar.com\\\/avatar\\\/c052a2551a06e23fac63626232eaa90abd78dbcf1700fc46a2b2c89fd27b735f?s=96&d=mm&r=g\",\"caption\":\"Redacci\u00f3n A Nova Peneira\"},\"sameAs\":[\"http:\\\/\\\/www.anovapeneira.gal\\\/\"],\"url\":\"https:\\\/\\\/www.anovapeneira.gal\\\/index.php\\\/author\\\/redactor\\\/\"}]}<\/script>\n<!-- \/ Yoast SEO plugin. -->","yoast_head_json":{"title":"Alejandro Figueroa, voceiro municipal do PSOE de Mos -","robots":{"index":"index","follow":"follow","max-snippet":"max-snippet:-1","max-image-preview":"max-image-preview:large","max-video-preview":"max-video-preview:-1"},"canonical":"https:\/\/www.anovapeneira.gal\/index.php\/2025\/09\/11\/alejandro-figueroa-voceiro-municipal-do-psoe-de-mos\/","og_locale":"gl_ES","og_type":"article","og_title":"Alejandro Figueroa, voceiro municipal do PSOE de Mos -","og_description":"O pasado mes de xu\u00f1o a voceira socialista no concello de Mos, Victoria Alonso, presentaba a dimisi\u00f3n do seu cargo ,renunciando ao seu posto de concelleira. [...]","og_url":"https:\/\/www.anovapeneira.gal\/index.php\/2025\/09\/11\/alejandro-figueroa-voceiro-municipal-do-psoe-de-mos\/","article_publisher":"https:\/\/www.facebook.com\/anovapeneira","article_published_time":"2025-09-11T08:00:36+00:00","og_image":[{"width":720,"height":432,"url":"https:\/\/www.anovapeneira.gal\/wp-content\/uploads\/2025\/09\/alejandro_psoe_mos.jpg","type":"image\/jpeg"}],"author":"Redacci\u00f3n A Nova Peneira","twitter_card":"summary_large_image","twitter_creator":"@APeneira","twitter_site":"@APeneira","twitter_misc":{"Escrito por":"Redacci\u00f3n A Nova Peneira","Tempo de lectura":"3 minutos"},"schema":{"@context":"https:\/\/schema.org","@graph":[{"@type":"Article","@id":"https:\/\/www.anovapeneira.gal\/index.php\/2025\/09\/11\/alejandro-figueroa-voceiro-municipal-do-psoe-de-mos\/#article","isPartOf":{"@id":"https:\/\/www.anovapeneira.gal\/index.php\/2025\/09\/11\/alejandro-figueroa-voceiro-municipal-do-psoe-de-mos\/"},"author":{"name":"Redacci\u00f3n A Nova Peneira","@id":"https:\/\/www.anovapeneira.gal\/#\/schema\/person\/b93e3f8932e3f8da96334607eb6ac6aa"},"headline":"Alejandro Figueroa, voceiro municipal do PSOE de Mos","datePublished":"2025-09-11T08:00:36+00:00","mainEntityOfPage":{"@id":"https:\/\/www.anovapeneira.gal\/index.php\/2025\/09\/11\/alejandro-figueroa-voceiro-municipal-do-psoe-de-mos\/"},"wordCount":1481,"commentCount":0,"publisher":{"@id":"https:\/\/www.anovapeneira.gal\/#organization"},"image":{"@id":"https:\/\/www.anovapeneira.gal\/index.php\/2025\/09\/11\/alejandro-figueroa-voceiro-municipal-do-psoe-de-mos\/#primaryimage"},"thumbnailUrl":"https:\/\/www.anovapeneira.gal\/wp-content\/uploads\/2025\/09\/alejandro_psoe_mos.jpg","keywords":["Concello de Mos"],"articleSection":["A Louri\u00f1a"],"inLanguage":"gl-ES","potentialAction":[{"@type":"CommentAction","name":"Comment","target":["https:\/\/www.anovapeneira.gal\/index.php\/2025\/09\/11\/alejandro-figueroa-voceiro-municipal-do-psoe-de-mos\/#respond"]}]},{"@type":"WebPage","@id":"https:\/\/www.anovapeneira.gal\/index.php\/2025\/09\/11\/alejandro-figueroa-voceiro-municipal-do-psoe-de-mos\/","url":"https:\/\/www.anovapeneira.gal\/index.php\/2025\/09\/11\/alejandro-figueroa-voceiro-municipal-do-psoe-de-mos\/","name":"Alejandro Figueroa, voceiro municipal do PSOE de Mos -","isPartOf":{"@id":"https:\/\/www.anovapeneira.gal\/#website"},"primaryImageOfPage":{"@id":"https:\/\/www.anovapeneira.gal\/index.php\/2025\/09\/11\/alejandro-figueroa-voceiro-municipal-do-psoe-de-mos\/#primaryimage"},"image":{"@id":"https:\/\/www.anovapeneira.gal\/index.php\/2025\/09\/11\/alejandro-figueroa-voceiro-municipal-do-psoe-de-mos\/#primaryimage"},"thumbnailUrl":"https:\/\/www.anovapeneira.gal\/wp-content\/uploads\/2025\/09\/alejandro_psoe_mos.jpg","datePublished":"2025-09-11T08:00:36+00:00","breadcrumb":{"@id":"https:\/\/www.anovapeneira.gal\/index.php\/2025\/09\/11\/alejandro-figueroa-voceiro-municipal-do-psoe-de-mos\/#breadcrumb"},"inLanguage":"gl-ES","potentialAction":[{"@type":"ReadAction","target":["https:\/\/www.anovapeneira.gal\/index.php\/2025\/09\/11\/alejandro-figueroa-voceiro-municipal-do-psoe-de-mos\/"]}]},{"@type":"ImageObject","inLanguage":"gl-ES","@id":"https:\/\/www.anovapeneira.gal\/index.php\/2025\/09\/11\/alejandro-figueroa-voceiro-municipal-do-psoe-de-mos\/#primaryimage","url":"https:\/\/www.anovapeneira.gal\/wp-content\/uploads\/2025\/09\/alejandro_psoe_mos.jpg","contentUrl":"https:\/\/www.anovapeneira.gal\/wp-content\/uploads\/2025\/09\/alejandro_psoe_mos.jpg","width":720,"height":432},{"@type":"BreadcrumbList","@id":"https:\/\/www.anovapeneira.gal\/index.php\/2025\/09\/11\/alejandro-figueroa-voceiro-municipal-do-psoe-de-mos\/#breadcrumb","itemListElement":[{"@type":"ListItem","position":1,"name":"Portada","item":"https:\/\/www.anovapeneira.gal\/"},{"@type":"ListItem","position":2,"name":"Alejandro Figueroa, voceiro municipal do PSOE de Mos"}]},{"@type":"WebSite","@id":"https:\/\/www.anovapeneira.gal\/#website","url":"https:\/\/www.anovapeneira.gal\/","name":"","description":"Xornal galego de informaci\u00f3n xeral Publicaci\u00f3n mensual de novas de Galicia e en especial dos Concellos da sur da provincia de Pontevedra.","publisher":{"@id":"https:\/\/www.anovapeneira.gal\/#organization"},"potentialAction":[{"@type":"SearchAction","target":{"@type":"EntryPoint","urlTemplate":"https:\/\/www.anovapeneira.gal\/?s={search_term_string}"},"query-input":{"@type":"PropertyValueSpecification","valueRequired":true,"valueName":"search_term_string"}}],"inLanguage":"gl-ES"},{"@type":"Organization","@id":"https:\/\/www.anovapeneira.gal\/#organization","name":"A Nova Peneira","url":"https:\/\/www.anovapeneira.gal\/","logo":{"@type":"ImageObject","inLanguage":"gl-ES","@id":"https:\/\/www.anovapeneira.gal\/#\/schema\/logo\/image\/","url":"http:\/\/www.anovapeneira.gal\/wp-content\/uploads\/2019\/06\/logo_a_nova_peneira_portal_web.png","contentUrl":"http:\/\/www.anovapeneira.gal\/wp-content\/uploads\/2019\/06\/logo_a_nova_peneira_portal_web.png","width":300,"height":100,"caption":"A Nova Peneira"},"image":{"@id":"https:\/\/www.anovapeneira.gal\/#\/schema\/logo\/image\/"},"sameAs":["https:\/\/www.facebook.com\/anovapeneira","https:\/\/x.com\/APeneira"]},{"@type":"Person","@id":"https:\/\/www.anovapeneira.gal\/#\/schema\/person\/b93e3f8932e3f8da96334607eb6ac6aa","name":"Redacci\u00f3n A Nova Peneira","image":{"@type":"ImageObject","inLanguage":"gl-ES","@id":"https:\/\/secure.gravatar.com\/avatar\/c052a2551a06e23fac63626232eaa90abd78dbcf1700fc46a2b2c89fd27b735f?s=96&d=mm&r=g","url":"https:\/\/secure.gravatar.com\/avatar\/c052a2551a06e23fac63626232eaa90abd78dbcf1700fc46a2b2c89fd27b735f?s=96&d=mm&r=g","contentUrl":"https:\/\/secure.gravatar.com\/avatar\/c052a2551a06e23fac63626232eaa90abd78dbcf1700fc46a2b2c89fd27b735f?s=96&d=mm&r=g","caption":"Redacci\u00f3n A Nova Peneira"},"sameAs":["http:\/\/www.anovapeneira.gal\/"],"url":"https:\/\/www.anovapeneira.gal\/index.php\/author\/redactor\/"}]}},"jetpack_featured_media_url":"https:\/\/www.anovapeneira.gal\/wp-content\/uploads\/2025\/09\/alejandro_psoe_mos.jpg","_links":{"self":[{"href":"https:\/\/www.anovapeneira.gal\/index.php\/wp-json\/wp\/v2\/posts\/14626","targetHints":{"allow":["GET"]}}],"collection":[{"href":"https:\/\/www.anovapeneira.gal\/index.php\/wp-json\/wp\/v2\/posts"}],"about":[{"href":"https:\/\/www.anovapeneira.gal\/index.php\/wp-json\/wp\/v2\/types\/post"}],"author":[{"embeddable":true,"href":"https:\/\/www.anovapeneira.gal\/index.php\/wp-json\/wp\/v2\/users\/3"}],"replies":[{"embeddable":true,"href":"https:\/\/www.anovapeneira.gal\/index.php\/wp-json\/wp\/v2\/comments?post=14626"}],"version-history":[{"count":1,"href":"https:\/\/www.anovapeneira.gal\/index.php\/wp-json\/wp\/v2\/posts\/14626\/revisions"}],"predecessor-version":[{"id":14628,"href":"https:\/\/www.anovapeneira.gal\/index.php\/wp-json\/wp\/v2\/posts\/14626\/revisions\/14628"}],"wp:featuredmedia":[{"embeddable":true,"href":"https:\/\/www.anovapeneira.gal\/index.php\/wp-json\/wp\/v2\/media\/14627"}],"wp:attachment":[{"href":"https:\/\/www.anovapeneira.gal\/index.php\/wp-json\/wp\/v2\/media?parent=14626"}],"wp:term":[{"taxonomy":"category","embeddable":true,"href":"https:\/\/www.anovapeneira.gal\/index.php\/wp-json\/wp\/v2\/categories?post=14626"},{"taxonomy":"post_tag","embeddable":true,"href":"https:\/\/www.anovapeneira.gal\/index.php\/wp-json\/wp\/v2\/tags?post=14626"}],"curies":[{"name":"wp","href":"https:\/\/api.w.org\/{rel}","templated":true}]}}