{"id":14636,"date":"2025-09-12T10:00:56","date_gmt":"2025-09-12T08:00:56","guid":{"rendered":"https:\/\/www.anovapeneira.gal\/?p=14636"},"modified":"2025-09-10T20:28:16","modified_gmt":"2025-09-10T18:28:16","slug":"os-proximos-4-e-5-de-outubro-a-comunidade-de-montes-salcidos-vistese-de-gala","status":"publish","type":"post","link":"https:\/\/www.anovapeneira.gal\/index.php\/2025\/09\/12\/os-proximos-4-e-5-de-outubro-a-comunidade-de-montes-salcidos-vistese-de-gala\/","title":{"rendered":"Os pr\u00f3ximos 4 e 5 de Outubro a Comunidade de Montes Salcidos v\u00edstese de gala"},"content":{"rendered":"\n<p><strong>En outubro do ano 2024, con motivo da inauguraci\u00f3n do parque inclusivo do monte Torroso, a Comunidade de Montes de Salcidos celebrou, no medio das chuvias e das br\u00e9temas caracter\u00edsticas do outono do Baixo Mi\u00f1o, unha preciosa festa \u00e1 que tiven o pracer de asistir. O evento foi fermoso. Unha delicia de m\u00fasica, poes\u00eda, confraternidade e aposta pola comunidade como motor da construci\u00f3n de sociedades dignas e decentes nas que non quede ningu\u00e9n atr\u00e1s. O \u00e9xito incuestionable foi o resultado dun evento ao que tranquilamente asistir\u00edan arredor de 200 persoas, e foi tam\u00e9n o catalizador que animou aos comuneiros e comuneiras de Salcidos a organizar outra festa cultural e gastron\u00f3mica este mes de outubro. Este ano o evento transcorrer\u00e1 ao longo de dous d\u00edas , o s\u00e1bado 4 e o domingo 5 de outubro. Haber\u00e1 novidades importantes como un concurso de escultura en pedra, e un programa amplo e diverso pensado para que os p\u00fablicos de todas as idades poidan gozar da festa comuneira. Ser\u00e1 un pracer para min volver estar na compa\u00f1\u00eda dos amigos da CM de Salcidos, e contarlles aos nosos lectores e lectoras, na vindeira edici\u00f3n da nosa publicaci\u00f3n, o m\u00e1is salientable do que aconteza. Para co\u00f1ecer polo mi\u00fado os actos programados, falamos con Benito Lomba, secretario da CM e vello amigo de ANP.<\/strong><\/p>\n\n\n\n<p><strong>Benito Lomba Secretario da CM de Salcidos.<\/strong><\/p>\n\n\n\n<h2 class=\"wp-block-heading\">\u201c <strong>A sa\u00fade da Comunidade de Montes de Salcidos est\u00e1 mellor que nunca\u201d<\/strong><\/h2>\n\n\n\n<p><strong>A festa que teremos o 4 e o 5 de outubro \u00e9 a segunda edici\u00f3n?<\/strong><\/p>\n\n\n\n<blockquote class=\"wp-block-quote is-layout-flow wp-block-quote-is-layout-flow\">\n<p>Non creo que se poida considerar a segunda edici\u00f3n, pois \u00e9 algo diferente ao evento que tivemos o ano pasado. No 2024 fixemos unha festa para celebrar a inauguraci\u00f3n do parque inclusivo do monte Torroso. O tempo non nos acompa\u00f1ou aquel d\u00eda, pero a\u00ednda as\u00ed o \u00e9xito da convocatoria foi indiscutible. Tanto \u00e9 as\u00ed que este ano anim\u00e1monos a repetir, pero de maneira diferente pois ser\u00e1n dous d\u00edas, o ano pasado foi s\u00f3 un, e con m\u00e1is actividades que o ano anterior. Digamos que a festa pode considerarse unha continuaci\u00f3n da do ano anterior.<\/p>\n<\/blockquote>\n\n\n\n<p><strong>En que horario desenvolverase o evento?<\/strong><\/p>\n\n\n\n<blockquote class=\"wp-block-quote is-layout-flow wp-block-quote-is-layout-flow\">\n<p>Quero dicir antes que nada que imos ter unha carpa en previsi\u00f3n de que poida chover. Comezamos o s\u00e1bado 4 de outubro \u00e1s 10:00 da ma\u00f1\u00e1 cun concurso de escultura en pedra. O concurso rematar\u00e1 \u00e1s 18:00 h. Haber\u00e1 unha competici\u00f3n de escultores, e os 3 primeiros ga\u00f1aran un premio dotado cunha pequena cantidade econ\u00f3mica, e tam\u00e9n haber\u00e1 unhas placas de recordo para os participantes que vai doar o Concello de A Guarda.<\/p>\n<\/blockquote>\n\n\n\n<p><strong>Quen decide os ga\u00f1adores?<\/strong><\/p>\n\n\n\n<blockquote class=\"wp-block-quote is-layout-flow wp-block-quote-is-layout-flow\">\n<p>Un xurado de 5 persoas.<\/p>\n<\/blockquote>\n\n\n\n<p><strong>Os escultores van levar as pezas feitas, ou esculpiranas al\u00ed?<\/strong><\/p>\n\n\n\n<blockquote class=\"wp-block-quote is-layout-flow wp-block-quote-is-layout-flow\">\n<p>Vanas facer al\u00ed, para que a xente mire como se traballa en pedra.<\/p>\n<\/blockquote>\n\n\n\n<p><strong>Os fondos para premiar aos ga\u00f1adores do concurso de onde saen?<\/strong><\/p>\n\n\n\n<blockquote class=\"wp-block-quote is-layout-flow wp-block-quote-is-layout-flow\">\n<p>Saen da Comunidade de Montes. Temos un orzamento para iso. Asemade imos tratar de recadar algo coa venda de comida e bebida. Poremos uns prezos populares pero coa intenci\u00f3n de podermos recadar algo que nos axude a sufragar os gastos do evento.<\/p>\n<\/blockquote>\n\n\n\n<p><strong>E no que respecta \u00e1 m\u00fasica que grupos nos van acompa\u00f1ar?<\/strong><\/p>\n\n\n\n<blockquote class=\"wp-block-quote is-layout-flow wp-block-quote-is-layout-flow\">\n<p>Teremos a compa\u00f1\u00eda do grupo de gaitas \u201c Entre o Mar e o R\u00edo\u201d pola ma\u00f1\u00e1, e pola tarde gozaremos co conxunto de pandereiteiras \u201c Airi\u00f1os de San Miguel\u201d.Por \u00faltimo, a partir das 20:00 teremos a actuaci\u00f3n do grupo de rock \u201c Cazac\u00fas\u201d pensando xa no p\u00fablico m\u00e1is novo ou nos que xa non somos tan novos pero tam\u00e9n nos gusta o rock.<\/p>\n<\/blockquote>\n\n\n\n<p><strong>Agora c\u00f3ntanos que teremos o domingo?<\/strong><\/p>\n\n\n\n<blockquote class=\"wp-block-quote is-layout-flow wp-block-quote-is-layout-flow\">\n<p>Comezamos tam\u00e9n \u00e1s 10:00 da ma\u00f1\u00e1 cunha exhibici\u00f3n de talla en madeira con motoserra. Teremos alg\u00fans especialistas verdadeiramente importantes que estou seguro que far\u00e1n as delicias de todos os asistentes. O mesmo grupo de gaitas do s\u00e1bado amenizar\u00e1 tam\u00e9n a ma\u00f1\u00e1 do domingo e teremos o noso prato estrela que \u00e9 o porco ib\u00e9rico ao espeto. O porco d\u00f3ao un dos membros da comunidade de montes, especialmente xeneroso e altru\u00edsta. Son porcos que cr\u00eda na casa. Xa o ano pasado fixemos o mesmo, e tivo un \u00e9xito enorme.<\/p>\n<\/blockquote>\n\n\n\n<blockquote class=\"wp-block-quote is-layout-flow wp-block-quote-is-layout-flow\">\n<p>Teremos tam\u00e9n variedade de comida e bebida para quen prefira outras opci\u00f3ns.<\/p>\n<\/blockquote>\n\n\n\n<p><strong>E como rematamos o domingo?<\/strong><\/p>\n\n\n\n<blockquote class=\"wp-block-quote is-layout-flow wp-block-quote-is-layout-flow\">\n<p>Teremos a actuaci\u00f3n do tr\u00edo Luetto, creo que xa co\u00f1eces \u00e1 cantante.<\/p>\n<\/blockquote>\n\n\n\n<p><strong>Si, vina o ano pasado e a verdade \u00e9 que impresionoume \u00e1 s\u00faa calidade, si.<\/strong><\/p>\n\n\n\n<blockquote class=\"wp-block-quote is-layout-flow wp-block-quote-is-layout-flow\">\n<p>\u00c9 unha aut\u00e9ntica estrela. Estou seguro de que gozaremos unha enormidade coa s\u00faa m\u00fasica. Finalizaremos o evento coa actuaci\u00f3n do grupo folk Deixandar. Tam\u00e9n quixera salientar que haber\u00e1 inchables para os m\u00e1is pequenos. Pretendemos cubrir todos os abanos de idade para que os asistentes poidan sentirse c\u00f3modos.<\/p>\n<\/blockquote>\n\n\n\n<p><strong>Como tedes as expectativas de asistencia?<\/strong><\/p>\n\n\n\n<blockquote class=\"wp-block-quote is-layout-flow wp-block-quote-is-layout-flow\">\n<p>Moi elevadas. Xa o ano pasado, cun tempo moi malo que fixo ese d\u00eda, a asistencia superou as nosas mellores expectativas, e confiamos en que este ano poida ser igual ou incluso mellor.<\/p>\n<\/blockquote>\n\n\n\n<p><strong>A entrada \u00e9 libre?<\/strong><\/p>\n\n\n\n<blockquote class=\"wp-block-quote is-layout-flow wp-block-quote-is-layout-flow\">\n<p>Si, totalmente.<\/p>\n<\/blockquote>\n\n\n\n<p><strong>O concello vai colaborar?<\/strong><\/p>\n\n\n\n<blockquote class=\"wp-block-quote is-layout-flow wp-block-quote-is-layout-flow\">\n<p>Si, van colaborar co palco, con valados, cos contedores de lixo e con diversas cuesti\u00f3ns lox\u00edsticas.<\/p>\n<\/blockquote>\n\n\n\n<p><strong>O alcalde vai asistir?<\/strong><\/p>\n\n\n\n<blockquote class=\"wp-block-quote is-layout-flow wp-block-quote-is-layout-flow\">\n<p>Si, si que vir\u00e1.<\/p>\n<\/blockquote>\n\n\n\n<p><strong>O ano pasado non veu<\/strong><\/p>\n\n\n\n<blockquote class=\"wp-block-quote is-layout-flow wp-block-quote-is-layout-flow\">\n<p>Non, por unha cuesti\u00f3n persoal foille imposible. Pero avisounos en tempo e forma de que non poder\u00eda asistir.<\/p>\n<\/blockquote>\n\n\n\n<p><strong>Rematamos Benito: Como est\u00e1 a sa\u00fade da CM?<\/strong><\/p>\n\n\n\n<blockquote class=\"wp-block-quote is-layout-flow wp-block-quote-is-layout-flow\">\n<p>Eu creo que est\u00e1 mellor que nunca. Estamos traballando moito e penso que estamos traballando ben.<\/p>\n<\/blockquote>\n\n\n\n<figure class=\"wp-block-image size-large\"><img loading=\"lazy\" decoding=\"async\" width=\"726\" height=\"1024\" src=\"https:\/\/www.anovapeneira.gal\/wp-content\/uploads\/2025\/09\/CARTEL-SALCIDOS-726x1024.jpg\" alt=\"\" class=\"wp-image-14638\" srcset=\"https:\/\/www.anovapeneira.gal\/wp-content\/uploads\/2025\/09\/CARTEL-SALCIDOS-726x1024.jpg 726w, https:\/\/www.anovapeneira.gal\/wp-content\/uploads\/2025\/09\/CARTEL-SALCIDOS-213x300.jpg 213w, https:\/\/www.anovapeneira.gal\/wp-content\/uploads\/2025\/09\/CARTEL-SALCIDOS-768x1083.jpg 768w, https:\/\/www.anovapeneira.gal\/wp-content\/uploads\/2025\/09\/CARTEL-SALCIDOS-1090x1536.jpg 1090w, https:\/\/www.anovapeneira.gal\/wp-content\/uploads\/2025\/09\/CARTEL-SALCIDOS.jpg 1135w\" sizes=\"auto, (max-width: 726px) 100vw, 726px\" \/><\/figure>\n\n\n\n<blockquote class=\"wp-block-quote is-layout-flow wp-block-quote-is-layout-flow\">\n<p><\/p>\n<\/blockquote>\n","protected":false},"excerpt":{"rendered":"<div class=\"mh-excerpt\"><p>En outubro do ano 2024, con motivo da inauguraci\u00f3n do parque inclusivo do monte Torroso, a Comunidade de Montes de Salcidos celebrou, no medio das chuvias e das br\u00e9temas caracter\u00edsticas do outono do Baixo Mi\u00f1o <a class=\"mh-excerpt-more\" href=\"https:\/\/www.anovapeneira.gal\/index.php\/2025\/09\/12\/os-proximos-4-e-5-de-outubro-a-comunidade-de-montes-salcidos-vistese-de-gala\/\" title=\"Os pr\u00f3ximos 4 e 5 de Outubro a Comunidade de Montes Salcidos v\u00edstese de gala\">[&#8230;]<\/a><\/p>\n<\/div>","protected":false},"author":2,"featured_media":14637,"comment_status":"open","ping_status":"open","sticky":false,"template":"","format":"standard","meta":{"_exactmetrics_skip_tracking":false,"_exactmetrics_sitenote_active":false,"_exactmetrics_sitenote_note":"","_exactmetrics_sitenote_category":0,"footnotes":""},"categories":[266],"tags":[238],"class_list":{"0":"post-14636","1":"post","2":"type-post","3":"status-publish","4":"format-standard","5":"has-post-thumbnail","7":"category-baixo-mino-entrevistas","8":"tag-concello-da-guarda"},"yoast_head":"<!-- This site is optimized with the Yoast SEO plugin v27.4 - https:\/\/yoast.com\/product\/yoast-seo-wordpress\/ -->\n<title>Os pr\u00f3ximos 4 e 5 de Outubro a Comunidade de Montes Salcidos v\u00edstese de gala -<\/title>\n<meta name=\"robots\" content=\"index, follow, max-snippet:-1, max-image-preview:large, max-video-preview:-1\" \/>\n<link rel=\"canonical\" href=\"https:\/\/www.anovapeneira.gal\/index.php\/2025\/09\/12\/os-proximos-4-e-5-de-outubro-a-comunidade-de-montes-salcidos-vistese-de-gala\/\" \/>\n<meta property=\"og:locale\" content=\"gl_ES\" \/>\n<meta property=\"og:type\" content=\"article\" \/>\n<meta property=\"og:title\" content=\"Os pr\u00f3ximos 4 e 5 de Outubro a Comunidade de Montes Salcidos v\u00edstese de gala -\" \/>\n<meta property=\"og:description\" content=\"En outubro do ano 2024, con motivo da inauguraci\u00f3n do parque inclusivo do monte Torroso, a Comunidade de Montes de Salcidos celebrou, no medio das chuvias e das br\u00e9temas caracter\u00edsticas do outono do Baixo Mi\u00f1o [...]\" \/>\n<meta property=\"og:url\" content=\"https:\/\/www.anovapeneira.gal\/index.php\/2025\/09\/12\/os-proximos-4-e-5-de-outubro-a-comunidade-de-montes-salcidos-vistese-de-gala\/\" \/>\n<meta property=\"article:publisher\" content=\"https:\/\/www.facebook.com\/anovapeneira\" \/>\n<meta property=\"article:published_time\" content=\"2025-09-12T08:00:56+00:00\" \/>\n<meta property=\"og:image\" content=\"https:\/\/www.anovapeneira.gal\/wp-content\/uploads\/2025\/09\/benito_lomba_Salcidos.png\" \/>\n\t<meta property=\"og:image:width\" content=\"720\" \/>\n\t<meta property=\"og:image:height\" content=\"432\" \/>\n\t<meta property=\"og:image:type\" content=\"image\/png\" \/>\n<meta name=\"author\" content=\"Tino Lago\" \/>\n<meta name=\"twitter:card\" content=\"summary_large_image\" \/>\n<meta name=\"twitter:creator\" content=\"@APeneira\" \/>\n<meta name=\"twitter:site\" content=\"@APeneira\" \/>\n<meta name=\"twitter:label1\" content=\"Escrito por\" \/>\n\t<meta name=\"twitter:data1\" content=\"Tino Lago\" \/>\n\t<meta name=\"twitter:label2\" content=\"Tempo de lectura\" \/>\n\t<meta name=\"twitter:data2\" content=\"3 minutos\" \/>\n<script type=\"application\/ld+json\" class=\"yoast-schema-graph\">{\"@context\":\"https:\\\/\\\/schema.org\",\"@graph\":[{\"@type\":\"Article\",\"@id\":\"https:\\\/\\\/www.anovapeneira.gal\\\/index.php\\\/2025\\\/09\\\/12\\\/os-proximos-4-e-5-de-outubro-a-comunidade-de-montes-salcidos-vistese-de-gala\\\/#article\",\"isPartOf\":{\"@id\":\"https:\\\/\\\/www.anovapeneira.gal\\\/index.php\\\/2025\\\/09\\\/12\\\/os-proximos-4-e-5-de-outubro-a-comunidade-de-montes-salcidos-vistese-de-gala\\\/\"},\"author\":{\"name\":\"Tino Lago\",\"@id\":\"https:\\\/\\\/www.anovapeneira.gal\\\/#\\\/schema\\\/person\\\/424dfe65e3070fd8a44d22d2c088762a\"},\"headline\":\"Os pr\u00f3ximos 4 e 5 de Outubro a Comunidade de Montes Salcidos v\u00edstese de gala\",\"datePublished\":\"2025-09-12T08:00:56+00:00\",\"mainEntityOfPage\":{\"@id\":\"https:\\\/\\\/www.anovapeneira.gal\\\/index.php\\\/2025\\\/09\\\/12\\\/os-proximos-4-e-5-de-outubro-a-comunidade-de-montes-salcidos-vistese-de-gala\\\/\"},\"wordCount\":957,\"commentCount\":0,\"publisher\":{\"@id\":\"https:\\\/\\\/www.anovapeneira.gal\\\/#organization\"},\"image\":{\"@id\":\"https:\\\/\\\/www.anovapeneira.gal\\\/index.php\\\/2025\\\/09\\\/12\\\/os-proximos-4-e-5-de-outubro-a-comunidade-de-montes-salcidos-vistese-de-gala\\\/#primaryimage\"},\"thumbnailUrl\":\"https:\\\/\\\/www.anovapeneira.gal\\\/wp-content\\\/uploads\\\/2025\\\/09\\\/benito_lomba_Salcidos.png\",\"keywords\":[\"Concello da Guarda\"],\"articleSection\":[\"Baixo Mi\u00f1o\"],\"inLanguage\":\"gl-ES\",\"potentialAction\":[{\"@type\":\"CommentAction\",\"name\":\"Comment\",\"target\":[\"https:\\\/\\\/www.anovapeneira.gal\\\/index.php\\\/2025\\\/09\\\/12\\\/os-proximos-4-e-5-de-outubro-a-comunidade-de-montes-salcidos-vistese-de-gala\\\/#respond\"]}]},{\"@type\":\"WebPage\",\"@id\":\"https:\\\/\\\/www.anovapeneira.gal\\\/index.php\\\/2025\\\/09\\\/12\\\/os-proximos-4-e-5-de-outubro-a-comunidade-de-montes-salcidos-vistese-de-gala\\\/\",\"url\":\"https:\\\/\\\/www.anovapeneira.gal\\\/index.php\\\/2025\\\/09\\\/12\\\/os-proximos-4-e-5-de-outubro-a-comunidade-de-montes-salcidos-vistese-de-gala\\\/\",\"name\":\"Os pr\u00f3ximos 4 e 5 de Outubro a Comunidade de Montes Salcidos v\u00edstese de gala -\",\"isPartOf\":{\"@id\":\"https:\\\/\\\/www.anovapeneira.gal\\\/#website\"},\"primaryImageOfPage\":{\"@id\":\"https:\\\/\\\/www.anovapeneira.gal\\\/index.php\\\/2025\\\/09\\\/12\\\/os-proximos-4-e-5-de-outubro-a-comunidade-de-montes-salcidos-vistese-de-gala\\\/#primaryimage\"},\"image\":{\"@id\":\"https:\\\/\\\/www.anovapeneira.gal\\\/index.php\\\/2025\\\/09\\\/12\\\/os-proximos-4-e-5-de-outubro-a-comunidade-de-montes-salcidos-vistese-de-gala\\\/#primaryimage\"},\"thumbnailUrl\":\"https:\\\/\\\/www.anovapeneira.gal\\\/wp-content\\\/uploads\\\/2025\\\/09\\\/benito_lomba_Salcidos.png\",\"datePublished\":\"2025-09-12T08:00:56+00:00\",\"breadcrumb\":{\"@id\":\"https:\\\/\\\/www.anovapeneira.gal\\\/index.php\\\/2025\\\/09\\\/12\\\/os-proximos-4-e-5-de-outubro-a-comunidade-de-montes-salcidos-vistese-de-gala\\\/#breadcrumb\"},\"inLanguage\":\"gl-ES\",\"potentialAction\":[{\"@type\":\"ReadAction\",\"target\":[\"https:\\\/\\\/www.anovapeneira.gal\\\/index.php\\\/2025\\\/09\\\/12\\\/os-proximos-4-e-5-de-outubro-a-comunidade-de-montes-salcidos-vistese-de-gala\\\/\"]}]},{\"@type\":\"ImageObject\",\"inLanguage\":\"gl-ES\",\"@id\":\"https:\\\/\\\/www.anovapeneira.gal\\\/index.php\\\/2025\\\/09\\\/12\\\/os-proximos-4-e-5-de-outubro-a-comunidade-de-montes-salcidos-vistese-de-gala\\\/#primaryimage\",\"url\":\"https:\\\/\\\/www.anovapeneira.gal\\\/wp-content\\\/uploads\\\/2025\\\/09\\\/benito_lomba_Salcidos.png\",\"contentUrl\":\"https:\\\/\\\/www.anovapeneira.gal\\\/wp-content\\\/uploads\\\/2025\\\/09\\\/benito_lomba_Salcidos.png\",\"width\":720,\"height\":432},{\"@type\":\"BreadcrumbList\",\"@id\":\"https:\\\/\\\/www.anovapeneira.gal\\\/index.php\\\/2025\\\/09\\\/12\\\/os-proximos-4-e-5-de-outubro-a-comunidade-de-montes-salcidos-vistese-de-gala\\\/#breadcrumb\",\"itemListElement\":[{\"@type\":\"ListItem\",\"position\":1,\"name\":\"Portada\",\"item\":\"https:\\\/\\\/www.anovapeneira.gal\\\/\"},{\"@type\":\"ListItem\",\"position\":2,\"name\":\"Os pr\u00f3ximos 4 e 5 de Outubro a Comunidade de Montes Salcidos v\u00edstese de gala\"}]},{\"@type\":\"WebSite\",\"@id\":\"https:\\\/\\\/www.anovapeneira.gal\\\/#website\",\"url\":\"https:\\\/\\\/www.anovapeneira.gal\\\/\",\"name\":\"\",\"description\":\"Xornal galego de informaci\u00f3n xeral Publicaci\u00f3n mensual de novas de Galicia e en especial dos Concellos da sur da provincia de Pontevedra.\",\"publisher\":{\"@id\":\"https:\\\/\\\/www.anovapeneira.gal\\\/#organization\"},\"potentialAction\":[{\"@type\":\"SearchAction\",\"target\":{\"@type\":\"EntryPoint\",\"urlTemplate\":\"https:\\\/\\\/www.anovapeneira.gal\\\/?s={search_term_string}\"},\"query-input\":{\"@type\":\"PropertyValueSpecification\",\"valueRequired\":true,\"valueName\":\"search_term_string\"}}],\"inLanguage\":\"gl-ES\"},{\"@type\":\"Organization\",\"@id\":\"https:\\\/\\\/www.anovapeneira.gal\\\/#organization\",\"name\":\"A Nova Peneira\",\"url\":\"https:\\\/\\\/www.anovapeneira.gal\\\/\",\"logo\":{\"@type\":\"ImageObject\",\"inLanguage\":\"gl-ES\",\"@id\":\"https:\\\/\\\/www.anovapeneira.gal\\\/#\\\/schema\\\/logo\\\/image\\\/\",\"url\":\"http:\\\/\\\/www.anovapeneira.gal\\\/wp-content\\\/uploads\\\/2019\\\/06\\\/logo_a_nova_peneira_portal_web.png\",\"contentUrl\":\"http:\\\/\\\/www.anovapeneira.gal\\\/wp-content\\\/uploads\\\/2019\\\/06\\\/logo_a_nova_peneira_portal_web.png\",\"width\":300,\"height\":100,\"caption\":\"A Nova Peneira\"},\"image\":{\"@id\":\"https:\\\/\\\/www.anovapeneira.gal\\\/#\\\/schema\\\/logo\\\/image\\\/\"},\"sameAs\":[\"https:\\\/\\\/www.facebook.com\\\/anovapeneira\",\"https:\\\/\\\/x.com\\\/APeneira\"]},{\"@type\":\"Person\",\"@id\":\"https:\\\/\\\/www.anovapeneira.gal\\\/#\\\/schema\\\/person\\\/424dfe65e3070fd8a44d22d2c088762a\",\"name\":\"Tino Lago\",\"image\":{\"@type\":\"ImageObject\",\"inLanguage\":\"gl-ES\",\"@id\":\"https:\\\/\\\/secure.gravatar.com\\\/avatar\\\/b3df6a06e44bab3111583b90f0f33a0379ee5e3d22cbadd232d39f21c30c62be?s=96&d=mm&r=g\",\"url\":\"https:\\\/\\\/secure.gravatar.com\\\/avatar\\\/b3df6a06e44bab3111583b90f0f33a0379ee5e3d22cbadd232d39f21c30c62be?s=96&d=mm&r=g\",\"contentUrl\":\"https:\\\/\\\/secure.gravatar.com\\\/avatar\\\/b3df6a06e44bab3111583b90f0f33a0379ee5e3d22cbadd232d39f21c30c62be?s=96&d=mm&r=g\",\"caption\":\"Tino Lago\"},\"sameAs\":[\"http:\\\/\\\/www.anovapeneira.gal\"],\"url\":\"https:\\\/\\\/www.anovapeneira.gal\\\/index.php\\\/author\\\/director\\\/\"}]}<\/script>\n<!-- \/ Yoast SEO plugin. -->","yoast_head_json":{"title":"Os pr\u00f3ximos 4 e 5 de Outubro a Comunidade de Montes Salcidos v\u00edstese de gala -","robots":{"index":"index","follow":"follow","max-snippet":"max-snippet:-1","max-image-preview":"max-image-preview:large","max-video-preview":"max-video-preview:-1"},"canonical":"https:\/\/www.anovapeneira.gal\/index.php\/2025\/09\/12\/os-proximos-4-e-5-de-outubro-a-comunidade-de-montes-salcidos-vistese-de-gala\/","og_locale":"gl_ES","og_type":"article","og_title":"Os pr\u00f3ximos 4 e 5 de Outubro a Comunidade de Montes Salcidos v\u00edstese de gala -","og_description":"En outubro do ano 2024, con motivo da inauguraci\u00f3n do parque inclusivo do monte Torroso, a Comunidade de Montes de Salcidos celebrou, no medio das chuvias e das br\u00e9temas caracter\u00edsticas do outono do Baixo Mi\u00f1o [...]","og_url":"https:\/\/www.anovapeneira.gal\/index.php\/2025\/09\/12\/os-proximos-4-e-5-de-outubro-a-comunidade-de-montes-salcidos-vistese-de-gala\/","article_publisher":"https:\/\/www.facebook.com\/anovapeneira","article_published_time":"2025-09-12T08:00:56+00:00","og_image":[{"width":720,"height":432,"url":"https:\/\/www.anovapeneira.gal\/wp-content\/uploads\/2025\/09\/benito_lomba_Salcidos.png","type":"image\/png"}],"author":"Tino Lago","twitter_card":"summary_large_image","twitter_creator":"@APeneira","twitter_site":"@APeneira","twitter_misc":{"Escrito por":"Tino Lago","Tempo de lectura":"3 minutos"},"schema":{"@context":"https:\/\/schema.org","@graph":[{"@type":"Article","@id":"https:\/\/www.anovapeneira.gal\/index.php\/2025\/09\/12\/os-proximos-4-e-5-de-outubro-a-comunidade-de-montes-salcidos-vistese-de-gala\/#article","isPartOf":{"@id":"https:\/\/www.anovapeneira.gal\/index.php\/2025\/09\/12\/os-proximos-4-e-5-de-outubro-a-comunidade-de-montes-salcidos-vistese-de-gala\/"},"author":{"name":"Tino Lago","@id":"https:\/\/www.anovapeneira.gal\/#\/schema\/person\/424dfe65e3070fd8a44d22d2c088762a"},"headline":"Os pr\u00f3ximos 4 e 5 de Outubro a Comunidade de Montes Salcidos v\u00edstese de gala","datePublished":"2025-09-12T08:00:56+00:00","mainEntityOfPage":{"@id":"https:\/\/www.anovapeneira.gal\/index.php\/2025\/09\/12\/os-proximos-4-e-5-de-outubro-a-comunidade-de-montes-salcidos-vistese-de-gala\/"},"wordCount":957,"commentCount":0,"publisher":{"@id":"https:\/\/www.anovapeneira.gal\/#organization"},"image":{"@id":"https:\/\/www.anovapeneira.gal\/index.php\/2025\/09\/12\/os-proximos-4-e-5-de-outubro-a-comunidade-de-montes-salcidos-vistese-de-gala\/#primaryimage"},"thumbnailUrl":"https:\/\/www.anovapeneira.gal\/wp-content\/uploads\/2025\/09\/benito_lomba_Salcidos.png","keywords":["Concello da Guarda"],"articleSection":["Baixo Mi\u00f1o"],"inLanguage":"gl-ES","potentialAction":[{"@type":"CommentAction","name":"Comment","target":["https:\/\/www.anovapeneira.gal\/index.php\/2025\/09\/12\/os-proximos-4-e-5-de-outubro-a-comunidade-de-montes-salcidos-vistese-de-gala\/#respond"]}]},{"@type":"WebPage","@id":"https:\/\/www.anovapeneira.gal\/index.php\/2025\/09\/12\/os-proximos-4-e-5-de-outubro-a-comunidade-de-montes-salcidos-vistese-de-gala\/","url":"https:\/\/www.anovapeneira.gal\/index.php\/2025\/09\/12\/os-proximos-4-e-5-de-outubro-a-comunidade-de-montes-salcidos-vistese-de-gala\/","name":"Os pr\u00f3ximos 4 e 5 de Outubro a Comunidade de Montes Salcidos v\u00edstese de gala -","isPartOf":{"@id":"https:\/\/www.anovapeneira.gal\/#website"},"primaryImageOfPage":{"@id":"https:\/\/www.anovapeneira.gal\/index.php\/2025\/09\/12\/os-proximos-4-e-5-de-outubro-a-comunidade-de-montes-salcidos-vistese-de-gala\/#primaryimage"},"image":{"@id":"https:\/\/www.anovapeneira.gal\/index.php\/2025\/09\/12\/os-proximos-4-e-5-de-outubro-a-comunidade-de-montes-salcidos-vistese-de-gala\/#primaryimage"},"thumbnailUrl":"https:\/\/www.anovapeneira.gal\/wp-content\/uploads\/2025\/09\/benito_lomba_Salcidos.png","datePublished":"2025-09-12T08:00:56+00:00","breadcrumb":{"@id":"https:\/\/www.anovapeneira.gal\/index.php\/2025\/09\/12\/os-proximos-4-e-5-de-outubro-a-comunidade-de-montes-salcidos-vistese-de-gala\/#breadcrumb"},"inLanguage":"gl-ES","potentialAction":[{"@type":"ReadAction","target":["https:\/\/www.anovapeneira.gal\/index.php\/2025\/09\/12\/os-proximos-4-e-5-de-outubro-a-comunidade-de-montes-salcidos-vistese-de-gala\/"]}]},{"@type":"ImageObject","inLanguage":"gl-ES","@id":"https:\/\/www.anovapeneira.gal\/index.php\/2025\/09\/12\/os-proximos-4-e-5-de-outubro-a-comunidade-de-montes-salcidos-vistese-de-gala\/#primaryimage","url":"https:\/\/www.anovapeneira.gal\/wp-content\/uploads\/2025\/09\/benito_lomba_Salcidos.png","contentUrl":"https:\/\/www.anovapeneira.gal\/wp-content\/uploads\/2025\/09\/benito_lomba_Salcidos.png","width":720,"height":432},{"@type":"BreadcrumbList","@id":"https:\/\/www.anovapeneira.gal\/index.php\/2025\/09\/12\/os-proximos-4-e-5-de-outubro-a-comunidade-de-montes-salcidos-vistese-de-gala\/#breadcrumb","itemListElement":[{"@type":"ListItem","position":1,"name":"Portada","item":"https:\/\/www.anovapeneira.gal\/"},{"@type":"ListItem","position":2,"name":"Os pr\u00f3ximos 4 e 5 de Outubro a Comunidade de Montes Salcidos v\u00edstese de gala"}]},{"@type":"WebSite","@id":"https:\/\/www.anovapeneira.gal\/#website","url":"https:\/\/www.anovapeneira.gal\/","name":"","description":"Xornal galego de informaci\u00f3n xeral Publicaci\u00f3n mensual de novas de Galicia e en especial dos Concellos da sur da provincia de Pontevedra.","publisher":{"@id":"https:\/\/www.anovapeneira.gal\/#organization"},"potentialAction":[{"@type":"SearchAction","target":{"@type":"EntryPoint","urlTemplate":"https:\/\/www.anovapeneira.gal\/?s={search_term_string}"},"query-input":{"@type":"PropertyValueSpecification","valueRequired":true,"valueName":"search_term_string"}}],"inLanguage":"gl-ES"},{"@type":"Organization","@id":"https:\/\/www.anovapeneira.gal\/#organization","name":"A Nova Peneira","url":"https:\/\/www.anovapeneira.gal\/","logo":{"@type":"ImageObject","inLanguage":"gl-ES","@id":"https:\/\/www.anovapeneira.gal\/#\/schema\/logo\/image\/","url":"http:\/\/www.anovapeneira.gal\/wp-content\/uploads\/2019\/06\/logo_a_nova_peneira_portal_web.png","contentUrl":"http:\/\/www.anovapeneira.gal\/wp-content\/uploads\/2019\/06\/logo_a_nova_peneira_portal_web.png","width":300,"height":100,"caption":"A Nova Peneira"},"image":{"@id":"https:\/\/www.anovapeneira.gal\/#\/schema\/logo\/image\/"},"sameAs":["https:\/\/www.facebook.com\/anovapeneira","https:\/\/x.com\/APeneira"]},{"@type":"Person","@id":"https:\/\/www.anovapeneira.gal\/#\/schema\/person\/424dfe65e3070fd8a44d22d2c088762a","name":"Tino Lago","image":{"@type":"ImageObject","inLanguage":"gl-ES","@id":"https:\/\/secure.gravatar.com\/avatar\/b3df6a06e44bab3111583b90f0f33a0379ee5e3d22cbadd232d39f21c30c62be?s=96&d=mm&r=g","url":"https:\/\/secure.gravatar.com\/avatar\/b3df6a06e44bab3111583b90f0f33a0379ee5e3d22cbadd232d39f21c30c62be?s=96&d=mm&r=g","contentUrl":"https:\/\/secure.gravatar.com\/avatar\/b3df6a06e44bab3111583b90f0f33a0379ee5e3d22cbadd232d39f21c30c62be?s=96&d=mm&r=g","caption":"Tino Lago"},"sameAs":["http:\/\/www.anovapeneira.gal"],"url":"https:\/\/www.anovapeneira.gal\/index.php\/author\/director\/"}]}},"jetpack_featured_media_url":"https:\/\/www.anovapeneira.gal\/wp-content\/uploads\/2025\/09\/benito_lomba_Salcidos.png","_links":{"self":[{"href":"https:\/\/www.anovapeneira.gal\/index.php\/wp-json\/wp\/v2\/posts\/14636","targetHints":{"allow":["GET"]}}],"collection":[{"href":"https:\/\/www.anovapeneira.gal\/index.php\/wp-json\/wp\/v2\/posts"}],"about":[{"href":"https:\/\/www.anovapeneira.gal\/index.php\/wp-json\/wp\/v2\/types\/post"}],"author":[{"embeddable":true,"href":"https:\/\/www.anovapeneira.gal\/index.php\/wp-json\/wp\/v2\/users\/2"}],"replies":[{"embeddable":true,"href":"https:\/\/www.anovapeneira.gal\/index.php\/wp-json\/wp\/v2\/comments?post=14636"}],"version-history":[{"count":1,"href":"https:\/\/www.anovapeneira.gal\/index.php\/wp-json\/wp\/v2\/posts\/14636\/revisions"}],"predecessor-version":[{"id":14639,"href":"https:\/\/www.anovapeneira.gal\/index.php\/wp-json\/wp\/v2\/posts\/14636\/revisions\/14639"}],"wp:featuredmedia":[{"embeddable":true,"href":"https:\/\/www.anovapeneira.gal\/index.php\/wp-json\/wp\/v2\/media\/14637"}],"wp:attachment":[{"href":"https:\/\/www.anovapeneira.gal\/index.php\/wp-json\/wp\/v2\/media?parent=14636"}],"wp:term":[{"taxonomy":"category","embeddable":true,"href":"https:\/\/www.anovapeneira.gal\/index.php\/wp-json\/wp\/v2\/categories?post=14636"},{"taxonomy":"post_tag","embeddable":true,"href":"https:\/\/www.anovapeneira.gal\/index.php\/wp-json\/wp\/v2\/tags?post=14636"}],"curies":[{"name":"wp","href":"https:\/\/api.w.org\/{rel}","templated":true}]}}