{"id":14653,"date":"2025-09-17T10:00:44","date_gmt":"2025-09-17T08:00:44","guid":{"rendered":"https:\/\/www.anovapeneira.gal\/?p=14653"},"modified":"2025-09-15T20:31:46","modified_gmt":"2025-09-15T18:31:46","slug":"120-anos-de-casa-gallardo","status":"publish","type":"post","link":"https:\/\/www.anovapeneira.gal\/index.php\/2025\/09\/17\/120-anos-de-casa-gallardo\/","title":{"rendered":"120 Anos de Casa Gallardo"},"content":{"rendered":"\n<p>O pasado 6 de setembro os amigos de Casa Gallardo en Puxeiros celebraron os seus primeiros 120 anos de vida. Waldo Rodr\u00edguez, o propietario do local, preparou unha fermosa festa que inclu\u00edu m\u00fasica,discursos, petiscos de balde para todas as persoas que se achegaron a compartir con eles un momento tan especial, e toneladas de emoci\u00f3n e afecto que amosaron centos de persoas que ao longo de todo o d\u00eda tiveron a amabilidade de parar no bar para expresarlle a Waldo e aos seus, o seu afecto e o seu respecto.<\/p>\n\n\n\n<p>N\u00f3s, como non pod\u00eda ser doutro modo, al\u00ed estivemos. Ti\u00f1a a intenci\u00f3n de conversar un anaco con Lolo fixo as delicias dos asistentes co mellor polbo do mundoWaldo e publicar as s\u00faas impresi\u00f3ns sobre como se estaba a desenvolver a festa. Pero foi imposible, ducias e ducias de veci\u00f1os e veci\u00f1as acheg\u00e1banse continuamente a Waldo a apertalo, darlle os parab\u00e9n e expresarlle o seu cari\u00f1o. Waldo, claramente emocionado, recib\u00eda o oc\u00e9ano de afecto coa s\u00faa amabilidade e a s\u00faa humildade caracter\u00edsticas. E eu, decid\u00edn deixar que gozara do seu d\u00eda en paz, sen molestalo nun momento en que o seu era que Waldo s\u00f3 estivese para recibir toda esa treboada de afecto que, ollo: non \u00e9 de balde, ga\u00f1ouno traballando detr\u00e1s da barra durante varias d\u00e9cadas nas que deu calidade no servizo, humanidade no trato persoal e fixo pa\u00eds, un d\u00eda si e outro tam\u00e9n, todos os d\u00edas do ano de todos os anos.<\/p>\n\n\n\n<figure class=\"wp-block-gallery has-nested-images columns-default is-cropped wp-block-gallery-1 is-layout-flex wp-block-gallery-is-layout-flex\">\n<figure class=\"wp-block-image size-large\"><img loading=\"lazy\" decoding=\"async\" width=\"768\" height=\"1024\" data-id=\"14655\" src=\"https:\/\/www.anovapeneira.gal\/wp-content\/uploads\/2025\/09\/O-Publico-ateigou-o-local-768x1024.jpg\" alt=\"\" class=\"wp-image-14655\" srcset=\"https:\/\/www.anovapeneira.gal\/wp-content\/uploads\/2025\/09\/O-Publico-ateigou-o-local-768x1024.jpg 768w, https:\/\/www.anovapeneira.gal\/wp-content\/uploads\/2025\/09\/O-Publico-ateigou-o-local-225x300.jpg 225w, https:\/\/www.anovapeneira.gal\/wp-content\/uploads\/2025\/09\/O-Publico-ateigou-o-local-1152x1536.jpg 1152w, https:\/\/www.anovapeneira.gal\/wp-content\/uploads\/2025\/09\/O-Publico-ateigou-o-local-1536x2048.jpg 1536w, https:\/\/www.anovapeneira.gal\/wp-content\/uploads\/2025\/09\/O-Publico-ateigou-o-local-scaled.jpg 1920w\" sizes=\"auto, (max-width: 768px) 100vw, 768px\" \/><figcaption class=\"wp-element-caption\">O P\u00fablico ateigou o local<\/figcaption><\/figure>\n\n\n\n<figure class=\"wp-block-image size-large\"><img loading=\"lazy\" decoding=\"async\" width=\"768\" height=\"1024\" data-id=\"14656\" src=\"https:\/\/www.anovapeneira.gal\/wp-content\/uploads\/2025\/09\/O-proximo-alcalde-de-Mos-e-uns-amigos-768x1024.jpg\" alt=\"\" class=\"wp-image-14656\" srcset=\"https:\/\/www.anovapeneira.gal\/wp-content\/uploads\/2025\/09\/O-proximo-alcalde-de-Mos-e-uns-amigos-768x1024.jpg 768w, https:\/\/www.anovapeneira.gal\/wp-content\/uploads\/2025\/09\/O-proximo-alcalde-de-Mos-e-uns-amigos-225x300.jpg 225w, https:\/\/www.anovapeneira.gal\/wp-content\/uploads\/2025\/09\/O-proximo-alcalde-de-Mos-e-uns-amigos-1152x1536.jpg 1152w, https:\/\/www.anovapeneira.gal\/wp-content\/uploads\/2025\/09\/O-proximo-alcalde-de-Mos-e-uns-amigos-1536x2048.jpg 1536w, https:\/\/www.anovapeneira.gal\/wp-content\/uploads\/2025\/09\/O-proximo-alcalde-de-Mos-e-uns-amigos-scaled.jpg 1920w\" sizes=\"auto, (max-width: 768px) 100vw, 768px\" \/><figcaption class=\"wp-element-caption\">O proximo alcalde de Mos e uns amigos<\/figcaption><\/figure>\n\n\n\n<figure class=\"wp-block-image size-large\"><img loading=\"lazy\" decoding=\"async\" width=\"768\" height=\"1024\" data-id=\"14657\" src=\"https:\/\/www.anovapeneira.gal\/wp-content\/uploads\/2025\/09\/O-grande-Waldo-Rodriguez-emocionado-768x1024.jpg\" alt=\"\" class=\"wp-image-14657\" srcset=\"https:\/\/www.anovapeneira.gal\/wp-content\/uploads\/2025\/09\/O-grande-Waldo-Rodriguez-emocionado-768x1024.jpg 768w, https:\/\/www.anovapeneira.gal\/wp-content\/uploads\/2025\/09\/O-grande-Waldo-Rodriguez-emocionado-225x300.jpg 225w, https:\/\/www.anovapeneira.gal\/wp-content\/uploads\/2025\/09\/O-grande-Waldo-Rodriguez-emocionado-1152x1536.jpg 1152w, https:\/\/www.anovapeneira.gal\/wp-content\/uploads\/2025\/09\/O-grande-Waldo-Rodriguez-emocionado-1536x2048.jpg 1536w, https:\/\/www.anovapeneira.gal\/wp-content\/uploads\/2025\/09\/O-grande-Waldo-Rodriguez-emocionado-scaled.jpg 1920w\" sizes=\"auto, (max-width: 768px) 100vw, 768px\" \/><figcaption class=\"wp-element-caption\">O grande Waldo Rodr\u00edguez emocionado<\/figcaption><\/figure>\n\n\n\n<figure class=\"wp-block-image size-large\"><img loading=\"lazy\" decoding=\"async\" width=\"768\" height=\"1024\" data-id=\"14658\" src=\"https:\/\/www.anovapeneira.gal\/wp-content\/uploads\/2025\/09\/MIRO-RIKITRI-Non-podia-faltar-768x1024.jpg\" alt=\"\" class=\"wp-image-14658\" srcset=\"https:\/\/www.anovapeneira.gal\/wp-content\/uploads\/2025\/09\/MIRO-RIKITRI-Non-podia-faltar-768x1024.jpg 768w, https:\/\/www.anovapeneira.gal\/wp-content\/uploads\/2025\/09\/MIRO-RIKITRI-Non-podia-faltar-225x300.jpg 225w, https:\/\/www.anovapeneira.gal\/wp-content\/uploads\/2025\/09\/MIRO-RIKITRI-Non-podia-faltar-1152x1536.jpg 1152w, https:\/\/www.anovapeneira.gal\/wp-content\/uploads\/2025\/09\/MIRO-RIKITRI-Non-podia-faltar-1536x2048.jpg 1536w, https:\/\/www.anovapeneira.gal\/wp-content\/uploads\/2025\/09\/MIRO-RIKITRI-Non-podia-faltar-scaled.jpg 1920w\" sizes=\"auto, (max-width: 768px) 100vw, 768px\" \/><figcaption class=\"wp-element-caption\">MIRO RIKITR\u00cd Non pod\u00eda faltar<\/figcaption><\/figure>\n\n\n\n<figure class=\"wp-block-image size-large\"><img loading=\"lazy\" decoding=\"async\" width=\"768\" height=\"1024\" data-id=\"14659\" src=\"https:\/\/www.anovapeneira.gal\/wp-content\/uploads\/2025\/09\/Eva-e-Paco-despois-de-toda-unha-vida-de-traballo-en-Puxeiros-gozando-da-merecida-xubilacion-768x1024.jpg\" alt=\"\" class=\"wp-image-14659\" srcset=\"https:\/\/www.anovapeneira.gal\/wp-content\/uploads\/2025\/09\/Eva-e-Paco-despois-de-toda-unha-vida-de-traballo-en-Puxeiros-gozando-da-merecida-xubilacion-768x1024.jpg 768w, https:\/\/www.anovapeneira.gal\/wp-content\/uploads\/2025\/09\/Eva-e-Paco-despois-de-toda-unha-vida-de-traballo-en-Puxeiros-gozando-da-merecida-xubilacion-225x300.jpg 225w, https:\/\/www.anovapeneira.gal\/wp-content\/uploads\/2025\/09\/Eva-e-Paco-despois-de-toda-unha-vida-de-traballo-en-Puxeiros-gozando-da-merecida-xubilacion-1152x1536.jpg 1152w, https:\/\/www.anovapeneira.gal\/wp-content\/uploads\/2025\/09\/Eva-e-Paco-despois-de-toda-unha-vida-de-traballo-en-Puxeiros-gozando-da-merecida-xubilacion-1536x2048.jpg 1536w, https:\/\/www.anovapeneira.gal\/wp-content\/uploads\/2025\/09\/Eva-e-Paco-despois-de-toda-unha-vida-de-traballo-en-Puxeiros-gozando-da-merecida-xubilacion-scaled.jpg 1920w\" sizes=\"auto, (max-width: 768px) 100vw, 768px\" \/><figcaption class=\"wp-element-caption\">Eva e Paco, despois de toda unha vida de traballo en Puxeiros gozando da merecida xubilaci\u00f3n<\/figcaption><\/figure>\n<\/figure>\n\n\n\n<p>Parab\u00e9ns amigo Waldo: ergo a mi\u00f1a copa de maneira metaf\u00f3rica para brindar contigo por unha longa vida para Casa Gallardo e para agradecerche que durante todos estes anos, e todos os que a\u00ednda che quedan no futuro, tiveras sido pobo: pobo galego.<\/p>\n\n\n\n<p>Vela\u00ed vai unha pequena reportaxe fotogr\u00e1fica dalg\u00fans dos teus moitos amigos e amigas que nos reunimos o 6 de setembro, para dicirche o moito que te queremos a ti, e o moito que lle ten dado Casa Gallardo ao pa\u00eds galego.<\/p>\n\n\n\n<p><\/p>\n","protected":false},"excerpt":{"rendered":"<div class=\"mh-excerpt\"><p>O pasado 6 de setembro os amigos de Casa Gallardo en Puxeiros celebraron os seus primeiros 120 anos de vida <a class=\"mh-excerpt-more\" href=\"https:\/\/www.anovapeneira.gal\/index.php\/2025\/09\/17\/120-anos-de-casa-gallardo\/\" title=\"120 Anos de Casa Gallardo\">[&#8230;]<\/a><\/p>\n<\/div>","protected":false},"author":1,"featured_media":0,"comment_status":"open","ping_status":"open","sticky":false,"template":"","format":"standard","meta":{"_exactmetrics_skip_tracking":false,"_exactmetrics_sitenote_active":false,"_exactmetrics_sitenote_note":"","_exactmetrics_sitenote_category":0,"footnotes":""},"categories":[1],"tags":[],"class_list":{"0":"post-14653","1":"post","2":"type-post","3":"status-publish","4":"format-standard","6":"category-sin-categoria"},"yoast_head":"<!-- This site is optimized with the Yoast SEO plugin v27.4 - https:\/\/yoast.com\/product\/yoast-seo-wordpress\/ -->\n<title>120 Anos de Casa Gallardo -<\/title>\n<meta name=\"robots\" content=\"index, follow, max-snippet:-1, max-image-preview:large, max-video-preview:-1\" \/>\n<link rel=\"canonical\" href=\"https:\/\/www.anovapeneira.gal\/index.php\/2025\/09\/17\/120-anos-de-casa-gallardo\/\" \/>\n<meta property=\"og:locale\" content=\"gl_ES\" \/>\n<meta property=\"og:type\" content=\"article\" \/>\n<meta property=\"og:title\" content=\"120 Anos de Casa Gallardo -\" \/>\n<meta property=\"og:description\" content=\"O pasado 6 de setembro os amigos de Casa Gallardo en Puxeiros celebraron os seus primeiros 120 anos de vida [...]\" \/>\n<meta property=\"og:url\" content=\"https:\/\/www.anovapeneira.gal\/index.php\/2025\/09\/17\/120-anos-de-casa-gallardo\/\" \/>\n<meta property=\"article:publisher\" content=\"https:\/\/www.facebook.com\/anovapeneira\" \/>\n<meta property=\"article:author\" content=\"https:\/\/www.facebook.com\/anovapeneira\/\" \/>\n<meta property=\"article:published_time\" content=\"2025-09-17T08:00:44+00:00\" \/>\n<meta property=\"og:image\" content=\"https:\/\/www.anovapeneira.gal\/wp-content\/uploads\/2025\/09\/O-Publico-ateigou-o-local-scaled.jpg\" \/>\n\t<meta property=\"og:image:width\" content=\"1920\" \/>\n\t<meta property=\"og:image:height\" content=\"2560\" \/>\n\t<meta property=\"og:image:type\" content=\"image\/jpeg\" \/>\n<meta name=\"author\" content=\"admin\" \/>\n<meta name=\"twitter:card\" content=\"summary_large_image\" \/>\n<meta name=\"twitter:creator\" content=\"@APeneira\" \/>\n<meta name=\"twitter:site\" content=\"@APeneira\" \/>\n<meta name=\"twitter:label1\" content=\"Escrito por\" \/>\n\t<meta name=\"twitter:data1\" content=\"admin\" \/>\n\t<meta name=\"twitter:label2\" content=\"Tempo de lectura\" \/>\n\t<meta name=\"twitter:data2\" content=\"2 minutos\" \/>\n<script type=\"application\/ld+json\" class=\"yoast-schema-graph\">{\"@context\":\"https:\\\/\\\/schema.org\",\"@graph\":[{\"@type\":\"Article\",\"@id\":\"https:\\\/\\\/www.anovapeneira.gal\\\/index.php\\\/2025\\\/09\\\/17\\\/120-anos-de-casa-gallardo\\\/#article\",\"isPartOf\":{\"@id\":\"https:\\\/\\\/www.anovapeneira.gal\\\/index.php\\\/2025\\\/09\\\/17\\\/120-anos-de-casa-gallardo\\\/\"},\"author\":{\"name\":\"admin\",\"@id\":\"https:\\\/\\\/www.anovapeneira.gal\\\/#\\\/schema\\\/person\\\/fb77575328c93684dae4b0075f90c2cb\"},\"headline\":\"120 Anos de Casa Gallardo\",\"datePublished\":\"2025-09-17T08:00:44+00:00\",\"mainEntityOfPage\":{\"@id\":\"https:\\\/\\\/www.anovapeneira.gal\\\/index.php\\\/2025\\\/09\\\/17\\\/120-anos-de-casa-gallardo\\\/\"},\"wordCount\":408,\"commentCount\":0,\"publisher\":{\"@id\":\"https:\\\/\\\/www.anovapeneira.gal\\\/#organization\"},\"image\":{\"@id\":\"https:\\\/\\\/www.anovapeneira.gal\\\/index.php\\\/2025\\\/09\\\/17\\\/120-anos-de-casa-gallardo\\\/#primaryimage\"},\"thumbnailUrl\":\"https:\\\/\\\/www.anovapeneira.gal\\\/wp-content\\\/uploads\\\/2025\\\/09\\\/O-Publico-ateigou-o-local-768x1024.jpg\",\"articleSection\":[\"Sin categor\u00eda\"],\"inLanguage\":\"gl-ES\",\"potentialAction\":[{\"@type\":\"CommentAction\",\"name\":\"Comment\",\"target\":[\"https:\\\/\\\/www.anovapeneira.gal\\\/index.php\\\/2025\\\/09\\\/17\\\/120-anos-de-casa-gallardo\\\/#respond\"]}]},{\"@type\":\"WebPage\",\"@id\":\"https:\\\/\\\/www.anovapeneira.gal\\\/index.php\\\/2025\\\/09\\\/17\\\/120-anos-de-casa-gallardo\\\/\",\"url\":\"https:\\\/\\\/www.anovapeneira.gal\\\/index.php\\\/2025\\\/09\\\/17\\\/120-anos-de-casa-gallardo\\\/\",\"name\":\"120 Anos de Casa Gallardo -\",\"isPartOf\":{\"@id\":\"https:\\\/\\\/www.anovapeneira.gal\\\/#website\"},\"primaryImageOfPage\":{\"@id\":\"https:\\\/\\\/www.anovapeneira.gal\\\/index.php\\\/2025\\\/09\\\/17\\\/120-anos-de-casa-gallardo\\\/#primaryimage\"},\"image\":{\"@id\":\"https:\\\/\\\/www.anovapeneira.gal\\\/index.php\\\/2025\\\/09\\\/17\\\/120-anos-de-casa-gallardo\\\/#primaryimage\"},\"thumbnailUrl\":\"https:\\\/\\\/www.anovapeneira.gal\\\/wp-content\\\/uploads\\\/2025\\\/09\\\/O-Publico-ateigou-o-local-768x1024.jpg\",\"datePublished\":\"2025-09-17T08:00:44+00:00\",\"breadcrumb\":{\"@id\":\"https:\\\/\\\/www.anovapeneira.gal\\\/index.php\\\/2025\\\/09\\\/17\\\/120-anos-de-casa-gallardo\\\/#breadcrumb\"},\"inLanguage\":\"gl-ES\",\"potentialAction\":[{\"@type\":\"ReadAction\",\"target\":[\"https:\\\/\\\/www.anovapeneira.gal\\\/index.php\\\/2025\\\/09\\\/17\\\/120-anos-de-casa-gallardo\\\/\"]}]},{\"@type\":\"ImageObject\",\"inLanguage\":\"gl-ES\",\"@id\":\"https:\\\/\\\/www.anovapeneira.gal\\\/index.php\\\/2025\\\/09\\\/17\\\/120-anos-de-casa-gallardo\\\/#primaryimage\",\"url\":\"https:\\\/\\\/www.anovapeneira.gal\\\/wp-content\\\/uploads\\\/2025\\\/09\\\/O-Publico-ateigou-o-local-scaled.jpg\",\"contentUrl\":\"https:\\\/\\\/www.anovapeneira.gal\\\/wp-content\\\/uploads\\\/2025\\\/09\\\/O-Publico-ateigou-o-local-scaled.jpg\",\"width\":1920,\"height\":2560},{\"@type\":\"BreadcrumbList\",\"@id\":\"https:\\\/\\\/www.anovapeneira.gal\\\/index.php\\\/2025\\\/09\\\/17\\\/120-anos-de-casa-gallardo\\\/#breadcrumb\",\"itemListElement\":[{\"@type\":\"ListItem\",\"position\":1,\"name\":\"Portada\",\"item\":\"https:\\\/\\\/www.anovapeneira.gal\\\/\"},{\"@type\":\"ListItem\",\"position\":2,\"name\":\"120 Anos de Casa Gallardo\"}]},{\"@type\":\"WebSite\",\"@id\":\"https:\\\/\\\/www.anovapeneira.gal\\\/#website\",\"url\":\"https:\\\/\\\/www.anovapeneira.gal\\\/\",\"name\":\"\",\"description\":\"Xornal galego de informaci\u00f3n xeral Publicaci\u00f3n mensual de novas de Galicia e en especial dos Concellos da sur da provincia de Pontevedra.\",\"publisher\":{\"@id\":\"https:\\\/\\\/www.anovapeneira.gal\\\/#organization\"},\"potentialAction\":[{\"@type\":\"SearchAction\",\"target\":{\"@type\":\"EntryPoint\",\"urlTemplate\":\"https:\\\/\\\/www.anovapeneira.gal\\\/?s={search_term_string}\"},\"query-input\":{\"@type\":\"PropertyValueSpecification\",\"valueRequired\":true,\"valueName\":\"search_term_string\"}}],\"inLanguage\":\"gl-ES\"},{\"@type\":\"Organization\",\"@id\":\"https:\\\/\\\/www.anovapeneira.gal\\\/#organization\",\"name\":\"A Nova Peneira\",\"url\":\"https:\\\/\\\/www.anovapeneira.gal\\\/\",\"logo\":{\"@type\":\"ImageObject\",\"inLanguage\":\"gl-ES\",\"@id\":\"https:\\\/\\\/www.anovapeneira.gal\\\/#\\\/schema\\\/logo\\\/image\\\/\",\"url\":\"http:\\\/\\\/www.anovapeneira.gal\\\/wp-content\\\/uploads\\\/2019\\\/06\\\/logo_a_nova_peneira_portal_web.png\",\"contentUrl\":\"http:\\\/\\\/www.anovapeneira.gal\\\/wp-content\\\/uploads\\\/2019\\\/06\\\/logo_a_nova_peneira_portal_web.png\",\"width\":300,\"height\":100,\"caption\":\"A Nova Peneira\"},\"image\":{\"@id\":\"https:\\\/\\\/www.anovapeneira.gal\\\/#\\\/schema\\\/logo\\\/image\\\/\"},\"sameAs\":[\"https:\\\/\\\/www.facebook.com\\\/anovapeneira\",\"https:\\\/\\\/x.com\\\/APeneira\"]},{\"@type\":\"Person\",\"@id\":\"https:\\\/\\\/www.anovapeneira.gal\\\/#\\\/schema\\\/person\\\/fb77575328c93684dae4b0075f90c2cb\",\"name\":\"admin\",\"image\":{\"@type\":\"ImageObject\",\"inLanguage\":\"gl-ES\",\"@id\":\"https:\\\/\\\/secure.gravatar.com\\\/avatar\\\/df15c36ce375448325e0bc870e91bbee95947a002eb98dcfd6c2b053e18843e9?s=96&d=mm&r=g\",\"url\":\"https:\\\/\\\/secure.gravatar.com\\\/avatar\\\/df15c36ce375448325e0bc870e91bbee95947a002eb98dcfd6c2b053e18843e9?s=96&d=mm&r=g\",\"contentUrl\":\"https:\\\/\\\/secure.gravatar.com\\\/avatar\\\/df15c36ce375448325e0bc870e91bbee95947a002eb98dcfd6c2b053e18843e9?s=96&d=mm&r=g\",\"caption\":\"admin\"},\"description\":\"Xornal galego de informaci\u00f3n xeral Publicaci\u00f3n mensual de novas de Galicia e en especial dos Concellos da sur da provincia de Pontevedra.\",\"sameAs\":[\"http:\\\/\\\/www.anovapeneira.gal\\\/\",\"https:\\\/\\\/www.facebook.com\\\/anovapeneira\\\/\"],\"url\":\"https:\\\/\\\/www.anovapeneira.gal\\\/index.php\\\/author\\\/admin\\\/\"}]}<\/script>\n<!-- \/ Yoast SEO plugin. -->","yoast_head_json":{"title":"120 Anos de Casa Gallardo -","robots":{"index":"index","follow":"follow","max-snippet":"max-snippet:-1","max-image-preview":"max-image-preview:large","max-video-preview":"max-video-preview:-1"},"canonical":"https:\/\/www.anovapeneira.gal\/index.php\/2025\/09\/17\/120-anos-de-casa-gallardo\/","og_locale":"gl_ES","og_type":"article","og_title":"120 Anos de Casa Gallardo -","og_description":"O pasado 6 de setembro os amigos de Casa Gallardo en Puxeiros celebraron os seus primeiros 120 anos de vida [...]","og_url":"https:\/\/www.anovapeneira.gal\/index.php\/2025\/09\/17\/120-anos-de-casa-gallardo\/","article_publisher":"https:\/\/www.facebook.com\/anovapeneira","article_author":"https:\/\/www.facebook.com\/anovapeneira\/","article_published_time":"2025-09-17T08:00:44+00:00","og_image":[{"width":1920,"height":2560,"url":"https:\/\/www.anovapeneira.gal\/wp-content\/uploads\/2025\/09\/O-Publico-ateigou-o-local-scaled.jpg","type":"image\/jpeg"}],"author":"admin","twitter_card":"summary_large_image","twitter_creator":"@APeneira","twitter_site":"@APeneira","twitter_misc":{"Escrito por":"admin","Tempo de lectura":"2 minutos"},"schema":{"@context":"https:\/\/schema.org","@graph":[{"@type":"Article","@id":"https:\/\/www.anovapeneira.gal\/index.php\/2025\/09\/17\/120-anos-de-casa-gallardo\/#article","isPartOf":{"@id":"https:\/\/www.anovapeneira.gal\/index.php\/2025\/09\/17\/120-anos-de-casa-gallardo\/"},"author":{"name":"admin","@id":"https:\/\/www.anovapeneira.gal\/#\/schema\/person\/fb77575328c93684dae4b0075f90c2cb"},"headline":"120 Anos de Casa Gallardo","datePublished":"2025-09-17T08:00:44+00:00","mainEntityOfPage":{"@id":"https:\/\/www.anovapeneira.gal\/index.php\/2025\/09\/17\/120-anos-de-casa-gallardo\/"},"wordCount":408,"commentCount":0,"publisher":{"@id":"https:\/\/www.anovapeneira.gal\/#organization"},"image":{"@id":"https:\/\/www.anovapeneira.gal\/index.php\/2025\/09\/17\/120-anos-de-casa-gallardo\/#primaryimage"},"thumbnailUrl":"https:\/\/www.anovapeneira.gal\/wp-content\/uploads\/2025\/09\/O-Publico-ateigou-o-local-768x1024.jpg","articleSection":["Sin categor\u00eda"],"inLanguage":"gl-ES","potentialAction":[{"@type":"CommentAction","name":"Comment","target":["https:\/\/www.anovapeneira.gal\/index.php\/2025\/09\/17\/120-anos-de-casa-gallardo\/#respond"]}]},{"@type":"WebPage","@id":"https:\/\/www.anovapeneira.gal\/index.php\/2025\/09\/17\/120-anos-de-casa-gallardo\/","url":"https:\/\/www.anovapeneira.gal\/index.php\/2025\/09\/17\/120-anos-de-casa-gallardo\/","name":"120 Anos de Casa Gallardo -","isPartOf":{"@id":"https:\/\/www.anovapeneira.gal\/#website"},"primaryImageOfPage":{"@id":"https:\/\/www.anovapeneira.gal\/index.php\/2025\/09\/17\/120-anos-de-casa-gallardo\/#primaryimage"},"image":{"@id":"https:\/\/www.anovapeneira.gal\/index.php\/2025\/09\/17\/120-anos-de-casa-gallardo\/#primaryimage"},"thumbnailUrl":"https:\/\/www.anovapeneira.gal\/wp-content\/uploads\/2025\/09\/O-Publico-ateigou-o-local-768x1024.jpg","datePublished":"2025-09-17T08:00:44+00:00","breadcrumb":{"@id":"https:\/\/www.anovapeneira.gal\/index.php\/2025\/09\/17\/120-anos-de-casa-gallardo\/#breadcrumb"},"inLanguage":"gl-ES","potentialAction":[{"@type":"ReadAction","target":["https:\/\/www.anovapeneira.gal\/index.php\/2025\/09\/17\/120-anos-de-casa-gallardo\/"]}]},{"@type":"ImageObject","inLanguage":"gl-ES","@id":"https:\/\/www.anovapeneira.gal\/index.php\/2025\/09\/17\/120-anos-de-casa-gallardo\/#primaryimage","url":"https:\/\/www.anovapeneira.gal\/wp-content\/uploads\/2025\/09\/O-Publico-ateigou-o-local-scaled.jpg","contentUrl":"https:\/\/www.anovapeneira.gal\/wp-content\/uploads\/2025\/09\/O-Publico-ateigou-o-local-scaled.jpg","width":1920,"height":2560},{"@type":"BreadcrumbList","@id":"https:\/\/www.anovapeneira.gal\/index.php\/2025\/09\/17\/120-anos-de-casa-gallardo\/#breadcrumb","itemListElement":[{"@type":"ListItem","position":1,"name":"Portada","item":"https:\/\/www.anovapeneira.gal\/"},{"@type":"ListItem","position":2,"name":"120 Anos de Casa Gallardo"}]},{"@type":"WebSite","@id":"https:\/\/www.anovapeneira.gal\/#website","url":"https:\/\/www.anovapeneira.gal\/","name":"","description":"Xornal galego de informaci\u00f3n xeral Publicaci\u00f3n mensual de novas de Galicia e en especial dos Concellos da sur da provincia de Pontevedra.","publisher":{"@id":"https:\/\/www.anovapeneira.gal\/#organization"},"potentialAction":[{"@type":"SearchAction","target":{"@type":"EntryPoint","urlTemplate":"https:\/\/www.anovapeneira.gal\/?s={search_term_string}"},"query-input":{"@type":"PropertyValueSpecification","valueRequired":true,"valueName":"search_term_string"}}],"inLanguage":"gl-ES"},{"@type":"Organization","@id":"https:\/\/www.anovapeneira.gal\/#organization","name":"A Nova Peneira","url":"https:\/\/www.anovapeneira.gal\/","logo":{"@type":"ImageObject","inLanguage":"gl-ES","@id":"https:\/\/www.anovapeneira.gal\/#\/schema\/logo\/image\/","url":"http:\/\/www.anovapeneira.gal\/wp-content\/uploads\/2019\/06\/logo_a_nova_peneira_portal_web.png","contentUrl":"http:\/\/www.anovapeneira.gal\/wp-content\/uploads\/2019\/06\/logo_a_nova_peneira_portal_web.png","width":300,"height":100,"caption":"A Nova Peneira"},"image":{"@id":"https:\/\/www.anovapeneira.gal\/#\/schema\/logo\/image\/"},"sameAs":["https:\/\/www.facebook.com\/anovapeneira","https:\/\/x.com\/APeneira"]},{"@type":"Person","@id":"https:\/\/www.anovapeneira.gal\/#\/schema\/person\/fb77575328c93684dae4b0075f90c2cb","name":"admin","image":{"@type":"ImageObject","inLanguage":"gl-ES","@id":"https:\/\/secure.gravatar.com\/avatar\/df15c36ce375448325e0bc870e91bbee95947a002eb98dcfd6c2b053e18843e9?s=96&d=mm&r=g","url":"https:\/\/secure.gravatar.com\/avatar\/df15c36ce375448325e0bc870e91bbee95947a002eb98dcfd6c2b053e18843e9?s=96&d=mm&r=g","contentUrl":"https:\/\/secure.gravatar.com\/avatar\/df15c36ce375448325e0bc870e91bbee95947a002eb98dcfd6c2b053e18843e9?s=96&d=mm&r=g","caption":"admin"},"description":"Xornal galego de informaci\u00f3n xeral Publicaci\u00f3n mensual de novas de Galicia e en especial dos Concellos da sur da provincia de Pontevedra.","sameAs":["http:\/\/www.anovapeneira.gal\/","https:\/\/www.facebook.com\/anovapeneira\/"],"url":"https:\/\/www.anovapeneira.gal\/index.php\/author\/admin\/"}]}},"jetpack_featured_media_url":"","_links":{"self":[{"href":"https:\/\/www.anovapeneira.gal\/index.php\/wp-json\/wp\/v2\/posts\/14653","targetHints":{"allow":["GET"]}}],"collection":[{"href":"https:\/\/www.anovapeneira.gal\/index.php\/wp-json\/wp\/v2\/posts"}],"about":[{"href":"https:\/\/www.anovapeneira.gal\/index.php\/wp-json\/wp\/v2\/types\/post"}],"author":[{"embeddable":true,"href":"https:\/\/www.anovapeneira.gal\/index.php\/wp-json\/wp\/v2\/users\/1"}],"replies":[{"embeddable":true,"href":"https:\/\/www.anovapeneira.gal\/index.php\/wp-json\/wp\/v2\/comments?post=14653"}],"version-history":[{"count":1,"href":"https:\/\/www.anovapeneira.gal\/index.php\/wp-json\/wp\/v2\/posts\/14653\/revisions"}],"predecessor-version":[{"id":14660,"href":"https:\/\/www.anovapeneira.gal\/index.php\/wp-json\/wp\/v2\/posts\/14653\/revisions\/14660"}],"wp:attachment":[{"href":"https:\/\/www.anovapeneira.gal\/index.php\/wp-json\/wp\/v2\/media?parent=14653"}],"wp:term":[{"taxonomy":"category","embeddable":true,"href":"https:\/\/www.anovapeneira.gal\/index.php\/wp-json\/wp\/v2\/categories?post=14653"},{"taxonomy":"post_tag","embeddable":true,"href":"https:\/\/www.anovapeneira.gal\/index.php\/wp-json\/wp\/v2\/tags?post=14653"}],"curies":[{"name":"wp","href":"https:\/\/api.w.org\/{rel}","templated":true}]}}