{"id":14661,"date":"2025-09-17T12:00:16","date_gmt":"2025-09-17T10:00:16","guid":{"rendered":"https:\/\/www.anovapeneira.gal\/?p=14661"},"modified":"2025-09-15T20:38:40","modified_gmt":"2025-09-15T18:38:40","slug":"carrero-volve-mentir-esta-vez-coa-apertura-da-rua-baixo-muro","status":"publish","type":"post","link":"https:\/\/www.anovapeneira.gal\/index.php\/2025\/09\/17\/carrero-volve-mentir-esta-vez-coa-apertura-da-rua-baixo-muro\/","title":{"rendered":"Carrero volve mentir. Esta vez coa apertura da R\u00faa Baixo Muro"},"content":{"rendered":"\n<p><em>O Grupo Municipal Socialista quere advertir \u00e1 veci\u00f1anza dunha realidade que xa ningu\u00e9n pode ignorar: o alcalde da Guarda, Roberto \u00c1lvarez Carrero, minte. Minte con descaro e faino constantemente.<\/em><\/p>\n\n\n\n<p>Nestes d\u00edas vimos como, a trav\u00e9s das redes sociais do Concello, aseguraba que \u201cnon houbera avances significativos\u201d na apertura da r\u00faa Baixo Muro &#8211; Ireira ata a compra da parcela realizada agora. Iso \u00e9 unha MENTIRA en mai\u00fasculas.<\/p>\n\n\n\n<p>Cando Carrero chegou ao goberno en 2023 xa o PSOE xestionara a modificaci\u00f3n puntual do Plan Xeral que era obrigatorio facer para poder abrir a r\u00faa. Xa lle quedara o proxecto redactado e conseguidos todos os permisos de Patrimonio. Incluso ti\u00f1a di\u00f1eiro para facelo, porque se deixara reservado.<\/p>\n\n\n\n<p>Sen todos eses tr\u00e1mites previos, a apertura ser\u00eda imposible. E todo iso estaba feito antes de que Carrero chegase ao goberno, e a pesar de ter todo iso avanzado retrasou esta obra dous anos, e agora quere po\u00f1erse medallas. \u00c9 incrible a falta de honestidade deste rexidor.<\/p>\n\n\n\n<p>Os feitos est\u00e1n a\u00ed, e son p\u00fablicos, e poden comprobarse na web do concello en noticias publicadas en 2019, 2020 e 2022.<\/p>\n\n\n\n<p>Pero o problema non \u00e9 s\u00f3 esta mentira. O problema \u00e9 que non \u00e9 a primeira, nin a segunda. Xa nos enganou co tema dos cobros da Deputaci\u00f3n, tam\u00e9n enganou cando afirmou que o Concello quedara sen fondos tras o paso dos\/as socialistas, e agora volve facelo con este asunto. Sempre o mesmo patr\u00f3n: negar a evidencia e manipular a realidade.<\/p>\n\n\n\n<p>Un alcalde pode equivocarse, pode ter outra visi\u00f3n, pode mesmo discrepar. O que non pode facer \u00e9 mentir sistematicamente \u00e1 cidadan\u00eda. Porque cando se perde a confianza, p\u00e9rdese todo.<\/p>\n\n\n\n<p>N\u00f3s non imos permitir que se reescriba a historia ao gusto de Carrero. A apertura desta r\u00faa \u00e9 froito de anos de traballo e planificaci\u00f3n, e a veci\u00f1anza ten dereito a co\u00f1ecer a verdade.<\/p>\n\n\n\n<p>A Guarda precisa un goberno serio, honesto e que mire polos intereses com\u00fans, non un alcalde que fai da mentira o seu xeito&nbsp;de&nbsp;gobernar.<\/p>\n\n\n\n<p>A Guarda, a 8 de setembro de 2025<\/p>\n","protected":false},"excerpt":{"rendered":"<div class=\"mh-excerpt\"><p>O Grupo Municipal Socialista quere advertir \u00e1 veci\u00f1anza dunha realidade que xa ningu\u00e9n pode ignorar: o alcalde da Guarda, Roberto \u00c1lvarez Carrero, minte. Minte con descaro e faino constantemente. <a class=\"mh-excerpt-more\" href=\"https:\/\/www.anovapeneira.gal\/index.php\/2025\/09\/17\/carrero-volve-mentir-esta-vez-coa-apertura-da-rua-baixo-muro\/\" title=\"Carrero volve mentir. Esta vez coa apertura da R\u00faa Baixo Muro\">[&#8230;]<\/a><\/p>\n<\/div>","protected":false},"author":3,"featured_media":14662,"comment_status":"open","ping_status":"open","sticky":false,"template":"","format":"standard","meta":{"_exactmetrics_skip_tracking":false,"_exactmetrics_sitenote_active":false,"_exactmetrics_sitenote_note":"","_exactmetrics_sitenote_category":0,"footnotes":""},"categories":[21],"tags":[238],"class_list":{"0":"post-14661","1":"post","2":"type-post","3":"status-publish","4":"format-standard","5":"has-post-thumbnail","7":"category-baixo-mino","8":"tag-concello-da-guarda"},"yoast_head":"<!-- This site is optimized with the Yoast SEO plugin v27.4 - https:\/\/yoast.com\/product\/yoast-seo-wordpress\/ -->\n<title>Carrero volve mentir. Esta vez coa apertura da R\u00faa Baixo Muro -<\/title>\n<meta name=\"robots\" content=\"index, follow, max-snippet:-1, max-image-preview:large, max-video-preview:-1\" \/>\n<link rel=\"canonical\" href=\"https:\/\/www.anovapeneira.gal\/index.php\/2025\/09\/17\/carrero-volve-mentir-esta-vez-coa-apertura-da-rua-baixo-muro\/\" \/>\n<meta property=\"og:locale\" content=\"gl_ES\" \/>\n<meta property=\"og:type\" content=\"article\" \/>\n<meta property=\"og:title\" content=\"Carrero volve mentir. Esta vez coa apertura da R\u00faa Baixo Muro -\" \/>\n<meta property=\"og:description\" content=\"O Grupo Municipal Socialista quere advertir \u00e1 veci\u00f1anza dunha realidade que xa ningu\u00e9n pode ignorar: o alcalde da Guarda, Roberto \u00c1lvarez Carrero, minte. Minte con descaro e faino constantemente. [...]\" \/>\n<meta property=\"og:url\" content=\"https:\/\/www.anovapeneira.gal\/index.php\/2025\/09\/17\/carrero-volve-mentir-esta-vez-coa-apertura-da-rua-baixo-muro\/\" \/>\n<meta property=\"article:publisher\" content=\"https:\/\/www.facebook.com\/anovapeneira\" \/>\n<meta property=\"article:published_time\" content=\"2025-09-17T10:00:16+00:00\" \/>\n<meta property=\"og:image\" content=\"https:\/\/www.anovapeneira.gal\/wp-content\/uploads\/2025\/09\/baixo_muro.jpg\" \/>\n\t<meta property=\"og:image:width\" content=\"720\" \/>\n\t<meta property=\"og:image:height\" content=\"432\" \/>\n\t<meta property=\"og:image:type\" content=\"image\/jpeg\" \/>\n<meta name=\"author\" content=\"Redacci\u00f3n A Nova Peneira\" \/>\n<meta name=\"twitter:card\" content=\"summary_large_image\" \/>\n<meta name=\"twitter:creator\" content=\"@APeneira\" \/>\n<meta name=\"twitter:site\" content=\"@APeneira\" \/>\n<meta name=\"twitter:label1\" content=\"Escrito por\" \/>\n\t<meta name=\"twitter:data1\" content=\"Redacci\u00f3n A Nova Peneira\" \/>\n\t<meta name=\"twitter:label2\" content=\"Tempo de lectura\" \/>\n\t<meta name=\"twitter:data2\" content=\"3 minutos\" \/>\n<script type=\"application\/ld+json\" class=\"yoast-schema-graph\">{\"@context\":\"https:\\\/\\\/schema.org\",\"@graph\":[{\"@type\":\"Article\",\"@id\":\"https:\\\/\\\/www.anovapeneira.gal\\\/index.php\\\/2025\\\/09\\\/17\\\/carrero-volve-mentir-esta-vez-coa-apertura-da-rua-baixo-muro\\\/#article\",\"isPartOf\":{\"@id\":\"https:\\\/\\\/www.anovapeneira.gal\\\/index.php\\\/2025\\\/09\\\/17\\\/carrero-volve-mentir-esta-vez-coa-apertura-da-rua-baixo-muro\\\/\"},\"author\":{\"name\":\"Redacci\u00f3n A Nova Peneira\",\"@id\":\"https:\\\/\\\/www.anovapeneira.gal\\\/#\\\/schema\\\/person\\\/b93e3f8932e3f8da96334607eb6ac6aa\"},\"headline\":\"Carrero volve mentir. Esta vez coa apertura da R\u00faa Baixo Muro\",\"datePublished\":\"2025-09-17T10:00:16+00:00\",\"mainEntityOfPage\":{\"@id\":\"https:\\\/\\\/www.anovapeneira.gal\\\/index.php\\\/2025\\\/09\\\/17\\\/carrero-volve-mentir-esta-vez-coa-apertura-da-rua-baixo-muro\\\/\"},\"wordCount\":368,\"commentCount\":0,\"publisher\":{\"@id\":\"https:\\\/\\\/www.anovapeneira.gal\\\/#organization\"},\"image\":{\"@id\":\"https:\\\/\\\/www.anovapeneira.gal\\\/index.php\\\/2025\\\/09\\\/17\\\/carrero-volve-mentir-esta-vez-coa-apertura-da-rua-baixo-muro\\\/#primaryimage\"},\"thumbnailUrl\":\"https:\\\/\\\/www.anovapeneira.gal\\\/wp-content\\\/uploads\\\/2025\\\/09\\\/baixo_muro.jpg\",\"keywords\":[\"Concello da Guarda\"],\"articleSection\":[\"Baixo Mi\u00f1o\"],\"inLanguage\":\"gl-ES\",\"potentialAction\":[{\"@type\":\"CommentAction\",\"name\":\"Comment\",\"target\":[\"https:\\\/\\\/www.anovapeneira.gal\\\/index.php\\\/2025\\\/09\\\/17\\\/carrero-volve-mentir-esta-vez-coa-apertura-da-rua-baixo-muro\\\/#respond\"]}]},{\"@type\":\"WebPage\",\"@id\":\"https:\\\/\\\/www.anovapeneira.gal\\\/index.php\\\/2025\\\/09\\\/17\\\/carrero-volve-mentir-esta-vez-coa-apertura-da-rua-baixo-muro\\\/\",\"url\":\"https:\\\/\\\/www.anovapeneira.gal\\\/index.php\\\/2025\\\/09\\\/17\\\/carrero-volve-mentir-esta-vez-coa-apertura-da-rua-baixo-muro\\\/\",\"name\":\"Carrero volve mentir. Esta vez coa apertura da R\u00faa Baixo Muro -\",\"isPartOf\":{\"@id\":\"https:\\\/\\\/www.anovapeneira.gal\\\/#website\"},\"primaryImageOfPage\":{\"@id\":\"https:\\\/\\\/www.anovapeneira.gal\\\/index.php\\\/2025\\\/09\\\/17\\\/carrero-volve-mentir-esta-vez-coa-apertura-da-rua-baixo-muro\\\/#primaryimage\"},\"image\":{\"@id\":\"https:\\\/\\\/www.anovapeneira.gal\\\/index.php\\\/2025\\\/09\\\/17\\\/carrero-volve-mentir-esta-vez-coa-apertura-da-rua-baixo-muro\\\/#primaryimage\"},\"thumbnailUrl\":\"https:\\\/\\\/www.anovapeneira.gal\\\/wp-content\\\/uploads\\\/2025\\\/09\\\/baixo_muro.jpg\",\"datePublished\":\"2025-09-17T10:00:16+00:00\",\"breadcrumb\":{\"@id\":\"https:\\\/\\\/www.anovapeneira.gal\\\/index.php\\\/2025\\\/09\\\/17\\\/carrero-volve-mentir-esta-vez-coa-apertura-da-rua-baixo-muro\\\/#breadcrumb\"},\"inLanguage\":\"gl-ES\",\"potentialAction\":[{\"@type\":\"ReadAction\",\"target\":[\"https:\\\/\\\/www.anovapeneira.gal\\\/index.php\\\/2025\\\/09\\\/17\\\/carrero-volve-mentir-esta-vez-coa-apertura-da-rua-baixo-muro\\\/\"]}]},{\"@type\":\"ImageObject\",\"inLanguage\":\"gl-ES\",\"@id\":\"https:\\\/\\\/www.anovapeneira.gal\\\/index.php\\\/2025\\\/09\\\/17\\\/carrero-volve-mentir-esta-vez-coa-apertura-da-rua-baixo-muro\\\/#primaryimage\",\"url\":\"https:\\\/\\\/www.anovapeneira.gal\\\/wp-content\\\/uploads\\\/2025\\\/09\\\/baixo_muro.jpg\",\"contentUrl\":\"https:\\\/\\\/www.anovapeneira.gal\\\/wp-content\\\/uploads\\\/2025\\\/09\\\/baixo_muro.jpg\",\"width\":720,\"height\":432},{\"@type\":\"BreadcrumbList\",\"@id\":\"https:\\\/\\\/www.anovapeneira.gal\\\/index.php\\\/2025\\\/09\\\/17\\\/carrero-volve-mentir-esta-vez-coa-apertura-da-rua-baixo-muro\\\/#breadcrumb\",\"itemListElement\":[{\"@type\":\"ListItem\",\"position\":1,\"name\":\"Portada\",\"item\":\"https:\\\/\\\/www.anovapeneira.gal\\\/\"},{\"@type\":\"ListItem\",\"position\":2,\"name\":\"Carrero volve mentir. Esta vez coa apertura da R\u00faa Baixo Muro\"}]},{\"@type\":\"WebSite\",\"@id\":\"https:\\\/\\\/www.anovapeneira.gal\\\/#website\",\"url\":\"https:\\\/\\\/www.anovapeneira.gal\\\/\",\"name\":\"\",\"description\":\"Xornal galego de informaci\u00f3n xeral Publicaci\u00f3n mensual de novas de Galicia e en especial dos Concellos da sur da provincia de Pontevedra.\",\"publisher\":{\"@id\":\"https:\\\/\\\/www.anovapeneira.gal\\\/#organization\"},\"potentialAction\":[{\"@type\":\"SearchAction\",\"target\":{\"@type\":\"EntryPoint\",\"urlTemplate\":\"https:\\\/\\\/www.anovapeneira.gal\\\/?s={search_term_string}\"},\"query-input\":{\"@type\":\"PropertyValueSpecification\",\"valueRequired\":true,\"valueName\":\"search_term_string\"}}],\"inLanguage\":\"gl-ES\"},{\"@type\":\"Organization\",\"@id\":\"https:\\\/\\\/www.anovapeneira.gal\\\/#organization\",\"name\":\"A Nova Peneira\",\"url\":\"https:\\\/\\\/www.anovapeneira.gal\\\/\",\"logo\":{\"@type\":\"ImageObject\",\"inLanguage\":\"gl-ES\",\"@id\":\"https:\\\/\\\/www.anovapeneira.gal\\\/#\\\/schema\\\/logo\\\/image\\\/\",\"url\":\"http:\\\/\\\/www.anovapeneira.gal\\\/wp-content\\\/uploads\\\/2019\\\/06\\\/logo_a_nova_peneira_portal_web.png\",\"contentUrl\":\"http:\\\/\\\/www.anovapeneira.gal\\\/wp-content\\\/uploads\\\/2019\\\/06\\\/logo_a_nova_peneira_portal_web.png\",\"width\":300,\"height\":100,\"caption\":\"A Nova Peneira\"},\"image\":{\"@id\":\"https:\\\/\\\/www.anovapeneira.gal\\\/#\\\/schema\\\/logo\\\/image\\\/\"},\"sameAs\":[\"https:\\\/\\\/www.facebook.com\\\/anovapeneira\",\"https:\\\/\\\/x.com\\\/APeneira\"]},{\"@type\":\"Person\",\"@id\":\"https:\\\/\\\/www.anovapeneira.gal\\\/#\\\/schema\\\/person\\\/b93e3f8932e3f8da96334607eb6ac6aa\",\"name\":\"Redacci\u00f3n A Nova Peneira\",\"image\":{\"@type\":\"ImageObject\",\"inLanguage\":\"gl-ES\",\"@id\":\"https:\\\/\\\/secure.gravatar.com\\\/avatar\\\/c052a2551a06e23fac63626232eaa90abd78dbcf1700fc46a2b2c89fd27b735f?s=96&d=mm&r=g\",\"url\":\"https:\\\/\\\/secure.gravatar.com\\\/avatar\\\/c052a2551a06e23fac63626232eaa90abd78dbcf1700fc46a2b2c89fd27b735f?s=96&d=mm&r=g\",\"contentUrl\":\"https:\\\/\\\/secure.gravatar.com\\\/avatar\\\/c052a2551a06e23fac63626232eaa90abd78dbcf1700fc46a2b2c89fd27b735f?s=96&d=mm&r=g\",\"caption\":\"Redacci\u00f3n A Nova Peneira\"},\"sameAs\":[\"http:\\\/\\\/www.anovapeneira.gal\\\/\"],\"url\":\"https:\\\/\\\/www.anovapeneira.gal\\\/index.php\\\/author\\\/redactor\\\/\"}]}<\/script>\n<!-- \/ Yoast SEO plugin. -->","yoast_head_json":{"title":"Carrero volve mentir. Esta vez coa apertura da R\u00faa Baixo Muro -","robots":{"index":"index","follow":"follow","max-snippet":"max-snippet:-1","max-image-preview":"max-image-preview:large","max-video-preview":"max-video-preview:-1"},"canonical":"https:\/\/www.anovapeneira.gal\/index.php\/2025\/09\/17\/carrero-volve-mentir-esta-vez-coa-apertura-da-rua-baixo-muro\/","og_locale":"gl_ES","og_type":"article","og_title":"Carrero volve mentir. Esta vez coa apertura da R\u00faa Baixo Muro -","og_description":"O Grupo Municipal Socialista quere advertir \u00e1 veci\u00f1anza dunha realidade que xa ningu\u00e9n pode ignorar: o alcalde da Guarda, Roberto \u00c1lvarez Carrero, minte. Minte con descaro e faino constantemente. [...]","og_url":"https:\/\/www.anovapeneira.gal\/index.php\/2025\/09\/17\/carrero-volve-mentir-esta-vez-coa-apertura-da-rua-baixo-muro\/","article_publisher":"https:\/\/www.facebook.com\/anovapeneira","article_published_time":"2025-09-17T10:00:16+00:00","og_image":[{"width":720,"height":432,"url":"https:\/\/www.anovapeneira.gal\/wp-content\/uploads\/2025\/09\/baixo_muro.jpg","type":"image\/jpeg"}],"author":"Redacci\u00f3n A Nova Peneira","twitter_card":"summary_large_image","twitter_creator":"@APeneira","twitter_site":"@APeneira","twitter_misc":{"Escrito por":"Redacci\u00f3n A Nova Peneira","Tempo de lectura":"3 minutos"},"schema":{"@context":"https:\/\/schema.org","@graph":[{"@type":"Article","@id":"https:\/\/www.anovapeneira.gal\/index.php\/2025\/09\/17\/carrero-volve-mentir-esta-vez-coa-apertura-da-rua-baixo-muro\/#article","isPartOf":{"@id":"https:\/\/www.anovapeneira.gal\/index.php\/2025\/09\/17\/carrero-volve-mentir-esta-vez-coa-apertura-da-rua-baixo-muro\/"},"author":{"name":"Redacci\u00f3n A Nova Peneira","@id":"https:\/\/www.anovapeneira.gal\/#\/schema\/person\/b93e3f8932e3f8da96334607eb6ac6aa"},"headline":"Carrero volve mentir. Esta vez coa apertura da R\u00faa Baixo Muro","datePublished":"2025-09-17T10:00:16+00:00","mainEntityOfPage":{"@id":"https:\/\/www.anovapeneira.gal\/index.php\/2025\/09\/17\/carrero-volve-mentir-esta-vez-coa-apertura-da-rua-baixo-muro\/"},"wordCount":368,"commentCount":0,"publisher":{"@id":"https:\/\/www.anovapeneira.gal\/#organization"},"image":{"@id":"https:\/\/www.anovapeneira.gal\/index.php\/2025\/09\/17\/carrero-volve-mentir-esta-vez-coa-apertura-da-rua-baixo-muro\/#primaryimage"},"thumbnailUrl":"https:\/\/www.anovapeneira.gal\/wp-content\/uploads\/2025\/09\/baixo_muro.jpg","keywords":["Concello da Guarda"],"articleSection":["Baixo Mi\u00f1o"],"inLanguage":"gl-ES","potentialAction":[{"@type":"CommentAction","name":"Comment","target":["https:\/\/www.anovapeneira.gal\/index.php\/2025\/09\/17\/carrero-volve-mentir-esta-vez-coa-apertura-da-rua-baixo-muro\/#respond"]}]},{"@type":"WebPage","@id":"https:\/\/www.anovapeneira.gal\/index.php\/2025\/09\/17\/carrero-volve-mentir-esta-vez-coa-apertura-da-rua-baixo-muro\/","url":"https:\/\/www.anovapeneira.gal\/index.php\/2025\/09\/17\/carrero-volve-mentir-esta-vez-coa-apertura-da-rua-baixo-muro\/","name":"Carrero volve mentir. Esta vez coa apertura da R\u00faa Baixo Muro -","isPartOf":{"@id":"https:\/\/www.anovapeneira.gal\/#website"},"primaryImageOfPage":{"@id":"https:\/\/www.anovapeneira.gal\/index.php\/2025\/09\/17\/carrero-volve-mentir-esta-vez-coa-apertura-da-rua-baixo-muro\/#primaryimage"},"image":{"@id":"https:\/\/www.anovapeneira.gal\/index.php\/2025\/09\/17\/carrero-volve-mentir-esta-vez-coa-apertura-da-rua-baixo-muro\/#primaryimage"},"thumbnailUrl":"https:\/\/www.anovapeneira.gal\/wp-content\/uploads\/2025\/09\/baixo_muro.jpg","datePublished":"2025-09-17T10:00:16+00:00","breadcrumb":{"@id":"https:\/\/www.anovapeneira.gal\/index.php\/2025\/09\/17\/carrero-volve-mentir-esta-vez-coa-apertura-da-rua-baixo-muro\/#breadcrumb"},"inLanguage":"gl-ES","potentialAction":[{"@type":"ReadAction","target":["https:\/\/www.anovapeneira.gal\/index.php\/2025\/09\/17\/carrero-volve-mentir-esta-vez-coa-apertura-da-rua-baixo-muro\/"]}]},{"@type":"ImageObject","inLanguage":"gl-ES","@id":"https:\/\/www.anovapeneira.gal\/index.php\/2025\/09\/17\/carrero-volve-mentir-esta-vez-coa-apertura-da-rua-baixo-muro\/#primaryimage","url":"https:\/\/www.anovapeneira.gal\/wp-content\/uploads\/2025\/09\/baixo_muro.jpg","contentUrl":"https:\/\/www.anovapeneira.gal\/wp-content\/uploads\/2025\/09\/baixo_muro.jpg","width":720,"height":432},{"@type":"BreadcrumbList","@id":"https:\/\/www.anovapeneira.gal\/index.php\/2025\/09\/17\/carrero-volve-mentir-esta-vez-coa-apertura-da-rua-baixo-muro\/#breadcrumb","itemListElement":[{"@type":"ListItem","position":1,"name":"Portada","item":"https:\/\/www.anovapeneira.gal\/"},{"@type":"ListItem","position":2,"name":"Carrero volve mentir. Esta vez coa apertura da R\u00faa Baixo Muro"}]},{"@type":"WebSite","@id":"https:\/\/www.anovapeneira.gal\/#website","url":"https:\/\/www.anovapeneira.gal\/","name":"","description":"Xornal galego de informaci\u00f3n xeral Publicaci\u00f3n mensual de novas de Galicia e en especial dos Concellos da sur da provincia de Pontevedra.","publisher":{"@id":"https:\/\/www.anovapeneira.gal\/#organization"},"potentialAction":[{"@type":"SearchAction","target":{"@type":"EntryPoint","urlTemplate":"https:\/\/www.anovapeneira.gal\/?s={search_term_string}"},"query-input":{"@type":"PropertyValueSpecification","valueRequired":true,"valueName":"search_term_string"}}],"inLanguage":"gl-ES"},{"@type":"Organization","@id":"https:\/\/www.anovapeneira.gal\/#organization","name":"A Nova Peneira","url":"https:\/\/www.anovapeneira.gal\/","logo":{"@type":"ImageObject","inLanguage":"gl-ES","@id":"https:\/\/www.anovapeneira.gal\/#\/schema\/logo\/image\/","url":"http:\/\/www.anovapeneira.gal\/wp-content\/uploads\/2019\/06\/logo_a_nova_peneira_portal_web.png","contentUrl":"http:\/\/www.anovapeneira.gal\/wp-content\/uploads\/2019\/06\/logo_a_nova_peneira_portal_web.png","width":300,"height":100,"caption":"A Nova Peneira"},"image":{"@id":"https:\/\/www.anovapeneira.gal\/#\/schema\/logo\/image\/"},"sameAs":["https:\/\/www.facebook.com\/anovapeneira","https:\/\/x.com\/APeneira"]},{"@type":"Person","@id":"https:\/\/www.anovapeneira.gal\/#\/schema\/person\/b93e3f8932e3f8da96334607eb6ac6aa","name":"Redacci\u00f3n A Nova Peneira","image":{"@type":"ImageObject","inLanguage":"gl-ES","@id":"https:\/\/secure.gravatar.com\/avatar\/c052a2551a06e23fac63626232eaa90abd78dbcf1700fc46a2b2c89fd27b735f?s=96&d=mm&r=g","url":"https:\/\/secure.gravatar.com\/avatar\/c052a2551a06e23fac63626232eaa90abd78dbcf1700fc46a2b2c89fd27b735f?s=96&d=mm&r=g","contentUrl":"https:\/\/secure.gravatar.com\/avatar\/c052a2551a06e23fac63626232eaa90abd78dbcf1700fc46a2b2c89fd27b735f?s=96&d=mm&r=g","caption":"Redacci\u00f3n A Nova Peneira"},"sameAs":["http:\/\/www.anovapeneira.gal\/"],"url":"https:\/\/www.anovapeneira.gal\/index.php\/author\/redactor\/"}]}},"jetpack_featured_media_url":"https:\/\/www.anovapeneira.gal\/wp-content\/uploads\/2025\/09\/baixo_muro.jpg","_links":{"self":[{"href":"https:\/\/www.anovapeneira.gal\/index.php\/wp-json\/wp\/v2\/posts\/14661","targetHints":{"allow":["GET"]}}],"collection":[{"href":"https:\/\/www.anovapeneira.gal\/index.php\/wp-json\/wp\/v2\/posts"}],"about":[{"href":"https:\/\/www.anovapeneira.gal\/index.php\/wp-json\/wp\/v2\/types\/post"}],"author":[{"embeddable":true,"href":"https:\/\/www.anovapeneira.gal\/index.php\/wp-json\/wp\/v2\/users\/3"}],"replies":[{"embeddable":true,"href":"https:\/\/www.anovapeneira.gal\/index.php\/wp-json\/wp\/v2\/comments?post=14661"}],"version-history":[{"count":1,"href":"https:\/\/www.anovapeneira.gal\/index.php\/wp-json\/wp\/v2\/posts\/14661\/revisions"}],"predecessor-version":[{"id":14663,"href":"https:\/\/www.anovapeneira.gal\/index.php\/wp-json\/wp\/v2\/posts\/14661\/revisions\/14663"}],"wp:featuredmedia":[{"embeddable":true,"href":"https:\/\/www.anovapeneira.gal\/index.php\/wp-json\/wp\/v2\/media\/14662"}],"wp:attachment":[{"href":"https:\/\/www.anovapeneira.gal\/index.php\/wp-json\/wp\/v2\/media?parent=14661"}],"wp:term":[{"taxonomy":"category","embeddable":true,"href":"https:\/\/www.anovapeneira.gal\/index.php\/wp-json\/wp\/v2\/categories?post=14661"},{"taxonomy":"post_tag","embeddable":true,"href":"https:\/\/www.anovapeneira.gal\/index.php\/wp-json\/wp\/v2\/tags?post=14661"}],"curies":[{"name":"wp","href":"https:\/\/api.w.org\/{rel}","templated":true}]}}