{"id":14665,"date":"2025-09-18T10:00:54","date_gmt":"2025-09-18T08:00:54","guid":{"rendered":"https:\/\/www.anovapeneira.gal\/?p=14665"},"modified":"2025-09-17T20:01:16","modified_gmt":"2025-09-17T18:01:16","slug":"cousas-de-salvaterra-a-viuva-negra-de-salvaterra","status":"publish","type":"post","link":"https:\/\/www.anovapeneira.gal\/index.php\/2025\/09\/18\/cousas-de-salvaterra-a-viuva-negra-de-salvaterra\/","title":{"rendered":"COUSAS DE SALVATERRA. A vi\u00fava negra de Salvaterra"},"content":{"rendered":"\n<figure class=\"wp-block-image size-large is-resized\"><img loading=\"lazy\" decoding=\"async\" width=\"1024\" height=\"1024\" src=\"https:\/\/www.anovapeneira.gal\/wp-content\/uploads\/2025\/02\/xaque_p-1024x1024.jpg\" alt=\"Xaque\" class=\"wp-image-13386\" style=\"width:117px;height:auto\" srcset=\"https:\/\/www.anovapeneira.gal\/wp-content\/uploads\/2025\/02\/xaque_p-1024x1024.jpg 1024w, https:\/\/www.anovapeneira.gal\/wp-content\/uploads\/2025\/02\/xaque_p-300x300.jpg 300w, https:\/\/www.anovapeneira.gal\/wp-content\/uploads\/2025\/02\/xaque_p-150x150.jpg 150w, https:\/\/www.anovapeneira.gal\/wp-content\/uploads\/2025\/02\/xaque_p-768x768.jpg 768w, https:\/\/www.anovapeneira.gal\/wp-content\/uploads\/2025\/02\/xaque_p.jpg 1080w\" sizes=\"auto, (max-width: 1024px) 100vw, 1024px\" \/><figcaption class=\"wp-element-caption\">Ant\u00f3n Lourenzo, veci\u00f1o da Vila<\/figcaption><\/figure>\n\n\n\n<p>En 1639, unha moza portuguesa chamada Ana de Medeiros de 19 anos, acusada de adulterio e envelenamento, foi encarcerada inxustamente. O que ocorreu entre 1639 e 1642 en Salvaterra non s\u00f3 reflicte unha traxedia persoal, sen\u00f3n tam\u00e9n os abusos legais e sociais que moitas mulleres enfrontaron cando decidiron defender a s\u00faa dignidade.<\/p>\n\n\n\n<p>Ana era orfa e o seu desexo era claro, quer\u00eda ingresar nun convento, pero seu t\u00edo decidiu outro destino. Armado cunha espada ameazouna e obrigouna a casar cun comerciante de Salvaterra vi\u00favo Antonio Coronel, pai de dous fillos, que ti\u00f1a importantes d\u00e9bedas.<\/p>\n\n\n\n<p>Este matrimonio supo\u00f1\u00eda un acordo con moitas vantaxes para \u00e1mbolos homes, o t\u00edo entregaba a dote de Ana e pagaba as d\u00e9bedas de Antonio. A cambio Antonio deb\u00eda tratar ben \u00e1 moza e romper coa s\u00faa amante. Foi trasladada \u00e1 casa do seu novo marido con apenas unhas xoias e un manto. Iso si, e a dote que non faltou.<\/p>\n\n\n\n<p>A s\u00faa vida en Salvaterra foi dende o comezo unha sucesi\u00f3n de abusos. Antonio quixo desfacerse dela dende o primeiro momento con acusaci\u00f3ns falsas de adulterio e intento de asasinato ante o xu\u00edz da vila. Declarou que cando el non estaba porque marchaba as feiras, Ana recib\u00eda na casa un rapaz, aprendiz de cl\u00e9rigo, Jacinto de Puga. Aportou como proba unha suposta carta de amor, escrita pola s\u00faa esposa a Jacinto, e adem\u00e1is levou unha testemu\u00f1a que afirmou que o amante da se\u00f1ora, entraba durante a noite enmascarado, e que ambos mozos pech\u00e1banse na s\u00faa alcoba bebendo vi\u00f1o e mantendo relaci\u00f3ns. Antonio acusou tam\u00e9n a Ana de querer matalo, presentou ante o xu\u00edz un coitelo que ela levaba agochado entre a roupa, e un papel con pos negros, que asegurou que era veleno, que a esposa botaba na pota da s\u00faa comida.<\/p>\n\n\n\n<p>Ante estas acusaci\u00f3ns, o xu\u00edz de Salvaterra arresta a Ana. Durante os tres anos seguintes, pechada no soto da s\u00faa propia casa, mant\u00edvoa presa con grill\u00f3ns e argolas en mans e p\u00e9s que non a deixaban mover e prod\u00facenlle cortes e rozaduras. Ana, case espida e desposu\u00edda das s\u00faas xoias at\u00f3pase soa e tratada como unha vulgar delincuente e non coma a muller nobre que \u00e9.<\/p>\n\n\n\n<p>O seu avogado sabendo da amizade entre o esposo e o xu\u00edz que a mant\u00e9n prisioneira, non cesou no seu empe\u00f1o de substitu\u00edlo por un xu\u00edz da Real Audiencia e o traslado de Ana ao c\u00e1rcere real. Na s\u00faa alegaci\u00f3n, o avogado defensor demostra que dende moito antes destas acusaci\u00f3ns Ana iniciara unha petici\u00f3n de nulidade matrimonial. Acudiu as autoridades eclesi\u00e1sticas e obtivo incluso unha real provisi\u00f3n reco\u00f1ecendo o seu dereito a pedir a anulaci\u00f3n . Antonio ao decatarse disto, usou toda a s\u00faa influencia e os seus contactos para evitar dita anulaci\u00f3n, porque sen\u00f3n ter\u00eda que devolverlle a dote a s\u00faa esposa, por iso acusouna de adulterio, roubo, intento de asasinato&#8230; Acusaci\u00f3ns que non s\u00f3 a desacreditaban, sen\u00f3n que a inhabilitaban legalmente para obter dita nulidade matrimonial.<\/p>\n\n\n\n<p>Na s\u00faa declaraci\u00f3n, Ana negou todas as acusaci\u00f3ns. Afirmou que nunca tivo unha relaci\u00f3n con Jacinto de Puga, nin se escribiron cartas. Tam\u00e9n declarou que o seu esposo ti\u00f1a unha amante coa que viv\u00eda amancebado na s\u00faa casa, xa dende o seu anterior matrimonio. E que, a\u00ednda que houbo unha \u00e9poca na que a deixou, volveron a ter encontros O seu avogado desmontou unha por unha as probas, a carta de amor era unha falsificaci\u00f3n, o coitelo unha escusa, e o suposto veleno&#8230; unha simple substancia que puido ser colocada polo propio Antonio, e demostrou que Jacinto, suposto amante de Ana, estaba en Portugal nesas datas.<\/p>\n\n\n\n<p>Que en realidade eran os fillos de Antonio os que entraban de noite na casa disfrazados fac\u00e9ndose pasar por el. O seu obxectivo, desacreditar a Ana e evitar que tivera descendencia que afectase \u00e1 s\u00faa herdanza familiar. Incluso un dos fillos foi o c\u00e1rcere onde ela estaba reclu\u00edda e disparoulle con intenci\u00f3n de matala, fer\u00edndoa nun ombreiro. En 1642, a Real Audiencia ditou unha primeira sentenza, ela deb\u00eda ingresar nun convento, e Antonio facerse cargo da s\u00faa manutenci\u00f3n diaria. Pero pouco despois, o arcebispado de Santiago de Compostela concedeu por fin a nulidade matrimonial. E con isto, Antonio foi condenado a devolverlle a dote. Por\u00e9n, alegou que non ti\u00f1a bens para pagala. Finalmente a causa foi enviada \u00e1 Chanceler\u00eda de Valladolid, onde se perde o seu rastro documental.<\/p>\n\n\n\n<p>O que fica desta historia \u00e9 este expediente, que se conserva no Arquivo do Reino de Galicia coa sinatura 1805\/10. E gustar\u00edanos co\u00f1ecer o final, pero por desgraza a mediados do s\u00e9culo XIX, t\u00f3dalas causas da Chanceler\u00eda de Valladolid destru\u00edronse, polo que non podemos saber como rematou.<\/p>\n\n\n\n<p>Podcast SEGREDOS DO ARQUIVO, Xunta da Galiza.<\/p>\n\n\n\n<p>Salvaterra de Mi\u00f1o 08\/09\/2025<\/p>\n\n\n\n<p>Ant\u00f3n \u201cXaque\u201d<\/p>\n","protected":false},"excerpt":{"rendered":"<div class=\"mh-excerpt\"><p>En 1639, unha moza portuguesa chamada Ana de Medeiros de 19 anos, acusada de adulterio e envelenamento, foi encarcerada inxustamente. O que ocorreu entre 1639 e 1642 en Salvaterra non s\u00f3 reflicte unha traxedia persoal, sen\u00f3n tam\u00e9n os abusos legais e sociais que moitas mulleres enfrontaron cando decidiron defender a s\u00faa dignidade <a class=\"mh-excerpt-more\" href=\"https:\/\/www.anovapeneira.gal\/index.php\/2025\/09\/18\/cousas-de-salvaterra-a-viuva-negra-de-salvaterra\/\" title=\"COUSAS DE SALVATERRA. A vi\u00fava negra de Salvaterra\">[&#8230;]<\/a><\/p>\n<\/div>","protected":false},"author":34,"featured_media":584,"comment_status":"open","ping_status":"open","sticky":false,"template":"","format":"standard","meta":{"_exactmetrics_skip_tracking":false,"_exactmetrics_sitenote_active":false,"_exactmetrics_sitenote_note":"","_exactmetrics_sitenote_category":0,"footnotes":""},"categories":[7],"tags":[186],"class_list":{"0":"post-14665","1":"post","2":"type-post","3":"status-publish","4":"format-standard","5":"has-post-thumbnail","7":"category-artigos-de-opinion","8":"tag-concello-de-salvaterra-do-mino"},"yoast_head":"<!-- This site is optimized with the Yoast SEO plugin v27.4 - https:\/\/yoast.com\/product\/yoast-seo-wordpress\/ -->\n<title>COUSAS DE SALVATERRA. A vi\u00fava negra de Salvaterra -<\/title>\n<meta name=\"robots\" content=\"index, follow, max-snippet:-1, max-image-preview:large, max-video-preview:-1\" \/>\n<link rel=\"canonical\" href=\"https:\/\/www.anovapeneira.gal\/index.php\/2025\/09\/18\/cousas-de-salvaterra-a-viuva-negra-de-salvaterra\/\" \/>\n<meta property=\"og:locale\" content=\"gl_ES\" \/>\n<meta property=\"og:type\" content=\"article\" \/>\n<meta property=\"og:title\" content=\"COUSAS DE SALVATERRA. A vi\u00fava negra de Salvaterra -\" \/>\n<meta property=\"og:description\" content=\"En 1639, unha moza portuguesa chamada Ana de Medeiros de 19 anos, acusada de adulterio e envelenamento, foi encarcerada inxustamente. O que ocorreu entre 1639 e 1642 en Salvaterra non s\u00f3 reflicte unha traxedia persoal, sen\u00f3n tam\u00e9n os abusos legais e sociais que moitas mulleres enfrontaron cando decidiron defender a s\u00faa dignidade [...]\" \/>\n<meta property=\"og:url\" content=\"https:\/\/www.anovapeneira.gal\/index.php\/2025\/09\/18\/cousas-de-salvaterra-a-viuva-negra-de-salvaterra\/\" \/>\n<meta property=\"article:publisher\" content=\"https:\/\/www.facebook.com\/anovapeneira\" \/>\n<meta property=\"article:published_time\" content=\"2025-09-18T08:00:54+00:00\" \/>\n<meta property=\"og:image\" content=\"https:\/\/www.anovapeneira.gal\/wp-content\/uploads\/2019\/07\/ARTIGO_DE_OPINION_A_NOVA_PENEIRA.jpg\" \/>\n\t<meta property=\"og:image:width\" content=\"720\" \/>\n\t<meta property=\"og:image:height\" content=\"473\" \/>\n\t<meta property=\"og:image:type\" content=\"image\/jpeg\" \/>\n<meta name=\"author\" content=\"Ant\u00f3n Lorenzo Gonz\u00e1lez\" \/>\n<meta name=\"twitter:card\" content=\"summary_large_image\" \/>\n<meta name=\"twitter:creator\" content=\"@APeneira\" \/>\n<meta name=\"twitter:site\" content=\"@APeneira\" \/>\n<meta name=\"twitter:label1\" content=\"Escrito por\" \/>\n\t<meta name=\"twitter:data1\" content=\"Ant\u00f3n Lorenzo Gonz\u00e1lez\" \/>\n\t<meta name=\"twitter:label2\" content=\"Tempo de lectura\" \/>\n\t<meta name=\"twitter:data2\" content=\"5 minutos\" \/>\n<script type=\"application\/ld+json\" class=\"yoast-schema-graph\">{\"@context\":\"https:\\\/\\\/schema.org\",\"@graph\":[{\"@type\":\"Article\",\"@id\":\"https:\\\/\\\/www.anovapeneira.gal\\\/index.php\\\/2025\\\/09\\\/18\\\/cousas-de-salvaterra-a-viuva-negra-de-salvaterra\\\/#article\",\"isPartOf\":{\"@id\":\"https:\\\/\\\/www.anovapeneira.gal\\\/index.php\\\/2025\\\/09\\\/18\\\/cousas-de-salvaterra-a-viuva-negra-de-salvaterra\\\/\"},\"author\":{\"name\":\"Ant\u00f3n Lorenzo Gonz\u00e1lez\",\"@id\":\"https:\\\/\\\/www.anovapeneira.gal\\\/#\\\/schema\\\/person\\\/1bf91cd240796d05b6522e3d8a6e2d8e\"},\"headline\":\"COUSAS DE SALVATERRA. A vi\u00fava negra de Salvaterra\",\"datePublished\":\"2025-09-18T08:00:54+00:00\",\"mainEntityOfPage\":{\"@id\":\"https:\\\/\\\/www.anovapeneira.gal\\\/index.php\\\/2025\\\/09\\\/18\\\/cousas-de-salvaterra-a-viuva-negra-de-salvaterra\\\/\"},\"wordCount\":877,\"commentCount\":0,\"publisher\":{\"@id\":\"https:\\\/\\\/www.anovapeneira.gal\\\/#organization\"},\"image\":{\"@id\":\"https:\\\/\\\/www.anovapeneira.gal\\\/index.php\\\/2025\\\/09\\\/18\\\/cousas-de-salvaterra-a-viuva-negra-de-salvaterra\\\/#primaryimage\"},\"thumbnailUrl\":\"https:\\\/\\\/www.anovapeneira.gal\\\/wp-content\\\/uploads\\\/2019\\\/07\\\/ARTIGO_DE_OPINION_A_NOVA_PENEIRA.jpg\",\"keywords\":[\"Concello de Salvaterra do Mi\u00f1o\"],\"articleSection\":[\"Artigos de opini\u00f3n\"],\"inLanguage\":\"gl-ES\",\"potentialAction\":[{\"@type\":\"CommentAction\",\"name\":\"Comment\",\"target\":[\"https:\\\/\\\/www.anovapeneira.gal\\\/index.php\\\/2025\\\/09\\\/18\\\/cousas-de-salvaterra-a-viuva-negra-de-salvaterra\\\/#respond\"]}]},{\"@type\":\"WebPage\",\"@id\":\"https:\\\/\\\/www.anovapeneira.gal\\\/index.php\\\/2025\\\/09\\\/18\\\/cousas-de-salvaterra-a-viuva-negra-de-salvaterra\\\/\",\"url\":\"https:\\\/\\\/www.anovapeneira.gal\\\/index.php\\\/2025\\\/09\\\/18\\\/cousas-de-salvaterra-a-viuva-negra-de-salvaterra\\\/\",\"name\":\"COUSAS DE SALVATERRA. A vi\u00fava negra de Salvaterra -\",\"isPartOf\":{\"@id\":\"https:\\\/\\\/www.anovapeneira.gal\\\/#website\"},\"primaryImageOfPage\":{\"@id\":\"https:\\\/\\\/www.anovapeneira.gal\\\/index.php\\\/2025\\\/09\\\/18\\\/cousas-de-salvaterra-a-viuva-negra-de-salvaterra\\\/#primaryimage\"},\"image\":{\"@id\":\"https:\\\/\\\/www.anovapeneira.gal\\\/index.php\\\/2025\\\/09\\\/18\\\/cousas-de-salvaterra-a-viuva-negra-de-salvaterra\\\/#primaryimage\"},\"thumbnailUrl\":\"https:\\\/\\\/www.anovapeneira.gal\\\/wp-content\\\/uploads\\\/2019\\\/07\\\/ARTIGO_DE_OPINION_A_NOVA_PENEIRA.jpg\",\"datePublished\":\"2025-09-18T08:00:54+00:00\",\"breadcrumb\":{\"@id\":\"https:\\\/\\\/www.anovapeneira.gal\\\/index.php\\\/2025\\\/09\\\/18\\\/cousas-de-salvaterra-a-viuva-negra-de-salvaterra\\\/#breadcrumb\"},\"inLanguage\":\"gl-ES\",\"potentialAction\":[{\"@type\":\"ReadAction\",\"target\":[\"https:\\\/\\\/www.anovapeneira.gal\\\/index.php\\\/2025\\\/09\\\/18\\\/cousas-de-salvaterra-a-viuva-negra-de-salvaterra\\\/\"]}]},{\"@type\":\"ImageObject\",\"inLanguage\":\"gl-ES\",\"@id\":\"https:\\\/\\\/www.anovapeneira.gal\\\/index.php\\\/2025\\\/09\\\/18\\\/cousas-de-salvaterra-a-viuva-negra-de-salvaterra\\\/#primaryimage\",\"url\":\"https:\\\/\\\/www.anovapeneira.gal\\\/wp-content\\\/uploads\\\/2019\\\/07\\\/ARTIGO_DE_OPINION_A_NOVA_PENEIRA.jpg\",\"contentUrl\":\"https:\\\/\\\/www.anovapeneira.gal\\\/wp-content\\\/uploads\\\/2019\\\/07\\\/ARTIGO_DE_OPINION_A_NOVA_PENEIRA.jpg\",\"width\":720,\"height\":473,\"caption\":\"Artigo de opini\u00f3n A Nova Peneira\"},{\"@type\":\"BreadcrumbList\",\"@id\":\"https:\\\/\\\/www.anovapeneira.gal\\\/index.php\\\/2025\\\/09\\\/18\\\/cousas-de-salvaterra-a-viuva-negra-de-salvaterra\\\/#breadcrumb\",\"itemListElement\":[{\"@type\":\"ListItem\",\"position\":1,\"name\":\"Portada\",\"item\":\"https:\\\/\\\/www.anovapeneira.gal\\\/\"},{\"@type\":\"ListItem\",\"position\":2,\"name\":\"COUSAS DE SALVATERRA. A vi\u00fava negra de Salvaterra\"}]},{\"@type\":\"WebSite\",\"@id\":\"https:\\\/\\\/www.anovapeneira.gal\\\/#website\",\"url\":\"https:\\\/\\\/www.anovapeneira.gal\\\/\",\"name\":\"\",\"description\":\"Xornal galego de informaci\u00f3n xeral Publicaci\u00f3n mensual de novas de Galicia e en especial dos Concellos da sur da provincia de Pontevedra.\",\"publisher\":{\"@id\":\"https:\\\/\\\/www.anovapeneira.gal\\\/#organization\"},\"potentialAction\":[{\"@type\":\"SearchAction\",\"target\":{\"@type\":\"EntryPoint\",\"urlTemplate\":\"https:\\\/\\\/www.anovapeneira.gal\\\/?s={search_term_string}\"},\"query-input\":{\"@type\":\"PropertyValueSpecification\",\"valueRequired\":true,\"valueName\":\"search_term_string\"}}],\"inLanguage\":\"gl-ES\"},{\"@type\":\"Organization\",\"@id\":\"https:\\\/\\\/www.anovapeneira.gal\\\/#organization\",\"name\":\"A Nova Peneira\",\"url\":\"https:\\\/\\\/www.anovapeneira.gal\\\/\",\"logo\":{\"@type\":\"ImageObject\",\"inLanguage\":\"gl-ES\",\"@id\":\"https:\\\/\\\/www.anovapeneira.gal\\\/#\\\/schema\\\/logo\\\/image\\\/\",\"url\":\"http:\\\/\\\/www.anovapeneira.gal\\\/wp-content\\\/uploads\\\/2019\\\/06\\\/logo_a_nova_peneira_portal_web.png\",\"contentUrl\":\"http:\\\/\\\/www.anovapeneira.gal\\\/wp-content\\\/uploads\\\/2019\\\/06\\\/logo_a_nova_peneira_portal_web.png\",\"width\":300,\"height\":100,\"caption\":\"A Nova Peneira\"},\"image\":{\"@id\":\"https:\\\/\\\/www.anovapeneira.gal\\\/#\\\/schema\\\/logo\\\/image\\\/\"},\"sameAs\":[\"https:\\\/\\\/www.facebook.com\\\/anovapeneira\",\"https:\\\/\\\/x.com\\\/APeneira\"]},{\"@type\":\"Person\",\"@id\":\"https:\\\/\\\/www.anovapeneira.gal\\\/#\\\/schema\\\/person\\\/1bf91cd240796d05b6522e3d8a6e2d8e\",\"name\":\"Ant\u00f3n Lorenzo Gonz\u00e1lez\",\"image\":{\"@type\":\"ImageObject\",\"inLanguage\":\"gl-ES\",\"@id\":\"https:\\\/\\\/secure.gravatar.com\\\/avatar\\\/dcd882e8f4338e07610336943426400d525673506eb37ce59442ba704e5cc971?s=96&d=mm&r=g\",\"url\":\"https:\\\/\\\/secure.gravatar.com\\\/avatar\\\/dcd882e8f4338e07610336943426400d525673506eb37ce59442ba704e5cc971?s=96&d=mm&r=g\",\"contentUrl\":\"https:\\\/\\\/secure.gravatar.com\\\/avatar\\\/dcd882e8f4338e07610336943426400d525673506eb37ce59442ba704e5cc971?s=96&d=mm&r=g\",\"caption\":\"Ant\u00f3n Lorenzo Gonz\u00e1lez\"},\"url\":\"https:\\\/\\\/www.anovapeneira.gal\\\/index.php\\\/author\\\/xaque\\\/\"}]}<\/script>\n<!-- \/ Yoast SEO plugin. -->","yoast_head_json":{"title":"COUSAS DE SALVATERRA. A vi\u00fava negra de Salvaterra -","robots":{"index":"index","follow":"follow","max-snippet":"max-snippet:-1","max-image-preview":"max-image-preview:large","max-video-preview":"max-video-preview:-1"},"canonical":"https:\/\/www.anovapeneira.gal\/index.php\/2025\/09\/18\/cousas-de-salvaterra-a-viuva-negra-de-salvaterra\/","og_locale":"gl_ES","og_type":"article","og_title":"COUSAS DE SALVATERRA. A vi\u00fava negra de Salvaterra -","og_description":"En 1639, unha moza portuguesa chamada Ana de Medeiros de 19 anos, acusada de adulterio e envelenamento, foi encarcerada inxustamente. O que ocorreu entre 1639 e 1642 en Salvaterra non s\u00f3 reflicte unha traxedia persoal, sen\u00f3n tam\u00e9n os abusos legais e sociais que moitas mulleres enfrontaron cando decidiron defender a s\u00faa dignidade [...]","og_url":"https:\/\/www.anovapeneira.gal\/index.php\/2025\/09\/18\/cousas-de-salvaterra-a-viuva-negra-de-salvaterra\/","article_publisher":"https:\/\/www.facebook.com\/anovapeneira","article_published_time":"2025-09-18T08:00:54+00:00","og_image":[{"width":720,"height":473,"url":"https:\/\/www.anovapeneira.gal\/wp-content\/uploads\/2019\/07\/ARTIGO_DE_OPINION_A_NOVA_PENEIRA.jpg","type":"image\/jpeg"}],"author":"Ant\u00f3n Lorenzo Gonz\u00e1lez","twitter_card":"summary_large_image","twitter_creator":"@APeneira","twitter_site":"@APeneira","twitter_misc":{"Escrito por":"Ant\u00f3n Lorenzo Gonz\u00e1lez","Tempo de lectura":"5 minutos"},"schema":{"@context":"https:\/\/schema.org","@graph":[{"@type":"Article","@id":"https:\/\/www.anovapeneira.gal\/index.php\/2025\/09\/18\/cousas-de-salvaterra-a-viuva-negra-de-salvaterra\/#article","isPartOf":{"@id":"https:\/\/www.anovapeneira.gal\/index.php\/2025\/09\/18\/cousas-de-salvaterra-a-viuva-negra-de-salvaterra\/"},"author":{"name":"Ant\u00f3n Lorenzo Gonz\u00e1lez","@id":"https:\/\/www.anovapeneira.gal\/#\/schema\/person\/1bf91cd240796d05b6522e3d8a6e2d8e"},"headline":"COUSAS DE SALVATERRA. A vi\u00fava negra de Salvaterra","datePublished":"2025-09-18T08:00:54+00:00","mainEntityOfPage":{"@id":"https:\/\/www.anovapeneira.gal\/index.php\/2025\/09\/18\/cousas-de-salvaterra-a-viuva-negra-de-salvaterra\/"},"wordCount":877,"commentCount":0,"publisher":{"@id":"https:\/\/www.anovapeneira.gal\/#organization"},"image":{"@id":"https:\/\/www.anovapeneira.gal\/index.php\/2025\/09\/18\/cousas-de-salvaterra-a-viuva-negra-de-salvaterra\/#primaryimage"},"thumbnailUrl":"https:\/\/www.anovapeneira.gal\/wp-content\/uploads\/2019\/07\/ARTIGO_DE_OPINION_A_NOVA_PENEIRA.jpg","keywords":["Concello de Salvaterra do Mi\u00f1o"],"articleSection":["Artigos de opini\u00f3n"],"inLanguage":"gl-ES","potentialAction":[{"@type":"CommentAction","name":"Comment","target":["https:\/\/www.anovapeneira.gal\/index.php\/2025\/09\/18\/cousas-de-salvaterra-a-viuva-negra-de-salvaterra\/#respond"]}]},{"@type":"WebPage","@id":"https:\/\/www.anovapeneira.gal\/index.php\/2025\/09\/18\/cousas-de-salvaterra-a-viuva-negra-de-salvaterra\/","url":"https:\/\/www.anovapeneira.gal\/index.php\/2025\/09\/18\/cousas-de-salvaterra-a-viuva-negra-de-salvaterra\/","name":"COUSAS DE SALVATERRA. A vi\u00fava negra de Salvaterra -","isPartOf":{"@id":"https:\/\/www.anovapeneira.gal\/#website"},"primaryImageOfPage":{"@id":"https:\/\/www.anovapeneira.gal\/index.php\/2025\/09\/18\/cousas-de-salvaterra-a-viuva-negra-de-salvaterra\/#primaryimage"},"image":{"@id":"https:\/\/www.anovapeneira.gal\/index.php\/2025\/09\/18\/cousas-de-salvaterra-a-viuva-negra-de-salvaterra\/#primaryimage"},"thumbnailUrl":"https:\/\/www.anovapeneira.gal\/wp-content\/uploads\/2019\/07\/ARTIGO_DE_OPINION_A_NOVA_PENEIRA.jpg","datePublished":"2025-09-18T08:00:54+00:00","breadcrumb":{"@id":"https:\/\/www.anovapeneira.gal\/index.php\/2025\/09\/18\/cousas-de-salvaterra-a-viuva-negra-de-salvaterra\/#breadcrumb"},"inLanguage":"gl-ES","potentialAction":[{"@type":"ReadAction","target":["https:\/\/www.anovapeneira.gal\/index.php\/2025\/09\/18\/cousas-de-salvaterra-a-viuva-negra-de-salvaterra\/"]}]},{"@type":"ImageObject","inLanguage":"gl-ES","@id":"https:\/\/www.anovapeneira.gal\/index.php\/2025\/09\/18\/cousas-de-salvaterra-a-viuva-negra-de-salvaterra\/#primaryimage","url":"https:\/\/www.anovapeneira.gal\/wp-content\/uploads\/2019\/07\/ARTIGO_DE_OPINION_A_NOVA_PENEIRA.jpg","contentUrl":"https:\/\/www.anovapeneira.gal\/wp-content\/uploads\/2019\/07\/ARTIGO_DE_OPINION_A_NOVA_PENEIRA.jpg","width":720,"height":473,"caption":"Artigo de opini\u00f3n A Nova Peneira"},{"@type":"BreadcrumbList","@id":"https:\/\/www.anovapeneira.gal\/index.php\/2025\/09\/18\/cousas-de-salvaterra-a-viuva-negra-de-salvaterra\/#breadcrumb","itemListElement":[{"@type":"ListItem","position":1,"name":"Portada","item":"https:\/\/www.anovapeneira.gal\/"},{"@type":"ListItem","position":2,"name":"COUSAS DE SALVATERRA. A vi\u00fava negra de Salvaterra"}]},{"@type":"WebSite","@id":"https:\/\/www.anovapeneira.gal\/#website","url":"https:\/\/www.anovapeneira.gal\/","name":"","description":"Xornal galego de informaci\u00f3n xeral Publicaci\u00f3n mensual de novas de Galicia e en especial dos Concellos da sur da provincia de Pontevedra.","publisher":{"@id":"https:\/\/www.anovapeneira.gal\/#organization"},"potentialAction":[{"@type":"SearchAction","target":{"@type":"EntryPoint","urlTemplate":"https:\/\/www.anovapeneira.gal\/?s={search_term_string}"},"query-input":{"@type":"PropertyValueSpecification","valueRequired":true,"valueName":"search_term_string"}}],"inLanguage":"gl-ES"},{"@type":"Organization","@id":"https:\/\/www.anovapeneira.gal\/#organization","name":"A Nova Peneira","url":"https:\/\/www.anovapeneira.gal\/","logo":{"@type":"ImageObject","inLanguage":"gl-ES","@id":"https:\/\/www.anovapeneira.gal\/#\/schema\/logo\/image\/","url":"http:\/\/www.anovapeneira.gal\/wp-content\/uploads\/2019\/06\/logo_a_nova_peneira_portal_web.png","contentUrl":"http:\/\/www.anovapeneira.gal\/wp-content\/uploads\/2019\/06\/logo_a_nova_peneira_portal_web.png","width":300,"height":100,"caption":"A Nova Peneira"},"image":{"@id":"https:\/\/www.anovapeneira.gal\/#\/schema\/logo\/image\/"},"sameAs":["https:\/\/www.facebook.com\/anovapeneira","https:\/\/x.com\/APeneira"]},{"@type":"Person","@id":"https:\/\/www.anovapeneira.gal\/#\/schema\/person\/1bf91cd240796d05b6522e3d8a6e2d8e","name":"Ant\u00f3n Lorenzo Gonz\u00e1lez","image":{"@type":"ImageObject","inLanguage":"gl-ES","@id":"https:\/\/secure.gravatar.com\/avatar\/dcd882e8f4338e07610336943426400d525673506eb37ce59442ba704e5cc971?s=96&d=mm&r=g","url":"https:\/\/secure.gravatar.com\/avatar\/dcd882e8f4338e07610336943426400d525673506eb37ce59442ba704e5cc971?s=96&d=mm&r=g","contentUrl":"https:\/\/secure.gravatar.com\/avatar\/dcd882e8f4338e07610336943426400d525673506eb37ce59442ba704e5cc971?s=96&d=mm&r=g","caption":"Ant\u00f3n Lorenzo Gonz\u00e1lez"},"url":"https:\/\/www.anovapeneira.gal\/index.php\/author\/xaque\/"}]}},"jetpack_featured_media_url":"https:\/\/www.anovapeneira.gal\/wp-content\/uploads\/2019\/07\/ARTIGO_DE_OPINION_A_NOVA_PENEIRA.jpg","_links":{"self":[{"href":"https:\/\/www.anovapeneira.gal\/index.php\/wp-json\/wp\/v2\/posts\/14665","targetHints":{"allow":["GET"]}}],"collection":[{"href":"https:\/\/www.anovapeneira.gal\/index.php\/wp-json\/wp\/v2\/posts"}],"about":[{"href":"https:\/\/www.anovapeneira.gal\/index.php\/wp-json\/wp\/v2\/types\/post"}],"author":[{"embeddable":true,"href":"https:\/\/www.anovapeneira.gal\/index.php\/wp-json\/wp\/v2\/users\/34"}],"replies":[{"embeddable":true,"href":"https:\/\/www.anovapeneira.gal\/index.php\/wp-json\/wp\/v2\/comments?post=14665"}],"version-history":[{"count":1,"href":"https:\/\/www.anovapeneira.gal\/index.php\/wp-json\/wp\/v2\/posts\/14665\/revisions"}],"predecessor-version":[{"id":14666,"href":"https:\/\/www.anovapeneira.gal\/index.php\/wp-json\/wp\/v2\/posts\/14665\/revisions\/14666"}],"wp:featuredmedia":[{"embeddable":true,"href":"https:\/\/www.anovapeneira.gal\/index.php\/wp-json\/wp\/v2\/media\/584"}],"wp:attachment":[{"href":"https:\/\/www.anovapeneira.gal\/index.php\/wp-json\/wp\/v2\/media?parent=14665"}],"wp:term":[{"taxonomy":"category","embeddable":true,"href":"https:\/\/www.anovapeneira.gal\/index.php\/wp-json\/wp\/v2\/categories?post=14665"},{"taxonomy":"post_tag","embeddable":true,"href":"https:\/\/www.anovapeneira.gal\/index.php\/wp-json\/wp\/v2\/tags?post=14665"}],"curies":[{"name":"wp","href":"https:\/\/api.w.org\/{rel}","templated":true}]}}