{"id":14667,"date":"2025-09-18T12:00:39","date_gmt":"2025-09-18T10:00:39","guid":{"rendered":"https:\/\/www.anovapeneira.gal\/?p=14667"},"modified":"2025-09-17T20:02:54","modified_gmt":"2025-09-17T18:02:54","slug":"as-politicas-de-abandono-do-rural-galego-o-maior-combustible-dos-lumes","status":"publish","type":"post","link":"https:\/\/www.anovapeneira.gal\/index.php\/2025\/09\/18\/as-politicas-de-abandono-do-rural-galego-o-maior-combustible-dos-lumes\/","title":{"rendered":"As pol\u00edticas de abandono do rural galego: o maior combustible dos lumes"},"content":{"rendered":"\n<p>Cando era nena, lembro ler na enciclopedia Lectum Juvenil que mercaran meus pais (daquelas que se vend\u00edan polas casas) a historia sobre o que acontecera no Reino Unido despois da Segunda Guerra Mundial. A que fora unha das maiores potencias do mundo quedara convertida nun pa\u00eds famento, illado, cun racionamento que durou ata 1954, e que comprendeu que nunca m\u00e1is pod\u00eda depender de alimentos do exterior. Cunha terra pouco f\u00e9rtil e un rural baleiro polo \u00e9xodo \u00e1s cidades, o goberno puxo en marcha pol\u00edticas firmes: prezos xustos \u00e1 agricultura, novas cidades con servizos, protecci\u00f3n do rural, emprego forestal, cultura e infraestruturas. Non foron discursos grandilocuentes: planificaron e actuaron.<\/p>\n\n\n\n<p>Impactoume tanto que a\u00ednda hoxe lembro aquel d\u00eda de lecturas inocentes. Ti\u00f1a uns oito ou nove anos, era moi curiosa, e encant\u00e1bame ler todo o que ca\u00eda nas mi\u00f1as mans, sobre todo historias que pod\u00eda relacionar coa vida da mi\u00f1a familia: meus pais dedicaban moitas horas a traballar as leiras, a plantar patacas, millo, coles e cebolas; a limpar os agros; ti\u00f1amos porco, vaca, xato, gali\u00f1as e mesmo coellos. Era parte da nosa econom\u00eda dom\u00e9stica, porque serv\u00edan para autoconsumo ou porque meus av\u00f3s vend\u00edan pinos ou eucaliptos para axudar a mercar o que se precisase. Hab\u00eda unha comunidade veci\u00f1al unida para o coidado das leiras e dos agros, axud\u00e1ndose uns a outros, a\u00ednda que o principal sost\u00e9n da nosa familia vi\u00f1a do mar, do traballo de meu pai e de meu irm\u00e1n maior. E, por suposto, tam\u00e9n era tarefa veci\u00f1al apagar os lumes que prend\u00edan os incendiarios de cada ver\u00e1n.<\/p>\n\n\n\n<p>Todo ese mundo, que para min era o \u201cnormal\u201d de nena e lembro como momentos felices e un xeito bonito de vivir conectado coa terra, est\u00e1 practicamente extinguido, e non \u00e9 froito da casualidade.<\/p>\n\n\n\n<p>Sempre me lembro disto cando escoito falar do abandono do rural en Galicia. Aqu\u00ed tam\u00e9n houbo \u2014e hai\u2014 \u00e9xodo \u00e1s vilas e cidades, tam\u00e9n dependemos cada vez m\u00e1is dun mercado global que nos vende barato produtos de lonxe, mentres o campo queda ermo. O minifundio galego, tan criticado, foi durante a Guerra Civil unha arma de supervivencia: aqu\u00ed pasouse fame, pero non ao nivel da que sufriron os que viv\u00edan en terras dominadas polos terratenentes donos de inmensos latifundios.<\/p>\n\n\n\n<p>Para min, o debate nos termos das \u00faltimas d\u00e9cadas sobre o rural est\u00e1 esgotado. Por un lado, a postura que defende a dereita neoliberal das grandes cadeas de alimentaci\u00f3n, que presume de prezos baixos pero deixa tirado ao pequeno produtor. Por outro, certa esquerda urbana fala do campo coma unha postal buc\u00f3lica e rom\u00e1ntica, sen reco\u00f1ecer a s\u00faa dureza: falta de servizos, illamento, empregos mal pagados. Entre ambos discursos, o rural segue abandonado.<\/p>\n\n\n\n<p>Mais o abandono non \u00e9 un accidente: \u00e9 unha decisi\u00f3n pol\u00edtica. Igual que no Reino Unido houbo un plan en circunstancias extremas para fortalecer o agro e fixar poboaci\u00f3n, aqu\u00ed tam\u00e9n poder\u00eda habelo, e m\u00e1is tendo unha situaci\u00f3n favorable na actualidade. E deber\u00eda habelo, porque hai d\u00faas cuesti\u00f3ns estrat\u00e9xicas que non se poden esquecer:<\/p>\n\n\n\n<ol class=\"wp-block-list\">\n<li><strong>Garant\u00eda alimentaria: <\/strong>nun mundo globalizado e inestable, non podemos depender de que outros nos alimenten. Galiza importa arredor do 60% dos alimentos que consume, malia ter unha das terras m\u00e1is f\u00e9rtiles do Estado.<br><br><\/li>\n\n\n\n<li><strong>Vida digna no rural:<\/strong> a xente s\u00f3 queda se hai escolas, centros de sa\u00fade, cultura, ocio e traballo ben pagado. Non chega con limpar os montes de broza e cambiar eucaliptos por carballos: hai que cambiar o abandono por planificaci\u00f3n. Dignificar o rural de verdade.<br><br><br><\/li>\n<\/ol>\n\n\n\n<p>Este ver\u00e1n, outra vaga de lumes volveu po\u00f1er Galiza nos titulares. Fotos impactantes da destruci\u00f3n, frases para a hemeroteca, e promesas baleiras. Xa pasou en 2006, en 2017 e agora en 2025, a vaga m\u00e1is grave da nosa historia, con arredor de 60.000 hect\u00e1reas queimadas. Sempre o mesmo gui\u00f3n: indignaci\u00f3n, discursos exultantes e, despois, esquecemento. Pero o monte e o rural seguen igual: sen xente, sen coidado e sen futuro.<\/p>\n\n\n\n<p>Falamos moito da econom\u00eda do lume e da prevenci\u00f3n \u2014e \u00e9 certo que merecen un debate de seu\u2014, pero ignoramos que o abandono \u00e9 tam\u00e9n combustible. O 97% do monte galego \u00e9 de propiedade privada, repartido en pequenas parcelas, e Galicia concentra o 40% da superficie de eucalipto de Espa\u00f1a. Moitas desas terras est\u00e1n abandonadas, sen rendemento econ\u00f3mico que xere empregos de calidade nin unha vida digna. E un campo baleiro est\u00e1 condenado a arder. Ano tras ano, quen goberna na Xunta ou no Estado non concreta medidas reais. Non hai plan para o presente nin para o futuro do rural galego. S\u00f3 discursos e propaganda.<\/p>\n\n\n\n<p>Por iso c\u00f3mpre pol\u00edticas reais, non palabras. Se os brit\u00e1nicos, devastados pola peor guerra da s\u00faa historia, souberon planificar o campo para sobrevivir, como non o imos facer n\u00f3s en Galicia, cunha terra f\u00e9rtil, un sector primario potente e unha memoria de autosuficiencia ligada \u00e1 terra?<\/p>\n\n\n\n<p>Nunha Europa que fala de posibles guerras e vive en permanente tensi\u00f3n, ata o punto de recomendarnos ter un kit de supervivencia na casa, agora \u00e9 o momento de aprender da historia e investir cartos p\u00fablicos nas cuesti\u00f3ns importantes. Pol\u00edticas que dignifiquen a vida nas zonas abandonadas, que dean de comer \u00e1 xente, que garantan a seguridade alimentaria e que freen a devastaci\u00f3n ambiental que sufrimos cada ano.<\/p>\n\n\n\n<p>Non hai escusas que sirvan: \u00e9 cuesti\u00f3n de vontade pol\u00edtica e compromiso social.<\/p>\n","protected":false},"excerpt":{"rendered":"<div class=\"mh-excerpt\"><p>Cando era nena, lembro ler na enciclopedia Lectum Juvenil que mercaran meus pais (daquelas que se vend\u00edan polas casas) a historia sobre o que acontecera no Reino Unido despois da Segunda Guerra Mundial. A que <a class=\"mh-excerpt-more\" href=\"https:\/\/www.anovapeneira.gal\/index.php\/2025\/09\/18\/as-politicas-de-abandono-do-rural-galego-o-maior-combustible-dos-lumes\/\" title=\"As pol\u00edticas de abandono do rural galego: o maior combustible dos lumes\">[&#8230;]<\/a><\/p>\n<\/div>","protected":false},"author":12,"featured_media":14254,"comment_status":"open","ping_status":"open","sticky":false,"template":"","format":"standard","meta":{"_exactmetrics_skip_tracking":false,"_exactmetrics_sitenote_active":false,"_exactmetrics_sitenote_note":"","_exactmetrics_sitenote_category":0,"footnotes":""},"categories":[7],"tags":[1463],"class_list":{"0":"post-14667","1":"post","2":"type-post","3":"status-publish","4":"format-standard","5":"has-post-thumbnail","7":"category-artigos-de-opinion","8":"tag-carme-santos"},"yoast_head":"<!-- This site is optimized with the Yoast SEO plugin v27.4 - https:\/\/yoast.com\/product\/yoast-seo-wordpress\/ -->\n<title>As pol\u00edticas de abandono do rural galego: o maior combustible dos lumes -<\/title>\n<meta name=\"robots\" content=\"index, follow, max-snippet:-1, max-image-preview:large, max-video-preview:-1\" \/>\n<link rel=\"canonical\" href=\"https:\/\/www.anovapeneira.gal\/index.php\/2025\/09\/18\/as-politicas-de-abandono-do-rural-galego-o-maior-combustible-dos-lumes\/\" \/>\n<meta property=\"og:locale\" content=\"gl_ES\" \/>\n<meta property=\"og:type\" content=\"article\" \/>\n<meta property=\"og:title\" content=\"As pol\u00edticas de abandono do rural galego: o maior combustible dos lumes -\" \/>\n<meta property=\"og:description\" content=\"Cando era nena, lembro ler na enciclopedia Lectum Juvenil que mercaran meus pais (daquelas que se vend\u00edan polas casas) a historia sobre o que acontecera no Reino Unido despois da Segunda Guerra Mundial. A que [...]\" \/>\n<meta property=\"og:url\" content=\"https:\/\/www.anovapeneira.gal\/index.php\/2025\/09\/18\/as-politicas-de-abandono-do-rural-galego-o-maior-combustible-dos-lumes\/\" \/>\n<meta property=\"article:publisher\" content=\"https:\/\/www.facebook.com\/anovapeneira\" \/>\n<meta property=\"article:published_time\" content=\"2025-09-18T10:00:39+00:00\" \/>\n<meta property=\"og:image\" content=\"https:\/\/www.anovapeneira.gal\/wp-content\/uploads\/2025\/07\/carmen_santos.jpg\" \/>\n\t<meta property=\"og:image:width\" content=\"720\" \/>\n\t<meta property=\"og:image:height\" content=\"432\" \/>\n\t<meta property=\"og:image:type\" content=\"image\/jpeg\" \/>\n<meta name=\"author\" content=\"Artigos Opini\u00f3n\" \/>\n<meta name=\"twitter:card\" content=\"summary_large_image\" \/>\n<meta name=\"twitter:creator\" content=\"@APeneira\" \/>\n<meta name=\"twitter:site\" content=\"@APeneira\" \/>\n<meta name=\"twitter:label1\" content=\"Escrito por\" \/>\n\t<meta name=\"twitter:data1\" content=\"Artigos Opini\u00f3n\" \/>\n\t<meta name=\"twitter:label2\" content=\"Tempo de lectura\" \/>\n\t<meta name=\"twitter:data2\" content=\"5 minutos\" \/>\n<script type=\"application\/ld+json\" class=\"yoast-schema-graph\">{\"@context\":\"https:\\\/\\\/schema.org\",\"@graph\":[{\"@type\":\"Article\",\"@id\":\"https:\\\/\\\/www.anovapeneira.gal\\\/index.php\\\/2025\\\/09\\\/18\\\/as-politicas-de-abandono-do-rural-galego-o-maior-combustible-dos-lumes\\\/#article\",\"isPartOf\":{\"@id\":\"https:\\\/\\\/www.anovapeneira.gal\\\/index.php\\\/2025\\\/09\\\/18\\\/as-politicas-de-abandono-do-rural-galego-o-maior-combustible-dos-lumes\\\/\"},\"author\":{\"name\":\"Artigos Opini\u00f3n\",\"@id\":\"https:\\\/\\\/www.anovapeneira.gal\\\/#\\\/schema\\\/person\\\/f18a4feb302e8f20bcef4490b5b60bb3\"},\"headline\":\"As pol\u00edticas de abandono do rural galego: o maior combustible dos lumes\",\"datePublished\":\"2025-09-18T10:00:39+00:00\",\"mainEntityOfPage\":{\"@id\":\"https:\\\/\\\/www.anovapeneira.gal\\\/index.php\\\/2025\\\/09\\\/18\\\/as-politicas-de-abandono-do-rural-galego-o-maior-combustible-dos-lumes\\\/\"},\"wordCount\":958,\"commentCount\":0,\"publisher\":{\"@id\":\"https:\\\/\\\/www.anovapeneira.gal\\\/#organization\"},\"image\":{\"@id\":\"https:\\\/\\\/www.anovapeneira.gal\\\/index.php\\\/2025\\\/09\\\/18\\\/as-politicas-de-abandono-do-rural-galego-o-maior-combustible-dos-lumes\\\/#primaryimage\"},\"thumbnailUrl\":\"https:\\\/\\\/www.anovapeneira.gal\\\/wp-content\\\/uploads\\\/2025\\\/07\\\/carmen_santos.jpg\",\"keywords\":[\"Carme Santos\"],\"articleSection\":[\"Artigos de opini\u00f3n\"],\"inLanguage\":\"gl-ES\",\"potentialAction\":[{\"@type\":\"CommentAction\",\"name\":\"Comment\",\"target\":[\"https:\\\/\\\/www.anovapeneira.gal\\\/index.php\\\/2025\\\/09\\\/18\\\/as-politicas-de-abandono-do-rural-galego-o-maior-combustible-dos-lumes\\\/#respond\"]}]},{\"@type\":\"WebPage\",\"@id\":\"https:\\\/\\\/www.anovapeneira.gal\\\/index.php\\\/2025\\\/09\\\/18\\\/as-politicas-de-abandono-do-rural-galego-o-maior-combustible-dos-lumes\\\/\",\"url\":\"https:\\\/\\\/www.anovapeneira.gal\\\/index.php\\\/2025\\\/09\\\/18\\\/as-politicas-de-abandono-do-rural-galego-o-maior-combustible-dos-lumes\\\/\",\"name\":\"As pol\u00edticas de abandono do rural galego: o maior combustible dos lumes -\",\"isPartOf\":{\"@id\":\"https:\\\/\\\/www.anovapeneira.gal\\\/#website\"},\"primaryImageOfPage\":{\"@id\":\"https:\\\/\\\/www.anovapeneira.gal\\\/index.php\\\/2025\\\/09\\\/18\\\/as-politicas-de-abandono-do-rural-galego-o-maior-combustible-dos-lumes\\\/#primaryimage\"},\"image\":{\"@id\":\"https:\\\/\\\/www.anovapeneira.gal\\\/index.php\\\/2025\\\/09\\\/18\\\/as-politicas-de-abandono-do-rural-galego-o-maior-combustible-dos-lumes\\\/#primaryimage\"},\"thumbnailUrl\":\"https:\\\/\\\/www.anovapeneira.gal\\\/wp-content\\\/uploads\\\/2025\\\/07\\\/carmen_santos.jpg\",\"datePublished\":\"2025-09-18T10:00:39+00:00\",\"breadcrumb\":{\"@id\":\"https:\\\/\\\/www.anovapeneira.gal\\\/index.php\\\/2025\\\/09\\\/18\\\/as-politicas-de-abandono-do-rural-galego-o-maior-combustible-dos-lumes\\\/#breadcrumb\"},\"inLanguage\":\"gl-ES\",\"potentialAction\":[{\"@type\":\"ReadAction\",\"target\":[\"https:\\\/\\\/www.anovapeneira.gal\\\/index.php\\\/2025\\\/09\\\/18\\\/as-politicas-de-abandono-do-rural-galego-o-maior-combustible-dos-lumes\\\/\"]}]},{\"@type\":\"ImageObject\",\"inLanguage\":\"gl-ES\",\"@id\":\"https:\\\/\\\/www.anovapeneira.gal\\\/index.php\\\/2025\\\/09\\\/18\\\/as-politicas-de-abandono-do-rural-galego-o-maior-combustible-dos-lumes\\\/#primaryimage\",\"url\":\"https:\\\/\\\/www.anovapeneira.gal\\\/wp-content\\\/uploads\\\/2025\\\/07\\\/carmen_santos.jpg\",\"contentUrl\":\"https:\\\/\\\/www.anovapeneira.gal\\\/wp-content\\\/uploads\\\/2025\\\/07\\\/carmen_santos.jpg\",\"width\":720,\"height\":432,\"caption\":\"Carme santos\"},{\"@type\":\"BreadcrumbList\",\"@id\":\"https:\\\/\\\/www.anovapeneira.gal\\\/index.php\\\/2025\\\/09\\\/18\\\/as-politicas-de-abandono-do-rural-galego-o-maior-combustible-dos-lumes\\\/#breadcrumb\",\"itemListElement\":[{\"@type\":\"ListItem\",\"position\":1,\"name\":\"Portada\",\"item\":\"https:\\\/\\\/www.anovapeneira.gal\\\/\"},{\"@type\":\"ListItem\",\"position\":2,\"name\":\"As pol\u00edticas de abandono do rural galego: o maior combustible dos lumes\"}]},{\"@type\":\"WebSite\",\"@id\":\"https:\\\/\\\/www.anovapeneira.gal\\\/#website\",\"url\":\"https:\\\/\\\/www.anovapeneira.gal\\\/\",\"name\":\"\",\"description\":\"Xornal galego de informaci\u00f3n xeral Publicaci\u00f3n mensual de novas de Galicia e en especial dos Concellos da sur da provincia de Pontevedra.\",\"publisher\":{\"@id\":\"https:\\\/\\\/www.anovapeneira.gal\\\/#organization\"},\"potentialAction\":[{\"@type\":\"SearchAction\",\"target\":{\"@type\":\"EntryPoint\",\"urlTemplate\":\"https:\\\/\\\/www.anovapeneira.gal\\\/?s={search_term_string}\"},\"query-input\":{\"@type\":\"PropertyValueSpecification\",\"valueRequired\":true,\"valueName\":\"search_term_string\"}}],\"inLanguage\":\"gl-ES\"},{\"@type\":\"Organization\",\"@id\":\"https:\\\/\\\/www.anovapeneira.gal\\\/#organization\",\"name\":\"A Nova Peneira\",\"url\":\"https:\\\/\\\/www.anovapeneira.gal\\\/\",\"logo\":{\"@type\":\"ImageObject\",\"inLanguage\":\"gl-ES\",\"@id\":\"https:\\\/\\\/www.anovapeneira.gal\\\/#\\\/schema\\\/logo\\\/image\\\/\",\"url\":\"http:\\\/\\\/www.anovapeneira.gal\\\/wp-content\\\/uploads\\\/2019\\\/06\\\/logo_a_nova_peneira_portal_web.png\",\"contentUrl\":\"http:\\\/\\\/www.anovapeneira.gal\\\/wp-content\\\/uploads\\\/2019\\\/06\\\/logo_a_nova_peneira_portal_web.png\",\"width\":300,\"height\":100,\"caption\":\"A Nova Peneira\"},\"image\":{\"@id\":\"https:\\\/\\\/www.anovapeneira.gal\\\/#\\\/schema\\\/logo\\\/image\\\/\"},\"sameAs\":[\"https:\\\/\\\/www.facebook.com\\\/anovapeneira\",\"https:\\\/\\\/x.com\\\/APeneira\"]},{\"@type\":\"Person\",\"@id\":\"https:\\\/\\\/www.anovapeneira.gal\\\/#\\\/schema\\\/person\\\/f18a4feb302e8f20bcef4490b5b60bb3\",\"name\":\"Artigos Opini\u00f3n\",\"image\":{\"@type\":\"ImageObject\",\"inLanguage\":\"gl-ES\",\"@id\":\"https:\\\/\\\/secure.gravatar.com\\\/avatar\\\/072844300f4881150aee2da4278f7a65d16eefdf8262eb67085f1e702de2b959?s=96&d=mm&r=g\",\"url\":\"https:\\\/\\\/secure.gravatar.com\\\/avatar\\\/072844300f4881150aee2da4278f7a65d16eefdf8262eb67085f1e702de2b959?s=96&d=mm&r=g\",\"contentUrl\":\"https:\\\/\\\/secure.gravatar.com\\\/avatar\\\/072844300f4881150aee2da4278f7a65d16eefdf8262eb67085f1e702de2b959?s=96&d=mm&r=g\",\"caption\":\"Artigos Opini\u00f3n\"},\"sameAs\":[\"http:\\\/\\\/anovapeneira.gal\"],\"url\":\"https:\\\/\\\/www.anovapeneira.gal\\\/index.php\\\/author\\\/artigosopinion\\\/\"}]}<\/script>\n<!-- \/ Yoast SEO plugin. -->","yoast_head_json":{"title":"As pol\u00edticas de abandono do rural galego: o maior combustible dos lumes -","robots":{"index":"index","follow":"follow","max-snippet":"max-snippet:-1","max-image-preview":"max-image-preview:large","max-video-preview":"max-video-preview:-1"},"canonical":"https:\/\/www.anovapeneira.gal\/index.php\/2025\/09\/18\/as-politicas-de-abandono-do-rural-galego-o-maior-combustible-dos-lumes\/","og_locale":"gl_ES","og_type":"article","og_title":"As pol\u00edticas de abandono do rural galego: o maior combustible dos lumes -","og_description":"Cando era nena, lembro ler na enciclopedia Lectum Juvenil que mercaran meus pais (daquelas que se vend\u00edan polas casas) a historia sobre o que acontecera no Reino Unido despois da Segunda Guerra Mundial. A que [...]","og_url":"https:\/\/www.anovapeneira.gal\/index.php\/2025\/09\/18\/as-politicas-de-abandono-do-rural-galego-o-maior-combustible-dos-lumes\/","article_publisher":"https:\/\/www.facebook.com\/anovapeneira","article_published_time":"2025-09-18T10:00:39+00:00","og_image":[{"width":720,"height":432,"url":"https:\/\/www.anovapeneira.gal\/wp-content\/uploads\/2025\/07\/carmen_santos.jpg","type":"image\/jpeg"}],"author":"Artigos Opini\u00f3n","twitter_card":"summary_large_image","twitter_creator":"@APeneira","twitter_site":"@APeneira","twitter_misc":{"Escrito por":"Artigos Opini\u00f3n","Tempo de lectura":"5 minutos"},"schema":{"@context":"https:\/\/schema.org","@graph":[{"@type":"Article","@id":"https:\/\/www.anovapeneira.gal\/index.php\/2025\/09\/18\/as-politicas-de-abandono-do-rural-galego-o-maior-combustible-dos-lumes\/#article","isPartOf":{"@id":"https:\/\/www.anovapeneira.gal\/index.php\/2025\/09\/18\/as-politicas-de-abandono-do-rural-galego-o-maior-combustible-dos-lumes\/"},"author":{"name":"Artigos Opini\u00f3n","@id":"https:\/\/www.anovapeneira.gal\/#\/schema\/person\/f18a4feb302e8f20bcef4490b5b60bb3"},"headline":"As pol\u00edticas de abandono do rural galego: o maior combustible dos lumes","datePublished":"2025-09-18T10:00:39+00:00","mainEntityOfPage":{"@id":"https:\/\/www.anovapeneira.gal\/index.php\/2025\/09\/18\/as-politicas-de-abandono-do-rural-galego-o-maior-combustible-dos-lumes\/"},"wordCount":958,"commentCount":0,"publisher":{"@id":"https:\/\/www.anovapeneira.gal\/#organization"},"image":{"@id":"https:\/\/www.anovapeneira.gal\/index.php\/2025\/09\/18\/as-politicas-de-abandono-do-rural-galego-o-maior-combustible-dos-lumes\/#primaryimage"},"thumbnailUrl":"https:\/\/www.anovapeneira.gal\/wp-content\/uploads\/2025\/07\/carmen_santos.jpg","keywords":["Carme Santos"],"articleSection":["Artigos de opini\u00f3n"],"inLanguage":"gl-ES","potentialAction":[{"@type":"CommentAction","name":"Comment","target":["https:\/\/www.anovapeneira.gal\/index.php\/2025\/09\/18\/as-politicas-de-abandono-do-rural-galego-o-maior-combustible-dos-lumes\/#respond"]}]},{"@type":"WebPage","@id":"https:\/\/www.anovapeneira.gal\/index.php\/2025\/09\/18\/as-politicas-de-abandono-do-rural-galego-o-maior-combustible-dos-lumes\/","url":"https:\/\/www.anovapeneira.gal\/index.php\/2025\/09\/18\/as-politicas-de-abandono-do-rural-galego-o-maior-combustible-dos-lumes\/","name":"As pol\u00edticas de abandono do rural galego: o maior combustible dos lumes -","isPartOf":{"@id":"https:\/\/www.anovapeneira.gal\/#website"},"primaryImageOfPage":{"@id":"https:\/\/www.anovapeneira.gal\/index.php\/2025\/09\/18\/as-politicas-de-abandono-do-rural-galego-o-maior-combustible-dos-lumes\/#primaryimage"},"image":{"@id":"https:\/\/www.anovapeneira.gal\/index.php\/2025\/09\/18\/as-politicas-de-abandono-do-rural-galego-o-maior-combustible-dos-lumes\/#primaryimage"},"thumbnailUrl":"https:\/\/www.anovapeneira.gal\/wp-content\/uploads\/2025\/07\/carmen_santos.jpg","datePublished":"2025-09-18T10:00:39+00:00","breadcrumb":{"@id":"https:\/\/www.anovapeneira.gal\/index.php\/2025\/09\/18\/as-politicas-de-abandono-do-rural-galego-o-maior-combustible-dos-lumes\/#breadcrumb"},"inLanguage":"gl-ES","potentialAction":[{"@type":"ReadAction","target":["https:\/\/www.anovapeneira.gal\/index.php\/2025\/09\/18\/as-politicas-de-abandono-do-rural-galego-o-maior-combustible-dos-lumes\/"]}]},{"@type":"ImageObject","inLanguage":"gl-ES","@id":"https:\/\/www.anovapeneira.gal\/index.php\/2025\/09\/18\/as-politicas-de-abandono-do-rural-galego-o-maior-combustible-dos-lumes\/#primaryimage","url":"https:\/\/www.anovapeneira.gal\/wp-content\/uploads\/2025\/07\/carmen_santos.jpg","contentUrl":"https:\/\/www.anovapeneira.gal\/wp-content\/uploads\/2025\/07\/carmen_santos.jpg","width":720,"height":432,"caption":"Carme santos"},{"@type":"BreadcrumbList","@id":"https:\/\/www.anovapeneira.gal\/index.php\/2025\/09\/18\/as-politicas-de-abandono-do-rural-galego-o-maior-combustible-dos-lumes\/#breadcrumb","itemListElement":[{"@type":"ListItem","position":1,"name":"Portada","item":"https:\/\/www.anovapeneira.gal\/"},{"@type":"ListItem","position":2,"name":"As pol\u00edticas de abandono do rural galego: o maior combustible dos lumes"}]},{"@type":"WebSite","@id":"https:\/\/www.anovapeneira.gal\/#website","url":"https:\/\/www.anovapeneira.gal\/","name":"","description":"Xornal galego de informaci\u00f3n xeral Publicaci\u00f3n mensual de novas de Galicia e en especial dos Concellos da sur da provincia de Pontevedra.","publisher":{"@id":"https:\/\/www.anovapeneira.gal\/#organization"},"potentialAction":[{"@type":"SearchAction","target":{"@type":"EntryPoint","urlTemplate":"https:\/\/www.anovapeneira.gal\/?s={search_term_string}"},"query-input":{"@type":"PropertyValueSpecification","valueRequired":true,"valueName":"search_term_string"}}],"inLanguage":"gl-ES"},{"@type":"Organization","@id":"https:\/\/www.anovapeneira.gal\/#organization","name":"A Nova Peneira","url":"https:\/\/www.anovapeneira.gal\/","logo":{"@type":"ImageObject","inLanguage":"gl-ES","@id":"https:\/\/www.anovapeneira.gal\/#\/schema\/logo\/image\/","url":"http:\/\/www.anovapeneira.gal\/wp-content\/uploads\/2019\/06\/logo_a_nova_peneira_portal_web.png","contentUrl":"http:\/\/www.anovapeneira.gal\/wp-content\/uploads\/2019\/06\/logo_a_nova_peneira_portal_web.png","width":300,"height":100,"caption":"A Nova Peneira"},"image":{"@id":"https:\/\/www.anovapeneira.gal\/#\/schema\/logo\/image\/"},"sameAs":["https:\/\/www.facebook.com\/anovapeneira","https:\/\/x.com\/APeneira"]},{"@type":"Person","@id":"https:\/\/www.anovapeneira.gal\/#\/schema\/person\/f18a4feb302e8f20bcef4490b5b60bb3","name":"Artigos Opini\u00f3n","image":{"@type":"ImageObject","inLanguage":"gl-ES","@id":"https:\/\/secure.gravatar.com\/avatar\/072844300f4881150aee2da4278f7a65d16eefdf8262eb67085f1e702de2b959?s=96&d=mm&r=g","url":"https:\/\/secure.gravatar.com\/avatar\/072844300f4881150aee2da4278f7a65d16eefdf8262eb67085f1e702de2b959?s=96&d=mm&r=g","contentUrl":"https:\/\/secure.gravatar.com\/avatar\/072844300f4881150aee2da4278f7a65d16eefdf8262eb67085f1e702de2b959?s=96&d=mm&r=g","caption":"Artigos Opini\u00f3n"},"sameAs":["http:\/\/anovapeneira.gal"],"url":"https:\/\/www.anovapeneira.gal\/index.php\/author\/artigosopinion\/"}]}},"jetpack_featured_media_url":"https:\/\/www.anovapeneira.gal\/wp-content\/uploads\/2025\/07\/carmen_santos.jpg","_links":{"self":[{"href":"https:\/\/www.anovapeneira.gal\/index.php\/wp-json\/wp\/v2\/posts\/14667","targetHints":{"allow":["GET"]}}],"collection":[{"href":"https:\/\/www.anovapeneira.gal\/index.php\/wp-json\/wp\/v2\/posts"}],"about":[{"href":"https:\/\/www.anovapeneira.gal\/index.php\/wp-json\/wp\/v2\/types\/post"}],"author":[{"embeddable":true,"href":"https:\/\/www.anovapeneira.gal\/index.php\/wp-json\/wp\/v2\/users\/12"}],"replies":[{"embeddable":true,"href":"https:\/\/www.anovapeneira.gal\/index.php\/wp-json\/wp\/v2\/comments?post=14667"}],"version-history":[{"count":1,"href":"https:\/\/www.anovapeneira.gal\/index.php\/wp-json\/wp\/v2\/posts\/14667\/revisions"}],"predecessor-version":[{"id":14668,"href":"https:\/\/www.anovapeneira.gal\/index.php\/wp-json\/wp\/v2\/posts\/14667\/revisions\/14668"}],"wp:featuredmedia":[{"embeddable":true,"href":"https:\/\/www.anovapeneira.gal\/index.php\/wp-json\/wp\/v2\/media\/14254"}],"wp:attachment":[{"href":"https:\/\/www.anovapeneira.gal\/index.php\/wp-json\/wp\/v2\/media?parent=14667"}],"wp:term":[{"taxonomy":"category","embeddable":true,"href":"https:\/\/www.anovapeneira.gal\/index.php\/wp-json\/wp\/v2\/categories?post=14667"},{"taxonomy":"post_tag","embeddable":true,"href":"https:\/\/www.anovapeneira.gal\/index.php\/wp-json\/wp\/v2\/tags?post=14667"}],"curies":[{"name":"wp","href":"https:\/\/api.w.org\/{rel}","templated":true}]}}