{"id":14669,"date":"2025-09-19T10:00:16","date_gmt":"2025-09-19T08:00:16","guid":{"rendered":"https:\/\/www.anovapeneira.gal\/?p=14669"},"modified":"2025-09-17T20:08:36","modified_gmt":"2025-09-17T18:08:36","slug":"anxo-baz-voceiro-do-bng-de-a-guarda-2","status":"publish","type":"post","link":"https:\/\/www.anovapeneira.gal\/index.php\/2025\/09\/19\/anxo-baz-voceiro-do-bng-de-a-guarda-2\/","title":{"rendered":"Anxo Baz, Voceiro do BNG de A Guarda"},"content":{"rendered":"\n<p><strong>Nas elecci\u00f3ns municipais do 2023 o PP co candidato Roberto Carrero \u00e1 cabeza recuperaba a alcald\u00eda de A Guarda. O inmenso desgaste do goberno socialista beneficiou exclusivamente aos populares, mentres que o BNG non puido acadar un concelleiro m\u00e1is, s\u00f3 un concelleiro m\u00e1is, que lle ter\u00eda dado a alcald\u00eda. O PP practicou cando gobernaba o PSOE practicou unha oposici\u00f3n moi dura, de desgaste continuo, prometendo soluci\u00f3ns aos problemas estruturais que padece A Guarda. Pero a realidade \u00e9 que, m\u00e1is de dous anos despois de ter acadado a alcald\u00eda, o resultado do goberno popular p\u00f3dese resumir nunha soa palabra: Nada.<\/strong><\/p>\n\n\n\n<p><strong>-Nada no que atinxe \u00e1 limpeza da Guarda.<\/strong><\/p>\n\n\n\n<p><strong>-Nada no que se refire ao transbordador con Caminha.<\/strong><\/p>\n\n\n\n<p><strong>-Nada no que respecta \u00e1 sa\u00edda sur ao Porto<\/strong><\/p>\n\n\n\n<p><strong>-Nada na finca de Finola.<\/strong><\/p>\n\n\n\n<p><strong>-Nada novo na xesti\u00f3n econ\u00f3mica.<\/strong><\/p>\n\n\n\n<p><strong>-Peor que nada na xesti\u00f3n cultural.<\/strong><\/p>\n\n\n\n<p><strong>-Peor que nada no trato equitativo \u00e1s persoas e colectivos que non identifiquen como amigos seus.<\/strong><\/p>\n\n\n\n<p><strong>N\u00f3s conversamos con Anxo Baz, voceiro do BNG para co\u00f1ecer como valoran os nacionalistas guardeses a situaci\u00f3n pol\u00edtica da s\u00faa localidade.<\/strong><\/p>\n\n\n\n<h2 class=\"wp-block-heading\">\u201c<strong>Todas as promesas de campa\u00f1a de Roberto Carrero quedaron en nada\u201d<\/strong><\/h2>\n\n\n\n<p><strong>Como valoras a xesti\u00f3n do goberno de A Guarda no actual mandato?<\/strong><\/p>\n\n\n\n<blockquote class=\"wp-block-quote is-layout-flow wp-block-quote-is-layout-flow\">\n<p>A xesti\u00f3n non existe. O \u00fanico que fai o se\u00f1or Carrero \u00e9 utilizar as redes sociais e a prensa \u201c amiga \u201c, para tapar as s\u00faas m\u00faltiples eivas e innumerables carencias.<\/p>\n<\/blockquote>\n\n\n\n<p><strong>A Guarda est\u00e1 en estado de par\u00e1lise?<\/strong><\/p>\n\n\n\n<blockquote class=\"wp-block-quote is-layout-flow wp-block-quote-is-layout-flow\">\n<p>Non. A Guarda est\u00e1 en franca regresi\u00f3n, o que \u00e9 manifestamente peor.<\/p>\n<\/blockquote>\n\n\n\n<p><strong>V\u00f3s manti\u00f1ades serias diferenzas co goberno de Antonio Lomba. O actual alcalde faino, ao teu xu\u00edzo, peor que o anterior?<\/strong><\/p>\n\n\n\n<blockquote class=\"wp-block-quote is-layout-flow wp-block-quote-is-layout-flow\">\n<p>Son dificilmente comparables. O que si chama a atenci\u00f3n \u00e9 que o alcalde Carrero fai agora as actuaci\u00f3ns que antes tanto lle criticaba a Antonio Lomba.<\/p>\n<\/blockquote>\n\n\n\n<p><strong>Por exemplo?<\/strong><\/p>\n\n\n\n<blockquote class=\"wp-block-quote is-layout-flow wp-block-quote-is-layout-flow\">\n<p>A reforma est\u00e9tica da Praza de Abastos.<\/p>\n<\/blockquote>\n\n\n\n<p><strong>Cando Roberto Carrero estaba na oposici\u00f3n utilizou de maneira recorrente v\u00eddeos nos que denunciaba a suposta falta de limpeza do Concello de A Guarda. Agora, m\u00e1is de dous anos despois de que Carrero acadase a alcald\u00eda, imaxino que a A Guarda estar\u00e1 como unha patena?<\/strong><\/p>\n\n\n\n<blockquote class=\"wp-block-quote is-layout-flow wp-block-quote-is-layout-flow\">\n<p>Todos os guardeses temos na memoria aqueles v\u00eddeos. E te\u00f1o que dicir que a situaci\u00f3n hoxe \u00e9 bastante peor do que era naquel momento. Este asunto polo que me preguntas \u00e9 un exemplo claro da regresi\u00f3n que padece o noso Concello, \u00e1 que me refer\u00edn nunha resposta anterior. Nese sentido par\u00e9ceme oportuno engadir que na Guarda, a diferenza doutros concellos, non hai contedores de residuos org\u00e1nicos.<\/p>\n<\/blockquote>\n\n\n\n<p><strong>Cando o actual equipo de goberno tomou posesi\u00f3n, acusou ao anterior de deixar as finanzas do Concello pouco menos que en situaci\u00f3n ruinosa. Esa acusaci\u00f3n respond\u00eda \u00e1 realidade?. E como valoras a xesti\u00f3n econ\u00f3mica de Carrero e o seu equipo?<\/strong><\/p>\n\n\n\n<blockquote class=\"wp-block-quote is-layout-flow wp-block-quote-is-layout-flow\">\n<p>A valoraci\u00f3n que fixo o PP do estado das finanzas do Concello cando chegaron ao goberno foi unha flagrante mentira, que ti\u00f1a o obxectivo intencionado de confundir \u00e1 opini\u00f3n p\u00fablica do noso pobo.<\/p>\n<\/blockquote>\n\n\n\n<blockquote class=\"wp-block-quote is-layout-flow wp-block-quote-is-layout-flow\">\n<p>Sobre a xesti\u00f3n econ\u00f3mica dicir que a falta de menos de catro meses para rematar o ano a\u00ednda non temos orzamento para o presente exercicio. O alcalde dixo que pretend\u00eda quitalos ad\u00edante. Non sei que sentido ten facelo cando queda tan pouco para que remate o ano. O desleixo e a propaganda son os termos que mellor definen toda a xesti\u00f3n do actual goberno, non s\u00f3 a econ\u00f3mica sen\u00f3n tam\u00e9n a de todas as demais \u00e1reas.<\/p>\n<\/blockquote>\n\n\n\n<p><strong>En relaci\u00f3n ao transbordador para conectar A Guarda con Caminha avanzamos algo?<\/strong><\/p>\n\n\n\n<blockquote class=\"wp-block-quote is-layout-flow wp-block-quote-is-layout-flow\">\n<p>Neste asunto a pol\u00edtica municipal foi botarlle as culpas a todos sen facer el absolutamente nada para tratar de arranxalo. Cando o l\u00f3xico ser\u00eda que fose o propio alcalde o que tomase alg\u00fan tipo de iniciativa para ama\u00f1ar o problema. Por outra parte o se\u00f1or Carrero dinamitou todas as pontes institucionais que hab\u00eda co goberno de Caminha. O se\u00f1or Carrero de maneira incompresible e irresponsable rompeu co Concello de Caminha.<\/p>\n<\/blockquote>\n\n\n\n<p><strong>No que respecta \u00e1 sa\u00edda sur ao Porto que fixo o goberno actual?<\/strong><\/p>\n\n\n\n<blockquote class=\"wp-block-quote is-layout-flow wp-block-quote-is-layout-flow\">\n<p>Nada,absolutamente nada. Agardo que no despacho da Xunta no que estea agochado o proxecto non haxa carunchos pois, se os hai, ese proxecto tan necesario para o noso pobo vaise perder para sempre xamais.<\/p>\n<\/blockquote>\n\n\n\n<p><strong>Cando vou a A Guarda aparco o coche onde podo. \u00c1s veces non me queda outra que facelo en zona azul. E a verdade non resulta f\u00e1cil saber como funciona .Est\u00e1 adecuadamente regulada a zona azul no voso pobo?<\/strong><\/p>\n\n\n\n<blockquote class=\"wp-block-quote is-layout-flow wp-block-quote-is-layout-flow\">\n<p>Esta pregunta f\u00edxoa a nosa compa\u00f1eira Bea Lomba no \u00faltimo pleno ordinario. Sorprendentemente o alcalde, que \u00e9 o responsable de tr\u00e1fico, non tivo a ben contestala Non sei se non quixo facelo, ou se, como me temo, non sab\u00eda respondela. Quedou en contestarnos por escrito.<\/p>\n<\/blockquote>\n\n\n\n<p><strong>E que vos dixo no seu escrito?<\/strong><\/p>\n\n\n\n<blockquote class=\"wp-block-quote is-layout-flow wp-block-quote-is-layout-flow\">\n<p>Nada. A\u00ednda estamos agardando a resposta. As \u00fanicas contestaci\u00f3ns por escrito son algunhas multas que lle est\u00e1n a chegar a distintos veci\u00f1os que non saben o tempo real do que dispo\u00f1en para estacionar en zona azul.<\/p>\n<\/blockquote>\n\n\n\n<p><strong>Ent\u00f3n hai veci\u00f1os que est\u00e1n sendo sancionados polo uso da zona azul?<\/strong><\/p>\n\n\n\n<blockquote class=\"wp-block-quote is-layout-flow wp-block-quote-is-layout-flow\">\n<p>Si, si que hai xente que ten recibido multas ao respecto diso. \u00c9 que hai carteis que po\u00f1en unha cousa, hainos que po\u00f1en unha informaci\u00f3n diferente e tam\u00e9n hai alg\u00fans que non po\u00f1en nada. Ent\u00f3n, que facer?.\u00c9 imposible sabelo.<\/p>\n<\/blockquote>\n\n\n\n<p><strong>En relaci\u00f3n ao asunto da apertura da r\u00faa Baixo Muro, que ten que dicir o BNG?<\/strong><\/p>\n\n\n\n<blockquote class=\"wp-block-quote is-layout-flow wp-block-quote-is-layout-flow\">\n<p>Ben, esta \u00e9 unha r\u00faa do casco antigo que carece dunha accesibilidade adecuada. Para darlle soluci\u00f3n ao que poder\u00eda ser un grave problema para as persoas que al\u00ed residen \u00e9 necesario mercar unha propiedade, que hai moito tempo est\u00e1 deshabitada, e suprimir unha parte do seu patio. Xa foi no ano 2012 cando o BNG tomou a iniciativa na corporaci\u00f3n para ama\u00f1ar este problema. Semella, insisto semella, que o PP por fin vai facer caso ao que a nosa organizaci\u00f3n pol\u00edtica leva tanto tempo demandando. Estaremos atentos para que en verdade sexa as\u00ed.<\/p>\n<\/blockquote>\n\n\n\n<p><strong>Ti dir\u00edas que foi a acci\u00f3n pol\u00edtica do BNG a que posibilitou que, presuntamente, o Concello vaia actuar nesa r\u00faa?<\/strong><\/p>\n\n\n\n<blockquote class=\"wp-block-quote is-layout-flow wp-block-quote-is-layout-flow\">\n<p>A acci\u00f3n pol\u00edtica do BNG e a presi\u00f3n veci\u00f1al.<\/p>\n<\/blockquote>\n\n\n\n<p><strong>Como esta a situaci\u00f3n sanitaria na Guarda?<\/strong><\/p>\n\n\n\n<blockquote class=\"wp-block-quote is-layout-flow wp-block-quote-is-layout-flow\">\n<p>Esta mellor, pero estao grazas \u00e1 presi\u00f3n veci\u00f1al. A Plataforma da Sanidade P\u00fablica tivo un papel esencial en que estea as\u00ed. Somos conscientes tam\u00e9n de que a propia situaci\u00f3n aritm\u00e9tica do goberno da Guarda, ao PP f\u00e1ltalle un para a maior\u00eda e ten que recorrer a Fari\u00f1as, fixo reaccionar \u00e1 Xunta. Hai outras vilas con moi graves problemas nos seus centros de sa\u00fade, coa mesma presi\u00f3n social, \u00e1s que a Xunta ignora totalmente.<\/p>\n<\/blockquote>\n\n\n\n<p><strong>No espazo da finca de Finola este goberno vai facer algo?<\/strong><\/p>\n\n\n\n<blockquote class=\"wp-block-quote is-layout-flow wp-block-quote-is-layout-flow\">\n<p>Este goberno ten todo por facer. As s\u00faas promesas de campa\u00f1a quedaron en nada. No espazo polo que me preguntas nin se fixo nada, nin nos consta que haxa intenci\u00f3n de facer nada.<\/p>\n<\/blockquote>\n\n\n\n<p><strong>Como valoras a xesti\u00f3n das conceller\u00edas comunistas?<\/strong><\/p>\n\n\n\n<blockquote class=\"wp-block-quote is-layout-flow wp-block-quote-is-layout-flow\">\n<p>Imaxino que te refires a Fari\u00f1as. Ben, eu non creo que ese se\u00f1or sexa comunista, pero vou responder dicindo que a xesti\u00f3n non existe. Lim\u00edtase a levar o d\u00eda a d\u00eda como pode. Son conceller\u00edas dunha dimensi\u00f3n importante e o \u00fanico que se fai \u00e9 cubrir o expediente.<\/p>\n<\/blockquote>\n\n\n\n<p><strong>Que tal est\u00e1 a sa\u00fade interna do BNG da Guarda?<\/strong><\/p>\n\n\n\n<blockquote class=\"wp-block-quote is-layout-flow wp-block-quote-is-layout-flow\">\n<p>Estamos no mellor momento da nosa historia recente. O apoio social que percibimos nas r\u00faas non para de medrar. Creo que o alcalde non \u00e9 alleo a esta percepci\u00f3n. Not\u00e1molo no nerviosismo que desprende cada vez que fala con n\u00f3s ou de n\u00f3s.<\/p>\n<\/blockquote>\n\n\n\n<p><strong>Xa non queda moito para o vindeiro proceso electoral. Tes idea de repetir como candidato do BNG \u00e1 alcald\u00eda de A Guarda?<\/strong><\/p>\n\n\n\n<blockquote class=\"wp-block-quote is-layout-flow wp-block-quote-is-layout-flow\">\n<p>Eu son un militante disciplinado e asumirei o que decida, cando toque decidir, o conxunto da militancia do Bloque de A Guarda. Estou moi ben de \u00e1nimos, con moitos folgos e sexa no sitio que sexa seguirei colaborando co BNG porque te\u00f1o a convicci\u00f3n de que o proxecto pol\u00edtico do Bloque \u00e9 o mellor para o noso pobo.<\/p>\n<\/blockquote>\n","protected":false},"excerpt":{"rendered":"<div class=\"mh-excerpt\"><p>Nas elecci\u00f3ns municipais do 2023 o PP co candidato Roberto Carrero \u00e1 cabeza recuperaba a alcald\u00eda de A Guarda <a class=\"mh-excerpt-more\" href=\"https:\/\/www.anovapeneira.gal\/index.php\/2025\/09\/19\/anxo-baz-voceiro-do-bng-de-a-guarda-2\/\" title=\"Anxo Baz, Voceiro do BNG de A Guarda\">[&#8230;]<\/a><\/p>\n<\/div>","protected":false},"author":3,"featured_media":14670,"comment_status":"open","ping_status":"open","sticky":false,"template":"","format":"standard","meta":{"_exactmetrics_skip_tracking":false,"_exactmetrics_sitenote_active":false,"_exactmetrics_sitenote_note":"","_exactmetrics_sitenote_category":0,"footnotes":""},"categories":[266],"tags":[1440],"class_list":{"0":"post-14669","1":"post","2":"type-post","3":"status-publish","4":"format-standard","5":"has-post-thumbnail","7":"category-baixo-mino-entrevistas","8":"tag-concello-da-garda"},"yoast_head":"<!-- This site is optimized with the Yoast SEO plugin v27.4 - https:\/\/yoast.com\/product\/yoast-seo-wordpress\/ -->\n<title>Anxo Baz, Voceiro do BNG de A Guarda -<\/title>\n<meta name=\"robots\" content=\"index, follow, max-snippet:-1, max-image-preview:large, max-video-preview:-1\" \/>\n<link rel=\"canonical\" href=\"https:\/\/www.anovapeneira.gal\/index.php\/2025\/09\/19\/anxo-baz-voceiro-do-bng-de-a-guarda-2\/\" \/>\n<meta property=\"og:locale\" content=\"gl_ES\" \/>\n<meta property=\"og:type\" content=\"article\" \/>\n<meta property=\"og:title\" content=\"Anxo Baz, Voceiro do BNG de A Guarda -\" \/>\n<meta property=\"og:description\" content=\"Nas elecci\u00f3ns municipais do 2023 o PP co candidato Roberto Carrero \u00e1 cabeza recuperaba a alcald\u00eda de A Guarda [...]\" \/>\n<meta property=\"og:url\" content=\"https:\/\/www.anovapeneira.gal\/index.php\/2025\/09\/19\/anxo-baz-voceiro-do-bng-de-a-guarda-2\/\" \/>\n<meta property=\"article:publisher\" content=\"https:\/\/www.facebook.com\/anovapeneira\" \/>\n<meta property=\"article:published_time\" content=\"2025-09-19T08:00:16+00:00\" \/>\n<meta property=\"og:image\" content=\"https:\/\/www.anovapeneira.gal\/wp-content\/uploads\/2025\/09\/ANXO-BAZ.png\" \/>\n\t<meta property=\"og:image:width\" content=\"720\" \/>\n\t<meta property=\"og:image:height\" content=\"432\" \/>\n\t<meta property=\"og:image:type\" content=\"image\/png\" \/>\n<meta name=\"author\" content=\"Redacci\u00f3n A Nova Peneira\" \/>\n<meta name=\"twitter:card\" content=\"summary_large_image\" \/>\n<meta name=\"twitter:creator\" content=\"@APeneira\" \/>\n<meta name=\"twitter:site\" content=\"@APeneira\" \/>\n<meta name=\"twitter:label1\" content=\"Escrito por\" \/>\n\t<meta name=\"twitter:data1\" content=\"Redacci\u00f3n A Nova Peneira\" \/>\n\t<meta name=\"twitter:label2\" content=\"Tempo de lectura\" \/>\n\t<meta name=\"twitter:data2\" content=\"3 minutos\" \/>\n<script type=\"application\/ld+json\" class=\"yoast-schema-graph\">{\"@context\":\"https:\\\/\\\/schema.org\",\"@graph\":[{\"@type\":\"Article\",\"@id\":\"https:\\\/\\\/www.anovapeneira.gal\\\/index.php\\\/2025\\\/09\\\/19\\\/anxo-baz-voceiro-do-bng-de-a-guarda-2\\\/#article\",\"isPartOf\":{\"@id\":\"https:\\\/\\\/www.anovapeneira.gal\\\/index.php\\\/2025\\\/09\\\/19\\\/anxo-baz-voceiro-do-bng-de-a-guarda-2\\\/\"},\"author\":{\"name\":\"Redacci\u00f3n A Nova Peneira\",\"@id\":\"https:\\\/\\\/www.anovapeneira.gal\\\/#\\\/schema\\\/person\\\/b93e3f8932e3f8da96334607eb6ac6aa\"},\"headline\":\"Anxo Baz, Voceiro do BNG de A Guarda\",\"datePublished\":\"2025-09-19T08:00:16+00:00\",\"mainEntityOfPage\":{\"@id\":\"https:\\\/\\\/www.anovapeneira.gal\\\/index.php\\\/2025\\\/09\\\/19\\\/anxo-baz-voceiro-do-bng-de-a-guarda-2\\\/\"},\"wordCount\":1451,\"commentCount\":0,\"publisher\":{\"@id\":\"https:\\\/\\\/www.anovapeneira.gal\\\/#organization\"},\"image\":{\"@id\":\"https:\\\/\\\/www.anovapeneira.gal\\\/index.php\\\/2025\\\/09\\\/19\\\/anxo-baz-voceiro-do-bng-de-a-guarda-2\\\/#primaryimage\"},\"thumbnailUrl\":\"https:\\\/\\\/www.anovapeneira.gal\\\/wp-content\\\/uploads\\\/2025\\\/09\\\/ANXO-BAZ.png\",\"keywords\":[\"Concello da Garda\"],\"articleSection\":[\"Baixo Mi\u00f1o\"],\"inLanguage\":\"gl-ES\",\"potentialAction\":[{\"@type\":\"CommentAction\",\"name\":\"Comment\",\"target\":[\"https:\\\/\\\/www.anovapeneira.gal\\\/index.php\\\/2025\\\/09\\\/19\\\/anxo-baz-voceiro-do-bng-de-a-guarda-2\\\/#respond\"]}]},{\"@type\":\"WebPage\",\"@id\":\"https:\\\/\\\/www.anovapeneira.gal\\\/index.php\\\/2025\\\/09\\\/19\\\/anxo-baz-voceiro-do-bng-de-a-guarda-2\\\/\",\"url\":\"https:\\\/\\\/www.anovapeneira.gal\\\/index.php\\\/2025\\\/09\\\/19\\\/anxo-baz-voceiro-do-bng-de-a-guarda-2\\\/\",\"name\":\"Anxo Baz, Voceiro do BNG de A Guarda -\",\"isPartOf\":{\"@id\":\"https:\\\/\\\/www.anovapeneira.gal\\\/#website\"},\"primaryImageOfPage\":{\"@id\":\"https:\\\/\\\/www.anovapeneira.gal\\\/index.php\\\/2025\\\/09\\\/19\\\/anxo-baz-voceiro-do-bng-de-a-guarda-2\\\/#primaryimage\"},\"image\":{\"@id\":\"https:\\\/\\\/www.anovapeneira.gal\\\/index.php\\\/2025\\\/09\\\/19\\\/anxo-baz-voceiro-do-bng-de-a-guarda-2\\\/#primaryimage\"},\"thumbnailUrl\":\"https:\\\/\\\/www.anovapeneira.gal\\\/wp-content\\\/uploads\\\/2025\\\/09\\\/ANXO-BAZ.png\",\"datePublished\":\"2025-09-19T08:00:16+00:00\",\"breadcrumb\":{\"@id\":\"https:\\\/\\\/www.anovapeneira.gal\\\/index.php\\\/2025\\\/09\\\/19\\\/anxo-baz-voceiro-do-bng-de-a-guarda-2\\\/#breadcrumb\"},\"inLanguage\":\"gl-ES\",\"potentialAction\":[{\"@type\":\"ReadAction\",\"target\":[\"https:\\\/\\\/www.anovapeneira.gal\\\/index.php\\\/2025\\\/09\\\/19\\\/anxo-baz-voceiro-do-bng-de-a-guarda-2\\\/\"]}]},{\"@type\":\"ImageObject\",\"inLanguage\":\"gl-ES\",\"@id\":\"https:\\\/\\\/www.anovapeneira.gal\\\/index.php\\\/2025\\\/09\\\/19\\\/anxo-baz-voceiro-do-bng-de-a-guarda-2\\\/#primaryimage\",\"url\":\"https:\\\/\\\/www.anovapeneira.gal\\\/wp-content\\\/uploads\\\/2025\\\/09\\\/ANXO-BAZ.png\",\"contentUrl\":\"https:\\\/\\\/www.anovapeneira.gal\\\/wp-content\\\/uploads\\\/2025\\\/09\\\/ANXO-BAZ.png\",\"width\":720,\"height\":432},{\"@type\":\"BreadcrumbList\",\"@id\":\"https:\\\/\\\/www.anovapeneira.gal\\\/index.php\\\/2025\\\/09\\\/19\\\/anxo-baz-voceiro-do-bng-de-a-guarda-2\\\/#breadcrumb\",\"itemListElement\":[{\"@type\":\"ListItem\",\"position\":1,\"name\":\"Portada\",\"item\":\"https:\\\/\\\/www.anovapeneira.gal\\\/\"},{\"@type\":\"ListItem\",\"position\":2,\"name\":\"Anxo Baz, Voceiro do BNG de A Guarda\"}]},{\"@type\":\"WebSite\",\"@id\":\"https:\\\/\\\/www.anovapeneira.gal\\\/#website\",\"url\":\"https:\\\/\\\/www.anovapeneira.gal\\\/\",\"name\":\"\",\"description\":\"Xornal galego de informaci\u00f3n xeral Publicaci\u00f3n mensual de novas de Galicia e en especial dos Concellos da sur da provincia de Pontevedra.\",\"publisher\":{\"@id\":\"https:\\\/\\\/www.anovapeneira.gal\\\/#organization\"},\"potentialAction\":[{\"@type\":\"SearchAction\",\"target\":{\"@type\":\"EntryPoint\",\"urlTemplate\":\"https:\\\/\\\/www.anovapeneira.gal\\\/?s={search_term_string}\"},\"query-input\":{\"@type\":\"PropertyValueSpecification\",\"valueRequired\":true,\"valueName\":\"search_term_string\"}}],\"inLanguage\":\"gl-ES\"},{\"@type\":\"Organization\",\"@id\":\"https:\\\/\\\/www.anovapeneira.gal\\\/#organization\",\"name\":\"A Nova Peneira\",\"url\":\"https:\\\/\\\/www.anovapeneira.gal\\\/\",\"logo\":{\"@type\":\"ImageObject\",\"inLanguage\":\"gl-ES\",\"@id\":\"https:\\\/\\\/www.anovapeneira.gal\\\/#\\\/schema\\\/logo\\\/image\\\/\",\"url\":\"http:\\\/\\\/www.anovapeneira.gal\\\/wp-content\\\/uploads\\\/2019\\\/06\\\/logo_a_nova_peneira_portal_web.png\",\"contentUrl\":\"http:\\\/\\\/www.anovapeneira.gal\\\/wp-content\\\/uploads\\\/2019\\\/06\\\/logo_a_nova_peneira_portal_web.png\",\"width\":300,\"height\":100,\"caption\":\"A Nova Peneira\"},\"image\":{\"@id\":\"https:\\\/\\\/www.anovapeneira.gal\\\/#\\\/schema\\\/logo\\\/image\\\/\"},\"sameAs\":[\"https:\\\/\\\/www.facebook.com\\\/anovapeneira\",\"https:\\\/\\\/x.com\\\/APeneira\"]},{\"@type\":\"Person\",\"@id\":\"https:\\\/\\\/www.anovapeneira.gal\\\/#\\\/schema\\\/person\\\/b93e3f8932e3f8da96334607eb6ac6aa\",\"name\":\"Redacci\u00f3n A Nova Peneira\",\"image\":{\"@type\":\"ImageObject\",\"inLanguage\":\"gl-ES\",\"@id\":\"https:\\\/\\\/secure.gravatar.com\\\/avatar\\\/c052a2551a06e23fac63626232eaa90abd78dbcf1700fc46a2b2c89fd27b735f?s=96&d=mm&r=g\",\"url\":\"https:\\\/\\\/secure.gravatar.com\\\/avatar\\\/c052a2551a06e23fac63626232eaa90abd78dbcf1700fc46a2b2c89fd27b735f?s=96&d=mm&r=g\",\"contentUrl\":\"https:\\\/\\\/secure.gravatar.com\\\/avatar\\\/c052a2551a06e23fac63626232eaa90abd78dbcf1700fc46a2b2c89fd27b735f?s=96&d=mm&r=g\",\"caption\":\"Redacci\u00f3n A Nova Peneira\"},\"sameAs\":[\"http:\\\/\\\/www.anovapeneira.gal\\\/\"],\"url\":\"https:\\\/\\\/www.anovapeneira.gal\\\/index.php\\\/author\\\/redactor\\\/\"}]}<\/script>\n<!-- \/ Yoast SEO plugin. -->","yoast_head_json":{"title":"Anxo Baz, Voceiro do BNG de A Guarda -","robots":{"index":"index","follow":"follow","max-snippet":"max-snippet:-1","max-image-preview":"max-image-preview:large","max-video-preview":"max-video-preview:-1"},"canonical":"https:\/\/www.anovapeneira.gal\/index.php\/2025\/09\/19\/anxo-baz-voceiro-do-bng-de-a-guarda-2\/","og_locale":"gl_ES","og_type":"article","og_title":"Anxo Baz, Voceiro do BNG de A Guarda -","og_description":"Nas elecci\u00f3ns municipais do 2023 o PP co candidato Roberto Carrero \u00e1 cabeza recuperaba a alcald\u00eda de A Guarda [...]","og_url":"https:\/\/www.anovapeneira.gal\/index.php\/2025\/09\/19\/anxo-baz-voceiro-do-bng-de-a-guarda-2\/","article_publisher":"https:\/\/www.facebook.com\/anovapeneira","article_published_time":"2025-09-19T08:00:16+00:00","og_image":[{"width":720,"height":432,"url":"https:\/\/www.anovapeneira.gal\/wp-content\/uploads\/2025\/09\/ANXO-BAZ.png","type":"image\/png"}],"author":"Redacci\u00f3n A Nova Peneira","twitter_card":"summary_large_image","twitter_creator":"@APeneira","twitter_site":"@APeneira","twitter_misc":{"Escrito por":"Redacci\u00f3n A Nova Peneira","Tempo de lectura":"3 minutos"},"schema":{"@context":"https:\/\/schema.org","@graph":[{"@type":"Article","@id":"https:\/\/www.anovapeneira.gal\/index.php\/2025\/09\/19\/anxo-baz-voceiro-do-bng-de-a-guarda-2\/#article","isPartOf":{"@id":"https:\/\/www.anovapeneira.gal\/index.php\/2025\/09\/19\/anxo-baz-voceiro-do-bng-de-a-guarda-2\/"},"author":{"name":"Redacci\u00f3n A Nova Peneira","@id":"https:\/\/www.anovapeneira.gal\/#\/schema\/person\/b93e3f8932e3f8da96334607eb6ac6aa"},"headline":"Anxo Baz, Voceiro do BNG de A Guarda","datePublished":"2025-09-19T08:00:16+00:00","mainEntityOfPage":{"@id":"https:\/\/www.anovapeneira.gal\/index.php\/2025\/09\/19\/anxo-baz-voceiro-do-bng-de-a-guarda-2\/"},"wordCount":1451,"commentCount":0,"publisher":{"@id":"https:\/\/www.anovapeneira.gal\/#organization"},"image":{"@id":"https:\/\/www.anovapeneira.gal\/index.php\/2025\/09\/19\/anxo-baz-voceiro-do-bng-de-a-guarda-2\/#primaryimage"},"thumbnailUrl":"https:\/\/www.anovapeneira.gal\/wp-content\/uploads\/2025\/09\/ANXO-BAZ.png","keywords":["Concello da Garda"],"articleSection":["Baixo Mi\u00f1o"],"inLanguage":"gl-ES","potentialAction":[{"@type":"CommentAction","name":"Comment","target":["https:\/\/www.anovapeneira.gal\/index.php\/2025\/09\/19\/anxo-baz-voceiro-do-bng-de-a-guarda-2\/#respond"]}]},{"@type":"WebPage","@id":"https:\/\/www.anovapeneira.gal\/index.php\/2025\/09\/19\/anxo-baz-voceiro-do-bng-de-a-guarda-2\/","url":"https:\/\/www.anovapeneira.gal\/index.php\/2025\/09\/19\/anxo-baz-voceiro-do-bng-de-a-guarda-2\/","name":"Anxo Baz, Voceiro do BNG de A Guarda -","isPartOf":{"@id":"https:\/\/www.anovapeneira.gal\/#website"},"primaryImageOfPage":{"@id":"https:\/\/www.anovapeneira.gal\/index.php\/2025\/09\/19\/anxo-baz-voceiro-do-bng-de-a-guarda-2\/#primaryimage"},"image":{"@id":"https:\/\/www.anovapeneira.gal\/index.php\/2025\/09\/19\/anxo-baz-voceiro-do-bng-de-a-guarda-2\/#primaryimage"},"thumbnailUrl":"https:\/\/www.anovapeneira.gal\/wp-content\/uploads\/2025\/09\/ANXO-BAZ.png","datePublished":"2025-09-19T08:00:16+00:00","breadcrumb":{"@id":"https:\/\/www.anovapeneira.gal\/index.php\/2025\/09\/19\/anxo-baz-voceiro-do-bng-de-a-guarda-2\/#breadcrumb"},"inLanguage":"gl-ES","potentialAction":[{"@type":"ReadAction","target":["https:\/\/www.anovapeneira.gal\/index.php\/2025\/09\/19\/anxo-baz-voceiro-do-bng-de-a-guarda-2\/"]}]},{"@type":"ImageObject","inLanguage":"gl-ES","@id":"https:\/\/www.anovapeneira.gal\/index.php\/2025\/09\/19\/anxo-baz-voceiro-do-bng-de-a-guarda-2\/#primaryimage","url":"https:\/\/www.anovapeneira.gal\/wp-content\/uploads\/2025\/09\/ANXO-BAZ.png","contentUrl":"https:\/\/www.anovapeneira.gal\/wp-content\/uploads\/2025\/09\/ANXO-BAZ.png","width":720,"height":432},{"@type":"BreadcrumbList","@id":"https:\/\/www.anovapeneira.gal\/index.php\/2025\/09\/19\/anxo-baz-voceiro-do-bng-de-a-guarda-2\/#breadcrumb","itemListElement":[{"@type":"ListItem","position":1,"name":"Portada","item":"https:\/\/www.anovapeneira.gal\/"},{"@type":"ListItem","position":2,"name":"Anxo Baz, Voceiro do BNG de A Guarda"}]},{"@type":"WebSite","@id":"https:\/\/www.anovapeneira.gal\/#website","url":"https:\/\/www.anovapeneira.gal\/","name":"","description":"Xornal galego de informaci\u00f3n xeral Publicaci\u00f3n mensual de novas de Galicia e en especial dos Concellos da sur da provincia de Pontevedra.","publisher":{"@id":"https:\/\/www.anovapeneira.gal\/#organization"},"potentialAction":[{"@type":"SearchAction","target":{"@type":"EntryPoint","urlTemplate":"https:\/\/www.anovapeneira.gal\/?s={search_term_string}"},"query-input":{"@type":"PropertyValueSpecification","valueRequired":true,"valueName":"search_term_string"}}],"inLanguage":"gl-ES"},{"@type":"Organization","@id":"https:\/\/www.anovapeneira.gal\/#organization","name":"A Nova Peneira","url":"https:\/\/www.anovapeneira.gal\/","logo":{"@type":"ImageObject","inLanguage":"gl-ES","@id":"https:\/\/www.anovapeneira.gal\/#\/schema\/logo\/image\/","url":"http:\/\/www.anovapeneira.gal\/wp-content\/uploads\/2019\/06\/logo_a_nova_peneira_portal_web.png","contentUrl":"http:\/\/www.anovapeneira.gal\/wp-content\/uploads\/2019\/06\/logo_a_nova_peneira_portal_web.png","width":300,"height":100,"caption":"A Nova Peneira"},"image":{"@id":"https:\/\/www.anovapeneira.gal\/#\/schema\/logo\/image\/"},"sameAs":["https:\/\/www.facebook.com\/anovapeneira","https:\/\/x.com\/APeneira"]},{"@type":"Person","@id":"https:\/\/www.anovapeneira.gal\/#\/schema\/person\/b93e3f8932e3f8da96334607eb6ac6aa","name":"Redacci\u00f3n A Nova Peneira","image":{"@type":"ImageObject","inLanguage":"gl-ES","@id":"https:\/\/secure.gravatar.com\/avatar\/c052a2551a06e23fac63626232eaa90abd78dbcf1700fc46a2b2c89fd27b735f?s=96&d=mm&r=g","url":"https:\/\/secure.gravatar.com\/avatar\/c052a2551a06e23fac63626232eaa90abd78dbcf1700fc46a2b2c89fd27b735f?s=96&d=mm&r=g","contentUrl":"https:\/\/secure.gravatar.com\/avatar\/c052a2551a06e23fac63626232eaa90abd78dbcf1700fc46a2b2c89fd27b735f?s=96&d=mm&r=g","caption":"Redacci\u00f3n A Nova Peneira"},"sameAs":["http:\/\/www.anovapeneira.gal\/"],"url":"https:\/\/www.anovapeneira.gal\/index.php\/author\/redactor\/"}]}},"jetpack_featured_media_url":"https:\/\/www.anovapeneira.gal\/wp-content\/uploads\/2025\/09\/ANXO-BAZ.png","_links":{"self":[{"href":"https:\/\/www.anovapeneira.gal\/index.php\/wp-json\/wp\/v2\/posts\/14669","targetHints":{"allow":["GET"]}}],"collection":[{"href":"https:\/\/www.anovapeneira.gal\/index.php\/wp-json\/wp\/v2\/posts"}],"about":[{"href":"https:\/\/www.anovapeneira.gal\/index.php\/wp-json\/wp\/v2\/types\/post"}],"author":[{"embeddable":true,"href":"https:\/\/www.anovapeneira.gal\/index.php\/wp-json\/wp\/v2\/users\/3"}],"replies":[{"embeddable":true,"href":"https:\/\/www.anovapeneira.gal\/index.php\/wp-json\/wp\/v2\/comments?post=14669"}],"version-history":[{"count":1,"href":"https:\/\/www.anovapeneira.gal\/index.php\/wp-json\/wp\/v2\/posts\/14669\/revisions"}],"predecessor-version":[{"id":14671,"href":"https:\/\/www.anovapeneira.gal\/index.php\/wp-json\/wp\/v2\/posts\/14669\/revisions\/14671"}],"wp:featuredmedia":[{"embeddable":true,"href":"https:\/\/www.anovapeneira.gal\/index.php\/wp-json\/wp\/v2\/media\/14670"}],"wp:attachment":[{"href":"https:\/\/www.anovapeneira.gal\/index.php\/wp-json\/wp\/v2\/media?parent=14669"}],"wp:term":[{"taxonomy":"category","embeddable":true,"href":"https:\/\/www.anovapeneira.gal\/index.php\/wp-json\/wp\/v2\/categories?post=14669"},{"taxonomy":"post_tag","embeddable":true,"href":"https:\/\/www.anovapeneira.gal\/index.php\/wp-json\/wp\/v2\/tags?post=14669"}],"curies":[{"name":"wp","href":"https:\/\/api.w.org\/{rel}","templated":true}]}}