{"id":1467,"date":"2019-10-11T10:00:13","date_gmt":"2019-10-11T08:00:13","guid":{"rendered":"http:\/\/www.anovapeneira.gal\/?p=1467"},"modified":"2019-10-06T22:49:43","modified_gmt":"2019-10-06T20:49:43","slug":"o-outono-chega-a-tomino-con-mais-de-30-actividades-culturais-deportivas-e-de-lecer-para-todos-os-publicos","status":"publish","type":"post","link":"https:\/\/www.anovapeneira.gal\/index.php\/2019\/10\/11\/o-outono-chega-a-tomino-con-mais-de-30-actividades-culturais-deportivas-e-de-lecer-para-todos-os-publicos\/","title":{"rendered":"O outono chega a Tomi\u00f1o con m\u00e1is de 30 actividades culturais, deportivas e de lecer para todos os p\u00fablicos"},"content":{"rendered":"\n<h2 class=\"wp-block-heading\"><strong>O Concello de Tomi\u00f1o ven de editar en papel a s\u00faa Axenda de Outono, na que se recollen todas as actividades previstas ata xaneiro, dende teatro ou concertos ata cursos, actividades deportivas e de voluntariado ou exposici\u00f3ns e obradoiros<\/strong><\/h2>\n\n\n\n<p><strong>Tomi\u00f1o, 3 de outubro de 2019<\/strong><\/p>\n\n\n\n<p>Un programa de actividades transversal e integrador dirixido a todos os p\u00fablicos. As\u00ed \u00e9 a programaci\u00f3n cultural, deportiva e l\u00fadica que o Concello de Tomi\u00f1o ten prevista para os vindeiros meses e que ven de recoller en papel na xa tradicional Axenda de Outono. Un completo programa trimestral no que se aglutinan todas as actividades de cultura, mocidade, deporte, voluntariado e transfronteirizas \u201cdun xeito c\u00f3modo e planificado, informando debidamente \u00e1 veci\u00f1anza e garantindo que todas as actividades son un \u00e9xito\u201d, salienta a alcaldesa, Sandra Gonz\u00e1lez.     <\/p>\n\n\n\n<p>A nova\nedici\u00f3n da Axenda de Outono recolle as preto de 30 actividades que\nse levar\u00e1n a cabo entre outubro, novembro e decembro, rematando coa\nampla programaci\u00f3n preparada para o Nadal. As\u00ed, a programaci\u00f3n\ntrimestral arrancar\u00e1 esta mesma fin de semana coa obra de teatro\n\u2018#Cami\u00f1os\u2019, de Butaca Zero e, a vindeira semana, con dous cursos\ndirixidos \u00e1 mocidade sobre coci\u00f1a vegana e danzas urbanas, cursos\npara os que xa est\u00e1 aberto o prazo de inscrici\u00f3n. \n<\/p>\n\n\n\n<p>A\npartir de a\u00ed comezar\u00e1 unha intensa lista de actividades entre as\nque destaca a ampla programaci\u00f3n teatral, con 8 obras para toda a\nfamilia e outras 6 dirixidas a p\u00fablico adulto. As\u00ed, o p\u00fablico\ninfantil poder\u00e1 desfrutar o 13 e o 27 de outubro de Baobab Teatro e\nde Roque e os seus contos no Mercado Municipal de Tomi\u00f1o; o 3 de\nnovembro dos \u2018Contos do recreo\u2019 de Redrum Teatro; o 17 de\nnovembro de Xarope Tul\u00fa e as s\u00faas \u2018N\u00f3mades\u2019; o 28 de decembro\ndos \u2018Contos do animalario\u2019 de Daboapipa; o 29 de decembro das\nespectaculares pompas de xab\u00f3n de de \u2018Os fabulosos Cleaners\u2019 de\nMalasombra Produci\u00f3ns e o 4 de xaneiro co \u00faltimo panda do planeta,\n\u2018Mai-Mai\u2019, de Baobab Teatro.<\/p>\n\n\n\n<p>Pola\ns\u00faa banda, o p\u00fablico adulto dispor\u00e1 dun amplo abano de obras no\nauditorio de Goi\u00e1n: o 19 de outubro Contraproduci\u00f3ns representar\u00e1\n\u2018Commedia\u2019 no auditorio de Goi\u00e1n; o 2 de novembro Ch\u00e9vere\nchegar\u00e1 con \u2018Anatom\u00eda dunha serea\u2019; o 9 de novembro Artesac\u00eda\npresentar\u00e1 a \u2018Chola, a It Girl\u2019; o 16 de novembro Destexeito\nProduci\u00f3ns estar\u00e1 con \u2018Lol\u00f3 e mam\u00e1\u2019 e o 24 de novembro Redrum\nProduci\u00f3ns escenificar\u00e1 \u2018Invisibles\u2019.<\/p>\n\n\n\n<p><strong>Actividades\npara todos os gustos<\/strong><\/p>\n\n\n\n<p>A\nprogramaci\u00f3n compl\u00e9tase cunha vintena de actividades e concertos,\nentre os que destacan os que ofrecer\u00e1 Agrupaci\u00f3n Musical de Goi\u00e1n\nen honra de Santa Ic\u00eda (23 de novembro) e por Nadal (22 de\ndecembro), os da Coral Polif\u00f3nica de Tomi\u00f1o (13 de outubro e 15 de\ndecembro) ou o Festival de Nadal Virxe de Alivio. Pola s\u00faa banda, o\nMercado Municipal de Tomi\u00f1o acoller\u00e1 en outubro unha exposici\u00f3n da\nAsociaci\u00f3n de Cultivos do Baixo Mi\u00f1o e dende Voluntariado levaranse\na cabo d\u00faas actividades: a creaci\u00f3n dun v\u00eddeo sobre a realidade\ndas mulleres no rural e unha xornada de retirada de plantas\ninvasoras.<\/p>\n\n\n\n<p>Os\namantes do deporte te\u00f1en d\u00faas citas este trimestre. Por un lado, o\nvindeiro 27 de outubro a Eurocidade Cerveira-Tomi\u00f1o celebra o remate\ndo seu programa Deporte para todas as persoas cunha xornada de\nactividades no Parque de Lazer do Castelinho, en Vila Nova de\nCerveira, e o 22 de decembro ter\u00e1 lugar unha nova edici\u00f3n da\nCarreira de Nadal. \n<\/p>\n\n\n\n<p>E,\ncomo cada ano, Tomi\u00f1o contar\u00e1 cunha programaci\u00f3n especial de Nadal\nque comezar\u00e1 o 15 de decembro co concerto da Coral Polif\u00f3nica e\nrematar\u00e1 coa tradicional Cabalgata de Reis o 5 de xaneiro.\nEntrementres, 20 d\u00edas de m\u00fasica, actividades deportivas,\ncontacontos, teatro, obradoiros, inchables e moito m\u00e1is pensados\npara que toda a familia poida desfrutar destas datas.  \n<\/p>\n\n\n\n<p>Esta\naxenda en papel repartirase e colocarase en lugares de moito tr\u00e1nsito\npara difundir as actividades e facer chegar o programa a todos os\nveci\u00f1os e veci\u00f1as da vila, pero tam\u00e9n pode consultarse\ndirectamente na web do Concello:\nhttps:\/\/tomino.gal\/axenda-de-outono-2019\/.<\/p>\n","protected":false},"excerpt":{"rendered":"<div class=\"mh-excerpt\"><p>Un programa de actividades transversal e integrador dirixido a todos os p\u00fablicos. As\u00ed \u00e9 a programaci\u00f3n cultural, deportiva e l\u00fadica que o Concello de Tomi\u00f1o ten prevista para os vindeiros meses e que ven de recoller en papel na xa tradicional Axenda de Outono <a class=\"mh-excerpt-more\" href=\"https:\/\/www.anovapeneira.gal\/index.php\/2019\/10\/11\/o-outono-chega-a-tomino-con-mais-de-30-actividades-culturais-deportivas-e-de-lecer-para-todos-os-publicos\/\" title=\"O outono chega a Tomi\u00f1o con m\u00e1is de 30 actividades culturais, deportivas e de lecer para todos os p\u00fablicos\">[&#8230;]<\/a><\/p>\n<\/div>","protected":false},"author":3,"featured_media":1468,"comment_status":"open","ping_status":"open","sticky":false,"template":"","format":"standard","meta":{"_exactmetrics_skip_tracking":false,"_exactmetrics_sitenote_active":false,"_exactmetrics_sitenote_note":"","_exactmetrics_sitenote_category":0,"footnotes":""},"categories":[21],"tags":[654,81,33,56],"class_list":{"0":"post-1467","1":"post","2":"type-post","3":"status-publish","4":"format-standard","5":"has-post-thumbnail","7":"category-baixo-mino","8":"tag-actividades-culturais","9":"tag-concello-de-tomino","10":"tag-cultura","11":"tag-deporte"},"yoast_head":"<!-- This site is optimized with the Yoast SEO plugin v27.4 - https:\/\/yoast.com\/product\/yoast-seo-wordpress\/ -->\n<title>O outono chega a Tomi\u00f1o con m\u00e1is de 30 actividades culturais, deportivas e de lecer para todos os p\u00fablicos -<\/title>\n<meta name=\"robots\" content=\"index, follow, max-snippet:-1, max-image-preview:large, max-video-preview:-1\" \/>\n<link rel=\"canonical\" href=\"https:\/\/www.anovapeneira.gal\/index.php\/2019\/10\/11\/o-outono-chega-a-tomino-con-mais-de-30-actividades-culturais-deportivas-e-de-lecer-para-todos-os-publicos\/\" \/>\n<meta property=\"og:locale\" content=\"gl_ES\" \/>\n<meta property=\"og:type\" content=\"article\" \/>\n<meta property=\"og:title\" content=\"O outono chega a Tomi\u00f1o con m\u00e1is de 30 actividades culturais, deportivas e de lecer para todos os p\u00fablicos -\" \/>\n<meta property=\"og:description\" content=\"Un programa de actividades transversal e integrador dirixido a todos os p\u00fablicos. As\u00ed \u00e9 a programaci\u00f3n cultural, deportiva e l\u00fadica que o Concello de Tomi\u00f1o ten prevista para os vindeiros meses e que ven de recoller en papel na xa tradicional Axenda de Outono [...]\" \/>\n<meta property=\"og:url\" content=\"https:\/\/www.anovapeneira.gal\/index.php\/2019\/10\/11\/o-outono-chega-a-tomino-con-mais-de-30-actividades-culturais-deportivas-e-de-lecer-para-todos-os-publicos\/\" \/>\n<meta property=\"article:publisher\" content=\"https:\/\/www.facebook.com\/anovapeneira\" \/>\n<meta property=\"article:published_time\" content=\"2019-10-11T08:00:13+00:00\" \/>\n<meta property=\"og:image\" content=\"https:\/\/www.anovapeneira.gal\/wp-content\/uploads\/2019\/10\/TOMInhO_a_nova_peneira_11_9.jpg\" \/>\n\t<meta property=\"og:image:width\" content=\"720\" \/>\n\t<meta property=\"og:image:height\" content=\"473\" \/>\n\t<meta property=\"og:image:type\" content=\"image\/jpeg\" \/>\n<meta name=\"author\" content=\"Redacci\u00f3n A Nova Peneira\" \/>\n<meta name=\"twitter:card\" content=\"summary_large_image\" \/>\n<meta name=\"twitter:creator\" content=\"@APeneira\" \/>\n<meta name=\"twitter:site\" content=\"@APeneira\" \/>\n<meta name=\"twitter:label1\" content=\"Escrito por\" \/>\n\t<meta name=\"twitter:data1\" content=\"Redacci\u00f3n A Nova Peneira\" \/>\n\t<meta name=\"twitter:label2\" content=\"Tempo de lectura\" \/>\n\t<meta name=\"twitter:data2\" content=\"3 minutos\" \/>\n<script type=\"application\/ld+json\" class=\"yoast-schema-graph\">{\"@context\":\"https:\\\/\\\/schema.org\",\"@graph\":[{\"@type\":\"Article\",\"@id\":\"https:\\\/\\\/www.anovapeneira.gal\\\/index.php\\\/2019\\\/10\\\/11\\\/o-outono-chega-a-tomino-con-mais-de-30-actividades-culturais-deportivas-e-de-lecer-para-todos-os-publicos\\\/#article\",\"isPartOf\":{\"@id\":\"https:\\\/\\\/www.anovapeneira.gal\\\/index.php\\\/2019\\\/10\\\/11\\\/o-outono-chega-a-tomino-con-mais-de-30-actividades-culturais-deportivas-e-de-lecer-para-todos-os-publicos\\\/\"},\"author\":{\"name\":\"Redacci\u00f3n A Nova Peneira\",\"@id\":\"https:\\\/\\\/www.anovapeneira.gal\\\/#\\\/schema\\\/person\\\/b93e3f8932e3f8da96334607eb6ac6aa\"},\"headline\":\"O outono chega a Tomi\u00f1o con m\u00e1is de 30 actividades culturais, deportivas e de lecer para todos os p\u00fablicos\",\"datePublished\":\"2019-10-11T08:00:13+00:00\",\"mainEntityOfPage\":{\"@id\":\"https:\\\/\\\/www.anovapeneira.gal\\\/index.php\\\/2019\\\/10\\\/11\\\/o-outono-chega-a-tomino-con-mais-de-30-actividades-culturais-deportivas-e-de-lecer-para-todos-os-publicos\\\/\"},\"wordCount\":720,\"commentCount\":0,\"publisher\":{\"@id\":\"https:\\\/\\\/www.anovapeneira.gal\\\/#organization\"},\"image\":{\"@id\":\"https:\\\/\\\/www.anovapeneira.gal\\\/index.php\\\/2019\\\/10\\\/11\\\/o-outono-chega-a-tomino-con-mais-de-30-actividades-culturais-deportivas-e-de-lecer-para-todos-os-publicos\\\/#primaryimage\"},\"thumbnailUrl\":\"https:\\\/\\\/www.anovapeneira.gal\\\/wp-content\\\/uploads\\\/2019\\\/10\\\/TOMInhO_a_nova_peneira_11_9.jpg\",\"keywords\":[\"Actividades culturais\",\"Concello de Tomi\u00f1o\",\"Cultura\",\"Deporte\"],\"articleSection\":[\"Baixo Mi\u00f1o\"],\"inLanguage\":\"gl-ES\",\"potentialAction\":[{\"@type\":\"CommentAction\",\"name\":\"Comment\",\"target\":[\"https:\\\/\\\/www.anovapeneira.gal\\\/index.php\\\/2019\\\/10\\\/11\\\/o-outono-chega-a-tomino-con-mais-de-30-actividades-culturais-deportivas-e-de-lecer-para-todos-os-publicos\\\/#respond\"]}]},{\"@type\":\"WebPage\",\"@id\":\"https:\\\/\\\/www.anovapeneira.gal\\\/index.php\\\/2019\\\/10\\\/11\\\/o-outono-chega-a-tomino-con-mais-de-30-actividades-culturais-deportivas-e-de-lecer-para-todos-os-publicos\\\/\",\"url\":\"https:\\\/\\\/www.anovapeneira.gal\\\/index.php\\\/2019\\\/10\\\/11\\\/o-outono-chega-a-tomino-con-mais-de-30-actividades-culturais-deportivas-e-de-lecer-para-todos-os-publicos\\\/\",\"name\":\"O outono chega a Tomi\u00f1o con m\u00e1is de 30 actividades culturais, deportivas e de lecer para todos os p\u00fablicos -\",\"isPartOf\":{\"@id\":\"https:\\\/\\\/www.anovapeneira.gal\\\/#website\"},\"primaryImageOfPage\":{\"@id\":\"https:\\\/\\\/www.anovapeneira.gal\\\/index.php\\\/2019\\\/10\\\/11\\\/o-outono-chega-a-tomino-con-mais-de-30-actividades-culturais-deportivas-e-de-lecer-para-todos-os-publicos\\\/#primaryimage\"},\"image\":{\"@id\":\"https:\\\/\\\/www.anovapeneira.gal\\\/index.php\\\/2019\\\/10\\\/11\\\/o-outono-chega-a-tomino-con-mais-de-30-actividades-culturais-deportivas-e-de-lecer-para-todos-os-publicos\\\/#primaryimage\"},\"thumbnailUrl\":\"https:\\\/\\\/www.anovapeneira.gal\\\/wp-content\\\/uploads\\\/2019\\\/10\\\/TOMInhO_a_nova_peneira_11_9.jpg\",\"datePublished\":\"2019-10-11T08:00:13+00:00\",\"breadcrumb\":{\"@id\":\"https:\\\/\\\/www.anovapeneira.gal\\\/index.php\\\/2019\\\/10\\\/11\\\/o-outono-chega-a-tomino-con-mais-de-30-actividades-culturais-deportivas-e-de-lecer-para-todos-os-publicos\\\/#breadcrumb\"},\"inLanguage\":\"gl-ES\",\"potentialAction\":[{\"@type\":\"ReadAction\",\"target\":[\"https:\\\/\\\/www.anovapeneira.gal\\\/index.php\\\/2019\\\/10\\\/11\\\/o-outono-chega-a-tomino-con-mais-de-30-actividades-culturais-deportivas-e-de-lecer-para-todos-os-publicos\\\/\"]}]},{\"@type\":\"ImageObject\",\"inLanguage\":\"gl-ES\",\"@id\":\"https:\\\/\\\/www.anovapeneira.gal\\\/index.php\\\/2019\\\/10\\\/11\\\/o-outono-chega-a-tomino-con-mais-de-30-actividades-culturais-deportivas-e-de-lecer-para-todos-os-publicos\\\/#primaryimage\",\"url\":\"https:\\\/\\\/www.anovapeneira.gal\\\/wp-content\\\/uploads\\\/2019\\\/10\\\/TOMInhO_a_nova_peneira_11_9.jpg\",\"contentUrl\":\"https:\\\/\\\/www.anovapeneira.gal\\\/wp-content\\\/uploads\\\/2019\\\/10\\\/TOMInhO_a_nova_peneira_11_9.jpg\",\"width\":720,\"height\":473,\"caption\":\"Concello de Tomi\u00f1o A Nova Peneira\"},{\"@type\":\"BreadcrumbList\",\"@id\":\"https:\\\/\\\/www.anovapeneira.gal\\\/index.php\\\/2019\\\/10\\\/11\\\/o-outono-chega-a-tomino-con-mais-de-30-actividades-culturais-deportivas-e-de-lecer-para-todos-os-publicos\\\/#breadcrumb\",\"itemListElement\":[{\"@type\":\"ListItem\",\"position\":1,\"name\":\"Portada\",\"item\":\"https:\\\/\\\/www.anovapeneira.gal\\\/\"},{\"@type\":\"ListItem\",\"position\":2,\"name\":\"O outono chega a Tomi\u00f1o con m\u00e1is de 30 actividades culturais, deportivas e de lecer para todos os p\u00fablicos\"}]},{\"@type\":\"WebSite\",\"@id\":\"https:\\\/\\\/www.anovapeneira.gal\\\/#website\",\"url\":\"https:\\\/\\\/www.anovapeneira.gal\\\/\",\"name\":\"\",\"description\":\"Xornal galego de informaci\u00f3n xeral Publicaci\u00f3n mensual de novas de Galicia e en especial dos Concellos da sur da provincia de Pontevedra.\",\"publisher\":{\"@id\":\"https:\\\/\\\/www.anovapeneira.gal\\\/#organization\"},\"potentialAction\":[{\"@type\":\"SearchAction\",\"target\":{\"@type\":\"EntryPoint\",\"urlTemplate\":\"https:\\\/\\\/www.anovapeneira.gal\\\/?s={search_term_string}\"},\"query-input\":{\"@type\":\"PropertyValueSpecification\",\"valueRequired\":true,\"valueName\":\"search_term_string\"}}],\"inLanguage\":\"gl-ES\"},{\"@type\":\"Organization\",\"@id\":\"https:\\\/\\\/www.anovapeneira.gal\\\/#organization\",\"name\":\"A Nova Peneira\",\"url\":\"https:\\\/\\\/www.anovapeneira.gal\\\/\",\"logo\":{\"@type\":\"ImageObject\",\"inLanguage\":\"gl-ES\",\"@id\":\"https:\\\/\\\/www.anovapeneira.gal\\\/#\\\/schema\\\/logo\\\/image\\\/\",\"url\":\"http:\\\/\\\/www.anovapeneira.gal\\\/wp-content\\\/uploads\\\/2019\\\/06\\\/logo_a_nova_peneira_portal_web.png\",\"contentUrl\":\"http:\\\/\\\/www.anovapeneira.gal\\\/wp-content\\\/uploads\\\/2019\\\/06\\\/logo_a_nova_peneira_portal_web.png\",\"width\":300,\"height\":100,\"caption\":\"A Nova Peneira\"},\"image\":{\"@id\":\"https:\\\/\\\/www.anovapeneira.gal\\\/#\\\/schema\\\/logo\\\/image\\\/\"},\"sameAs\":[\"https:\\\/\\\/www.facebook.com\\\/anovapeneira\",\"https:\\\/\\\/x.com\\\/APeneira\"]},{\"@type\":\"Person\",\"@id\":\"https:\\\/\\\/www.anovapeneira.gal\\\/#\\\/schema\\\/person\\\/b93e3f8932e3f8da96334607eb6ac6aa\",\"name\":\"Redacci\u00f3n A Nova Peneira\",\"image\":{\"@type\":\"ImageObject\",\"inLanguage\":\"gl-ES\",\"@id\":\"https:\\\/\\\/secure.gravatar.com\\\/avatar\\\/c052a2551a06e23fac63626232eaa90abd78dbcf1700fc46a2b2c89fd27b735f?s=96&d=mm&r=g\",\"url\":\"https:\\\/\\\/secure.gravatar.com\\\/avatar\\\/c052a2551a06e23fac63626232eaa90abd78dbcf1700fc46a2b2c89fd27b735f?s=96&d=mm&r=g\",\"contentUrl\":\"https:\\\/\\\/secure.gravatar.com\\\/avatar\\\/c052a2551a06e23fac63626232eaa90abd78dbcf1700fc46a2b2c89fd27b735f?s=96&d=mm&r=g\",\"caption\":\"Redacci\u00f3n A Nova Peneira\"},\"sameAs\":[\"http:\\\/\\\/www.anovapeneira.gal\\\/\"],\"url\":\"https:\\\/\\\/www.anovapeneira.gal\\\/index.php\\\/author\\\/redactor\\\/\"}]}<\/script>\n<!-- \/ Yoast SEO plugin. -->","yoast_head_json":{"title":"O outono chega a Tomi\u00f1o con m\u00e1is de 30 actividades culturais, deportivas e de lecer para todos os p\u00fablicos -","robots":{"index":"index","follow":"follow","max-snippet":"max-snippet:-1","max-image-preview":"max-image-preview:large","max-video-preview":"max-video-preview:-1"},"canonical":"https:\/\/www.anovapeneira.gal\/index.php\/2019\/10\/11\/o-outono-chega-a-tomino-con-mais-de-30-actividades-culturais-deportivas-e-de-lecer-para-todos-os-publicos\/","og_locale":"gl_ES","og_type":"article","og_title":"O outono chega a Tomi\u00f1o con m\u00e1is de 30 actividades culturais, deportivas e de lecer para todos os p\u00fablicos -","og_description":"Un programa de actividades transversal e integrador dirixido a todos os p\u00fablicos. As\u00ed \u00e9 a programaci\u00f3n cultural, deportiva e l\u00fadica que o Concello de Tomi\u00f1o ten prevista para os vindeiros meses e que ven de recoller en papel na xa tradicional Axenda de Outono [...]","og_url":"https:\/\/www.anovapeneira.gal\/index.php\/2019\/10\/11\/o-outono-chega-a-tomino-con-mais-de-30-actividades-culturais-deportivas-e-de-lecer-para-todos-os-publicos\/","article_publisher":"https:\/\/www.facebook.com\/anovapeneira","article_published_time":"2019-10-11T08:00:13+00:00","og_image":[{"width":720,"height":473,"url":"https:\/\/www.anovapeneira.gal\/wp-content\/uploads\/2019\/10\/TOMInhO_a_nova_peneira_11_9.jpg","type":"image\/jpeg"}],"author":"Redacci\u00f3n A Nova Peneira","twitter_card":"summary_large_image","twitter_creator":"@APeneira","twitter_site":"@APeneira","twitter_misc":{"Escrito por":"Redacci\u00f3n A Nova Peneira","Tempo de lectura":"3 minutos"},"schema":{"@context":"https:\/\/schema.org","@graph":[{"@type":"Article","@id":"https:\/\/www.anovapeneira.gal\/index.php\/2019\/10\/11\/o-outono-chega-a-tomino-con-mais-de-30-actividades-culturais-deportivas-e-de-lecer-para-todos-os-publicos\/#article","isPartOf":{"@id":"https:\/\/www.anovapeneira.gal\/index.php\/2019\/10\/11\/o-outono-chega-a-tomino-con-mais-de-30-actividades-culturais-deportivas-e-de-lecer-para-todos-os-publicos\/"},"author":{"name":"Redacci\u00f3n A Nova Peneira","@id":"https:\/\/www.anovapeneira.gal\/#\/schema\/person\/b93e3f8932e3f8da96334607eb6ac6aa"},"headline":"O outono chega a Tomi\u00f1o con m\u00e1is de 30 actividades culturais, deportivas e de lecer para todos os p\u00fablicos","datePublished":"2019-10-11T08:00:13+00:00","mainEntityOfPage":{"@id":"https:\/\/www.anovapeneira.gal\/index.php\/2019\/10\/11\/o-outono-chega-a-tomino-con-mais-de-30-actividades-culturais-deportivas-e-de-lecer-para-todos-os-publicos\/"},"wordCount":720,"commentCount":0,"publisher":{"@id":"https:\/\/www.anovapeneira.gal\/#organization"},"image":{"@id":"https:\/\/www.anovapeneira.gal\/index.php\/2019\/10\/11\/o-outono-chega-a-tomino-con-mais-de-30-actividades-culturais-deportivas-e-de-lecer-para-todos-os-publicos\/#primaryimage"},"thumbnailUrl":"https:\/\/www.anovapeneira.gal\/wp-content\/uploads\/2019\/10\/TOMInhO_a_nova_peneira_11_9.jpg","keywords":["Actividades culturais","Concello de Tomi\u00f1o","Cultura","Deporte"],"articleSection":["Baixo Mi\u00f1o"],"inLanguage":"gl-ES","potentialAction":[{"@type":"CommentAction","name":"Comment","target":["https:\/\/www.anovapeneira.gal\/index.php\/2019\/10\/11\/o-outono-chega-a-tomino-con-mais-de-30-actividades-culturais-deportivas-e-de-lecer-para-todos-os-publicos\/#respond"]}]},{"@type":"WebPage","@id":"https:\/\/www.anovapeneira.gal\/index.php\/2019\/10\/11\/o-outono-chega-a-tomino-con-mais-de-30-actividades-culturais-deportivas-e-de-lecer-para-todos-os-publicos\/","url":"https:\/\/www.anovapeneira.gal\/index.php\/2019\/10\/11\/o-outono-chega-a-tomino-con-mais-de-30-actividades-culturais-deportivas-e-de-lecer-para-todos-os-publicos\/","name":"O outono chega a Tomi\u00f1o con m\u00e1is de 30 actividades culturais, deportivas e de lecer para todos os p\u00fablicos -","isPartOf":{"@id":"https:\/\/www.anovapeneira.gal\/#website"},"primaryImageOfPage":{"@id":"https:\/\/www.anovapeneira.gal\/index.php\/2019\/10\/11\/o-outono-chega-a-tomino-con-mais-de-30-actividades-culturais-deportivas-e-de-lecer-para-todos-os-publicos\/#primaryimage"},"image":{"@id":"https:\/\/www.anovapeneira.gal\/index.php\/2019\/10\/11\/o-outono-chega-a-tomino-con-mais-de-30-actividades-culturais-deportivas-e-de-lecer-para-todos-os-publicos\/#primaryimage"},"thumbnailUrl":"https:\/\/www.anovapeneira.gal\/wp-content\/uploads\/2019\/10\/TOMInhO_a_nova_peneira_11_9.jpg","datePublished":"2019-10-11T08:00:13+00:00","breadcrumb":{"@id":"https:\/\/www.anovapeneira.gal\/index.php\/2019\/10\/11\/o-outono-chega-a-tomino-con-mais-de-30-actividades-culturais-deportivas-e-de-lecer-para-todos-os-publicos\/#breadcrumb"},"inLanguage":"gl-ES","potentialAction":[{"@type":"ReadAction","target":["https:\/\/www.anovapeneira.gal\/index.php\/2019\/10\/11\/o-outono-chega-a-tomino-con-mais-de-30-actividades-culturais-deportivas-e-de-lecer-para-todos-os-publicos\/"]}]},{"@type":"ImageObject","inLanguage":"gl-ES","@id":"https:\/\/www.anovapeneira.gal\/index.php\/2019\/10\/11\/o-outono-chega-a-tomino-con-mais-de-30-actividades-culturais-deportivas-e-de-lecer-para-todos-os-publicos\/#primaryimage","url":"https:\/\/www.anovapeneira.gal\/wp-content\/uploads\/2019\/10\/TOMInhO_a_nova_peneira_11_9.jpg","contentUrl":"https:\/\/www.anovapeneira.gal\/wp-content\/uploads\/2019\/10\/TOMInhO_a_nova_peneira_11_9.jpg","width":720,"height":473,"caption":"Concello de Tomi\u00f1o A Nova Peneira"},{"@type":"BreadcrumbList","@id":"https:\/\/www.anovapeneira.gal\/index.php\/2019\/10\/11\/o-outono-chega-a-tomino-con-mais-de-30-actividades-culturais-deportivas-e-de-lecer-para-todos-os-publicos\/#breadcrumb","itemListElement":[{"@type":"ListItem","position":1,"name":"Portada","item":"https:\/\/www.anovapeneira.gal\/"},{"@type":"ListItem","position":2,"name":"O outono chega a Tomi\u00f1o con m\u00e1is de 30 actividades culturais, deportivas e de lecer para todos os p\u00fablicos"}]},{"@type":"WebSite","@id":"https:\/\/www.anovapeneira.gal\/#website","url":"https:\/\/www.anovapeneira.gal\/","name":"","description":"Xornal galego de informaci\u00f3n xeral Publicaci\u00f3n mensual de novas de Galicia e en especial dos Concellos da sur da provincia de Pontevedra.","publisher":{"@id":"https:\/\/www.anovapeneira.gal\/#organization"},"potentialAction":[{"@type":"SearchAction","target":{"@type":"EntryPoint","urlTemplate":"https:\/\/www.anovapeneira.gal\/?s={search_term_string}"},"query-input":{"@type":"PropertyValueSpecification","valueRequired":true,"valueName":"search_term_string"}}],"inLanguage":"gl-ES"},{"@type":"Organization","@id":"https:\/\/www.anovapeneira.gal\/#organization","name":"A Nova Peneira","url":"https:\/\/www.anovapeneira.gal\/","logo":{"@type":"ImageObject","inLanguage":"gl-ES","@id":"https:\/\/www.anovapeneira.gal\/#\/schema\/logo\/image\/","url":"http:\/\/www.anovapeneira.gal\/wp-content\/uploads\/2019\/06\/logo_a_nova_peneira_portal_web.png","contentUrl":"http:\/\/www.anovapeneira.gal\/wp-content\/uploads\/2019\/06\/logo_a_nova_peneira_portal_web.png","width":300,"height":100,"caption":"A Nova Peneira"},"image":{"@id":"https:\/\/www.anovapeneira.gal\/#\/schema\/logo\/image\/"},"sameAs":["https:\/\/www.facebook.com\/anovapeneira","https:\/\/x.com\/APeneira"]},{"@type":"Person","@id":"https:\/\/www.anovapeneira.gal\/#\/schema\/person\/b93e3f8932e3f8da96334607eb6ac6aa","name":"Redacci\u00f3n A Nova Peneira","image":{"@type":"ImageObject","inLanguage":"gl-ES","@id":"https:\/\/secure.gravatar.com\/avatar\/c052a2551a06e23fac63626232eaa90abd78dbcf1700fc46a2b2c89fd27b735f?s=96&d=mm&r=g","url":"https:\/\/secure.gravatar.com\/avatar\/c052a2551a06e23fac63626232eaa90abd78dbcf1700fc46a2b2c89fd27b735f?s=96&d=mm&r=g","contentUrl":"https:\/\/secure.gravatar.com\/avatar\/c052a2551a06e23fac63626232eaa90abd78dbcf1700fc46a2b2c89fd27b735f?s=96&d=mm&r=g","caption":"Redacci\u00f3n A Nova Peneira"},"sameAs":["http:\/\/www.anovapeneira.gal\/"],"url":"https:\/\/www.anovapeneira.gal\/index.php\/author\/redactor\/"}]}},"jetpack_featured_media_url":"https:\/\/www.anovapeneira.gal\/wp-content\/uploads\/2019\/10\/TOMInhO_a_nova_peneira_11_9.jpg","_links":{"self":[{"href":"https:\/\/www.anovapeneira.gal\/index.php\/wp-json\/wp\/v2\/posts\/1467","targetHints":{"allow":["GET"]}}],"collection":[{"href":"https:\/\/www.anovapeneira.gal\/index.php\/wp-json\/wp\/v2\/posts"}],"about":[{"href":"https:\/\/www.anovapeneira.gal\/index.php\/wp-json\/wp\/v2\/types\/post"}],"author":[{"embeddable":true,"href":"https:\/\/www.anovapeneira.gal\/index.php\/wp-json\/wp\/v2\/users\/3"}],"replies":[{"embeddable":true,"href":"https:\/\/www.anovapeneira.gal\/index.php\/wp-json\/wp\/v2\/comments?post=1467"}],"version-history":[{"count":1,"href":"https:\/\/www.anovapeneira.gal\/index.php\/wp-json\/wp\/v2\/posts\/1467\/revisions"}],"predecessor-version":[{"id":1469,"href":"https:\/\/www.anovapeneira.gal\/index.php\/wp-json\/wp\/v2\/posts\/1467\/revisions\/1469"}],"wp:featuredmedia":[{"embeddable":true,"href":"https:\/\/www.anovapeneira.gal\/index.php\/wp-json\/wp\/v2\/media\/1468"}],"wp:attachment":[{"href":"https:\/\/www.anovapeneira.gal\/index.php\/wp-json\/wp\/v2\/media?parent=1467"}],"wp:term":[{"taxonomy":"category","embeddable":true,"href":"https:\/\/www.anovapeneira.gal\/index.php\/wp-json\/wp\/v2\/categories?post=1467"},{"taxonomy":"post_tag","embeddable":true,"href":"https:\/\/www.anovapeneira.gal\/index.php\/wp-json\/wp\/v2\/tags?post=1467"}],"curies":[{"name":"wp","href":"https:\/\/api.w.org\/{rel}","templated":true}]}}