{"id":14677,"date":"2025-09-22T10:00:05","date_gmt":"2025-09-22T08:00:05","guid":{"rendered":"https:\/\/www.anovapeneira.gal\/?p=14677"},"modified":"2025-09-21T23:12:40","modified_gmt":"2025-09-21T21:12:40","slug":"memoria-daqueles-tempos-que-queren-repetirse","status":"publish","type":"post","link":"https:\/\/www.anovapeneira.gal\/index.php\/2025\/09\/22\/memoria-daqueles-tempos-que-queren-repetirse\/","title":{"rendered":"Memoria daqueles tempos que queren repetirse"},"content":{"rendered":"\n<figure class=\"wp-block-image size-full is-resized\"><img loading=\"lazy\" decoding=\"async\" width=\"190\" height=\"222\" src=\"https:\/\/www.anovapeneira.gal\/wp-content\/uploads\/2019\/07\/Baldomero_Iglesias_Dobarrio_Mero.jpg\" alt=\"Baldomero Iglesias Dobarrio Mero artigos de opini\u00f3n A Nova Peneira\" class=\"wp-image-482\" style=\"width:94px;height:auto\"\/><figcaption class=\"wp-element-caption\">Baldomero Iglesias Dobarrio, Mero<\/figcaption><\/figure>\n\n\n\n<p>Acud\u00edn de novo a un acto de reparaci\u00f3n, este pasado luns, d\u00eda 25 de agosto, fun \u00e1 entrega dos restos de dous represaliados \u00e1 familia. Estaban nunha fosa en Visanto\u00f1a (Mes\u00eda, A Coru\u00f1a), moi preto de onde vivo. Foi un acto moi emotivo no que estaban autoridades da zona e familiares, tam\u00e9n simpatizantes desta causa que busca a reparaci\u00f3n e a xustiza no relato veraz da historia. Volveron \u00e1 casa e \u00e1 familia aqueles corpos que pagaron coa vida o desexo dun mundo mellor e m\u00e1is xusto, unha ideolox\u00eda que a\u00ednda non entende moita xente. Cham\u00e1banse Jos\u00e9 Gal\u00e1n N\u00fa\u00f1ez \u201cDereito\u201d e Manuel Ramiro Souto \u201cSouto\u201d. V\u00edanse perfectamente as botas e os \u00f3sos dentro dunha bolsa enriba da mesa e baixo a bandeira da Rep\u00fablica e a Galega, restos que despois foron enterrados no Cemiterio de Almeiras.<\/p>\n\n\n\n<p>As an\u00e1lises confirmaron a morte violenta por arma de calibre 9 mm. e tal como puiden ver directamente en agosto do ano pasado, estando al\u00ed as persoas encargadas da recuperaci\u00f3n, cando foi a exhumaci\u00f3n e o traballo delicado da ARMH. Estaban nunha \u00fanica caixa de pi\u00f1eiro verde. Ao redor do lugar xuntamos, durante varios d\u00edas, familiares e veci\u00f1os rodeados dun enorme silenzo e dese acto reflexivo que acude \u00e1 nosa conciencia cando nos preguntamos por que sucederon estes e outros moitos feitos, onde naceu tanto odio. Moito silenzo no arredor. Hoxe tam\u00e9n estamos acugulados de odios e de violencias, de xentes que non queren entender e que se cren posuidores da \u00fanica verdade.<\/p>\n\n\n\n<p>Non \u00e9 a primeira exhumaci\u00f3n \u00e1 que acudo, estiven en moitas m\u00e1is, e faltan tantas! Tam\u00e9n naquelas primeiras e sempre nos arrodea un silenzo incomprensible de preguntas \u00edntimas, de respostas que non sabemos. Lembro a\u00ednda cando foi a do pai de Dar\u00edo, cando con noventa e pico anos atopou os restos do seu pai, alcalde de Castro de Rei e desaparecido nun paseo que lle deron os que tomaron a xustiza pola man. Choramos xuntos. Foi en Cortapezas, moi preto de Portomar\u00edn, hai xa moitos anos. Non hab\u00eda partidos pol\u00edticos. Sempre silenzo. Moitas preguntas, onde estaban? A onde pode levarnos a violencia, o odio? A onde poden chegar os seres humanos co seu pensamento \u00fanico e ensoberbecido, xactancioso e ego\u00edsta.<\/p>\n\n\n\n<p>Hab\u00eda un enorme silenzo tam\u00e9n no Sal\u00f3n de Plenos, penso que a xente ti\u00f1a ganas de amosar o seu agradecemento a esta devoluci\u00f3n, a este pequeno bico nos ollos porque en realidade foron estas persoas quen salvaron a nosa dignidade contra a ditadura e o franquismo, contra a imposici\u00f3n e diante daqueles que non deixaban dicir, nin pronunciar a palabra \u201cliberdade\u201d. Certamente, como indicaba Emilio Silva, deber\u00edan estar moitas e as m\u00e1is responsables autoridades do Estado e de Galiza, mais non foi as\u00ed. Este tema da \u201cMemoria Hist\u00f3rica\u201d resulta ser un tema de segunda orde, que seica d\u00e1 poucos votos, un tema do que a sociedade ten escaso co\u00f1ecemento e que forma parte fundamental da nosa \u201cdemocracia\u201d, por escasa que pareza, porque explica tam\u00e9n as nosas orixes e momentos que non deben repetirse. Foron elas e eles quen termaron desa condici\u00f3n digna, a de dicir non ao atropelo, \u00e1 corrupci\u00f3n, \u00e1 mentira. E todos deberiamos saber que pagaron coa vida. Gardar memoria dos feitos para que non volvan, \u00e9 un dereito e unha obriga.<\/p>\n\n\n\n<p>Por iso conv\u00e9n dicilo e non deixar que queden a\u00ed, como un obxecto m\u00e1is para o recordo. Non, foron dous guerrilleiros e son dous heroes. Jos\u00e9 Gal\u00e1n nacera en Alvedro e a principios dos anos corenta desertou do servizo militar en Lugo e fuxiu ao monte integr\u00e1ndose nos destacamentos Arturo Cortizas e Enrique L\u00edster, m\u00e1is tarde no 1951 int\u00e9grase na IV Agrupaci\u00f3n Guerrilleira de Galiza con Manuel Ponte. Agachouse con Foucellas e con Manuel Vilar nunha cova, na Regueira, onde se enfrontou \u00e1 Garda Civil, e morre este \u00faltimo e dete\u00f1en ao c\u00e9lebre Foucellas. O 22 de xu\u00f1o de 1952 sorprendidos en Visanto\u00f1a foi abatido. Tam\u00e9n a familia del foi represaliada, sufrindo continua vixilancia e rexistros, as\u00ed como desterro a Zamora e Zaragoza.<\/p>\n\n\n\n<p>En canto a Manuel Ramiro Souto, dicir que naceu en Culleredo, en Almeiras, en 1926 e a finais dos corenta, b\u00f3tase ao monte cos seus t\u00edos Ram\u00f3n e Xosefa, enlaces da guerrilla. No 1948 coa ca\u00edda de Gayoso (secretario de organizaci\u00f3n do P. C.) e de Seoane (xefe do Ex\u00e9rcito Guerrilleiro de Galiza) participa en varias acci\u00f3ns con outros compa\u00f1eiros, seu t\u00edo, e os chamados Pedro Borr\u00e1s, Calias, Flores, M. Vega e Doctor. No ano 48, con varios compa\u00f1eiras e compa\u00f1eiros, foron acurralados. Logra fuxir e int\u00e9grase na IV Agrupaci\u00f3n Guerrilleira de Manuel Ponte ata o 22 de xu\u00f1o, en que tam\u00e9n, no tiroteo final, cae abatido xunto a Jos\u00e9 Gal\u00e1n. Enterr\u00e1ronos xuntos nunha mesma caixa de pino. \u00d3sos, as botas<\/p>\n\n\n\n<p>Al\u00ed estaban os seus restos, na mesma foxa, na mesma terra, e aquelas botas que fixeron cami\u00f1o e marcaron unha senda. Agora sabendo daquel cami\u00f1o que eles comezaron, e pasado o tempo, conv\u00e9n saber que cami\u00f1o collemos n\u00f3s mentres deixamos que se enterre a s\u00faa memoria e o seu patrimonio na defensa da liberdade. Onde est\u00e1 esa vontade de constru\u00edr, desde ese s\u00edmbolo de entrega por uns ideais moito m\u00e1is xustos? Quizais andemos algo desviados da senda que nos debera levar \u00e1 raz\u00f3n e ao entendemento. De momento sabemos que para que non sucedan de novo, os feitos acontecidos, conv\u00e9n lembralos e telos ben presentes.<\/p>\n","protected":false},"excerpt":{"rendered":"<div class=\"mh-excerpt\"><p>Acud\u00edn de novo a un acto de reparaci\u00f3n, este pasado luns, d\u00eda 25 de agosto, fun \u00e1 entrega dos restos de dous represaliados \u00e1 familia. Estaban nunha fosa en Visanto\u00f1a (Mes\u00eda, A Coru\u00f1a) <a class=\"mh-excerpt-more\" href=\"https:\/\/www.anovapeneira.gal\/index.php\/2025\/09\/22\/memoria-daqueles-tempos-que-queren-repetirse\/\" title=\"Memoria daqueles tempos que queren repetirse\">[&#8230;]<\/a><\/p>\n<\/div>","protected":false},"author":5,"featured_media":14678,"comment_status":"open","ping_status":"open","sticky":false,"template":"","format":"standard","meta":{"_exactmetrics_skip_tracking":false,"_exactmetrics_sitenote_active":false,"_exactmetrics_sitenote_note":"","_exactmetrics_sitenote_category":0,"footnotes":""},"categories":[7],"tags":[],"class_list":{"0":"post-14677","1":"post","2":"type-post","3":"status-publish","4":"format-standard","5":"has-post-thumbnail","7":"category-artigos-de-opinion"},"yoast_head":"<!-- This site is optimized with the Yoast SEO plugin v27.4 - https:\/\/yoast.com\/product\/yoast-seo-wordpress\/ -->\n<title>Memoria daqueles tempos que queren repetirse -<\/title>\n<meta name=\"robots\" content=\"index, follow, max-snippet:-1, max-image-preview:large, max-video-preview:-1\" \/>\n<link rel=\"canonical\" href=\"https:\/\/www.anovapeneira.gal\/index.php\/2025\/09\/22\/memoria-daqueles-tempos-que-queren-repetirse\/\" \/>\n<meta property=\"og:locale\" content=\"gl_ES\" \/>\n<meta property=\"og:type\" content=\"article\" \/>\n<meta property=\"og:title\" content=\"Memoria daqueles tempos que queren repetirse -\" \/>\n<meta property=\"og:description\" content=\"Acud\u00edn de novo a un acto de reparaci\u00f3n, este pasado luns, d\u00eda 25 de agosto, fun \u00e1 entrega dos restos de dous represaliados \u00e1 familia. Estaban nunha fosa en Visanto\u00f1a (Mes\u00eda, A Coru\u00f1a) [...]\" \/>\n<meta property=\"og:url\" content=\"https:\/\/www.anovapeneira.gal\/index.php\/2025\/09\/22\/memoria-daqueles-tempos-que-queren-repetirse\/\" \/>\n<meta property=\"article:publisher\" content=\"https:\/\/www.facebook.com\/anovapeneira\" \/>\n<meta property=\"article:published_time\" content=\"2025-09-22T08:00:05+00:00\" \/>\n<meta property=\"og:image\" content=\"https:\/\/www.anovapeneira.gal\/wp-content\/uploads\/2025\/09\/exhumacion_mero.webp\" \/>\n\t<meta property=\"og:image:width\" content=\"720\" \/>\n\t<meta property=\"og:image:height\" content=\"432\" \/>\n\t<meta property=\"og:image:type\" content=\"image\/webp\" \/>\n<meta name=\"author\" content=\"Baldomero Iglesias Dobarrio, Mero\" \/>\n<meta name=\"twitter:card\" content=\"summary_large_image\" \/>\n<meta name=\"twitter:creator\" content=\"@APeneira\" \/>\n<meta name=\"twitter:site\" content=\"@APeneira\" \/>\n<meta name=\"twitter:label1\" content=\"Escrito por\" \/>\n\t<meta name=\"twitter:data1\" content=\"Baldomero Iglesias Dobarrio, Mero\" \/>\n\t<meta name=\"twitter:label2\" content=\"Tempo de lectura\" \/>\n\t<meta name=\"twitter:data2\" content=\"6 minutos\" \/>\n<script type=\"application\/ld+json\" class=\"yoast-schema-graph\">{\"@context\":\"https:\\\/\\\/schema.org\",\"@graph\":[{\"@type\":\"Article\",\"@id\":\"https:\\\/\\\/www.anovapeneira.gal\\\/index.php\\\/2025\\\/09\\\/22\\\/memoria-daqueles-tempos-que-queren-repetirse\\\/#article\",\"isPartOf\":{\"@id\":\"https:\\\/\\\/www.anovapeneira.gal\\\/index.php\\\/2025\\\/09\\\/22\\\/memoria-daqueles-tempos-que-queren-repetirse\\\/\"},\"author\":{\"name\":\"Baldomero Iglesias Dobarrio, Mero\",\"@id\":\"https:\\\/\\\/www.anovapeneira.gal\\\/#\\\/schema\\\/person\\\/b051ed40cfc100e281476674783b32fc\"},\"headline\":\"Memoria daqueles tempos que queren repetirse\",\"datePublished\":\"2025-09-22T08:00:05+00:00\",\"mainEntityOfPage\":{\"@id\":\"https:\\\/\\\/www.anovapeneira.gal\\\/index.php\\\/2025\\\/09\\\/22\\\/memoria-daqueles-tempos-que-queren-repetirse\\\/\"},\"wordCount\":968,\"commentCount\":0,\"publisher\":{\"@id\":\"https:\\\/\\\/www.anovapeneira.gal\\\/#organization\"},\"image\":{\"@id\":\"https:\\\/\\\/www.anovapeneira.gal\\\/index.php\\\/2025\\\/09\\\/22\\\/memoria-daqueles-tempos-que-queren-repetirse\\\/#primaryimage\"},\"thumbnailUrl\":\"https:\\\/\\\/www.anovapeneira.gal\\\/wp-content\\\/uploads\\\/2025\\\/09\\\/exhumacion_mero.webp\",\"articleSection\":[\"Artigos de opini\u00f3n\"],\"inLanguage\":\"gl-ES\",\"potentialAction\":[{\"@type\":\"CommentAction\",\"name\":\"Comment\",\"target\":[\"https:\\\/\\\/www.anovapeneira.gal\\\/index.php\\\/2025\\\/09\\\/22\\\/memoria-daqueles-tempos-que-queren-repetirse\\\/#respond\"]}]},{\"@type\":\"WebPage\",\"@id\":\"https:\\\/\\\/www.anovapeneira.gal\\\/index.php\\\/2025\\\/09\\\/22\\\/memoria-daqueles-tempos-que-queren-repetirse\\\/\",\"url\":\"https:\\\/\\\/www.anovapeneira.gal\\\/index.php\\\/2025\\\/09\\\/22\\\/memoria-daqueles-tempos-que-queren-repetirse\\\/\",\"name\":\"Memoria daqueles tempos que queren repetirse -\",\"isPartOf\":{\"@id\":\"https:\\\/\\\/www.anovapeneira.gal\\\/#website\"},\"primaryImageOfPage\":{\"@id\":\"https:\\\/\\\/www.anovapeneira.gal\\\/index.php\\\/2025\\\/09\\\/22\\\/memoria-daqueles-tempos-que-queren-repetirse\\\/#primaryimage\"},\"image\":{\"@id\":\"https:\\\/\\\/www.anovapeneira.gal\\\/index.php\\\/2025\\\/09\\\/22\\\/memoria-daqueles-tempos-que-queren-repetirse\\\/#primaryimage\"},\"thumbnailUrl\":\"https:\\\/\\\/www.anovapeneira.gal\\\/wp-content\\\/uploads\\\/2025\\\/09\\\/exhumacion_mero.webp\",\"datePublished\":\"2025-09-22T08:00:05+00:00\",\"breadcrumb\":{\"@id\":\"https:\\\/\\\/www.anovapeneira.gal\\\/index.php\\\/2025\\\/09\\\/22\\\/memoria-daqueles-tempos-que-queren-repetirse\\\/#breadcrumb\"},\"inLanguage\":\"gl-ES\",\"potentialAction\":[{\"@type\":\"ReadAction\",\"target\":[\"https:\\\/\\\/www.anovapeneira.gal\\\/index.php\\\/2025\\\/09\\\/22\\\/memoria-daqueles-tempos-que-queren-repetirse\\\/\"]}]},{\"@type\":\"ImageObject\",\"inLanguage\":\"gl-ES\",\"@id\":\"https:\\\/\\\/www.anovapeneira.gal\\\/index.php\\\/2025\\\/09\\\/22\\\/memoria-daqueles-tempos-que-queren-repetirse\\\/#primaryimage\",\"url\":\"https:\\\/\\\/www.anovapeneira.gal\\\/wp-content\\\/uploads\\\/2025\\\/09\\\/exhumacion_mero.webp\",\"contentUrl\":\"https:\\\/\\\/www.anovapeneira.gal\\\/wp-content\\\/uploads\\\/2025\\\/09\\\/exhumacion_mero.webp\",\"width\":720,\"height\":432},{\"@type\":\"BreadcrumbList\",\"@id\":\"https:\\\/\\\/www.anovapeneira.gal\\\/index.php\\\/2025\\\/09\\\/22\\\/memoria-daqueles-tempos-que-queren-repetirse\\\/#breadcrumb\",\"itemListElement\":[{\"@type\":\"ListItem\",\"position\":1,\"name\":\"Portada\",\"item\":\"https:\\\/\\\/www.anovapeneira.gal\\\/\"},{\"@type\":\"ListItem\",\"position\":2,\"name\":\"Memoria daqueles tempos que queren repetirse\"}]},{\"@type\":\"WebSite\",\"@id\":\"https:\\\/\\\/www.anovapeneira.gal\\\/#website\",\"url\":\"https:\\\/\\\/www.anovapeneira.gal\\\/\",\"name\":\"\",\"description\":\"Xornal galego de informaci\u00f3n xeral Publicaci\u00f3n mensual de novas de Galicia e en especial dos Concellos da sur da provincia de Pontevedra.\",\"publisher\":{\"@id\":\"https:\\\/\\\/www.anovapeneira.gal\\\/#organization\"},\"potentialAction\":[{\"@type\":\"SearchAction\",\"target\":{\"@type\":\"EntryPoint\",\"urlTemplate\":\"https:\\\/\\\/www.anovapeneira.gal\\\/?s={search_term_string}\"},\"query-input\":{\"@type\":\"PropertyValueSpecification\",\"valueRequired\":true,\"valueName\":\"search_term_string\"}}],\"inLanguage\":\"gl-ES\"},{\"@type\":\"Organization\",\"@id\":\"https:\\\/\\\/www.anovapeneira.gal\\\/#organization\",\"name\":\"A Nova Peneira\",\"url\":\"https:\\\/\\\/www.anovapeneira.gal\\\/\",\"logo\":{\"@type\":\"ImageObject\",\"inLanguage\":\"gl-ES\",\"@id\":\"https:\\\/\\\/www.anovapeneira.gal\\\/#\\\/schema\\\/logo\\\/image\\\/\",\"url\":\"http:\\\/\\\/www.anovapeneira.gal\\\/wp-content\\\/uploads\\\/2019\\\/06\\\/logo_a_nova_peneira_portal_web.png\",\"contentUrl\":\"http:\\\/\\\/www.anovapeneira.gal\\\/wp-content\\\/uploads\\\/2019\\\/06\\\/logo_a_nova_peneira_portal_web.png\",\"width\":300,\"height\":100,\"caption\":\"A Nova Peneira\"},\"image\":{\"@id\":\"https:\\\/\\\/www.anovapeneira.gal\\\/#\\\/schema\\\/logo\\\/image\\\/\"},\"sameAs\":[\"https:\\\/\\\/www.facebook.com\\\/anovapeneira\",\"https:\\\/\\\/x.com\\\/APeneira\"]},{\"@type\":\"Person\",\"@id\":\"https:\\\/\\\/www.anovapeneira.gal\\\/#\\\/schema\\\/person\\\/b051ed40cfc100e281476674783b32fc\",\"name\":\"Baldomero Iglesias Dobarrio, Mero\",\"image\":{\"@type\":\"ImageObject\",\"inLanguage\":\"gl-ES\",\"@id\":\"https:\\\/\\\/secure.gravatar.com\\\/avatar\\\/ca78fc089f8cf28197f88de2c9ac213e2f7d2097d8e359d9359b8778b539c59d?s=96&d=mm&r=g\",\"url\":\"https:\\\/\\\/secure.gravatar.com\\\/avatar\\\/ca78fc089f8cf28197f88de2c9ac213e2f7d2097d8e359d9359b8778b539c59d?s=96&d=mm&r=g\",\"contentUrl\":\"https:\\\/\\\/secure.gravatar.com\\\/avatar\\\/ca78fc089f8cf28197f88de2c9ac213e2f7d2097d8e359d9359b8778b539c59d?s=96&d=mm&r=g\",\"caption\":\"Baldomero Iglesias Dobarrio, Mero\"},\"sameAs\":[\"http:\\\/\\\/anovapeneira.gal\"],\"url\":\"https:\\\/\\\/www.anovapeneira.gal\\\/index.php\\\/author\\\/opinionmero\\\/\"}]}<\/script>\n<!-- \/ Yoast SEO plugin. -->","yoast_head_json":{"title":"Memoria daqueles tempos que queren repetirse -","robots":{"index":"index","follow":"follow","max-snippet":"max-snippet:-1","max-image-preview":"max-image-preview:large","max-video-preview":"max-video-preview:-1"},"canonical":"https:\/\/www.anovapeneira.gal\/index.php\/2025\/09\/22\/memoria-daqueles-tempos-que-queren-repetirse\/","og_locale":"gl_ES","og_type":"article","og_title":"Memoria daqueles tempos que queren repetirse -","og_description":"Acud\u00edn de novo a un acto de reparaci\u00f3n, este pasado luns, d\u00eda 25 de agosto, fun \u00e1 entrega dos restos de dous represaliados \u00e1 familia. Estaban nunha fosa en Visanto\u00f1a (Mes\u00eda, A Coru\u00f1a) [...]","og_url":"https:\/\/www.anovapeneira.gal\/index.php\/2025\/09\/22\/memoria-daqueles-tempos-que-queren-repetirse\/","article_publisher":"https:\/\/www.facebook.com\/anovapeneira","article_published_time":"2025-09-22T08:00:05+00:00","og_image":[{"width":720,"height":432,"url":"https:\/\/www.anovapeneira.gal\/wp-content\/uploads\/2025\/09\/exhumacion_mero.webp","type":"image\/webp"}],"author":"Baldomero Iglesias Dobarrio, Mero","twitter_card":"summary_large_image","twitter_creator":"@APeneira","twitter_site":"@APeneira","twitter_misc":{"Escrito por":"Baldomero Iglesias Dobarrio, Mero","Tempo de lectura":"6 minutos"},"schema":{"@context":"https:\/\/schema.org","@graph":[{"@type":"Article","@id":"https:\/\/www.anovapeneira.gal\/index.php\/2025\/09\/22\/memoria-daqueles-tempos-que-queren-repetirse\/#article","isPartOf":{"@id":"https:\/\/www.anovapeneira.gal\/index.php\/2025\/09\/22\/memoria-daqueles-tempos-que-queren-repetirse\/"},"author":{"name":"Baldomero Iglesias Dobarrio, Mero","@id":"https:\/\/www.anovapeneira.gal\/#\/schema\/person\/b051ed40cfc100e281476674783b32fc"},"headline":"Memoria daqueles tempos que queren repetirse","datePublished":"2025-09-22T08:00:05+00:00","mainEntityOfPage":{"@id":"https:\/\/www.anovapeneira.gal\/index.php\/2025\/09\/22\/memoria-daqueles-tempos-que-queren-repetirse\/"},"wordCount":968,"commentCount":0,"publisher":{"@id":"https:\/\/www.anovapeneira.gal\/#organization"},"image":{"@id":"https:\/\/www.anovapeneira.gal\/index.php\/2025\/09\/22\/memoria-daqueles-tempos-que-queren-repetirse\/#primaryimage"},"thumbnailUrl":"https:\/\/www.anovapeneira.gal\/wp-content\/uploads\/2025\/09\/exhumacion_mero.webp","articleSection":["Artigos de opini\u00f3n"],"inLanguage":"gl-ES","potentialAction":[{"@type":"CommentAction","name":"Comment","target":["https:\/\/www.anovapeneira.gal\/index.php\/2025\/09\/22\/memoria-daqueles-tempos-que-queren-repetirse\/#respond"]}]},{"@type":"WebPage","@id":"https:\/\/www.anovapeneira.gal\/index.php\/2025\/09\/22\/memoria-daqueles-tempos-que-queren-repetirse\/","url":"https:\/\/www.anovapeneira.gal\/index.php\/2025\/09\/22\/memoria-daqueles-tempos-que-queren-repetirse\/","name":"Memoria daqueles tempos que queren repetirse -","isPartOf":{"@id":"https:\/\/www.anovapeneira.gal\/#website"},"primaryImageOfPage":{"@id":"https:\/\/www.anovapeneira.gal\/index.php\/2025\/09\/22\/memoria-daqueles-tempos-que-queren-repetirse\/#primaryimage"},"image":{"@id":"https:\/\/www.anovapeneira.gal\/index.php\/2025\/09\/22\/memoria-daqueles-tempos-que-queren-repetirse\/#primaryimage"},"thumbnailUrl":"https:\/\/www.anovapeneira.gal\/wp-content\/uploads\/2025\/09\/exhumacion_mero.webp","datePublished":"2025-09-22T08:00:05+00:00","breadcrumb":{"@id":"https:\/\/www.anovapeneira.gal\/index.php\/2025\/09\/22\/memoria-daqueles-tempos-que-queren-repetirse\/#breadcrumb"},"inLanguage":"gl-ES","potentialAction":[{"@type":"ReadAction","target":["https:\/\/www.anovapeneira.gal\/index.php\/2025\/09\/22\/memoria-daqueles-tempos-que-queren-repetirse\/"]}]},{"@type":"ImageObject","inLanguage":"gl-ES","@id":"https:\/\/www.anovapeneira.gal\/index.php\/2025\/09\/22\/memoria-daqueles-tempos-que-queren-repetirse\/#primaryimage","url":"https:\/\/www.anovapeneira.gal\/wp-content\/uploads\/2025\/09\/exhumacion_mero.webp","contentUrl":"https:\/\/www.anovapeneira.gal\/wp-content\/uploads\/2025\/09\/exhumacion_mero.webp","width":720,"height":432},{"@type":"BreadcrumbList","@id":"https:\/\/www.anovapeneira.gal\/index.php\/2025\/09\/22\/memoria-daqueles-tempos-que-queren-repetirse\/#breadcrumb","itemListElement":[{"@type":"ListItem","position":1,"name":"Portada","item":"https:\/\/www.anovapeneira.gal\/"},{"@type":"ListItem","position":2,"name":"Memoria daqueles tempos que queren repetirse"}]},{"@type":"WebSite","@id":"https:\/\/www.anovapeneira.gal\/#website","url":"https:\/\/www.anovapeneira.gal\/","name":"","description":"Xornal galego de informaci\u00f3n xeral Publicaci\u00f3n mensual de novas de Galicia e en especial dos Concellos da sur da provincia de Pontevedra.","publisher":{"@id":"https:\/\/www.anovapeneira.gal\/#organization"},"potentialAction":[{"@type":"SearchAction","target":{"@type":"EntryPoint","urlTemplate":"https:\/\/www.anovapeneira.gal\/?s={search_term_string}"},"query-input":{"@type":"PropertyValueSpecification","valueRequired":true,"valueName":"search_term_string"}}],"inLanguage":"gl-ES"},{"@type":"Organization","@id":"https:\/\/www.anovapeneira.gal\/#organization","name":"A Nova Peneira","url":"https:\/\/www.anovapeneira.gal\/","logo":{"@type":"ImageObject","inLanguage":"gl-ES","@id":"https:\/\/www.anovapeneira.gal\/#\/schema\/logo\/image\/","url":"http:\/\/www.anovapeneira.gal\/wp-content\/uploads\/2019\/06\/logo_a_nova_peneira_portal_web.png","contentUrl":"http:\/\/www.anovapeneira.gal\/wp-content\/uploads\/2019\/06\/logo_a_nova_peneira_portal_web.png","width":300,"height":100,"caption":"A Nova Peneira"},"image":{"@id":"https:\/\/www.anovapeneira.gal\/#\/schema\/logo\/image\/"},"sameAs":["https:\/\/www.facebook.com\/anovapeneira","https:\/\/x.com\/APeneira"]},{"@type":"Person","@id":"https:\/\/www.anovapeneira.gal\/#\/schema\/person\/b051ed40cfc100e281476674783b32fc","name":"Baldomero Iglesias Dobarrio, Mero","image":{"@type":"ImageObject","inLanguage":"gl-ES","@id":"https:\/\/secure.gravatar.com\/avatar\/ca78fc089f8cf28197f88de2c9ac213e2f7d2097d8e359d9359b8778b539c59d?s=96&d=mm&r=g","url":"https:\/\/secure.gravatar.com\/avatar\/ca78fc089f8cf28197f88de2c9ac213e2f7d2097d8e359d9359b8778b539c59d?s=96&d=mm&r=g","contentUrl":"https:\/\/secure.gravatar.com\/avatar\/ca78fc089f8cf28197f88de2c9ac213e2f7d2097d8e359d9359b8778b539c59d?s=96&d=mm&r=g","caption":"Baldomero Iglesias Dobarrio, Mero"},"sameAs":["http:\/\/anovapeneira.gal"],"url":"https:\/\/www.anovapeneira.gal\/index.php\/author\/opinionmero\/"}]}},"jetpack_featured_media_url":"https:\/\/www.anovapeneira.gal\/wp-content\/uploads\/2025\/09\/exhumacion_mero.webp","_links":{"self":[{"href":"https:\/\/www.anovapeneira.gal\/index.php\/wp-json\/wp\/v2\/posts\/14677","targetHints":{"allow":["GET"]}}],"collection":[{"href":"https:\/\/www.anovapeneira.gal\/index.php\/wp-json\/wp\/v2\/posts"}],"about":[{"href":"https:\/\/www.anovapeneira.gal\/index.php\/wp-json\/wp\/v2\/types\/post"}],"author":[{"embeddable":true,"href":"https:\/\/www.anovapeneira.gal\/index.php\/wp-json\/wp\/v2\/users\/5"}],"replies":[{"embeddable":true,"href":"https:\/\/www.anovapeneira.gal\/index.php\/wp-json\/wp\/v2\/comments?post=14677"}],"version-history":[{"count":1,"href":"https:\/\/www.anovapeneira.gal\/index.php\/wp-json\/wp\/v2\/posts\/14677\/revisions"}],"predecessor-version":[{"id":14679,"href":"https:\/\/www.anovapeneira.gal\/index.php\/wp-json\/wp\/v2\/posts\/14677\/revisions\/14679"}],"wp:featuredmedia":[{"embeddable":true,"href":"https:\/\/www.anovapeneira.gal\/index.php\/wp-json\/wp\/v2\/media\/14678"}],"wp:attachment":[{"href":"https:\/\/www.anovapeneira.gal\/index.php\/wp-json\/wp\/v2\/media?parent=14677"}],"wp:term":[{"taxonomy":"category","embeddable":true,"href":"https:\/\/www.anovapeneira.gal\/index.php\/wp-json\/wp\/v2\/categories?post=14677"},{"taxonomy":"post_tag","embeddable":true,"href":"https:\/\/www.anovapeneira.gal\/index.php\/wp-json\/wp\/v2\/tags?post=14677"}],"curies":[{"name":"wp","href":"https:\/\/api.w.org\/{rel}","templated":true}]}}