{"id":14696,"date":"2025-09-24T12:00:58","date_gmt":"2025-09-24T10:00:58","guid":{"rendered":"https:\/\/www.anovapeneira.gal\/?p=14696"},"modified":"2025-09-25T05:35:49","modified_gmt":"2025-09-25T03:35:49","slug":"perico-e-a-infamia","status":"publish","type":"post","link":"https:\/\/www.anovapeneira.gal\/index.php\/2025\/09\/24\/perico-e-a-infamia\/","title":{"rendered":"Perico e a infamia"},"content":{"rendered":"\n<p>Hai silencios que son c\u00f3mplices, pero hai palabras que son directamente infames. O que fixo Pedro \u201cPerico\u201d Delgado durante a retransmisi\u00f3n da Vuelta 2025 non se pode disfrazar de erro nin de comentario sacado de contexto. Foi unha toma de posici\u00f3n clara: contra quen protesta pacificamente e a favor de quen perpetra un xenocidio.<\/p>\n\n\n\n<p>Mentres en Gaza os bombardeos arrasan crianzas, hospitais, escolas e fogares, Delgado atreveuse a afirmar que \u201ca estos grupos antisistema les da lo mismo lo que pase en Gaza. Quieren violencia, bronca\u201d. Tam\u00e9n dixo que \u201cesto es un problema pol\u00edtico, no deportivo\u2026 las protestas me parecen desafortunadas\u201d e rematou acusando a quen se mobiliza de buscar s\u00f3 \u201cnotoriedad\u201d. Todo isto, en horario de m\u00e1xima audiencia, con micr\u00f3fono da televisi\u00f3n p\u00fablica diante.<\/p>\n\n\n\n<p>Resulta insoportable escoitar como un ex ciclista que debe todo \u00e1 notoriedade medi\u00e1tica acusa de oportunistas a quen arrisca ser golpeado ou detido por berrar que en Palestina est\u00e1 a morrer un pobo enteiro. A s\u00faa hipocris\u00eda \u00e9 obscena.<\/p>\n\n\n\n<p>Pero m\u00e1is al\u00e1 da s\u00faa figura individual, as declaraci\u00f3ns de Delgado expo\u00f1en algo m\u00e1is grave: a cultura do espect\u00e1culo por riba da vida. O deporte como burbulla na que non pode entrar a realidade. Esa idea de que todo debe seguir, de que nada pode interromper a carreira, a\u00ednda que as bombas interrompan cada d\u00eda a vida de milleiros de persoas.<\/p>\n\n\n\n<p>Non se trata de pol\u00edtica fronte a deporte, como el pretende. Tr\u00e1tase de humanidade fronte a barbarie. De escoller entre o bando de quen sofre e o lado de quen mira para outro lado. Delgado escolleu. E fixoo insultando a quen non quere ser c\u00f3mplice do silencio.<\/p>\n\n\n\n<p>Unha televisi\u00f3n p\u00fablica deber\u00eda marcar distancia inmediata con este tipo de mensaxes. Non hai neutralidade posible diante dun xenocidio, e menos cando quen o sofre \u00e9 sistematicamente deshumanizado. Non \u00e9 un luxo poder protestar, \u00e9 unha necesidade moral.<\/p>\n\n\n\n<p>As palabras de Delgado retr\u00e1tano. Non como lenda deportiva, sen\u00f3n como s\u00edmbolo dunha indecencia que se disfraza de sentido com\u00fan. O tempo lembrar\u00e1 estas frases, e lembrar\u00e1 tam\u00e9n quen calou e quen ousou falar. As protestas, mal que lle pese, son as \u00fanicas que salvan a dignidade.<\/p>\n","protected":false},"excerpt":{"rendered":"<div class=\"mh-excerpt\"><p>Hai silencios que son c\u00f3mplices, pero hai palabras que son directamente infames. O que fixo Pedro \u201cPerico\u201d Delgado durante a retransmisi\u00f3n da Vuelta 2025 non se pode disfrazar de erro nin de comentario sacado de context <a class=\"mh-excerpt-more\" href=\"https:\/\/www.anovapeneira.gal\/index.php\/2025\/09\/24\/perico-e-a-infamia\/\" title=\"Perico e a infamia\">[&#8230;]<\/a><\/p>\n<\/div>","protected":false},"author":23,"featured_media":13795,"comment_status":"open","ping_status":"open","sticky":false,"template":"","format":"standard","meta":{"_exactmetrics_skip_tracking":false,"_exactmetrics_sitenote_active":false,"_exactmetrics_sitenote_note":"","_exactmetrics_sitenote_category":0,"footnotes":""},"categories":[7],"tags":[],"class_list":{"0":"post-14696","1":"post","2":"type-post","3":"status-publish","4":"format-standard","5":"has-post-thumbnail","7":"category-artigos-de-opinion"},"yoast_head":"<!-- This site is optimized with the Yoast SEO plugin v27.4 - https:\/\/yoast.com\/product\/yoast-seo-wordpress\/ -->\n<title>Perico e a infamia -<\/title>\n<meta name=\"robots\" content=\"index, follow, max-snippet:-1, max-image-preview:large, max-video-preview:-1\" \/>\n<link rel=\"canonical\" href=\"https:\/\/www.anovapeneira.gal\/index.php\/2025\/09\/24\/perico-e-a-infamia\/\" \/>\n<meta property=\"og:locale\" content=\"gl_ES\" \/>\n<meta property=\"og:type\" content=\"article\" \/>\n<meta property=\"og:title\" content=\"Perico e a infamia -\" \/>\n<meta property=\"og:description\" content=\"Hai silencios que son c\u00f3mplices, pero hai palabras que son directamente infames. O que fixo Pedro \u201cPerico\u201d Delgado durante a retransmisi\u00f3n da Vuelta 2025 non se pode disfrazar de erro nin de comentario sacado de context [...]\" \/>\n<meta property=\"og:url\" content=\"https:\/\/www.anovapeneira.gal\/index.php\/2025\/09\/24\/perico-e-a-infamia\/\" \/>\n<meta property=\"article:publisher\" content=\"https:\/\/www.facebook.com\/anovapeneira\" \/>\n<meta property=\"article:published_time\" content=\"2025-09-24T10:00:58+00:00\" \/>\n<meta property=\"article:modified_time\" content=\"2025-09-25T03:35:49+00:00\" \/>\n<meta property=\"og:image\" content=\"https:\/\/www.anovapeneira.gal\/wp-content\/uploads\/2025\/04\/aaron_aluminha_marin.jpg\" \/>\n\t<meta property=\"og:image:width\" content=\"720\" \/>\n\t<meta property=\"og:image:height\" content=\"432\" \/>\n\t<meta property=\"og:image:type\" content=\"image\/jpeg\" \/>\n<meta name=\"author\" content=\"Aar\u00f3n Franco\" \/>\n<meta name=\"twitter:card\" content=\"summary_large_image\" \/>\n<meta name=\"twitter:creator\" content=\"@APeneira\" \/>\n<meta name=\"twitter:site\" content=\"@APeneira\" \/>\n<meta name=\"twitter:label1\" content=\"Escrito por\" \/>\n\t<meta name=\"twitter:data1\" content=\"Aar\u00f3n Franco\" \/>\n\t<meta name=\"twitter:label2\" content=\"Tempo de lectura\" \/>\n\t<meta name=\"twitter:data2\" content=\"3 minutos\" \/>\n<script type=\"application\/ld+json\" class=\"yoast-schema-graph\">{\"@context\":\"https:\\\/\\\/schema.org\",\"@graph\":[{\"@type\":\"Article\",\"@id\":\"https:\\\/\\\/www.anovapeneira.gal\\\/index.php\\\/2025\\\/09\\\/24\\\/perico-e-a-infamia\\\/#article\",\"isPartOf\":{\"@id\":\"https:\\\/\\\/www.anovapeneira.gal\\\/index.php\\\/2025\\\/09\\\/24\\\/perico-e-a-infamia\\\/\"},\"author\":{\"name\":\"Aar\u00f3n Franco\",\"@id\":\"https:\\\/\\\/www.anovapeneira.gal\\\/#\\\/schema\\\/person\\\/a907e49c1885c12d6f281770afd68766\"},\"headline\":\"Perico e a infamia\",\"datePublished\":\"2025-09-24T10:00:58+00:00\",\"dateModified\":\"2025-09-25T03:35:49+00:00\",\"mainEntityOfPage\":{\"@id\":\"https:\\\/\\\/www.anovapeneira.gal\\\/index.php\\\/2025\\\/09\\\/24\\\/perico-e-a-infamia\\\/\"},\"wordCount\":386,\"commentCount\":0,\"publisher\":{\"@id\":\"https:\\\/\\\/www.anovapeneira.gal\\\/#organization\"},\"image\":{\"@id\":\"https:\\\/\\\/www.anovapeneira.gal\\\/index.php\\\/2025\\\/09\\\/24\\\/perico-e-a-infamia\\\/#primaryimage\"},\"thumbnailUrl\":\"https:\\\/\\\/www.anovapeneira.gal\\\/wp-content\\\/uploads\\\/2025\\\/04\\\/aaron_aluminha_marin.jpg\",\"articleSection\":[\"Artigos de opini\u00f3n\"],\"inLanguage\":\"gl-ES\",\"potentialAction\":[{\"@type\":\"CommentAction\",\"name\":\"Comment\",\"target\":[\"https:\\\/\\\/www.anovapeneira.gal\\\/index.php\\\/2025\\\/09\\\/24\\\/perico-e-a-infamia\\\/#respond\"]}]},{\"@type\":\"WebPage\",\"@id\":\"https:\\\/\\\/www.anovapeneira.gal\\\/index.php\\\/2025\\\/09\\\/24\\\/perico-e-a-infamia\\\/\",\"url\":\"https:\\\/\\\/www.anovapeneira.gal\\\/index.php\\\/2025\\\/09\\\/24\\\/perico-e-a-infamia\\\/\",\"name\":\"Perico e a infamia -\",\"isPartOf\":{\"@id\":\"https:\\\/\\\/www.anovapeneira.gal\\\/#website\"},\"primaryImageOfPage\":{\"@id\":\"https:\\\/\\\/www.anovapeneira.gal\\\/index.php\\\/2025\\\/09\\\/24\\\/perico-e-a-infamia\\\/#primaryimage\"},\"image\":{\"@id\":\"https:\\\/\\\/www.anovapeneira.gal\\\/index.php\\\/2025\\\/09\\\/24\\\/perico-e-a-infamia\\\/#primaryimage\"},\"thumbnailUrl\":\"https:\\\/\\\/www.anovapeneira.gal\\\/wp-content\\\/uploads\\\/2025\\\/04\\\/aaron_aluminha_marin.jpg\",\"datePublished\":\"2025-09-24T10:00:58+00:00\",\"dateModified\":\"2025-09-25T03:35:49+00:00\",\"breadcrumb\":{\"@id\":\"https:\\\/\\\/www.anovapeneira.gal\\\/index.php\\\/2025\\\/09\\\/24\\\/perico-e-a-infamia\\\/#breadcrumb\"},\"inLanguage\":\"gl-ES\",\"potentialAction\":[{\"@type\":\"ReadAction\",\"target\":[\"https:\\\/\\\/www.anovapeneira.gal\\\/index.php\\\/2025\\\/09\\\/24\\\/perico-e-a-infamia\\\/\"]}]},{\"@type\":\"ImageObject\",\"inLanguage\":\"gl-ES\",\"@id\":\"https:\\\/\\\/www.anovapeneira.gal\\\/index.php\\\/2025\\\/09\\\/24\\\/perico-e-a-infamia\\\/#primaryimage\",\"url\":\"https:\\\/\\\/www.anovapeneira.gal\\\/wp-content\\\/uploads\\\/2025\\\/04\\\/aaron_aluminha_marin.jpg\",\"contentUrl\":\"https:\\\/\\\/www.anovapeneira.gal\\\/wp-content\\\/uploads\\\/2025\\\/04\\\/aaron_aluminha_marin.jpg\",\"width\":720,\"height\":432,\"caption\":\"Aar\u00f3n Franco, presidente da AC Almuinha de Mar\u00edn\"},{\"@type\":\"BreadcrumbList\",\"@id\":\"https:\\\/\\\/www.anovapeneira.gal\\\/index.php\\\/2025\\\/09\\\/24\\\/perico-e-a-infamia\\\/#breadcrumb\",\"itemListElement\":[{\"@type\":\"ListItem\",\"position\":1,\"name\":\"Portada\",\"item\":\"https:\\\/\\\/www.anovapeneira.gal\\\/\"},{\"@type\":\"ListItem\",\"position\":2,\"name\":\"Perico e a infamia\"}]},{\"@type\":\"WebSite\",\"@id\":\"https:\\\/\\\/www.anovapeneira.gal\\\/#website\",\"url\":\"https:\\\/\\\/www.anovapeneira.gal\\\/\",\"name\":\"\",\"description\":\"Xornal galego de informaci\u00f3n xeral Publicaci\u00f3n mensual de novas de Galicia e en especial dos Concellos da sur da provincia de Pontevedra.\",\"publisher\":{\"@id\":\"https:\\\/\\\/www.anovapeneira.gal\\\/#organization\"},\"potentialAction\":[{\"@type\":\"SearchAction\",\"target\":{\"@type\":\"EntryPoint\",\"urlTemplate\":\"https:\\\/\\\/www.anovapeneira.gal\\\/?s={search_term_string}\"},\"query-input\":{\"@type\":\"PropertyValueSpecification\",\"valueRequired\":true,\"valueName\":\"search_term_string\"}}],\"inLanguage\":\"gl-ES\"},{\"@type\":\"Organization\",\"@id\":\"https:\\\/\\\/www.anovapeneira.gal\\\/#organization\",\"name\":\"A Nova Peneira\",\"url\":\"https:\\\/\\\/www.anovapeneira.gal\\\/\",\"logo\":{\"@type\":\"ImageObject\",\"inLanguage\":\"gl-ES\",\"@id\":\"https:\\\/\\\/www.anovapeneira.gal\\\/#\\\/schema\\\/logo\\\/image\\\/\",\"url\":\"http:\\\/\\\/www.anovapeneira.gal\\\/wp-content\\\/uploads\\\/2019\\\/06\\\/logo_a_nova_peneira_portal_web.png\",\"contentUrl\":\"http:\\\/\\\/www.anovapeneira.gal\\\/wp-content\\\/uploads\\\/2019\\\/06\\\/logo_a_nova_peneira_portal_web.png\",\"width\":300,\"height\":100,\"caption\":\"A Nova Peneira\"},\"image\":{\"@id\":\"https:\\\/\\\/www.anovapeneira.gal\\\/#\\\/schema\\\/logo\\\/image\\\/\"},\"sameAs\":[\"https:\\\/\\\/www.facebook.com\\\/anovapeneira\",\"https:\\\/\\\/x.com\\\/APeneira\"]},{\"@type\":\"Person\",\"@id\":\"https:\\\/\\\/www.anovapeneira.gal\\\/#\\\/schema\\\/person\\\/a907e49c1885c12d6f281770afd68766\",\"name\":\"Aar\u00f3n Franco\",\"image\":{\"@type\":\"ImageObject\",\"inLanguage\":\"gl-ES\",\"@id\":\"https:\\\/\\\/secure.gravatar.com\\\/avatar\\\/82f0614fe09ae3f066983f8d670d0ff15a0917fefe52b93ffa425275b87d6102?s=96&d=mm&r=g\",\"url\":\"https:\\\/\\\/secure.gravatar.com\\\/avatar\\\/82f0614fe09ae3f066983f8d670d0ff15a0917fefe52b93ffa425275b87d6102?s=96&d=mm&r=g\",\"contentUrl\":\"https:\\\/\\\/secure.gravatar.com\\\/avatar\\\/82f0614fe09ae3f066983f8d670d0ff15a0917fefe52b93ffa425275b87d6102?s=96&d=mm&r=g\",\"caption\":\"Aar\u00f3n Franco\"},\"sameAs\":[\"http:\\\/\\\/www.anovapeneira.gal\\\/\"],\"url\":\"https:\\\/\\\/www.anovapeneira.gal\\\/index.php\\\/author\\\/aaron-franco\\\/\"}]}<\/script>\n<!-- \/ Yoast SEO plugin. -->","yoast_head_json":{"title":"Perico e a infamia -","robots":{"index":"index","follow":"follow","max-snippet":"max-snippet:-1","max-image-preview":"max-image-preview:large","max-video-preview":"max-video-preview:-1"},"canonical":"https:\/\/www.anovapeneira.gal\/index.php\/2025\/09\/24\/perico-e-a-infamia\/","og_locale":"gl_ES","og_type":"article","og_title":"Perico e a infamia -","og_description":"Hai silencios que son c\u00f3mplices, pero hai palabras que son directamente infames. O que fixo Pedro \u201cPerico\u201d Delgado durante a retransmisi\u00f3n da Vuelta 2025 non se pode disfrazar de erro nin de comentario sacado de context [...]","og_url":"https:\/\/www.anovapeneira.gal\/index.php\/2025\/09\/24\/perico-e-a-infamia\/","article_publisher":"https:\/\/www.facebook.com\/anovapeneira","article_published_time":"2025-09-24T10:00:58+00:00","article_modified_time":"2025-09-25T03:35:49+00:00","og_image":[{"width":720,"height":432,"url":"https:\/\/www.anovapeneira.gal\/wp-content\/uploads\/2025\/04\/aaron_aluminha_marin.jpg","type":"image\/jpeg"}],"author":"Aar\u00f3n Franco","twitter_card":"summary_large_image","twitter_creator":"@APeneira","twitter_site":"@APeneira","twitter_misc":{"Escrito por":"Aar\u00f3n Franco","Tempo de lectura":"3 minutos"},"schema":{"@context":"https:\/\/schema.org","@graph":[{"@type":"Article","@id":"https:\/\/www.anovapeneira.gal\/index.php\/2025\/09\/24\/perico-e-a-infamia\/#article","isPartOf":{"@id":"https:\/\/www.anovapeneira.gal\/index.php\/2025\/09\/24\/perico-e-a-infamia\/"},"author":{"name":"Aar\u00f3n Franco","@id":"https:\/\/www.anovapeneira.gal\/#\/schema\/person\/a907e49c1885c12d6f281770afd68766"},"headline":"Perico e a infamia","datePublished":"2025-09-24T10:00:58+00:00","dateModified":"2025-09-25T03:35:49+00:00","mainEntityOfPage":{"@id":"https:\/\/www.anovapeneira.gal\/index.php\/2025\/09\/24\/perico-e-a-infamia\/"},"wordCount":386,"commentCount":0,"publisher":{"@id":"https:\/\/www.anovapeneira.gal\/#organization"},"image":{"@id":"https:\/\/www.anovapeneira.gal\/index.php\/2025\/09\/24\/perico-e-a-infamia\/#primaryimage"},"thumbnailUrl":"https:\/\/www.anovapeneira.gal\/wp-content\/uploads\/2025\/04\/aaron_aluminha_marin.jpg","articleSection":["Artigos de opini\u00f3n"],"inLanguage":"gl-ES","potentialAction":[{"@type":"CommentAction","name":"Comment","target":["https:\/\/www.anovapeneira.gal\/index.php\/2025\/09\/24\/perico-e-a-infamia\/#respond"]}]},{"@type":"WebPage","@id":"https:\/\/www.anovapeneira.gal\/index.php\/2025\/09\/24\/perico-e-a-infamia\/","url":"https:\/\/www.anovapeneira.gal\/index.php\/2025\/09\/24\/perico-e-a-infamia\/","name":"Perico e a infamia -","isPartOf":{"@id":"https:\/\/www.anovapeneira.gal\/#website"},"primaryImageOfPage":{"@id":"https:\/\/www.anovapeneira.gal\/index.php\/2025\/09\/24\/perico-e-a-infamia\/#primaryimage"},"image":{"@id":"https:\/\/www.anovapeneira.gal\/index.php\/2025\/09\/24\/perico-e-a-infamia\/#primaryimage"},"thumbnailUrl":"https:\/\/www.anovapeneira.gal\/wp-content\/uploads\/2025\/04\/aaron_aluminha_marin.jpg","datePublished":"2025-09-24T10:00:58+00:00","dateModified":"2025-09-25T03:35:49+00:00","breadcrumb":{"@id":"https:\/\/www.anovapeneira.gal\/index.php\/2025\/09\/24\/perico-e-a-infamia\/#breadcrumb"},"inLanguage":"gl-ES","potentialAction":[{"@type":"ReadAction","target":["https:\/\/www.anovapeneira.gal\/index.php\/2025\/09\/24\/perico-e-a-infamia\/"]}]},{"@type":"ImageObject","inLanguage":"gl-ES","@id":"https:\/\/www.anovapeneira.gal\/index.php\/2025\/09\/24\/perico-e-a-infamia\/#primaryimage","url":"https:\/\/www.anovapeneira.gal\/wp-content\/uploads\/2025\/04\/aaron_aluminha_marin.jpg","contentUrl":"https:\/\/www.anovapeneira.gal\/wp-content\/uploads\/2025\/04\/aaron_aluminha_marin.jpg","width":720,"height":432,"caption":"Aar\u00f3n Franco, presidente da AC Almuinha de Mar\u00edn"},{"@type":"BreadcrumbList","@id":"https:\/\/www.anovapeneira.gal\/index.php\/2025\/09\/24\/perico-e-a-infamia\/#breadcrumb","itemListElement":[{"@type":"ListItem","position":1,"name":"Portada","item":"https:\/\/www.anovapeneira.gal\/"},{"@type":"ListItem","position":2,"name":"Perico e a infamia"}]},{"@type":"WebSite","@id":"https:\/\/www.anovapeneira.gal\/#website","url":"https:\/\/www.anovapeneira.gal\/","name":"","description":"Xornal galego de informaci\u00f3n xeral Publicaci\u00f3n mensual de novas de Galicia e en especial dos Concellos da sur da provincia de Pontevedra.","publisher":{"@id":"https:\/\/www.anovapeneira.gal\/#organization"},"potentialAction":[{"@type":"SearchAction","target":{"@type":"EntryPoint","urlTemplate":"https:\/\/www.anovapeneira.gal\/?s={search_term_string}"},"query-input":{"@type":"PropertyValueSpecification","valueRequired":true,"valueName":"search_term_string"}}],"inLanguage":"gl-ES"},{"@type":"Organization","@id":"https:\/\/www.anovapeneira.gal\/#organization","name":"A Nova Peneira","url":"https:\/\/www.anovapeneira.gal\/","logo":{"@type":"ImageObject","inLanguage":"gl-ES","@id":"https:\/\/www.anovapeneira.gal\/#\/schema\/logo\/image\/","url":"http:\/\/www.anovapeneira.gal\/wp-content\/uploads\/2019\/06\/logo_a_nova_peneira_portal_web.png","contentUrl":"http:\/\/www.anovapeneira.gal\/wp-content\/uploads\/2019\/06\/logo_a_nova_peneira_portal_web.png","width":300,"height":100,"caption":"A Nova Peneira"},"image":{"@id":"https:\/\/www.anovapeneira.gal\/#\/schema\/logo\/image\/"},"sameAs":["https:\/\/www.facebook.com\/anovapeneira","https:\/\/x.com\/APeneira"]},{"@type":"Person","@id":"https:\/\/www.anovapeneira.gal\/#\/schema\/person\/a907e49c1885c12d6f281770afd68766","name":"Aar\u00f3n Franco","image":{"@type":"ImageObject","inLanguage":"gl-ES","@id":"https:\/\/secure.gravatar.com\/avatar\/82f0614fe09ae3f066983f8d670d0ff15a0917fefe52b93ffa425275b87d6102?s=96&d=mm&r=g","url":"https:\/\/secure.gravatar.com\/avatar\/82f0614fe09ae3f066983f8d670d0ff15a0917fefe52b93ffa425275b87d6102?s=96&d=mm&r=g","contentUrl":"https:\/\/secure.gravatar.com\/avatar\/82f0614fe09ae3f066983f8d670d0ff15a0917fefe52b93ffa425275b87d6102?s=96&d=mm&r=g","caption":"Aar\u00f3n Franco"},"sameAs":["http:\/\/www.anovapeneira.gal\/"],"url":"https:\/\/www.anovapeneira.gal\/index.php\/author\/aaron-franco\/"}]}},"jetpack_featured_media_url":"https:\/\/www.anovapeneira.gal\/wp-content\/uploads\/2025\/04\/aaron_aluminha_marin.jpg","_links":{"self":[{"href":"https:\/\/www.anovapeneira.gal\/index.php\/wp-json\/wp\/v2\/posts\/14696","targetHints":{"allow":["GET"]}}],"collection":[{"href":"https:\/\/www.anovapeneira.gal\/index.php\/wp-json\/wp\/v2\/posts"}],"about":[{"href":"https:\/\/www.anovapeneira.gal\/index.php\/wp-json\/wp\/v2\/types\/post"}],"author":[{"embeddable":true,"href":"https:\/\/www.anovapeneira.gal\/index.php\/wp-json\/wp\/v2\/users\/23"}],"replies":[{"embeddable":true,"href":"https:\/\/www.anovapeneira.gal\/index.php\/wp-json\/wp\/v2\/comments?post=14696"}],"version-history":[{"count":1,"href":"https:\/\/www.anovapeneira.gal\/index.php\/wp-json\/wp\/v2\/posts\/14696\/revisions"}],"predecessor-version":[{"id":14697,"href":"https:\/\/www.anovapeneira.gal\/index.php\/wp-json\/wp\/v2\/posts\/14696\/revisions\/14697"}],"wp:featuredmedia":[{"embeddable":true,"href":"https:\/\/www.anovapeneira.gal\/index.php\/wp-json\/wp\/v2\/media\/13795"}],"wp:attachment":[{"href":"https:\/\/www.anovapeneira.gal\/index.php\/wp-json\/wp\/v2\/media?parent=14696"}],"wp:term":[{"taxonomy":"category","embeddable":true,"href":"https:\/\/www.anovapeneira.gal\/index.php\/wp-json\/wp\/v2\/categories?post=14696"},{"taxonomy":"post_tag","embeddable":true,"href":"https:\/\/www.anovapeneira.gal\/index.php\/wp-json\/wp\/v2\/tags?post=14696"}],"curies":[{"name":"wp","href":"https:\/\/api.w.org\/{rel}","templated":true}]}}