{"id":1470,"date":"2019-10-11T12:00:07","date_gmt":"2019-10-11T10:00:07","guid":{"rendered":"http:\/\/www.anovapeneira.gal\/?p=1470"},"modified":"2019-10-06T22:54:26","modified_gmt":"2019-10-06T20:54:26","slug":"o-concello-de-nigran-celebra-que-a-xunta-acepte-as-suas-alegacions-da-po-552-mantendo-os-semaforos-da-contorna-de-mallon-e-creando-un-itinerario-peonil-nesta-zona","status":"publish","type":"post","link":"https:\/\/www.anovapeneira.gal\/index.php\/2019\/10\/11\/o-concello-de-nigran-celebra-que-a-xunta-acepte-as-suas-alegacions-da-po-552-mantendo-os-semaforos-da-contorna-de-mallon-e-creando-un-itinerario-peonil-nesta-zona\/","title":{"rendered":"O Concello de Nigr\u00e1n celebra que a Xunta acepte as s\u00faas alegaci\u00f3ns da PO-552 mantendo os sem\u00e1foros da contorna de mall\u00f3n e creando un itinerario peonil nesta zona"},"content":{"rendered":"\n<h2 class=\"wp-block-heading\"><strong>O alcalde de Nigr\u00e1n mantivo unha reuni\u00f3n onte en Santiago coa conselleira de Infraestruturas na que se lle informou destas cuesti\u00f3ns que vi\u00f1a reclamando o Concello <\/strong> <\/h2>\n\n\n\n<h4 class=\"wp-block-heading\"><strong>Outro dos asuntos tratados foi o acceso ao cami\u00f1o do Pisco na PO-340 de A Ramallosa, onde a Xunta prop\u00f3n crear unha semi-rotonda a escasos metros que permita cambiar de sentido <\/strong> <\/h4>\n\n\n\n<h4 class=\"wp-block-heading\"> <strong>&#8220;Estamos moi satisfeitos de que se te\u00f1an escoitado as nosas reclamaci\u00f3ns da PO-552 e non temos d\u00fabida de que deste xeito, falando entre as d\u00faas administraci\u00f3ns, o proxecto ser\u00e1 moi beneficioso para Nigr\u00e1n&#8221;, indica o rexedor<\/strong><\/h4>\n\n\n\n<p>O\nalcalde de Nigr\u00e1n, Juan Gonz\u00e1lez, mantivo onte en Santiago unha\nreuni\u00f3n coa conselleira de Infraestruturas Ethel V\u00e1zquel e o\ndirector da Axencia Galega de Infraestruturas, Francisco Men\u00e9ndez,\npara abordar os proxectos da Xunta na PO-552 e PO-340 ao seu paso\npolo municipio. Este encontro fora solicitado urxentemente dende a\nalcald\u00eda ante a disconformidade do Concello con determinados\naspectos que xa manifestara nas s\u00faas alegaci\u00f3ns oficiais e mesmo\npor escrito \u00e1 propia Xunta. \n<\/p>\n\n\n\n<p>\n\tO Concello de Nigr\u00e1n\nconsidera o resultado deste encontro moi satisfactorio ao confirmar\nde primeira man que as s\u00faas alegaci\u00f3ns sobre a prioridade de manter\nos sem\u00e1foros na contorna de Mall\u00f3n (PO-552) foi aceptada, as\u00ed como\na de realizar un itinerario peonil seguro na zona da rotonda de Ureca\nata a r\u00faa Rans.<\/p>\n\n\n\n<p>\n\t&#8220;Estamos moi\nsatisfeitos de que se te\u00f1an escoitado as nosas reclamaci\u00f3ns da\nPO-552 e non temos d\u00fabida de que deste xeito, falando entre as d\u00faas\nadministraci\u00f3ns, este proxecto e todos os que ve\u00f1an ser\u00e1n moi\nbeneficiosos para Nigr\u00e1n&#8221;, indica o rexedor  \n<\/p>\n\n\n\n<p>\n\tInicialmente a Xunta\nmanifestara o seu rexeitamento \u00e1s alegaci\u00f3ns do Concello ao\nproxecto de mellora da seguridade viaria na PO-552 (puntos\nquilom\u00e9tricos 10+600 a 13+800) na contorna de Mall\u00f3n, xa que\neliminaba a regulaci\u00f3n semaf\u00f3rica de Cotros (\u00e1 altura da panader\u00eda\nLa Pintora) engadindo un carril central de incorporaci\u00f3n na estrada\ne impo\u00f1endo ademais o sentido \u00fanico nas r\u00faas Cruceiros e Mall\u00f3n,\nambas municipais (esta \u00faltima cuesti\u00f3n na que o Concello demanda\nmanter o dobre sentido non a te\u00f1en resolta a\u00ednda pero non se amosan\ninicialmente disconformes). O Concello sempre mantivo que os\nsem\u00e1foros instalados hai m\u00e1is de catro anos como medida de\nseguridade  demostraron funcionar moi ben, mentras que o aparcamento\npr\u00f3ximo \u00e1 panader\u00eda \u00e9 vital para os negocios al\u00ed existentes.<\/p>\n\n\n\n<p>\n\tO outro aspecto\nfundamental que alegara o Concello e que non se contemplara\ninicialmente pero agora si \u00e9 a mellora da accesibilidade peonil na\ncontorna de Ureca (rotonda coa AG-57 a Porto do Molle ou Cami\u00f1o A\nCamesella), xa que actualmente s\u00f3 disp\u00f3n dun \u00fanico itinerario\npeonil moi complexo a pesares de ser unha zona moi transitada, dado\nque dende a\u00ed se entra ao sendeiro do R\u00edo Mu\u00ed\u00f1os ou \u00e1s\ninstalaci\u00f3ns deportivas. Para o Concello resultaba imprescindible\nque se inclu\u00edse a construci\u00f3n de itinerarios peon\u00eds en toda esta\nzona que conectasen directamente coas beirav\u00edas da r\u00faa Rans. &#8220;\u00c9\nunha moi boa nova porque ao fin se crea un tramo seguro e accesible\nque unir\u00e1 A Ramallosa co centro de Nigr\u00e1n, xa que ata agora era\ndiscontinuo e inviable&#8221;, subli\u00f1a Gonz\u00e1lez, a quen lle\ncomunicaron que as obras arrancar\u00e1n no vindeiro mes.<\/p>\n\n\n\n<p>\n<strong>PO-340<\/strong><\/p>\n\n\n\n<p>\n\tFinalmente, o alcalde de\nNigr\u00e1n transmitiu a disconformidade do Concello e dos veci\u00f1os do\nCami\u00f1o do Pisco (A Ramallosa) con que tras levar a cabo a Xunta as\nobras para crear unha senda peonil na PO-340 se substitu\u00edse a li\u00f1a\ndiscont\u00ednua por unha cont\u00ednua \u00e1 altura do seu cami\u00f1o, o que lles\nobriga a desprazarse ata a rotonda de A Ramallosa para poder xirar\ncara a Gondomar. A alternativa que prop\u00f3n a Conseller\u00eda para que os\ncondutores non te\u00f1an que ir 1\u00b42 km ata a Ramallosa e retroceder \u00e9\ncrear unha semi-rotonda a escasos metros que lles posibilite virar\ncon t\u00f3dalas garant\u00edas. &#8220;Entenderon a nosa preocupaci\u00f3n pero\ninsisten en que os seus informes de seguridade alertan da\nperigosidade dese cruce nos meses de ver\u00e1n, cando se forma caravana\nna v\u00eda que limita moito a visibilidade e, por conseguinte, propo\u00f1en\nesta opci\u00f3n&#8221;, explica Gonz\u00e1lez. \n<\/p>\n","protected":false},"excerpt":{"rendered":"<div class=\"mh-excerpt\"><p>O alcalde de Nigr\u00e1n mantivo unha reuni\u00f3n onte en Santiago coa conselleira de Infraestruturas na que se lle informou destas cuesti\u00f3ns que vi\u00f1a reclamando o Concello  <a class=\"mh-excerpt-more\" href=\"https:\/\/www.anovapeneira.gal\/index.php\/2019\/10\/11\/o-concello-de-nigran-celebra-que-a-xunta-acepte-as-suas-alegacions-da-po-552-mantendo-os-semaforos-da-contorna-de-mallon-e-creando-un-itinerario-peonil-nesta-zona\/\" title=\"O Concello de Nigr\u00e1n celebra que a Xunta acepte as s\u00faas alegaci\u00f3ns da PO-552 mantendo os sem\u00e1foros da contorna de mall\u00f3n e creando un itinerario peonil nesta zona\">[&#8230;]<\/a><\/p>\n<\/div>","protected":false},"author":3,"featured_media":1471,"comment_status":"open","ping_status":"open","sticky":false,"template":"","format":"standard","meta":{"_exactmetrics_skip_tracking":false,"_exactmetrics_sitenote_active":false,"_exactmetrics_sitenote_note":"","_exactmetrics_sitenote_category":0,"footnotes":""},"categories":[20],"tags":[135,121],"class_list":{"0":"post-1470","1":"post","2":"type-post","3":"status-publish","4":"format-standard","5":"has-post-thumbnail","7":"category-val-minor","8":"tag-concello-de-nigran","9":"tag-fomento"},"yoast_head":"<!-- This site is optimized with the Yoast SEO plugin v27.4 - https:\/\/yoast.com\/product\/yoast-seo-wordpress\/ -->\n<title>O Concello de Nigr\u00e1n celebra que a Xunta acepte as s\u00faas alegaci\u00f3ns da PO-552 mantendo os sem\u00e1foros da contorna de mall\u00f3n e creando un itinerario peonil nesta zona -<\/title>\n<meta name=\"robots\" content=\"index, follow, max-snippet:-1, max-image-preview:large, max-video-preview:-1\" \/>\n<link rel=\"canonical\" href=\"https:\/\/www.anovapeneira.gal\/index.php\/2019\/10\/11\/o-concello-de-nigran-celebra-que-a-xunta-acepte-as-suas-alegacions-da-po-552-mantendo-os-semaforos-da-contorna-de-mallon-e-creando-un-itinerario-peonil-nesta-zona\/\" \/>\n<meta property=\"og:locale\" content=\"gl_ES\" \/>\n<meta property=\"og:type\" content=\"article\" \/>\n<meta property=\"og:title\" content=\"O Concello de Nigr\u00e1n celebra que a Xunta acepte as s\u00faas alegaci\u00f3ns da PO-552 mantendo os sem\u00e1foros da contorna de mall\u00f3n e creando un itinerario peonil nesta zona -\" \/>\n<meta property=\"og:description\" content=\"O alcalde de Nigr\u00e1n mantivo unha reuni\u00f3n onte en Santiago coa conselleira de Infraestruturas na que se lle informou destas cuesti\u00f3ns que vi\u00f1a reclamando o Concello [...]\" \/>\n<meta property=\"og:url\" content=\"https:\/\/www.anovapeneira.gal\/index.php\/2019\/10\/11\/o-concello-de-nigran-celebra-que-a-xunta-acepte-as-suas-alegacions-da-po-552-mantendo-os-semaforos-da-contorna-de-mallon-e-creando-un-itinerario-peonil-nesta-zona\/\" \/>\n<meta property=\"article:publisher\" content=\"https:\/\/www.facebook.com\/anovapeneira\" \/>\n<meta property=\"article:published_time\" content=\"2019-10-11T10:00:07+00:00\" \/>\n<meta property=\"og:image\" content=\"https:\/\/www.anovapeneira.gal\/wp-content\/uploads\/2019\/10\/NIGRaN_a_nova_peneira_11_9.jpg\" \/>\n\t<meta property=\"og:image:width\" content=\"720\" \/>\n\t<meta property=\"og:image:height\" content=\"473\" \/>\n\t<meta property=\"og:image:type\" content=\"image\/jpeg\" \/>\n<meta name=\"author\" content=\"Redacci\u00f3n A Nova Peneira\" \/>\n<meta name=\"twitter:card\" content=\"summary_large_image\" \/>\n<meta name=\"twitter:creator\" content=\"@APeneira\" \/>\n<meta name=\"twitter:site\" content=\"@APeneira\" \/>\n<meta name=\"twitter:label1\" content=\"Escrito por\" \/>\n\t<meta name=\"twitter:data1\" content=\"Redacci\u00f3n A Nova Peneira\" \/>\n\t<meta name=\"twitter:label2\" content=\"Tempo de lectura\" \/>\n\t<meta name=\"twitter:data2\" content=\"4 minutos\" \/>\n<script type=\"application\/ld+json\" class=\"yoast-schema-graph\">{\"@context\":\"https:\\\/\\\/schema.org\",\"@graph\":[{\"@type\":\"Article\",\"@id\":\"https:\\\/\\\/www.anovapeneira.gal\\\/index.php\\\/2019\\\/10\\\/11\\\/o-concello-de-nigran-celebra-que-a-xunta-acepte-as-suas-alegacions-da-po-552-mantendo-os-semaforos-da-contorna-de-mallon-e-creando-un-itinerario-peonil-nesta-zona\\\/#article\",\"isPartOf\":{\"@id\":\"https:\\\/\\\/www.anovapeneira.gal\\\/index.php\\\/2019\\\/10\\\/11\\\/o-concello-de-nigran-celebra-que-a-xunta-acepte-as-suas-alegacions-da-po-552-mantendo-os-semaforos-da-contorna-de-mallon-e-creando-un-itinerario-peonil-nesta-zona\\\/\"},\"author\":{\"name\":\"Redacci\u00f3n A Nova Peneira\",\"@id\":\"https:\\\/\\\/www.anovapeneira.gal\\\/#\\\/schema\\\/person\\\/b93e3f8932e3f8da96334607eb6ac6aa\"},\"headline\":\"O Concello de Nigr\u00e1n celebra que a Xunta acepte as s\u00faas alegaci\u00f3ns da PO-552 mantendo os sem\u00e1foros da contorna de mall\u00f3n e creando un itinerario peonil nesta zona\",\"datePublished\":\"2019-10-11T10:00:07+00:00\",\"mainEntityOfPage\":{\"@id\":\"https:\\\/\\\/www.anovapeneira.gal\\\/index.php\\\/2019\\\/10\\\/11\\\/o-concello-de-nigran-celebra-que-a-xunta-acepte-as-suas-alegacions-da-po-552-mantendo-os-semaforos-da-contorna-de-mallon-e-creando-un-itinerario-peonil-nesta-zona\\\/\"},\"wordCount\":773,\"commentCount\":0,\"publisher\":{\"@id\":\"https:\\\/\\\/www.anovapeneira.gal\\\/#organization\"},\"image\":{\"@id\":\"https:\\\/\\\/www.anovapeneira.gal\\\/index.php\\\/2019\\\/10\\\/11\\\/o-concello-de-nigran-celebra-que-a-xunta-acepte-as-suas-alegacions-da-po-552-mantendo-os-semaforos-da-contorna-de-mallon-e-creando-un-itinerario-peonil-nesta-zona\\\/#primaryimage\"},\"thumbnailUrl\":\"https:\\\/\\\/www.anovapeneira.gal\\\/wp-content\\\/uploads\\\/2019\\\/10\\\/NIGRaN_a_nova_peneira_11_9.jpg\",\"keywords\":[\"Concello de Nigr\u00e1n\",\"Fomento\"],\"articleSection\":[\"Val Mi\u00f1or\"],\"inLanguage\":\"gl-ES\",\"potentialAction\":[{\"@type\":\"CommentAction\",\"name\":\"Comment\",\"target\":[\"https:\\\/\\\/www.anovapeneira.gal\\\/index.php\\\/2019\\\/10\\\/11\\\/o-concello-de-nigran-celebra-que-a-xunta-acepte-as-suas-alegacions-da-po-552-mantendo-os-semaforos-da-contorna-de-mallon-e-creando-un-itinerario-peonil-nesta-zona\\\/#respond\"]}]},{\"@type\":\"WebPage\",\"@id\":\"https:\\\/\\\/www.anovapeneira.gal\\\/index.php\\\/2019\\\/10\\\/11\\\/o-concello-de-nigran-celebra-que-a-xunta-acepte-as-suas-alegacions-da-po-552-mantendo-os-semaforos-da-contorna-de-mallon-e-creando-un-itinerario-peonil-nesta-zona\\\/\",\"url\":\"https:\\\/\\\/www.anovapeneira.gal\\\/index.php\\\/2019\\\/10\\\/11\\\/o-concello-de-nigran-celebra-que-a-xunta-acepte-as-suas-alegacions-da-po-552-mantendo-os-semaforos-da-contorna-de-mallon-e-creando-un-itinerario-peonil-nesta-zona\\\/\",\"name\":\"O Concello de Nigr\u00e1n celebra que a Xunta acepte as s\u00faas alegaci\u00f3ns da PO-552 mantendo os sem\u00e1foros da contorna de mall\u00f3n e creando un itinerario peonil nesta zona -\",\"isPartOf\":{\"@id\":\"https:\\\/\\\/www.anovapeneira.gal\\\/#website\"},\"primaryImageOfPage\":{\"@id\":\"https:\\\/\\\/www.anovapeneira.gal\\\/index.php\\\/2019\\\/10\\\/11\\\/o-concello-de-nigran-celebra-que-a-xunta-acepte-as-suas-alegacions-da-po-552-mantendo-os-semaforos-da-contorna-de-mallon-e-creando-un-itinerario-peonil-nesta-zona\\\/#primaryimage\"},\"image\":{\"@id\":\"https:\\\/\\\/www.anovapeneira.gal\\\/index.php\\\/2019\\\/10\\\/11\\\/o-concello-de-nigran-celebra-que-a-xunta-acepte-as-suas-alegacions-da-po-552-mantendo-os-semaforos-da-contorna-de-mallon-e-creando-un-itinerario-peonil-nesta-zona\\\/#primaryimage\"},\"thumbnailUrl\":\"https:\\\/\\\/www.anovapeneira.gal\\\/wp-content\\\/uploads\\\/2019\\\/10\\\/NIGRaN_a_nova_peneira_11_9.jpg\",\"datePublished\":\"2019-10-11T10:00:07+00:00\",\"breadcrumb\":{\"@id\":\"https:\\\/\\\/www.anovapeneira.gal\\\/index.php\\\/2019\\\/10\\\/11\\\/o-concello-de-nigran-celebra-que-a-xunta-acepte-as-suas-alegacions-da-po-552-mantendo-os-semaforos-da-contorna-de-mallon-e-creando-un-itinerario-peonil-nesta-zona\\\/#breadcrumb\"},\"inLanguage\":\"gl-ES\",\"potentialAction\":[{\"@type\":\"ReadAction\",\"target\":[\"https:\\\/\\\/www.anovapeneira.gal\\\/index.php\\\/2019\\\/10\\\/11\\\/o-concello-de-nigran-celebra-que-a-xunta-acepte-as-suas-alegacions-da-po-552-mantendo-os-semaforos-da-contorna-de-mallon-e-creando-un-itinerario-peonil-nesta-zona\\\/\"]}]},{\"@type\":\"ImageObject\",\"inLanguage\":\"gl-ES\",\"@id\":\"https:\\\/\\\/www.anovapeneira.gal\\\/index.php\\\/2019\\\/10\\\/11\\\/o-concello-de-nigran-celebra-que-a-xunta-acepte-as-suas-alegacions-da-po-552-mantendo-os-semaforos-da-contorna-de-mallon-e-creando-un-itinerario-peonil-nesta-zona\\\/#primaryimage\",\"url\":\"https:\\\/\\\/www.anovapeneira.gal\\\/wp-content\\\/uploads\\\/2019\\\/10\\\/NIGRaN_a_nova_peneira_11_9.jpg\",\"contentUrl\":\"https:\\\/\\\/www.anovapeneira.gal\\\/wp-content\\\/uploads\\\/2019\\\/10\\\/NIGRaN_a_nova_peneira_11_9.jpg\",\"width\":720,\"height\":473,\"caption\":\"Concello de Nigr\u00e1n A Nova Peneira\"},{\"@type\":\"BreadcrumbList\",\"@id\":\"https:\\\/\\\/www.anovapeneira.gal\\\/index.php\\\/2019\\\/10\\\/11\\\/o-concello-de-nigran-celebra-que-a-xunta-acepte-as-suas-alegacions-da-po-552-mantendo-os-semaforos-da-contorna-de-mallon-e-creando-un-itinerario-peonil-nesta-zona\\\/#breadcrumb\",\"itemListElement\":[{\"@type\":\"ListItem\",\"position\":1,\"name\":\"Portada\",\"item\":\"https:\\\/\\\/www.anovapeneira.gal\\\/\"},{\"@type\":\"ListItem\",\"position\":2,\"name\":\"O Concello de Nigr\u00e1n celebra que a Xunta acepte as s\u00faas alegaci\u00f3ns da PO-552 mantendo os sem\u00e1foros da contorna de mall\u00f3n e creando un itinerario peonil nesta zona\"}]},{\"@type\":\"WebSite\",\"@id\":\"https:\\\/\\\/www.anovapeneira.gal\\\/#website\",\"url\":\"https:\\\/\\\/www.anovapeneira.gal\\\/\",\"name\":\"\",\"description\":\"Xornal galego de informaci\u00f3n xeral Publicaci\u00f3n mensual de novas de Galicia e en especial dos Concellos da sur da provincia de Pontevedra.\",\"publisher\":{\"@id\":\"https:\\\/\\\/www.anovapeneira.gal\\\/#organization\"},\"potentialAction\":[{\"@type\":\"SearchAction\",\"target\":{\"@type\":\"EntryPoint\",\"urlTemplate\":\"https:\\\/\\\/www.anovapeneira.gal\\\/?s={search_term_string}\"},\"query-input\":{\"@type\":\"PropertyValueSpecification\",\"valueRequired\":true,\"valueName\":\"search_term_string\"}}],\"inLanguage\":\"gl-ES\"},{\"@type\":\"Organization\",\"@id\":\"https:\\\/\\\/www.anovapeneira.gal\\\/#organization\",\"name\":\"A Nova Peneira\",\"url\":\"https:\\\/\\\/www.anovapeneira.gal\\\/\",\"logo\":{\"@type\":\"ImageObject\",\"inLanguage\":\"gl-ES\",\"@id\":\"https:\\\/\\\/www.anovapeneira.gal\\\/#\\\/schema\\\/logo\\\/image\\\/\",\"url\":\"http:\\\/\\\/www.anovapeneira.gal\\\/wp-content\\\/uploads\\\/2019\\\/06\\\/logo_a_nova_peneira_portal_web.png\",\"contentUrl\":\"http:\\\/\\\/www.anovapeneira.gal\\\/wp-content\\\/uploads\\\/2019\\\/06\\\/logo_a_nova_peneira_portal_web.png\",\"width\":300,\"height\":100,\"caption\":\"A Nova Peneira\"},\"image\":{\"@id\":\"https:\\\/\\\/www.anovapeneira.gal\\\/#\\\/schema\\\/logo\\\/image\\\/\"},\"sameAs\":[\"https:\\\/\\\/www.facebook.com\\\/anovapeneira\",\"https:\\\/\\\/x.com\\\/APeneira\"]},{\"@type\":\"Person\",\"@id\":\"https:\\\/\\\/www.anovapeneira.gal\\\/#\\\/schema\\\/person\\\/b93e3f8932e3f8da96334607eb6ac6aa\",\"name\":\"Redacci\u00f3n A Nova Peneira\",\"image\":{\"@type\":\"ImageObject\",\"inLanguage\":\"gl-ES\",\"@id\":\"https:\\\/\\\/secure.gravatar.com\\\/avatar\\\/c052a2551a06e23fac63626232eaa90abd78dbcf1700fc46a2b2c89fd27b735f?s=96&d=mm&r=g\",\"url\":\"https:\\\/\\\/secure.gravatar.com\\\/avatar\\\/c052a2551a06e23fac63626232eaa90abd78dbcf1700fc46a2b2c89fd27b735f?s=96&d=mm&r=g\",\"contentUrl\":\"https:\\\/\\\/secure.gravatar.com\\\/avatar\\\/c052a2551a06e23fac63626232eaa90abd78dbcf1700fc46a2b2c89fd27b735f?s=96&d=mm&r=g\",\"caption\":\"Redacci\u00f3n A Nova Peneira\"},\"sameAs\":[\"http:\\\/\\\/www.anovapeneira.gal\\\/\"],\"url\":\"https:\\\/\\\/www.anovapeneira.gal\\\/index.php\\\/author\\\/redactor\\\/\"}]}<\/script>\n<!-- \/ Yoast SEO plugin. -->","yoast_head_json":{"title":"O Concello de Nigr\u00e1n celebra que a Xunta acepte as s\u00faas alegaci\u00f3ns da PO-552 mantendo os sem\u00e1foros da contorna de mall\u00f3n e creando un itinerario peonil nesta zona -","robots":{"index":"index","follow":"follow","max-snippet":"max-snippet:-1","max-image-preview":"max-image-preview:large","max-video-preview":"max-video-preview:-1"},"canonical":"https:\/\/www.anovapeneira.gal\/index.php\/2019\/10\/11\/o-concello-de-nigran-celebra-que-a-xunta-acepte-as-suas-alegacions-da-po-552-mantendo-os-semaforos-da-contorna-de-mallon-e-creando-un-itinerario-peonil-nesta-zona\/","og_locale":"gl_ES","og_type":"article","og_title":"O Concello de Nigr\u00e1n celebra que a Xunta acepte as s\u00faas alegaci\u00f3ns da PO-552 mantendo os sem\u00e1foros da contorna de mall\u00f3n e creando un itinerario peonil nesta zona -","og_description":"O alcalde de Nigr\u00e1n mantivo unha reuni\u00f3n onte en Santiago coa conselleira de Infraestruturas na que se lle informou destas cuesti\u00f3ns que vi\u00f1a reclamando o Concello [...]","og_url":"https:\/\/www.anovapeneira.gal\/index.php\/2019\/10\/11\/o-concello-de-nigran-celebra-que-a-xunta-acepte-as-suas-alegacions-da-po-552-mantendo-os-semaforos-da-contorna-de-mallon-e-creando-un-itinerario-peonil-nesta-zona\/","article_publisher":"https:\/\/www.facebook.com\/anovapeneira","article_published_time":"2019-10-11T10:00:07+00:00","og_image":[{"width":720,"height":473,"url":"https:\/\/www.anovapeneira.gal\/wp-content\/uploads\/2019\/10\/NIGRaN_a_nova_peneira_11_9.jpg","type":"image\/jpeg"}],"author":"Redacci\u00f3n A Nova Peneira","twitter_card":"summary_large_image","twitter_creator":"@APeneira","twitter_site":"@APeneira","twitter_misc":{"Escrito por":"Redacci\u00f3n A Nova Peneira","Tempo de lectura":"4 minutos"},"schema":{"@context":"https:\/\/schema.org","@graph":[{"@type":"Article","@id":"https:\/\/www.anovapeneira.gal\/index.php\/2019\/10\/11\/o-concello-de-nigran-celebra-que-a-xunta-acepte-as-suas-alegacions-da-po-552-mantendo-os-semaforos-da-contorna-de-mallon-e-creando-un-itinerario-peonil-nesta-zona\/#article","isPartOf":{"@id":"https:\/\/www.anovapeneira.gal\/index.php\/2019\/10\/11\/o-concello-de-nigran-celebra-que-a-xunta-acepte-as-suas-alegacions-da-po-552-mantendo-os-semaforos-da-contorna-de-mallon-e-creando-un-itinerario-peonil-nesta-zona\/"},"author":{"name":"Redacci\u00f3n A Nova Peneira","@id":"https:\/\/www.anovapeneira.gal\/#\/schema\/person\/b93e3f8932e3f8da96334607eb6ac6aa"},"headline":"O Concello de Nigr\u00e1n celebra que a Xunta acepte as s\u00faas alegaci\u00f3ns da PO-552 mantendo os sem\u00e1foros da contorna de mall\u00f3n e creando un itinerario peonil nesta zona","datePublished":"2019-10-11T10:00:07+00:00","mainEntityOfPage":{"@id":"https:\/\/www.anovapeneira.gal\/index.php\/2019\/10\/11\/o-concello-de-nigran-celebra-que-a-xunta-acepte-as-suas-alegacions-da-po-552-mantendo-os-semaforos-da-contorna-de-mallon-e-creando-un-itinerario-peonil-nesta-zona\/"},"wordCount":773,"commentCount":0,"publisher":{"@id":"https:\/\/www.anovapeneira.gal\/#organization"},"image":{"@id":"https:\/\/www.anovapeneira.gal\/index.php\/2019\/10\/11\/o-concello-de-nigran-celebra-que-a-xunta-acepte-as-suas-alegacions-da-po-552-mantendo-os-semaforos-da-contorna-de-mallon-e-creando-un-itinerario-peonil-nesta-zona\/#primaryimage"},"thumbnailUrl":"https:\/\/www.anovapeneira.gal\/wp-content\/uploads\/2019\/10\/NIGRaN_a_nova_peneira_11_9.jpg","keywords":["Concello de Nigr\u00e1n","Fomento"],"articleSection":["Val Mi\u00f1or"],"inLanguage":"gl-ES","potentialAction":[{"@type":"CommentAction","name":"Comment","target":["https:\/\/www.anovapeneira.gal\/index.php\/2019\/10\/11\/o-concello-de-nigran-celebra-que-a-xunta-acepte-as-suas-alegacions-da-po-552-mantendo-os-semaforos-da-contorna-de-mallon-e-creando-un-itinerario-peonil-nesta-zona\/#respond"]}]},{"@type":"WebPage","@id":"https:\/\/www.anovapeneira.gal\/index.php\/2019\/10\/11\/o-concello-de-nigran-celebra-que-a-xunta-acepte-as-suas-alegacions-da-po-552-mantendo-os-semaforos-da-contorna-de-mallon-e-creando-un-itinerario-peonil-nesta-zona\/","url":"https:\/\/www.anovapeneira.gal\/index.php\/2019\/10\/11\/o-concello-de-nigran-celebra-que-a-xunta-acepte-as-suas-alegacions-da-po-552-mantendo-os-semaforos-da-contorna-de-mallon-e-creando-un-itinerario-peonil-nesta-zona\/","name":"O Concello de Nigr\u00e1n celebra que a Xunta acepte as s\u00faas alegaci\u00f3ns da PO-552 mantendo os sem\u00e1foros da contorna de mall\u00f3n e creando un itinerario peonil nesta zona -","isPartOf":{"@id":"https:\/\/www.anovapeneira.gal\/#website"},"primaryImageOfPage":{"@id":"https:\/\/www.anovapeneira.gal\/index.php\/2019\/10\/11\/o-concello-de-nigran-celebra-que-a-xunta-acepte-as-suas-alegacions-da-po-552-mantendo-os-semaforos-da-contorna-de-mallon-e-creando-un-itinerario-peonil-nesta-zona\/#primaryimage"},"image":{"@id":"https:\/\/www.anovapeneira.gal\/index.php\/2019\/10\/11\/o-concello-de-nigran-celebra-que-a-xunta-acepte-as-suas-alegacions-da-po-552-mantendo-os-semaforos-da-contorna-de-mallon-e-creando-un-itinerario-peonil-nesta-zona\/#primaryimage"},"thumbnailUrl":"https:\/\/www.anovapeneira.gal\/wp-content\/uploads\/2019\/10\/NIGRaN_a_nova_peneira_11_9.jpg","datePublished":"2019-10-11T10:00:07+00:00","breadcrumb":{"@id":"https:\/\/www.anovapeneira.gal\/index.php\/2019\/10\/11\/o-concello-de-nigran-celebra-que-a-xunta-acepte-as-suas-alegacions-da-po-552-mantendo-os-semaforos-da-contorna-de-mallon-e-creando-un-itinerario-peonil-nesta-zona\/#breadcrumb"},"inLanguage":"gl-ES","potentialAction":[{"@type":"ReadAction","target":["https:\/\/www.anovapeneira.gal\/index.php\/2019\/10\/11\/o-concello-de-nigran-celebra-que-a-xunta-acepte-as-suas-alegacions-da-po-552-mantendo-os-semaforos-da-contorna-de-mallon-e-creando-un-itinerario-peonil-nesta-zona\/"]}]},{"@type":"ImageObject","inLanguage":"gl-ES","@id":"https:\/\/www.anovapeneira.gal\/index.php\/2019\/10\/11\/o-concello-de-nigran-celebra-que-a-xunta-acepte-as-suas-alegacions-da-po-552-mantendo-os-semaforos-da-contorna-de-mallon-e-creando-un-itinerario-peonil-nesta-zona\/#primaryimage","url":"https:\/\/www.anovapeneira.gal\/wp-content\/uploads\/2019\/10\/NIGRaN_a_nova_peneira_11_9.jpg","contentUrl":"https:\/\/www.anovapeneira.gal\/wp-content\/uploads\/2019\/10\/NIGRaN_a_nova_peneira_11_9.jpg","width":720,"height":473,"caption":"Concello de Nigr\u00e1n A Nova Peneira"},{"@type":"BreadcrumbList","@id":"https:\/\/www.anovapeneira.gal\/index.php\/2019\/10\/11\/o-concello-de-nigran-celebra-que-a-xunta-acepte-as-suas-alegacions-da-po-552-mantendo-os-semaforos-da-contorna-de-mallon-e-creando-un-itinerario-peonil-nesta-zona\/#breadcrumb","itemListElement":[{"@type":"ListItem","position":1,"name":"Portada","item":"https:\/\/www.anovapeneira.gal\/"},{"@type":"ListItem","position":2,"name":"O Concello de Nigr\u00e1n celebra que a Xunta acepte as s\u00faas alegaci\u00f3ns da PO-552 mantendo os sem\u00e1foros da contorna de mall\u00f3n e creando un itinerario peonil nesta zona"}]},{"@type":"WebSite","@id":"https:\/\/www.anovapeneira.gal\/#website","url":"https:\/\/www.anovapeneira.gal\/","name":"","description":"Xornal galego de informaci\u00f3n xeral Publicaci\u00f3n mensual de novas de Galicia e en especial dos Concellos da sur da provincia de Pontevedra.","publisher":{"@id":"https:\/\/www.anovapeneira.gal\/#organization"},"potentialAction":[{"@type":"SearchAction","target":{"@type":"EntryPoint","urlTemplate":"https:\/\/www.anovapeneira.gal\/?s={search_term_string}"},"query-input":{"@type":"PropertyValueSpecification","valueRequired":true,"valueName":"search_term_string"}}],"inLanguage":"gl-ES"},{"@type":"Organization","@id":"https:\/\/www.anovapeneira.gal\/#organization","name":"A Nova Peneira","url":"https:\/\/www.anovapeneira.gal\/","logo":{"@type":"ImageObject","inLanguage":"gl-ES","@id":"https:\/\/www.anovapeneira.gal\/#\/schema\/logo\/image\/","url":"http:\/\/www.anovapeneira.gal\/wp-content\/uploads\/2019\/06\/logo_a_nova_peneira_portal_web.png","contentUrl":"http:\/\/www.anovapeneira.gal\/wp-content\/uploads\/2019\/06\/logo_a_nova_peneira_portal_web.png","width":300,"height":100,"caption":"A Nova Peneira"},"image":{"@id":"https:\/\/www.anovapeneira.gal\/#\/schema\/logo\/image\/"},"sameAs":["https:\/\/www.facebook.com\/anovapeneira","https:\/\/x.com\/APeneira"]},{"@type":"Person","@id":"https:\/\/www.anovapeneira.gal\/#\/schema\/person\/b93e3f8932e3f8da96334607eb6ac6aa","name":"Redacci\u00f3n A Nova Peneira","image":{"@type":"ImageObject","inLanguage":"gl-ES","@id":"https:\/\/secure.gravatar.com\/avatar\/c052a2551a06e23fac63626232eaa90abd78dbcf1700fc46a2b2c89fd27b735f?s=96&d=mm&r=g","url":"https:\/\/secure.gravatar.com\/avatar\/c052a2551a06e23fac63626232eaa90abd78dbcf1700fc46a2b2c89fd27b735f?s=96&d=mm&r=g","contentUrl":"https:\/\/secure.gravatar.com\/avatar\/c052a2551a06e23fac63626232eaa90abd78dbcf1700fc46a2b2c89fd27b735f?s=96&d=mm&r=g","caption":"Redacci\u00f3n A Nova Peneira"},"sameAs":["http:\/\/www.anovapeneira.gal\/"],"url":"https:\/\/www.anovapeneira.gal\/index.php\/author\/redactor\/"}]}},"jetpack_featured_media_url":"https:\/\/www.anovapeneira.gal\/wp-content\/uploads\/2019\/10\/NIGRaN_a_nova_peneira_11_9.jpg","_links":{"self":[{"href":"https:\/\/www.anovapeneira.gal\/index.php\/wp-json\/wp\/v2\/posts\/1470","targetHints":{"allow":["GET"]}}],"collection":[{"href":"https:\/\/www.anovapeneira.gal\/index.php\/wp-json\/wp\/v2\/posts"}],"about":[{"href":"https:\/\/www.anovapeneira.gal\/index.php\/wp-json\/wp\/v2\/types\/post"}],"author":[{"embeddable":true,"href":"https:\/\/www.anovapeneira.gal\/index.php\/wp-json\/wp\/v2\/users\/3"}],"replies":[{"embeddable":true,"href":"https:\/\/www.anovapeneira.gal\/index.php\/wp-json\/wp\/v2\/comments?post=1470"}],"version-history":[{"count":3,"href":"https:\/\/www.anovapeneira.gal\/index.php\/wp-json\/wp\/v2\/posts\/1470\/revisions"}],"predecessor-version":[{"id":1474,"href":"https:\/\/www.anovapeneira.gal\/index.php\/wp-json\/wp\/v2\/posts\/1470\/revisions\/1474"}],"wp:featuredmedia":[{"embeddable":true,"href":"https:\/\/www.anovapeneira.gal\/index.php\/wp-json\/wp\/v2\/media\/1471"}],"wp:attachment":[{"href":"https:\/\/www.anovapeneira.gal\/index.php\/wp-json\/wp\/v2\/media?parent=1470"}],"wp:term":[{"taxonomy":"category","embeddable":true,"href":"https:\/\/www.anovapeneira.gal\/index.php\/wp-json\/wp\/v2\/categories?post=1470"},{"taxonomy":"post_tag","embeddable":true,"href":"https:\/\/www.anovapeneira.gal\/index.php\/wp-json\/wp\/v2\/tags?post=1470"}],"curies":[{"name":"wp","href":"https:\/\/api.w.org\/{rel}","templated":true}]}}