{"id":14720,"date":"2025-09-30T10:00:04","date_gmt":"2025-09-30T08:00:04","guid":{"rendered":"https:\/\/www.anovapeneira.gal\/?p=14720"},"modified":"2025-09-29T09:47:26","modified_gmt":"2025-09-29T07:47:26","slug":"a-falsa-solidariedade-co-pobo-palestino","status":"publish","type":"post","link":"https:\/\/www.anovapeneira.gal\/index.php\/2025\/09\/30\/a-falsa-solidariedade-co-pobo-palestino\/","title":{"rendered":"A falsa solidariedade co Pobo Palestino"},"content":{"rendered":"\n<figure class=\"wp-block-image size-full is-resized\"><img loading=\"lazy\" decoding=\"async\" width=\"190\" height=\"222\" src=\"https:\/\/www.anovapeneira.gal\/wp-content\/uploads\/2019\/07\/pedro_cortegoso_opinion_a_nova_peneira_bn.jpg\" alt=\"Pedro M. Cortegoso Gago Artigo Opini\u00f3n A Nova Peneira\" class=\"wp-image-464\" style=\"width:119px;height:auto\"\/><figcaption class=\"wp-element-caption\">Pedro M. Cortegoso Gago\nTraballador do Sergas<\/figcaption><\/figure>\n\n\n\n<p>A participaci\u00f3n de unha equipa sionista en La Volta ciclista marcou un punto de inflexi\u00f3n na solidariedade contra o xenocidio do Pobo Palestino. Miles de persoas participaron nas protestas denunciando o branqueamento do r\u00e9xime sionista nunha competici\u00f3n deportiva. Galiza non foi unha excepci\u00f3n.<\/p>\n\n\n\n<p>Quedou tam\u00e9n en evidencia as d\u00faas varas de medir das democracias occidentais, d\u00e1ndose moita presa por impedir a presenza de Rusia e Bielorrusia en calquera competici\u00f3n deportiva ou cultural organizada no \u201cmundo civilizado\u201d, mais permitindo que a bandeira ensanguentada de Israel estea presente en todos estes eventos.<\/p>\n\n\n\n<p>Pese \u00e1 permanente promoci\u00f3n dun estado artificial e asasino, o sufrimento do pobo palestino \u00e9 dif\u00edcil de agochar. Por moita manipulaci\u00f3n da realidade que fan os medios de des-comunicaci\u00f3n, a opini\u00f3n p\u00fablica rexeita maioritariamente o xenocidio que a entidade sionista est\u00e1 cometendo en vivo e en directo.<\/p>\n\n\n\n<p>O pobo galego, solidario coma sempre, demostrou durante todo o percorrido da Volta polo noso territorio a s\u00faa solidariedade co pobo Palestino e o seu rexeitamento do xenocidio e a ocupaci\u00f3n. Mais o \u00e9xito destas protestas non debeu gostar moito e, d\u00edas despois, o estado espa\u00f1ol amosou, unha vez m\u00e1is, a s\u00faa faciana totalitaria e represiva detendo a unha persoa e investigando a outras por solidarizarse con Palestina.<\/p>\n\n\n\n<p>En Espa\u00f1a o dereito \u00e1 manifestaci\u00f3n e \u00e1 liberdade de expresi\u00f3n son sin\u00f3nimos de \u201cdesordes p\u00fablicos\u201d e \u201catentado \u00e1 autoridade\u201d, na mellor tradici\u00f3n totalitaria dun r\u00e9xime de continuaci\u00f3n do franquismo. Todo isto moi ben combinado coa Lei Mordaza, esa que nunca da derrogado o goberno \u201cprogresista\u201d, e o C\u00f3digo Penal. Seguimos soportando o peso das leis dun estado opresor e dunha xustiza \u201cinxusta\u201d que sabe moi ben a quen serve.<\/p>\n\n\n\n<p><strong>As d\u00faas facianas, falsas, do PSOE.<\/strong><\/p>\n\n\n\n<p>Agora que as enquisas son claras e a opini\u00f3n p\u00fablica est\u00e1 a favor do pobo palestino alg\u00fans queren sacar beneficio. Pretenden enganarnos unha vez m\u00e1is cunha falsa campa\u00f1a de apoio a Palestina, impo\u00f1endo unhas rid\u00edculas sanci\u00f3ns que non serven para nada e promovendo un falso reco\u00f1ecemento, que non vai impedir que o ente colonial chamado Israel arrase Gaza e se anexione Cisjord\u00e2nia ao tempo que bombardea o resto dos pa\u00edses veci\u00f1os.<\/p>\n\n\n\n<p>Igual de c\u00ednica \u00e9 a proposta dos dous estados, cando todos somos conscientes da imposibilidade de esa opci\u00f3n. S\u00f3 pode haber un estado Palestino en territorio palestino; \u00e9 de xustiza. Defender a existencia de Israel \u00e9 defender a colonizaci\u00f3n e a ocupaci\u00f3n por parte dunhas persoas de orixe alem\u00e1, polaca, estadounidense, arxentina, etc., e defender o exterminio dos palestinos. Israel demostrou en todos os anos da s\u00faa existencia que \u00e9 un proxecto colonial que non pode vivir en paz con ningu\u00e9n e as\u00ed o demostran todas as guerras e as agresi\u00f3ns que provocou contra todos os pa\u00edses lim\u00edtrofes.<\/p>\n\n\n\n<p>E mentres Pedro S\u00e1nchez chora falsamente por Palestina, a s\u00faa polic\u00eda det\u00e9n a quen protesta contra o xenocidio. <strong>Mentres di que lle parecen ben as mobilizaci\u00f3ns manda aos seus subordinados mallar e deter na xente<\/strong> <strong>que protesta<\/strong> e denuncia o exterminio dun pobo. A solidariedade pode custar at\u00e9 5,000 euros de multa por mover uns valados ou desobedecer \u00e1 polic\u00eda.<\/p>\n\n\n\n<p>Espa\u00f1a segue mantendo relaci\u00f3ns diplom\u00e1ticas con Israel, non pensa rompelas, e condena firmemente \u201c\u00e1 resistencia palestina\u201d denomin\u00e1ndoa \u201cterrorista\u201d. Acaso \u00e9 terrorismo defenderse contra o ocupante que pretende asasinar?<\/p>\n\n\n\n<p>Terrorismo \u00e9 o que leva facendo a ocupaci\u00f3n sionista desde antes de 1948 en Palestina: masacres e expulsi\u00f3n dos palestinos das s\u00faas casas, da s\u00faa propia terra.<\/p>\n\n\n\n<p>Mar\u00edn, 25 de setembro de 2025<\/p>\n\n\n\n<p>Asdo.: Pedro M. Cortegoso Gago<\/p>\n","protected":false},"excerpt":{"rendered":"<div class=\"mh-excerpt\"><p>A participaci\u00f3n de unha equipa sionista en La Volta ciclista marcou un punto de inflexi\u00f3n na solidariedade contra o xenocidio do Pobo Palestino <a class=\"mh-excerpt-more\" href=\"https:\/\/www.anovapeneira.gal\/index.php\/2025\/09\/30\/a-falsa-solidariedade-co-pobo-palestino\/\" title=\"A falsa solidariedade co Pobo Palestino\">[&#8230;]<\/a><\/p>\n<\/div>","protected":false},"author":4,"featured_media":584,"comment_status":"open","ping_status":"open","sticky":false,"template":"","format":"standard","meta":{"_exactmetrics_skip_tracking":false,"_exactmetrics_sitenote_active":false,"_exactmetrics_sitenote_note":"","_exactmetrics_sitenote_category":0,"footnotes":""},"categories":[7],"tags":[],"class_list":{"0":"post-14720","1":"post","2":"type-post","3":"status-publish","4":"format-standard","5":"has-post-thumbnail","7":"category-artigos-de-opinion"},"yoast_head":"<!-- This site is optimized with the Yoast SEO plugin v27.4 - https:\/\/yoast.com\/product\/yoast-seo-wordpress\/ -->\n<title>A falsa solidariedade co Pobo Palestino -<\/title>\n<meta name=\"robots\" content=\"index, follow, max-snippet:-1, max-image-preview:large, max-video-preview:-1\" \/>\n<link rel=\"canonical\" href=\"https:\/\/www.anovapeneira.gal\/index.php\/2025\/09\/30\/a-falsa-solidariedade-co-pobo-palestino\/\" \/>\n<meta property=\"og:locale\" content=\"gl_ES\" \/>\n<meta property=\"og:type\" content=\"article\" \/>\n<meta property=\"og:title\" content=\"A falsa solidariedade co Pobo Palestino -\" \/>\n<meta property=\"og:description\" content=\"A participaci\u00f3n de unha equipa sionista en La Volta ciclista marcou un punto de inflexi\u00f3n na solidariedade contra o xenocidio do Pobo Palestino [...]\" \/>\n<meta property=\"og:url\" content=\"https:\/\/www.anovapeneira.gal\/index.php\/2025\/09\/30\/a-falsa-solidariedade-co-pobo-palestino\/\" \/>\n<meta property=\"article:publisher\" content=\"https:\/\/www.facebook.com\/anovapeneira\" \/>\n<meta property=\"article:published_time\" content=\"2025-09-30T08:00:04+00:00\" \/>\n<meta property=\"og:image\" content=\"https:\/\/www.anovapeneira.gal\/wp-content\/uploads\/2019\/07\/ARTIGO_DE_OPINION_A_NOVA_PENEIRA.jpg\" \/>\n\t<meta property=\"og:image:width\" content=\"720\" \/>\n\t<meta property=\"og:image:height\" content=\"473\" \/>\n\t<meta property=\"og:image:type\" content=\"image\/jpeg\" \/>\n<meta name=\"author\" content=\"Pedro M. Cortegoso Gago\" \/>\n<meta name=\"twitter:card\" content=\"summary_large_image\" \/>\n<meta name=\"twitter:creator\" content=\"@APeneira\" \/>\n<meta name=\"twitter:site\" content=\"@APeneira\" \/>\n<meta name=\"twitter:label1\" content=\"Escrito por\" \/>\n\t<meta name=\"twitter:data1\" content=\"Pedro M. Cortegoso Gago\" \/>\n\t<meta name=\"twitter:label2\" content=\"Tempo de lectura\" \/>\n\t<meta name=\"twitter:data2\" content=\"4 minutos\" \/>\n<script type=\"application\/ld+json\" class=\"yoast-schema-graph\">{\"@context\":\"https:\\\/\\\/schema.org\",\"@graph\":[{\"@type\":\"Article\",\"@id\":\"https:\\\/\\\/www.anovapeneira.gal\\\/index.php\\\/2025\\\/09\\\/30\\\/a-falsa-solidariedade-co-pobo-palestino\\\/#article\",\"isPartOf\":{\"@id\":\"https:\\\/\\\/www.anovapeneira.gal\\\/index.php\\\/2025\\\/09\\\/30\\\/a-falsa-solidariedade-co-pobo-palestino\\\/\"},\"author\":{\"name\":\"Pedro M. Cortegoso Gago\",\"@id\":\"https:\\\/\\\/www.anovapeneira.gal\\\/#\\\/schema\\\/person\\\/c04a9c9f722c9446e71ae434c0353337\"},\"headline\":\"A falsa solidariedade co Pobo Palestino\",\"datePublished\":\"2025-09-30T08:00:04+00:00\",\"mainEntityOfPage\":{\"@id\":\"https:\\\/\\\/www.anovapeneira.gal\\\/index.php\\\/2025\\\/09\\\/30\\\/a-falsa-solidariedade-co-pobo-palestino\\\/\"},\"wordCount\":639,\"commentCount\":0,\"publisher\":{\"@id\":\"https:\\\/\\\/www.anovapeneira.gal\\\/#organization\"},\"image\":{\"@id\":\"https:\\\/\\\/www.anovapeneira.gal\\\/index.php\\\/2025\\\/09\\\/30\\\/a-falsa-solidariedade-co-pobo-palestino\\\/#primaryimage\"},\"thumbnailUrl\":\"https:\\\/\\\/www.anovapeneira.gal\\\/wp-content\\\/uploads\\\/2019\\\/07\\\/ARTIGO_DE_OPINION_A_NOVA_PENEIRA.jpg\",\"articleSection\":[\"Artigos de opini\u00f3n\"],\"inLanguage\":\"gl-ES\",\"potentialAction\":[{\"@type\":\"CommentAction\",\"name\":\"Comment\",\"target\":[\"https:\\\/\\\/www.anovapeneira.gal\\\/index.php\\\/2025\\\/09\\\/30\\\/a-falsa-solidariedade-co-pobo-palestino\\\/#respond\"]}]},{\"@type\":\"WebPage\",\"@id\":\"https:\\\/\\\/www.anovapeneira.gal\\\/index.php\\\/2025\\\/09\\\/30\\\/a-falsa-solidariedade-co-pobo-palestino\\\/\",\"url\":\"https:\\\/\\\/www.anovapeneira.gal\\\/index.php\\\/2025\\\/09\\\/30\\\/a-falsa-solidariedade-co-pobo-palestino\\\/\",\"name\":\"A falsa solidariedade co Pobo Palestino -\",\"isPartOf\":{\"@id\":\"https:\\\/\\\/www.anovapeneira.gal\\\/#website\"},\"primaryImageOfPage\":{\"@id\":\"https:\\\/\\\/www.anovapeneira.gal\\\/index.php\\\/2025\\\/09\\\/30\\\/a-falsa-solidariedade-co-pobo-palestino\\\/#primaryimage\"},\"image\":{\"@id\":\"https:\\\/\\\/www.anovapeneira.gal\\\/index.php\\\/2025\\\/09\\\/30\\\/a-falsa-solidariedade-co-pobo-palestino\\\/#primaryimage\"},\"thumbnailUrl\":\"https:\\\/\\\/www.anovapeneira.gal\\\/wp-content\\\/uploads\\\/2019\\\/07\\\/ARTIGO_DE_OPINION_A_NOVA_PENEIRA.jpg\",\"datePublished\":\"2025-09-30T08:00:04+00:00\",\"breadcrumb\":{\"@id\":\"https:\\\/\\\/www.anovapeneira.gal\\\/index.php\\\/2025\\\/09\\\/30\\\/a-falsa-solidariedade-co-pobo-palestino\\\/#breadcrumb\"},\"inLanguage\":\"gl-ES\",\"potentialAction\":[{\"@type\":\"ReadAction\",\"target\":[\"https:\\\/\\\/www.anovapeneira.gal\\\/index.php\\\/2025\\\/09\\\/30\\\/a-falsa-solidariedade-co-pobo-palestino\\\/\"]}]},{\"@type\":\"ImageObject\",\"inLanguage\":\"gl-ES\",\"@id\":\"https:\\\/\\\/www.anovapeneira.gal\\\/index.php\\\/2025\\\/09\\\/30\\\/a-falsa-solidariedade-co-pobo-palestino\\\/#primaryimage\",\"url\":\"https:\\\/\\\/www.anovapeneira.gal\\\/wp-content\\\/uploads\\\/2019\\\/07\\\/ARTIGO_DE_OPINION_A_NOVA_PENEIRA.jpg\",\"contentUrl\":\"https:\\\/\\\/www.anovapeneira.gal\\\/wp-content\\\/uploads\\\/2019\\\/07\\\/ARTIGO_DE_OPINION_A_NOVA_PENEIRA.jpg\",\"width\":720,\"height\":473,\"caption\":\"Artigo de opini\u00f3n A Nova Peneira\"},{\"@type\":\"BreadcrumbList\",\"@id\":\"https:\\\/\\\/www.anovapeneira.gal\\\/index.php\\\/2025\\\/09\\\/30\\\/a-falsa-solidariedade-co-pobo-palestino\\\/#breadcrumb\",\"itemListElement\":[{\"@type\":\"ListItem\",\"position\":1,\"name\":\"Portada\",\"item\":\"https:\\\/\\\/www.anovapeneira.gal\\\/\"},{\"@type\":\"ListItem\",\"position\":2,\"name\":\"A falsa solidariedade co Pobo Palestino\"}]},{\"@type\":\"WebSite\",\"@id\":\"https:\\\/\\\/www.anovapeneira.gal\\\/#website\",\"url\":\"https:\\\/\\\/www.anovapeneira.gal\\\/\",\"name\":\"\",\"description\":\"Xornal galego de informaci\u00f3n xeral Publicaci\u00f3n mensual de novas de Galicia e en especial dos Concellos da sur da provincia de Pontevedra.\",\"publisher\":{\"@id\":\"https:\\\/\\\/www.anovapeneira.gal\\\/#organization\"},\"potentialAction\":[{\"@type\":\"SearchAction\",\"target\":{\"@type\":\"EntryPoint\",\"urlTemplate\":\"https:\\\/\\\/www.anovapeneira.gal\\\/?s={search_term_string}\"},\"query-input\":{\"@type\":\"PropertyValueSpecification\",\"valueRequired\":true,\"valueName\":\"search_term_string\"}}],\"inLanguage\":\"gl-ES\"},{\"@type\":\"Organization\",\"@id\":\"https:\\\/\\\/www.anovapeneira.gal\\\/#organization\",\"name\":\"A Nova Peneira\",\"url\":\"https:\\\/\\\/www.anovapeneira.gal\\\/\",\"logo\":{\"@type\":\"ImageObject\",\"inLanguage\":\"gl-ES\",\"@id\":\"https:\\\/\\\/www.anovapeneira.gal\\\/#\\\/schema\\\/logo\\\/image\\\/\",\"url\":\"http:\\\/\\\/www.anovapeneira.gal\\\/wp-content\\\/uploads\\\/2019\\\/06\\\/logo_a_nova_peneira_portal_web.png\",\"contentUrl\":\"http:\\\/\\\/www.anovapeneira.gal\\\/wp-content\\\/uploads\\\/2019\\\/06\\\/logo_a_nova_peneira_portal_web.png\",\"width\":300,\"height\":100,\"caption\":\"A Nova Peneira\"},\"image\":{\"@id\":\"https:\\\/\\\/www.anovapeneira.gal\\\/#\\\/schema\\\/logo\\\/image\\\/\"},\"sameAs\":[\"https:\\\/\\\/www.facebook.com\\\/anovapeneira\",\"https:\\\/\\\/x.com\\\/APeneira\"]},{\"@type\":\"Person\",\"@id\":\"https:\\\/\\\/www.anovapeneira.gal\\\/#\\\/schema\\\/person\\\/c04a9c9f722c9446e71ae434c0353337\",\"name\":\"Pedro M. Cortegoso Gago\",\"image\":{\"@type\":\"ImageObject\",\"inLanguage\":\"gl-ES\",\"@id\":\"https:\\\/\\\/secure.gravatar.com\\\/avatar\\\/1613b27278a972c04db5c2f04fb2cbfa9edb58d6c3e2547817ecb8240eb58381?s=96&d=mm&r=g\",\"url\":\"https:\\\/\\\/secure.gravatar.com\\\/avatar\\\/1613b27278a972c04db5c2f04fb2cbfa9edb58d6c3e2547817ecb8240eb58381?s=96&d=mm&r=g\",\"contentUrl\":\"https:\\\/\\\/secure.gravatar.com\\\/avatar\\\/1613b27278a972c04db5c2f04fb2cbfa9edb58d6c3e2547817ecb8240eb58381?s=96&d=mm&r=g\",\"caption\":\"Pedro M. Cortegoso Gago\"},\"sameAs\":[\"http:\\\/\\\/anovapeneira.gal\"],\"url\":\"https:\\\/\\\/www.anovapeneira.gal\\\/index.php\\\/author\\\/opinionpcortegoso\\\/\"}]}<\/script>\n<!-- \/ Yoast SEO plugin. -->","yoast_head_json":{"title":"A falsa solidariedade co Pobo Palestino -","robots":{"index":"index","follow":"follow","max-snippet":"max-snippet:-1","max-image-preview":"max-image-preview:large","max-video-preview":"max-video-preview:-1"},"canonical":"https:\/\/www.anovapeneira.gal\/index.php\/2025\/09\/30\/a-falsa-solidariedade-co-pobo-palestino\/","og_locale":"gl_ES","og_type":"article","og_title":"A falsa solidariedade co Pobo Palestino -","og_description":"A participaci\u00f3n de unha equipa sionista en La Volta ciclista marcou un punto de inflexi\u00f3n na solidariedade contra o xenocidio do Pobo Palestino [...]","og_url":"https:\/\/www.anovapeneira.gal\/index.php\/2025\/09\/30\/a-falsa-solidariedade-co-pobo-palestino\/","article_publisher":"https:\/\/www.facebook.com\/anovapeneira","article_published_time":"2025-09-30T08:00:04+00:00","og_image":[{"width":720,"height":473,"url":"https:\/\/www.anovapeneira.gal\/wp-content\/uploads\/2019\/07\/ARTIGO_DE_OPINION_A_NOVA_PENEIRA.jpg","type":"image\/jpeg"}],"author":"Pedro M. Cortegoso Gago","twitter_card":"summary_large_image","twitter_creator":"@APeneira","twitter_site":"@APeneira","twitter_misc":{"Escrito por":"Pedro M. Cortegoso Gago","Tempo de lectura":"4 minutos"},"schema":{"@context":"https:\/\/schema.org","@graph":[{"@type":"Article","@id":"https:\/\/www.anovapeneira.gal\/index.php\/2025\/09\/30\/a-falsa-solidariedade-co-pobo-palestino\/#article","isPartOf":{"@id":"https:\/\/www.anovapeneira.gal\/index.php\/2025\/09\/30\/a-falsa-solidariedade-co-pobo-palestino\/"},"author":{"name":"Pedro M. Cortegoso Gago","@id":"https:\/\/www.anovapeneira.gal\/#\/schema\/person\/c04a9c9f722c9446e71ae434c0353337"},"headline":"A falsa solidariedade co Pobo Palestino","datePublished":"2025-09-30T08:00:04+00:00","mainEntityOfPage":{"@id":"https:\/\/www.anovapeneira.gal\/index.php\/2025\/09\/30\/a-falsa-solidariedade-co-pobo-palestino\/"},"wordCount":639,"commentCount":0,"publisher":{"@id":"https:\/\/www.anovapeneira.gal\/#organization"},"image":{"@id":"https:\/\/www.anovapeneira.gal\/index.php\/2025\/09\/30\/a-falsa-solidariedade-co-pobo-palestino\/#primaryimage"},"thumbnailUrl":"https:\/\/www.anovapeneira.gal\/wp-content\/uploads\/2019\/07\/ARTIGO_DE_OPINION_A_NOVA_PENEIRA.jpg","articleSection":["Artigos de opini\u00f3n"],"inLanguage":"gl-ES","potentialAction":[{"@type":"CommentAction","name":"Comment","target":["https:\/\/www.anovapeneira.gal\/index.php\/2025\/09\/30\/a-falsa-solidariedade-co-pobo-palestino\/#respond"]}]},{"@type":"WebPage","@id":"https:\/\/www.anovapeneira.gal\/index.php\/2025\/09\/30\/a-falsa-solidariedade-co-pobo-palestino\/","url":"https:\/\/www.anovapeneira.gal\/index.php\/2025\/09\/30\/a-falsa-solidariedade-co-pobo-palestino\/","name":"A falsa solidariedade co Pobo Palestino -","isPartOf":{"@id":"https:\/\/www.anovapeneira.gal\/#website"},"primaryImageOfPage":{"@id":"https:\/\/www.anovapeneira.gal\/index.php\/2025\/09\/30\/a-falsa-solidariedade-co-pobo-palestino\/#primaryimage"},"image":{"@id":"https:\/\/www.anovapeneira.gal\/index.php\/2025\/09\/30\/a-falsa-solidariedade-co-pobo-palestino\/#primaryimage"},"thumbnailUrl":"https:\/\/www.anovapeneira.gal\/wp-content\/uploads\/2019\/07\/ARTIGO_DE_OPINION_A_NOVA_PENEIRA.jpg","datePublished":"2025-09-30T08:00:04+00:00","breadcrumb":{"@id":"https:\/\/www.anovapeneira.gal\/index.php\/2025\/09\/30\/a-falsa-solidariedade-co-pobo-palestino\/#breadcrumb"},"inLanguage":"gl-ES","potentialAction":[{"@type":"ReadAction","target":["https:\/\/www.anovapeneira.gal\/index.php\/2025\/09\/30\/a-falsa-solidariedade-co-pobo-palestino\/"]}]},{"@type":"ImageObject","inLanguage":"gl-ES","@id":"https:\/\/www.anovapeneira.gal\/index.php\/2025\/09\/30\/a-falsa-solidariedade-co-pobo-palestino\/#primaryimage","url":"https:\/\/www.anovapeneira.gal\/wp-content\/uploads\/2019\/07\/ARTIGO_DE_OPINION_A_NOVA_PENEIRA.jpg","contentUrl":"https:\/\/www.anovapeneira.gal\/wp-content\/uploads\/2019\/07\/ARTIGO_DE_OPINION_A_NOVA_PENEIRA.jpg","width":720,"height":473,"caption":"Artigo de opini\u00f3n A Nova Peneira"},{"@type":"BreadcrumbList","@id":"https:\/\/www.anovapeneira.gal\/index.php\/2025\/09\/30\/a-falsa-solidariedade-co-pobo-palestino\/#breadcrumb","itemListElement":[{"@type":"ListItem","position":1,"name":"Portada","item":"https:\/\/www.anovapeneira.gal\/"},{"@type":"ListItem","position":2,"name":"A falsa solidariedade co Pobo Palestino"}]},{"@type":"WebSite","@id":"https:\/\/www.anovapeneira.gal\/#website","url":"https:\/\/www.anovapeneira.gal\/","name":"","description":"Xornal galego de informaci\u00f3n xeral Publicaci\u00f3n mensual de novas de Galicia e en especial dos Concellos da sur da provincia de Pontevedra.","publisher":{"@id":"https:\/\/www.anovapeneira.gal\/#organization"},"potentialAction":[{"@type":"SearchAction","target":{"@type":"EntryPoint","urlTemplate":"https:\/\/www.anovapeneira.gal\/?s={search_term_string}"},"query-input":{"@type":"PropertyValueSpecification","valueRequired":true,"valueName":"search_term_string"}}],"inLanguage":"gl-ES"},{"@type":"Organization","@id":"https:\/\/www.anovapeneira.gal\/#organization","name":"A Nova Peneira","url":"https:\/\/www.anovapeneira.gal\/","logo":{"@type":"ImageObject","inLanguage":"gl-ES","@id":"https:\/\/www.anovapeneira.gal\/#\/schema\/logo\/image\/","url":"http:\/\/www.anovapeneira.gal\/wp-content\/uploads\/2019\/06\/logo_a_nova_peneira_portal_web.png","contentUrl":"http:\/\/www.anovapeneira.gal\/wp-content\/uploads\/2019\/06\/logo_a_nova_peneira_portal_web.png","width":300,"height":100,"caption":"A Nova Peneira"},"image":{"@id":"https:\/\/www.anovapeneira.gal\/#\/schema\/logo\/image\/"},"sameAs":["https:\/\/www.facebook.com\/anovapeneira","https:\/\/x.com\/APeneira"]},{"@type":"Person","@id":"https:\/\/www.anovapeneira.gal\/#\/schema\/person\/c04a9c9f722c9446e71ae434c0353337","name":"Pedro M. Cortegoso Gago","image":{"@type":"ImageObject","inLanguage":"gl-ES","@id":"https:\/\/secure.gravatar.com\/avatar\/1613b27278a972c04db5c2f04fb2cbfa9edb58d6c3e2547817ecb8240eb58381?s=96&d=mm&r=g","url":"https:\/\/secure.gravatar.com\/avatar\/1613b27278a972c04db5c2f04fb2cbfa9edb58d6c3e2547817ecb8240eb58381?s=96&d=mm&r=g","contentUrl":"https:\/\/secure.gravatar.com\/avatar\/1613b27278a972c04db5c2f04fb2cbfa9edb58d6c3e2547817ecb8240eb58381?s=96&d=mm&r=g","caption":"Pedro M. Cortegoso Gago"},"sameAs":["http:\/\/anovapeneira.gal"],"url":"https:\/\/www.anovapeneira.gal\/index.php\/author\/opinionpcortegoso\/"}]}},"jetpack_featured_media_url":"https:\/\/www.anovapeneira.gal\/wp-content\/uploads\/2019\/07\/ARTIGO_DE_OPINION_A_NOVA_PENEIRA.jpg","_links":{"self":[{"href":"https:\/\/www.anovapeneira.gal\/index.php\/wp-json\/wp\/v2\/posts\/14720","targetHints":{"allow":["GET"]}}],"collection":[{"href":"https:\/\/www.anovapeneira.gal\/index.php\/wp-json\/wp\/v2\/posts"}],"about":[{"href":"https:\/\/www.anovapeneira.gal\/index.php\/wp-json\/wp\/v2\/types\/post"}],"author":[{"embeddable":true,"href":"https:\/\/www.anovapeneira.gal\/index.php\/wp-json\/wp\/v2\/users\/4"}],"replies":[{"embeddable":true,"href":"https:\/\/www.anovapeneira.gal\/index.php\/wp-json\/wp\/v2\/comments?post=14720"}],"version-history":[{"count":1,"href":"https:\/\/www.anovapeneira.gal\/index.php\/wp-json\/wp\/v2\/posts\/14720\/revisions"}],"predecessor-version":[{"id":14721,"href":"https:\/\/www.anovapeneira.gal\/index.php\/wp-json\/wp\/v2\/posts\/14720\/revisions\/14721"}],"wp:featuredmedia":[{"embeddable":true,"href":"https:\/\/www.anovapeneira.gal\/index.php\/wp-json\/wp\/v2\/media\/584"}],"wp:attachment":[{"href":"https:\/\/www.anovapeneira.gal\/index.php\/wp-json\/wp\/v2\/media?parent=14720"}],"wp:term":[{"taxonomy":"category","embeddable":true,"href":"https:\/\/www.anovapeneira.gal\/index.php\/wp-json\/wp\/v2\/categories?post=14720"},{"taxonomy":"post_tag","embeddable":true,"href":"https:\/\/www.anovapeneira.gal\/index.php\/wp-json\/wp\/v2\/tags?post=14720"}],"curies":[{"name":"wp","href":"https:\/\/api.w.org\/{rel}","templated":true}]}}