{"id":14733,"date":"2025-10-02T10:00:16","date_gmt":"2025-10-02T08:00:16","guid":{"rendered":"https:\/\/www.anovapeneira.gal\/?p=14733"},"modified":"2025-10-02T02:58:43","modified_gmt":"2025-10-02T00:58:43","slug":"o-pleno-da-luz-verde-a-compra-de-villa-elisa-para-albergar-a-nova-biblioteca-municipal","status":"publish","type":"post","link":"https:\/\/www.anovapeneira.gal\/index.php\/2025\/10\/02\/o-pleno-da-luz-verde-a-compra-de-villa-elisa-para-albergar-a-nova-biblioteca-municipal\/","title":{"rendered":"O pleno d\u00e1 luz verde \u00e1 compra de Villa Elisa para albergar a nova biblioteca municipal"},"content":{"rendered":"\n<p><em>&#8211; O pleno da corporaci\u00f3n aprobou a adquisici\u00f3n do c\u00e9ntrico inmoble cos votos favorables do PSdG-PSOE, BNG e AER. O grupo municipal do PP votou en contra da compra de Villa Elisa. O acordo plenario permitir\u00e1 destinar 659.000 euros do remanente de tesourer\u00eda para a compra. A alcaldesa, Digna Rivas, agradeceu o apoio dos nacionalistas par sacar adiante a proposta.<\/em><\/p>\n\n\n\n<p><em>&#8211; O obxectivo do goberno local \u00e9 trasladar a Villa Elisa a Biblioteca Municipal, salas de estudo e outros servizos municipais, ademais de habilitar nos seus xard\u00edns un espazo verde de uso p\u00fablico. Deste xeito transformarase unha ampla zona par uso p\u00fablico na r\u00faa Ernestina Otero, onde tam\u00e9n se renovar\u00e1 a co\u00f1ecida como\u201cpraza da Petanca\u201d.<\/em><\/p>\n\n\n\n<p>Redondela, 26 de setembro de 2025. O pleno da corporaci\u00f3n aprobou na sesi\u00f3n celebrada onte a adquisici\u00f3n de Villa Elisa, un inmoble de comezos do s\u00e9culo XX situado na c\u00e9ntrica r\u00faa Ernestina Otero. O acordou sa\u00edu adiante cos votos do PSdG-PSOE, BNG e AER, malia os votos en contra do PP, e permitir\u00e1 destinar 659.000 euros do remanente de tesourer\u00eda para a compra. A alcaldesa, Digna Rivas, agradeceu \u201ca altura de miras do BNG, que pensou no ben com\u00fan\u201d e reco\u00f1eceu que o seu apoio foi \u201cclave\u201d para facer realidade este proxecto. A rexedora salienta que esta compra \u00e9 algo beneficioso para toda a cidadan\u00eda: \u201ctr\u00e1tase da compra dun inmoble de gran valor patrimonial no centro da vila que ser\u00e1 de uso p\u00fablico, cun fin cultural e social\u201d. A adquisici\u00f3n de Villa Elisa permite tam\u00e9n \u201cga\u00f1ar un espazo verde anexo, aberto ao p\u00fablico, que ser\u00e1 un lugar de convivencia, lecer e tranquilidade no coraz\u00f3n da vila\u201d, explica a alcaldesa. A parcela ten uns 3.500 m2, cunha superficie constru\u00edda de m\u00e1is de 700 m2. Rivas amosouse moi satisfeita con este \u201cinvestimento estrat\u00e9xico\u201d para Redondela, que garante un servizo aos cidad\u00e1ns e preserva o patrimonio de Redondela. \u201cNon podiamos deixar escapar esta oportunidade, tendo en conta que o Concello ten capacidade econ\u00f3mica Concello para adquirir o edificio\u201d, apunta a alcaldesa. Roberto Villar, concelleiro de Infraestruturas e Sostibilidade, fixo fincap\u00e9 no apoio social da proposta \u201cque conta co respaldo maioritario da veci\u00f1anza\u201d.<\/p>\n\n\n\n<p>O goberno local lamentou a negativa do grupo popular a unha proposta que \u00e9 \u201cmoi positiva para o conxunto da cidadan\u00eda\u201d.<\/p>\n\n\n\n<p>A adquisici\u00f3n de Villa Elisa vai permitir transformar un gran espazo no centro da vila, na avenida Ernestina Otero, onde o Concello ten en marcha xa a renovaci\u00f3n da co\u00f1ecida como \u201cpraza da Petanca\u201d. Este espazo de 2.300 m2 acoller\u00e1 unha nova \u00e1rea cultural e de lecer cunha praza renovada, auditorio ao aire libre e un ascensor que conectar\u00e1 coa parte alta da r\u00faa Subida \u00e1 Estaci\u00f3n. Estas obras realizaranse a trav\u00e9s do Plan Extra da Deputaci\u00f3n. O edificio \u201cGranxa da Lima\u201d, adquirido por Zona Franca, acoller\u00e1 un viveiro de empresas.<\/p>\n","protected":false},"excerpt":{"rendered":"<div class=\"mh-excerpt\"><p>O pleno da corporaci\u00f3n aprobou a adquisici\u00f3n do c\u00e9ntrico inmoble cos votos favorables do PSdG-PSOE, BNG e AER <a class=\"mh-excerpt-more\" href=\"https:\/\/www.anovapeneira.gal\/index.php\/2025\/10\/02\/o-pleno-da-luz-verde-a-compra-de-villa-elisa-para-albergar-a-nova-biblioteca-municipal\/\" title=\"O pleno d\u00e1 luz verde \u00e1 compra de Villa Elisa para albergar a nova biblioteca municipal\">[&#8230;]<\/a><\/p>\n<\/div>","protected":false},"author":3,"featured_media":14734,"comment_status":"open","ping_status":"open","sticky":false,"template":"","format":"standard","meta":{"_exactmetrics_skip_tracking":false,"_exactmetrics_sitenote_active":false,"_exactmetrics_sitenote_note":"","_exactmetrics_sitenote_category":0,"footnotes":""},"categories":[24],"tags":[171],"class_list":{"0":"post-14733","1":"post","2":"type-post","3":"status-publish","4":"format-standard","5":"has-post-thumbnail","7":"category-redondela","8":"tag-concello-de-redondela"},"yoast_head":"<!-- This site is optimized with the Yoast SEO plugin v27.4 - https:\/\/yoast.com\/product\/yoast-seo-wordpress\/ -->\n<title>O pleno d\u00e1 luz verde \u00e1 compra de Villa Elisa para albergar a nova biblioteca municipal -<\/title>\n<meta name=\"robots\" content=\"index, follow, max-snippet:-1, max-image-preview:large, max-video-preview:-1\" \/>\n<link rel=\"canonical\" href=\"https:\/\/www.anovapeneira.gal\/index.php\/2025\/10\/02\/o-pleno-da-luz-verde-a-compra-de-villa-elisa-para-albergar-a-nova-biblioteca-municipal\/\" \/>\n<meta property=\"og:locale\" content=\"gl_ES\" \/>\n<meta property=\"og:type\" content=\"article\" \/>\n<meta property=\"og:title\" content=\"O pleno d\u00e1 luz verde \u00e1 compra de Villa Elisa para albergar a nova biblioteca municipal -\" \/>\n<meta property=\"og:description\" content=\"O pleno da corporaci\u00f3n aprobou a adquisici\u00f3n do c\u00e9ntrico inmoble cos votos favorables do PSdG-PSOE, BNG e AER [...]\" \/>\n<meta property=\"og:url\" content=\"https:\/\/www.anovapeneira.gal\/index.php\/2025\/10\/02\/o-pleno-da-luz-verde-a-compra-de-villa-elisa-para-albergar-a-nova-biblioteca-municipal\/\" \/>\n<meta property=\"article:publisher\" content=\"https:\/\/www.facebook.com\/anovapeneira\" \/>\n<meta property=\"article:published_time\" content=\"2025-10-02T08:00:16+00:00\" \/>\n<meta property=\"og:image\" content=\"https:\/\/www.anovapeneira.gal\/wp-content\/uploads\/2025\/10\/villa_elisa.jpg\" \/>\n\t<meta property=\"og:image:width\" content=\"1840\" \/>\n\t<meta property=\"og:image:height\" content=\"1104\" \/>\n\t<meta property=\"og:image:type\" content=\"image\/jpeg\" \/>\n<meta name=\"author\" content=\"Redacci\u00f3n A Nova Peneira\" \/>\n<meta name=\"twitter:card\" content=\"summary_large_image\" \/>\n<meta name=\"twitter:creator\" content=\"@APeneira\" \/>\n<meta name=\"twitter:site\" content=\"@APeneira\" \/>\n<meta name=\"twitter:label1\" content=\"Escrito por\" \/>\n\t<meta name=\"twitter:data1\" content=\"Redacci\u00f3n A Nova Peneira\" \/>\n\t<meta name=\"twitter:label2\" content=\"Tempo de lectura\" \/>\n\t<meta name=\"twitter:data2\" content=\"3 minutos\" \/>\n<script type=\"application\/ld+json\" class=\"yoast-schema-graph\">{\"@context\":\"https:\\\/\\\/schema.org\",\"@graph\":[{\"@type\":\"Article\",\"@id\":\"https:\\\/\\\/www.anovapeneira.gal\\\/index.php\\\/2025\\\/10\\\/02\\\/o-pleno-da-luz-verde-a-compra-de-villa-elisa-para-albergar-a-nova-biblioteca-municipal\\\/#article\",\"isPartOf\":{\"@id\":\"https:\\\/\\\/www.anovapeneira.gal\\\/index.php\\\/2025\\\/10\\\/02\\\/o-pleno-da-luz-verde-a-compra-de-villa-elisa-para-albergar-a-nova-biblioteca-municipal\\\/\"},\"author\":{\"name\":\"Redacci\u00f3n A Nova Peneira\",\"@id\":\"https:\\\/\\\/www.anovapeneira.gal\\\/#\\\/schema\\\/person\\\/b93e3f8932e3f8da96334607eb6ac6aa\"},\"headline\":\"O pleno d\u00e1 luz verde \u00e1 compra de Villa Elisa para albergar a nova biblioteca municipal\",\"datePublished\":\"2025-10-02T08:00:16+00:00\",\"mainEntityOfPage\":{\"@id\":\"https:\\\/\\\/www.anovapeneira.gal\\\/index.php\\\/2025\\\/10\\\/02\\\/o-pleno-da-luz-verde-a-compra-de-villa-elisa-para-albergar-a-nova-biblioteca-municipal\\\/\"},\"wordCount\":513,\"commentCount\":0,\"publisher\":{\"@id\":\"https:\\\/\\\/www.anovapeneira.gal\\\/#organization\"},\"image\":{\"@id\":\"https:\\\/\\\/www.anovapeneira.gal\\\/index.php\\\/2025\\\/10\\\/02\\\/o-pleno-da-luz-verde-a-compra-de-villa-elisa-para-albergar-a-nova-biblioteca-municipal\\\/#primaryimage\"},\"thumbnailUrl\":\"https:\\\/\\\/www.anovapeneira.gal\\\/wp-content\\\/uploads\\\/2025\\\/10\\\/villa_elisa.jpg\",\"keywords\":[\"Concello de Redondela\"],\"articleSection\":[\"Redondela\"],\"inLanguage\":\"gl-ES\",\"potentialAction\":[{\"@type\":\"CommentAction\",\"name\":\"Comment\",\"target\":[\"https:\\\/\\\/www.anovapeneira.gal\\\/index.php\\\/2025\\\/10\\\/02\\\/o-pleno-da-luz-verde-a-compra-de-villa-elisa-para-albergar-a-nova-biblioteca-municipal\\\/#respond\"]}]},{\"@type\":\"WebPage\",\"@id\":\"https:\\\/\\\/www.anovapeneira.gal\\\/index.php\\\/2025\\\/10\\\/02\\\/o-pleno-da-luz-verde-a-compra-de-villa-elisa-para-albergar-a-nova-biblioteca-municipal\\\/\",\"url\":\"https:\\\/\\\/www.anovapeneira.gal\\\/index.php\\\/2025\\\/10\\\/02\\\/o-pleno-da-luz-verde-a-compra-de-villa-elisa-para-albergar-a-nova-biblioteca-municipal\\\/\",\"name\":\"O pleno d\u00e1 luz verde \u00e1 compra de Villa Elisa para albergar a nova biblioteca municipal -\",\"isPartOf\":{\"@id\":\"https:\\\/\\\/www.anovapeneira.gal\\\/#website\"},\"primaryImageOfPage\":{\"@id\":\"https:\\\/\\\/www.anovapeneira.gal\\\/index.php\\\/2025\\\/10\\\/02\\\/o-pleno-da-luz-verde-a-compra-de-villa-elisa-para-albergar-a-nova-biblioteca-municipal\\\/#primaryimage\"},\"image\":{\"@id\":\"https:\\\/\\\/www.anovapeneira.gal\\\/index.php\\\/2025\\\/10\\\/02\\\/o-pleno-da-luz-verde-a-compra-de-villa-elisa-para-albergar-a-nova-biblioteca-municipal\\\/#primaryimage\"},\"thumbnailUrl\":\"https:\\\/\\\/www.anovapeneira.gal\\\/wp-content\\\/uploads\\\/2025\\\/10\\\/villa_elisa.jpg\",\"datePublished\":\"2025-10-02T08:00:16+00:00\",\"breadcrumb\":{\"@id\":\"https:\\\/\\\/www.anovapeneira.gal\\\/index.php\\\/2025\\\/10\\\/02\\\/o-pleno-da-luz-verde-a-compra-de-villa-elisa-para-albergar-a-nova-biblioteca-municipal\\\/#breadcrumb\"},\"inLanguage\":\"gl-ES\",\"potentialAction\":[{\"@type\":\"ReadAction\",\"target\":[\"https:\\\/\\\/www.anovapeneira.gal\\\/index.php\\\/2025\\\/10\\\/02\\\/o-pleno-da-luz-verde-a-compra-de-villa-elisa-para-albergar-a-nova-biblioteca-municipal\\\/\"]}]},{\"@type\":\"ImageObject\",\"inLanguage\":\"gl-ES\",\"@id\":\"https:\\\/\\\/www.anovapeneira.gal\\\/index.php\\\/2025\\\/10\\\/02\\\/o-pleno-da-luz-verde-a-compra-de-villa-elisa-para-albergar-a-nova-biblioteca-municipal\\\/#primaryimage\",\"url\":\"https:\\\/\\\/www.anovapeneira.gal\\\/wp-content\\\/uploads\\\/2025\\\/10\\\/villa_elisa.jpg\",\"contentUrl\":\"https:\\\/\\\/www.anovapeneira.gal\\\/wp-content\\\/uploads\\\/2025\\\/10\\\/villa_elisa.jpg\",\"width\":1840,\"height\":1104},{\"@type\":\"BreadcrumbList\",\"@id\":\"https:\\\/\\\/www.anovapeneira.gal\\\/index.php\\\/2025\\\/10\\\/02\\\/o-pleno-da-luz-verde-a-compra-de-villa-elisa-para-albergar-a-nova-biblioteca-municipal\\\/#breadcrumb\",\"itemListElement\":[{\"@type\":\"ListItem\",\"position\":1,\"name\":\"Portada\",\"item\":\"https:\\\/\\\/www.anovapeneira.gal\\\/\"},{\"@type\":\"ListItem\",\"position\":2,\"name\":\"O pleno d\u00e1 luz verde \u00e1 compra de Villa Elisa para albergar a nova biblioteca municipal\"}]},{\"@type\":\"WebSite\",\"@id\":\"https:\\\/\\\/www.anovapeneira.gal\\\/#website\",\"url\":\"https:\\\/\\\/www.anovapeneira.gal\\\/\",\"name\":\"\",\"description\":\"Xornal galego de informaci\u00f3n xeral Publicaci\u00f3n mensual de novas de Galicia e en especial dos Concellos da sur da provincia de Pontevedra.\",\"publisher\":{\"@id\":\"https:\\\/\\\/www.anovapeneira.gal\\\/#organization\"},\"potentialAction\":[{\"@type\":\"SearchAction\",\"target\":{\"@type\":\"EntryPoint\",\"urlTemplate\":\"https:\\\/\\\/www.anovapeneira.gal\\\/?s={search_term_string}\"},\"query-input\":{\"@type\":\"PropertyValueSpecification\",\"valueRequired\":true,\"valueName\":\"search_term_string\"}}],\"inLanguage\":\"gl-ES\"},{\"@type\":\"Organization\",\"@id\":\"https:\\\/\\\/www.anovapeneira.gal\\\/#organization\",\"name\":\"A Nova Peneira\",\"url\":\"https:\\\/\\\/www.anovapeneira.gal\\\/\",\"logo\":{\"@type\":\"ImageObject\",\"inLanguage\":\"gl-ES\",\"@id\":\"https:\\\/\\\/www.anovapeneira.gal\\\/#\\\/schema\\\/logo\\\/image\\\/\",\"url\":\"http:\\\/\\\/www.anovapeneira.gal\\\/wp-content\\\/uploads\\\/2019\\\/06\\\/logo_a_nova_peneira_portal_web.png\",\"contentUrl\":\"http:\\\/\\\/www.anovapeneira.gal\\\/wp-content\\\/uploads\\\/2019\\\/06\\\/logo_a_nova_peneira_portal_web.png\",\"width\":300,\"height\":100,\"caption\":\"A Nova Peneira\"},\"image\":{\"@id\":\"https:\\\/\\\/www.anovapeneira.gal\\\/#\\\/schema\\\/logo\\\/image\\\/\"},\"sameAs\":[\"https:\\\/\\\/www.facebook.com\\\/anovapeneira\",\"https:\\\/\\\/x.com\\\/APeneira\"]},{\"@type\":\"Person\",\"@id\":\"https:\\\/\\\/www.anovapeneira.gal\\\/#\\\/schema\\\/person\\\/b93e3f8932e3f8da96334607eb6ac6aa\",\"name\":\"Redacci\u00f3n A Nova Peneira\",\"image\":{\"@type\":\"ImageObject\",\"inLanguage\":\"gl-ES\",\"@id\":\"https:\\\/\\\/secure.gravatar.com\\\/avatar\\\/c052a2551a06e23fac63626232eaa90abd78dbcf1700fc46a2b2c89fd27b735f?s=96&d=mm&r=g\",\"url\":\"https:\\\/\\\/secure.gravatar.com\\\/avatar\\\/c052a2551a06e23fac63626232eaa90abd78dbcf1700fc46a2b2c89fd27b735f?s=96&d=mm&r=g\",\"contentUrl\":\"https:\\\/\\\/secure.gravatar.com\\\/avatar\\\/c052a2551a06e23fac63626232eaa90abd78dbcf1700fc46a2b2c89fd27b735f?s=96&d=mm&r=g\",\"caption\":\"Redacci\u00f3n A Nova Peneira\"},\"sameAs\":[\"http:\\\/\\\/www.anovapeneira.gal\\\/\"],\"url\":\"https:\\\/\\\/www.anovapeneira.gal\\\/index.php\\\/author\\\/redactor\\\/\"}]}<\/script>\n<!-- \/ Yoast SEO plugin. -->","yoast_head_json":{"title":"O pleno d\u00e1 luz verde \u00e1 compra de Villa Elisa para albergar a nova biblioteca municipal -","robots":{"index":"index","follow":"follow","max-snippet":"max-snippet:-1","max-image-preview":"max-image-preview:large","max-video-preview":"max-video-preview:-1"},"canonical":"https:\/\/www.anovapeneira.gal\/index.php\/2025\/10\/02\/o-pleno-da-luz-verde-a-compra-de-villa-elisa-para-albergar-a-nova-biblioteca-municipal\/","og_locale":"gl_ES","og_type":"article","og_title":"O pleno d\u00e1 luz verde \u00e1 compra de Villa Elisa para albergar a nova biblioteca municipal -","og_description":"O pleno da corporaci\u00f3n aprobou a adquisici\u00f3n do c\u00e9ntrico inmoble cos votos favorables do PSdG-PSOE, BNG e AER [...]","og_url":"https:\/\/www.anovapeneira.gal\/index.php\/2025\/10\/02\/o-pleno-da-luz-verde-a-compra-de-villa-elisa-para-albergar-a-nova-biblioteca-municipal\/","article_publisher":"https:\/\/www.facebook.com\/anovapeneira","article_published_time":"2025-10-02T08:00:16+00:00","og_image":[{"width":1840,"height":1104,"url":"https:\/\/www.anovapeneira.gal\/wp-content\/uploads\/2025\/10\/villa_elisa.jpg","type":"image\/jpeg"}],"author":"Redacci\u00f3n A Nova Peneira","twitter_card":"summary_large_image","twitter_creator":"@APeneira","twitter_site":"@APeneira","twitter_misc":{"Escrito por":"Redacci\u00f3n A Nova Peneira","Tempo de lectura":"3 minutos"},"schema":{"@context":"https:\/\/schema.org","@graph":[{"@type":"Article","@id":"https:\/\/www.anovapeneira.gal\/index.php\/2025\/10\/02\/o-pleno-da-luz-verde-a-compra-de-villa-elisa-para-albergar-a-nova-biblioteca-municipal\/#article","isPartOf":{"@id":"https:\/\/www.anovapeneira.gal\/index.php\/2025\/10\/02\/o-pleno-da-luz-verde-a-compra-de-villa-elisa-para-albergar-a-nova-biblioteca-municipal\/"},"author":{"name":"Redacci\u00f3n A Nova Peneira","@id":"https:\/\/www.anovapeneira.gal\/#\/schema\/person\/b93e3f8932e3f8da96334607eb6ac6aa"},"headline":"O pleno d\u00e1 luz verde \u00e1 compra de Villa Elisa para albergar a nova biblioteca municipal","datePublished":"2025-10-02T08:00:16+00:00","mainEntityOfPage":{"@id":"https:\/\/www.anovapeneira.gal\/index.php\/2025\/10\/02\/o-pleno-da-luz-verde-a-compra-de-villa-elisa-para-albergar-a-nova-biblioteca-municipal\/"},"wordCount":513,"commentCount":0,"publisher":{"@id":"https:\/\/www.anovapeneira.gal\/#organization"},"image":{"@id":"https:\/\/www.anovapeneira.gal\/index.php\/2025\/10\/02\/o-pleno-da-luz-verde-a-compra-de-villa-elisa-para-albergar-a-nova-biblioteca-municipal\/#primaryimage"},"thumbnailUrl":"https:\/\/www.anovapeneira.gal\/wp-content\/uploads\/2025\/10\/villa_elisa.jpg","keywords":["Concello de Redondela"],"articleSection":["Redondela"],"inLanguage":"gl-ES","potentialAction":[{"@type":"CommentAction","name":"Comment","target":["https:\/\/www.anovapeneira.gal\/index.php\/2025\/10\/02\/o-pleno-da-luz-verde-a-compra-de-villa-elisa-para-albergar-a-nova-biblioteca-municipal\/#respond"]}]},{"@type":"WebPage","@id":"https:\/\/www.anovapeneira.gal\/index.php\/2025\/10\/02\/o-pleno-da-luz-verde-a-compra-de-villa-elisa-para-albergar-a-nova-biblioteca-municipal\/","url":"https:\/\/www.anovapeneira.gal\/index.php\/2025\/10\/02\/o-pleno-da-luz-verde-a-compra-de-villa-elisa-para-albergar-a-nova-biblioteca-municipal\/","name":"O pleno d\u00e1 luz verde \u00e1 compra de Villa Elisa para albergar a nova biblioteca municipal -","isPartOf":{"@id":"https:\/\/www.anovapeneira.gal\/#website"},"primaryImageOfPage":{"@id":"https:\/\/www.anovapeneira.gal\/index.php\/2025\/10\/02\/o-pleno-da-luz-verde-a-compra-de-villa-elisa-para-albergar-a-nova-biblioteca-municipal\/#primaryimage"},"image":{"@id":"https:\/\/www.anovapeneira.gal\/index.php\/2025\/10\/02\/o-pleno-da-luz-verde-a-compra-de-villa-elisa-para-albergar-a-nova-biblioteca-municipal\/#primaryimage"},"thumbnailUrl":"https:\/\/www.anovapeneira.gal\/wp-content\/uploads\/2025\/10\/villa_elisa.jpg","datePublished":"2025-10-02T08:00:16+00:00","breadcrumb":{"@id":"https:\/\/www.anovapeneira.gal\/index.php\/2025\/10\/02\/o-pleno-da-luz-verde-a-compra-de-villa-elisa-para-albergar-a-nova-biblioteca-municipal\/#breadcrumb"},"inLanguage":"gl-ES","potentialAction":[{"@type":"ReadAction","target":["https:\/\/www.anovapeneira.gal\/index.php\/2025\/10\/02\/o-pleno-da-luz-verde-a-compra-de-villa-elisa-para-albergar-a-nova-biblioteca-municipal\/"]}]},{"@type":"ImageObject","inLanguage":"gl-ES","@id":"https:\/\/www.anovapeneira.gal\/index.php\/2025\/10\/02\/o-pleno-da-luz-verde-a-compra-de-villa-elisa-para-albergar-a-nova-biblioteca-municipal\/#primaryimage","url":"https:\/\/www.anovapeneira.gal\/wp-content\/uploads\/2025\/10\/villa_elisa.jpg","contentUrl":"https:\/\/www.anovapeneira.gal\/wp-content\/uploads\/2025\/10\/villa_elisa.jpg","width":1840,"height":1104},{"@type":"BreadcrumbList","@id":"https:\/\/www.anovapeneira.gal\/index.php\/2025\/10\/02\/o-pleno-da-luz-verde-a-compra-de-villa-elisa-para-albergar-a-nova-biblioteca-municipal\/#breadcrumb","itemListElement":[{"@type":"ListItem","position":1,"name":"Portada","item":"https:\/\/www.anovapeneira.gal\/"},{"@type":"ListItem","position":2,"name":"O pleno d\u00e1 luz verde \u00e1 compra de Villa Elisa para albergar a nova biblioteca municipal"}]},{"@type":"WebSite","@id":"https:\/\/www.anovapeneira.gal\/#website","url":"https:\/\/www.anovapeneira.gal\/","name":"","description":"Xornal galego de informaci\u00f3n xeral Publicaci\u00f3n mensual de novas de Galicia e en especial dos Concellos da sur da provincia de Pontevedra.","publisher":{"@id":"https:\/\/www.anovapeneira.gal\/#organization"},"potentialAction":[{"@type":"SearchAction","target":{"@type":"EntryPoint","urlTemplate":"https:\/\/www.anovapeneira.gal\/?s={search_term_string}"},"query-input":{"@type":"PropertyValueSpecification","valueRequired":true,"valueName":"search_term_string"}}],"inLanguage":"gl-ES"},{"@type":"Organization","@id":"https:\/\/www.anovapeneira.gal\/#organization","name":"A Nova Peneira","url":"https:\/\/www.anovapeneira.gal\/","logo":{"@type":"ImageObject","inLanguage":"gl-ES","@id":"https:\/\/www.anovapeneira.gal\/#\/schema\/logo\/image\/","url":"http:\/\/www.anovapeneira.gal\/wp-content\/uploads\/2019\/06\/logo_a_nova_peneira_portal_web.png","contentUrl":"http:\/\/www.anovapeneira.gal\/wp-content\/uploads\/2019\/06\/logo_a_nova_peneira_portal_web.png","width":300,"height":100,"caption":"A Nova Peneira"},"image":{"@id":"https:\/\/www.anovapeneira.gal\/#\/schema\/logo\/image\/"},"sameAs":["https:\/\/www.facebook.com\/anovapeneira","https:\/\/x.com\/APeneira"]},{"@type":"Person","@id":"https:\/\/www.anovapeneira.gal\/#\/schema\/person\/b93e3f8932e3f8da96334607eb6ac6aa","name":"Redacci\u00f3n A Nova Peneira","image":{"@type":"ImageObject","inLanguage":"gl-ES","@id":"https:\/\/secure.gravatar.com\/avatar\/c052a2551a06e23fac63626232eaa90abd78dbcf1700fc46a2b2c89fd27b735f?s=96&d=mm&r=g","url":"https:\/\/secure.gravatar.com\/avatar\/c052a2551a06e23fac63626232eaa90abd78dbcf1700fc46a2b2c89fd27b735f?s=96&d=mm&r=g","contentUrl":"https:\/\/secure.gravatar.com\/avatar\/c052a2551a06e23fac63626232eaa90abd78dbcf1700fc46a2b2c89fd27b735f?s=96&d=mm&r=g","caption":"Redacci\u00f3n A Nova Peneira"},"sameAs":["http:\/\/www.anovapeneira.gal\/"],"url":"https:\/\/www.anovapeneira.gal\/index.php\/author\/redactor\/"}]}},"jetpack_featured_media_url":"https:\/\/www.anovapeneira.gal\/wp-content\/uploads\/2025\/10\/villa_elisa.jpg","_links":{"self":[{"href":"https:\/\/www.anovapeneira.gal\/index.php\/wp-json\/wp\/v2\/posts\/14733","targetHints":{"allow":["GET"]}}],"collection":[{"href":"https:\/\/www.anovapeneira.gal\/index.php\/wp-json\/wp\/v2\/posts"}],"about":[{"href":"https:\/\/www.anovapeneira.gal\/index.php\/wp-json\/wp\/v2\/types\/post"}],"author":[{"embeddable":true,"href":"https:\/\/www.anovapeneira.gal\/index.php\/wp-json\/wp\/v2\/users\/3"}],"replies":[{"embeddable":true,"href":"https:\/\/www.anovapeneira.gal\/index.php\/wp-json\/wp\/v2\/comments?post=14733"}],"version-history":[{"count":1,"href":"https:\/\/www.anovapeneira.gal\/index.php\/wp-json\/wp\/v2\/posts\/14733\/revisions"}],"predecessor-version":[{"id":14735,"href":"https:\/\/www.anovapeneira.gal\/index.php\/wp-json\/wp\/v2\/posts\/14733\/revisions\/14735"}],"wp:featuredmedia":[{"embeddable":true,"href":"https:\/\/www.anovapeneira.gal\/index.php\/wp-json\/wp\/v2\/media\/14734"}],"wp:attachment":[{"href":"https:\/\/www.anovapeneira.gal\/index.php\/wp-json\/wp\/v2\/media?parent=14733"}],"wp:term":[{"taxonomy":"category","embeddable":true,"href":"https:\/\/www.anovapeneira.gal\/index.php\/wp-json\/wp\/v2\/categories?post=14733"},{"taxonomy":"post_tag","embeddable":true,"href":"https:\/\/www.anovapeneira.gal\/index.php\/wp-json\/wp\/v2\/tags?post=14733"}],"curies":[{"name":"wp","href":"https:\/\/api.w.org\/{rel}","templated":true}]}}