{"id":14736,"date":"2025-10-02T12:00:07","date_gmt":"2025-10-02T10:00:07","guid":{"rendered":"https:\/\/www.anovapeneira.gal\/?p=14736"},"modified":"2025-10-02T03:02:38","modified_gmt":"2025-10-02T01:02:38","slug":"roberto-carrero-pon-en-risco-unha-subvencion-de-un-millon-e-medio-de-euros-para-a-piscina-municipal","status":"publish","type":"post","link":"https:\/\/www.anovapeneira.gal\/index.php\/2025\/10\/02\/roberto-carrero-pon-en-risco-unha-subvencion-de-un-millon-e-medio-de-euros-para-a-piscina-municipal\/","title":{"rendered":"Roberto Carrero pon en risco unha subvenci\u00f3n de un mill\u00f3n e medio de euros para a piscina municipal"},"content":{"rendered":"\n<h2 class=\"wp-block-heading\"><strong>Anxo Baz (BNG):\u201dA incapacidade para xestionar a reforma da piscina evidencia que Roberto Carrero \u00e9 un lastre para o futuro da Guarda\u201d<\/strong><\/h2>\n\n\n\n<p>O Concello da Guarda est\u00e1 a piques de perder unha subvenci\u00f3n de un mill\u00f3n e medio de euros de fondos europeos para a reforma integral da piscina municipal.<\/p>\n\n\n\n<p>O incumprimento de prazos, a ausencia de xesti\u00f3n, e a incompetencia que caracteriza ao goberno do PP de Carrero e Fari\u00f1as provocou que a d\u00eda de hoxe estea paralizada a licitaci\u00f3n da obra que ter\u00eda que estar rematada en marzo de 2026.<\/p>\n\n\n\n<p>O portavoz municipal do BNG na Guarda, Anxo Baz manifestou \u201da pesar das m\u00faltiples advertencias e chamadas de atenci\u00f3n que lle temos feito desde a oposici\u00f3n, nomeadamente desde o BNG, o desinterese e a ineptitude do goberno de Roberto Carrero, levounos a esta situaci\u00f3n na que estamos a piques de perder nada menos que un mill\u00f3n e medio de euros e po\u00f1endo en perigo o futuro da piscina. Con dous anos e medio de marxe e unha subvenci\u00f3n tan importante, calquera goberno minimamente adicado \u00e1s s\u00faas funci\u00f3ns, ter\u00eda o proxecto en fase de execuci\u00f3n\u201d.<\/p>\n\n\n\n<p>O nacionalista conclu\u00edu a s\u00faa intervenci\u00f3n dicindo\u201d estamos diante dun episodio de absoluta vergo\u00f1a, a incapacidade para xestionar a reforma da piscina municipal evidencia unha vez m\u00e1is que Roberto Carrero \u00e9 un lastre para o futuro da Guarda\u201d.<\/p>\n","protected":false},"excerpt":{"rendered":"<div class=\"mh-excerpt\"><p>Anxo Baz (BNG):\u201dA incapacidade para xestionar a reforma da piscina evidencia que Roberto Carrero \u00e9 un lastre para o futuro da Guarda\u201d <a class=\"mh-excerpt-more\" href=\"https:\/\/www.anovapeneira.gal\/index.php\/2025\/10\/02\/roberto-carrero-pon-en-risco-unha-subvencion-de-un-millon-e-medio-de-euros-para-a-piscina-municipal\/\" title=\"Roberto Carrero pon en risco unha subvenci\u00f3n de un mill\u00f3n e medio de euros para a piscina municipal\">[&#8230;]<\/a><\/p>\n<\/div>","protected":false},"author":3,"featured_media":14737,"comment_status":"open","ping_status":"open","sticky":false,"template":"","format":"standard","meta":{"_exactmetrics_skip_tracking":false,"_exactmetrics_sitenote_active":false,"_exactmetrics_sitenote_note":"","_exactmetrics_sitenote_category":0,"footnotes":""},"categories":[21],"tags":[1157],"class_list":{"0":"post-14736","1":"post","2":"type-post","3":"status-publish","4":"format-standard","5":"has-post-thumbnail","7":"category-baixo-mino","8":"tag-concello-de-a-guarda"},"yoast_head":"<!-- This site is optimized with the Yoast SEO plugin v27.4 - https:\/\/yoast.com\/product\/yoast-seo-wordpress\/ -->\n<title>Roberto Carrero pon en risco unha subvenci\u00f3n de un mill\u00f3n e medio de euros para a piscina municipal -<\/title>\n<meta name=\"robots\" content=\"index, follow, max-snippet:-1, max-image-preview:large, max-video-preview:-1\" \/>\n<link rel=\"canonical\" href=\"https:\/\/www.anovapeneira.gal\/index.php\/2025\/10\/02\/roberto-carrero-pon-en-risco-unha-subvencion-de-un-millon-e-medio-de-euros-para-a-piscina-municipal\/\" \/>\n<meta property=\"og:locale\" content=\"gl_ES\" \/>\n<meta property=\"og:type\" content=\"article\" \/>\n<meta property=\"og:title\" content=\"Roberto Carrero pon en risco unha subvenci\u00f3n de un mill\u00f3n e medio de euros para a piscina municipal -\" \/>\n<meta property=\"og:description\" content=\"Anxo Baz (BNG):\u201dA incapacidade para xestionar a reforma da piscina evidencia que Roberto Carrero \u00e9 un lastre para o futuro da Guarda\u201d [...]\" \/>\n<meta property=\"og:url\" content=\"https:\/\/www.anovapeneira.gal\/index.php\/2025\/10\/02\/roberto-carrero-pon-en-risco-unha-subvencion-de-un-millon-e-medio-de-euros-para-a-piscina-municipal\/\" \/>\n<meta property=\"article:publisher\" content=\"https:\/\/www.facebook.com\/anovapeneira\" \/>\n<meta property=\"article:published_time\" content=\"2025-10-02T10:00:07+00:00\" \/>\n<meta property=\"og:image\" content=\"https:\/\/www.anovapeneira.gal\/wp-content\/uploads\/2025\/10\/piscinas_a_guarda.jpg\" \/>\n\t<meta property=\"og:image:width\" content=\"2040\" \/>\n\t<meta property=\"og:image:height\" content=\"1224\" \/>\n\t<meta property=\"og:image:type\" content=\"image\/jpeg\" \/>\n<meta name=\"author\" content=\"Redacci\u00f3n A Nova Peneira\" \/>\n<meta name=\"twitter:card\" content=\"summary_large_image\" \/>\n<meta name=\"twitter:creator\" content=\"@APeneira\" \/>\n<meta name=\"twitter:site\" content=\"@APeneira\" \/>\n<meta name=\"twitter:label1\" content=\"Escrito por\" \/>\n\t<meta name=\"twitter:data1\" content=\"Redacci\u00f3n A Nova Peneira\" \/>\n\t<meta name=\"twitter:label2\" content=\"Tempo de lectura\" \/>\n\t<meta name=\"twitter:data2\" content=\"2 minutos\" \/>\n<script type=\"application\/ld+json\" class=\"yoast-schema-graph\">{\"@context\":\"https:\\\/\\\/schema.org\",\"@graph\":[{\"@type\":\"Article\",\"@id\":\"https:\\\/\\\/www.anovapeneira.gal\\\/index.php\\\/2025\\\/10\\\/02\\\/roberto-carrero-pon-en-risco-unha-subvencion-de-un-millon-e-medio-de-euros-para-a-piscina-municipal\\\/#article\",\"isPartOf\":{\"@id\":\"https:\\\/\\\/www.anovapeneira.gal\\\/index.php\\\/2025\\\/10\\\/02\\\/roberto-carrero-pon-en-risco-unha-subvencion-de-un-millon-e-medio-de-euros-para-a-piscina-municipal\\\/\"},\"author\":{\"name\":\"Redacci\u00f3n A Nova Peneira\",\"@id\":\"https:\\\/\\\/www.anovapeneira.gal\\\/#\\\/schema\\\/person\\\/b93e3f8932e3f8da96334607eb6ac6aa\"},\"headline\":\"Roberto Carrero pon en risco unha subvenci\u00f3n de un mill\u00f3n e medio de euros para a piscina municipal\",\"datePublished\":\"2025-10-02T10:00:07+00:00\",\"mainEntityOfPage\":{\"@id\":\"https:\\\/\\\/www.anovapeneira.gal\\\/index.php\\\/2025\\\/10\\\/02\\\/roberto-carrero-pon-en-risco-unha-subvencion-de-un-millon-e-medio-de-euros-para-a-piscina-municipal\\\/\"},\"wordCount\":265,\"commentCount\":0,\"publisher\":{\"@id\":\"https:\\\/\\\/www.anovapeneira.gal\\\/#organization\"},\"image\":{\"@id\":\"https:\\\/\\\/www.anovapeneira.gal\\\/index.php\\\/2025\\\/10\\\/02\\\/roberto-carrero-pon-en-risco-unha-subvencion-de-un-millon-e-medio-de-euros-para-a-piscina-municipal\\\/#primaryimage\"},\"thumbnailUrl\":\"https:\\\/\\\/www.anovapeneira.gal\\\/wp-content\\\/uploads\\\/2025\\\/10\\\/piscinas_a_guarda.jpg\",\"keywords\":[\"Concello de A Guarda\"],\"articleSection\":[\"Baixo Mi\u00f1o\"],\"inLanguage\":\"gl-ES\",\"potentialAction\":[{\"@type\":\"CommentAction\",\"name\":\"Comment\",\"target\":[\"https:\\\/\\\/www.anovapeneira.gal\\\/index.php\\\/2025\\\/10\\\/02\\\/roberto-carrero-pon-en-risco-unha-subvencion-de-un-millon-e-medio-de-euros-para-a-piscina-municipal\\\/#respond\"]}]},{\"@type\":\"WebPage\",\"@id\":\"https:\\\/\\\/www.anovapeneira.gal\\\/index.php\\\/2025\\\/10\\\/02\\\/roberto-carrero-pon-en-risco-unha-subvencion-de-un-millon-e-medio-de-euros-para-a-piscina-municipal\\\/\",\"url\":\"https:\\\/\\\/www.anovapeneira.gal\\\/index.php\\\/2025\\\/10\\\/02\\\/roberto-carrero-pon-en-risco-unha-subvencion-de-un-millon-e-medio-de-euros-para-a-piscina-municipal\\\/\",\"name\":\"Roberto Carrero pon en risco unha subvenci\u00f3n de un mill\u00f3n e medio de euros para a piscina municipal -\",\"isPartOf\":{\"@id\":\"https:\\\/\\\/www.anovapeneira.gal\\\/#website\"},\"primaryImageOfPage\":{\"@id\":\"https:\\\/\\\/www.anovapeneira.gal\\\/index.php\\\/2025\\\/10\\\/02\\\/roberto-carrero-pon-en-risco-unha-subvencion-de-un-millon-e-medio-de-euros-para-a-piscina-municipal\\\/#primaryimage\"},\"image\":{\"@id\":\"https:\\\/\\\/www.anovapeneira.gal\\\/index.php\\\/2025\\\/10\\\/02\\\/roberto-carrero-pon-en-risco-unha-subvencion-de-un-millon-e-medio-de-euros-para-a-piscina-municipal\\\/#primaryimage\"},\"thumbnailUrl\":\"https:\\\/\\\/www.anovapeneira.gal\\\/wp-content\\\/uploads\\\/2025\\\/10\\\/piscinas_a_guarda.jpg\",\"datePublished\":\"2025-10-02T10:00:07+00:00\",\"breadcrumb\":{\"@id\":\"https:\\\/\\\/www.anovapeneira.gal\\\/index.php\\\/2025\\\/10\\\/02\\\/roberto-carrero-pon-en-risco-unha-subvencion-de-un-millon-e-medio-de-euros-para-a-piscina-municipal\\\/#breadcrumb\"},\"inLanguage\":\"gl-ES\",\"potentialAction\":[{\"@type\":\"ReadAction\",\"target\":[\"https:\\\/\\\/www.anovapeneira.gal\\\/index.php\\\/2025\\\/10\\\/02\\\/roberto-carrero-pon-en-risco-unha-subvencion-de-un-millon-e-medio-de-euros-para-a-piscina-municipal\\\/\"]}]},{\"@type\":\"ImageObject\",\"inLanguage\":\"gl-ES\",\"@id\":\"https:\\\/\\\/www.anovapeneira.gal\\\/index.php\\\/2025\\\/10\\\/02\\\/roberto-carrero-pon-en-risco-unha-subvencion-de-un-millon-e-medio-de-euros-para-a-piscina-municipal\\\/#primaryimage\",\"url\":\"https:\\\/\\\/www.anovapeneira.gal\\\/wp-content\\\/uploads\\\/2025\\\/10\\\/piscinas_a_guarda.jpg\",\"contentUrl\":\"https:\\\/\\\/www.anovapeneira.gal\\\/wp-content\\\/uploads\\\/2025\\\/10\\\/piscinas_a_guarda.jpg\",\"width\":2040,\"height\":1224},{\"@type\":\"BreadcrumbList\",\"@id\":\"https:\\\/\\\/www.anovapeneira.gal\\\/index.php\\\/2025\\\/10\\\/02\\\/roberto-carrero-pon-en-risco-unha-subvencion-de-un-millon-e-medio-de-euros-para-a-piscina-municipal\\\/#breadcrumb\",\"itemListElement\":[{\"@type\":\"ListItem\",\"position\":1,\"name\":\"Portada\",\"item\":\"https:\\\/\\\/www.anovapeneira.gal\\\/\"},{\"@type\":\"ListItem\",\"position\":2,\"name\":\"Roberto Carrero pon en risco unha subvenci\u00f3n de un mill\u00f3n e medio de euros para a piscina municipal\"}]},{\"@type\":\"WebSite\",\"@id\":\"https:\\\/\\\/www.anovapeneira.gal\\\/#website\",\"url\":\"https:\\\/\\\/www.anovapeneira.gal\\\/\",\"name\":\"\",\"description\":\"Xornal galego de informaci\u00f3n xeral Publicaci\u00f3n mensual de novas de Galicia e en especial dos Concellos da sur da provincia de Pontevedra.\",\"publisher\":{\"@id\":\"https:\\\/\\\/www.anovapeneira.gal\\\/#organization\"},\"potentialAction\":[{\"@type\":\"SearchAction\",\"target\":{\"@type\":\"EntryPoint\",\"urlTemplate\":\"https:\\\/\\\/www.anovapeneira.gal\\\/?s={search_term_string}\"},\"query-input\":{\"@type\":\"PropertyValueSpecification\",\"valueRequired\":true,\"valueName\":\"search_term_string\"}}],\"inLanguage\":\"gl-ES\"},{\"@type\":\"Organization\",\"@id\":\"https:\\\/\\\/www.anovapeneira.gal\\\/#organization\",\"name\":\"A Nova Peneira\",\"url\":\"https:\\\/\\\/www.anovapeneira.gal\\\/\",\"logo\":{\"@type\":\"ImageObject\",\"inLanguage\":\"gl-ES\",\"@id\":\"https:\\\/\\\/www.anovapeneira.gal\\\/#\\\/schema\\\/logo\\\/image\\\/\",\"url\":\"http:\\\/\\\/www.anovapeneira.gal\\\/wp-content\\\/uploads\\\/2019\\\/06\\\/logo_a_nova_peneira_portal_web.png\",\"contentUrl\":\"http:\\\/\\\/www.anovapeneira.gal\\\/wp-content\\\/uploads\\\/2019\\\/06\\\/logo_a_nova_peneira_portal_web.png\",\"width\":300,\"height\":100,\"caption\":\"A Nova Peneira\"},\"image\":{\"@id\":\"https:\\\/\\\/www.anovapeneira.gal\\\/#\\\/schema\\\/logo\\\/image\\\/\"},\"sameAs\":[\"https:\\\/\\\/www.facebook.com\\\/anovapeneira\",\"https:\\\/\\\/x.com\\\/APeneira\"]},{\"@type\":\"Person\",\"@id\":\"https:\\\/\\\/www.anovapeneira.gal\\\/#\\\/schema\\\/person\\\/b93e3f8932e3f8da96334607eb6ac6aa\",\"name\":\"Redacci\u00f3n A Nova Peneira\",\"image\":{\"@type\":\"ImageObject\",\"inLanguage\":\"gl-ES\",\"@id\":\"https:\\\/\\\/secure.gravatar.com\\\/avatar\\\/c052a2551a06e23fac63626232eaa90abd78dbcf1700fc46a2b2c89fd27b735f?s=96&d=mm&r=g\",\"url\":\"https:\\\/\\\/secure.gravatar.com\\\/avatar\\\/c052a2551a06e23fac63626232eaa90abd78dbcf1700fc46a2b2c89fd27b735f?s=96&d=mm&r=g\",\"contentUrl\":\"https:\\\/\\\/secure.gravatar.com\\\/avatar\\\/c052a2551a06e23fac63626232eaa90abd78dbcf1700fc46a2b2c89fd27b735f?s=96&d=mm&r=g\",\"caption\":\"Redacci\u00f3n A Nova Peneira\"},\"sameAs\":[\"http:\\\/\\\/www.anovapeneira.gal\\\/\"],\"url\":\"https:\\\/\\\/www.anovapeneira.gal\\\/index.php\\\/author\\\/redactor\\\/\"}]}<\/script>\n<!-- \/ Yoast SEO plugin. -->","yoast_head_json":{"title":"Roberto Carrero pon en risco unha subvenci\u00f3n de un mill\u00f3n e medio de euros para a piscina municipal -","robots":{"index":"index","follow":"follow","max-snippet":"max-snippet:-1","max-image-preview":"max-image-preview:large","max-video-preview":"max-video-preview:-1"},"canonical":"https:\/\/www.anovapeneira.gal\/index.php\/2025\/10\/02\/roberto-carrero-pon-en-risco-unha-subvencion-de-un-millon-e-medio-de-euros-para-a-piscina-municipal\/","og_locale":"gl_ES","og_type":"article","og_title":"Roberto Carrero pon en risco unha subvenci\u00f3n de un mill\u00f3n e medio de euros para a piscina municipal -","og_description":"Anxo Baz (BNG):\u201dA incapacidade para xestionar a reforma da piscina evidencia que Roberto Carrero \u00e9 un lastre para o futuro da Guarda\u201d [...]","og_url":"https:\/\/www.anovapeneira.gal\/index.php\/2025\/10\/02\/roberto-carrero-pon-en-risco-unha-subvencion-de-un-millon-e-medio-de-euros-para-a-piscina-municipal\/","article_publisher":"https:\/\/www.facebook.com\/anovapeneira","article_published_time":"2025-10-02T10:00:07+00:00","og_image":[{"width":2040,"height":1224,"url":"https:\/\/www.anovapeneira.gal\/wp-content\/uploads\/2025\/10\/piscinas_a_guarda.jpg","type":"image\/jpeg"}],"author":"Redacci\u00f3n A Nova Peneira","twitter_card":"summary_large_image","twitter_creator":"@APeneira","twitter_site":"@APeneira","twitter_misc":{"Escrito por":"Redacci\u00f3n A Nova Peneira","Tempo de lectura":"2 minutos"},"schema":{"@context":"https:\/\/schema.org","@graph":[{"@type":"Article","@id":"https:\/\/www.anovapeneira.gal\/index.php\/2025\/10\/02\/roberto-carrero-pon-en-risco-unha-subvencion-de-un-millon-e-medio-de-euros-para-a-piscina-municipal\/#article","isPartOf":{"@id":"https:\/\/www.anovapeneira.gal\/index.php\/2025\/10\/02\/roberto-carrero-pon-en-risco-unha-subvencion-de-un-millon-e-medio-de-euros-para-a-piscina-municipal\/"},"author":{"name":"Redacci\u00f3n A Nova Peneira","@id":"https:\/\/www.anovapeneira.gal\/#\/schema\/person\/b93e3f8932e3f8da96334607eb6ac6aa"},"headline":"Roberto Carrero pon en risco unha subvenci\u00f3n de un mill\u00f3n e medio de euros para a piscina municipal","datePublished":"2025-10-02T10:00:07+00:00","mainEntityOfPage":{"@id":"https:\/\/www.anovapeneira.gal\/index.php\/2025\/10\/02\/roberto-carrero-pon-en-risco-unha-subvencion-de-un-millon-e-medio-de-euros-para-a-piscina-municipal\/"},"wordCount":265,"commentCount":0,"publisher":{"@id":"https:\/\/www.anovapeneira.gal\/#organization"},"image":{"@id":"https:\/\/www.anovapeneira.gal\/index.php\/2025\/10\/02\/roberto-carrero-pon-en-risco-unha-subvencion-de-un-millon-e-medio-de-euros-para-a-piscina-municipal\/#primaryimage"},"thumbnailUrl":"https:\/\/www.anovapeneira.gal\/wp-content\/uploads\/2025\/10\/piscinas_a_guarda.jpg","keywords":["Concello de A Guarda"],"articleSection":["Baixo Mi\u00f1o"],"inLanguage":"gl-ES","potentialAction":[{"@type":"CommentAction","name":"Comment","target":["https:\/\/www.anovapeneira.gal\/index.php\/2025\/10\/02\/roberto-carrero-pon-en-risco-unha-subvencion-de-un-millon-e-medio-de-euros-para-a-piscina-municipal\/#respond"]}]},{"@type":"WebPage","@id":"https:\/\/www.anovapeneira.gal\/index.php\/2025\/10\/02\/roberto-carrero-pon-en-risco-unha-subvencion-de-un-millon-e-medio-de-euros-para-a-piscina-municipal\/","url":"https:\/\/www.anovapeneira.gal\/index.php\/2025\/10\/02\/roberto-carrero-pon-en-risco-unha-subvencion-de-un-millon-e-medio-de-euros-para-a-piscina-municipal\/","name":"Roberto Carrero pon en risco unha subvenci\u00f3n de un mill\u00f3n e medio de euros para a piscina municipal -","isPartOf":{"@id":"https:\/\/www.anovapeneira.gal\/#website"},"primaryImageOfPage":{"@id":"https:\/\/www.anovapeneira.gal\/index.php\/2025\/10\/02\/roberto-carrero-pon-en-risco-unha-subvencion-de-un-millon-e-medio-de-euros-para-a-piscina-municipal\/#primaryimage"},"image":{"@id":"https:\/\/www.anovapeneira.gal\/index.php\/2025\/10\/02\/roberto-carrero-pon-en-risco-unha-subvencion-de-un-millon-e-medio-de-euros-para-a-piscina-municipal\/#primaryimage"},"thumbnailUrl":"https:\/\/www.anovapeneira.gal\/wp-content\/uploads\/2025\/10\/piscinas_a_guarda.jpg","datePublished":"2025-10-02T10:00:07+00:00","breadcrumb":{"@id":"https:\/\/www.anovapeneira.gal\/index.php\/2025\/10\/02\/roberto-carrero-pon-en-risco-unha-subvencion-de-un-millon-e-medio-de-euros-para-a-piscina-municipal\/#breadcrumb"},"inLanguage":"gl-ES","potentialAction":[{"@type":"ReadAction","target":["https:\/\/www.anovapeneira.gal\/index.php\/2025\/10\/02\/roberto-carrero-pon-en-risco-unha-subvencion-de-un-millon-e-medio-de-euros-para-a-piscina-municipal\/"]}]},{"@type":"ImageObject","inLanguage":"gl-ES","@id":"https:\/\/www.anovapeneira.gal\/index.php\/2025\/10\/02\/roberto-carrero-pon-en-risco-unha-subvencion-de-un-millon-e-medio-de-euros-para-a-piscina-municipal\/#primaryimage","url":"https:\/\/www.anovapeneira.gal\/wp-content\/uploads\/2025\/10\/piscinas_a_guarda.jpg","contentUrl":"https:\/\/www.anovapeneira.gal\/wp-content\/uploads\/2025\/10\/piscinas_a_guarda.jpg","width":2040,"height":1224},{"@type":"BreadcrumbList","@id":"https:\/\/www.anovapeneira.gal\/index.php\/2025\/10\/02\/roberto-carrero-pon-en-risco-unha-subvencion-de-un-millon-e-medio-de-euros-para-a-piscina-municipal\/#breadcrumb","itemListElement":[{"@type":"ListItem","position":1,"name":"Portada","item":"https:\/\/www.anovapeneira.gal\/"},{"@type":"ListItem","position":2,"name":"Roberto Carrero pon en risco unha subvenci\u00f3n de un mill\u00f3n e medio de euros para a piscina municipal"}]},{"@type":"WebSite","@id":"https:\/\/www.anovapeneira.gal\/#website","url":"https:\/\/www.anovapeneira.gal\/","name":"","description":"Xornal galego de informaci\u00f3n xeral Publicaci\u00f3n mensual de novas de Galicia e en especial dos Concellos da sur da provincia de Pontevedra.","publisher":{"@id":"https:\/\/www.anovapeneira.gal\/#organization"},"potentialAction":[{"@type":"SearchAction","target":{"@type":"EntryPoint","urlTemplate":"https:\/\/www.anovapeneira.gal\/?s={search_term_string}"},"query-input":{"@type":"PropertyValueSpecification","valueRequired":true,"valueName":"search_term_string"}}],"inLanguage":"gl-ES"},{"@type":"Organization","@id":"https:\/\/www.anovapeneira.gal\/#organization","name":"A Nova Peneira","url":"https:\/\/www.anovapeneira.gal\/","logo":{"@type":"ImageObject","inLanguage":"gl-ES","@id":"https:\/\/www.anovapeneira.gal\/#\/schema\/logo\/image\/","url":"http:\/\/www.anovapeneira.gal\/wp-content\/uploads\/2019\/06\/logo_a_nova_peneira_portal_web.png","contentUrl":"http:\/\/www.anovapeneira.gal\/wp-content\/uploads\/2019\/06\/logo_a_nova_peneira_portal_web.png","width":300,"height":100,"caption":"A Nova Peneira"},"image":{"@id":"https:\/\/www.anovapeneira.gal\/#\/schema\/logo\/image\/"},"sameAs":["https:\/\/www.facebook.com\/anovapeneira","https:\/\/x.com\/APeneira"]},{"@type":"Person","@id":"https:\/\/www.anovapeneira.gal\/#\/schema\/person\/b93e3f8932e3f8da96334607eb6ac6aa","name":"Redacci\u00f3n A Nova Peneira","image":{"@type":"ImageObject","inLanguage":"gl-ES","@id":"https:\/\/secure.gravatar.com\/avatar\/c052a2551a06e23fac63626232eaa90abd78dbcf1700fc46a2b2c89fd27b735f?s=96&d=mm&r=g","url":"https:\/\/secure.gravatar.com\/avatar\/c052a2551a06e23fac63626232eaa90abd78dbcf1700fc46a2b2c89fd27b735f?s=96&d=mm&r=g","contentUrl":"https:\/\/secure.gravatar.com\/avatar\/c052a2551a06e23fac63626232eaa90abd78dbcf1700fc46a2b2c89fd27b735f?s=96&d=mm&r=g","caption":"Redacci\u00f3n A Nova Peneira"},"sameAs":["http:\/\/www.anovapeneira.gal\/"],"url":"https:\/\/www.anovapeneira.gal\/index.php\/author\/redactor\/"}]}},"jetpack_featured_media_url":"https:\/\/www.anovapeneira.gal\/wp-content\/uploads\/2025\/10\/piscinas_a_guarda.jpg","_links":{"self":[{"href":"https:\/\/www.anovapeneira.gal\/index.php\/wp-json\/wp\/v2\/posts\/14736","targetHints":{"allow":["GET"]}}],"collection":[{"href":"https:\/\/www.anovapeneira.gal\/index.php\/wp-json\/wp\/v2\/posts"}],"about":[{"href":"https:\/\/www.anovapeneira.gal\/index.php\/wp-json\/wp\/v2\/types\/post"}],"author":[{"embeddable":true,"href":"https:\/\/www.anovapeneira.gal\/index.php\/wp-json\/wp\/v2\/users\/3"}],"replies":[{"embeddable":true,"href":"https:\/\/www.anovapeneira.gal\/index.php\/wp-json\/wp\/v2\/comments?post=14736"}],"version-history":[{"count":1,"href":"https:\/\/www.anovapeneira.gal\/index.php\/wp-json\/wp\/v2\/posts\/14736\/revisions"}],"predecessor-version":[{"id":14738,"href":"https:\/\/www.anovapeneira.gal\/index.php\/wp-json\/wp\/v2\/posts\/14736\/revisions\/14738"}],"wp:featuredmedia":[{"embeddable":true,"href":"https:\/\/www.anovapeneira.gal\/index.php\/wp-json\/wp\/v2\/media\/14737"}],"wp:attachment":[{"href":"https:\/\/www.anovapeneira.gal\/index.php\/wp-json\/wp\/v2\/media?parent=14736"}],"wp:term":[{"taxonomy":"category","embeddable":true,"href":"https:\/\/www.anovapeneira.gal\/index.php\/wp-json\/wp\/v2\/categories?post=14736"},{"taxonomy":"post_tag","embeddable":true,"href":"https:\/\/www.anovapeneira.gal\/index.php\/wp-json\/wp\/v2\/tags?post=14736"}],"curies":[{"name":"wp","href":"https:\/\/api.w.org\/{rel}","templated":true}]}}