{"id":14739,"date":"2025-10-03T10:00:19","date_gmt":"2025-10-03T08:00:19","guid":{"rendered":"https:\/\/www.anovapeneira.gal\/?p=14739"},"modified":"2025-10-02T03:09:36","modified_gmt":"2025-10-02T01:09:36","slug":"sobre-a-necesidade-do-feminismo-masculino","status":"publish","type":"post","link":"https:\/\/www.anovapeneira.gal\/index.php\/2025\/10\/03\/sobre-a-necesidade-do-feminismo-masculino\/","title":{"rendered":"Sobre a necesidade do feminismo masculino"},"content":{"rendered":"\n<figure class=\"wp-block-image size-full is-resized\"><img loading=\"lazy\" decoding=\"async\" width=\"190\" height=\"222\" src=\"https:\/\/www.anovapeneira.gal\/wp-content\/uploads\/2019\/05\/tino_lago_director_a_nova_peneira.jpg\" alt=\"Tino Lago director a Nova Peneira\" class=\"wp-image-189\" style=\"width:77px;height:auto\"\/><figcaption class=\"wp-element-caption\">Tino Lago director a Nova Peneira<\/figcaption><\/figure>\n\n\n\n<p>Un dos d\u00edas de reparto de ANP do pasado mes de setembro trataba de levarlle uns peri\u00f3dicos a un cliente dunha vila de cuxo nome non me quero lembrar. Era a primeira hora dunha soleada tarde de setembro, e non hab\u00eda ningu\u00e9n pola r\u00faa. O negocio do noso anunciante estaba pechado, e eu dei media volta en direcci\u00f3n ao lugar no que estacionara o meu coche. De s\u00fapeto lembrei que algo antes de onde estaba o meu veh\u00edculo hab\u00eda unha lavander\u00eda, e decid\u00edn volver sobre os meus pasos para deixar as d\u00faas Peneiras nese local. As lavander\u00edas son lugares moi adecuados para repartir prensa, pois sempre hai alg\u00fan usuario ou usuaria que a le mentres agarda pola s\u00faa roupa. Xusto no momento no que dou a volta para entrar na lavander\u00eda coincide que unha moza entra no mesmo negocio. Fagamos o esforzo de po\u00f1ernos en situaci\u00f3n desde a \u00f3ptica da muller: Non hab\u00eda ningu\u00e9n na r\u00faa, e unha rapaza nova ve como un home d\u00e1 media volta e entra case ao mesmo tempo ca ela nun espazo pechado. Sen querelo ning\u00fan dos dous, as nosas miradas cruz\u00e1ronse e o medo pintado nos seus ollos e a s\u00faa incomodidade manifesta foron evidentes para min. Deixei os peri\u00f3dicos na lavander\u00eda o m\u00e1is r\u00e1pido que puiden, e marchei de inmediato do local para que ela se tranquilizara o antes posible. Pero mentres \u00eda para o meu coche pregunteime se no canto de ter coincidido cunha muller nun espazo pechado, nun momento no que non hab\u00eda ningunha outra persoa, o tivera feito con outro home, este ter\u00edase asustado coa mi\u00f1a presenza?.<\/p>\n\n\n\n<p>A resposta \u00e9 que non, non se ter\u00eda asustado de ningunha maneira. Os homes temos unha serie de privilexios sobre as mulleres, adquiridos despois de milenios nos que as formas de organizaci\u00f3n social constr\u00faense en funci\u00f3n dos intereses do patriarcado. Un deses privilexios, non precisamente pequeno, \u00e9 o de podermos cami\u00f1ar tranquilos, a calquera hora do d\u00eda ou da noite por calquera espazo por apartado que estea, sen medo a sufrirmos unha agresi\u00f3n sexual.<\/p>\n\n\n\n<p>E agora toca facermos o esforzo de po\u00f1ermos na perspectiva dun home para nos preguntar se podemos facer n\u00f3s mesmos algo para evitar que calquera muller que se cruce no noso cami\u00f1o nun lugar afastado, no que non haxa ningunha outra persoa ou nunha hora intempestiva, sinta medo pola nosa presenza. E si, claro que hai cousas que podemos e debemos de facer os homes. A\u00ednda que pareza que os actos dun individuo non abondan para provocar cambios sociais substanciais, o certo \u00e9 que a suma de moitas vontades individuais si que os poden facer realidade. As\u00ed por exemplo a marabillosa vaga de solidariedade co pobo palestino que amosou unha parte significativa da sociedade nos pasados meses logrou un resultado tan relevante como o de paralizar varias etapas da m\u00e1is importante competici\u00f3n ciclista do estado espa\u00f1ol.<\/p>\n\n\n\n<p>O primeiro que se me ocorre \u00e9 que calquera home decente, que queira unha sociedade na que os dous sexos que formamos a humanidade vivamos en igualdade, debe de asumir o feminismo, practicalo na s\u00faa vida diaria e defendelo sempre. Incluso nos contextos que s\u00f3 estean formados por homes, tratar de convencer a outros homes de que vivir en igualdade \u00e9 m\u00e1is xusto que vivir con privilexios e que \u00e9 a \u00fanica opci\u00f3n para aspirarmos a unha sociedade decente.<\/p>\n\n\n\n<p>Non estar\u00eda de m\u00e1is traballarmos na construci\u00f3n de novas masculinidades de modo que o perfil tan desagradable de macho alfa sexa cada vez m\u00e1is reducido,e as persoas que o te\u00f1an acaben por se decatar de que o aut\u00e9ntico problema para unha convivencia en igualdade e paz son eles mesmos.<\/p>\n\n\n\n<p>E por \u00faltimo, no caso concreto de episodios an\u00e1logos aos que describo neste artigo, entendo que debemos de ter a sensibilidade suficiente para que a muller que se cruce con n\u00f3s nun lugar apartado poida sentirse tranquila e marcharnos canto antes. Cambiar n\u00f3s de beirarr\u00faa se fose necesario, deixar sempre unha distancia de seguridade e se fose imprescindible, s\u00f3 se fose imprescindible, interactuar con ela facelo a unha distancia segura, con calma e acougo de maneira que a nosa interlocutora poida sentirse tranquila.<\/p>\n","protected":false},"excerpt":{"rendered":"<div class=\"mh-excerpt\"><p>Un dos d\u00edas de reparto de ANP do pasado mes de setembro trataba de levarlle uns peri\u00f3dicos a un cliente dunha vila de cuxo nome non me quero lembrar <a class=\"mh-excerpt-more\" href=\"https:\/\/www.anovapeneira.gal\/index.php\/2025\/10\/03\/sobre-a-necesidade-do-feminismo-masculino\/\" title=\"Sobre a necesidade do feminismo masculino\">[&#8230;]<\/a><\/p>\n<\/div>","protected":false},"author":2,"featured_media":14740,"comment_status":"open","ping_status":"open","sticky":false,"template":"","format":"standard","meta":{"_exactmetrics_skip_tracking":false,"_exactmetrics_sitenote_active":false,"_exactmetrics_sitenote_note":"","_exactmetrics_sitenote_category":0,"footnotes":""},"categories":[61],"tags":[],"class_list":{"0":"post-14739","1":"post","2":"type-post","3":"status-publish","4":"format-standard","5":"has-post-thumbnail","7":"category-artigo-editorial"},"yoast_head":"<!-- This site is optimized with the Yoast SEO plugin v27.4 - https:\/\/yoast.com\/product\/yoast-seo-wordpress\/ -->\n<title>Sobre a necesidade do feminismo masculino -<\/title>\n<meta name=\"robots\" content=\"index, follow, max-snippet:-1, max-image-preview:large, max-video-preview:-1\" \/>\n<link rel=\"canonical\" href=\"https:\/\/www.anovapeneira.gal\/index.php\/2025\/10\/03\/sobre-a-necesidade-do-feminismo-masculino\/\" \/>\n<meta property=\"og:locale\" content=\"gl_ES\" \/>\n<meta property=\"og:type\" content=\"article\" \/>\n<meta property=\"og:title\" content=\"Sobre a necesidade do feminismo masculino -\" \/>\n<meta property=\"og:description\" content=\"Un dos d\u00edas de reparto de ANP do pasado mes de setembro trataba de levarlle uns peri\u00f3dicos a un cliente dunha vila de cuxo nome non me quero lembrar [...]\" \/>\n<meta property=\"og:url\" content=\"https:\/\/www.anovapeneira.gal\/index.php\/2025\/10\/03\/sobre-a-necesidade-do-feminismo-masculino\/\" \/>\n<meta property=\"article:publisher\" content=\"https:\/\/www.facebook.com\/anovapeneira\" \/>\n<meta property=\"article:published_time\" content=\"2025-10-03T08:00:19+00:00\" \/>\n<meta property=\"og:image\" content=\"https:\/\/www.anovapeneira.gal\/wp-content\/uploads\/2025\/10\/simbolo_feminista-scaled.jpg\" \/>\n\t<meta property=\"og:image:width\" content=\"2560\" \/>\n\t<meta property=\"og:image:height\" content=\"1536\" \/>\n\t<meta property=\"og:image:type\" content=\"image\/jpeg\" \/>\n<meta name=\"author\" content=\"Tino Lago\" \/>\n<meta name=\"twitter:card\" content=\"summary_large_image\" \/>\n<meta name=\"twitter:creator\" content=\"@APeneira\" \/>\n<meta name=\"twitter:site\" content=\"@APeneira\" \/>\n<meta name=\"twitter:label1\" content=\"Escrito por\" \/>\n\t<meta name=\"twitter:data1\" content=\"Tino Lago\" \/>\n\t<meta name=\"twitter:label2\" content=\"Tempo de lectura\" \/>\n\t<meta name=\"twitter:data2\" content=\"5 minutos\" \/>\n<script type=\"application\/ld+json\" class=\"yoast-schema-graph\">{\"@context\":\"https:\\\/\\\/schema.org\",\"@graph\":[{\"@type\":\"Article\",\"@id\":\"https:\\\/\\\/www.anovapeneira.gal\\\/index.php\\\/2025\\\/10\\\/03\\\/sobre-a-necesidade-do-feminismo-masculino\\\/#article\",\"isPartOf\":{\"@id\":\"https:\\\/\\\/www.anovapeneira.gal\\\/index.php\\\/2025\\\/10\\\/03\\\/sobre-a-necesidade-do-feminismo-masculino\\\/\"},\"author\":{\"name\":\"Tino Lago\",\"@id\":\"https:\\\/\\\/www.anovapeneira.gal\\\/#\\\/schema\\\/person\\\/424dfe65e3070fd8a44d22d2c088762a\"},\"headline\":\"Sobre a necesidade do feminismo masculino\",\"datePublished\":\"2025-10-03T08:00:19+00:00\",\"mainEntityOfPage\":{\"@id\":\"https:\\\/\\\/www.anovapeneira.gal\\\/index.php\\\/2025\\\/10\\\/03\\\/sobre-a-necesidade-do-feminismo-masculino\\\/\"},\"wordCount\":753,\"commentCount\":0,\"publisher\":{\"@id\":\"https:\\\/\\\/www.anovapeneira.gal\\\/#organization\"},\"image\":{\"@id\":\"https:\\\/\\\/www.anovapeneira.gal\\\/index.php\\\/2025\\\/10\\\/03\\\/sobre-a-necesidade-do-feminismo-masculino\\\/#primaryimage\"},\"thumbnailUrl\":\"https:\\\/\\\/www.anovapeneira.gal\\\/wp-content\\\/uploads\\\/2025\\\/10\\\/simbolo_feminista-scaled.jpg\",\"articleSection\":[\"Artigo editorial\"],\"inLanguage\":\"gl-ES\",\"potentialAction\":[{\"@type\":\"CommentAction\",\"name\":\"Comment\",\"target\":[\"https:\\\/\\\/www.anovapeneira.gal\\\/index.php\\\/2025\\\/10\\\/03\\\/sobre-a-necesidade-do-feminismo-masculino\\\/#respond\"]}]},{\"@type\":\"WebPage\",\"@id\":\"https:\\\/\\\/www.anovapeneira.gal\\\/index.php\\\/2025\\\/10\\\/03\\\/sobre-a-necesidade-do-feminismo-masculino\\\/\",\"url\":\"https:\\\/\\\/www.anovapeneira.gal\\\/index.php\\\/2025\\\/10\\\/03\\\/sobre-a-necesidade-do-feminismo-masculino\\\/\",\"name\":\"Sobre a necesidade do feminismo masculino -\",\"isPartOf\":{\"@id\":\"https:\\\/\\\/www.anovapeneira.gal\\\/#website\"},\"primaryImageOfPage\":{\"@id\":\"https:\\\/\\\/www.anovapeneira.gal\\\/index.php\\\/2025\\\/10\\\/03\\\/sobre-a-necesidade-do-feminismo-masculino\\\/#primaryimage\"},\"image\":{\"@id\":\"https:\\\/\\\/www.anovapeneira.gal\\\/index.php\\\/2025\\\/10\\\/03\\\/sobre-a-necesidade-do-feminismo-masculino\\\/#primaryimage\"},\"thumbnailUrl\":\"https:\\\/\\\/www.anovapeneira.gal\\\/wp-content\\\/uploads\\\/2025\\\/10\\\/simbolo_feminista-scaled.jpg\",\"datePublished\":\"2025-10-03T08:00:19+00:00\",\"breadcrumb\":{\"@id\":\"https:\\\/\\\/www.anovapeneira.gal\\\/index.php\\\/2025\\\/10\\\/03\\\/sobre-a-necesidade-do-feminismo-masculino\\\/#breadcrumb\"},\"inLanguage\":\"gl-ES\",\"potentialAction\":[{\"@type\":\"ReadAction\",\"target\":[\"https:\\\/\\\/www.anovapeneira.gal\\\/index.php\\\/2025\\\/10\\\/03\\\/sobre-a-necesidade-do-feminismo-masculino\\\/\"]}]},{\"@type\":\"ImageObject\",\"inLanguage\":\"gl-ES\",\"@id\":\"https:\\\/\\\/www.anovapeneira.gal\\\/index.php\\\/2025\\\/10\\\/03\\\/sobre-a-necesidade-do-feminismo-masculino\\\/#primaryimage\",\"url\":\"https:\\\/\\\/www.anovapeneira.gal\\\/wp-content\\\/uploads\\\/2025\\\/10\\\/simbolo_feminista-scaled.jpg\",\"contentUrl\":\"https:\\\/\\\/www.anovapeneira.gal\\\/wp-content\\\/uploads\\\/2025\\\/10\\\/simbolo_feminista-scaled.jpg\",\"width\":2560,\"height\":1536},{\"@type\":\"BreadcrumbList\",\"@id\":\"https:\\\/\\\/www.anovapeneira.gal\\\/index.php\\\/2025\\\/10\\\/03\\\/sobre-a-necesidade-do-feminismo-masculino\\\/#breadcrumb\",\"itemListElement\":[{\"@type\":\"ListItem\",\"position\":1,\"name\":\"Portada\",\"item\":\"https:\\\/\\\/www.anovapeneira.gal\\\/\"},{\"@type\":\"ListItem\",\"position\":2,\"name\":\"Sobre a necesidade do feminismo masculino\"}]},{\"@type\":\"WebSite\",\"@id\":\"https:\\\/\\\/www.anovapeneira.gal\\\/#website\",\"url\":\"https:\\\/\\\/www.anovapeneira.gal\\\/\",\"name\":\"\",\"description\":\"Xornal galego de informaci\u00f3n xeral Publicaci\u00f3n mensual de novas de Galicia e en especial dos Concellos da sur da provincia de Pontevedra.\",\"publisher\":{\"@id\":\"https:\\\/\\\/www.anovapeneira.gal\\\/#organization\"},\"potentialAction\":[{\"@type\":\"SearchAction\",\"target\":{\"@type\":\"EntryPoint\",\"urlTemplate\":\"https:\\\/\\\/www.anovapeneira.gal\\\/?s={search_term_string}\"},\"query-input\":{\"@type\":\"PropertyValueSpecification\",\"valueRequired\":true,\"valueName\":\"search_term_string\"}}],\"inLanguage\":\"gl-ES\"},{\"@type\":\"Organization\",\"@id\":\"https:\\\/\\\/www.anovapeneira.gal\\\/#organization\",\"name\":\"A Nova Peneira\",\"url\":\"https:\\\/\\\/www.anovapeneira.gal\\\/\",\"logo\":{\"@type\":\"ImageObject\",\"inLanguage\":\"gl-ES\",\"@id\":\"https:\\\/\\\/www.anovapeneira.gal\\\/#\\\/schema\\\/logo\\\/image\\\/\",\"url\":\"http:\\\/\\\/www.anovapeneira.gal\\\/wp-content\\\/uploads\\\/2019\\\/06\\\/logo_a_nova_peneira_portal_web.png\",\"contentUrl\":\"http:\\\/\\\/www.anovapeneira.gal\\\/wp-content\\\/uploads\\\/2019\\\/06\\\/logo_a_nova_peneira_portal_web.png\",\"width\":300,\"height\":100,\"caption\":\"A Nova Peneira\"},\"image\":{\"@id\":\"https:\\\/\\\/www.anovapeneira.gal\\\/#\\\/schema\\\/logo\\\/image\\\/\"},\"sameAs\":[\"https:\\\/\\\/www.facebook.com\\\/anovapeneira\",\"https:\\\/\\\/x.com\\\/APeneira\"]},{\"@type\":\"Person\",\"@id\":\"https:\\\/\\\/www.anovapeneira.gal\\\/#\\\/schema\\\/person\\\/424dfe65e3070fd8a44d22d2c088762a\",\"name\":\"Tino Lago\",\"image\":{\"@type\":\"ImageObject\",\"inLanguage\":\"gl-ES\",\"@id\":\"https:\\\/\\\/secure.gravatar.com\\\/avatar\\\/b3df6a06e44bab3111583b90f0f33a0379ee5e3d22cbadd232d39f21c30c62be?s=96&d=mm&r=g\",\"url\":\"https:\\\/\\\/secure.gravatar.com\\\/avatar\\\/b3df6a06e44bab3111583b90f0f33a0379ee5e3d22cbadd232d39f21c30c62be?s=96&d=mm&r=g\",\"contentUrl\":\"https:\\\/\\\/secure.gravatar.com\\\/avatar\\\/b3df6a06e44bab3111583b90f0f33a0379ee5e3d22cbadd232d39f21c30c62be?s=96&d=mm&r=g\",\"caption\":\"Tino Lago\"},\"sameAs\":[\"http:\\\/\\\/www.anovapeneira.gal\"],\"url\":\"https:\\\/\\\/www.anovapeneira.gal\\\/index.php\\\/author\\\/director\\\/\"}]}<\/script>\n<!-- \/ Yoast SEO plugin. -->","yoast_head_json":{"title":"Sobre a necesidade do feminismo masculino -","robots":{"index":"index","follow":"follow","max-snippet":"max-snippet:-1","max-image-preview":"max-image-preview:large","max-video-preview":"max-video-preview:-1"},"canonical":"https:\/\/www.anovapeneira.gal\/index.php\/2025\/10\/03\/sobre-a-necesidade-do-feminismo-masculino\/","og_locale":"gl_ES","og_type":"article","og_title":"Sobre a necesidade do feminismo masculino -","og_description":"Un dos d\u00edas de reparto de ANP do pasado mes de setembro trataba de levarlle uns peri\u00f3dicos a un cliente dunha vila de cuxo nome non me quero lembrar [...]","og_url":"https:\/\/www.anovapeneira.gal\/index.php\/2025\/10\/03\/sobre-a-necesidade-do-feminismo-masculino\/","article_publisher":"https:\/\/www.facebook.com\/anovapeneira","article_published_time":"2025-10-03T08:00:19+00:00","og_image":[{"width":2560,"height":1536,"url":"https:\/\/www.anovapeneira.gal\/wp-content\/uploads\/2025\/10\/simbolo_feminista-scaled.jpg","type":"image\/jpeg"}],"author":"Tino Lago","twitter_card":"summary_large_image","twitter_creator":"@APeneira","twitter_site":"@APeneira","twitter_misc":{"Escrito por":"Tino Lago","Tempo de lectura":"5 minutos"},"schema":{"@context":"https:\/\/schema.org","@graph":[{"@type":"Article","@id":"https:\/\/www.anovapeneira.gal\/index.php\/2025\/10\/03\/sobre-a-necesidade-do-feminismo-masculino\/#article","isPartOf":{"@id":"https:\/\/www.anovapeneira.gal\/index.php\/2025\/10\/03\/sobre-a-necesidade-do-feminismo-masculino\/"},"author":{"name":"Tino Lago","@id":"https:\/\/www.anovapeneira.gal\/#\/schema\/person\/424dfe65e3070fd8a44d22d2c088762a"},"headline":"Sobre a necesidade do feminismo masculino","datePublished":"2025-10-03T08:00:19+00:00","mainEntityOfPage":{"@id":"https:\/\/www.anovapeneira.gal\/index.php\/2025\/10\/03\/sobre-a-necesidade-do-feminismo-masculino\/"},"wordCount":753,"commentCount":0,"publisher":{"@id":"https:\/\/www.anovapeneira.gal\/#organization"},"image":{"@id":"https:\/\/www.anovapeneira.gal\/index.php\/2025\/10\/03\/sobre-a-necesidade-do-feminismo-masculino\/#primaryimage"},"thumbnailUrl":"https:\/\/www.anovapeneira.gal\/wp-content\/uploads\/2025\/10\/simbolo_feminista-scaled.jpg","articleSection":["Artigo editorial"],"inLanguage":"gl-ES","potentialAction":[{"@type":"CommentAction","name":"Comment","target":["https:\/\/www.anovapeneira.gal\/index.php\/2025\/10\/03\/sobre-a-necesidade-do-feminismo-masculino\/#respond"]}]},{"@type":"WebPage","@id":"https:\/\/www.anovapeneira.gal\/index.php\/2025\/10\/03\/sobre-a-necesidade-do-feminismo-masculino\/","url":"https:\/\/www.anovapeneira.gal\/index.php\/2025\/10\/03\/sobre-a-necesidade-do-feminismo-masculino\/","name":"Sobre a necesidade do feminismo masculino -","isPartOf":{"@id":"https:\/\/www.anovapeneira.gal\/#website"},"primaryImageOfPage":{"@id":"https:\/\/www.anovapeneira.gal\/index.php\/2025\/10\/03\/sobre-a-necesidade-do-feminismo-masculino\/#primaryimage"},"image":{"@id":"https:\/\/www.anovapeneira.gal\/index.php\/2025\/10\/03\/sobre-a-necesidade-do-feminismo-masculino\/#primaryimage"},"thumbnailUrl":"https:\/\/www.anovapeneira.gal\/wp-content\/uploads\/2025\/10\/simbolo_feminista-scaled.jpg","datePublished":"2025-10-03T08:00:19+00:00","breadcrumb":{"@id":"https:\/\/www.anovapeneira.gal\/index.php\/2025\/10\/03\/sobre-a-necesidade-do-feminismo-masculino\/#breadcrumb"},"inLanguage":"gl-ES","potentialAction":[{"@type":"ReadAction","target":["https:\/\/www.anovapeneira.gal\/index.php\/2025\/10\/03\/sobre-a-necesidade-do-feminismo-masculino\/"]}]},{"@type":"ImageObject","inLanguage":"gl-ES","@id":"https:\/\/www.anovapeneira.gal\/index.php\/2025\/10\/03\/sobre-a-necesidade-do-feminismo-masculino\/#primaryimage","url":"https:\/\/www.anovapeneira.gal\/wp-content\/uploads\/2025\/10\/simbolo_feminista-scaled.jpg","contentUrl":"https:\/\/www.anovapeneira.gal\/wp-content\/uploads\/2025\/10\/simbolo_feminista-scaled.jpg","width":2560,"height":1536},{"@type":"BreadcrumbList","@id":"https:\/\/www.anovapeneira.gal\/index.php\/2025\/10\/03\/sobre-a-necesidade-do-feminismo-masculino\/#breadcrumb","itemListElement":[{"@type":"ListItem","position":1,"name":"Portada","item":"https:\/\/www.anovapeneira.gal\/"},{"@type":"ListItem","position":2,"name":"Sobre a necesidade do feminismo masculino"}]},{"@type":"WebSite","@id":"https:\/\/www.anovapeneira.gal\/#website","url":"https:\/\/www.anovapeneira.gal\/","name":"","description":"Xornal galego de informaci\u00f3n xeral Publicaci\u00f3n mensual de novas de Galicia e en especial dos Concellos da sur da provincia de Pontevedra.","publisher":{"@id":"https:\/\/www.anovapeneira.gal\/#organization"},"potentialAction":[{"@type":"SearchAction","target":{"@type":"EntryPoint","urlTemplate":"https:\/\/www.anovapeneira.gal\/?s={search_term_string}"},"query-input":{"@type":"PropertyValueSpecification","valueRequired":true,"valueName":"search_term_string"}}],"inLanguage":"gl-ES"},{"@type":"Organization","@id":"https:\/\/www.anovapeneira.gal\/#organization","name":"A Nova Peneira","url":"https:\/\/www.anovapeneira.gal\/","logo":{"@type":"ImageObject","inLanguage":"gl-ES","@id":"https:\/\/www.anovapeneira.gal\/#\/schema\/logo\/image\/","url":"http:\/\/www.anovapeneira.gal\/wp-content\/uploads\/2019\/06\/logo_a_nova_peneira_portal_web.png","contentUrl":"http:\/\/www.anovapeneira.gal\/wp-content\/uploads\/2019\/06\/logo_a_nova_peneira_portal_web.png","width":300,"height":100,"caption":"A Nova Peneira"},"image":{"@id":"https:\/\/www.anovapeneira.gal\/#\/schema\/logo\/image\/"},"sameAs":["https:\/\/www.facebook.com\/anovapeneira","https:\/\/x.com\/APeneira"]},{"@type":"Person","@id":"https:\/\/www.anovapeneira.gal\/#\/schema\/person\/424dfe65e3070fd8a44d22d2c088762a","name":"Tino Lago","image":{"@type":"ImageObject","inLanguage":"gl-ES","@id":"https:\/\/secure.gravatar.com\/avatar\/b3df6a06e44bab3111583b90f0f33a0379ee5e3d22cbadd232d39f21c30c62be?s=96&d=mm&r=g","url":"https:\/\/secure.gravatar.com\/avatar\/b3df6a06e44bab3111583b90f0f33a0379ee5e3d22cbadd232d39f21c30c62be?s=96&d=mm&r=g","contentUrl":"https:\/\/secure.gravatar.com\/avatar\/b3df6a06e44bab3111583b90f0f33a0379ee5e3d22cbadd232d39f21c30c62be?s=96&d=mm&r=g","caption":"Tino Lago"},"sameAs":["http:\/\/www.anovapeneira.gal"],"url":"https:\/\/www.anovapeneira.gal\/index.php\/author\/director\/"}]}},"jetpack_featured_media_url":"https:\/\/www.anovapeneira.gal\/wp-content\/uploads\/2025\/10\/simbolo_feminista-scaled.jpg","_links":{"self":[{"href":"https:\/\/www.anovapeneira.gal\/index.php\/wp-json\/wp\/v2\/posts\/14739","targetHints":{"allow":["GET"]}}],"collection":[{"href":"https:\/\/www.anovapeneira.gal\/index.php\/wp-json\/wp\/v2\/posts"}],"about":[{"href":"https:\/\/www.anovapeneira.gal\/index.php\/wp-json\/wp\/v2\/types\/post"}],"author":[{"embeddable":true,"href":"https:\/\/www.anovapeneira.gal\/index.php\/wp-json\/wp\/v2\/users\/2"}],"replies":[{"embeddable":true,"href":"https:\/\/www.anovapeneira.gal\/index.php\/wp-json\/wp\/v2\/comments?post=14739"}],"version-history":[{"count":1,"href":"https:\/\/www.anovapeneira.gal\/index.php\/wp-json\/wp\/v2\/posts\/14739\/revisions"}],"predecessor-version":[{"id":14741,"href":"https:\/\/www.anovapeneira.gal\/index.php\/wp-json\/wp\/v2\/posts\/14739\/revisions\/14741"}],"wp:featuredmedia":[{"embeddable":true,"href":"https:\/\/www.anovapeneira.gal\/index.php\/wp-json\/wp\/v2\/media\/14740"}],"wp:attachment":[{"href":"https:\/\/www.anovapeneira.gal\/index.php\/wp-json\/wp\/v2\/media?parent=14739"}],"wp:term":[{"taxonomy":"category","embeddable":true,"href":"https:\/\/www.anovapeneira.gal\/index.php\/wp-json\/wp\/v2\/categories?post=14739"},{"taxonomy":"post_tag","embeddable":true,"href":"https:\/\/www.anovapeneira.gal\/index.php\/wp-json\/wp\/v2\/tags?post=14739"}],"curies":[{"name":"wp","href":"https:\/\/api.w.org\/{rel}","templated":true}]}}