{"id":14745,"date":"2025-10-06T10:00:20","date_gmt":"2025-10-06T08:00:20","guid":{"rendered":"https:\/\/www.anovapeneira.gal\/?p=14745"},"modified":"2025-10-02T03:16:46","modified_gmt":"2025-10-02T01:16:46","slug":"o-bng-de-salvaterra-denuncia-a-escaseza-de-recursos-e-profesorado-en-todos-os-centros-de-ensino-do-concello","status":"publish","type":"post","link":"https:\/\/www.anovapeneira.gal\/index.php\/2025\/10\/06\/o-bng-de-salvaterra-denuncia-a-escaseza-de-recursos-e-profesorado-en-todos-os-centros-de-ensino-do-concello\/","title":{"rendered":"O BNG de Salvaterra denuncia a escaseza de recursos e profesorado en todos os centros de ensino do concello"},"content":{"rendered":"\n<p><strong>A voceira Patricia Mari\u00f1o destaca que a pesares do aumento de alumnado no municipio a Xunta destina menos profesorado de Audici\u00f3n e Linguaxe e Pedagox\u00eda Terap\u00e9utica do necesario segundo as ratios<\/strong><\/p>\n\n\n\n<p>O BNG de Salvaterra ven facer un chamado de atenci\u00f3n sobre a situaci\u00f3n \u201cinsostible\u201d de todos os centros de ensino en Salvaterra, carentes dos recursos necesarios e de profesorado suficiente para garantir unha educaci\u00f3n con m\u00ednimos de calidade. Segundo indica a voceira Patricia Mari\u00f1o, a pesares de que a t\u00f3nica xeral no municipio \u00e9 de aumento de poboaci\u00f3n e de alumnado, a Xunta de Galicia decidiu non s\u00f3 non incrementar os medios, sen\u00f3n que reduciu o persoal docente incluso por baixo do establecido por ratios, o que est\u00e1 a xerar un grave impacto nas aulas.<\/p>\n\n\n\n<p>A nacionalista explica que o CEIP de Leirado, por exemplo, elevou a s\u00faa matr\u00edcula de 100 a 130 alumnos, mais, con todo, enfr\u00f3ntase ao recorte dunha mestra de Audici\u00f3n e Linguaxe (AL). Este centro, reco\u00f1ecido co segundo premio \u00e1s boas pr\u00e1cticas en Educaci\u00f3n Inclusiva, \u201cest\u00e1 a ser privado dun dos piares fundamentais para garantir o apoio a estudantes con necesidades espec\u00edficas\u201d, destaca, subli\u00f1ando que a pesares das demandas presentadas pola comunidade escolar ante a Inspecci\u00f3n a posibilidade de reintegrar este recurso \u00e9 \u201cescasa ou nula\u201d dadas as respostas recibidas ata o de agora.<\/p>\n\n\n\n<p>O CEIP Carlos Casares, apunta Mari\u00f1o, vive unha situaci\u00f3n similar: vese obrigado a compartir docentes con outros centros de ensino. Ademais, as horas de direcci\u00f3n que ten que cubrir o profesorado non se te\u00f1en en conta e non est\u00e1n a ser cubertas, e a falta de docentes orientadores est\u00e1 a afectar a atenci\u00f3n que as e os estudantes necesitan.<\/p>\n\n\n\n<p>O caso do CRA, segundo o Bloque, \u00e9 quizais o m\u00e1is preocupante, xa que conta cunha coidadora pero ten que atender a cinco nenos e nenas con necesidades educativas especiais distribu\u00eddos en cinco centros diferentes. \u201cEsta situaci\u00f3n non s\u00f3 \u00e9 insostible, sen\u00f3n que resulta un insulto \u00e1 intelixencia porque a profesora ten que realizar desprazamentos constantes que fan imposible brindar unha atenci\u00f3n adecuada \u00e1s e aos estudantes m\u00e1is vulnerables\u201d, subli\u00f1a Mari\u00f1o.<\/p>\n\n\n\n<p>As\u00ed mesmo, o CEIP Infante Felipe at\u00f3pase tam\u00e9n nunha clara situaci\u00f3n de d\u00e9ficit, xa que, a\u00ednda que deber\u00eda contar con tres li\u00f1as educativas, actualmente opera s\u00f3 con d\u00faas. \u201cA escaseza de recursos na \u00e1rea de Audici\u00f3n e Linguaxe, Pedagox\u00eda Terap\u00e9utica e profesorado de apoio pon en risco o dereito a unha educaci\u00f3n inclusiva e de calidade para todas e todos os alumnos, especialmente aqueles que requiren atenci\u00f3n especializada\u201d, insiste a portavoz do BNG.<\/p>\n\n\n\n<p>Finalmente, o Bloque denuncia que o Instituto de Salvaterra enfr\u00f3ntase a unha crecente necesidade de ampliaci\u00f3n, non s\u00f3 do centro educativo en si, sen\u00f3n tam\u00e9n da oferta formativa -m\u00e1is ciclos-, que debe adaptarse ao aumento do alumnado. A falta dun patio cuberto, apuntan, \u00e9 unha necesidade historicamente reclamada que limita as actividades ao aire libre sen que a Xunta po\u00f1a remedio.<\/p>\n\n\n\n<p><a><\/a> Segundo subli\u00f1a Mari\u00f1o, \u00e9 hora de que a Conseller\u00eda de Educaci\u00f3n tome medidas inmediatas e efectivas para abordar as deficiencias que, subli\u00f1a, non son puntuais, sen\u00f3n xeralizadas en todos os centros educativos do municipio. \u201cA educaci\u00f3n \u00e9 un dereito fundamental e a Xunta non fai outra cousa que \u2018racanear\u2019 medios comprometendo a calidade do ensino\u201d, finaliza.<\/p>\n","protected":false},"excerpt":{"rendered":"<div class=\"mh-excerpt\"><p>A voceira Patricia Mari\u00f1o destaca que a pesares do aumento de alumnado no municipio a Xunta destina menos profesorado de Audici\u00f3n e Linguaxe e Pedagox\u00eda Terap\u00e9utica do necesario segundo as ratios <a class=\"mh-excerpt-more\" href=\"https:\/\/www.anovapeneira.gal\/index.php\/2025\/10\/06\/o-bng-de-salvaterra-denuncia-a-escaseza-de-recursos-e-profesorado-en-todos-os-centros-de-ensino-do-concello\/\" title=\"O BNG de Salvaterra denuncia a escaseza de recursos e profesorado en todos os centros de ensino do concello\">[&#8230;]<\/a><\/p>\n<\/div>","protected":false},"author":3,"featured_media":14746,"comment_status":"open","ping_status":"open","sticky":false,"template":"","format":"standard","meta":{"_exactmetrics_skip_tracking":false,"_exactmetrics_sitenote_active":false,"_exactmetrics_sitenote_note":"","_exactmetrics_sitenote_category":0,"footnotes":""},"categories":[25],"tags":[186],"class_list":{"0":"post-14745","1":"post","2":"type-post","3":"status-publish","4":"format-standard","5":"has-post-thumbnail","7":"category-condado","8":"tag-concello-de-salvaterra-do-mino"},"yoast_head":"<!-- This site is optimized with the Yoast SEO plugin v27.4 - https:\/\/yoast.com\/product\/yoast-seo-wordpress\/ -->\n<title>O BNG de Salvaterra denuncia a escaseza de recursos e profesorado en todos os centros de ensino do concello -<\/title>\n<meta name=\"robots\" content=\"index, follow, max-snippet:-1, max-image-preview:large, max-video-preview:-1\" \/>\n<link rel=\"canonical\" href=\"https:\/\/www.anovapeneira.gal\/index.php\/2025\/10\/06\/o-bng-de-salvaterra-denuncia-a-escaseza-de-recursos-e-profesorado-en-todos-os-centros-de-ensino-do-concello\/\" \/>\n<meta property=\"og:locale\" content=\"gl_ES\" \/>\n<meta property=\"og:type\" content=\"article\" \/>\n<meta property=\"og:title\" content=\"O BNG de Salvaterra denuncia a escaseza de recursos e profesorado en todos os centros de ensino do concello -\" \/>\n<meta property=\"og:description\" content=\"A voceira Patricia Mari\u00f1o destaca que a pesares do aumento de alumnado no municipio a Xunta destina menos profesorado de Audici\u00f3n e Linguaxe e Pedagox\u00eda Terap\u00e9utica do necesario segundo as ratios [...]\" \/>\n<meta property=\"og:url\" content=\"https:\/\/www.anovapeneira.gal\/index.php\/2025\/10\/06\/o-bng-de-salvaterra-denuncia-a-escaseza-de-recursos-e-profesorado-en-todos-os-centros-de-ensino-do-concello\/\" \/>\n<meta property=\"article:publisher\" content=\"https:\/\/www.facebook.com\/anovapeneira\" \/>\n<meta property=\"article:published_time\" content=\"2025-10-06T08:00:20+00:00\" \/>\n<meta property=\"og:image\" content=\"https:\/\/www.anovapeneira.gal\/wp-content\/uploads\/2025\/10\/Patricia_Marino_CEIP_Leirado.jpg\" \/>\n\t<meta property=\"og:image:width\" content=\"1366\" \/>\n\t<meta property=\"og:image:height\" content=\"820\" \/>\n\t<meta property=\"og:image:type\" content=\"image\/jpeg\" \/>\n<meta name=\"author\" content=\"Redacci\u00f3n A Nova Peneira\" \/>\n<meta name=\"twitter:card\" content=\"summary_large_image\" \/>\n<meta name=\"twitter:creator\" content=\"@APeneira\" \/>\n<meta name=\"twitter:site\" content=\"@APeneira\" \/>\n<meta name=\"twitter:label1\" content=\"Escrito por\" \/>\n\t<meta name=\"twitter:data1\" content=\"Redacci\u00f3n A Nova Peneira\" \/>\n\t<meta name=\"twitter:label2\" content=\"Tempo de lectura\" \/>\n\t<meta name=\"twitter:data2\" content=\"4 minutos\" \/>\n<script type=\"application\/ld+json\" class=\"yoast-schema-graph\">{\"@context\":\"https:\\\/\\\/schema.org\",\"@graph\":[{\"@type\":\"Article\",\"@id\":\"https:\\\/\\\/www.anovapeneira.gal\\\/index.php\\\/2025\\\/10\\\/06\\\/o-bng-de-salvaterra-denuncia-a-escaseza-de-recursos-e-profesorado-en-todos-os-centros-de-ensino-do-concello\\\/#article\",\"isPartOf\":{\"@id\":\"https:\\\/\\\/www.anovapeneira.gal\\\/index.php\\\/2025\\\/10\\\/06\\\/o-bng-de-salvaterra-denuncia-a-escaseza-de-recursos-e-profesorado-en-todos-os-centros-de-ensino-do-concello\\\/\"},\"author\":{\"name\":\"Redacci\u00f3n A Nova Peneira\",\"@id\":\"https:\\\/\\\/www.anovapeneira.gal\\\/#\\\/schema\\\/person\\\/b93e3f8932e3f8da96334607eb6ac6aa\"},\"headline\":\"O BNG de Salvaterra denuncia a escaseza de recursos e profesorado en todos os centros de ensino do concello\",\"datePublished\":\"2025-10-06T08:00:20+00:00\",\"mainEntityOfPage\":{\"@id\":\"https:\\\/\\\/www.anovapeneira.gal\\\/index.php\\\/2025\\\/10\\\/06\\\/o-bng-de-salvaterra-denuncia-a-escaseza-de-recursos-e-profesorado-en-todos-os-centros-de-ensino-do-concello\\\/\"},\"wordCount\":610,\"commentCount\":0,\"publisher\":{\"@id\":\"https:\\\/\\\/www.anovapeneira.gal\\\/#organization\"},\"image\":{\"@id\":\"https:\\\/\\\/www.anovapeneira.gal\\\/index.php\\\/2025\\\/10\\\/06\\\/o-bng-de-salvaterra-denuncia-a-escaseza-de-recursos-e-profesorado-en-todos-os-centros-de-ensino-do-concello\\\/#primaryimage\"},\"thumbnailUrl\":\"https:\\\/\\\/www.anovapeneira.gal\\\/wp-content\\\/uploads\\\/2025\\\/10\\\/Patricia_Marino_CEIP_Leirado.jpg\",\"keywords\":[\"Concello de Salvaterra do Mi\u00f1o\"],\"articleSection\":[\"Condado\"],\"inLanguage\":\"gl-ES\",\"potentialAction\":[{\"@type\":\"CommentAction\",\"name\":\"Comment\",\"target\":[\"https:\\\/\\\/www.anovapeneira.gal\\\/index.php\\\/2025\\\/10\\\/06\\\/o-bng-de-salvaterra-denuncia-a-escaseza-de-recursos-e-profesorado-en-todos-os-centros-de-ensino-do-concello\\\/#respond\"]}]},{\"@type\":\"WebPage\",\"@id\":\"https:\\\/\\\/www.anovapeneira.gal\\\/index.php\\\/2025\\\/10\\\/06\\\/o-bng-de-salvaterra-denuncia-a-escaseza-de-recursos-e-profesorado-en-todos-os-centros-de-ensino-do-concello\\\/\",\"url\":\"https:\\\/\\\/www.anovapeneira.gal\\\/index.php\\\/2025\\\/10\\\/06\\\/o-bng-de-salvaterra-denuncia-a-escaseza-de-recursos-e-profesorado-en-todos-os-centros-de-ensino-do-concello\\\/\",\"name\":\"O BNG de Salvaterra denuncia a escaseza de recursos e profesorado en todos os centros de ensino do concello -\",\"isPartOf\":{\"@id\":\"https:\\\/\\\/www.anovapeneira.gal\\\/#website\"},\"primaryImageOfPage\":{\"@id\":\"https:\\\/\\\/www.anovapeneira.gal\\\/index.php\\\/2025\\\/10\\\/06\\\/o-bng-de-salvaterra-denuncia-a-escaseza-de-recursos-e-profesorado-en-todos-os-centros-de-ensino-do-concello\\\/#primaryimage\"},\"image\":{\"@id\":\"https:\\\/\\\/www.anovapeneira.gal\\\/index.php\\\/2025\\\/10\\\/06\\\/o-bng-de-salvaterra-denuncia-a-escaseza-de-recursos-e-profesorado-en-todos-os-centros-de-ensino-do-concello\\\/#primaryimage\"},\"thumbnailUrl\":\"https:\\\/\\\/www.anovapeneira.gal\\\/wp-content\\\/uploads\\\/2025\\\/10\\\/Patricia_Marino_CEIP_Leirado.jpg\",\"datePublished\":\"2025-10-06T08:00:20+00:00\",\"breadcrumb\":{\"@id\":\"https:\\\/\\\/www.anovapeneira.gal\\\/index.php\\\/2025\\\/10\\\/06\\\/o-bng-de-salvaterra-denuncia-a-escaseza-de-recursos-e-profesorado-en-todos-os-centros-de-ensino-do-concello\\\/#breadcrumb\"},\"inLanguage\":\"gl-ES\",\"potentialAction\":[{\"@type\":\"ReadAction\",\"target\":[\"https:\\\/\\\/www.anovapeneira.gal\\\/index.php\\\/2025\\\/10\\\/06\\\/o-bng-de-salvaterra-denuncia-a-escaseza-de-recursos-e-profesorado-en-todos-os-centros-de-ensino-do-concello\\\/\"]}]},{\"@type\":\"ImageObject\",\"inLanguage\":\"gl-ES\",\"@id\":\"https:\\\/\\\/www.anovapeneira.gal\\\/index.php\\\/2025\\\/10\\\/06\\\/o-bng-de-salvaterra-denuncia-a-escaseza-de-recursos-e-profesorado-en-todos-os-centros-de-ensino-do-concello\\\/#primaryimage\",\"url\":\"https:\\\/\\\/www.anovapeneira.gal\\\/wp-content\\\/uploads\\\/2025\\\/10\\\/Patricia_Marino_CEIP_Leirado.jpg\",\"contentUrl\":\"https:\\\/\\\/www.anovapeneira.gal\\\/wp-content\\\/uploads\\\/2025\\\/10\\\/Patricia_Marino_CEIP_Leirado.jpg\",\"width\":1366,\"height\":820},{\"@type\":\"BreadcrumbList\",\"@id\":\"https:\\\/\\\/www.anovapeneira.gal\\\/index.php\\\/2025\\\/10\\\/06\\\/o-bng-de-salvaterra-denuncia-a-escaseza-de-recursos-e-profesorado-en-todos-os-centros-de-ensino-do-concello\\\/#breadcrumb\",\"itemListElement\":[{\"@type\":\"ListItem\",\"position\":1,\"name\":\"Portada\",\"item\":\"https:\\\/\\\/www.anovapeneira.gal\\\/\"},{\"@type\":\"ListItem\",\"position\":2,\"name\":\"O BNG de Salvaterra denuncia a escaseza de recursos e profesorado en todos os centros de ensino do concello\"}]},{\"@type\":\"WebSite\",\"@id\":\"https:\\\/\\\/www.anovapeneira.gal\\\/#website\",\"url\":\"https:\\\/\\\/www.anovapeneira.gal\\\/\",\"name\":\"\",\"description\":\"Xornal galego de informaci\u00f3n xeral Publicaci\u00f3n mensual de novas de Galicia e en especial dos Concellos da sur da provincia de Pontevedra.\",\"publisher\":{\"@id\":\"https:\\\/\\\/www.anovapeneira.gal\\\/#organization\"},\"potentialAction\":[{\"@type\":\"SearchAction\",\"target\":{\"@type\":\"EntryPoint\",\"urlTemplate\":\"https:\\\/\\\/www.anovapeneira.gal\\\/?s={search_term_string}\"},\"query-input\":{\"@type\":\"PropertyValueSpecification\",\"valueRequired\":true,\"valueName\":\"search_term_string\"}}],\"inLanguage\":\"gl-ES\"},{\"@type\":\"Organization\",\"@id\":\"https:\\\/\\\/www.anovapeneira.gal\\\/#organization\",\"name\":\"A Nova Peneira\",\"url\":\"https:\\\/\\\/www.anovapeneira.gal\\\/\",\"logo\":{\"@type\":\"ImageObject\",\"inLanguage\":\"gl-ES\",\"@id\":\"https:\\\/\\\/www.anovapeneira.gal\\\/#\\\/schema\\\/logo\\\/image\\\/\",\"url\":\"http:\\\/\\\/www.anovapeneira.gal\\\/wp-content\\\/uploads\\\/2019\\\/06\\\/logo_a_nova_peneira_portal_web.png\",\"contentUrl\":\"http:\\\/\\\/www.anovapeneira.gal\\\/wp-content\\\/uploads\\\/2019\\\/06\\\/logo_a_nova_peneira_portal_web.png\",\"width\":300,\"height\":100,\"caption\":\"A Nova Peneira\"},\"image\":{\"@id\":\"https:\\\/\\\/www.anovapeneira.gal\\\/#\\\/schema\\\/logo\\\/image\\\/\"},\"sameAs\":[\"https:\\\/\\\/www.facebook.com\\\/anovapeneira\",\"https:\\\/\\\/x.com\\\/APeneira\"]},{\"@type\":\"Person\",\"@id\":\"https:\\\/\\\/www.anovapeneira.gal\\\/#\\\/schema\\\/person\\\/b93e3f8932e3f8da96334607eb6ac6aa\",\"name\":\"Redacci\u00f3n A Nova Peneira\",\"image\":{\"@type\":\"ImageObject\",\"inLanguage\":\"gl-ES\",\"@id\":\"https:\\\/\\\/secure.gravatar.com\\\/avatar\\\/c052a2551a06e23fac63626232eaa90abd78dbcf1700fc46a2b2c89fd27b735f?s=96&d=mm&r=g\",\"url\":\"https:\\\/\\\/secure.gravatar.com\\\/avatar\\\/c052a2551a06e23fac63626232eaa90abd78dbcf1700fc46a2b2c89fd27b735f?s=96&d=mm&r=g\",\"contentUrl\":\"https:\\\/\\\/secure.gravatar.com\\\/avatar\\\/c052a2551a06e23fac63626232eaa90abd78dbcf1700fc46a2b2c89fd27b735f?s=96&d=mm&r=g\",\"caption\":\"Redacci\u00f3n A Nova Peneira\"},\"sameAs\":[\"http:\\\/\\\/www.anovapeneira.gal\\\/\"],\"url\":\"https:\\\/\\\/www.anovapeneira.gal\\\/index.php\\\/author\\\/redactor\\\/\"}]}<\/script>\n<!-- \/ Yoast SEO plugin. -->","yoast_head_json":{"title":"O BNG de Salvaterra denuncia a escaseza de recursos e profesorado en todos os centros de ensino do concello -","robots":{"index":"index","follow":"follow","max-snippet":"max-snippet:-1","max-image-preview":"max-image-preview:large","max-video-preview":"max-video-preview:-1"},"canonical":"https:\/\/www.anovapeneira.gal\/index.php\/2025\/10\/06\/o-bng-de-salvaterra-denuncia-a-escaseza-de-recursos-e-profesorado-en-todos-os-centros-de-ensino-do-concello\/","og_locale":"gl_ES","og_type":"article","og_title":"O BNG de Salvaterra denuncia a escaseza de recursos e profesorado en todos os centros de ensino do concello -","og_description":"A voceira Patricia Mari\u00f1o destaca que a pesares do aumento de alumnado no municipio a Xunta destina menos profesorado de Audici\u00f3n e Linguaxe e Pedagox\u00eda Terap\u00e9utica do necesario segundo as ratios [...]","og_url":"https:\/\/www.anovapeneira.gal\/index.php\/2025\/10\/06\/o-bng-de-salvaterra-denuncia-a-escaseza-de-recursos-e-profesorado-en-todos-os-centros-de-ensino-do-concello\/","article_publisher":"https:\/\/www.facebook.com\/anovapeneira","article_published_time":"2025-10-06T08:00:20+00:00","og_image":[{"width":1366,"height":820,"url":"https:\/\/www.anovapeneira.gal\/wp-content\/uploads\/2025\/10\/Patricia_Marino_CEIP_Leirado.jpg","type":"image\/jpeg"}],"author":"Redacci\u00f3n A Nova Peneira","twitter_card":"summary_large_image","twitter_creator":"@APeneira","twitter_site":"@APeneira","twitter_misc":{"Escrito por":"Redacci\u00f3n A Nova Peneira","Tempo de lectura":"4 minutos"},"schema":{"@context":"https:\/\/schema.org","@graph":[{"@type":"Article","@id":"https:\/\/www.anovapeneira.gal\/index.php\/2025\/10\/06\/o-bng-de-salvaterra-denuncia-a-escaseza-de-recursos-e-profesorado-en-todos-os-centros-de-ensino-do-concello\/#article","isPartOf":{"@id":"https:\/\/www.anovapeneira.gal\/index.php\/2025\/10\/06\/o-bng-de-salvaterra-denuncia-a-escaseza-de-recursos-e-profesorado-en-todos-os-centros-de-ensino-do-concello\/"},"author":{"name":"Redacci\u00f3n A Nova Peneira","@id":"https:\/\/www.anovapeneira.gal\/#\/schema\/person\/b93e3f8932e3f8da96334607eb6ac6aa"},"headline":"O BNG de Salvaterra denuncia a escaseza de recursos e profesorado en todos os centros de ensino do concello","datePublished":"2025-10-06T08:00:20+00:00","mainEntityOfPage":{"@id":"https:\/\/www.anovapeneira.gal\/index.php\/2025\/10\/06\/o-bng-de-salvaterra-denuncia-a-escaseza-de-recursos-e-profesorado-en-todos-os-centros-de-ensino-do-concello\/"},"wordCount":610,"commentCount":0,"publisher":{"@id":"https:\/\/www.anovapeneira.gal\/#organization"},"image":{"@id":"https:\/\/www.anovapeneira.gal\/index.php\/2025\/10\/06\/o-bng-de-salvaterra-denuncia-a-escaseza-de-recursos-e-profesorado-en-todos-os-centros-de-ensino-do-concello\/#primaryimage"},"thumbnailUrl":"https:\/\/www.anovapeneira.gal\/wp-content\/uploads\/2025\/10\/Patricia_Marino_CEIP_Leirado.jpg","keywords":["Concello de Salvaterra do Mi\u00f1o"],"articleSection":["Condado"],"inLanguage":"gl-ES","potentialAction":[{"@type":"CommentAction","name":"Comment","target":["https:\/\/www.anovapeneira.gal\/index.php\/2025\/10\/06\/o-bng-de-salvaterra-denuncia-a-escaseza-de-recursos-e-profesorado-en-todos-os-centros-de-ensino-do-concello\/#respond"]}]},{"@type":"WebPage","@id":"https:\/\/www.anovapeneira.gal\/index.php\/2025\/10\/06\/o-bng-de-salvaterra-denuncia-a-escaseza-de-recursos-e-profesorado-en-todos-os-centros-de-ensino-do-concello\/","url":"https:\/\/www.anovapeneira.gal\/index.php\/2025\/10\/06\/o-bng-de-salvaterra-denuncia-a-escaseza-de-recursos-e-profesorado-en-todos-os-centros-de-ensino-do-concello\/","name":"O BNG de Salvaterra denuncia a escaseza de recursos e profesorado en todos os centros de ensino do concello -","isPartOf":{"@id":"https:\/\/www.anovapeneira.gal\/#website"},"primaryImageOfPage":{"@id":"https:\/\/www.anovapeneira.gal\/index.php\/2025\/10\/06\/o-bng-de-salvaterra-denuncia-a-escaseza-de-recursos-e-profesorado-en-todos-os-centros-de-ensino-do-concello\/#primaryimage"},"image":{"@id":"https:\/\/www.anovapeneira.gal\/index.php\/2025\/10\/06\/o-bng-de-salvaterra-denuncia-a-escaseza-de-recursos-e-profesorado-en-todos-os-centros-de-ensino-do-concello\/#primaryimage"},"thumbnailUrl":"https:\/\/www.anovapeneira.gal\/wp-content\/uploads\/2025\/10\/Patricia_Marino_CEIP_Leirado.jpg","datePublished":"2025-10-06T08:00:20+00:00","breadcrumb":{"@id":"https:\/\/www.anovapeneira.gal\/index.php\/2025\/10\/06\/o-bng-de-salvaterra-denuncia-a-escaseza-de-recursos-e-profesorado-en-todos-os-centros-de-ensino-do-concello\/#breadcrumb"},"inLanguage":"gl-ES","potentialAction":[{"@type":"ReadAction","target":["https:\/\/www.anovapeneira.gal\/index.php\/2025\/10\/06\/o-bng-de-salvaterra-denuncia-a-escaseza-de-recursos-e-profesorado-en-todos-os-centros-de-ensino-do-concello\/"]}]},{"@type":"ImageObject","inLanguage":"gl-ES","@id":"https:\/\/www.anovapeneira.gal\/index.php\/2025\/10\/06\/o-bng-de-salvaterra-denuncia-a-escaseza-de-recursos-e-profesorado-en-todos-os-centros-de-ensino-do-concello\/#primaryimage","url":"https:\/\/www.anovapeneira.gal\/wp-content\/uploads\/2025\/10\/Patricia_Marino_CEIP_Leirado.jpg","contentUrl":"https:\/\/www.anovapeneira.gal\/wp-content\/uploads\/2025\/10\/Patricia_Marino_CEIP_Leirado.jpg","width":1366,"height":820},{"@type":"BreadcrumbList","@id":"https:\/\/www.anovapeneira.gal\/index.php\/2025\/10\/06\/o-bng-de-salvaterra-denuncia-a-escaseza-de-recursos-e-profesorado-en-todos-os-centros-de-ensino-do-concello\/#breadcrumb","itemListElement":[{"@type":"ListItem","position":1,"name":"Portada","item":"https:\/\/www.anovapeneira.gal\/"},{"@type":"ListItem","position":2,"name":"O BNG de Salvaterra denuncia a escaseza de recursos e profesorado en todos os centros de ensino do concello"}]},{"@type":"WebSite","@id":"https:\/\/www.anovapeneira.gal\/#website","url":"https:\/\/www.anovapeneira.gal\/","name":"","description":"Xornal galego de informaci\u00f3n xeral Publicaci\u00f3n mensual de novas de Galicia e en especial dos Concellos da sur da provincia de Pontevedra.","publisher":{"@id":"https:\/\/www.anovapeneira.gal\/#organization"},"potentialAction":[{"@type":"SearchAction","target":{"@type":"EntryPoint","urlTemplate":"https:\/\/www.anovapeneira.gal\/?s={search_term_string}"},"query-input":{"@type":"PropertyValueSpecification","valueRequired":true,"valueName":"search_term_string"}}],"inLanguage":"gl-ES"},{"@type":"Organization","@id":"https:\/\/www.anovapeneira.gal\/#organization","name":"A Nova Peneira","url":"https:\/\/www.anovapeneira.gal\/","logo":{"@type":"ImageObject","inLanguage":"gl-ES","@id":"https:\/\/www.anovapeneira.gal\/#\/schema\/logo\/image\/","url":"http:\/\/www.anovapeneira.gal\/wp-content\/uploads\/2019\/06\/logo_a_nova_peneira_portal_web.png","contentUrl":"http:\/\/www.anovapeneira.gal\/wp-content\/uploads\/2019\/06\/logo_a_nova_peneira_portal_web.png","width":300,"height":100,"caption":"A Nova Peneira"},"image":{"@id":"https:\/\/www.anovapeneira.gal\/#\/schema\/logo\/image\/"},"sameAs":["https:\/\/www.facebook.com\/anovapeneira","https:\/\/x.com\/APeneira"]},{"@type":"Person","@id":"https:\/\/www.anovapeneira.gal\/#\/schema\/person\/b93e3f8932e3f8da96334607eb6ac6aa","name":"Redacci\u00f3n A Nova Peneira","image":{"@type":"ImageObject","inLanguage":"gl-ES","@id":"https:\/\/secure.gravatar.com\/avatar\/c052a2551a06e23fac63626232eaa90abd78dbcf1700fc46a2b2c89fd27b735f?s=96&d=mm&r=g","url":"https:\/\/secure.gravatar.com\/avatar\/c052a2551a06e23fac63626232eaa90abd78dbcf1700fc46a2b2c89fd27b735f?s=96&d=mm&r=g","contentUrl":"https:\/\/secure.gravatar.com\/avatar\/c052a2551a06e23fac63626232eaa90abd78dbcf1700fc46a2b2c89fd27b735f?s=96&d=mm&r=g","caption":"Redacci\u00f3n A Nova Peneira"},"sameAs":["http:\/\/www.anovapeneira.gal\/"],"url":"https:\/\/www.anovapeneira.gal\/index.php\/author\/redactor\/"}]}},"jetpack_featured_media_url":"https:\/\/www.anovapeneira.gal\/wp-content\/uploads\/2025\/10\/Patricia_Marino_CEIP_Leirado.jpg","_links":{"self":[{"href":"https:\/\/www.anovapeneira.gal\/index.php\/wp-json\/wp\/v2\/posts\/14745","targetHints":{"allow":["GET"]}}],"collection":[{"href":"https:\/\/www.anovapeneira.gal\/index.php\/wp-json\/wp\/v2\/posts"}],"about":[{"href":"https:\/\/www.anovapeneira.gal\/index.php\/wp-json\/wp\/v2\/types\/post"}],"author":[{"embeddable":true,"href":"https:\/\/www.anovapeneira.gal\/index.php\/wp-json\/wp\/v2\/users\/3"}],"replies":[{"embeddable":true,"href":"https:\/\/www.anovapeneira.gal\/index.php\/wp-json\/wp\/v2\/comments?post=14745"}],"version-history":[{"count":1,"href":"https:\/\/www.anovapeneira.gal\/index.php\/wp-json\/wp\/v2\/posts\/14745\/revisions"}],"predecessor-version":[{"id":14747,"href":"https:\/\/www.anovapeneira.gal\/index.php\/wp-json\/wp\/v2\/posts\/14745\/revisions\/14747"}],"wp:featuredmedia":[{"embeddable":true,"href":"https:\/\/www.anovapeneira.gal\/index.php\/wp-json\/wp\/v2\/media\/14746"}],"wp:attachment":[{"href":"https:\/\/www.anovapeneira.gal\/index.php\/wp-json\/wp\/v2\/media?parent=14745"}],"wp:term":[{"taxonomy":"category","embeddable":true,"href":"https:\/\/www.anovapeneira.gal\/index.php\/wp-json\/wp\/v2\/categories?post=14745"},{"taxonomy":"post_tag","embeddable":true,"href":"https:\/\/www.anovapeneira.gal\/index.php\/wp-json\/wp\/v2\/tags?post=14745"}],"curies":[{"name":"wp","href":"https:\/\/api.w.org\/{rel}","templated":true}]}}