{"id":14752,"date":"2025-10-07T10:00:31","date_gmt":"2025-10-07T08:00:31","guid":{"rendered":"https:\/\/www.anovapeneira.gal\/?p=14752"},"modified":"2025-10-02T03:35:45","modified_gmt":"2025-10-02T01:35:45","slug":"as-anpas-de-redondela-alertan-do-atraso-inxustificable-nas-axudas-de-comedor-de-servizos-sociais","status":"publish","type":"post","link":"https:\/\/www.anovapeneira.gal\/index.php\/2025\/10\/07\/as-anpas-de-redondela-alertan-do-atraso-inxustificable-nas-axudas-de-comedor-de-servizos-sociais\/","title":{"rendered":"&#8220;As Anpas de Redondela alertan do atraso inxustificable nas axudas de comedor de Servizos Sociais&#8221;"},"content":{"rendered":"\n<p><strong>Xa preto de outubro, non se sabe que nenos e nenas son beneficiarios das axudas de Servizos Sociais, destinadas a familias que precisan deste recurso para que os seus fillos e fillas poidan acudir ao comedor.<\/strong><\/p>\n\n\n\n<p><strong>A demora xera problemas \u00e1s familias e carga de maneira indebida \u00e1s Anpas, obrigadas a asumir responsabilidades que non lles corresponden.<\/strong><\/p>\n\n\n\n<p><strong>As Anpas exisen que as axudas se resolvan antes do inicio de curso, e se modifique o procedemento no tocante ao papel das anpas na tramitaci\u00f3n de estas axudas<\/strong><\/p>\n\n\n\n<p><strong>Redondela, 26 de Setembro de 2025<\/strong><\/p>\n\n\n\n<p><br>A Federaci\u00f3n de Anpas de Redondela e as Anpas que a integran queren expresar o seu profundo malestar polo atraso na resoluci\u00f3n das <strong>axudas de comedor de Servizos Sociais<\/strong>, un problema que se repite nos \u00faltimos anos.<\/p>\n\n\n\n<p>Estas axudas, de car\u00e1cter nominativo, est\u00e1n destinadas a familias con dificultades socioecon\u00f3micas que necesitan utilizar o comedor escolar. A\u00ednda as\u00ed, en Redondela son as Anpas as encargadas de xustificar a subvenci\u00f3n, algo que non se entende e que debe <strong>mudar<\/strong>. A pesar deste punto, o m\u00e1is preocupante \u00e9 a <strong>tardanza por parte do Concello na resoluci\u00f3n das axudas<\/strong>.<\/p>\n\n\n\n<p>O retraso na resoluci\u00f3n provoca que moitas familias non env\u00eden aos seus fillos e fillas ao comedor por non saber se recibir\u00e1n a axuda, un aspecto que hai que ter moi en conta ao tratarse de familias con dificultades socioecon\u00f3micas.<\/p>\n\n\n\n<p>No curso pasado, a resoluci\u00f3n chegou a finais de outubro e, no ano 2023, no mes de febreiro do seguinte ano, unha situaci\u00f3n <strong>inaceptable<\/strong>.<\/p>\n\n\n\n<p>As Anpas colaboran coa mellor vontade, pero denuncian que se lles trasladan responsabilidades que non son da s\u00faa competencia, nunha situaci\u00f3n que lles \u00e9 allea e que \u00e9 responsabilidade total do concello.<\/p>\n\n\n\n<p>O Concello debe dar unha resposta urxente ante esta situaci\u00f3n, preocupante para as familias e completamente inxusta e irrespetuosa coa labor que realizan as Anpas na xesti\u00f3n dos comedores.<\/p>\n\n\n\n<p>Por iso, \u00e9 necesario:<\/p>\n\n\n\n<ul class=\"wp-block-list\">\n<li><strong>Que se produza de maneira urxente a resoluci\u00f3n do presente curso<\/strong><\/li>\n\n\n\n<li><strong>Que se garanta a resoluci\u00f3n das axudas antes do inicio do curso escolar nos pr\u00f3ximos anos.<\/strong><\/li>\n\n\n\n<li><strong>Que se modifique o procedemento, evitando que as Anpas te\u00f1an que asumir funci\u00f3ns que non lles corresponden.<\/strong><\/li>\n<\/ul>\n\n\n\n<p><\/p>\n\n\n\n<p><\/p>\n","protected":false},"excerpt":{"rendered":"<div class=\"mh-excerpt\"><p>Xa preto de outubro, non se sabe que nenos e nenas son beneficiarios das axudas de Servizos Sociais <a class=\"mh-excerpt-more\" href=\"https:\/\/www.anovapeneira.gal\/index.php\/2025\/10\/07\/as-anpas-de-redondela-alertan-do-atraso-inxustificable-nas-axudas-de-comedor-de-servizos-sociais\/\" title=\"&#8220;As Anpas de Redondela alertan do atraso inxustificable nas axudas de comedor de Servizos Sociais&#8221;\">[&#8230;]<\/a><\/p>\n<\/div>","protected":false},"author":3,"featured_media":14754,"comment_status":"open","ping_status":"open","sticky":false,"template":"","format":"standard","meta":{"_exactmetrics_skip_tracking":false,"_exactmetrics_sitenote_active":false,"_exactmetrics_sitenote_note":"","_exactmetrics_sitenote_category":0,"footnotes":""},"categories":[24],"tags":[171],"class_list":{"0":"post-14752","1":"post","2":"type-post","3":"status-publish","4":"format-standard","5":"has-post-thumbnail","7":"category-redondela","8":"tag-concello-de-redondela"},"yoast_head":"<!-- This site is optimized with the Yoast SEO plugin v27.4 - https:\/\/yoast.com\/product\/yoast-seo-wordpress\/ -->\n<title>&quot;As Anpas de Redondela alertan do atraso inxustificable nas axudas de comedor de Servizos Sociais&quot; -<\/title>\n<meta name=\"robots\" content=\"index, follow, max-snippet:-1, max-image-preview:large, max-video-preview:-1\" \/>\n<link rel=\"canonical\" href=\"https:\/\/www.anovapeneira.gal\/index.php\/2025\/10\/07\/as-anpas-de-redondela-alertan-do-atraso-inxustificable-nas-axudas-de-comedor-de-servizos-sociais\/\" \/>\n<meta property=\"og:locale\" content=\"gl_ES\" \/>\n<meta property=\"og:type\" content=\"article\" \/>\n<meta property=\"og:title\" content=\"&quot;As Anpas de Redondela alertan do atraso inxustificable nas axudas de comedor de Servizos Sociais&quot; -\" \/>\n<meta property=\"og:description\" content=\"Xa preto de outubro, non se sabe que nenos e nenas son beneficiarios das axudas de Servizos Sociais [...]\" \/>\n<meta property=\"og:url\" content=\"https:\/\/www.anovapeneira.gal\/index.php\/2025\/10\/07\/as-anpas-de-redondela-alertan-do-atraso-inxustificable-nas-axudas-de-comedor-de-servizos-sociais\/\" \/>\n<meta property=\"article:publisher\" content=\"https:\/\/www.facebook.com\/anovapeneira\" \/>\n<meta property=\"article:published_time\" content=\"2025-10-07T08:00:31+00:00\" \/>\n<meta property=\"og:image\" content=\"https:\/\/www.anovapeneira.gal\/wp-content\/uploads\/2025\/10\/ampas.jpg\" \/>\n\t<meta property=\"og:image:width\" content=\"1126\" \/>\n\t<meta property=\"og:image:height\" content=\"675\" \/>\n\t<meta property=\"og:image:type\" content=\"image\/jpeg\" \/>\n<meta name=\"author\" content=\"Redacci\u00f3n A Nova Peneira\" \/>\n<meta name=\"twitter:card\" content=\"summary_large_image\" \/>\n<meta name=\"twitter:creator\" content=\"@APeneira\" \/>\n<meta name=\"twitter:site\" content=\"@APeneira\" \/>\n<meta name=\"twitter:label1\" content=\"Escrito por\" \/>\n\t<meta name=\"twitter:data1\" content=\"Redacci\u00f3n A Nova Peneira\" \/>\n\t<meta name=\"twitter:label2\" content=\"Tempo de lectura\" \/>\n\t<meta name=\"twitter:data2\" content=\"3 minutos\" \/>\n<script type=\"application\/ld+json\" class=\"yoast-schema-graph\">{\"@context\":\"https:\\\/\\\/schema.org\",\"@graph\":[{\"@type\":\"Article\",\"@id\":\"https:\\\/\\\/www.anovapeneira.gal\\\/index.php\\\/2025\\\/10\\\/07\\\/as-anpas-de-redondela-alertan-do-atraso-inxustificable-nas-axudas-de-comedor-de-servizos-sociais\\\/#article\",\"isPartOf\":{\"@id\":\"https:\\\/\\\/www.anovapeneira.gal\\\/index.php\\\/2025\\\/10\\\/07\\\/as-anpas-de-redondela-alertan-do-atraso-inxustificable-nas-axudas-de-comedor-de-servizos-sociais\\\/\"},\"author\":{\"name\":\"Redacci\u00f3n A Nova Peneira\",\"@id\":\"https:\\\/\\\/www.anovapeneira.gal\\\/#\\\/schema\\\/person\\\/b93e3f8932e3f8da96334607eb6ac6aa\"},\"headline\":\"&#8220;As Anpas de Redondela alertan do atraso inxustificable nas axudas de comedor de Servizos Sociais&#8221;\",\"datePublished\":\"2025-10-07T08:00:31+00:00\",\"mainEntityOfPage\":{\"@id\":\"https:\\\/\\\/www.anovapeneira.gal\\\/index.php\\\/2025\\\/10\\\/07\\\/as-anpas-de-redondela-alertan-do-atraso-inxustificable-nas-axudas-de-comedor-de-servizos-sociais\\\/\"},\"wordCount\":393,\"commentCount\":0,\"publisher\":{\"@id\":\"https:\\\/\\\/www.anovapeneira.gal\\\/#organization\"},\"image\":{\"@id\":\"https:\\\/\\\/www.anovapeneira.gal\\\/index.php\\\/2025\\\/10\\\/07\\\/as-anpas-de-redondela-alertan-do-atraso-inxustificable-nas-axudas-de-comedor-de-servizos-sociais\\\/#primaryimage\"},\"thumbnailUrl\":\"https:\\\/\\\/www.anovapeneira.gal\\\/wp-content\\\/uploads\\\/2025\\\/10\\\/ampas.jpg\",\"keywords\":[\"Concello de Redondela\"],\"articleSection\":[\"Redondela\"],\"inLanguage\":\"gl-ES\",\"potentialAction\":[{\"@type\":\"CommentAction\",\"name\":\"Comment\",\"target\":[\"https:\\\/\\\/www.anovapeneira.gal\\\/index.php\\\/2025\\\/10\\\/07\\\/as-anpas-de-redondela-alertan-do-atraso-inxustificable-nas-axudas-de-comedor-de-servizos-sociais\\\/#respond\"]}]},{\"@type\":\"WebPage\",\"@id\":\"https:\\\/\\\/www.anovapeneira.gal\\\/index.php\\\/2025\\\/10\\\/07\\\/as-anpas-de-redondela-alertan-do-atraso-inxustificable-nas-axudas-de-comedor-de-servizos-sociais\\\/\",\"url\":\"https:\\\/\\\/www.anovapeneira.gal\\\/index.php\\\/2025\\\/10\\\/07\\\/as-anpas-de-redondela-alertan-do-atraso-inxustificable-nas-axudas-de-comedor-de-servizos-sociais\\\/\",\"name\":\"\\\"As Anpas de Redondela alertan do atraso inxustificable nas axudas de comedor de Servizos Sociais\\\" -\",\"isPartOf\":{\"@id\":\"https:\\\/\\\/www.anovapeneira.gal\\\/#website\"},\"primaryImageOfPage\":{\"@id\":\"https:\\\/\\\/www.anovapeneira.gal\\\/index.php\\\/2025\\\/10\\\/07\\\/as-anpas-de-redondela-alertan-do-atraso-inxustificable-nas-axudas-de-comedor-de-servizos-sociais\\\/#primaryimage\"},\"image\":{\"@id\":\"https:\\\/\\\/www.anovapeneira.gal\\\/index.php\\\/2025\\\/10\\\/07\\\/as-anpas-de-redondela-alertan-do-atraso-inxustificable-nas-axudas-de-comedor-de-servizos-sociais\\\/#primaryimage\"},\"thumbnailUrl\":\"https:\\\/\\\/www.anovapeneira.gal\\\/wp-content\\\/uploads\\\/2025\\\/10\\\/ampas.jpg\",\"datePublished\":\"2025-10-07T08:00:31+00:00\",\"breadcrumb\":{\"@id\":\"https:\\\/\\\/www.anovapeneira.gal\\\/index.php\\\/2025\\\/10\\\/07\\\/as-anpas-de-redondela-alertan-do-atraso-inxustificable-nas-axudas-de-comedor-de-servizos-sociais\\\/#breadcrumb\"},\"inLanguage\":\"gl-ES\",\"potentialAction\":[{\"@type\":\"ReadAction\",\"target\":[\"https:\\\/\\\/www.anovapeneira.gal\\\/index.php\\\/2025\\\/10\\\/07\\\/as-anpas-de-redondela-alertan-do-atraso-inxustificable-nas-axudas-de-comedor-de-servizos-sociais\\\/\"]}]},{\"@type\":\"ImageObject\",\"inLanguage\":\"gl-ES\",\"@id\":\"https:\\\/\\\/www.anovapeneira.gal\\\/index.php\\\/2025\\\/10\\\/07\\\/as-anpas-de-redondela-alertan-do-atraso-inxustificable-nas-axudas-de-comedor-de-servizos-sociais\\\/#primaryimage\",\"url\":\"https:\\\/\\\/www.anovapeneira.gal\\\/wp-content\\\/uploads\\\/2025\\\/10\\\/ampas.jpg\",\"contentUrl\":\"https:\\\/\\\/www.anovapeneira.gal\\\/wp-content\\\/uploads\\\/2025\\\/10\\\/ampas.jpg\",\"width\":1126,\"height\":675},{\"@type\":\"BreadcrumbList\",\"@id\":\"https:\\\/\\\/www.anovapeneira.gal\\\/index.php\\\/2025\\\/10\\\/07\\\/as-anpas-de-redondela-alertan-do-atraso-inxustificable-nas-axudas-de-comedor-de-servizos-sociais\\\/#breadcrumb\",\"itemListElement\":[{\"@type\":\"ListItem\",\"position\":1,\"name\":\"Portada\",\"item\":\"https:\\\/\\\/www.anovapeneira.gal\\\/\"},{\"@type\":\"ListItem\",\"position\":2,\"name\":\"&#8220;As Anpas de Redondela alertan do atraso inxustificable nas axudas de comedor de Servizos Sociais&#8221;\"}]},{\"@type\":\"WebSite\",\"@id\":\"https:\\\/\\\/www.anovapeneira.gal\\\/#website\",\"url\":\"https:\\\/\\\/www.anovapeneira.gal\\\/\",\"name\":\"\",\"description\":\"Xornal galego de informaci\u00f3n xeral Publicaci\u00f3n mensual de novas de Galicia e en especial dos Concellos da sur da provincia de Pontevedra.\",\"publisher\":{\"@id\":\"https:\\\/\\\/www.anovapeneira.gal\\\/#organization\"},\"potentialAction\":[{\"@type\":\"SearchAction\",\"target\":{\"@type\":\"EntryPoint\",\"urlTemplate\":\"https:\\\/\\\/www.anovapeneira.gal\\\/?s={search_term_string}\"},\"query-input\":{\"@type\":\"PropertyValueSpecification\",\"valueRequired\":true,\"valueName\":\"search_term_string\"}}],\"inLanguage\":\"gl-ES\"},{\"@type\":\"Organization\",\"@id\":\"https:\\\/\\\/www.anovapeneira.gal\\\/#organization\",\"name\":\"A Nova Peneira\",\"url\":\"https:\\\/\\\/www.anovapeneira.gal\\\/\",\"logo\":{\"@type\":\"ImageObject\",\"inLanguage\":\"gl-ES\",\"@id\":\"https:\\\/\\\/www.anovapeneira.gal\\\/#\\\/schema\\\/logo\\\/image\\\/\",\"url\":\"http:\\\/\\\/www.anovapeneira.gal\\\/wp-content\\\/uploads\\\/2019\\\/06\\\/logo_a_nova_peneira_portal_web.png\",\"contentUrl\":\"http:\\\/\\\/www.anovapeneira.gal\\\/wp-content\\\/uploads\\\/2019\\\/06\\\/logo_a_nova_peneira_portal_web.png\",\"width\":300,\"height\":100,\"caption\":\"A Nova Peneira\"},\"image\":{\"@id\":\"https:\\\/\\\/www.anovapeneira.gal\\\/#\\\/schema\\\/logo\\\/image\\\/\"},\"sameAs\":[\"https:\\\/\\\/www.facebook.com\\\/anovapeneira\",\"https:\\\/\\\/x.com\\\/APeneira\"]},{\"@type\":\"Person\",\"@id\":\"https:\\\/\\\/www.anovapeneira.gal\\\/#\\\/schema\\\/person\\\/b93e3f8932e3f8da96334607eb6ac6aa\",\"name\":\"Redacci\u00f3n A Nova Peneira\",\"image\":{\"@type\":\"ImageObject\",\"inLanguage\":\"gl-ES\",\"@id\":\"https:\\\/\\\/secure.gravatar.com\\\/avatar\\\/c052a2551a06e23fac63626232eaa90abd78dbcf1700fc46a2b2c89fd27b735f?s=96&d=mm&r=g\",\"url\":\"https:\\\/\\\/secure.gravatar.com\\\/avatar\\\/c052a2551a06e23fac63626232eaa90abd78dbcf1700fc46a2b2c89fd27b735f?s=96&d=mm&r=g\",\"contentUrl\":\"https:\\\/\\\/secure.gravatar.com\\\/avatar\\\/c052a2551a06e23fac63626232eaa90abd78dbcf1700fc46a2b2c89fd27b735f?s=96&d=mm&r=g\",\"caption\":\"Redacci\u00f3n A Nova Peneira\"},\"sameAs\":[\"http:\\\/\\\/www.anovapeneira.gal\\\/\"],\"url\":\"https:\\\/\\\/www.anovapeneira.gal\\\/index.php\\\/author\\\/redactor\\\/\"}]}<\/script>\n<!-- \/ Yoast SEO plugin. -->","yoast_head_json":{"title":"\"As Anpas de Redondela alertan do atraso inxustificable nas axudas de comedor de Servizos Sociais\" -","robots":{"index":"index","follow":"follow","max-snippet":"max-snippet:-1","max-image-preview":"max-image-preview:large","max-video-preview":"max-video-preview:-1"},"canonical":"https:\/\/www.anovapeneira.gal\/index.php\/2025\/10\/07\/as-anpas-de-redondela-alertan-do-atraso-inxustificable-nas-axudas-de-comedor-de-servizos-sociais\/","og_locale":"gl_ES","og_type":"article","og_title":"\"As Anpas de Redondela alertan do atraso inxustificable nas axudas de comedor de Servizos Sociais\" -","og_description":"Xa preto de outubro, non se sabe que nenos e nenas son beneficiarios das axudas de Servizos Sociais [...]","og_url":"https:\/\/www.anovapeneira.gal\/index.php\/2025\/10\/07\/as-anpas-de-redondela-alertan-do-atraso-inxustificable-nas-axudas-de-comedor-de-servizos-sociais\/","article_publisher":"https:\/\/www.facebook.com\/anovapeneira","article_published_time":"2025-10-07T08:00:31+00:00","og_image":[{"width":1126,"height":675,"url":"https:\/\/www.anovapeneira.gal\/wp-content\/uploads\/2025\/10\/ampas.jpg","type":"image\/jpeg"}],"author":"Redacci\u00f3n A Nova Peneira","twitter_card":"summary_large_image","twitter_creator":"@APeneira","twitter_site":"@APeneira","twitter_misc":{"Escrito por":"Redacci\u00f3n A Nova Peneira","Tempo de lectura":"3 minutos"},"schema":{"@context":"https:\/\/schema.org","@graph":[{"@type":"Article","@id":"https:\/\/www.anovapeneira.gal\/index.php\/2025\/10\/07\/as-anpas-de-redondela-alertan-do-atraso-inxustificable-nas-axudas-de-comedor-de-servizos-sociais\/#article","isPartOf":{"@id":"https:\/\/www.anovapeneira.gal\/index.php\/2025\/10\/07\/as-anpas-de-redondela-alertan-do-atraso-inxustificable-nas-axudas-de-comedor-de-servizos-sociais\/"},"author":{"name":"Redacci\u00f3n A Nova Peneira","@id":"https:\/\/www.anovapeneira.gal\/#\/schema\/person\/b93e3f8932e3f8da96334607eb6ac6aa"},"headline":"&#8220;As Anpas de Redondela alertan do atraso inxustificable nas axudas de comedor de Servizos Sociais&#8221;","datePublished":"2025-10-07T08:00:31+00:00","mainEntityOfPage":{"@id":"https:\/\/www.anovapeneira.gal\/index.php\/2025\/10\/07\/as-anpas-de-redondela-alertan-do-atraso-inxustificable-nas-axudas-de-comedor-de-servizos-sociais\/"},"wordCount":393,"commentCount":0,"publisher":{"@id":"https:\/\/www.anovapeneira.gal\/#organization"},"image":{"@id":"https:\/\/www.anovapeneira.gal\/index.php\/2025\/10\/07\/as-anpas-de-redondela-alertan-do-atraso-inxustificable-nas-axudas-de-comedor-de-servizos-sociais\/#primaryimage"},"thumbnailUrl":"https:\/\/www.anovapeneira.gal\/wp-content\/uploads\/2025\/10\/ampas.jpg","keywords":["Concello de Redondela"],"articleSection":["Redondela"],"inLanguage":"gl-ES","potentialAction":[{"@type":"CommentAction","name":"Comment","target":["https:\/\/www.anovapeneira.gal\/index.php\/2025\/10\/07\/as-anpas-de-redondela-alertan-do-atraso-inxustificable-nas-axudas-de-comedor-de-servizos-sociais\/#respond"]}]},{"@type":"WebPage","@id":"https:\/\/www.anovapeneira.gal\/index.php\/2025\/10\/07\/as-anpas-de-redondela-alertan-do-atraso-inxustificable-nas-axudas-de-comedor-de-servizos-sociais\/","url":"https:\/\/www.anovapeneira.gal\/index.php\/2025\/10\/07\/as-anpas-de-redondela-alertan-do-atraso-inxustificable-nas-axudas-de-comedor-de-servizos-sociais\/","name":"\"As Anpas de Redondela alertan do atraso inxustificable nas axudas de comedor de Servizos Sociais\" -","isPartOf":{"@id":"https:\/\/www.anovapeneira.gal\/#website"},"primaryImageOfPage":{"@id":"https:\/\/www.anovapeneira.gal\/index.php\/2025\/10\/07\/as-anpas-de-redondela-alertan-do-atraso-inxustificable-nas-axudas-de-comedor-de-servizos-sociais\/#primaryimage"},"image":{"@id":"https:\/\/www.anovapeneira.gal\/index.php\/2025\/10\/07\/as-anpas-de-redondela-alertan-do-atraso-inxustificable-nas-axudas-de-comedor-de-servizos-sociais\/#primaryimage"},"thumbnailUrl":"https:\/\/www.anovapeneira.gal\/wp-content\/uploads\/2025\/10\/ampas.jpg","datePublished":"2025-10-07T08:00:31+00:00","breadcrumb":{"@id":"https:\/\/www.anovapeneira.gal\/index.php\/2025\/10\/07\/as-anpas-de-redondela-alertan-do-atraso-inxustificable-nas-axudas-de-comedor-de-servizos-sociais\/#breadcrumb"},"inLanguage":"gl-ES","potentialAction":[{"@type":"ReadAction","target":["https:\/\/www.anovapeneira.gal\/index.php\/2025\/10\/07\/as-anpas-de-redondela-alertan-do-atraso-inxustificable-nas-axudas-de-comedor-de-servizos-sociais\/"]}]},{"@type":"ImageObject","inLanguage":"gl-ES","@id":"https:\/\/www.anovapeneira.gal\/index.php\/2025\/10\/07\/as-anpas-de-redondela-alertan-do-atraso-inxustificable-nas-axudas-de-comedor-de-servizos-sociais\/#primaryimage","url":"https:\/\/www.anovapeneira.gal\/wp-content\/uploads\/2025\/10\/ampas.jpg","contentUrl":"https:\/\/www.anovapeneira.gal\/wp-content\/uploads\/2025\/10\/ampas.jpg","width":1126,"height":675},{"@type":"BreadcrumbList","@id":"https:\/\/www.anovapeneira.gal\/index.php\/2025\/10\/07\/as-anpas-de-redondela-alertan-do-atraso-inxustificable-nas-axudas-de-comedor-de-servizos-sociais\/#breadcrumb","itemListElement":[{"@type":"ListItem","position":1,"name":"Portada","item":"https:\/\/www.anovapeneira.gal\/"},{"@type":"ListItem","position":2,"name":"&#8220;As Anpas de Redondela alertan do atraso inxustificable nas axudas de comedor de Servizos Sociais&#8221;"}]},{"@type":"WebSite","@id":"https:\/\/www.anovapeneira.gal\/#website","url":"https:\/\/www.anovapeneira.gal\/","name":"","description":"Xornal galego de informaci\u00f3n xeral Publicaci\u00f3n mensual de novas de Galicia e en especial dos Concellos da sur da provincia de Pontevedra.","publisher":{"@id":"https:\/\/www.anovapeneira.gal\/#organization"},"potentialAction":[{"@type":"SearchAction","target":{"@type":"EntryPoint","urlTemplate":"https:\/\/www.anovapeneira.gal\/?s={search_term_string}"},"query-input":{"@type":"PropertyValueSpecification","valueRequired":true,"valueName":"search_term_string"}}],"inLanguage":"gl-ES"},{"@type":"Organization","@id":"https:\/\/www.anovapeneira.gal\/#organization","name":"A Nova Peneira","url":"https:\/\/www.anovapeneira.gal\/","logo":{"@type":"ImageObject","inLanguage":"gl-ES","@id":"https:\/\/www.anovapeneira.gal\/#\/schema\/logo\/image\/","url":"http:\/\/www.anovapeneira.gal\/wp-content\/uploads\/2019\/06\/logo_a_nova_peneira_portal_web.png","contentUrl":"http:\/\/www.anovapeneira.gal\/wp-content\/uploads\/2019\/06\/logo_a_nova_peneira_portal_web.png","width":300,"height":100,"caption":"A Nova Peneira"},"image":{"@id":"https:\/\/www.anovapeneira.gal\/#\/schema\/logo\/image\/"},"sameAs":["https:\/\/www.facebook.com\/anovapeneira","https:\/\/x.com\/APeneira"]},{"@type":"Person","@id":"https:\/\/www.anovapeneira.gal\/#\/schema\/person\/b93e3f8932e3f8da96334607eb6ac6aa","name":"Redacci\u00f3n A Nova Peneira","image":{"@type":"ImageObject","inLanguage":"gl-ES","@id":"https:\/\/secure.gravatar.com\/avatar\/c052a2551a06e23fac63626232eaa90abd78dbcf1700fc46a2b2c89fd27b735f?s=96&d=mm&r=g","url":"https:\/\/secure.gravatar.com\/avatar\/c052a2551a06e23fac63626232eaa90abd78dbcf1700fc46a2b2c89fd27b735f?s=96&d=mm&r=g","contentUrl":"https:\/\/secure.gravatar.com\/avatar\/c052a2551a06e23fac63626232eaa90abd78dbcf1700fc46a2b2c89fd27b735f?s=96&d=mm&r=g","caption":"Redacci\u00f3n A Nova Peneira"},"sameAs":["http:\/\/www.anovapeneira.gal\/"],"url":"https:\/\/www.anovapeneira.gal\/index.php\/author\/redactor\/"}]}},"jetpack_featured_media_url":"https:\/\/www.anovapeneira.gal\/wp-content\/uploads\/2025\/10\/ampas.jpg","_links":{"self":[{"href":"https:\/\/www.anovapeneira.gal\/index.php\/wp-json\/wp\/v2\/posts\/14752","targetHints":{"allow":["GET"]}}],"collection":[{"href":"https:\/\/www.anovapeneira.gal\/index.php\/wp-json\/wp\/v2\/posts"}],"about":[{"href":"https:\/\/www.anovapeneira.gal\/index.php\/wp-json\/wp\/v2\/types\/post"}],"author":[{"embeddable":true,"href":"https:\/\/www.anovapeneira.gal\/index.php\/wp-json\/wp\/v2\/users\/3"}],"replies":[{"embeddable":true,"href":"https:\/\/www.anovapeneira.gal\/index.php\/wp-json\/wp\/v2\/comments?post=14752"}],"version-history":[{"count":1,"href":"https:\/\/www.anovapeneira.gal\/index.php\/wp-json\/wp\/v2\/posts\/14752\/revisions"}],"predecessor-version":[{"id":14755,"href":"https:\/\/www.anovapeneira.gal\/index.php\/wp-json\/wp\/v2\/posts\/14752\/revisions\/14755"}],"wp:featuredmedia":[{"embeddable":true,"href":"https:\/\/www.anovapeneira.gal\/index.php\/wp-json\/wp\/v2\/media\/14754"}],"wp:attachment":[{"href":"https:\/\/www.anovapeneira.gal\/index.php\/wp-json\/wp\/v2\/media?parent=14752"}],"wp:term":[{"taxonomy":"category","embeddable":true,"href":"https:\/\/www.anovapeneira.gal\/index.php\/wp-json\/wp\/v2\/categories?post=14752"},{"taxonomy":"post_tag","embeddable":true,"href":"https:\/\/www.anovapeneira.gal\/index.php\/wp-json\/wp\/v2\/tags?post=14752"}],"curies":[{"name":"wp","href":"https:\/\/api.w.org\/{rel}","templated":true}]}}