{"id":14756,"date":"2025-10-07T12:00:11","date_gmt":"2025-10-07T10:00:11","guid":{"rendered":"https:\/\/www.anovapeneira.gal\/?p=14756"},"modified":"2025-10-02T03:36:00","modified_gmt":"2025-10-02T01:36:00","slug":"celia-rico-sera-a-titora-da-iii-residencia-ficbueu-que-tera-lugar-na-illa-de-ons","status":"publish","type":"post","link":"https:\/\/www.anovapeneira.gal\/index.php\/2025\/10\/07\/celia-rico-sera-a-titora-da-iii-residencia-ficbueu-que-tera-lugar-na-illa-de-ons\/","title":{"rendered":"Celia Rico ser\u00e1 a titora da III Residencia FICBUEU, que ter\u00e1 lugar na Illa de Ons"},"content":{"rendered":"\n<h2 class=\"wp-block-heading\">A guionista e directora de cine Celia Rico liderar\u00e1 unha semana de traballo inmersivo na Illa de Ons<\/h2>\n\n\n\n<p>A convocatoria da III Residencia FICBUEU pechou cun r\u00e9cord de participaci\u00f3n: m\u00e1is de 200 propostas recibidas para optar a unha das cinco prazas deste programa formativo dedicado ao tratamento integral de curtametraxes&nbsp;<\/p>\n\n\n\n<p>A residencia celebrarase do 15 ao 21 de outubro nunha contorna \u00fanica: a Illa de Ons<a href=\"https:\/\/drive.google.com\/drive\/folders\/1rS6s3zX_bXKdqwMjw1csK97AeMTvWeKH?usp=drive_link\"><\/a><\/p>\n\n\n\n<p><strong>Bueu, 25 de setembro do 2025 &#8211;<\/strong> Durante sete d\u00edas, cinco cineastas vivir\u00e1n unha experiencia inmersiva. A encargada de guiar, como titora, o proceso creativo ser\u00e1 a guionista e directora <strong>Celia Rico<\/strong>, unha das cineastas m\u00e1is destacadas dos \u00faltimos anos. No ano 2018 estreou no Festival de Cine de San Sebasti\u00e1n a s\u00faa \u00f3pera prima <em>Viaje al cuarto de una madre<\/em>, coa que ga\u00f1ou un premio Gaud\u00ed ao mellor gui\u00f3n. A s\u00faa segunda e terceira longametraxe, <em>Los peque\u00f1os amores<\/em> (2024) e <em>La buena letra<\/em> (2025), foron estreadas no Festival de M\u00e1laga, onde recibiron varios reco\u00f1ecementos. Para o p\u00fablico infantil escribiu o proxecto de animaci\u00f3n <em>Mironins<\/em> (2022), que obtivo un premio Gaud\u00ed \u00e1 mellor pel\u00edcula de animaci\u00f3n.<\/p>\n\n\n\n<p><strong>Do 15 ao 21 de outubro<\/strong>, cinco cineastas vivir\u00e1n unha experiencia inmersiva na Illa de Ons, un enclave natural \u00fanico que ofrece un contexto privilexiado para o proceso creativo. Ao longo da residencia, estar\u00e1n acompa\u00f1adas por un equipo de profesionais de referencia no sector audiovisual.<\/p>\n\n\n\n<p>Celia Rico acompa\u00f1ar\u00e1 de maneira continuada \u00e1s participantes durante toda a semana, ofrecendo titor\u00edas individualizadas e espazos de traballo conxunto. Completan o equipo para as formaci\u00f3ns espec\u00edficas outras profesionais como a compositora e pedagoga musical <strong>Eva Gancedo<\/strong>, especializada en m\u00fasica para cine, reco\u00f1ecida cun Premio Goya pola s\u00faa banda sonora para <em>La buena estrella<\/em> e cunha ampla traxectoria avalada por m\u00faltiples galard\u00f3ns. A cineasta <strong>Noemi Chantada<\/strong>, que nos \u00faltimos anos ampliou a s\u00faa actividade ao eido da direcci\u00f3n de casting en filmes como <em>O Corno<\/em> de Jaione Camborda, ou <em>Romer\u00eda <\/em>de Carla Sim\u00f3n. Xunto a elas, regresa <strong>Luc\u00eda Delgado<\/strong>, actriz e pioneira na coordinaci\u00f3n de intimidade en Espa\u00f1a a trav\u00e9s de <em>Intimact<\/em>. Especializada na asesor\u00eda sobre diversidade e no acompa\u00f1amento psicol\u00f3xico en rodaxes, centra tam\u00e9n o seu traballo na divulgaci\u00f3n e formaci\u00f3n sobre o consentimento e a representaci\u00f3n da intimidade en pantalla.<\/p>\n\n\n\n<p>Estas profesionais guiar\u00e1n \u00e1s persoas residentes a trav\u00e9s dun modelo formativo que combina actividades compartidas con titor\u00edas personalizadas en cada un dos proxectos.<\/p>\n\n\n\n<p>As cinco persoas seleccionadas para participar na III Residencia FICBUEU son:<\/p>\n\n\n\n<ul class=\"wp-block-list\">\n<li><strong>Paula Costa<\/strong>, que traballar\u00e1 en <em>A tu manera<\/em>, un filme que combina realismo e ciencia ficci\u00f3n para explorar as relaci\u00f3ns entre diversos personaxes femininos.<\/li>\n\n\n\n<li><strong>Sara Ferro<\/strong>, desenvolver\u00e1 <em>N\u00e9meto<\/em>, unha curtametraxe profundamente enraizada no folclore galego.<\/li>\n\n\n\n<li><strong>Andrea S\u00e1nchez<\/strong>, que levar\u00e1 a cabo o seu proxecto <em>Vengo de la plaza<\/em>, unha proposta que sit\u00faa o d\u00f3 como eixo central da narrativa.<\/li>\n\n\n\n<li><strong>Aura Sala<\/strong>, traballar\u00e1 en <em>Un lloc segur<\/em>, unha curtametraxe de ficci\u00f3n e x\u00e9nero dram\u00e1tico que ten a transmasculinidade como tema principal.<\/li>\n\n\n\n<li><strong>Sara Traba<\/strong>, participar\u00e1 coa s\u00faa proposta <em>As c\u00e1rcavas<\/em>, un traballo que reflexiona sobre a comunicaci\u00f3n, a memoria e o paso do tempo.\u00a0<\/li>\n<\/ul>\n\n\n\n<p>O programa persegue dous grandes obxectivos: fortalecer a calidade e viabilidade dos proxectos, afondando na visi\u00f3n autoral de cada creadora, e proporcionar ferramentas interdisciplinares que melloren o proceso creativo e produtivo.<\/p>\n\n\n\n<p>A <strong>III Residencia FICBUEU<\/strong> consol\u00eddase as\u00ed como un espazo \u00fanico para a creaci\u00f3n, o encontro e a formaci\u00f3n de novas voces no \u00e1mbito do desenvolvemento de proxectos de curtametraxe.<\/p>\n\n\n\n<p><strong>Peche da 18\u00aa edici\u00f3n do FICBUEU<\/strong><\/p>\n\n\n\n<p>A 18\u00aa edici\u00f3n do FICBUEU pechou as s\u00faas portas cun notable \u00e9xito de participaci\u00f3n, rexistrando un incremento de asistencia en todas as secci\u00f3ns competitivas. Destacou especialmente a alta afluencia aos coloquios diarios, que contaron cunha participaci\u00f3n r\u00e9cord propiciando encontros enriquecedores entre o p\u00fablico e as e os cineastas convidados.<\/p>\n\n\n\n<p>O festival consol\u00eddase as\u00ed, un ano m\u00e1is, como unha cita cultural de referencia tanto para a veci\u00f1anza da comarca do Morrazo como para o conxunto do panorama cinematogr\u00e1fico, reafirmando o seu papel como evento imprescindible do mes de setembro.<\/p>\n","protected":false},"excerpt":{"rendered":"<div class=\"mh-excerpt\"><p>A guionista e directora de cine Celia Rico liderar\u00e1 unha semana de traballo inmersivo na Illa de Ons <a class=\"mh-excerpt-more\" href=\"https:\/\/www.anovapeneira.gal\/index.php\/2025\/10\/07\/celia-rico-sera-a-titora-da-iii-residencia-ficbueu-que-tera-lugar-na-illa-de-ons\/\" title=\"Celia Rico ser\u00e1 a titora da III Residencia FICBUEU, que ter\u00e1 lugar na Illa de Ons\">[&#8230;]<\/a><\/p>\n<\/div>","protected":false},"author":3,"featured_media":14759,"comment_status":"open","ping_status":"open","sticky":false,"template":"","format":"standard","meta":{"_exactmetrics_skip_tracking":false,"_exactmetrics_sitenote_active":false,"_exactmetrics_sitenote_note":"","_exactmetrics_sitenote_category":0,"footnotes":""},"categories":[22],"tags":[440],"class_list":{"0":"post-14756","1":"post","2":"type-post","3":"status-publish","4":"format-standard","5":"has-post-thumbnail","7":"category-morrazo","8":"tag-concello-de-bueu"},"yoast_head":"<!-- This site is optimized with the Yoast SEO plugin v27.4 - https:\/\/yoast.com\/product\/yoast-seo-wordpress\/ -->\n<title>Celia Rico ser\u00e1 a titora da III Residencia FICBUEU, que ter\u00e1 lugar na Illa de Ons -<\/title>\n<meta name=\"robots\" content=\"index, follow, max-snippet:-1, max-image-preview:large, max-video-preview:-1\" \/>\n<link rel=\"canonical\" href=\"https:\/\/www.anovapeneira.gal\/index.php\/2025\/10\/07\/celia-rico-sera-a-titora-da-iii-residencia-ficbueu-que-tera-lugar-na-illa-de-ons\/\" \/>\n<meta property=\"og:locale\" content=\"gl_ES\" \/>\n<meta property=\"og:type\" content=\"article\" \/>\n<meta property=\"og:title\" content=\"Celia Rico ser\u00e1 a titora da III Residencia FICBUEU, que ter\u00e1 lugar na Illa de Ons -\" \/>\n<meta property=\"og:description\" content=\"A guionista e directora de cine Celia Rico liderar\u00e1 unha semana de traballo inmersivo na Illa de Ons [...]\" \/>\n<meta property=\"og:url\" content=\"https:\/\/www.anovapeneira.gal\/index.php\/2025\/10\/07\/celia-rico-sera-a-titora-da-iii-residencia-ficbueu-que-tera-lugar-na-illa-de-ons\/\" \/>\n<meta property=\"article:publisher\" content=\"https:\/\/www.facebook.com\/anovapeneira\" \/>\n<meta property=\"article:published_time\" content=\"2025-10-07T10:00:11+00:00\" \/>\n<meta property=\"og:image\" content=\"https:\/\/www.anovapeneira.gal\/wp-content\/uploads\/2025\/10\/Residencia_FICBUEU_2024-scaled.jpg\" \/>\n\t<meta property=\"og:image:width\" content=\"2560\" \/>\n\t<meta property=\"og:image:height\" content=\"1536\" \/>\n\t<meta property=\"og:image:type\" content=\"image\/jpeg\" \/>\n<meta name=\"author\" content=\"Redacci\u00f3n A Nova Peneira\" \/>\n<meta name=\"twitter:card\" content=\"summary_large_image\" \/>\n<meta name=\"twitter:creator\" content=\"@APeneira\" \/>\n<meta name=\"twitter:site\" content=\"@APeneira\" \/>\n<meta name=\"twitter:label1\" content=\"Escrito por\" \/>\n\t<meta name=\"twitter:data1\" content=\"Redacci\u00f3n A Nova Peneira\" \/>\n\t<meta name=\"twitter:label2\" content=\"Tempo de lectura\" \/>\n\t<meta name=\"twitter:data2\" content=\"4 minutos\" \/>\n<script type=\"application\/ld+json\" class=\"yoast-schema-graph\">{\"@context\":\"https:\\\/\\\/schema.org\",\"@graph\":[{\"@type\":\"Article\",\"@id\":\"https:\\\/\\\/www.anovapeneira.gal\\\/index.php\\\/2025\\\/10\\\/07\\\/celia-rico-sera-a-titora-da-iii-residencia-ficbueu-que-tera-lugar-na-illa-de-ons\\\/#article\",\"isPartOf\":{\"@id\":\"https:\\\/\\\/www.anovapeneira.gal\\\/index.php\\\/2025\\\/10\\\/07\\\/celia-rico-sera-a-titora-da-iii-residencia-ficbueu-que-tera-lugar-na-illa-de-ons\\\/\"},\"author\":{\"name\":\"Redacci\u00f3n A Nova Peneira\",\"@id\":\"https:\\\/\\\/www.anovapeneira.gal\\\/#\\\/schema\\\/person\\\/b93e3f8932e3f8da96334607eb6ac6aa\"},\"headline\":\"Celia Rico ser\u00e1 a titora da III Residencia FICBUEU, que ter\u00e1 lugar na Illa de Ons\",\"datePublished\":\"2025-10-07T10:00:11+00:00\",\"mainEntityOfPage\":{\"@id\":\"https:\\\/\\\/www.anovapeneira.gal\\\/index.php\\\/2025\\\/10\\\/07\\\/celia-rico-sera-a-titora-da-iii-residencia-ficbueu-que-tera-lugar-na-illa-de-ons\\\/\"},\"wordCount\":737,\"commentCount\":0,\"publisher\":{\"@id\":\"https:\\\/\\\/www.anovapeneira.gal\\\/#organization\"},\"image\":{\"@id\":\"https:\\\/\\\/www.anovapeneira.gal\\\/index.php\\\/2025\\\/10\\\/07\\\/celia-rico-sera-a-titora-da-iii-residencia-ficbueu-que-tera-lugar-na-illa-de-ons\\\/#primaryimage\"},\"thumbnailUrl\":\"https:\\\/\\\/www.anovapeneira.gal\\\/wp-content\\\/uploads\\\/2025\\\/10\\\/Residencia_FICBUEU_2024-scaled.jpg\",\"keywords\":[\"Concello de Bueu\"],\"articleSection\":[\"Morrazo\"],\"inLanguage\":\"gl-ES\",\"potentialAction\":[{\"@type\":\"CommentAction\",\"name\":\"Comment\",\"target\":[\"https:\\\/\\\/www.anovapeneira.gal\\\/index.php\\\/2025\\\/10\\\/07\\\/celia-rico-sera-a-titora-da-iii-residencia-ficbueu-que-tera-lugar-na-illa-de-ons\\\/#respond\"]}]},{\"@type\":\"WebPage\",\"@id\":\"https:\\\/\\\/www.anovapeneira.gal\\\/index.php\\\/2025\\\/10\\\/07\\\/celia-rico-sera-a-titora-da-iii-residencia-ficbueu-que-tera-lugar-na-illa-de-ons\\\/\",\"url\":\"https:\\\/\\\/www.anovapeneira.gal\\\/index.php\\\/2025\\\/10\\\/07\\\/celia-rico-sera-a-titora-da-iii-residencia-ficbueu-que-tera-lugar-na-illa-de-ons\\\/\",\"name\":\"Celia Rico ser\u00e1 a titora da III Residencia FICBUEU, que ter\u00e1 lugar na Illa de Ons -\",\"isPartOf\":{\"@id\":\"https:\\\/\\\/www.anovapeneira.gal\\\/#website\"},\"primaryImageOfPage\":{\"@id\":\"https:\\\/\\\/www.anovapeneira.gal\\\/index.php\\\/2025\\\/10\\\/07\\\/celia-rico-sera-a-titora-da-iii-residencia-ficbueu-que-tera-lugar-na-illa-de-ons\\\/#primaryimage\"},\"image\":{\"@id\":\"https:\\\/\\\/www.anovapeneira.gal\\\/index.php\\\/2025\\\/10\\\/07\\\/celia-rico-sera-a-titora-da-iii-residencia-ficbueu-que-tera-lugar-na-illa-de-ons\\\/#primaryimage\"},\"thumbnailUrl\":\"https:\\\/\\\/www.anovapeneira.gal\\\/wp-content\\\/uploads\\\/2025\\\/10\\\/Residencia_FICBUEU_2024-scaled.jpg\",\"datePublished\":\"2025-10-07T10:00:11+00:00\",\"breadcrumb\":{\"@id\":\"https:\\\/\\\/www.anovapeneira.gal\\\/index.php\\\/2025\\\/10\\\/07\\\/celia-rico-sera-a-titora-da-iii-residencia-ficbueu-que-tera-lugar-na-illa-de-ons\\\/#breadcrumb\"},\"inLanguage\":\"gl-ES\",\"potentialAction\":[{\"@type\":\"ReadAction\",\"target\":[\"https:\\\/\\\/www.anovapeneira.gal\\\/index.php\\\/2025\\\/10\\\/07\\\/celia-rico-sera-a-titora-da-iii-residencia-ficbueu-que-tera-lugar-na-illa-de-ons\\\/\"]}]},{\"@type\":\"ImageObject\",\"inLanguage\":\"gl-ES\",\"@id\":\"https:\\\/\\\/www.anovapeneira.gal\\\/index.php\\\/2025\\\/10\\\/07\\\/celia-rico-sera-a-titora-da-iii-residencia-ficbueu-que-tera-lugar-na-illa-de-ons\\\/#primaryimage\",\"url\":\"https:\\\/\\\/www.anovapeneira.gal\\\/wp-content\\\/uploads\\\/2025\\\/10\\\/Residencia_FICBUEU_2024-scaled.jpg\",\"contentUrl\":\"https:\\\/\\\/www.anovapeneira.gal\\\/wp-content\\\/uploads\\\/2025\\\/10\\\/Residencia_FICBUEU_2024-scaled.jpg\",\"width\":2560,\"height\":1536,\"caption\":\"II Residencia FICBUEU | \u00a9 Estudio Prolight\"},{\"@type\":\"BreadcrumbList\",\"@id\":\"https:\\\/\\\/www.anovapeneira.gal\\\/index.php\\\/2025\\\/10\\\/07\\\/celia-rico-sera-a-titora-da-iii-residencia-ficbueu-que-tera-lugar-na-illa-de-ons\\\/#breadcrumb\",\"itemListElement\":[{\"@type\":\"ListItem\",\"position\":1,\"name\":\"Portada\",\"item\":\"https:\\\/\\\/www.anovapeneira.gal\\\/\"},{\"@type\":\"ListItem\",\"position\":2,\"name\":\"Celia Rico ser\u00e1 a titora da III Residencia FICBUEU, que ter\u00e1 lugar na Illa de Ons\"}]},{\"@type\":\"WebSite\",\"@id\":\"https:\\\/\\\/www.anovapeneira.gal\\\/#website\",\"url\":\"https:\\\/\\\/www.anovapeneira.gal\\\/\",\"name\":\"\",\"description\":\"Xornal galego de informaci\u00f3n xeral Publicaci\u00f3n mensual de novas de Galicia e en especial dos Concellos da sur da provincia de Pontevedra.\",\"publisher\":{\"@id\":\"https:\\\/\\\/www.anovapeneira.gal\\\/#organization\"},\"potentialAction\":[{\"@type\":\"SearchAction\",\"target\":{\"@type\":\"EntryPoint\",\"urlTemplate\":\"https:\\\/\\\/www.anovapeneira.gal\\\/?s={search_term_string}\"},\"query-input\":{\"@type\":\"PropertyValueSpecification\",\"valueRequired\":true,\"valueName\":\"search_term_string\"}}],\"inLanguage\":\"gl-ES\"},{\"@type\":\"Organization\",\"@id\":\"https:\\\/\\\/www.anovapeneira.gal\\\/#organization\",\"name\":\"A Nova Peneira\",\"url\":\"https:\\\/\\\/www.anovapeneira.gal\\\/\",\"logo\":{\"@type\":\"ImageObject\",\"inLanguage\":\"gl-ES\",\"@id\":\"https:\\\/\\\/www.anovapeneira.gal\\\/#\\\/schema\\\/logo\\\/image\\\/\",\"url\":\"http:\\\/\\\/www.anovapeneira.gal\\\/wp-content\\\/uploads\\\/2019\\\/06\\\/logo_a_nova_peneira_portal_web.png\",\"contentUrl\":\"http:\\\/\\\/www.anovapeneira.gal\\\/wp-content\\\/uploads\\\/2019\\\/06\\\/logo_a_nova_peneira_portal_web.png\",\"width\":300,\"height\":100,\"caption\":\"A Nova Peneira\"},\"image\":{\"@id\":\"https:\\\/\\\/www.anovapeneira.gal\\\/#\\\/schema\\\/logo\\\/image\\\/\"},\"sameAs\":[\"https:\\\/\\\/www.facebook.com\\\/anovapeneira\",\"https:\\\/\\\/x.com\\\/APeneira\"]},{\"@type\":\"Person\",\"@id\":\"https:\\\/\\\/www.anovapeneira.gal\\\/#\\\/schema\\\/person\\\/b93e3f8932e3f8da96334607eb6ac6aa\",\"name\":\"Redacci\u00f3n A Nova Peneira\",\"image\":{\"@type\":\"ImageObject\",\"inLanguage\":\"gl-ES\",\"@id\":\"https:\\\/\\\/secure.gravatar.com\\\/avatar\\\/c052a2551a06e23fac63626232eaa90abd78dbcf1700fc46a2b2c89fd27b735f?s=96&d=mm&r=g\",\"url\":\"https:\\\/\\\/secure.gravatar.com\\\/avatar\\\/c052a2551a06e23fac63626232eaa90abd78dbcf1700fc46a2b2c89fd27b735f?s=96&d=mm&r=g\",\"contentUrl\":\"https:\\\/\\\/secure.gravatar.com\\\/avatar\\\/c052a2551a06e23fac63626232eaa90abd78dbcf1700fc46a2b2c89fd27b735f?s=96&d=mm&r=g\",\"caption\":\"Redacci\u00f3n A Nova Peneira\"},\"sameAs\":[\"http:\\\/\\\/www.anovapeneira.gal\\\/\"],\"url\":\"https:\\\/\\\/www.anovapeneira.gal\\\/index.php\\\/author\\\/redactor\\\/\"}]}<\/script>\n<!-- \/ Yoast SEO plugin. -->","yoast_head_json":{"title":"Celia Rico ser\u00e1 a titora da III Residencia FICBUEU, que ter\u00e1 lugar na Illa de Ons -","robots":{"index":"index","follow":"follow","max-snippet":"max-snippet:-1","max-image-preview":"max-image-preview:large","max-video-preview":"max-video-preview:-1"},"canonical":"https:\/\/www.anovapeneira.gal\/index.php\/2025\/10\/07\/celia-rico-sera-a-titora-da-iii-residencia-ficbueu-que-tera-lugar-na-illa-de-ons\/","og_locale":"gl_ES","og_type":"article","og_title":"Celia Rico ser\u00e1 a titora da III Residencia FICBUEU, que ter\u00e1 lugar na Illa de Ons -","og_description":"A guionista e directora de cine Celia Rico liderar\u00e1 unha semana de traballo inmersivo na Illa de Ons [...]","og_url":"https:\/\/www.anovapeneira.gal\/index.php\/2025\/10\/07\/celia-rico-sera-a-titora-da-iii-residencia-ficbueu-que-tera-lugar-na-illa-de-ons\/","article_publisher":"https:\/\/www.facebook.com\/anovapeneira","article_published_time":"2025-10-07T10:00:11+00:00","og_image":[{"width":2560,"height":1536,"url":"https:\/\/www.anovapeneira.gal\/wp-content\/uploads\/2025\/10\/Residencia_FICBUEU_2024-scaled.jpg","type":"image\/jpeg"}],"author":"Redacci\u00f3n A Nova Peneira","twitter_card":"summary_large_image","twitter_creator":"@APeneira","twitter_site":"@APeneira","twitter_misc":{"Escrito por":"Redacci\u00f3n A Nova Peneira","Tempo de lectura":"4 minutos"},"schema":{"@context":"https:\/\/schema.org","@graph":[{"@type":"Article","@id":"https:\/\/www.anovapeneira.gal\/index.php\/2025\/10\/07\/celia-rico-sera-a-titora-da-iii-residencia-ficbueu-que-tera-lugar-na-illa-de-ons\/#article","isPartOf":{"@id":"https:\/\/www.anovapeneira.gal\/index.php\/2025\/10\/07\/celia-rico-sera-a-titora-da-iii-residencia-ficbueu-que-tera-lugar-na-illa-de-ons\/"},"author":{"name":"Redacci\u00f3n A Nova Peneira","@id":"https:\/\/www.anovapeneira.gal\/#\/schema\/person\/b93e3f8932e3f8da96334607eb6ac6aa"},"headline":"Celia Rico ser\u00e1 a titora da III Residencia FICBUEU, que ter\u00e1 lugar na Illa de Ons","datePublished":"2025-10-07T10:00:11+00:00","mainEntityOfPage":{"@id":"https:\/\/www.anovapeneira.gal\/index.php\/2025\/10\/07\/celia-rico-sera-a-titora-da-iii-residencia-ficbueu-que-tera-lugar-na-illa-de-ons\/"},"wordCount":737,"commentCount":0,"publisher":{"@id":"https:\/\/www.anovapeneira.gal\/#organization"},"image":{"@id":"https:\/\/www.anovapeneira.gal\/index.php\/2025\/10\/07\/celia-rico-sera-a-titora-da-iii-residencia-ficbueu-que-tera-lugar-na-illa-de-ons\/#primaryimage"},"thumbnailUrl":"https:\/\/www.anovapeneira.gal\/wp-content\/uploads\/2025\/10\/Residencia_FICBUEU_2024-scaled.jpg","keywords":["Concello de Bueu"],"articleSection":["Morrazo"],"inLanguage":"gl-ES","potentialAction":[{"@type":"CommentAction","name":"Comment","target":["https:\/\/www.anovapeneira.gal\/index.php\/2025\/10\/07\/celia-rico-sera-a-titora-da-iii-residencia-ficbueu-que-tera-lugar-na-illa-de-ons\/#respond"]}]},{"@type":"WebPage","@id":"https:\/\/www.anovapeneira.gal\/index.php\/2025\/10\/07\/celia-rico-sera-a-titora-da-iii-residencia-ficbueu-que-tera-lugar-na-illa-de-ons\/","url":"https:\/\/www.anovapeneira.gal\/index.php\/2025\/10\/07\/celia-rico-sera-a-titora-da-iii-residencia-ficbueu-que-tera-lugar-na-illa-de-ons\/","name":"Celia Rico ser\u00e1 a titora da III Residencia FICBUEU, que ter\u00e1 lugar na Illa de Ons -","isPartOf":{"@id":"https:\/\/www.anovapeneira.gal\/#website"},"primaryImageOfPage":{"@id":"https:\/\/www.anovapeneira.gal\/index.php\/2025\/10\/07\/celia-rico-sera-a-titora-da-iii-residencia-ficbueu-que-tera-lugar-na-illa-de-ons\/#primaryimage"},"image":{"@id":"https:\/\/www.anovapeneira.gal\/index.php\/2025\/10\/07\/celia-rico-sera-a-titora-da-iii-residencia-ficbueu-que-tera-lugar-na-illa-de-ons\/#primaryimage"},"thumbnailUrl":"https:\/\/www.anovapeneira.gal\/wp-content\/uploads\/2025\/10\/Residencia_FICBUEU_2024-scaled.jpg","datePublished":"2025-10-07T10:00:11+00:00","breadcrumb":{"@id":"https:\/\/www.anovapeneira.gal\/index.php\/2025\/10\/07\/celia-rico-sera-a-titora-da-iii-residencia-ficbueu-que-tera-lugar-na-illa-de-ons\/#breadcrumb"},"inLanguage":"gl-ES","potentialAction":[{"@type":"ReadAction","target":["https:\/\/www.anovapeneira.gal\/index.php\/2025\/10\/07\/celia-rico-sera-a-titora-da-iii-residencia-ficbueu-que-tera-lugar-na-illa-de-ons\/"]}]},{"@type":"ImageObject","inLanguage":"gl-ES","@id":"https:\/\/www.anovapeneira.gal\/index.php\/2025\/10\/07\/celia-rico-sera-a-titora-da-iii-residencia-ficbueu-que-tera-lugar-na-illa-de-ons\/#primaryimage","url":"https:\/\/www.anovapeneira.gal\/wp-content\/uploads\/2025\/10\/Residencia_FICBUEU_2024-scaled.jpg","contentUrl":"https:\/\/www.anovapeneira.gal\/wp-content\/uploads\/2025\/10\/Residencia_FICBUEU_2024-scaled.jpg","width":2560,"height":1536,"caption":"II Residencia FICBUEU | \u00a9 Estudio Prolight"},{"@type":"BreadcrumbList","@id":"https:\/\/www.anovapeneira.gal\/index.php\/2025\/10\/07\/celia-rico-sera-a-titora-da-iii-residencia-ficbueu-que-tera-lugar-na-illa-de-ons\/#breadcrumb","itemListElement":[{"@type":"ListItem","position":1,"name":"Portada","item":"https:\/\/www.anovapeneira.gal\/"},{"@type":"ListItem","position":2,"name":"Celia Rico ser\u00e1 a titora da III Residencia FICBUEU, que ter\u00e1 lugar na Illa de Ons"}]},{"@type":"WebSite","@id":"https:\/\/www.anovapeneira.gal\/#website","url":"https:\/\/www.anovapeneira.gal\/","name":"","description":"Xornal galego de informaci\u00f3n xeral Publicaci\u00f3n mensual de novas de Galicia e en especial dos Concellos da sur da provincia de Pontevedra.","publisher":{"@id":"https:\/\/www.anovapeneira.gal\/#organization"},"potentialAction":[{"@type":"SearchAction","target":{"@type":"EntryPoint","urlTemplate":"https:\/\/www.anovapeneira.gal\/?s={search_term_string}"},"query-input":{"@type":"PropertyValueSpecification","valueRequired":true,"valueName":"search_term_string"}}],"inLanguage":"gl-ES"},{"@type":"Organization","@id":"https:\/\/www.anovapeneira.gal\/#organization","name":"A Nova Peneira","url":"https:\/\/www.anovapeneira.gal\/","logo":{"@type":"ImageObject","inLanguage":"gl-ES","@id":"https:\/\/www.anovapeneira.gal\/#\/schema\/logo\/image\/","url":"http:\/\/www.anovapeneira.gal\/wp-content\/uploads\/2019\/06\/logo_a_nova_peneira_portal_web.png","contentUrl":"http:\/\/www.anovapeneira.gal\/wp-content\/uploads\/2019\/06\/logo_a_nova_peneira_portal_web.png","width":300,"height":100,"caption":"A Nova Peneira"},"image":{"@id":"https:\/\/www.anovapeneira.gal\/#\/schema\/logo\/image\/"},"sameAs":["https:\/\/www.facebook.com\/anovapeneira","https:\/\/x.com\/APeneira"]},{"@type":"Person","@id":"https:\/\/www.anovapeneira.gal\/#\/schema\/person\/b93e3f8932e3f8da96334607eb6ac6aa","name":"Redacci\u00f3n A Nova Peneira","image":{"@type":"ImageObject","inLanguage":"gl-ES","@id":"https:\/\/secure.gravatar.com\/avatar\/c052a2551a06e23fac63626232eaa90abd78dbcf1700fc46a2b2c89fd27b735f?s=96&d=mm&r=g","url":"https:\/\/secure.gravatar.com\/avatar\/c052a2551a06e23fac63626232eaa90abd78dbcf1700fc46a2b2c89fd27b735f?s=96&d=mm&r=g","contentUrl":"https:\/\/secure.gravatar.com\/avatar\/c052a2551a06e23fac63626232eaa90abd78dbcf1700fc46a2b2c89fd27b735f?s=96&d=mm&r=g","caption":"Redacci\u00f3n A Nova Peneira"},"sameAs":["http:\/\/www.anovapeneira.gal\/"],"url":"https:\/\/www.anovapeneira.gal\/index.php\/author\/redactor\/"}]}},"jetpack_featured_media_url":"https:\/\/www.anovapeneira.gal\/wp-content\/uploads\/2025\/10\/Residencia_FICBUEU_2024-scaled.jpg","_links":{"self":[{"href":"https:\/\/www.anovapeneira.gal\/index.php\/wp-json\/wp\/v2\/posts\/14756","targetHints":{"allow":["GET"]}}],"collection":[{"href":"https:\/\/www.anovapeneira.gal\/index.php\/wp-json\/wp\/v2\/posts"}],"about":[{"href":"https:\/\/www.anovapeneira.gal\/index.php\/wp-json\/wp\/v2\/types\/post"}],"author":[{"embeddable":true,"href":"https:\/\/www.anovapeneira.gal\/index.php\/wp-json\/wp\/v2\/users\/3"}],"replies":[{"embeddable":true,"href":"https:\/\/www.anovapeneira.gal\/index.php\/wp-json\/wp\/v2\/comments?post=14756"}],"version-history":[{"count":1,"href":"https:\/\/www.anovapeneira.gal\/index.php\/wp-json\/wp\/v2\/posts\/14756\/revisions"}],"predecessor-version":[{"id":14760,"href":"https:\/\/www.anovapeneira.gal\/index.php\/wp-json\/wp\/v2\/posts\/14756\/revisions\/14760"}],"wp:featuredmedia":[{"embeddable":true,"href":"https:\/\/www.anovapeneira.gal\/index.php\/wp-json\/wp\/v2\/media\/14759"}],"wp:attachment":[{"href":"https:\/\/www.anovapeneira.gal\/index.php\/wp-json\/wp\/v2\/media?parent=14756"}],"wp:term":[{"taxonomy":"category","embeddable":true,"href":"https:\/\/www.anovapeneira.gal\/index.php\/wp-json\/wp\/v2\/categories?post=14756"},{"taxonomy":"post_tag","embeddable":true,"href":"https:\/\/www.anovapeneira.gal\/index.php\/wp-json\/wp\/v2\/tags?post=14756"}],"curies":[{"name":"wp","href":"https:\/\/api.w.org\/{rel}","templated":true}]}}