{"id":14766,"date":"2025-10-09T10:00:41","date_gmt":"2025-10-09T08:00:41","guid":{"rendered":"https:\/\/www.anovapeneira.gal\/?p=14766"},"modified":"2025-10-06T06:38:57","modified_gmt":"2025-10-06T04:38:57","slug":"o-85-dos-participantes-no-programa-integrado-de-emprego-de-redondela-atoparon-traballo","status":"publish","type":"post","link":"https:\/\/www.anovapeneira.gal\/index.php\/2025\/10\/09\/o-85-dos-participantes-no-programa-integrado-de-emprego-de-redondela-atoparon-traballo\/","title":{"rendered":"O 85% dos participantes no Programa Integrado de Emprego de Redondela atoparon traballo"},"content":{"rendered":"\n<p><em>A alcaldesa suli\u00f1a que os resultados do programa \u201ccase duplican o obxectivo marcado\u201d, que buscaba un 45% de inserci\u00f3n laboral. Os participantes, un total de 53 mulleres e 47 homes, presentaban un perfil moi variado tanto en rango de idades como de nivel formativo. Durante os 12 meses que dura o programa os participantes recibiron formaci\u00f3n te\u00f3rica e pr\u00e1ctica adaptada \u00e1s s\u00faas caracter\u00edsticas.<\/em><\/p>\n\n\n\n<p>Redondela, 29 de setembro de 2025. Das 100 persoas que participaron no Programa Integrado de Emprego do Concello de Redondela no curso 2025-2025, un total de 85 acadaron un emprego. Para a alcaldesa de Redondela, Digna Rivas, esta elevada cifra de integraci\u00f3n laboral \u00e9 \u201cun gran \u00e9xito\u201d. O programa, que comezou en outubro de 2024, remata ma\u00f1\u00e1, 30 de setembro, e faino cunhas cifras \u201cinmellorables\u201d. Os resultados superan, con moito, o obxectivo marcado ao inicio do programa, que buscaba acadar o 45% de inserci\u00f3n laboral dos participantes.<\/p>\n\n\n\n<p>Os participantes, un total de 53 mulleres e 47 homes, presentaban un perfil moi variado: tanto mozo e mozas con baixa cualificaci\u00f3n como outros que si ti\u00f1an formaci\u00f3n previa, persoas con discapacidade, maiores de 45 anos, ou persoas en risco de exclusi\u00f3n social.<\/p>\n\n\n\n<p>As persoas recibiron no programa unha formaci\u00f3n integral e variada, tanto te\u00f3rica como pr\u00e1ctica, cun total de 985 horas de formaci\u00f3n. Ao longo recibiron orientaci\u00f3n e asesoramento, formaci\u00f3n en novas tecnolox\u00edas e idiomas e outros cursos orientados ao seu perfil. A trav\u00e9s dos convenios realizados con empresas da comarca, 30 participantes realizaron pr\u00e1cticas e 21 deles foron contratados nesa mesma empresa.<\/p>\n\n\n\n<p>O programa contou cun orzamento de 246.000 euros, 220.000 foron financiados pola Conseller\u00eda Comercio e Emprego, e 36.000 polo Concello de Redondela.<\/p>\n\n\n\n<p>Est\u00e1 previsto que este curso se realice un novo programa. As persoas interesadas en participar na pr\u00f3xima edici\u00f3n poden enviar o seu CV a per@redondela.gal<\/p>\n","protected":false},"excerpt":{"rendered":"<div class=\"mh-excerpt\"><p>A alcaldesa suli\u00f1a que os resultados do programa \u201ccase duplican o obxectivo marcado\u201d, que buscaba un 45% de inserci\u00f3n laboral. <a class=\"mh-excerpt-more\" href=\"https:\/\/www.anovapeneira.gal\/index.php\/2025\/10\/09\/o-85-dos-participantes-no-programa-integrado-de-emprego-de-redondela-atoparon-traballo\/\" title=\"O 85% dos participantes no Programa Integrado de Emprego de Redondela atoparon traballo\">[&#8230;]<\/a><\/p>\n<\/div>","protected":false},"author":3,"featured_media":14767,"comment_status":"open","ping_status":"open","sticky":false,"template":"","format":"standard","meta":{"_exactmetrics_skip_tracking":false,"_exactmetrics_sitenote_active":false,"_exactmetrics_sitenote_note":"","_exactmetrics_sitenote_category":0,"footnotes":""},"categories":[24],"tags":[171],"class_list":{"0":"post-14766","1":"post","2":"type-post","3":"status-publish","4":"format-standard","5":"has-post-thumbnail","7":"category-redondela","8":"tag-concello-de-redondela"},"yoast_head":"<!-- This site is optimized with the Yoast SEO plugin v27.4 - https:\/\/yoast.com\/product\/yoast-seo-wordpress\/ -->\n<title>O 85% dos participantes no Programa Integrado de Emprego de Redondela atoparon traballo -<\/title>\n<meta name=\"robots\" content=\"index, follow, max-snippet:-1, max-image-preview:large, max-video-preview:-1\" \/>\n<link rel=\"canonical\" href=\"https:\/\/www.anovapeneira.gal\/index.php\/2025\/10\/09\/o-85-dos-participantes-no-programa-integrado-de-emprego-de-redondela-atoparon-traballo\/\" \/>\n<meta property=\"og:locale\" content=\"gl_ES\" \/>\n<meta property=\"og:type\" content=\"article\" \/>\n<meta property=\"og:title\" content=\"O 85% dos participantes no Programa Integrado de Emprego de Redondela atoparon traballo -\" \/>\n<meta property=\"og:description\" content=\"A alcaldesa suli\u00f1a que os resultados do programa \u201ccase duplican o obxectivo marcado\u201d, que buscaba un 45% de inserci\u00f3n laboral. [...]\" \/>\n<meta property=\"og:url\" content=\"https:\/\/www.anovapeneira.gal\/index.php\/2025\/10\/09\/o-85-dos-participantes-no-programa-integrado-de-emprego-de-redondela-atoparon-traballo\/\" \/>\n<meta property=\"article:publisher\" content=\"https:\/\/www.facebook.com\/anovapeneira\" \/>\n<meta property=\"article:published_time\" content=\"2025-10-09T08:00:41+00:00\" \/>\n<meta property=\"og:image\" content=\"https:\/\/www.anovapeneira.gal\/wp-content\/uploads\/2025\/10\/programa_Emprego.jpg\" \/>\n\t<meta property=\"og:image:width\" content=\"720\" \/>\n\t<meta property=\"og:image:height\" content=\"432\" \/>\n\t<meta property=\"og:image:type\" content=\"image\/jpeg\" \/>\n<meta name=\"author\" content=\"Redacci\u00f3n A Nova Peneira\" \/>\n<meta name=\"twitter:card\" content=\"summary_large_image\" \/>\n<meta name=\"twitter:creator\" content=\"@APeneira\" \/>\n<meta name=\"twitter:site\" content=\"@APeneira\" \/>\n<meta name=\"twitter:label1\" content=\"Escrito por\" \/>\n\t<meta name=\"twitter:data1\" content=\"Redacci\u00f3n A Nova Peneira\" \/>\n\t<meta name=\"twitter:label2\" content=\"Tempo de lectura\" \/>\n\t<meta name=\"twitter:data2\" content=\"2 minutos\" \/>\n<script type=\"application\/ld+json\" class=\"yoast-schema-graph\">{\"@context\":\"https:\\\/\\\/schema.org\",\"@graph\":[{\"@type\":\"Article\",\"@id\":\"https:\\\/\\\/www.anovapeneira.gal\\\/index.php\\\/2025\\\/10\\\/09\\\/o-85-dos-participantes-no-programa-integrado-de-emprego-de-redondela-atoparon-traballo\\\/#article\",\"isPartOf\":{\"@id\":\"https:\\\/\\\/www.anovapeneira.gal\\\/index.php\\\/2025\\\/10\\\/09\\\/o-85-dos-participantes-no-programa-integrado-de-emprego-de-redondela-atoparon-traballo\\\/\"},\"author\":{\"name\":\"Redacci\u00f3n A Nova Peneira\",\"@id\":\"https:\\\/\\\/www.anovapeneira.gal\\\/#\\\/schema\\\/person\\\/b93e3f8932e3f8da96334607eb6ac6aa\"},\"headline\":\"O 85% dos participantes no Programa Integrado de Emprego de Redondela atoparon traballo\",\"datePublished\":\"2025-10-09T08:00:41+00:00\",\"mainEntityOfPage\":{\"@id\":\"https:\\\/\\\/www.anovapeneira.gal\\\/index.php\\\/2025\\\/10\\\/09\\\/o-85-dos-participantes-no-programa-integrado-de-emprego-de-redondela-atoparon-traballo\\\/\"},\"wordCount\":319,\"commentCount\":0,\"publisher\":{\"@id\":\"https:\\\/\\\/www.anovapeneira.gal\\\/#organization\"},\"image\":{\"@id\":\"https:\\\/\\\/www.anovapeneira.gal\\\/index.php\\\/2025\\\/10\\\/09\\\/o-85-dos-participantes-no-programa-integrado-de-emprego-de-redondela-atoparon-traballo\\\/#primaryimage\"},\"thumbnailUrl\":\"https:\\\/\\\/www.anovapeneira.gal\\\/wp-content\\\/uploads\\\/2025\\\/10\\\/programa_Emprego.jpg\",\"keywords\":[\"Concello de Redondela\"],\"articleSection\":[\"Redondela\"],\"inLanguage\":\"gl-ES\",\"potentialAction\":[{\"@type\":\"CommentAction\",\"name\":\"Comment\",\"target\":[\"https:\\\/\\\/www.anovapeneira.gal\\\/index.php\\\/2025\\\/10\\\/09\\\/o-85-dos-participantes-no-programa-integrado-de-emprego-de-redondela-atoparon-traballo\\\/#respond\"]}]},{\"@type\":\"WebPage\",\"@id\":\"https:\\\/\\\/www.anovapeneira.gal\\\/index.php\\\/2025\\\/10\\\/09\\\/o-85-dos-participantes-no-programa-integrado-de-emprego-de-redondela-atoparon-traballo\\\/\",\"url\":\"https:\\\/\\\/www.anovapeneira.gal\\\/index.php\\\/2025\\\/10\\\/09\\\/o-85-dos-participantes-no-programa-integrado-de-emprego-de-redondela-atoparon-traballo\\\/\",\"name\":\"O 85% dos participantes no Programa Integrado de Emprego de Redondela atoparon traballo -\",\"isPartOf\":{\"@id\":\"https:\\\/\\\/www.anovapeneira.gal\\\/#website\"},\"primaryImageOfPage\":{\"@id\":\"https:\\\/\\\/www.anovapeneira.gal\\\/index.php\\\/2025\\\/10\\\/09\\\/o-85-dos-participantes-no-programa-integrado-de-emprego-de-redondela-atoparon-traballo\\\/#primaryimage\"},\"image\":{\"@id\":\"https:\\\/\\\/www.anovapeneira.gal\\\/index.php\\\/2025\\\/10\\\/09\\\/o-85-dos-participantes-no-programa-integrado-de-emprego-de-redondela-atoparon-traballo\\\/#primaryimage\"},\"thumbnailUrl\":\"https:\\\/\\\/www.anovapeneira.gal\\\/wp-content\\\/uploads\\\/2025\\\/10\\\/programa_Emprego.jpg\",\"datePublished\":\"2025-10-09T08:00:41+00:00\",\"breadcrumb\":{\"@id\":\"https:\\\/\\\/www.anovapeneira.gal\\\/index.php\\\/2025\\\/10\\\/09\\\/o-85-dos-participantes-no-programa-integrado-de-emprego-de-redondela-atoparon-traballo\\\/#breadcrumb\"},\"inLanguage\":\"gl-ES\",\"potentialAction\":[{\"@type\":\"ReadAction\",\"target\":[\"https:\\\/\\\/www.anovapeneira.gal\\\/index.php\\\/2025\\\/10\\\/09\\\/o-85-dos-participantes-no-programa-integrado-de-emprego-de-redondela-atoparon-traballo\\\/\"]}]},{\"@type\":\"ImageObject\",\"inLanguage\":\"gl-ES\",\"@id\":\"https:\\\/\\\/www.anovapeneira.gal\\\/index.php\\\/2025\\\/10\\\/09\\\/o-85-dos-participantes-no-programa-integrado-de-emprego-de-redondela-atoparon-traballo\\\/#primaryimage\",\"url\":\"https:\\\/\\\/www.anovapeneira.gal\\\/wp-content\\\/uploads\\\/2025\\\/10\\\/programa_Emprego.jpg\",\"contentUrl\":\"https:\\\/\\\/www.anovapeneira.gal\\\/wp-content\\\/uploads\\\/2025\\\/10\\\/programa_Emprego.jpg\",\"width\":720,\"height\":432},{\"@type\":\"BreadcrumbList\",\"@id\":\"https:\\\/\\\/www.anovapeneira.gal\\\/index.php\\\/2025\\\/10\\\/09\\\/o-85-dos-participantes-no-programa-integrado-de-emprego-de-redondela-atoparon-traballo\\\/#breadcrumb\",\"itemListElement\":[{\"@type\":\"ListItem\",\"position\":1,\"name\":\"Portada\",\"item\":\"https:\\\/\\\/www.anovapeneira.gal\\\/\"},{\"@type\":\"ListItem\",\"position\":2,\"name\":\"O 85% dos participantes no Programa Integrado de Emprego de Redondela atoparon traballo\"}]},{\"@type\":\"WebSite\",\"@id\":\"https:\\\/\\\/www.anovapeneira.gal\\\/#website\",\"url\":\"https:\\\/\\\/www.anovapeneira.gal\\\/\",\"name\":\"\",\"description\":\"Xornal galego de informaci\u00f3n xeral Publicaci\u00f3n mensual de novas de Galicia e en especial dos Concellos da sur da provincia de Pontevedra.\",\"publisher\":{\"@id\":\"https:\\\/\\\/www.anovapeneira.gal\\\/#organization\"},\"potentialAction\":[{\"@type\":\"SearchAction\",\"target\":{\"@type\":\"EntryPoint\",\"urlTemplate\":\"https:\\\/\\\/www.anovapeneira.gal\\\/?s={search_term_string}\"},\"query-input\":{\"@type\":\"PropertyValueSpecification\",\"valueRequired\":true,\"valueName\":\"search_term_string\"}}],\"inLanguage\":\"gl-ES\"},{\"@type\":\"Organization\",\"@id\":\"https:\\\/\\\/www.anovapeneira.gal\\\/#organization\",\"name\":\"A Nova Peneira\",\"url\":\"https:\\\/\\\/www.anovapeneira.gal\\\/\",\"logo\":{\"@type\":\"ImageObject\",\"inLanguage\":\"gl-ES\",\"@id\":\"https:\\\/\\\/www.anovapeneira.gal\\\/#\\\/schema\\\/logo\\\/image\\\/\",\"url\":\"http:\\\/\\\/www.anovapeneira.gal\\\/wp-content\\\/uploads\\\/2019\\\/06\\\/logo_a_nova_peneira_portal_web.png\",\"contentUrl\":\"http:\\\/\\\/www.anovapeneira.gal\\\/wp-content\\\/uploads\\\/2019\\\/06\\\/logo_a_nova_peneira_portal_web.png\",\"width\":300,\"height\":100,\"caption\":\"A Nova Peneira\"},\"image\":{\"@id\":\"https:\\\/\\\/www.anovapeneira.gal\\\/#\\\/schema\\\/logo\\\/image\\\/\"},\"sameAs\":[\"https:\\\/\\\/www.facebook.com\\\/anovapeneira\",\"https:\\\/\\\/x.com\\\/APeneira\"]},{\"@type\":\"Person\",\"@id\":\"https:\\\/\\\/www.anovapeneira.gal\\\/#\\\/schema\\\/person\\\/b93e3f8932e3f8da96334607eb6ac6aa\",\"name\":\"Redacci\u00f3n A Nova Peneira\",\"image\":{\"@type\":\"ImageObject\",\"inLanguage\":\"gl-ES\",\"@id\":\"https:\\\/\\\/secure.gravatar.com\\\/avatar\\\/c052a2551a06e23fac63626232eaa90abd78dbcf1700fc46a2b2c89fd27b735f?s=96&d=mm&r=g\",\"url\":\"https:\\\/\\\/secure.gravatar.com\\\/avatar\\\/c052a2551a06e23fac63626232eaa90abd78dbcf1700fc46a2b2c89fd27b735f?s=96&d=mm&r=g\",\"contentUrl\":\"https:\\\/\\\/secure.gravatar.com\\\/avatar\\\/c052a2551a06e23fac63626232eaa90abd78dbcf1700fc46a2b2c89fd27b735f?s=96&d=mm&r=g\",\"caption\":\"Redacci\u00f3n A Nova Peneira\"},\"sameAs\":[\"http:\\\/\\\/www.anovapeneira.gal\\\/\"],\"url\":\"https:\\\/\\\/www.anovapeneira.gal\\\/index.php\\\/author\\\/redactor\\\/\"}]}<\/script>\n<!-- \/ Yoast SEO plugin. -->","yoast_head_json":{"title":"O 85% dos participantes no Programa Integrado de Emprego de Redondela atoparon traballo -","robots":{"index":"index","follow":"follow","max-snippet":"max-snippet:-1","max-image-preview":"max-image-preview:large","max-video-preview":"max-video-preview:-1"},"canonical":"https:\/\/www.anovapeneira.gal\/index.php\/2025\/10\/09\/o-85-dos-participantes-no-programa-integrado-de-emprego-de-redondela-atoparon-traballo\/","og_locale":"gl_ES","og_type":"article","og_title":"O 85% dos participantes no Programa Integrado de Emprego de Redondela atoparon traballo -","og_description":"A alcaldesa suli\u00f1a que os resultados do programa \u201ccase duplican o obxectivo marcado\u201d, que buscaba un 45% de inserci\u00f3n laboral. [...]","og_url":"https:\/\/www.anovapeneira.gal\/index.php\/2025\/10\/09\/o-85-dos-participantes-no-programa-integrado-de-emprego-de-redondela-atoparon-traballo\/","article_publisher":"https:\/\/www.facebook.com\/anovapeneira","article_published_time":"2025-10-09T08:00:41+00:00","og_image":[{"width":720,"height":432,"url":"https:\/\/www.anovapeneira.gal\/wp-content\/uploads\/2025\/10\/programa_Emprego.jpg","type":"image\/jpeg"}],"author":"Redacci\u00f3n A Nova Peneira","twitter_card":"summary_large_image","twitter_creator":"@APeneira","twitter_site":"@APeneira","twitter_misc":{"Escrito por":"Redacci\u00f3n A Nova Peneira","Tempo de lectura":"2 minutos"},"schema":{"@context":"https:\/\/schema.org","@graph":[{"@type":"Article","@id":"https:\/\/www.anovapeneira.gal\/index.php\/2025\/10\/09\/o-85-dos-participantes-no-programa-integrado-de-emprego-de-redondela-atoparon-traballo\/#article","isPartOf":{"@id":"https:\/\/www.anovapeneira.gal\/index.php\/2025\/10\/09\/o-85-dos-participantes-no-programa-integrado-de-emprego-de-redondela-atoparon-traballo\/"},"author":{"name":"Redacci\u00f3n A Nova Peneira","@id":"https:\/\/www.anovapeneira.gal\/#\/schema\/person\/b93e3f8932e3f8da96334607eb6ac6aa"},"headline":"O 85% dos participantes no Programa Integrado de Emprego de Redondela atoparon traballo","datePublished":"2025-10-09T08:00:41+00:00","mainEntityOfPage":{"@id":"https:\/\/www.anovapeneira.gal\/index.php\/2025\/10\/09\/o-85-dos-participantes-no-programa-integrado-de-emprego-de-redondela-atoparon-traballo\/"},"wordCount":319,"commentCount":0,"publisher":{"@id":"https:\/\/www.anovapeneira.gal\/#organization"},"image":{"@id":"https:\/\/www.anovapeneira.gal\/index.php\/2025\/10\/09\/o-85-dos-participantes-no-programa-integrado-de-emprego-de-redondela-atoparon-traballo\/#primaryimage"},"thumbnailUrl":"https:\/\/www.anovapeneira.gal\/wp-content\/uploads\/2025\/10\/programa_Emprego.jpg","keywords":["Concello de Redondela"],"articleSection":["Redondela"],"inLanguage":"gl-ES","potentialAction":[{"@type":"CommentAction","name":"Comment","target":["https:\/\/www.anovapeneira.gal\/index.php\/2025\/10\/09\/o-85-dos-participantes-no-programa-integrado-de-emprego-de-redondela-atoparon-traballo\/#respond"]}]},{"@type":"WebPage","@id":"https:\/\/www.anovapeneira.gal\/index.php\/2025\/10\/09\/o-85-dos-participantes-no-programa-integrado-de-emprego-de-redondela-atoparon-traballo\/","url":"https:\/\/www.anovapeneira.gal\/index.php\/2025\/10\/09\/o-85-dos-participantes-no-programa-integrado-de-emprego-de-redondela-atoparon-traballo\/","name":"O 85% dos participantes no Programa Integrado de Emprego de Redondela atoparon traballo -","isPartOf":{"@id":"https:\/\/www.anovapeneira.gal\/#website"},"primaryImageOfPage":{"@id":"https:\/\/www.anovapeneira.gal\/index.php\/2025\/10\/09\/o-85-dos-participantes-no-programa-integrado-de-emprego-de-redondela-atoparon-traballo\/#primaryimage"},"image":{"@id":"https:\/\/www.anovapeneira.gal\/index.php\/2025\/10\/09\/o-85-dos-participantes-no-programa-integrado-de-emprego-de-redondela-atoparon-traballo\/#primaryimage"},"thumbnailUrl":"https:\/\/www.anovapeneira.gal\/wp-content\/uploads\/2025\/10\/programa_Emprego.jpg","datePublished":"2025-10-09T08:00:41+00:00","breadcrumb":{"@id":"https:\/\/www.anovapeneira.gal\/index.php\/2025\/10\/09\/o-85-dos-participantes-no-programa-integrado-de-emprego-de-redondela-atoparon-traballo\/#breadcrumb"},"inLanguage":"gl-ES","potentialAction":[{"@type":"ReadAction","target":["https:\/\/www.anovapeneira.gal\/index.php\/2025\/10\/09\/o-85-dos-participantes-no-programa-integrado-de-emprego-de-redondela-atoparon-traballo\/"]}]},{"@type":"ImageObject","inLanguage":"gl-ES","@id":"https:\/\/www.anovapeneira.gal\/index.php\/2025\/10\/09\/o-85-dos-participantes-no-programa-integrado-de-emprego-de-redondela-atoparon-traballo\/#primaryimage","url":"https:\/\/www.anovapeneira.gal\/wp-content\/uploads\/2025\/10\/programa_Emprego.jpg","contentUrl":"https:\/\/www.anovapeneira.gal\/wp-content\/uploads\/2025\/10\/programa_Emprego.jpg","width":720,"height":432},{"@type":"BreadcrumbList","@id":"https:\/\/www.anovapeneira.gal\/index.php\/2025\/10\/09\/o-85-dos-participantes-no-programa-integrado-de-emprego-de-redondela-atoparon-traballo\/#breadcrumb","itemListElement":[{"@type":"ListItem","position":1,"name":"Portada","item":"https:\/\/www.anovapeneira.gal\/"},{"@type":"ListItem","position":2,"name":"O 85% dos participantes no Programa Integrado de Emprego de Redondela atoparon traballo"}]},{"@type":"WebSite","@id":"https:\/\/www.anovapeneira.gal\/#website","url":"https:\/\/www.anovapeneira.gal\/","name":"","description":"Xornal galego de informaci\u00f3n xeral Publicaci\u00f3n mensual de novas de Galicia e en especial dos Concellos da sur da provincia de Pontevedra.","publisher":{"@id":"https:\/\/www.anovapeneira.gal\/#organization"},"potentialAction":[{"@type":"SearchAction","target":{"@type":"EntryPoint","urlTemplate":"https:\/\/www.anovapeneira.gal\/?s={search_term_string}"},"query-input":{"@type":"PropertyValueSpecification","valueRequired":true,"valueName":"search_term_string"}}],"inLanguage":"gl-ES"},{"@type":"Organization","@id":"https:\/\/www.anovapeneira.gal\/#organization","name":"A Nova Peneira","url":"https:\/\/www.anovapeneira.gal\/","logo":{"@type":"ImageObject","inLanguage":"gl-ES","@id":"https:\/\/www.anovapeneira.gal\/#\/schema\/logo\/image\/","url":"http:\/\/www.anovapeneira.gal\/wp-content\/uploads\/2019\/06\/logo_a_nova_peneira_portal_web.png","contentUrl":"http:\/\/www.anovapeneira.gal\/wp-content\/uploads\/2019\/06\/logo_a_nova_peneira_portal_web.png","width":300,"height":100,"caption":"A Nova Peneira"},"image":{"@id":"https:\/\/www.anovapeneira.gal\/#\/schema\/logo\/image\/"},"sameAs":["https:\/\/www.facebook.com\/anovapeneira","https:\/\/x.com\/APeneira"]},{"@type":"Person","@id":"https:\/\/www.anovapeneira.gal\/#\/schema\/person\/b93e3f8932e3f8da96334607eb6ac6aa","name":"Redacci\u00f3n A Nova Peneira","image":{"@type":"ImageObject","inLanguage":"gl-ES","@id":"https:\/\/secure.gravatar.com\/avatar\/c052a2551a06e23fac63626232eaa90abd78dbcf1700fc46a2b2c89fd27b735f?s=96&d=mm&r=g","url":"https:\/\/secure.gravatar.com\/avatar\/c052a2551a06e23fac63626232eaa90abd78dbcf1700fc46a2b2c89fd27b735f?s=96&d=mm&r=g","contentUrl":"https:\/\/secure.gravatar.com\/avatar\/c052a2551a06e23fac63626232eaa90abd78dbcf1700fc46a2b2c89fd27b735f?s=96&d=mm&r=g","caption":"Redacci\u00f3n A Nova Peneira"},"sameAs":["http:\/\/www.anovapeneira.gal\/"],"url":"https:\/\/www.anovapeneira.gal\/index.php\/author\/redactor\/"}]}},"jetpack_featured_media_url":"https:\/\/www.anovapeneira.gal\/wp-content\/uploads\/2025\/10\/programa_Emprego.jpg","_links":{"self":[{"href":"https:\/\/www.anovapeneira.gal\/index.php\/wp-json\/wp\/v2\/posts\/14766","targetHints":{"allow":["GET"]}}],"collection":[{"href":"https:\/\/www.anovapeneira.gal\/index.php\/wp-json\/wp\/v2\/posts"}],"about":[{"href":"https:\/\/www.anovapeneira.gal\/index.php\/wp-json\/wp\/v2\/types\/post"}],"author":[{"embeddable":true,"href":"https:\/\/www.anovapeneira.gal\/index.php\/wp-json\/wp\/v2\/users\/3"}],"replies":[{"embeddable":true,"href":"https:\/\/www.anovapeneira.gal\/index.php\/wp-json\/wp\/v2\/comments?post=14766"}],"version-history":[{"count":1,"href":"https:\/\/www.anovapeneira.gal\/index.php\/wp-json\/wp\/v2\/posts\/14766\/revisions"}],"predecessor-version":[{"id":14768,"href":"https:\/\/www.anovapeneira.gal\/index.php\/wp-json\/wp\/v2\/posts\/14766\/revisions\/14768"}],"wp:featuredmedia":[{"embeddable":true,"href":"https:\/\/www.anovapeneira.gal\/index.php\/wp-json\/wp\/v2\/media\/14767"}],"wp:attachment":[{"href":"https:\/\/www.anovapeneira.gal\/index.php\/wp-json\/wp\/v2\/media?parent=14766"}],"wp:term":[{"taxonomy":"category","embeddable":true,"href":"https:\/\/www.anovapeneira.gal\/index.php\/wp-json\/wp\/v2\/categories?post=14766"},{"taxonomy":"post_tag","embeddable":true,"href":"https:\/\/www.anovapeneira.gal\/index.php\/wp-json\/wp\/v2\/tags?post=14766"}],"curies":[{"name":"wp","href":"https:\/\/api.w.org\/{rel}","templated":true}]}}