{"id":14772,"date":"2025-10-10T10:00:20","date_gmt":"2025-10-10T08:00:20","guid":{"rendered":"https:\/\/www.anovapeneira.gal\/?p=14772"},"modified":"2025-10-21T17:24:29","modified_gmt":"2025-10-21T15:24:29","slug":"rusia-e-palestina-venceran","status":"publish","type":"post","link":"https:\/\/www.anovapeneira.gal\/index.php\/2025\/10\/10\/rusia-e-palestina-venceran\/","title":{"rendered":"Rusia e Palestina, vencer\u00e1n!"},"content":{"rendered":"\n<pre class=\"wp-block-verse\">Paulo Vila. Comit\u00e9 Anti Fascista da Louri\u00f1a<\/pre>\n\n\n\n<p>No segundo aniversario da operaci\u00f3n `Treboada de Al-Aqsa\u00b4 do 7 de outubro, organizada pola resistencia armada palestina contra o apartheid sionista, e en plena escalada belicista das desquiciadas elites globalistas europeas contra a Federaci\u00f3n Rusa no leste de Europa, non debemos cair na err\u00f3nea concepci\u00f3n de interpretar dous dos principais conflictos de actualidade mundial de maneira illada, sen enterdermos que hai un f\u00edo condutor com\u00fan entre eles.<\/p>\n\n\n\n<p>Os plans de guerra global do imperialismo anglo-ianque-sionista, e a perda progresiva da sua hexemon\u00eda mundial, son a principal causa dos conflitos, das guerras, do sometemento e saqueo dos pobos, e de t\u00f3dolos problemas socioecon\u00f3micos que padecen os oprimidos e explotados baixo o seu xugo.<\/p>\n\n\n\n<p>A consolidaci\u00f3n do Mundo Multipolar encabezado por China, Rusia e Ir\u00e1n, present\u00e1ndose como unha alternativa m\u00e1is razo\u00e1bel ao dominio e saqueo neocolonial occidental, \u00e9 a principal ameaza para o imperialismo. Por esta raz\u00f3n, para tentar reverter a situaci\u00f3n, tal e como ten feito noutros per\u00edodos hist\u00f3ricos, recorren \u00e1 guerra.<\/p>\n\n\n\n<p>Foi o imperialismo, incumprindo a palabra de non expandirse ao leste ca OTAN, quen provocou a guerra contra a Federaci\u00f3n Rusa, utilizando de proxy a Ucra\u00edna, e como punta de lanza, os neonazis banderistas desde 2014. Ese mesmo imperialismo, responsable de crear artificialmente no ano 1948 na Palestina, baixo dominio brit\u00e1nico, o ente colonial sionazista de Israel.<\/p>\n\n\n\n<p>A negativa das elites europeas de facer realidade os acordos de Minsk, a ameaza de entrada de Ucra\u00edna na OTAN, a ilegalizaci\u00f3n de forzas pol\u00edticas e sindicais cr\u00edticas co r\u00e9xime de Kiev, ou a persecuci\u00f3n e o asasinato da poboaci\u00f3n rus\u00f3fona no Donbass, obrigou a Rusia, a ter que realizar a Operaci\u00f3n Militar Especial, para protexer os c\u00edvis e defender a s\u00faa seguridade territorial.<\/p>\n\n\n\n<p>Do mesmo xeito, que a resistencia palestina, encabezada por Hamas, logo de 77 anos de xenocidio sistem\u00e1tico, apoiado e financiado por Occidente, decidiu golpear o 7 de outubro de 2023, o ente terrorista de Israel. En represalia, o criminal goberno de Netanyahu, non s\u00f3 acelerou os plans expansionistas, e a ocupaci\u00f3n da faixa de Gaza, sen\u00f3n que tam\u00e9n pretende desestabilizar a rexi\u00f3n de Asia Occidental, sendo a Rep\u00fablica Isl\u00e1mica de Ir\u00e1n, a principal ameaza para o sionismo.<\/p>\n\n\n\n<p>Tanto nun conflito como noutro, o imperialismo pretende lograr o mesmo obxectivo, debilitar a Frente Multipolar. Tentan destru\u00edr a Rusia e Ir\u00e1n, para posteriormente, poder enfrontar a Rep\u00fablica Popular China en condici\u00f3ns.<\/p>\n\n\n\n<p>No primeiro caso, dominando e saqueando os grandes recursos naturais de Rusia, e no segundo, al\u00e9n de apropiarse do petr\u00f3leo iraniano, eliminando o eixo da resistencia antiimperialista, para que o sionismo, poida lograr os seus obxectivos expansionistas ca creaci\u00f3n do Gran Israel.<\/p>\n\n\n\n<p>Desde o Comit\u00e9 Antifascista da Lourinha, sabemos ben de que lado temos que estar. Do lado da Frente Multipolar, ca Rusia antifasZista, e a resistencia antisionista!<\/p>\n\n\n\n<p>Continuaremos nas r\u00faas da comarca, alertando os sectores populares, do grave perigo que te\u00f1en os plans belicistas imperiais. Non podemos permitir que nos arrastren \u00e1 Terceira Guerra Mundial!<\/p>\n\n\n\n<p>Antifascistas e antiimperialistas sempre!<\/p>\n","protected":false},"excerpt":{"rendered":"<div class=\"mh-excerpt\"><p>No segundo aniversario da operaci\u00f3n `Treboada de Al-Aqsa\u00b4 do 7 de outubro, organizada pola resistencia armada palestina contra o apartheid sionista, e en plena escalada belicista das desquiciadas elites globalistas europeas contra a Federaci\u00f3n Rusa no leste de Europa <a class=\"mh-excerpt-more\" href=\"https:\/\/www.anovapeneira.gal\/index.php\/2025\/10\/10\/rusia-e-palestina-venceran\/\" title=\"Rusia e Palestina, vencer\u00e1n!\">[&#8230;]<\/a><\/p>\n<\/div>","protected":false},"author":12,"featured_media":13877,"comment_status":"open","ping_status":"open","sticky":false,"template":"","format":"standard","meta":{"_exactmetrics_skip_tracking":false,"_exactmetrics_sitenote_active":false,"_exactmetrics_sitenote_note":"","_exactmetrics_sitenote_category":0,"footnotes":""},"categories":[7],"tags":[1469],"class_list":{"0":"post-14772","1":"post","2":"type-post","3":"status-publish","4":"format-standard","5":"has-post-thumbnail","7":"category-artigos-de-opinion","8":"tag-paulo-vila"},"yoast_head":"<!-- This site is optimized with the Yoast SEO plugin v27.5 - https:\/\/yoast.com\/product\/yoast-seo-wordpress\/ -->\n<title>Rusia e Palestina, vencer\u00e1n! -<\/title>\n<meta name=\"robots\" content=\"index, follow, max-snippet:-1, max-image-preview:large, max-video-preview:-1\" \/>\n<link rel=\"canonical\" href=\"https:\/\/www.anovapeneira.gal\/index.php\/2025\/10\/10\/rusia-e-palestina-venceran\/\" \/>\n<meta property=\"og:locale\" content=\"gl_ES\" \/>\n<meta property=\"og:type\" content=\"article\" \/>\n<meta property=\"og:title\" content=\"Rusia e Palestina, vencer\u00e1n! -\" \/>\n<meta property=\"og:description\" content=\"No segundo aniversario da operaci\u00f3n `Treboada de Al-Aqsa\u00b4 do 7 de outubro, organizada pola resistencia armada palestina contra o apartheid sionista, e en plena escalada belicista das desquiciadas elites globalistas europeas contra a Federaci\u00f3n Rusa no leste de Europa [...]\" \/>\n<meta property=\"og:url\" content=\"https:\/\/www.anovapeneira.gal\/index.php\/2025\/10\/10\/rusia-e-palestina-venceran\/\" \/>\n<meta property=\"article:publisher\" content=\"https:\/\/www.facebook.com\/anovapeneira\" \/>\n<meta property=\"article:published_time\" content=\"2025-10-10T08:00:20+00:00\" \/>\n<meta property=\"article:modified_time\" content=\"2025-10-21T15:24:29+00:00\" \/>\n<meta property=\"og:image\" content=\"https:\/\/www.anovapeneira.gal\/wp-content\/uploads\/2025\/05\/paulo_vila.jpg\" \/>\n\t<meta property=\"og:image:width\" content=\"720\" \/>\n\t<meta property=\"og:image:height\" content=\"432\" \/>\n\t<meta property=\"og:image:type\" content=\"image\/jpeg\" \/>\n<meta name=\"author\" content=\"Artigos Opini\u00f3n\" \/>\n<meta name=\"twitter:card\" content=\"summary_large_image\" \/>\n<meta name=\"twitter:creator\" content=\"@APeneira\" \/>\n<meta name=\"twitter:site\" content=\"@APeneira\" \/>\n<meta name=\"twitter:label1\" content=\"Escrito por\" \/>\n\t<meta name=\"twitter:data1\" content=\"Artigos Opini\u00f3n\" \/>\n\t<meta name=\"twitter:label2\" content=\"Tempo de lectura\" \/>\n\t<meta name=\"twitter:data2\" content=\"3 minutos\" \/>\n<script type=\"application\/ld+json\" class=\"yoast-schema-graph\">{\"@context\":\"https:\\\/\\\/schema.org\",\"@graph\":[{\"@type\":\"Article\",\"@id\":\"https:\\\/\\\/www.anovapeneira.gal\\\/index.php\\\/2025\\\/10\\\/10\\\/rusia-e-palestina-venceran\\\/#article\",\"isPartOf\":{\"@id\":\"https:\\\/\\\/www.anovapeneira.gal\\\/index.php\\\/2025\\\/10\\\/10\\\/rusia-e-palestina-venceran\\\/\"},\"author\":{\"name\":\"Artigos Opini\u00f3n\",\"@id\":\"https:\\\/\\\/www.anovapeneira.gal\\\/#\\\/schema\\\/person\\\/f18a4feb302e8f20bcef4490b5b60bb3\"},\"headline\":\"Rusia e Palestina, vencer\u00e1n!\",\"datePublished\":\"2025-10-10T08:00:20+00:00\",\"dateModified\":\"2025-10-21T15:24:29+00:00\",\"mainEntityOfPage\":{\"@id\":\"https:\\\/\\\/www.anovapeneira.gal\\\/index.php\\\/2025\\\/10\\\/10\\\/rusia-e-palestina-venceran\\\/\"},\"wordCount\":536,\"commentCount\":0,\"publisher\":{\"@id\":\"https:\\\/\\\/www.anovapeneira.gal\\\/#organization\"},\"image\":{\"@id\":\"https:\\\/\\\/www.anovapeneira.gal\\\/index.php\\\/2025\\\/10\\\/10\\\/rusia-e-palestina-venceran\\\/#primaryimage\"},\"thumbnailUrl\":\"https:\\\/\\\/www.anovapeneira.gal\\\/wp-content\\\/uploads\\\/2025\\\/05\\\/paulo_vila.jpg\",\"keywords\":[\"Paulo Vila\"],\"articleSection\":[\"Artigos de opini\u00f3n\"],\"inLanguage\":\"gl-ES\",\"potentialAction\":[{\"@type\":\"CommentAction\",\"name\":\"Comment\",\"target\":[\"https:\\\/\\\/www.anovapeneira.gal\\\/index.php\\\/2025\\\/10\\\/10\\\/rusia-e-palestina-venceran\\\/#respond\"]}]},{\"@type\":\"WebPage\",\"@id\":\"https:\\\/\\\/www.anovapeneira.gal\\\/index.php\\\/2025\\\/10\\\/10\\\/rusia-e-palestina-venceran\\\/\",\"url\":\"https:\\\/\\\/www.anovapeneira.gal\\\/index.php\\\/2025\\\/10\\\/10\\\/rusia-e-palestina-venceran\\\/\",\"name\":\"Rusia e Palestina, vencer\u00e1n! -\",\"isPartOf\":{\"@id\":\"https:\\\/\\\/www.anovapeneira.gal\\\/#website\"},\"primaryImageOfPage\":{\"@id\":\"https:\\\/\\\/www.anovapeneira.gal\\\/index.php\\\/2025\\\/10\\\/10\\\/rusia-e-palestina-venceran\\\/#primaryimage\"},\"image\":{\"@id\":\"https:\\\/\\\/www.anovapeneira.gal\\\/index.php\\\/2025\\\/10\\\/10\\\/rusia-e-palestina-venceran\\\/#primaryimage\"},\"thumbnailUrl\":\"https:\\\/\\\/www.anovapeneira.gal\\\/wp-content\\\/uploads\\\/2025\\\/05\\\/paulo_vila.jpg\",\"datePublished\":\"2025-10-10T08:00:20+00:00\",\"dateModified\":\"2025-10-21T15:24:29+00:00\",\"breadcrumb\":{\"@id\":\"https:\\\/\\\/www.anovapeneira.gal\\\/index.php\\\/2025\\\/10\\\/10\\\/rusia-e-palestina-venceran\\\/#breadcrumb\"},\"inLanguage\":\"gl-ES\",\"potentialAction\":[{\"@type\":\"ReadAction\",\"target\":[\"https:\\\/\\\/www.anovapeneira.gal\\\/index.php\\\/2025\\\/10\\\/10\\\/rusia-e-palestina-venceran\\\/\"]}]},{\"@type\":\"ImageObject\",\"inLanguage\":\"gl-ES\",\"@id\":\"https:\\\/\\\/www.anovapeneira.gal\\\/index.php\\\/2025\\\/10\\\/10\\\/rusia-e-palestina-venceran\\\/#primaryimage\",\"url\":\"https:\\\/\\\/www.anovapeneira.gal\\\/wp-content\\\/uploads\\\/2025\\\/05\\\/paulo_vila.jpg\",\"contentUrl\":\"https:\\\/\\\/www.anovapeneira.gal\\\/wp-content\\\/uploads\\\/2025\\\/05\\\/paulo_vila.jpg\",\"width\":720,\"height\":432,\"caption\":\"Paulo Vila\"},{\"@type\":\"BreadcrumbList\",\"@id\":\"https:\\\/\\\/www.anovapeneira.gal\\\/index.php\\\/2025\\\/10\\\/10\\\/rusia-e-palestina-venceran\\\/#breadcrumb\",\"itemListElement\":[{\"@type\":\"ListItem\",\"position\":1,\"name\":\"Portada\",\"item\":\"https:\\\/\\\/www.anovapeneira.gal\\\/\"},{\"@type\":\"ListItem\",\"position\":2,\"name\":\"Rusia e Palestina, vencer\u00e1n!\"}]},{\"@type\":\"WebSite\",\"@id\":\"https:\\\/\\\/www.anovapeneira.gal\\\/#website\",\"url\":\"https:\\\/\\\/www.anovapeneira.gal\\\/\",\"name\":\"\",\"description\":\"Xornal galego de informaci\u00f3n xeral Publicaci\u00f3n mensual de novas de Galicia e en especial dos Concellos da sur da provincia de Pontevedra.\",\"publisher\":{\"@id\":\"https:\\\/\\\/www.anovapeneira.gal\\\/#organization\"},\"potentialAction\":[{\"@type\":\"SearchAction\",\"target\":{\"@type\":\"EntryPoint\",\"urlTemplate\":\"https:\\\/\\\/www.anovapeneira.gal\\\/?s={search_term_string}\"},\"query-input\":{\"@type\":\"PropertyValueSpecification\",\"valueRequired\":true,\"valueName\":\"search_term_string\"}}],\"inLanguage\":\"gl-ES\"},{\"@type\":\"Organization\",\"@id\":\"https:\\\/\\\/www.anovapeneira.gal\\\/#organization\",\"name\":\"A Nova Peneira\",\"url\":\"https:\\\/\\\/www.anovapeneira.gal\\\/\",\"logo\":{\"@type\":\"ImageObject\",\"inLanguage\":\"gl-ES\",\"@id\":\"https:\\\/\\\/www.anovapeneira.gal\\\/#\\\/schema\\\/logo\\\/image\\\/\",\"url\":\"http:\\\/\\\/www.anovapeneira.gal\\\/wp-content\\\/uploads\\\/2019\\\/06\\\/logo_a_nova_peneira_portal_web.png\",\"contentUrl\":\"http:\\\/\\\/www.anovapeneira.gal\\\/wp-content\\\/uploads\\\/2019\\\/06\\\/logo_a_nova_peneira_portal_web.png\",\"width\":300,\"height\":100,\"caption\":\"A Nova Peneira\"},\"image\":{\"@id\":\"https:\\\/\\\/www.anovapeneira.gal\\\/#\\\/schema\\\/logo\\\/image\\\/\"},\"sameAs\":[\"https:\\\/\\\/www.facebook.com\\\/anovapeneira\",\"https:\\\/\\\/x.com\\\/APeneira\"]},{\"@type\":\"Person\",\"@id\":\"https:\\\/\\\/www.anovapeneira.gal\\\/#\\\/schema\\\/person\\\/f18a4feb302e8f20bcef4490b5b60bb3\",\"name\":\"Artigos Opini\u00f3n\",\"image\":{\"@type\":\"ImageObject\",\"inLanguage\":\"gl-ES\",\"@id\":\"https:\\\/\\\/secure.gravatar.com\\\/avatar\\\/072844300f4881150aee2da4278f7a65d16eefdf8262eb67085f1e702de2b959?s=96&d=mm&r=g\",\"url\":\"https:\\\/\\\/secure.gravatar.com\\\/avatar\\\/072844300f4881150aee2da4278f7a65d16eefdf8262eb67085f1e702de2b959?s=96&d=mm&r=g\",\"contentUrl\":\"https:\\\/\\\/secure.gravatar.com\\\/avatar\\\/072844300f4881150aee2da4278f7a65d16eefdf8262eb67085f1e702de2b959?s=96&d=mm&r=g\",\"caption\":\"Artigos Opini\u00f3n\"},\"sameAs\":[\"http:\\\/\\\/anovapeneira.gal\"],\"url\":\"https:\\\/\\\/www.anovapeneira.gal\\\/index.php\\\/author\\\/artigosopinion\\\/\"}]}<\/script>\n<!-- \/ Yoast SEO plugin. -->","yoast_head_json":{"title":"Rusia e Palestina, vencer\u00e1n! -","robots":{"index":"index","follow":"follow","max-snippet":"max-snippet:-1","max-image-preview":"max-image-preview:large","max-video-preview":"max-video-preview:-1"},"canonical":"https:\/\/www.anovapeneira.gal\/index.php\/2025\/10\/10\/rusia-e-palestina-venceran\/","og_locale":"gl_ES","og_type":"article","og_title":"Rusia e Palestina, vencer\u00e1n! -","og_description":"No segundo aniversario da operaci\u00f3n `Treboada de Al-Aqsa\u00b4 do 7 de outubro, organizada pola resistencia armada palestina contra o apartheid sionista, e en plena escalada belicista das desquiciadas elites globalistas europeas contra a Federaci\u00f3n Rusa no leste de Europa [...]","og_url":"https:\/\/www.anovapeneira.gal\/index.php\/2025\/10\/10\/rusia-e-palestina-venceran\/","article_publisher":"https:\/\/www.facebook.com\/anovapeneira","article_published_time":"2025-10-10T08:00:20+00:00","article_modified_time":"2025-10-21T15:24:29+00:00","og_image":[{"width":720,"height":432,"url":"https:\/\/www.anovapeneira.gal\/wp-content\/uploads\/2025\/05\/paulo_vila.jpg","type":"image\/jpeg"}],"author":"Artigos Opini\u00f3n","twitter_card":"summary_large_image","twitter_creator":"@APeneira","twitter_site":"@APeneira","twitter_misc":{"Escrito por":"Artigos Opini\u00f3n","Tempo de lectura":"3 minutos"},"schema":{"@context":"https:\/\/schema.org","@graph":[{"@type":"Article","@id":"https:\/\/www.anovapeneira.gal\/index.php\/2025\/10\/10\/rusia-e-palestina-venceran\/#article","isPartOf":{"@id":"https:\/\/www.anovapeneira.gal\/index.php\/2025\/10\/10\/rusia-e-palestina-venceran\/"},"author":{"name":"Artigos Opini\u00f3n","@id":"https:\/\/www.anovapeneira.gal\/#\/schema\/person\/f18a4feb302e8f20bcef4490b5b60bb3"},"headline":"Rusia e Palestina, vencer\u00e1n!","datePublished":"2025-10-10T08:00:20+00:00","dateModified":"2025-10-21T15:24:29+00:00","mainEntityOfPage":{"@id":"https:\/\/www.anovapeneira.gal\/index.php\/2025\/10\/10\/rusia-e-palestina-venceran\/"},"wordCount":536,"commentCount":0,"publisher":{"@id":"https:\/\/www.anovapeneira.gal\/#organization"},"image":{"@id":"https:\/\/www.anovapeneira.gal\/index.php\/2025\/10\/10\/rusia-e-palestina-venceran\/#primaryimage"},"thumbnailUrl":"https:\/\/www.anovapeneira.gal\/wp-content\/uploads\/2025\/05\/paulo_vila.jpg","keywords":["Paulo Vila"],"articleSection":["Artigos de opini\u00f3n"],"inLanguage":"gl-ES","potentialAction":[{"@type":"CommentAction","name":"Comment","target":["https:\/\/www.anovapeneira.gal\/index.php\/2025\/10\/10\/rusia-e-palestina-venceran\/#respond"]}]},{"@type":"WebPage","@id":"https:\/\/www.anovapeneira.gal\/index.php\/2025\/10\/10\/rusia-e-palestina-venceran\/","url":"https:\/\/www.anovapeneira.gal\/index.php\/2025\/10\/10\/rusia-e-palestina-venceran\/","name":"Rusia e Palestina, vencer\u00e1n! -","isPartOf":{"@id":"https:\/\/www.anovapeneira.gal\/#website"},"primaryImageOfPage":{"@id":"https:\/\/www.anovapeneira.gal\/index.php\/2025\/10\/10\/rusia-e-palestina-venceran\/#primaryimage"},"image":{"@id":"https:\/\/www.anovapeneira.gal\/index.php\/2025\/10\/10\/rusia-e-palestina-venceran\/#primaryimage"},"thumbnailUrl":"https:\/\/www.anovapeneira.gal\/wp-content\/uploads\/2025\/05\/paulo_vila.jpg","datePublished":"2025-10-10T08:00:20+00:00","dateModified":"2025-10-21T15:24:29+00:00","breadcrumb":{"@id":"https:\/\/www.anovapeneira.gal\/index.php\/2025\/10\/10\/rusia-e-palestina-venceran\/#breadcrumb"},"inLanguage":"gl-ES","potentialAction":[{"@type":"ReadAction","target":["https:\/\/www.anovapeneira.gal\/index.php\/2025\/10\/10\/rusia-e-palestina-venceran\/"]}]},{"@type":"ImageObject","inLanguage":"gl-ES","@id":"https:\/\/www.anovapeneira.gal\/index.php\/2025\/10\/10\/rusia-e-palestina-venceran\/#primaryimage","url":"https:\/\/www.anovapeneira.gal\/wp-content\/uploads\/2025\/05\/paulo_vila.jpg","contentUrl":"https:\/\/www.anovapeneira.gal\/wp-content\/uploads\/2025\/05\/paulo_vila.jpg","width":720,"height":432,"caption":"Paulo Vila"},{"@type":"BreadcrumbList","@id":"https:\/\/www.anovapeneira.gal\/index.php\/2025\/10\/10\/rusia-e-palestina-venceran\/#breadcrumb","itemListElement":[{"@type":"ListItem","position":1,"name":"Portada","item":"https:\/\/www.anovapeneira.gal\/"},{"@type":"ListItem","position":2,"name":"Rusia e Palestina, vencer\u00e1n!"}]},{"@type":"WebSite","@id":"https:\/\/www.anovapeneira.gal\/#website","url":"https:\/\/www.anovapeneira.gal\/","name":"","description":"Xornal galego de informaci\u00f3n xeral Publicaci\u00f3n mensual de novas de Galicia e en especial dos Concellos da sur da provincia de Pontevedra.","publisher":{"@id":"https:\/\/www.anovapeneira.gal\/#organization"},"potentialAction":[{"@type":"SearchAction","target":{"@type":"EntryPoint","urlTemplate":"https:\/\/www.anovapeneira.gal\/?s={search_term_string}"},"query-input":{"@type":"PropertyValueSpecification","valueRequired":true,"valueName":"search_term_string"}}],"inLanguage":"gl-ES"},{"@type":"Organization","@id":"https:\/\/www.anovapeneira.gal\/#organization","name":"A Nova Peneira","url":"https:\/\/www.anovapeneira.gal\/","logo":{"@type":"ImageObject","inLanguage":"gl-ES","@id":"https:\/\/www.anovapeneira.gal\/#\/schema\/logo\/image\/","url":"http:\/\/www.anovapeneira.gal\/wp-content\/uploads\/2019\/06\/logo_a_nova_peneira_portal_web.png","contentUrl":"http:\/\/www.anovapeneira.gal\/wp-content\/uploads\/2019\/06\/logo_a_nova_peneira_portal_web.png","width":300,"height":100,"caption":"A Nova Peneira"},"image":{"@id":"https:\/\/www.anovapeneira.gal\/#\/schema\/logo\/image\/"},"sameAs":["https:\/\/www.facebook.com\/anovapeneira","https:\/\/x.com\/APeneira"]},{"@type":"Person","@id":"https:\/\/www.anovapeneira.gal\/#\/schema\/person\/f18a4feb302e8f20bcef4490b5b60bb3","name":"Artigos Opini\u00f3n","image":{"@type":"ImageObject","inLanguage":"gl-ES","@id":"https:\/\/secure.gravatar.com\/avatar\/072844300f4881150aee2da4278f7a65d16eefdf8262eb67085f1e702de2b959?s=96&d=mm&r=g","url":"https:\/\/secure.gravatar.com\/avatar\/072844300f4881150aee2da4278f7a65d16eefdf8262eb67085f1e702de2b959?s=96&d=mm&r=g","contentUrl":"https:\/\/secure.gravatar.com\/avatar\/072844300f4881150aee2da4278f7a65d16eefdf8262eb67085f1e702de2b959?s=96&d=mm&r=g","caption":"Artigos Opini\u00f3n"},"sameAs":["http:\/\/anovapeneira.gal"],"url":"https:\/\/www.anovapeneira.gal\/index.php\/author\/artigosopinion\/"}]}},"jetpack_featured_media_url":"https:\/\/www.anovapeneira.gal\/wp-content\/uploads\/2025\/05\/paulo_vila.jpg","_links":{"self":[{"href":"https:\/\/www.anovapeneira.gal\/index.php\/wp-json\/wp\/v2\/posts\/14772","targetHints":{"allow":["GET"]}}],"collection":[{"href":"https:\/\/www.anovapeneira.gal\/index.php\/wp-json\/wp\/v2\/posts"}],"about":[{"href":"https:\/\/www.anovapeneira.gal\/index.php\/wp-json\/wp\/v2\/types\/post"}],"author":[{"embeddable":true,"href":"https:\/\/www.anovapeneira.gal\/index.php\/wp-json\/wp\/v2\/users\/12"}],"replies":[{"embeddable":true,"href":"https:\/\/www.anovapeneira.gal\/index.php\/wp-json\/wp\/v2\/comments?post=14772"}],"version-history":[{"count":1,"href":"https:\/\/www.anovapeneira.gal\/index.php\/wp-json\/wp\/v2\/posts\/14772\/revisions"}],"predecessor-version":[{"id":14773,"href":"https:\/\/www.anovapeneira.gal\/index.php\/wp-json\/wp\/v2\/posts\/14772\/revisions\/14773"}],"wp:featuredmedia":[{"embeddable":true,"href":"https:\/\/www.anovapeneira.gal\/index.php\/wp-json\/wp\/v2\/media\/13877"}],"wp:attachment":[{"href":"https:\/\/www.anovapeneira.gal\/index.php\/wp-json\/wp\/v2\/media?parent=14772"}],"wp:term":[{"taxonomy":"category","embeddable":true,"href":"https:\/\/www.anovapeneira.gal\/index.php\/wp-json\/wp\/v2\/categories?post=14772"},{"taxonomy":"post_tag","embeddable":true,"href":"https:\/\/www.anovapeneira.gal\/index.php\/wp-json\/wp\/v2\/tags?post=14772"}],"curies":[{"name":"wp","href":"https:\/\/api.w.org\/{rel}","templated":true}]}}