{"id":14780,"date":"2025-10-13T12:00:06","date_gmt":"2025-10-13T10:00:06","guid":{"rendered":"https:\/\/www.anovapeneira.gal\/?p=14780"},"modified":"2025-10-06T07:15:31","modified_gmt":"2025-10-06T05:15:31","slug":"ponton-propon-unha-moratoria-indefinida-do-eucalipto-como-primeiro-paso-para-acadar-un-monte-ordenado-e-multifuncional","status":"publish","type":"post","link":"https:\/\/www.anovapeneira.gal\/index.php\/2025\/10\/13\/ponton-propon-unha-moratoria-indefinida-do-eucalipto-como-primeiro-paso-para-acadar-un-monte-ordenado-e-multifuncional\/","title":{"rendered":"Pont\u00f3n prop\u00f3n unha moratoria indefinida do eucalipto como primeiro paso para acadar un monte ordenado e multifuncional"},"content":{"rendered":"\n<h2 class=\"wp-block-heading\"><strong>Urxe ao Goberno do PP a deixar de po\u00f1er os montes galegos a disposici\u00f3n de pasteiras e macrocelulosas como Ence, Navigator ou Altri<\/strong><\/h2>\n\n\n\n<p><strong>O BNG levar\u00e1 ao Parlamento a medida para impulsar un cambio radical na pol\u00edtica forestal de Rueda que permita protexer a Galiza fronte aos lumes<\/strong><\/p>\n\n\n\n<p><strong>Santiago de Compostela, 2 outubro 2025.-<\/strong> A portavoz nacional, Ana Pont\u00f3n, propuxo desde Agolada unha \u201cmoratoria indefinida do eucalipto\u201d como primeiro paso para acadar un monte ordenado, multifuncional e en mosaico que permita \u201cprotexer mellor\u201d a Galiza fronte aos lumes.<\/p>\n\n\n\n<p>Esta \u00e9 a proposta que o BNG vai levar ao Parlamento para evitar a proliferaci\u00f3n dunha especie que converte os montes galegos \u201cnun <em>polvor\u00edn<\/em> en pleno cambio clim\u00e1tico\u201d, advertiu Pont\u00f3n logo de visitar e manter un encontro coa veci\u00f1anza da parroquia do Sexo, en Agolada, unha das afectadas pola \u00faltima vaga de incendios na comarca do Deza.<\/p>\n\n\n\n<p>A portavoz nacional reclamou un \u201cxiro de 180 graos\u201d na pol\u00edtica forestal do Goberno do PP para evitar que o acontecido este ver\u00e1n se volva repetir, polo que incidiu na necesidade de establecer unha moratoria indefinida do eucalipto, m\u00e1is tendo en conta que o que houbo at\u00e9 o ade agora foi \u201cunha moratoria pantasma\u201d de escasa eficacia.<\/p>\n\n\n\n<p>Neste sentido, recordou que a propia <em>Asociaci\u00f3n de Enxe\u00f1eiros Forestais<\/em> da Xunta alertou de que a plantaci\u00f3n de eucaliptos aumentou en 6.000 hect\u00e1reas desde que empezou a actual moratoria decretada pola Xunta que remata este 31 de decembro.<\/p>\n\n\n\n<p>A l\u00edder nacionalista advertiu que hoxe en d\u00eda hai, como m\u00ednimo, 230.000 hect\u00e1reas m\u00e1is desta especie das que estaban previstas no propio Plan Forestal da Xunta ata 2032. Unha cifra que pode ser maior, recalcou, ao estar desactualizada porque o Executivo de Alfonso Rueda \u201coculta os datos do \u00faltimo censo forestal\u201d.<\/p>\n\n\n\n<p>\u201cDesde o BNG solicitamos a aplicaci\u00f3n inmediata dunha moratoria indefinida do eucalipto porque cremos que o noso monte non ten que estar ao servizo de grandes pasteiras como Ence, Navigator ou Altri\u201d, incidiu, para advertir que con esta nefasta pol\u00edtica do PP \u201cquen ga\u00f1an son as celulosas e quen perde \u00e9 Galiza e a xente do medio rural\u201d.<\/p>\n\n\n\n<p>Pont\u00f3n recriminou aos <em>populares<\/em> que sigan empe\u00f1ados en \u201cquerer tapar a s\u00faa responsabilidade\u201d na \u00faltima vaga de lumes e que contin\u00faen neg\u00e1ndose a \u201ccambiar nada\u201d para evitar que unha situaci\u00f3n as\u00ed se volva repetir.<\/p>\n\n\n\n<p>\u201cLamentablemente, o que temos \u00e9 un Goberno do Partido Popular que non quere cambiar nada, que quere seguir cunha pol\u00edtica que \u00e9 contraria aos intereses do noso Pa\u00eds e que quere seguir promocionando unha especie que se est\u00e1 descontrolando en Galiza\u201d, denunciou.<\/p>\n\n\n\n<p>A portavoz nacional recalcou que a \u00faltima vaga de lumes ten que ser \u201cun punto de inflexi\u00f3n\u201d xa que non se chegou a ela por casualidade, sen\u00f3n \u201cdespois de m\u00e1is de 35 anos de goberno do Partido Popular que fomentan o abandono do medio rural cunha pol\u00edtica forestal fracasada\u201d.<\/p>\n\n\n\n<p>Nesta li\u00f1a, contrapuxo a posici\u00f3n do PP en contra dos intereses de Galiza \u00e1 do BNG en favor do Pa\u00eds e cunha clara aposta por un \u201cmedio rural vivo e produtivo\u201d e por un modelo forestal baseado nun monte multifuncional e en mosaico que protexa mellor aos galegos e \u00e1s galegas fronte aos lumes.<\/p>\n\n\n\n<p>Ademais da moratoria indefinida do eucalipto, e a preguntas dos medios, Pont\u00f3n avogou tam\u00e9n por elevar a 100 metros as franxas de protecci\u00f3n a vivendas e n\u00facleos de poboaci\u00f3n, unha medida para a que o Bloque prop\u00f3n crear un fondo extraordinario da Xunta xa que, subli\u00f1ou, \u201cde nada vale po\u00f1er medidas no papel se logo non hai os medios necesarios para levalas adiante\u201d.<\/p>\n\n\n\n<p>As\u00ed mesmo, apostou por duplicar os fondos destinados \u00e1 prevenci\u00f3n e que estes sexan \u201crealmente executados\u201d, dado que o que se viu este ano \u00e9 que o Executivo de Rueda non acometeu as medidas preventivas, \u201cnin tan sequera nas zonas nas que ten a responsabilidade de executar as franxas\u201d e, o m\u00e1is grave, advertiu, \u201cque non o fixeron nin nas parroquias de alto risco\u201d.<\/p>\n\n\n\n<p>\u201cPolo tanto, o que ten que facer a Xunta \u00e9 o seu traballo e deixar de botar bal\u00f3ns f\u00f3ra\u201d, reclamou, para remarcar que se non se toman medidas a tempo, \u201co que vai pasar \u00e9 que dentro de catro ou cinco anos a situaci\u00f3n vai ser peor porque estes lumes son s\u00f3 un aviso\u201d, advertiu en alusi\u00f3n aos efectos do cambio clim\u00e1tico.<\/p>\n\n\n\n<p>Por \u00faltimo, defendeu a necesidade de apoiar a quen quere seguir vivindo no rural, dot\u00e1ndoo tam\u00e9n dos servizos que precisa. \u201cO mellor servizo de extinci\u00f3n que podemos ter \u00e9 a prevenci\u00f3n, porque os incendios ap\u00e1ganse en inverno, e tam\u00e9n apostar por que haxa actividade agraria, por un monte multifuncional e por outro modelo forestal porque o que est\u00e1 en xogo \u00e9 o futuro deste Pa\u00eds\u201d, conclu\u00edu.<\/p>\n","protected":false},"excerpt":{"rendered":"<div class=\"mh-excerpt\"><p>Urxe ao Goberno do PP a deixar de po\u00f1er os montes galegos a disposici\u00f3n de pasteiras e macrocelulosas como Ence, Navigator ou Altri <a class=\"mh-excerpt-more\" href=\"https:\/\/www.anovapeneira.gal\/index.php\/2025\/10\/13\/ponton-propon-unha-moratoria-indefinida-do-eucalipto-como-primeiro-paso-para-acadar-un-monte-ordenado-e-multifuncional\/\" title=\"Pont\u00f3n prop\u00f3n unha moratoria indefinida do eucalipto como primeiro paso para acadar un monte ordenado e multifuncional\">[&#8230;]<\/a><\/p>\n<\/div>","protected":false},"author":3,"featured_media":8701,"comment_status":"open","ping_status":"open","sticky":false,"template":"","format":"standard","meta":{"_exactmetrics_skip_tracking":false,"_exactmetrics_sitenote_active":false,"_exactmetrics_sitenote_note":"","_exactmetrics_sitenote_category":0,"footnotes":""},"categories":[263],"tags":[],"class_list":{"0":"post-14780","1":"post","2":"type-post","3":"status-publish","4":"format-standard","5":"has-post-thumbnail","7":"category-novas"},"yoast_head":"<!-- This site is optimized with the Yoast SEO plugin v27.5 - https:\/\/yoast.com\/product\/yoast-seo-wordpress\/ -->\n<title>Pont\u00f3n prop\u00f3n unha moratoria indefinida do eucalipto como primeiro paso para acadar un monte ordenado e multifuncional -<\/title>\n<meta name=\"robots\" content=\"index, follow, max-snippet:-1, max-image-preview:large, max-video-preview:-1\" \/>\n<link rel=\"canonical\" href=\"https:\/\/www.anovapeneira.gal\/index.php\/2025\/10\/13\/ponton-propon-unha-moratoria-indefinida-do-eucalipto-como-primeiro-paso-para-acadar-un-monte-ordenado-e-multifuncional\/\" \/>\n<meta property=\"og:locale\" content=\"gl_ES\" \/>\n<meta property=\"og:type\" content=\"article\" \/>\n<meta property=\"og:title\" content=\"Pont\u00f3n prop\u00f3n unha moratoria indefinida do eucalipto como primeiro paso para acadar un monte ordenado e multifuncional -\" \/>\n<meta property=\"og:description\" content=\"Urxe ao Goberno do PP a deixar de po\u00f1er os montes galegos a disposici\u00f3n de pasteiras e macrocelulosas como Ence, Navigator ou Altri [...]\" \/>\n<meta property=\"og:url\" content=\"https:\/\/www.anovapeneira.gal\/index.php\/2025\/10\/13\/ponton-propon-unha-moratoria-indefinida-do-eucalipto-como-primeiro-paso-para-acadar-un-monte-ordenado-e-multifuncional\/\" \/>\n<meta property=\"article:publisher\" content=\"https:\/\/www.facebook.com\/anovapeneira\" \/>\n<meta property=\"article:published_time\" content=\"2025-10-13T10:00:06+00:00\" \/>\n<meta property=\"og:image\" content=\"https:\/\/www.anovapeneira.gal\/wp-content\/uploads\/2022\/12\/ana_ponton_novembro_2022.jpg\" \/>\n\t<meta property=\"og:image:width\" content=\"720\" \/>\n\t<meta property=\"og:image:height\" content=\"432\" \/>\n\t<meta property=\"og:image:type\" content=\"image\/jpeg\" \/>\n<meta name=\"author\" content=\"Redacci\u00f3n A Nova Peneira\" \/>\n<meta name=\"twitter:card\" content=\"summary_large_image\" \/>\n<meta name=\"twitter:creator\" content=\"@APeneira\" \/>\n<meta name=\"twitter:site\" content=\"@APeneira\" \/>\n<meta name=\"twitter:label1\" content=\"Escrito por\" \/>\n\t<meta name=\"twitter:data1\" content=\"Redacci\u00f3n A Nova Peneira\" \/>\n\t<meta name=\"twitter:label2\" content=\"Tempo de lectura\" \/>\n\t<meta name=\"twitter:data2\" content=\"5 minutos\" \/>\n<script type=\"application\/ld+json\" class=\"yoast-schema-graph\">{\"@context\":\"https:\\\/\\\/schema.org\",\"@graph\":[{\"@type\":\"Article\",\"@id\":\"https:\\\/\\\/www.anovapeneira.gal\\\/index.php\\\/2025\\\/10\\\/13\\\/ponton-propon-unha-moratoria-indefinida-do-eucalipto-como-primeiro-paso-para-acadar-un-monte-ordenado-e-multifuncional\\\/#article\",\"isPartOf\":{\"@id\":\"https:\\\/\\\/www.anovapeneira.gal\\\/index.php\\\/2025\\\/10\\\/13\\\/ponton-propon-unha-moratoria-indefinida-do-eucalipto-como-primeiro-paso-para-acadar-un-monte-ordenado-e-multifuncional\\\/\"},\"author\":{\"name\":\"Redacci\u00f3n A Nova Peneira\",\"@id\":\"https:\\\/\\\/www.anovapeneira.gal\\\/#\\\/schema\\\/person\\\/b93e3f8932e3f8da96334607eb6ac6aa\"},\"headline\":\"Pont\u00f3n prop\u00f3n unha moratoria indefinida do eucalipto como primeiro paso para acadar un monte ordenado e multifuncional\",\"datePublished\":\"2025-10-13T10:00:06+00:00\",\"mainEntityOfPage\":{\"@id\":\"https:\\\/\\\/www.anovapeneira.gal\\\/index.php\\\/2025\\\/10\\\/13\\\/ponton-propon-unha-moratoria-indefinida-do-eucalipto-como-primeiro-paso-para-acadar-un-monte-ordenado-e-multifuncional\\\/\"},\"wordCount\":845,\"commentCount\":0,\"publisher\":{\"@id\":\"https:\\\/\\\/www.anovapeneira.gal\\\/#organization\"},\"image\":{\"@id\":\"https:\\\/\\\/www.anovapeneira.gal\\\/index.php\\\/2025\\\/10\\\/13\\\/ponton-propon-unha-moratoria-indefinida-do-eucalipto-como-primeiro-paso-para-acadar-un-monte-ordenado-e-multifuncional\\\/#primaryimage\"},\"thumbnailUrl\":\"https:\\\/\\\/www.anovapeneira.gal\\\/wp-content\\\/uploads\\\/2022\\\/12\\\/ana_ponton_novembro_2022.jpg\",\"articleSection\":[\"Novas\"],\"inLanguage\":\"gl-ES\",\"potentialAction\":[{\"@type\":\"CommentAction\",\"name\":\"Comment\",\"target\":[\"https:\\\/\\\/www.anovapeneira.gal\\\/index.php\\\/2025\\\/10\\\/13\\\/ponton-propon-unha-moratoria-indefinida-do-eucalipto-como-primeiro-paso-para-acadar-un-monte-ordenado-e-multifuncional\\\/#respond\"]}]},{\"@type\":\"WebPage\",\"@id\":\"https:\\\/\\\/www.anovapeneira.gal\\\/index.php\\\/2025\\\/10\\\/13\\\/ponton-propon-unha-moratoria-indefinida-do-eucalipto-como-primeiro-paso-para-acadar-un-monte-ordenado-e-multifuncional\\\/\",\"url\":\"https:\\\/\\\/www.anovapeneira.gal\\\/index.php\\\/2025\\\/10\\\/13\\\/ponton-propon-unha-moratoria-indefinida-do-eucalipto-como-primeiro-paso-para-acadar-un-monte-ordenado-e-multifuncional\\\/\",\"name\":\"Pont\u00f3n prop\u00f3n unha moratoria indefinida do eucalipto como primeiro paso para acadar un monte ordenado e multifuncional -\",\"isPartOf\":{\"@id\":\"https:\\\/\\\/www.anovapeneira.gal\\\/#website\"},\"primaryImageOfPage\":{\"@id\":\"https:\\\/\\\/www.anovapeneira.gal\\\/index.php\\\/2025\\\/10\\\/13\\\/ponton-propon-unha-moratoria-indefinida-do-eucalipto-como-primeiro-paso-para-acadar-un-monte-ordenado-e-multifuncional\\\/#primaryimage\"},\"image\":{\"@id\":\"https:\\\/\\\/www.anovapeneira.gal\\\/index.php\\\/2025\\\/10\\\/13\\\/ponton-propon-unha-moratoria-indefinida-do-eucalipto-como-primeiro-paso-para-acadar-un-monte-ordenado-e-multifuncional\\\/#primaryimage\"},\"thumbnailUrl\":\"https:\\\/\\\/www.anovapeneira.gal\\\/wp-content\\\/uploads\\\/2022\\\/12\\\/ana_ponton_novembro_2022.jpg\",\"datePublished\":\"2025-10-13T10:00:06+00:00\",\"breadcrumb\":{\"@id\":\"https:\\\/\\\/www.anovapeneira.gal\\\/index.php\\\/2025\\\/10\\\/13\\\/ponton-propon-unha-moratoria-indefinida-do-eucalipto-como-primeiro-paso-para-acadar-un-monte-ordenado-e-multifuncional\\\/#breadcrumb\"},\"inLanguage\":\"gl-ES\",\"potentialAction\":[{\"@type\":\"ReadAction\",\"target\":[\"https:\\\/\\\/www.anovapeneira.gal\\\/index.php\\\/2025\\\/10\\\/13\\\/ponton-propon-unha-moratoria-indefinida-do-eucalipto-como-primeiro-paso-para-acadar-un-monte-ordenado-e-multifuncional\\\/\"]}]},{\"@type\":\"ImageObject\",\"inLanguage\":\"gl-ES\",\"@id\":\"https:\\\/\\\/www.anovapeneira.gal\\\/index.php\\\/2025\\\/10\\\/13\\\/ponton-propon-unha-moratoria-indefinida-do-eucalipto-como-primeiro-paso-para-acadar-un-monte-ordenado-e-multifuncional\\\/#primaryimage\",\"url\":\"https:\\\/\\\/www.anovapeneira.gal\\\/wp-content\\\/uploads\\\/2022\\\/12\\\/ana_ponton_novembro_2022.jpg\",\"contentUrl\":\"https:\\\/\\\/www.anovapeneira.gal\\\/wp-content\\\/uploads\\\/2022\\\/12\\\/ana_ponton_novembro_2022.jpg\",\"width\":720,\"height\":432,\"caption\":\"Ana Pont\u00f3n\"},{\"@type\":\"BreadcrumbList\",\"@id\":\"https:\\\/\\\/www.anovapeneira.gal\\\/index.php\\\/2025\\\/10\\\/13\\\/ponton-propon-unha-moratoria-indefinida-do-eucalipto-como-primeiro-paso-para-acadar-un-monte-ordenado-e-multifuncional\\\/#breadcrumb\",\"itemListElement\":[{\"@type\":\"ListItem\",\"position\":1,\"name\":\"Portada\",\"item\":\"https:\\\/\\\/www.anovapeneira.gal\\\/\"},{\"@type\":\"ListItem\",\"position\":2,\"name\":\"Pont\u00f3n prop\u00f3n unha moratoria indefinida do eucalipto como primeiro paso para acadar un monte ordenado e multifuncional\"}]},{\"@type\":\"WebSite\",\"@id\":\"https:\\\/\\\/www.anovapeneira.gal\\\/#website\",\"url\":\"https:\\\/\\\/www.anovapeneira.gal\\\/\",\"name\":\"\",\"description\":\"Xornal galego de informaci\u00f3n xeral Publicaci\u00f3n mensual de novas de Galicia e en especial dos Concellos da sur da provincia de Pontevedra.\",\"publisher\":{\"@id\":\"https:\\\/\\\/www.anovapeneira.gal\\\/#organization\"},\"potentialAction\":[{\"@type\":\"SearchAction\",\"target\":{\"@type\":\"EntryPoint\",\"urlTemplate\":\"https:\\\/\\\/www.anovapeneira.gal\\\/?s={search_term_string}\"},\"query-input\":{\"@type\":\"PropertyValueSpecification\",\"valueRequired\":true,\"valueName\":\"search_term_string\"}}],\"inLanguage\":\"gl-ES\"},{\"@type\":\"Organization\",\"@id\":\"https:\\\/\\\/www.anovapeneira.gal\\\/#organization\",\"name\":\"A Nova Peneira\",\"url\":\"https:\\\/\\\/www.anovapeneira.gal\\\/\",\"logo\":{\"@type\":\"ImageObject\",\"inLanguage\":\"gl-ES\",\"@id\":\"https:\\\/\\\/www.anovapeneira.gal\\\/#\\\/schema\\\/logo\\\/image\\\/\",\"url\":\"http:\\\/\\\/www.anovapeneira.gal\\\/wp-content\\\/uploads\\\/2019\\\/06\\\/logo_a_nova_peneira_portal_web.png\",\"contentUrl\":\"http:\\\/\\\/www.anovapeneira.gal\\\/wp-content\\\/uploads\\\/2019\\\/06\\\/logo_a_nova_peneira_portal_web.png\",\"width\":300,\"height\":100,\"caption\":\"A Nova Peneira\"},\"image\":{\"@id\":\"https:\\\/\\\/www.anovapeneira.gal\\\/#\\\/schema\\\/logo\\\/image\\\/\"},\"sameAs\":[\"https:\\\/\\\/www.facebook.com\\\/anovapeneira\",\"https:\\\/\\\/x.com\\\/APeneira\"]},{\"@type\":\"Person\",\"@id\":\"https:\\\/\\\/www.anovapeneira.gal\\\/#\\\/schema\\\/person\\\/b93e3f8932e3f8da96334607eb6ac6aa\",\"name\":\"Redacci\u00f3n A Nova Peneira\",\"image\":{\"@type\":\"ImageObject\",\"inLanguage\":\"gl-ES\",\"@id\":\"https:\\\/\\\/secure.gravatar.com\\\/avatar\\\/c052a2551a06e23fac63626232eaa90abd78dbcf1700fc46a2b2c89fd27b735f?s=96&d=mm&r=g\",\"url\":\"https:\\\/\\\/secure.gravatar.com\\\/avatar\\\/c052a2551a06e23fac63626232eaa90abd78dbcf1700fc46a2b2c89fd27b735f?s=96&d=mm&r=g\",\"contentUrl\":\"https:\\\/\\\/secure.gravatar.com\\\/avatar\\\/c052a2551a06e23fac63626232eaa90abd78dbcf1700fc46a2b2c89fd27b735f?s=96&d=mm&r=g\",\"caption\":\"Redacci\u00f3n A Nova Peneira\"},\"sameAs\":[\"http:\\\/\\\/www.anovapeneira.gal\\\/\"],\"url\":\"https:\\\/\\\/www.anovapeneira.gal\\\/index.php\\\/author\\\/redactor\\\/\"}]}<\/script>\n<!-- \/ Yoast SEO plugin. -->","yoast_head_json":{"title":"Pont\u00f3n prop\u00f3n unha moratoria indefinida do eucalipto como primeiro paso para acadar un monte ordenado e multifuncional -","robots":{"index":"index","follow":"follow","max-snippet":"max-snippet:-1","max-image-preview":"max-image-preview:large","max-video-preview":"max-video-preview:-1"},"canonical":"https:\/\/www.anovapeneira.gal\/index.php\/2025\/10\/13\/ponton-propon-unha-moratoria-indefinida-do-eucalipto-como-primeiro-paso-para-acadar-un-monte-ordenado-e-multifuncional\/","og_locale":"gl_ES","og_type":"article","og_title":"Pont\u00f3n prop\u00f3n unha moratoria indefinida do eucalipto como primeiro paso para acadar un monte ordenado e multifuncional -","og_description":"Urxe ao Goberno do PP a deixar de po\u00f1er os montes galegos a disposici\u00f3n de pasteiras e macrocelulosas como Ence, Navigator ou Altri [...]","og_url":"https:\/\/www.anovapeneira.gal\/index.php\/2025\/10\/13\/ponton-propon-unha-moratoria-indefinida-do-eucalipto-como-primeiro-paso-para-acadar-un-monte-ordenado-e-multifuncional\/","article_publisher":"https:\/\/www.facebook.com\/anovapeneira","article_published_time":"2025-10-13T10:00:06+00:00","og_image":[{"width":720,"height":432,"url":"https:\/\/www.anovapeneira.gal\/wp-content\/uploads\/2022\/12\/ana_ponton_novembro_2022.jpg","type":"image\/jpeg"}],"author":"Redacci\u00f3n A Nova Peneira","twitter_card":"summary_large_image","twitter_creator":"@APeneira","twitter_site":"@APeneira","twitter_misc":{"Escrito por":"Redacci\u00f3n A Nova Peneira","Tempo de lectura":"5 minutos"},"schema":{"@context":"https:\/\/schema.org","@graph":[{"@type":"Article","@id":"https:\/\/www.anovapeneira.gal\/index.php\/2025\/10\/13\/ponton-propon-unha-moratoria-indefinida-do-eucalipto-como-primeiro-paso-para-acadar-un-monte-ordenado-e-multifuncional\/#article","isPartOf":{"@id":"https:\/\/www.anovapeneira.gal\/index.php\/2025\/10\/13\/ponton-propon-unha-moratoria-indefinida-do-eucalipto-como-primeiro-paso-para-acadar-un-monte-ordenado-e-multifuncional\/"},"author":{"name":"Redacci\u00f3n A Nova Peneira","@id":"https:\/\/www.anovapeneira.gal\/#\/schema\/person\/b93e3f8932e3f8da96334607eb6ac6aa"},"headline":"Pont\u00f3n prop\u00f3n unha moratoria indefinida do eucalipto como primeiro paso para acadar un monte ordenado e multifuncional","datePublished":"2025-10-13T10:00:06+00:00","mainEntityOfPage":{"@id":"https:\/\/www.anovapeneira.gal\/index.php\/2025\/10\/13\/ponton-propon-unha-moratoria-indefinida-do-eucalipto-como-primeiro-paso-para-acadar-un-monte-ordenado-e-multifuncional\/"},"wordCount":845,"commentCount":0,"publisher":{"@id":"https:\/\/www.anovapeneira.gal\/#organization"},"image":{"@id":"https:\/\/www.anovapeneira.gal\/index.php\/2025\/10\/13\/ponton-propon-unha-moratoria-indefinida-do-eucalipto-como-primeiro-paso-para-acadar-un-monte-ordenado-e-multifuncional\/#primaryimage"},"thumbnailUrl":"https:\/\/www.anovapeneira.gal\/wp-content\/uploads\/2022\/12\/ana_ponton_novembro_2022.jpg","articleSection":["Novas"],"inLanguage":"gl-ES","potentialAction":[{"@type":"CommentAction","name":"Comment","target":["https:\/\/www.anovapeneira.gal\/index.php\/2025\/10\/13\/ponton-propon-unha-moratoria-indefinida-do-eucalipto-como-primeiro-paso-para-acadar-un-monte-ordenado-e-multifuncional\/#respond"]}]},{"@type":"WebPage","@id":"https:\/\/www.anovapeneira.gal\/index.php\/2025\/10\/13\/ponton-propon-unha-moratoria-indefinida-do-eucalipto-como-primeiro-paso-para-acadar-un-monte-ordenado-e-multifuncional\/","url":"https:\/\/www.anovapeneira.gal\/index.php\/2025\/10\/13\/ponton-propon-unha-moratoria-indefinida-do-eucalipto-como-primeiro-paso-para-acadar-un-monte-ordenado-e-multifuncional\/","name":"Pont\u00f3n prop\u00f3n unha moratoria indefinida do eucalipto como primeiro paso para acadar un monte ordenado e multifuncional -","isPartOf":{"@id":"https:\/\/www.anovapeneira.gal\/#website"},"primaryImageOfPage":{"@id":"https:\/\/www.anovapeneira.gal\/index.php\/2025\/10\/13\/ponton-propon-unha-moratoria-indefinida-do-eucalipto-como-primeiro-paso-para-acadar-un-monte-ordenado-e-multifuncional\/#primaryimage"},"image":{"@id":"https:\/\/www.anovapeneira.gal\/index.php\/2025\/10\/13\/ponton-propon-unha-moratoria-indefinida-do-eucalipto-como-primeiro-paso-para-acadar-un-monte-ordenado-e-multifuncional\/#primaryimage"},"thumbnailUrl":"https:\/\/www.anovapeneira.gal\/wp-content\/uploads\/2022\/12\/ana_ponton_novembro_2022.jpg","datePublished":"2025-10-13T10:00:06+00:00","breadcrumb":{"@id":"https:\/\/www.anovapeneira.gal\/index.php\/2025\/10\/13\/ponton-propon-unha-moratoria-indefinida-do-eucalipto-como-primeiro-paso-para-acadar-un-monte-ordenado-e-multifuncional\/#breadcrumb"},"inLanguage":"gl-ES","potentialAction":[{"@type":"ReadAction","target":["https:\/\/www.anovapeneira.gal\/index.php\/2025\/10\/13\/ponton-propon-unha-moratoria-indefinida-do-eucalipto-como-primeiro-paso-para-acadar-un-monte-ordenado-e-multifuncional\/"]}]},{"@type":"ImageObject","inLanguage":"gl-ES","@id":"https:\/\/www.anovapeneira.gal\/index.php\/2025\/10\/13\/ponton-propon-unha-moratoria-indefinida-do-eucalipto-como-primeiro-paso-para-acadar-un-monte-ordenado-e-multifuncional\/#primaryimage","url":"https:\/\/www.anovapeneira.gal\/wp-content\/uploads\/2022\/12\/ana_ponton_novembro_2022.jpg","contentUrl":"https:\/\/www.anovapeneira.gal\/wp-content\/uploads\/2022\/12\/ana_ponton_novembro_2022.jpg","width":720,"height":432,"caption":"Ana Pont\u00f3n"},{"@type":"BreadcrumbList","@id":"https:\/\/www.anovapeneira.gal\/index.php\/2025\/10\/13\/ponton-propon-unha-moratoria-indefinida-do-eucalipto-como-primeiro-paso-para-acadar-un-monte-ordenado-e-multifuncional\/#breadcrumb","itemListElement":[{"@type":"ListItem","position":1,"name":"Portada","item":"https:\/\/www.anovapeneira.gal\/"},{"@type":"ListItem","position":2,"name":"Pont\u00f3n prop\u00f3n unha moratoria indefinida do eucalipto como primeiro paso para acadar un monte ordenado e multifuncional"}]},{"@type":"WebSite","@id":"https:\/\/www.anovapeneira.gal\/#website","url":"https:\/\/www.anovapeneira.gal\/","name":"","description":"Xornal galego de informaci\u00f3n xeral Publicaci\u00f3n mensual de novas de Galicia e en especial dos Concellos da sur da provincia de Pontevedra.","publisher":{"@id":"https:\/\/www.anovapeneira.gal\/#organization"},"potentialAction":[{"@type":"SearchAction","target":{"@type":"EntryPoint","urlTemplate":"https:\/\/www.anovapeneira.gal\/?s={search_term_string}"},"query-input":{"@type":"PropertyValueSpecification","valueRequired":true,"valueName":"search_term_string"}}],"inLanguage":"gl-ES"},{"@type":"Organization","@id":"https:\/\/www.anovapeneira.gal\/#organization","name":"A Nova Peneira","url":"https:\/\/www.anovapeneira.gal\/","logo":{"@type":"ImageObject","inLanguage":"gl-ES","@id":"https:\/\/www.anovapeneira.gal\/#\/schema\/logo\/image\/","url":"http:\/\/www.anovapeneira.gal\/wp-content\/uploads\/2019\/06\/logo_a_nova_peneira_portal_web.png","contentUrl":"http:\/\/www.anovapeneira.gal\/wp-content\/uploads\/2019\/06\/logo_a_nova_peneira_portal_web.png","width":300,"height":100,"caption":"A Nova Peneira"},"image":{"@id":"https:\/\/www.anovapeneira.gal\/#\/schema\/logo\/image\/"},"sameAs":["https:\/\/www.facebook.com\/anovapeneira","https:\/\/x.com\/APeneira"]},{"@type":"Person","@id":"https:\/\/www.anovapeneira.gal\/#\/schema\/person\/b93e3f8932e3f8da96334607eb6ac6aa","name":"Redacci\u00f3n A Nova Peneira","image":{"@type":"ImageObject","inLanguage":"gl-ES","@id":"https:\/\/secure.gravatar.com\/avatar\/c052a2551a06e23fac63626232eaa90abd78dbcf1700fc46a2b2c89fd27b735f?s=96&d=mm&r=g","url":"https:\/\/secure.gravatar.com\/avatar\/c052a2551a06e23fac63626232eaa90abd78dbcf1700fc46a2b2c89fd27b735f?s=96&d=mm&r=g","contentUrl":"https:\/\/secure.gravatar.com\/avatar\/c052a2551a06e23fac63626232eaa90abd78dbcf1700fc46a2b2c89fd27b735f?s=96&d=mm&r=g","caption":"Redacci\u00f3n A Nova Peneira"},"sameAs":["http:\/\/www.anovapeneira.gal\/"],"url":"https:\/\/www.anovapeneira.gal\/index.php\/author\/redactor\/"}]}},"jetpack_featured_media_url":"https:\/\/www.anovapeneira.gal\/wp-content\/uploads\/2022\/12\/ana_ponton_novembro_2022.jpg","_links":{"self":[{"href":"https:\/\/www.anovapeneira.gal\/index.php\/wp-json\/wp\/v2\/posts\/14780","targetHints":{"allow":["GET"]}}],"collection":[{"href":"https:\/\/www.anovapeneira.gal\/index.php\/wp-json\/wp\/v2\/posts"}],"about":[{"href":"https:\/\/www.anovapeneira.gal\/index.php\/wp-json\/wp\/v2\/types\/post"}],"author":[{"embeddable":true,"href":"https:\/\/www.anovapeneira.gal\/index.php\/wp-json\/wp\/v2\/users\/3"}],"replies":[{"embeddable":true,"href":"https:\/\/www.anovapeneira.gal\/index.php\/wp-json\/wp\/v2\/comments?post=14780"}],"version-history":[{"count":1,"href":"https:\/\/www.anovapeneira.gal\/index.php\/wp-json\/wp\/v2\/posts\/14780\/revisions"}],"predecessor-version":[{"id":14781,"href":"https:\/\/www.anovapeneira.gal\/index.php\/wp-json\/wp\/v2\/posts\/14780\/revisions\/14781"}],"wp:featuredmedia":[{"embeddable":true,"href":"https:\/\/www.anovapeneira.gal\/index.php\/wp-json\/wp\/v2\/media\/8701"}],"wp:attachment":[{"href":"https:\/\/www.anovapeneira.gal\/index.php\/wp-json\/wp\/v2\/media?parent=14780"}],"wp:term":[{"taxonomy":"category","embeddable":true,"href":"https:\/\/www.anovapeneira.gal\/index.php\/wp-json\/wp\/v2\/categories?post=14780"},{"taxonomy":"post_tag","embeddable":true,"href":"https:\/\/www.anovapeneira.gal\/index.php\/wp-json\/wp\/v2\/tags?post=14780"}],"curies":[{"name":"wp","href":"https:\/\/api.w.org\/{rel}","templated":true}]}}