{"id":14784,"date":"2025-10-14T12:00:44","date_gmt":"2025-10-14T10:00:44","guid":{"rendered":"https:\/\/www.anovapeneira.gal\/?p=14784"},"modified":"2025-10-06T07:30:35","modified_gmt":"2025-10-06T05:30:35","slug":"palestina-a-nosa-loita-tamen","status":"publish","type":"post","link":"https:\/\/www.anovapeneira.gal\/index.php\/2025\/10\/14\/palestina-a-nosa-loita-tamen\/","title":{"rendered":"Palestina, a nosa loita tam\u00e9n"},"content":{"rendered":"\n<pre class=\"wp-block-verse\"><strong>Carmen Santos Queiruga<\/strong><\/pre>\n\n\n\n<p>O conflito entre Israel e Palestina non \u00e9 novo, pero nestes \u00faltimos meses acadou un nivel insoportable de dor e de inxustiza. Segundo as Naci\u00f3ns Unidas, xa foron asasinadas m\u00e1is de <strong>65.000 persoas palestinas <\/strong>desde o inicio da ofensiva israel\u00ed en Gaza. Mulleres, homes, crianzas e persoas anci\u00e1s viven baixo as bombas, sen auga, sen luz e sen alimentos, sometidas a un aut\u00e9ntico xenocidio diante dos ollos do mundo enteiro.<\/p>\n\n\n\n<p>En Galiza, desde o nacionalismo, temos empatizado historicamente coa causa palestina porque reco\u00f1ecemos nela a loita dun pobo pola s\u00faa dignidade, pola s\u00faa terra e pola s\u00faa liberdade. E non \u00e9 casualidade que unha naci\u00f3n negada coma a nosa se sinta identificada co sufrimento dun pobo ao que se lle nega o dereito m\u00e1is elemental: o dereito a existir.<\/p>\n\n\n\n<h2 class=\"wp-block-heading\">A r\u00faa galega non cala<\/h2>\n\n\n\n<p>No que vai de ano houbo m\u00faltiples mobilizaci\u00f3ns en cidades e vilas galegas. Na \u00faltima semana, por exemplo, vimos concentraci\u00f3ns en Vigo \u2014convocada por m\u00e1is de corenta colectivos\u2014, en A Coru\u00f1a, onde m\u00e1is de mil estudantes sa\u00edron \u00e1s r\u00faas, en Lugo, con acci\u00f3ns simb\u00f3licas de denuncia, e en Pontevedra, onde o Concello aprobou unha moci\u00f3n de condena. Estas protestas s\u00famanse a outras que se deron en meses anteriores por todo o pa\u00eds, amosando unha vez m\u00e1is que a nosa sociedade non pode permanecer calada ante a barbarie.<\/p>\n\n\n\n<p>Tam\u00e9n agora, con motivo da intervenci\u00f3n israel\u00ed contra a <strong>Flotilla da Liberdade<\/strong>, que pretend\u00eda levar axuda humanitaria a Gaza, a indignaci\u00f3n percorreu Galiza e o resto do Estado Espa\u00f1ol. Os ataques contra activistas pacifistas e a incautaci\u00f3n da carga solidaria foron condenados de maneira un\u00e1nime por organizaci\u00f3ns sociais, sindicatos, concellos e colectivos internacionalistas, que expresaron o seu apoio \u00e1 tripulaci\u00f3n e \u00e1s persoas detidas.<\/p>\n\n\n\n<h2 class=\"wp-block-heading\">A complicidade da dereita<\/h2>\n\n\n\n<p>Fronte a esta sensibilidade, o Partido Popular mant\u00e9n a s\u00faa li\u00f1a habitual: negar o xenocidio e xustificar a matanza de civ\u00eds con excusas baleiras. O mesmo fixeron cando a guerra de Iraq, apoiando unha invasi\u00f3n ilegal que deixou milleiros de mortos e consecuencias grav\u00edsimas para todo o planeta. Hoxe, l\u00edderes como Isabel D\u00edaz Ayuso amosan sen pudor os seus lazos co poder econ\u00f3mico israel\u00ed e non lles treme a man en repetir barbaridades para lexitimar o asasinato masivo dun pobo.<\/p>\n\n\n\n<h2 class=\"wp-block-heading\">A lecci\u00f3n que non se aprende<\/h2>\n\n\n\n<p>\u00c9 a\u00ednda m\u00e1is tr\u00e1xico cando lembramos que o pobo xudeu foi v\u00edtima do peor dos xenocidios en mans do nazismo europeo. A\u00ednda as\u00ed, o Estado de Israel repite hoxe un episodio ru\u00edn e inxustificable, amplificado polas pantallas en directo. Esa incapacidade para aprender da s\u00faa propia historia conv\u00e9rtese nunha ferida aberta para toda a humanidade.<\/p>\n\n\n\n<h2 class=\"wp-block-heading\">A posici\u00f3n que nos corresponde<\/h2>\n\n\n\n<p>Algu\u00e9n pode preguntar: &#8216;E que nos afecta a n\u00f3s?&#8217;. Af\u00e9ctanos porque non podemos permanecer indiferentes ante o sufrimento humano, porque sabemos que a solidariedade internacional tam\u00e9n forma parte da nosa dignidade como pobo. As\u00ed como demandamos respecto e reco\u00f1ecemento para Galiza, reclamamos tam\u00e9n o reco\u00f1ecemento do <strong>Estado Palestino<\/strong>, tal e como establece a ONU, e unha soluci\u00f3n pac\u00edfica que prime os dereitos humanos fronte \u00e1 barbarie.<\/p>\n\n\n\n<p>E por iso, como galegas e galegos, volvemos sa\u00edr \u00e1 r\u00faa, volvemos erguer a voz e volvemos dicir que a guerra non pode ser indiferente. <\/p>\n\n\n\n<h2 class=\"wp-block-heading\"><strong>\u201cS\u00f3 lle pido a Deus<\/strong> que a guerra, e a dor, non me sexa indiferente.<\/h2>\n\n\n\n<h2 class=\"wp-block-heading\"><strong>\u00c9 un monstro grande e pisa forte toda a pobre inocencia da xente.\u201d <\/strong><\/h2>\n\n\n\n<p>Este \u00e9 o final da canci\u00f3n <em>S\u00f3lo le pido a Dios<\/em>, do cantautor arxentino <strong>Le\u00f3n Gieco<\/strong>, un himno pacifista que foi adoptado pola esquerda latinoamericana e europea como s\u00edmbolo da resistencia contra a guerra e a inxustiza e que, por desgraza, volve estar de tanta actualidade hoxe na causa palestina e en tantas outras causas no mundo.<\/p>\n\n\n\n<p><\/p>\n","protected":false},"excerpt":{"rendered":"<div class=\"mh-excerpt\"><p>O conflito entre Israel e Palestina non \u00e9 novo, pero nestes \u00faltimos meses acadou un nivel insoportable de dor e de inxustiza.  <a class=\"mh-excerpt-more\" href=\"https:\/\/www.anovapeneira.gal\/index.php\/2025\/10\/14\/palestina-a-nosa-loita-tamen\/\" title=\"Palestina, a nosa loita tam\u00e9n\">[&#8230;]<\/a><\/p>\n<\/div>","protected":false},"author":12,"featured_media":14254,"comment_status":"open","ping_status":"open","sticky":false,"template":"","format":"standard","meta":{"_exactmetrics_skip_tracking":false,"_exactmetrics_sitenote_active":false,"_exactmetrics_sitenote_note":"","_exactmetrics_sitenote_category":0,"footnotes":""},"categories":[7],"tags":[],"class_list":{"0":"post-14784","1":"post","2":"type-post","3":"status-publish","4":"format-standard","5":"has-post-thumbnail","7":"category-artigos-de-opinion"},"yoast_head":"<!-- This site is optimized with the Yoast SEO plugin v27.5 - https:\/\/yoast.com\/product\/yoast-seo-wordpress\/ -->\n<title>Palestina, a nosa loita tam\u00e9n -<\/title>\n<meta name=\"robots\" content=\"index, follow, max-snippet:-1, max-image-preview:large, max-video-preview:-1\" \/>\n<link rel=\"canonical\" href=\"https:\/\/www.anovapeneira.gal\/index.php\/2025\/10\/14\/palestina-a-nosa-loita-tamen\/\" \/>\n<meta property=\"og:locale\" content=\"gl_ES\" \/>\n<meta property=\"og:type\" content=\"article\" \/>\n<meta property=\"og:title\" content=\"Palestina, a nosa loita tam\u00e9n -\" \/>\n<meta property=\"og:description\" content=\"O conflito entre Israel e Palestina non \u00e9 novo, pero nestes \u00faltimos meses acadou un nivel insoportable de dor e de inxustiza. [...]\" \/>\n<meta property=\"og:url\" content=\"https:\/\/www.anovapeneira.gal\/index.php\/2025\/10\/14\/palestina-a-nosa-loita-tamen\/\" \/>\n<meta property=\"article:publisher\" content=\"https:\/\/www.facebook.com\/anovapeneira\" \/>\n<meta property=\"article:published_time\" content=\"2025-10-14T10:00:44+00:00\" \/>\n<meta property=\"og:image\" content=\"https:\/\/www.anovapeneira.gal\/wp-content\/uploads\/2025\/07\/carmen_santos.jpg\" \/>\n\t<meta property=\"og:image:width\" content=\"720\" \/>\n\t<meta property=\"og:image:height\" content=\"432\" \/>\n\t<meta property=\"og:image:type\" content=\"image\/jpeg\" \/>\n<meta name=\"author\" content=\"Artigos Opini\u00f3n\" \/>\n<meta name=\"twitter:card\" content=\"summary_large_image\" \/>\n<meta name=\"twitter:creator\" content=\"@APeneira\" \/>\n<meta name=\"twitter:site\" content=\"@APeneira\" \/>\n<meta name=\"twitter:label1\" content=\"Escrito por\" \/>\n\t<meta name=\"twitter:data1\" content=\"Artigos Opini\u00f3n\" \/>\n\t<meta name=\"twitter:label2\" content=\"Tempo de lectura\" \/>\n\t<meta name=\"twitter:data2\" content=\"4 minutos\" \/>\n<script type=\"application\/ld+json\" class=\"yoast-schema-graph\">{\"@context\":\"https:\\\/\\\/schema.org\",\"@graph\":[{\"@type\":\"Article\",\"@id\":\"https:\\\/\\\/www.anovapeneira.gal\\\/index.php\\\/2025\\\/10\\\/14\\\/palestina-a-nosa-loita-tamen\\\/#article\",\"isPartOf\":{\"@id\":\"https:\\\/\\\/www.anovapeneira.gal\\\/index.php\\\/2025\\\/10\\\/14\\\/palestina-a-nosa-loita-tamen\\\/\"},\"author\":{\"name\":\"Artigos Opini\u00f3n\",\"@id\":\"https:\\\/\\\/www.anovapeneira.gal\\\/#\\\/schema\\\/person\\\/f18a4feb302e8f20bcef4490b5b60bb3\"},\"headline\":\"Palestina, a nosa loita tam\u00e9n\",\"datePublished\":\"2025-10-14T10:00:44+00:00\",\"mainEntityOfPage\":{\"@id\":\"https:\\\/\\\/www.anovapeneira.gal\\\/index.php\\\/2025\\\/10\\\/14\\\/palestina-a-nosa-loita-tamen\\\/\"},\"wordCount\":676,\"commentCount\":0,\"publisher\":{\"@id\":\"https:\\\/\\\/www.anovapeneira.gal\\\/#organization\"},\"image\":{\"@id\":\"https:\\\/\\\/www.anovapeneira.gal\\\/index.php\\\/2025\\\/10\\\/14\\\/palestina-a-nosa-loita-tamen\\\/#primaryimage\"},\"thumbnailUrl\":\"https:\\\/\\\/www.anovapeneira.gal\\\/wp-content\\\/uploads\\\/2025\\\/07\\\/carmen_santos.jpg\",\"articleSection\":[\"Artigos de opini\u00f3n\"],\"inLanguage\":\"gl-ES\",\"potentialAction\":[{\"@type\":\"CommentAction\",\"name\":\"Comment\",\"target\":[\"https:\\\/\\\/www.anovapeneira.gal\\\/index.php\\\/2025\\\/10\\\/14\\\/palestina-a-nosa-loita-tamen\\\/#respond\"]}]},{\"@type\":\"WebPage\",\"@id\":\"https:\\\/\\\/www.anovapeneira.gal\\\/index.php\\\/2025\\\/10\\\/14\\\/palestina-a-nosa-loita-tamen\\\/\",\"url\":\"https:\\\/\\\/www.anovapeneira.gal\\\/index.php\\\/2025\\\/10\\\/14\\\/palestina-a-nosa-loita-tamen\\\/\",\"name\":\"Palestina, a nosa loita tam\u00e9n -\",\"isPartOf\":{\"@id\":\"https:\\\/\\\/www.anovapeneira.gal\\\/#website\"},\"primaryImageOfPage\":{\"@id\":\"https:\\\/\\\/www.anovapeneira.gal\\\/index.php\\\/2025\\\/10\\\/14\\\/palestina-a-nosa-loita-tamen\\\/#primaryimage\"},\"image\":{\"@id\":\"https:\\\/\\\/www.anovapeneira.gal\\\/index.php\\\/2025\\\/10\\\/14\\\/palestina-a-nosa-loita-tamen\\\/#primaryimage\"},\"thumbnailUrl\":\"https:\\\/\\\/www.anovapeneira.gal\\\/wp-content\\\/uploads\\\/2025\\\/07\\\/carmen_santos.jpg\",\"datePublished\":\"2025-10-14T10:00:44+00:00\",\"breadcrumb\":{\"@id\":\"https:\\\/\\\/www.anovapeneira.gal\\\/index.php\\\/2025\\\/10\\\/14\\\/palestina-a-nosa-loita-tamen\\\/#breadcrumb\"},\"inLanguage\":\"gl-ES\",\"potentialAction\":[{\"@type\":\"ReadAction\",\"target\":[\"https:\\\/\\\/www.anovapeneira.gal\\\/index.php\\\/2025\\\/10\\\/14\\\/palestina-a-nosa-loita-tamen\\\/\"]}]},{\"@type\":\"ImageObject\",\"inLanguage\":\"gl-ES\",\"@id\":\"https:\\\/\\\/www.anovapeneira.gal\\\/index.php\\\/2025\\\/10\\\/14\\\/palestina-a-nosa-loita-tamen\\\/#primaryimage\",\"url\":\"https:\\\/\\\/www.anovapeneira.gal\\\/wp-content\\\/uploads\\\/2025\\\/07\\\/carmen_santos.jpg\",\"contentUrl\":\"https:\\\/\\\/www.anovapeneira.gal\\\/wp-content\\\/uploads\\\/2025\\\/07\\\/carmen_santos.jpg\",\"width\":720,\"height\":432,\"caption\":\"Carme santos\"},{\"@type\":\"BreadcrumbList\",\"@id\":\"https:\\\/\\\/www.anovapeneira.gal\\\/index.php\\\/2025\\\/10\\\/14\\\/palestina-a-nosa-loita-tamen\\\/#breadcrumb\",\"itemListElement\":[{\"@type\":\"ListItem\",\"position\":1,\"name\":\"Portada\",\"item\":\"https:\\\/\\\/www.anovapeneira.gal\\\/\"},{\"@type\":\"ListItem\",\"position\":2,\"name\":\"Palestina, a nosa loita tam\u00e9n\"}]},{\"@type\":\"WebSite\",\"@id\":\"https:\\\/\\\/www.anovapeneira.gal\\\/#website\",\"url\":\"https:\\\/\\\/www.anovapeneira.gal\\\/\",\"name\":\"\",\"description\":\"Xornal galego de informaci\u00f3n xeral Publicaci\u00f3n mensual de novas de Galicia e en especial dos Concellos da sur da provincia de Pontevedra.\",\"publisher\":{\"@id\":\"https:\\\/\\\/www.anovapeneira.gal\\\/#organization\"},\"potentialAction\":[{\"@type\":\"SearchAction\",\"target\":{\"@type\":\"EntryPoint\",\"urlTemplate\":\"https:\\\/\\\/www.anovapeneira.gal\\\/?s={search_term_string}\"},\"query-input\":{\"@type\":\"PropertyValueSpecification\",\"valueRequired\":true,\"valueName\":\"search_term_string\"}}],\"inLanguage\":\"gl-ES\"},{\"@type\":\"Organization\",\"@id\":\"https:\\\/\\\/www.anovapeneira.gal\\\/#organization\",\"name\":\"A Nova Peneira\",\"url\":\"https:\\\/\\\/www.anovapeneira.gal\\\/\",\"logo\":{\"@type\":\"ImageObject\",\"inLanguage\":\"gl-ES\",\"@id\":\"https:\\\/\\\/www.anovapeneira.gal\\\/#\\\/schema\\\/logo\\\/image\\\/\",\"url\":\"http:\\\/\\\/www.anovapeneira.gal\\\/wp-content\\\/uploads\\\/2019\\\/06\\\/logo_a_nova_peneira_portal_web.png\",\"contentUrl\":\"http:\\\/\\\/www.anovapeneira.gal\\\/wp-content\\\/uploads\\\/2019\\\/06\\\/logo_a_nova_peneira_portal_web.png\",\"width\":300,\"height\":100,\"caption\":\"A Nova Peneira\"},\"image\":{\"@id\":\"https:\\\/\\\/www.anovapeneira.gal\\\/#\\\/schema\\\/logo\\\/image\\\/\"},\"sameAs\":[\"https:\\\/\\\/www.facebook.com\\\/anovapeneira\",\"https:\\\/\\\/x.com\\\/APeneira\"]},{\"@type\":\"Person\",\"@id\":\"https:\\\/\\\/www.anovapeneira.gal\\\/#\\\/schema\\\/person\\\/f18a4feb302e8f20bcef4490b5b60bb3\",\"name\":\"Artigos Opini\u00f3n\",\"image\":{\"@type\":\"ImageObject\",\"inLanguage\":\"gl-ES\",\"@id\":\"https:\\\/\\\/secure.gravatar.com\\\/avatar\\\/072844300f4881150aee2da4278f7a65d16eefdf8262eb67085f1e702de2b959?s=96&d=mm&r=g\",\"url\":\"https:\\\/\\\/secure.gravatar.com\\\/avatar\\\/072844300f4881150aee2da4278f7a65d16eefdf8262eb67085f1e702de2b959?s=96&d=mm&r=g\",\"contentUrl\":\"https:\\\/\\\/secure.gravatar.com\\\/avatar\\\/072844300f4881150aee2da4278f7a65d16eefdf8262eb67085f1e702de2b959?s=96&d=mm&r=g\",\"caption\":\"Artigos Opini\u00f3n\"},\"sameAs\":[\"http:\\\/\\\/anovapeneira.gal\"],\"url\":\"https:\\\/\\\/www.anovapeneira.gal\\\/index.php\\\/author\\\/artigosopinion\\\/\"}]}<\/script>\n<!-- \/ Yoast SEO plugin. -->","yoast_head_json":{"title":"Palestina, a nosa loita tam\u00e9n -","robots":{"index":"index","follow":"follow","max-snippet":"max-snippet:-1","max-image-preview":"max-image-preview:large","max-video-preview":"max-video-preview:-1"},"canonical":"https:\/\/www.anovapeneira.gal\/index.php\/2025\/10\/14\/palestina-a-nosa-loita-tamen\/","og_locale":"gl_ES","og_type":"article","og_title":"Palestina, a nosa loita tam\u00e9n -","og_description":"O conflito entre Israel e Palestina non \u00e9 novo, pero nestes \u00faltimos meses acadou un nivel insoportable de dor e de inxustiza. [...]","og_url":"https:\/\/www.anovapeneira.gal\/index.php\/2025\/10\/14\/palestina-a-nosa-loita-tamen\/","article_publisher":"https:\/\/www.facebook.com\/anovapeneira","article_published_time":"2025-10-14T10:00:44+00:00","og_image":[{"width":720,"height":432,"url":"https:\/\/www.anovapeneira.gal\/wp-content\/uploads\/2025\/07\/carmen_santos.jpg","type":"image\/jpeg"}],"author":"Artigos Opini\u00f3n","twitter_card":"summary_large_image","twitter_creator":"@APeneira","twitter_site":"@APeneira","twitter_misc":{"Escrito por":"Artigos Opini\u00f3n","Tempo de lectura":"4 minutos"},"schema":{"@context":"https:\/\/schema.org","@graph":[{"@type":"Article","@id":"https:\/\/www.anovapeneira.gal\/index.php\/2025\/10\/14\/palestina-a-nosa-loita-tamen\/#article","isPartOf":{"@id":"https:\/\/www.anovapeneira.gal\/index.php\/2025\/10\/14\/palestina-a-nosa-loita-tamen\/"},"author":{"name":"Artigos Opini\u00f3n","@id":"https:\/\/www.anovapeneira.gal\/#\/schema\/person\/f18a4feb302e8f20bcef4490b5b60bb3"},"headline":"Palestina, a nosa loita tam\u00e9n","datePublished":"2025-10-14T10:00:44+00:00","mainEntityOfPage":{"@id":"https:\/\/www.anovapeneira.gal\/index.php\/2025\/10\/14\/palestina-a-nosa-loita-tamen\/"},"wordCount":676,"commentCount":0,"publisher":{"@id":"https:\/\/www.anovapeneira.gal\/#organization"},"image":{"@id":"https:\/\/www.anovapeneira.gal\/index.php\/2025\/10\/14\/palestina-a-nosa-loita-tamen\/#primaryimage"},"thumbnailUrl":"https:\/\/www.anovapeneira.gal\/wp-content\/uploads\/2025\/07\/carmen_santos.jpg","articleSection":["Artigos de opini\u00f3n"],"inLanguage":"gl-ES","potentialAction":[{"@type":"CommentAction","name":"Comment","target":["https:\/\/www.anovapeneira.gal\/index.php\/2025\/10\/14\/palestina-a-nosa-loita-tamen\/#respond"]}]},{"@type":"WebPage","@id":"https:\/\/www.anovapeneira.gal\/index.php\/2025\/10\/14\/palestina-a-nosa-loita-tamen\/","url":"https:\/\/www.anovapeneira.gal\/index.php\/2025\/10\/14\/palestina-a-nosa-loita-tamen\/","name":"Palestina, a nosa loita tam\u00e9n -","isPartOf":{"@id":"https:\/\/www.anovapeneira.gal\/#website"},"primaryImageOfPage":{"@id":"https:\/\/www.anovapeneira.gal\/index.php\/2025\/10\/14\/palestina-a-nosa-loita-tamen\/#primaryimage"},"image":{"@id":"https:\/\/www.anovapeneira.gal\/index.php\/2025\/10\/14\/palestina-a-nosa-loita-tamen\/#primaryimage"},"thumbnailUrl":"https:\/\/www.anovapeneira.gal\/wp-content\/uploads\/2025\/07\/carmen_santos.jpg","datePublished":"2025-10-14T10:00:44+00:00","breadcrumb":{"@id":"https:\/\/www.anovapeneira.gal\/index.php\/2025\/10\/14\/palestina-a-nosa-loita-tamen\/#breadcrumb"},"inLanguage":"gl-ES","potentialAction":[{"@type":"ReadAction","target":["https:\/\/www.anovapeneira.gal\/index.php\/2025\/10\/14\/palestina-a-nosa-loita-tamen\/"]}]},{"@type":"ImageObject","inLanguage":"gl-ES","@id":"https:\/\/www.anovapeneira.gal\/index.php\/2025\/10\/14\/palestina-a-nosa-loita-tamen\/#primaryimage","url":"https:\/\/www.anovapeneira.gal\/wp-content\/uploads\/2025\/07\/carmen_santos.jpg","contentUrl":"https:\/\/www.anovapeneira.gal\/wp-content\/uploads\/2025\/07\/carmen_santos.jpg","width":720,"height":432,"caption":"Carme santos"},{"@type":"BreadcrumbList","@id":"https:\/\/www.anovapeneira.gal\/index.php\/2025\/10\/14\/palestina-a-nosa-loita-tamen\/#breadcrumb","itemListElement":[{"@type":"ListItem","position":1,"name":"Portada","item":"https:\/\/www.anovapeneira.gal\/"},{"@type":"ListItem","position":2,"name":"Palestina, a nosa loita tam\u00e9n"}]},{"@type":"WebSite","@id":"https:\/\/www.anovapeneira.gal\/#website","url":"https:\/\/www.anovapeneira.gal\/","name":"","description":"Xornal galego de informaci\u00f3n xeral Publicaci\u00f3n mensual de novas de Galicia e en especial dos Concellos da sur da provincia de Pontevedra.","publisher":{"@id":"https:\/\/www.anovapeneira.gal\/#organization"},"potentialAction":[{"@type":"SearchAction","target":{"@type":"EntryPoint","urlTemplate":"https:\/\/www.anovapeneira.gal\/?s={search_term_string}"},"query-input":{"@type":"PropertyValueSpecification","valueRequired":true,"valueName":"search_term_string"}}],"inLanguage":"gl-ES"},{"@type":"Organization","@id":"https:\/\/www.anovapeneira.gal\/#organization","name":"A Nova Peneira","url":"https:\/\/www.anovapeneira.gal\/","logo":{"@type":"ImageObject","inLanguage":"gl-ES","@id":"https:\/\/www.anovapeneira.gal\/#\/schema\/logo\/image\/","url":"http:\/\/www.anovapeneira.gal\/wp-content\/uploads\/2019\/06\/logo_a_nova_peneira_portal_web.png","contentUrl":"http:\/\/www.anovapeneira.gal\/wp-content\/uploads\/2019\/06\/logo_a_nova_peneira_portal_web.png","width":300,"height":100,"caption":"A Nova Peneira"},"image":{"@id":"https:\/\/www.anovapeneira.gal\/#\/schema\/logo\/image\/"},"sameAs":["https:\/\/www.facebook.com\/anovapeneira","https:\/\/x.com\/APeneira"]},{"@type":"Person","@id":"https:\/\/www.anovapeneira.gal\/#\/schema\/person\/f18a4feb302e8f20bcef4490b5b60bb3","name":"Artigos Opini\u00f3n","image":{"@type":"ImageObject","inLanguage":"gl-ES","@id":"https:\/\/secure.gravatar.com\/avatar\/072844300f4881150aee2da4278f7a65d16eefdf8262eb67085f1e702de2b959?s=96&d=mm&r=g","url":"https:\/\/secure.gravatar.com\/avatar\/072844300f4881150aee2da4278f7a65d16eefdf8262eb67085f1e702de2b959?s=96&d=mm&r=g","contentUrl":"https:\/\/secure.gravatar.com\/avatar\/072844300f4881150aee2da4278f7a65d16eefdf8262eb67085f1e702de2b959?s=96&d=mm&r=g","caption":"Artigos Opini\u00f3n"},"sameAs":["http:\/\/anovapeneira.gal"],"url":"https:\/\/www.anovapeneira.gal\/index.php\/author\/artigosopinion\/"}]}},"jetpack_featured_media_url":"https:\/\/www.anovapeneira.gal\/wp-content\/uploads\/2025\/07\/carmen_santos.jpg","_links":{"self":[{"href":"https:\/\/www.anovapeneira.gal\/index.php\/wp-json\/wp\/v2\/posts\/14784","targetHints":{"allow":["GET"]}}],"collection":[{"href":"https:\/\/www.anovapeneira.gal\/index.php\/wp-json\/wp\/v2\/posts"}],"about":[{"href":"https:\/\/www.anovapeneira.gal\/index.php\/wp-json\/wp\/v2\/types\/post"}],"author":[{"embeddable":true,"href":"https:\/\/www.anovapeneira.gal\/index.php\/wp-json\/wp\/v2\/users\/12"}],"replies":[{"embeddable":true,"href":"https:\/\/www.anovapeneira.gal\/index.php\/wp-json\/wp\/v2\/comments?post=14784"}],"version-history":[{"count":1,"href":"https:\/\/www.anovapeneira.gal\/index.php\/wp-json\/wp\/v2\/posts\/14784\/revisions"}],"predecessor-version":[{"id":14785,"href":"https:\/\/www.anovapeneira.gal\/index.php\/wp-json\/wp\/v2\/posts\/14784\/revisions\/14785"}],"wp:featuredmedia":[{"embeddable":true,"href":"https:\/\/www.anovapeneira.gal\/index.php\/wp-json\/wp\/v2\/media\/14254"}],"wp:attachment":[{"href":"https:\/\/www.anovapeneira.gal\/index.php\/wp-json\/wp\/v2\/media?parent=14784"}],"wp:term":[{"taxonomy":"category","embeddable":true,"href":"https:\/\/www.anovapeneira.gal\/index.php\/wp-json\/wp\/v2\/categories?post=14784"},{"taxonomy":"post_tag","embeddable":true,"href":"https:\/\/www.anovapeneira.gal\/index.php\/wp-json\/wp\/v2\/tags?post=14784"}],"curies":[{"name":"wp","href":"https:\/\/api.w.org\/{rel}","templated":true}]}}