{"id":14791,"date":"2025-10-16T10:00:00","date_gmt":"2025-10-16T08:00:00","guid":{"rendered":"https:\/\/www.anovapeneira.gal\/?p=14791"},"modified":"2025-10-06T07:46:25","modified_gmt":"2025-10-06T05:46:25","slug":"o-tyde-fc-cumpre-un-seculo","status":"publish","type":"post","link":"https:\/\/www.anovapeneira.gal\/index.php\/2025\/10\/16\/o-tyde-fc-cumpre-un-seculo\/","title":{"rendered":"O Tyde FC cumpre un s\u00e9culo"},"content":{"rendered":"\n<p><strong>Esta temporada \u00e9 especialmente importante para toda a familia do Tyde, pois no ano 2026 cumpren o seu primeiro s\u00e9culo de vida. E un acontecemento tan relevante na s\u00faa historia non pod\u00eda ter mellor contexto deportivo que o seu ascenso a preferente, obxectivo moi meritorio que acadou o equipo a pasada temporada, despois de 23 anos sen poder competir nesa categor\u00eda. N\u00f3s conversamos con David, o seu actual presidente, un rapaz de 35 anos con v\u00ednculos afectivos moi significativos co equipo xa desde que era moi neno, moi ilusionado con facer ben as cousas pero realista, sensato e cos p\u00e9s no chan.<\/strong><\/p>\n\n\n\n<p><strong>David Dom\u00ednguez, presidente.<\/strong><\/p>\n\n\n\n<h2 class=\"wp-block-heading\">\u201c <strong>O Obxectivo deportivo \u00e9 consolidar ao Tyde en categor\u00eda preferente\u201d<\/strong><\/h2>\n\n\n\n<p><strong>Queremos co\u00f1ecerte un pouco, David<\/strong><\/p>\n\n\n\n<blockquote class=\"wp-block-quote is-layout-flow wp-block-quote-is-layout-flow\">\n<p>Ben, pois eu te\u00f1o 35 anos. Son natural de Randufe. Nac\u00edn moi preto de onde est\u00e1 o campo de f\u00fatbol. E traballo como comercial nunha empresa do Porri\u00f1o.<\/p>\n<\/blockquote>\n\n\n\n<p><strong>Cando e como comezou o teu v\u00ednculo co Tyde?<\/strong><\/p>\n\n\n\n<blockquote class=\"wp-block-quote is-layout-flow wp-block-quote-is-layout-flow\">\n<p>Fun xogador desde moi neno. Creo que desde os 11 anos. Pasei por distintas categor\u00edas ata chegar ao equipo s\u00e9nior, a\u00ednda que non estiven moito tempo cos maiores. Deixei a pr\u00e1ctica do f\u00fatbol bastante novo, aos 24 anos. Pero o que nunca deixei foi o meu cari\u00f1o polo o equipo e a mi\u00f1a vinculaci\u00f3n con el, que sei que me vai acompa\u00f1ar todo o tempo que me quede de vida.<\/p>\n<\/blockquote>\n\n\n\n<p><strong>En que posto xogabas?<\/strong><\/p>\n\n\n\n<blockquote class=\"wp-block-quote is-layout-flow wp-block-quote-is-layout-flow\">\n<p>Era porteiro.<\/p>\n<\/blockquote>\n\n\n\n<p><strong>E honestamente, eras bo porteiro?<\/strong><\/p>\n\n\n\n<blockquote class=\"wp-block-quote is-layout-flow wp-block-quote-is-layout-flow\">\n<p>Ha, ha, ha. Non resulta f\u00e1cil valorarase a un mesmo, pero honestamente creo que moi bo, o que se di moi bo, non era.<\/p>\n<\/blockquote>\n\n\n\n<p><strong>Desde cando formas parte da directiva?<\/strong><\/p>\n\n\n\n<blockquote class=\"wp-block-quote is-layout-flow wp-block-quote-is-layout-flow\">\n<p>Eu entrei no ano 2021, con Pavi como presidente. Comecei como vogal e despois fun secretario. Acced\u00edn \u00e1 presidencia na temporada 23-24. Esta \u00e9 a mi\u00f1a terceira temporada como presidente.<\/p>\n<\/blockquote>\n\n\n\n<p><strong>Cando chegas en que divisi\u00f3n estaba o equipo s\u00e9nior?<\/strong><\/p>\n\n\n\n<blockquote class=\"wp-block-quote is-layout-flow wp-block-quote-is-layout-flow\">\n<p>Acababa de subir \u00e1 1\u00ba auton\u00f3mica. O ano pasado puidemos ascender a preferente, que \u00e9 a categor\u00eda na que militamos neste momento.<\/p>\n<\/blockquote>\n\n\n\n<p><strong>O Tyde non estaba en preferente desde hai 23 anos. Supo\u00f1o que o ascenso ser\u00eda un enorme \u00e9xito para v\u00f3s?<\/strong><\/p>\n\n\n\n<blockquote class=\"wp-block-quote is-layout-flow wp-block-quote-is-layout-flow\">\n<p>Si, si que o foi. Tanto polo ascenso en si, un \u00e9xito deportivo incuestionable, como por terse producido nesta temporada, pois no 2026 imos celebrar o primeiro s\u00e9culo de vida do Tyde. O noso club naceu en 1926. Un ascenso sempre fai ilusi\u00f3n, pero se se produce nunha temporada tan especial como esta, a alegr\u00eda \u00e9 maior.<\/p>\n<\/blockquote>\n\n\n\n<p><strong>Tendo en conta a realidade econ\u00f3mica e social de Tui e do Tyde, cal cres ti que \u00e9 a categor\u00eda natural na que se debera consolidar o equipo?<\/strong><\/p>\n\n\n\n<blockquote class=\"wp-block-quote is-layout-flow wp-block-quote-is-layout-flow\">\n<p>Eu creo que a preferente. \u00c9 certo que n\u00f3s chegamos a militar en terceira divisi\u00f3n, e non desboto que alg\u00fan ano no que as circunstancias sexan moi favorables poidamos competir por ascender. Pero agora mesmo, a curto prazo non o vexo realista. O salto econ\u00f3mico ser\u00eda xigantesco, e moi dif\u00edcil de asumir. N\u00f3s acabamos de subir. Este ano o obxectivo deportivo \u00e9 claramente salvar a categor\u00eda. E unha vez que o logremos, agardo que poidamos consolidarnos en preferente e que esta sexa a nosa categor\u00eda natural.<\/p>\n<\/blockquote>\n\n\n\n<blockquote class=\"wp-block-quote is-layout-flow wp-block-quote-is-layout-flow\">\n<p>Ollo, que quede claro que non renunciamos a nada,pero hai que ter os p\u00e9s no chan.<\/p>\n<\/blockquote>\n\n\n\n<p><strong>Que tal comezamos a liga este ano?<\/strong><\/p>\n\n\n\n<blockquote class=\"wp-block-quote is-layout-flow wp-block-quote-is-layout-flow\">\n<p>No momento de facermos esta entrevista levamos disputado 4 xornadas. Ga\u00f1amos un partido e perdemos tres. N\u00f3s xa ti\u00f1amos claro que este ano \u00eda ser moi dif\u00edcil. Estou seguro de que as cousas van ir a mellor e que salvaremos a categor\u00eda.<\/p>\n<\/blockquote>\n\n\n\n<p><strong>Os resultados son importantes. Pero tan importantes ou m\u00e1is son as sensaci\u00f3ns. As sensaci\u00f3ns que transmitiu o equipo nos partidos que perdeu son de que se pode competir con dignidade na categor\u00eda, ou non?<\/strong><\/p>\n\n\n\n<blockquote class=\"wp-block-quote is-layout-flow wp-block-quote-is-layout-flow\">\n<p>Si, e si sen ning\u00fan tipo de d\u00fabida.<\/p>\n<\/blockquote>\n\n\n\n<p><strong>Que temos pensado facer no ano do centenario?<\/strong><\/p>\n\n\n\n<blockquote class=\"wp-block-quote is-layout-flow wp-block-quote-is-layout-flow\">\n<p>Vai haber moitas actividades emotivas e bonitas. Non as podo anunciar a\u00ednda porque moitas delas est\u00e1n pendentes de pechar. Si que podo dicir que nun par de meses,antes de que remate o ano 25, sacaremos \u00e1 venda unha camisola conmemorativa do centenario. Tam\u00e9n que faremos unha exposici\u00f3n de fotograf\u00edas e obxectos antigos da historia do noso equipo, e que traballamos na organizaci\u00f3n dun partido especial para celebrarmos o evento.<\/p>\n<\/blockquote>\n\n\n\n<p><strong>Cal \u00e9 a realidade econ\u00f3mica do equipo?<\/strong><\/p>\n\n\n\n<blockquote class=\"wp-block-quote is-layout-flow wp-block-quote-is-layout-flow\">\n<p>\u00c9 boa. O equipo est\u00e1 saneado e sen d\u00e9bedas. Pero sabemos que estamos nunha categor\u00eda moi exixente, de feito n\u00f3s somos dos equipos de preferente que temos un orzamento m\u00e1is baixo.<\/p>\n<\/blockquote>\n\n\n\n<p><strong>Que tal se porta o Concello de Tui con vos?<\/strong><\/p>\n\n\n\n<blockquote class=\"wp-block-quote is-layout-flow wp-block-quote-is-layout-flow\">\n<p>P\u00f3rtase ben. As relaci\u00f3ns son boas e a sinton\u00eda \u00e9 correcta. En varias ocasi\u00f3ns xa te\u00f1o agradecido o respaldo que o alcalde Enrique Cabaleiro nos d\u00e1. Outra cousa \u00e9 que nos gustar\u00eda que a axuda que recibimos sexa maior. Tam\u00e9n somos conscientes da realidade econ\u00f3mica de Tui, de que as partidas para o deporte son as que son e de que somos moitos clubs na nosa localidade. Hai equipos de vilas veci\u00f1as que reciben axudas moi superiores \u00e1s que recibimos n\u00f3s, o que amosa que algo debemos de estar facendo ben no Tyde, cando cos recursos propios que n\u00f3s xeramos podemos competir con dignidade.<\/p>\n<\/blockquote>\n\n\n\n<p><strong>Cales son ese recursos propios?<\/strong><\/p>\n\n\n\n<blockquote class=\"wp-block-quote is-layout-flow wp-block-quote-is-layout-flow\">\n<p>Socios, temos algo m\u00e1is de 200, entradas e publicidade. Aproveito a ocasi\u00f3n para agradecer profundamente a importante axuda que nos prestan todos os nosos colaboradores e anunciantes.<\/p>\n<\/blockquote>\n\n\n\n<p><strong>Os 200 e pico socios que tedes \u00e9 o obxectivo ideal?<\/strong><\/p>\n\n\n\n<blockquote class=\"wp-block-quote is-layout-flow wp-block-quote-is-layout-flow\">\n<p>Non. Para o n\u00famero de habitantes que ten Tui e para o v\u00ednculo que existe entre os tudenses e o equipo, qu\u00e9dase curto. Considero que nese terreo temos marxe de mellora e potencial de crecemento.<\/p>\n<\/blockquote>\n\n\n\n<p><strong>Como \u00e9 ese v\u00ednculo entre a sociedade tudense e o Tyde?<\/strong><\/p>\n\n\n\n<blockquote class=\"wp-block-quote is-layout-flow wp-block-quote-is-layout-flow\">\n<p>\u00c9 moi importante, realmente importante. As\u00ed por exemplo a temporada pasada a asistencia media de espectadores por partido foi de 430 persoas. Te\u00f1o moi claro que a relevancia que o Tyde ten en Tui \u00e9 moi superior ao n\u00famero de socios que poidamos ter. Atr\u00e9vome a dicir que o Tyde \u00e9 un dos s\u00edmbolos da cidade de Tui.<\/p>\n<\/blockquote>\n\n\n\n<p><strong>Cal \u00e9 o voso principal rival deportivo?<\/strong><\/p>\n\n\n\n<blockquote class=\"wp-block-quote is-layout-flow wp-block-quote-is-layout-flow\">\n<p>Calquera equipo veci\u00f1o que coincida con n\u00f3s na categor\u00eda. Este ano poder\u00eda ser O Porri\u00f1o, a temporada pasada o Gondomar&#8230;Calquera equipo da contorna que xogue con n\u00f3s xera un ambiente moi importante cando xogamos o partido.<\/p>\n<\/blockquote>\n\n\n\n<p><strong>Cantos equipos tendes?<\/strong><\/p>\n\n\n\n<blockquote class=\"wp-block-quote is-layout-flow wp-block-quote-is-layout-flow\">\n<p>Agora mesmo temos 9.<\/p>\n<\/blockquote>\n\n\n\n<p><strong>Temos equipo feminino?<\/strong><\/p>\n\n\n\n<blockquote class=\"wp-block-quote is-layout-flow wp-block-quote-is-layout-flow\">\n<p>Si, temos un equipo feminino que xa leva varias tempadas con n\u00f3s.<\/p>\n<\/blockquote>\n\n\n\n<p><strong>Que papel xoga a canteira na planificaci\u00f3n do primeiro equipo?<\/strong><\/p>\n\n\n\n<blockquote class=\"wp-block-quote is-layout-flow wp-block-quote-is-layout-flow\">\n<p>Para n\u00f3s a canteira \u00e9 fundamental. \u00c9 unha parte esencial da nosa estratexia como equipo. A modo de exemplo podo dicir que esta temporada dous xogadores sa\u00eddos do equipo xuvenil quedaron no equipo s\u00e9nior en preferente.<\/p>\n<\/blockquote>\n\n\n\n<p><strong>O teu periplo na directiva tes previsto que sexa tan prolongado como o do presidente anterior?<\/strong><\/p>\n\n\n\n<blockquote class=\"wp-block-quote is-layout-flow wp-block-quote-is-layout-flow\">\n<p>Ha, ha ha. Agardo que non, que non sexa tan prolongado. A vida d\u00e1 moitas voltas e o que pode acontecer no futuro nunca se pode saber. Pero eu son de etapas curtas, nas que dea o mellor de min mesmo, e poder dar paso a outra xente. Iso si, o que nunca vai desaparecer, sexa no sitio que sexa , vai ser o meu compromiso co equipo.<\/p>\n<\/blockquote>\n\n\n\n<p><strong>Cando o teu ciclo como presidente remate en que situaci\u00f3n te gustar\u00eda que quedara o Tyde?<\/strong><\/p>\n\n\n\n<blockquote class=\"wp-block-quote is-layout-flow wp-block-quote-is-layout-flow\">\n<p>Gustar\u00edame deixalo nunha situaci\u00f3n estable tanto no plano econ\u00f3mico como no plano deportivo. Gustar\u00edame que nos puideramos achegar m\u00e1is \u00e1s nosa orixes, e por \u00faltimo tam\u00e9n estar\u00eda encantado se puideramos incrementar a nosa penetraci\u00f3n na sociedade tudense de maneira que poida ser m\u00e1is s\u00f3lida do que xa o \u00e9 agora.<\/p>\n<\/blockquote>\n","protected":false},"excerpt":{"rendered":"<div class=\"mh-excerpt\"><p>Esta temporada \u00e9 especialmente importante para toda a familia do Tyde, pois no ano 2026 cumpren o seu primeiro s\u00e9culo de vida <a class=\"mh-excerpt-more\" href=\"https:\/\/www.anovapeneira.gal\/index.php\/2025\/10\/16\/o-tyde-fc-cumpre-un-seculo\/\" title=\"O Tyde FC cumpre un s\u00e9culo\">[&#8230;]<\/a><\/p>\n<\/div>","protected":false},"author":3,"featured_media":14792,"comment_status":"open","ping_status":"open","sticky":false,"template":"","format":"standard","meta":{"_exactmetrics_skip_tracking":false,"_exactmetrics_sitenote_active":false,"_exactmetrics_sitenote_note":"","_exactmetrics_sitenote_category":0,"footnotes":""},"categories":[266],"tags":[426],"class_list":{"0":"post-14791","1":"post","2":"type-post","3":"status-publish","4":"format-standard","5":"has-post-thumbnail","7":"category-baixo-mino-entrevistas","8":"tag-concello-de-tui"},"yoast_head":"<!-- This site is optimized with the Yoast SEO plugin v27.4 - https:\/\/yoast.com\/product\/yoast-seo-wordpress\/ -->\n<title>O Tyde FC cumpre un s\u00e9culo -<\/title>\n<meta name=\"robots\" content=\"index, follow, max-snippet:-1, max-image-preview:large, max-video-preview:-1\" \/>\n<link rel=\"canonical\" href=\"https:\/\/www.anovapeneira.gal\/index.php\/2025\/10\/16\/o-tyde-fc-cumpre-un-seculo\/\" \/>\n<meta property=\"og:locale\" content=\"gl_ES\" \/>\n<meta property=\"og:type\" content=\"article\" \/>\n<meta property=\"og:title\" content=\"O Tyde FC cumpre un s\u00e9culo -\" \/>\n<meta property=\"og:description\" content=\"Esta temporada \u00e9 especialmente importante para toda a familia do Tyde, pois no ano 2026 cumpren o seu primeiro s\u00e9culo de vida [...]\" \/>\n<meta property=\"og:url\" content=\"https:\/\/www.anovapeneira.gal\/index.php\/2025\/10\/16\/o-tyde-fc-cumpre-un-seculo\/\" \/>\n<meta property=\"article:publisher\" content=\"https:\/\/www.facebook.com\/anovapeneira\" \/>\n<meta property=\"article:published_time\" content=\"2025-10-16T08:00:00+00:00\" \/>\n<meta property=\"og:image\" content=\"https:\/\/www.anovapeneira.gal\/wp-content\/uploads\/2025\/10\/presidente_tyde.png\" \/>\n\t<meta property=\"og:image:width\" content=\"720\" \/>\n\t<meta property=\"og:image:height\" content=\"432\" \/>\n\t<meta property=\"og:image:type\" content=\"image\/png\" \/>\n<meta name=\"author\" content=\"Redacci\u00f3n A Nova Peneira\" \/>\n<meta name=\"twitter:card\" content=\"summary_large_image\" \/>\n<meta name=\"twitter:creator\" content=\"@APeneira\" \/>\n<meta name=\"twitter:site\" content=\"@APeneira\" \/>\n<meta name=\"twitter:label1\" content=\"Escrito por\" \/>\n\t<meta name=\"twitter:data1\" content=\"Redacci\u00f3n A Nova Peneira\" \/>\n\t<meta name=\"twitter:label2\" content=\"Tempo de lectura\" \/>\n\t<meta name=\"twitter:data2\" content=\"3 minutos\" \/>\n<script type=\"application\/ld+json\" class=\"yoast-schema-graph\">{\"@context\":\"https:\\\/\\\/schema.org\",\"@graph\":[{\"@type\":\"Article\",\"@id\":\"https:\\\/\\\/www.anovapeneira.gal\\\/index.php\\\/2025\\\/10\\\/16\\\/o-tyde-fc-cumpre-un-seculo\\\/#article\",\"isPartOf\":{\"@id\":\"https:\\\/\\\/www.anovapeneira.gal\\\/index.php\\\/2025\\\/10\\\/16\\\/o-tyde-fc-cumpre-un-seculo\\\/\"},\"author\":{\"name\":\"Redacci\u00f3n A Nova Peneira\",\"@id\":\"https:\\\/\\\/www.anovapeneira.gal\\\/#\\\/schema\\\/person\\\/b93e3f8932e3f8da96334607eb6ac6aa\"},\"headline\":\"O Tyde FC cumpre un s\u00e9culo\",\"datePublished\":\"2025-10-16T08:00:00+00:00\",\"mainEntityOfPage\":{\"@id\":\"https:\\\/\\\/www.anovapeneira.gal\\\/index.php\\\/2025\\\/10\\\/16\\\/o-tyde-fc-cumpre-un-seculo\\\/\"},\"wordCount\":1347,\"commentCount\":0,\"publisher\":{\"@id\":\"https:\\\/\\\/www.anovapeneira.gal\\\/#organization\"},\"image\":{\"@id\":\"https:\\\/\\\/www.anovapeneira.gal\\\/index.php\\\/2025\\\/10\\\/16\\\/o-tyde-fc-cumpre-un-seculo\\\/#primaryimage\"},\"thumbnailUrl\":\"https:\\\/\\\/www.anovapeneira.gal\\\/wp-content\\\/uploads\\\/2025\\\/10\\\/presidente_tyde.png\",\"keywords\":[\"Concello de Tui\"],\"articleSection\":[\"Baixo Mi\u00f1o\"],\"inLanguage\":\"gl-ES\",\"potentialAction\":[{\"@type\":\"CommentAction\",\"name\":\"Comment\",\"target\":[\"https:\\\/\\\/www.anovapeneira.gal\\\/index.php\\\/2025\\\/10\\\/16\\\/o-tyde-fc-cumpre-un-seculo\\\/#respond\"]}]},{\"@type\":\"WebPage\",\"@id\":\"https:\\\/\\\/www.anovapeneira.gal\\\/index.php\\\/2025\\\/10\\\/16\\\/o-tyde-fc-cumpre-un-seculo\\\/\",\"url\":\"https:\\\/\\\/www.anovapeneira.gal\\\/index.php\\\/2025\\\/10\\\/16\\\/o-tyde-fc-cumpre-un-seculo\\\/\",\"name\":\"O Tyde FC cumpre un s\u00e9culo -\",\"isPartOf\":{\"@id\":\"https:\\\/\\\/www.anovapeneira.gal\\\/#website\"},\"primaryImageOfPage\":{\"@id\":\"https:\\\/\\\/www.anovapeneira.gal\\\/index.php\\\/2025\\\/10\\\/16\\\/o-tyde-fc-cumpre-un-seculo\\\/#primaryimage\"},\"image\":{\"@id\":\"https:\\\/\\\/www.anovapeneira.gal\\\/index.php\\\/2025\\\/10\\\/16\\\/o-tyde-fc-cumpre-un-seculo\\\/#primaryimage\"},\"thumbnailUrl\":\"https:\\\/\\\/www.anovapeneira.gal\\\/wp-content\\\/uploads\\\/2025\\\/10\\\/presidente_tyde.png\",\"datePublished\":\"2025-10-16T08:00:00+00:00\",\"breadcrumb\":{\"@id\":\"https:\\\/\\\/www.anovapeneira.gal\\\/index.php\\\/2025\\\/10\\\/16\\\/o-tyde-fc-cumpre-un-seculo\\\/#breadcrumb\"},\"inLanguage\":\"gl-ES\",\"potentialAction\":[{\"@type\":\"ReadAction\",\"target\":[\"https:\\\/\\\/www.anovapeneira.gal\\\/index.php\\\/2025\\\/10\\\/16\\\/o-tyde-fc-cumpre-un-seculo\\\/\"]}]},{\"@type\":\"ImageObject\",\"inLanguage\":\"gl-ES\",\"@id\":\"https:\\\/\\\/www.anovapeneira.gal\\\/index.php\\\/2025\\\/10\\\/16\\\/o-tyde-fc-cumpre-un-seculo\\\/#primaryimage\",\"url\":\"https:\\\/\\\/www.anovapeneira.gal\\\/wp-content\\\/uploads\\\/2025\\\/10\\\/presidente_tyde.png\",\"contentUrl\":\"https:\\\/\\\/www.anovapeneira.gal\\\/wp-content\\\/uploads\\\/2025\\\/10\\\/presidente_tyde.png\",\"width\":720,\"height\":432},{\"@type\":\"BreadcrumbList\",\"@id\":\"https:\\\/\\\/www.anovapeneira.gal\\\/index.php\\\/2025\\\/10\\\/16\\\/o-tyde-fc-cumpre-un-seculo\\\/#breadcrumb\",\"itemListElement\":[{\"@type\":\"ListItem\",\"position\":1,\"name\":\"Portada\",\"item\":\"https:\\\/\\\/www.anovapeneira.gal\\\/\"},{\"@type\":\"ListItem\",\"position\":2,\"name\":\"O Tyde FC cumpre un s\u00e9culo\"}]},{\"@type\":\"WebSite\",\"@id\":\"https:\\\/\\\/www.anovapeneira.gal\\\/#website\",\"url\":\"https:\\\/\\\/www.anovapeneira.gal\\\/\",\"name\":\"\",\"description\":\"Xornal galego de informaci\u00f3n xeral Publicaci\u00f3n mensual de novas de Galicia e en especial dos Concellos da sur da provincia de Pontevedra.\",\"publisher\":{\"@id\":\"https:\\\/\\\/www.anovapeneira.gal\\\/#organization\"},\"potentialAction\":[{\"@type\":\"SearchAction\",\"target\":{\"@type\":\"EntryPoint\",\"urlTemplate\":\"https:\\\/\\\/www.anovapeneira.gal\\\/?s={search_term_string}\"},\"query-input\":{\"@type\":\"PropertyValueSpecification\",\"valueRequired\":true,\"valueName\":\"search_term_string\"}}],\"inLanguage\":\"gl-ES\"},{\"@type\":\"Organization\",\"@id\":\"https:\\\/\\\/www.anovapeneira.gal\\\/#organization\",\"name\":\"A Nova Peneira\",\"url\":\"https:\\\/\\\/www.anovapeneira.gal\\\/\",\"logo\":{\"@type\":\"ImageObject\",\"inLanguage\":\"gl-ES\",\"@id\":\"https:\\\/\\\/www.anovapeneira.gal\\\/#\\\/schema\\\/logo\\\/image\\\/\",\"url\":\"http:\\\/\\\/www.anovapeneira.gal\\\/wp-content\\\/uploads\\\/2019\\\/06\\\/logo_a_nova_peneira_portal_web.png\",\"contentUrl\":\"http:\\\/\\\/www.anovapeneira.gal\\\/wp-content\\\/uploads\\\/2019\\\/06\\\/logo_a_nova_peneira_portal_web.png\",\"width\":300,\"height\":100,\"caption\":\"A Nova Peneira\"},\"image\":{\"@id\":\"https:\\\/\\\/www.anovapeneira.gal\\\/#\\\/schema\\\/logo\\\/image\\\/\"},\"sameAs\":[\"https:\\\/\\\/www.facebook.com\\\/anovapeneira\",\"https:\\\/\\\/x.com\\\/APeneira\"]},{\"@type\":\"Person\",\"@id\":\"https:\\\/\\\/www.anovapeneira.gal\\\/#\\\/schema\\\/person\\\/b93e3f8932e3f8da96334607eb6ac6aa\",\"name\":\"Redacci\u00f3n A Nova Peneira\",\"image\":{\"@type\":\"ImageObject\",\"inLanguage\":\"gl-ES\",\"@id\":\"https:\\\/\\\/secure.gravatar.com\\\/avatar\\\/c052a2551a06e23fac63626232eaa90abd78dbcf1700fc46a2b2c89fd27b735f?s=96&d=mm&r=g\",\"url\":\"https:\\\/\\\/secure.gravatar.com\\\/avatar\\\/c052a2551a06e23fac63626232eaa90abd78dbcf1700fc46a2b2c89fd27b735f?s=96&d=mm&r=g\",\"contentUrl\":\"https:\\\/\\\/secure.gravatar.com\\\/avatar\\\/c052a2551a06e23fac63626232eaa90abd78dbcf1700fc46a2b2c89fd27b735f?s=96&d=mm&r=g\",\"caption\":\"Redacci\u00f3n A Nova Peneira\"},\"sameAs\":[\"http:\\\/\\\/www.anovapeneira.gal\\\/\"],\"url\":\"https:\\\/\\\/www.anovapeneira.gal\\\/index.php\\\/author\\\/redactor\\\/\"}]}<\/script>\n<!-- \/ Yoast SEO plugin. -->","yoast_head_json":{"title":"O Tyde FC cumpre un s\u00e9culo -","robots":{"index":"index","follow":"follow","max-snippet":"max-snippet:-1","max-image-preview":"max-image-preview:large","max-video-preview":"max-video-preview:-1"},"canonical":"https:\/\/www.anovapeneira.gal\/index.php\/2025\/10\/16\/o-tyde-fc-cumpre-un-seculo\/","og_locale":"gl_ES","og_type":"article","og_title":"O Tyde FC cumpre un s\u00e9culo -","og_description":"Esta temporada \u00e9 especialmente importante para toda a familia do Tyde, pois no ano 2026 cumpren o seu primeiro s\u00e9culo de vida [...]","og_url":"https:\/\/www.anovapeneira.gal\/index.php\/2025\/10\/16\/o-tyde-fc-cumpre-un-seculo\/","article_publisher":"https:\/\/www.facebook.com\/anovapeneira","article_published_time":"2025-10-16T08:00:00+00:00","og_image":[{"width":720,"height":432,"url":"https:\/\/www.anovapeneira.gal\/wp-content\/uploads\/2025\/10\/presidente_tyde.png","type":"image\/png"}],"author":"Redacci\u00f3n A Nova Peneira","twitter_card":"summary_large_image","twitter_creator":"@APeneira","twitter_site":"@APeneira","twitter_misc":{"Escrito por":"Redacci\u00f3n A Nova Peneira","Tempo de lectura":"3 minutos"},"schema":{"@context":"https:\/\/schema.org","@graph":[{"@type":"Article","@id":"https:\/\/www.anovapeneira.gal\/index.php\/2025\/10\/16\/o-tyde-fc-cumpre-un-seculo\/#article","isPartOf":{"@id":"https:\/\/www.anovapeneira.gal\/index.php\/2025\/10\/16\/o-tyde-fc-cumpre-un-seculo\/"},"author":{"name":"Redacci\u00f3n A Nova Peneira","@id":"https:\/\/www.anovapeneira.gal\/#\/schema\/person\/b93e3f8932e3f8da96334607eb6ac6aa"},"headline":"O Tyde FC cumpre un s\u00e9culo","datePublished":"2025-10-16T08:00:00+00:00","mainEntityOfPage":{"@id":"https:\/\/www.anovapeneira.gal\/index.php\/2025\/10\/16\/o-tyde-fc-cumpre-un-seculo\/"},"wordCount":1347,"commentCount":0,"publisher":{"@id":"https:\/\/www.anovapeneira.gal\/#organization"},"image":{"@id":"https:\/\/www.anovapeneira.gal\/index.php\/2025\/10\/16\/o-tyde-fc-cumpre-un-seculo\/#primaryimage"},"thumbnailUrl":"https:\/\/www.anovapeneira.gal\/wp-content\/uploads\/2025\/10\/presidente_tyde.png","keywords":["Concello de Tui"],"articleSection":["Baixo Mi\u00f1o"],"inLanguage":"gl-ES","potentialAction":[{"@type":"CommentAction","name":"Comment","target":["https:\/\/www.anovapeneira.gal\/index.php\/2025\/10\/16\/o-tyde-fc-cumpre-un-seculo\/#respond"]}]},{"@type":"WebPage","@id":"https:\/\/www.anovapeneira.gal\/index.php\/2025\/10\/16\/o-tyde-fc-cumpre-un-seculo\/","url":"https:\/\/www.anovapeneira.gal\/index.php\/2025\/10\/16\/o-tyde-fc-cumpre-un-seculo\/","name":"O Tyde FC cumpre un s\u00e9culo -","isPartOf":{"@id":"https:\/\/www.anovapeneira.gal\/#website"},"primaryImageOfPage":{"@id":"https:\/\/www.anovapeneira.gal\/index.php\/2025\/10\/16\/o-tyde-fc-cumpre-un-seculo\/#primaryimage"},"image":{"@id":"https:\/\/www.anovapeneira.gal\/index.php\/2025\/10\/16\/o-tyde-fc-cumpre-un-seculo\/#primaryimage"},"thumbnailUrl":"https:\/\/www.anovapeneira.gal\/wp-content\/uploads\/2025\/10\/presidente_tyde.png","datePublished":"2025-10-16T08:00:00+00:00","breadcrumb":{"@id":"https:\/\/www.anovapeneira.gal\/index.php\/2025\/10\/16\/o-tyde-fc-cumpre-un-seculo\/#breadcrumb"},"inLanguage":"gl-ES","potentialAction":[{"@type":"ReadAction","target":["https:\/\/www.anovapeneira.gal\/index.php\/2025\/10\/16\/o-tyde-fc-cumpre-un-seculo\/"]}]},{"@type":"ImageObject","inLanguage":"gl-ES","@id":"https:\/\/www.anovapeneira.gal\/index.php\/2025\/10\/16\/o-tyde-fc-cumpre-un-seculo\/#primaryimage","url":"https:\/\/www.anovapeneira.gal\/wp-content\/uploads\/2025\/10\/presidente_tyde.png","contentUrl":"https:\/\/www.anovapeneira.gal\/wp-content\/uploads\/2025\/10\/presidente_tyde.png","width":720,"height":432},{"@type":"BreadcrumbList","@id":"https:\/\/www.anovapeneira.gal\/index.php\/2025\/10\/16\/o-tyde-fc-cumpre-un-seculo\/#breadcrumb","itemListElement":[{"@type":"ListItem","position":1,"name":"Portada","item":"https:\/\/www.anovapeneira.gal\/"},{"@type":"ListItem","position":2,"name":"O Tyde FC cumpre un s\u00e9culo"}]},{"@type":"WebSite","@id":"https:\/\/www.anovapeneira.gal\/#website","url":"https:\/\/www.anovapeneira.gal\/","name":"","description":"Xornal galego de informaci\u00f3n xeral Publicaci\u00f3n mensual de novas de Galicia e en especial dos Concellos da sur da provincia de Pontevedra.","publisher":{"@id":"https:\/\/www.anovapeneira.gal\/#organization"},"potentialAction":[{"@type":"SearchAction","target":{"@type":"EntryPoint","urlTemplate":"https:\/\/www.anovapeneira.gal\/?s={search_term_string}"},"query-input":{"@type":"PropertyValueSpecification","valueRequired":true,"valueName":"search_term_string"}}],"inLanguage":"gl-ES"},{"@type":"Organization","@id":"https:\/\/www.anovapeneira.gal\/#organization","name":"A Nova Peneira","url":"https:\/\/www.anovapeneira.gal\/","logo":{"@type":"ImageObject","inLanguage":"gl-ES","@id":"https:\/\/www.anovapeneira.gal\/#\/schema\/logo\/image\/","url":"http:\/\/www.anovapeneira.gal\/wp-content\/uploads\/2019\/06\/logo_a_nova_peneira_portal_web.png","contentUrl":"http:\/\/www.anovapeneira.gal\/wp-content\/uploads\/2019\/06\/logo_a_nova_peneira_portal_web.png","width":300,"height":100,"caption":"A Nova Peneira"},"image":{"@id":"https:\/\/www.anovapeneira.gal\/#\/schema\/logo\/image\/"},"sameAs":["https:\/\/www.facebook.com\/anovapeneira","https:\/\/x.com\/APeneira"]},{"@type":"Person","@id":"https:\/\/www.anovapeneira.gal\/#\/schema\/person\/b93e3f8932e3f8da96334607eb6ac6aa","name":"Redacci\u00f3n A Nova Peneira","image":{"@type":"ImageObject","inLanguage":"gl-ES","@id":"https:\/\/secure.gravatar.com\/avatar\/c052a2551a06e23fac63626232eaa90abd78dbcf1700fc46a2b2c89fd27b735f?s=96&d=mm&r=g","url":"https:\/\/secure.gravatar.com\/avatar\/c052a2551a06e23fac63626232eaa90abd78dbcf1700fc46a2b2c89fd27b735f?s=96&d=mm&r=g","contentUrl":"https:\/\/secure.gravatar.com\/avatar\/c052a2551a06e23fac63626232eaa90abd78dbcf1700fc46a2b2c89fd27b735f?s=96&d=mm&r=g","caption":"Redacci\u00f3n A Nova Peneira"},"sameAs":["http:\/\/www.anovapeneira.gal\/"],"url":"https:\/\/www.anovapeneira.gal\/index.php\/author\/redactor\/"}]}},"jetpack_featured_media_url":"https:\/\/www.anovapeneira.gal\/wp-content\/uploads\/2025\/10\/presidente_tyde.png","_links":{"self":[{"href":"https:\/\/www.anovapeneira.gal\/index.php\/wp-json\/wp\/v2\/posts\/14791","targetHints":{"allow":["GET"]}}],"collection":[{"href":"https:\/\/www.anovapeneira.gal\/index.php\/wp-json\/wp\/v2\/posts"}],"about":[{"href":"https:\/\/www.anovapeneira.gal\/index.php\/wp-json\/wp\/v2\/types\/post"}],"author":[{"embeddable":true,"href":"https:\/\/www.anovapeneira.gal\/index.php\/wp-json\/wp\/v2\/users\/3"}],"replies":[{"embeddable":true,"href":"https:\/\/www.anovapeneira.gal\/index.php\/wp-json\/wp\/v2\/comments?post=14791"}],"version-history":[{"count":1,"href":"https:\/\/www.anovapeneira.gal\/index.php\/wp-json\/wp\/v2\/posts\/14791\/revisions"}],"predecessor-version":[{"id":14793,"href":"https:\/\/www.anovapeneira.gal\/index.php\/wp-json\/wp\/v2\/posts\/14791\/revisions\/14793"}],"wp:featuredmedia":[{"embeddable":true,"href":"https:\/\/www.anovapeneira.gal\/index.php\/wp-json\/wp\/v2\/media\/14792"}],"wp:attachment":[{"href":"https:\/\/www.anovapeneira.gal\/index.php\/wp-json\/wp\/v2\/media?parent=14791"}],"wp:term":[{"taxonomy":"category","embeddable":true,"href":"https:\/\/www.anovapeneira.gal\/index.php\/wp-json\/wp\/v2\/categories?post=14791"},{"taxonomy":"post_tag","embeddable":true,"href":"https:\/\/www.anovapeneira.gal\/index.php\/wp-json\/wp\/v2\/tags?post=14791"}],"curies":[{"name":"wp","href":"https:\/\/api.w.org\/{rel}","templated":true}]}}