{"id":14798,"date":"2025-10-16T12:00:30","date_gmt":"2025-10-16T10:00:30","guid":{"rendered":"https:\/\/www.anovapeneira.gal\/?p=14798"},"modified":"2025-10-16T12:49:57","modified_gmt":"2025-10-16T10:49:57","slug":"a-comunidade-de-montes-de-salcidos-celebra-a-vida","status":"publish","type":"post","link":"https:\/\/www.anovapeneira.gal\/index.php\/2025\/10\/16\/a-comunidade-de-montes-de-salcidos-celebra-a-vida\/","title":{"rendered":"A Comunidade de Montes de Salcidos celebra a vida"},"content":{"rendered":"\n<p>A primeira fin de semana de Outubro, o s\u00e1bado 4 e domingo 5, a Comunidade de Montes de Salcidos celebrou a s\u00faa festa cultural e gastron\u00f3mica, dando continuidade a unha iniciativa xurdida o ano pasado cando se inaugurou o parque do monte Torroso.<\/p>\n\n\n\n<p>O indiscutible \u00e9xito da celebraci\u00f3n do ano 2024, levou a que a xunta directiva da Comunidade de Montes apostase por darlle unha dimensi\u00f3n m\u00e1is grande \u00e1 festa deste ano. Tanto \u00e9 as\u00ed que foron dous d\u00edas,o ano anterior foi un s\u00f3 d\u00eda de festa, ateigados de todo tipo de actividades, m\u00fasica,poes\u00eda, xogos&#8230; Neste sentido quixera salientar o concurso de escultura en Pedra no que participaron alg\u00fans dos m\u00e1is importantes canteiros do pa\u00eds. Todos os participantes desenvolveron obras de enorme calidade, e estou seguro de que o xurado non o tivo nada doado para escoller \u00e1s tres esculturas premiadas, que poden ver na imaxe que figura na parte inferior desta reportaxe. D\u00e1moslle os merecidos parab\u00e9ns a todos os artistas que nos deleitaron co seu talento, e d\u00e1mosllos un pouqui\u00f1o m\u00e1is especiais ao noso colaborador, Marcos Escudero, ga\u00f1ador do segundo premio coa escultura que aparece na parte superior dereita da imaxe.<\/p>\n\n\n\n<p>\u00c9 obrigado igualmente destacar o inmenso talento das d\u00faas persoas que participaron na exhibici\u00f3n de talla con motoserra .Foi realmente abraiante como dun tronco dun pi\u00f1eiro pode xurdir unha peza tan fermosa en poucas horas de traballo. A m\u00fasica e a poes\u00eda non pod\u00eda faltar, as\u00ed pois os dous d\u00edas de festa foron amenizados con grupos musicais como por exemplo os \u201cCazac\u00fas\u201d, un conxunto de rock bravo emotivo e intenso,os gaiteiros \u201cEntre o Mar e o R\u00edo\u201d, o grupo de folk \u201c Deixandar\u201d&#8230;<\/p>\n\n\n\n<p>Na parte m\u00e1is elevada do monte foi inaugurado un monumento que levaba gravado un poema de Koki, o grande poeta do Baixo Mi\u00f1o. Nas s\u00faas emotivas palabras Koki, non se pod\u00eda esquecer de Palestina e, apelou a exercermos a solidariedade activa e continua ata que o estado xenocida de Israel cese dunha vez de asoballar ao pobo palestino.<\/p>\n\n\n\n<p>Houbo comida e bebida a prezos populares , e a festa gastron\u00f3mica coroouse o domingo cun espectacular porco ao espeto doado por un comuneiro especialmente xeneroso. A presenza institucional non faltou. O alcalde Roberto Carrero estivo apoiando aos comuneiros acompa\u00f1ado por dous membros do seu goberno:Isidro Lomba e Isabel Guisande. De feito o secretario da comunidade de montes agradeceu nas s\u00faas palabras o apoio do Concello para poderen ter celebrado o evento. Por\u00e9n, a n\u00f3s non nos queda m\u00e1is remedio que lamentar profundamente a actitude de Isidro Lomba, concelleiro de obras, quen se negou a fotografarse con Tino Lago, director deste medio de comunicaci\u00f3n. Este exemplo de sectarismo \u00e9 un caso m\u00e1is que non fai outra cousa que dar a raz\u00f3n \u00e1 nosa li\u00f1a editorial: O PP polariza \u00e1 sociedade en amigos e inimigos, impide o desenvolvemento social xusto e igualitario , e debe ser combatido democraticamente coa forza da palabra e da raz\u00f3n en todos os sitios nos que goberne. A continuaci\u00f3n unha pequena reportaxe fotogr\u00e1fica do evento.<\/p>\n\n\n\n<figure class=\"wp-block-gallery has-nested-images columns-default is-cropped wp-block-gallery-1 is-layout-flex wp-block-gallery-is-layout-flex\">\n<figure class=\"wp-block-image size-large\"><img loading=\"lazy\" decoding=\"async\" width=\"768\" height=\"1024\" data-id=\"14811\" src=\"https:\/\/www.anovapeneira.gal\/wp-content\/uploads\/2025\/10\/Os-artistas-da-motoserra-768x1024.jpg\" alt=\"\" class=\"wp-image-14811\" srcset=\"https:\/\/www.anovapeneira.gal\/wp-content\/uploads\/2025\/10\/Os-artistas-da-motoserra-768x1024.jpg 768w, https:\/\/www.anovapeneira.gal\/wp-content\/uploads\/2025\/10\/Os-artistas-da-motoserra-225x300.jpg 225w, https:\/\/www.anovapeneira.gal\/wp-content\/uploads\/2025\/10\/Os-artistas-da-motoserra-1152x1536.jpg 1152w, https:\/\/www.anovapeneira.gal\/wp-content\/uploads\/2025\/10\/Os-artistas-da-motoserra-1536x2048.jpg 1536w, https:\/\/www.anovapeneira.gal\/wp-content\/uploads\/2025\/10\/Os-artistas-da-motoserra-scaled.jpg 1920w\" sizes=\"auto, (max-width: 768px) 100vw, 768px\" \/><\/figure>\n\n\n\n<figure class=\"wp-block-image size-large\"><img loading=\"lazy\" decoding=\"async\" width=\"768\" height=\"1024\" data-id=\"14809\" src=\"https:\/\/www.anovapeneira.gal\/wp-content\/uploads\/2025\/10\/O-super-porco-ao-espeto-768x1024.jpg\" alt=\"\" class=\"wp-image-14809\" srcset=\"https:\/\/www.anovapeneira.gal\/wp-content\/uploads\/2025\/10\/O-super-porco-ao-espeto-768x1024.jpg 768w, https:\/\/www.anovapeneira.gal\/wp-content\/uploads\/2025\/10\/O-super-porco-ao-espeto-225x300.jpg 225w, https:\/\/www.anovapeneira.gal\/wp-content\/uploads\/2025\/10\/O-super-porco-ao-espeto-1152x1536.jpg 1152w, https:\/\/www.anovapeneira.gal\/wp-content\/uploads\/2025\/10\/O-super-porco-ao-espeto-1536x2048.jpg 1536w, https:\/\/www.anovapeneira.gal\/wp-content\/uploads\/2025\/10\/O-super-porco-ao-espeto-scaled.jpg 1920w\" sizes=\"auto, (max-width: 768px) 100vw, 768px\" \/><\/figure>\n\n\n\n<figure class=\"wp-block-image size-large\"><img loading=\"lazy\" decoding=\"async\" width=\"768\" height=\"1024\" data-id=\"14810\" src=\"https:\/\/www.anovapeneira.gal\/wp-content\/uploads\/2025\/10\/Koki-e-Nocho-768x1024.jpg\" alt=\"\" class=\"wp-image-14810\" srcset=\"https:\/\/www.anovapeneira.gal\/wp-content\/uploads\/2025\/10\/Koki-e-Nocho-768x1024.jpg 768w, https:\/\/www.anovapeneira.gal\/wp-content\/uploads\/2025\/10\/Koki-e-Nocho-225x300.jpg 225w, https:\/\/www.anovapeneira.gal\/wp-content\/uploads\/2025\/10\/Koki-e-Nocho-1152x1536.jpg 1152w, https:\/\/www.anovapeneira.gal\/wp-content\/uploads\/2025\/10\/Koki-e-Nocho-1536x2048.jpg 1536w, https:\/\/www.anovapeneira.gal\/wp-content\/uploads\/2025\/10\/Koki-e-Nocho-scaled.jpg 1920w\" sizes=\"auto, (max-width: 768px) 100vw, 768px\" \/><\/figure>\n\n\n\n<figure class=\"wp-block-image size-large\"><img loading=\"lazy\" decoding=\"async\" width=\"768\" height=\"1024\" data-id=\"14808\" src=\"https:\/\/www.anovapeneira.gal\/wp-content\/uploads\/2025\/10\/As-tres-esculturas-ganadoras-768x1024.jpg\" alt=\"\" class=\"wp-image-14808\" srcset=\"https:\/\/www.anovapeneira.gal\/wp-content\/uploads\/2025\/10\/As-tres-esculturas-ganadoras-768x1024.jpg 768w, https:\/\/www.anovapeneira.gal\/wp-content\/uploads\/2025\/10\/As-tres-esculturas-ganadoras-225x300.jpg 225w, https:\/\/www.anovapeneira.gal\/wp-content\/uploads\/2025\/10\/As-tres-esculturas-ganadoras-1152x1536.jpg 1152w, https:\/\/www.anovapeneira.gal\/wp-content\/uploads\/2025\/10\/As-tres-esculturas-ganadoras-1536x2048.jpg 1536w, https:\/\/www.anovapeneira.gal\/wp-content\/uploads\/2025\/10\/As-tres-esculturas-ganadoras-scaled.jpg 1920w\" sizes=\"auto, (max-width: 768px) 100vw, 768px\" \/><\/figure>\n<\/figure>\n","protected":false},"excerpt":{"rendered":"<div class=\"mh-excerpt\"><p>A primeira fin de semana de Outubro, o s\u00e1bado 4 e domingo 5, a Comunidade de Montes de Salcidos celebrou a s\u00faa festa cultural e gastron\u00f3mica, dando continuidade a unha iniciativa xurdida o ano pasado cando se inaugurou o parque do monte Torroso <a class=\"mh-excerpt-more\" href=\"https:\/\/www.anovapeneira.gal\/index.php\/2025\/10\/16\/a-comunidade-de-montes-de-salcidos-celebra-a-vida\/\" title=\"A Comunidade de Montes de Salcidos celebra a vida\">[&#8230;]<\/a><\/p>\n<\/div>","protected":false},"author":3,"featured_media":14799,"comment_status":"open","ping_status":"open","sticky":false,"template":"","format":"standard","meta":{"_exactmetrics_skip_tracking":false,"_exactmetrics_sitenote_active":false,"_exactmetrics_sitenote_note":"","_exactmetrics_sitenote_category":0,"footnotes":""},"categories":[21],"tags":[1440],"class_list":{"0":"post-14798","1":"post","2":"type-post","3":"status-publish","4":"format-standard","5":"has-post-thumbnail","7":"category-baixo-mino","8":"tag-concello-da-garda"},"yoast_head":"<!-- This site is optimized with the Yoast SEO plugin v27.4 - https:\/\/yoast.com\/product\/yoast-seo-wordpress\/ -->\n<title>A Comunidade de Montes de Salcidos celebra a vida -<\/title>\n<meta name=\"robots\" content=\"index, follow, max-snippet:-1, max-image-preview:large, max-video-preview:-1\" \/>\n<link rel=\"canonical\" href=\"https:\/\/www.anovapeneira.gal\/index.php\/2025\/10\/16\/a-comunidade-de-montes-de-salcidos-celebra-a-vida\/\" \/>\n<meta property=\"og:locale\" content=\"gl_ES\" \/>\n<meta property=\"og:type\" content=\"article\" \/>\n<meta property=\"og:title\" content=\"A Comunidade de Montes de Salcidos celebra a vida -\" \/>\n<meta property=\"og:description\" content=\"A primeira fin de semana de Outubro, o s\u00e1bado 4 e domingo 5, a Comunidade de Montes de Salcidos celebrou a s\u00faa festa cultural e gastron\u00f3mica, dando continuidade a unha iniciativa xurdida o ano pasado cando se inaugurou o parque do monte Torroso [...]\" \/>\n<meta property=\"og:url\" content=\"https:\/\/www.anovapeneira.gal\/index.php\/2025\/10\/16\/a-comunidade-de-montes-de-salcidos-celebra-a-vida\/\" \/>\n<meta property=\"article:publisher\" content=\"https:\/\/www.facebook.com\/anovapeneira\" \/>\n<meta property=\"article:published_time\" content=\"2025-10-16T10:00:30+00:00\" \/>\n<meta property=\"article:modified_time\" content=\"2025-10-16T10:49:57+00:00\" \/>\n<meta property=\"og:image\" content=\"https:\/\/www.anovapeneira.gal\/wp-content\/uploads\/2025\/10\/Koki_e_Anxo.jpg\" \/>\n\t<meta property=\"og:image:width\" content=\"720\" \/>\n\t<meta property=\"og:image:height\" content=\"432\" \/>\n\t<meta property=\"og:image:type\" content=\"image\/jpeg\" \/>\n<meta name=\"author\" content=\"Redacci\u00f3n A Nova Peneira\" \/>\n<meta name=\"twitter:card\" content=\"summary_large_image\" \/>\n<meta name=\"twitter:creator\" content=\"@APeneira\" \/>\n<meta name=\"twitter:site\" content=\"@APeneira\" \/>\n<meta name=\"twitter:label1\" content=\"Escrito por\" \/>\n\t<meta name=\"twitter:data1\" content=\"Redacci\u00f3n A Nova Peneira\" \/>\n\t<meta name=\"twitter:label2\" content=\"Tempo de lectura\" \/>\n\t<meta name=\"twitter:data2\" content=\"4 minutos\" \/>\n<script type=\"application\/ld+json\" class=\"yoast-schema-graph\">{\"@context\":\"https:\\\/\\\/schema.org\",\"@graph\":[{\"@type\":\"Article\",\"@id\":\"https:\\\/\\\/www.anovapeneira.gal\\\/index.php\\\/2025\\\/10\\\/16\\\/a-comunidade-de-montes-de-salcidos-celebra-a-vida\\\/#article\",\"isPartOf\":{\"@id\":\"https:\\\/\\\/www.anovapeneira.gal\\\/index.php\\\/2025\\\/10\\\/16\\\/a-comunidade-de-montes-de-salcidos-celebra-a-vida\\\/\"},\"author\":{\"name\":\"Redacci\u00f3n A Nova Peneira\",\"@id\":\"https:\\\/\\\/www.anovapeneira.gal\\\/#\\\/schema\\\/person\\\/b93e3f8932e3f8da96334607eb6ac6aa\"},\"headline\":\"A Comunidade de Montes de Salcidos celebra a vida\",\"datePublished\":\"2025-10-16T10:00:30+00:00\",\"dateModified\":\"2025-10-16T10:49:57+00:00\",\"mainEntityOfPage\":{\"@id\":\"https:\\\/\\\/www.anovapeneira.gal\\\/index.php\\\/2025\\\/10\\\/16\\\/a-comunidade-de-montes-de-salcidos-celebra-a-vida\\\/\"},\"wordCount\":548,\"commentCount\":0,\"publisher\":{\"@id\":\"https:\\\/\\\/www.anovapeneira.gal\\\/#organization\"},\"image\":{\"@id\":\"https:\\\/\\\/www.anovapeneira.gal\\\/index.php\\\/2025\\\/10\\\/16\\\/a-comunidade-de-montes-de-salcidos-celebra-a-vida\\\/#primaryimage\"},\"thumbnailUrl\":\"https:\\\/\\\/www.anovapeneira.gal\\\/wp-content\\\/uploads\\\/2025\\\/10\\\/Koki_e_Anxo.jpg\",\"keywords\":[\"Concello da Garda\"],\"articleSection\":[\"Baixo Mi\u00f1o\"],\"inLanguage\":\"gl-ES\",\"potentialAction\":[{\"@type\":\"CommentAction\",\"name\":\"Comment\",\"target\":[\"https:\\\/\\\/www.anovapeneira.gal\\\/index.php\\\/2025\\\/10\\\/16\\\/a-comunidade-de-montes-de-salcidos-celebra-a-vida\\\/#respond\"]}]},{\"@type\":\"WebPage\",\"@id\":\"https:\\\/\\\/www.anovapeneira.gal\\\/index.php\\\/2025\\\/10\\\/16\\\/a-comunidade-de-montes-de-salcidos-celebra-a-vida\\\/\",\"url\":\"https:\\\/\\\/www.anovapeneira.gal\\\/index.php\\\/2025\\\/10\\\/16\\\/a-comunidade-de-montes-de-salcidos-celebra-a-vida\\\/\",\"name\":\"A Comunidade de Montes de Salcidos celebra a vida -\",\"isPartOf\":{\"@id\":\"https:\\\/\\\/www.anovapeneira.gal\\\/#website\"},\"primaryImageOfPage\":{\"@id\":\"https:\\\/\\\/www.anovapeneira.gal\\\/index.php\\\/2025\\\/10\\\/16\\\/a-comunidade-de-montes-de-salcidos-celebra-a-vida\\\/#primaryimage\"},\"image\":{\"@id\":\"https:\\\/\\\/www.anovapeneira.gal\\\/index.php\\\/2025\\\/10\\\/16\\\/a-comunidade-de-montes-de-salcidos-celebra-a-vida\\\/#primaryimage\"},\"thumbnailUrl\":\"https:\\\/\\\/www.anovapeneira.gal\\\/wp-content\\\/uploads\\\/2025\\\/10\\\/Koki_e_Anxo.jpg\",\"datePublished\":\"2025-10-16T10:00:30+00:00\",\"dateModified\":\"2025-10-16T10:49:57+00:00\",\"breadcrumb\":{\"@id\":\"https:\\\/\\\/www.anovapeneira.gal\\\/index.php\\\/2025\\\/10\\\/16\\\/a-comunidade-de-montes-de-salcidos-celebra-a-vida\\\/#breadcrumb\"},\"inLanguage\":\"gl-ES\",\"potentialAction\":[{\"@type\":\"ReadAction\",\"target\":[\"https:\\\/\\\/www.anovapeneira.gal\\\/index.php\\\/2025\\\/10\\\/16\\\/a-comunidade-de-montes-de-salcidos-celebra-a-vida\\\/\"]}]},{\"@type\":\"ImageObject\",\"inLanguage\":\"gl-ES\",\"@id\":\"https:\\\/\\\/www.anovapeneira.gal\\\/index.php\\\/2025\\\/10\\\/16\\\/a-comunidade-de-montes-de-salcidos-celebra-a-vida\\\/#primaryimage\",\"url\":\"https:\\\/\\\/www.anovapeneira.gal\\\/wp-content\\\/uploads\\\/2025\\\/10\\\/Koki_e_Anxo.jpg\",\"contentUrl\":\"https:\\\/\\\/www.anovapeneira.gal\\\/wp-content\\\/uploads\\\/2025\\\/10\\\/Koki_e_Anxo.jpg\",\"width\":720,\"height\":432},{\"@type\":\"BreadcrumbList\",\"@id\":\"https:\\\/\\\/www.anovapeneira.gal\\\/index.php\\\/2025\\\/10\\\/16\\\/a-comunidade-de-montes-de-salcidos-celebra-a-vida\\\/#breadcrumb\",\"itemListElement\":[{\"@type\":\"ListItem\",\"position\":1,\"name\":\"Portada\",\"item\":\"https:\\\/\\\/www.anovapeneira.gal\\\/\"},{\"@type\":\"ListItem\",\"position\":2,\"name\":\"A Comunidade de Montes de Salcidos celebra a vida\"}]},{\"@type\":\"WebSite\",\"@id\":\"https:\\\/\\\/www.anovapeneira.gal\\\/#website\",\"url\":\"https:\\\/\\\/www.anovapeneira.gal\\\/\",\"name\":\"\",\"description\":\"Xornal galego de informaci\u00f3n xeral Publicaci\u00f3n mensual de novas de Galicia e en especial dos Concellos da sur da provincia de Pontevedra.\",\"publisher\":{\"@id\":\"https:\\\/\\\/www.anovapeneira.gal\\\/#organization\"},\"potentialAction\":[{\"@type\":\"SearchAction\",\"target\":{\"@type\":\"EntryPoint\",\"urlTemplate\":\"https:\\\/\\\/www.anovapeneira.gal\\\/?s={search_term_string}\"},\"query-input\":{\"@type\":\"PropertyValueSpecification\",\"valueRequired\":true,\"valueName\":\"search_term_string\"}}],\"inLanguage\":\"gl-ES\"},{\"@type\":\"Organization\",\"@id\":\"https:\\\/\\\/www.anovapeneira.gal\\\/#organization\",\"name\":\"A Nova Peneira\",\"url\":\"https:\\\/\\\/www.anovapeneira.gal\\\/\",\"logo\":{\"@type\":\"ImageObject\",\"inLanguage\":\"gl-ES\",\"@id\":\"https:\\\/\\\/www.anovapeneira.gal\\\/#\\\/schema\\\/logo\\\/image\\\/\",\"url\":\"http:\\\/\\\/www.anovapeneira.gal\\\/wp-content\\\/uploads\\\/2019\\\/06\\\/logo_a_nova_peneira_portal_web.png\",\"contentUrl\":\"http:\\\/\\\/www.anovapeneira.gal\\\/wp-content\\\/uploads\\\/2019\\\/06\\\/logo_a_nova_peneira_portal_web.png\",\"width\":300,\"height\":100,\"caption\":\"A Nova Peneira\"},\"image\":{\"@id\":\"https:\\\/\\\/www.anovapeneira.gal\\\/#\\\/schema\\\/logo\\\/image\\\/\"},\"sameAs\":[\"https:\\\/\\\/www.facebook.com\\\/anovapeneira\",\"https:\\\/\\\/x.com\\\/APeneira\"]},{\"@type\":\"Person\",\"@id\":\"https:\\\/\\\/www.anovapeneira.gal\\\/#\\\/schema\\\/person\\\/b93e3f8932e3f8da96334607eb6ac6aa\",\"name\":\"Redacci\u00f3n A Nova Peneira\",\"image\":{\"@type\":\"ImageObject\",\"inLanguage\":\"gl-ES\",\"@id\":\"https:\\\/\\\/secure.gravatar.com\\\/avatar\\\/c052a2551a06e23fac63626232eaa90abd78dbcf1700fc46a2b2c89fd27b735f?s=96&d=mm&r=g\",\"url\":\"https:\\\/\\\/secure.gravatar.com\\\/avatar\\\/c052a2551a06e23fac63626232eaa90abd78dbcf1700fc46a2b2c89fd27b735f?s=96&d=mm&r=g\",\"contentUrl\":\"https:\\\/\\\/secure.gravatar.com\\\/avatar\\\/c052a2551a06e23fac63626232eaa90abd78dbcf1700fc46a2b2c89fd27b735f?s=96&d=mm&r=g\",\"caption\":\"Redacci\u00f3n A Nova Peneira\"},\"sameAs\":[\"http:\\\/\\\/www.anovapeneira.gal\\\/\"],\"url\":\"https:\\\/\\\/www.anovapeneira.gal\\\/index.php\\\/author\\\/redactor\\\/\"}]}<\/script>\n<!-- \/ Yoast SEO plugin. -->","yoast_head_json":{"title":"A Comunidade de Montes de Salcidos celebra a vida -","robots":{"index":"index","follow":"follow","max-snippet":"max-snippet:-1","max-image-preview":"max-image-preview:large","max-video-preview":"max-video-preview:-1"},"canonical":"https:\/\/www.anovapeneira.gal\/index.php\/2025\/10\/16\/a-comunidade-de-montes-de-salcidos-celebra-a-vida\/","og_locale":"gl_ES","og_type":"article","og_title":"A Comunidade de Montes de Salcidos celebra a vida -","og_description":"A primeira fin de semana de Outubro, o s\u00e1bado 4 e domingo 5, a Comunidade de Montes de Salcidos celebrou a s\u00faa festa cultural e gastron\u00f3mica, dando continuidade a unha iniciativa xurdida o ano pasado cando se inaugurou o parque do monte Torroso [...]","og_url":"https:\/\/www.anovapeneira.gal\/index.php\/2025\/10\/16\/a-comunidade-de-montes-de-salcidos-celebra-a-vida\/","article_publisher":"https:\/\/www.facebook.com\/anovapeneira","article_published_time":"2025-10-16T10:00:30+00:00","article_modified_time":"2025-10-16T10:49:57+00:00","og_image":[{"width":720,"height":432,"url":"https:\/\/www.anovapeneira.gal\/wp-content\/uploads\/2025\/10\/Koki_e_Anxo.jpg","type":"image\/jpeg"}],"author":"Redacci\u00f3n A Nova Peneira","twitter_card":"summary_large_image","twitter_creator":"@APeneira","twitter_site":"@APeneira","twitter_misc":{"Escrito por":"Redacci\u00f3n A Nova Peneira","Tempo de lectura":"4 minutos"},"schema":{"@context":"https:\/\/schema.org","@graph":[{"@type":"Article","@id":"https:\/\/www.anovapeneira.gal\/index.php\/2025\/10\/16\/a-comunidade-de-montes-de-salcidos-celebra-a-vida\/#article","isPartOf":{"@id":"https:\/\/www.anovapeneira.gal\/index.php\/2025\/10\/16\/a-comunidade-de-montes-de-salcidos-celebra-a-vida\/"},"author":{"name":"Redacci\u00f3n A Nova Peneira","@id":"https:\/\/www.anovapeneira.gal\/#\/schema\/person\/b93e3f8932e3f8da96334607eb6ac6aa"},"headline":"A Comunidade de Montes de Salcidos celebra a vida","datePublished":"2025-10-16T10:00:30+00:00","dateModified":"2025-10-16T10:49:57+00:00","mainEntityOfPage":{"@id":"https:\/\/www.anovapeneira.gal\/index.php\/2025\/10\/16\/a-comunidade-de-montes-de-salcidos-celebra-a-vida\/"},"wordCount":548,"commentCount":0,"publisher":{"@id":"https:\/\/www.anovapeneira.gal\/#organization"},"image":{"@id":"https:\/\/www.anovapeneira.gal\/index.php\/2025\/10\/16\/a-comunidade-de-montes-de-salcidos-celebra-a-vida\/#primaryimage"},"thumbnailUrl":"https:\/\/www.anovapeneira.gal\/wp-content\/uploads\/2025\/10\/Koki_e_Anxo.jpg","keywords":["Concello da Garda"],"articleSection":["Baixo Mi\u00f1o"],"inLanguage":"gl-ES","potentialAction":[{"@type":"CommentAction","name":"Comment","target":["https:\/\/www.anovapeneira.gal\/index.php\/2025\/10\/16\/a-comunidade-de-montes-de-salcidos-celebra-a-vida\/#respond"]}]},{"@type":"WebPage","@id":"https:\/\/www.anovapeneira.gal\/index.php\/2025\/10\/16\/a-comunidade-de-montes-de-salcidos-celebra-a-vida\/","url":"https:\/\/www.anovapeneira.gal\/index.php\/2025\/10\/16\/a-comunidade-de-montes-de-salcidos-celebra-a-vida\/","name":"A Comunidade de Montes de Salcidos celebra a vida -","isPartOf":{"@id":"https:\/\/www.anovapeneira.gal\/#website"},"primaryImageOfPage":{"@id":"https:\/\/www.anovapeneira.gal\/index.php\/2025\/10\/16\/a-comunidade-de-montes-de-salcidos-celebra-a-vida\/#primaryimage"},"image":{"@id":"https:\/\/www.anovapeneira.gal\/index.php\/2025\/10\/16\/a-comunidade-de-montes-de-salcidos-celebra-a-vida\/#primaryimage"},"thumbnailUrl":"https:\/\/www.anovapeneira.gal\/wp-content\/uploads\/2025\/10\/Koki_e_Anxo.jpg","datePublished":"2025-10-16T10:00:30+00:00","dateModified":"2025-10-16T10:49:57+00:00","breadcrumb":{"@id":"https:\/\/www.anovapeneira.gal\/index.php\/2025\/10\/16\/a-comunidade-de-montes-de-salcidos-celebra-a-vida\/#breadcrumb"},"inLanguage":"gl-ES","potentialAction":[{"@type":"ReadAction","target":["https:\/\/www.anovapeneira.gal\/index.php\/2025\/10\/16\/a-comunidade-de-montes-de-salcidos-celebra-a-vida\/"]}]},{"@type":"ImageObject","inLanguage":"gl-ES","@id":"https:\/\/www.anovapeneira.gal\/index.php\/2025\/10\/16\/a-comunidade-de-montes-de-salcidos-celebra-a-vida\/#primaryimage","url":"https:\/\/www.anovapeneira.gal\/wp-content\/uploads\/2025\/10\/Koki_e_Anxo.jpg","contentUrl":"https:\/\/www.anovapeneira.gal\/wp-content\/uploads\/2025\/10\/Koki_e_Anxo.jpg","width":720,"height":432},{"@type":"BreadcrumbList","@id":"https:\/\/www.anovapeneira.gal\/index.php\/2025\/10\/16\/a-comunidade-de-montes-de-salcidos-celebra-a-vida\/#breadcrumb","itemListElement":[{"@type":"ListItem","position":1,"name":"Portada","item":"https:\/\/www.anovapeneira.gal\/"},{"@type":"ListItem","position":2,"name":"A Comunidade de Montes de Salcidos celebra a vida"}]},{"@type":"WebSite","@id":"https:\/\/www.anovapeneira.gal\/#website","url":"https:\/\/www.anovapeneira.gal\/","name":"","description":"Xornal galego de informaci\u00f3n xeral Publicaci\u00f3n mensual de novas de Galicia e en especial dos Concellos da sur da provincia de Pontevedra.","publisher":{"@id":"https:\/\/www.anovapeneira.gal\/#organization"},"potentialAction":[{"@type":"SearchAction","target":{"@type":"EntryPoint","urlTemplate":"https:\/\/www.anovapeneira.gal\/?s={search_term_string}"},"query-input":{"@type":"PropertyValueSpecification","valueRequired":true,"valueName":"search_term_string"}}],"inLanguage":"gl-ES"},{"@type":"Organization","@id":"https:\/\/www.anovapeneira.gal\/#organization","name":"A Nova Peneira","url":"https:\/\/www.anovapeneira.gal\/","logo":{"@type":"ImageObject","inLanguage":"gl-ES","@id":"https:\/\/www.anovapeneira.gal\/#\/schema\/logo\/image\/","url":"http:\/\/www.anovapeneira.gal\/wp-content\/uploads\/2019\/06\/logo_a_nova_peneira_portal_web.png","contentUrl":"http:\/\/www.anovapeneira.gal\/wp-content\/uploads\/2019\/06\/logo_a_nova_peneira_portal_web.png","width":300,"height":100,"caption":"A Nova Peneira"},"image":{"@id":"https:\/\/www.anovapeneira.gal\/#\/schema\/logo\/image\/"},"sameAs":["https:\/\/www.facebook.com\/anovapeneira","https:\/\/x.com\/APeneira"]},{"@type":"Person","@id":"https:\/\/www.anovapeneira.gal\/#\/schema\/person\/b93e3f8932e3f8da96334607eb6ac6aa","name":"Redacci\u00f3n A Nova Peneira","image":{"@type":"ImageObject","inLanguage":"gl-ES","@id":"https:\/\/secure.gravatar.com\/avatar\/c052a2551a06e23fac63626232eaa90abd78dbcf1700fc46a2b2c89fd27b735f?s=96&d=mm&r=g","url":"https:\/\/secure.gravatar.com\/avatar\/c052a2551a06e23fac63626232eaa90abd78dbcf1700fc46a2b2c89fd27b735f?s=96&d=mm&r=g","contentUrl":"https:\/\/secure.gravatar.com\/avatar\/c052a2551a06e23fac63626232eaa90abd78dbcf1700fc46a2b2c89fd27b735f?s=96&d=mm&r=g","caption":"Redacci\u00f3n A Nova Peneira"},"sameAs":["http:\/\/www.anovapeneira.gal\/"],"url":"https:\/\/www.anovapeneira.gal\/index.php\/author\/redactor\/"}]}},"jetpack_featured_media_url":"https:\/\/www.anovapeneira.gal\/wp-content\/uploads\/2025\/10\/Koki_e_Anxo.jpg","_links":{"self":[{"href":"https:\/\/www.anovapeneira.gal\/index.php\/wp-json\/wp\/v2\/posts\/14798","targetHints":{"allow":["GET"]}}],"collection":[{"href":"https:\/\/www.anovapeneira.gal\/index.php\/wp-json\/wp\/v2\/posts"}],"about":[{"href":"https:\/\/www.anovapeneira.gal\/index.php\/wp-json\/wp\/v2\/types\/post"}],"author":[{"embeddable":true,"href":"https:\/\/www.anovapeneira.gal\/index.php\/wp-json\/wp\/v2\/users\/3"}],"replies":[{"embeddable":true,"href":"https:\/\/www.anovapeneira.gal\/index.php\/wp-json\/wp\/v2\/comments?post=14798"}],"version-history":[{"count":3,"href":"https:\/\/www.anovapeneira.gal\/index.php\/wp-json\/wp\/v2\/posts\/14798\/revisions"}],"predecessor-version":[{"id":14813,"href":"https:\/\/www.anovapeneira.gal\/index.php\/wp-json\/wp\/v2\/posts\/14798\/revisions\/14813"}],"wp:featuredmedia":[{"embeddable":true,"href":"https:\/\/www.anovapeneira.gal\/index.php\/wp-json\/wp\/v2\/media\/14799"}],"wp:attachment":[{"href":"https:\/\/www.anovapeneira.gal\/index.php\/wp-json\/wp\/v2\/media?parent=14798"}],"wp:term":[{"taxonomy":"category","embeddable":true,"href":"https:\/\/www.anovapeneira.gal\/index.php\/wp-json\/wp\/v2\/categories?post=14798"},{"taxonomy":"post_tag","embeddable":true,"href":"https:\/\/www.anovapeneira.gal\/index.php\/wp-json\/wp\/v2\/tags?post=14798"}],"curies":[{"name":"wp","href":"https:\/\/api.w.org\/{rel}","templated":true}]}}