{"id":14801,"date":"2025-10-17T10:00:32","date_gmt":"2025-10-17T08:00:32","guid":{"rendered":"https:\/\/www.anovapeneira.gal\/?p=14801"},"modified":"2025-10-15T09:54:52","modified_gmt":"2025-10-15T07:54:52","slug":"pensarmos-xuntas-espazos-feministas-hoxe-mais-ca-nunca","status":"publish","type":"post","link":"https:\/\/www.anovapeneira.gal\/index.php\/2025\/10\/17\/pensarmos-xuntas-espazos-feministas-hoxe-mais-ca-nunca\/","title":{"rendered":"Pensarmos xuntas: espazos feministas, hoxe m\u00e1is ca nunca"},"content":{"rendered":"\n<p>Desde As Silveiras queremos subli\u00f1ar a urxencia e a importancia de que existan espazos propios de encontro e debate feminista. Espazos onde pensarmos xuntas sobre as m\u00faltiples formas que adopta a desigualdade, a violencia e o control patriarcal, e onde tam\u00e9n imaxinarmos colectivamente unha vida m\u00e1is xusta para todas n\u00f3s. Refer\u00edmonos a lugares de reflexi\u00f3n pol\u00edtica compartida por mulleres, promovidos desde o movemento feminista e coa vontade de permaneceren abertos \u00e1 diversidade de voces e experiencias que o compo\u00f1en.<\/p>\n\n\n\n<p>Esta necesidade f\u00edxose especialmente visible no <em>Congreso do activismo feminista galego<\/em> celebrado en Teo os d\u00edas 27 e 28 de setembro. Nel reun\u00edmonos numerosas mulleres organizadas en distintas asociaci\u00f3ns feministas \u2014algunhas delas tam\u00e9n vinculadas a partidos pol\u00edticos\u2014 cun obxectivo com\u00fan: afondarmos colectivamente nas cuesti\u00f3ns m\u00e1is relevantes que nos afectan como mulleres e como suxeito pol\u00edtico.<\/p>\n\n\n\n<p>Falouse, entre outros temas, das ra\u00edces ideol\u00f3xicas do feminismo e do debate arredor do seu suxeito pol\u00edtico, da construci\u00f3n hist\u00f3rica do masculino e do feminino, desde a filosof\u00eda aos medios de comunicaci\u00f3n; da opresi\u00f3n das mulleres polo patriarcado relixioso; da situaci\u00f3n actual das mulleres trinta anos despois da conferencia de Beijing; da violencia estrutural contra as mulleres \u2014inclu\u00edda, por suposto, a prostituci\u00f3n\u2014, e tam\u00e9n da urxencia dunha coeducaci\u00f3n real con perspectiva feminista.<\/p>\n\n\n\n<p>Un dos eixes centrais do congreso foi a relaci\u00f3n entre as mulleres e a pol\u00edtica, entendida nun sentido amplo: non s\u00f3 como participaci\u00f3n das mulleres nos partidos e nas instituci\u00f3ns, sen\u00f3n tam\u00e9n como as pol\u00edticas p\u00fablicas sobre as mulleres que se dese\u00f1an e aplican no d\u00eda a d\u00eda.<\/p>\n\n\n\n<p>Neste contexto, lamentamos profundamente a ausencia da segunda forza pol\u00edtica de Galicia, que, tras ter confirmado a s\u00faa participaci\u00f3n na mesa sobre pol\u00edtica, decidiu finalmente cancelar a s\u00faa asistencia. As organizadoras recibiron unha explicaci\u00f3n de tipo ideol\u00f3xico que provocou perplexidade e malestar entre moitas asistentes.<\/p>\n\n\n\n<p>Desde a nosa asociaci\u00f3n consideramos que este tipo de decisi\u00f3ns, m\u00e1is al\u00e1 do contido concreto das s\u00faas xustificaci\u00f3ns, evidencian unha preocupante falta de vontade para escoitar, compartir e debater co movemento feminista organizado. O feminismo \u00e9 unha forza social e pol\u00edtica imprescindible para a transformaci\u00f3n democr\u00e1tica da sociedade. Se non se escoita o feminismo, se se foxe do debate, estase relegando unha parte fundamental do pensamento cr\u00edtico e est\u00e1selle virando as costas \u00e1 metade da humanidade.<\/p>\n\n\n\n<p>E unha cousa temos clara: as feministas imos seguir falando, debatendo e pensando xuntas. Porque ese pensamento colectivo \u00e9, hoxe m\u00e1is ca nunca, imprescindible. Por isto, agradecemos fondamente a Terra Feminarum, como organizadora, e \u00e1s demais asociaci\u00f3ns colaboradoras, por sementaren este espazo de encontro. Sabemos que deste traballo colectivo nacer\u00e1n novos debates, alianzas e cami\u00f1os compartidos.<\/p>\n","protected":false},"excerpt":{"rendered":"<div class=\"mh-excerpt\"><p>Desde As Silveiras queremos subli\u00f1ar a urxencia e a importancia de que existan espazos propios de encontro e debate feminista <a class=\"mh-excerpt-more\" href=\"https:\/\/www.anovapeneira.gal\/index.php\/2025\/10\/17\/pensarmos-xuntas-espazos-feministas-hoxe-mais-ca-nunca\/\" title=\"Pensarmos xuntas: espazos feministas, hoxe m\u00e1is ca nunca\">[&#8230;]<\/a><\/p>\n<\/div>","protected":false},"author":12,"featured_media":13363,"comment_status":"open","ping_status":"open","sticky":false,"template":"","format":"standard","meta":{"_exactmetrics_skip_tracking":false,"_exactmetrics_sitenote_active":false,"_exactmetrics_sitenote_note":"","_exactmetrics_sitenote_category":0,"footnotes":""},"categories":[7],"tags":[1448],"class_list":{"0":"post-14801","1":"post","2":"type-post","3":"status-publish","4":"format-standard","5":"has-post-thumbnail","7":"category-artigos-de-opinion","8":"tag-as-silveiras"},"yoast_head":"<!-- This site is optimized with the Yoast SEO plugin v27.4 - https:\/\/yoast.com\/product\/yoast-seo-wordpress\/ -->\n<title>Pensarmos xuntas: espazos feministas, hoxe m\u00e1is ca nunca -<\/title>\n<meta name=\"robots\" content=\"index, follow, max-snippet:-1, max-image-preview:large, max-video-preview:-1\" \/>\n<link rel=\"canonical\" href=\"https:\/\/www.anovapeneira.gal\/index.php\/2025\/10\/17\/pensarmos-xuntas-espazos-feministas-hoxe-mais-ca-nunca\/\" \/>\n<meta property=\"og:locale\" content=\"gl_ES\" \/>\n<meta property=\"og:type\" content=\"article\" \/>\n<meta property=\"og:title\" content=\"Pensarmos xuntas: espazos feministas, hoxe m\u00e1is ca nunca -\" \/>\n<meta property=\"og:description\" content=\"Desde As Silveiras queremos subli\u00f1ar a urxencia e a importancia de que existan espazos propios de encontro e debate feminista [...]\" \/>\n<meta property=\"og:url\" content=\"https:\/\/www.anovapeneira.gal\/index.php\/2025\/10\/17\/pensarmos-xuntas-espazos-feministas-hoxe-mais-ca-nunca\/\" \/>\n<meta property=\"article:publisher\" content=\"https:\/\/www.facebook.com\/anovapeneira\" \/>\n<meta property=\"article:published_time\" content=\"2025-10-17T08:00:32+00:00\" \/>\n<meta property=\"og:image\" content=\"https:\/\/www.anovapeneira.gal\/wp-content\/uploads\/2025\/02\/Silveiras.jpg\" \/>\n\t<meta property=\"og:image:width\" content=\"720\" \/>\n\t<meta property=\"og:image:height\" content=\"432\" \/>\n\t<meta property=\"og:image:type\" content=\"image\/jpeg\" \/>\n<meta name=\"author\" content=\"Artigos Opini\u00f3n\" \/>\n<meta name=\"twitter:card\" content=\"summary_large_image\" \/>\n<meta name=\"twitter:creator\" content=\"@APeneira\" \/>\n<meta name=\"twitter:site\" content=\"@APeneira\" \/>\n<meta name=\"twitter:label1\" content=\"Escrito por\" \/>\n\t<meta name=\"twitter:data1\" content=\"Artigos Opini\u00f3n\" \/>\n\t<meta name=\"twitter:label2\" content=\"Tempo de lectura\" \/>\n\t<meta name=\"twitter:data2\" content=\"3 minutos\" \/>\n<script type=\"application\/ld+json\" class=\"yoast-schema-graph\">{\"@context\":\"https:\\\/\\\/schema.org\",\"@graph\":[{\"@type\":\"Article\",\"@id\":\"https:\\\/\\\/www.anovapeneira.gal\\\/index.php\\\/2025\\\/10\\\/17\\\/pensarmos-xuntas-espazos-feministas-hoxe-mais-ca-nunca\\\/#article\",\"isPartOf\":{\"@id\":\"https:\\\/\\\/www.anovapeneira.gal\\\/index.php\\\/2025\\\/10\\\/17\\\/pensarmos-xuntas-espazos-feministas-hoxe-mais-ca-nunca\\\/\"},\"author\":{\"name\":\"Artigos Opini\u00f3n\",\"@id\":\"https:\\\/\\\/www.anovapeneira.gal\\\/#\\\/schema\\\/person\\\/f18a4feb302e8f20bcef4490b5b60bb3\"},\"headline\":\"Pensarmos xuntas: espazos feministas, hoxe m\u00e1is ca nunca\",\"datePublished\":\"2025-10-17T08:00:32+00:00\",\"mainEntityOfPage\":{\"@id\":\"https:\\\/\\\/www.anovapeneira.gal\\\/index.php\\\/2025\\\/10\\\/17\\\/pensarmos-xuntas-espazos-feministas-hoxe-mais-ca-nunca\\\/\"},\"wordCount\":498,\"commentCount\":1,\"publisher\":{\"@id\":\"https:\\\/\\\/www.anovapeneira.gal\\\/#organization\"},\"image\":{\"@id\":\"https:\\\/\\\/www.anovapeneira.gal\\\/index.php\\\/2025\\\/10\\\/17\\\/pensarmos-xuntas-espazos-feministas-hoxe-mais-ca-nunca\\\/#primaryimage\"},\"thumbnailUrl\":\"https:\\\/\\\/www.anovapeneira.gal\\\/wp-content\\\/uploads\\\/2025\\\/02\\\/Silveiras.jpg\",\"keywords\":[\"As silveiras\"],\"articleSection\":[\"Artigos de opini\u00f3n\"],\"inLanguage\":\"gl-ES\",\"potentialAction\":[{\"@type\":\"CommentAction\",\"name\":\"Comment\",\"target\":[\"https:\\\/\\\/www.anovapeneira.gal\\\/index.php\\\/2025\\\/10\\\/17\\\/pensarmos-xuntas-espazos-feministas-hoxe-mais-ca-nunca\\\/#respond\"]}]},{\"@type\":\"WebPage\",\"@id\":\"https:\\\/\\\/www.anovapeneira.gal\\\/index.php\\\/2025\\\/10\\\/17\\\/pensarmos-xuntas-espazos-feministas-hoxe-mais-ca-nunca\\\/\",\"url\":\"https:\\\/\\\/www.anovapeneira.gal\\\/index.php\\\/2025\\\/10\\\/17\\\/pensarmos-xuntas-espazos-feministas-hoxe-mais-ca-nunca\\\/\",\"name\":\"Pensarmos xuntas: espazos feministas, hoxe m\u00e1is ca nunca -\",\"isPartOf\":{\"@id\":\"https:\\\/\\\/www.anovapeneira.gal\\\/#website\"},\"primaryImageOfPage\":{\"@id\":\"https:\\\/\\\/www.anovapeneira.gal\\\/index.php\\\/2025\\\/10\\\/17\\\/pensarmos-xuntas-espazos-feministas-hoxe-mais-ca-nunca\\\/#primaryimage\"},\"image\":{\"@id\":\"https:\\\/\\\/www.anovapeneira.gal\\\/index.php\\\/2025\\\/10\\\/17\\\/pensarmos-xuntas-espazos-feministas-hoxe-mais-ca-nunca\\\/#primaryimage\"},\"thumbnailUrl\":\"https:\\\/\\\/www.anovapeneira.gal\\\/wp-content\\\/uploads\\\/2025\\\/02\\\/Silveiras.jpg\",\"datePublished\":\"2025-10-17T08:00:32+00:00\",\"breadcrumb\":{\"@id\":\"https:\\\/\\\/www.anovapeneira.gal\\\/index.php\\\/2025\\\/10\\\/17\\\/pensarmos-xuntas-espazos-feministas-hoxe-mais-ca-nunca\\\/#breadcrumb\"},\"inLanguage\":\"gl-ES\",\"potentialAction\":[{\"@type\":\"ReadAction\",\"target\":[\"https:\\\/\\\/www.anovapeneira.gal\\\/index.php\\\/2025\\\/10\\\/17\\\/pensarmos-xuntas-espazos-feministas-hoxe-mais-ca-nunca\\\/\"]}]},{\"@type\":\"ImageObject\",\"inLanguage\":\"gl-ES\",\"@id\":\"https:\\\/\\\/www.anovapeneira.gal\\\/index.php\\\/2025\\\/10\\\/17\\\/pensarmos-xuntas-espazos-feministas-hoxe-mais-ca-nunca\\\/#primaryimage\",\"url\":\"https:\\\/\\\/www.anovapeneira.gal\\\/wp-content\\\/uploads\\\/2025\\\/02\\\/Silveiras.jpg\",\"contentUrl\":\"https:\\\/\\\/www.anovapeneira.gal\\\/wp-content\\\/uploads\\\/2025\\\/02\\\/Silveiras.jpg\",\"width\":720,\"height\":432,\"caption\":\"Silveiras Asociaci\u00f3n feminista\"},{\"@type\":\"BreadcrumbList\",\"@id\":\"https:\\\/\\\/www.anovapeneira.gal\\\/index.php\\\/2025\\\/10\\\/17\\\/pensarmos-xuntas-espazos-feministas-hoxe-mais-ca-nunca\\\/#breadcrumb\",\"itemListElement\":[{\"@type\":\"ListItem\",\"position\":1,\"name\":\"Portada\",\"item\":\"https:\\\/\\\/www.anovapeneira.gal\\\/\"},{\"@type\":\"ListItem\",\"position\":2,\"name\":\"Pensarmos xuntas: espazos feministas, hoxe m\u00e1is ca nunca\"}]},{\"@type\":\"WebSite\",\"@id\":\"https:\\\/\\\/www.anovapeneira.gal\\\/#website\",\"url\":\"https:\\\/\\\/www.anovapeneira.gal\\\/\",\"name\":\"\",\"description\":\"Xornal galego de informaci\u00f3n xeral Publicaci\u00f3n mensual de novas de Galicia e en especial dos Concellos da sur da provincia de Pontevedra.\",\"publisher\":{\"@id\":\"https:\\\/\\\/www.anovapeneira.gal\\\/#organization\"},\"potentialAction\":[{\"@type\":\"SearchAction\",\"target\":{\"@type\":\"EntryPoint\",\"urlTemplate\":\"https:\\\/\\\/www.anovapeneira.gal\\\/?s={search_term_string}\"},\"query-input\":{\"@type\":\"PropertyValueSpecification\",\"valueRequired\":true,\"valueName\":\"search_term_string\"}}],\"inLanguage\":\"gl-ES\"},{\"@type\":\"Organization\",\"@id\":\"https:\\\/\\\/www.anovapeneira.gal\\\/#organization\",\"name\":\"A Nova Peneira\",\"url\":\"https:\\\/\\\/www.anovapeneira.gal\\\/\",\"logo\":{\"@type\":\"ImageObject\",\"inLanguage\":\"gl-ES\",\"@id\":\"https:\\\/\\\/www.anovapeneira.gal\\\/#\\\/schema\\\/logo\\\/image\\\/\",\"url\":\"http:\\\/\\\/www.anovapeneira.gal\\\/wp-content\\\/uploads\\\/2019\\\/06\\\/logo_a_nova_peneira_portal_web.png\",\"contentUrl\":\"http:\\\/\\\/www.anovapeneira.gal\\\/wp-content\\\/uploads\\\/2019\\\/06\\\/logo_a_nova_peneira_portal_web.png\",\"width\":300,\"height\":100,\"caption\":\"A Nova Peneira\"},\"image\":{\"@id\":\"https:\\\/\\\/www.anovapeneira.gal\\\/#\\\/schema\\\/logo\\\/image\\\/\"},\"sameAs\":[\"https:\\\/\\\/www.facebook.com\\\/anovapeneira\",\"https:\\\/\\\/x.com\\\/APeneira\"]},{\"@type\":\"Person\",\"@id\":\"https:\\\/\\\/www.anovapeneira.gal\\\/#\\\/schema\\\/person\\\/f18a4feb302e8f20bcef4490b5b60bb3\",\"name\":\"Artigos Opini\u00f3n\",\"image\":{\"@type\":\"ImageObject\",\"inLanguage\":\"gl-ES\",\"@id\":\"https:\\\/\\\/secure.gravatar.com\\\/avatar\\\/072844300f4881150aee2da4278f7a65d16eefdf8262eb67085f1e702de2b959?s=96&d=mm&r=g\",\"url\":\"https:\\\/\\\/secure.gravatar.com\\\/avatar\\\/072844300f4881150aee2da4278f7a65d16eefdf8262eb67085f1e702de2b959?s=96&d=mm&r=g\",\"contentUrl\":\"https:\\\/\\\/secure.gravatar.com\\\/avatar\\\/072844300f4881150aee2da4278f7a65d16eefdf8262eb67085f1e702de2b959?s=96&d=mm&r=g\",\"caption\":\"Artigos Opini\u00f3n\"},\"sameAs\":[\"http:\\\/\\\/anovapeneira.gal\"],\"url\":\"https:\\\/\\\/www.anovapeneira.gal\\\/index.php\\\/author\\\/artigosopinion\\\/\"}]}<\/script>\n<!-- \/ Yoast SEO plugin. -->","yoast_head_json":{"title":"Pensarmos xuntas: espazos feministas, hoxe m\u00e1is ca nunca -","robots":{"index":"index","follow":"follow","max-snippet":"max-snippet:-1","max-image-preview":"max-image-preview:large","max-video-preview":"max-video-preview:-1"},"canonical":"https:\/\/www.anovapeneira.gal\/index.php\/2025\/10\/17\/pensarmos-xuntas-espazos-feministas-hoxe-mais-ca-nunca\/","og_locale":"gl_ES","og_type":"article","og_title":"Pensarmos xuntas: espazos feministas, hoxe m\u00e1is ca nunca -","og_description":"Desde As Silveiras queremos subli\u00f1ar a urxencia e a importancia de que existan espazos propios de encontro e debate feminista [...]","og_url":"https:\/\/www.anovapeneira.gal\/index.php\/2025\/10\/17\/pensarmos-xuntas-espazos-feministas-hoxe-mais-ca-nunca\/","article_publisher":"https:\/\/www.facebook.com\/anovapeneira","article_published_time":"2025-10-17T08:00:32+00:00","og_image":[{"width":720,"height":432,"url":"https:\/\/www.anovapeneira.gal\/wp-content\/uploads\/2025\/02\/Silveiras.jpg","type":"image\/jpeg"}],"author":"Artigos Opini\u00f3n","twitter_card":"summary_large_image","twitter_creator":"@APeneira","twitter_site":"@APeneira","twitter_misc":{"Escrito por":"Artigos Opini\u00f3n","Tempo de lectura":"3 minutos"},"schema":{"@context":"https:\/\/schema.org","@graph":[{"@type":"Article","@id":"https:\/\/www.anovapeneira.gal\/index.php\/2025\/10\/17\/pensarmos-xuntas-espazos-feministas-hoxe-mais-ca-nunca\/#article","isPartOf":{"@id":"https:\/\/www.anovapeneira.gal\/index.php\/2025\/10\/17\/pensarmos-xuntas-espazos-feministas-hoxe-mais-ca-nunca\/"},"author":{"name":"Artigos Opini\u00f3n","@id":"https:\/\/www.anovapeneira.gal\/#\/schema\/person\/f18a4feb302e8f20bcef4490b5b60bb3"},"headline":"Pensarmos xuntas: espazos feministas, hoxe m\u00e1is ca nunca","datePublished":"2025-10-17T08:00:32+00:00","mainEntityOfPage":{"@id":"https:\/\/www.anovapeneira.gal\/index.php\/2025\/10\/17\/pensarmos-xuntas-espazos-feministas-hoxe-mais-ca-nunca\/"},"wordCount":498,"commentCount":1,"publisher":{"@id":"https:\/\/www.anovapeneira.gal\/#organization"},"image":{"@id":"https:\/\/www.anovapeneira.gal\/index.php\/2025\/10\/17\/pensarmos-xuntas-espazos-feministas-hoxe-mais-ca-nunca\/#primaryimage"},"thumbnailUrl":"https:\/\/www.anovapeneira.gal\/wp-content\/uploads\/2025\/02\/Silveiras.jpg","keywords":["As silveiras"],"articleSection":["Artigos de opini\u00f3n"],"inLanguage":"gl-ES","potentialAction":[{"@type":"CommentAction","name":"Comment","target":["https:\/\/www.anovapeneira.gal\/index.php\/2025\/10\/17\/pensarmos-xuntas-espazos-feministas-hoxe-mais-ca-nunca\/#respond"]}]},{"@type":"WebPage","@id":"https:\/\/www.anovapeneira.gal\/index.php\/2025\/10\/17\/pensarmos-xuntas-espazos-feministas-hoxe-mais-ca-nunca\/","url":"https:\/\/www.anovapeneira.gal\/index.php\/2025\/10\/17\/pensarmos-xuntas-espazos-feministas-hoxe-mais-ca-nunca\/","name":"Pensarmos xuntas: espazos feministas, hoxe m\u00e1is ca nunca -","isPartOf":{"@id":"https:\/\/www.anovapeneira.gal\/#website"},"primaryImageOfPage":{"@id":"https:\/\/www.anovapeneira.gal\/index.php\/2025\/10\/17\/pensarmos-xuntas-espazos-feministas-hoxe-mais-ca-nunca\/#primaryimage"},"image":{"@id":"https:\/\/www.anovapeneira.gal\/index.php\/2025\/10\/17\/pensarmos-xuntas-espazos-feministas-hoxe-mais-ca-nunca\/#primaryimage"},"thumbnailUrl":"https:\/\/www.anovapeneira.gal\/wp-content\/uploads\/2025\/02\/Silveiras.jpg","datePublished":"2025-10-17T08:00:32+00:00","breadcrumb":{"@id":"https:\/\/www.anovapeneira.gal\/index.php\/2025\/10\/17\/pensarmos-xuntas-espazos-feministas-hoxe-mais-ca-nunca\/#breadcrumb"},"inLanguage":"gl-ES","potentialAction":[{"@type":"ReadAction","target":["https:\/\/www.anovapeneira.gal\/index.php\/2025\/10\/17\/pensarmos-xuntas-espazos-feministas-hoxe-mais-ca-nunca\/"]}]},{"@type":"ImageObject","inLanguage":"gl-ES","@id":"https:\/\/www.anovapeneira.gal\/index.php\/2025\/10\/17\/pensarmos-xuntas-espazos-feministas-hoxe-mais-ca-nunca\/#primaryimage","url":"https:\/\/www.anovapeneira.gal\/wp-content\/uploads\/2025\/02\/Silveiras.jpg","contentUrl":"https:\/\/www.anovapeneira.gal\/wp-content\/uploads\/2025\/02\/Silveiras.jpg","width":720,"height":432,"caption":"Silveiras Asociaci\u00f3n feminista"},{"@type":"BreadcrumbList","@id":"https:\/\/www.anovapeneira.gal\/index.php\/2025\/10\/17\/pensarmos-xuntas-espazos-feministas-hoxe-mais-ca-nunca\/#breadcrumb","itemListElement":[{"@type":"ListItem","position":1,"name":"Portada","item":"https:\/\/www.anovapeneira.gal\/"},{"@type":"ListItem","position":2,"name":"Pensarmos xuntas: espazos feministas, hoxe m\u00e1is ca nunca"}]},{"@type":"WebSite","@id":"https:\/\/www.anovapeneira.gal\/#website","url":"https:\/\/www.anovapeneira.gal\/","name":"","description":"Xornal galego de informaci\u00f3n xeral Publicaci\u00f3n mensual de novas de Galicia e en especial dos Concellos da sur da provincia de Pontevedra.","publisher":{"@id":"https:\/\/www.anovapeneira.gal\/#organization"},"potentialAction":[{"@type":"SearchAction","target":{"@type":"EntryPoint","urlTemplate":"https:\/\/www.anovapeneira.gal\/?s={search_term_string}"},"query-input":{"@type":"PropertyValueSpecification","valueRequired":true,"valueName":"search_term_string"}}],"inLanguage":"gl-ES"},{"@type":"Organization","@id":"https:\/\/www.anovapeneira.gal\/#organization","name":"A Nova Peneira","url":"https:\/\/www.anovapeneira.gal\/","logo":{"@type":"ImageObject","inLanguage":"gl-ES","@id":"https:\/\/www.anovapeneira.gal\/#\/schema\/logo\/image\/","url":"http:\/\/www.anovapeneira.gal\/wp-content\/uploads\/2019\/06\/logo_a_nova_peneira_portal_web.png","contentUrl":"http:\/\/www.anovapeneira.gal\/wp-content\/uploads\/2019\/06\/logo_a_nova_peneira_portal_web.png","width":300,"height":100,"caption":"A Nova Peneira"},"image":{"@id":"https:\/\/www.anovapeneira.gal\/#\/schema\/logo\/image\/"},"sameAs":["https:\/\/www.facebook.com\/anovapeneira","https:\/\/x.com\/APeneira"]},{"@type":"Person","@id":"https:\/\/www.anovapeneira.gal\/#\/schema\/person\/f18a4feb302e8f20bcef4490b5b60bb3","name":"Artigos Opini\u00f3n","image":{"@type":"ImageObject","inLanguage":"gl-ES","@id":"https:\/\/secure.gravatar.com\/avatar\/072844300f4881150aee2da4278f7a65d16eefdf8262eb67085f1e702de2b959?s=96&d=mm&r=g","url":"https:\/\/secure.gravatar.com\/avatar\/072844300f4881150aee2da4278f7a65d16eefdf8262eb67085f1e702de2b959?s=96&d=mm&r=g","contentUrl":"https:\/\/secure.gravatar.com\/avatar\/072844300f4881150aee2da4278f7a65d16eefdf8262eb67085f1e702de2b959?s=96&d=mm&r=g","caption":"Artigos Opini\u00f3n"},"sameAs":["http:\/\/anovapeneira.gal"],"url":"https:\/\/www.anovapeneira.gal\/index.php\/author\/artigosopinion\/"}]}},"jetpack_featured_media_url":"https:\/\/www.anovapeneira.gal\/wp-content\/uploads\/2025\/02\/Silveiras.jpg","_links":{"self":[{"href":"https:\/\/www.anovapeneira.gal\/index.php\/wp-json\/wp\/v2\/posts\/14801","targetHints":{"allow":["GET"]}}],"collection":[{"href":"https:\/\/www.anovapeneira.gal\/index.php\/wp-json\/wp\/v2\/posts"}],"about":[{"href":"https:\/\/www.anovapeneira.gal\/index.php\/wp-json\/wp\/v2\/types\/post"}],"author":[{"embeddable":true,"href":"https:\/\/www.anovapeneira.gal\/index.php\/wp-json\/wp\/v2\/users\/12"}],"replies":[{"embeddable":true,"href":"https:\/\/www.anovapeneira.gal\/index.php\/wp-json\/wp\/v2\/comments?post=14801"}],"version-history":[{"count":1,"href":"https:\/\/www.anovapeneira.gal\/index.php\/wp-json\/wp\/v2\/posts\/14801\/revisions"}],"predecessor-version":[{"id":14802,"href":"https:\/\/www.anovapeneira.gal\/index.php\/wp-json\/wp\/v2\/posts\/14801\/revisions\/14802"}],"wp:featuredmedia":[{"embeddable":true,"href":"https:\/\/www.anovapeneira.gal\/index.php\/wp-json\/wp\/v2\/media\/13363"}],"wp:attachment":[{"href":"https:\/\/www.anovapeneira.gal\/index.php\/wp-json\/wp\/v2\/media?parent=14801"}],"wp:term":[{"taxonomy":"category","embeddable":true,"href":"https:\/\/www.anovapeneira.gal\/index.php\/wp-json\/wp\/v2\/categories?post=14801"},{"taxonomy":"post_tag","embeddable":true,"href":"https:\/\/www.anovapeneira.gal\/index.php\/wp-json\/wp\/v2\/tags?post=14801"}],"curies":[{"name":"wp","href":"https:\/\/api.w.org\/{rel}","templated":true}]}}