{"id":14803,"date":"2025-10-17T12:00:58","date_gmt":"2025-10-17T10:00:58","guid":{"rendered":"https:\/\/www.anovapeneira.gal\/?p=14803"},"modified":"2025-10-16T09:30:22","modified_gmt":"2025-10-16T07:30:22","slug":"crecente-non-para-de-decrecer","status":"publish","type":"post","link":"https:\/\/www.anovapeneira.gal\/index.php\/2025\/10\/17\/crecente-non-para-de-decrecer\/","title":{"rendered":"Crecente non para de decrecer"},"content":{"rendered":"\n<p><strong>Despois de toda unha vida de goberno da familia da dereita, os indicadores deste Concello son enormemente preocupantes. O descenso do n\u00famero de habitantes \u00e9 estratosf\u00e9rico, dunha gravidade superlativa. No ano 1998 en Crecente estaban censadas 2.979 persoas, e no ano 2023 o n\u00famero de habitantes censados \u00e9 de 1.978. En tan s\u00f3 25 anos, un cuarto de s\u00e9culo, o 33% dos habitantes do pobo, un de cada tres, xa non vive al\u00ed. No concello de Crecente goberna unha familia desde 1979. Desde ese ano e ata o ano 2007 o alcalde foi Julio C\u00e9sar Garc\u00eda-Luengo Montero, quen cedeu o bast\u00f3n de mando ao seu fillo Julio C\u00e9sar Garc\u00eda-Luengo P\u00e9rez, alcalde desde o ano 7 ata o momento presente. Ambos alcaldes son do PP.<\/strong><\/p>\n\n\n\n<p><strong>Crecente \u00e9 un paradigma do modelo social nepotista e caciquil que ven padecendo Galicia desde a noite dos tempos. O PP non goberna pensando no ben com\u00fan das maior\u00edas sociais. O PP goberna para manter os privilexios dos privilexiados. O seu modelo social \u00e9 pernicioso e debe de ser combatido coa forza da palabra e autoridade moral da raz\u00f3n. Crecente \u00e9 o exemplo perfecto de a onde nos levan os gobernos do PP: ao abismo. N\u00f3s conversamos con Lu\u00eds L\u00f3pez, responsable local do BNG para co\u00f1ecer a valoraci\u00f3n dos nacionalistas sobre a situaci\u00f3n da pol\u00edtica local.<\/strong><\/p>\n\n\n\n<p><strong>Luis L\u00f3pez, responsable local do BNG de Crecente.<\/strong><\/p>\n\n\n\n<h2 class=\"wp-block-heading\">\u201c <strong>O despacho do alcalde \u00e9 como a consulta do m\u00e9dico. Todo o mundo que precise ama\u00f1ar un problema ten que pasar por a\u00ed\u201d<\/strong><\/h2>\n\n\n\n<p><strong>Queremos co\u00f1ecerte un pouco Luis?<\/strong><\/p>\n\n\n\n<blockquote class=\"wp-block-quote is-layout-flow wp-block-quote-is-layout-flow\">\n<p>Eu nac\u00edn en Crecente,te\u00f1o 58 anos. Estudei Telecomunicaci\u00f3ns e traballei toda a mi\u00f1a vida no sector da electricidade.<\/p>\n<\/blockquote>\n\n\n\n<p>C<strong>ando e como comezou a t\u00faa relaci\u00f3n coa pol\u00edtica?<\/strong><\/p>\n\n\n\n<blockquote class=\"wp-block-quote is-layout-flow wp-block-quote-is-layout-flow\">\n<p>Desde hai moito tempo, m\u00e1is de 30 anos. Comecei pola influencia de varios familiares que ti\u00f1an simpat\u00edas polo nacionalismo. Eu viv\u00edn e traballei moitos anos fora de Crecente,naqueles tempos a mi\u00f1a relaci\u00f3n co bloque limitouse \u00e1s simpat\u00edas. Na \u00e9poca da pandemia puiden volver ao meu pobo, e a\u00ed xa colaborei de maneira moito m\u00e1is estreita ata que hai un par de anos fun escollido responsable local.<\/p>\n<\/blockquote>\n\n\n\n<p><strong>Fuches algunha vez nunha lista electoral?<\/strong><\/p>\n\n\n\n<blockquote class=\"wp-block-quote is-layout-flow wp-block-quote-is-layout-flow\">\n<p>Si, fun de n\u00famero 5 nas \u00faltimas municipais. Na lista que encabezaba o noso compa\u00f1eiro, e actual concelleiro Benigno L\u00f3pez.<\/p>\n<\/blockquote>\n\n\n\n<p><strong>Como est\u00e1 a sa\u00fade da agrupaci\u00f3n local do BNG de Crecente?<\/strong><\/p>\n\n\n\n<blockquote class=\"wp-block-quote is-layout-flow wp-block-quote-is-layout-flow\">\n<p>Somos unha agrupaci\u00f3n pequena, Crecente \u00e9 un pobo pequeno. Pero dentro das dificultades que para unha organizaci\u00f3n como o BNG sup\u00f3n traballar nun pobo como Crecente, somos unha agrupaci\u00f3n moi digna, s\u00f3lida e solvente, que traballa con moita ilusi\u00f3n para co\u00f1ecer as necesidades reais da veci\u00f1anza, trasladalas al\u00e1 onde temos representaci\u00f3n e ofrecer alternativas \u00fatiles e realistas.<\/p>\n<\/blockquote>\n\n\n\n<p><strong>Podemos dicir que o Concello de Crecente funciona como unha monarqu\u00eda hereditaria?<\/strong><\/p>\n\n\n\n<blockquote class=\"wp-block-quote is-layout-flow wp-block-quote-is-layout-flow\">\n<p>Ben, o que podemos dicir \u00e9 que a alcald\u00eda de Crecente pasou de pai, Julio C\u00e9sar Garc\u00eda-Luengo Montero, a fillo, Julio C\u00e9sar Garc\u00eda-Luengo P\u00e9rez.<\/p>\n<\/blockquote>\n\n\n\n<p><strong>Julio C\u00e9sar Garc\u00eda-Luengo Montero foi un alcalde cacique?<\/strong><\/p>\n\n\n\n<blockquote class=\"wp-block-quote is-layout-flow wp-block-quote-is-layout-flow\">\n<p>A s\u00faa alcald\u00eda funcionaba coa presunta creaci\u00f3n de redes clientelares, o suposto carrexo de persoas maiores a votar era com\u00fan, e os problemas de censos inflados habituais. En relaci\u00f3n ao tema dos censos electorais en Crecente vivimos un fen\u00f3meno moi curioso; que consiste en que a medida que se aproximan as elecci\u00f3ns locais o censo vai aumentando, e unha vez que o proceso electoral remata o censo volve baixar.<\/p>\n<\/blockquote>\n\n\n\n<blockquote class=\"wp-block-quote is-layout-flow wp-block-quote-is-layout-flow\">\n<p>Por outra parte a participaci\u00f3n nas elecci\u00f3ns municipais no noso Concello sempre \u00e9 moito m\u00e1is alta que a do resto de procesos electorais.<\/p>\n<\/blockquote>\n\n\n\n<p><strong>A forma de administrar do fillo \u00e9 id\u00e9ntica \u00e1 do pai?<\/strong><\/p>\n\n\n\n<blockquote class=\"wp-block-quote is-layout-flow wp-block-quote-is-layout-flow\">\n<p>Os tempos cambiaron. A forma de administrar do fillo non \u00e9 tan descarada como a do pai, pero hai cuesti\u00f3ns que son moi semellantes. Nese sentido quixera salientar os problemas recorrentes cos censos electorais.<\/p>\n<\/blockquote>\n\n\n\n<p><strong>Que situaci\u00f3n aritm\u00e9tica ten a corporaci\u00f3n de Crecente?<\/strong><\/p>\n\n\n\n<blockquote class=\"wp-block-quote is-layout-flow wp-block-quote-is-layout-flow\">\n<p>O noso Concello debido ao descenso no n\u00famero de habitantes baixou o n\u00famero de concelleiros, pasou de 11 a 9. O resultado das elecci\u00f3ns do 23 foi de 7 concelleiros para o PP un para o BNG e un para o PSOE. N\u00f3s quitamos m\u00e1is votos c\u00f3 PSOE e somos segunda forza.<\/p>\n<\/blockquote>\n\n\n\n<p><strong>Hai cancha para que o nacionalismo poida crecer?<\/strong><\/p>\n\n\n\n<blockquote class=\"wp-block-quote is-layout-flow wp-block-quote-is-layout-flow\">\n<p>Si, sen d\u00fabida si que a hai.<\/p>\n<\/blockquote>\n\n\n\n<p><strong>En Crecente vive xente nova?<\/strong><\/p>\n\n\n\n<blockquote class=\"wp-block-quote is-layout-flow wp-block-quote-is-layout-flow\">\n<p>Vivindo permanentemente moi pouca.<\/p>\n<\/blockquote>\n\n\n\n<p><strong>Esa xente p\u00f3dese captar para o nacionalismo?<\/strong><\/p>\n\n\n\n<blockquote class=\"wp-block-quote is-layout-flow wp-block-quote-is-layout-flow\">\n<p>Non \u00e9 f\u00e1cil porque a maior\u00eda s\u00f3 ve\u00f1en as fins de semana. N\u00f3s estaremos encantados de recibir a calquera, novo ou vello, que vexa no BNG un instrumento \u00fatil para mellorar a vida das persoas.<\/p>\n<\/blockquote>\n\n\n\n<p><strong>Que haber\u00eda que facer para que poder crecer?<\/strong><\/p>\n\n\n\n<blockquote class=\"wp-block-quote is-layout-flow wp-block-quote-is-layout-flow\">\n<p>N\u00f3s temos constancia de persoas que simpatizan co BNG pero que te\u00f1en medo de ser identificados coa oposici\u00f3n ao goberno do PP. E ese \u00e9 un problema moi serio. Ten en conta que o propio Concello \u00e9 o 3\u00ba maior contratante de todo o noso pobo. O noso obxectivo \u00e9 traballarmos a longo prazo para irmos mudando as formas de relaci\u00f3n entre a administraci\u00f3n local e a veci\u00f1anza, de maneira que cada persoa poida defender o que queira, e posicionarse con quen queira con liberdade.<\/p>\n<\/blockquote>\n\n\n\n<p><strong>O goberno local trata de maneira diferente aos veci\u00f1os e veci\u00f1as segundo os identifique como amigos ou non amigos?<\/strong><\/p>\n\n\n\n<blockquote class=\"wp-block-quote is-layout-flow wp-block-quote-is-layout-flow\">\n<p>Aos que identifica como amigos danlle todo tipo de facilidades. Cos que identifica como non amigos, non \u00e9 que fagan nada ilegal, pero van polo libro e se poden tardar un mes en ama\u00f1arlles o problema, tardan un mes. O despacho do alcalde \u00e9 como a consulta do m\u00e9dico. Todo o mundo ten que pasar por a\u00ed cando quere que lle arranxen calquera problema.<\/p>\n<\/blockquote>\n\n\n\n<p><strong>Al\u00e9n da relaci\u00f3n entre os administrados e a administraci\u00f3n, cales son os principais problemas de Crecente?<\/strong><\/p>\n\n\n\n<blockquote class=\"wp-block-quote is-layout-flow wp-block-quote-is-layout-flow\">\n<p>O esencial \u00e9 o despoboamento. Desde os anos 90 do s\u00e9culo pasado Crecente perdeu m\u00e1is do 50% da s\u00faa poboaci\u00f3n. Este \u00e9 o tronco dos problemas, sobre o que crecen outros como por exemplo: a inexistencia de servizos suficientes, a escaseza de oportunidades laborais, a mala situaci\u00f3n da sanidade ou os graves problemas de mobilidade.<\/p>\n<\/blockquote>\n\n\n\n<p><strong>O goberno de Crecente fai algo para tratar de reverter os graves problemas estruturais que padece Crecente?<\/strong><\/p>\n\n\n\n<blockquote class=\"wp-block-quote is-layout-flow wp-block-quote-is-layout-flow\">\n<p>Non, non fai nada. Lim\u00edtase a ir xestionando o d\u00eda a d\u00eda como poden.<\/p>\n<\/blockquote>\n\n\n\n<p><strong>Sobre o asunto da mobilidade quero preguntarche pola opini\u00f3n do BNG sobre un plan de mobilidade intercomarcal dirixido a varios dos Concellos da zona, tanto de Galicia como de Portugal, e que foi elaborado por un veci\u00f1o de Crecente, Pablo Weimar. Co\u00f1ec\u00e9delo? Que valoraci\u00f3n vos merece?<\/strong><\/p>\n\n\n\n<blockquote class=\"wp-block-quote is-layout-flow wp-block-quote-is-layout-flow\">\n<p>Co\u00f1ec\u00e9molo, si. Estamos absolutamente de acordo co seu contido,e apoiar\u00e9molo en todos os sitios que poidamos apoialo.<\/p>\n<\/blockquote>\n\n\n\n<p><strong>Por que non se fixo realidade de momento?<\/strong><\/p>\n\n\n\n<blockquote class=\"wp-block-quote is-layout-flow wp-block-quote-is-layout-flow\">\n<p>Polo que eu sei houbo problemas entre as distintas administraci\u00f3ns. Insisto en que para BNG ese \u00e9 un plan moi interesante tanto para Crecente como para os concellos veci\u00f1os, e apoi\u00e1molo absolutamente.<\/p>\n<\/blockquote>\n\n\n\n<p><strong>Que posici\u00f3n ten o alcalde de Crecente ao respecto?<\/strong><\/p>\n\n\n\n<blockquote class=\"wp-block-quote is-layout-flow wp-block-quote-is-layout-flow\">\n<p>Creo que se sumou a \u00faltima hora pero sen moito entusiasmo, e f\u00edxoo cando constatou que todos os demais concellos o apoiaban. Estar\u00eda ben que se quedase el s\u00f3 atr\u00e1s cando o proxecto partiu dunha persoa de Crecente\u00a1.<\/p>\n<\/blockquote>\n\n\n\n<p><strong>Rematamos Luis; que percepci\u00f3n maioritaria observas na sociedade de Crecente sobre o voso traballo pol\u00edtico?<\/strong><\/p>\n\n\n\n<blockquote class=\"wp-block-quote is-layout-flow wp-block-quote-is-layout-flow\">\n<p>O BNG de Crecente trata de interactuar o m\u00e1ximo posible coa veci\u00f1anza. Queremos co\u00f1ecer de primeira man as s\u00faas necesidades e problemas e tratar de ofrecer alternativas realistas para solucionalos. Nese sentido o que observamos no pobo \u00e9 unha onda de simpat\u00eda cada vez maior, que estou convencido vai provocar un crecemento significativo de apoio popular.<\/p>\n<\/blockquote>\n","protected":false},"excerpt":{"rendered":"<div class=\"mh-excerpt\"><p>Despois de toda unha vida de goberno da familia da dereita, os indicadores deste Concello son enormemente preocupantes. O descenso do n\u00famero de habitantes \u00e9 estratosf\u00e9rico, dunha gravidade superlativa <a class=\"mh-excerpt-more\" href=\"https:\/\/www.anovapeneira.gal\/index.php\/2025\/10\/17\/crecente-non-para-de-decrecer\/\" title=\"Crecente non para de decrecer\">[&#8230;]<\/a><\/p>\n<\/div>","protected":false},"author":2,"featured_media":14805,"comment_status":"open","ping_status":"open","sticky":false,"template":"","format":"standard","meta":{"_exactmetrics_skip_tracking":false,"_exactmetrics_sitenote_active":false,"_exactmetrics_sitenote_note":"","_exactmetrics_sitenote_category":0,"footnotes":""},"categories":[1468],"tags":[1098],"class_list":{"0":"post-14803","1":"post","2":"type-post","3":"status-publish","4":"format-standard","5":"has-post-thumbnail","7":"category-paradanta-entrevistas","8":"tag-concello-de-crecente"},"yoast_head":"<!-- This site is optimized with the Yoast SEO plugin v27.4 - https:\/\/yoast.com\/product\/yoast-seo-wordpress\/ -->\n<title>Crecente non para de decrecer -<\/title>\n<meta name=\"robots\" content=\"index, follow, max-snippet:-1, max-image-preview:large, max-video-preview:-1\" \/>\n<link rel=\"canonical\" href=\"https:\/\/www.anovapeneira.gal\/index.php\/2025\/10\/17\/crecente-non-para-de-decrecer\/\" \/>\n<meta property=\"og:locale\" content=\"gl_ES\" \/>\n<meta property=\"og:type\" content=\"article\" \/>\n<meta property=\"og:title\" content=\"Crecente non para de decrecer -\" \/>\n<meta property=\"og:description\" content=\"Despois de toda unha vida de goberno da familia da dereita, os indicadores deste Concello son enormemente preocupantes. O descenso do n\u00famero de habitantes \u00e9 estratosf\u00e9rico, dunha gravidade superlativa [...]\" \/>\n<meta property=\"og:url\" content=\"https:\/\/www.anovapeneira.gal\/index.php\/2025\/10\/17\/crecente-non-para-de-decrecer\/\" \/>\n<meta property=\"article:publisher\" content=\"https:\/\/www.facebook.com\/anovapeneira\" \/>\n<meta property=\"article:published_time\" content=\"2025-10-17T10:00:58+00:00\" \/>\n<meta property=\"og:image\" content=\"https:\/\/www.anovapeneira.gal\/wp-content\/uploads\/2025\/10\/luis_lopez_bng.webp\" \/>\n\t<meta property=\"og:image:width\" content=\"720\" \/>\n\t<meta property=\"og:image:height\" content=\"432\" \/>\n\t<meta property=\"og:image:type\" content=\"image\/webp\" \/>\n<meta name=\"author\" content=\"Tino Lago\" \/>\n<meta name=\"twitter:card\" content=\"summary_large_image\" \/>\n<meta name=\"twitter:creator\" content=\"@APeneira\" \/>\n<meta name=\"twitter:site\" content=\"@APeneira\" \/>\n<meta name=\"twitter:label1\" content=\"Escrito por\" \/>\n\t<meta name=\"twitter:data1\" content=\"Tino Lago\" \/>\n\t<meta name=\"twitter:label2\" content=\"Tempo de lectura\" \/>\n\t<meta name=\"twitter:data2\" content=\"3 minutos\" \/>\n<script type=\"application\/ld+json\" class=\"yoast-schema-graph\">{\"@context\":\"https:\\\/\\\/schema.org\",\"@graph\":[{\"@type\":\"Article\",\"@id\":\"https:\\\/\\\/www.anovapeneira.gal\\\/index.php\\\/2025\\\/10\\\/17\\\/crecente-non-para-de-decrecer\\\/#article\",\"isPartOf\":{\"@id\":\"https:\\\/\\\/www.anovapeneira.gal\\\/index.php\\\/2025\\\/10\\\/17\\\/crecente-non-para-de-decrecer\\\/\"},\"author\":{\"name\":\"Tino Lago\",\"@id\":\"https:\\\/\\\/www.anovapeneira.gal\\\/#\\\/schema\\\/person\\\/424dfe65e3070fd8a44d22d2c088762a\"},\"headline\":\"Crecente non para de decrecer\",\"datePublished\":\"2025-10-17T10:00:58+00:00\",\"mainEntityOfPage\":{\"@id\":\"https:\\\/\\\/www.anovapeneira.gal\\\/index.php\\\/2025\\\/10\\\/17\\\/crecente-non-para-de-decrecer\\\/\"},\"wordCount\":1348,\"commentCount\":0,\"publisher\":{\"@id\":\"https:\\\/\\\/www.anovapeneira.gal\\\/#organization\"},\"image\":{\"@id\":\"https:\\\/\\\/www.anovapeneira.gal\\\/index.php\\\/2025\\\/10\\\/17\\\/crecente-non-para-de-decrecer\\\/#primaryimage\"},\"thumbnailUrl\":\"https:\\\/\\\/www.anovapeneira.gal\\\/wp-content\\\/uploads\\\/2025\\\/10\\\/luis_lopez_bng.webp\",\"keywords\":[\"Concello de Crecente\"],\"articleSection\":[\"Paradanta\"],\"inLanguage\":\"gl-ES\",\"potentialAction\":[{\"@type\":\"CommentAction\",\"name\":\"Comment\",\"target\":[\"https:\\\/\\\/www.anovapeneira.gal\\\/index.php\\\/2025\\\/10\\\/17\\\/crecente-non-para-de-decrecer\\\/#respond\"]}]},{\"@type\":\"WebPage\",\"@id\":\"https:\\\/\\\/www.anovapeneira.gal\\\/index.php\\\/2025\\\/10\\\/17\\\/crecente-non-para-de-decrecer\\\/\",\"url\":\"https:\\\/\\\/www.anovapeneira.gal\\\/index.php\\\/2025\\\/10\\\/17\\\/crecente-non-para-de-decrecer\\\/\",\"name\":\"Crecente non para de decrecer -\",\"isPartOf\":{\"@id\":\"https:\\\/\\\/www.anovapeneira.gal\\\/#website\"},\"primaryImageOfPage\":{\"@id\":\"https:\\\/\\\/www.anovapeneira.gal\\\/index.php\\\/2025\\\/10\\\/17\\\/crecente-non-para-de-decrecer\\\/#primaryimage\"},\"image\":{\"@id\":\"https:\\\/\\\/www.anovapeneira.gal\\\/index.php\\\/2025\\\/10\\\/17\\\/crecente-non-para-de-decrecer\\\/#primaryimage\"},\"thumbnailUrl\":\"https:\\\/\\\/www.anovapeneira.gal\\\/wp-content\\\/uploads\\\/2025\\\/10\\\/luis_lopez_bng.webp\",\"datePublished\":\"2025-10-17T10:00:58+00:00\",\"breadcrumb\":{\"@id\":\"https:\\\/\\\/www.anovapeneira.gal\\\/index.php\\\/2025\\\/10\\\/17\\\/crecente-non-para-de-decrecer\\\/#breadcrumb\"},\"inLanguage\":\"gl-ES\",\"potentialAction\":[{\"@type\":\"ReadAction\",\"target\":[\"https:\\\/\\\/www.anovapeneira.gal\\\/index.php\\\/2025\\\/10\\\/17\\\/crecente-non-para-de-decrecer\\\/\"]}]},{\"@type\":\"ImageObject\",\"inLanguage\":\"gl-ES\",\"@id\":\"https:\\\/\\\/www.anovapeneira.gal\\\/index.php\\\/2025\\\/10\\\/17\\\/crecente-non-para-de-decrecer\\\/#primaryimage\",\"url\":\"https:\\\/\\\/www.anovapeneira.gal\\\/wp-content\\\/uploads\\\/2025\\\/10\\\/luis_lopez_bng.webp\",\"contentUrl\":\"https:\\\/\\\/www.anovapeneira.gal\\\/wp-content\\\/uploads\\\/2025\\\/10\\\/luis_lopez_bng.webp\",\"width\":720,\"height\":432,\"caption\":\"Luis L\u00f3pez BNG Crecente\"},{\"@type\":\"BreadcrumbList\",\"@id\":\"https:\\\/\\\/www.anovapeneira.gal\\\/index.php\\\/2025\\\/10\\\/17\\\/crecente-non-para-de-decrecer\\\/#breadcrumb\",\"itemListElement\":[{\"@type\":\"ListItem\",\"position\":1,\"name\":\"Portada\",\"item\":\"https:\\\/\\\/www.anovapeneira.gal\\\/\"},{\"@type\":\"ListItem\",\"position\":2,\"name\":\"Crecente non para de decrecer\"}]},{\"@type\":\"WebSite\",\"@id\":\"https:\\\/\\\/www.anovapeneira.gal\\\/#website\",\"url\":\"https:\\\/\\\/www.anovapeneira.gal\\\/\",\"name\":\"\",\"description\":\"Xornal galego de informaci\u00f3n xeral Publicaci\u00f3n mensual de novas de Galicia e en especial dos Concellos da sur da provincia de Pontevedra.\",\"publisher\":{\"@id\":\"https:\\\/\\\/www.anovapeneira.gal\\\/#organization\"},\"potentialAction\":[{\"@type\":\"SearchAction\",\"target\":{\"@type\":\"EntryPoint\",\"urlTemplate\":\"https:\\\/\\\/www.anovapeneira.gal\\\/?s={search_term_string}\"},\"query-input\":{\"@type\":\"PropertyValueSpecification\",\"valueRequired\":true,\"valueName\":\"search_term_string\"}}],\"inLanguage\":\"gl-ES\"},{\"@type\":\"Organization\",\"@id\":\"https:\\\/\\\/www.anovapeneira.gal\\\/#organization\",\"name\":\"A Nova Peneira\",\"url\":\"https:\\\/\\\/www.anovapeneira.gal\\\/\",\"logo\":{\"@type\":\"ImageObject\",\"inLanguage\":\"gl-ES\",\"@id\":\"https:\\\/\\\/www.anovapeneira.gal\\\/#\\\/schema\\\/logo\\\/image\\\/\",\"url\":\"http:\\\/\\\/www.anovapeneira.gal\\\/wp-content\\\/uploads\\\/2019\\\/06\\\/logo_a_nova_peneira_portal_web.png\",\"contentUrl\":\"http:\\\/\\\/www.anovapeneira.gal\\\/wp-content\\\/uploads\\\/2019\\\/06\\\/logo_a_nova_peneira_portal_web.png\",\"width\":300,\"height\":100,\"caption\":\"A Nova Peneira\"},\"image\":{\"@id\":\"https:\\\/\\\/www.anovapeneira.gal\\\/#\\\/schema\\\/logo\\\/image\\\/\"},\"sameAs\":[\"https:\\\/\\\/www.facebook.com\\\/anovapeneira\",\"https:\\\/\\\/x.com\\\/APeneira\"]},{\"@type\":\"Person\",\"@id\":\"https:\\\/\\\/www.anovapeneira.gal\\\/#\\\/schema\\\/person\\\/424dfe65e3070fd8a44d22d2c088762a\",\"name\":\"Tino Lago\",\"image\":{\"@type\":\"ImageObject\",\"inLanguage\":\"gl-ES\",\"@id\":\"https:\\\/\\\/secure.gravatar.com\\\/avatar\\\/b3df6a06e44bab3111583b90f0f33a0379ee5e3d22cbadd232d39f21c30c62be?s=96&d=mm&r=g\",\"url\":\"https:\\\/\\\/secure.gravatar.com\\\/avatar\\\/b3df6a06e44bab3111583b90f0f33a0379ee5e3d22cbadd232d39f21c30c62be?s=96&d=mm&r=g\",\"contentUrl\":\"https:\\\/\\\/secure.gravatar.com\\\/avatar\\\/b3df6a06e44bab3111583b90f0f33a0379ee5e3d22cbadd232d39f21c30c62be?s=96&d=mm&r=g\",\"caption\":\"Tino Lago\"},\"sameAs\":[\"http:\\\/\\\/www.anovapeneira.gal\"],\"url\":\"https:\\\/\\\/www.anovapeneira.gal\\\/index.php\\\/author\\\/director\\\/\"}]}<\/script>\n<!-- \/ Yoast SEO plugin. -->","yoast_head_json":{"title":"Crecente non para de decrecer -","robots":{"index":"index","follow":"follow","max-snippet":"max-snippet:-1","max-image-preview":"max-image-preview:large","max-video-preview":"max-video-preview:-1"},"canonical":"https:\/\/www.anovapeneira.gal\/index.php\/2025\/10\/17\/crecente-non-para-de-decrecer\/","og_locale":"gl_ES","og_type":"article","og_title":"Crecente non para de decrecer -","og_description":"Despois de toda unha vida de goberno da familia da dereita, os indicadores deste Concello son enormemente preocupantes. O descenso do n\u00famero de habitantes \u00e9 estratosf\u00e9rico, dunha gravidade superlativa [...]","og_url":"https:\/\/www.anovapeneira.gal\/index.php\/2025\/10\/17\/crecente-non-para-de-decrecer\/","article_publisher":"https:\/\/www.facebook.com\/anovapeneira","article_published_time":"2025-10-17T10:00:58+00:00","og_image":[{"width":720,"height":432,"url":"https:\/\/www.anovapeneira.gal\/wp-content\/uploads\/2025\/10\/luis_lopez_bng.webp","type":"image\/webp"}],"author":"Tino Lago","twitter_card":"summary_large_image","twitter_creator":"@APeneira","twitter_site":"@APeneira","twitter_misc":{"Escrito por":"Tino Lago","Tempo de lectura":"3 minutos"},"schema":{"@context":"https:\/\/schema.org","@graph":[{"@type":"Article","@id":"https:\/\/www.anovapeneira.gal\/index.php\/2025\/10\/17\/crecente-non-para-de-decrecer\/#article","isPartOf":{"@id":"https:\/\/www.anovapeneira.gal\/index.php\/2025\/10\/17\/crecente-non-para-de-decrecer\/"},"author":{"name":"Tino Lago","@id":"https:\/\/www.anovapeneira.gal\/#\/schema\/person\/424dfe65e3070fd8a44d22d2c088762a"},"headline":"Crecente non para de decrecer","datePublished":"2025-10-17T10:00:58+00:00","mainEntityOfPage":{"@id":"https:\/\/www.anovapeneira.gal\/index.php\/2025\/10\/17\/crecente-non-para-de-decrecer\/"},"wordCount":1348,"commentCount":0,"publisher":{"@id":"https:\/\/www.anovapeneira.gal\/#organization"},"image":{"@id":"https:\/\/www.anovapeneira.gal\/index.php\/2025\/10\/17\/crecente-non-para-de-decrecer\/#primaryimage"},"thumbnailUrl":"https:\/\/www.anovapeneira.gal\/wp-content\/uploads\/2025\/10\/luis_lopez_bng.webp","keywords":["Concello de Crecente"],"articleSection":["Paradanta"],"inLanguage":"gl-ES","potentialAction":[{"@type":"CommentAction","name":"Comment","target":["https:\/\/www.anovapeneira.gal\/index.php\/2025\/10\/17\/crecente-non-para-de-decrecer\/#respond"]}]},{"@type":"WebPage","@id":"https:\/\/www.anovapeneira.gal\/index.php\/2025\/10\/17\/crecente-non-para-de-decrecer\/","url":"https:\/\/www.anovapeneira.gal\/index.php\/2025\/10\/17\/crecente-non-para-de-decrecer\/","name":"Crecente non para de decrecer -","isPartOf":{"@id":"https:\/\/www.anovapeneira.gal\/#website"},"primaryImageOfPage":{"@id":"https:\/\/www.anovapeneira.gal\/index.php\/2025\/10\/17\/crecente-non-para-de-decrecer\/#primaryimage"},"image":{"@id":"https:\/\/www.anovapeneira.gal\/index.php\/2025\/10\/17\/crecente-non-para-de-decrecer\/#primaryimage"},"thumbnailUrl":"https:\/\/www.anovapeneira.gal\/wp-content\/uploads\/2025\/10\/luis_lopez_bng.webp","datePublished":"2025-10-17T10:00:58+00:00","breadcrumb":{"@id":"https:\/\/www.anovapeneira.gal\/index.php\/2025\/10\/17\/crecente-non-para-de-decrecer\/#breadcrumb"},"inLanguage":"gl-ES","potentialAction":[{"@type":"ReadAction","target":["https:\/\/www.anovapeneira.gal\/index.php\/2025\/10\/17\/crecente-non-para-de-decrecer\/"]}]},{"@type":"ImageObject","inLanguage":"gl-ES","@id":"https:\/\/www.anovapeneira.gal\/index.php\/2025\/10\/17\/crecente-non-para-de-decrecer\/#primaryimage","url":"https:\/\/www.anovapeneira.gal\/wp-content\/uploads\/2025\/10\/luis_lopez_bng.webp","contentUrl":"https:\/\/www.anovapeneira.gal\/wp-content\/uploads\/2025\/10\/luis_lopez_bng.webp","width":720,"height":432,"caption":"Luis L\u00f3pez BNG Crecente"},{"@type":"BreadcrumbList","@id":"https:\/\/www.anovapeneira.gal\/index.php\/2025\/10\/17\/crecente-non-para-de-decrecer\/#breadcrumb","itemListElement":[{"@type":"ListItem","position":1,"name":"Portada","item":"https:\/\/www.anovapeneira.gal\/"},{"@type":"ListItem","position":2,"name":"Crecente non para de decrecer"}]},{"@type":"WebSite","@id":"https:\/\/www.anovapeneira.gal\/#website","url":"https:\/\/www.anovapeneira.gal\/","name":"","description":"Xornal galego de informaci\u00f3n xeral Publicaci\u00f3n mensual de novas de Galicia e en especial dos Concellos da sur da provincia de Pontevedra.","publisher":{"@id":"https:\/\/www.anovapeneira.gal\/#organization"},"potentialAction":[{"@type":"SearchAction","target":{"@type":"EntryPoint","urlTemplate":"https:\/\/www.anovapeneira.gal\/?s={search_term_string}"},"query-input":{"@type":"PropertyValueSpecification","valueRequired":true,"valueName":"search_term_string"}}],"inLanguage":"gl-ES"},{"@type":"Organization","@id":"https:\/\/www.anovapeneira.gal\/#organization","name":"A Nova Peneira","url":"https:\/\/www.anovapeneira.gal\/","logo":{"@type":"ImageObject","inLanguage":"gl-ES","@id":"https:\/\/www.anovapeneira.gal\/#\/schema\/logo\/image\/","url":"http:\/\/www.anovapeneira.gal\/wp-content\/uploads\/2019\/06\/logo_a_nova_peneira_portal_web.png","contentUrl":"http:\/\/www.anovapeneira.gal\/wp-content\/uploads\/2019\/06\/logo_a_nova_peneira_portal_web.png","width":300,"height":100,"caption":"A Nova Peneira"},"image":{"@id":"https:\/\/www.anovapeneira.gal\/#\/schema\/logo\/image\/"},"sameAs":["https:\/\/www.facebook.com\/anovapeneira","https:\/\/x.com\/APeneira"]},{"@type":"Person","@id":"https:\/\/www.anovapeneira.gal\/#\/schema\/person\/424dfe65e3070fd8a44d22d2c088762a","name":"Tino Lago","image":{"@type":"ImageObject","inLanguage":"gl-ES","@id":"https:\/\/secure.gravatar.com\/avatar\/b3df6a06e44bab3111583b90f0f33a0379ee5e3d22cbadd232d39f21c30c62be?s=96&d=mm&r=g","url":"https:\/\/secure.gravatar.com\/avatar\/b3df6a06e44bab3111583b90f0f33a0379ee5e3d22cbadd232d39f21c30c62be?s=96&d=mm&r=g","contentUrl":"https:\/\/secure.gravatar.com\/avatar\/b3df6a06e44bab3111583b90f0f33a0379ee5e3d22cbadd232d39f21c30c62be?s=96&d=mm&r=g","caption":"Tino Lago"},"sameAs":["http:\/\/www.anovapeneira.gal"],"url":"https:\/\/www.anovapeneira.gal\/index.php\/author\/director\/"}]}},"jetpack_featured_media_url":"https:\/\/www.anovapeneira.gal\/wp-content\/uploads\/2025\/10\/luis_lopez_bng.webp","_links":{"self":[{"href":"https:\/\/www.anovapeneira.gal\/index.php\/wp-json\/wp\/v2\/posts\/14803","targetHints":{"allow":["GET"]}}],"collection":[{"href":"https:\/\/www.anovapeneira.gal\/index.php\/wp-json\/wp\/v2\/posts"}],"about":[{"href":"https:\/\/www.anovapeneira.gal\/index.php\/wp-json\/wp\/v2\/types\/post"}],"author":[{"embeddable":true,"href":"https:\/\/www.anovapeneira.gal\/index.php\/wp-json\/wp\/v2\/users\/2"}],"replies":[{"embeddable":true,"href":"https:\/\/www.anovapeneira.gal\/index.php\/wp-json\/wp\/v2\/comments?post=14803"}],"version-history":[{"count":2,"href":"https:\/\/www.anovapeneira.gal\/index.php\/wp-json\/wp\/v2\/posts\/14803\/revisions"}],"predecessor-version":[{"id":14807,"href":"https:\/\/www.anovapeneira.gal\/index.php\/wp-json\/wp\/v2\/posts\/14803\/revisions\/14807"}],"wp:featuredmedia":[{"embeddable":true,"href":"https:\/\/www.anovapeneira.gal\/index.php\/wp-json\/wp\/v2\/media\/14805"}],"wp:attachment":[{"href":"https:\/\/www.anovapeneira.gal\/index.php\/wp-json\/wp\/v2\/media?parent=14803"}],"wp:term":[{"taxonomy":"category","embeddable":true,"href":"https:\/\/www.anovapeneira.gal\/index.php\/wp-json\/wp\/v2\/categories?post=14803"},{"taxonomy":"post_tag","embeddable":true,"href":"https:\/\/www.anovapeneira.gal\/index.php\/wp-json\/wp\/v2\/tags?post=14803"}],"curies":[{"name":"wp","href":"https:\/\/api.w.org\/{rel}","templated":true}]}}