{"id":14814,"date":"2025-10-20T10:00:19","date_gmt":"2025-10-20T08:00:19","guid":{"rendered":"https:\/\/www.anovapeneira.gal\/?p=14814"},"modified":"2025-10-18T11:58:04","modified_gmt":"2025-10-18T09:58:04","slug":"o-aire-ven-de-volta-cronica-da-homenaxe-a-juan-lago-collazo-en-vilaboa","status":"publish","type":"post","link":"https:\/\/www.anovapeneira.gal\/index.php\/2025\/10\/20\/o-aire-ven-de-volta-cronica-da-homenaxe-a-juan-lago-collazo-en-vilaboa\/","title":{"rendered":"O aire v\u00e9n de volta: cr\u00f3nica da homenaxe a Juan Lago Collazo en Vilaboa"},"content":{"rendered":"\n<p>O 5 de outubro, ao mediod\u00eda, o aire det\u00edvose por un intre na Canteira de Paredes, en Vilaboa. Era un aire espeso, case visible, o mesmo que queda cando a historia pesa e as palabras a\u00ednda non se atreveron a sa\u00edr. O lugar, unha vella canteira que durante d\u00e9cadas foi s\u00f3 pedra e esquecemento, converteuse por unhas horas en espazo de xustiza. A xente chegaba devagar, saud\u00e1ndose en voz baixa, reco\u00f1ecendo rostros, compartindo un silencio colectivo que ti\u00f1a algo de oraci\u00f3n civil.<\/p>\n\n\n\n<p>Juan Lago Collazo, aquel home, veci\u00f1o da Ferreira, deportado a Mauthausen, \u00eda volver respirar aire, ese mesmo aire que lle faltou nos campos nazis, o aire que se lle negou durante anos de silencio, o aire que hoxe, por fin, se devolv\u00eda coas palabras, coas canci\u00f3ns, cos aplausos. O aire como s\u00edmbolo da vida que se lle roubou a unha xeraci\u00f3n.<\/p>\n\n\n\n<p>Eran as doce en punto cando soou a primeira canci\u00f3n: \u201cQue forza \u00e9 esa\u201d.<\/p>\n\n\n\n<p>A voz da int\u00e9rprete encheu a canteira con \u201cQue forza \u00e9 esa\u201d, un himno de resistencia e orgullo. O eco chocaba contra os muros e acari\u00f1aba as p\u00f3las das \u00e1rbores e volv\u00eda, repetido, multiplicado, coma se a contorna quixese acompa\u00f1ar o ritmo. O p\u00fablico escoitaba en silencio, alg\u00fans coas mans no colo, outros cunha discreta emoci\u00f3n. Ningu\u00e9n se mov\u00eda. Naquelas notas reco\u00f1ec\u00edase unha vontade antiga de sobrevivir, unha dignidade que non caduca.<\/p>\n\n\n\n<p>Cando rematou a m\u00fasica, a presentadora, Montse Fajardo, colleu o micr\u00f3fono e abriu o acto. Falou con calma, procurando que cada palabra soase clara: \u201cQueremos dar as grazas \u00e1 familia de Juan, \u00e1s persoas que hoxe acompa\u00f1ades este acto de compromiso coas ideas que el defendeu. \u00c9 un d\u00eda importante para Vilaboa, e tam\u00e9n para a memoria colectiva do noso pa\u00eds.\u201d<\/p>\n\n\n\n<p>Fixo unha pausa e, mirando \u00e1s primeiras filas, engadiu: \u201cQueremos agradecer tam\u00e9n a presenza de Tucha, hoxe aqu\u00ed con 101 anos. Ela \u00e9 un motor de transmisi\u00f3n de memoria, unha muller que non deixou nunca de contar o que viviu. Grazas, Tucha.\u201d<\/p>\n\n\n\n<p>O aplauso foi sincero. Na primeira fila, Tucha estaba sorrinte coa forza dun manifesto, porque seguir viva \u00e9 tam\u00e9n unha forma de loitar. Ao seu car\u00f3n, alg\u00fans veci\u00f1os lembraban en voz baixa nomes doutros que xa non estaban. Cada nome era unha chispa de presenza.<\/p>\n\n\n\n<p>Luis Bar\u00e1 foi o seguinte en falar. O seu discurso abriu o primeiro silencio denso da ma\u00f1\u00e1. \u201c\u00c9 un d\u00eda importante na historia de Vilaboa e de Paredes. Estamos a saldar unha d\u00e9beda co pasado: a d\u00e9beda do silencio e do esquecemento.\u201d As s\u00faas palabras soaban a compromiso, non a protocolo. \u201cSentimos o maior dos orgullos por Juan e por tantos outros que combateron nas trincheiras de Europa contra o fascismo e pola democracia. Hoxe recordamos tam\u00e9n a outros veci\u00f1os desta comarca que loitaron e sufriron o mesmo destino. Seguiremos traballando para restaurar a memoria.\u201d<\/p>\n\n\n\n<p>Bar\u00e1 continuou: \u201cA s\u00faa foi a vida dun supervivente. Desde moi novo viu como o mundo se volv\u00eda contra el. Tras o golpe do 36, foi detido, torturado e estivo a piques de ser executado. Salvouno o mesmo cura que participara no asasinato doutros. M\u00e1is tarde, foi deportado a Mauthausen, viu morrer aos seus compa\u00f1eiros. Moitos quedaron reducidos a cinzas. Durante anos foi deshumanizado, marcado co n\u00famero 4889 e co tri\u00e1ngulo azul dos ap\u00e1tridas. Pero Juan escolleu o lado correcto da historia. Ti\u00f1a orgullo de clase. Hoxe por tanto \u00e9 un d\u00eda de reparaci\u00f3n e de xustiza.\u201d<\/p>\n\n\n\n<p>O p\u00fablico respondeu cun aplauso grave, contido, deses que pesan m\u00e1is polo que significan ca polo son. O aire pareceu volver circular por un instante.<\/p>\n\n\n\n<p><em><strong>A voz herdada<\/strong><\/em><\/p>\n\n\n\n<p>Subiu ent\u00f3n ao escenario Viviane, a filla de Juan. Cada palabra sa\u00eda con claridade e sentimento. \u201cDe pequena , recordou, escoitaba ao meu pai berrar polas noites. Eu asust\u00e1bame, e mi\u00f1a nai dic\u00edame que pap\u00e1 s\u00f3 estaba tendo pesadelos do campo.\u201d<\/p>\n\n\n\n<p>A emoci\u00f3n cruzou a canteira coma un l\u00f3strego silencioso. \u201cAnos despois fun con mi\u00f1a filla a Mauthausen, polos sesenta anos da liberaci\u00f3n. Quedamos co alma xeada, sen entender como puideron sobrevivir a aquilo. O lugar a\u00ednda cheira \u00e1 dor, \u00e1 perda, \u00e1 ausencia.\u201d<\/p>\n\n\n\n<p>A continuaci\u00f3n, os netos de Juan, Emmanuel e Val\u00e9rie, leron un texto en homenaxe ao seu av\u00f3. Houbo un silencio longo. A emoci\u00f3n era visible, pero tam\u00e9n unha serenidade fonda: a transmisi\u00f3n da memoria entre xeraci\u00f3ns fac\u00edase carne, palabra e aire.<\/p>\n\n\n\n<p>O poeta Pepe C\u00e1ccamo ergueuse ent\u00f3n. Non leu moito, pero o seu ton bastou para cambiar o ritmo do acto. \u201cJuan foi un home que estivo na resistencia. E a resistencia \u00e9 onde debemos seguir estando\u201d dixo antes de comezar co recitado. As s\u00faas palabras, cheas de gravidade e beleza, foron un lembrete de que a poes\u00eda tam\u00e9n \u00e9 unha forma de memoria activa.<\/p>\n\n\n\n<p>Tomou ent\u00f3n a palabra o alcalde de Vilaboa, que agradeceu \u00e1 familia e \u00e1s entidades organizadoras , entre elas o colectivo A Regaduxa, sempre presente nas iniciativas de memoria, por facer posible a homenaxe. \u201cVilaboa \u00e9 un concello que non esquece. Hoxe, este acto \u00e9 tam\u00e9n un acto de reparaci\u00f3n. Porque mentres haxa quen lembre, non haber\u00e1 vitoria para o esquecemento.\u201d<\/p>\n\n\n\n<p>O acto acheg\u00e1base ao seu final. Volveu soar a m\u00fasica: \u201cA norte sa\u00edu \u00e1 r\u00faa\u201d. Despois, Viviane e Pepe C\u00e1ccamo descubriron a placa en memoria de Juan Lago Collazo.<\/p>\n\n\n\n<p><em><strong>A historia detr\u00e1s do nome<\/strong><\/em><\/p>\n\n\n\n<p>A figura de Juan Lago Collazo segue a ser unha das m\u00e1is singulares do exilio galego. Participou na defensa da Rep\u00fablica e foi detido tras o golpe de Estado de 1936. Torturado, escapou por pouco da morte. Refuxiouse en Francia e incorporouse \u00e1 resistencia contra o nazismo. En 1940, foi capturado e deportado a Mauthausen, onde foi rexistrado co n\u00famero 4889 e o tri\u00e1ngulo azul dos ap\u00e1tridas. Sobreviviu a cinco anos de fame, fr\u00edo e humillaci\u00f3n. Estivo tam\u00e9n no subcampo de Ebensee, un dos m\u00e1is brutais, ata ser liberado polas tropas aliadas o 6 de maio de 1945.<\/p>\n\n\n\n<p>Logo fixo vida en Francia, traballando como mec\u00e1nico. Casou con Germaine, tivo d\u00faas fillas e mantivo o contacto coa comunidade galega do exilio. Non regresou a vivir a Galicia, pero nunca deixou de falar dela. Dic\u00eda que o seu so\u00f1o era volver respirar o aire da s\u00faa terra.<\/p>\n\n\n\n<p><em><strong>O aire que queda<\/strong><\/em><\/p>\n\n\n\n<p>Cando rematou o acto, a xente non marchou axi\u00f1a. Ficaron moitos diante da placa, falando en voz baixa; outros simplemente quedaron quietos, respirando. Era un aire distinto ao do principio. Non hab\u00eda peso, nin silencio opresivo, nin aquel fr\u00edo que \u00e1s veces acompa\u00f1a as homenaxes. Era un aire limpo, devolto, o mesmo que se respira despois dunha verdade dita en voz alta.<\/p>\n\n\n\n<p>O nome de Juan Lago Collazo volver\u00e1 ser pronunciado, escrito, cantado. E cada vez que algu\u00e9n o faga, un pouco dese aire volver\u00e1 circular. Cando a xente marchaba, o vento baixaba do monte cara a r\u00eda. E mentres o sol ficaba al\u00e1 no alto, o aire, o mesmo que abriu o d\u00eda, o mesmo que faltou en Mauthausen, segu\u00eda a moverse libre, como unha forma de vida.<\/p>\n","protected":false},"excerpt":{"rendered":"<div class=\"mh-excerpt\"><p>O 5 de outubro, ao mediod\u00eda, o aire det\u00edvose por un intre na Canteira de Paredes, en Vilaboa. Era un aire espeso, case visible, o mesmo que queda cando a historia pesa e as palabras a\u00ednda non se atreveron a sa\u00edr <a class=\"mh-excerpt-more\" href=\"https:\/\/www.anovapeneira.gal\/index.php\/2025\/10\/20\/o-aire-ven-de-volta-cronica-da-homenaxe-a-juan-lago-collazo-en-vilaboa\/\" title=\"O aire v\u00e9n de volta: cr\u00f3nica da homenaxe a Juan Lago Collazo en Vilaboa\">[&#8230;]<\/a><\/p>\n<\/div>","protected":false},"author":23,"featured_media":14815,"comment_status":"open","ping_status":"open","sticky":false,"template":"","format":"standard","meta":{"_exactmetrics_skip_tracking":false,"_exactmetrics_sitenote_active":false,"_exactmetrics_sitenote_note":"","_exactmetrics_sitenote_category":0,"footnotes":""},"categories":[268],"tags":[695],"class_list":{"0":"post-14814","1":"post","2":"type-post","3":"status-publish","4":"format-standard","5":"has-post-thumbnail","7":"category-morrazo-entrevistas","8":"tag-concello-de-vilaboa"},"yoast_head":"<!-- This site is optimized with the Yoast SEO plugin v27.4 - https:\/\/yoast.com\/product\/yoast-seo-wordpress\/ -->\n<title>O aire v\u00e9n de volta: cr\u00f3nica da homenaxe a Juan Lago Collazo en Vilaboa -<\/title>\n<meta name=\"robots\" content=\"index, follow, max-snippet:-1, max-image-preview:large, max-video-preview:-1\" \/>\n<link rel=\"canonical\" href=\"https:\/\/www.anovapeneira.gal\/index.php\/2025\/10\/20\/o-aire-ven-de-volta-cronica-da-homenaxe-a-juan-lago-collazo-en-vilaboa\/\" \/>\n<meta property=\"og:locale\" content=\"gl_ES\" \/>\n<meta property=\"og:type\" content=\"article\" \/>\n<meta property=\"og:title\" content=\"O aire v\u00e9n de volta: cr\u00f3nica da homenaxe a Juan Lago Collazo en Vilaboa -\" \/>\n<meta property=\"og:description\" content=\"O 5 de outubro, ao mediod\u00eda, o aire det\u00edvose por un intre na Canteira de Paredes, en Vilaboa. Era un aire espeso, case visible, o mesmo que queda cando a historia pesa e as palabras a\u00ednda non se atreveron a sa\u00edr [...]\" \/>\n<meta property=\"og:url\" content=\"https:\/\/www.anovapeneira.gal\/index.php\/2025\/10\/20\/o-aire-ven-de-volta-cronica-da-homenaxe-a-juan-lago-collazo-en-vilaboa\/\" \/>\n<meta property=\"article:publisher\" content=\"https:\/\/www.facebook.com\/anovapeneira\" \/>\n<meta property=\"article:published_time\" content=\"2025-10-20T08:00:19+00:00\" \/>\n<meta property=\"og:image\" content=\"https:\/\/www.anovapeneira.gal\/wp-content\/uploads\/2025\/10\/Vilaboa-2-copia.jpg\" \/>\n\t<meta property=\"og:image:width\" content=\"720\" \/>\n\t<meta property=\"og:image:height\" content=\"432\" \/>\n\t<meta property=\"og:image:type\" content=\"image\/jpeg\" \/>\n<meta name=\"author\" content=\"Aar\u00f3n Franco\" \/>\n<meta name=\"twitter:card\" content=\"summary_large_image\" \/>\n<meta name=\"twitter:creator\" content=\"@APeneira\" \/>\n<meta name=\"twitter:site\" content=\"@APeneira\" \/>\n<meta name=\"twitter:label1\" content=\"Escrito por\" \/>\n\t<meta name=\"twitter:data1\" content=\"Aar\u00f3n Franco\" \/>\n\t<meta name=\"twitter:label2\" content=\"Tempo de lectura\" \/>\n\t<meta name=\"twitter:data2\" content=\"7 minutos\" \/>\n<script type=\"application\/ld+json\" class=\"yoast-schema-graph\">{\"@context\":\"https:\\\/\\\/schema.org\",\"@graph\":[{\"@type\":\"Article\",\"@id\":\"https:\\\/\\\/www.anovapeneira.gal\\\/index.php\\\/2025\\\/10\\\/20\\\/o-aire-ven-de-volta-cronica-da-homenaxe-a-juan-lago-collazo-en-vilaboa\\\/#article\",\"isPartOf\":{\"@id\":\"https:\\\/\\\/www.anovapeneira.gal\\\/index.php\\\/2025\\\/10\\\/20\\\/o-aire-ven-de-volta-cronica-da-homenaxe-a-juan-lago-collazo-en-vilaboa\\\/\"},\"author\":{\"name\":\"Aar\u00f3n Franco\",\"@id\":\"https:\\\/\\\/www.anovapeneira.gal\\\/#\\\/schema\\\/person\\\/a907e49c1885c12d6f281770afd68766\"},\"headline\":\"O aire v\u00e9n de volta: cr\u00f3nica da homenaxe a Juan Lago Collazo en Vilaboa\",\"datePublished\":\"2025-10-20T08:00:19+00:00\",\"mainEntityOfPage\":{\"@id\":\"https:\\\/\\\/www.anovapeneira.gal\\\/index.php\\\/2025\\\/10\\\/20\\\/o-aire-ven-de-volta-cronica-da-homenaxe-a-juan-lago-collazo-en-vilaboa\\\/\"},\"wordCount\":1257,\"commentCount\":0,\"publisher\":{\"@id\":\"https:\\\/\\\/www.anovapeneira.gal\\\/#organization\"},\"image\":{\"@id\":\"https:\\\/\\\/www.anovapeneira.gal\\\/index.php\\\/2025\\\/10\\\/20\\\/o-aire-ven-de-volta-cronica-da-homenaxe-a-juan-lago-collazo-en-vilaboa\\\/#primaryimage\"},\"thumbnailUrl\":\"https:\\\/\\\/www.anovapeneira.gal\\\/wp-content\\\/uploads\\\/2025\\\/10\\\/Vilaboa-2-copia.jpg\",\"keywords\":[\"Concello de Vilaboa\"],\"articleSection\":[\"Morrazo\"],\"inLanguage\":\"gl-ES\",\"potentialAction\":[{\"@type\":\"CommentAction\",\"name\":\"Comment\",\"target\":[\"https:\\\/\\\/www.anovapeneira.gal\\\/index.php\\\/2025\\\/10\\\/20\\\/o-aire-ven-de-volta-cronica-da-homenaxe-a-juan-lago-collazo-en-vilaboa\\\/#respond\"]}]},{\"@type\":\"WebPage\",\"@id\":\"https:\\\/\\\/www.anovapeneira.gal\\\/index.php\\\/2025\\\/10\\\/20\\\/o-aire-ven-de-volta-cronica-da-homenaxe-a-juan-lago-collazo-en-vilaboa\\\/\",\"url\":\"https:\\\/\\\/www.anovapeneira.gal\\\/index.php\\\/2025\\\/10\\\/20\\\/o-aire-ven-de-volta-cronica-da-homenaxe-a-juan-lago-collazo-en-vilaboa\\\/\",\"name\":\"O aire v\u00e9n de volta: cr\u00f3nica da homenaxe a Juan Lago Collazo en Vilaboa -\",\"isPartOf\":{\"@id\":\"https:\\\/\\\/www.anovapeneira.gal\\\/#website\"},\"primaryImageOfPage\":{\"@id\":\"https:\\\/\\\/www.anovapeneira.gal\\\/index.php\\\/2025\\\/10\\\/20\\\/o-aire-ven-de-volta-cronica-da-homenaxe-a-juan-lago-collazo-en-vilaboa\\\/#primaryimage\"},\"image\":{\"@id\":\"https:\\\/\\\/www.anovapeneira.gal\\\/index.php\\\/2025\\\/10\\\/20\\\/o-aire-ven-de-volta-cronica-da-homenaxe-a-juan-lago-collazo-en-vilaboa\\\/#primaryimage\"},\"thumbnailUrl\":\"https:\\\/\\\/www.anovapeneira.gal\\\/wp-content\\\/uploads\\\/2025\\\/10\\\/Vilaboa-2-copia.jpg\",\"datePublished\":\"2025-10-20T08:00:19+00:00\",\"breadcrumb\":{\"@id\":\"https:\\\/\\\/www.anovapeneira.gal\\\/index.php\\\/2025\\\/10\\\/20\\\/o-aire-ven-de-volta-cronica-da-homenaxe-a-juan-lago-collazo-en-vilaboa\\\/#breadcrumb\"},\"inLanguage\":\"gl-ES\",\"potentialAction\":[{\"@type\":\"ReadAction\",\"target\":[\"https:\\\/\\\/www.anovapeneira.gal\\\/index.php\\\/2025\\\/10\\\/20\\\/o-aire-ven-de-volta-cronica-da-homenaxe-a-juan-lago-collazo-en-vilaboa\\\/\"]}]},{\"@type\":\"ImageObject\",\"inLanguage\":\"gl-ES\",\"@id\":\"https:\\\/\\\/www.anovapeneira.gal\\\/index.php\\\/2025\\\/10\\\/20\\\/o-aire-ven-de-volta-cronica-da-homenaxe-a-juan-lago-collazo-en-vilaboa\\\/#primaryimage\",\"url\":\"https:\\\/\\\/www.anovapeneira.gal\\\/wp-content\\\/uploads\\\/2025\\\/10\\\/Vilaboa-2-copia.jpg\",\"contentUrl\":\"https:\\\/\\\/www.anovapeneira.gal\\\/wp-content\\\/uploads\\\/2025\\\/10\\\/Vilaboa-2-copia.jpg\",\"width\":720,\"height\":432},{\"@type\":\"BreadcrumbList\",\"@id\":\"https:\\\/\\\/www.anovapeneira.gal\\\/index.php\\\/2025\\\/10\\\/20\\\/o-aire-ven-de-volta-cronica-da-homenaxe-a-juan-lago-collazo-en-vilaboa\\\/#breadcrumb\",\"itemListElement\":[{\"@type\":\"ListItem\",\"position\":1,\"name\":\"Portada\",\"item\":\"https:\\\/\\\/www.anovapeneira.gal\\\/\"},{\"@type\":\"ListItem\",\"position\":2,\"name\":\"O aire v\u00e9n de volta: cr\u00f3nica da homenaxe a Juan Lago Collazo en Vilaboa\"}]},{\"@type\":\"WebSite\",\"@id\":\"https:\\\/\\\/www.anovapeneira.gal\\\/#website\",\"url\":\"https:\\\/\\\/www.anovapeneira.gal\\\/\",\"name\":\"\",\"description\":\"Xornal galego de informaci\u00f3n xeral Publicaci\u00f3n mensual de novas de Galicia e en especial dos Concellos da sur da provincia de Pontevedra.\",\"publisher\":{\"@id\":\"https:\\\/\\\/www.anovapeneira.gal\\\/#organization\"},\"potentialAction\":[{\"@type\":\"SearchAction\",\"target\":{\"@type\":\"EntryPoint\",\"urlTemplate\":\"https:\\\/\\\/www.anovapeneira.gal\\\/?s={search_term_string}\"},\"query-input\":{\"@type\":\"PropertyValueSpecification\",\"valueRequired\":true,\"valueName\":\"search_term_string\"}}],\"inLanguage\":\"gl-ES\"},{\"@type\":\"Organization\",\"@id\":\"https:\\\/\\\/www.anovapeneira.gal\\\/#organization\",\"name\":\"A Nova Peneira\",\"url\":\"https:\\\/\\\/www.anovapeneira.gal\\\/\",\"logo\":{\"@type\":\"ImageObject\",\"inLanguage\":\"gl-ES\",\"@id\":\"https:\\\/\\\/www.anovapeneira.gal\\\/#\\\/schema\\\/logo\\\/image\\\/\",\"url\":\"http:\\\/\\\/www.anovapeneira.gal\\\/wp-content\\\/uploads\\\/2019\\\/06\\\/logo_a_nova_peneira_portal_web.png\",\"contentUrl\":\"http:\\\/\\\/www.anovapeneira.gal\\\/wp-content\\\/uploads\\\/2019\\\/06\\\/logo_a_nova_peneira_portal_web.png\",\"width\":300,\"height\":100,\"caption\":\"A Nova Peneira\"},\"image\":{\"@id\":\"https:\\\/\\\/www.anovapeneira.gal\\\/#\\\/schema\\\/logo\\\/image\\\/\"},\"sameAs\":[\"https:\\\/\\\/www.facebook.com\\\/anovapeneira\",\"https:\\\/\\\/x.com\\\/APeneira\"]},{\"@type\":\"Person\",\"@id\":\"https:\\\/\\\/www.anovapeneira.gal\\\/#\\\/schema\\\/person\\\/a907e49c1885c12d6f281770afd68766\",\"name\":\"Aar\u00f3n Franco\",\"image\":{\"@type\":\"ImageObject\",\"inLanguage\":\"gl-ES\",\"@id\":\"https:\\\/\\\/secure.gravatar.com\\\/avatar\\\/82f0614fe09ae3f066983f8d670d0ff15a0917fefe52b93ffa425275b87d6102?s=96&d=mm&r=g\",\"url\":\"https:\\\/\\\/secure.gravatar.com\\\/avatar\\\/82f0614fe09ae3f066983f8d670d0ff15a0917fefe52b93ffa425275b87d6102?s=96&d=mm&r=g\",\"contentUrl\":\"https:\\\/\\\/secure.gravatar.com\\\/avatar\\\/82f0614fe09ae3f066983f8d670d0ff15a0917fefe52b93ffa425275b87d6102?s=96&d=mm&r=g\",\"caption\":\"Aar\u00f3n Franco\"},\"sameAs\":[\"http:\\\/\\\/www.anovapeneira.gal\\\/\"],\"url\":\"https:\\\/\\\/www.anovapeneira.gal\\\/index.php\\\/author\\\/aaron-franco\\\/\"}]}<\/script>\n<!-- \/ Yoast SEO plugin. -->","yoast_head_json":{"title":"O aire v\u00e9n de volta: cr\u00f3nica da homenaxe a Juan Lago Collazo en Vilaboa -","robots":{"index":"index","follow":"follow","max-snippet":"max-snippet:-1","max-image-preview":"max-image-preview:large","max-video-preview":"max-video-preview:-1"},"canonical":"https:\/\/www.anovapeneira.gal\/index.php\/2025\/10\/20\/o-aire-ven-de-volta-cronica-da-homenaxe-a-juan-lago-collazo-en-vilaboa\/","og_locale":"gl_ES","og_type":"article","og_title":"O aire v\u00e9n de volta: cr\u00f3nica da homenaxe a Juan Lago Collazo en Vilaboa -","og_description":"O 5 de outubro, ao mediod\u00eda, o aire det\u00edvose por un intre na Canteira de Paredes, en Vilaboa. Era un aire espeso, case visible, o mesmo que queda cando a historia pesa e as palabras a\u00ednda non se atreveron a sa\u00edr [...]","og_url":"https:\/\/www.anovapeneira.gal\/index.php\/2025\/10\/20\/o-aire-ven-de-volta-cronica-da-homenaxe-a-juan-lago-collazo-en-vilaboa\/","article_publisher":"https:\/\/www.facebook.com\/anovapeneira","article_published_time":"2025-10-20T08:00:19+00:00","og_image":[{"width":720,"height":432,"url":"https:\/\/www.anovapeneira.gal\/wp-content\/uploads\/2025\/10\/Vilaboa-2-copia.jpg","type":"image\/jpeg"}],"author":"Aar\u00f3n Franco","twitter_card":"summary_large_image","twitter_creator":"@APeneira","twitter_site":"@APeneira","twitter_misc":{"Escrito por":"Aar\u00f3n Franco","Tempo de lectura":"7 minutos"},"schema":{"@context":"https:\/\/schema.org","@graph":[{"@type":"Article","@id":"https:\/\/www.anovapeneira.gal\/index.php\/2025\/10\/20\/o-aire-ven-de-volta-cronica-da-homenaxe-a-juan-lago-collazo-en-vilaboa\/#article","isPartOf":{"@id":"https:\/\/www.anovapeneira.gal\/index.php\/2025\/10\/20\/o-aire-ven-de-volta-cronica-da-homenaxe-a-juan-lago-collazo-en-vilaboa\/"},"author":{"name":"Aar\u00f3n Franco","@id":"https:\/\/www.anovapeneira.gal\/#\/schema\/person\/a907e49c1885c12d6f281770afd68766"},"headline":"O aire v\u00e9n de volta: cr\u00f3nica da homenaxe a Juan Lago Collazo en Vilaboa","datePublished":"2025-10-20T08:00:19+00:00","mainEntityOfPage":{"@id":"https:\/\/www.anovapeneira.gal\/index.php\/2025\/10\/20\/o-aire-ven-de-volta-cronica-da-homenaxe-a-juan-lago-collazo-en-vilaboa\/"},"wordCount":1257,"commentCount":0,"publisher":{"@id":"https:\/\/www.anovapeneira.gal\/#organization"},"image":{"@id":"https:\/\/www.anovapeneira.gal\/index.php\/2025\/10\/20\/o-aire-ven-de-volta-cronica-da-homenaxe-a-juan-lago-collazo-en-vilaboa\/#primaryimage"},"thumbnailUrl":"https:\/\/www.anovapeneira.gal\/wp-content\/uploads\/2025\/10\/Vilaboa-2-copia.jpg","keywords":["Concello de Vilaboa"],"articleSection":["Morrazo"],"inLanguage":"gl-ES","potentialAction":[{"@type":"CommentAction","name":"Comment","target":["https:\/\/www.anovapeneira.gal\/index.php\/2025\/10\/20\/o-aire-ven-de-volta-cronica-da-homenaxe-a-juan-lago-collazo-en-vilaboa\/#respond"]}]},{"@type":"WebPage","@id":"https:\/\/www.anovapeneira.gal\/index.php\/2025\/10\/20\/o-aire-ven-de-volta-cronica-da-homenaxe-a-juan-lago-collazo-en-vilaboa\/","url":"https:\/\/www.anovapeneira.gal\/index.php\/2025\/10\/20\/o-aire-ven-de-volta-cronica-da-homenaxe-a-juan-lago-collazo-en-vilaboa\/","name":"O aire v\u00e9n de volta: cr\u00f3nica da homenaxe a Juan Lago Collazo en Vilaboa -","isPartOf":{"@id":"https:\/\/www.anovapeneira.gal\/#website"},"primaryImageOfPage":{"@id":"https:\/\/www.anovapeneira.gal\/index.php\/2025\/10\/20\/o-aire-ven-de-volta-cronica-da-homenaxe-a-juan-lago-collazo-en-vilaboa\/#primaryimage"},"image":{"@id":"https:\/\/www.anovapeneira.gal\/index.php\/2025\/10\/20\/o-aire-ven-de-volta-cronica-da-homenaxe-a-juan-lago-collazo-en-vilaboa\/#primaryimage"},"thumbnailUrl":"https:\/\/www.anovapeneira.gal\/wp-content\/uploads\/2025\/10\/Vilaboa-2-copia.jpg","datePublished":"2025-10-20T08:00:19+00:00","breadcrumb":{"@id":"https:\/\/www.anovapeneira.gal\/index.php\/2025\/10\/20\/o-aire-ven-de-volta-cronica-da-homenaxe-a-juan-lago-collazo-en-vilaboa\/#breadcrumb"},"inLanguage":"gl-ES","potentialAction":[{"@type":"ReadAction","target":["https:\/\/www.anovapeneira.gal\/index.php\/2025\/10\/20\/o-aire-ven-de-volta-cronica-da-homenaxe-a-juan-lago-collazo-en-vilaboa\/"]}]},{"@type":"ImageObject","inLanguage":"gl-ES","@id":"https:\/\/www.anovapeneira.gal\/index.php\/2025\/10\/20\/o-aire-ven-de-volta-cronica-da-homenaxe-a-juan-lago-collazo-en-vilaboa\/#primaryimage","url":"https:\/\/www.anovapeneira.gal\/wp-content\/uploads\/2025\/10\/Vilaboa-2-copia.jpg","contentUrl":"https:\/\/www.anovapeneira.gal\/wp-content\/uploads\/2025\/10\/Vilaboa-2-copia.jpg","width":720,"height":432},{"@type":"BreadcrumbList","@id":"https:\/\/www.anovapeneira.gal\/index.php\/2025\/10\/20\/o-aire-ven-de-volta-cronica-da-homenaxe-a-juan-lago-collazo-en-vilaboa\/#breadcrumb","itemListElement":[{"@type":"ListItem","position":1,"name":"Portada","item":"https:\/\/www.anovapeneira.gal\/"},{"@type":"ListItem","position":2,"name":"O aire v\u00e9n de volta: cr\u00f3nica da homenaxe a Juan Lago Collazo en Vilaboa"}]},{"@type":"WebSite","@id":"https:\/\/www.anovapeneira.gal\/#website","url":"https:\/\/www.anovapeneira.gal\/","name":"","description":"Xornal galego de informaci\u00f3n xeral Publicaci\u00f3n mensual de novas de Galicia e en especial dos Concellos da sur da provincia de Pontevedra.","publisher":{"@id":"https:\/\/www.anovapeneira.gal\/#organization"},"potentialAction":[{"@type":"SearchAction","target":{"@type":"EntryPoint","urlTemplate":"https:\/\/www.anovapeneira.gal\/?s={search_term_string}"},"query-input":{"@type":"PropertyValueSpecification","valueRequired":true,"valueName":"search_term_string"}}],"inLanguage":"gl-ES"},{"@type":"Organization","@id":"https:\/\/www.anovapeneira.gal\/#organization","name":"A Nova Peneira","url":"https:\/\/www.anovapeneira.gal\/","logo":{"@type":"ImageObject","inLanguage":"gl-ES","@id":"https:\/\/www.anovapeneira.gal\/#\/schema\/logo\/image\/","url":"http:\/\/www.anovapeneira.gal\/wp-content\/uploads\/2019\/06\/logo_a_nova_peneira_portal_web.png","contentUrl":"http:\/\/www.anovapeneira.gal\/wp-content\/uploads\/2019\/06\/logo_a_nova_peneira_portal_web.png","width":300,"height":100,"caption":"A Nova Peneira"},"image":{"@id":"https:\/\/www.anovapeneira.gal\/#\/schema\/logo\/image\/"},"sameAs":["https:\/\/www.facebook.com\/anovapeneira","https:\/\/x.com\/APeneira"]},{"@type":"Person","@id":"https:\/\/www.anovapeneira.gal\/#\/schema\/person\/a907e49c1885c12d6f281770afd68766","name":"Aar\u00f3n Franco","image":{"@type":"ImageObject","inLanguage":"gl-ES","@id":"https:\/\/secure.gravatar.com\/avatar\/82f0614fe09ae3f066983f8d670d0ff15a0917fefe52b93ffa425275b87d6102?s=96&d=mm&r=g","url":"https:\/\/secure.gravatar.com\/avatar\/82f0614fe09ae3f066983f8d670d0ff15a0917fefe52b93ffa425275b87d6102?s=96&d=mm&r=g","contentUrl":"https:\/\/secure.gravatar.com\/avatar\/82f0614fe09ae3f066983f8d670d0ff15a0917fefe52b93ffa425275b87d6102?s=96&d=mm&r=g","caption":"Aar\u00f3n Franco"},"sameAs":["http:\/\/www.anovapeneira.gal\/"],"url":"https:\/\/www.anovapeneira.gal\/index.php\/author\/aaron-franco\/"}]}},"jetpack_featured_media_url":"https:\/\/www.anovapeneira.gal\/wp-content\/uploads\/2025\/10\/Vilaboa-2-copia.jpg","_links":{"self":[{"href":"https:\/\/www.anovapeneira.gal\/index.php\/wp-json\/wp\/v2\/posts\/14814","targetHints":{"allow":["GET"]}}],"collection":[{"href":"https:\/\/www.anovapeneira.gal\/index.php\/wp-json\/wp\/v2\/posts"}],"about":[{"href":"https:\/\/www.anovapeneira.gal\/index.php\/wp-json\/wp\/v2\/types\/post"}],"author":[{"embeddable":true,"href":"https:\/\/www.anovapeneira.gal\/index.php\/wp-json\/wp\/v2\/users\/23"}],"replies":[{"embeddable":true,"href":"https:\/\/www.anovapeneira.gal\/index.php\/wp-json\/wp\/v2\/comments?post=14814"}],"version-history":[{"count":1,"href":"https:\/\/www.anovapeneira.gal\/index.php\/wp-json\/wp\/v2\/posts\/14814\/revisions"}],"predecessor-version":[{"id":14816,"href":"https:\/\/www.anovapeneira.gal\/index.php\/wp-json\/wp\/v2\/posts\/14814\/revisions\/14816"}],"wp:featuredmedia":[{"embeddable":true,"href":"https:\/\/www.anovapeneira.gal\/index.php\/wp-json\/wp\/v2\/media\/14815"}],"wp:attachment":[{"href":"https:\/\/www.anovapeneira.gal\/index.php\/wp-json\/wp\/v2\/media?parent=14814"}],"wp:term":[{"taxonomy":"category","embeddable":true,"href":"https:\/\/www.anovapeneira.gal\/index.php\/wp-json\/wp\/v2\/categories?post=14814"},{"taxonomy":"post_tag","embeddable":true,"href":"https:\/\/www.anovapeneira.gal\/index.php\/wp-json\/wp\/v2\/tags?post=14814"}],"curies":[{"name":"wp","href":"https:\/\/api.w.org\/{rel}","templated":true}]}}