{"id":14817,"date":"2025-10-20T10:00:52","date_gmt":"2025-10-20T08:00:52","guid":{"rendered":"https:\/\/www.anovapeneira.gal\/?p=14817"},"modified":"2025-10-18T12:11:03","modified_gmt":"2025-10-18T10:11:03","slug":"xabier-gomez-o-phileas-fogg-do-condado","status":"publish","type":"post","link":"https:\/\/www.anovapeneira.gal\/index.php\/2025\/10\/20\/xabier-gomez-o-phileas-fogg-do-condado\/","title":{"rendered":"Xabier G\u00f3mez, O Phileas Fogg do Condado"},"content":{"rendered":"\n<p><strong>Xabier \u00e9 un profesor de linguas cl\u00e1sicas natural de Mondariz, veci\u00f1o de Ponteareas, e que exerce a docencia en Salvaterra. El, como o protagonista da novela de Xulio Verne que d\u00e1 t\u00edtulo a este traballo, \u00e9 un home con fame de aventura e sede de co\u00f1ecemento. Se cadra, a s\u00faa formaci\u00f3n en cultura cl\u00e1sica unida \u00e1 s\u00faa natureza curiosa son os catalizadores do seu af\u00e1n por enriquecerse como ser humano, co\u00f1ecendo in situ as culturas de outros pobos do mundo. E ollo, tampouco podemos esquecernos de certos matices rom\u00e1nticos que lle levan a procurar a aventura, non como Ulises volvendo a \u00cdtaca, pero case, pois fai as s\u00faas inmensas viaxes nunha moto vespa. O ano pasado fixo a ruta do Mare Nostrum, que explicou profusamente en ANP, e desta volta mergullouse polas rexi\u00f3ns cauc\u00e1sicas. Para min foi un pracer conversar de novo cun home culto e sensible como Xabier, quen se mostrou moi agradecido a Calis, o ex alcalde de Mondariz por terlle facilitado a bandeira galega co logo do concello que aparece na imaxe que ilustra esta reportaxe. Vela\u00ed vai o que deu de si a nosa conversa.<\/strong><\/p>\n\n\n\n<h2 class=\"wp-block-heading\">\u201c <strong>Viaxar ensancha a alma e alimenta o esp\u00edrito\u201d<\/strong><\/h2>\n\n\n\n<p><strong>Estamos en Ponteareas no bar Rep\u00fablica, un lugar moi apropiado para que nos contes as Rep\u00fablicas que visitaches desta volta. C\u00f3ntame como foi esta \u00faltima viaxe.<\/strong><\/p>\n\n\n\n<blockquote class=\"wp-block-quote is-layout-flow wp-block-quote-is-layout-flow\">\n<p>Este ver\u00e1n quixen achegarme a Azerbaij\u00e1n e facer a Ruta Cauc\u00e1sica do Mar Caspio. A viaxe foi preciosa, lamentablemente s\u00f3 puiden estar en Xeorxia e en Armenia, pois non me permitiron entrar en Azerbaij\u00e1n.<\/p>\n<\/blockquote>\n\n\n\n<p><strong>Esta \u00e9 a segunda viaxe longa que fas en Vespa. Na primeira, o ano 2024, fixeches a ruta do Mare Nostrum por Italia Grecia, Turqu\u00eda&#8230; e volviches polos Balc\u00e1ns. Cantos quil\u00f3metros fixeches naquela primeira viaxe en Vespa?<\/strong><\/p>\n\n\n\n<blockquote class=\"wp-block-quote is-layout-flow wp-block-quote-is-layout-flow\">\n<p>Sobre 13.200 km.<\/p>\n<\/blockquote>\n\n\n\n<p><strong>E desta segunda vez fixeches a Ruta Cauc\u00e1sica. Que d\u00eda sa\u00edches?<\/strong><\/p>\n\n\n\n<blockquote class=\"wp-block-quote is-layout-flow wp-block-quote-is-layout-flow\">\n<p>O 8 de xullo desde Ponteareas.<\/p>\n<\/blockquote>\n\n\n\n<p><strong>Cando regresaches?<\/strong><\/p>\n\n\n\n<blockquote class=\"wp-block-quote is-layout-flow wp-block-quote-is-layout-flow\">\n<p>O 15 de agosto.<\/p>\n<\/blockquote>\n\n\n\n<p><strong>Que cantidade de quil\u00f3metros fixeches nestes 37 d\u00edas?<\/strong><\/p>\n\n\n\n<blockquote class=\"wp-block-quote is-layout-flow wp-block-quote-is-layout-flow\">\n<p>Desta volta fixen 10.800, alg\u00fans menos quil\u00f3metros dos previstos porque non puiden chegar a Azerbaij\u00e1n. Non me deixaron pasar a fronteira nin en Xeorxia nin en Armenia.<\/p>\n<\/blockquote>\n\n\n\n<p><strong>Armenia e Azerbaij\u00e1n seguen estando en guerra, verdade?<\/strong><\/p>\n\n\n\n<blockquote class=\"wp-block-quote is-layout-flow wp-block-quote-is-layout-flow\">\n<p>Ben, digamos que segue habendo conflito. Est\u00e1 Trump mediando entre os dous Estados para chegar a un acordo. Falei disto cun rapar armenio, e a verdade eles non te\u00f1en moita fe neste posible acordo.<\/p>\n<\/blockquote>\n\n\n\n<p><strong>O pobo armenio e moi interesante, dunha riqueza e unha tradici\u00f3n cultural elevad\u00edsima. Eu sempre recomendo, a quen te\u00f1a interese en co\u00f1ecelos, a lectura do libro \u201cOs corenta d\u00edas do Musa Dagh\u201d que describe o xenocidio armenio por parte do Imperio Otomano<\/strong><\/p>\n\n\n\n<blockquote class=\"wp-block-quote is-layout-flow wp-block-quote-is-layout-flow\">\n<p>Non lin o libro, pero si que o co\u00f1ezo. Tam\u00e9n son co\u00f1ecedor do espantoso xenocidio que sufriu este pobo. Coincido contigo en que todo o que te\u00f1a relaci\u00f3n coa naci\u00f3n armenia \u00e9 especialmente apaixonante.<\/p>\n<\/blockquote>\n\n\n\n<p><strong>Dic\u00edasme que non puideches pasar a Azerbaij\u00e1n, non?<\/strong><\/p>\n\n\n\n<blockquote class=\"wp-block-quote is-layout-flow wp-block-quote-is-layout-flow\">\n<p>Paguei 30 d\u00f3lares para poder pasar e cando cheguei \u00e1 fronteira dix\u00e9ronme que s\u00f3 pod\u00eda pasar v\u00eda a\u00e9rea.<\/p>\n<\/blockquote>\n\n\n\n<p><strong>A quen lle pagaches?<\/strong><\/p>\n\n\n\n<blockquote class=\"wp-block-quote is-layout-flow wp-block-quote-is-layout-flow\">\n<p>\u00c1 embaixada espa\u00f1ola, fixen os tr\u00e1mites v\u00eda mail e non puiden pasar por terra.<\/p>\n<\/blockquote>\n\n\n\n<p><strong>Fixeches esta viaxe coa mesma Vespa que usaches o ano pasado?<\/strong><\/p>\n\n\n\n<blockquote class=\"wp-block-quote is-layout-flow wp-block-quote-is-layout-flow\">\n<p>Si, pero nesta coll\u00edn barco desde Barcelona ata Chivitavecchia. Desde Bari fun a Grecia, desde o Pireo pasei a Illa de Qu\u00edos, e de a\u00ed entrei en Esmirna en Turqu\u00eda.<\/p>\n<\/blockquote>\n\n\n\n<p><strong>Que tal en Turqu\u00eda?<\/strong><\/p>\n\n\n\n<blockquote class=\"wp-block-quote is-layout-flow wp-block-quote-is-layout-flow\">\n<p>Te\u00f1o que dicir que en Turqu\u00eda mante\u00f1en o antigo patrimonio grego en moi boas condici\u00f3ns. Cidades como Troya, Esmirna, \u00c9feso, Mileto, Halicarnaso..son lugares para perderse e gozar de maneira superlativa.<\/p>\n<\/blockquote>\n\n\n\n<p><strong>Como seguiu a viaxe despois do C\u00e1ucaso?<\/strong><\/p>\n\n\n\n<blockquote class=\"wp-block-quote is-layout-flow wp-block-quote-is-layout-flow\">\n<p>Crucei toda Turqu\u00eda e cheguei a Batumi, a entrada de Xeorxia. Fixen Xeorxia que \u00e9 espectacular e cheguei ao l\u00edmite coa fronteira natural Rusa, a Ushkuli, un sitio impresionante tam\u00e9n.<\/p>\n<\/blockquote>\n\n\n\n<p><strong>En Xeorxia hai unha zona rus\u00f3fona coa que mante\u00f1en conflito os xeorxianos, verdade?<\/strong><\/p>\n\n\n\n<blockquote class=\"wp-block-quote is-layout-flow wp-block-quote-is-layout-flow\">\n<p>Si, o conflito armado parouse no ano 2010 pero o conflito sigue. \u00c9 unha zona semi independente.<\/p>\n<\/blockquote>\n\n\n\n<p><strong>En Armenia tam\u00e9n hai un conflito latente?<\/strong><\/p>\n\n\n\n<blockquote class=\"wp-block-quote is-layout-flow wp-block-quote-is-layout-flow\">\n<p>Si, baixei \u00e1 fronteira de Nagorno Karabaj e falei con alg\u00fan soldado.<\/p>\n<\/blockquote>\n\n\n\n<p><strong>Soldados armenios ou azar\u00eds?<\/strong><\/p>\n\n\n\n<blockquote class=\"wp-block-quote is-layout-flow wp-block-quote-is-layout-flow\">\n<p>Armenios,a\u00ed mir\u00e1base moito movemento militar.<\/p>\n<\/blockquote>\n\n\n\n<p><strong>Nagorno Karabaj chegou a ser independente, \u00e9 unha zona poboada por persoas de etnia armenia pero est\u00e1 dentro do territorio pol\u00edtico de Azerbaij\u00e1n. \u00c9 as\u00ed?<\/strong><\/p>\n\n\n\n<blockquote class=\"wp-block-quote is-layout-flow wp-block-quote-is-layout-flow\">\n<p>Si, chegou a ser zona independente pero os azar\u00eds recuperaron o territorio e disolveron a Rep\u00fablica de Nagorno Karabaj.<\/p>\n<\/blockquote>\n\n\n\n<p><strong>Sabes se hai represi\u00f3n contra as persoas de etnia armenia?<\/strong><\/p>\n\n\n\n<blockquote class=\"wp-block-quote is-layout-flow wp-block-quote-is-layout-flow\">\n<p>Sempre, eles como pobo senten a presi\u00f3n tanto dos azar\u00eds como de Turqu\u00eda no seu d\u00eda. O pobo armenio historicamente sempre foi un pobo perseguido. Agora falamos do xenocidio de Gaza, pero o do pobo armenio tam\u00e9n foi terror\u00edfico.<\/p>\n<\/blockquote>\n\n\n\n<figure class=\"wp-block-image size-large\"><img loading=\"lazy\" decoding=\"async\" width=\"1024\" height=\"702\" src=\"https:\/\/www.anovapeneira.gal\/wp-content\/uploads\/2025\/10\/Xabier-Gomez-1024x702.jpg\" alt=\"\" class=\"wp-image-14819\" srcset=\"https:\/\/www.anovapeneira.gal\/wp-content\/uploads\/2025\/10\/Xabier-Gomez-1024x702.jpg 1024w, https:\/\/www.anovapeneira.gal\/wp-content\/uploads\/2025\/10\/Xabier-Gomez-300x206.jpg 300w, https:\/\/www.anovapeneira.gal\/wp-content\/uploads\/2025\/10\/Xabier-Gomez-768x527.jpg 768w, https:\/\/www.anovapeneira.gal\/wp-content\/uploads\/2025\/10\/Xabier-Gomez.jpg 1264w\" sizes=\"auto, (max-width: 1024px) 100vw, 1024px\" \/><\/figure>\n\n\n\n<p><strong>Armenia \u00e9 bonita?<\/strong><\/p>\n\n\n\n<blockquote class=\"wp-block-quote is-layout-flow wp-block-quote-is-layout-flow\">\n<p>Tanto Xeorxia como Armenia gust\u00e1ronme moit\u00edsimo, encatar\u00edame repetir.<\/p>\n<\/blockquote>\n\n\n\n<p><strong>Como \u00e9 o car\u00e1cter das s\u00faas xentes?<\/strong><\/p>\n\n\n\n<blockquote class=\"wp-block-quote is-layout-flow wp-block-quote-is-layout-flow\">\n<p>Os armenios son moi hospitalarios, sentinme moi c\u00f3modo en Armenia, tam\u00e9n en Xeorxia.<\/p>\n<\/blockquote>\n\n\n\n<p><strong>Crees que a existencia do Estado Armenio pode correr perigo ?.Os azar\u00eds te\u00f1en o potencial para poder facer desaparecer ao Estado Armenio?<\/strong><\/p>\n\n\n\n<blockquote class=\"wp-block-quote is-layout-flow wp-block-quote-is-layout-flow\">\n<p>O perigo \u00e9 real e inminente por parte do azar\u00eds e dos turcos, de feito en alg\u00fans puntos das fronteira hai zonas tensionadas e militarizadas.<\/p>\n<\/blockquote>\n\n\n\n<p><strong>Como te comunicabas, en ingl\u00e9s?<\/strong><\/p>\n\n\n\n<blockquote class=\"wp-block-quote is-layout-flow wp-block-quote-is-layout-flow\">\n<p>Cando pod\u00eda si. Cando non pod\u00eda pois non quedaba outra ca usar a linguaxe non verbal universal. Nas mi\u00f1as viaxes trato de evitar os grandes n\u00facleos a\u00ednda que visitei Erev\u00e1n, a capital de Armenia. Unha cidade moi limpa, ben organizada e con cero delincuencia. Fai moito contraste coa periferia, que ten unha pobreza moi acentuada e chocoume que non te\u00f1en cultura de moto. Nun pequeno pobo deixei a moto, e media hora despois estaba chea de mulleres con nenos sacando fotos.<\/p>\n<\/blockquote>\n\n\n\n<p><strong>No nivel de vida que viches en Erev\u00e1n hab\u00eda algunha diferencia con relaci\u00f3n \u00e1s cidades de Europa occidental?<\/strong><\/p>\n\n\n\n<blockquote class=\"wp-block-quote is-layout-flow wp-block-quote-is-layout-flow\">\n<p>Non, \u00e9 unha cidade como as do primeiro mundo.<\/p>\n<\/blockquote>\n\n\n\n<p><strong>Xeorxia tam\u00e9n?<\/strong><\/p>\n\n\n\n<blockquote class=\"wp-block-quote is-layout-flow wp-block-quote-is-layout-flow\">\n<p>Si.<\/p>\n<\/blockquote>\n\n\n\n<p><strong>En que cidades de Xeorxia estiveches?<\/strong><\/p>\n\n\n\n<blockquote class=\"wp-block-quote is-layout-flow wp-block-quote-is-layout-flow\">\n<p>Na capital Tiflis, e tam\u00e9n en Batumi, esta \u00e9 unha cidade tur\u00edstica pr\u00f3xima ao Mar Negro onde xa ves europeos.<\/p>\n<\/blockquote>\n\n\n\n<p><strong>Que tal a comida, que se come en Xeorxia e en Armenia?<\/strong><\/p>\n\n\n\n<blockquote class=\"wp-block-quote is-layout-flow wp-block-quote-is-layout-flow\">\n<p>O que me chocou \u00e9 que nos bares sempre hab\u00eda almorzo a base de cogombro con tomate e un queixo salgado. Un almorzo un pouco forte.<\/p>\n<\/blockquote>\n\n\n\n<blockquote class=\"wp-block-quote is-layout-flow wp-block-quote-is-layout-flow\">\n<p>A comida xa \u00e9 variada. Tiven a oportunidade de comer nun sitio por 3\u20ac, nun bar de traballadores, un prato que era como unha sopa de tomate con anacos de pito, acompa\u00f1ado dunha ensalada cun vi\u00f1o branco. Neste bar s\u00f3 ti\u00f1an este men\u00fa para comer.<\/p>\n<\/blockquote>\n\n\n\n<p><strong>Estaba boa a comida?<\/strong><\/p>\n\n\n\n<blockquote class=\"wp-block-quote is-layout-flow wp-block-quote-is-layout-flow\">\n<p>Estaba boa pero era moi picante.<\/p>\n<\/blockquote>\n\n\n\n<p><strong>As comidas cauc\u00e1sicas te\u00f1en sona de darlle ao picante m\u00e1is c\u00f3s mexicanos.<\/strong><\/p>\n\n\n\n<blockquote class=\"wp-block-quote is-layout-flow wp-block-quote-is-layout-flow\">\n<p>Si, picaba moito.<\/p>\n<\/blockquote>\n\n\n\n<p><strong>Dic\u00edasme ca na capital Armenia, non apreciaches ningunha diferenza cunha cidade europea e que atopaches pobreza nos pobos da periferia. En Xeorxia tam\u00e9n tiveches esa mesma percepci\u00f3n?<\/strong><\/p>\n\n\n\n<blockquote class=\"wp-block-quote is-layout-flow wp-block-quote-is-layout-flow\">\n<p>Si, se cadra Tiflis, a capital, ten algo m\u00e1is de nivel ca Erev\u00e1n pero segue habendo o mesmo contraste das cidades grandes cos pequenos pobos ou aldeas.<\/p>\n<\/blockquote>\n\n\n\n<p><strong>A naci\u00f3n Armenia en xeral non se corresponde en absoluto co que \u00e9 o estado pol\u00edtico de Armenia. Hai armenios en Ir\u00e1n, en Siria, en Turqu\u00eda. \u00c9 as\u00ed?<\/strong><\/p>\n\n\n\n<blockquote class=\"wp-block-quote is-layout-flow wp-block-quote-is-layout-flow\">\n<p>Si, como os pobos Kurdos. Os kurdos non te\u00f1en nin Estado, os armenios si. No Estado Armenio hai 3.000.000 de persoas, igual ca na Galiza, pero f\u00f3ra, espallados por outros pa\u00edses son moitos m\u00e1is.<\/p>\n<\/blockquote>\n\n\n\n<p><strong>E Xeorxia dic\u00edasme que che gustou moito?<\/strong><\/p>\n\n\n\n<blockquote class=\"wp-block-quote is-layout-flow wp-block-quote-is-layout-flow\">\n<p>Xeorxia \u00e9 espectacular. Podo dicirche que a zona norte foi o m\u00e1is bonito que mirei nunca, de estar a 3.000 m. de altura e ser a paisaxe totalmente verde. A fronteira natural entre Xeorxia e Rusia \u00e9 un sitio precioso.<\/p>\n<\/blockquote>\n\n\n\n<p><strong>Os xeorxianos t\u00e9\u00f1enlle man\u00eda ao rusos?<\/strong><\/p>\n\n\n\n<blockquote class=\"wp-block-quote is-layout-flow wp-block-quote-is-layout-flow\">\n<p>Si, sobre todo as xeraci\u00f3ns m\u00e1is antigas, as que viviron na Uni\u00f3n Sovi\u00e9tica. Co\u00f1ec\u00edn a un descendente da familia Bagration. Bagration \u00e9 unha familia moi importante de descendentes dos herdeiros ao trono de Xeorxia, mesmo na d\u00e9cada dos 80 hab\u00eda un piloto de rallies, Jorge Bagrati\u00f3n, que ser\u00eda herdeiro ao trono e ga\u00f1ou varios rallies en Espa\u00f1a.<\/p>\n<\/blockquote>\n\n\n\n<p><strong>Despois de estar en Xeorxia e Armenia, por onde volviches?<\/strong><\/p>\n\n\n\n<blockquote class=\"wp-block-quote is-layout-flow wp-block-quote-is-layout-flow\">\n<p>Volv\u00edn recorrendo o Norte de Armenia . Visitei a Ruta dos Mosteiros, sub\u00edn a Xeorxia e desdobrei o cami\u00f1o entrando por outra fronteira en Turqu\u00eda e facendo o Norte ata chegar a Ankara, capital de Turk\u00eda, para volver a Esmirna. De a\u00ed a Grecia e Italia, onde coll\u00edn o barco ata Barcelona de novo.<\/p>\n<\/blockquote>\n\n\n\n<blockquote class=\"wp-block-quote is-layout-flow wp-block-quote-is-layout-flow\">\n<p>Tiven a oportunidade de co\u00f1ecer a moitas persoas, entre elas un Youtuber, Mario, que fai viaxes, agora est\u00e1 en Kazajist\u00e1n e vai para Mongolia. Tam\u00e9n co\u00f1ec\u00edn a Jose de Zaragoza, co que fixen parte da viaxe por Armenia.<\/p>\n<\/blockquote>\n\n\n\n<p><strong>Como \u00e9 a Vespa coa que viaxaches?<\/strong><\/p>\n\n\n\n<blockquote class=\"wp-block-quote is-layout-flow wp-block-quote-is-layout-flow\">\n<p>Unha Vespa 300 do ano 2011.<\/p>\n<\/blockquote>\n\n\n\n<p><strong>Cantos kil\u00f3metros ten?<\/strong><\/p>\n\n\n\n<blockquote class=\"wp-block-quote is-layout-flow wp-block-quote-is-layout-flow\">\n<p>116.000 km.<\/p>\n<\/blockquote>\n\n\n\n<p><strong>Unha moto aguanta tantos kil\u00f3metros coma un coche, uns 400.000?<\/strong><\/p>\n\n\n\n<blockquote class=\"wp-block-quote is-layout-flow wp-block-quote-is-layout-flow\">\n<p>Dir\u00eda que non. Ter m\u00e1is de 100.000 km. nunha moto xa son moitos. Hai un famoso viaxante que xa recorreu medio mundo e vai cunha moto parecida a mi\u00f1a, esta moto ten cerca de 300.000 qmts e a\u00ed sigue.<\/p>\n<\/blockquote>\n\n\n\n<p><strong>Fallouche a moto nesta viaxe?<\/strong><\/p>\n\n\n\n<blockquote class=\"wp-block-quote is-layout-flow wp-block-quote-is-layout-flow\">\n<p>En Xeorxia estiven algo tirado. O dep\u00f3sito da Vespa ten unha autonom\u00eda limitada, e nas altas monta\u00f1as nos hai posibilidade de encher.Cheguei a mercar un litro de gasolina, nunha botella de auga, a unha se\u00f1ora que ti\u00f1a coma un quiosco no que vend\u00eda gasolina para facer os enlaces.<\/p>\n<\/blockquote>\n\n\n\n<blockquote class=\"wp-block-quote is-layout-flow wp-block-quote-is-layout-flow\">\n<p>En Armenia, facendo a Ruta dos Mosteiros, pensei que me quedaba al\u00ed. A Vespa comezou a darme tir\u00f3ns e al\u00ed non hai talleres de motos, os talleres que hai fan un pouco de todo. Reparan cami\u00f3ns antigos ou autobuses de gas da \u00e9poca da Uni\u00f3n Sovi\u00e9tica. Nos sei se foi pola gasolina que non era boa, pero a moto despois xa foi ben e non me deixou tirado.<\/p>\n<\/blockquote>\n\n\n\n<p><strong>Na primeira viaxe tiveras unha situaci\u00f3n tensa en Serbia cuns pescadores furtivos. Tiveches nesta viaxe algunha situaci\u00f3n parecida que te fixera sentir en perigo?<\/strong><\/p>\n\n\n\n<blockquote class=\"wp-block-quote is-layout-flow wp-block-quote-is-layout-flow\">\n<p>Non, sentinme moi c\u00f3modo nestes pa\u00edses con xente moi amable.<\/p>\n<\/blockquote>\n\n\n\n<p><strong>As concusi\u00f3ns da viaxe son positivas?<\/strong><\/p>\n\n\n\n<blockquote class=\"wp-block-quote is-layout-flow wp-block-quote-is-layout-flow\">\n<p>Si. Viaxar enriquece a alma e co\u00f1ecer ensancha o esp\u00edrito.<\/p>\n<\/blockquote>\n\n\n\n<p><strong>Haber\u00e1 unha terceira etapa?<\/strong><\/p>\n\n\n\n<blockquote class=\"wp-block-quote is-layout-flow wp-block-quote-is-layout-flow\">\n<p>Quer\u00eda dispor de m\u00e1is d\u00edas para seguir por aquela zona que me encanta.<\/p>\n<\/blockquote>\n\n\n\n<p><strong>Ser\u00eda Azerbaij\u00e1n, Kazajist\u00e1n, Uzbekist\u00e1n?<\/strong><\/p>\n\n\n\n<blockquote class=\"wp-block-quote is-layout-flow wp-block-quote-is-layout-flow\">\n<p>Si, o meu so\u00f1o ser\u00eda chegar a Mongolia, facer a Ruta da seda de Marco Polo. Isto facelo cunha Vespa ter\u00eda moitos condicionantes. Como co\u00f1ec\u00edn a Mario e Jose, que levaban outro tipo de motos, eu igual far\u00eda o mesmo e pensar\u00eda cambiar de montura. Se non o fago, quero ir coa Vespa ata Senegal. Facer Marrocos e Mauritania e chegar a Senegal.<\/p>\n<\/blockquote>\n\n\n\n<p><strong>E Ir\u00e1n??<\/strong><\/p>\n\n\n\n<blockquote class=\"wp-block-quote is-layout-flow wp-block-quote-is-layout-flow\">\n<p>Tiven esta vez a oportunidade e ir, co\u00f1ec\u00edn a unha persoa cun contacto, un gu\u00eda co que pod\u00eda pero o tema do visado era moi complexo. Si que me gustar\u00eda moit\u00edsimo ir, o meu so\u00f1o e facer o Magreb ata Alexandr\u00eda e Exipto. Aqu\u00ed hai dous impedimentos grandes, Alxeria e Libia.<\/p>\n<\/blockquote>\n\n\n\n<p><strong>Entrar en Libia ser\u00eda moi perigoso para at\u00faa integridade f\u00edsica e con perigo de morte creo eu.<\/strong><\/p>\n\n\n\n<blockquote class=\"wp-block-quote is-layout-flow wp-block-quote-is-layout-flow\">\n<p>Si, desde logo. Ter\u00eda que contratar escoltas.<\/p>\n<\/blockquote>\n\n\n\n<p><strong>Por que ser\u00eda Alxeria un problema?<\/strong><\/p>\n\n\n\n<blockquote class=\"wp-block-quote is-layout-flow wp-block-quote-is-layout-flow\">\n<p>Pola burocracia.<\/p>\n<\/blockquote>\n\n\n\n<p><strong>Pois nada, quedamos emprazados a que nos contes como foi a terceira viaxe<\/strong><\/p>\n\n\n\n<blockquote class=\"wp-block-quote is-layout-flow wp-block-quote-is-layout-flow\">\n<p>Ser\u00e1 un pracer.<\/p>\n<\/blockquote>\n","protected":false},"excerpt":{"rendered":"<div class=\"mh-excerpt\"><p>Xabier \u00e9 un profesor de linguas cl\u00e1sicas natural de Mondariz, veci\u00f1o de Ponteareas, e que exerce a docencia en Salvaterra. El, como o protagonista da novela de Xulio Verne que d\u00e1 t\u00edtulo a este traballo, <a class=\"mh-excerpt-more\" href=\"https:\/\/www.anovapeneira.gal\/index.php\/2025\/10\/20\/xabier-gomez-o-phileas-fogg-do-condado\/\" title=\"Xabier G\u00f3mez, O Phileas Fogg do Condado\">[&#8230;]<\/a><\/p>\n<\/div>","protected":false},"author":17,"featured_media":14818,"comment_status":"open","ping_status":"open","sticky":false,"template":"","format":"standard","meta":{"_exactmetrics_skip_tracking":false,"_exactmetrics_sitenote_active":false,"_exactmetrics_sitenote_note":"","_exactmetrics_sitenote_category":0,"footnotes":""},"categories":[267,1],"tags":[405],"class_list":{"0":"post-14817","1":"post","2":"type-post","3":"status-publish","4":"format-standard","5":"has-post-thumbnail","7":"category-condado-entrevistas","8":"category-sin-categoria","9":"tag-concello-de-mondariz"},"yoast_head":"<!-- This site is optimized with the Yoast SEO plugin v27.4 - https:\/\/yoast.com\/product\/yoast-seo-wordpress\/ -->\n<title>Xabier G\u00f3mez, O Phileas Fogg do Condado -<\/title>\n<meta name=\"robots\" content=\"index, follow, max-snippet:-1, max-image-preview:large, max-video-preview:-1\" \/>\n<link rel=\"canonical\" href=\"https:\/\/www.anovapeneira.gal\/index.php\/2025\/10\/20\/xabier-gomez-o-phileas-fogg-do-condado\/\" \/>\n<meta property=\"og:locale\" content=\"gl_ES\" \/>\n<meta property=\"og:type\" content=\"article\" \/>\n<meta property=\"og:title\" content=\"Xabier G\u00f3mez, O Phileas Fogg do Condado -\" \/>\n<meta property=\"og:description\" content=\"Xabier \u00e9 un profesor de linguas cl\u00e1sicas natural de Mondariz, veci\u00f1o de Ponteareas, e que exerce a docencia en Salvaterra. El, como o protagonista da novela de Xulio Verne que d\u00e1 t\u00edtulo a este traballo, [...]\" \/>\n<meta property=\"og:url\" content=\"https:\/\/www.anovapeneira.gal\/index.php\/2025\/10\/20\/xabier-gomez-o-phileas-fogg-do-condado\/\" \/>\n<meta property=\"article:publisher\" content=\"https:\/\/www.facebook.com\/anovapeneira\" \/>\n<meta property=\"article:published_time\" content=\"2025-10-20T08:00:52+00:00\" \/>\n<meta property=\"og:image\" content=\"https:\/\/www.anovapeneira.gal\/wp-content\/uploads\/2025\/10\/Portada-outubro-copia.jpg\" \/>\n\t<meta property=\"og:image:width\" content=\"720\" \/>\n\t<meta property=\"og:image:height\" content=\"432\" \/>\n\t<meta property=\"og:image:type\" content=\"image\/jpeg\" \/>\n<meta name=\"author\" content=\"G. Figueiredo\" \/>\n<meta name=\"twitter:card\" content=\"summary_large_image\" \/>\n<meta name=\"twitter:creator\" content=\"@APeneira\" \/>\n<meta name=\"twitter:site\" content=\"@APeneira\" \/>\n<meta name=\"twitter:label1\" content=\"Escrito por\" \/>\n\t<meta name=\"twitter:data1\" content=\"G. Figueiredo\" \/>\n\t<meta name=\"twitter:label2\" content=\"Tempo de lectura\" \/>\n\t<meta name=\"twitter:data2\" content=\"5 minutos\" \/>\n<script type=\"application\/ld+json\" class=\"yoast-schema-graph\">{\"@context\":\"https:\\\/\\\/schema.org\",\"@graph\":[{\"@type\":\"Article\",\"@id\":\"https:\\\/\\\/www.anovapeneira.gal\\\/index.php\\\/2025\\\/10\\\/20\\\/xabier-gomez-o-phileas-fogg-do-condado\\\/#article\",\"isPartOf\":{\"@id\":\"https:\\\/\\\/www.anovapeneira.gal\\\/index.php\\\/2025\\\/10\\\/20\\\/xabier-gomez-o-phileas-fogg-do-condado\\\/\"},\"author\":{\"name\":\"G. Figueiredo\",\"@id\":\"https:\\\/\\\/www.anovapeneira.gal\\\/#\\\/schema\\\/person\\\/42f904d7cac80cf3f5a31494dd82a9b6\"},\"headline\":\"Xabier G\u00f3mez, O Phileas Fogg do Condado\",\"datePublished\":\"2025-10-20T08:00:52+00:00\",\"mainEntityOfPage\":{\"@id\":\"https:\\\/\\\/www.anovapeneira.gal\\\/index.php\\\/2025\\\/10\\\/20\\\/xabier-gomez-o-phileas-fogg-do-condado\\\/\"},\"wordCount\":2035,\"commentCount\":0,\"publisher\":{\"@id\":\"https:\\\/\\\/www.anovapeneira.gal\\\/#organization\"},\"image\":{\"@id\":\"https:\\\/\\\/www.anovapeneira.gal\\\/index.php\\\/2025\\\/10\\\/20\\\/xabier-gomez-o-phileas-fogg-do-condado\\\/#primaryimage\"},\"thumbnailUrl\":\"https:\\\/\\\/www.anovapeneira.gal\\\/wp-content\\\/uploads\\\/2025\\\/10\\\/Portada-outubro-copia.jpg\",\"keywords\":[\"Concello de Mondariz\"],\"articleSection\":[\"Condado\",\"Sin categor\u00eda\"],\"inLanguage\":\"gl-ES\",\"potentialAction\":[{\"@type\":\"CommentAction\",\"name\":\"Comment\",\"target\":[\"https:\\\/\\\/www.anovapeneira.gal\\\/index.php\\\/2025\\\/10\\\/20\\\/xabier-gomez-o-phileas-fogg-do-condado\\\/#respond\"]}]},{\"@type\":\"WebPage\",\"@id\":\"https:\\\/\\\/www.anovapeneira.gal\\\/index.php\\\/2025\\\/10\\\/20\\\/xabier-gomez-o-phileas-fogg-do-condado\\\/\",\"url\":\"https:\\\/\\\/www.anovapeneira.gal\\\/index.php\\\/2025\\\/10\\\/20\\\/xabier-gomez-o-phileas-fogg-do-condado\\\/\",\"name\":\"Xabier G\u00f3mez, O Phileas Fogg do Condado -\",\"isPartOf\":{\"@id\":\"https:\\\/\\\/www.anovapeneira.gal\\\/#website\"},\"primaryImageOfPage\":{\"@id\":\"https:\\\/\\\/www.anovapeneira.gal\\\/index.php\\\/2025\\\/10\\\/20\\\/xabier-gomez-o-phileas-fogg-do-condado\\\/#primaryimage\"},\"image\":{\"@id\":\"https:\\\/\\\/www.anovapeneira.gal\\\/index.php\\\/2025\\\/10\\\/20\\\/xabier-gomez-o-phileas-fogg-do-condado\\\/#primaryimage\"},\"thumbnailUrl\":\"https:\\\/\\\/www.anovapeneira.gal\\\/wp-content\\\/uploads\\\/2025\\\/10\\\/Portada-outubro-copia.jpg\",\"datePublished\":\"2025-10-20T08:00:52+00:00\",\"breadcrumb\":{\"@id\":\"https:\\\/\\\/www.anovapeneira.gal\\\/index.php\\\/2025\\\/10\\\/20\\\/xabier-gomez-o-phileas-fogg-do-condado\\\/#breadcrumb\"},\"inLanguage\":\"gl-ES\",\"potentialAction\":[{\"@type\":\"ReadAction\",\"target\":[\"https:\\\/\\\/www.anovapeneira.gal\\\/index.php\\\/2025\\\/10\\\/20\\\/xabier-gomez-o-phileas-fogg-do-condado\\\/\"]}]},{\"@type\":\"ImageObject\",\"inLanguage\":\"gl-ES\",\"@id\":\"https:\\\/\\\/www.anovapeneira.gal\\\/index.php\\\/2025\\\/10\\\/20\\\/xabier-gomez-o-phileas-fogg-do-condado\\\/#primaryimage\",\"url\":\"https:\\\/\\\/www.anovapeneira.gal\\\/wp-content\\\/uploads\\\/2025\\\/10\\\/Portada-outubro-copia.jpg\",\"contentUrl\":\"https:\\\/\\\/www.anovapeneira.gal\\\/wp-content\\\/uploads\\\/2025\\\/10\\\/Portada-outubro-copia.jpg\",\"width\":720,\"height\":432},{\"@type\":\"BreadcrumbList\",\"@id\":\"https:\\\/\\\/www.anovapeneira.gal\\\/index.php\\\/2025\\\/10\\\/20\\\/xabier-gomez-o-phileas-fogg-do-condado\\\/#breadcrumb\",\"itemListElement\":[{\"@type\":\"ListItem\",\"position\":1,\"name\":\"Portada\",\"item\":\"https:\\\/\\\/www.anovapeneira.gal\\\/\"},{\"@type\":\"ListItem\",\"position\":2,\"name\":\"Xabier G\u00f3mez, O Phileas Fogg do Condado\"}]},{\"@type\":\"WebSite\",\"@id\":\"https:\\\/\\\/www.anovapeneira.gal\\\/#website\",\"url\":\"https:\\\/\\\/www.anovapeneira.gal\\\/\",\"name\":\"\",\"description\":\"Xornal galego de informaci\u00f3n xeral Publicaci\u00f3n mensual de novas de Galicia e en especial dos Concellos da sur da provincia de Pontevedra.\",\"publisher\":{\"@id\":\"https:\\\/\\\/www.anovapeneira.gal\\\/#organization\"},\"potentialAction\":[{\"@type\":\"SearchAction\",\"target\":{\"@type\":\"EntryPoint\",\"urlTemplate\":\"https:\\\/\\\/www.anovapeneira.gal\\\/?s={search_term_string}\"},\"query-input\":{\"@type\":\"PropertyValueSpecification\",\"valueRequired\":true,\"valueName\":\"search_term_string\"}}],\"inLanguage\":\"gl-ES\"},{\"@type\":\"Organization\",\"@id\":\"https:\\\/\\\/www.anovapeneira.gal\\\/#organization\",\"name\":\"A Nova Peneira\",\"url\":\"https:\\\/\\\/www.anovapeneira.gal\\\/\",\"logo\":{\"@type\":\"ImageObject\",\"inLanguage\":\"gl-ES\",\"@id\":\"https:\\\/\\\/www.anovapeneira.gal\\\/#\\\/schema\\\/logo\\\/image\\\/\",\"url\":\"http:\\\/\\\/www.anovapeneira.gal\\\/wp-content\\\/uploads\\\/2019\\\/06\\\/logo_a_nova_peneira_portal_web.png\",\"contentUrl\":\"http:\\\/\\\/www.anovapeneira.gal\\\/wp-content\\\/uploads\\\/2019\\\/06\\\/logo_a_nova_peneira_portal_web.png\",\"width\":300,\"height\":100,\"caption\":\"A Nova Peneira\"},\"image\":{\"@id\":\"https:\\\/\\\/www.anovapeneira.gal\\\/#\\\/schema\\\/logo\\\/image\\\/\"},\"sameAs\":[\"https:\\\/\\\/www.facebook.com\\\/anovapeneira\",\"https:\\\/\\\/x.com\\\/APeneira\"]},{\"@type\":\"Person\",\"@id\":\"https:\\\/\\\/www.anovapeneira.gal\\\/#\\\/schema\\\/person\\\/42f904d7cac80cf3f5a31494dd82a9b6\",\"name\":\"G. Figueiredo\",\"image\":{\"@type\":\"ImageObject\",\"inLanguage\":\"gl-ES\",\"@id\":\"https:\\\/\\\/secure.gravatar.com\\\/avatar\\\/2d970086688458e0398ef8b84f5cbb8cc1ec3ab115aeb8435135a9f556af97b3?s=96&d=mm&r=g\",\"url\":\"https:\\\/\\\/secure.gravatar.com\\\/avatar\\\/2d970086688458e0398ef8b84f5cbb8cc1ec3ab115aeb8435135a9f556af97b3?s=96&d=mm&r=g\",\"contentUrl\":\"https:\\\/\\\/secure.gravatar.com\\\/avatar\\\/2d970086688458e0398ef8b84f5cbb8cc1ec3ab115aeb8435135a9f556af97b3?s=96&d=mm&r=g\",\"caption\":\"G. Figueiredo\"},\"sameAs\":[\"http:\\\/\\\/www.anovapeneira.gal\\\/\"],\"url\":\"https:\\\/\\\/www.anovapeneira.gal\\\/index.php\\\/author\\\/g-figueiredo\\\/\"}]}<\/script>\n<!-- \/ Yoast SEO plugin. -->","yoast_head_json":{"title":"Xabier G\u00f3mez, O Phileas Fogg do Condado -","robots":{"index":"index","follow":"follow","max-snippet":"max-snippet:-1","max-image-preview":"max-image-preview:large","max-video-preview":"max-video-preview:-1"},"canonical":"https:\/\/www.anovapeneira.gal\/index.php\/2025\/10\/20\/xabier-gomez-o-phileas-fogg-do-condado\/","og_locale":"gl_ES","og_type":"article","og_title":"Xabier G\u00f3mez, O Phileas Fogg do Condado -","og_description":"Xabier \u00e9 un profesor de linguas cl\u00e1sicas natural de Mondariz, veci\u00f1o de Ponteareas, e que exerce a docencia en Salvaterra. El, como o protagonista da novela de Xulio Verne que d\u00e1 t\u00edtulo a este traballo, [...]","og_url":"https:\/\/www.anovapeneira.gal\/index.php\/2025\/10\/20\/xabier-gomez-o-phileas-fogg-do-condado\/","article_publisher":"https:\/\/www.facebook.com\/anovapeneira","article_published_time":"2025-10-20T08:00:52+00:00","og_image":[{"width":720,"height":432,"url":"https:\/\/www.anovapeneira.gal\/wp-content\/uploads\/2025\/10\/Portada-outubro-copia.jpg","type":"image\/jpeg"}],"author":"G. Figueiredo","twitter_card":"summary_large_image","twitter_creator":"@APeneira","twitter_site":"@APeneira","twitter_misc":{"Escrito por":"G. Figueiredo","Tempo de lectura":"5 minutos"},"schema":{"@context":"https:\/\/schema.org","@graph":[{"@type":"Article","@id":"https:\/\/www.anovapeneira.gal\/index.php\/2025\/10\/20\/xabier-gomez-o-phileas-fogg-do-condado\/#article","isPartOf":{"@id":"https:\/\/www.anovapeneira.gal\/index.php\/2025\/10\/20\/xabier-gomez-o-phileas-fogg-do-condado\/"},"author":{"name":"G. Figueiredo","@id":"https:\/\/www.anovapeneira.gal\/#\/schema\/person\/42f904d7cac80cf3f5a31494dd82a9b6"},"headline":"Xabier G\u00f3mez, O Phileas Fogg do Condado","datePublished":"2025-10-20T08:00:52+00:00","mainEntityOfPage":{"@id":"https:\/\/www.anovapeneira.gal\/index.php\/2025\/10\/20\/xabier-gomez-o-phileas-fogg-do-condado\/"},"wordCount":2035,"commentCount":0,"publisher":{"@id":"https:\/\/www.anovapeneira.gal\/#organization"},"image":{"@id":"https:\/\/www.anovapeneira.gal\/index.php\/2025\/10\/20\/xabier-gomez-o-phileas-fogg-do-condado\/#primaryimage"},"thumbnailUrl":"https:\/\/www.anovapeneira.gal\/wp-content\/uploads\/2025\/10\/Portada-outubro-copia.jpg","keywords":["Concello de Mondariz"],"articleSection":["Condado","Sin categor\u00eda"],"inLanguage":"gl-ES","potentialAction":[{"@type":"CommentAction","name":"Comment","target":["https:\/\/www.anovapeneira.gal\/index.php\/2025\/10\/20\/xabier-gomez-o-phileas-fogg-do-condado\/#respond"]}]},{"@type":"WebPage","@id":"https:\/\/www.anovapeneira.gal\/index.php\/2025\/10\/20\/xabier-gomez-o-phileas-fogg-do-condado\/","url":"https:\/\/www.anovapeneira.gal\/index.php\/2025\/10\/20\/xabier-gomez-o-phileas-fogg-do-condado\/","name":"Xabier G\u00f3mez, O Phileas Fogg do Condado -","isPartOf":{"@id":"https:\/\/www.anovapeneira.gal\/#website"},"primaryImageOfPage":{"@id":"https:\/\/www.anovapeneira.gal\/index.php\/2025\/10\/20\/xabier-gomez-o-phileas-fogg-do-condado\/#primaryimage"},"image":{"@id":"https:\/\/www.anovapeneira.gal\/index.php\/2025\/10\/20\/xabier-gomez-o-phileas-fogg-do-condado\/#primaryimage"},"thumbnailUrl":"https:\/\/www.anovapeneira.gal\/wp-content\/uploads\/2025\/10\/Portada-outubro-copia.jpg","datePublished":"2025-10-20T08:00:52+00:00","breadcrumb":{"@id":"https:\/\/www.anovapeneira.gal\/index.php\/2025\/10\/20\/xabier-gomez-o-phileas-fogg-do-condado\/#breadcrumb"},"inLanguage":"gl-ES","potentialAction":[{"@type":"ReadAction","target":["https:\/\/www.anovapeneira.gal\/index.php\/2025\/10\/20\/xabier-gomez-o-phileas-fogg-do-condado\/"]}]},{"@type":"ImageObject","inLanguage":"gl-ES","@id":"https:\/\/www.anovapeneira.gal\/index.php\/2025\/10\/20\/xabier-gomez-o-phileas-fogg-do-condado\/#primaryimage","url":"https:\/\/www.anovapeneira.gal\/wp-content\/uploads\/2025\/10\/Portada-outubro-copia.jpg","contentUrl":"https:\/\/www.anovapeneira.gal\/wp-content\/uploads\/2025\/10\/Portada-outubro-copia.jpg","width":720,"height":432},{"@type":"BreadcrumbList","@id":"https:\/\/www.anovapeneira.gal\/index.php\/2025\/10\/20\/xabier-gomez-o-phileas-fogg-do-condado\/#breadcrumb","itemListElement":[{"@type":"ListItem","position":1,"name":"Portada","item":"https:\/\/www.anovapeneira.gal\/"},{"@type":"ListItem","position":2,"name":"Xabier G\u00f3mez, O Phileas Fogg do Condado"}]},{"@type":"WebSite","@id":"https:\/\/www.anovapeneira.gal\/#website","url":"https:\/\/www.anovapeneira.gal\/","name":"","description":"Xornal galego de informaci\u00f3n xeral Publicaci\u00f3n mensual de novas de Galicia e en especial dos Concellos da sur da provincia de Pontevedra.","publisher":{"@id":"https:\/\/www.anovapeneira.gal\/#organization"},"potentialAction":[{"@type":"SearchAction","target":{"@type":"EntryPoint","urlTemplate":"https:\/\/www.anovapeneira.gal\/?s={search_term_string}"},"query-input":{"@type":"PropertyValueSpecification","valueRequired":true,"valueName":"search_term_string"}}],"inLanguage":"gl-ES"},{"@type":"Organization","@id":"https:\/\/www.anovapeneira.gal\/#organization","name":"A Nova Peneira","url":"https:\/\/www.anovapeneira.gal\/","logo":{"@type":"ImageObject","inLanguage":"gl-ES","@id":"https:\/\/www.anovapeneira.gal\/#\/schema\/logo\/image\/","url":"http:\/\/www.anovapeneira.gal\/wp-content\/uploads\/2019\/06\/logo_a_nova_peneira_portal_web.png","contentUrl":"http:\/\/www.anovapeneira.gal\/wp-content\/uploads\/2019\/06\/logo_a_nova_peneira_portal_web.png","width":300,"height":100,"caption":"A Nova Peneira"},"image":{"@id":"https:\/\/www.anovapeneira.gal\/#\/schema\/logo\/image\/"},"sameAs":["https:\/\/www.facebook.com\/anovapeneira","https:\/\/x.com\/APeneira"]},{"@type":"Person","@id":"https:\/\/www.anovapeneira.gal\/#\/schema\/person\/42f904d7cac80cf3f5a31494dd82a9b6","name":"G. Figueiredo","image":{"@type":"ImageObject","inLanguage":"gl-ES","@id":"https:\/\/secure.gravatar.com\/avatar\/2d970086688458e0398ef8b84f5cbb8cc1ec3ab115aeb8435135a9f556af97b3?s=96&d=mm&r=g","url":"https:\/\/secure.gravatar.com\/avatar\/2d970086688458e0398ef8b84f5cbb8cc1ec3ab115aeb8435135a9f556af97b3?s=96&d=mm&r=g","contentUrl":"https:\/\/secure.gravatar.com\/avatar\/2d970086688458e0398ef8b84f5cbb8cc1ec3ab115aeb8435135a9f556af97b3?s=96&d=mm&r=g","caption":"G. Figueiredo"},"sameAs":["http:\/\/www.anovapeneira.gal\/"],"url":"https:\/\/www.anovapeneira.gal\/index.php\/author\/g-figueiredo\/"}]}},"jetpack_featured_media_url":"https:\/\/www.anovapeneira.gal\/wp-content\/uploads\/2025\/10\/Portada-outubro-copia.jpg","_links":{"self":[{"href":"https:\/\/www.anovapeneira.gal\/index.php\/wp-json\/wp\/v2\/posts\/14817","targetHints":{"allow":["GET"]}}],"collection":[{"href":"https:\/\/www.anovapeneira.gal\/index.php\/wp-json\/wp\/v2\/posts"}],"about":[{"href":"https:\/\/www.anovapeneira.gal\/index.php\/wp-json\/wp\/v2\/types\/post"}],"author":[{"embeddable":true,"href":"https:\/\/www.anovapeneira.gal\/index.php\/wp-json\/wp\/v2\/users\/17"}],"replies":[{"embeddable":true,"href":"https:\/\/www.anovapeneira.gal\/index.php\/wp-json\/wp\/v2\/comments?post=14817"}],"version-history":[{"count":1,"href":"https:\/\/www.anovapeneira.gal\/index.php\/wp-json\/wp\/v2\/posts\/14817\/revisions"}],"predecessor-version":[{"id":14820,"href":"https:\/\/www.anovapeneira.gal\/index.php\/wp-json\/wp\/v2\/posts\/14817\/revisions\/14820"}],"wp:featuredmedia":[{"embeddable":true,"href":"https:\/\/www.anovapeneira.gal\/index.php\/wp-json\/wp\/v2\/media\/14818"}],"wp:attachment":[{"href":"https:\/\/www.anovapeneira.gal\/index.php\/wp-json\/wp\/v2\/media?parent=14817"}],"wp:term":[{"taxonomy":"category","embeddable":true,"href":"https:\/\/www.anovapeneira.gal\/index.php\/wp-json\/wp\/v2\/categories?post=14817"},{"taxonomy":"post_tag","embeddable":true,"href":"https:\/\/www.anovapeneira.gal\/index.php\/wp-json\/wp\/v2\/tags?post=14817"}],"curies":[{"name":"wp","href":"https:\/\/api.w.org\/{rel}","templated":true}]}}