{"id":1482,"date":"2019-10-14T10:00:49","date_gmt":"2019-10-14T08:00:49","guid":{"rendered":"http:\/\/www.anovapeneira.gal\/?p=1482"},"modified":"2019-10-13T22:12:26","modified_gmt":"2019-10-13T20:12:26","slug":"o-mos-digno-homenaxea-as-vitimas-do-terror-franquista","status":"publish","type":"post","link":"https:\/\/www.anovapeneira.gal\/index.php\/2019\/10\/14\/o-mos-digno-homenaxea-as-vitimas-do-terror-franquista\/","title":{"rendered":"O Mos digno homenaxea \u00e1s vitimas do terror franquista"},"content":{"rendered":"\n<p>O pasado d\u00eda 6, m\u00e1is dun cento de persoas congreg\u00e1ronse por und\u00e9cimo ano consecutivo no cemiterio de Mos, convocados pola comisi\u00f3n de familiares pola memoria hist\u00f3rica de Mos para homenaxear \u00e1s mulleres e homes da localidade, asasinados polo r\u00e9xime criminal e asasino de Francisco Franco. E un ano m\u00e1is o goberno municipal deste Concello amosou o que \u00e9 ter un coraz\u00f3n escuro, negro e tebregoso, pois nunha homenaxe celebrada en Mos, para dignificar a memoria  de veci\u00f1os e veci\u00f1as de Mos, asasinados por defender a democracia, a liberdade e a lei, preferiron non asistir. Alg\u00fan d\u00eda a historia, a m\u00e1is inexorable de todas as xu\u00edzas, por\u00e1 a Nidia Ar\u00e9valo no lugar que merece, un sitio dunha cor moi parecida \u00e1 cor do coraz\u00f3n do dirixente pol\u00edtico que non quere asistir a unha homenaxe deste tipo. Imaxinen, queridos amigos e amigas , que nun concello con alcaldesa do BNG, de Podemos ou do PSOE se realizase unha homenaxe a calquera asasinado polo terrorismo de Eta, a Miguel \u00c1ngel Blanco, por exemplo, e que a alcaldesa ano tras ano declinase asistir a tal homenaxe. Imaxinen que pasar\u00eda?, Imaxinen que dir\u00edan desa alcaldesa todas as canles de TV?, Imaxinen que dir\u00edan desa alcaldesa todos os xornais?&#8230;.<\/p>\n\n\n\n<p>N\u00f3s, al\u00ed estivemos, xunto co Mos digno que se lembra con amor e tenrura do sufrimento dos seus fillos e  fillas esmagados baixo a bota podre e miserable do terrorismo do nacional catolicismo espa\u00f1ol, e foi un acto enormemente emotivo. Os sentimentos m\u00e1is \u00edntimos as emoci\u00f3ns m\u00e1is profundas, a sensibilidade m\u00e1is intensa, desbordaban, como unha fervenza tempestuosa desborda o caudal do m\u00e1is caudaloso dos r\u00edos, os coraz\u00f3ns das persoas que escoitamos as palabras de Ana, a m\u00fasica de Lia ou a poes\u00eda de Chus falando de memoria de dignidade e de xustiza. Nestes tempos escuros nos que os fillos ideol\u00f3xicos dos asasinos tratan de branquealos, A Nova Peneira, mentres te\u00f1a voz ,falar\u00e1 sempre dos mortos para que os seus nomes e a s\u00faa dignidade nunca se borren da historia.<\/p>\n","protected":false},"excerpt":{"rendered":"<div class=\"mh-excerpt\"><p>O pasado d\u00eda 6, m\u00e1is dun cento de persoas congreg\u00e1ronse por und\u00e9cimo ano consecutivo no cemiterio de Mos, convocados pola comisi\u00f3n de familiares pola memoria hist\u00f3rica de Mos para homenaxear \u00e1s mulleres e homes da localidade, asasinados polo r\u00e9xime criminal e asasino de Francisco Franco <a class=\"mh-excerpt-more\" href=\"https:\/\/www.anovapeneira.gal\/index.php\/2019\/10\/14\/o-mos-digno-homenaxea-as-vitimas-do-terror-franquista\/\" title=\"O Mos digno homenaxea \u00e1s vitimas do terror franquista\">[&#8230;]<\/a><\/p>\n<\/div>","protected":false},"author":3,"featured_media":1483,"comment_status":"open","ping_status":"open","sticky":false,"template":"","format":"standard","meta":{"_exactmetrics_skip_tracking":false,"_exactmetrics_sitenote_active":false,"_exactmetrics_sitenote_note":"","_exactmetrics_sitenote_category":0,"footnotes":""},"categories":[23],"tags":[218,199,448],"class_list":{"0":"post-1482","1":"post","2":"type-post","3":"status-publish","4":"format-standard","5":"has-post-thumbnail","7":"category-a-lourina","8":"tag-concello-de-mos","9":"tag-franquismo","10":"tag-memoria-historica"},"yoast_head":"<!-- This site is optimized with the Yoast SEO plugin v27.4 - https:\/\/yoast.com\/product\/yoast-seo-wordpress\/ -->\n<title>O Mos digno homenaxea \u00e1s vitimas do terror franquista -<\/title>\n<meta name=\"robots\" content=\"index, follow, max-snippet:-1, max-image-preview:large, max-video-preview:-1\" \/>\n<link rel=\"canonical\" href=\"https:\/\/www.anovapeneira.gal\/index.php\/2019\/10\/14\/o-mos-digno-homenaxea-as-vitimas-do-terror-franquista\/\" \/>\n<meta property=\"og:locale\" content=\"gl_ES\" \/>\n<meta property=\"og:type\" content=\"article\" \/>\n<meta property=\"og:title\" content=\"O Mos digno homenaxea \u00e1s vitimas do terror franquista -\" \/>\n<meta property=\"og:description\" content=\"O pasado d\u00eda 6, m\u00e1is dun cento de persoas congreg\u00e1ronse por und\u00e9cimo ano consecutivo no cemiterio de Mos, convocados pola comisi\u00f3n de familiares pola memoria hist\u00f3rica de Mos para homenaxear \u00e1s mulleres e homes da localidade, asasinados polo r\u00e9xime criminal e asasino de Francisco Franco [...]\" \/>\n<meta property=\"og:url\" content=\"https:\/\/www.anovapeneira.gal\/index.php\/2019\/10\/14\/o-mos-digno-homenaxea-as-vitimas-do-terror-franquista\/\" \/>\n<meta property=\"article:publisher\" content=\"https:\/\/www.facebook.com\/anovapeneira\" \/>\n<meta property=\"article:published_time\" content=\"2019-10-14T08:00:49+00:00\" \/>\n<meta property=\"og:image\" content=\"https:\/\/www.anovapeneira.gal\/wp-content\/uploads\/2019\/10\/MEMORIA_HISTORICA_MOS_a_nova_peneira.jpg\" \/>\n\t<meta property=\"og:image:width\" content=\"720\" \/>\n\t<meta property=\"og:image:height\" content=\"473\" \/>\n\t<meta property=\"og:image:type\" content=\"image\/jpeg\" \/>\n<meta name=\"author\" content=\"Redacci\u00f3n A Nova Peneira\" \/>\n<meta name=\"twitter:card\" content=\"summary_large_image\" \/>\n<meta name=\"twitter:creator\" content=\"@APeneira\" \/>\n<meta name=\"twitter:site\" content=\"@APeneira\" \/>\n<meta name=\"twitter:label1\" content=\"Escrito por\" \/>\n\t<meta name=\"twitter:data1\" content=\"Redacci\u00f3n A Nova Peneira\" \/>\n\t<meta name=\"twitter:label2\" content=\"Tempo de lectura\" \/>\n\t<meta name=\"twitter:data2\" content=\"2 minutos\" \/>\n<script type=\"application\/ld+json\" class=\"yoast-schema-graph\">{\"@context\":\"https:\\\/\\\/schema.org\",\"@graph\":[{\"@type\":\"Article\",\"@id\":\"https:\\\/\\\/www.anovapeneira.gal\\\/index.php\\\/2019\\\/10\\\/14\\\/o-mos-digno-homenaxea-as-vitimas-do-terror-franquista\\\/#article\",\"isPartOf\":{\"@id\":\"https:\\\/\\\/www.anovapeneira.gal\\\/index.php\\\/2019\\\/10\\\/14\\\/o-mos-digno-homenaxea-as-vitimas-do-terror-franquista\\\/\"},\"author\":{\"name\":\"Redacci\u00f3n A Nova Peneira\",\"@id\":\"https:\\\/\\\/www.anovapeneira.gal\\\/#\\\/schema\\\/person\\\/b93e3f8932e3f8da96334607eb6ac6aa\"},\"headline\":\"O Mos digno homenaxea \u00e1s vitimas do terror franquista\",\"datePublished\":\"2019-10-14T08:00:49+00:00\",\"mainEntityOfPage\":{\"@id\":\"https:\\\/\\\/www.anovapeneira.gal\\\/index.php\\\/2019\\\/10\\\/14\\\/o-mos-digno-homenaxea-as-vitimas-do-terror-franquista\\\/\"},\"wordCount\":372,\"commentCount\":0,\"publisher\":{\"@id\":\"https:\\\/\\\/www.anovapeneira.gal\\\/#organization\"},\"image\":{\"@id\":\"https:\\\/\\\/www.anovapeneira.gal\\\/index.php\\\/2019\\\/10\\\/14\\\/o-mos-digno-homenaxea-as-vitimas-do-terror-franquista\\\/#primaryimage\"},\"thumbnailUrl\":\"https:\\\/\\\/www.anovapeneira.gal\\\/wp-content\\\/uploads\\\/2019\\\/10\\\/MEMORIA_HISTORICA_MOS_a_nova_peneira.jpg\",\"keywords\":[\"Concello de Mos\",\"Franquismo\",\"Memoria hist\u00f3rica\"],\"articleSection\":[\"A Louri\u00f1a\"],\"inLanguage\":\"gl-ES\",\"potentialAction\":[{\"@type\":\"CommentAction\",\"name\":\"Comment\",\"target\":[\"https:\\\/\\\/www.anovapeneira.gal\\\/index.php\\\/2019\\\/10\\\/14\\\/o-mos-digno-homenaxea-as-vitimas-do-terror-franquista\\\/#respond\"]}]},{\"@type\":\"WebPage\",\"@id\":\"https:\\\/\\\/www.anovapeneira.gal\\\/index.php\\\/2019\\\/10\\\/14\\\/o-mos-digno-homenaxea-as-vitimas-do-terror-franquista\\\/\",\"url\":\"https:\\\/\\\/www.anovapeneira.gal\\\/index.php\\\/2019\\\/10\\\/14\\\/o-mos-digno-homenaxea-as-vitimas-do-terror-franquista\\\/\",\"name\":\"O Mos digno homenaxea \u00e1s vitimas do terror franquista -\",\"isPartOf\":{\"@id\":\"https:\\\/\\\/www.anovapeneira.gal\\\/#website\"},\"primaryImageOfPage\":{\"@id\":\"https:\\\/\\\/www.anovapeneira.gal\\\/index.php\\\/2019\\\/10\\\/14\\\/o-mos-digno-homenaxea-as-vitimas-do-terror-franquista\\\/#primaryimage\"},\"image\":{\"@id\":\"https:\\\/\\\/www.anovapeneira.gal\\\/index.php\\\/2019\\\/10\\\/14\\\/o-mos-digno-homenaxea-as-vitimas-do-terror-franquista\\\/#primaryimage\"},\"thumbnailUrl\":\"https:\\\/\\\/www.anovapeneira.gal\\\/wp-content\\\/uploads\\\/2019\\\/10\\\/MEMORIA_HISTORICA_MOS_a_nova_peneira.jpg\",\"datePublished\":\"2019-10-14T08:00:49+00:00\",\"breadcrumb\":{\"@id\":\"https:\\\/\\\/www.anovapeneira.gal\\\/index.php\\\/2019\\\/10\\\/14\\\/o-mos-digno-homenaxea-as-vitimas-do-terror-franquista\\\/#breadcrumb\"},\"inLanguage\":\"gl-ES\",\"potentialAction\":[{\"@type\":\"ReadAction\",\"target\":[\"https:\\\/\\\/www.anovapeneira.gal\\\/index.php\\\/2019\\\/10\\\/14\\\/o-mos-digno-homenaxea-as-vitimas-do-terror-franquista\\\/\"]}]},{\"@type\":\"ImageObject\",\"inLanguage\":\"gl-ES\",\"@id\":\"https:\\\/\\\/www.anovapeneira.gal\\\/index.php\\\/2019\\\/10\\\/14\\\/o-mos-digno-homenaxea-as-vitimas-do-terror-franquista\\\/#primaryimage\",\"url\":\"https:\\\/\\\/www.anovapeneira.gal\\\/wp-content\\\/uploads\\\/2019\\\/10\\\/MEMORIA_HISTORICA_MOS_a_nova_peneira.jpg\",\"contentUrl\":\"https:\\\/\\\/www.anovapeneira.gal\\\/wp-content\\\/uploads\\\/2019\\\/10\\\/MEMORIA_HISTORICA_MOS_a_nova_peneira.jpg\",\"width\":720,\"height\":473,\"caption\":\"Memor\u00eda Hist\u00f3rica Mos\"},{\"@type\":\"BreadcrumbList\",\"@id\":\"https:\\\/\\\/www.anovapeneira.gal\\\/index.php\\\/2019\\\/10\\\/14\\\/o-mos-digno-homenaxea-as-vitimas-do-terror-franquista\\\/#breadcrumb\",\"itemListElement\":[{\"@type\":\"ListItem\",\"position\":1,\"name\":\"Portada\",\"item\":\"https:\\\/\\\/www.anovapeneira.gal\\\/\"},{\"@type\":\"ListItem\",\"position\":2,\"name\":\"O Mos digno homenaxea \u00e1s vitimas do terror franquista\"}]},{\"@type\":\"WebSite\",\"@id\":\"https:\\\/\\\/www.anovapeneira.gal\\\/#website\",\"url\":\"https:\\\/\\\/www.anovapeneira.gal\\\/\",\"name\":\"\",\"description\":\"Xornal galego de informaci\u00f3n xeral Publicaci\u00f3n mensual de novas de Galicia e en especial dos Concellos da sur da provincia de Pontevedra.\",\"publisher\":{\"@id\":\"https:\\\/\\\/www.anovapeneira.gal\\\/#organization\"},\"potentialAction\":[{\"@type\":\"SearchAction\",\"target\":{\"@type\":\"EntryPoint\",\"urlTemplate\":\"https:\\\/\\\/www.anovapeneira.gal\\\/?s={search_term_string}\"},\"query-input\":{\"@type\":\"PropertyValueSpecification\",\"valueRequired\":true,\"valueName\":\"search_term_string\"}}],\"inLanguage\":\"gl-ES\"},{\"@type\":\"Organization\",\"@id\":\"https:\\\/\\\/www.anovapeneira.gal\\\/#organization\",\"name\":\"A Nova Peneira\",\"url\":\"https:\\\/\\\/www.anovapeneira.gal\\\/\",\"logo\":{\"@type\":\"ImageObject\",\"inLanguage\":\"gl-ES\",\"@id\":\"https:\\\/\\\/www.anovapeneira.gal\\\/#\\\/schema\\\/logo\\\/image\\\/\",\"url\":\"http:\\\/\\\/www.anovapeneira.gal\\\/wp-content\\\/uploads\\\/2019\\\/06\\\/logo_a_nova_peneira_portal_web.png\",\"contentUrl\":\"http:\\\/\\\/www.anovapeneira.gal\\\/wp-content\\\/uploads\\\/2019\\\/06\\\/logo_a_nova_peneira_portal_web.png\",\"width\":300,\"height\":100,\"caption\":\"A Nova Peneira\"},\"image\":{\"@id\":\"https:\\\/\\\/www.anovapeneira.gal\\\/#\\\/schema\\\/logo\\\/image\\\/\"},\"sameAs\":[\"https:\\\/\\\/www.facebook.com\\\/anovapeneira\",\"https:\\\/\\\/x.com\\\/APeneira\"]},{\"@type\":\"Person\",\"@id\":\"https:\\\/\\\/www.anovapeneira.gal\\\/#\\\/schema\\\/person\\\/b93e3f8932e3f8da96334607eb6ac6aa\",\"name\":\"Redacci\u00f3n A Nova Peneira\",\"image\":{\"@type\":\"ImageObject\",\"inLanguage\":\"gl-ES\",\"@id\":\"https:\\\/\\\/secure.gravatar.com\\\/avatar\\\/c052a2551a06e23fac63626232eaa90abd78dbcf1700fc46a2b2c89fd27b735f?s=96&d=mm&r=g\",\"url\":\"https:\\\/\\\/secure.gravatar.com\\\/avatar\\\/c052a2551a06e23fac63626232eaa90abd78dbcf1700fc46a2b2c89fd27b735f?s=96&d=mm&r=g\",\"contentUrl\":\"https:\\\/\\\/secure.gravatar.com\\\/avatar\\\/c052a2551a06e23fac63626232eaa90abd78dbcf1700fc46a2b2c89fd27b735f?s=96&d=mm&r=g\",\"caption\":\"Redacci\u00f3n A Nova Peneira\"},\"sameAs\":[\"http:\\\/\\\/www.anovapeneira.gal\\\/\"],\"url\":\"https:\\\/\\\/www.anovapeneira.gal\\\/index.php\\\/author\\\/redactor\\\/\"}]}<\/script>\n<!-- \/ Yoast SEO plugin. -->","yoast_head_json":{"title":"O Mos digno homenaxea \u00e1s vitimas do terror franquista -","robots":{"index":"index","follow":"follow","max-snippet":"max-snippet:-1","max-image-preview":"max-image-preview:large","max-video-preview":"max-video-preview:-1"},"canonical":"https:\/\/www.anovapeneira.gal\/index.php\/2019\/10\/14\/o-mos-digno-homenaxea-as-vitimas-do-terror-franquista\/","og_locale":"gl_ES","og_type":"article","og_title":"O Mos digno homenaxea \u00e1s vitimas do terror franquista -","og_description":"O pasado d\u00eda 6, m\u00e1is dun cento de persoas congreg\u00e1ronse por und\u00e9cimo ano consecutivo no cemiterio de Mos, convocados pola comisi\u00f3n de familiares pola memoria hist\u00f3rica de Mos para homenaxear \u00e1s mulleres e homes da localidade, asasinados polo r\u00e9xime criminal e asasino de Francisco Franco [...]","og_url":"https:\/\/www.anovapeneira.gal\/index.php\/2019\/10\/14\/o-mos-digno-homenaxea-as-vitimas-do-terror-franquista\/","article_publisher":"https:\/\/www.facebook.com\/anovapeneira","article_published_time":"2019-10-14T08:00:49+00:00","og_image":[{"width":720,"height":473,"url":"https:\/\/www.anovapeneira.gal\/wp-content\/uploads\/2019\/10\/MEMORIA_HISTORICA_MOS_a_nova_peneira.jpg","type":"image\/jpeg"}],"author":"Redacci\u00f3n A Nova Peneira","twitter_card":"summary_large_image","twitter_creator":"@APeneira","twitter_site":"@APeneira","twitter_misc":{"Escrito por":"Redacci\u00f3n A Nova Peneira","Tempo de lectura":"2 minutos"},"schema":{"@context":"https:\/\/schema.org","@graph":[{"@type":"Article","@id":"https:\/\/www.anovapeneira.gal\/index.php\/2019\/10\/14\/o-mos-digno-homenaxea-as-vitimas-do-terror-franquista\/#article","isPartOf":{"@id":"https:\/\/www.anovapeneira.gal\/index.php\/2019\/10\/14\/o-mos-digno-homenaxea-as-vitimas-do-terror-franquista\/"},"author":{"name":"Redacci\u00f3n A Nova Peneira","@id":"https:\/\/www.anovapeneira.gal\/#\/schema\/person\/b93e3f8932e3f8da96334607eb6ac6aa"},"headline":"O Mos digno homenaxea \u00e1s vitimas do terror franquista","datePublished":"2019-10-14T08:00:49+00:00","mainEntityOfPage":{"@id":"https:\/\/www.anovapeneira.gal\/index.php\/2019\/10\/14\/o-mos-digno-homenaxea-as-vitimas-do-terror-franquista\/"},"wordCount":372,"commentCount":0,"publisher":{"@id":"https:\/\/www.anovapeneira.gal\/#organization"},"image":{"@id":"https:\/\/www.anovapeneira.gal\/index.php\/2019\/10\/14\/o-mos-digno-homenaxea-as-vitimas-do-terror-franquista\/#primaryimage"},"thumbnailUrl":"https:\/\/www.anovapeneira.gal\/wp-content\/uploads\/2019\/10\/MEMORIA_HISTORICA_MOS_a_nova_peneira.jpg","keywords":["Concello de Mos","Franquismo","Memoria hist\u00f3rica"],"articleSection":["A Louri\u00f1a"],"inLanguage":"gl-ES","potentialAction":[{"@type":"CommentAction","name":"Comment","target":["https:\/\/www.anovapeneira.gal\/index.php\/2019\/10\/14\/o-mos-digno-homenaxea-as-vitimas-do-terror-franquista\/#respond"]}]},{"@type":"WebPage","@id":"https:\/\/www.anovapeneira.gal\/index.php\/2019\/10\/14\/o-mos-digno-homenaxea-as-vitimas-do-terror-franquista\/","url":"https:\/\/www.anovapeneira.gal\/index.php\/2019\/10\/14\/o-mos-digno-homenaxea-as-vitimas-do-terror-franquista\/","name":"O Mos digno homenaxea \u00e1s vitimas do terror franquista -","isPartOf":{"@id":"https:\/\/www.anovapeneira.gal\/#website"},"primaryImageOfPage":{"@id":"https:\/\/www.anovapeneira.gal\/index.php\/2019\/10\/14\/o-mos-digno-homenaxea-as-vitimas-do-terror-franquista\/#primaryimage"},"image":{"@id":"https:\/\/www.anovapeneira.gal\/index.php\/2019\/10\/14\/o-mos-digno-homenaxea-as-vitimas-do-terror-franquista\/#primaryimage"},"thumbnailUrl":"https:\/\/www.anovapeneira.gal\/wp-content\/uploads\/2019\/10\/MEMORIA_HISTORICA_MOS_a_nova_peneira.jpg","datePublished":"2019-10-14T08:00:49+00:00","breadcrumb":{"@id":"https:\/\/www.anovapeneira.gal\/index.php\/2019\/10\/14\/o-mos-digno-homenaxea-as-vitimas-do-terror-franquista\/#breadcrumb"},"inLanguage":"gl-ES","potentialAction":[{"@type":"ReadAction","target":["https:\/\/www.anovapeneira.gal\/index.php\/2019\/10\/14\/o-mos-digno-homenaxea-as-vitimas-do-terror-franquista\/"]}]},{"@type":"ImageObject","inLanguage":"gl-ES","@id":"https:\/\/www.anovapeneira.gal\/index.php\/2019\/10\/14\/o-mos-digno-homenaxea-as-vitimas-do-terror-franquista\/#primaryimage","url":"https:\/\/www.anovapeneira.gal\/wp-content\/uploads\/2019\/10\/MEMORIA_HISTORICA_MOS_a_nova_peneira.jpg","contentUrl":"https:\/\/www.anovapeneira.gal\/wp-content\/uploads\/2019\/10\/MEMORIA_HISTORICA_MOS_a_nova_peneira.jpg","width":720,"height":473,"caption":"Memor\u00eda Hist\u00f3rica Mos"},{"@type":"BreadcrumbList","@id":"https:\/\/www.anovapeneira.gal\/index.php\/2019\/10\/14\/o-mos-digno-homenaxea-as-vitimas-do-terror-franquista\/#breadcrumb","itemListElement":[{"@type":"ListItem","position":1,"name":"Portada","item":"https:\/\/www.anovapeneira.gal\/"},{"@type":"ListItem","position":2,"name":"O Mos digno homenaxea \u00e1s vitimas do terror franquista"}]},{"@type":"WebSite","@id":"https:\/\/www.anovapeneira.gal\/#website","url":"https:\/\/www.anovapeneira.gal\/","name":"","description":"Xornal galego de informaci\u00f3n xeral Publicaci\u00f3n mensual de novas de Galicia e en especial dos Concellos da sur da provincia de Pontevedra.","publisher":{"@id":"https:\/\/www.anovapeneira.gal\/#organization"},"potentialAction":[{"@type":"SearchAction","target":{"@type":"EntryPoint","urlTemplate":"https:\/\/www.anovapeneira.gal\/?s={search_term_string}"},"query-input":{"@type":"PropertyValueSpecification","valueRequired":true,"valueName":"search_term_string"}}],"inLanguage":"gl-ES"},{"@type":"Organization","@id":"https:\/\/www.anovapeneira.gal\/#organization","name":"A Nova Peneira","url":"https:\/\/www.anovapeneira.gal\/","logo":{"@type":"ImageObject","inLanguage":"gl-ES","@id":"https:\/\/www.anovapeneira.gal\/#\/schema\/logo\/image\/","url":"http:\/\/www.anovapeneira.gal\/wp-content\/uploads\/2019\/06\/logo_a_nova_peneira_portal_web.png","contentUrl":"http:\/\/www.anovapeneira.gal\/wp-content\/uploads\/2019\/06\/logo_a_nova_peneira_portal_web.png","width":300,"height":100,"caption":"A Nova Peneira"},"image":{"@id":"https:\/\/www.anovapeneira.gal\/#\/schema\/logo\/image\/"},"sameAs":["https:\/\/www.facebook.com\/anovapeneira","https:\/\/x.com\/APeneira"]},{"@type":"Person","@id":"https:\/\/www.anovapeneira.gal\/#\/schema\/person\/b93e3f8932e3f8da96334607eb6ac6aa","name":"Redacci\u00f3n A Nova Peneira","image":{"@type":"ImageObject","inLanguage":"gl-ES","@id":"https:\/\/secure.gravatar.com\/avatar\/c052a2551a06e23fac63626232eaa90abd78dbcf1700fc46a2b2c89fd27b735f?s=96&d=mm&r=g","url":"https:\/\/secure.gravatar.com\/avatar\/c052a2551a06e23fac63626232eaa90abd78dbcf1700fc46a2b2c89fd27b735f?s=96&d=mm&r=g","contentUrl":"https:\/\/secure.gravatar.com\/avatar\/c052a2551a06e23fac63626232eaa90abd78dbcf1700fc46a2b2c89fd27b735f?s=96&d=mm&r=g","caption":"Redacci\u00f3n A Nova Peneira"},"sameAs":["http:\/\/www.anovapeneira.gal\/"],"url":"https:\/\/www.anovapeneira.gal\/index.php\/author\/redactor\/"}]}},"jetpack_featured_media_url":"https:\/\/www.anovapeneira.gal\/wp-content\/uploads\/2019\/10\/MEMORIA_HISTORICA_MOS_a_nova_peneira.jpg","_links":{"self":[{"href":"https:\/\/www.anovapeneira.gal\/index.php\/wp-json\/wp\/v2\/posts\/1482","targetHints":{"allow":["GET"]}}],"collection":[{"href":"https:\/\/www.anovapeneira.gal\/index.php\/wp-json\/wp\/v2\/posts"}],"about":[{"href":"https:\/\/www.anovapeneira.gal\/index.php\/wp-json\/wp\/v2\/types\/post"}],"author":[{"embeddable":true,"href":"https:\/\/www.anovapeneira.gal\/index.php\/wp-json\/wp\/v2\/users\/3"}],"replies":[{"embeddable":true,"href":"https:\/\/www.anovapeneira.gal\/index.php\/wp-json\/wp\/v2\/comments?post=1482"}],"version-history":[{"count":1,"href":"https:\/\/www.anovapeneira.gal\/index.php\/wp-json\/wp\/v2\/posts\/1482\/revisions"}],"predecessor-version":[{"id":1484,"href":"https:\/\/www.anovapeneira.gal\/index.php\/wp-json\/wp\/v2\/posts\/1482\/revisions\/1484"}],"wp:featuredmedia":[{"embeddable":true,"href":"https:\/\/www.anovapeneira.gal\/index.php\/wp-json\/wp\/v2\/media\/1483"}],"wp:attachment":[{"href":"https:\/\/www.anovapeneira.gal\/index.php\/wp-json\/wp\/v2\/media?parent=1482"}],"wp:term":[{"taxonomy":"category","embeddable":true,"href":"https:\/\/www.anovapeneira.gal\/index.php\/wp-json\/wp\/v2\/categories?post=1482"},{"taxonomy":"post_tag","embeddable":true,"href":"https:\/\/www.anovapeneira.gal\/index.php\/wp-json\/wp\/v2\/tags?post=1482"}],"curies":[{"name":"wp","href":"https:\/\/api.w.org\/{rel}","templated":true}]}}