{"id":14821,"date":"2025-10-21T10:00:35","date_gmt":"2025-10-21T08:00:35","guid":{"rendered":"https:\/\/www.anovapeneira.gal\/?p=14821"},"modified":"2025-10-20T20:57:27","modified_gmt":"2025-10-20T18:57:27","slug":"por-que-para-stellantis","status":"publish","type":"post","link":"https:\/\/www.anovapeneira.gal\/index.php\/2025\/10\/21\/por-que-para-stellantis\/","title":{"rendered":"Por que para Stellantis?"},"content":{"rendered":"\n<p><strong>A principios deste mes de Outubro co\u00f1ecemos a decisi\u00f3n de Stellantis de realizar unha serie de paradas de produci\u00f3n na planta viguesa. Os paros s\u00famanse aos que xa ve\u00f1en acontecendo noutras f\u00e1bricas da empresa. N\u00f3s conversamos co responsable da secci\u00f3n sindical da CUT na factor\u00eda, para co\u00f1ecer a valoraci\u00f3n do sindicato nacionalista sobre esta circunstancia e sobre a situaci\u00f3n xeral da m\u00e1is importante empresa da \u00e1rea de influencia de ANP. Vela\u00ed vai o que deu de si a nosa conversa<\/strong><\/p>\n\n\n\n<p><strong>Vitor Mari\u00f1o, Secretario da secci\u00f3n sindical da CUT Citro\u00ebn.<\/strong><\/p>\n\n\n\n<h2 class=\"wp-block-heading\">\u201c<strong>O papel de CCOO e de UGT \u00e9 esencial para manter vivo o ecosistema sindical da nosa empresa\u201d<\/strong><\/h2>\n\n\n\n<p><strong>Cal \u00e9 a opini\u00f3n da CUT sobre as paradas de produci\u00f3n que est\u00e1n a acontecer na f\u00e1brica de Vigo?<\/strong><\/p>\n\n\n\n<blockquote class=\"wp-block-quote is-layout-flow wp-block-quote-is-layout-flow\">\n<p>Gustar\u00edanos poder dar informaci\u00f3n real sobre os motivos dos paros. Pero non a temos. O que nos chega \u00e9 o que aparece nos medios: que se trata de paradas por organizaci\u00f3n de existencias. Pero a realidade non a co\u00f1ecemos.<\/p>\n<\/blockquote>\n\n\n\n<p><strong>Ti es membro do comit\u00e9 de empresa. Ent\u00f3n a empresa non informa de maneira suficiente ao comit\u00e9,a todo o comit\u00e9, sobre os motivos e a duraci\u00f3n prevista de algo tan relevante no d\u00eda a d\u00eda da f\u00e1brica, como as paradas de produci\u00f3n?<\/strong><\/p>\n\n\n\n<blockquote class=\"wp-block-quote is-layout-flow wp-block-quote-is-layout-flow\">\n<p>A empresa , \u00e1 hora de subministrar informaci\u00f3n, despreza aos representantes legais dos traballadores e traballadoras que non formen parte da representaci\u00f3n maioritaria. Lamentablemente esa representaci\u00f3n maioritaria non fai nada para que eso cambie. Esa situaci\u00f3n leva a que non s\u00f3 esa circunstancia, sen\u00f3n outras de enorme importancia, non nos sexan comunicadas de maneira adecuada antes de que se produzan.<\/p>\n<\/blockquote>\n\n\n\n<p><strong>Por exemplo?<\/strong><\/p>\n\n\n\n<blockquote class=\"wp-block-quote is-layout-flow wp-block-quote-is-layout-flow\">\n<p>Que parte da produci\u00f3n do K9 se vai levar a Turqu\u00eda. Unha nova tan importante como esa tam\u00e9n a co\u00f1ecemos polos medios de comunicaci\u00f3n. Non sabemos como afectar\u00e1 \u00e1 nosa planta esa deslocalizaci\u00f3n da produci\u00f3n.<\/p>\n<\/blockquote>\n\n\n\n<p><strong>Podemos dicir que, a xu\u00edzo da Cut, a pol\u00edtica informativa da empresa \u00e9 deficiente?<\/strong><\/p>\n\n\n\n<blockquote class=\"wp-block-quote is-layout-flow wp-block-quote-is-layout-flow\">\n<p>Si, podemos dicilo. \u00c9 m\u00e1is, podemos dicir que \u00e1s veces non \u00e9 que sexa deficiente, \u00e9 que \u00e9 nula. \u00c9 lamentable que a maior\u00eda do comit\u00e9 non lle exixa \u00e1 direcci\u00f3n que nos informe adecuadamente de todo o que sexa relevante para a empresa.<\/p>\n<\/blockquote>\n\n\n\n<p><strong>Antes dic\u00edas que non pod\u00edas dar informaci\u00f3n real sobre os motivos das paradas. E opini\u00f3n?<\/strong><\/p>\n\n\n\n<blockquote class=\"wp-block-quote is-layout-flow wp-block-quote-is-layout-flow\">\n<p>A nosa opini\u00f3n \u00e9 que \u00e9 unha pol\u00edtica habitual, xa desde hai tempo. Consiste en que no primeiro semestre do ano se sobreproduce traballando ata seis d\u00edas sobre sete, e pola contra nos \u00faltimos meses do ano, unha vez que xa te\u00f1en a produci\u00f3n anual prevista, m\u00e1is ou menos establecida, van relaxando o traballo.<\/p>\n<\/blockquote>\n\n\n\n<p><strong>Ent\u00f3n a CUT entende que non se trata de ningunha circunstancia externa que motive as paradas, sen\u00f3n que se trata dunha pol\u00edtica planificada por parte da empresa?<\/strong><\/p>\n\n\n\n<blockquote class=\"wp-block-quote is-layout-flow wp-block-quote-is-layout-flow\">\n<p>Si, n\u00f3s consideramos que se trata dunha pol\u00edtica planificada.<\/p>\n<\/blockquote>\n\n\n\n<p><strong>Esta suposta forma de organizar o traballo, sobreproducir ao principio e parar ao final, que repercusi\u00f3ns ten no colectivo de traballadores e traballadoras?<\/strong><\/p>\n\n\n\n<blockquote class=\"wp-block-quote is-layout-flow wp-block-quote-is-layout-flow\">\n<p>Ten consecuencias, abof\u00e9 que si que as hai. Son consecuencias na nosa sa\u00fade, tanto a f\u00edsica como a mental. A empresa qu\u00e9ixase do alto absentismo pero non pon ningunha medida organizativa enriba da mesa para palialo.<\/p>\n<\/blockquote>\n\n\n\n<p><strong>Como est\u00e1 a situaci\u00f3n xeral da planta de Vigo?<\/strong><\/p>\n\n\n\n<blockquote class=\"wp-block-quote is-layout-flow wp-block-quote-is-layout-flow\">\n<p>O persoal est\u00e1 esgotado. E non parece que sexa algo que se poida reverter. \u00c9 moito m\u00e1is importante incrementar as marxes de beneficio que a sa\u00fade e a calidade de traballo das persoas que traballamos na empresa.<\/p>\n<\/blockquote>\n\n\n\n<blockquote class=\"wp-block-quote is-layout-flow wp-block-quote-is-layout-flow\">\n<p>Tam\u00e9n hai consecuencias negativas sobre a planta en si.<\/p>\n<\/blockquote>\n\n\n\n<p><strong>Por que?<\/strong><\/p>\n\n\n\n<blockquote class=\"wp-block-quote is-layout-flow wp-block-quote-is-layout-flow\">\n<p>N\u00f3s entendemos que a s\u00faa limpeza e coidado en xeral \u00e9 manifestamente insuficiente. De feito n\u00f3s agradecemos que ve\u00f1a algunha autoridade a visitar a f\u00e1brica, pois \u00e9 nese momento cando realmente se limpa e se organiza todo o que estaba sen limpar e sen organizar.<\/p>\n<\/blockquote>\n\n\n\n<p><strong>Os prezos dos veh\u00edculos est\u00e1n disparados. Para moitas familias a hip\u00f3tese de mercar un coche novo \u00e9 un imposible, incluso a segunda man est\u00e1 car\u00edsima. Para a CUT isto vai seguir as\u00ed no futuro inmediato, ou podemos pensar que a a situaci\u00f3n vai mellorar?<\/strong><\/p>\n\n\n\n<blockquote class=\"wp-block-quote is-layout-flow wp-block-quote-is-layout-flow\">\n<p>Pensamos que,por desgraza, os prezos dos coches van seguir disparados. As marxes de beneficios aumentan cada vez m\u00e1is, pero s\u00f3 aumentan para os de arriba. O reparto \u00e9 claramente inxusto: para os de abaixo todo son axustes, e para os de arriba os beneficios non paran de crecer. O traballo no noso sector foi durante moito tempo un traballo envexado. Coas condici\u00f3ns de hoxe, contratos a tempo parcial e SMI, conv\u00e9rtese nunha opci\u00f3n cando non existe outra alternativa.<\/p>\n<\/blockquote>\n\n\n\n<p><strong>E non cres que un contexto no que grandes masas de traballadores non poden, cos seus ingresos, comprar un coche novo, ten que estoupar m\u00e1is pronto que tarde?<\/strong><\/p>\n\n\n\n<blockquote class=\"wp-block-quote is-layout-flow wp-block-quote-is-layout-flow\">\n<p>Eu o que creo \u00e9 que s\u00f3 un estado semellante \u00e1 narcolepsia colectiva pode facer que o contexto que describes se mante\u00f1a. O que si vemos tam\u00e9n \u00e9 un cambio social evidente. Historicamente era moi dif\u00edcil ver persoas migrantes traballando na nosa planta. Esta sempre foi unha f\u00e1brica que pasou de pais a fillos. Agora os pais xa non queren que os fillos traballen aqu\u00ed,e cada vez son m\u00e1is as persoas migrantes contratadas. Eles de forma moi l\u00edcita, lex\u00edtima e respectable buscan ga\u00f1ar a vida con dignidade, igual que o buscamos todos. \u00c9 a empresa a que se aproveita da situaci\u00f3n de necesidade, para contratalos nunhas condici\u00f3ns manifestamente mellorables.<\/p>\n<\/blockquote>\n\n\n\n<blockquote class=\"wp-block-quote is-layout-flow wp-block-quote-is-layout-flow\">\n<p>A resistencia a aceptar traballar en condici\u00f3ns dificilmente aceptables pode ser un indicio que apunte na direcci\u00f3n da t\u00faa pregunta. Ten en conta que se cobran n\u00f3minas moi parecidas \u00e1s que se cobraban a finais dos 90 do s\u00e9culo pasado, e a suba do custe da vida foi tan elevada que fai moi dif\u00edcil poder vivir con ese nivel de ingresos.<\/p>\n<\/blockquote>\n\n\n\n<p><strong>Na t\u00faa empresa, o sindicalismo de clase, est\u00e1 estancado ou pode crecer?<\/strong><\/p>\n\n\n\n<blockquote class=\"wp-block-quote is-layout-flow wp-block-quote-is-layout-flow\">\n<p>N\u00f3s crecemos nas subcontratas e nas auxiliares. En Stellantis \u00e9 moi dif\u00edcil crecer, porque contra as ferramentas da empresa para o control do comit\u00e9 \u00e9 moi dif\u00edcil competir. De feito nas pasadas elecci\u00f3ns un laudo deunos a raz\u00f3n e mandaba repetir as elecci\u00f3ns, porque constatou que o que hab\u00eda no fondo \u00e9 unha vontade de control. Lamentablemente ese laudo decaeu por unha incomprensible decisi\u00f3n xudicial.<\/p>\n<\/blockquote>\n\n\n\n<p><strong>Stellantis \u00e9 unha batalla perdida?.\u00c9 absolutamente imposible so\u00f1ar que no futuro poida haber un comit\u00e9 de empresa que non sexa de maior\u00eda amarela?<\/strong><\/p>\n\n\n\n<blockquote class=\"wp-block-quote is-layout-flow wp-block-quote-is-layout-flow\">\n<p>Non, imposible non \u00e9. Se pensase que \u00e9 imposible eu me dedicar\u00eda a outra cousa. De feito pinga a pinga a CUT vai recollendo aos descontentos coa forza maioritaria. A viaxe inversa: desde o sindicalismo combativo ao amarelo, non existe. Agora ben, \u00e9 moi dif\u00edcil. Xa che dixen que as ferramentas da empresa son moi poderosas, entre as que lamentablemente te\u00f1o que mencionar a CCOO e a UGT.<\/p>\n<\/blockquote>\n\n\n\n<p><strong>O papel de CCOO e de UGT en Stellantis \u00e9 importante para manter vivo o sindicalismo amarelo?<\/strong><\/p>\n\n\n\n<blockquote class=\"wp-block-quote is-layout-flow wp-block-quote-is-layout-flow\">\n<p>Si, si que o \u00e9. A CUT opina que son elementos esenciais para manter vivo o sistema.<\/p>\n<\/blockquote>\n","protected":false},"excerpt":{"rendered":"<div class=\"mh-excerpt\"><p>A principios deste mes de Outubro co\u00f1ecemos a decisi\u00f3n de Stellantis de realizar unha serie de paradas de produci\u00f3n na planta viguesa <a class=\"mh-excerpt-more\" href=\"https:\/\/www.anovapeneira.gal\/index.php\/2025\/10\/21\/por-que-para-stellantis\/\" title=\"Por que para Stellantis?\">[&#8230;]<\/a><\/p>\n<\/div>","protected":false},"author":2,"featured_media":14822,"comment_status":"open","ping_status":"open","sticky":false,"template":"","format":"standard","meta":{"_exactmetrics_skip_tracking":false,"_exactmetrics_sitenote_active":false,"_exactmetrics_sitenote_note":"","_exactmetrics_sitenote_category":0,"footnotes":""},"categories":[1],"tags":[227],"class_list":{"0":"post-14821","1":"post","2":"type-post","3":"status-publish","4":"format-standard","5":"has-post-thumbnail","7":"category-sin-categoria","8":"tag-concello-de-vigo"},"yoast_head":"<!-- This site is optimized with the Yoast SEO plugin v27.4 - https:\/\/yoast.com\/product\/yoast-seo-wordpress\/ -->\n<title>Por que para Stellantis? -<\/title>\n<meta name=\"robots\" content=\"index, follow, max-snippet:-1, max-image-preview:large, max-video-preview:-1\" \/>\n<link rel=\"canonical\" href=\"https:\/\/www.anovapeneira.gal\/index.php\/2025\/10\/21\/por-que-para-stellantis\/\" \/>\n<meta property=\"og:locale\" content=\"gl_ES\" \/>\n<meta property=\"og:type\" content=\"article\" \/>\n<meta property=\"og:title\" content=\"Por que para Stellantis? -\" \/>\n<meta property=\"og:description\" content=\"A principios deste mes de Outubro co\u00f1ecemos a decisi\u00f3n de Stellantis de realizar unha serie de paradas de produci\u00f3n na planta viguesa [...]\" \/>\n<meta property=\"og:url\" content=\"https:\/\/www.anovapeneira.gal\/index.php\/2025\/10\/21\/por-que-para-stellantis\/\" \/>\n<meta property=\"article:publisher\" content=\"https:\/\/www.facebook.com\/anovapeneira\" \/>\n<meta property=\"article:published_time\" content=\"2025-10-21T08:00:35+00:00\" \/>\n<meta property=\"og:image\" content=\"https:\/\/www.anovapeneira.gal\/wp-content\/uploads\/2025\/10\/victor_marino.jpg\" \/>\n\t<meta property=\"og:image:width\" content=\"900\" \/>\n\t<meta property=\"og:image:height\" content=\"540\" \/>\n\t<meta property=\"og:image:type\" content=\"image\/jpeg\" \/>\n<meta name=\"author\" content=\"Tino Lago\" \/>\n<meta name=\"twitter:card\" content=\"summary_large_image\" \/>\n<meta name=\"twitter:creator\" content=\"@APeneira\" \/>\n<meta name=\"twitter:site\" content=\"@APeneira\" \/>\n<meta name=\"twitter:label1\" content=\"Escrito por\" \/>\n\t<meta name=\"twitter:data1\" content=\"Tino Lago\" \/>\n\t<meta name=\"twitter:label2\" content=\"Tempo de lectura\" \/>\n\t<meta name=\"twitter:data2\" content=\"3 minutos\" \/>\n<script type=\"application\/ld+json\" class=\"yoast-schema-graph\">{\"@context\":\"https:\\\/\\\/schema.org\",\"@graph\":[{\"@type\":\"Article\",\"@id\":\"https:\\\/\\\/www.anovapeneira.gal\\\/index.php\\\/2025\\\/10\\\/21\\\/por-que-para-stellantis\\\/#article\",\"isPartOf\":{\"@id\":\"https:\\\/\\\/www.anovapeneira.gal\\\/index.php\\\/2025\\\/10\\\/21\\\/por-que-para-stellantis\\\/\"},\"author\":{\"name\":\"Tino Lago\",\"@id\":\"https:\\\/\\\/www.anovapeneira.gal\\\/#\\\/schema\\\/person\\\/424dfe65e3070fd8a44d22d2c088762a\"},\"headline\":\"Por que para Stellantis?\",\"datePublished\":\"2025-10-21T08:00:35+00:00\",\"mainEntityOfPage\":{\"@id\":\"https:\\\/\\\/www.anovapeneira.gal\\\/index.php\\\/2025\\\/10\\\/21\\\/por-que-para-stellantis\\\/\"},\"wordCount\":1238,\"commentCount\":0,\"publisher\":{\"@id\":\"https:\\\/\\\/www.anovapeneira.gal\\\/#organization\"},\"image\":{\"@id\":\"https:\\\/\\\/www.anovapeneira.gal\\\/index.php\\\/2025\\\/10\\\/21\\\/por-que-para-stellantis\\\/#primaryimage\"},\"thumbnailUrl\":\"https:\\\/\\\/www.anovapeneira.gal\\\/wp-content\\\/uploads\\\/2025\\\/10\\\/victor_marino.jpg\",\"keywords\":[\"Concello de Vigo\"],\"articleSection\":[\"Sin categor\u00eda\"],\"inLanguage\":\"gl-ES\",\"potentialAction\":[{\"@type\":\"CommentAction\",\"name\":\"Comment\",\"target\":[\"https:\\\/\\\/www.anovapeneira.gal\\\/index.php\\\/2025\\\/10\\\/21\\\/por-que-para-stellantis\\\/#respond\"]}]},{\"@type\":\"WebPage\",\"@id\":\"https:\\\/\\\/www.anovapeneira.gal\\\/index.php\\\/2025\\\/10\\\/21\\\/por-que-para-stellantis\\\/\",\"url\":\"https:\\\/\\\/www.anovapeneira.gal\\\/index.php\\\/2025\\\/10\\\/21\\\/por-que-para-stellantis\\\/\",\"name\":\"Por que para Stellantis? -\",\"isPartOf\":{\"@id\":\"https:\\\/\\\/www.anovapeneira.gal\\\/#website\"},\"primaryImageOfPage\":{\"@id\":\"https:\\\/\\\/www.anovapeneira.gal\\\/index.php\\\/2025\\\/10\\\/21\\\/por-que-para-stellantis\\\/#primaryimage\"},\"image\":{\"@id\":\"https:\\\/\\\/www.anovapeneira.gal\\\/index.php\\\/2025\\\/10\\\/21\\\/por-que-para-stellantis\\\/#primaryimage\"},\"thumbnailUrl\":\"https:\\\/\\\/www.anovapeneira.gal\\\/wp-content\\\/uploads\\\/2025\\\/10\\\/victor_marino.jpg\",\"datePublished\":\"2025-10-21T08:00:35+00:00\",\"breadcrumb\":{\"@id\":\"https:\\\/\\\/www.anovapeneira.gal\\\/index.php\\\/2025\\\/10\\\/21\\\/por-que-para-stellantis\\\/#breadcrumb\"},\"inLanguage\":\"gl-ES\",\"potentialAction\":[{\"@type\":\"ReadAction\",\"target\":[\"https:\\\/\\\/www.anovapeneira.gal\\\/index.php\\\/2025\\\/10\\\/21\\\/por-que-para-stellantis\\\/\"]}]},{\"@type\":\"ImageObject\",\"inLanguage\":\"gl-ES\",\"@id\":\"https:\\\/\\\/www.anovapeneira.gal\\\/index.php\\\/2025\\\/10\\\/21\\\/por-que-para-stellantis\\\/#primaryimage\",\"url\":\"https:\\\/\\\/www.anovapeneira.gal\\\/wp-content\\\/uploads\\\/2025\\\/10\\\/victor_marino.jpg\",\"contentUrl\":\"https:\\\/\\\/www.anovapeneira.gal\\\/wp-content\\\/uploads\\\/2025\\\/10\\\/victor_marino.jpg\",\"width\":900,\"height\":540},{\"@type\":\"BreadcrumbList\",\"@id\":\"https:\\\/\\\/www.anovapeneira.gal\\\/index.php\\\/2025\\\/10\\\/21\\\/por-que-para-stellantis\\\/#breadcrumb\",\"itemListElement\":[{\"@type\":\"ListItem\",\"position\":1,\"name\":\"Portada\",\"item\":\"https:\\\/\\\/www.anovapeneira.gal\\\/\"},{\"@type\":\"ListItem\",\"position\":2,\"name\":\"Por que para Stellantis?\"}]},{\"@type\":\"WebSite\",\"@id\":\"https:\\\/\\\/www.anovapeneira.gal\\\/#website\",\"url\":\"https:\\\/\\\/www.anovapeneira.gal\\\/\",\"name\":\"\",\"description\":\"Xornal galego de informaci\u00f3n xeral Publicaci\u00f3n mensual de novas de Galicia e en especial dos Concellos da sur da provincia de Pontevedra.\",\"publisher\":{\"@id\":\"https:\\\/\\\/www.anovapeneira.gal\\\/#organization\"},\"potentialAction\":[{\"@type\":\"SearchAction\",\"target\":{\"@type\":\"EntryPoint\",\"urlTemplate\":\"https:\\\/\\\/www.anovapeneira.gal\\\/?s={search_term_string}\"},\"query-input\":{\"@type\":\"PropertyValueSpecification\",\"valueRequired\":true,\"valueName\":\"search_term_string\"}}],\"inLanguage\":\"gl-ES\"},{\"@type\":\"Organization\",\"@id\":\"https:\\\/\\\/www.anovapeneira.gal\\\/#organization\",\"name\":\"A Nova Peneira\",\"url\":\"https:\\\/\\\/www.anovapeneira.gal\\\/\",\"logo\":{\"@type\":\"ImageObject\",\"inLanguage\":\"gl-ES\",\"@id\":\"https:\\\/\\\/www.anovapeneira.gal\\\/#\\\/schema\\\/logo\\\/image\\\/\",\"url\":\"http:\\\/\\\/www.anovapeneira.gal\\\/wp-content\\\/uploads\\\/2019\\\/06\\\/logo_a_nova_peneira_portal_web.png\",\"contentUrl\":\"http:\\\/\\\/www.anovapeneira.gal\\\/wp-content\\\/uploads\\\/2019\\\/06\\\/logo_a_nova_peneira_portal_web.png\",\"width\":300,\"height\":100,\"caption\":\"A Nova Peneira\"},\"image\":{\"@id\":\"https:\\\/\\\/www.anovapeneira.gal\\\/#\\\/schema\\\/logo\\\/image\\\/\"},\"sameAs\":[\"https:\\\/\\\/www.facebook.com\\\/anovapeneira\",\"https:\\\/\\\/x.com\\\/APeneira\"]},{\"@type\":\"Person\",\"@id\":\"https:\\\/\\\/www.anovapeneira.gal\\\/#\\\/schema\\\/person\\\/424dfe65e3070fd8a44d22d2c088762a\",\"name\":\"Tino Lago\",\"image\":{\"@type\":\"ImageObject\",\"inLanguage\":\"gl-ES\",\"@id\":\"https:\\\/\\\/secure.gravatar.com\\\/avatar\\\/b3df6a06e44bab3111583b90f0f33a0379ee5e3d22cbadd232d39f21c30c62be?s=96&d=mm&r=g\",\"url\":\"https:\\\/\\\/secure.gravatar.com\\\/avatar\\\/b3df6a06e44bab3111583b90f0f33a0379ee5e3d22cbadd232d39f21c30c62be?s=96&d=mm&r=g\",\"contentUrl\":\"https:\\\/\\\/secure.gravatar.com\\\/avatar\\\/b3df6a06e44bab3111583b90f0f33a0379ee5e3d22cbadd232d39f21c30c62be?s=96&d=mm&r=g\",\"caption\":\"Tino Lago\"},\"sameAs\":[\"http:\\\/\\\/www.anovapeneira.gal\"],\"url\":\"https:\\\/\\\/www.anovapeneira.gal\\\/index.php\\\/author\\\/director\\\/\"}]}<\/script>\n<!-- \/ Yoast SEO plugin. -->","yoast_head_json":{"title":"Por que para Stellantis? -","robots":{"index":"index","follow":"follow","max-snippet":"max-snippet:-1","max-image-preview":"max-image-preview:large","max-video-preview":"max-video-preview:-1"},"canonical":"https:\/\/www.anovapeneira.gal\/index.php\/2025\/10\/21\/por-que-para-stellantis\/","og_locale":"gl_ES","og_type":"article","og_title":"Por que para Stellantis? -","og_description":"A principios deste mes de Outubro co\u00f1ecemos a decisi\u00f3n de Stellantis de realizar unha serie de paradas de produci\u00f3n na planta viguesa [...]","og_url":"https:\/\/www.anovapeneira.gal\/index.php\/2025\/10\/21\/por-que-para-stellantis\/","article_publisher":"https:\/\/www.facebook.com\/anovapeneira","article_published_time":"2025-10-21T08:00:35+00:00","og_image":[{"width":900,"height":540,"url":"https:\/\/www.anovapeneira.gal\/wp-content\/uploads\/2025\/10\/victor_marino.jpg","type":"image\/jpeg"}],"author":"Tino Lago","twitter_card":"summary_large_image","twitter_creator":"@APeneira","twitter_site":"@APeneira","twitter_misc":{"Escrito por":"Tino Lago","Tempo de lectura":"3 minutos"},"schema":{"@context":"https:\/\/schema.org","@graph":[{"@type":"Article","@id":"https:\/\/www.anovapeneira.gal\/index.php\/2025\/10\/21\/por-que-para-stellantis\/#article","isPartOf":{"@id":"https:\/\/www.anovapeneira.gal\/index.php\/2025\/10\/21\/por-que-para-stellantis\/"},"author":{"name":"Tino Lago","@id":"https:\/\/www.anovapeneira.gal\/#\/schema\/person\/424dfe65e3070fd8a44d22d2c088762a"},"headline":"Por que para Stellantis?","datePublished":"2025-10-21T08:00:35+00:00","mainEntityOfPage":{"@id":"https:\/\/www.anovapeneira.gal\/index.php\/2025\/10\/21\/por-que-para-stellantis\/"},"wordCount":1238,"commentCount":0,"publisher":{"@id":"https:\/\/www.anovapeneira.gal\/#organization"},"image":{"@id":"https:\/\/www.anovapeneira.gal\/index.php\/2025\/10\/21\/por-que-para-stellantis\/#primaryimage"},"thumbnailUrl":"https:\/\/www.anovapeneira.gal\/wp-content\/uploads\/2025\/10\/victor_marino.jpg","keywords":["Concello de Vigo"],"articleSection":["Sin categor\u00eda"],"inLanguage":"gl-ES","potentialAction":[{"@type":"CommentAction","name":"Comment","target":["https:\/\/www.anovapeneira.gal\/index.php\/2025\/10\/21\/por-que-para-stellantis\/#respond"]}]},{"@type":"WebPage","@id":"https:\/\/www.anovapeneira.gal\/index.php\/2025\/10\/21\/por-que-para-stellantis\/","url":"https:\/\/www.anovapeneira.gal\/index.php\/2025\/10\/21\/por-que-para-stellantis\/","name":"Por que para Stellantis? -","isPartOf":{"@id":"https:\/\/www.anovapeneira.gal\/#website"},"primaryImageOfPage":{"@id":"https:\/\/www.anovapeneira.gal\/index.php\/2025\/10\/21\/por-que-para-stellantis\/#primaryimage"},"image":{"@id":"https:\/\/www.anovapeneira.gal\/index.php\/2025\/10\/21\/por-que-para-stellantis\/#primaryimage"},"thumbnailUrl":"https:\/\/www.anovapeneira.gal\/wp-content\/uploads\/2025\/10\/victor_marino.jpg","datePublished":"2025-10-21T08:00:35+00:00","breadcrumb":{"@id":"https:\/\/www.anovapeneira.gal\/index.php\/2025\/10\/21\/por-que-para-stellantis\/#breadcrumb"},"inLanguage":"gl-ES","potentialAction":[{"@type":"ReadAction","target":["https:\/\/www.anovapeneira.gal\/index.php\/2025\/10\/21\/por-que-para-stellantis\/"]}]},{"@type":"ImageObject","inLanguage":"gl-ES","@id":"https:\/\/www.anovapeneira.gal\/index.php\/2025\/10\/21\/por-que-para-stellantis\/#primaryimage","url":"https:\/\/www.anovapeneira.gal\/wp-content\/uploads\/2025\/10\/victor_marino.jpg","contentUrl":"https:\/\/www.anovapeneira.gal\/wp-content\/uploads\/2025\/10\/victor_marino.jpg","width":900,"height":540},{"@type":"BreadcrumbList","@id":"https:\/\/www.anovapeneira.gal\/index.php\/2025\/10\/21\/por-que-para-stellantis\/#breadcrumb","itemListElement":[{"@type":"ListItem","position":1,"name":"Portada","item":"https:\/\/www.anovapeneira.gal\/"},{"@type":"ListItem","position":2,"name":"Por que para Stellantis?"}]},{"@type":"WebSite","@id":"https:\/\/www.anovapeneira.gal\/#website","url":"https:\/\/www.anovapeneira.gal\/","name":"","description":"Xornal galego de informaci\u00f3n xeral Publicaci\u00f3n mensual de novas de Galicia e en especial dos Concellos da sur da provincia de Pontevedra.","publisher":{"@id":"https:\/\/www.anovapeneira.gal\/#organization"},"potentialAction":[{"@type":"SearchAction","target":{"@type":"EntryPoint","urlTemplate":"https:\/\/www.anovapeneira.gal\/?s={search_term_string}"},"query-input":{"@type":"PropertyValueSpecification","valueRequired":true,"valueName":"search_term_string"}}],"inLanguage":"gl-ES"},{"@type":"Organization","@id":"https:\/\/www.anovapeneira.gal\/#organization","name":"A Nova Peneira","url":"https:\/\/www.anovapeneira.gal\/","logo":{"@type":"ImageObject","inLanguage":"gl-ES","@id":"https:\/\/www.anovapeneira.gal\/#\/schema\/logo\/image\/","url":"http:\/\/www.anovapeneira.gal\/wp-content\/uploads\/2019\/06\/logo_a_nova_peneira_portal_web.png","contentUrl":"http:\/\/www.anovapeneira.gal\/wp-content\/uploads\/2019\/06\/logo_a_nova_peneira_portal_web.png","width":300,"height":100,"caption":"A Nova Peneira"},"image":{"@id":"https:\/\/www.anovapeneira.gal\/#\/schema\/logo\/image\/"},"sameAs":["https:\/\/www.facebook.com\/anovapeneira","https:\/\/x.com\/APeneira"]},{"@type":"Person","@id":"https:\/\/www.anovapeneira.gal\/#\/schema\/person\/424dfe65e3070fd8a44d22d2c088762a","name":"Tino Lago","image":{"@type":"ImageObject","inLanguage":"gl-ES","@id":"https:\/\/secure.gravatar.com\/avatar\/b3df6a06e44bab3111583b90f0f33a0379ee5e3d22cbadd232d39f21c30c62be?s=96&d=mm&r=g","url":"https:\/\/secure.gravatar.com\/avatar\/b3df6a06e44bab3111583b90f0f33a0379ee5e3d22cbadd232d39f21c30c62be?s=96&d=mm&r=g","contentUrl":"https:\/\/secure.gravatar.com\/avatar\/b3df6a06e44bab3111583b90f0f33a0379ee5e3d22cbadd232d39f21c30c62be?s=96&d=mm&r=g","caption":"Tino Lago"},"sameAs":["http:\/\/www.anovapeneira.gal"],"url":"https:\/\/www.anovapeneira.gal\/index.php\/author\/director\/"}]}},"jetpack_featured_media_url":"https:\/\/www.anovapeneira.gal\/wp-content\/uploads\/2025\/10\/victor_marino.jpg","_links":{"self":[{"href":"https:\/\/www.anovapeneira.gal\/index.php\/wp-json\/wp\/v2\/posts\/14821","targetHints":{"allow":["GET"]}}],"collection":[{"href":"https:\/\/www.anovapeneira.gal\/index.php\/wp-json\/wp\/v2\/posts"}],"about":[{"href":"https:\/\/www.anovapeneira.gal\/index.php\/wp-json\/wp\/v2\/types\/post"}],"author":[{"embeddable":true,"href":"https:\/\/www.anovapeneira.gal\/index.php\/wp-json\/wp\/v2\/users\/2"}],"replies":[{"embeddable":true,"href":"https:\/\/www.anovapeneira.gal\/index.php\/wp-json\/wp\/v2\/comments?post=14821"}],"version-history":[{"count":1,"href":"https:\/\/www.anovapeneira.gal\/index.php\/wp-json\/wp\/v2\/posts\/14821\/revisions"}],"predecessor-version":[{"id":14823,"href":"https:\/\/www.anovapeneira.gal\/index.php\/wp-json\/wp\/v2\/posts\/14821\/revisions\/14823"}],"wp:featuredmedia":[{"embeddable":true,"href":"https:\/\/www.anovapeneira.gal\/index.php\/wp-json\/wp\/v2\/media\/14822"}],"wp:attachment":[{"href":"https:\/\/www.anovapeneira.gal\/index.php\/wp-json\/wp\/v2\/media?parent=14821"}],"wp:term":[{"taxonomy":"category","embeddable":true,"href":"https:\/\/www.anovapeneira.gal\/index.php\/wp-json\/wp\/v2\/categories?post=14821"},{"taxonomy":"post_tag","embeddable":true,"href":"https:\/\/www.anovapeneira.gal\/index.php\/wp-json\/wp\/v2\/tags?post=14821"}],"curies":[{"name":"wp","href":"https:\/\/api.w.org\/{rel}","templated":true}]}}