{"id":14824,"date":"2025-10-21T12:00:32","date_gmt":"2025-10-21T10:00:32","guid":{"rendered":"https:\/\/www.anovapeneira.gal\/?p=14824"},"modified":"2025-10-20T21:05:15","modified_gmt":"2025-10-20T19:05:15","slug":"o-pp-de-redondela-lamenta-a-nefasta-xestion-dos-fondos-europeos-do-goberno-de-digna-rivas-tras-perder-28-millons-de-euros-nas-duas-ultimas-convocatorias","status":"publish","type":"post","link":"https:\/\/www.anovapeneira.gal\/index.php\/2025\/10\/21\/o-pp-de-redondela-lamenta-a-nefasta-xestion-dos-fondos-europeos-do-goberno-de-digna-rivas-tras-perder-28-millons-de-euros-nas-duas-ultimas-convocatorias\/","title":{"rendered":"O PP de Redondela lamenta a \u201cnefasta xesti\u00f3n\u201d dos fondos europeos do goberno de Digna Rivas tras perder 2,8 mill\u00f3ns de euros nas d\u00faas \u00faltimas convocatorias"},"content":{"rendered":"\n<p>Os populares califican de \u201cinadmisible\u201d que o Concello te\u00f1a pouca ambici\u00f3n e reciba s\u00f3 4,9 mill\u00f3ns de euros mentres Mar\u00edn, O Porri\u00f1o, Ponteareas ou Lal\u00edn superan os 6,5 mill\u00f3ns \u201ccomo se non fixeran falta m\u00e1is cartos para o auditorio ou o pavill\u00f3n de Chapela\u201d<\/p>\n\n\n\n<p>\u00b7 Lembran que na edici\u00f3n precedente o proxecto presentado polo goberno de Javier Bas obtivo a cont\u00eda m\u00e1xima destas achegas Feder, pero a xesti\u00f3n correspondeu ao executivo socialista tras o cambio no Concello e deixou de executar 1,2 mill\u00f3ns de euros<\/p>\n\n\n\n<p><strong>Redondela, 6 de outubro de 2025.<\/strong><\/p>\n\n\n\n<p>O grupo municipal do PP de Redondela v\u00e9n de lamentar a \u201cnefasta xesti\u00f3n\u201d dos fondos europeos por parte do goberno local de Digna Rivas tras a resoluci\u00f3n do Plan de Estratexias de Desenvolvemento Integrado Local (EDIL) coa concesi\u00f3n de 4,9 mill\u00f3ns ao Concello, xa que denunciaron que o executivo socialista xa perdeu 2,8 mill\u00f3ns de euros nas d\u00faas \u00faltimas convocatorias. Ademais, non desbotan que a cont\u00eda desperdiciada sexa superior xa que dubidan da s\u00faa capacidade para executar o 100% da achega, tal e como sucedeu na edici\u00f3n precedente.<\/p>\n\n\n\n<p><br>Os populares amosaron o seu apoio a que o Concello concorra a esta orde de subvenci\u00f3ns e tam\u00e9n valoraron positivamente que reciba a citada axuda para actuaci\u00f3ns que son imprescindibles para Redondela, pero calificaron de \u201cinadmisible\u201d a pouca ambici\u00f3n e a pouca altura de miras do executivo socialista na presentaci\u00f3n de proxectos, xa que revelaron que outros termos da provincia, como Mar\u00edn, O Porri\u00f1o, Ponteareas ou Lal\u00edn espremeron ao m\u00e1ximo a convocatoria e obtiveron a cont\u00eda m\u00e1xima, cifrada en algo m\u00e1is de 6,5 mill\u00f3ns de euros. En definitiva, o Concello de Redondela deixou pasar a oportunidade de recibir 1.574.000 euros ao abeiro do actual plan europeo.<\/p>\n\n\n\n<p><br>ou se non fixeran falta m\u00e1is cartos, porque queremos lembrar que seguimos a ser o \u00fanico concello de m\u00e1is de 20.000 habitantes da provincia sen auditorio e a necesidade dun pavill\u00f3n en Chapela \u00e9 urxente, por s\u00f3 citar dous exemplos clamorosos\u201d, manifestou o voceiro, Javier Bas, que cre que esta situaci\u00f3n demostra \u201cque temos un executivo m\u00e1is incapaz que os dos demais concellos, porque obt\u00e9n menos cartos que eles e dos que poder\u00eda conseguir e deixa que, coma sempre, nos adianten por todos lados mentres os redondel\u00e1ns levan anos agardando por investimentos e proxectos importantes\u201d.<\/p>\n\n\n\n<p><br>Pero \u00e9 que ademais, o PP local sinalou que esta deficiente xesti\u00f3n dos fondos europeos Feder por parte dos socialistas xa se producira na anterior convocatoria, \u00e1 que Redondela concorreu cun proxecto elaborado polo goberno de Javier Bas e obtivo a m\u00e1xima cont\u00eda, de case 5 mill\u00f3ns de euros. Sen embargo, a execuci\u00f3n das distintas iniciativas correspondeulle a Digna Rivas tras o cambio no Concello e s\u00f3 se realizou o 76% do proxectado, polo que se perderon outros 1,2 mill\u00f3ns de euros.<\/p>\n\n\n\n<p>\u201cO Concello non est\u00e1 a aproveitar axeitadamente as convocatorias de axudas que se lle presentan e deixa pasar mill\u00f3ns de euros pola porta que si benefician a outros municipios da nosa contorna que contan con alcaldes m\u00e1is dilixentes e que si traballan e se preocupan por conseguir ata o \u00faltimo euro para os seus veci\u00f1os. Con eses case 3 mill\u00f3ns perdidos poder\u00edamos afrontar moitas actuaci\u00f3ns<br>necesarias e, mentres tanto, Digna Rivas qu\u00e9ixase de que non ten cartos, pero cando llos ofrecen non fai por collelos\u201d, conclu\u00edu Javier Bas.<\/p>\n","protected":false},"excerpt":{"rendered":"<div class=\"mh-excerpt\"><p>Os populares califican de \u201cinadmisible\u201d que o Concello te\u00f1a pouca ambici\u00f3n e reciba s\u00f3 4,9 mill\u00f3ns de euros mentres Mar\u00edn, O Porri\u00f1o, Ponteareas ou Lal\u00edn superan os 6,5 mill\u00f3ns \u201ccomo se non fixeran falta m\u00e1is cartos para o auditorio ou o pavill\u00f3n de Chapela\u201d <a class=\"mh-excerpt-more\" href=\"https:\/\/www.anovapeneira.gal\/index.php\/2025\/10\/21\/o-pp-de-redondela-lamenta-a-nefasta-xestion-dos-fondos-europeos-do-goberno-de-digna-rivas-tras-perder-28-millons-de-euros-nas-duas-ultimas-convocatorias\/\" title=\"O PP de Redondela lamenta a \u201cnefasta xesti\u00f3n\u201d dos fondos europeos do goberno de Digna Rivas tras perder 2,8 mill\u00f3ns de euros nas d\u00faas \u00faltimas convocatorias\">[&#8230;]<\/a><\/p>\n<\/div>","protected":false},"author":3,"featured_media":9476,"comment_status":"open","ping_status":"open","sticky":false,"template":"","format":"standard","meta":{"_exactmetrics_skip_tracking":false,"_exactmetrics_sitenote_active":false,"_exactmetrics_sitenote_note":"","_exactmetrics_sitenote_category":0,"footnotes":""},"categories":[24],"tags":[171],"class_list":{"0":"post-14824","1":"post","2":"type-post","3":"status-publish","4":"format-standard","5":"has-post-thumbnail","7":"category-redondela","8":"tag-concello-de-redondela"},"yoast_head":"<!-- This site is optimized with the Yoast SEO plugin v27.4 - https:\/\/yoast.com\/product\/yoast-seo-wordpress\/ -->\n<title>O PP de Redondela lamenta a \u201cnefasta xesti\u00f3n\u201d dos fondos europeos do goberno de Digna Rivas tras perder 2,8 mill\u00f3ns de euros nas d\u00faas \u00faltimas convocatorias -<\/title>\n<meta name=\"robots\" content=\"index, follow, max-snippet:-1, max-image-preview:large, max-video-preview:-1\" \/>\n<link rel=\"canonical\" href=\"https:\/\/www.anovapeneira.gal\/index.php\/2025\/10\/21\/o-pp-de-redondela-lamenta-a-nefasta-xestion-dos-fondos-europeos-do-goberno-de-digna-rivas-tras-perder-28-millons-de-euros-nas-duas-ultimas-convocatorias\/\" \/>\n<meta property=\"og:locale\" content=\"gl_ES\" \/>\n<meta property=\"og:type\" content=\"article\" \/>\n<meta property=\"og:title\" content=\"O PP de Redondela lamenta a \u201cnefasta xesti\u00f3n\u201d dos fondos europeos do goberno de Digna Rivas tras perder 2,8 mill\u00f3ns de euros nas d\u00faas \u00faltimas convocatorias -\" \/>\n<meta property=\"og:description\" content=\"Os populares califican de \u201cinadmisible\u201d que o Concello te\u00f1a pouca ambici\u00f3n e reciba s\u00f3 4,9 mill\u00f3ns de euros mentres Mar\u00edn, O Porri\u00f1o, Ponteareas ou Lal\u00edn superan os 6,5 mill\u00f3ns \u201ccomo se non fixeran falta m\u00e1is cartos para o auditorio ou o pavill\u00f3n de Chapela\u201d [...]\" \/>\n<meta property=\"og:url\" content=\"https:\/\/www.anovapeneira.gal\/index.php\/2025\/10\/21\/o-pp-de-redondela-lamenta-a-nefasta-xestion-dos-fondos-europeos-do-goberno-de-digna-rivas-tras-perder-28-millons-de-euros-nas-duas-ultimas-convocatorias\/\" \/>\n<meta property=\"article:publisher\" content=\"https:\/\/www.facebook.com\/anovapeneira\" \/>\n<meta property=\"article:published_time\" content=\"2025-10-21T10:00:32+00:00\" \/>\n<meta property=\"og:image\" content=\"https:\/\/www.anovapeneira.gal\/wp-content\/uploads\/2023\/04\/pp_redondela.jpg\" \/>\n\t<meta property=\"og:image:width\" content=\"720\" \/>\n\t<meta property=\"og:image:height\" content=\"432\" \/>\n\t<meta property=\"og:image:type\" content=\"image\/jpeg\" \/>\n<meta name=\"author\" content=\"Redacci\u00f3n A Nova Peneira\" \/>\n<meta name=\"twitter:card\" content=\"summary_large_image\" \/>\n<meta name=\"twitter:creator\" content=\"@APeneira\" \/>\n<meta name=\"twitter:site\" content=\"@APeneira\" \/>\n<meta name=\"twitter:label1\" content=\"Escrito por\" \/>\n\t<meta name=\"twitter:data1\" content=\"Redacci\u00f3n A Nova Peneira\" \/>\n\t<meta name=\"twitter:label2\" content=\"Tempo de lectura\" \/>\n\t<meta name=\"twitter:data2\" content=\"4 minutos\" \/>\n<script type=\"application\/ld+json\" class=\"yoast-schema-graph\">{\"@context\":\"https:\\\/\\\/schema.org\",\"@graph\":[{\"@type\":\"Article\",\"@id\":\"https:\\\/\\\/www.anovapeneira.gal\\\/index.php\\\/2025\\\/10\\\/21\\\/o-pp-de-redondela-lamenta-a-nefasta-xestion-dos-fondos-europeos-do-goberno-de-digna-rivas-tras-perder-28-millons-de-euros-nas-duas-ultimas-convocatorias\\\/#article\",\"isPartOf\":{\"@id\":\"https:\\\/\\\/www.anovapeneira.gal\\\/index.php\\\/2025\\\/10\\\/21\\\/o-pp-de-redondela-lamenta-a-nefasta-xestion-dos-fondos-europeos-do-goberno-de-digna-rivas-tras-perder-28-millons-de-euros-nas-duas-ultimas-convocatorias\\\/\"},\"author\":{\"name\":\"Redacci\u00f3n A Nova Peneira\",\"@id\":\"https:\\\/\\\/www.anovapeneira.gal\\\/#\\\/schema\\\/person\\\/b93e3f8932e3f8da96334607eb6ac6aa\"},\"headline\":\"O PP de Redondela lamenta a \u201cnefasta xesti\u00f3n\u201d dos fondos europeos do goberno de Digna Rivas tras perder 2,8 mill\u00f3ns de euros nas d\u00faas \u00faltimas convocatorias\",\"datePublished\":\"2025-10-21T10:00:32+00:00\",\"mainEntityOfPage\":{\"@id\":\"https:\\\/\\\/www.anovapeneira.gal\\\/index.php\\\/2025\\\/10\\\/21\\\/o-pp-de-redondela-lamenta-a-nefasta-xestion-dos-fondos-europeos-do-goberno-de-digna-rivas-tras-perder-28-millons-de-euros-nas-duas-ultimas-convocatorias\\\/\"},\"wordCount\":617,\"commentCount\":0,\"publisher\":{\"@id\":\"https:\\\/\\\/www.anovapeneira.gal\\\/#organization\"},\"image\":{\"@id\":\"https:\\\/\\\/www.anovapeneira.gal\\\/index.php\\\/2025\\\/10\\\/21\\\/o-pp-de-redondela-lamenta-a-nefasta-xestion-dos-fondos-europeos-do-goberno-de-digna-rivas-tras-perder-28-millons-de-euros-nas-duas-ultimas-convocatorias\\\/#primaryimage\"},\"thumbnailUrl\":\"https:\\\/\\\/www.anovapeneira.gal\\\/wp-content\\\/uploads\\\/2023\\\/04\\\/pp_redondela.jpg\",\"keywords\":[\"Concello de Redondela\"],\"articleSection\":[\"Redondela\"],\"inLanguage\":\"gl-ES\",\"potentialAction\":[{\"@type\":\"CommentAction\",\"name\":\"Comment\",\"target\":[\"https:\\\/\\\/www.anovapeneira.gal\\\/index.php\\\/2025\\\/10\\\/21\\\/o-pp-de-redondela-lamenta-a-nefasta-xestion-dos-fondos-europeos-do-goberno-de-digna-rivas-tras-perder-28-millons-de-euros-nas-duas-ultimas-convocatorias\\\/#respond\"]}]},{\"@type\":\"WebPage\",\"@id\":\"https:\\\/\\\/www.anovapeneira.gal\\\/index.php\\\/2025\\\/10\\\/21\\\/o-pp-de-redondela-lamenta-a-nefasta-xestion-dos-fondos-europeos-do-goberno-de-digna-rivas-tras-perder-28-millons-de-euros-nas-duas-ultimas-convocatorias\\\/\",\"url\":\"https:\\\/\\\/www.anovapeneira.gal\\\/index.php\\\/2025\\\/10\\\/21\\\/o-pp-de-redondela-lamenta-a-nefasta-xestion-dos-fondos-europeos-do-goberno-de-digna-rivas-tras-perder-28-millons-de-euros-nas-duas-ultimas-convocatorias\\\/\",\"name\":\"O PP de Redondela lamenta a \u201cnefasta xesti\u00f3n\u201d dos fondos europeos do goberno de Digna Rivas tras perder 2,8 mill\u00f3ns de euros nas d\u00faas \u00faltimas convocatorias -\",\"isPartOf\":{\"@id\":\"https:\\\/\\\/www.anovapeneira.gal\\\/#website\"},\"primaryImageOfPage\":{\"@id\":\"https:\\\/\\\/www.anovapeneira.gal\\\/index.php\\\/2025\\\/10\\\/21\\\/o-pp-de-redondela-lamenta-a-nefasta-xestion-dos-fondos-europeos-do-goberno-de-digna-rivas-tras-perder-28-millons-de-euros-nas-duas-ultimas-convocatorias\\\/#primaryimage\"},\"image\":{\"@id\":\"https:\\\/\\\/www.anovapeneira.gal\\\/index.php\\\/2025\\\/10\\\/21\\\/o-pp-de-redondela-lamenta-a-nefasta-xestion-dos-fondos-europeos-do-goberno-de-digna-rivas-tras-perder-28-millons-de-euros-nas-duas-ultimas-convocatorias\\\/#primaryimage\"},\"thumbnailUrl\":\"https:\\\/\\\/www.anovapeneira.gal\\\/wp-content\\\/uploads\\\/2023\\\/04\\\/pp_redondela.jpg\",\"datePublished\":\"2025-10-21T10:00:32+00:00\",\"breadcrumb\":{\"@id\":\"https:\\\/\\\/www.anovapeneira.gal\\\/index.php\\\/2025\\\/10\\\/21\\\/o-pp-de-redondela-lamenta-a-nefasta-xestion-dos-fondos-europeos-do-goberno-de-digna-rivas-tras-perder-28-millons-de-euros-nas-duas-ultimas-convocatorias\\\/#breadcrumb\"},\"inLanguage\":\"gl-ES\",\"potentialAction\":[{\"@type\":\"ReadAction\",\"target\":[\"https:\\\/\\\/www.anovapeneira.gal\\\/index.php\\\/2025\\\/10\\\/21\\\/o-pp-de-redondela-lamenta-a-nefasta-xestion-dos-fondos-europeos-do-goberno-de-digna-rivas-tras-perder-28-millons-de-euros-nas-duas-ultimas-convocatorias\\\/\"]}]},{\"@type\":\"ImageObject\",\"inLanguage\":\"gl-ES\",\"@id\":\"https:\\\/\\\/www.anovapeneira.gal\\\/index.php\\\/2025\\\/10\\\/21\\\/o-pp-de-redondela-lamenta-a-nefasta-xestion-dos-fondos-europeos-do-goberno-de-digna-rivas-tras-perder-28-millons-de-euros-nas-duas-ultimas-convocatorias\\\/#primaryimage\",\"url\":\"https:\\\/\\\/www.anovapeneira.gal\\\/wp-content\\\/uploads\\\/2023\\\/04\\\/pp_redondela.jpg\",\"contentUrl\":\"https:\\\/\\\/www.anovapeneira.gal\\\/wp-content\\\/uploads\\\/2023\\\/04\\\/pp_redondela.jpg\",\"width\":720,\"height\":432,\"caption\":\"Javier Bas candidato do PP \u00e1 alcald\u00eda de Redondela\"},{\"@type\":\"BreadcrumbList\",\"@id\":\"https:\\\/\\\/www.anovapeneira.gal\\\/index.php\\\/2025\\\/10\\\/21\\\/o-pp-de-redondela-lamenta-a-nefasta-xestion-dos-fondos-europeos-do-goberno-de-digna-rivas-tras-perder-28-millons-de-euros-nas-duas-ultimas-convocatorias\\\/#breadcrumb\",\"itemListElement\":[{\"@type\":\"ListItem\",\"position\":1,\"name\":\"Portada\",\"item\":\"https:\\\/\\\/www.anovapeneira.gal\\\/\"},{\"@type\":\"ListItem\",\"position\":2,\"name\":\"O PP de Redondela lamenta a \u201cnefasta xesti\u00f3n\u201d dos fondos europeos do goberno de Digna Rivas tras perder 2,8 mill\u00f3ns de euros nas d\u00faas \u00faltimas convocatorias\"}]},{\"@type\":\"WebSite\",\"@id\":\"https:\\\/\\\/www.anovapeneira.gal\\\/#website\",\"url\":\"https:\\\/\\\/www.anovapeneira.gal\\\/\",\"name\":\"\",\"description\":\"Xornal galego de informaci\u00f3n xeral Publicaci\u00f3n mensual de novas de Galicia e en especial dos Concellos da sur da provincia de Pontevedra.\",\"publisher\":{\"@id\":\"https:\\\/\\\/www.anovapeneira.gal\\\/#organization\"},\"potentialAction\":[{\"@type\":\"SearchAction\",\"target\":{\"@type\":\"EntryPoint\",\"urlTemplate\":\"https:\\\/\\\/www.anovapeneira.gal\\\/?s={search_term_string}\"},\"query-input\":{\"@type\":\"PropertyValueSpecification\",\"valueRequired\":true,\"valueName\":\"search_term_string\"}}],\"inLanguage\":\"gl-ES\"},{\"@type\":\"Organization\",\"@id\":\"https:\\\/\\\/www.anovapeneira.gal\\\/#organization\",\"name\":\"A Nova Peneira\",\"url\":\"https:\\\/\\\/www.anovapeneira.gal\\\/\",\"logo\":{\"@type\":\"ImageObject\",\"inLanguage\":\"gl-ES\",\"@id\":\"https:\\\/\\\/www.anovapeneira.gal\\\/#\\\/schema\\\/logo\\\/image\\\/\",\"url\":\"http:\\\/\\\/www.anovapeneira.gal\\\/wp-content\\\/uploads\\\/2019\\\/06\\\/logo_a_nova_peneira_portal_web.png\",\"contentUrl\":\"http:\\\/\\\/www.anovapeneira.gal\\\/wp-content\\\/uploads\\\/2019\\\/06\\\/logo_a_nova_peneira_portal_web.png\",\"width\":300,\"height\":100,\"caption\":\"A Nova Peneira\"},\"image\":{\"@id\":\"https:\\\/\\\/www.anovapeneira.gal\\\/#\\\/schema\\\/logo\\\/image\\\/\"},\"sameAs\":[\"https:\\\/\\\/www.facebook.com\\\/anovapeneira\",\"https:\\\/\\\/x.com\\\/APeneira\"]},{\"@type\":\"Person\",\"@id\":\"https:\\\/\\\/www.anovapeneira.gal\\\/#\\\/schema\\\/person\\\/b93e3f8932e3f8da96334607eb6ac6aa\",\"name\":\"Redacci\u00f3n A Nova Peneira\",\"image\":{\"@type\":\"ImageObject\",\"inLanguage\":\"gl-ES\",\"@id\":\"https:\\\/\\\/secure.gravatar.com\\\/avatar\\\/c052a2551a06e23fac63626232eaa90abd78dbcf1700fc46a2b2c89fd27b735f?s=96&d=mm&r=g\",\"url\":\"https:\\\/\\\/secure.gravatar.com\\\/avatar\\\/c052a2551a06e23fac63626232eaa90abd78dbcf1700fc46a2b2c89fd27b735f?s=96&d=mm&r=g\",\"contentUrl\":\"https:\\\/\\\/secure.gravatar.com\\\/avatar\\\/c052a2551a06e23fac63626232eaa90abd78dbcf1700fc46a2b2c89fd27b735f?s=96&d=mm&r=g\",\"caption\":\"Redacci\u00f3n A Nova Peneira\"},\"sameAs\":[\"http:\\\/\\\/www.anovapeneira.gal\\\/\"],\"url\":\"https:\\\/\\\/www.anovapeneira.gal\\\/index.php\\\/author\\\/redactor\\\/\"}]}<\/script>\n<!-- \/ Yoast SEO plugin. -->","yoast_head_json":{"title":"O PP de Redondela lamenta a \u201cnefasta xesti\u00f3n\u201d dos fondos europeos do goberno de Digna Rivas tras perder 2,8 mill\u00f3ns de euros nas d\u00faas \u00faltimas convocatorias -","robots":{"index":"index","follow":"follow","max-snippet":"max-snippet:-1","max-image-preview":"max-image-preview:large","max-video-preview":"max-video-preview:-1"},"canonical":"https:\/\/www.anovapeneira.gal\/index.php\/2025\/10\/21\/o-pp-de-redondela-lamenta-a-nefasta-xestion-dos-fondos-europeos-do-goberno-de-digna-rivas-tras-perder-28-millons-de-euros-nas-duas-ultimas-convocatorias\/","og_locale":"gl_ES","og_type":"article","og_title":"O PP de Redondela lamenta a \u201cnefasta xesti\u00f3n\u201d dos fondos europeos do goberno de Digna Rivas tras perder 2,8 mill\u00f3ns de euros nas d\u00faas \u00faltimas convocatorias -","og_description":"Os populares califican de \u201cinadmisible\u201d que o Concello te\u00f1a pouca ambici\u00f3n e reciba s\u00f3 4,9 mill\u00f3ns de euros mentres Mar\u00edn, O Porri\u00f1o, Ponteareas ou Lal\u00edn superan os 6,5 mill\u00f3ns \u201ccomo se non fixeran falta m\u00e1is cartos para o auditorio ou o pavill\u00f3n de Chapela\u201d [...]","og_url":"https:\/\/www.anovapeneira.gal\/index.php\/2025\/10\/21\/o-pp-de-redondela-lamenta-a-nefasta-xestion-dos-fondos-europeos-do-goberno-de-digna-rivas-tras-perder-28-millons-de-euros-nas-duas-ultimas-convocatorias\/","article_publisher":"https:\/\/www.facebook.com\/anovapeneira","article_published_time":"2025-10-21T10:00:32+00:00","og_image":[{"width":720,"height":432,"url":"https:\/\/www.anovapeneira.gal\/wp-content\/uploads\/2023\/04\/pp_redondela.jpg","type":"image\/jpeg"}],"author":"Redacci\u00f3n A Nova Peneira","twitter_card":"summary_large_image","twitter_creator":"@APeneira","twitter_site":"@APeneira","twitter_misc":{"Escrito por":"Redacci\u00f3n A Nova Peneira","Tempo de lectura":"4 minutos"},"schema":{"@context":"https:\/\/schema.org","@graph":[{"@type":"Article","@id":"https:\/\/www.anovapeneira.gal\/index.php\/2025\/10\/21\/o-pp-de-redondela-lamenta-a-nefasta-xestion-dos-fondos-europeos-do-goberno-de-digna-rivas-tras-perder-28-millons-de-euros-nas-duas-ultimas-convocatorias\/#article","isPartOf":{"@id":"https:\/\/www.anovapeneira.gal\/index.php\/2025\/10\/21\/o-pp-de-redondela-lamenta-a-nefasta-xestion-dos-fondos-europeos-do-goberno-de-digna-rivas-tras-perder-28-millons-de-euros-nas-duas-ultimas-convocatorias\/"},"author":{"name":"Redacci\u00f3n A Nova Peneira","@id":"https:\/\/www.anovapeneira.gal\/#\/schema\/person\/b93e3f8932e3f8da96334607eb6ac6aa"},"headline":"O PP de Redondela lamenta a \u201cnefasta xesti\u00f3n\u201d dos fondos europeos do goberno de Digna Rivas tras perder 2,8 mill\u00f3ns de euros nas d\u00faas \u00faltimas convocatorias","datePublished":"2025-10-21T10:00:32+00:00","mainEntityOfPage":{"@id":"https:\/\/www.anovapeneira.gal\/index.php\/2025\/10\/21\/o-pp-de-redondela-lamenta-a-nefasta-xestion-dos-fondos-europeos-do-goberno-de-digna-rivas-tras-perder-28-millons-de-euros-nas-duas-ultimas-convocatorias\/"},"wordCount":617,"commentCount":0,"publisher":{"@id":"https:\/\/www.anovapeneira.gal\/#organization"},"image":{"@id":"https:\/\/www.anovapeneira.gal\/index.php\/2025\/10\/21\/o-pp-de-redondela-lamenta-a-nefasta-xestion-dos-fondos-europeos-do-goberno-de-digna-rivas-tras-perder-28-millons-de-euros-nas-duas-ultimas-convocatorias\/#primaryimage"},"thumbnailUrl":"https:\/\/www.anovapeneira.gal\/wp-content\/uploads\/2023\/04\/pp_redondela.jpg","keywords":["Concello de Redondela"],"articleSection":["Redondela"],"inLanguage":"gl-ES","potentialAction":[{"@type":"CommentAction","name":"Comment","target":["https:\/\/www.anovapeneira.gal\/index.php\/2025\/10\/21\/o-pp-de-redondela-lamenta-a-nefasta-xestion-dos-fondos-europeos-do-goberno-de-digna-rivas-tras-perder-28-millons-de-euros-nas-duas-ultimas-convocatorias\/#respond"]}]},{"@type":"WebPage","@id":"https:\/\/www.anovapeneira.gal\/index.php\/2025\/10\/21\/o-pp-de-redondela-lamenta-a-nefasta-xestion-dos-fondos-europeos-do-goberno-de-digna-rivas-tras-perder-28-millons-de-euros-nas-duas-ultimas-convocatorias\/","url":"https:\/\/www.anovapeneira.gal\/index.php\/2025\/10\/21\/o-pp-de-redondela-lamenta-a-nefasta-xestion-dos-fondos-europeos-do-goberno-de-digna-rivas-tras-perder-28-millons-de-euros-nas-duas-ultimas-convocatorias\/","name":"O PP de Redondela lamenta a \u201cnefasta xesti\u00f3n\u201d dos fondos europeos do goberno de Digna Rivas tras perder 2,8 mill\u00f3ns de euros nas d\u00faas \u00faltimas convocatorias -","isPartOf":{"@id":"https:\/\/www.anovapeneira.gal\/#website"},"primaryImageOfPage":{"@id":"https:\/\/www.anovapeneira.gal\/index.php\/2025\/10\/21\/o-pp-de-redondela-lamenta-a-nefasta-xestion-dos-fondos-europeos-do-goberno-de-digna-rivas-tras-perder-28-millons-de-euros-nas-duas-ultimas-convocatorias\/#primaryimage"},"image":{"@id":"https:\/\/www.anovapeneira.gal\/index.php\/2025\/10\/21\/o-pp-de-redondela-lamenta-a-nefasta-xestion-dos-fondos-europeos-do-goberno-de-digna-rivas-tras-perder-28-millons-de-euros-nas-duas-ultimas-convocatorias\/#primaryimage"},"thumbnailUrl":"https:\/\/www.anovapeneira.gal\/wp-content\/uploads\/2023\/04\/pp_redondela.jpg","datePublished":"2025-10-21T10:00:32+00:00","breadcrumb":{"@id":"https:\/\/www.anovapeneira.gal\/index.php\/2025\/10\/21\/o-pp-de-redondela-lamenta-a-nefasta-xestion-dos-fondos-europeos-do-goberno-de-digna-rivas-tras-perder-28-millons-de-euros-nas-duas-ultimas-convocatorias\/#breadcrumb"},"inLanguage":"gl-ES","potentialAction":[{"@type":"ReadAction","target":["https:\/\/www.anovapeneira.gal\/index.php\/2025\/10\/21\/o-pp-de-redondela-lamenta-a-nefasta-xestion-dos-fondos-europeos-do-goberno-de-digna-rivas-tras-perder-28-millons-de-euros-nas-duas-ultimas-convocatorias\/"]}]},{"@type":"ImageObject","inLanguage":"gl-ES","@id":"https:\/\/www.anovapeneira.gal\/index.php\/2025\/10\/21\/o-pp-de-redondela-lamenta-a-nefasta-xestion-dos-fondos-europeos-do-goberno-de-digna-rivas-tras-perder-28-millons-de-euros-nas-duas-ultimas-convocatorias\/#primaryimage","url":"https:\/\/www.anovapeneira.gal\/wp-content\/uploads\/2023\/04\/pp_redondela.jpg","contentUrl":"https:\/\/www.anovapeneira.gal\/wp-content\/uploads\/2023\/04\/pp_redondela.jpg","width":720,"height":432,"caption":"Javier Bas candidato do PP \u00e1 alcald\u00eda de Redondela"},{"@type":"BreadcrumbList","@id":"https:\/\/www.anovapeneira.gal\/index.php\/2025\/10\/21\/o-pp-de-redondela-lamenta-a-nefasta-xestion-dos-fondos-europeos-do-goberno-de-digna-rivas-tras-perder-28-millons-de-euros-nas-duas-ultimas-convocatorias\/#breadcrumb","itemListElement":[{"@type":"ListItem","position":1,"name":"Portada","item":"https:\/\/www.anovapeneira.gal\/"},{"@type":"ListItem","position":2,"name":"O PP de Redondela lamenta a \u201cnefasta xesti\u00f3n\u201d dos fondos europeos do goberno de Digna Rivas tras perder 2,8 mill\u00f3ns de euros nas d\u00faas \u00faltimas convocatorias"}]},{"@type":"WebSite","@id":"https:\/\/www.anovapeneira.gal\/#website","url":"https:\/\/www.anovapeneira.gal\/","name":"","description":"Xornal galego de informaci\u00f3n xeral Publicaci\u00f3n mensual de novas de Galicia e en especial dos Concellos da sur da provincia de Pontevedra.","publisher":{"@id":"https:\/\/www.anovapeneira.gal\/#organization"},"potentialAction":[{"@type":"SearchAction","target":{"@type":"EntryPoint","urlTemplate":"https:\/\/www.anovapeneira.gal\/?s={search_term_string}"},"query-input":{"@type":"PropertyValueSpecification","valueRequired":true,"valueName":"search_term_string"}}],"inLanguage":"gl-ES"},{"@type":"Organization","@id":"https:\/\/www.anovapeneira.gal\/#organization","name":"A Nova Peneira","url":"https:\/\/www.anovapeneira.gal\/","logo":{"@type":"ImageObject","inLanguage":"gl-ES","@id":"https:\/\/www.anovapeneira.gal\/#\/schema\/logo\/image\/","url":"http:\/\/www.anovapeneira.gal\/wp-content\/uploads\/2019\/06\/logo_a_nova_peneira_portal_web.png","contentUrl":"http:\/\/www.anovapeneira.gal\/wp-content\/uploads\/2019\/06\/logo_a_nova_peneira_portal_web.png","width":300,"height":100,"caption":"A Nova Peneira"},"image":{"@id":"https:\/\/www.anovapeneira.gal\/#\/schema\/logo\/image\/"},"sameAs":["https:\/\/www.facebook.com\/anovapeneira","https:\/\/x.com\/APeneira"]},{"@type":"Person","@id":"https:\/\/www.anovapeneira.gal\/#\/schema\/person\/b93e3f8932e3f8da96334607eb6ac6aa","name":"Redacci\u00f3n A Nova Peneira","image":{"@type":"ImageObject","inLanguage":"gl-ES","@id":"https:\/\/secure.gravatar.com\/avatar\/c052a2551a06e23fac63626232eaa90abd78dbcf1700fc46a2b2c89fd27b735f?s=96&d=mm&r=g","url":"https:\/\/secure.gravatar.com\/avatar\/c052a2551a06e23fac63626232eaa90abd78dbcf1700fc46a2b2c89fd27b735f?s=96&d=mm&r=g","contentUrl":"https:\/\/secure.gravatar.com\/avatar\/c052a2551a06e23fac63626232eaa90abd78dbcf1700fc46a2b2c89fd27b735f?s=96&d=mm&r=g","caption":"Redacci\u00f3n A Nova Peneira"},"sameAs":["http:\/\/www.anovapeneira.gal\/"],"url":"https:\/\/www.anovapeneira.gal\/index.php\/author\/redactor\/"}]}},"jetpack_featured_media_url":"https:\/\/www.anovapeneira.gal\/wp-content\/uploads\/2023\/04\/pp_redondela.jpg","_links":{"self":[{"href":"https:\/\/www.anovapeneira.gal\/index.php\/wp-json\/wp\/v2\/posts\/14824","targetHints":{"allow":["GET"]}}],"collection":[{"href":"https:\/\/www.anovapeneira.gal\/index.php\/wp-json\/wp\/v2\/posts"}],"about":[{"href":"https:\/\/www.anovapeneira.gal\/index.php\/wp-json\/wp\/v2\/types\/post"}],"author":[{"embeddable":true,"href":"https:\/\/www.anovapeneira.gal\/index.php\/wp-json\/wp\/v2\/users\/3"}],"replies":[{"embeddable":true,"href":"https:\/\/www.anovapeneira.gal\/index.php\/wp-json\/wp\/v2\/comments?post=14824"}],"version-history":[{"count":2,"href":"https:\/\/www.anovapeneira.gal\/index.php\/wp-json\/wp\/v2\/posts\/14824\/revisions"}],"predecessor-version":[{"id":14826,"href":"https:\/\/www.anovapeneira.gal\/index.php\/wp-json\/wp\/v2\/posts\/14824\/revisions\/14826"}],"wp:featuredmedia":[{"embeddable":true,"href":"https:\/\/www.anovapeneira.gal\/index.php\/wp-json\/wp\/v2\/media\/9476"}],"wp:attachment":[{"href":"https:\/\/www.anovapeneira.gal\/index.php\/wp-json\/wp\/v2\/media?parent=14824"}],"wp:term":[{"taxonomy":"category","embeddable":true,"href":"https:\/\/www.anovapeneira.gal\/index.php\/wp-json\/wp\/v2\/categories?post=14824"},{"taxonomy":"post_tag","embeddable":true,"href":"https:\/\/www.anovapeneira.gal\/index.php\/wp-json\/wp\/v2\/tags?post=14824"}],"curies":[{"name":"wp","href":"https:\/\/api.w.org\/{rel}","templated":true}]}}