{"id":14828,"date":"2025-10-22T12:00:16","date_gmt":"2025-10-22T10:00:16","guid":{"rendered":"https:\/\/www.anovapeneira.gal\/?p=14828"},"modified":"2025-10-21T17:34:35","modified_gmt":"2025-10-21T15:34:35","slug":"o-pp-de-redondela-solicita-a-inclusion-da-recuperacion-do-pantalan-de-cesantes-no-anunciado-proxecto-de-senda-e-mellora-do-litoral-entre-o-porto-e-a-praia-da-punta","status":"publish","type":"post","link":"https:\/\/www.anovapeneira.gal\/index.php\/2025\/10\/22\/o-pp-de-redondela-solicita-a-inclusion-da-recuperacion-do-pantalan-de-cesantes-no-anunciado-proxecto-de-senda-e-mellora-do-litoral-entre-o-porto-e-a-praia-da-punta\/","title":{"rendered":"O PP de Redondela solicita a inclusi\u00f3n da recuperaci\u00f3n do pantal\u00e1n de Cesantes no anunciado proxecto de senda e mellora do litoral entre o porto e a praia da Punta"},"content":{"rendered":"\n<h2 class=\"wp-block-heading\">Os populares, que onte visitaron a zona xunto a representantes de distintos colectivos desta parroquia, cren que a actuaci\u00f3n prevista \u201c<em>\u00e9<\/em><em>unha<\/em><em>gran<\/em><em>oportunidade<\/em>\u201d para acometer unha obra integral e atender a demanda de mariscadoras, pescadores, veci\u00f1os e colectivos<\/h2>\n\n\n\n<h3 class=\"wp-block-heading\">A formaci\u00f3n liderada por Javier Bas lembra que dita instalaci\u00f3n desapareceu hai m\u00e1is dunha d\u00e9cada tras un temporal e destaca que ser\u00eda un \u201c<em>complementoperfecto<\/em>\u201d para o paseo mar\u00edtimo<\/h3>\n\n\n\n<p><strong>Redondela, 10 de outubro de 2025<\/strong><\/p>\n\n\n\n<p>O grupo municipal do PP de Redondela v\u00e9n de solicitar a inclusi\u00f3n a recuperaci\u00f3n e reconstruci\u00f3n do pantal\u00e1n de Cesantes ao abeiro do anunciado proxecto de creaci\u00f3n dunha senda e mellora do litoral e da fachada mar\u00edtima entre o porto desta parroquia e a praia da Punta.<\/p>\n\n\n\n<p>Os populares visitaron onte a zona xunto a representantes de distintos colectivos de Cesantes, como a Confrar\u00eda de Pescadores San Xo\u00e1n, a comisi\u00f3n de festas do Carme, representantes do cerco, do Obradoiro Fernando Monroy e do Club N\u00e1utico, as\u00ed como de diversos veci\u00f1os e co\u00f1eceron de primeira man o estado da contorna, ao tempo que recolleron a hist\u00f3rica reivindicaci\u00f3n para a s\u00faa reconstruci\u00f3n, xa que c\u00f3mpre lembrar que desapareceu hai m\u00e1is dunha d\u00e9cada tras un temporal.<\/p>\n\n\n\n<p>O PP redondel\u00e1n, tras escoitar aos veci\u00f1os de Cesantes, anunciaron hoxe que defender\u00e1n nos distintos \u00e1mbitos a recuperaci\u00f3n deste espazo, incluso levando esta proposta ao pleno da corporaci\u00f3n, e sinalaron que, en primeira instancia, consideran que o proxecto en marcha da senda litoral -anunciado polo goberno local o pasado mes de xaneiro- \u201c<em>\u00e9<\/em><em>unha<\/em><em>gran<\/em><em>oportunidade<\/em>\u201d para que se acometa unha actuaci\u00f3n integral que incl\u00faa o citado pantal\u00e1n e se atenda deste xeito as demandas de pescadores, usuarios e colectivos.<\/p>\n\n\n\n<p>O voceiro municipal, Javier Bas, explicou que o proxecto do paseo mar\u00edtimo \u201c<em>sup\u00f3n a ocasi\u00f3n perfecta, polo financiamento e pola coincidencia temporal\u201d para<\/em><em>recuperar<\/em><em>este<\/em><em>pantal\u00e1n,<\/em><em>xa<\/em><em>que<\/em><em>deste<\/em><em>xeito<\/em><em>\u201cquedar\u00eda<\/em><em>integrado<\/em><em>de<\/em><em>forma natural no novo dese\u00f1o da fronte costeira<\/em>\u201d. Ademais, engad\u00edu que ter\u00eda un perfecto encaixe t\u00e9cnico e econ\u00f3mico e permitir\u00eda mellorar os usos deportivos, pesqueiros e recreativos de Cesantes, ao tempo que axudar\u00eda \u00e1 dinamizaci\u00f3n desta parroquia.<\/p>\n\n\n\n<p>\u201c<em>Cremos<\/em><em>que<\/em><em>ser\u00eda<\/em><em>o<\/em><em>complemento<\/em><em>perfecto<\/em><em>para<\/em><em>o<\/em><em>paseo<\/em><em>e<\/em><em>supor\u00eda<\/em><em>unha<\/em><em>mellora <\/em><em>clave para o conxunto de Cesantes que se poder\u00eda acadar con vontade de colaboraci\u00f3n entre administraci\u00f3ns co apoio dos veci\u00f1os e por iso o Partido Popular<\/em><em>vai<\/em><em>estar<\/em><em>sumando<\/em><em>para<\/em><em>que<\/em><em>esta<\/em><em>obra<\/em><em>se<\/em><em>faga<\/em><em>realidade<\/em>\u201d, detallou o edil<\/p>\n\n\n\n<p>C\u00f3mpre lembrar que este antigo pantal\u00e1n da Punta constru\u00eduse orixinariamente en madeira durante as obras de rehabilitaci\u00f3n da Illa de San Sim\u00f3n e, durante anos, o seu uso foi compartido por mari\u00f1eiros, veci\u00f1os e visitantes, que o empregaban para acceder \u00e1s s\u00faas embarcaci\u00f3ns, pescar ou simplemente disfrutar da paisaxe da enseada. A s\u00faa desaparici\u00f3n hai case unha d\u00e9cada supuxo a perda dun espazo fundamental para a actividade pesqueira, social e festiva de Cesantes, afectando especialmente \u00e1 celebraci\u00f3n da procesi\u00f3n do Carme, que na actualidade require de estruturas provisionais para o desembarco.<\/p>\n","protected":false},"excerpt":{"rendered":"<div class=\"mh-excerpt\"><p>Os populares, que onte visitaron a zona xunto a representantes de distintos colectivos desta parroquia, cren que a actuaci\u00f3n prevista \u201c\u00e9unhagranoportunidade\u201d para acometer unha obra integral e atender a demanda de mariscadoras, pescadores, veci\u00f1os e colectivos <a class=\"mh-excerpt-more\" href=\"https:\/\/www.anovapeneira.gal\/index.php\/2025\/10\/22\/o-pp-de-redondela-solicita-a-inclusion-da-recuperacion-do-pantalan-de-cesantes-no-anunciado-proxecto-de-senda-e-mellora-do-litoral-entre-o-porto-e-a-praia-da-punta\/\" title=\"O PP de Redondela solicita a inclusi\u00f3n da recuperaci\u00f3n do pantal\u00e1n de Cesantes no anunciado proxecto de senda e mellora do litoral entre o porto e a praia da Punta\">[&#8230;]<\/a><\/p>\n<\/div>","protected":false},"author":3,"featured_media":9476,"comment_status":"open","ping_status":"open","sticky":false,"template":"","format":"standard","meta":{"_exactmetrics_skip_tracking":false,"_exactmetrics_sitenote_active":false,"_exactmetrics_sitenote_note":"","_exactmetrics_sitenote_category":0,"footnotes":""},"categories":[24],"tags":[171],"class_list":{"0":"post-14828","1":"post","2":"type-post","3":"status-publish","4":"format-standard","5":"has-post-thumbnail","7":"category-redondela","8":"tag-concello-de-redondela"},"yoast_head":"<!-- This site is optimized with the Yoast SEO plugin v27.4 - https:\/\/yoast.com\/product\/yoast-seo-wordpress\/ -->\n<title>O PP de Redondela solicita a inclusi\u00f3n da recuperaci\u00f3n do pantal\u00e1n de Cesantes no anunciado proxecto de senda e mellora do litoral entre o porto e a praia da Punta -<\/title>\n<meta name=\"robots\" content=\"index, follow, max-snippet:-1, max-image-preview:large, max-video-preview:-1\" \/>\n<link rel=\"canonical\" href=\"https:\/\/www.anovapeneira.gal\/index.php\/2025\/10\/22\/o-pp-de-redondela-solicita-a-inclusion-da-recuperacion-do-pantalan-de-cesantes-no-anunciado-proxecto-de-senda-e-mellora-do-litoral-entre-o-porto-e-a-praia-da-punta\/\" \/>\n<meta property=\"og:locale\" content=\"gl_ES\" \/>\n<meta property=\"og:type\" content=\"article\" \/>\n<meta property=\"og:title\" content=\"O PP de Redondela solicita a inclusi\u00f3n da recuperaci\u00f3n do pantal\u00e1n de Cesantes no anunciado proxecto de senda e mellora do litoral entre o porto e a praia da Punta -\" \/>\n<meta property=\"og:description\" content=\"Os populares, que onte visitaron a zona xunto a representantes de distintos colectivos desta parroquia, cren que a actuaci\u00f3n prevista \u201c\u00e9unhagranoportunidade\u201d para acometer unha obra integral e atender a demanda de mariscadoras, pescadores, veci\u00f1os e colectivos [...]\" \/>\n<meta property=\"og:url\" content=\"https:\/\/www.anovapeneira.gal\/index.php\/2025\/10\/22\/o-pp-de-redondela-solicita-a-inclusion-da-recuperacion-do-pantalan-de-cesantes-no-anunciado-proxecto-de-senda-e-mellora-do-litoral-entre-o-porto-e-a-praia-da-punta\/\" \/>\n<meta property=\"article:publisher\" content=\"https:\/\/www.facebook.com\/anovapeneira\" \/>\n<meta property=\"article:published_time\" content=\"2025-10-22T10:00:16+00:00\" \/>\n<meta property=\"og:image\" content=\"https:\/\/www.anovapeneira.gal\/wp-content\/uploads\/2023\/04\/pp_redondela.jpg\" \/>\n\t<meta property=\"og:image:width\" content=\"720\" \/>\n\t<meta property=\"og:image:height\" content=\"432\" \/>\n\t<meta property=\"og:image:type\" content=\"image\/jpeg\" \/>\n<meta name=\"author\" content=\"Redacci\u00f3n A Nova Peneira\" \/>\n<meta name=\"twitter:card\" content=\"summary_large_image\" \/>\n<meta name=\"twitter:creator\" content=\"@APeneira\" \/>\n<meta name=\"twitter:site\" content=\"@APeneira\" \/>\n<meta name=\"twitter:label1\" content=\"Escrito por\" \/>\n\t<meta name=\"twitter:data1\" content=\"Redacci\u00f3n A Nova Peneira\" \/>\n\t<meta name=\"twitter:label2\" content=\"Tempo de lectura\" \/>\n\t<meta name=\"twitter:data2\" content=\"3 minutos\" \/>\n<script type=\"application\/ld+json\" class=\"yoast-schema-graph\">{\"@context\":\"https:\\\/\\\/schema.org\",\"@graph\":[{\"@type\":\"Article\",\"@id\":\"https:\\\/\\\/www.anovapeneira.gal\\\/index.php\\\/2025\\\/10\\\/22\\\/o-pp-de-redondela-solicita-a-inclusion-da-recuperacion-do-pantalan-de-cesantes-no-anunciado-proxecto-de-senda-e-mellora-do-litoral-entre-o-porto-e-a-praia-da-punta\\\/#article\",\"isPartOf\":{\"@id\":\"https:\\\/\\\/www.anovapeneira.gal\\\/index.php\\\/2025\\\/10\\\/22\\\/o-pp-de-redondela-solicita-a-inclusion-da-recuperacion-do-pantalan-de-cesantes-no-anunciado-proxecto-de-senda-e-mellora-do-litoral-entre-o-porto-e-a-praia-da-punta\\\/\"},\"author\":{\"name\":\"Redacci\u00f3n A Nova Peneira\",\"@id\":\"https:\\\/\\\/www.anovapeneira.gal\\\/#\\\/schema\\\/person\\\/b93e3f8932e3f8da96334607eb6ac6aa\"},\"headline\":\"O PP de Redondela solicita a inclusi\u00f3n da recuperaci\u00f3n do pantal\u00e1n de Cesantes no anunciado proxecto de senda e mellora do litoral entre o porto e a praia da Punta\",\"datePublished\":\"2025-10-22T10:00:16+00:00\",\"mainEntityOfPage\":{\"@id\":\"https:\\\/\\\/www.anovapeneira.gal\\\/index.php\\\/2025\\\/10\\\/22\\\/o-pp-de-redondela-solicita-a-inclusion-da-recuperacion-do-pantalan-de-cesantes-no-anunciado-proxecto-de-senda-e-mellora-do-litoral-entre-o-porto-e-a-praia-da-punta\\\/\"},\"wordCount\":585,\"commentCount\":0,\"publisher\":{\"@id\":\"https:\\\/\\\/www.anovapeneira.gal\\\/#organization\"},\"image\":{\"@id\":\"https:\\\/\\\/www.anovapeneira.gal\\\/index.php\\\/2025\\\/10\\\/22\\\/o-pp-de-redondela-solicita-a-inclusion-da-recuperacion-do-pantalan-de-cesantes-no-anunciado-proxecto-de-senda-e-mellora-do-litoral-entre-o-porto-e-a-praia-da-punta\\\/#primaryimage\"},\"thumbnailUrl\":\"https:\\\/\\\/www.anovapeneira.gal\\\/wp-content\\\/uploads\\\/2023\\\/04\\\/pp_redondela.jpg\",\"keywords\":[\"Concello de Redondela\"],\"articleSection\":[\"Redondela\"],\"inLanguage\":\"gl-ES\",\"potentialAction\":[{\"@type\":\"CommentAction\",\"name\":\"Comment\",\"target\":[\"https:\\\/\\\/www.anovapeneira.gal\\\/index.php\\\/2025\\\/10\\\/22\\\/o-pp-de-redondela-solicita-a-inclusion-da-recuperacion-do-pantalan-de-cesantes-no-anunciado-proxecto-de-senda-e-mellora-do-litoral-entre-o-porto-e-a-praia-da-punta\\\/#respond\"]}]},{\"@type\":\"WebPage\",\"@id\":\"https:\\\/\\\/www.anovapeneira.gal\\\/index.php\\\/2025\\\/10\\\/22\\\/o-pp-de-redondela-solicita-a-inclusion-da-recuperacion-do-pantalan-de-cesantes-no-anunciado-proxecto-de-senda-e-mellora-do-litoral-entre-o-porto-e-a-praia-da-punta\\\/\",\"url\":\"https:\\\/\\\/www.anovapeneira.gal\\\/index.php\\\/2025\\\/10\\\/22\\\/o-pp-de-redondela-solicita-a-inclusion-da-recuperacion-do-pantalan-de-cesantes-no-anunciado-proxecto-de-senda-e-mellora-do-litoral-entre-o-porto-e-a-praia-da-punta\\\/\",\"name\":\"O PP de Redondela solicita a inclusi\u00f3n da recuperaci\u00f3n do pantal\u00e1n de Cesantes no anunciado proxecto de senda e mellora do litoral entre o porto e a praia da Punta -\",\"isPartOf\":{\"@id\":\"https:\\\/\\\/www.anovapeneira.gal\\\/#website\"},\"primaryImageOfPage\":{\"@id\":\"https:\\\/\\\/www.anovapeneira.gal\\\/index.php\\\/2025\\\/10\\\/22\\\/o-pp-de-redondela-solicita-a-inclusion-da-recuperacion-do-pantalan-de-cesantes-no-anunciado-proxecto-de-senda-e-mellora-do-litoral-entre-o-porto-e-a-praia-da-punta\\\/#primaryimage\"},\"image\":{\"@id\":\"https:\\\/\\\/www.anovapeneira.gal\\\/index.php\\\/2025\\\/10\\\/22\\\/o-pp-de-redondela-solicita-a-inclusion-da-recuperacion-do-pantalan-de-cesantes-no-anunciado-proxecto-de-senda-e-mellora-do-litoral-entre-o-porto-e-a-praia-da-punta\\\/#primaryimage\"},\"thumbnailUrl\":\"https:\\\/\\\/www.anovapeneira.gal\\\/wp-content\\\/uploads\\\/2023\\\/04\\\/pp_redondela.jpg\",\"datePublished\":\"2025-10-22T10:00:16+00:00\",\"breadcrumb\":{\"@id\":\"https:\\\/\\\/www.anovapeneira.gal\\\/index.php\\\/2025\\\/10\\\/22\\\/o-pp-de-redondela-solicita-a-inclusion-da-recuperacion-do-pantalan-de-cesantes-no-anunciado-proxecto-de-senda-e-mellora-do-litoral-entre-o-porto-e-a-praia-da-punta\\\/#breadcrumb\"},\"inLanguage\":\"gl-ES\",\"potentialAction\":[{\"@type\":\"ReadAction\",\"target\":[\"https:\\\/\\\/www.anovapeneira.gal\\\/index.php\\\/2025\\\/10\\\/22\\\/o-pp-de-redondela-solicita-a-inclusion-da-recuperacion-do-pantalan-de-cesantes-no-anunciado-proxecto-de-senda-e-mellora-do-litoral-entre-o-porto-e-a-praia-da-punta\\\/\"]}]},{\"@type\":\"ImageObject\",\"inLanguage\":\"gl-ES\",\"@id\":\"https:\\\/\\\/www.anovapeneira.gal\\\/index.php\\\/2025\\\/10\\\/22\\\/o-pp-de-redondela-solicita-a-inclusion-da-recuperacion-do-pantalan-de-cesantes-no-anunciado-proxecto-de-senda-e-mellora-do-litoral-entre-o-porto-e-a-praia-da-punta\\\/#primaryimage\",\"url\":\"https:\\\/\\\/www.anovapeneira.gal\\\/wp-content\\\/uploads\\\/2023\\\/04\\\/pp_redondela.jpg\",\"contentUrl\":\"https:\\\/\\\/www.anovapeneira.gal\\\/wp-content\\\/uploads\\\/2023\\\/04\\\/pp_redondela.jpg\",\"width\":720,\"height\":432,\"caption\":\"Javier Bas candidato do PP \u00e1 alcald\u00eda de Redondela\"},{\"@type\":\"BreadcrumbList\",\"@id\":\"https:\\\/\\\/www.anovapeneira.gal\\\/index.php\\\/2025\\\/10\\\/22\\\/o-pp-de-redondela-solicita-a-inclusion-da-recuperacion-do-pantalan-de-cesantes-no-anunciado-proxecto-de-senda-e-mellora-do-litoral-entre-o-porto-e-a-praia-da-punta\\\/#breadcrumb\",\"itemListElement\":[{\"@type\":\"ListItem\",\"position\":1,\"name\":\"Portada\",\"item\":\"https:\\\/\\\/www.anovapeneira.gal\\\/\"},{\"@type\":\"ListItem\",\"position\":2,\"name\":\"O PP de Redondela solicita a inclusi\u00f3n da recuperaci\u00f3n do pantal\u00e1n de Cesantes no anunciado proxecto de senda e mellora do litoral entre o porto e a praia da Punta\"}]},{\"@type\":\"WebSite\",\"@id\":\"https:\\\/\\\/www.anovapeneira.gal\\\/#website\",\"url\":\"https:\\\/\\\/www.anovapeneira.gal\\\/\",\"name\":\"\",\"description\":\"Xornal galego de informaci\u00f3n xeral Publicaci\u00f3n mensual de novas de Galicia e en especial dos Concellos da sur da provincia de Pontevedra.\",\"publisher\":{\"@id\":\"https:\\\/\\\/www.anovapeneira.gal\\\/#organization\"},\"potentialAction\":[{\"@type\":\"SearchAction\",\"target\":{\"@type\":\"EntryPoint\",\"urlTemplate\":\"https:\\\/\\\/www.anovapeneira.gal\\\/?s={search_term_string}\"},\"query-input\":{\"@type\":\"PropertyValueSpecification\",\"valueRequired\":true,\"valueName\":\"search_term_string\"}}],\"inLanguage\":\"gl-ES\"},{\"@type\":\"Organization\",\"@id\":\"https:\\\/\\\/www.anovapeneira.gal\\\/#organization\",\"name\":\"A Nova Peneira\",\"url\":\"https:\\\/\\\/www.anovapeneira.gal\\\/\",\"logo\":{\"@type\":\"ImageObject\",\"inLanguage\":\"gl-ES\",\"@id\":\"https:\\\/\\\/www.anovapeneira.gal\\\/#\\\/schema\\\/logo\\\/image\\\/\",\"url\":\"http:\\\/\\\/www.anovapeneira.gal\\\/wp-content\\\/uploads\\\/2019\\\/06\\\/logo_a_nova_peneira_portal_web.png\",\"contentUrl\":\"http:\\\/\\\/www.anovapeneira.gal\\\/wp-content\\\/uploads\\\/2019\\\/06\\\/logo_a_nova_peneira_portal_web.png\",\"width\":300,\"height\":100,\"caption\":\"A Nova Peneira\"},\"image\":{\"@id\":\"https:\\\/\\\/www.anovapeneira.gal\\\/#\\\/schema\\\/logo\\\/image\\\/\"},\"sameAs\":[\"https:\\\/\\\/www.facebook.com\\\/anovapeneira\",\"https:\\\/\\\/x.com\\\/APeneira\"]},{\"@type\":\"Person\",\"@id\":\"https:\\\/\\\/www.anovapeneira.gal\\\/#\\\/schema\\\/person\\\/b93e3f8932e3f8da96334607eb6ac6aa\",\"name\":\"Redacci\u00f3n A Nova Peneira\",\"image\":{\"@type\":\"ImageObject\",\"inLanguage\":\"gl-ES\",\"@id\":\"https:\\\/\\\/secure.gravatar.com\\\/avatar\\\/c052a2551a06e23fac63626232eaa90abd78dbcf1700fc46a2b2c89fd27b735f?s=96&d=mm&r=g\",\"url\":\"https:\\\/\\\/secure.gravatar.com\\\/avatar\\\/c052a2551a06e23fac63626232eaa90abd78dbcf1700fc46a2b2c89fd27b735f?s=96&d=mm&r=g\",\"contentUrl\":\"https:\\\/\\\/secure.gravatar.com\\\/avatar\\\/c052a2551a06e23fac63626232eaa90abd78dbcf1700fc46a2b2c89fd27b735f?s=96&d=mm&r=g\",\"caption\":\"Redacci\u00f3n A Nova Peneira\"},\"sameAs\":[\"http:\\\/\\\/www.anovapeneira.gal\\\/\"],\"url\":\"https:\\\/\\\/www.anovapeneira.gal\\\/index.php\\\/author\\\/redactor\\\/\"}]}<\/script>\n<!-- \/ Yoast SEO plugin. -->","yoast_head_json":{"title":"O PP de Redondela solicita a inclusi\u00f3n da recuperaci\u00f3n do pantal\u00e1n de Cesantes no anunciado proxecto de senda e mellora do litoral entre o porto e a praia da Punta -","robots":{"index":"index","follow":"follow","max-snippet":"max-snippet:-1","max-image-preview":"max-image-preview:large","max-video-preview":"max-video-preview:-1"},"canonical":"https:\/\/www.anovapeneira.gal\/index.php\/2025\/10\/22\/o-pp-de-redondela-solicita-a-inclusion-da-recuperacion-do-pantalan-de-cesantes-no-anunciado-proxecto-de-senda-e-mellora-do-litoral-entre-o-porto-e-a-praia-da-punta\/","og_locale":"gl_ES","og_type":"article","og_title":"O PP de Redondela solicita a inclusi\u00f3n da recuperaci\u00f3n do pantal\u00e1n de Cesantes no anunciado proxecto de senda e mellora do litoral entre o porto e a praia da Punta -","og_description":"Os populares, que onte visitaron a zona xunto a representantes de distintos colectivos desta parroquia, cren que a actuaci\u00f3n prevista \u201c\u00e9unhagranoportunidade\u201d para acometer unha obra integral e atender a demanda de mariscadoras, pescadores, veci\u00f1os e colectivos [...]","og_url":"https:\/\/www.anovapeneira.gal\/index.php\/2025\/10\/22\/o-pp-de-redondela-solicita-a-inclusion-da-recuperacion-do-pantalan-de-cesantes-no-anunciado-proxecto-de-senda-e-mellora-do-litoral-entre-o-porto-e-a-praia-da-punta\/","article_publisher":"https:\/\/www.facebook.com\/anovapeneira","article_published_time":"2025-10-22T10:00:16+00:00","og_image":[{"width":720,"height":432,"url":"https:\/\/www.anovapeneira.gal\/wp-content\/uploads\/2023\/04\/pp_redondela.jpg","type":"image\/jpeg"}],"author":"Redacci\u00f3n A Nova Peneira","twitter_card":"summary_large_image","twitter_creator":"@APeneira","twitter_site":"@APeneira","twitter_misc":{"Escrito por":"Redacci\u00f3n A Nova Peneira","Tempo de lectura":"3 minutos"},"schema":{"@context":"https:\/\/schema.org","@graph":[{"@type":"Article","@id":"https:\/\/www.anovapeneira.gal\/index.php\/2025\/10\/22\/o-pp-de-redondela-solicita-a-inclusion-da-recuperacion-do-pantalan-de-cesantes-no-anunciado-proxecto-de-senda-e-mellora-do-litoral-entre-o-porto-e-a-praia-da-punta\/#article","isPartOf":{"@id":"https:\/\/www.anovapeneira.gal\/index.php\/2025\/10\/22\/o-pp-de-redondela-solicita-a-inclusion-da-recuperacion-do-pantalan-de-cesantes-no-anunciado-proxecto-de-senda-e-mellora-do-litoral-entre-o-porto-e-a-praia-da-punta\/"},"author":{"name":"Redacci\u00f3n A Nova Peneira","@id":"https:\/\/www.anovapeneira.gal\/#\/schema\/person\/b93e3f8932e3f8da96334607eb6ac6aa"},"headline":"O PP de Redondela solicita a inclusi\u00f3n da recuperaci\u00f3n do pantal\u00e1n de Cesantes no anunciado proxecto de senda e mellora do litoral entre o porto e a praia da Punta","datePublished":"2025-10-22T10:00:16+00:00","mainEntityOfPage":{"@id":"https:\/\/www.anovapeneira.gal\/index.php\/2025\/10\/22\/o-pp-de-redondela-solicita-a-inclusion-da-recuperacion-do-pantalan-de-cesantes-no-anunciado-proxecto-de-senda-e-mellora-do-litoral-entre-o-porto-e-a-praia-da-punta\/"},"wordCount":585,"commentCount":0,"publisher":{"@id":"https:\/\/www.anovapeneira.gal\/#organization"},"image":{"@id":"https:\/\/www.anovapeneira.gal\/index.php\/2025\/10\/22\/o-pp-de-redondela-solicita-a-inclusion-da-recuperacion-do-pantalan-de-cesantes-no-anunciado-proxecto-de-senda-e-mellora-do-litoral-entre-o-porto-e-a-praia-da-punta\/#primaryimage"},"thumbnailUrl":"https:\/\/www.anovapeneira.gal\/wp-content\/uploads\/2023\/04\/pp_redondela.jpg","keywords":["Concello de Redondela"],"articleSection":["Redondela"],"inLanguage":"gl-ES","potentialAction":[{"@type":"CommentAction","name":"Comment","target":["https:\/\/www.anovapeneira.gal\/index.php\/2025\/10\/22\/o-pp-de-redondela-solicita-a-inclusion-da-recuperacion-do-pantalan-de-cesantes-no-anunciado-proxecto-de-senda-e-mellora-do-litoral-entre-o-porto-e-a-praia-da-punta\/#respond"]}]},{"@type":"WebPage","@id":"https:\/\/www.anovapeneira.gal\/index.php\/2025\/10\/22\/o-pp-de-redondela-solicita-a-inclusion-da-recuperacion-do-pantalan-de-cesantes-no-anunciado-proxecto-de-senda-e-mellora-do-litoral-entre-o-porto-e-a-praia-da-punta\/","url":"https:\/\/www.anovapeneira.gal\/index.php\/2025\/10\/22\/o-pp-de-redondela-solicita-a-inclusion-da-recuperacion-do-pantalan-de-cesantes-no-anunciado-proxecto-de-senda-e-mellora-do-litoral-entre-o-porto-e-a-praia-da-punta\/","name":"O PP de Redondela solicita a inclusi\u00f3n da recuperaci\u00f3n do pantal\u00e1n de Cesantes no anunciado proxecto de senda e mellora do litoral entre o porto e a praia da Punta -","isPartOf":{"@id":"https:\/\/www.anovapeneira.gal\/#website"},"primaryImageOfPage":{"@id":"https:\/\/www.anovapeneira.gal\/index.php\/2025\/10\/22\/o-pp-de-redondela-solicita-a-inclusion-da-recuperacion-do-pantalan-de-cesantes-no-anunciado-proxecto-de-senda-e-mellora-do-litoral-entre-o-porto-e-a-praia-da-punta\/#primaryimage"},"image":{"@id":"https:\/\/www.anovapeneira.gal\/index.php\/2025\/10\/22\/o-pp-de-redondela-solicita-a-inclusion-da-recuperacion-do-pantalan-de-cesantes-no-anunciado-proxecto-de-senda-e-mellora-do-litoral-entre-o-porto-e-a-praia-da-punta\/#primaryimage"},"thumbnailUrl":"https:\/\/www.anovapeneira.gal\/wp-content\/uploads\/2023\/04\/pp_redondela.jpg","datePublished":"2025-10-22T10:00:16+00:00","breadcrumb":{"@id":"https:\/\/www.anovapeneira.gal\/index.php\/2025\/10\/22\/o-pp-de-redondela-solicita-a-inclusion-da-recuperacion-do-pantalan-de-cesantes-no-anunciado-proxecto-de-senda-e-mellora-do-litoral-entre-o-porto-e-a-praia-da-punta\/#breadcrumb"},"inLanguage":"gl-ES","potentialAction":[{"@type":"ReadAction","target":["https:\/\/www.anovapeneira.gal\/index.php\/2025\/10\/22\/o-pp-de-redondela-solicita-a-inclusion-da-recuperacion-do-pantalan-de-cesantes-no-anunciado-proxecto-de-senda-e-mellora-do-litoral-entre-o-porto-e-a-praia-da-punta\/"]}]},{"@type":"ImageObject","inLanguage":"gl-ES","@id":"https:\/\/www.anovapeneira.gal\/index.php\/2025\/10\/22\/o-pp-de-redondela-solicita-a-inclusion-da-recuperacion-do-pantalan-de-cesantes-no-anunciado-proxecto-de-senda-e-mellora-do-litoral-entre-o-porto-e-a-praia-da-punta\/#primaryimage","url":"https:\/\/www.anovapeneira.gal\/wp-content\/uploads\/2023\/04\/pp_redondela.jpg","contentUrl":"https:\/\/www.anovapeneira.gal\/wp-content\/uploads\/2023\/04\/pp_redondela.jpg","width":720,"height":432,"caption":"Javier Bas candidato do PP \u00e1 alcald\u00eda de Redondela"},{"@type":"BreadcrumbList","@id":"https:\/\/www.anovapeneira.gal\/index.php\/2025\/10\/22\/o-pp-de-redondela-solicita-a-inclusion-da-recuperacion-do-pantalan-de-cesantes-no-anunciado-proxecto-de-senda-e-mellora-do-litoral-entre-o-porto-e-a-praia-da-punta\/#breadcrumb","itemListElement":[{"@type":"ListItem","position":1,"name":"Portada","item":"https:\/\/www.anovapeneira.gal\/"},{"@type":"ListItem","position":2,"name":"O PP de Redondela solicita a inclusi\u00f3n da recuperaci\u00f3n do pantal\u00e1n de Cesantes no anunciado proxecto de senda e mellora do litoral entre o porto e a praia da Punta"}]},{"@type":"WebSite","@id":"https:\/\/www.anovapeneira.gal\/#website","url":"https:\/\/www.anovapeneira.gal\/","name":"","description":"Xornal galego de informaci\u00f3n xeral Publicaci\u00f3n mensual de novas de Galicia e en especial dos Concellos da sur da provincia de Pontevedra.","publisher":{"@id":"https:\/\/www.anovapeneira.gal\/#organization"},"potentialAction":[{"@type":"SearchAction","target":{"@type":"EntryPoint","urlTemplate":"https:\/\/www.anovapeneira.gal\/?s={search_term_string}"},"query-input":{"@type":"PropertyValueSpecification","valueRequired":true,"valueName":"search_term_string"}}],"inLanguage":"gl-ES"},{"@type":"Organization","@id":"https:\/\/www.anovapeneira.gal\/#organization","name":"A Nova Peneira","url":"https:\/\/www.anovapeneira.gal\/","logo":{"@type":"ImageObject","inLanguage":"gl-ES","@id":"https:\/\/www.anovapeneira.gal\/#\/schema\/logo\/image\/","url":"http:\/\/www.anovapeneira.gal\/wp-content\/uploads\/2019\/06\/logo_a_nova_peneira_portal_web.png","contentUrl":"http:\/\/www.anovapeneira.gal\/wp-content\/uploads\/2019\/06\/logo_a_nova_peneira_portal_web.png","width":300,"height":100,"caption":"A Nova Peneira"},"image":{"@id":"https:\/\/www.anovapeneira.gal\/#\/schema\/logo\/image\/"},"sameAs":["https:\/\/www.facebook.com\/anovapeneira","https:\/\/x.com\/APeneira"]},{"@type":"Person","@id":"https:\/\/www.anovapeneira.gal\/#\/schema\/person\/b93e3f8932e3f8da96334607eb6ac6aa","name":"Redacci\u00f3n A Nova Peneira","image":{"@type":"ImageObject","inLanguage":"gl-ES","@id":"https:\/\/secure.gravatar.com\/avatar\/c052a2551a06e23fac63626232eaa90abd78dbcf1700fc46a2b2c89fd27b735f?s=96&d=mm&r=g","url":"https:\/\/secure.gravatar.com\/avatar\/c052a2551a06e23fac63626232eaa90abd78dbcf1700fc46a2b2c89fd27b735f?s=96&d=mm&r=g","contentUrl":"https:\/\/secure.gravatar.com\/avatar\/c052a2551a06e23fac63626232eaa90abd78dbcf1700fc46a2b2c89fd27b735f?s=96&d=mm&r=g","caption":"Redacci\u00f3n A Nova Peneira"},"sameAs":["http:\/\/www.anovapeneira.gal\/"],"url":"https:\/\/www.anovapeneira.gal\/index.php\/author\/redactor\/"}]}},"jetpack_featured_media_url":"https:\/\/www.anovapeneira.gal\/wp-content\/uploads\/2023\/04\/pp_redondela.jpg","_links":{"self":[{"href":"https:\/\/www.anovapeneira.gal\/index.php\/wp-json\/wp\/v2\/posts\/14828","targetHints":{"allow":["GET"]}}],"collection":[{"href":"https:\/\/www.anovapeneira.gal\/index.php\/wp-json\/wp\/v2\/posts"}],"about":[{"href":"https:\/\/www.anovapeneira.gal\/index.php\/wp-json\/wp\/v2\/types\/post"}],"author":[{"embeddable":true,"href":"https:\/\/www.anovapeneira.gal\/index.php\/wp-json\/wp\/v2\/users\/3"}],"replies":[{"embeddable":true,"href":"https:\/\/www.anovapeneira.gal\/index.php\/wp-json\/wp\/v2\/comments?post=14828"}],"version-history":[{"count":1,"href":"https:\/\/www.anovapeneira.gal\/index.php\/wp-json\/wp\/v2\/posts\/14828\/revisions"}],"predecessor-version":[{"id":14829,"href":"https:\/\/www.anovapeneira.gal\/index.php\/wp-json\/wp\/v2\/posts\/14828\/revisions\/14829"}],"wp:featuredmedia":[{"embeddable":true,"href":"https:\/\/www.anovapeneira.gal\/index.php\/wp-json\/wp\/v2\/media\/9476"}],"wp:attachment":[{"href":"https:\/\/www.anovapeneira.gal\/index.php\/wp-json\/wp\/v2\/media?parent=14828"}],"wp:term":[{"taxonomy":"category","embeddable":true,"href":"https:\/\/www.anovapeneira.gal\/index.php\/wp-json\/wp\/v2\/categories?post=14828"},{"taxonomy":"post_tag","embeddable":true,"href":"https:\/\/www.anovapeneira.gal\/index.php\/wp-json\/wp\/v2\/tags?post=14828"}],"curies":[{"name":"wp","href":"https:\/\/api.w.org\/{rel}","templated":true}]}}