{"id":14830,"date":"2025-10-22T10:00:01","date_gmt":"2025-10-22T08:00:01","guid":{"rendered":"https:\/\/www.anovapeneira.gal\/?p=14830"},"modified":"2025-10-21T17:38:32","modified_gmt":"2025-10-21T15:38:32","slug":"a-vivenda-de-promocion-publica-en-san-eleuterio-tameiga-volve-a-rexurdir-30-anos-despois-grazas-o-impulso-dos-fondos-europeos-para-a-vivenda-publica-en-espana","status":"publish","type":"post","link":"https:\/\/www.anovapeneira.gal\/index.php\/2025\/10\/22\/a-vivenda-de-promocion-publica-en-san-eleuterio-tameiga-volve-a-rexurdir-30-anos-despois-grazas-o-impulso-dos-fondos-europeos-para-a-vivenda-publica-en-espana\/","title":{"rendered":"A vivenda de promoci\u00f3n p\u00fablica en San Eleuterio-Tameiga volve a rexurdir 30 anos despois grazas \u00f3 impulso dos fondos europeos para a vivenda p\u00fablica en Espa\u00f1a"},"content":{"rendered":"\n<p>A veci\u00f1anza de Mos est\u00e1 a ver grandes avances en materia de vivenda do Concello cun primeiro proxecto de Vivenda P\u00fablica protexida que contempla a construci\u00f3n de 20 vivendas na urbanizaci\u00f3n de San Eleuterio &#8211; Tameiga. Esta actuaci\u00f3n sup\u00f3n unha inversi\u00f3n superior a 4,3 mill\u00f3ns de euros, con financiaci\u00f3n conxunta entre a administraci\u00f3n auton\u00f3mica e fondos europeos.<\/p>\n\n\n\n<p>Ademais desta promoci\u00f3n, est\u00e1 en marcha a adquisici\u00f3n de solo na mesma contorna para 79 novos fogares protexidos, ampliando a oferta de Mos de 20 vivendas en marcha a case 100 previstas.&nbsp;<\/p>\n\n\n\n<p>O Goberno de Espa\u00f1a, a trav\u00e9s dos fondos Next Generation da Uni\u00f3n Europea, pon en marcha o plan de Recuperaci\u00f3n, Transformaci\u00f3n e Resiliencia, li\u00f1as de axuda con fondos europeos que est\u00e1n vixentes en Galicia e Espa\u00f1a e que est\u00e1n a xogar un papel fundamental na vivenda p\u00fablica en Mos.&nbsp;<\/p>\n\n\n\n<p>A bancada socialista aposta firmemente pola construci\u00f3n e rehabilitaci\u00f3n de vivenda p\u00fablica. Esperamos que isto sexa s\u00f3 o comezo dun ambicioso parque p\u00fablico que ofreza alugueres accesibles para a veci\u00f1anza. Tendemos a man \u00f3 resto dos grupos municipais, xa que a vivenda p\u00fablica non ten que ser unha bandeira partidista, sen\u00f3n un compromiso colectivo. Cremos nun Mos que medra sen deixar a ningu\u00e9n atr\u00e1s, onde cada persoa te\u00f1a unha oportunidade de vivir e prosperar.<\/p>\n","protected":false},"excerpt":{"rendered":"<div class=\"mh-excerpt\"><p>A veci\u00f1anza de Mos est\u00e1 a ver grandes avances en materia de vivenda do Concello cun primeiro proxecto de Vivenda P\u00fablica protexida que contempla a construci\u00f3n de 20 vivendas na urbanizaci\u00f3n de San Eleuterio &#8211; Tameiga <a class=\"mh-excerpt-more\" href=\"https:\/\/www.anovapeneira.gal\/index.php\/2025\/10\/22\/a-vivenda-de-promocion-publica-en-san-eleuterio-tameiga-volve-a-rexurdir-30-anos-despois-grazas-o-impulso-dos-fondos-europeos-para-a-vivenda-publica-en-espana\/\" title=\"A vivenda de promoci\u00f3n p\u00fablica en San Eleuterio-Tameiga volve a rexurdir 30 anos despois grazas \u00f3 impulso dos fondos europeos para a vivenda p\u00fablica en Espa\u00f1a\">[&#8230;]<\/a><\/p>\n<\/div>","protected":false},"author":3,"featured_media":14831,"comment_status":"open","ping_status":"open","sticky":false,"template":"","format":"standard","meta":{"_exactmetrics_skip_tracking":false,"_exactmetrics_sitenote_active":false,"_exactmetrics_sitenote_note":"","_exactmetrics_sitenote_category":0,"footnotes":""},"categories":[23],"tags":[218],"class_list":{"0":"post-14830","1":"post","2":"type-post","3":"status-publish","4":"format-standard","5":"has-post-thumbnail","7":"category-a-lourina","8":"tag-concello-de-mos"},"yoast_head":"<!-- This site is optimized with the Yoast SEO plugin v27.4 - https:\/\/yoast.com\/product\/yoast-seo-wordpress\/ -->\n<title>A vivenda de promoci\u00f3n p\u00fablica en San Eleuterio-Tameiga volve a rexurdir 30 anos despois grazas \u00f3 impulso dos fondos europeos para a vivenda p\u00fablica en Espa\u00f1a -<\/title>\n<meta name=\"robots\" content=\"index, follow, max-snippet:-1, max-image-preview:large, max-video-preview:-1\" \/>\n<link rel=\"canonical\" href=\"https:\/\/www.anovapeneira.gal\/index.php\/2025\/10\/22\/a-vivenda-de-promocion-publica-en-san-eleuterio-tameiga-volve-a-rexurdir-30-anos-despois-grazas-o-impulso-dos-fondos-europeos-para-a-vivenda-publica-en-espana\/\" \/>\n<meta property=\"og:locale\" content=\"gl_ES\" \/>\n<meta property=\"og:type\" content=\"article\" \/>\n<meta property=\"og:title\" content=\"A vivenda de promoci\u00f3n p\u00fablica en San Eleuterio-Tameiga volve a rexurdir 30 anos despois grazas \u00f3 impulso dos fondos europeos para a vivenda p\u00fablica en Espa\u00f1a -\" \/>\n<meta property=\"og:description\" content=\"A veci\u00f1anza de Mos est\u00e1 a ver grandes avances en materia de vivenda do Concello cun primeiro proxecto de Vivenda P\u00fablica protexida que contempla a construci\u00f3n de 20 vivendas na urbanizaci\u00f3n de San Eleuterio - Tameiga [...]\" \/>\n<meta property=\"og:url\" content=\"https:\/\/www.anovapeneira.gal\/index.php\/2025\/10\/22\/a-vivenda-de-promocion-publica-en-san-eleuterio-tameiga-volve-a-rexurdir-30-anos-despois-grazas-o-impulso-dos-fondos-europeos-para-a-vivenda-publica-en-espana\/\" \/>\n<meta property=\"article:publisher\" content=\"https:\/\/www.facebook.com\/anovapeneira\" \/>\n<meta property=\"article:published_time\" content=\"2025-10-22T08:00:01+00:00\" \/>\n<meta property=\"og:image\" content=\"https:\/\/www.anovapeneira.gal\/wp-content\/uploads\/2025\/10\/vivienda_publica_mos.jpg\" \/>\n\t<meta property=\"og:image:width\" content=\"550\" \/>\n\t<meta property=\"og:image:height\" content=\"367\" \/>\n\t<meta property=\"og:image:type\" content=\"image\/jpeg\" \/>\n<meta name=\"author\" content=\"Redacci\u00f3n A Nova Peneira\" \/>\n<meta name=\"twitter:card\" content=\"summary_large_image\" \/>\n<meta name=\"twitter:creator\" content=\"@APeneira\" \/>\n<meta name=\"twitter:site\" content=\"@APeneira\" \/>\n<meta name=\"twitter:label1\" content=\"Escrito por\" \/>\n\t<meta name=\"twitter:data1\" content=\"Redacci\u00f3n A Nova Peneira\" \/>\n\t<meta name=\"twitter:label2\" content=\"Tempo de lectura\" \/>\n\t<meta name=\"twitter:data2\" content=\"2 minutos\" \/>\n<script type=\"application\/ld+json\" class=\"yoast-schema-graph\">{\"@context\":\"https:\\\/\\\/schema.org\",\"@graph\":[{\"@type\":\"Article\",\"@id\":\"https:\\\/\\\/www.anovapeneira.gal\\\/index.php\\\/2025\\\/10\\\/22\\\/a-vivenda-de-promocion-publica-en-san-eleuterio-tameiga-volve-a-rexurdir-30-anos-despois-grazas-o-impulso-dos-fondos-europeos-para-a-vivenda-publica-en-espana\\\/#article\",\"isPartOf\":{\"@id\":\"https:\\\/\\\/www.anovapeneira.gal\\\/index.php\\\/2025\\\/10\\\/22\\\/a-vivenda-de-promocion-publica-en-san-eleuterio-tameiga-volve-a-rexurdir-30-anos-despois-grazas-o-impulso-dos-fondos-europeos-para-a-vivenda-publica-en-espana\\\/\"},\"author\":{\"name\":\"Redacci\u00f3n A Nova Peneira\",\"@id\":\"https:\\\/\\\/www.anovapeneira.gal\\\/#\\\/schema\\\/person\\\/b93e3f8932e3f8da96334607eb6ac6aa\"},\"headline\":\"A vivenda de promoci\u00f3n p\u00fablica en San Eleuterio-Tameiga volve a rexurdir 30 anos despois grazas \u00f3 impulso dos fondos europeos para a vivenda p\u00fablica en Espa\u00f1a\",\"datePublished\":\"2025-10-22T08:00:01+00:00\",\"mainEntityOfPage\":{\"@id\":\"https:\\\/\\\/www.anovapeneira.gal\\\/index.php\\\/2025\\\/10\\\/22\\\/a-vivenda-de-promocion-publica-en-san-eleuterio-tameiga-volve-a-rexurdir-30-anos-despois-grazas-o-impulso-dos-fondos-europeos-para-a-vivenda-publica-en-espana\\\/\"},\"wordCount\":269,\"commentCount\":0,\"publisher\":{\"@id\":\"https:\\\/\\\/www.anovapeneira.gal\\\/#organization\"},\"image\":{\"@id\":\"https:\\\/\\\/www.anovapeneira.gal\\\/index.php\\\/2025\\\/10\\\/22\\\/a-vivenda-de-promocion-publica-en-san-eleuterio-tameiga-volve-a-rexurdir-30-anos-despois-grazas-o-impulso-dos-fondos-europeos-para-a-vivenda-publica-en-espana\\\/#primaryimage\"},\"thumbnailUrl\":\"https:\\\/\\\/www.anovapeneira.gal\\\/wp-content\\\/uploads\\\/2025\\\/10\\\/vivienda_publica_mos.jpg\",\"keywords\":[\"Concello de Mos\"],\"articleSection\":[\"A Louri\u00f1a\"],\"inLanguage\":\"gl-ES\",\"potentialAction\":[{\"@type\":\"CommentAction\",\"name\":\"Comment\",\"target\":[\"https:\\\/\\\/www.anovapeneira.gal\\\/index.php\\\/2025\\\/10\\\/22\\\/a-vivenda-de-promocion-publica-en-san-eleuterio-tameiga-volve-a-rexurdir-30-anos-despois-grazas-o-impulso-dos-fondos-europeos-para-a-vivenda-publica-en-espana\\\/#respond\"]}]},{\"@type\":\"WebPage\",\"@id\":\"https:\\\/\\\/www.anovapeneira.gal\\\/index.php\\\/2025\\\/10\\\/22\\\/a-vivenda-de-promocion-publica-en-san-eleuterio-tameiga-volve-a-rexurdir-30-anos-despois-grazas-o-impulso-dos-fondos-europeos-para-a-vivenda-publica-en-espana\\\/\",\"url\":\"https:\\\/\\\/www.anovapeneira.gal\\\/index.php\\\/2025\\\/10\\\/22\\\/a-vivenda-de-promocion-publica-en-san-eleuterio-tameiga-volve-a-rexurdir-30-anos-despois-grazas-o-impulso-dos-fondos-europeos-para-a-vivenda-publica-en-espana\\\/\",\"name\":\"A vivenda de promoci\u00f3n p\u00fablica en San Eleuterio-Tameiga volve a rexurdir 30 anos despois grazas \u00f3 impulso dos fondos europeos para a vivenda p\u00fablica en Espa\u00f1a -\",\"isPartOf\":{\"@id\":\"https:\\\/\\\/www.anovapeneira.gal\\\/#website\"},\"primaryImageOfPage\":{\"@id\":\"https:\\\/\\\/www.anovapeneira.gal\\\/index.php\\\/2025\\\/10\\\/22\\\/a-vivenda-de-promocion-publica-en-san-eleuterio-tameiga-volve-a-rexurdir-30-anos-despois-grazas-o-impulso-dos-fondos-europeos-para-a-vivenda-publica-en-espana\\\/#primaryimage\"},\"image\":{\"@id\":\"https:\\\/\\\/www.anovapeneira.gal\\\/index.php\\\/2025\\\/10\\\/22\\\/a-vivenda-de-promocion-publica-en-san-eleuterio-tameiga-volve-a-rexurdir-30-anos-despois-grazas-o-impulso-dos-fondos-europeos-para-a-vivenda-publica-en-espana\\\/#primaryimage\"},\"thumbnailUrl\":\"https:\\\/\\\/www.anovapeneira.gal\\\/wp-content\\\/uploads\\\/2025\\\/10\\\/vivienda_publica_mos.jpg\",\"datePublished\":\"2025-10-22T08:00:01+00:00\",\"breadcrumb\":{\"@id\":\"https:\\\/\\\/www.anovapeneira.gal\\\/index.php\\\/2025\\\/10\\\/22\\\/a-vivenda-de-promocion-publica-en-san-eleuterio-tameiga-volve-a-rexurdir-30-anos-despois-grazas-o-impulso-dos-fondos-europeos-para-a-vivenda-publica-en-espana\\\/#breadcrumb\"},\"inLanguage\":\"gl-ES\",\"potentialAction\":[{\"@type\":\"ReadAction\",\"target\":[\"https:\\\/\\\/www.anovapeneira.gal\\\/index.php\\\/2025\\\/10\\\/22\\\/a-vivenda-de-promocion-publica-en-san-eleuterio-tameiga-volve-a-rexurdir-30-anos-despois-grazas-o-impulso-dos-fondos-europeos-para-a-vivenda-publica-en-espana\\\/\"]}]},{\"@type\":\"ImageObject\",\"inLanguage\":\"gl-ES\",\"@id\":\"https:\\\/\\\/www.anovapeneira.gal\\\/index.php\\\/2025\\\/10\\\/22\\\/a-vivenda-de-promocion-publica-en-san-eleuterio-tameiga-volve-a-rexurdir-30-anos-despois-grazas-o-impulso-dos-fondos-europeos-para-a-vivenda-publica-en-espana\\\/#primaryimage\",\"url\":\"https:\\\/\\\/www.anovapeneira.gal\\\/wp-content\\\/uploads\\\/2025\\\/10\\\/vivienda_publica_mos.jpg\",\"contentUrl\":\"https:\\\/\\\/www.anovapeneira.gal\\\/wp-content\\\/uploads\\\/2025\\\/10\\\/vivienda_publica_mos.jpg\",\"width\":550,\"height\":367},{\"@type\":\"BreadcrumbList\",\"@id\":\"https:\\\/\\\/www.anovapeneira.gal\\\/index.php\\\/2025\\\/10\\\/22\\\/a-vivenda-de-promocion-publica-en-san-eleuterio-tameiga-volve-a-rexurdir-30-anos-despois-grazas-o-impulso-dos-fondos-europeos-para-a-vivenda-publica-en-espana\\\/#breadcrumb\",\"itemListElement\":[{\"@type\":\"ListItem\",\"position\":1,\"name\":\"Portada\",\"item\":\"https:\\\/\\\/www.anovapeneira.gal\\\/\"},{\"@type\":\"ListItem\",\"position\":2,\"name\":\"A vivenda de promoci\u00f3n p\u00fablica en San Eleuterio-Tameiga volve a rexurdir 30 anos despois grazas \u00f3 impulso dos fondos europeos para a vivenda p\u00fablica en Espa\u00f1a\"}]},{\"@type\":\"WebSite\",\"@id\":\"https:\\\/\\\/www.anovapeneira.gal\\\/#website\",\"url\":\"https:\\\/\\\/www.anovapeneira.gal\\\/\",\"name\":\"\",\"description\":\"Xornal galego de informaci\u00f3n xeral Publicaci\u00f3n mensual de novas de Galicia e en especial dos Concellos da sur da provincia de Pontevedra.\",\"publisher\":{\"@id\":\"https:\\\/\\\/www.anovapeneira.gal\\\/#organization\"},\"potentialAction\":[{\"@type\":\"SearchAction\",\"target\":{\"@type\":\"EntryPoint\",\"urlTemplate\":\"https:\\\/\\\/www.anovapeneira.gal\\\/?s={search_term_string}\"},\"query-input\":{\"@type\":\"PropertyValueSpecification\",\"valueRequired\":true,\"valueName\":\"search_term_string\"}}],\"inLanguage\":\"gl-ES\"},{\"@type\":\"Organization\",\"@id\":\"https:\\\/\\\/www.anovapeneira.gal\\\/#organization\",\"name\":\"A Nova Peneira\",\"url\":\"https:\\\/\\\/www.anovapeneira.gal\\\/\",\"logo\":{\"@type\":\"ImageObject\",\"inLanguage\":\"gl-ES\",\"@id\":\"https:\\\/\\\/www.anovapeneira.gal\\\/#\\\/schema\\\/logo\\\/image\\\/\",\"url\":\"http:\\\/\\\/www.anovapeneira.gal\\\/wp-content\\\/uploads\\\/2019\\\/06\\\/logo_a_nova_peneira_portal_web.png\",\"contentUrl\":\"http:\\\/\\\/www.anovapeneira.gal\\\/wp-content\\\/uploads\\\/2019\\\/06\\\/logo_a_nova_peneira_portal_web.png\",\"width\":300,\"height\":100,\"caption\":\"A Nova Peneira\"},\"image\":{\"@id\":\"https:\\\/\\\/www.anovapeneira.gal\\\/#\\\/schema\\\/logo\\\/image\\\/\"},\"sameAs\":[\"https:\\\/\\\/www.facebook.com\\\/anovapeneira\",\"https:\\\/\\\/x.com\\\/APeneira\"]},{\"@type\":\"Person\",\"@id\":\"https:\\\/\\\/www.anovapeneira.gal\\\/#\\\/schema\\\/person\\\/b93e3f8932e3f8da96334607eb6ac6aa\",\"name\":\"Redacci\u00f3n A Nova Peneira\",\"image\":{\"@type\":\"ImageObject\",\"inLanguage\":\"gl-ES\",\"@id\":\"https:\\\/\\\/secure.gravatar.com\\\/avatar\\\/c052a2551a06e23fac63626232eaa90abd78dbcf1700fc46a2b2c89fd27b735f?s=96&d=mm&r=g\",\"url\":\"https:\\\/\\\/secure.gravatar.com\\\/avatar\\\/c052a2551a06e23fac63626232eaa90abd78dbcf1700fc46a2b2c89fd27b735f?s=96&d=mm&r=g\",\"contentUrl\":\"https:\\\/\\\/secure.gravatar.com\\\/avatar\\\/c052a2551a06e23fac63626232eaa90abd78dbcf1700fc46a2b2c89fd27b735f?s=96&d=mm&r=g\",\"caption\":\"Redacci\u00f3n A Nova Peneira\"},\"sameAs\":[\"http:\\\/\\\/www.anovapeneira.gal\\\/\"],\"url\":\"https:\\\/\\\/www.anovapeneira.gal\\\/index.php\\\/author\\\/redactor\\\/\"}]}<\/script>\n<!-- \/ Yoast SEO plugin. -->","yoast_head_json":{"title":"A vivenda de promoci\u00f3n p\u00fablica en San Eleuterio-Tameiga volve a rexurdir 30 anos despois grazas \u00f3 impulso dos fondos europeos para a vivenda p\u00fablica en Espa\u00f1a -","robots":{"index":"index","follow":"follow","max-snippet":"max-snippet:-1","max-image-preview":"max-image-preview:large","max-video-preview":"max-video-preview:-1"},"canonical":"https:\/\/www.anovapeneira.gal\/index.php\/2025\/10\/22\/a-vivenda-de-promocion-publica-en-san-eleuterio-tameiga-volve-a-rexurdir-30-anos-despois-grazas-o-impulso-dos-fondos-europeos-para-a-vivenda-publica-en-espana\/","og_locale":"gl_ES","og_type":"article","og_title":"A vivenda de promoci\u00f3n p\u00fablica en San Eleuterio-Tameiga volve a rexurdir 30 anos despois grazas \u00f3 impulso dos fondos europeos para a vivenda p\u00fablica en Espa\u00f1a -","og_description":"A veci\u00f1anza de Mos est\u00e1 a ver grandes avances en materia de vivenda do Concello cun primeiro proxecto de Vivenda P\u00fablica protexida que contempla a construci\u00f3n de 20 vivendas na urbanizaci\u00f3n de San Eleuterio - Tameiga [...]","og_url":"https:\/\/www.anovapeneira.gal\/index.php\/2025\/10\/22\/a-vivenda-de-promocion-publica-en-san-eleuterio-tameiga-volve-a-rexurdir-30-anos-despois-grazas-o-impulso-dos-fondos-europeos-para-a-vivenda-publica-en-espana\/","article_publisher":"https:\/\/www.facebook.com\/anovapeneira","article_published_time":"2025-10-22T08:00:01+00:00","og_image":[{"width":550,"height":367,"url":"https:\/\/www.anovapeneira.gal\/wp-content\/uploads\/2025\/10\/vivienda_publica_mos.jpg","type":"image\/jpeg"}],"author":"Redacci\u00f3n A Nova Peneira","twitter_card":"summary_large_image","twitter_creator":"@APeneira","twitter_site":"@APeneira","twitter_misc":{"Escrito por":"Redacci\u00f3n A Nova Peneira","Tempo de lectura":"2 minutos"},"schema":{"@context":"https:\/\/schema.org","@graph":[{"@type":"Article","@id":"https:\/\/www.anovapeneira.gal\/index.php\/2025\/10\/22\/a-vivenda-de-promocion-publica-en-san-eleuterio-tameiga-volve-a-rexurdir-30-anos-despois-grazas-o-impulso-dos-fondos-europeos-para-a-vivenda-publica-en-espana\/#article","isPartOf":{"@id":"https:\/\/www.anovapeneira.gal\/index.php\/2025\/10\/22\/a-vivenda-de-promocion-publica-en-san-eleuterio-tameiga-volve-a-rexurdir-30-anos-despois-grazas-o-impulso-dos-fondos-europeos-para-a-vivenda-publica-en-espana\/"},"author":{"name":"Redacci\u00f3n A Nova Peneira","@id":"https:\/\/www.anovapeneira.gal\/#\/schema\/person\/b93e3f8932e3f8da96334607eb6ac6aa"},"headline":"A vivenda de promoci\u00f3n p\u00fablica en San Eleuterio-Tameiga volve a rexurdir 30 anos despois grazas \u00f3 impulso dos fondos europeos para a vivenda p\u00fablica en Espa\u00f1a","datePublished":"2025-10-22T08:00:01+00:00","mainEntityOfPage":{"@id":"https:\/\/www.anovapeneira.gal\/index.php\/2025\/10\/22\/a-vivenda-de-promocion-publica-en-san-eleuterio-tameiga-volve-a-rexurdir-30-anos-despois-grazas-o-impulso-dos-fondos-europeos-para-a-vivenda-publica-en-espana\/"},"wordCount":269,"commentCount":0,"publisher":{"@id":"https:\/\/www.anovapeneira.gal\/#organization"},"image":{"@id":"https:\/\/www.anovapeneira.gal\/index.php\/2025\/10\/22\/a-vivenda-de-promocion-publica-en-san-eleuterio-tameiga-volve-a-rexurdir-30-anos-despois-grazas-o-impulso-dos-fondos-europeos-para-a-vivenda-publica-en-espana\/#primaryimage"},"thumbnailUrl":"https:\/\/www.anovapeneira.gal\/wp-content\/uploads\/2025\/10\/vivienda_publica_mos.jpg","keywords":["Concello de Mos"],"articleSection":["A Louri\u00f1a"],"inLanguage":"gl-ES","potentialAction":[{"@type":"CommentAction","name":"Comment","target":["https:\/\/www.anovapeneira.gal\/index.php\/2025\/10\/22\/a-vivenda-de-promocion-publica-en-san-eleuterio-tameiga-volve-a-rexurdir-30-anos-despois-grazas-o-impulso-dos-fondos-europeos-para-a-vivenda-publica-en-espana\/#respond"]}]},{"@type":"WebPage","@id":"https:\/\/www.anovapeneira.gal\/index.php\/2025\/10\/22\/a-vivenda-de-promocion-publica-en-san-eleuterio-tameiga-volve-a-rexurdir-30-anos-despois-grazas-o-impulso-dos-fondos-europeos-para-a-vivenda-publica-en-espana\/","url":"https:\/\/www.anovapeneira.gal\/index.php\/2025\/10\/22\/a-vivenda-de-promocion-publica-en-san-eleuterio-tameiga-volve-a-rexurdir-30-anos-despois-grazas-o-impulso-dos-fondos-europeos-para-a-vivenda-publica-en-espana\/","name":"A vivenda de promoci\u00f3n p\u00fablica en San Eleuterio-Tameiga volve a rexurdir 30 anos despois grazas \u00f3 impulso dos fondos europeos para a vivenda p\u00fablica en Espa\u00f1a -","isPartOf":{"@id":"https:\/\/www.anovapeneira.gal\/#website"},"primaryImageOfPage":{"@id":"https:\/\/www.anovapeneira.gal\/index.php\/2025\/10\/22\/a-vivenda-de-promocion-publica-en-san-eleuterio-tameiga-volve-a-rexurdir-30-anos-despois-grazas-o-impulso-dos-fondos-europeos-para-a-vivenda-publica-en-espana\/#primaryimage"},"image":{"@id":"https:\/\/www.anovapeneira.gal\/index.php\/2025\/10\/22\/a-vivenda-de-promocion-publica-en-san-eleuterio-tameiga-volve-a-rexurdir-30-anos-despois-grazas-o-impulso-dos-fondos-europeos-para-a-vivenda-publica-en-espana\/#primaryimage"},"thumbnailUrl":"https:\/\/www.anovapeneira.gal\/wp-content\/uploads\/2025\/10\/vivienda_publica_mos.jpg","datePublished":"2025-10-22T08:00:01+00:00","breadcrumb":{"@id":"https:\/\/www.anovapeneira.gal\/index.php\/2025\/10\/22\/a-vivenda-de-promocion-publica-en-san-eleuterio-tameiga-volve-a-rexurdir-30-anos-despois-grazas-o-impulso-dos-fondos-europeos-para-a-vivenda-publica-en-espana\/#breadcrumb"},"inLanguage":"gl-ES","potentialAction":[{"@type":"ReadAction","target":["https:\/\/www.anovapeneira.gal\/index.php\/2025\/10\/22\/a-vivenda-de-promocion-publica-en-san-eleuterio-tameiga-volve-a-rexurdir-30-anos-despois-grazas-o-impulso-dos-fondos-europeos-para-a-vivenda-publica-en-espana\/"]}]},{"@type":"ImageObject","inLanguage":"gl-ES","@id":"https:\/\/www.anovapeneira.gal\/index.php\/2025\/10\/22\/a-vivenda-de-promocion-publica-en-san-eleuterio-tameiga-volve-a-rexurdir-30-anos-despois-grazas-o-impulso-dos-fondos-europeos-para-a-vivenda-publica-en-espana\/#primaryimage","url":"https:\/\/www.anovapeneira.gal\/wp-content\/uploads\/2025\/10\/vivienda_publica_mos.jpg","contentUrl":"https:\/\/www.anovapeneira.gal\/wp-content\/uploads\/2025\/10\/vivienda_publica_mos.jpg","width":550,"height":367},{"@type":"BreadcrumbList","@id":"https:\/\/www.anovapeneira.gal\/index.php\/2025\/10\/22\/a-vivenda-de-promocion-publica-en-san-eleuterio-tameiga-volve-a-rexurdir-30-anos-despois-grazas-o-impulso-dos-fondos-europeos-para-a-vivenda-publica-en-espana\/#breadcrumb","itemListElement":[{"@type":"ListItem","position":1,"name":"Portada","item":"https:\/\/www.anovapeneira.gal\/"},{"@type":"ListItem","position":2,"name":"A vivenda de promoci\u00f3n p\u00fablica en San Eleuterio-Tameiga volve a rexurdir 30 anos despois grazas \u00f3 impulso dos fondos europeos para a vivenda p\u00fablica en Espa\u00f1a"}]},{"@type":"WebSite","@id":"https:\/\/www.anovapeneira.gal\/#website","url":"https:\/\/www.anovapeneira.gal\/","name":"","description":"Xornal galego de informaci\u00f3n xeral Publicaci\u00f3n mensual de novas de Galicia e en especial dos Concellos da sur da provincia de Pontevedra.","publisher":{"@id":"https:\/\/www.anovapeneira.gal\/#organization"},"potentialAction":[{"@type":"SearchAction","target":{"@type":"EntryPoint","urlTemplate":"https:\/\/www.anovapeneira.gal\/?s={search_term_string}"},"query-input":{"@type":"PropertyValueSpecification","valueRequired":true,"valueName":"search_term_string"}}],"inLanguage":"gl-ES"},{"@type":"Organization","@id":"https:\/\/www.anovapeneira.gal\/#organization","name":"A Nova Peneira","url":"https:\/\/www.anovapeneira.gal\/","logo":{"@type":"ImageObject","inLanguage":"gl-ES","@id":"https:\/\/www.anovapeneira.gal\/#\/schema\/logo\/image\/","url":"http:\/\/www.anovapeneira.gal\/wp-content\/uploads\/2019\/06\/logo_a_nova_peneira_portal_web.png","contentUrl":"http:\/\/www.anovapeneira.gal\/wp-content\/uploads\/2019\/06\/logo_a_nova_peneira_portal_web.png","width":300,"height":100,"caption":"A Nova Peneira"},"image":{"@id":"https:\/\/www.anovapeneira.gal\/#\/schema\/logo\/image\/"},"sameAs":["https:\/\/www.facebook.com\/anovapeneira","https:\/\/x.com\/APeneira"]},{"@type":"Person","@id":"https:\/\/www.anovapeneira.gal\/#\/schema\/person\/b93e3f8932e3f8da96334607eb6ac6aa","name":"Redacci\u00f3n A Nova Peneira","image":{"@type":"ImageObject","inLanguage":"gl-ES","@id":"https:\/\/secure.gravatar.com\/avatar\/c052a2551a06e23fac63626232eaa90abd78dbcf1700fc46a2b2c89fd27b735f?s=96&d=mm&r=g","url":"https:\/\/secure.gravatar.com\/avatar\/c052a2551a06e23fac63626232eaa90abd78dbcf1700fc46a2b2c89fd27b735f?s=96&d=mm&r=g","contentUrl":"https:\/\/secure.gravatar.com\/avatar\/c052a2551a06e23fac63626232eaa90abd78dbcf1700fc46a2b2c89fd27b735f?s=96&d=mm&r=g","caption":"Redacci\u00f3n A Nova Peneira"},"sameAs":["http:\/\/www.anovapeneira.gal\/"],"url":"https:\/\/www.anovapeneira.gal\/index.php\/author\/redactor\/"}]}},"jetpack_featured_media_url":"https:\/\/www.anovapeneira.gal\/wp-content\/uploads\/2025\/10\/vivienda_publica_mos.jpg","_links":{"self":[{"href":"https:\/\/www.anovapeneira.gal\/index.php\/wp-json\/wp\/v2\/posts\/14830","targetHints":{"allow":["GET"]}}],"collection":[{"href":"https:\/\/www.anovapeneira.gal\/index.php\/wp-json\/wp\/v2\/posts"}],"about":[{"href":"https:\/\/www.anovapeneira.gal\/index.php\/wp-json\/wp\/v2\/types\/post"}],"author":[{"embeddable":true,"href":"https:\/\/www.anovapeneira.gal\/index.php\/wp-json\/wp\/v2\/users\/3"}],"replies":[{"embeddable":true,"href":"https:\/\/www.anovapeneira.gal\/index.php\/wp-json\/wp\/v2\/comments?post=14830"}],"version-history":[{"count":1,"href":"https:\/\/www.anovapeneira.gal\/index.php\/wp-json\/wp\/v2\/posts\/14830\/revisions"}],"predecessor-version":[{"id":14832,"href":"https:\/\/www.anovapeneira.gal\/index.php\/wp-json\/wp\/v2\/posts\/14830\/revisions\/14832"}],"wp:featuredmedia":[{"embeddable":true,"href":"https:\/\/www.anovapeneira.gal\/index.php\/wp-json\/wp\/v2\/media\/14831"}],"wp:attachment":[{"href":"https:\/\/www.anovapeneira.gal\/index.php\/wp-json\/wp\/v2\/media?parent=14830"}],"wp:term":[{"taxonomy":"category","embeddable":true,"href":"https:\/\/www.anovapeneira.gal\/index.php\/wp-json\/wp\/v2\/categories?post=14830"},{"taxonomy":"post_tag","embeddable":true,"href":"https:\/\/www.anovapeneira.gal\/index.php\/wp-json\/wp\/v2\/tags?post=14830"}],"curies":[{"name":"wp","href":"https:\/\/api.w.org\/{rel}","templated":true}]}}