{"id":14833,"date":"2025-10-23T10:00:33","date_gmt":"2025-10-23T08:00:33","guid":{"rendered":"https:\/\/www.anovapeneira.gal\/?p=14833"},"modified":"2025-10-21T17:43:55","modified_gmt":"2025-10-21T15:43:55","slug":"licitacion-do-novo-contrato-de-recollida-de-residuos-urbanos-e-limpeza-viaria-de-nigran-o-asalto-dos-cartos-publicos","status":"publish","type":"post","link":"https:\/\/www.anovapeneira.gal\/index.php\/2025\/10\/23\/licitacion-do-novo-contrato-de-recollida-de-residuos-urbanos-e-limpeza-viaria-de-nigran-o-asalto-dos-cartos-publicos\/","title":{"rendered":"Licitaci\u00f3n do novo contrato de recollida de residuos urbanos e limpeza viaria de Nigr\u00e1n: o asalto dos cartos p\u00fablicos"},"content":{"rendered":"\n<pre class=\"wp-block-verse\"><br>Xavier Rodr\u00edguez<\/pre>\n\n\n\n<p>No ano 2004 adxudicouse o contrato da recollida do lixo en Nigr\u00e1n envolto en pol\u00e9mica. Tanta que a s\u00faa adxudicaci\u00f3n acabou en xu\u00edzo, no que a fiscal\u00eda manti\u00f1a que o contrato fora ama\u00f1ado. Non se puideron probar tales acusaci\u00f3ns e os investigados remataron absoltos, a\u00ednda que a irregularidade que presidiu o procedemento foi escandalosa.<\/p>\n\n\n\n<p>Para os optimistas que pensan que m\u00e1is de 20 anos despois as cousas son ben distintas te\u00f1o malas novas. A nova licitaci\u00f3n viuse paralizada porque a mesa de contrataci\u00f3n negouse a aprobar a valoraci\u00f3n das ofertas realizada por unha consultora externa que outorga unha desproporcionada vantaxe a unha das candidatas, cunha evidente falla de motivaci\u00f3n e coherencia nas puntuaci\u00f3ns.<\/p>\n\n\n\n<p>No ano 2004 a licitaci\u00f3n resolveuse a un prezo un 52% maior que o que hab\u00eda na \u00e9poca no que se fixera o anterior contrato. Agora o prego proxecta un gasto que sup\u00f3n un aumento de m\u00e1is dun 50% sobre o actual. O d\u00eda da marmota.<\/p>\n\n\n\n<p>O Prego de Cl\u00e1usulas Administrativas Particulares foi realizado pola consultora externa Intoconsulting. Un encargo adxudicado directamente, sen concurso alg\u00fan, e que ten como resultado elevar a 33 mill\u00f3ns de euros o orzamentado para o novo contrato, de 10 anos de duraci\u00f3n. O maior, con moito, da historia de Nigr\u00e1n. O m\u00e1is escandaloso do asunto \u00e9 que, en numerosas ocasi\u00f3ns, os t\u00e9cnicos advertiron do exceso de frecuencias de recollida de residuos e da s\u00faa ineficacia, e tales advertencias foron deliberadamente ignoradas. Os informes t\u00e9cnicos sinalaban que as frecuencias inclu\u00eddas no prego eran desmesuradas, que supor\u00edan un custe innecesariamente inflado para as arcas municipais e que ser\u00edan ineficientes para a prestaci\u00f3n do servizo.<\/p>\n\n\n\n<p>A pesar diso, f\u00edxose caso omiso e decidiuse manter esas frecuencias, co aval expreso do propio asesor externo, e \u00e9 aqu\u00ed cando aparece a sorpresa final que far\u00eda encaixar todas as pezas. Unha vez presentadas as ofertas, catro para ser exactos, unha delas incumpre as frecuencias m\u00ednimas tan elevadas que se establecen no prego, reducindo a menos da metade a frecuencia real de recollida da fracci\u00f3n resto. Para asombro da mesa de contrataci\u00f3n, o informe de valoraci\u00f3n das ofertas non s\u00f3 non a excl\u00fae, sen\u00f3n que resulta a m\u00e1is valorada. Sabedes quen fixo ese informe de valoraci\u00f3n das ofertas? Premio! O mesmo asesor externo que redactou o prego no que estableceu que as frecuencias m\u00ednimas eran de obrigado cumprimento, pero que agora valora como excelente que unha das empresas, a UTE COPASA-GESECO-ORESA, diga que o servizo o presta todos os d\u00edas pero recollendo a metade dos colectores. Vivan as soluci\u00f3ns imaxinativas!<\/p>\n\n\n\n<p>F\u00edxose caso omiso das advertencias dos t\u00e9cnicos que sinalaban o oneroso e innecesario das frecuencias m\u00ednimas establecidas e decidiuse mantelas, e agora, \u00e1 vista das ofertas, consid\u00e9rase como a mellor opci\u00f3n para a Administraci\u00f3n precisamente aquilo que no seu d\u00eda foi rexeitado e que agora se valora, iso si, despois de que o importe da licitaci\u00f3n engordara artificialmente e de que o resto das empresas axustasen as s\u00faas propostas ao requirido nos pregos. Neste sentido a xefa de secci\u00f3n de residuos da Deputaci\u00f3n de Pontevedra indicaba \u201cas frecuencias das recollidas da fracci\u00f3n resto e dos biorresiduos <strong>son desmesuradas<\/strong>.\u201d Finalmente o informe do interventor daba no cravo ao constatar a \u201cNon acreditaci\u00f3n documental da procedencia das frecuencias m\u00ednimas de recollida de residuos municipais, o que sup\u00f3n maiores custos para o Concello de Nigr\u00e1n e supor\u00e1n incrementos nos importes da taxa pola prestaci\u00f3n do servizo de recollida do lixo\u201d. Non pasa nada, pagaremos todos, como sempre&#8230;todo segue igual.<\/p>\n","protected":false},"excerpt":{"rendered":"<div class=\"mh-excerpt\"><p>No ano 2004 adxudicouse o contrato da recollida do lixo en Nigr\u00e1n envolto en pol\u00e9mica. Tanta que a s\u00faa adxudicaci\u00f3n acabou en xu\u00edzo, no que a fiscal\u00eda manti\u00f1a que o contrato fora ama\u00f1ado <a class=\"mh-excerpt-more\" href=\"https:\/\/www.anovapeneira.gal\/index.php\/2025\/10\/23\/licitacion-do-novo-contrato-de-recollida-de-residuos-urbanos-e-limpeza-viaria-de-nigran-o-asalto-dos-cartos-publicos\/\" title=\"Licitaci\u00f3n do novo contrato de recollida de residuos urbanos e limpeza viaria de Nigr\u00e1n: o asalto dos cartos p\u00fablicos\">[&#8230;]<\/a><\/p>\n<\/div>","protected":false},"author":16,"featured_media":13644,"comment_status":"open","ping_status":"open","sticky":false,"template":"","format":"standard","meta":{"_exactmetrics_skip_tracking":false,"_exactmetrics_sitenote_active":false,"_exactmetrics_sitenote_note":"","_exactmetrics_sitenote_category":0,"footnotes":""},"categories":[7],"tags":[135],"class_list":{"0":"post-14833","1":"post","2":"type-post","3":"status-publish","4":"format-standard","5":"has-post-thumbnail","7":"category-artigos-de-opinion","8":"tag-concello-de-nigran"},"yoast_head":"<!-- This site is optimized with the Yoast SEO plugin v27.5 - https:\/\/yoast.com\/product\/yoast-seo-wordpress\/ -->\n<title>Licitaci\u00f3n do novo contrato de recollida de residuos urbanos e limpeza viaria de Nigr\u00e1n: o asalto dos cartos p\u00fablicos -<\/title>\n<meta name=\"robots\" content=\"index, follow, max-snippet:-1, max-image-preview:large, max-video-preview:-1\" \/>\n<link rel=\"canonical\" href=\"https:\/\/www.anovapeneira.gal\/index.php\/2025\/10\/23\/licitacion-do-novo-contrato-de-recollida-de-residuos-urbanos-e-limpeza-viaria-de-nigran-o-asalto-dos-cartos-publicos\/\" \/>\n<meta property=\"og:locale\" content=\"gl_ES\" \/>\n<meta property=\"og:type\" content=\"article\" \/>\n<meta property=\"og:title\" content=\"Licitaci\u00f3n do novo contrato de recollida de residuos urbanos e limpeza viaria de Nigr\u00e1n: o asalto dos cartos p\u00fablicos -\" \/>\n<meta property=\"og:description\" content=\"No ano 2004 adxudicouse o contrato da recollida do lixo en Nigr\u00e1n envolto en pol\u00e9mica. Tanta que a s\u00faa adxudicaci\u00f3n acabou en xu\u00edzo, no que a fiscal\u00eda manti\u00f1a que o contrato fora ama\u00f1ado [...]\" \/>\n<meta property=\"og:url\" content=\"https:\/\/www.anovapeneira.gal\/index.php\/2025\/10\/23\/licitacion-do-novo-contrato-de-recollida-de-residuos-urbanos-e-limpeza-viaria-de-nigran-o-asalto-dos-cartos-publicos\/\" \/>\n<meta property=\"article:publisher\" content=\"https:\/\/www.facebook.com\/anovapeneira\" \/>\n<meta property=\"article:published_time\" content=\"2025-10-23T08:00:33+00:00\" \/>\n<meta property=\"og:image\" content=\"https:\/\/www.anovapeneira.gal\/wp-content\/uploads\/2025\/04\/xavier-nigran.png\" \/>\n\t<meta property=\"og:image:width\" content=\"720\" \/>\n\t<meta property=\"og:image:height\" content=\"432\" \/>\n\t<meta property=\"og:image:type\" content=\"image\/png\" \/>\n<meta name=\"author\" content=\"Xavier Rodr\u00edguez\" \/>\n<meta name=\"twitter:card\" content=\"summary_large_image\" \/>\n<meta name=\"twitter:creator\" content=\"@APeneira\" \/>\n<meta name=\"twitter:site\" content=\"@APeneira\" \/>\n<meta name=\"twitter:label1\" content=\"Escrito por\" \/>\n\t<meta name=\"twitter:data1\" content=\"Xavier Rodr\u00edguez\" \/>\n\t<meta name=\"twitter:label2\" content=\"Tempo de lectura\" \/>\n\t<meta name=\"twitter:data2\" content=\"4 minutos\" \/>\n<script type=\"application\/ld+json\" class=\"yoast-schema-graph\">{\"@context\":\"https:\\\/\\\/schema.org\",\"@graph\":[{\"@type\":\"Article\",\"@id\":\"https:\\\/\\\/www.anovapeneira.gal\\\/index.php\\\/2025\\\/10\\\/23\\\/licitacion-do-novo-contrato-de-recollida-de-residuos-urbanos-e-limpeza-viaria-de-nigran-o-asalto-dos-cartos-publicos\\\/#article\",\"isPartOf\":{\"@id\":\"https:\\\/\\\/www.anovapeneira.gal\\\/index.php\\\/2025\\\/10\\\/23\\\/licitacion-do-novo-contrato-de-recollida-de-residuos-urbanos-e-limpeza-viaria-de-nigran-o-asalto-dos-cartos-publicos\\\/\"},\"author\":{\"name\":\"Xavier Rodr\u00edguez\",\"@id\":\"https:\\\/\\\/www.anovapeneira.gal\\\/#\\\/schema\\\/person\\\/e598b63030664c413236c3f685e56918\"},\"headline\":\"Licitaci\u00f3n do novo contrato de recollida de residuos urbanos e limpeza viaria de Nigr\u00e1n: o asalto dos cartos p\u00fablicos\",\"datePublished\":\"2025-10-23T08:00:33+00:00\",\"mainEntityOfPage\":{\"@id\":\"https:\\\/\\\/www.anovapeneira.gal\\\/index.php\\\/2025\\\/10\\\/23\\\/licitacion-do-novo-contrato-de-recollida-de-residuos-urbanos-e-limpeza-viaria-de-nigran-o-asalto-dos-cartos-publicos\\\/\"},\"wordCount\":657,\"commentCount\":0,\"publisher\":{\"@id\":\"https:\\\/\\\/www.anovapeneira.gal\\\/#organization\"},\"image\":{\"@id\":\"https:\\\/\\\/www.anovapeneira.gal\\\/index.php\\\/2025\\\/10\\\/23\\\/licitacion-do-novo-contrato-de-recollida-de-residuos-urbanos-e-limpeza-viaria-de-nigran-o-asalto-dos-cartos-publicos\\\/#primaryimage\"},\"thumbnailUrl\":\"https:\\\/\\\/www.anovapeneira.gal\\\/wp-content\\\/uploads\\\/2025\\\/04\\\/xavier-nigran.png\",\"keywords\":[\"Concello de Nigr\u00e1n\"],\"articleSection\":[\"Artigos de opini\u00f3n\"],\"inLanguage\":\"gl-ES\",\"potentialAction\":[{\"@type\":\"CommentAction\",\"name\":\"Comment\",\"target\":[\"https:\\\/\\\/www.anovapeneira.gal\\\/index.php\\\/2025\\\/10\\\/23\\\/licitacion-do-novo-contrato-de-recollida-de-residuos-urbanos-e-limpeza-viaria-de-nigran-o-asalto-dos-cartos-publicos\\\/#respond\"]}]},{\"@type\":\"WebPage\",\"@id\":\"https:\\\/\\\/www.anovapeneira.gal\\\/index.php\\\/2025\\\/10\\\/23\\\/licitacion-do-novo-contrato-de-recollida-de-residuos-urbanos-e-limpeza-viaria-de-nigran-o-asalto-dos-cartos-publicos\\\/\",\"url\":\"https:\\\/\\\/www.anovapeneira.gal\\\/index.php\\\/2025\\\/10\\\/23\\\/licitacion-do-novo-contrato-de-recollida-de-residuos-urbanos-e-limpeza-viaria-de-nigran-o-asalto-dos-cartos-publicos\\\/\",\"name\":\"Licitaci\u00f3n do novo contrato de recollida de residuos urbanos e limpeza viaria de Nigr\u00e1n: o asalto dos cartos p\u00fablicos -\",\"isPartOf\":{\"@id\":\"https:\\\/\\\/www.anovapeneira.gal\\\/#website\"},\"primaryImageOfPage\":{\"@id\":\"https:\\\/\\\/www.anovapeneira.gal\\\/index.php\\\/2025\\\/10\\\/23\\\/licitacion-do-novo-contrato-de-recollida-de-residuos-urbanos-e-limpeza-viaria-de-nigran-o-asalto-dos-cartos-publicos\\\/#primaryimage\"},\"image\":{\"@id\":\"https:\\\/\\\/www.anovapeneira.gal\\\/index.php\\\/2025\\\/10\\\/23\\\/licitacion-do-novo-contrato-de-recollida-de-residuos-urbanos-e-limpeza-viaria-de-nigran-o-asalto-dos-cartos-publicos\\\/#primaryimage\"},\"thumbnailUrl\":\"https:\\\/\\\/www.anovapeneira.gal\\\/wp-content\\\/uploads\\\/2025\\\/04\\\/xavier-nigran.png\",\"datePublished\":\"2025-10-23T08:00:33+00:00\",\"breadcrumb\":{\"@id\":\"https:\\\/\\\/www.anovapeneira.gal\\\/index.php\\\/2025\\\/10\\\/23\\\/licitacion-do-novo-contrato-de-recollida-de-residuos-urbanos-e-limpeza-viaria-de-nigran-o-asalto-dos-cartos-publicos\\\/#breadcrumb\"},\"inLanguage\":\"gl-ES\",\"potentialAction\":[{\"@type\":\"ReadAction\",\"target\":[\"https:\\\/\\\/www.anovapeneira.gal\\\/index.php\\\/2025\\\/10\\\/23\\\/licitacion-do-novo-contrato-de-recollida-de-residuos-urbanos-e-limpeza-viaria-de-nigran-o-asalto-dos-cartos-publicos\\\/\"]}]},{\"@type\":\"ImageObject\",\"inLanguage\":\"gl-ES\",\"@id\":\"https:\\\/\\\/www.anovapeneira.gal\\\/index.php\\\/2025\\\/10\\\/23\\\/licitacion-do-novo-contrato-de-recollida-de-residuos-urbanos-e-limpeza-viaria-de-nigran-o-asalto-dos-cartos-publicos\\\/#primaryimage\",\"url\":\"https:\\\/\\\/www.anovapeneira.gal\\\/wp-content\\\/uploads\\\/2025\\\/04\\\/xavier-nigran.png\",\"contentUrl\":\"https:\\\/\\\/www.anovapeneira.gal\\\/wp-content\\\/uploads\\\/2025\\\/04\\\/xavier-nigran.png\",\"width\":720,\"height\":432,\"caption\":\"Xavier Rodr\u00edguez Nigr\u00e1n BNG\"},{\"@type\":\"BreadcrumbList\",\"@id\":\"https:\\\/\\\/www.anovapeneira.gal\\\/index.php\\\/2025\\\/10\\\/23\\\/licitacion-do-novo-contrato-de-recollida-de-residuos-urbanos-e-limpeza-viaria-de-nigran-o-asalto-dos-cartos-publicos\\\/#breadcrumb\",\"itemListElement\":[{\"@type\":\"ListItem\",\"position\":1,\"name\":\"Portada\",\"item\":\"https:\\\/\\\/www.anovapeneira.gal\\\/\"},{\"@type\":\"ListItem\",\"position\":2,\"name\":\"Licitaci\u00f3n do novo contrato de recollida de residuos urbanos e limpeza viaria de Nigr\u00e1n: o asalto dos cartos p\u00fablicos\"}]},{\"@type\":\"WebSite\",\"@id\":\"https:\\\/\\\/www.anovapeneira.gal\\\/#website\",\"url\":\"https:\\\/\\\/www.anovapeneira.gal\\\/\",\"name\":\"\",\"description\":\"Xornal galego de informaci\u00f3n xeral Publicaci\u00f3n mensual de novas de Galicia e en especial dos Concellos da sur da provincia de Pontevedra.\",\"publisher\":{\"@id\":\"https:\\\/\\\/www.anovapeneira.gal\\\/#organization\"},\"potentialAction\":[{\"@type\":\"SearchAction\",\"target\":{\"@type\":\"EntryPoint\",\"urlTemplate\":\"https:\\\/\\\/www.anovapeneira.gal\\\/?s={search_term_string}\"},\"query-input\":{\"@type\":\"PropertyValueSpecification\",\"valueRequired\":true,\"valueName\":\"search_term_string\"}}],\"inLanguage\":\"gl-ES\"},{\"@type\":\"Organization\",\"@id\":\"https:\\\/\\\/www.anovapeneira.gal\\\/#organization\",\"name\":\"A Nova Peneira\",\"url\":\"https:\\\/\\\/www.anovapeneira.gal\\\/\",\"logo\":{\"@type\":\"ImageObject\",\"inLanguage\":\"gl-ES\",\"@id\":\"https:\\\/\\\/www.anovapeneira.gal\\\/#\\\/schema\\\/logo\\\/image\\\/\",\"url\":\"http:\\\/\\\/www.anovapeneira.gal\\\/wp-content\\\/uploads\\\/2019\\\/06\\\/logo_a_nova_peneira_portal_web.png\",\"contentUrl\":\"http:\\\/\\\/www.anovapeneira.gal\\\/wp-content\\\/uploads\\\/2019\\\/06\\\/logo_a_nova_peneira_portal_web.png\",\"width\":300,\"height\":100,\"caption\":\"A Nova Peneira\"},\"image\":{\"@id\":\"https:\\\/\\\/www.anovapeneira.gal\\\/#\\\/schema\\\/logo\\\/image\\\/\"},\"sameAs\":[\"https:\\\/\\\/www.facebook.com\\\/anovapeneira\",\"https:\\\/\\\/x.com\\\/APeneira\"]},{\"@type\":\"Person\",\"@id\":\"https:\\\/\\\/www.anovapeneira.gal\\\/#\\\/schema\\\/person\\\/e598b63030664c413236c3f685e56918\",\"name\":\"Xavier Rodr\u00edguez\",\"image\":{\"@type\":\"ImageObject\",\"inLanguage\":\"gl-ES\",\"@id\":\"https:\\\/\\\/secure.gravatar.com\\\/avatar\\\/d9b9f992d649071928b76ede112924ee61e9f7be582c6755dc0932efc9f011eb?s=96&d=mm&r=g\",\"url\":\"https:\\\/\\\/secure.gravatar.com\\\/avatar\\\/d9b9f992d649071928b76ede112924ee61e9f7be582c6755dc0932efc9f011eb?s=96&d=mm&r=g\",\"contentUrl\":\"https:\\\/\\\/secure.gravatar.com\\\/avatar\\\/d9b9f992d649071928b76ede112924ee61e9f7be582c6755dc0932efc9f011eb?s=96&d=mm&r=g\",\"caption\":\"Xavier Rodr\u00edguez\"},\"sameAs\":[\"http:\\\/\\\/www.anovapeneira.gal\\\/\"],\"url\":\"https:\\\/\\\/www.anovapeneira.gal\\\/index.php\\\/author\\\/xavierrodriguez\\\/\"}]}<\/script>\n<!-- \/ Yoast SEO plugin. -->","yoast_head_json":{"title":"Licitaci\u00f3n do novo contrato de recollida de residuos urbanos e limpeza viaria de Nigr\u00e1n: o asalto dos cartos p\u00fablicos -","robots":{"index":"index","follow":"follow","max-snippet":"max-snippet:-1","max-image-preview":"max-image-preview:large","max-video-preview":"max-video-preview:-1"},"canonical":"https:\/\/www.anovapeneira.gal\/index.php\/2025\/10\/23\/licitacion-do-novo-contrato-de-recollida-de-residuos-urbanos-e-limpeza-viaria-de-nigran-o-asalto-dos-cartos-publicos\/","og_locale":"gl_ES","og_type":"article","og_title":"Licitaci\u00f3n do novo contrato de recollida de residuos urbanos e limpeza viaria de Nigr\u00e1n: o asalto dos cartos p\u00fablicos -","og_description":"No ano 2004 adxudicouse o contrato da recollida do lixo en Nigr\u00e1n envolto en pol\u00e9mica. Tanta que a s\u00faa adxudicaci\u00f3n acabou en xu\u00edzo, no que a fiscal\u00eda manti\u00f1a que o contrato fora ama\u00f1ado [...]","og_url":"https:\/\/www.anovapeneira.gal\/index.php\/2025\/10\/23\/licitacion-do-novo-contrato-de-recollida-de-residuos-urbanos-e-limpeza-viaria-de-nigran-o-asalto-dos-cartos-publicos\/","article_publisher":"https:\/\/www.facebook.com\/anovapeneira","article_published_time":"2025-10-23T08:00:33+00:00","og_image":[{"width":720,"height":432,"url":"https:\/\/www.anovapeneira.gal\/wp-content\/uploads\/2025\/04\/xavier-nigran.png","type":"image\/png"}],"author":"Xavier Rodr\u00edguez","twitter_card":"summary_large_image","twitter_creator":"@APeneira","twitter_site":"@APeneira","twitter_misc":{"Escrito por":"Xavier Rodr\u00edguez","Tempo de lectura":"4 minutos"},"schema":{"@context":"https:\/\/schema.org","@graph":[{"@type":"Article","@id":"https:\/\/www.anovapeneira.gal\/index.php\/2025\/10\/23\/licitacion-do-novo-contrato-de-recollida-de-residuos-urbanos-e-limpeza-viaria-de-nigran-o-asalto-dos-cartos-publicos\/#article","isPartOf":{"@id":"https:\/\/www.anovapeneira.gal\/index.php\/2025\/10\/23\/licitacion-do-novo-contrato-de-recollida-de-residuos-urbanos-e-limpeza-viaria-de-nigran-o-asalto-dos-cartos-publicos\/"},"author":{"name":"Xavier Rodr\u00edguez","@id":"https:\/\/www.anovapeneira.gal\/#\/schema\/person\/e598b63030664c413236c3f685e56918"},"headline":"Licitaci\u00f3n do novo contrato de recollida de residuos urbanos e limpeza viaria de Nigr\u00e1n: o asalto dos cartos p\u00fablicos","datePublished":"2025-10-23T08:00:33+00:00","mainEntityOfPage":{"@id":"https:\/\/www.anovapeneira.gal\/index.php\/2025\/10\/23\/licitacion-do-novo-contrato-de-recollida-de-residuos-urbanos-e-limpeza-viaria-de-nigran-o-asalto-dos-cartos-publicos\/"},"wordCount":657,"commentCount":0,"publisher":{"@id":"https:\/\/www.anovapeneira.gal\/#organization"},"image":{"@id":"https:\/\/www.anovapeneira.gal\/index.php\/2025\/10\/23\/licitacion-do-novo-contrato-de-recollida-de-residuos-urbanos-e-limpeza-viaria-de-nigran-o-asalto-dos-cartos-publicos\/#primaryimage"},"thumbnailUrl":"https:\/\/www.anovapeneira.gal\/wp-content\/uploads\/2025\/04\/xavier-nigran.png","keywords":["Concello de Nigr\u00e1n"],"articleSection":["Artigos de opini\u00f3n"],"inLanguage":"gl-ES","potentialAction":[{"@type":"CommentAction","name":"Comment","target":["https:\/\/www.anovapeneira.gal\/index.php\/2025\/10\/23\/licitacion-do-novo-contrato-de-recollida-de-residuos-urbanos-e-limpeza-viaria-de-nigran-o-asalto-dos-cartos-publicos\/#respond"]}]},{"@type":"WebPage","@id":"https:\/\/www.anovapeneira.gal\/index.php\/2025\/10\/23\/licitacion-do-novo-contrato-de-recollida-de-residuos-urbanos-e-limpeza-viaria-de-nigran-o-asalto-dos-cartos-publicos\/","url":"https:\/\/www.anovapeneira.gal\/index.php\/2025\/10\/23\/licitacion-do-novo-contrato-de-recollida-de-residuos-urbanos-e-limpeza-viaria-de-nigran-o-asalto-dos-cartos-publicos\/","name":"Licitaci\u00f3n do novo contrato de recollida de residuos urbanos e limpeza viaria de Nigr\u00e1n: o asalto dos cartos p\u00fablicos -","isPartOf":{"@id":"https:\/\/www.anovapeneira.gal\/#website"},"primaryImageOfPage":{"@id":"https:\/\/www.anovapeneira.gal\/index.php\/2025\/10\/23\/licitacion-do-novo-contrato-de-recollida-de-residuos-urbanos-e-limpeza-viaria-de-nigran-o-asalto-dos-cartos-publicos\/#primaryimage"},"image":{"@id":"https:\/\/www.anovapeneira.gal\/index.php\/2025\/10\/23\/licitacion-do-novo-contrato-de-recollida-de-residuos-urbanos-e-limpeza-viaria-de-nigran-o-asalto-dos-cartos-publicos\/#primaryimage"},"thumbnailUrl":"https:\/\/www.anovapeneira.gal\/wp-content\/uploads\/2025\/04\/xavier-nigran.png","datePublished":"2025-10-23T08:00:33+00:00","breadcrumb":{"@id":"https:\/\/www.anovapeneira.gal\/index.php\/2025\/10\/23\/licitacion-do-novo-contrato-de-recollida-de-residuos-urbanos-e-limpeza-viaria-de-nigran-o-asalto-dos-cartos-publicos\/#breadcrumb"},"inLanguage":"gl-ES","potentialAction":[{"@type":"ReadAction","target":["https:\/\/www.anovapeneira.gal\/index.php\/2025\/10\/23\/licitacion-do-novo-contrato-de-recollida-de-residuos-urbanos-e-limpeza-viaria-de-nigran-o-asalto-dos-cartos-publicos\/"]}]},{"@type":"ImageObject","inLanguage":"gl-ES","@id":"https:\/\/www.anovapeneira.gal\/index.php\/2025\/10\/23\/licitacion-do-novo-contrato-de-recollida-de-residuos-urbanos-e-limpeza-viaria-de-nigran-o-asalto-dos-cartos-publicos\/#primaryimage","url":"https:\/\/www.anovapeneira.gal\/wp-content\/uploads\/2025\/04\/xavier-nigran.png","contentUrl":"https:\/\/www.anovapeneira.gal\/wp-content\/uploads\/2025\/04\/xavier-nigran.png","width":720,"height":432,"caption":"Xavier Rodr\u00edguez Nigr\u00e1n BNG"},{"@type":"BreadcrumbList","@id":"https:\/\/www.anovapeneira.gal\/index.php\/2025\/10\/23\/licitacion-do-novo-contrato-de-recollida-de-residuos-urbanos-e-limpeza-viaria-de-nigran-o-asalto-dos-cartos-publicos\/#breadcrumb","itemListElement":[{"@type":"ListItem","position":1,"name":"Portada","item":"https:\/\/www.anovapeneira.gal\/"},{"@type":"ListItem","position":2,"name":"Licitaci\u00f3n do novo contrato de recollida de residuos urbanos e limpeza viaria de Nigr\u00e1n: o asalto dos cartos p\u00fablicos"}]},{"@type":"WebSite","@id":"https:\/\/www.anovapeneira.gal\/#website","url":"https:\/\/www.anovapeneira.gal\/","name":"","description":"Xornal galego de informaci\u00f3n xeral Publicaci\u00f3n mensual de novas de Galicia e en especial dos Concellos da sur da provincia de Pontevedra.","publisher":{"@id":"https:\/\/www.anovapeneira.gal\/#organization"},"potentialAction":[{"@type":"SearchAction","target":{"@type":"EntryPoint","urlTemplate":"https:\/\/www.anovapeneira.gal\/?s={search_term_string}"},"query-input":{"@type":"PropertyValueSpecification","valueRequired":true,"valueName":"search_term_string"}}],"inLanguage":"gl-ES"},{"@type":"Organization","@id":"https:\/\/www.anovapeneira.gal\/#organization","name":"A Nova Peneira","url":"https:\/\/www.anovapeneira.gal\/","logo":{"@type":"ImageObject","inLanguage":"gl-ES","@id":"https:\/\/www.anovapeneira.gal\/#\/schema\/logo\/image\/","url":"http:\/\/www.anovapeneira.gal\/wp-content\/uploads\/2019\/06\/logo_a_nova_peneira_portal_web.png","contentUrl":"http:\/\/www.anovapeneira.gal\/wp-content\/uploads\/2019\/06\/logo_a_nova_peneira_portal_web.png","width":300,"height":100,"caption":"A Nova Peneira"},"image":{"@id":"https:\/\/www.anovapeneira.gal\/#\/schema\/logo\/image\/"},"sameAs":["https:\/\/www.facebook.com\/anovapeneira","https:\/\/x.com\/APeneira"]},{"@type":"Person","@id":"https:\/\/www.anovapeneira.gal\/#\/schema\/person\/e598b63030664c413236c3f685e56918","name":"Xavier Rodr\u00edguez","image":{"@type":"ImageObject","inLanguage":"gl-ES","@id":"https:\/\/secure.gravatar.com\/avatar\/d9b9f992d649071928b76ede112924ee61e9f7be582c6755dc0932efc9f011eb?s=96&d=mm&r=g","url":"https:\/\/secure.gravatar.com\/avatar\/d9b9f992d649071928b76ede112924ee61e9f7be582c6755dc0932efc9f011eb?s=96&d=mm&r=g","contentUrl":"https:\/\/secure.gravatar.com\/avatar\/d9b9f992d649071928b76ede112924ee61e9f7be582c6755dc0932efc9f011eb?s=96&d=mm&r=g","caption":"Xavier Rodr\u00edguez"},"sameAs":["http:\/\/www.anovapeneira.gal\/"],"url":"https:\/\/www.anovapeneira.gal\/index.php\/author\/xavierrodriguez\/"}]}},"jetpack_featured_media_url":"https:\/\/www.anovapeneira.gal\/wp-content\/uploads\/2025\/04\/xavier-nigran.png","_links":{"self":[{"href":"https:\/\/www.anovapeneira.gal\/index.php\/wp-json\/wp\/v2\/posts\/14833","targetHints":{"allow":["GET"]}}],"collection":[{"href":"https:\/\/www.anovapeneira.gal\/index.php\/wp-json\/wp\/v2\/posts"}],"about":[{"href":"https:\/\/www.anovapeneira.gal\/index.php\/wp-json\/wp\/v2\/types\/post"}],"author":[{"embeddable":true,"href":"https:\/\/www.anovapeneira.gal\/index.php\/wp-json\/wp\/v2\/users\/16"}],"replies":[{"embeddable":true,"href":"https:\/\/www.anovapeneira.gal\/index.php\/wp-json\/wp\/v2\/comments?post=14833"}],"version-history":[{"count":2,"href":"https:\/\/www.anovapeneira.gal\/index.php\/wp-json\/wp\/v2\/posts\/14833\/revisions"}],"predecessor-version":[{"id":14835,"href":"https:\/\/www.anovapeneira.gal\/index.php\/wp-json\/wp\/v2\/posts\/14833\/revisions\/14835"}],"wp:featuredmedia":[{"embeddable":true,"href":"https:\/\/www.anovapeneira.gal\/index.php\/wp-json\/wp\/v2\/media\/13644"}],"wp:attachment":[{"href":"https:\/\/www.anovapeneira.gal\/index.php\/wp-json\/wp\/v2\/media?parent=14833"}],"wp:term":[{"taxonomy":"category","embeddable":true,"href":"https:\/\/www.anovapeneira.gal\/index.php\/wp-json\/wp\/v2\/categories?post=14833"},{"taxonomy":"post_tag","embeddable":true,"href":"https:\/\/www.anovapeneira.gal\/index.php\/wp-json\/wp\/v2\/tags?post=14833"}],"curies":[{"name":"wp","href":"https:\/\/api.w.org\/{rel}","templated":true}]}}