{"id":14836,"date":"2025-10-23T12:00:38","date_gmt":"2025-10-23T10:00:38","guid":{"rendered":"https:\/\/www.anovapeneira.gal\/?p=14836"},"modified":"2025-10-21T17:56:16","modified_gmt":"2025-10-21T15:56:16","slug":"comer-o-cadaver-cru","status":"publish","type":"post","link":"https:\/\/www.anovapeneira.gal\/index.php\/2025\/10\/23\/comer-o-cadaver-cru\/","title":{"rendered":"Comer o cad\u00e1ver cr\u00fa"},"content":{"rendered":"\n<pre class=\"wp-block-verse\">Aar\u00f3n Franco<\/pre>\n\n\n\n<p>Nunha contenda interna de d\u00faas cabezas severamente corro\u00eddas pola corrupci\u00f3n e o pragmatismo brutal, Feij\u00f3o exhibe desde hai d\u00edas s\u00edntomas claros de decadencia, as fisuras no PP que antes estaban soterradas mesmo agora se presentan como feridas abertas. O episodio m\u00e1is simb\u00f3lico foi a s\u00faa protesta p\u00fablica para garantir o aborto \u201cconforme \u00e1 lei\u201d, en contraste directo coa negativa de Ayuso a crear o rexistro de m\u00e9dicos obxectores, unha medida que define non s\u00f3 un pulso interno sen\u00f3n unha batalla de poderes.<\/p>\n\n\n\n<p>Ayuso, unha carcasa de met\u00e1foras agresivas e populismo desbocado, non quere s\u00f3 derrotar a Feij\u00f3o, quere comelo vivo, darlle caza, desgarralo en p\u00fablico e comer o seu cad\u00e1ver cr\u00fa como xa fixera con Casado. Lembre querido lector, que Casado denunciou, acusou corrupci\u00f3n, falou da sombra de Ayuso. Ela activou o mecanismo letal: acusaci\u00f3ns, filtraci\u00f3ns, presi\u00f3n interna, apoio do aparato medi\u00e1tico, aliados na bancada e no territorio. En d\u00edas, Casado quedou sen nada, apenas nos \u00f3sos que nin para o caldo serv\u00edan.<\/p>\n\n\n\n<p>Seg\u00fan di o Diario P\u00fablico, Feij\u00f3o e Ayuso te\u00f1en unha relaci\u00f3n de \u201caltibaixos\u201d que agora se converteu nunha crise irreversible. Antes exist\u00eda un pacto t\u00e1cito de non agresi\u00f3n entre ambos, un acordo para non atacarse mutuamente a cambio de vantaxes rec\u00edprocas. Pero esas regras non aguantan fronte a quen ve en Feij\u00f3o a un rival morto en potencia coas expectativas electorais esmorecentes. Ayuso cheira o sangue, co que se ela lle gusta. 7291.<\/p>\n\n\n\n<p>Porque si, esas expectativas esmorecen. O PP estancouse electoralmente como ve\u00f1en a coincidir todas as enquisas, o que sit\u00faa a Feij\u00f3o nunha posici\u00f3n d\u00e9bil, vulner\u00e1bel \u00e1 presi\u00f3n das bases e dos aparatos territoriais que non lle obedecen.<\/p>\n\n\n\n<p>O que veremos agora \u00e9 o \u201cpaseo da vitoria\u201d, na sabana madrile\u00f1a, a c\u00e1mara seguera \u00e1 depredadora Ayuso, a felina alfa avanzar\u00e1 desde a Porta do Sol, cheirando o medo. Feij\u00f3o, macho ferido, tentar\u00e1 agocharse en G\u00e9nova 13. Mais a caza ser\u00e1 exitosa, a felina Ayuso reclamar\u00e1 o territorio e a manda someterase.<\/p>\n\n\n\n<p>IDA vir\u00e1 con fame, vir\u00e1 con dentes longos, vir\u00e1 a comer o cad\u00e1ver cru, como a ela lle gusta.<\/p>\n\n\n\n<p>Feij\u00f3o ser\u00e1 recordado como o moderado que nunca foi, como o home sen carisma que pensaba que en Madrid non se lle \u00edan ver as vergo\u00f1as que aqu\u00ed lle tapaba a TVG.<\/p>\n\n\n\n<p>E mentres n\u00f3s, desde Galiza, teremos que aturar \u00e1 nova versi\u00f3n de Isabel a Cat\u00f3lica.<\/p>\n\n\n\n<p>\u00c1 muller que eliminou a 7291.<\/p>\n","protected":false},"excerpt":{"rendered":"<div class=\"mh-excerpt\"><p>Nunha contenda interna de d\u00faas cabezas severamente corro\u00eddas pola corrupci\u00f3n e o pragmatismo brutal, Feij\u00f3o exhibe desde hai d\u00edas s\u00edntomas claros de decadencia, as fisuras no PP que antes estaban soterradas mesmo agora se presentan como feridas abertas <a class=\"mh-excerpt-more\" href=\"https:\/\/www.anovapeneira.gal\/index.php\/2025\/10\/23\/comer-o-cadaver-cru\/\" title=\"Comer o cad\u00e1ver cr\u00fa\">[&#8230;]<\/a><\/p>\n<\/div>","protected":false},"author":23,"featured_media":13795,"comment_status":"open","ping_status":"open","sticky":false,"template":"","format":"standard","meta":{"_exactmetrics_skip_tracking":false,"_exactmetrics_sitenote_active":false,"_exactmetrics_sitenote_note":"","_exactmetrics_sitenote_category":0,"footnotes":""},"categories":[7],"tags":[],"class_list":{"0":"post-14836","1":"post","2":"type-post","3":"status-publish","4":"format-standard","5":"has-post-thumbnail","7":"category-artigos-de-opinion"},"yoast_head":"<!-- This site is optimized with the Yoast SEO plugin v27.5 - https:\/\/yoast.com\/product\/yoast-seo-wordpress\/ -->\n<title>Comer o cad\u00e1ver cr\u00fa -<\/title>\n<meta name=\"robots\" content=\"index, follow, max-snippet:-1, max-image-preview:large, max-video-preview:-1\" \/>\n<link rel=\"canonical\" href=\"https:\/\/www.anovapeneira.gal\/index.php\/2025\/10\/23\/comer-o-cadaver-cru\/\" \/>\n<meta property=\"og:locale\" content=\"gl_ES\" \/>\n<meta property=\"og:type\" content=\"article\" \/>\n<meta property=\"og:title\" content=\"Comer o cad\u00e1ver cr\u00fa -\" \/>\n<meta property=\"og:description\" content=\"Nunha contenda interna de d\u00faas cabezas severamente corro\u00eddas pola corrupci\u00f3n e o pragmatismo brutal, Feij\u00f3o exhibe desde hai d\u00edas s\u00edntomas claros de decadencia, as fisuras no PP que antes estaban soterradas mesmo agora se presentan como feridas abertas [...]\" \/>\n<meta property=\"og:url\" content=\"https:\/\/www.anovapeneira.gal\/index.php\/2025\/10\/23\/comer-o-cadaver-cru\/\" \/>\n<meta property=\"article:publisher\" content=\"https:\/\/www.facebook.com\/anovapeneira\" \/>\n<meta property=\"article:published_time\" content=\"2025-10-23T10:00:38+00:00\" \/>\n<meta property=\"og:image\" content=\"https:\/\/www.anovapeneira.gal\/wp-content\/uploads\/2025\/04\/aaron_aluminha_marin.jpg\" \/>\n\t<meta property=\"og:image:width\" content=\"720\" \/>\n\t<meta property=\"og:image:height\" content=\"432\" \/>\n\t<meta property=\"og:image:type\" content=\"image\/jpeg\" \/>\n<meta name=\"author\" content=\"Aar\u00f3n Franco\" \/>\n<meta name=\"twitter:card\" content=\"summary_large_image\" \/>\n<meta name=\"twitter:creator\" content=\"@APeneira\" \/>\n<meta name=\"twitter:site\" content=\"@APeneira\" \/>\n<meta name=\"twitter:label1\" content=\"Escrito por\" \/>\n\t<meta name=\"twitter:data1\" content=\"Aar\u00f3n Franco\" \/>\n\t<meta name=\"twitter:label2\" content=\"Tempo de lectura\" \/>\n\t<meta name=\"twitter:data2\" content=\"3 minutos\" \/>\n<script type=\"application\/ld+json\" class=\"yoast-schema-graph\">{\"@context\":\"https:\\\/\\\/schema.org\",\"@graph\":[{\"@type\":\"Article\",\"@id\":\"https:\\\/\\\/www.anovapeneira.gal\\\/index.php\\\/2025\\\/10\\\/23\\\/comer-o-cadaver-cru\\\/#article\",\"isPartOf\":{\"@id\":\"https:\\\/\\\/www.anovapeneira.gal\\\/index.php\\\/2025\\\/10\\\/23\\\/comer-o-cadaver-cru\\\/\"},\"author\":{\"name\":\"Aar\u00f3n Franco\",\"@id\":\"https:\\\/\\\/www.anovapeneira.gal\\\/#\\\/schema\\\/person\\\/a907e49c1885c12d6f281770afd68766\"},\"headline\":\"Comer o cad\u00e1ver cr\u00fa\",\"datePublished\":\"2025-10-23T10:00:38+00:00\",\"mainEntityOfPage\":{\"@id\":\"https:\\\/\\\/www.anovapeneira.gal\\\/index.php\\\/2025\\\/10\\\/23\\\/comer-o-cadaver-cru\\\/\"},\"wordCount\":444,\"commentCount\":0,\"publisher\":{\"@id\":\"https:\\\/\\\/www.anovapeneira.gal\\\/#organization\"},\"image\":{\"@id\":\"https:\\\/\\\/www.anovapeneira.gal\\\/index.php\\\/2025\\\/10\\\/23\\\/comer-o-cadaver-cru\\\/#primaryimage\"},\"thumbnailUrl\":\"https:\\\/\\\/www.anovapeneira.gal\\\/wp-content\\\/uploads\\\/2025\\\/04\\\/aaron_aluminha_marin.jpg\",\"articleSection\":[\"Artigos de opini\u00f3n\"],\"inLanguage\":\"gl-ES\",\"potentialAction\":[{\"@type\":\"CommentAction\",\"name\":\"Comment\",\"target\":[\"https:\\\/\\\/www.anovapeneira.gal\\\/index.php\\\/2025\\\/10\\\/23\\\/comer-o-cadaver-cru\\\/#respond\"]}]},{\"@type\":\"WebPage\",\"@id\":\"https:\\\/\\\/www.anovapeneira.gal\\\/index.php\\\/2025\\\/10\\\/23\\\/comer-o-cadaver-cru\\\/\",\"url\":\"https:\\\/\\\/www.anovapeneira.gal\\\/index.php\\\/2025\\\/10\\\/23\\\/comer-o-cadaver-cru\\\/\",\"name\":\"Comer o cad\u00e1ver cr\u00fa -\",\"isPartOf\":{\"@id\":\"https:\\\/\\\/www.anovapeneira.gal\\\/#website\"},\"primaryImageOfPage\":{\"@id\":\"https:\\\/\\\/www.anovapeneira.gal\\\/index.php\\\/2025\\\/10\\\/23\\\/comer-o-cadaver-cru\\\/#primaryimage\"},\"image\":{\"@id\":\"https:\\\/\\\/www.anovapeneira.gal\\\/index.php\\\/2025\\\/10\\\/23\\\/comer-o-cadaver-cru\\\/#primaryimage\"},\"thumbnailUrl\":\"https:\\\/\\\/www.anovapeneira.gal\\\/wp-content\\\/uploads\\\/2025\\\/04\\\/aaron_aluminha_marin.jpg\",\"datePublished\":\"2025-10-23T10:00:38+00:00\",\"breadcrumb\":{\"@id\":\"https:\\\/\\\/www.anovapeneira.gal\\\/index.php\\\/2025\\\/10\\\/23\\\/comer-o-cadaver-cru\\\/#breadcrumb\"},\"inLanguage\":\"gl-ES\",\"potentialAction\":[{\"@type\":\"ReadAction\",\"target\":[\"https:\\\/\\\/www.anovapeneira.gal\\\/index.php\\\/2025\\\/10\\\/23\\\/comer-o-cadaver-cru\\\/\"]}]},{\"@type\":\"ImageObject\",\"inLanguage\":\"gl-ES\",\"@id\":\"https:\\\/\\\/www.anovapeneira.gal\\\/index.php\\\/2025\\\/10\\\/23\\\/comer-o-cadaver-cru\\\/#primaryimage\",\"url\":\"https:\\\/\\\/www.anovapeneira.gal\\\/wp-content\\\/uploads\\\/2025\\\/04\\\/aaron_aluminha_marin.jpg\",\"contentUrl\":\"https:\\\/\\\/www.anovapeneira.gal\\\/wp-content\\\/uploads\\\/2025\\\/04\\\/aaron_aluminha_marin.jpg\",\"width\":720,\"height\":432,\"caption\":\"Aar\u00f3n Franco, presidente da AC Almuinha de Mar\u00edn\"},{\"@type\":\"BreadcrumbList\",\"@id\":\"https:\\\/\\\/www.anovapeneira.gal\\\/index.php\\\/2025\\\/10\\\/23\\\/comer-o-cadaver-cru\\\/#breadcrumb\",\"itemListElement\":[{\"@type\":\"ListItem\",\"position\":1,\"name\":\"Portada\",\"item\":\"https:\\\/\\\/www.anovapeneira.gal\\\/\"},{\"@type\":\"ListItem\",\"position\":2,\"name\":\"Comer o cad\u00e1ver cr\u00fa\"}]},{\"@type\":\"WebSite\",\"@id\":\"https:\\\/\\\/www.anovapeneira.gal\\\/#website\",\"url\":\"https:\\\/\\\/www.anovapeneira.gal\\\/\",\"name\":\"\",\"description\":\"Xornal galego de informaci\u00f3n xeral Publicaci\u00f3n mensual de novas de Galicia e en especial dos Concellos da sur da provincia de Pontevedra.\",\"publisher\":{\"@id\":\"https:\\\/\\\/www.anovapeneira.gal\\\/#organization\"},\"potentialAction\":[{\"@type\":\"SearchAction\",\"target\":{\"@type\":\"EntryPoint\",\"urlTemplate\":\"https:\\\/\\\/www.anovapeneira.gal\\\/?s={search_term_string}\"},\"query-input\":{\"@type\":\"PropertyValueSpecification\",\"valueRequired\":true,\"valueName\":\"search_term_string\"}}],\"inLanguage\":\"gl-ES\"},{\"@type\":\"Organization\",\"@id\":\"https:\\\/\\\/www.anovapeneira.gal\\\/#organization\",\"name\":\"A Nova Peneira\",\"url\":\"https:\\\/\\\/www.anovapeneira.gal\\\/\",\"logo\":{\"@type\":\"ImageObject\",\"inLanguage\":\"gl-ES\",\"@id\":\"https:\\\/\\\/www.anovapeneira.gal\\\/#\\\/schema\\\/logo\\\/image\\\/\",\"url\":\"http:\\\/\\\/www.anovapeneira.gal\\\/wp-content\\\/uploads\\\/2019\\\/06\\\/logo_a_nova_peneira_portal_web.png\",\"contentUrl\":\"http:\\\/\\\/www.anovapeneira.gal\\\/wp-content\\\/uploads\\\/2019\\\/06\\\/logo_a_nova_peneira_portal_web.png\",\"width\":300,\"height\":100,\"caption\":\"A Nova Peneira\"},\"image\":{\"@id\":\"https:\\\/\\\/www.anovapeneira.gal\\\/#\\\/schema\\\/logo\\\/image\\\/\"},\"sameAs\":[\"https:\\\/\\\/www.facebook.com\\\/anovapeneira\",\"https:\\\/\\\/x.com\\\/APeneira\"]},{\"@type\":\"Person\",\"@id\":\"https:\\\/\\\/www.anovapeneira.gal\\\/#\\\/schema\\\/person\\\/a907e49c1885c12d6f281770afd68766\",\"name\":\"Aar\u00f3n Franco\",\"image\":{\"@type\":\"ImageObject\",\"inLanguage\":\"gl-ES\",\"@id\":\"https:\\\/\\\/secure.gravatar.com\\\/avatar\\\/82f0614fe09ae3f066983f8d670d0ff15a0917fefe52b93ffa425275b87d6102?s=96&d=mm&r=g\",\"url\":\"https:\\\/\\\/secure.gravatar.com\\\/avatar\\\/82f0614fe09ae3f066983f8d670d0ff15a0917fefe52b93ffa425275b87d6102?s=96&d=mm&r=g\",\"contentUrl\":\"https:\\\/\\\/secure.gravatar.com\\\/avatar\\\/82f0614fe09ae3f066983f8d670d0ff15a0917fefe52b93ffa425275b87d6102?s=96&d=mm&r=g\",\"caption\":\"Aar\u00f3n Franco\"},\"sameAs\":[\"http:\\\/\\\/www.anovapeneira.gal\\\/\"],\"url\":\"https:\\\/\\\/www.anovapeneira.gal\\\/index.php\\\/author\\\/aaron-franco\\\/\"}]}<\/script>\n<!-- \/ Yoast SEO plugin. -->","yoast_head_json":{"title":"Comer o cad\u00e1ver cr\u00fa -","robots":{"index":"index","follow":"follow","max-snippet":"max-snippet:-1","max-image-preview":"max-image-preview:large","max-video-preview":"max-video-preview:-1"},"canonical":"https:\/\/www.anovapeneira.gal\/index.php\/2025\/10\/23\/comer-o-cadaver-cru\/","og_locale":"gl_ES","og_type":"article","og_title":"Comer o cad\u00e1ver cr\u00fa -","og_description":"Nunha contenda interna de d\u00faas cabezas severamente corro\u00eddas pola corrupci\u00f3n e o pragmatismo brutal, Feij\u00f3o exhibe desde hai d\u00edas s\u00edntomas claros de decadencia, as fisuras no PP que antes estaban soterradas mesmo agora se presentan como feridas abertas [...]","og_url":"https:\/\/www.anovapeneira.gal\/index.php\/2025\/10\/23\/comer-o-cadaver-cru\/","article_publisher":"https:\/\/www.facebook.com\/anovapeneira","article_published_time":"2025-10-23T10:00:38+00:00","og_image":[{"width":720,"height":432,"url":"https:\/\/www.anovapeneira.gal\/wp-content\/uploads\/2025\/04\/aaron_aluminha_marin.jpg","type":"image\/jpeg"}],"author":"Aar\u00f3n Franco","twitter_card":"summary_large_image","twitter_creator":"@APeneira","twitter_site":"@APeneira","twitter_misc":{"Escrito por":"Aar\u00f3n Franco","Tempo de lectura":"3 minutos"},"schema":{"@context":"https:\/\/schema.org","@graph":[{"@type":"Article","@id":"https:\/\/www.anovapeneira.gal\/index.php\/2025\/10\/23\/comer-o-cadaver-cru\/#article","isPartOf":{"@id":"https:\/\/www.anovapeneira.gal\/index.php\/2025\/10\/23\/comer-o-cadaver-cru\/"},"author":{"name":"Aar\u00f3n Franco","@id":"https:\/\/www.anovapeneira.gal\/#\/schema\/person\/a907e49c1885c12d6f281770afd68766"},"headline":"Comer o cad\u00e1ver cr\u00fa","datePublished":"2025-10-23T10:00:38+00:00","mainEntityOfPage":{"@id":"https:\/\/www.anovapeneira.gal\/index.php\/2025\/10\/23\/comer-o-cadaver-cru\/"},"wordCount":444,"commentCount":0,"publisher":{"@id":"https:\/\/www.anovapeneira.gal\/#organization"},"image":{"@id":"https:\/\/www.anovapeneira.gal\/index.php\/2025\/10\/23\/comer-o-cadaver-cru\/#primaryimage"},"thumbnailUrl":"https:\/\/www.anovapeneira.gal\/wp-content\/uploads\/2025\/04\/aaron_aluminha_marin.jpg","articleSection":["Artigos de opini\u00f3n"],"inLanguage":"gl-ES","potentialAction":[{"@type":"CommentAction","name":"Comment","target":["https:\/\/www.anovapeneira.gal\/index.php\/2025\/10\/23\/comer-o-cadaver-cru\/#respond"]}]},{"@type":"WebPage","@id":"https:\/\/www.anovapeneira.gal\/index.php\/2025\/10\/23\/comer-o-cadaver-cru\/","url":"https:\/\/www.anovapeneira.gal\/index.php\/2025\/10\/23\/comer-o-cadaver-cru\/","name":"Comer o cad\u00e1ver cr\u00fa -","isPartOf":{"@id":"https:\/\/www.anovapeneira.gal\/#website"},"primaryImageOfPage":{"@id":"https:\/\/www.anovapeneira.gal\/index.php\/2025\/10\/23\/comer-o-cadaver-cru\/#primaryimage"},"image":{"@id":"https:\/\/www.anovapeneira.gal\/index.php\/2025\/10\/23\/comer-o-cadaver-cru\/#primaryimage"},"thumbnailUrl":"https:\/\/www.anovapeneira.gal\/wp-content\/uploads\/2025\/04\/aaron_aluminha_marin.jpg","datePublished":"2025-10-23T10:00:38+00:00","breadcrumb":{"@id":"https:\/\/www.anovapeneira.gal\/index.php\/2025\/10\/23\/comer-o-cadaver-cru\/#breadcrumb"},"inLanguage":"gl-ES","potentialAction":[{"@type":"ReadAction","target":["https:\/\/www.anovapeneira.gal\/index.php\/2025\/10\/23\/comer-o-cadaver-cru\/"]}]},{"@type":"ImageObject","inLanguage":"gl-ES","@id":"https:\/\/www.anovapeneira.gal\/index.php\/2025\/10\/23\/comer-o-cadaver-cru\/#primaryimage","url":"https:\/\/www.anovapeneira.gal\/wp-content\/uploads\/2025\/04\/aaron_aluminha_marin.jpg","contentUrl":"https:\/\/www.anovapeneira.gal\/wp-content\/uploads\/2025\/04\/aaron_aluminha_marin.jpg","width":720,"height":432,"caption":"Aar\u00f3n Franco, presidente da AC Almuinha de Mar\u00edn"},{"@type":"BreadcrumbList","@id":"https:\/\/www.anovapeneira.gal\/index.php\/2025\/10\/23\/comer-o-cadaver-cru\/#breadcrumb","itemListElement":[{"@type":"ListItem","position":1,"name":"Portada","item":"https:\/\/www.anovapeneira.gal\/"},{"@type":"ListItem","position":2,"name":"Comer o cad\u00e1ver cr\u00fa"}]},{"@type":"WebSite","@id":"https:\/\/www.anovapeneira.gal\/#website","url":"https:\/\/www.anovapeneira.gal\/","name":"","description":"Xornal galego de informaci\u00f3n xeral Publicaci\u00f3n mensual de novas de Galicia e en especial dos Concellos da sur da provincia de Pontevedra.","publisher":{"@id":"https:\/\/www.anovapeneira.gal\/#organization"},"potentialAction":[{"@type":"SearchAction","target":{"@type":"EntryPoint","urlTemplate":"https:\/\/www.anovapeneira.gal\/?s={search_term_string}"},"query-input":{"@type":"PropertyValueSpecification","valueRequired":true,"valueName":"search_term_string"}}],"inLanguage":"gl-ES"},{"@type":"Organization","@id":"https:\/\/www.anovapeneira.gal\/#organization","name":"A Nova Peneira","url":"https:\/\/www.anovapeneira.gal\/","logo":{"@type":"ImageObject","inLanguage":"gl-ES","@id":"https:\/\/www.anovapeneira.gal\/#\/schema\/logo\/image\/","url":"http:\/\/www.anovapeneira.gal\/wp-content\/uploads\/2019\/06\/logo_a_nova_peneira_portal_web.png","contentUrl":"http:\/\/www.anovapeneira.gal\/wp-content\/uploads\/2019\/06\/logo_a_nova_peneira_portal_web.png","width":300,"height":100,"caption":"A Nova Peneira"},"image":{"@id":"https:\/\/www.anovapeneira.gal\/#\/schema\/logo\/image\/"},"sameAs":["https:\/\/www.facebook.com\/anovapeneira","https:\/\/x.com\/APeneira"]},{"@type":"Person","@id":"https:\/\/www.anovapeneira.gal\/#\/schema\/person\/a907e49c1885c12d6f281770afd68766","name":"Aar\u00f3n Franco","image":{"@type":"ImageObject","inLanguage":"gl-ES","@id":"https:\/\/secure.gravatar.com\/avatar\/82f0614fe09ae3f066983f8d670d0ff15a0917fefe52b93ffa425275b87d6102?s=96&d=mm&r=g","url":"https:\/\/secure.gravatar.com\/avatar\/82f0614fe09ae3f066983f8d670d0ff15a0917fefe52b93ffa425275b87d6102?s=96&d=mm&r=g","contentUrl":"https:\/\/secure.gravatar.com\/avatar\/82f0614fe09ae3f066983f8d670d0ff15a0917fefe52b93ffa425275b87d6102?s=96&d=mm&r=g","caption":"Aar\u00f3n Franco"},"sameAs":["http:\/\/www.anovapeneira.gal\/"],"url":"https:\/\/www.anovapeneira.gal\/index.php\/author\/aaron-franco\/"}]}},"jetpack_featured_media_url":"https:\/\/www.anovapeneira.gal\/wp-content\/uploads\/2025\/04\/aaron_aluminha_marin.jpg","_links":{"self":[{"href":"https:\/\/www.anovapeneira.gal\/index.php\/wp-json\/wp\/v2\/posts\/14836","targetHints":{"allow":["GET"]}}],"collection":[{"href":"https:\/\/www.anovapeneira.gal\/index.php\/wp-json\/wp\/v2\/posts"}],"about":[{"href":"https:\/\/www.anovapeneira.gal\/index.php\/wp-json\/wp\/v2\/types\/post"}],"author":[{"embeddable":true,"href":"https:\/\/www.anovapeneira.gal\/index.php\/wp-json\/wp\/v2\/users\/23"}],"replies":[{"embeddable":true,"href":"https:\/\/www.anovapeneira.gal\/index.php\/wp-json\/wp\/v2\/comments?post=14836"}],"version-history":[{"count":1,"href":"https:\/\/www.anovapeneira.gal\/index.php\/wp-json\/wp\/v2\/posts\/14836\/revisions"}],"predecessor-version":[{"id":14837,"href":"https:\/\/www.anovapeneira.gal\/index.php\/wp-json\/wp\/v2\/posts\/14836\/revisions\/14837"}],"wp:featuredmedia":[{"embeddable":true,"href":"https:\/\/www.anovapeneira.gal\/index.php\/wp-json\/wp\/v2\/media\/13795"}],"wp:attachment":[{"href":"https:\/\/www.anovapeneira.gal\/index.php\/wp-json\/wp\/v2\/media?parent=14836"}],"wp:term":[{"taxonomy":"category","embeddable":true,"href":"https:\/\/www.anovapeneira.gal\/index.php\/wp-json\/wp\/v2\/categories?post=14836"},{"taxonomy":"post_tag","embeddable":true,"href":"https:\/\/www.anovapeneira.gal\/index.php\/wp-json\/wp\/v2\/tags?post=14836"}],"curies":[{"name":"wp","href":"https:\/\/api.w.org\/{rel}","templated":true}]}}