{"id":14838,"date":"2025-10-24T10:00:56","date_gmt":"2025-10-24T08:00:56","guid":{"rendered":"https:\/\/www.anovapeneira.gal\/?p=14838"},"modified":"2025-10-21T18:02:17","modified_gmt":"2025-10-21T16:02:17","slug":"ponte-caldelas-entre-a-consolidacion-e-a-fatiga","status":"publish","type":"post","link":"https:\/\/www.anovapeneira.gal\/index.php\/2025\/10\/24\/ponte-caldelas-entre-a-consolidacion-e-a-fatiga\/","title":{"rendered":"Ponte Caldelas: entre a consolidaci\u00f3n e a fatiga"},"content":{"rendered":"\n<p>Dez anos despois da s\u00faa chegada \u00e1 alcald\u00eda, Andr\u00e9s D\u00edaz Sobral contin\u00faa \u00e1 fronte dun concello que combina estabilidade pol\u00edtica con desaf\u00edos estruturais dif\u00edciles de resolver. Ponte Caldelas mant\u00e9n o perfil dun municipio de interior que tenta frear o descenso demogr\u00e1fico e preservar servizos p\u00fablicos en condici\u00f3ns de financiamento que o propio alcalde cualifica de \u201cinxustas\u201d. A entrevista que segue revela un dirixente consciente das limitaci\u00f3ns administrativas e orzamentarias.<\/p>\n\n\n\n<p>O contexto pol\u00edtico local \u00e9, en aparencia, tranquilo. D\u00edaz Sobral obtivo maior\u00eda absoluta nas municipais de 2023. O escenario, por\u00e9n, non est\u00e1 exento de desgaste.<\/p>\n\n\n\n<p>O alcalde leva unha d\u00e9cada no cargo e proxecta continuidade, mais tam\u00e9n certa fatiga. As s\u00faas respostas, nesta conversa, amosan un enfoque de xesti\u00f3n centrado na consolidaci\u00f3n do existente, m\u00e1is que na innovaci\u00f3n. A aposta por \u201cseguir mellorando servizos e calidade de vida\u201d sit\u00faao no terreo da administraci\u00f3n ordenada, pero non necesariamente transformadora.<\/p>\n\n\n\n<p>A s\u00faa primeira prioridade , \u201ccrear servizos e mellorar a calidade de vida dos veci\u00f1os\u201d, \u00e9 un obxectivo tan amplo que poder\u00eda asinar calquera goberno local. D\u00edaz def\u00e9ndeo como unha estratexia de retenci\u00f3n poboacional, un reto que non \u00e9 menor nun concello con orograf\u00eda dispersa e trescentos quil\u00f3metros de cami\u00f1os municipais. Mais, m\u00e1is al\u00e1 da ret\u00f3rica, non concreta medidas novas de atracci\u00f3n residencial nin pol\u00edticas activas de emprego ou vivenda. A acci\u00f3n c\u00e9ntrase en melloras graduais e mantemento de infraestruturas, unha xesti\u00f3n prudente, sen riscos, que non sempre logra entusiasmo social.<\/p>\n\n\n\n<p>A segunda prioridade, a estaci\u00f3n termal, \u00e9 o proxecto estrela e tam\u00e9n o m\u00e1is atrasado. D\u00edaz leva dez anos falando dela e, segundo afirma, agora \u201cestamos ultimando a licitaci\u00f3n\u201d para iniciar as obras no primeiro trimestre de 2026. O investimento previsto, duns 1,5 mill\u00f3ns de euros, busca situar Ponte Caldelas como destino tur\u00edstico de benestar e complementar o atractivo natural do r\u00edo Verdugo. O alcalde insiste en que o retorno econ\u00f3mico ser\u00e1 \u201cnotable\u201d, pero admite que a tramitaci\u00f3n se viu atrapada nunha mara\u00f1a burocr\u00e1tica. A demora converte o proxecto nun s\u00edmbolo ambiguo: unha mostra de persistencia, pero tam\u00e9n dun ritmo pol\u00edtico lento que evidencia a dificultade de converter promesas en realidades.<\/p>\n\n\n\n<p>A terceira prioridade \u00e9 a mellora das v\u00edas de comunicaci\u00f3n. O Concello xestiona unha rede extensa e custosa, o que explica parte das queixas sobre infrafinanciaci\u00f3n. D\u00edaz calcula que o Estado e a Xunta mante\u00f1en unha \u201cd\u00e9beda de medio mill\u00f3n de euros\u201d con Ponte Caldelas.<\/p>\n\n\n\n<p>Na cuesti\u00f3n ambiental, o alcalde reivindica a limpeza do tramo urbano do r\u00edo Verdugo, onde asegura ter ampliado o leito e eliminado especies invasoras. Non obstante, admite que a competencia \u00e9 formalmente da Xunta, coa que mant\u00e9n unha relaci\u00f3n tensa. \u00c9 un exemplo de xesti\u00f3n compartida onde cada administraci\u00f3n se responsabiliza s\u00f3 do que lle conv\u00e9n, e onde o equilibrio ecol\u00f3xico compite co obxectivo inmediato de evitar inundaci\u00f3ns. O discurso \u00e9 t\u00e9cnico, pero non deixa de ser pol\u00edtico: D\u00edaz subli\u00f1a a inacci\u00f3n da Xunta e a eficacia do Concello.<\/p>\n\n\n\n<p>Outro conflito aberto \u00e9 o da auga. Ponte Caldelas mant\u00e9n unha disputa con Pontevedra polo prezo do subministro ao pol\u00edgono de A Reigosa. O alcalde rexeita a cifra que se lle aplica , 1,06 euros por metro c\u00fabico, e acusa ao Concello de Pontevedra de \u201cespecular\u201d. A s\u00faa posici\u00f3n \u00e9 clara: \u201cTemos que pagar o que custa a auga, non o que se pretende cobrar\u201d. Por\u00e9n, evita comprometerse sobre unha eventual v\u00eda xudicial e conf\u00eda nun entendemento a trav\u00e9s da futura mancomunidade. \u00c9 unha defensa pragm\u00e1tica, que combina indignaci\u00f3n ret\u00f3rica con c\u00e1lculo pol\u00edtico.<\/p>\n\n\n\n<p>A entrevista tam\u00e9n aborda cuesti\u00f3ns de maior escala, como o proxecto de parque e\u00f3lico na Serra da Fracha, ao que D\u00edaz se op\u00f3n. O argumento \u00e9 compartido por moitos concellos e comunidades de montes, e encaixa nunha posici\u00f3n ambientalista de sentido com\u00fan.<\/p>\n\n\n\n<p>A parte m\u00e1is pol\u00edtica da conversa revela a complexa relaci\u00f3n de D\u00edaz co PSdeG e co propio Pedro S\u00e1nchez. Reco\u00f1ece ter pedido unha \u201crenovaci\u00f3n\u201d no partido e mesmo que o presidente \u201cse fixera a un lado\u201d, a\u00ednda que matiza agora esa posici\u00f3n. Mant\u00e9n un ton disciplinado, pero a s\u00faa cr\u00edtica a Gonzalo Caballero e o apoio a Besteiro deixan entrever o desgaste interno dunha organizaci\u00f3n que non acaba de atopar liderado s\u00f3lido en Galiza. D\u00edaz fala de \u201cautocr\u00edtica\u201d e de \u201cproxecto por riba das persoas\u201d, pero as s\u00faas palabras amosan m\u00e1is distancia que entusiasmo. No fondo, describe un partido que sobrevive m\u00e1is por inercia que por impulso.<\/p>\n\n\n\n<p>A entrevista deixa unha sensaci\u00f3n clara: Ponte Caldelas avanza, pero a paso lento. O alcalde co\u00f1ece o seu territorio, domina os detalles t\u00e9cnicos e mant\u00e9n a orde institucional, mais transmite pouco vigor. O seu discurso \u00e9 funcional, preciso, sen improvisaci\u00f3ns, pero tam\u00e9n sen calor. Defende o logrado, desculpa o pendente e atrib\u00fae o non feito \u00e1 burocracia ou \u00e1 falta de fondos. \u00c9 un estilo de goberno eficaz para a xesti\u00f3n ordinaria, pero limitado para xerar ilusi\u00f3n.<\/p>\n\n\n\n<p>A cr\u00f3nica p\u00e9chase como comezou: cun concello estable, cun alcalde veterano e un horizonte sen sobresaltos aparentes. O futuro inmediato de Ponte Caldelas depender\u00e1 de se a estaci\u00f3n termal chega a tempo, de se o financiamento local mellora e de se o proxecto socialista atopar\u00e1, dentro ou f\u00f3ra de D\u00edaz Sobral, a enerx\u00eda que perdeu co paso dos anos. A estabilidade \u00e9 un valor, pero tam\u00e9n pode ser unha forma de inmobilismo. E nese equilibrio, fr\u00edo e calculado, \u00e9 onde se move hoxe o goberno municipal de Ponte Caldelas. Falamos co seu alcalde<\/p>\n\n\n\n<p><strong>Andr\u00e9s D\u00edaz, alcalde de Ponte Caldelas<\/strong><\/p>\n\n\n\n<p>\u201c <strong>Estamos ultimando a licitaci\u00f3n para comezar a constru\u00edr a estaci\u00f3n termal\u201d<\/strong><\/p>\n\n\n\n<p><strong>Cales considera que son as tres prioridades absolutas para este mandato?<\/strong><\/p>\n\n\n\n<blockquote class=\"wp-block-quote is-layout-flow wp-block-quote-is-layout-flow\">\n<p>A primeira era seguir mellorando o concello creando servizos, mellorando a calidade de vida dos veci\u00f1os e por tanto manter a poboaci\u00f3n ou incrementala, cousa que imos conseguindo.<\/p>\n<\/blockquote>\n\n\n\n<blockquote class=\"wp-block-quote is-layout-flow wp-block-quote-is-layout-flow\">\n<p>O segundo era a estaci\u00f3n termal, cousa que despois da cantidade de xesti\u00f3ns burocr\u00e1tica e da pandemia e anos traballando con Augas de Galicia, xa estamos ultimando a licitaci\u00f3n para poder constru\u00edr a principios do ano que v\u00e9n. Era un dos principais obxectivos desde que cheguei aqu\u00ed e levo dez anos. Este pa\u00eds ten moita burocracia e \u00e1s veces compl\u00edcao todo.<\/p>\n<\/blockquote>\n\n\n\n<blockquote class=\"wp-block-quote is-layout-flow wp-block-quote-is-layout-flow\">\n<p>\u00c9 o terceiro son as v\u00edas de comunicaci\u00f3n. Somos un concello grande e disperso con trescentos quil\u00f3metros de cami\u00f1os municipais que imos mellorando pouco a pouco.<\/p>\n<\/blockquote>\n\n\n\n<p><strong>Como se te\u00f1en comportado os ingresos e gastos do Concello ultimamente?<\/strong><\/p>\n\n\n\n<blockquote class=\"wp-block-quote is-layout-flow wp-block-quote-is-layout-flow\">\n<p>Ben porque est\u00e1 \u00e9 unha das reivindicaci\u00f3ns que \u00e9 moi pouco escoitada. O sistema de financiamento dos pequenos concellos leva a que cando botamos contas atopamos con que te\u00f1en unha d\u00e9beda de medio mill\u00f3n de euros con Ponte Caldelas porque nos infrafinancian. Falan da Espa\u00f1a vaciada e non fan nada para evitalo cando moitas veces hai servizos que son m\u00e1is caros que nas cidades como por exemplo o da recollida do lixo, iso non axuda ao reter poboaci\u00f3n.<\/p>\n<\/blockquote>\n\n\n\n<blockquote class=\"wp-block-quote is-layout-flow wp-block-quote-is-layout-flow\">\n<p>Os concellos pequenos cada vez temos m\u00e1is gastos e menos ingresos porque nos impo\u00f1en m\u00e1is competencias.<\/p>\n<\/blockquote>\n\n\n\n<p><strong>Cal \u00e9 o plan concreto para minimizar o risco de inundaci\u00f3ns no tramo urbano do Verdugo e como se compatibiliza a acci\u00f3n sobre o leito do r\u00edo con respecto ao ecosistema?<\/strong><\/p>\n\n\n\n<blockquote class=\"wp-block-quote is-layout-flow wp-block-quote-is-layout-flow\">\n<p>Os r\u00edos \u00e9 unha competencia da Xunta pero casualmente dix\u00e9ronnos que na parte problem\u00e1tica, na urbana, seica que a competencia \u00e9 nosa. Xa o ano pasado fixemos unha limpeza important\u00edsima ga\u00f1ando espazo que a natureza lle comera ao r\u00edo. Ao mesmo tempo arrincamos especies invasoras que estaban ocupando o r\u00edo, como o eucalipto. Estes d\u00edas acabamos de executar a segunda limpeza, d\u00e1ndolle unha maior amplitude ao r\u00edo e quit\u00e1ndolle posibilidades de desborde.<\/p>\n<\/blockquote>\n\n\n\n<p><strong>Que opina da solicitude do seu compa\u00f1eiro de partido Abel Caballero sobre o transvase do r\u00edo Verdugo para a cidade de Vigo?<\/strong><\/p>\n\n\n\n<blockquote class=\"wp-block-quote is-layout-flow wp-block-quote-is-layout-flow\">\n<p>Entendemos todas as situaci\u00f3n pero este ano tivemos que po\u00f1er bombeos e sacos de area para poder bombear e almacenar auga. Non \u00e9 ego\u00edsmo. \u00c9 a auga que necesita o concello de Ponte Caldelas para abastecer \u00e1 s\u00faa poboaci\u00f3n. Non podemos desvestir un santo para vestir outro, parecera que aqu\u00ed non vive ningu\u00e9n.<\/p>\n<\/blockquote>\n\n\n\n<p><strong>Non est\u00e1 dacordo por tanto.<\/strong><\/p>\n\n\n\n<blockquote class=\"wp-block-quote is-layout-flow wp-block-quote-is-layout-flow\">\n<p>Non. Par\u00e9ceme incrible que se sigan propo\u00f1endo estas cousas. Haber\u00e1 que buscar outras f\u00f3rmulas, pero non se pode deixar sen auga a Ponte Caldelas para seguir abastecendo a Vigo.<\/p>\n<\/blockquote>\n\n\n\n<p><strong>Como xestiona o Concello as franxas de protecci\u00f3n contra incendios nas s\u00faas 8.000 parcelas obxecto de vixilancia?<\/strong><\/p>\n\n\n\n<blockquote class=\"wp-block-quote is-layout-flow wp-block-quote-is-layout-flow\">\n<p>Xestion\u00e1molas con dificultades e con compromiso, iso si. Porque aqu\u00ed a Xunta saca leis, l\u00e1vase as mans, e os concellos te\u00f1en dificultades para sacar iso adiante porque non hai fondos. O concello de Ponte Caldelas gastou entre roces de cami\u00f1os e estas execuci\u00f3ns, m\u00e1is de 350.000 euros. Cando se derivan competencias d\u00e9bense derivar cartos para poder cubrilas con garant\u00edas.<\/p>\n<\/blockquote>\n\n\n\n<p><strong>Como est\u00e1 abordando o Concello a transici\u00f3n enerx\u00e9tica a nivel local?<\/strong><\/p>\n\n\n\n<blockquote class=\"wp-block-quote is-layout-flow wp-block-quote-is-layout-flow\">\n<p>Temos varias humanizaci\u00f3ns onde reducimos emisi\u00f3ns e ademais conseguimos fondos europeos que axudan a implantar a biomasa no propio concello ou na casa da Cultura. A trav\u00e9s da propia Deputaci\u00f3n imos instalar placas solares.<\/p>\n<\/blockquote>\n\n\n\n<blockquote class=\"wp-block-quote is-layout-flow wp-block-quote-is-layout-flow\">\n<p>Nun concello coma este a reduci\u00f3n de emisi\u00f3ns \u00e9 notable transitando cara ao uso de LED, humanizando, reducindo o uso do veh\u00edculo. Estamos cumprindo os obxectivos.<\/p>\n<\/blockquote>\n\n\n\n<p><strong>A estaci\u00f3n termal parece un proxecto de gran impacto. Pode dar un cronograma detallado para as licenzas, contratas, inicio da obra?<\/strong><\/p>\n\n\n\n<blockquote class=\"wp-block-quote is-layout-flow wp-block-quote-is-layout-flow\">\n<p>Estamos ultimando a licitaci\u00f3n que \u00e9 complexa. Nas pr\u00f3ximas semanas sair\u00e1, e a idea \u00e9 que no primeiro trimestre do ano que v\u00e9n adxudicar e comezar as obras. Tam\u00e9n \u00e9 certo que hoxe dada a situaci\u00f3n das empresas, hai que ter sorte. As empresas non te\u00f1en persoal e a situaci\u00f3n \u00e9 complicada cando emprendes grandes obras.<\/p>\n<\/blockquote>\n\n\n\n<p><strong>Respecto \u00e1 estaci\u00f3n termal: que estimaci\u00f3n te\u00f1en de custe total e que retorno econ\u00f3mico e tur\u00edstico prev\u00e9?<\/strong><\/p>\n\n\n\n<blockquote class=\"wp-block-quote is-layout-flow wp-block-quote-is-layout-flow\">\n<p>O proxecto sae por un mill\u00f3n e medio e o retorno evidentemente para a vila \u00e9 notable porque o turismo estacional vai ser unha inxecci\u00f3n econ\u00f3mica importante non s\u00f3 para Ponte Caldelas sen\u00f3n para toda a comarca.<\/p>\n<\/blockquote>\n\n\n\n<p><strong>Sobre o convenio con Pontevedra pola auga potable para o pol\u00edgono de A Reigosa: Cal \u00e9 a posici\u00f3n do Concello?<\/strong><\/p>\n\n\n\n<blockquote class=\"wp-block-quote is-layout-flow wp-block-quote-is-layout-flow\">\n<p>A nosa posici\u00f3n \u00e9 que n\u00f3s temos que pagar o que custa a auga.<\/p>\n<\/blockquote>\n\n\n\n<p><strong>Vai saldar esa d\u00e9beda ent\u00f3n?<\/strong><\/p>\n\n\n\n<blockquote class=\"wp-block-quote is-layout-flow wp-block-quote-is-layout-flow\">\n<p>O que custa a auga, non a tendencia \u00e1 especulaci\u00f3n que se pretende facer con ela.<\/p>\n<\/blockquote>\n\n\n\n<p><strong>Por que entende que se est\u00e1 a especular?<\/strong><\/p>\n\n\n\n<blockquote class=\"wp-block-quote is-layout-flow wp-block-quote-is-layout-flow\">\n<p>Porque a nos c\u00f3brannos a 1\u201906 moito m\u00e1is cara que ao resto.<\/p>\n<\/blockquote>\n\n\n\n<p><strong>Pero \u00e9 que uso industrial.<\/strong><\/p>\n\n\n\n<blockquote class=\"wp-block-quote is-layout-flow wp-block-quote-is-layout-flow\">\n<p>Claro, pero se ti cobras o que lle cobras \u00e1s empresas ter\u00e1s que asumir todo o gasto de mantemento e sen embargo n\u00f3s a maiores temos que ter un fontaneiro contratado reparando avar\u00edas. Aquelo foi un convenio que se asinou no seu d\u00eda, nada acorde \u00e1 realidade. Tr\u00e1tase ao concello de Ponte Caldelas como se fose unha empresa.<\/p>\n<\/blockquote>\n\n\n\n<p><strong>Van xudicializar o conflito?<\/strong><\/p>\n\n\n\n<blockquote class=\"wp-block-quote is-layout-flow wp-block-quote-is-layout-flow\">\n<p>Non o sei, estamos intentando chegar a un entendemento e a formalizar a Mancomunidade.<\/p>\n<\/blockquote>\n\n\n\n<p><strong>No caso de que Ponte Caldelas non poida pagar a cantidade reclamada, que consecuencias prev\u00e9 para o funcionamento do pol\u00edgono?<\/strong><\/p>\n\n\n\n<blockquote class=\"wp-block-quote is-layout-flow wp-block-quote-is-layout-flow\">\n<p>Non vai ter ning\u00fan problema. A auga non \u00e9 de Pontevedra, \u00e9 do L\u00e9rez, \u00e9 de todos. Hai que esperar a establecer a mancomunidade. O concello de Pontevedra ter\u00e1 que reconducir est\u00e1 situaci\u00f3n, n\u00f3s tam\u00e9n, \u00e9 chegaremos a un entendemento.<\/p>\n<\/blockquote>\n\n\n\n<p><strong>Sobre o parque e\u00f3lico Serra da Fracha: a que nivel est\u00e1 o recurso administrativo ou a denuncia?<\/strong><\/p>\n\n\n\n<blockquote class=\"wp-block-quote is-layout-flow wp-block-quote-is-layout-flow\">\n<p>Non temos a\u00ednda resposta ao respecto. Entendemos que non \u00e9 unha zona axeitada para facer este tipo de instalaci\u00f3ns ao igual que a comunidade de montes de Baltar, por iso conxuntamente faremos todo o posible para evitar iso.<\/p>\n<\/blockquote>\n\n\n\n<p><strong>Quixera preg\u00fantalle por unha publicaci\u00f3n na que ped\u00eda autocr\u00edtica por parte do PSOE, chegando a suxerir que o secretario xeral e presidente do goberno Pedro S\u00e1nchez se fixera a un lado e deixar\u00e1 paso a una renovaci\u00f3n. Segue neste posicionamento?<\/strong><\/p>\n\n\n\n<blockquote class=\"wp-block-quote is-layout-flow wp-block-quote-is-layout-flow\">\n<p>O proxecto socialista ten que estar por riba das persoas. Eu fun dos primeiros que apoiei a Pedro S\u00e1nchez, por certo, en contra do criterio de Abel Caballero.<\/p>\n<\/blockquote>\n\n\n\n<blockquote class=\"wp-block-quote is-layout-flow wp-block-quote-is-layout-flow\">\n<p>En todas as lexislaturas sempre se falaba de econom\u00eda. Desta vez non, porque a\u00ed a dereita non ten nada que criticar e a\u00ed comeza un desgaste persoal ao presidente sen falar do que realmente importa das cousas de comer. E a verdade \u00e9 que lles est\u00e1 a funcionar polo capacidade medi\u00e1tica e xudicial da dereita contra un goberno de esquerdas e progresista.<\/p>\n<\/blockquote>\n\n\n\n<p><strong>Pero vostede mesmo dixo que ter\u00eda que facer ao un lado.<\/strong><\/p>\n\n\n\n<blockquote class=\"wp-block-quote is-layout-flow wp-block-quote-is-layout-flow\">\n<p>Evidentemente o que goberna sempre ten un desgaste. Nese momento pensei que era o momento de facer un cambio, de renovar caras e sigo mant\u00e9ndoo. Pero isto \u00e9 un decisi\u00f3n do partido e dos \u00f3rganos de decisi\u00f3n do partido.<\/p>\n<\/blockquote>\n\n\n\n<p><strong>Que opini\u00f3n ten de Felipe Gonz\u00e1lez?<\/strong><\/p>\n\n\n\n<blockquote class=\"wp-block-quote is-layout-flow wp-block-quote-is-layout-flow\">\n<p>L\u00e9mbrome de que o co\u00f1ec\u00edn persoalmente en Bosnia na mi\u00f1a \u00e9poca de casco azul, cando me veu saudar fix\u00e9rame moita ilusi\u00f3n porque eu escoitarao co meu pai nun mitin nas Travesas. A Felipe e a Guerra. Eu ti\u00f1a catorce anos. Por iso anos despois ao co\u00f1ecelo me fixo ilusi\u00f3n, claro, meu pai que vivu a Transici\u00f3n \u00e9 aquela maior\u00eda absoluta hist\u00f3rica do PSOE\u2026<\/p>\n<\/blockquote>\n\n\n\n<blockquote class=\"wp-block-quote is-layout-flow wp-block-quote-is-layout-flow\">\n<p>Cando agora escoita falar a Felipe Gonz\u00e1lez nos medios de dereita, expresa a sus decepci\u00f3n. A min d\u00f3eme ver iso. Meu pai era felipista e que te\u00f1a que miralo agora como un dos principais altofalantes da dereita\u2026<\/p>\n<\/blockquote>\n\n\n\n<p><strong>Vostede apoiou a candidatura de Besteiro que apartou a Gonzalo Caballero Do PSdG, tendo en conta os resultados nas elecci\u00f3ns do 2024, cree que lles compensou apartar a Gonzalo Caballero?<\/strong><\/p>\n\n\n\n<blockquote class=\"wp-block-quote is-layout-flow wp-block-quote-is-layout-flow\">\n<p>A mi\u00f1a opini\u00f3n persoal \u00e9 que Gonzalo non fixo as cousas ben no PSdG, creou moitos enfrontamentos e non era o que necesitaba o PSdG. Apoiar a Besteiro era recompensar todo o dano que lle fixeran porque practicamente o trataran coma un delincuente, coa xu\u00edza que o encausou finalmente acusada de prevaricaci\u00f3n. Para Besteiro foi moi duro.<\/p>\n<\/blockquote>\n\n\n\n<blockquote class=\"wp-block-quote is-layout-flow wp-block-quote-is-layout-flow\">\n<p>A min Besteiro par\u00e9ceme boa xente e de cara \u00e1s pr\u00f3ximas elecci\u00f3ns veremos cal \u00e9 a alternativa real do PSdG, se \u00e9 Besteiro ou outra persoa, pero reco\u00f1ezo que a realidade do PSdG \u00e9 bastante dura porque eu aqu\u00ed en Ponte Caldelas miro a diferencia de resultados entre elecci\u00f3ns municipais e auton\u00f3micas.<\/p>\n<\/blockquote>\n\n\n\n<p><strong>Vai repetir como candidato \u00e1s elecci\u00f3ns do 2027?<\/strong><\/p>\n\n\n\n<blockquote class=\"wp-block-quote is-layout-flow wp-block-quote-is-layout-flow\">\n<p>Si si, \u00e1s do 2027 si, despois xa veremos.<\/p>\n<\/blockquote>\n","protected":false},"excerpt":{"rendered":"<div class=\"mh-excerpt\"><p>Dez anos despois da s\u00faa chegada \u00e1 alcald\u00eda, Andr\u00e9s D\u00edaz Sobral contin\u00faa \u00e1 fronte dun concello que combina estabilidade pol\u00edtica con desaf\u00edos estruturais dif\u00edciles de resolver. Ponte Caldelas mant\u00e9n o perfil dun municipio de interior que tenta frear o descenso demogr\u00e1fico e preservar servizos p\u00fablicos en condici\u00f3ns de financiamento que o propio alcalde cualifica de \u201cinxustas\u201d <a class=\"mh-excerpt-more\" href=\"https:\/\/www.anovapeneira.gal\/index.php\/2025\/10\/24\/ponte-caldelas-entre-a-consolidacion-e-a-fatiga\/\" title=\"Ponte Caldelas: entre a consolidaci\u00f3n e a fatiga\">[&#8230;]<\/a><\/p>\n<\/div>","protected":false},"author":23,"featured_media":14839,"comment_status":"open","ping_status":"open","sticky":false,"template":"","format":"standard","meta":{"_exactmetrics_skip_tracking":false,"_exactmetrics_sitenote_active":false,"_exactmetrics_sitenote_note":"","_exactmetrics_sitenote_category":0,"footnotes":""},"categories":[26],"tags":[128],"class_list":{"0":"post-14838","1":"post","2":"type-post","3":"status-publish","4":"format-standard","5":"has-post-thumbnail","7":"category-pontevedra","8":"tag-concello-de-ponte-caldelas"},"yoast_head":"<!-- This site is optimized with the Yoast SEO plugin v27.4 - https:\/\/yoast.com\/product\/yoast-seo-wordpress\/ -->\n<title>Ponte Caldelas: entre a consolidaci\u00f3n e a fatiga -<\/title>\n<meta name=\"robots\" content=\"index, follow, max-snippet:-1, max-image-preview:large, max-video-preview:-1\" \/>\n<link rel=\"canonical\" href=\"https:\/\/www.anovapeneira.gal\/index.php\/2025\/10\/24\/ponte-caldelas-entre-a-consolidacion-e-a-fatiga\/\" \/>\n<meta property=\"og:locale\" content=\"gl_ES\" \/>\n<meta property=\"og:type\" content=\"article\" \/>\n<meta property=\"og:title\" content=\"Ponte Caldelas: entre a consolidaci\u00f3n e a fatiga -\" \/>\n<meta property=\"og:description\" content=\"Dez anos despois da s\u00faa chegada \u00e1 alcald\u00eda, Andr\u00e9s D\u00edaz Sobral contin\u00faa \u00e1 fronte dun concello que combina estabilidade pol\u00edtica con desaf\u00edos estruturais dif\u00edciles de resolver. Ponte Caldelas mant\u00e9n o perfil dun municipio de interior que tenta frear o descenso demogr\u00e1fico e preservar servizos p\u00fablicos en condici\u00f3ns de financiamento que o propio alcalde cualifica de \u201cinxustas\u201d [...]\" \/>\n<meta property=\"og:url\" content=\"https:\/\/www.anovapeneira.gal\/index.php\/2025\/10\/24\/ponte-caldelas-entre-a-consolidacion-e-a-fatiga\/\" \/>\n<meta property=\"article:publisher\" content=\"https:\/\/www.facebook.com\/anovapeneira\" \/>\n<meta property=\"article:published_time\" content=\"2025-10-24T08:00:56+00:00\" \/>\n<meta property=\"og:image\" content=\"https:\/\/www.anovapeneira.gal\/wp-content\/uploads\/2025\/10\/Andres_Ponte_Caldelas.jpg\" \/>\n\t<meta property=\"og:image:width\" content=\"550\" \/>\n\t<meta property=\"og:image:height\" content=\"367\" \/>\n\t<meta property=\"og:image:type\" content=\"image\/jpeg\" \/>\n<meta name=\"author\" content=\"Aar\u00f3n Franco\" \/>\n<meta name=\"twitter:card\" content=\"summary_large_image\" \/>\n<meta name=\"twitter:creator\" content=\"@APeneira\" \/>\n<meta name=\"twitter:site\" content=\"@APeneira\" \/>\n<meta name=\"twitter:label1\" content=\"Escrito por\" \/>\n\t<meta name=\"twitter:data1\" content=\"Aar\u00f3n Franco\" \/>\n\t<meta name=\"twitter:label2\" content=\"Tempo de lectura\" \/>\n\t<meta name=\"twitter:data2\" content=\"7 minutos\" \/>\n<script type=\"application\/ld+json\" class=\"yoast-schema-graph\">{\"@context\":\"https:\\\/\\\/schema.org\",\"@graph\":[{\"@type\":\"Article\",\"@id\":\"https:\\\/\\\/www.anovapeneira.gal\\\/index.php\\\/2025\\\/10\\\/24\\\/ponte-caldelas-entre-a-consolidacion-e-a-fatiga\\\/#article\",\"isPartOf\":{\"@id\":\"https:\\\/\\\/www.anovapeneira.gal\\\/index.php\\\/2025\\\/10\\\/24\\\/ponte-caldelas-entre-a-consolidacion-e-a-fatiga\\\/\"},\"author\":{\"name\":\"Aar\u00f3n Franco\",\"@id\":\"https:\\\/\\\/www.anovapeneira.gal\\\/#\\\/schema\\\/person\\\/a907e49c1885c12d6f281770afd68766\"},\"headline\":\"Ponte Caldelas: entre a consolidaci\u00f3n e a fatiga\",\"datePublished\":\"2025-10-24T08:00:56+00:00\",\"mainEntityOfPage\":{\"@id\":\"https:\\\/\\\/www.anovapeneira.gal\\\/index.php\\\/2025\\\/10\\\/24\\\/ponte-caldelas-entre-a-consolidacion-e-a-fatiga\\\/\"},\"wordCount\":2582,\"commentCount\":0,\"publisher\":{\"@id\":\"https:\\\/\\\/www.anovapeneira.gal\\\/#organization\"},\"image\":{\"@id\":\"https:\\\/\\\/www.anovapeneira.gal\\\/index.php\\\/2025\\\/10\\\/24\\\/ponte-caldelas-entre-a-consolidacion-e-a-fatiga\\\/#primaryimage\"},\"thumbnailUrl\":\"https:\\\/\\\/www.anovapeneira.gal\\\/wp-content\\\/uploads\\\/2025\\\/10\\\/Andres_Ponte_Caldelas.jpg\",\"keywords\":[\"Concello de Ponte Caldelas\"],\"articleSection\":[\"Pontevedra\"],\"inLanguage\":\"gl-ES\",\"potentialAction\":[{\"@type\":\"CommentAction\",\"name\":\"Comment\",\"target\":[\"https:\\\/\\\/www.anovapeneira.gal\\\/index.php\\\/2025\\\/10\\\/24\\\/ponte-caldelas-entre-a-consolidacion-e-a-fatiga\\\/#respond\"]}]},{\"@type\":\"WebPage\",\"@id\":\"https:\\\/\\\/www.anovapeneira.gal\\\/index.php\\\/2025\\\/10\\\/24\\\/ponte-caldelas-entre-a-consolidacion-e-a-fatiga\\\/\",\"url\":\"https:\\\/\\\/www.anovapeneira.gal\\\/index.php\\\/2025\\\/10\\\/24\\\/ponte-caldelas-entre-a-consolidacion-e-a-fatiga\\\/\",\"name\":\"Ponte Caldelas: entre a consolidaci\u00f3n e a fatiga -\",\"isPartOf\":{\"@id\":\"https:\\\/\\\/www.anovapeneira.gal\\\/#website\"},\"primaryImageOfPage\":{\"@id\":\"https:\\\/\\\/www.anovapeneira.gal\\\/index.php\\\/2025\\\/10\\\/24\\\/ponte-caldelas-entre-a-consolidacion-e-a-fatiga\\\/#primaryimage\"},\"image\":{\"@id\":\"https:\\\/\\\/www.anovapeneira.gal\\\/index.php\\\/2025\\\/10\\\/24\\\/ponte-caldelas-entre-a-consolidacion-e-a-fatiga\\\/#primaryimage\"},\"thumbnailUrl\":\"https:\\\/\\\/www.anovapeneira.gal\\\/wp-content\\\/uploads\\\/2025\\\/10\\\/Andres_Ponte_Caldelas.jpg\",\"datePublished\":\"2025-10-24T08:00:56+00:00\",\"breadcrumb\":{\"@id\":\"https:\\\/\\\/www.anovapeneira.gal\\\/index.php\\\/2025\\\/10\\\/24\\\/ponte-caldelas-entre-a-consolidacion-e-a-fatiga\\\/#breadcrumb\"},\"inLanguage\":\"gl-ES\",\"potentialAction\":[{\"@type\":\"ReadAction\",\"target\":[\"https:\\\/\\\/www.anovapeneira.gal\\\/index.php\\\/2025\\\/10\\\/24\\\/ponte-caldelas-entre-a-consolidacion-e-a-fatiga\\\/\"]}]},{\"@type\":\"ImageObject\",\"inLanguage\":\"gl-ES\",\"@id\":\"https:\\\/\\\/www.anovapeneira.gal\\\/index.php\\\/2025\\\/10\\\/24\\\/ponte-caldelas-entre-a-consolidacion-e-a-fatiga\\\/#primaryimage\",\"url\":\"https:\\\/\\\/www.anovapeneira.gal\\\/wp-content\\\/uploads\\\/2025\\\/10\\\/Andres_Ponte_Caldelas.jpg\",\"contentUrl\":\"https:\\\/\\\/www.anovapeneira.gal\\\/wp-content\\\/uploads\\\/2025\\\/10\\\/Andres_Ponte_Caldelas.jpg\",\"width\":550,\"height\":367},{\"@type\":\"BreadcrumbList\",\"@id\":\"https:\\\/\\\/www.anovapeneira.gal\\\/index.php\\\/2025\\\/10\\\/24\\\/ponte-caldelas-entre-a-consolidacion-e-a-fatiga\\\/#breadcrumb\",\"itemListElement\":[{\"@type\":\"ListItem\",\"position\":1,\"name\":\"Portada\",\"item\":\"https:\\\/\\\/www.anovapeneira.gal\\\/\"},{\"@type\":\"ListItem\",\"position\":2,\"name\":\"Ponte Caldelas: entre a consolidaci\u00f3n e a fatiga\"}]},{\"@type\":\"WebSite\",\"@id\":\"https:\\\/\\\/www.anovapeneira.gal\\\/#website\",\"url\":\"https:\\\/\\\/www.anovapeneira.gal\\\/\",\"name\":\"\",\"description\":\"Xornal galego de informaci\u00f3n xeral Publicaci\u00f3n mensual de novas de Galicia e en especial dos Concellos da sur da provincia de Pontevedra.\",\"publisher\":{\"@id\":\"https:\\\/\\\/www.anovapeneira.gal\\\/#organization\"},\"potentialAction\":[{\"@type\":\"SearchAction\",\"target\":{\"@type\":\"EntryPoint\",\"urlTemplate\":\"https:\\\/\\\/www.anovapeneira.gal\\\/?s={search_term_string}\"},\"query-input\":{\"@type\":\"PropertyValueSpecification\",\"valueRequired\":true,\"valueName\":\"search_term_string\"}}],\"inLanguage\":\"gl-ES\"},{\"@type\":\"Organization\",\"@id\":\"https:\\\/\\\/www.anovapeneira.gal\\\/#organization\",\"name\":\"A Nova Peneira\",\"url\":\"https:\\\/\\\/www.anovapeneira.gal\\\/\",\"logo\":{\"@type\":\"ImageObject\",\"inLanguage\":\"gl-ES\",\"@id\":\"https:\\\/\\\/www.anovapeneira.gal\\\/#\\\/schema\\\/logo\\\/image\\\/\",\"url\":\"http:\\\/\\\/www.anovapeneira.gal\\\/wp-content\\\/uploads\\\/2019\\\/06\\\/logo_a_nova_peneira_portal_web.png\",\"contentUrl\":\"http:\\\/\\\/www.anovapeneira.gal\\\/wp-content\\\/uploads\\\/2019\\\/06\\\/logo_a_nova_peneira_portal_web.png\",\"width\":300,\"height\":100,\"caption\":\"A Nova Peneira\"},\"image\":{\"@id\":\"https:\\\/\\\/www.anovapeneira.gal\\\/#\\\/schema\\\/logo\\\/image\\\/\"},\"sameAs\":[\"https:\\\/\\\/www.facebook.com\\\/anovapeneira\",\"https:\\\/\\\/x.com\\\/APeneira\"]},{\"@type\":\"Person\",\"@id\":\"https:\\\/\\\/www.anovapeneira.gal\\\/#\\\/schema\\\/person\\\/a907e49c1885c12d6f281770afd68766\",\"name\":\"Aar\u00f3n Franco\",\"image\":{\"@type\":\"ImageObject\",\"inLanguage\":\"gl-ES\",\"@id\":\"https:\\\/\\\/secure.gravatar.com\\\/avatar\\\/82f0614fe09ae3f066983f8d670d0ff15a0917fefe52b93ffa425275b87d6102?s=96&d=mm&r=g\",\"url\":\"https:\\\/\\\/secure.gravatar.com\\\/avatar\\\/82f0614fe09ae3f066983f8d670d0ff15a0917fefe52b93ffa425275b87d6102?s=96&d=mm&r=g\",\"contentUrl\":\"https:\\\/\\\/secure.gravatar.com\\\/avatar\\\/82f0614fe09ae3f066983f8d670d0ff15a0917fefe52b93ffa425275b87d6102?s=96&d=mm&r=g\",\"caption\":\"Aar\u00f3n Franco\"},\"sameAs\":[\"http:\\\/\\\/www.anovapeneira.gal\\\/\"],\"url\":\"https:\\\/\\\/www.anovapeneira.gal\\\/index.php\\\/author\\\/aaron-franco\\\/\"}]}<\/script>\n<!-- \/ Yoast SEO plugin. -->","yoast_head_json":{"title":"Ponte Caldelas: entre a consolidaci\u00f3n e a fatiga -","robots":{"index":"index","follow":"follow","max-snippet":"max-snippet:-1","max-image-preview":"max-image-preview:large","max-video-preview":"max-video-preview:-1"},"canonical":"https:\/\/www.anovapeneira.gal\/index.php\/2025\/10\/24\/ponte-caldelas-entre-a-consolidacion-e-a-fatiga\/","og_locale":"gl_ES","og_type":"article","og_title":"Ponte Caldelas: entre a consolidaci\u00f3n e a fatiga -","og_description":"Dez anos despois da s\u00faa chegada \u00e1 alcald\u00eda, Andr\u00e9s D\u00edaz Sobral contin\u00faa \u00e1 fronte dun concello que combina estabilidade pol\u00edtica con desaf\u00edos estruturais dif\u00edciles de resolver. Ponte Caldelas mant\u00e9n o perfil dun municipio de interior que tenta frear o descenso demogr\u00e1fico e preservar servizos p\u00fablicos en condici\u00f3ns de financiamento que o propio alcalde cualifica de \u201cinxustas\u201d [...]","og_url":"https:\/\/www.anovapeneira.gal\/index.php\/2025\/10\/24\/ponte-caldelas-entre-a-consolidacion-e-a-fatiga\/","article_publisher":"https:\/\/www.facebook.com\/anovapeneira","article_published_time":"2025-10-24T08:00:56+00:00","og_image":[{"width":550,"height":367,"url":"https:\/\/www.anovapeneira.gal\/wp-content\/uploads\/2025\/10\/Andres_Ponte_Caldelas.jpg","type":"image\/jpeg"}],"author":"Aar\u00f3n Franco","twitter_card":"summary_large_image","twitter_creator":"@APeneira","twitter_site":"@APeneira","twitter_misc":{"Escrito por":"Aar\u00f3n Franco","Tempo de lectura":"7 minutos"},"schema":{"@context":"https:\/\/schema.org","@graph":[{"@type":"Article","@id":"https:\/\/www.anovapeneira.gal\/index.php\/2025\/10\/24\/ponte-caldelas-entre-a-consolidacion-e-a-fatiga\/#article","isPartOf":{"@id":"https:\/\/www.anovapeneira.gal\/index.php\/2025\/10\/24\/ponte-caldelas-entre-a-consolidacion-e-a-fatiga\/"},"author":{"name":"Aar\u00f3n Franco","@id":"https:\/\/www.anovapeneira.gal\/#\/schema\/person\/a907e49c1885c12d6f281770afd68766"},"headline":"Ponte Caldelas: entre a consolidaci\u00f3n e a fatiga","datePublished":"2025-10-24T08:00:56+00:00","mainEntityOfPage":{"@id":"https:\/\/www.anovapeneira.gal\/index.php\/2025\/10\/24\/ponte-caldelas-entre-a-consolidacion-e-a-fatiga\/"},"wordCount":2582,"commentCount":0,"publisher":{"@id":"https:\/\/www.anovapeneira.gal\/#organization"},"image":{"@id":"https:\/\/www.anovapeneira.gal\/index.php\/2025\/10\/24\/ponte-caldelas-entre-a-consolidacion-e-a-fatiga\/#primaryimage"},"thumbnailUrl":"https:\/\/www.anovapeneira.gal\/wp-content\/uploads\/2025\/10\/Andres_Ponte_Caldelas.jpg","keywords":["Concello de Ponte Caldelas"],"articleSection":["Pontevedra"],"inLanguage":"gl-ES","potentialAction":[{"@type":"CommentAction","name":"Comment","target":["https:\/\/www.anovapeneira.gal\/index.php\/2025\/10\/24\/ponte-caldelas-entre-a-consolidacion-e-a-fatiga\/#respond"]}]},{"@type":"WebPage","@id":"https:\/\/www.anovapeneira.gal\/index.php\/2025\/10\/24\/ponte-caldelas-entre-a-consolidacion-e-a-fatiga\/","url":"https:\/\/www.anovapeneira.gal\/index.php\/2025\/10\/24\/ponte-caldelas-entre-a-consolidacion-e-a-fatiga\/","name":"Ponte Caldelas: entre a consolidaci\u00f3n e a fatiga -","isPartOf":{"@id":"https:\/\/www.anovapeneira.gal\/#website"},"primaryImageOfPage":{"@id":"https:\/\/www.anovapeneira.gal\/index.php\/2025\/10\/24\/ponte-caldelas-entre-a-consolidacion-e-a-fatiga\/#primaryimage"},"image":{"@id":"https:\/\/www.anovapeneira.gal\/index.php\/2025\/10\/24\/ponte-caldelas-entre-a-consolidacion-e-a-fatiga\/#primaryimage"},"thumbnailUrl":"https:\/\/www.anovapeneira.gal\/wp-content\/uploads\/2025\/10\/Andres_Ponte_Caldelas.jpg","datePublished":"2025-10-24T08:00:56+00:00","breadcrumb":{"@id":"https:\/\/www.anovapeneira.gal\/index.php\/2025\/10\/24\/ponte-caldelas-entre-a-consolidacion-e-a-fatiga\/#breadcrumb"},"inLanguage":"gl-ES","potentialAction":[{"@type":"ReadAction","target":["https:\/\/www.anovapeneira.gal\/index.php\/2025\/10\/24\/ponte-caldelas-entre-a-consolidacion-e-a-fatiga\/"]}]},{"@type":"ImageObject","inLanguage":"gl-ES","@id":"https:\/\/www.anovapeneira.gal\/index.php\/2025\/10\/24\/ponte-caldelas-entre-a-consolidacion-e-a-fatiga\/#primaryimage","url":"https:\/\/www.anovapeneira.gal\/wp-content\/uploads\/2025\/10\/Andres_Ponte_Caldelas.jpg","contentUrl":"https:\/\/www.anovapeneira.gal\/wp-content\/uploads\/2025\/10\/Andres_Ponte_Caldelas.jpg","width":550,"height":367},{"@type":"BreadcrumbList","@id":"https:\/\/www.anovapeneira.gal\/index.php\/2025\/10\/24\/ponte-caldelas-entre-a-consolidacion-e-a-fatiga\/#breadcrumb","itemListElement":[{"@type":"ListItem","position":1,"name":"Portada","item":"https:\/\/www.anovapeneira.gal\/"},{"@type":"ListItem","position":2,"name":"Ponte Caldelas: entre a consolidaci\u00f3n e a fatiga"}]},{"@type":"WebSite","@id":"https:\/\/www.anovapeneira.gal\/#website","url":"https:\/\/www.anovapeneira.gal\/","name":"","description":"Xornal galego de informaci\u00f3n xeral Publicaci\u00f3n mensual de novas de Galicia e en especial dos Concellos da sur da provincia de Pontevedra.","publisher":{"@id":"https:\/\/www.anovapeneira.gal\/#organization"},"potentialAction":[{"@type":"SearchAction","target":{"@type":"EntryPoint","urlTemplate":"https:\/\/www.anovapeneira.gal\/?s={search_term_string}"},"query-input":{"@type":"PropertyValueSpecification","valueRequired":true,"valueName":"search_term_string"}}],"inLanguage":"gl-ES"},{"@type":"Organization","@id":"https:\/\/www.anovapeneira.gal\/#organization","name":"A Nova Peneira","url":"https:\/\/www.anovapeneira.gal\/","logo":{"@type":"ImageObject","inLanguage":"gl-ES","@id":"https:\/\/www.anovapeneira.gal\/#\/schema\/logo\/image\/","url":"http:\/\/www.anovapeneira.gal\/wp-content\/uploads\/2019\/06\/logo_a_nova_peneira_portal_web.png","contentUrl":"http:\/\/www.anovapeneira.gal\/wp-content\/uploads\/2019\/06\/logo_a_nova_peneira_portal_web.png","width":300,"height":100,"caption":"A Nova Peneira"},"image":{"@id":"https:\/\/www.anovapeneira.gal\/#\/schema\/logo\/image\/"},"sameAs":["https:\/\/www.facebook.com\/anovapeneira","https:\/\/x.com\/APeneira"]},{"@type":"Person","@id":"https:\/\/www.anovapeneira.gal\/#\/schema\/person\/a907e49c1885c12d6f281770afd68766","name":"Aar\u00f3n Franco","image":{"@type":"ImageObject","inLanguage":"gl-ES","@id":"https:\/\/secure.gravatar.com\/avatar\/82f0614fe09ae3f066983f8d670d0ff15a0917fefe52b93ffa425275b87d6102?s=96&d=mm&r=g","url":"https:\/\/secure.gravatar.com\/avatar\/82f0614fe09ae3f066983f8d670d0ff15a0917fefe52b93ffa425275b87d6102?s=96&d=mm&r=g","contentUrl":"https:\/\/secure.gravatar.com\/avatar\/82f0614fe09ae3f066983f8d670d0ff15a0917fefe52b93ffa425275b87d6102?s=96&d=mm&r=g","caption":"Aar\u00f3n Franco"},"sameAs":["http:\/\/www.anovapeneira.gal\/"],"url":"https:\/\/www.anovapeneira.gal\/index.php\/author\/aaron-franco\/"}]}},"jetpack_featured_media_url":"https:\/\/www.anovapeneira.gal\/wp-content\/uploads\/2025\/10\/Andres_Ponte_Caldelas.jpg","_links":{"self":[{"href":"https:\/\/www.anovapeneira.gal\/index.php\/wp-json\/wp\/v2\/posts\/14838","targetHints":{"allow":["GET"]}}],"collection":[{"href":"https:\/\/www.anovapeneira.gal\/index.php\/wp-json\/wp\/v2\/posts"}],"about":[{"href":"https:\/\/www.anovapeneira.gal\/index.php\/wp-json\/wp\/v2\/types\/post"}],"author":[{"embeddable":true,"href":"https:\/\/www.anovapeneira.gal\/index.php\/wp-json\/wp\/v2\/users\/23"}],"replies":[{"embeddable":true,"href":"https:\/\/www.anovapeneira.gal\/index.php\/wp-json\/wp\/v2\/comments?post=14838"}],"version-history":[{"count":1,"href":"https:\/\/www.anovapeneira.gal\/index.php\/wp-json\/wp\/v2\/posts\/14838\/revisions"}],"predecessor-version":[{"id":14840,"href":"https:\/\/www.anovapeneira.gal\/index.php\/wp-json\/wp\/v2\/posts\/14838\/revisions\/14840"}],"wp:featuredmedia":[{"embeddable":true,"href":"https:\/\/www.anovapeneira.gal\/index.php\/wp-json\/wp\/v2\/media\/14839"}],"wp:attachment":[{"href":"https:\/\/www.anovapeneira.gal\/index.php\/wp-json\/wp\/v2\/media?parent=14838"}],"wp:term":[{"taxonomy":"category","embeddable":true,"href":"https:\/\/www.anovapeneira.gal\/index.php\/wp-json\/wp\/v2\/categories?post=14838"},{"taxonomy":"post_tag","embeddable":true,"href":"https:\/\/www.anovapeneira.gal\/index.php\/wp-json\/wp\/v2\/tags?post=14838"}],"curies":[{"name":"wp","href":"https:\/\/api.w.org\/{rel}","templated":true}]}}