{"id":14841,"date":"2025-10-24T12:00:57","date_gmt":"2025-10-24T10:00:57","guid":{"rendered":"https:\/\/www.anovapeneira.gal\/?p=14841"},"modified":"2025-10-21T18:09:15","modified_gmt":"2025-10-21T16:09:15","slug":"trump","status":"publish","type":"post","link":"https:\/\/www.anovapeneira.gal\/index.php\/2025\/10\/24\/trump\/","title":{"rendered":"Trump"},"content":{"rendered":"\n<figure class=\"wp-block-image size-full is-resized\"><img loading=\"lazy\" decoding=\"async\" width=\"190\" height=\"222\" src=\"https:\/\/www.anovapeneira.gal\/wp-content\/uploads\/2019\/04\/marcos_santos_opinion_a_nova_peneira_bn.jpg\" alt=\"Marcos Santos Artigo opini\u00f3n a Nova Peneira\" class=\"wp-image-198\" style=\"width:98px;height:auto\"\/><figcaption class=\"wp-element-caption\">Marcos Santos<\/figcaption><\/figure>\n\n\n\n<p>O chamado \u201cproxecto de paz\u201d de Donald Trump para Gaza \u00e9 unha vergo\u00f1a hist\u00f3rica. Un insulto ao pobo palestino, unha demostraci\u00f3n obscena de cinismo e unha mostra de que o imperialismo estadounidense segue a pensar que pode dictar o destino dos demais como se o mundo fose o seu rancho privado.<\/p>\n\n\n\n<p>Trump falou coma o que \u00e9: un mat\u00f3n pol\u00edtico. Non propuxo paz ningunha, sen\u00f3n unha rendici\u00f3n absoluta. O seu ton ameazante, cheo de arrogancia e soberbia, foi m\u00e1is propio dun criminal de guerra que dun dirixente responsable.<\/p>\n\n\n\n<p>Falou de \u201cdestruci\u00f3n total\u201d para quen non acepte as s\u00faas condici\u00f3ns, mentres sorr\u00eda para as c\u00e1maras e se fac\u00eda pasar por \u201chome de paz\u201d. Un actor rid\u00edculo interpretando o papel de salvador mentres xustifica a opresi\u00f3n dun pobo.<\/p>\n\n\n\n<p>Nin unha palabra sincera sobre o sufrimento civil, nin unha pinga de empat\u00eda, nin un m\u00ednimo reco\u00f1ecemento da dor causada pola ocupaci\u00f3n e o asedio. S\u00f3 ru\u00eddo, propa- ganda e ameazas.<\/p>\n\n\n\n<p>O seu chamado \u201cplan de paz\u201d \u00e9, en realidade, un plan de sometemento: Gaza desmi- litarizada, sen soberan\u00eda, sen control do seu propio territorio, vixiada por potencias estranxeiras.<\/p>\n\n\n\n<p>Trump chama a iso \u201creconstruci\u00f3n\u201d. O mundo co\u00f1\u00e9ceo polo seu verdadeiro nome: ocupaci\u00f3n.<\/p>\n\n\n\n<p>Mentres fala de \u201cestabilidade\u201d, o que ofrece \u00e9 control militar. Mentres fala de \u201caxuda humanitaria\u201d, o que prop\u00f3n \u00e9 a tutela dun pobo que s\u00f3 pide liberdade.<\/p>\n\n\n\n<p>\u00c9 a pol\u00edtica da bota sobre o pescozo, maquillada con discursos escritos por asesores que non te\u00f1en alma.<\/p>\n\n\n\n<p>Trump non busca a paz, busca protagonismo. Non lle importa Gaza, nin Israel, nin Palestina. S\u00f3 lle importa Trump.<\/p>\n\n\n\n<p>Cada frase do seu discurso estivo pensada para alimentar o seu ego e a s\u00faa base pol\u00edti- ca m\u00e1is fan\u00e1tica.<\/p>\n\n\n\n<p>O seu delirio de grandeza \u00e9 tan enorme que xa non distingue entre realidade e teatro. F\u00e1lalle ao mundo coma se fose un programa de televisi\u00f3n, e cre que a guerra \u00e9 un de- corado m\u00e1is.<\/p>\n\n\n\n<p>\u00c9 un narcisista perigoso, un home que fai da brutalidade un espect\u00e1culo e da mentira un instrumento de poder. Non \u00e9 un l\u00edder: \u00e9 unha ameaza con traxe e micr\u00f3fono.<\/p>\n\n\n\n<p>As principais naci\u00f3ns \u00e1rabes rexeitaron o plan. Exipto, Xordania e Arabia Saudita cham\u00e1rono \u201cinaceptable\u201d. Rusia cualificouno de \u201cvago e sen fundamento\u201d.<\/p>\n\n\n\n<p>E mesmo dentro de Occidente, moitos viron o discurso como o que realmente foi: unha provocaci\u00f3n que s\u00f3 serve para agravar a ferida.<\/p>\n\n\n\n<p>A idea de colocar Gaza baixo control directo dos Estados Unidos \u00e9 unha barbaridade colonial. Unha nova forma de ocupaci\u00f3n que pretende borrar a identidade palestina e reescribir a historia ao gusto dun demagogo.<\/p>\n\n\n\n<p>O discurso de Trump sobre Gaza non pasar\u00e1 \u00e1 historia como un xesto de paz, sen\u00f3n como un monumento \u00e1 hipocris\u00eda e \u00e1 desvergo\u00f1a.<\/p>\n\n\n\n<p>\u00c9 a voz dun imperio decadente, dun home sen escr\u00fapulos que usa o poder para humi- llar, e a mentira para gobernar.<\/p>\n\n\n\n<p>A s\u00faa suposta paz \u00e9 a paz dos cemiterios: a calma que v\u00e9n despois da destruci\u00f3n. Trump representa o peor do poder: a ignorancia, o desprezo pola vida e a convicci\u00f3n de que pode facer o que lle pete sen consecuencias.<\/p>\n\n\n\n<p>E fronte a iso, o mundo deber\u00eda responder con claridade: non hai paz con ameazas, nin di\u00e1logo baixo a bota dun tirano.<\/p>\n","protected":false},"excerpt":{"rendered":"<div class=\"mh-excerpt\"><p>O chamado \u201cproxecto de paz\u201d de Donald Trump para Gaza \u00e9 unha vergo\u00f1a hist\u00f3rica. Un insulto ao pobo palestino, unha demostraci\u00f3n obscena de cinismo e unha mostra de que o imperialismo estadounidense segue a pensar <a class=\"mh-excerpt-more\" href=\"https:\/\/www.anovapeneira.gal\/index.php\/2025\/10\/24\/trump\/\" title=\"Trump\">[&#8230;]<\/a><\/p>\n<\/div>","protected":false},"author":6,"featured_media":584,"comment_status":"open","ping_status":"open","sticky":false,"template":"","format":"standard","meta":{"_exactmetrics_skip_tracking":false,"_exactmetrics_sitenote_active":false,"_exactmetrics_sitenote_note":"","_exactmetrics_sitenote_category":0,"footnotes":""},"categories":[7],"tags":[],"class_list":{"0":"post-14841","1":"post","2":"type-post","3":"status-publish","4":"format-standard","5":"has-post-thumbnail","7":"category-artigos-de-opinion"},"yoast_head":"<!-- This site is optimized with the Yoast SEO plugin v27.4 - https:\/\/yoast.com\/product\/yoast-seo-wordpress\/ -->\n<title>Trump -<\/title>\n<meta name=\"robots\" content=\"index, follow, max-snippet:-1, max-image-preview:large, max-video-preview:-1\" \/>\n<link rel=\"canonical\" href=\"https:\/\/www.anovapeneira.gal\/index.php\/2025\/10\/24\/trump\/\" \/>\n<meta property=\"og:locale\" content=\"gl_ES\" \/>\n<meta property=\"og:type\" content=\"article\" \/>\n<meta property=\"og:title\" content=\"Trump -\" \/>\n<meta property=\"og:description\" content=\"O chamado \u201cproxecto de paz\u201d de Donald Trump para Gaza \u00e9 unha vergo\u00f1a hist\u00f3rica. Un insulto ao pobo palestino, unha demostraci\u00f3n obscena de cinismo e unha mostra de que o imperialismo estadounidense segue a pensar [...]\" \/>\n<meta property=\"og:url\" content=\"https:\/\/www.anovapeneira.gal\/index.php\/2025\/10\/24\/trump\/\" \/>\n<meta property=\"article:publisher\" content=\"https:\/\/www.facebook.com\/anovapeneira\" \/>\n<meta property=\"article:published_time\" content=\"2025-10-24T10:00:57+00:00\" \/>\n<meta property=\"og:image\" content=\"https:\/\/www.anovapeneira.gal\/wp-content\/uploads\/2019\/07\/ARTIGO_DE_OPINION_A_NOVA_PENEIRA.jpg\" \/>\n\t<meta property=\"og:image:width\" content=\"720\" \/>\n\t<meta property=\"og:image:height\" content=\"473\" \/>\n\t<meta property=\"og:image:type\" content=\"image\/jpeg\" \/>\n<meta name=\"author\" content=\"Marcos Santos\" \/>\n<meta name=\"twitter:card\" content=\"summary_large_image\" \/>\n<meta name=\"twitter:creator\" content=\"@APeneira\" \/>\n<meta name=\"twitter:site\" content=\"@APeneira\" \/>\n<meta name=\"twitter:label1\" content=\"Escrito por\" \/>\n\t<meta name=\"twitter:data1\" content=\"Marcos Santos\" \/>\n\t<meta name=\"twitter:label2\" content=\"Tempo de lectura\" \/>\n\t<meta name=\"twitter:data2\" content=\"4 minutos\" \/>\n<script type=\"application\/ld+json\" class=\"yoast-schema-graph\">{\"@context\":\"https:\\\/\\\/schema.org\",\"@graph\":[{\"@type\":\"Article\",\"@id\":\"https:\\\/\\\/www.anovapeneira.gal\\\/index.php\\\/2025\\\/10\\\/24\\\/trump\\\/#article\",\"isPartOf\":{\"@id\":\"https:\\\/\\\/www.anovapeneira.gal\\\/index.php\\\/2025\\\/10\\\/24\\\/trump\\\/\"},\"author\":{\"name\":\"Marcos Santos\",\"@id\":\"https:\\\/\\\/www.anovapeneira.gal\\\/#\\\/schema\\\/person\\\/d9d84823564720e7593293bab054e52d\"},\"headline\":\"Trump\",\"datePublished\":\"2025-10-24T10:00:57+00:00\",\"mainEntityOfPage\":{\"@id\":\"https:\\\/\\\/www.anovapeneira.gal\\\/index.php\\\/2025\\\/10\\\/24\\\/trump\\\/\"},\"wordCount\":573,\"commentCount\":0,\"publisher\":{\"@id\":\"https:\\\/\\\/www.anovapeneira.gal\\\/#organization\"},\"image\":{\"@id\":\"https:\\\/\\\/www.anovapeneira.gal\\\/index.php\\\/2025\\\/10\\\/24\\\/trump\\\/#primaryimage\"},\"thumbnailUrl\":\"https:\\\/\\\/www.anovapeneira.gal\\\/wp-content\\\/uploads\\\/2019\\\/07\\\/ARTIGO_DE_OPINION_A_NOVA_PENEIRA.jpg\",\"articleSection\":[\"Artigos de opini\u00f3n\"],\"inLanguage\":\"gl-ES\",\"potentialAction\":[{\"@type\":\"CommentAction\",\"name\":\"Comment\",\"target\":[\"https:\\\/\\\/www.anovapeneira.gal\\\/index.php\\\/2025\\\/10\\\/24\\\/trump\\\/#respond\"]}]},{\"@type\":\"WebPage\",\"@id\":\"https:\\\/\\\/www.anovapeneira.gal\\\/index.php\\\/2025\\\/10\\\/24\\\/trump\\\/\",\"url\":\"https:\\\/\\\/www.anovapeneira.gal\\\/index.php\\\/2025\\\/10\\\/24\\\/trump\\\/\",\"name\":\"Trump -\",\"isPartOf\":{\"@id\":\"https:\\\/\\\/www.anovapeneira.gal\\\/#website\"},\"primaryImageOfPage\":{\"@id\":\"https:\\\/\\\/www.anovapeneira.gal\\\/index.php\\\/2025\\\/10\\\/24\\\/trump\\\/#primaryimage\"},\"image\":{\"@id\":\"https:\\\/\\\/www.anovapeneira.gal\\\/index.php\\\/2025\\\/10\\\/24\\\/trump\\\/#primaryimage\"},\"thumbnailUrl\":\"https:\\\/\\\/www.anovapeneira.gal\\\/wp-content\\\/uploads\\\/2019\\\/07\\\/ARTIGO_DE_OPINION_A_NOVA_PENEIRA.jpg\",\"datePublished\":\"2025-10-24T10:00:57+00:00\",\"breadcrumb\":{\"@id\":\"https:\\\/\\\/www.anovapeneira.gal\\\/index.php\\\/2025\\\/10\\\/24\\\/trump\\\/#breadcrumb\"},\"inLanguage\":\"gl-ES\",\"potentialAction\":[{\"@type\":\"ReadAction\",\"target\":[\"https:\\\/\\\/www.anovapeneira.gal\\\/index.php\\\/2025\\\/10\\\/24\\\/trump\\\/\"]}]},{\"@type\":\"ImageObject\",\"inLanguage\":\"gl-ES\",\"@id\":\"https:\\\/\\\/www.anovapeneira.gal\\\/index.php\\\/2025\\\/10\\\/24\\\/trump\\\/#primaryimage\",\"url\":\"https:\\\/\\\/www.anovapeneira.gal\\\/wp-content\\\/uploads\\\/2019\\\/07\\\/ARTIGO_DE_OPINION_A_NOVA_PENEIRA.jpg\",\"contentUrl\":\"https:\\\/\\\/www.anovapeneira.gal\\\/wp-content\\\/uploads\\\/2019\\\/07\\\/ARTIGO_DE_OPINION_A_NOVA_PENEIRA.jpg\",\"width\":720,\"height\":473,\"caption\":\"Artigo de opini\u00f3n A Nova Peneira\"},{\"@type\":\"BreadcrumbList\",\"@id\":\"https:\\\/\\\/www.anovapeneira.gal\\\/index.php\\\/2025\\\/10\\\/24\\\/trump\\\/#breadcrumb\",\"itemListElement\":[{\"@type\":\"ListItem\",\"position\":1,\"name\":\"Portada\",\"item\":\"https:\\\/\\\/www.anovapeneira.gal\\\/\"},{\"@type\":\"ListItem\",\"position\":2,\"name\":\"Trump\"}]},{\"@type\":\"WebSite\",\"@id\":\"https:\\\/\\\/www.anovapeneira.gal\\\/#website\",\"url\":\"https:\\\/\\\/www.anovapeneira.gal\\\/\",\"name\":\"\",\"description\":\"Xornal galego de informaci\u00f3n xeral Publicaci\u00f3n mensual de novas de Galicia e en especial dos Concellos da sur da provincia de Pontevedra.\",\"publisher\":{\"@id\":\"https:\\\/\\\/www.anovapeneira.gal\\\/#organization\"},\"potentialAction\":[{\"@type\":\"SearchAction\",\"target\":{\"@type\":\"EntryPoint\",\"urlTemplate\":\"https:\\\/\\\/www.anovapeneira.gal\\\/?s={search_term_string}\"},\"query-input\":{\"@type\":\"PropertyValueSpecification\",\"valueRequired\":true,\"valueName\":\"search_term_string\"}}],\"inLanguage\":\"gl-ES\"},{\"@type\":\"Organization\",\"@id\":\"https:\\\/\\\/www.anovapeneira.gal\\\/#organization\",\"name\":\"A Nova Peneira\",\"url\":\"https:\\\/\\\/www.anovapeneira.gal\\\/\",\"logo\":{\"@type\":\"ImageObject\",\"inLanguage\":\"gl-ES\",\"@id\":\"https:\\\/\\\/www.anovapeneira.gal\\\/#\\\/schema\\\/logo\\\/image\\\/\",\"url\":\"http:\\\/\\\/www.anovapeneira.gal\\\/wp-content\\\/uploads\\\/2019\\\/06\\\/logo_a_nova_peneira_portal_web.png\",\"contentUrl\":\"http:\\\/\\\/www.anovapeneira.gal\\\/wp-content\\\/uploads\\\/2019\\\/06\\\/logo_a_nova_peneira_portal_web.png\",\"width\":300,\"height\":100,\"caption\":\"A Nova Peneira\"},\"image\":{\"@id\":\"https:\\\/\\\/www.anovapeneira.gal\\\/#\\\/schema\\\/logo\\\/image\\\/\"},\"sameAs\":[\"https:\\\/\\\/www.facebook.com\\\/anovapeneira\",\"https:\\\/\\\/x.com\\\/APeneira\"]},{\"@type\":\"Person\",\"@id\":\"https:\\\/\\\/www.anovapeneira.gal\\\/#\\\/schema\\\/person\\\/d9d84823564720e7593293bab054e52d\",\"name\":\"Marcos Santos\",\"image\":{\"@type\":\"ImageObject\",\"inLanguage\":\"gl-ES\",\"@id\":\"https:\\\/\\\/secure.gravatar.com\\\/avatar\\\/0e8017099a7a47c0a9d2275e865fe326484561eb3d70649069e4b8e61a8d2e8c?s=96&d=mm&r=g\",\"url\":\"https:\\\/\\\/secure.gravatar.com\\\/avatar\\\/0e8017099a7a47c0a9d2275e865fe326484561eb3d70649069e4b8e61a8d2e8c?s=96&d=mm&r=g\",\"contentUrl\":\"https:\\\/\\\/secure.gravatar.com\\\/avatar\\\/0e8017099a7a47c0a9d2275e865fe326484561eb3d70649069e4b8e61a8d2e8c?s=96&d=mm&r=g\",\"caption\":\"Marcos Santos\"},\"sameAs\":[\"http:\\\/\\\/anovapeneira.gal\"],\"url\":\"https:\\\/\\\/www.anovapeneira.gal\\\/index.php\\\/author\\\/marcos-santos\\\/\"}]}<\/script>\n<!-- \/ Yoast SEO plugin. -->","yoast_head_json":{"title":"Trump -","robots":{"index":"index","follow":"follow","max-snippet":"max-snippet:-1","max-image-preview":"max-image-preview:large","max-video-preview":"max-video-preview:-1"},"canonical":"https:\/\/www.anovapeneira.gal\/index.php\/2025\/10\/24\/trump\/","og_locale":"gl_ES","og_type":"article","og_title":"Trump -","og_description":"O chamado \u201cproxecto de paz\u201d de Donald Trump para Gaza \u00e9 unha vergo\u00f1a hist\u00f3rica. Un insulto ao pobo palestino, unha demostraci\u00f3n obscena de cinismo e unha mostra de que o imperialismo estadounidense segue a pensar [...]","og_url":"https:\/\/www.anovapeneira.gal\/index.php\/2025\/10\/24\/trump\/","article_publisher":"https:\/\/www.facebook.com\/anovapeneira","article_published_time":"2025-10-24T10:00:57+00:00","og_image":[{"width":720,"height":473,"url":"https:\/\/www.anovapeneira.gal\/wp-content\/uploads\/2019\/07\/ARTIGO_DE_OPINION_A_NOVA_PENEIRA.jpg","type":"image\/jpeg"}],"author":"Marcos Santos","twitter_card":"summary_large_image","twitter_creator":"@APeneira","twitter_site":"@APeneira","twitter_misc":{"Escrito por":"Marcos Santos","Tempo de lectura":"4 minutos"},"schema":{"@context":"https:\/\/schema.org","@graph":[{"@type":"Article","@id":"https:\/\/www.anovapeneira.gal\/index.php\/2025\/10\/24\/trump\/#article","isPartOf":{"@id":"https:\/\/www.anovapeneira.gal\/index.php\/2025\/10\/24\/trump\/"},"author":{"name":"Marcos Santos","@id":"https:\/\/www.anovapeneira.gal\/#\/schema\/person\/d9d84823564720e7593293bab054e52d"},"headline":"Trump","datePublished":"2025-10-24T10:00:57+00:00","mainEntityOfPage":{"@id":"https:\/\/www.anovapeneira.gal\/index.php\/2025\/10\/24\/trump\/"},"wordCount":573,"commentCount":0,"publisher":{"@id":"https:\/\/www.anovapeneira.gal\/#organization"},"image":{"@id":"https:\/\/www.anovapeneira.gal\/index.php\/2025\/10\/24\/trump\/#primaryimage"},"thumbnailUrl":"https:\/\/www.anovapeneira.gal\/wp-content\/uploads\/2019\/07\/ARTIGO_DE_OPINION_A_NOVA_PENEIRA.jpg","articleSection":["Artigos de opini\u00f3n"],"inLanguage":"gl-ES","potentialAction":[{"@type":"CommentAction","name":"Comment","target":["https:\/\/www.anovapeneira.gal\/index.php\/2025\/10\/24\/trump\/#respond"]}]},{"@type":"WebPage","@id":"https:\/\/www.anovapeneira.gal\/index.php\/2025\/10\/24\/trump\/","url":"https:\/\/www.anovapeneira.gal\/index.php\/2025\/10\/24\/trump\/","name":"Trump -","isPartOf":{"@id":"https:\/\/www.anovapeneira.gal\/#website"},"primaryImageOfPage":{"@id":"https:\/\/www.anovapeneira.gal\/index.php\/2025\/10\/24\/trump\/#primaryimage"},"image":{"@id":"https:\/\/www.anovapeneira.gal\/index.php\/2025\/10\/24\/trump\/#primaryimage"},"thumbnailUrl":"https:\/\/www.anovapeneira.gal\/wp-content\/uploads\/2019\/07\/ARTIGO_DE_OPINION_A_NOVA_PENEIRA.jpg","datePublished":"2025-10-24T10:00:57+00:00","breadcrumb":{"@id":"https:\/\/www.anovapeneira.gal\/index.php\/2025\/10\/24\/trump\/#breadcrumb"},"inLanguage":"gl-ES","potentialAction":[{"@type":"ReadAction","target":["https:\/\/www.anovapeneira.gal\/index.php\/2025\/10\/24\/trump\/"]}]},{"@type":"ImageObject","inLanguage":"gl-ES","@id":"https:\/\/www.anovapeneira.gal\/index.php\/2025\/10\/24\/trump\/#primaryimage","url":"https:\/\/www.anovapeneira.gal\/wp-content\/uploads\/2019\/07\/ARTIGO_DE_OPINION_A_NOVA_PENEIRA.jpg","contentUrl":"https:\/\/www.anovapeneira.gal\/wp-content\/uploads\/2019\/07\/ARTIGO_DE_OPINION_A_NOVA_PENEIRA.jpg","width":720,"height":473,"caption":"Artigo de opini\u00f3n A Nova Peneira"},{"@type":"BreadcrumbList","@id":"https:\/\/www.anovapeneira.gal\/index.php\/2025\/10\/24\/trump\/#breadcrumb","itemListElement":[{"@type":"ListItem","position":1,"name":"Portada","item":"https:\/\/www.anovapeneira.gal\/"},{"@type":"ListItem","position":2,"name":"Trump"}]},{"@type":"WebSite","@id":"https:\/\/www.anovapeneira.gal\/#website","url":"https:\/\/www.anovapeneira.gal\/","name":"","description":"Xornal galego de informaci\u00f3n xeral Publicaci\u00f3n mensual de novas de Galicia e en especial dos Concellos da sur da provincia de Pontevedra.","publisher":{"@id":"https:\/\/www.anovapeneira.gal\/#organization"},"potentialAction":[{"@type":"SearchAction","target":{"@type":"EntryPoint","urlTemplate":"https:\/\/www.anovapeneira.gal\/?s={search_term_string}"},"query-input":{"@type":"PropertyValueSpecification","valueRequired":true,"valueName":"search_term_string"}}],"inLanguage":"gl-ES"},{"@type":"Organization","@id":"https:\/\/www.anovapeneira.gal\/#organization","name":"A Nova Peneira","url":"https:\/\/www.anovapeneira.gal\/","logo":{"@type":"ImageObject","inLanguage":"gl-ES","@id":"https:\/\/www.anovapeneira.gal\/#\/schema\/logo\/image\/","url":"http:\/\/www.anovapeneira.gal\/wp-content\/uploads\/2019\/06\/logo_a_nova_peneira_portal_web.png","contentUrl":"http:\/\/www.anovapeneira.gal\/wp-content\/uploads\/2019\/06\/logo_a_nova_peneira_portal_web.png","width":300,"height":100,"caption":"A Nova Peneira"},"image":{"@id":"https:\/\/www.anovapeneira.gal\/#\/schema\/logo\/image\/"},"sameAs":["https:\/\/www.facebook.com\/anovapeneira","https:\/\/x.com\/APeneira"]},{"@type":"Person","@id":"https:\/\/www.anovapeneira.gal\/#\/schema\/person\/d9d84823564720e7593293bab054e52d","name":"Marcos Santos","image":{"@type":"ImageObject","inLanguage":"gl-ES","@id":"https:\/\/secure.gravatar.com\/avatar\/0e8017099a7a47c0a9d2275e865fe326484561eb3d70649069e4b8e61a8d2e8c?s=96&d=mm&r=g","url":"https:\/\/secure.gravatar.com\/avatar\/0e8017099a7a47c0a9d2275e865fe326484561eb3d70649069e4b8e61a8d2e8c?s=96&d=mm&r=g","contentUrl":"https:\/\/secure.gravatar.com\/avatar\/0e8017099a7a47c0a9d2275e865fe326484561eb3d70649069e4b8e61a8d2e8c?s=96&d=mm&r=g","caption":"Marcos Santos"},"sameAs":["http:\/\/anovapeneira.gal"],"url":"https:\/\/www.anovapeneira.gal\/index.php\/author\/marcos-santos\/"}]}},"jetpack_featured_media_url":"https:\/\/www.anovapeneira.gal\/wp-content\/uploads\/2019\/07\/ARTIGO_DE_OPINION_A_NOVA_PENEIRA.jpg","_links":{"self":[{"href":"https:\/\/www.anovapeneira.gal\/index.php\/wp-json\/wp\/v2\/posts\/14841","targetHints":{"allow":["GET"]}}],"collection":[{"href":"https:\/\/www.anovapeneira.gal\/index.php\/wp-json\/wp\/v2\/posts"}],"about":[{"href":"https:\/\/www.anovapeneira.gal\/index.php\/wp-json\/wp\/v2\/types\/post"}],"author":[{"embeddable":true,"href":"https:\/\/www.anovapeneira.gal\/index.php\/wp-json\/wp\/v2\/users\/6"}],"replies":[{"embeddable":true,"href":"https:\/\/www.anovapeneira.gal\/index.php\/wp-json\/wp\/v2\/comments?post=14841"}],"version-history":[{"count":1,"href":"https:\/\/www.anovapeneira.gal\/index.php\/wp-json\/wp\/v2\/posts\/14841\/revisions"}],"predecessor-version":[{"id":14842,"href":"https:\/\/www.anovapeneira.gal\/index.php\/wp-json\/wp\/v2\/posts\/14841\/revisions\/14842"}],"wp:featuredmedia":[{"embeddable":true,"href":"https:\/\/www.anovapeneira.gal\/index.php\/wp-json\/wp\/v2\/media\/584"}],"wp:attachment":[{"href":"https:\/\/www.anovapeneira.gal\/index.php\/wp-json\/wp\/v2\/media?parent=14841"}],"wp:term":[{"taxonomy":"category","embeddable":true,"href":"https:\/\/www.anovapeneira.gal\/index.php\/wp-json\/wp\/v2\/categories?post=14841"},{"taxonomy":"post_tag","embeddable":true,"href":"https:\/\/www.anovapeneira.gal\/index.php\/wp-json\/wp\/v2\/tags?post=14841"}],"curies":[{"name":"wp","href":"https:\/\/api.w.org\/{rel}","templated":true}]}}