{"id":14843,"date":"2025-10-27T10:00:50","date_gmt":"2025-10-27T09:00:50","guid":{"rendered":"https:\/\/www.anovapeneira.gal\/?p=14843"},"modified":"2025-10-21T19:20:45","modified_gmt":"2025-10-21T17:20:45","slug":"non-perdamos-memoria","status":"publish","type":"post","link":"https:\/\/www.anovapeneira.gal\/index.php\/2025\/10\/27\/non-perdamos-memoria\/","title":{"rendered":"Non perdamos memoria"},"content":{"rendered":"\n<figure class=\"wp-block-image size-full is-resized\"><img loading=\"lazy\" decoding=\"async\" width=\"190\" height=\"222\" src=\"https:\/\/www.anovapeneira.gal\/wp-content\/uploads\/2019\/07\/Baldomero_Iglesias_Dobarrio_Mero.jpg\" alt=\"Baldomero Iglesias Dobarrio Mero artigos de opini\u00f3n A Nova Peneira\" class=\"wp-image-482\" style=\"width:104px;height:auto\"\/><figcaption class=\"wp-element-caption\">Baldomero Iglesias Dobarrio, Mero<\/figcaption><\/figure>\n\n\n\n<p>Hai cincuenta anos produc\u00edanse as \u00faltimas -que non derradeiras- mortes do franquismo. O 27 de setembro do 1975, dous meses antes da morte do ditador, cinco militantes do Frap -Fronte Revolucionaria Antifascista e Patriota- e da Eta son fusilados en Madrid, Barcelona e Burgos segundo condena dun \u201cconsello de guerra\u201d da xustiza militar omnipotente. Toda unha chea de irregularidades, anomal\u00edas, erros intencionados nos xu\u00edzos e na execuci\u00f3n, ao redor daqueles actos tan lamentables porque empregaron a xustiza militar para facer algo que non era xusto, ben o sab\u00edan. Foi unha chapuza coma tantas. Nese ano foron condenados en consello de guerra 252 civ\u00eds no medio desas faltas de criterio e de verdade.<\/p>\n\n\n\n<p>Mais aqueles que mataron non eran militares. Estaban acusados de matar ao polic\u00eda Lucio Rodr\u00edguez Mart\u00ednez e hab\u00eda que buscar culpables, fosen ou non, tivesen ou non algo que ver co asunto. Un dos acusados era \u00c1ngel Otaegui, de Eta, axustizado en Burgos. Mesmo no muro da morte repetiu que el non matara a ningu\u00e9n, pero dixeron que el fora \u201ccooperante necesario\u201d e hab\u00eda que matalo, dar escarmento social. Hab\u00eda que dar escarmento e de paso quedar como seres moi efectivos! As palabras todas, que a\u00ednda constan nos papeis, eran de vinganza. As\u00ed son os que matan dese xeito, ese \u00e9 o seu tratamento para sentenciar a morte. Pux\u00e9ronlle as esposas coll\u00e9ndolle as mans por atr\u00e1s, algu\u00e9n lle deu unha calada dun cigarro, ser\u00eda a \u00faltima. Os Mauser Coru\u00f1a, as\u00ed chamados os fus\u00eds, fixeron detonaci\u00f3n. El non fora, coinciden moitos en que fora Garmendia, Jos\u00e9 Antonio Garmedia Artola, el Tupa, anque hai un pauto de silencio no que todos se acollen, aquel ao que lle deran un tiro na cabeza e seica non era \u201cest\u00e9tico\u201d rematalo no pared\u00f3n e que rematou en cadeira de rodas apartado de todo.<\/p>\n\n\n\n<p>Eran tempos as\u00ed, o ditador ditaba e os demais cumpr\u00edan. Entre as 8,30 e as 10,15 do 27 de setembro, cinco activistas anti-franquistas pasaron polas armas dos pelot\u00f3ns correspondentes. Catro xulgados en consellos de guerra e c\u00f3digos militares dos anos de 1890, traiz\u00f3n, subversi\u00f3n, espionaxe, deserci\u00f3n, &#8230;as probas eran o de menos. O primeiro era ir ao caldeiro e xa no c\u00e1rcere, paus e todo tipo de agravios e desconsideraci\u00f3ns, torturas para conseguir confesi\u00f3n. Torturas na Porta do Sol da man daquel Billy el Ni\u00f1o, Antonio Gonz\u00e1lez Pacheco. Ou na V\u00eda Laietana de Barcelona onde o comisario Juli\u00e1n Gil Mesas, fac\u00eda abuso de todo. Non hab\u00eda clemencia. Ambos os dous inspectores de polic\u00eda acudir\u00edan traxados \u00e1s execuci\u00f3ns, a\u00ednda reco\u00f1ecendo que selles fora a man nos interrogatorios e que todos cantaran. Dous anos despois vir\u00eda a Lei de Amnist\u00eda para rematar co r\u00e9xime e abolir a pena capital.<\/p>\n\n\n\n<p>Do Frap eran Jos\u00e9 Humberto Baena de 25 anos (Vigo, 1950-1975), Jos\u00e9 Lu\u00eds S\u00e1nchez Bravo de 21 (Vigo 1954-1975) e Ram\u00f3n Garc\u00eda Sanz de 27 (Barcelona 1948-1975). Os outros dous eran Juan Paredes Manot -Txiqui- de 21 anos e \u00c1ngel Otaegui Etxeberria, de 33 anos, e que eran de Eta.<\/p>\n\n\n\n<p>Hoxe os xu\u00edzos, de acordo coa Lei de Memoria Democr\u00e1tica de 2022, consid\u00e9ranse ilegais e nulos, igual que as s\u00faas sentencias, anque non te\u00f1en dereito de reparaci\u00f3n econ\u00f3mica algunha. Deberan, \u00e9 cousa debida, quedar anulados e que algu\u00e9n explicara o por que da morte daqueles cinco rapaces e que se co\u00f1eza a verdade anque manche a moitos dem\u00f3cratas de \u201ctoda la vida\u201d. As\u00ed como a reparaci\u00f3n dos feitos do abuso.<\/p>\n\n\n\n<p>O desenvolvemento deste crime partiu do Pazo de Meir\u00e1s, residencia do ditador, un d\u00eda 22 de agosto do 75. Nun Consello de Ministros e sendo Arias Navarro que a probou o decreto-lei 10\/75 sobre prevenci\u00f3n do terrorismo que entrou en vigor cinco d\u00edas despois. Aumentaba penas e asignaba \u00e1 xurisdici\u00f3n militar as competencias mentres conclu\u00eda repartindo penas de morte coma churros, a\u00ednda sen probas.<\/p>\n\n\n\n<p>Algo a\u00ednda as\u00ed sucede hoxe, cando esas forzas ocultas inventan bandas armadas e encarceran a xente nova que non ten delito. Fano por supostas culpabilidades contrarias a dereito e \u00e1 presunci\u00f3n de inocencia. Si, son e foron presunci\u00f3ns de culpabilidade, feitas e ama\u00f1adas, para destru\u00edr a vida de quen te\u00f1en en sospeita e levan por exemplo unha lata de gasolina no maleteiro. Vinganzas e escarmentos que se notan especialmente cando non deixan presentar probas nin actuar debidamente a avogac\u00eda que os defende. Sucede cando aos poderes non lles importa o dereito e gozan do poder para poder inculpar. Sacan de lei antiterrorista e xa te\u00f1en cami\u00f1o aberto. Actos degradantes que po\u00f1en en d\u00fabida tantas cousas que coidabamos superadas, cando -seguimos a saber- as sentencias est\u00e1n previamente coci\u00f1adas. Residuos daquelas pr\u00e1cticas que a\u00ednda ecoan horrores e medos.<\/p>\n\n\n\n<p>Foron tempos daquel xu\u00edz de ultradereita, un tal Pascual Vidal Aznares, e que xa no 1974 mandara ao garrote vil ao militante anarquista Salvador Puig Antich con 25 anos. Tam\u00e9n coincidentes co comandante Francisco Muro e toda unha tropa inquisidora comandada polo capit\u00e1n xeral Salvador Ba\u00f1uls. Un espect\u00e1culo vergo\u00f1ento no que a\u00ednda se xulgan non persoas, sen\u00f3n patrias. Hab\u00eda que fusilalos a todos, sen dar tempo a reacci\u00f3ns internacionais e protestas, de prensa, sindicatos, diplomacias, &#8230;sen tempo sequera para o medo. Eles si, foron v\u00edctimas de terrorismo!.<\/p>\n\n\n\n<p><\/p>\n","protected":false},"excerpt":{"rendered":"<div class=\"mh-excerpt\"><p>Hai cincuenta anos produc\u00edanse as \u00faltimas -que non derradeiras- mortes do franquismo. O 27 de setembro do 1975, dous meses antes da morte do ditador, cinco militantes do Frap -Fronte Revolucionaria Antifascista e Patriota- e da Eta son fusilados en Madrid, Barcelona e Burgos segundo condena dun \u201cconsello de guerra\u201d da xustiza militar omnipotente <a class=\"mh-excerpt-more\" href=\"https:\/\/www.anovapeneira.gal\/index.php\/2025\/10\/27\/non-perdamos-memoria\/\" title=\"Non perdamos memoria\">[&#8230;]<\/a><\/p>\n<\/div>","protected":false},"author":5,"featured_media":584,"comment_status":"open","ping_status":"open","sticky":false,"template":"","format":"standard","meta":{"_exactmetrics_skip_tracking":false,"_exactmetrics_sitenote_active":false,"_exactmetrics_sitenote_note":"","_exactmetrics_sitenote_category":0,"footnotes":""},"categories":[7],"tags":[],"class_list":{"0":"post-14843","1":"post","2":"type-post","3":"status-publish","4":"format-standard","5":"has-post-thumbnail","7":"category-artigos-de-opinion"},"yoast_head":"<!-- This site is optimized with the Yoast SEO plugin v27.4 - https:\/\/yoast.com\/product\/yoast-seo-wordpress\/ -->\n<title>Non perdamos memoria -<\/title>\n<meta name=\"robots\" content=\"index, follow, max-snippet:-1, max-image-preview:large, max-video-preview:-1\" \/>\n<link rel=\"canonical\" href=\"https:\/\/www.anovapeneira.gal\/index.php\/2025\/10\/27\/non-perdamos-memoria\/\" \/>\n<meta property=\"og:locale\" content=\"gl_ES\" \/>\n<meta property=\"og:type\" content=\"article\" \/>\n<meta property=\"og:title\" content=\"Non perdamos memoria -\" \/>\n<meta property=\"og:description\" content=\"Hai cincuenta anos produc\u00edanse as \u00faltimas -que non derradeiras- mortes do franquismo. O 27 de setembro do 1975, dous meses antes da morte do ditador, cinco militantes do Frap -Fronte Revolucionaria Antifascista e Patriota- e da Eta son fusilados en Madrid, Barcelona e Burgos segundo condena dun \u201cconsello de guerra\u201d da xustiza militar omnipotente [...]\" \/>\n<meta property=\"og:url\" content=\"https:\/\/www.anovapeneira.gal\/index.php\/2025\/10\/27\/non-perdamos-memoria\/\" \/>\n<meta property=\"article:publisher\" content=\"https:\/\/www.facebook.com\/anovapeneira\" \/>\n<meta property=\"article:published_time\" content=\"2025-10-27T09:00:50+00:00\" \/>\n<meta property=\"og:image\" content=\"https:\/\/www.anovapeneira.gal\/wp-content\/uploads\/2019\/07\/ARTIGO_DE_OPINION_A_NOVA_PENEIRA.jpg\" \/>\n\t<meta property=\"og:image:width\" content=\"720\" \/>\n\t<meta property=\"og:image:height\" content=\"473\" \/>\n\t<meta property=\"og:image:type\" content=\"image\/jpeg\" \/>\n<meta name=\"author\" content=\"Baldomero Iglesias Dobarrio, Mero\" \/>\n<meta name=\"twitter:card\" content=\"summary_large_image\" \/>\n<meta name=\"twitter:creator\" content=\"@APeneira\" \/>\n<meta name=\"twitter:site\" content=\"@APeneira\" \/>\n<meta name=\"twitter:label1\" content=\"Escrito por\" \/>\n\t<meta name=\"twitter:data1\" content=\"Baldomero Iglesias Dobarrio, Mero\" \/>\n\t<meta name=\"twitter:label2\" content=\"Tempo de lectura\" \/>\n\t<meta name=\"twitter:data2\" content=\"6 minutos\" \/>\n<script type=\"application\/ld+json\" class=\"yoast-schema-graph\">{\"@context\":\"https:\\\/\\\/schema.org\",\"@graph\":[{\"@type\":\"Article\",\"@id\":\"https:\\\/\\\/www.anovapeneira.gal\\\/index.php\\\/2025\\\/10\\\/27\\\/non-perdamos-memoria\\\/#article\",\"isPartOf\":{\"@id\":\"https:\\\/\\\/www.anovapeneira.gal\\\/index.php\\\/2025\\\/10\\\/27\\\/non-perdamos-memoria\\\/\"},\"author\":{\"name\":\"Baldomero Iglesias Dobarrio, Mero\",\"@id\":\"https:\\\/\\\/www.anovapeneira.gal\\\/#\\\/schema\\\/person\\\/b051ed40cfc100e281476674783b32fc\"},\"headline\":\"Non perdamos memoria\",\"datePublished\":\"2025-10-27T09:00:50+00:00\",\"mainEntityOfPage\":{\"@id\":\"https:\\\/\\\/www.anovapeneira.gal\\\/index.php\\\/2025\\\/10\\\/27\\\/non-perdamos-memoria\\\/\"},\"wordCount\":934,\"commentCount\":0,\"publisher\":{\"@id\":\"https:\\\/\\\/www.anovapeneira.gal\\\/#organization\"},\"image\":{\"@id\":\"https:\\\/\\\/www.anovapeneira.gal\\\/index.php\\\/2025\\\/10\\\/27\\\/non-perdamos-memoria\\\/#primaryimage\"},\"thumbnailUrl\":\"https:\\\/\\\/www.anovapeneira.gal\\\/wp-content\\\/uploads\\\/2019\\\/07\\\/ARTIGO_DE_OPINION_A_NOVA_PENEIRA.jpg\",\"articleSection\":[\"Artigos de opini\u00f3n\"],\"inLanguage\":\"gl-ES\",\"potentialAction\":[{\"@type\":\"CommentAction\",\"name\":\"Comment\",\"target\":[\"https:\\\/\\\/www.anovapeneira.gal\\\/index.php\\\/2025\\\/10\\\/27\\\/non-perdamos-memoria\\\/#respond\"]}]},{\"@type\":\"WebPage\",\"@id\":\"https:\\\/\\\/www.anovapeneira.gal\\\/index.php\\\/2025\\\/10\\\/27\\\/non-perdamos-memoria\\\/\",\"url\":\"https:\\\/\\\/www.anovapeneira.gal\\\/index.php\\\/2025\\\/10\\\/27\\\/non-perdamos-memoria\\\/\",\"name\":\"Non perdamos memoria -\",\"isPartOf\":{\"@id\":\"https:\\\/\\\/www.anovapeneira.gal\\\/#website\"},\"primaryImageOfPage\":{\"@id\":\"https:\\\/\\\/www.anovapeneira.gal\\\/index.php\\\/2025\\\/10\\\/27\\\/non-perdamos-memoria\\\/#primaryimage\"},\"image\":{\"@id\":\"https:\\\/\\\/www.anovapeneira.gal\\\/index.php\\\/2025\\\/10\\\/27\\\/non-perdamos-memoria\\\/#primaryimage\"},\"thumbnailUrl\":\"https:\\\/\\\/www.anovapeneira.gal\\\/wp-content\\\/uploads\\\/2019\\\/07\\\/ARTIGO_DE_OPINION_A_NOVA_PENEIRA.jpg\",\"datePublished\":\"2025-10-27T09:00:50+00:00\",\"breadcrumb\":{\"@id\":\"https:\\\/\\\/www.anovapeneira.gal\\\/index.php\\\/2025\\\/10\\\/27\\\/non-perdamos-memoria\\\/#breadcrumb\"},\"inLanguage\":\"gl-ES\",\"potentialAction\":[{\"@type\":\"ReadAction\",\"target\":[\"https:\\\/\\\/www.anovapeneira.gal\\\/index.php\\\/2025\\\/10\\\/27\\\/non-perdamos-memoria\\\/\"]}]},{\"@type\":\"ImageObject\",\"inLanguage\":\"gl-ES\",\"@id\":\"https:\\\/\\\/www.anovapeneira.gal\\\/index.php\\\/2025\\\/10\\\/27\\\/non-perdamos-memoria\\\/#primaryimage\",\"url\":\"https:\\\/\\\/www.anovapeneira.gal\\\/wp-content\\\/uploads\\\/2019\\\/07\\\/ARTIGO_DE_OPINION_A_NOVA_PENEIRA.jpg\",\"contentUrl\":\"https:\\\/\\\/www.anovapeneira.gal\\\/wp-content\\\/uploads\\\/2019\\\/07\\\/ARTIGO_DE_OPINION_A_NOVA_PENEIRA.jpg\",\"width\":720,\"height\":473,\"caption\":\"Artigo de opini\u00f3n A Nova Peneira\"},{\"@type\":\"BreadcrumbList\",\"@id\":\"https:\\\/\\\/www.anovapeneira.gal\\\/index.php\\\/2025\\\/10\\\/27\\\/non-perdamos-memoria\\\/#breadcrumb\",\"itemListElement\":[{\"@type\":\"ListItem\",\"position\":1,\"name\":\"Portada\",\"item\":\"https:\\\/\\\/www.anovapeneira.gal\\\/\"},{\"@type\":\"ListItem\",\"position\":2,\"name\":\"Non perdamos memoria\"}]},{\"@type\":\"WebSite\",\"@id\":\"https:\\\/\\\/www.anovapeneira.gal\\\/#website\",\"url\":\"https:\\\/\\\/www.anovapeneira.gal\\\/\",\"name\":\"\",\"description\":\"Xornal galego de informaci\u00f3n xeral Publicaci\u00f3n mensual de novas de Galicia e en especial dos Concellos da sur da provincia de Pontevedra.\",\"publisher\":{\"@id\":\"https:\\\/\\\/www.anovapeneira.gal\\\/#organization\"},\"potentialAction\":[{\"@type\":\"SearchAction\",\"target\":{\"@type\":\"EntryPoint\",\"urlTemplate\":\"https:\\\/\\\/www.anovapeneira.gal\\\/?s={search_term_string}\"},\"query-input\":{\"@type\":\"PropertyValueSpecification\",\"valueRequired\":true,\"valueName\":\"search_term_string\"}}],\"inLanguage\":\"gl-ES\"},{\"@type\":\"Organization\",\"@id\":\"https:\\\/\\\/www.anovapeneira.gal\\\/#organization\",\"name\":\"A Nova Peneira\",\"url\":\"https:\\\/\\\/www.anovapeneira.gal\\\/\",\"logo\":{\"@type\":\"ImageObject\",\"inLanguage\":\"gl-ES\",\"@id\":\"https:\\\/\\\/www.anovapeneira.gal\\\/#\\\/schema\\\/logo\\\/image\\\/\",\"url\":\"http:\\\/\\\/www.anovapeneira.gal\\\/wp-content\\\/uploads\\\/2019\\\/06\\\/logo_a_nova_peneira_portal_web.png\",\"contentUrl\":\"http:\\\/\\\/www.anovapeneira.gal\\\/wp-content\\\/uploads\\\/2019\\\/06\\\/logo_a_nova_peneira_portal_web.png\",\"width\":300,\"height\":100,\"caption\":\"A Nova Peneira\"},\"image\":{\"@id\":\"https:\\\/\\\/www.anovapeneira.gal\\\/#\\\/schema\\\/logo\\\/image\\\/\"},\"sameAs\":[\"https:\\\/\\\/www.facebook.com\\\/anovapeneira\",\"https:\\\/\\\/x.com\\\/APeneira\"]},{\"@type\":\"Person\",\"@id\":\"https:\\\/\\\/www.anovapeneira.gal\\\/#\\\/schema\\\/person\\\/b051ed40cfc100e281476674783b32fc\",\"name\":\"Baldomero Iglesias Dobarrio, Mero\",\"image\":{\"@type\":\"ImageObject\",\"inLanguage\":\"gl-ES\",\"@id\":\"https:\\\/\\\/secure.gravatar.com\\\/avatar\\\/ca78fc089f8cf28197f88de2c9ac213e2f7d2097d8e359d9359b8778b539c59d?s=96&d=mm&r=g\",\"url\":\"https:\\\/\\\/secure.gravatar.com\\\/avatar\\\/ca78fc089f8cf28197f88de2c9ac213e2f7d2097d8e359d9359b8778b539c59d?s=96&d=mm&r=g\",\"contentUrl\":\"https:\\\/\\\/secure.gravatar.com\\\/avatar\\\/ca78fc089f8cf28197f88de2c9ac213e2f7d2097d8e359d9359b8778b539c59d?s=96&d=mm&r=g\",\"caption\":\"Baldomero Iglesias Dobarrio, Mero\"},\"sameAs\":[\"http:\\\/\\\/anovapeneira.gal\"],\"url\":\"https:\\\/\\\/www.anovapeneira.gal\\\/index.php\\\/author\\\/opinionmero\\\/\"}]}<\/script>\n<!-- \/ Yoast SEO plugin. -->","yoast_head_json":{"title":"Non perdamos memoria -","robots":{"index":"index","follow":"follow","max-snippet":"max-snippet:-1","max-image-preview":"max-image-preview:large","max-video-preview":"max-video-preview:-1"},"canonical":"https:\/\/www.anovapeneira.gal\/index.php\/2025\/10\/27\/non-perdamos-memoria\/","og_locale":"gl_ES","og_type":"article","og_title":"Non perdamos memoria -","og_description":"Hai cincuenta anos produc\u00edanse as \u00faltimas -que non derradeiras- mortes do franquismo. O 27 de setembro do 1975, dous meses antes da morte do ditador, cinco militantes do Frap -Fronte Revolucionaria Antifascista e Patriota- e da Eta son fusilados en Madrid, Barcelona e Burgos segundo condena dun \u201cconsello de guerra\u201d da xustiza militar omnipotente [...]","og_url":"https:\/\/www.anovapeneira.gal\/index.php\/2025\/10\/27\/non-perdamos-memoria\/","article_publisher":"https:\/\/www.facebook.com\/anovapeneira","article_published_time":"2025-10-27T09:00:50+00:00","og_image":[{"width":720,"height":473,"url":"https:\/\/www.anovapeneira.gal\/wp-content\/uploads\/2019\/07\/ARTIGO_DE_OPINION_A_NOVA_PENEIRA.jpg","type":"image\/jpeg"}],"author":"Baldomero Iglesias Dobarrio, Mero","twitter_card":"summary_large_image","twitter_creator":"@APeneira","twitter_site":"@APeneira","twitter_misc":{"Escrito por":"Baldomero Iglesias Dobarrio, Mero","Tempo de lectura":"6 minutos"},"schema":{"@context":"https:\/\/schema.org","@graph":[{"@type":"Article","@id":"https:\/\/www.anovapeneira.gal\/index.php\/2025\/10\/27\/non-perdamos-memoria\/#article","isPartOf":{"@id":"https:\/\/www.anovapeneira.gal\/index.php\/2025\/10\/27\/non-perdamos-memoria\/"},"author":{"name":"Baldomero Iglesias Dobarrio, Mero","@id":"https:\/\/www.anovapeneira.gal\/#\/schema\/person\/b051ed40cfc100e281476674783b32fc"},"headline":"Non perdamos memoria","datePublished":"2025-10-27T09:00:50+00:00","mainEntityOfPage":{"@id":"https:\/\/www.anovapeneira.gal\/index.php\/2025\/10\/27\/non-perdamos-memoria\/"},"wordCount":934,"commentCount":0,"publisher":{"@id":"https:\/\/www.anovapeneira.gal\/#organization"},"image":{"@id":"https:\/\/www.anovapeneira.gal\/index.php\/2025\/10\/27\/non-perdamos-memoria\/#primaryimage"},"thumbnailUrl":"https:\/\/www.anovapeneira.gal\/wp-content\/uploads\/2019\/07\/ARTIGO_DE_OPINION_A_NOVA_PENEIRA.jpg","articleSection":["Artigos de opini\u00f3n"],"inLanguage":"gl-ES","potentialAction":[{"@type":"CommentAction","name":"Comment","target":["https:\/\/www.anovapeneira.gal\/index.php\/2025\/10\/27\/non-perdamos-memoria\/#respond"]}]},{"@type":"WebPage","@id":"https:\/\/www.anovapeneira.gal\/index.php\/2025\/10\/27\/non-perdamos-memoria\/","url":"https:\/\/www.anovapeneira.gal\/index.php\/2025\/10\/27\/non-perdamos-memoria\/","name":"Non perdamos memoria -","isPartOf":{"@id":"https:\/\/www.anovapeneira.gal\/#website"},"primaryImageOfPage":{"@id":"https:\/\/www.anovapeneira.gal\/index.php\/2025\/10\/27\/non-perdamos-memoria\/#primaryimage"},"image":{"@id":"https:\/\/www.anovapeneira.gal\/index.php\/2025\/10\/27\/non-perdamos-memoria\/#primaryimage"},"thumbnailUrl":"https:\/\/www.anovapeneira.gal\/wp-content\/uploads\/2019\/07\/ARTIGO_DE_OPINION_A_NOVA_PENEIRA.jpg","datePublished":"2025-10-27T09:00:50+00:00","breadcrumb":{"@id":"https:\/\/www.anovapeneira.gal\/index.php\/2025\/10\/27\/non-perdamos-memoria\/#breadcrumb"},"inLanguage":"gl-ES","potentialAction":[{"@type":"ReadAction","target":["https:\/\/www.anovapeneira.gal\/index.php\/2025\/10\/27\/non-perdamos-memoria\/"]}]},{"@type":"ImageObject","inLanguage":"gl-ES","@id":"https:\/\/www.anovapeneira.gal\/index.php\/2025\/10\/27\/non-perdamos-memoria\/#primaryimage","url":"https:\/\/www.anovapeneira.gal\/wp-content\/uploads\/2019\/07\/ARTIGO_DE_OPINION_A_NOVA_PENEIRA.jpg","contentUrl":"https:\/\/www.anovapeneira.gal\/wp-content\/uploads\/2019\/07\/ARTIGO_DE_OPINION_A_NOVA_PENEIRA.jpg","width":720,"height":473,"caption":"Artigo de opini\u00f3n A Nova Peneira"},{"@type":"BreadcrumbList","@id":"https:\/\/www.anovapeneira.gal\/index.php\/2025\/10\/27\/non-perdamos-memoria\/#breadcrumb","itemListElement":[{"@type":"ListItem","position":1,"name":"Portada","item":"https:\/\/www.anovapeneira.gal\/"},{"@type":"ListItem","position":2,"name":"Non perdamos memoria"}]},{"@type":"WebSite","@id":"https:\/\/www.anovapeneira.gal\/#website","url":"https:\/\/www.anovapeneira.gal\/","name":"","description":"Xornal galego de informaci\u00f3n xeral Publicaci\u00f3n mensual de novas de Galicia e en especial dos Concellos da sur da provincia de Pontevedra.","publisher":{"@id":"https:\/\/www.anovapeneira.gal\/#organization"},"potentialAction":[{"@type":"SearchAction","target":{"@type":"EntryPoint","urlTemplate":"https:\/\/www.anovapeneira.gal\/?s={search_term_string}"},"query-input":{"@type":"PropertyValueSpecification","valueRequired":true,"valueName":"search_term_string"}}],"inLanguage":"gl-ES"},{"@type":"Organization","@id":"https:\/\/www.anovapeneira.gal\/#organization","name":"A Nova Peneira","url":"https:\/\/www.anovapeneira.gal\/","logo":{"@type":"ImageObject","inLanguage":"gl-ES","@id":"https:\/\/www.anovapeneira.gal\/#\/schema\/logo\/image\/","url":"http:\/\/www.anovapeneira.gal\/wp-content\/uploads\/2019\/06\/logo_a_nova_peneira_portal_web.png","contentUrl":"http:\/\/www.anovapeneira.gal\/wp-content\/uploads\/2019\/06\/logo_a_nova_peneira_portal_web.png","width":300,"height":100,"caption":"A Nova Peneira"},"image":{"@id":"https:\/\/www.anovapeneira.gal\/#\/schema\/logo\/image\/"},"sameAs":["https:\/\/www.facebook.com\/anovapeneira","https:\/\/x.com\/APeneira"]},{"@type":"Person","@id":"https:\/\/www.anovapeneira.gal\/#\/schema\/person\/b051ed40cfc100e281476674783b32fc","name":"Baldomero Iglesias Dobarrio, Mero","image":{"@type":"ImageObject","inLanguage":"gl-ES","@id":"https:\/\/secure.gravatar.com\/avatar\/ca78fc089f8cf28197f88de2c9ac213e2f7d2097d8e359d9359b8778b539c59d?s=96&d=mm&r=g","url":"https:\/\/secure.gravatar.com\/avatar\/ca78fc089f8cf28197f88de2c9ac213e2f7d2097d8e359d9359b8778b539c59d?s=96&d=mm&r=g","contentUrl":"https:\/\/secure.gravatar.com\/avatar\/ca78fc089f8cf28197f88de2c9ac213e2f7d2097d8e359d9359b8778b539c59d?s=96&d=mm&r=g","caption":"Baldomero Iglesias Dobarrio, Mero"},"sameAs":["http:\/\/anovapeneira.gal"],"url":"https:\/\/www.anovapeneira.gal\/index.php\/author\/opinionmero\/"}]}},"jetpack_featured_media_url":"https:\/\/www.anovapeneira.gal\/wp-content\/uploads\/2019\/07\/ARTIGO_DE_OPINION_A_NOVA_PENEIRA.jpg","_links":{"self":[{"href":"https:\/\/www.anovapeneira.gal\/index.php\/wp-json\/wp\/v2\/posts\/14843","targetHints":{"allow":["GET"]}}],"collection":[{"href":"https:\/\/www.anovapeneira.gal\/index.php\/wp-json\/wp\/v2\/posts"}],"about":[{"href":"https:\/\/www.anovapeneira.gal\/index.php\/wp-json\/wp\/v2\/types\/post"}],"author":[{"embeddable":true,"href":"https:\/\/www.anovapeneira.gal\/index.php\/wp-json\/wp\/v2\/users\/5"}],"replies":[{"embeddable":true,"href":"https:\/\/www.anovapeneira.gal\/index.php\/wp-json\/wp\/v2\/comments?post=14843"}],"version-history":[{"count":1,"href":"https:\/\/www.anovapeneira.gal\/index.php\/wp-json\/wp\/v2\/posts\/14843\/revisions"}],"predecessor-version":[{"id":14844,"href":"https:\/\/www.anovapeneira.gal\/index.php\/wp-json\/wp\/v2\/posts\/14843\/revisions\/14844"}],"wp:featuredmedia":[{"embeddable":true,"href":"https:\/\/www.anovapeneira.gal\/index.php\/wp-json\/wp\/v2\/media\/584"}],"wp:attachment":[{"href":"https:\/\/www.anovapeneira.gal\/index.php\/wp-json\/wp\/v2\/media?parent=14843"}],"wp:term":[{"taxonomy":"category","embeddable":true,"href":"https:\/\/www.anovapeneira.gal\/index.php\/wp-json\/wp\/v2\/categories?post=14843"},{"taxonomy":"post_tag","embeddable":true,"href":"https:\/\/www.anovapeneira.gal\/index.php\/wp-json\/wp\/v2\/tags?post=14843"}],"curies":[{"name":"wp","href":"https:\/\/api.w.org\/{rel}","templated":true}]}}