{"id":14848,"date":"2025-10-28T10:00:40","date_gmt":"2025-10-28T09:00:40","guid":{"rendered":"https:\/\/www.anovapeneira.gal\/?p=14848"},"modified":"2025-10-21T20:08:33","modified_gmt":"2025-10-21T18:08:33","slug":"a-memoria-arrepiante-das-portas-do-horror-en-camposancos","status":"publish","type":"post","link":"https:\/\/www.anovapeneira.gal\/index.php\/2025\/10\/28\/a-memoria-arrepiante-das-portas-do-horror-en-camposancos\/","title":{"rendered":"A memoria arrepiante das portas do horror en Camposancos"},"content":{"rendered":"\n<pre class=\"wp-block-verse\">Helena Pousa<\/pre>\n\n\n\n<p>Estes d\u00edas, na Casa Cultural da Comunidade de Montes de Camposancos, poden ver unha exposici\u00f3n sobre o Campo de Concentraci\u00f3n de Camposancos. Nesta exposici\u00f3n titulada <em>As Portas do Horror<\/em>, financiada polo Ministerio de Memoria Democr\u00e1tica, poden co\u00f1ecer o estarrecedor uso dado ao antigo colexio Apostol Santiago dos xesu\u00edtas, cuxa fermosa fachada branca olla a foz do Mi\u00f1o e Caminha, ao p\u00e9 do cais onde atracaba o pailebote de Manoel Antonio da familia Candeira. O edificio que malamente resiste o paso do tempo foi nos seus inicios un colexio, m\u00e1is ben a primeira universidade privada de Espa\u00f1a. Al\u00ed deu aulas, entre outros, o co\u00f1ecido Baltasar Merino investigador da flora de Galicia, ou das plantas raras da zona do Baixo Mi\u00f1o, ou do estudo das borrascas que tantas vidas de mari\u00f1eiros salvou na Guarda. Al\u00ed estudaron Ram\u00f3n Mar\u00eda Aller e outras figuras importantes como o pol\u00edtico Portela Valladares, Ant\u00f3n Losada Di\u00e9guez ou o m\u00e9dico de Tui, Alejo Diz Jurado, asasinado no 36. A partir de 1916, cando se trasladaron a Vigo, pasou a mans dos xesu\u00edtas portugueses, expulsados de Portugal, e aqu\u00ed veu estudar Manoel de Oliveira onde quizais comezou a desenvolver a s\u00faa paix\u00f3n polo cinema.<\/p>\n\n\n\n<p>Na II Rep\u00fablica os xesu\u00edtas portugueses foron expulsados e o edificio pasou a ser usado como sanatorio ata que desde agosto de 1937 ata finais de 1939 funcionou como Campo de Concentraci\u00f3n. Desde ent\u00f3n, ata 1941 foi prisi\u00f3n. Este fermoso lugar os fascistas transform\u00e1rono nun campo de exterminio a medida que o foron enchendo con m\u00e1is prisioneiros dos que al\u00ed cab\u00edan. Est\u00edmase que neses anos do terror pasaron por al\u00ed mais de 5.000 presos e presas, a\u00ednda que segundo os informes iniciais s\u00f3 ti\u00f1a capacidade para 800. A este lugar chegan sobre todo asturianos e leoneses a partir de outubro de 1937 ao caer a fronte de Asturias. Moitas das persoas que tentaron fuxir en barcos son apresados e conducidos a Ribadeo e logo a Baiona, e desde al\u00ed en furgonetas a Camposancos. Un deses barcos foi o <em>Arichachu<\/em> en el trasladaron a moitos detidos desde Ribadeo, tal como relata o escritor Lu\u00eds \u00c1lvarez Pi\u00f1er. Entre os presos tam\u00e9n \u00edan moitas mulleres, unhas 180, algunhas con nenos e outras embarazadas, que pariron nese inferno de Camposancos nos fr\u00edos meses do outono. Delas pouco se sabe porque permaneceron pouco tempo no campo.<\/p>\n\n\n\n<p>Os presos non os encerraban na parte que d\u00e1 \u00e1 fachada principal. Non, amonto\u00e1banos nas dependencias traseiras e entr\u00e1base por un portal que Uris Guisante e V\u00edctor Santidri\u00e1n denominaron como \u2018a porta do inferno\u2019. Hoxe todo o edificio est\u00e1 en ru\u00ednas e non se sabe que usos ter\u00e1 no futuro, pero os da Asociaci\u00f3n RMH do Campo de Concentraci\u00f3n de Camposancos e Fosa de Sest\u00e1s queren que se declare Lugar da Memoria. Algo naturalmente imprescindible por ser un dos Campos de Concentraci\u00f3n m\u00e1is relevantes na historia da represi\u00f3n en Galicia e de Espa\u00f1a.<\/p>\n\n\n\n<p>A Exposici\u00f3n percorre a trav\u00e9s dos paineis varias cuesti\u00f3ns relacionadas coa memoria do lugar. Comeza con un v\u00eddeo no que comentan algunhas cuesti\u00f3ns relativas \u00e1 historia do campo de concentraci\u00f3n. Entre todas elas, chaman a atenci\u00f3n as historias lembradas por Josefina Rodr\u00edguez, quen con m\u00e1is de 90 anos relata lucidamente como \u00edan axudar aos presos e a lavarlles a roupa e como eran testemu\u00f1as dos maltratos que recib\u00edan. Estas nenas lavandeiras con coraxe serviron de apoio afectivo a aqueles presos que botaban de menos as s\u00faas fillas e abraz\u00e1banas para sentir dalgunha maneira o calor paternal. Outro dos paineis est\u00e1 dedicado \u00e1s mulleres represaliadas como Concha Andr\u00e9s encarcerada en Tui por ser esposa de Manuel Dom\u00ednguez, que foi trasladado a Camposancos para cumprir a condena imposta, ou a Avelina V\u00e1zquez que se namorou dun preso e casaron.<\/p>\n\n\n\n<p>Nos diferentes paneis vannos relatando tristes historias ocorridas neste c\u00e1rcere, e \u00e1s veces coa axuda du QR podemos ampliar a informaci\u00f3n. Nuns<em> <\/em>explican a historia do edificio que foi reconvertido no denominado por B. Sotelino como o \u2018Mauthausen da Guarda\u2019, nun artigo sobre do interensant\u00edsimo documental <em>Memorial de Camposancos.<\/em><\/p>\n","protected":false},"excerpt":{"rendered":"<div class=\"mh-excerpt\"><p>Estes d\u00edas, na Casa Cultural da Comunidade de Montes de Camposancos, poden ver unha exposici\u00f3n sobre o Campo de Concentraci\u00f3n de Camposancos <a class=\"mh-excerpt-more\" href=\"https:\/\/www.anovapeneira.gal\/index.php\/2025\/10\/28\/a-memoria-arrepiante-das-portas-do-horror-en-camposancos\/\" title=\"A memoria arrepiante das portas do horror en Camposancos\">[&#8230;]<\/a><\/p>\n<\/div>","protected":false},"author":12,"featured_media":14849,"comment_status":"open","ping_status":"open","sticky":false,"template":"","format":"standard","meta":{"_exactmetrics_skip_tracking":false,"_exactmetrics_sitenote_active":false,"_exactmetrics_sitenote_note":"","_exactmetrics_sitenote_category":0,"footnotes":""},"categories":[21],"tags":[1157],"class_list":{"0":"post-14848","1":"post","2":"type-post","3":"status-publish","4":"format-standard","5":"has-post-thumbnail","7":"category-baixo-mino","8":"tag-concello-de-a-guarda"},"yoast_head":"<!-- This site is optimized with the Yoast SEO plugin v27.4 - https:\/\/yoast.com\/product\/yoast-seo-wordpress\/ -->\n<title>A memoria arrepiante das portas do horror en Camposancos -<\/title>\n<meta name=\"robots\" content=\"index, follow, max-snippet:-1, max-image-preview:large, max-video-preview:-1\" \/>\n<link rel=\"canonical\" href=\"https:\/\/www.anovapeneira.gal\/index.php\/2025\/10\/28\/a-memoria-arrepiante-das-portas-do-horror-en-camposancos\/\" \/>\n<meta property=\"og:locale\" content=\"gl_ES\" \/>\n<meta property=\"og:type\" content=\"article\" \/>\n<meta property=\"og:title\" content=\"A memoria arrepiante das portas do horror en Camposancos -\" \/>\n<meta property=\"og:description\" content=\"Estes d\u00edas, na Casa Cultural da Comunidade de Montes de Camposancos, poden ver unha exposici\u00f3n sobre o Campo de Concentraci\u00f3n de Camposancos [...]\" \/>\n<meta property=\"og:url\" content=\"https:\/\/www.anovapeneira.gal\/index.php\/2025\/10\/28\/a-memoria-arrepiante-das-portas-do-horror-en-camposancos\/\" \/>\n<meta property=\"article:publisher\" content=\"https:\/\/www.facebook.com\/anovapeneira\" \/>\n<meta property=\"article:published_time\" content=\"2025-10-28T09:00:40+00:00\" \/>\n<meta property=\"og:image\" content=\"https:\/\/www.anovapeneira.gal\/wp-content\/uploads\/2025\/10\/memoria_Camposancos.jpg\" \/>\n\t<meta property=\"og:image:width\" content=\"720\" \/>\n\t<meta property=\"og:image:height\" content=\"432\" \/>\n\t<meta property=\"og:image:type\" content=\"image\/jpeg\" \/>\n<meta name=\"author\" content=\"Artigos Opini\u00f3n\" \/>\n<meta name=\"twitter:card\" content=\"summary_large_image\" \/>\n<meta name=\"twitter:creator\" content=\"@APeneira\" \/>\n<meta name=\"twitter:site\" content=\"@APeneira\" \/>\n<meta name=\"twitter:label1\" content=\"Escrito por\" \/>\n\t<meta name=\"twitter:data1\" content=\"Artigos Opini\u00f3n\" \/>\n\t<meta name=\"twitter:label2\" content=\"Tempo de lectura\" \/>\n\t<meta name=\"twitter:data2\" content=\"4 minutos\" \/>\n<script type=\"application\/ld+json\" class=\"yoast-schema-graph\">{\"@context\":\"https:\\\/\\\/schema.org\",\"@graph\":[{\"@type\":\"Article\",\"@id\":\"https:\\\/\\\/www.anovapeneira.gal\\\/index.php\\\/2025\\\/10\\\/28\\\/a-memoria-arrepiante-das-portas-do-horror-en-camposancos\\\/#article\",\"isPartOf\":{\"@id\":\"https:\\\/\\\/www.anovapeneira.gal\\\/index.php\\\/2025\\\/10\\\/28\\\/a-memoria-arrepiante-das-portas-do-horror-en-camposancos\\\/\"},\"author\":{\"name\":\"Artigos Opini\u00f3n\",\"@id\":\"https:\\\/\\\/www.anovapeneira.gal\\\/#\\\/schema\\\/person\\\/f18a4feb302e8f20bcef4490b5b60bb3\"},\"headline\":\"A memoria arrepiante das portas do horror en Camposancos\",\"datePublished\":\"2025-10-28T09:00:40+00:00\",\"mainEntityOfPage\":{\"@id\":\"https:\\\/\\\/www.anovapeneira.gal\\\/index.php\\\/2025\\\/10\\\/28\\\/a-memoria-arrepiante-das-portas-do-horror-en-camposancos\\\/\"},\"wordCount\":730,\"commentCount\":0,\"publisher\":{\"@id\":\"https:\\\/\\\/www.anovapeneira.gal\\\/#organization\"},\"image\":{\"@id\":\"https:\\\/\\\/www.anovapeneira.gal\\\/index.php\\\/2025\\\/10\\\/28\\\/a-memoria-arrepiante-das-portas-do-horror-en-camposancos\\\/#primaryimage\"},\"thumbnailUrl\":\"https:\\\/\\\/www.anovapeneira.gal\\\/wp-content\\\/uploads\\\/2025\\\/10\\\/memoria_Camposancos.jpg\",\"keywords\":[\"Concello de A Guarda\"],\"articleSection\":[\"Baixo Mi\u00f1o\"],\"inLanguage\":\"gl-ES\",\"potentialAction\":[{\"@type\":\"CommentAction\",\"name\":\"Comment\",\"target\":[\"https:\\\/\\\/www.anovapeneira.gal\\\/index.php\\\/2025\\\/10\\\/28\\\/a-memoria-arrepiante-das-portas-do-horror-en-camposancos\\\/#respond\"]}]},{\"@type\":\"WebPage\",\"@id\":\"https:\\\/\\\/www.anovapeneira.gal\\\/index.php\\\/2025\\\/10\\\/28\\\/a-memoria-arrepiante-das-portas-do-horror-en-camposancos\\\/\",\"url\":\"https:\\\/\\\/www.anovapeneira.gal\\\/index.php\\\/2025\\\/10\\\/28\\\/a-memoria-arrepiante-das-portas-do-horror-en-camposancos\\\/\",\"name\":\"A memoria arrepiante das portas do horror en Camposancos -\",\"isPartOf\":{\"@id\":\"https:\\\/\\\/www.anovapeneira.gal\\\/#website\"},\"primaryImageOfPage\":{\"@id\":\"https:\\\/\\\/www.anovapeneira.gal\\\/index.php\\\/2025\\\/10\\\/28\\\/a-memoria-arrepiante-das-portas-do-horror-en-camposancos\\\/#primaryimage\"},\"image\":{\"@id\":\"https:\\\/\\\/www.anovapeneira.gal\\\/index.php\\\/2025\\\/10\\\/28\\\/a-memoria-arrepiante-das-portas-do-horror-en-camposancos\\\/#primaryimage\"},\"thumbnailUrl\":\"https:\\\/\\\/www.anovapeneira.gal\\\/wp-content\\\/uploads\\\/2025\\\/10\\\/memoria_Camposancos.jpg\",\"datePublished\":\"2025-10-28T09:00:40+00:00\",\"breadcrumb\":{\"@id\":\"https:\\\/\\\/www.anovapeneira.gal\\\/index.php\\\/2025\\\/10\\\/28\\\/a-memoria-arrepiante-das-portas-do-horror-en-camposancos\\\/#breadcrumb\"},\"inLanguage\":\"gl-ES\",\"potentialAction\":[{\"@type\":\"ReadAction\",\"target\":[\"https:\\\/\\\/www.anovapeneira.gal\\\/index.php\\\/2025\\\/10\\\/28\\\/a-memoria-arrepiante-das-portas-do-horror-en-camposancos\\\/\"]}]},{\"@type\":\"ImageObject\",\"inLanguage\":\"gl-ES\",\"@id\":\"https:\\\/\\\/www.anovapeneira.gal\\\/index.php\\\/2025\\\/10\\\/28\\\/a-memoria-arrepiante-das-portas-do-horror-en-camposancos\\\/#primaryimage\",\"url\":\"https:\\\/\\\/www.anovapeneira.gal\\\/wp-content\\\/uploads\\\/2025\\\/10\\\/memoria_Camposancos.jpg\",\"contentUrl\":\"https:\\\/\\\/www.anovapeneira.gal\\\/wp-content\\\/uploads\\\/2025\\\/10\\\/memoria_Camposancos.jpg\",\"width\":720,\"height\":432,\"caption\":\"Darina Dom\u00ednguez Andr\u00e9s con X. Alonso Montero na inauguraci\u00f3n da Exposici\u00f3n itinerante \\\/ Foto: Lu\u00edsa Rodrigues\"},{\"@type\":\"BreadcrumbList\",\"@id\":\"https:\\\/\\\/www.anovapeneira.gal\\\/index.php\\\/2025\\\/10\\\/28\\\/a-memoria-arrepiante-das-portas-do-horror-en-camposancos\\\/#breadcrumb\",\"itemListElement\":[{\"@type\":\"ListItem\",\"position\":1,\"name\":\"Portada\",\"item\":\"https:\\\/\\\/www.anovapeneira.gal\\\/\"},{\"@type\":\"ListItem\",\"position\":2,\"name\":\"A memoria arrepiante das portas do horror en Camposancos\"}]},{\"@type\":\"WebSite\",\"@id\":\"https:\\\/\\\/www.anovapeneira.gal\\\/#website\",\"url\":\"https:\\\/\\\/www.anovapeneira.gal\\\/\",\"name\":\"\",\"description\":\"Xornal galego de informaci\u00f3n xeral Publicaci\u00f3n mensual de novas de Galicia e en especial dos Concellos da sur da provincia de Pontevedra.\",\"publisher\":{\"@id\":\"https:\\\/\\\/www.anovapeneira.gal\\\/#organization\"},\"potentialAction\":[{\"@type\":\"SearchAction\",\"target\":{\"@type\":\"EntryPoint\",\"urlTemplate\":\"https:\\\/\\\/www.anovapeneira.gal\\\/?s={search_term_string}\"},\"query-input\":{\"@type\":\"PropertyValueSpecification\",\"valueRequired\":true,\"valueName\":\"search_term_string\"}}],\"inLanguage\":\"gl-ES\"},{\"@type\":\"Organization\",\"@id\":\"https:\\\/\\\/www.anovapeneira.gal\\\/#organization\",\"name\":\"A Nova Peneira\",\"url\":\"https:\\\/\\\/www.anovapeneira.gal\\\/\",\"logo\":{\"@type\":\"ImageObject\",\"inLanguage\":\"gl-ES\",\"@id\":\"https:\\\/\\\/www.anovapeneira.gal\\\/#\\\/schema\\\/logo\\\/image\\\/\",\"url\":\"http:\\\/\\\/www.anovapeneira.gal\\\/wp-content\\\/uploads\\\/2019\\\/06\\\/logo_a_nova_peneira_portal_web.png\",\"contentUrl\":\"http:\\\/\\\/www.anovapeneira.gal\\\/wp-content\\\/uploads\\\/2019\\\/06\\\/logo_a_nova_peneira_portal_web.png\",\"width\":300,\"height\":100,\"caption\":\"A Nova Peneira\"},\"image\":{\"@id\":\"https:\\\/\\\/www.anovapeneira.gal\\\/#\\\/schema\\\/logo\\\/image\\\/\"},\"sameAs\":[\"https:\\\/\\\/www.facebook.com\\\/anovapeneira\",\"https:\\\/\\\/x.com\\\/APeneira\"]},{\"@type\":\"Person\",\"@id\":\"https:\\\/\\\/www.anovapeneira.gal\\\/#\\\/schema\\\/person\\\/f18a4feb302e8f20bcef4490b5b60bb3\",\"name\":\"Artigos Opini\u00f3n\",\"image\":{\"@type\":\"ImageObject\",\"inLanguage\":\"gl-ES\",\"@id\":\"https:\\\/\\\/secure.gravatar.com\\\/avatar\\\/072844300f4881150aee2da4278f7a65d16eefdf8262eb67085f1e702de2b959?s=96&d=mm&r=g\",\"url\":\"https:\\\/\\\/secure.gravatar.com\\\/avatar\\\/072844300f4881150aee2da4278f7a65d16eefdf8262eb67085f1e702de2b959?s=96&d=mm&r=g\",\"contentUrl\":\"https:\\\/\\\/secure.gravatar.com\\\/avatar\\\/072844300f4881150aee2da4278f7a65d16eefdf8262eb67085f1e702de2b959?s=96&d=mm&r=g\",\"caption\":\"Artigos Opini\u00f3n\"},\"sameAs\":[\"http:\\\/\\\/anovapeneira.gal\"],\"url\":\"https:\\\/\\\/www.anovapeneira.gal\\\/index.php\\\/author\\\/artigosopinion\\\/\"}]}<\/script>\n<!-- \/ Yoast SEO plugin. -->","yoast_head_json":{"title":"A memoria arrepiante das portas do horror en Camposancos -","robots":{"index":"index","follow":"follow","max-snippet":"max-snippet:-1","max-image-preview":"max-image-preview:large","max-video-preview":"max-video-preview:-1"},"canonical":"https:\/\/www.anovapeneira.gal\/index.php\/2025\/10\/28\/a-memoria-arrepiante-das-portas-do-horror-en-camposancos\/","og_locale":"gl_ES","og_type":"article","og_title":"A memoria arrepiante das portas do horror en Camposancos -","og_description":"Estes d\u00edas, na Casa Cultural da Comunidade de Montes de Camposancos, poden ver unha exposici\u00f3n sobre o Campo de Concentraci\u00f3n de Camposancos [...]","og_url":"https:\/\/www.anovapeneira.gal\/index.php\/2025\/10\/28\/a-memoria-arrepiante-das-portas-do-horror-en-camposancos\/","article_publisher":"https:\/\/www.facebook.com\/anovapeneira","article_published_time":"2025-10-28T09:00:40+00:00","og_image":[{"width":720,"height":432,"url":"https:\/\/www.anovapeneira.gal\/wp-content\/uploads\/2025\/10\/memoria_Camposancos.jpg","type":"image\/jpeg"}],"author":"Artigos Opini\u00f3n","twitter_card":"summary_large_image","twitter_creator":"@APeneira","twitter_site":"@APeneira","twitter_misc":{"Escrito por":"Artigos Opini\u00f3n","Tempo de lectura":"4 minutos"},"schema":{"@context":"https:\/\/schema.org","@graph":[{"@type":"Article","@id":"https:\/\/www.anovapeneira.gal\/index.php\/2025\/10\/28\/a-memoria-arrepiante-das-portas-do-horror-en-camposancos\/#article","isPartOf":{"@id":"https:\/\/www.anovapeneira.gal\/index.php\/2025\/10\/28\/a-memoria-arrepiante-das-portas-do-horror-en-camposancos\/"},"author":{"name":"Artigos Opini\u00f3n","@id":"https:\/\/www.anovapeneira.gal\/#\/schema\/person\/f18a4feb302e8f20bcef4490b5b60bb3"},"headline":"A memoria arrepiante das portas do horror en Camposancos","datePublished":"2025-10-28T09:00:40+00:00","mainEntityOfPage":{"@id":"https:\/\/www.anovapeneira.gal\/index.php\/2025\/10\/28\/a-memoria-arrepiante-das-portas-do-horror-en-camposancos\/"},"wordCount":730,"commentCount":0,"publisher":{"@id":"https:\/\/www.anovapeneira.gal\/#organization"},"image":{"@id":"https:\/\/www.anovapeneira.gal\/index.php\/2025\/10\/28\/a-memoria-arrepiante-das-portas-do-horror-en-camposancos\/#primaryimage"},"thumbnailUrl":"https:\/\/www.anovapeneira.gal\/wp-content\/uploads\/2025\/10\/memoria_Camposancos.jpg","keywords":["Concello de A Guarda"],"articleSection":["Baixo Mi\u00f1o"],"inLanguage":"gl-ES","potentialAction":[{"@type":"CommentAction","name":"Comment","target":["https:\/\/www.anovapeneira.gal\/index.php\/2025\/10\/28\/a-memoria-arrepiante-das-portas-do-horror-en-camposancos\/#respond"]}]},{"@type":"WebPage","@id":"https:\/\/www.anovapeneira.gal\/index.php\/2025\/10\/28\/a-memoria-arrepiante-das-portas-do-horror-en-camposancos\/","url":"https:\/\/www.anovapeneira.gal\/index.php\/2025\/10\/28\/a-memoria-arrepiante-das-portas-do-horror-en-camposancos\/","name":"A memoria arrepiante das portas do horror en Camposancos -","isPartOf":{"@id":"https:\/\/www.anovapeneira.gal\/#website"},"primaryImageOfPage":{"@id":"https:\/\/www.anovapeneira.gal\/index.php\/2025\/10\/28\/a-memoria-arrepiante-das-portas-do-horror-en-camposancos\/#primaryimage"},"image":{"@id":"https:\/\/www.anovapeneira.gal\/index.php\/2025\/10\/28\/a-memoria-arrepiante-das-portas-do-horror-en-camposancos\/#primaryimage"},"thumbnailUrl":"https:\/\/www.anovapeneira.gal\/wp-content\/uploads\/2025\/10\/memoria_Camposancos.jpg","datePublished":"2025-10-28T09:00:40+00:00","breadcrumb":{"@id":"https:\/\/www.anovapeneira.gal\/index.php\/2025\/10\/28\/a-memoria-arrepiante-das-portas-do-horror-en-camposancos\/#breadcrumb"},"inLanguage":"gl-ES","potentialAction":[{"@type":"ReadAction","target":["https:\/\/www.anovapeneira.gal\/index.php\/2025\/10\/28\/a-memoria-arrepiante-das-portas-do-horror-en-camposancos\/"]}]},{"@type":"ImageObject","inLanguage":"gl-ES","@id":"https:\/\/www.anovapeneira.gal\/index.php\/2025\/10\/28\/a-memoria-arrepiante-das-portas-do-horror-en-camposancos\/#primaryimage","url":"https:\/\/www.anovapeneira.gal\/wp-content\/uploads\/2025\/10\/memoria_Camposancos.jpg","contentUrl":"https:\/\/www.anovapeneira.gal\/wp-content\/uploads\/2025\/10\/memoria_Camposancos.jpg","width":720,"height":432,"caption":"Darina Dom\u00ednguez Andr\u00e9s con X. Alonso Montero na inauguraci\u00f3n da Exposici\u00f3n itinerante \/ Foto: Lu\u00edsa Rodrigues"},{"@type":"BreadcrumbList","@id":"https:\/\/www.anovapeneira.gal\/index.php\/2025\/10\/28\/a-memoria-arrepiante-das-portas-do-horror-en-camposancos\/#breadcrumb","itemListElement":[{"@type":"ListItem","position":1,"name":"Portada","item":"https:\/\/www.anovapeneira.gal\/"},{"@type":"ListItem","position":2,"name":"A memoria arrepiante das portas do horror en Camposancos"}]},{"@type":"WebSite","@id":"https:\/\/www.anovapeneira.gal\/#website","url":"https:\/\/www.anovapeneira.gal\/","name":"","description":"Xornal galego de informaci\u00f3n xeral Publicaci\u00f3n mensual de novas de Galicia e en especial dos Concellos da sur da provincia de Pontevedra.","publisher":{"@id":"https:\/\/www.anovapeneira.gal\/#organization"},"potentialAction":[{"@type":"SearchAction","target":{"@type":"EntryPoint","urlTemplate":"https:\/\/www.anovapeneira.gal\/?s={search_term_string}"},"query-input":{"@type":"PropertyValueSpecification","valueRequired":true,"valueName":"search_term_string"}}],"inLanguage":"gl-ES"},{"@type":"Organization","@id":"https:\/\/www.anovapeneira.gal\/#organization","name":"A Nova Peneira","url":"https:\/\/www.anovapeneira.gal\/","logo":{"@type":"ImageObject","inLanguage":"gl-ES","@id":"https:\/\/www.anovapeneira.gal\/#\/schema\/logo\/image\/","url":"http:\/\/www.anovapeneira.gal\/wp-content\/uploads\/2019\/06\/logo_a_nova_peneira_portal_web.png","contentUrl":"http:\/\/www.anovapeneira.gal\/wp-content\/uploads\/2019\/06\/logo_a_nova_peneira_portal_web.png","width":300,"height":100,"caption":"A Nova Peneira"},"image":{"@id":"https:\/\/www.anovapeneira.gal\/#\/schema\/logo\/image\/"},"sameAs":["https:\/\/www.facebook.com\/anovapeneira","https:\/\/x.com\/APeneira"]},{"@type":"Person","@id":"https:\/\/www.anovapeneira.gal\/#\/schema\/person\/f18a4feb302e8f20bcef4490b5b60bb3","name":"Artigos Opini\u00f3n","image":{"@type":"ImageObject","inLanguage":"gl-ES","@id":"https:\/\/secure.gravatar.com\/avatar\/072844300f4881150aee2da4278f7a65d16eefdf8262eb67085f1e702de2b959?s=96&d=mm&r=g","url":"https:\/\/secure.gravatar.com\/avatar\/072844300f4881150aee2da4278f7a65d16eefdf8262eb67085f1e702de2b959?s=96&d=mm&r=g","contentUrl":"https:\/\/secure.gravatar.com\/avatar\/072844300f4881150aee2da4278f7a65d16eefdf8262eb67085f1e702de2b959?s=96&d=mm&r=g","caption":"Artigos Opini\u00f3n"},"sameAs":["http:\/\/anovapeneira.gal"],"url":"https:\/\/www.anovapeneira.gal\/index.php\/author\/artigosopinion\/"}]}},"jetpack_featured_media_url":"https:\/\/www.anovapeneira.gal\/wp-content\/uploads\/2025\/10\/memoria_Camposancos.jpg","_links":{"self":[{"href":"https:\/\/www.anovapeneira.gal\/index.php\/wp-json\/wp\/v2\/posts\/14848","targetHints":{"allow":["GET"]}}],"collection":[{"href":"https:\/\/www.anovapeneira.gal\/index.php\/wp-json\/wp\/v2\/posts"}],"about":[{"href":"https:\/\/www.anovapeneira.gal\/index.php\/wp-json\/wp\/v2\/types\/post"}],"author":[{"embeddable":true,"href":"https:\/\/www.anovapeneira.gal\/index.php\/wp-json\/wp\/v2\/users\/12"}],"replies":[{"embeddable":true,"href":"https:\/\/www.anovapeneira.gal\/index.php\/wp-json\/wp\/v2\/comments?post=14848"}],"version-history":[{"count":2,"href":"https:\/\/www.anovapeneira.gal\/index.php\/wp-json\/wp\/v2\/posts\/14848\/revisions"}],"predecessor-version":[{"id":14856,"href":"https:\/\/www.anovapeneira.gal\/index.php\/wp-json\/wp\/v2\/posts\/14848\/revisions\/14856"}],"wp:featuredmedia":[{"embeddable":true,"href":"https:\/\/www.anovapeneira.gal\/index.php\/wp-json\/wp\/v2\/media\/14849"}],"wp:attachment":[{"href":"https:\/\/www.anovapeneira.gal\/index.php\/wp-json\/wp\/v2\/media?parent=14848"}],"wp:term":[{"taxonomy":"category","embeddable":true,"href":"https:\/\/www.anovapeneira.gal\/index.php\/wp-json\/wp\/v2\/categories?post=14848"},{"taxonomy":"post_tag","embeddable":true,"href":"https:\/\/www.anovapeneira.gal\/index.php\/wp-json\/wp\/v2\/tags?post=14848"}],"curies":[{"name":"wp","href":"https:\/\/api.w.org\/{rel}","templated":true}]}}